{"id":192101,"date":"2018-10-14T16:51:09","date_gmt":"2018-10-14T16:51:09","guid":{"rendered":"https:\/\/www.meydan.tv\/article\/tereza-ana-muqeddes-idimi\/"},"modified":"2018-10-14T16:51:09","modified_gmt":"2018-10-14T16:51:09","slug":"tereza-ana-muqeddes-idimi","status":"publish","type":"post","link":"https:\/\/www.meydan.tv\/az\/article\/tereza-ana-muqeddes-idimi\/","title":{"rendered":"Tereza ana m\u00fcq\u0259dd\u0259s idimi?"},"content":{"rendered":"<figure class=\"wp-block-image size-large\">\n  <img decoding=\"async\" src=\"https:\/\/www.meydan.tv\/az\/tereza-ana\/\" alt=\"Tereza ana\" class=\"wp-image-111023\"\/><figcaption>\n    Tereza ana<br \/>\n  <\/figcaption><\/figure>\n<p>\n  &#8220;Orda 15 ya\u015fl\u0131 bir o\u011flan u\u015fa\u011f\u0131 vard\u0131. \u018fvv\u0259lc\u0259 b\u00f6yr\u0259kl\u0259ri y\u00fcng\u00fclvari a\u011fr\u0131ma\u011fa ba\u015flad\u0131, sonra get-ged\u0259 g\u00fccl\u0259ndi. Antibiotik verm\u0259dil\u0259r dey\u0259 i\u015f t\u0259cili \u0259m\u0259liyyat z\u0259rur\u0259tin\u0259 q\u0259d\u0259r b\u00f6y\u00fcd\u00fc. Onlara dedim ki, taksi \u00e7a\u011f\u0131r\u0131b o\u011flan\u0131 x\u0259st\u0259xanaya g\u00f6nd\u0259rm\u0259k v\u0259 he\u00e7 d\u0259 bahal\u0131 olmayan o \u0259m\u0259liyyat\u0131n pulunu \u00f6d\u0259m\u0259k laz\u0131md\u0131r. Raz\u0131la\u015fmad\u0131lar, dedil\u0259r ki, ona ets\u0259k, ba\u015fqalar\u0131 da ist\u0259y\u0259c\u0259k\u201d.\n<\/p>\n<p>\n  &#8211; Meri Loudon, Tereza anan\u0131n \u201c\u00d6l\u00fcm evind\u0259\u201d \u00e7al\u0131\u015fm\u0131\u015f k\u00f6n\u00fcll\u00fc.<\/p>\n<p>  *****\n<\/p>\n<p>\n  B\u00fct\u00fcn d\u00fcnyan\u0131n tan\u0131d\u0131\u011f\u0131, 1,2 milyard adam\u0131n m\u00fcq\u0259dd\u0259s hesab etdiyi, h\u0259yat\u0131n\u0131n \u0259h\u0259miyy\u0259tli hiss\u0259si kameralar \u00f6n\u00fcnd\u0259 ke\u00e7mi\u015f biri haqq\u0131nda niy\u0259 \u201cb\u00fct\u00fcn mifl\u0259rin anas\u0131\u201d deyilsin ki? \u0130nsanlara f\u0259da edilmi\u015f \u00f6m\u00fcr, d\u00fcrl\u00fc-d\u00fcrl\u00fc t\u0259ltifl\u0259r, d\u00fcnya liderl\u0259rinin b\u00f6y\u00fck say\u011f\u0131 v\u0259 d\u0259st\u0259yi &#8211; ideal bioqrafiya ba\u015fqa n\u0259 c\u00fcr olur ki?\n<\/p>\n<p>\n  \u201cQ\u0259llap\u201d (\u201cGallup\u201d) t\u0259\u015fkilat\u0131n\u0131n ki\u015fil\u0259r v\u0259 qad\u0131nlar aras\u0131nda ke\u00e7irdiyi illik sor\u011fularda 18 d\u0259f\u0259 10 \u0259n yax\u015f\u0131 qad\u0131ndan biri se\u00e7il\u0259n, 1999-cu ild\u0259 20-ci \u0259srin \u0259n say\u011f\u0131l\u0131 adamlar\u0131 siyah\u0131s\u0131nda birinci olan, daha \u0259vv\u0259l \u201chumanitar i\u015fl\u0259rin\u0259\u201d v\u0259 \u201cm\u0259n\u0259vi ruhland\u0131rma f\u0259aliyy\u0259tin\u0259\u201d g\u00f6r\u0259 (1979) Nobel s\u00fclh m\u00fckafat\u0131 da alm\u0131\u015f \u015f\u0259xsi d\u00fcnya, \u0259lb\u0259tt\u0259 ki, ideal biri kimi q\u0259bul edirdi. T\u0259bii, bu alq\u0131n\u0131n yaranmas\u0131nda Roma-katolik kils\u0259sinin b\u00f6y\u00fck \u0259m\u0259yi vard\u0131, Vatikan \u00f6z sevimli yetirm\u0259sini \u00f6l\u0259n g\u00fcn\u00fcn\u0259 q\u0259d\u0259r (el\u0259 ondan sonra da) \u0259n y\u00fcks\u0259k s\u0259viyy\u0259d\u0259 himay\u0259 etmi\u015fdi.\n<\/p>\n<p>\n  Amma b\u0259z\u0259n h\u0259tta \u00e7ox b\u00f6y\u00fck g\u00fccl\u0259r d\u0259 tarixi \u00f6z ist\u0259dikl\u0259ri kimi \u015f\u0259kill\u0259ndir\u0259 bilmirl\u0259r, faktlar\u0131n boz \u00fcz\u00fc difirambalar\u0131n gur s\u0259sini z\u0259ifl\u0259dir, t\u0259kzibedilm\u0259z h\u0259qiq\u0259t dey\u0259 bir \u015fey qalm\u0131r.\n<\/p>\n<p>\n  K\u0259lk\u00fctt\u0259li m\u00fcq\u0259dd\u0259s Tereza da bu \u201cqism\u0259td\u0259n\u201d qa\u00e7a bilm\u0259di. Onun dill\u0259r \u0259zb\u0259ri f\u0259aliyy\u0259tini t\u0259fti\u015f ed\u0259nl\u0259r oldu. Kils\u0259nin bu qad\u0131n vasit\u0259sil\u0259 milyardlar qazanmas\u0131 iddias\u0131na q\u0259d\u0259r gedib \u00e7\u0131xan ara\u015fd\u0131rmalar ortaya f\u0259rqli m\u0259nz\u0259r\u0259 \u00e7\u0131xard\u0131.\n<\/p>\n<blockquote><p>\n  Allah yoxdur\n<\/p><\/blockquote>\n<p>\n  <br \/>\n  \u201cTereza ana &#8211; \u00f6mr\u00fcn\u00fcn bir ilini v\u0259yhl\u0259r, qalan 50 ilini \u015f\u00fcbh\u0259l\u0259r i\u00e7ind\u0259 ke\u00e7ir\u0259n qad\u0131n\u201d.<\/p>\n<p>  \u201c\u0130l Messeqqero\u201d (\u201c\u0130l Messeggero\u201d), Roma, 2007<\/p>\n<p>  \u201cGenetik olaraq albanam, v\u0259t\u0259nda\u015f olaraq hindistanl\u0131yam, f\u0259aliyy\u0259tim\u0259 g\u00f6r\u0259 b\u00fct\u00fcn d\u00fcnyaya aid\u0259m. \u00dcr\u0259yim\u0259 g\u0259linc\u0259, o, ancaq v\u0259 ancaq \u0130ususa aiddir\u201d. \u00d6z\u00fcyl\u0259 ba\u011fl\u0131 suala Tereza ana bir d\u0259f\u0259 bel\u0259 cavab vermi\u015fdi.\n<\/p>\n<p>\n  \u00dcmumiyy\u0259tl\u0259, o, g\u00f6rd\u00fcy\u00fc i\u015fl\u0259r haqq\u0131nda dan\u0131\u015fma\u011f\u0131, h\u0259m d\u0259 b\u0259la\u011f\u0259tli dan\u0131\u015fma\u011f\u0131 xo\u015flay\u0131b. Bir d\u0259f\u0259 kims\u0259 ondan soru\u015fanda ki, pulu v\u0259 s\u0259lahiyy\u0259ti olmayan insanlar d\u00fcnyan\u0131 nec\u0259 yax\u015f\u0131la\u015fd\u0131ra bil\u0259rl\u0259r, Tereza ana cavab\u0131nda \u201cDaha \u00e7ox g\u00fcl\u00fcms\u0259m\u0259kl\u0259\u201d deyib v\u0259 bir xeyli adam bu cavaba heyran olub.\n<\/p>\n<p>\n  \u201cSiz kas\u0131blara \u00f6z talel\u0259ril\u0259 bar\u0131\u015fma\u011f\u0131 \u00f6yr\u0259dirsinizmis sual\u0131na verdiyi cavab da maraql\u0131d\u0131r:\n<\/p>\n<p>\n  \u201cM\u0259n d\u00fc\u015f\u00fcn\u00fcr\u0259m ki, kas\u0131blar\u0131n \u0259zab\u0131 d\u00fcnyaya \u00e7ox k\u00f6m\u0259k edir\u201d.\n<\/p>\n<p>\n  H\u0259r\u00e7\u0259nd bu m\u0259nada Tereza ana \u00f6z\u00fc d\u00fcnyaya k\u00f6m\u0259k etm\u0259y\u0259nl\u0259r d\u00fc\u015f\u0259rg\u0259sind\u0259ydi, b\u00fct\u00fcn m\u0259\u015fhurlar kimi xeyli t\u0259mt\u0259raql\u0131 h\u0259yat ya\u015fay\u0131rd\u0131 &#8211; il-on iki ay getdiyi xarici s\u0259f\u0259rl\u0259r\u0259 f\u0259rqli \u015firk\u0259tl\u0259rin ona ay\u0131rd\u0131\u011f\u0131 \u015f\u0259xsi t\u0259yyar\u0259l\u0259rd\u0259 (h\u0259m d\u0259 havay\u0131) u\u00e7ur, Avropa v\u0259 Amerikan\u0131n \u0259n d\u0259bd\u0259b\u0259li otell\u0259rinin \u0259n bahal\u0131 n\u00f6mr\u0259l\u0259rind\u0259 qal\u0131rd\u0131.\n<\/p>\n<p>\n  Kas\u0131b \u00e7oxlu\u011fun diqq\u0259tini \u00e7\u0259km\u0259y\u0259n v\u0259 ya f\u0259rqind\u0259 olmu\u015f olsa bel\u0259, m\u0259\u015fhur avropal\u0131n\u0131n \u00fcz\u00fcn\u0259 vurma\u011fa c\u0259sar\u0259t etm\u0259diyi bu ziddiyy\u0259t ilk bax\u0131\u015fda b\u0259sit ikili standart t\u0259\u0259ss\u00fcrat\u0131 ba\u011f\u0131\u015flay\u0131r, \u0259slind\u0259 is\u0259 v\u0259ziyy\u0259t daha q\u0259liz olub.\n<\/p>\n<p>\n  \u00d6l\u00fcm\u00fcnd\u0259n sonra K\u0259lk\u00fctt\u0259 katolikl\u0259ri Tereza anan\u0131n g\u00fcnd\u0259likl\u0259rini tap\u0131blar v\u0259 m\u0259lum olub ki, onun publik imici ger\u00e7\u0259k kimliyind\u0259n xeyli d\u0259r\u0259c\u0259d\u0259 f\u0259rqliymi\u015f. M\u0259s\u0259l\u0259n, ordak\u0131 \u00e7oxsayl\u0131 etiraflardan biri bel\u0259ymi\u015f: \u201cM\u0259n\u0259 deyirl\u0259r ki, allah s\u0259ni sevir, amma i\u00e7imd\u0259ki qaranl\u0131q, soyuq v\u0259 t\u0259klik o q\u0259d\u0259r b\u00f6y\u00fckd\u00fcr ki, he\u00e7 n\u0259 \u00fcr\u0259yimi t\u0259rp\u0259tmir. Hiss edir\u0259m ki, ona laz\u0131m deyil\u0259m. Allah allah deyil. \u00dcmumiyy\u0259tl\u0259, o yoxdur\u201d.\n<\/p>\n<blockquote><p>\n  Q\u00f6n\u00e7\u0259 nec\u0259 Tereza ana oldu\n<\/p><\/blockquote>\n<p>\n  Tereza ana 26 avqust 1910-cu ild\u0259, Osmanl\u0131 imperiyas\u0131n\u0131n \u00dcsk\u00fcp (indiki Makedoniya Respublikas\u0131n\u0131n paytaxt\u0131 Skopye) \u015f\u0259h\u0259rind\u0259 do\u011fulub, ger\u00e7\u0259k ad\u0131 Anez\u0259 Qondce Boyaciudur (\u201cqondze\u201d albanca q\u00f6n\u00e7\u0259 dem\u0259kdir). Bir bac\u0131s\u0131 olub, alban milliyy\u0259t\u00e7isi olan atas\u0131, o, 8 ya\u015f\u0131ndayk\u0259n serbl\u0259rl\u0259 silahl\u0131 toqqu\u015fma zaman\u0131 \u00f6ld\u00fcr\u00fcl\u00fcb. Anez\u0259 12 ya\u015f\u0131nda missionerl\u0259rin Benqaldak\u0131 f\u0259aliyy\u0259ti haqq\u0131nda e\u015fidib, \u00e7ox t\u0259sirl\u0259nib v\u0259 Hindistanda missioner olmaq q\u0259rar\u0131na g\u0259lib, m\u0259zunlar\u0131 \u201cLoreto bac\u0131lar\u0131\u201d adland\u0131r\u0131lan M\u00fcq\u0259dd\u0259s M\u0259ry\u0259m ana \u0130nstitutunda ingilis dili \u00f6yr\u0259nm\u0259k \u00fc\u00e7\u00fcn 18 ya\u015f\u0131nda \u0130rlandiyaya gedib. H\u0259min tarixd\u0259n sonra anas\u0131 v\u0259 bac\u0131s\u0131yla g\u00f6r\u00fc\u015fm\u0259yib. 1929-cu ild\u0259 Hindistana k\u00f6\u00e7\u00fcb, 2 il monastrda t\u0259hsil al\u0131b, benqal dilini \u00f6yr\u0259nib (Anez\u0259 5 dild\u0259 s\u0259rb\u0259st dan\u0131\u015fa bilib \u2013 ingilis, benqal, alban, serb v\u0259 hindi dill\u0259rind\u0259), M\u00fcq\u0259dd\u0259s Tereza m\u0259kt\u0259bind\u0259 d\u0259rs deyib. 1931-ci ild\u0259 and i\u00e7\u0259r\u0259k \u00fcz\u0259rin\u0259 dini \u00f6hd\u0259likl\u0259r g\u00f6t\u00fcr\u00fcb, missionerl\u0259rin qoruyucusu say\u0131lan Tereza de Lizy\u00f6n\u00fcn \u015f\u0259r\u0259fin\u0259 onun ad\u0131yla \u00e7a\u011f\u0131r\u0131lmas\u0131n\u0131 ist\u0259yib.\n<\/p>\n<p>\n  1937-ci ild\u0259 t\u0259hsil ald\u0131\u011f\u0131 Loreto monast\u0131r\u0131nda t\u0259nt\u0259n\u0259li andi\u00e7m\u0259 m\u0259rh\u0259l\u0259sind\u0259n ke\u00e7ib, 1944-c\u00fc ild\u0259 oran\u0131n m\u00fcdiri t\u0259yin edilib.\n<\/p>\n<p>\n  1946-c\u0131 ild\u0259 Tereza \u0130sa pey\u011f\u0259mb\u0259rin ona g\u00f6r\u00fcnd\u00fcy\u00fcn\u00fc v\u0259 monast\u0131r\u0131 t\u0259rk edib, sari geyinib, \u0259n kas\u0131b v\u0259 \u0259n b\u0259db\u0259xt adamlara k\u00f6m\u0259y\u0259 getm\u0259yi \u0259mr etdiyini deyib (Sonrak\u0131 ill\u0259rd\u0259 o, allahla 5 ya\u015f\u0131ndan etibar\u0259n, m\u00fct\u0259madi olaraq g\u00f6r\u00fc\u015fd\u00fcy\u00fcn\u00fc bildirib).<\/p>\n<p>  Bu \u201ctap\u015f\u0131r\u0131qdan\u201d iki il sonra Tereza ana missionerlik f\u0259aliyy\u0259tin\u0259 ba\u015flay\u0131b, Hindistan pasportu alaraq M\u00fcq\u0259dd\u0259s Ail\u0259 x\u0259st\u0259xanas\u0131nda bir ne\u00e7\u0259 ayl\u0131q ilkin tibbi haz\u0131rl\u0131q t\u0259cr\u00fcb\u0259si ke\u00e7ib. Amma yoxsullara xidm\u0259t sah\u0259sin\u0259 ke\u00e7m\u0259mi\u015f K\u0259lk\u00fctt\u0259d\u0259 m\u0259kt\u0259b a\u00e7\u0131b v\u0259 bel\u0259likl\u0259 d\u0259, h\u0259m \u201ckas\u0131blar aras\u0131nda \u0259n kas\u0131blara\u201d k\u00f6m\u0259k ed\u0259n yeni dini icman\u0131n, h\u0259m d\u0259 \u00f6z karyeras\u0131n\u0131n \u0259sas\u0131n\u0131 qoyub. Ba\u015fqa s\u00f6zl\u0259, kas\u0131blar \u00fc\u00e7\u00fcn \u00e7al\u0131\u015fma\u011fa ba\u015flamazdan \u0259vv\u0259l \u00f6z\u00fcn\u0259 \u201cg\u00fcn a\u011flay\u0131b\u201d.\n<\/p>\n<p>\n  1950-ci ild\u0259 (n\u00f6vb\u0259ti iki ild\u0259n sonra) Tereza ana daha iddial\u0131 layih\u0259 d\u00fc\u015f\u00fcn\u00fcb &#8211; yeparxiya y\u0131\u011f\u0131nca\u011f\u0131 yaratmaq \u00fc\u00e7\u00fcn Vatikandan icaz\u0259 al\u0131b v\u0259 katolik dini icmas\u0131n\u0131 yarad\u0131b (Son m\u0259lumata g\u00f6r\u0259 (2012), indi bu icman\u0131n 4500-\u0259 q\u0259f\u0259r \u00fczv\u00fc var v\u0259 o, 133 \u00f6lk\u0259d\u0259 f\u0259aliyy\u0259t g\u00f6st\u0259rir. \u0130cma A\u0130DS, c\u00fczam v\u0259 v\u0259r\u0259m\u0259 yoluxmu\u015f x\u0259st\u0259l\u0259r \u00fc\u00e7\u00fcn n\u0259z\u0259rd\u0259 tutulmu\u015f \u201c\u00f6l\u00fcm evl\u0259ri\u201dn\u0259, dispanserl\u0259r\u0259, mobil klinikalara, u\u015faq v\u0259 ail\u0259 m\u0259sl\u0259h\u0259txanalar\u0131na, u\u015faq evl\u0259rin\u0259 v\u0259 m\u0259kt\u0259bl\u0259r\u0259 malikdir. \u0130cma \u00fczvl\u0259ri b\u0259kar\u0259t, ita\u0259t v\u0259 yoxsulluq and\u0131 i\u00e7irl\u0259r).\n<\/p>\n<p>\n  Daha iki il ke\u00e7\u0259nd\u0259n sonra, o, K\u0259lk\u00fctt\u0259 m\u0259murlar\u0131n\u0131n k\u00f6m\u0259yil\u0259 k\u00f6hn\u0259 induist m\u0259b\u0259dind\u0259 \u201cT\u0259miz \u00fcr\u0259k\u201d ad\u0131n\u0131 verdiyi ilk s\u0131\u011f\u0131naca\u011f\u0131n\u0131 a\u00e7\u0131b, \u00f6l\u00fcm aya\u011f\u0131nda olanlar\u0131 h\u0259min s\u0131\u011f\u0131naca\u011fa q\u0259bul edib, onlara minimum tibbi yard\u0131m almaq v\u0259 \u201cl\u0259yaq\u0259tl\u0259 \u00f6lm\u0259k\u201d imkan\u0131 yarad\u0131b, hesab edib ki, \u00f6l\u00fcmc\u00fcl v\u0259ziyy\u0259td\u0259 olan kas\u0131blar \u201cbu d\u00fcnyada heyvan kimi ya\u015fay\u0131b o d\u00fcnyaya m\u0259l\u0259k kimi getm\u0259k \u015fans\u0131 qazan\u0131rlar. Onlar \u00fc\u00e7\u00fcn, bu, \u00e7ox g\u00f6z\u0259l \u00f6l\u00fcmd\u00fcr\u201d.\n<\/p>\n<p>\n  Ha\u015fiy\u0259: O d\u00f6vr\u00fcn \u0259n n\u00fcfuzlu tibb jurnal\u0131 olan \u201cLanset\u201din ba\u015f redakroru doktor Robin Foks 1994-c\u00fc ild\u0259 \u201c\u00d6l\u00fcm evi\u201dnin f\u0259aliyy\u0259tini ara\u015fd\u0131r\u0131b v\u0259 x\u0259st\u0259l\u0259r\u0259 keyfiyy\u0259tsiz xidm\u0259t faktlar\u0131n\u0131 a\u015fkar ed\u0259r\u0259k jurnalda Tereza anan\u0131 k\u0259skin t\u0259nqid edib.\n<\/p>\n<p>\n  1955-ci ild\u0259 Tereza ana yetim v\u0259 evsiz g\u0259ncl\u0259r \u00fc\u00e7\u00fcn \u201cG\u00fcnahs\u0131z \u00fcr\u0259k evi\u201d yarad\u0131b. Sonra yeni g\u0259l\u0259nl\u0259r v\u0259 ian\u0259l\u0259r hesab\u0131na s\u0131\u011f\u0131nacaqlar\u0131n v\u0259 u\u015faq evl\u0259rinin say\u0131n\u0131 art\u0131r\u0131b.\n<\/p>\n<p>\n  Ha\u015fiy\u0259: Donald Mak-\u0130ntayran 2005-ci ild\u0259 \u201cDe Nyu Steytsm\u0259n\u201d (\u201cThe New Statesman\u201d) q\u0259zetind\u0259 \u00e7ap etdirdiyi m\u0259qal\u0259d\u0259 u\u015faqlar evind\u0259ki biab\u0131r\u00e7\u0131 v\u0259ziyy\u0259ti s\u0259rt t\u0259nqid at\u0259\u015fin\u0259 tutub, orda k\u00f6rp\u0259l\u0259rin x\u0259st\u0259si-sa\u011flam\u0131 qar\u0131\u015f\u0131q ham\u0131s\u0131n\u0131n b\u00f6y\u00fck bir \u00e7arpay\u0131ya yerl\u0259\u015fdirilidiyini, nisb\u0259t\u0259n b\u00f6y\u00fck olanlar\u0131nsa \u0259l-qolu ba\u011fl\u0131 halda saxland\u0131\u011f\u0131n\u0131 yaz\u0131b.<\/p>\n<p>  F\u0259aliyy\u0259tini d\u00fcnya miqyas\u0131nda geni\u015fl\u0259ndirm\u0259k \u00fc\u00e7\u00fcn Tereza ana ba\u015fqa \u00f6lk\u0259l\u0259rd\u0259 icman\u0131n filiallar\u0131n\u0131 yaratma\u011fa ba\u015flay\u0131b \u2013 1965-ci ild\u0259 Venesuelada, 1968-d\u0259 \u0130taliya, Tanzaniya v\u0259 Avstriyada, 1970-l\u0259rd\u0259 AB\u015e-da v\u0259 Afrika, Asiya v\u0259 Avropan\u0131n onlarla \u00f6lk\u0259sind\u0259 s\u0131\u011f\u0131nacaq evl\u0259ri v\u0259 fondlar a\u00e7\u0131b (1996-c\u0131 ild\u0259, o, art\u0131q 100-d\u0259n \u00e7ox \u00f6lk\u0259d\u0259 517 missiyaya r\u0259hb\u0259rlik edirdi).\n<\/p>\n<p>\n  1963-c\u00fc ild\u0259 yaranm\u0131\u015f xeyriyy\u0259\u00e7i qarda\u015flar missionerl\u0259rinin xahi\u015fil\u0259 1983-c\u00fc ild\u0259 Tereza ana rahibl\u0259r \u00fc\u00e7\u00fcn Korpus-Kristi H\u0259r\u0259kat\u0131n\u0131 yarad\u0131b. Bu v\u0259sil\u0259yl\u0259 1991-ci ild\u0259, n\u0259hay\u0259t, Albaniyaya gedib v\u0259 orda xeyriyy\u0259\u00e7i qarda\u015flar missionerliyinin \u0259sas\u0131n\u0131 qoyub (Onda Tereza ana atas\u0131n\u0131n \u00f6ld\u00fcr\u00fclm\u0259sini art\u0131q serbl\u0259r\u0259 ba\u011f\u0131\u015flam\u0131\u015fd\u0131m\u0131, m\u0259lum deyil. Amma do\u011fuldu\u011fu \u015f\u0259h\u0259ri darmada\u011f\u0131n etmi\u015f, mind\u0259n \u00e7ox insan\u0131n \u00f6l\u00fcm\u00fcn\u0259 s\u0259b\u0259b olmu\u015f z\u0259lz\u0259l\u0259 zaman\u0131 (1963) h\u0259myerlil\u0259rin\u0259 maliyy\u0259 yard\u0131m\u0131ndan imtina etm\u0259si bilin\u0259n faktd\u0131r).\n<\/p>\n<p>\n  M\u00f6c\u00fcz\u0259 g\u00f6st\u0259rm\u0259si fakt\u0131n\u0131n m\u00fcbahis\u0259li olmas\u0131na r\u0259\u011fm\u0259n Tereza ana 2016-c\u0131 ild\u0259 Roma-katolik kils\u0259si t\u0259r\u0259find\u0259n m\u00fcq\u0259dd\u0259s elan edilib. Bir il sonra is\u0259 ona K\u0259lk\u00fctt\u0259 arxiyepiskoplu\u011funun h\u0259mqoruyucusu (m\u00fcq\u0259dd\u0259s Fransisk Ksavyerl\u0259 ortaq) statusu verilib.\n<\/p>\n<p>\n  Ha\u015fiy\u0259: Tereza anan\u0131n Hindistandak\u0131 f\u0259aliyy\u0259tini bir ne\u00e7\u0259 il ara\u015fd\u0131rm\u0131\u015f doktor Apur \u00c7atterci Vatikan\u0131n 1997-ci ild\u0259 ba\u015flad\u0131b 2003-d\u0259 m\u00fcsb\u0259t r\u0259yl\u0259 bitirdiyi birinci beatifikasiya (m\u00fcq\u0259dd\u0259s elan etm\u0259 prosesind\u0259 son pill\u0259) prosesini \u201cm\u00f6hvumat dolu qara magiya m\u0259rasimi\u201d adland\u0131rm\u0131\u015fd\u0131. Bu prosesd\u0259 \u201c\u015feytan\u0131n v\u0259kili\u201d (birini m\u00fcq\u0259dd\u0259s elan etm\u0259y\u0259 mane olacaq b\u00fct\u00fcn m\u00fcmk\u00fcn arqumentl\u0259ri toplayan v\u0259 komit\u0259y\u0259 t\u0259qdim ed\u0259n \u015f\u0259xs) qismind\u0259 i\u015ftirak ed\u0259n \u00c7atterci Tereza anan\u0131n \u015f\u0259kli olan medalyonun Monika Besstran\u0131n qarn\u0131ndak\u0131 \u015fi\u015fi yox etm\u0259si iddias\u0131n\u0131n yalan oldu\u011funu demi\u015f, qad\u0131n\u0131n h\u0259kimi Ranjan Mustafi is\u0259 \u201cDe Taym\u201d (\u201cThe Time\u201d) q\u0259zetin\u0259 m\u00fcsahib\u0259sind\u0259 Monikan\u0131n 9 ayl\u0131q d\u0259rman m\u00fcalic\u0259si say\u0259sind\u0259 sa\u011fald\u0131\u011f\u0131n\u0131 bildirmi\u015fdi. Monikan\u0131n \u0259ri \u0259vv\u0259l m\u00f6c\u00fcz\u0259 fakt\u0131n\u0131 t\u0259sdiql\u0259s\u0259 d\u0259, sonradan (b\u0259zi m\u00fclahiz\u0259l\u0259r g\u00f6r\u0259, arvad\u0131yla dala\u015fd\u0131\u011f\u0131 \u00fc\u00e7\u00fcn) o da \u015fi\u015fin m\u00fcalic\u0259 say\u0259sind\u0259 \u0259ridiyini etiraf etmi\u015fdi.\n<\/p>\n<p>\n  Monika is\u0259 missioner Betta bac\u0131n\u0131n x\u0259st\u0259xanaya gedib onun x\u0259st\u0259lik tarix\u00e7\u0259sini o\u011furlad\u0131\u011f\u0131n\u0131, qaytarmas\u0131 \u00fc\u00e7\u00fcn Betta bac\u0131ya m\u00fcraci\u0259t etdiyini v\u0259 xahi\u015finin n\u0259tic\u0259siz qald\u0131\u011f\u0131n\u0131 s\u00f6yl\u0259mi\u015fdi. Amma bunlar\u0131n he\u00e7 biri beatifikasiya komit\u0259sini fikrind\u0259n d\u00f6nd\u0259r\u0259 bilm\u0259mi\u015f, h\u0259m bu, h\u0259m d\u0259 eyni d\u0259r\u0259c\u0259d\u0259 \u015f\u00fcbh\u0259li g\u00f6r\u00fcn\u0259n ikinci m\u00f6c\u00fcz\u0259 fakt\u0131n\u0131n (beynind\u0259 bir ne\u00e7\u0259 \u015fi\u015f olan bir ki\u015finin Tereza anaya dua etm\u0259kl\u0259 sa\u011falmas\u0131n\u0131n) t\u0259sdiqind\u0259n (2008-2013) 3 il sonra papa Frensis Roman\u0131n M\u00fcq\u0259dd\u0259s Pyotr meydan\u0131nda, onminl\u0259rl\u0259 insan\u0131n qar\u015f\u0131s\u0131nda Vatikan\u0131n yeni \u201cm\u00fcbar\u0259kinin\u201d k\u0259lk\u00fctt\u0259li m\u00fcq\u0259dd\u0259s Tereza oldu\u011funu a\u00e7\u0131qlam\u0131\u015fd\u0131. (\u00d6z\u00fcn\u00fcn \u201cTereza ana: dan\u0131\u015f\u0131lmam\u0131\u015f tarix\u201d (2002) kitab\u0131nda \u00c7atterci bu m\u0259s\u0259l\u0259ni geni\u015f i\u015f\u0131qland\u0131r\u0131b &#8211; beatifikasiya komit\u0259sin\u0259 \u0259riz\u0259si v\u0259 postulator (t\u0259\u015f\u0259bb\u00fcs qrupu t\u0259r\u0259find\u0259n m\u00fcq\u0259dd\u0259sliy\u0259 namiz\u0259din r\u0259smi n\u00fcmay\u0259nd\u0259si t\u0259yin edil\u0259n \u015f\u0259xs) Brayan Kolodey\u00e7ukla sual-cavab rejimind\u0259 ke\u00e7mi\u015f yaz\u0131\u015fmas\u0131n\u0131n stenoqram\u0131n\u0131 da t\u0259qdim ed\u0259r\u0259k).<\/p>\n<p>  Tereza anan\u0131n t\u0259bli\u011f etdiyi m\u0259s\u0259l\u0259l\u0259r:\n<\/p>\n<p>\n  &#8211; A\u011fr\u0131 allaha ged\u0259n \u0259n q\u0131sa yoldur;<br \/>\n  <br \/>\n  &#8211; \u0259zab d\u00fcnyan\u0131 g\u00f6z\u0259ll\u0259\u015fdirir;<br \/>\n  <br \/>\n  &#8211; kas\u0131bl\u0131q g\u00f6z\u0259ldir, onu sevm\u0259k laz\u0131md\u0131r;<br \/>\n  <br \/>\n  &#8211; abort allaha qar\u015f\u0131 \u00e7\u0131xmaqd\u0131r v\u0259 qada\u011fan edilm\u0259lidir;<br \/>\n  <br \/>\n  &#8211; A\u0130DS v\u0259 dig\u0259r cinsi x\u0259st\u0259likl\u0259r allah t\u0259r\u0259find\u0259n g\u00f6nd\u0259ril\u0259n c\u0259zad\u0131r v\u0259 haqq ed\u0259nl\u0259r bu c\u0259zan\u0131 \u00e7\u0259ksinl\u0259r dey\u0259 kontraseptik (qoruyucu) vasit\u0259l\u0259r qada\u011fan olunmal\u0131d\u0131r;\n<\/p>\n<p>\n  Ona veril\u0259n m\u00fckafatlar:\n<\/p>\n<p>\n  1962 \u2013 \u201cM\u00f6ht\u0259\u015f\u0259m lotos\u201d ordeni (Hindistan), Nobel m\u00fckafat\u0131n\u0131n Asiya variant\u0131 olan Ramon Maqsaysay s\u00fclh m\u00fckafat\u0131;<br \/>\n  <br \/>\n  1971 \u2013 \u201cXeyirxah samariyal\u0131\u201d v\u0259 \u201cKennedi\u201d m\u00fckafatlar\u0131 (AB\u015e), papa XXIII \u0130oann ad\u0131na Vatikan s\u00fclh m\u00fckafat\u0131 (\u0130taliya);<br \/>\n  <br \/>\n  1972 \u2013 Cavahirl\u0259l Nehru ad\u0131na Beyn\u0259lxalq Anla\u015fma m\u00fckafat\u0131;<br \/>\n  <br \/>\n  1973 \u2013 Templton m\u00fckafat\u0131;<br \/>\n  <br \/>\n  1974 \u2013 ilahiyyat magistr\u0131 d\u0259r\u0259c\u0259si;<br \/>\n  <br \/>\n  1975 \u2013 Albert \u015evayser ad\u0131na beyn\u0259lxalq m\u00fckafat, Hindistan \u00fczr\u0259 b\u00fct\u00fcn n\u0259qliyyat vasit\u0259l\u0259rin\u0259 pulsuz bilet (\u0130ndira Qandi t\u0259r\u0259find\u0259n \u015f\u0259xs\u0259n t\u0259qdim edilib);<br \/>\n  <br \/>\n  1977 \u2013 Kembric universitetinin ilahiyyat doktoru d\u0259r\u0259c\u0259si;<br \/>\n  <br \/>\n  1979 \u2013 Nobel s\u00fclh m\u00fckafat\u0131;<br \/>\n  <br \/>\n  1982 \u2013 Br\u00fcssel katolik universitetinin doktorluq d\u0259r\u0259c\u0259si;<br \/>\n  <br \/>\n  1996 \u2013 AB\u015e-\u0131n f\u0259xri v\u0259t\u0259nda\u015f\u0131 (ona q\u0259d\u0259r ancaq \u00fc\u00e7 n\u0259f\u0259r\u0259 verilmi\u015fdi);<br \/>\n  <br \/>\n  1997 &#8211; Konqresin q\u0131z\u0131l medal\u0131 (AB\u015e-\u0131n \u0259n b\u00f6y\u00fck m\u00fckafat\u0131), Oksford Universitetinin f\u0259xri ilahiyyat doktoru.<\/p>\n<p>  Ard\u0131 var\n<\/p>\n<p>\n  <b><br \/>\n    <i><br \/>\n      Yaz\u0131 m\u00fc\u0259llifin fikirl\u0259rini \u0259ks etdirir v\u0259 Meydan TV-nin m\u00f6vqeyi il\u0259 \u00fcst-\u00fcst\u0259 d\u00fc\u015fm\u0259y\u0259 bil\u0259r.<br \/>\n    <\/i><br \/>\n  <\/b><\/p>\n","protected":false},"excerpt":{"rendered":"<p>1,2 milyard adam\u0131n m\u00fcq\u0259dd\u0259s hesab etdiyi, h\u0259yat\u0131n\u0131n \u0259h\u0259miyy\u0259tli hiss\u0259si kameralar \u00f6n\u00fcnd\u0259 ke\u00e7mi\u015f biri haqq\u0131nda niy\u0259 \u201cb\u00fct\u00fcn mifl\u0259rin anas\u0131\u201d deyilsin ki?<\/p>\n","protected":false},"author":11,"featured_media":111023,"comment_status":"closed","ping_status":"open","sticky":false,"template":"","format":"standard","meta":{"_acf_changed":false,"_sitemap_exclude":false,"_sitemap_priority":"","_sitemap_frequency":"","footnotes":""},"categories":[57],"tags":[],"class_list":["post-192101","post","type-post","status-publish","format-standard","has-post-thumbnail","hentry","category-menim-fikrimce","infinite-scroll-item","generate-columns","tablet-grid-50","mobile-grid-100","grid-parent","grid-33","no-featured-image-padding"],"acf":[],"yoast_head":"<!-- This site is optimized with the Yoast SEO plugin v27.4 - https:\/\/yoast.com\/product\/yoast-seo-wordpress\/ -->\n<title>Tereza ana m\u00fcq\u0259dd\u0259s idimi? - MEYDAN.TV<\/title>\n<meta name=\"robots\" content=\"index, follow, max-snippet:-1, max-image-preview:large, max-video-preview:-1\" \/>\n<link rel=\"canonical\" href=\"https:\/\/www.meydan.tv\/az\/article\/tereza-ana-muqeddes-idimi\/\" \/>\n<meta property=\"og:locale\" content=\"az_AZ\" \/>\n<meta property=\"og:type\" content=\"article\" \/>\n<meta property=\"og:title\" content=\"Tereza ana m\u00fcq\u0259dd\u0259s idimi? - MEYDAN.TV\" \/>\n<meta property=\"og:description\" content=\"1,2 milyard adam\u0131n m\u00fcq\u0259dd\u0259s hesab etdiyi, h\u0259yat\u0131n\u0131n \u0259h\u0259miyy\u0259tli hiss\u0259si kameralar \u00f6n\u00fcnd\u0259 ke\u00e7mi\u015f biri haqq\u0131nda niy\u0259 \u201cb\u00fct\u00fcn mifl\u0259rin anas\u0131\u201d deyilsin ki?\" \/>\n<meta property=\"og:url\" content=\"https:\/\/www.meydan.tv\/az\/article\/tereza-ana-muqeddes-idimi\/\" \/>\n<meta property=\"og:site_name\" content=\"MEYDAN.TV\" \/>\n<meta property=\"article:published_time\" content=\"2018-10-14T16:51:09+00:00\" \/>\n<meta property=\"og:image\" content=\"https:\/\/www.meydan.tv\/wp-content\/uploads\/44178.jpg\" \/>\n\t<meta property=\"og:image:width\" content=\"1920\" \/>\n\t<meta property=\"og:image:height\" content=\"1080\" \/>\n\t<meta property=\"og:image:type\" content=\"image\/jpeg\" \/>\n<meta name=\"author\" content=\"user-manager\" \/>\n<meta name=\"twitter:card\" content=\"summary_large_image\" \/>\n<script type=\"application\/ld+json\" class=\"yoast-schema-graph\">{\"@context\":\"https:\\\/\\\/schema.org\",\"@graph\":[{\"@type\":\"Article\",\"@id\":\"https:\\\/\\\/www.meydan.tv\\\/az\\\/article\\\/tereza-ana-muqeddes-idimi\\\/#article\",\"isPartOf\":{\"@id\":\"https:\\\/\\\/www.meydan.tv\\\/az\\\/article\\\/tereza-ana-muqeddes-idimi\\\/\"},\"author\":{\"name\":\"user-manager\",\"@id\":\"https:\\\/\\\/www.meydan.tv\\\/az\\\/#\\\/schema\\\/person\\\/10d11eccf6da3662cf5fdab9806ea91a\"},\"headline\":\"Tereza ana m\u00fcq\u0259dd\u0259s idimi?\",\"datePublished\":\"2018-10-14T16:51:09+00:00\",\"mainEntityOfPage\":{\"@id\":\"https:\\\/\\\/www.meydan.tv\\\/az\\\/article\\\/tereza-ana-muqeddes-idimi\\\/\"},\"wordCount\":2572,\"publisher\":{\"@id\":\"https:\\\/\\\/www.meydan.tv\\\/az\\\/#organization\"},\"image\":{\"@id\":\"https:\\\/\\\/www.meydan.tv\\\/az\\\/article\\\/tereza-ana-muqeddes-idimi\\\/#primaryimage\"},\"thumbnailUrl\":\"https:\\\/\\\/www.meydan.tv\\\/wp-content\\\/uploads\\\/44178.jpg\",\"articleSection\":[\"M\u0259nim Fikrimc\u0259\"],\"inLanguage\":\"az\"},{\"@type\":\"WebPage\",\"@id\":\"https:\\\/\\\/www.meydan.tv\\\/az\\\/article\\\/tereza-ana-muqeddes-idimi\\\/\",\"url\":\"https:\\\/\\\/www.meydan.tv\\\/az\\\/article\\\/tereza-ana-muqeddes-idimi\\\/\",\"name\":\"Tereza ana m\u00fcq\u0259dd\u0259s idimi? - MEYDAN.TV\",\"isPartOf\":{\"@id\":\"https:\\\/\\\/www.meydan.tv\\\/az\\\/#website\"},\"primaryImageOfPage\":{\"@id\":\"https:\\\/\\\/www.meydan.tv\\\/az\\\/article\\\/tereza-ana-muqeddes-idimi\\\/#primaryimage\"},\"image\":{\"@id\":\"https:\\\/\\\/www.meydan.tv\\\/az\\\/article\\\/tereza-ana-muqeddes-idimi\\\/#primaryimage\"},\"thumbnailUrl\":\"https:\\\/\\\/www.meydan.tv\\\/wp-content\\\/uploads\\\/44178.jpg\",\"datePublished\":\"2018-10-14T16:51:09+00:00\",\"breadcrumb\":{\"@id\":\"https:\\\/\\\/www.meydan.tv\\\/az\\\/article\\\/tereza-ana-muqeddes-idimi\\\/#breadcrumb\"},\"inLanguage\":\"az\",\"potentialAction\":[{\"@type\":\"ReadAction\",\"target\":[\"https:\\\/\\\/www.meydan.tv\\\/az\\\/article\\\/tereza-ana-muqeddes-idimi\\\/\"]}]},{\"@type\":\"ImageObject\",\"inLanguage\":\"az\",\"@id\":\"https:\\\/\\\/www.meydan.tv\\\/az\\\/article\\\/tereza-ana-muqeddes-idimi\\\/#primaryimage\",\"url\":\"https:\\\/\\\/www.meydan.tv\\\/wp-content\\\/uploads\\\/44178.jpg\",\"contentUrl\":\"https:\\\/\\\/www.meydan.tv\\\/wp-content\\\/uploads\\\/44178.jpg\",\"width\":1920,\"height\":1080,\"caption\":\"Source:\"},{\"@type\":\"BreadcrumbList\",\"@id\":\"https:\\\/\\\/www.meydan.tv\\\/az\\\/article\\\/tereza-ana-muqeddes-idimi\\\/#breadcrumb\",\"itemListElement\":[{\"@type\":\"ListItem\",\"position\":1,\"name\":\"Ana s\u0259hif\u0259\",\"item\":\"https:\\\/\\\/www.meydan.tv\\\/az\\\/\"},{\"@type\":\"ListItem\",\"position\":2,\"name\":\"M\u0259nim Fikrimc\u0259\",\"item\":\"https:\\\/\\\/www.meydan.tv\\\/az\\\/section\\\/menim-fikrimce\\\/\"},{\"@type\":\"ListItem\",\"position\":3,\"name\":\"Tereza ana m\u00fcq\u0259dd\u0259s idimi?\"}]},{\"@type\":\"WebSite\",\"@id\":\"https:\\\/\\\/www.meydan.tv\\\/az\\\/#website\",\"url\":\"https:\\\/\\\/www.meydan.tv\\\/az\\\/\",\"name\":\"MEYDAN.TV\",\"description\":\"Meydan TV Az\u0259rbaycan\u0131n media m\u0259kan\u0131ndak\u0131 alternativ s\u0259sidir\",\"publisher\":{\"@id\":\"https:\\\/\\\/www.meydan.tv\\\/az\\\/#organization\"},\"potentialAction\":[{\"@type\":\"SearchAction\",\"target\":{\"@type\":\"EntryPoint\",\"urlTemplate\":\"https:\\\/\\\/www.meydan.tv\\\/az\\\/?s={search_term_string}\"},\"query-input\":{\"@type\":\"PropertyValueSpecification\",\"valueRequired\":true,\"valueName\":\"search_term_string\"}}],\"inLanguage\":\"az\"},{\"@type\":\"Organization\",\"@id\":\"https:\\\/\\\/www.meydan.tv\\\/az\\\/#organization\",\"name\":\"Meydan TV\",\"url\":\"https:\\\/\\\/www.meydan.tv\\\/az\\\/\",\"logo\":{\"@type\":\"ImageObject\",\"inLanguage\":\"az\",\"@id\":\"https:\\\/\\\/www.meydan.tv\\\/az\\\/#\\\/schema\\\/logo\\\/image\\\/\",\"url\":\"https:\\\/\\\/www.meydan.tv\\\/wp-content\\\/uploads\\\/2021\\\/07\\\/meydan-logo.svg\",\"contentUrl\":\"https:\\\/\\\/www.meydan.tv\\\/wp-content\\\/uploads\\\/2021\\\/07\\\/meydan-logo.svg\",\"width\":195,\"height\":46,\"caption\":\"Meydan TV\"},\"image\":{\"@id\":\"https:\\\/\\\/www.meydan.tv\\\/az\\\/#\\\/schema\\\/logo\\\/image\\\/\"}},{\"@type\":\"Person\",\"@id\":\"https:\\\/\\\/www.meydan.tv\\\/az\\\/#\\\/schema\\\/person\\\/10d11eccf6da3662cf5fdab9806ea91a\",\"name\":\"user-manager\"}]}<\/script>\n<!-- \/ Yoast SEO plugin. -->","yoast_head_json":{"title":"Tereza ana m\u00fcq\u0259dd\u0259s idimi? - MEYDAN.TV","robots":{"index":"index","follow":"follow","max-snippet":"max-snippet:-1","max-image-preview":"max-image-preview:large","max-video-preview":"max-video-preview:-1"},"canonical":"https:\/\/www.meydan.tv\/az\/article\/tereza-ana-muqeddes-idimi\/","og_locale":"az_AZ","og_type":"article","og_title":"Tereza ana m\u00fcq\u0259dd\u0259s idimi? - MEYDAN.TV","og_description":"1,2 milyard adam\u0131n m\u00fcq\u0259dd\u0259s hesab etdiyi, h\u0259yat\u0131n\u0131n \u0259h\u0259miyy\u0259tli hiss\u0259si kameralar \u00f6n\u00fcnd\u0259 ke\u00e7mi\u015f biri haqq\u0131nda niy\u0259 \u201cb\u00fct\u00fcn mifl\u0259rin anas\u0131\u201d deyilsin ki?","og_url":"https:\/\/www.meydan.tv\/az\/article\/tereza-ana-muqeddes-idimi\/","og_site_name":"MEYDAN.TV","article_published_time":"2018-10-14T16:51:09+00:00","og_image":[{"width":1920,"height":1080,"url":"https:\/\/www.meydan.tv\/wp-content\/uploads\/44178.jpg","type":"image\/jpeg"}],"author":"user-manager","twitter_card":"summary_large_image","schema":{"@context":"https:\/\/schema.org","@graph":[{"@type":"Article","@id":"https:\/\/www.meydan.tv\/az\/article\/tereza-ana-muqeddes-idimi\/#article","isPartOf":{"@id":"https:\/\/www.meydan.tv\/az\/article\/tereza-ana-muqeddes-idimi\/"},"author":{"name":"user-manager","@id":"https:\/\/www.meydan.tv\/az\/#\/schema\/person\/10d11eccf6da3662cf5fdab9806ea91a"},"headline":"Tereza ana m\u00fcq\u0259dd\u0259s idimi?","datePublished":"2018-10-14T16:51:09+00:00","mainEntityOfPage":{"@id":"https:\/\/www.meydan.tv\/az\/article\/tereza-ana-muqeddes-idimi\/"},"wordCount":2572,"publisher":{"@id":"https:\/\/www.meydan.tv\/az\/#organization"},"image":{"@id":"https:\/\/www.meydan.tv\/az\/article\/tereza-ana-muqeddes-idimi\/#primaryimage"},"thumbnailUrl":"https:\/\/www.meydan.tv\/wp-content\/uploads\/44178.jpg","articleSection":["M\u0259nim Fikrimc\u0259"],"inLanguage":"az"},{"@type":"WebPage","@id":"https:\/\/www.meydan.tv\/az\/article\/tereza-ana-muqeddes-idimi\/","url":"https:\/\/www.meydan.tv\/az\/article\/tereza-ana-muqeddes-idimi\/","name":"Tereza ana m\u00fcq\u0259dd\u0259s idimi? - MEYDAN.TV","isPartOf":{"@id":"https:\/\/www.meydan.tv\/az\/#website"},"primaryImageOfPage":{"@id":"https:\/\/www.meydan.tv\/az\/article\/tereza-ana-muqeddes-idimi\/#primaryimage"},"image":{"@id":"https:\/\/www.meydan.tv\/az\/article\/tereza-ana-muqeddes-idimi\/#primaryimage"},"thumbnailUrl":"https:\/\/www.meydan.tv\/wp-content\/uploads\/44178.jpg","datePublished":"2018-10-14T16:51:09+00:00","breadcrumb":{"@id":"https:\/\/www.meydan.tv\/az\/article\/tereza-ana-muqeddes-idimi\/#breadcrumb"},"inLanguage":"az","potentialAction":[{"@type":"ReadAction","target":["https:\/\/www.meydan.tv\/az\/article\/tereza-ana-muqeddes-idimi\/"]}]},{"@type":"ImageObject","inLanguage":"az","@id":"https:\/\/www.meydan.tv\/az\/article\/tereza-ana-muqeddes-idimi\/#primaryimage","url":"https:\/\/www.meydan.tv\/wp-content\/uploads\/44178.jpg","contentUrl":"https:\/\/www.meydan.tv\/wp-content\/uploads\/44178.jpg","width":1920,"height":1080,"caption":"Source:"},{"@type":"BreadcrumbList","@id":"https:\/\/www.meydan.tv\/az\/article\/tereza-ana-muqeddes-idimi\/#breadcrumb","itemListElement":[{"@type":"ListItem","position":1,"name":"Ana s\u0259hif\u0259","item":"https:\/\/www.meydan.tv\/az\/"},{"@type":"ListItem","position":2,"name":"M\u0259nim Fikrimc\u0259","item":"https:\/\/www.meydan.tv\/az\/section\/menim-fikrimce\/"},{"@type":"ListItem","position":3,"name":"Tereza ana m\u00fcq\u0259dd\u0259s idimi?"}]},{"@type":"WebSite","@id":"https:\/\/www.meydan.tv\/az\/#website","url":"https:\/\/www.meydan.tv\/az\/","name":"MEYDAN.TV","description":"Meydan TV Az\u0259rbaycan\u0131n media m\u0259kan\u0131ndak\u0131 alternativ s\u0259sidir","publisher":{"@id":"https:\/\/www.meydan.tv\/az\/#organization"},"potentialAction":[{"@type":"SearchAction","target":{"@type":"EntryPoint","urlTemplate":"https:\/\/www.meydan.tv\/az\/?s={search_term_string}"},"query-input":{"@type":"PropertyValueSpecification","valueRequired":true,"valueName":"search_term_string"}}],"inLanguage":"az"},{"@type":"Organization","@id":"https:\/\/www.meydan.tv\/az\/#organization","name":"Meydan TV","url":"https:\/\/www.meydan.tv\/az\/","logo":{"@type":"ImageObject","inLanguage":"az","@id":"https:\/\/www.meydan.tv\/az\/#\/schema\/logo\/image\/","url":"https:\/\/www.meydan.tv\/wp-content\/uploads\/2021\/07\/meydan-logo.svg","contentUrl":"https:\/\/www.meydan.tv\/wp-content\/uploads\/2021\/07\/meydan-logo.svg","width":195,"height":46,"caption":"Meydan TV"},"image":{"@id":"https:\/\/www.meydan.tv\/az\/#\/schema\/logo\/image\/"}},{"@type":"Person","@id":"https:\/\/www.meydan.tv\/az\/#\/schema\/person\/10d11eccf6da3662cf5fdab9806ea91a","name":"user-manager"}]}},"_links":{"self":[{"href":"https:\/\/www.meydan.tv\/az\/wp-json\/wp\/v2\/posts\/192101","targetHints":{"allow":["GET"]}}],"collection":[{"href":"https:\/\/www.meydan.tv\/az\/wp-json\/wp\/v2\/posts"}],"about":[{"href":"https:\/\/www.meydan.tv\/az\/wp-json\/wp\/v2\/types\/post"}],"author":[{"embeddable":true,"href":"https:\/\/www.meydan.tv\/az\/wp-json\/wp\/v2\/users\/11"}],"replies":[{"embeddable":true,"href":"https:\/\/www.meydan.tv\/az\/wp-json\/wp\/v2\/comments?post=192101"}],"version-history":[{"count":0,"href":"https:\/\/www.meydan.tv\/az\/wp-json\/wp\/v2\/posts\/192101\/revisions"}],"wp:featuredmedia":[{"embeddable":true,"href":"https:\/\/www.meydan.tv\/az\/wp-json\/wp\/v2\/media\/111023"}],"wp:attachment":[{"href":"https:\/\/www.meydan.tv\/az\/wp-json\/wp\/v2\/media?parent=192101"}],"wp:term":[{"taxonomy":"category","embeddable":true,"href":"https:\/\/www.meydan.tv\/az\/wp-json\/wp\/v2\/categories?post=192101"},{"taxonomy":"post_tag","embeddable":true,"href":"https:\/\/www.meydan.tv\/az\/wp-json\/wp\/v2\/tags?post=192101"}],"curies":[{"name":"wp","href":"https:\/\/api.w.org\/{rel}","templated":true}]}}