{"id":192091,"date":"2018-10-12T21:33:42","date_gmt":"2018-10-12T21:33:42","guid":{"rendered":"https:\/\/www.meydan.tv\/article\/orus-torpaqlari-bir-nefere-icareye-verilib\/"},"modified":"2018-10-12T21:33:42","modified_gmt":"2018-10-12T21:33:42","slug":"orus-torpaqlari-bir-nefere-icareye-verilib","status":"publish","type":"post","link":"https:\/\/www.meydan.tv\/az\/article\/orus-torpaqlari-bir-nefere-icareye-verilib\/","title":{"rendered":"&#8221;\u00d6r\u00fc\u015f torpaqlar\u0131 bir n\u0259f\u0259r\u0259 icar\u0259y\u0259 verilib&#8221;"},"content":{"rendered":"<figure class=\"wp-block-image size-large\">\n  <img decoding=\"async\" src=\"https:\/\/www.meydan.tv\/az\/lek-kendi\/\" alt=\"Lek k\u0259ndi\" class=\"wp-image-110999\"\/><figcaption>\n    Lek k\u0259ndi<br \/>\n  <\/figcaption><\/figure>\n<p>\n  <i><br \/>\n    Ucar\u0131n L\u0259k k\u0259ndinin sakinl\u0259ri b\u0259l\u0259diyy\u0259 s\u0259drind\u0259n \u015fikay\u0259t\u00e7idirl\u0259r<br \/>\n  <\/i>\n<\/p>\n<p>\n  &#8220;Ucar\u0131n L\u0259k k\u0259nd b\u0259l\u0259diyy\u0259sinin s\u0259dri Cavid S\u00fcleymanov v\u0259zif\u0259 s\u0259lahiyy\u0259tl\u0259rind\u0259n sui-istifad\u0259 edib. O, bizim k\u0259ndin \u00f6r\u00fc\u015f torpaqlar\u0131n\u0131 qanunsuz olaraq qohumu, L\u0259k sakini \u0130bi\u015f M\u0259mm\u0259dova icar\u0259y\u0259 verib&#8221;.\n<\/p>\n<p>\n  Ucar\u0131n L\u0259k k\u0259ndinin sakinl\u0259ri Meydan TV-y\u0259 bel\u0259 deyibl\u0259r. Sakinl\u0259rd\u0259n Yusif A\u011fayev bildirib ki, bununla ba\u011fl\u0131 aidiyyat\u0131 qurumlar\u0131n ham\u0131s\u0131na m\u00fcraci\u0259t \u00fcnvanlay\u0131b. Ancaq h\u0259l\u0259lik, bir cavab ala bilm\u0259yib:\n<\/p>\n<p>\n  &#8220;G\u00f6zl\u0259yir\u0259m, \u00fcmid edir\u0259m ki, m\u00fcraci\u0259tl\u0259rim i\u015f\u0259 yarayacaq, tezlikl\u0259 bir cavab ala bil\u0259c\u0259m. M\u0259n yerli icra hakimiyy\u0259ti orqanlar\u0131ndan tutmu\u015f, prezident ilham \u018fliyev\u0259 q\u0259d\u0259r ham\u0131ya m\u0259ktubla m\u00fcraci\u0259t etmi\u015f\u0259m. Bel\u0259 haqs\u0131zl\u0131q olmaz. Bu boyda k\u0259ndin \u00f6r\u00fc\u015f sah\u0259sinin bir n\u0259f\u0259r\u0259 verilm\u0259si, yerd\u0259 qalan insanlar\u0131n h\u00fcquqlar\u0131n\u0131n pozulmas\u0131m dem\u0259kdir&#8221;.\n<\/p>\n<blockquote><p>\n  \u00d6r\u00fc\u015f sah\u0259l\u0259rimizd\u0259 \u0259kin \u0259kibl\u0259r\n<\/p><\/blockquote>\n<p>\n  Sakinl\u0259r bildirirl\u0259r ki, onsuz da onlara m\u0259xsus iri v\u0259 x\u0131rdabuynuzlu heyvanlar\u0131n otar\u0131lmas\u0131 \u00fc\u00e7\u00fcn h\u0259min \u00f6r\u00fc\u015f yeri b\u0259s etmirdi:\n<\/p>\n<p>\n  &#8220;Bel\u0259 olan halda, onsuz da az olan h\u0259min \u00f6r\u00fc\u015f sah\u0259sinin \u0130bi\u015f M\u0259mm\u0259dov adl\u0131 \u015f\u0259xs\u0259 icar\u0259y\u0259 verilm\u0259si qanunszuluqdur. Onu da bildir\u0259k ki, \u0130bi\u015f M\u0259mm\u0259dov qanunsuz \u015f\u0259kild\u0259 icar\u0259y\u0259 g\u00f6t\u00fcrd\u00fcy\u00fc \u00f6r\u00fc\u015f sah\u0259l\u0259rimizd\u0259 \u0259kin-bi\u00e7in i\u015fl\u0259ri il\u0259 m\u0259\u015f\u011ful olur&#8221;.\n<\/p>\n<figure class=\"wp-block-image size-large\">\n  <img decoding=\"async\" src=\"https:\/\/www.meydan.tv\/az\/lek-kendi-3\/\" alt=\"Lek k\u0259ndi\" class=\"wp-image-111008\"\/><figcaption>\n    Lek k\u0259ndi<br \/>\n  <\/figcaption><\/figure>\n<blockquote><p>\n  L\u0259k b\u0259l\u0259diyy\u0259sinin s\u0259dri a\u00e7\u0131q-a\u015fkar qanunsuzluqla m\u0259\u015f\u011fuldur\n<\/p><\/blockquote>\n<p>\n  Yusif A\u011fayev deyir ki, h\u0259min torpaqda \u0259kinl\u0259 m\u0259\u015f\u011ful olmaq olmaz. \u00c7\u00fcnki o \u0259razil\u0259r s\u0131rf heyvandarl\u0131q m\u0259qs\u0259di il\u0259 \u00f6r\u00fc\u015f t\u0259yinatl\u0131 torpaq sah\u0259l\u0259ridir:\n<\/p>\n<p>\n  &#8220;\u00dcst\u0259lik, torpaqlar\u0131n t\u0259yinat\u0131n\u0131n d\u0259yi\u015fdirilm\u0259si il\u0259 ba\u011fl\u0131 he\u00e7 yer\u0259 m\u00fcraci\u0259t edilm\u0259yib. Bu g\u00fcn\u0259d\u0259k d\u0259 h\u0259min \u0259razi \u00f6r\u00fc\u015f sah\u0259si olaraq qal\u0131r. Bax\u0131n, L\u0259k b\u0259l\u0259diyy\u0259sinin s\u0259dri a\u00e7\u0131q-a\u015fkar qanunsuzluqla m\u0259\u015f\u011fuldur&#8221;.\n<\/p>\n<blockquote><p>\n  K\u0259ndlil\u0259r heyvanlar\u0131n\u0131 q\u0259bristanl\u0131qda otar\u0131r\n<\/p><\/blockquote>\n<p>\n  Sakinl\u0259r k\u0259nd camaat\u0131n\u0131n \u0259sas\u0259n \u0259kin\u00e7ilik, maldarl\u0131qla m\u0259\u015f\u011ful oldu\u011funu deyirl\u0259r. Bildirirl\u0259r ki, Az\u0259rbaycan\u0131n \u0259ks\u0259r k\u0259ndl\u0259rind\u0259 oldu\u011fu kimi onlar\u0131n k\u0259ndind\u0259 d\u0259 bir \u00e7ox ail\u0259nin g\u0259lir m\u0259nb\u0259yi maldarl\u0131qd\u0131r:\n<\/p>\n<p>\n  &#8220;\u0130ndi bu insanlar n\u0259 etm\u0259lidir? Maldarl\u0131qla m\u0259\u015f\u011ful ola bilm\u0259k \u00fc\u00e7\u00fcn \u00f6r\u00fc\u015f sah\u0259si laz\u0131md\u0131r. Ancaq bizd\u0259 k\u0259nd sakinl\u0259ri mal-qaras\u0131n\u0131 otarma\u011fa \u00f6r\u00fc\u015f sah\u0259si tapa bilmirl\u0259r. Buna g\u00f6r\u0259 \u00e7ox \u0259ziyy\u0259t \u00e7\u0259kirik. H\u0259tta \u00f6r\u00fc\u015f yeri olmad\u0131\u011f\u0131 \u00fc\u00e7\u00fcn k\u0259ndlil\u0259r iribuynuzlu heyvanlar\u0131n\u0131 k\u0259nd q\u0259birstanl\u0131\u011f\u0131nda otlama\u011fa m\u0259cbur olublar. Bu is\u0259 q\u0259birl\u0259rin t\u0259hqir olunmas\u0131na g\u0259tirib \u00e7\u0131xar\u0131r. Bu qanunsuzluq bar\u0259d\u0259 Ucar rayon r\u0259hb\u0259rliyin\u0259 etdiyimiz m\u00fcraci\u0259t\u0259 bax\u0131lm\u0131r&#8221;.\n<\/p>\n<figure class=\"wp-block-image size-large\">\n  <img decoding=\"async\" src=\"https:\/\/www.meydan.tv\/az\/lek-kendi-2\/\" alt=\"Lek k\u0259ndi\" class=\"wp-image-111002\"\/><figcaption>\n    Lek k\u0259ndi<br \/>\n  <\/figcaption><\/figure>\n<blockquote><p>\n  \u00d6r\u00fc\u015f sah\u0259l\u0259rimizi \u00f6z\u00fcm\u00fcz\u0259 qaytar\u0131n\n<\/p><\/blockquote>\n<p>\n  L\u0259k k\u0259ndinin sakinl\u0259rinin bir t\u0259l\u0259bi var. Tezlikl\u0259 \u00f6r\u00fc\u015f sah\u0259l\u0259rinin \u00f6zl\u0259rin\u0259 qaytar\u0131lmas\u0131n\u0131 ist\u0259yirl\u0259r:<\/p>\n<p>  &#8220;\u0130ll\u0259rdir laz\u0131m oldu\u011fu halda, biz\u0259 \u0259lav\u0259 torpaq sah\u0259si ay\u0131r\u0131n, demirik. Biz\u0259 g\u0259tirin filan yerd\u0259n torpaq verin, demirik. D\u0259d\u0259-babadan olan \u00f6r\u00fc\u015f sah\u0259mizi \u00f6z\u00fcm\u00fcz\u0259 qaytar\u0131n, yet\u0259r. Aidiyyat\u0131 qurumlar\u0131n bu i\u015fi diqq\u0259td\u0259 saxlamas\u0131n\u0131, problemimizi h\u0259ll etm\u0259sini ist\u0259yirik, v\u0259ss\u0259lam&#8221;.\n<\/p>\n<blockquote><p>\n  He\u00e7 kimin torpa\u011f\u0131, he\u00e7 kim\u0259 verilm\u0259yib\n<\/p><\/blockquote>\n<p>\n  Meydan TV m\u0259s\u0259l\u0259y\u0259 m\u00fcnasib\u0259t \u00f6yr\u0259nm\u0259k \u00fc\u00e7\u00fcn L\u0259k B\u0259l\u0259diyy\u0259si il\u0259 \u0259laq\u0259 saxlay\u0131b. B\u0259l\u0259diyy\u0259d\u0259n bu bar\u0259d\u0259 m\u00fcnasib\u0259t bildirm\u0259k ist\u0259m\u0259yibl\u0259r:\n<\/p>\n<p>\n  &#8220;Bel\u0259 bir hal yoxdur. He\u00e7 kimin torpa\u011f\u0131, he\u00e7 kim\u0259 verilm\u0259yib. Yalan m\u0259lumatd\u0131r. K\u0259ndin sakinl\u0259ri niy\u0259 bel\u0259 bir m\u0259lumat veribl\u0259r, bilmirik&#8221;.\n<\/p>\n<p>\n  Ucar Rayon \u0130cra Hakimiyy\u0259tind\u0259n is\u0259 bildiribl\u0259r ki, h\u0259l\u0259lik, bu bar\u0259d\u0259 \u015fikay\u0259t m\u0259ktubu almay\u0131blar. Ancaq m\u0259s\u0259l\u0259ni ara\u015fd\u0131racaqlar.\n<\/p><\/p>\n","protected":false},"excerpt":{"rendered":"<p>Ucar\u0131n L\u0259k k\u0259ndinin sakinl\u0259ri b\u0259l\u0259diyy\u0259 s\u0259drind\u0259n \u015fikay\u0259t\u00e7idirl\u0259r<\/p>\n","protected":false},"author":11,"featured_media":110999,"comment_status":"closed","ping_status":"open","sticky":false,"template":"","format":"standard","meta":{"_acf_changed":false,"_sitemap_exclude":false,"_sitemap_priority":"","_sitemap_frequency":"","footnotes":""},"categories":[60],"tags":[],"class_list":["post-192091","post","type-post","status-publish","format-standard","has-post-thumbnail","hentry","category-bolge","infinite-scroll-item","generate-columns","tablet-grid-50","mobile-grid-100","grid-parent","grid-33","no-featured-image-padding"],"acf":[],"yoast_head":"<!-- This site is optimized with the Yoast SEO plugin v27.4 - https:\/\/yoast.com\/product\/yoast-seo-wordpress\/ -->\n<title>&#039;&#039;\u00d6r\u00fc\u015f torpaqlar\u0131 bir n\u0259f\u0259r\u0259 icar\u0259y\u0259 verilib&#039;&#039; - MEYDAN.TV<\/title>\n<meta name=\"robots\" content=\"index, follow, max-snippet:-1, max-image-preview:large, max-video-preview:-1\" \/>\n<link rel=\"canonical\" href=\"https:\/\/www.meydan.tv\/az\/article\/orus-torpaqlari-bir-nefere-icareye-verilib\/\" \/>\n<meta property=\"og:locale\" content=\"az_AZ\" \/>\n<meta property=\"og:type\" content=\"article\" \/>\n<meta property=\"og:title\" content=\"&#039;&#039;\u00d6r\u00fc\u015f torpaqlar\u0131 bir n\u0259f\u0259r\u0259 icar\u0259y\u0259 verilib&#039;&#039; - MEYDAN.TV\" \/>\n<meta property=\"og:description\" content=\"Ucar\u0131n L\u0259k k\u0259ndinin sakinl\u0259ri b\u0259l\u0259diyy\u0259 s\u0259drind\u0259n \u015fikay\u0259t\u00e7idirl\u0259r\" \/>\n<meta property=\"og:url\" content=\"https:\/\/www.meydan.tv\/az\/article\/orus-torpaqlari-bir-nefere-icareye-verilib\/\" \/>\n<meta property=\"og:site_name\" content=\"MEYDAN.TV\" \/>\n<meta property=\"article:published_time\" content=\"2018-10-12T21:33:42+00:00\" \/>\n<meta property=\"og:image\" content=\"https:\/\/www.meydan.tv\/wp-content\/uploads\/44169.jpg\" \/>\n\t<meta property=\"og:image:width\" content=\"960\" \/>\n\t<meta property=\"og:image:height\" content=\"720\" \/>\n\t<meta property=\"og:image:type\" content=\"image\/jpeg\" \/>\n<meta name=\"author\" content=\"user-manager\" \/>\n<meta name=\"twitter:card\" content=\"summary_large_image\" \/>\n<script type=\"application\/ld+json\" class=\"yoast-schema-graph\">{\"@context\":\"https:\\\/\\\/schema.org\",\"@graph\":[{\"@type\":\"Article\",\"@id\":\"https:\\\/\\\/www.meydan.tv\\\/az\\\/article\\\/orus-torpaqlari-bir-nefere-icareye-verilib\\\/#article\",\"isPartOf\":{\"@id\":\"https:\\\/\\\/www.meydan.tv\\\/az\\\/article\\\/orus-torpaqlari-bir-nefere-icareye-verilib\\\/\"},\"author\":{\"name\":\"user-manager\",\"@id\":\"https:\\\/\\\/www.meydan.tv\\\/az\\\/#\\\/schema\\\/person\\\/10d11eccf6da3662cf5fdab9806ea91a\"},\"headline\":\"&#8221;\u00d6r\u00fc\u015f torpaqlar\u0131 bir n\u0259f\u0259r\u0259 icar\u0259y\u0259 verilib&#8221;\",\"datePublished\":\"2018-10-12T21:33:42+00:00\",\"mainEntityOfPage\":{\"@id\":\"https:\\\/\\\/www.meydan.tv\\\/az\\\/article\\\/orus-torpaqlari-bir-nefere-icareye-verilib\\\/\"},\"wordCount\":734,\"publisher\":{\"@id\":\"https:\\\/\\\/www.meydan.tv\\\/az\\\/#organization\"},\"image\":{\"@id\":\"https:\\\/\\\/www.meydan.tv\\\/az\\\/article\\\/orus-torpaqlari-bir-nefere-icareye-verilib\\\/#primaryimage\"},\"thumbnailUrl\":\"https:\\\/\\\/www.meydan.tv\\\/wp-content\\\/uploads\\\/44169.jpg\",\"articleSection\":[\"B\u00f6lg\u0259\"],\"inLanguage\":\"az\"},{\"@type\":\"WebPage\",\"@id\":\"https:\\\/\\\/www.meydan.tv\\\/az\\\/article\\\/orus-torpaqlari-bir-nefere-icareye-verilib\\\/\",\"url\":\"https:\\\/\\\/www.meydan.tv\\\/az\\\/article\\\/orus-torpaqlari-bir-nefere-icareye-verilib\\\/\",\"name\":\"''\u00d6r\u00fc\u015f torpaqlar\u0131 bir n\u0259f\u0259r\u0259 icar\u0259y\u0259 verilib'' - MEYDAN.TV\",\"isPartOf\":{\"@id\":\"https:\\\/\\\/www.meydan.tv\\\/az\\\/#website\"},\"primaryImageOfPage\":{\"@id\":\"https:\\\/\\\/www.meydan.tv\\\/az\\\/article\\\/orus-torpaqlari-bir-nefere-icareye-verilib\\\/#primaryimage\"},\"image\":{\"@id\":\"https:\\\/\\\/www.meydan.tv\\\/az\\\/article\\\/orus-torpaqlari-bir-nefere-icareye-verilib\\\/#primaryimage\"},\"thumbnailUrl\":\"https:\\\/\\\/www.meydan.tv\\\/wp-content\\\/uploads\\\/44169.jpg\",\"datePublished\":\"2018-10-12T21:33:42+00:00\",\"breadcrumb\":{\"@id\":\"https:\\\/\\\/www.meydan.tv\\\/az\\\/article\\\/orus-torpaqlari-bir-nefere-icareye-verilib\\\/#breadcrumb\"},\"inLanguage\":\"az\",\"potentialAction\":[{\"@type\":\"ReadAction\",\"target\":[\"https:\\\/\\\/www.meydan.tv\\\/az\\\/article\\\/orus-torpaqlari-bir-nefere-icareye-verilib\\\/\"]}]},{\"@type\":\"ImageObject\",\"inLanguage\":\"az\",\"@id\":\"https:\\\/\\\/www.meydan.tv\\\/az\\\/article\\\/orus-torpaqlari-bir-nefere-icareye-verilib\\\/#primaryimage\",\"url\":\"https:\\\/\\\/www.meydan.tv\\\/wp-content\\\/uploads\\\/44169.jpg\",\"contentUrl\":\"https:\\\/\\\/www.meydan.tv\\\/wp-content\\\/uploads\\\/44169.jpg\",\"width\":960,\"height\":720,\"caption\":\"Source:\"},{\"@type\":\"BreadcrumbList\",\"@id\":\"https:\\\/\\\/www.meydan.tv\\\/az\\\/article\\\/orus-torpaqlari-bir-nefere-icareye-verilib\\\/#breadcrumb\",\"itemListElement\":[{\"@type\":\"ListItem\",\"position\":1,\"name\":\"Ana s\u0259hif\u0259\",\"item\":\"https:\\\/\\\/www.meydan.tv\\\/az\\\/\"},{\"@type\":\"ListItem\",\"position\":2,\"name\":\"B\u00f6lg\u0259\",\"item\":\"https:\\\/\\\/www.meydan.tv\\\/az\\\/section\\\/bolge\\\/\"},{\"@type\":\"ListItem\",\"position\":3,\"name\":\"&#8221;\u00d6r\u00fc\u015f torpaqlar\u0131 bir n\u0259f\u0259r\u0259 icar\u0259y\u0259 verilib&#8221;\"}]},{\"@type\":\"WebSite\",\"@id\":\"https:\\\/\\\/www.meydan.tv\\\/az\\\/#website\",\"url\":\"https:\\\/\\\/www.meydan.tv\\\/az\\\/\",\"name\":\"MEYDAN.TV\",\"description\":\"Meydan TV Az\u0259rbaycan\u0131n media m\u0259kan\u0131ndak\u0131 alternativ s\u0259sidir\",\"publisher\":{\"@id\":\"https:\\\/\\\/www.meydan.tv\\\/az\\\/#organization\"},\"potentialAction\":[{\"@type\":\"SearchAction\",\"target\":{\"@type\":\"EntryPoint\",\"urlTemplate\":\"https:\\\/\\\/www.meydan.tv\\\/az\\\/?s={search_term_string}\"},\"query-input\":{\"@type\":\"PropertyValueSpecification\",\"valueRequired\":true,\"valueName\":\"search_term_string\"}}],\"inLanguage\":\"az\"},{\"@type\":\"Organization\",\"@id\":\"https:\\\/\\\/www.meydan.tv\\\/az\\\/#organization\",\"name\":\"Meydan TV\",\"url\":\"https:\\\/\\\/www.meydan.tv\\\/az\\\/\",\"logo\":{\"@type\":\"ImageObject\",\"inLanguage\":\"az\",\"@id\":\"https:\\\/\\\/www.meydan.tv\\\/az\\\/#\\\/schema\\\/logo\\\/image\\\/\",\"url\":\"https:\\\/\\\/www.meydan.tv\\\/wp-content\\\/uploads\\\/2021\\\/07\\\/meydan-logo.svg\",\"contentUrl\":\"https:\\\/\\\/www.meydan.tv\\\/wp-content\\\/uploads\\\/2021\\\/07\\\/meydan-logo.svg\",\"width\":195,\"height\":46,\"caption\":\"Meydan TV\"},\"image\":{\"@id\":\"https:\\\/\\\/www.meydan.tv\\\/az\\\/#\\\/schema\\\/logo\\\/image\\\/\"}},{\"@type\":\"Person\",\"@id\":\"https:\\\/\\\/www.meydan.tv\\\/az\\\/#\\\/schema\\\/person\\\/10d11eccf6da3662cf5fdab9806ea91a\",\"name\":\"user-manager\"}]}<\/script>\n<!-- \/ Yoast SEO plugin. -->","yoast_head_json":{"title":"''\u00d6r\u00fc\u015f torpaqlar\u0131 bir n\u0259f\u0259r\u0259 icar\u0259y\u0259 verilib'' - MEYDAN.TV","robots":{"index":"index","follow":"follow","max-snippet":"max-snippet:-1","max-image-preview":"max-image-preview:large","max-video-preview":"max-video-preview:-1"},"canonical":"https:\/\/www.meydan.tv\/az\/article\/orus-torpaqlari-bir-nefere-icareye-verilib\/","og_locale":"az_AZ","og_type":"article","og_title":"''\u00d6r\u00fc\u015f torpaqlar\u0131 bir n\u0259f\u0259r\u0259 icar\u0259y\u0259 verilib'' - MEYDAN.TV","og_description":"Ucar\u0131n L\u0259k k\u0259ndinin sakinl\u0259ri b\u0259l\u0259diyy\u0259 s\u0259drind\u0259n \u015fikay\u0259t\u00e7idirl\u0259r","og_url":"https:\/\/www.meydan.tv\/az\/article\/orus-torpaqlari-bir-nefere-icareye-verilib\/","og_site_name":"MEYDAN.TV","article_published_time":"2018-10-12T21:33:42+00:00","og_image":[{"width":960,"height":720,"url":"https:\/\/www.meydan.tv\/wp-content\/uploads\/44169.jpg","type":"image\/jpeg"}],"author":"user-manager","twitter_card":"summary_large_image","schema":{"@context":"https:\/\/schema.org","@graph":[{"@type":"Article","@id":"https:\/\/www.meydan.tv\/az\/article\/orus-torpaqlari-bir-nefere-icareye-verilib\/#article","isPartOf":{"@id":"https:\/\/www.meydan.tv\/az\/article\/orus-torpaqlari-bir-nefere-icareye-verilib\/"},"author":{"name":"user-manager","@id":"https:\/\/www.meydan.tv\/az\/#\/schema\/person\/10d11eccf6da3662cf5fdab9806ea91a"},"headline":"&#8221;\u00d6r\u00fc\u015f torpaqlar\u0131 bir n\u0259f\u0259r\u0259 icar\u0259y\u0259 verilib&#8221;","datePublished":"2018-10-12T21:33:42+00:00","mainEntityOfPage":{"@id":"https:\/\/www.meydan.tv\/az\/article\/orus-torpaqlari-bir-nefere-icareye-verilib\/"},"wordCount":734,"publisher":{"@id":"https:\/\/www.meydan.tv\/az\/#organization"},"image":{"@id":"https:\/\/www.meydan.tv\/az\/article\/orus-torpaqlari-bir-nefere-icareye-verilib\/#primaryimage"},"thumbnailUrl":"https:\/\/www.meydan.tv\/wp-content\/uploads\/44169.jpg","articleSection":["B\u00f6lg\u0259"],"inLanguage":"az"},{"@type":"WebPage","@id":"https:\/\/www.meydan.tv\/az\/article\/orus-torpaqlari-bir-nefere-icareye-verilib\/","url":"https:\/\/www.meydan.tv\/az\/article\/orus-torpaqlari-bir-nefere-icareye-verilib\/","name":"''\u00d6r\u00fc\u015f torpaqlar\u0131 bir n\u0259f\u0259r\u0259 icar\u0259y\u0259 verilib'' - MEYDAN.TV","isPartOf":{"@id":"https:\/\/www.meydan.tv\/az\/#website"},"primaryImageOfPage":{"@id":"https:\/\/www.meydan.tv\/az\/article\/orus-torpaqlari-bir-nefere-icareye-verilib\/#primaryimage"},"image":{"@id":"https:\/\/www.meydan.tv\/az\/article\/orus-torpaqlari-bir-nefere-icareye-verilib\/#primaryimage"},"thumbnailUrl":"https:\/\/www.meydan.tv\/wp-content\/uploads\/44169.jpg","datePublished":"2018-10-12T21:33:42+00:00","breadcrumb":{"@id":"https:\/\/www.meydan.tv\/az\/article\/orus-torpaqlari-bir-nefere-icareye-verilib\/#breadcrumb"},"inLanguage":"az","potentialAction":[{"@type":"ReadAction","target":["https:\/\/www.meydan.tv\/az\/article\/orus-torpaqlari-bir-nefere-icareye-verilib\/"]}]},{"@type":"ImageObject","inLanguage":"az","@id":"https:\/\/www.meydan.tv\/az\/article\/orus-torpaqlari-bir-nefere-icareye-verilib\/#primaryimage","url":"https:\/\/www.meydan.tv\/wp-content\/uploads\/44169.jpg","contentUrl":"https:\/\/www.meydan.tv\/wp-content\/uploads\/44169.jpg","width":960,"height":720,"caption":"Source:"},{"@type":"BreadcrumbList","@id":"https:\/\/www.meydan.tv\/az\/article\/orus-torpaqlari-bir-nefere-icareye-verilib\/#breadcrumb","itemListElement":[{"@type":"ListItem","position":1,"name":"Ana s\u0259hif\u0259","item":"https:\/\/www.meydan.tv\/az\/"},{"@type":"ListItem","position":2,"name":"B\u00f6lg\u0259","item":"https:\/\/www.meydan.tv\/az\/section\/bolge\/"},{"@type":"ListItem","position":3,"name":"&#8221;\u00d6r\u00fc\u015f torpaqlar\u0131 bir n\u0259f\u0259r\u0259 icar\u0259y\u0259 verilib&#8221;"}]},{"@type":"WebSite","@id":"https:\/\/www.meydan.tv\/az\/#website","url":"https:\/\/www.meydan.tv\/az\/","name":"MEYDAN.TV","description":"Meydan TV Az\u0259rbaycan\u0131n media m\u0259kan\u0131ndak\u0131 alternativ s\u0259sidir","publisher":{"@id":"https:\/\/www.meydan.tv\/az\/#organization"},"potentialAction":[{"@type":"SearchAction","target":{"@type":"EntryPoint","urlTemplate":"https:\/\/www.meydan.tv\/az\/?s={search_term_string}"},"query-input":{"@type":"PropertyValueSpecification","valueRequired":true,"valueName":"search_term_string"}}],"inLanguage":"az"},{"@type":"Organization","@id":"https:\/\/www.meydan.tv\/az\/#organization","name":"Meydan TV","url":"https:\/\/www.meydan.tv\/az\/","logo":{"@type":"ImageObject","inLanguage":"az","@id":"https:\/\/www.meydan.tv\/az\/#\/schema\/logo\/image\/","url":"https:\/\/www.meydan.tv\/wp-content\/uploads\/2021\/07\/meydan-logo.svg","contentUrl":"https:\/\/www.meydan.tv\/wp-content\/uploads\/2021\/07\/meydan-logo.svg","width":195,"height":46,"caption":"Meydan TV"},"image":{"@id":"https:\/\/www.meydan.tv\/az\/#\/schema\/logo\/image\/"}},{"@type":"Person","@id":"https:\/\/www.meydan.tv\/az\/#\/schema\/person\/10d11eccf6da3662cf5fdab9806ea91a","name":"user-manager"}]}},"_links":{"self":[{"href":"https:\/\/www.meydan.tv\/az\/wp-json\/wp\/v2\/posts\/192091","targetHints":{"allow":["GET"]}}],"collection":[{"href":"https:\/\/www.meydan.tv\/az\/wp-json\/wp\/v2\/posts"}],"about":[{"href":"https:\/\/www.meydan.tv\/az\/wp-json\/wp\/v2\/types\/post"}],"author":[{"embeddable":true,"href":"https:\/\/www.meydan.tv\/az\/wp-json\/wp\/v2\/users\/11"}],"replies":[{"embeddable":true,"href":"https:\/\/www.meydan.tv\/az\/wp-json\/wp\/v2\/comments?post=192091"}],"version-history":[{"count":0,"href":"https:\/\/www.meydan.tv\/az\/wp-json\/wp\/v2\/posts\/192091\/revisions"}],"wp:featuredmedia":[{"embeddable":true,"href":"https:\/\/www.meydan.tv\/az\/wp-json\/wp\/v2\/media\/110999"}],"wp:attachment":[{"href":"https:\/\/www.meydan.tv\/az\/wp-json\/wp\/v2\/media?parent=192091"}],"wp:term":[{"taxonomy":"category","embeddable":true,"href":"https:\/\/www.meydan.tv\/az\/wp-json\/wp\/v2\/categories?post=192091"},{"taxonomy":"post_tag","embeddable":true,"href":"https:\/\/www.meydan.tv\/az\/wp-json\/wp\/v2\/tags?post=192091"}],"curies":[{"name":"wp","href":"https:\/\/api.w.org\/{rel}","templated":true}]}}