{"id":192089,"date":"2018-10-12T21:17:03","date_gmt":"2018-10-12T21:17:03","guid":{"rendered":"https:\/\/www.meydan.tv\/article\/karyera-qurmaq-isteyen-qadinlar-niye-az-dogmaga-baslayib\/"},"modified":"2018-10-12T21:17:03","modified_gmt":"2018-10-12T21:17:03","slug":"karyera-qurmaq-isteyen-qadinlar-niye-az-dogmaga-baslayib","status":"publish","type":"post","link":"https:\/\/www.meydan.tv\/az\/article\/karyera-qurmaq-isteyen-qadinlar-niye-az-dogmaga-baslayib\/","title":{"rendered":"Karyera qurmaq ist\u0259y\u0259n qad\u0131nlar niy\u0259 az do\u011fma\u011fa ba\u015flay\u0131b"},"content":{"rendered":"<figure class=\"wp-block-image size-large\">\n  <img decoding=\"async\" src=\"https:\/\/www.meydan.tv\/az\/gence-seher-xestexanasinin-dogum-sobesi\/\" alt=\"G\u0259nc\u0259 \u015f\u0259h\u0259r x\u0259st\u0259xanas\u0131n\u0131n do\u011fum \u015f\u00f6b\u0259si\" class=\"wp-image-110990\"\/><figcaption>\n    G\u0259nc\u0259 \u015f\u0259h\u0259r x\u0259st\u0259xanas\u0131n\u0131n do\u011fum \u015f\u00f6b\u0259si<br \/>\n  <\/figcaption><\/figure>\n<p>\n  <i><br \/>\n    Dilin t\u0259hlili Komit\u0259 s\u0259drin\u0259 bunun s\u0259b\u0259bl\u0259rini tapmaqda k\u00f6m\u0259k ed\u0259c\u0259kmi?<br \/>\n  <\/i>\n<\/p>\n<p>\n  &#8220;Obyektiv dem\u0259k laz\u0131md\u0131r ki, bu g\u00fcn, x\u00fcsus\u0259n \u00f6zl\u0259ri \u00fc\u00e7\u00fcn karyera qurmaq ist\u0259y\u0259n qad\u0131nlar az do\u011fma\u011fa ba\u015flay\u0131blar&#8221;. Bu s\u00f6zl\u0259ri Ail\u0259, Qad\u0131n v\u0259 U\u015faq Probleml\u0259ri \u00fczr\u0259 D\u00f6vl\u0259t Komit\u0259sinin s\u0259dri Hicran H\u00fcseynova oktyabr\u0131n 9-da ke\u00e7iril\u0259n bir t\u0259dbird\u0259<br \/>\n  <a href=\"https:\/\/az.trend.az\/azerbaijan\/society\/2962620.html\" target=\"_blank\" rel=\"noopener\"><br \/>\n    deyib<br \/>\n  <\/a><br \/>\n  . C\u00fcml\u0259nin q\u00fcsurlu oldu\u011funu k\u0259nara qoyuruq. Komit\u0259 s\u0259drinin s\u00f6zl\u0259rind\u0259n bel\u0259 \u00e7\u0131x\u0131r ki, \u201c\u00f6zl\u0259ri \u00fc\u00e7\u00fcn karyera qurmaq ist\u0259y\u0259n qad\u0131nlar\u201d qabaqlar \u00e7ox do\u011furmu\u015f; iki-iki, \u00fc\u00e7-\u00fc\u00e7&#8230; Ax\u0131 problem onda deyil, karyera s\u00f6z\u00fcn\u00fc bilm\u0259y\u0259n qad\u0131nlar bel\u0259 son ill\u0259r \u201caz-az do\u011fma\u011fa ba\u015flay\u0131blar\u201d, h\u00f6rm\u0259tli komit\u0259 s\u0259dri&#8230;\n<\/p>\n<p>\n  2006-c\u0131 ild\u0259n bu komit\u0259y\u0259 r\u0259hb\u0259rlik ed\u0259n xan\u0131m, \u00e7ox t\u0259\u0259ss\u00fcf, do\u011fu\u015fun azalma s\u0259b\u0259bl\u0259rini ba\u015fqa m\u00fcst\u0259vid\u0259 axtar\u0131r. \u018fslind\u0259, siyasi elml\u0259r doktoru, professor olan Hicran H\u00fcseynova bu azalma tendensiyas\u0131n\u0131 \u00f6yr\u0259nm\u0259y\u0259 sorumlular s\u0131ras\u0131nda birincidir. R\u0259hb\u0259rlik etdiyi komit\u0259nin i\u015fi h\u0259m d\u0259 bu m\u0259s\u0259l\u0259l\u0259ri ara\u015fd\u0131rmaq, probleml\u0259rd\u0259n \u00e7\u0131x\u0131\u015f yollar\u0131 aramaq, h\u00f6kum\u0259t\u0259 t\u0259klifl\u0259r verm\u0259kdir. H\u0259min t\u0259dbird\u0259ki \u00e7\u0131x\u0131\u015f\u0131nda is\u0259 siyasi elml\u0259r doktoru ba\u015fqa sah\u0259d\u0259 \u00f6z\u00fcn\u00fc s\u0131nay\u0131r, dil il\u0259 ba\u011fl\u0131 t\u0259hlill\u0259r apard\u0131\u011f\u0131n\u0131 deyir: \u201c&#8230;\u0259g\u0259r m\u00fc\u0259yy\u0259n hallarda ail\u0259d\u0259 bir u\u015faq olmas\u0131 m\u0259s\u0259l\u0259si qar\u015f\u0131da durursa, onda kiml\u0259rs\u0259 o\u011flan ist\u0259yir. M\u0259n dem\u0259zdim ki, bu hal k\u00fctl\u0259vi xarakter da\u015f\u0131y\u0131r. Az\u0259rbaycanda bel\u0259 deyil. Biz az\u0259rbaycanl\u0131lar\u0131n mentalitetind\u0259 qad\u0131na b\u00f6y\u00fck h\u00f6rm\u0259t var. M\u0259n dil il\u0259 ba\u011fl\u0131 sad\u0259 bir t\u0259hlil aparm\u0131\u015fam. Ba\u015fqa dill\u0259rin he\u00e7 birind\u0259 &#8220;a\u011fsaqqal\u201d, y\u0259ni &#8220;n\u0259slin ba\u015f\u00e7\u0131s\u0131\u201d anlay\u0131\u015f\u0131 yoxdur, amma bizd\u0259 &#8220;a\u011fbir\u00e7\u0259k\u201d, y\u0259ni &#8220;n\u0259slin ba\u015f\u00e7\u0131s\u0131 olan qad\u0131n\u201d anlay\u0131\u015f\u0131 var. Y\u0259qin, siz d\u0259 bilirsiniz, bizd\u0259 tarix\u0259n bel\u0259 qad\u0131nlar \u00e7ox olub&#8221;. Maraql\u0131 t\u0259hlildir, ancaq bunun do\u011fu\u015fun art\u0131b-azalmas\u0131na hans\u0131sa t\u0259siri olaca\u011f\u0131n\u0131 dem\u0259y\u0259 \u00e7\u0259tinlik \u00e7\u0259kirik. Komit\u0259nin sayt\u0131nda da bu probleml\u0259rl\u0259 ba\u011fl\u0131 he\u00e7 bir m\u0259lumatla qar\u015f\u0131la\u015fmad\u0131q. Burada \u201cillik hesabatlar\u201d adl\u0131<br \/>\n  <a href=\"http:\/\/scfwca.gov.az\/page\/illik-hesabatlar\" target=\"_blank\" rel=\"noopener\"><br \/>\n    b\u00f6lm\u0259d\u0259<br \/>\n  <\/a><br \/>\n  \u00a0yaln\u0131z 2015, 2016 v\u0259 2017-ci ilin hesabatlar\u0131 var ki, orda da, \u0259sas\u0259n, Az\u0259rbaycanda apar\u0131lan u\u011furlu siyas\u0259td\u0259n, konfranslardan, s\u0259drin v\u0259 m\u00fcavinl\u0259rinin ke\u00e7irdiyi g\u00f6r\u00fc\u015fl\u0259rd\u0259n dan\u0131\u015f\u0131l\u0131r. Hesabatlar\u0131n sonunda il \u0259rzind\u0259 Komit\u0259nin \u00e7ap etdiyi kitablar\u0131n siyah\u0131s\u0131 da verilib, h\u0259min kitablar aras\u0131nda bu probleml\u0259 ba\u011fl\u0131 bro\u015f\u00fcr bel\u0259 yoxdur.\n<\/p>\n<blockquote><p>\n  R\u0259smi statistika\n<\/p><\/blockquote>\n<p>\n  R\u0259smi statistika is\u0259 deyir ki, 2012-ci ild\u0259 \u00f6lk\u0259d\u0259 hamil\u0259lik, do\u011fu\u015f v\u0259 zah\u0131l\u0131q d\u00f6vr\u00fcnd\u0259 26 ana h\u0259yat\u0131n\u0131 itirib.\n<\/p>\n<p>\n  2013 \u2013 24<br \/>\n  <br \/>\n  2014 \u2013 25<br \/>\n  <br \/>\n  2015 \u2013 24<br \/>\n  <br \/>\n  2016 \u2013 22<br \/>\n  <br \/>\n  2017-ci ild\u0259 bu r\u0259q\u0259m 21 olub.\n<\/p>\n<p>\n  Bunlar r\u0259smi statistikad\u0131r. R\u0259smiyy\u0259t\u0259 d\u00fc\u015fm\u0259y\u0259n v\u0259 gizl\u0259dil\u0259n \u00f6l\u00fcm hallar\u0131 oldu\u011funu da h\u0259r k\u0259s bilir. Ucqar k\u0259ndl\u0259rd\u0259, yaylaq v\u0259 q\u0131\u015flaqlarda ara h\u0259kiml\u0259rinin, mama\u00e7alar\u0131n q\u0259bul etdiyi do\u011fu\u015f zaman\u0131 olan \u00f6l\u00fcm hallar\u0131 he\u00e7 bir statistikaya d\u00fc\u015fm\u00fcr. Ail\u0259, Qad\u0131n v\u0259 U\u015faq Probleml\u0259ri \u00fczr\u0259 D\u00f6vl\u0259t Komit\u0259si \u0259m\u0259kda\u015flar\u0131n\u0131n bu tipli m\u0259lumatlar\u0131 toplay\u0131b-toplamad\u0131qlar\u0131n\u0131, yaxud m\u00fcxt\u0259lif saytlarda ged\u0259n x\u0259b\u0259rl\u0259ri izl\u0259yib-izl\u0259m\u0259dikl\u0259rini bilmirik. H\u0259r halda Komit\u0259nin sayt\u0131nda bu g\u00f6r\u00fcnm\u00fcr.\n<\/p>\n<p>\n  Ba\u015fqa m\u0259nb\u0259l\u0259rd\u0259, internetin axtar\u0131\u015f sistemind\u0259 qar\u015f\u0131m\u0131za \u00e7\u0131xan b\u0259zi x\u0259b\u0259rl\u0259ri burda yerl\u0259\u015fdir\u0259k ki, b\u0259lk\u0259, Komit\u0259 \u0259m\u0259kda\u015flar\u0131 da \u00f6lk\u0259d\u0259 durumun hans\u0131 s\u0259viyy\u0259d\u0259 oldu\u011funu g\u00f6r\u00fcb h\u0259r\u0259k\u0259t\u0259 ke\u00e7di, do\u011fu\u015fun artmas\u0131n\u0131 stimulla\u015fd\u0131ran add\u0131mlar atd\u0131.\n<\/p>\n<p>\n  <b><br \/>\n    Saytlardan sitatlar:<br \/>\n  <\/b>\n<\/p>\n<p>\n  \u201cU\u015faql\u0131\u011f\u0131 \u00e7\u0131xar\u0131lan qad\u0131n \u0259m\u0259liyyatdan sonra \u00f6ld\u00fc\n<\/p>\n<p>\n  Oktyabr\u0131n 9-da Bak\u0131 \u015f\u0259h\u0259r sakini, 1965-ci il t\u0259v\u0259ll\u00fcdl\u00fc Ceyran M\u00fclf\u0259da q\u0131z\u0131 Abdullayeva Sumqay\u0131t \u015f\u0259h\u0259ri 1 sayl\u0131 Do\u011fum Evind\u0259 \u201cSubtotal histerektomiya\u201d (u\u015faql\u0131\u011f\u0131n \u00e7\u0131xar\u0131lmas\u0131) c\u0259rrahiy\u0259 \u0259m\u0259liyyat\u0131ndan sonra d\u00fcnyas\u0131n\u0131 d\u0259yi\u015fib (9 oktyabr 2018)\u201d.\n<\/p>\n<p>\n  \u201cDo\u011fu\u015f zaman\u0131 ana v\u0259 k\u00f6rp\u0259si \u00f6ld\u00fc<br \/>\n  <br \/>\n  A\u011fstafaya qohumlar\u0131 evin\u0259 qonaq g\u0259l\u0259n C\u0259lilabad rayon sakini, 1997-ci il t\u0259v\u0259ll\u00fcdl\u00fc Dada\u015fova Ayt\u0259n \u0130lqar q\u0131z\u0131 do\u011fu\u015f sanc\u0131s\u0131 ba\u015flad\u0131\u011f\u0131 \u00fc\u00e7\u00fcn Tovuz M\u0259rk\u0259zi rayon X\u0259st\u0259xanas\u0131na \u00e7atd\u0131r\u0131l\u0131b. U\u015faq d\u00fcnyaya g\u0259l\u0259n zaman \u00f6l\u00fcb. Anan\u0131n v\u0259ziyy\u0259ti is\u0259 bir m\u00fcdd\u0259td\u0259n sonra pisl\u0259\u015fib. Ona tibbi yard\u0131m g\u00f6st\u0259rils\u0259 d\u0259, h\u0259yat\u0131n\u0131 xilas etm\u0259k m\u00fcmk\u00fcn olmay\u0131b. Bu, A.Dada\u015fovan\u0131n ilk hamil\u0259liyi olub (14 mart 2018)\u201d.\n<\/p>\n<p>\n  \u201c\u015eamax\u0131da do\u011fu\u015f zaman\u0131 ana \u00f6ld\u00fc\n<\/p>\n<p>\n  \u015eamax\u0131 \u015f\u0259h\u0259r sakini, 1984-c\u00fc il t\u0259v\u0259ll\u00fcdl\u00fc Amir\u0259 \u018flisahab q\u0131z\u0131 Biny\u0259tova \u015eamax\u0131 \u015e\u0259h\u0259r M\u0259rk\u0259zi X\u0259st\u0259xanas\u0131n\u0131n reanimasiya \u015f\u00f6b\u0259sind\u0259 d\u00fcnyas\u0131n\u0131 d\u0259yi\u015fib (5 may 2018)\u201d.\n<\/p>\n<p>\n  \u201cDaha bir do\u011fu\u015f faci\u0259si &#8211; Ana \u00f6ld\u00fc\n<\/p>\n<p>\n  Siy\u0259z\u0259n rayonunda ana \u00f6l\u00fcm\u00fc ba\u015f verib. &#8220;Qafqazinfo&#8221; APA-ya istinad\u0259n x\u0259b\u0259r verir ki, rayon sakini Ayt\u0259n Qas\u0131mova \u00f6t\u0259n g\u00fcn Siy\u0259z\u0259n Regional Diaqnostika M\u0259rk\u0259zinin do\u011fum \u015f\u00f6b\u0259sin\u0259 yerl\u0259\u015fdirilib. Qad\u0131n do\u011fu\u015f zaman\u0131 d\u00fcnyas\u0131n\u0131 d\u0259yi\u015fib (12 iyun 2018)\u201d.\n<\/p>\n<p>\n  \u201cL\u0259nk\u0259randa do\u011fu\u015f zaman\u0131 ana v\u0259 k\u00f6rp\u0259si \u00f6ld\u00fc\n<\/p>\n<p>\n  Lerik rayonunun Veri k\u0259nd sakini, 1983-c\u00fc il t\u0259v\u0259ll\u00fcdl\u00fc Sad\u0131qova Elnar\u0259 Rasim q\u0131z\u0131 L\u0259nk\u0259ran Rayon M\u0259rk\u0259zi X\u0259st\u0259xanas\u0131na m\u00fcraci\u0259t edib. Lakin do\u011fu\u015f gecikdiyin\u0259 g\u00f6r\u0259 h\u0259kiml\u0259r k\u00f6rp\u0259ni qeys\u0259riyy\u0259 \u0259m\u0259liyyat\u0131 il\u0259 g\u00f6t\u00fcrm\u0259y\u0259 \u00e7al\u0131\u015f\u0131blar. Lakin m\u0259lum olub ki, k\u00f6rp\u0259 t\u0259l\u0259f olub. Ana is\u0259 bu g\u00fcn s\u0259h\u0259r saatlar\u0131nda k\u0259skin qanaxma n\u0259tic\u0259sind\u0259 \u00f6l\u00fcb (4 avqust 2018)\u201d.\n<\/p>\n<p>\n  \u201cZaqatalada do\u011fu\u015f zaman\u0131 ana \u00f6ld\u00fc\n<\/p>\n<p>\n  Uzunqazmalar k\u0259nd sakini, 1994-c\u00fc il t\u0259v\u0259ll\u00fcdl\u00fc Karatova Sevgiya Eyyub q\u0131z\u0131 sentyabr ay\u0131n\u0131n 5-i s\u0259h\u0259r saatlar\u0131nda Zaqatala Rayon M\u0259rk\u0259zi X\u0259st\u0259xanas\u0131na do\u011fum \u00fc\u00e7\u00fcn m\u00fcraci\u0259t edib. O, g\u00fcnorta saalar\u0131nda qeys\u0259riyy\u0259 yolu il\u0259 o\u011flan u\u015fa\u011f\u0131 d\u00fcnyaya g\u0259tirib. \u018fm\u0259liyyatdan sonra ax\u015fam saatlar\u0131nda ail\u0259sin\u0259 anan\u0131n \u00f6lm\u0259si il\u0259 ba\u011fl\u0131 m\u0259lumat verilib. M\u0259rhumun yax\u0131nlar\u0131n\u0131n bildirdiyin\u0259 g\u00f6r\u0259, S.Karatova narkozdan ay\u0131lmay\u0131b (6 sentyabr 2018)\u201d.\n<\/p>\n<p>\n  \u201cBak\u0131da do\u011fu\u015f zaman\u0131 ana \u00f6l\u00fcb\n<\/p>\n<p>\n  \u201cT\u00fcran\u0259 M\u0259mm\u0259dova Xroniki Qepoksiya diaqnozu il\u0259 d\u00fcn\u0259n (4 iyul 2017) 7 sayl\u0131 do\u011fum evin\u0259 daxil olub.\n<\/p>\n<p>\n  H\u0259min g\u00fcn saat 12:30-da qeys\u0259riyy\u0259 k\u0259siyi il\u0259 \u0259m\u0259liyyat apar\u0131lm\u0131\u015f 3 kilo 300 q \u00e7\u0259kid\u0259 diri o\u011flan u\u015fa\u011f\u0131 azad olub. \u018fm\u0259liyyatdan sonra u\u015faql\u0131qda k\u0259skin qanaxma ba\u015flay\u0131b. B\u00fct\u00fcn laz\u0131mi reanimasiyon t\u0259dbirl\u0259r g\u00f6r\u00fcl\u00fcb. G\u00f6r\u00fcl\u0259n t\u0259dbirl\u0259r\u0259 baxmayaraq, zah\u0131l\u0131q d\u00f6vr\u00fcn\u00fcn birinci sutkas\u0131nda T\u00fcran\u0259 M\u0259mm\u0259dovada bioloji \u00f6l\u00fcm ba\u015f verib\u201d.<br \/>\n  <br \/>\n  \u015e\u0131xlinskayan\u0131n klinikas\u0131nda ana do\u011fu\u015f zaman\u0131 \u00f6ld\u00fc\n<\/p>\n<p>\n  Sentyabr\u0131n 10-da Bak\u0131da, Leyla \u015e\u0131xlinskayan\u0131n klinikas\u0131nda ana \u00f6l\u00fcm\u00fc ba\u015f verib. 1986-c\u0131 il t\u0259v\u0259ll\u00fcdl\u00fc Ayg\u00fcn \u018fbd\u00fcrr\u0259hmanova do\u011fu\u015f zaman\u0131 d\u00fcnyas\u0131n\u0131 d\u0259yi\u015fib (10 sentyabr 2017)\u201d.\n<\/p>\n<p>\n  \u201cQobustanda do\u011fu\u015f zaman\u0131 ana \u00f6ld\u00fc<br \/>\n  <br \/>\n  Qobustan Rayon M\u0259rk\u0259zi X\u0259st\u0259xanas\u0131n\u0131n Do\u011fum \u015f\u00f6b\u0259sind\u0259 do\u011fu\u015f zaman\u0131 ana-1988-ci il t\u0259v\u0259ll\u00fcdl\u00fc G\u00fcn\u0259\u015fova Z\u00fcmr\u00fcd N\u0259zir q\u0131z\u0131 d\u00fcnyas\u0131n\u0131 d\u0259yi\u015fib (17 oktyabr 2017)\u201d.\n<\/p>\n<p>\n  \u201cAz\u0259rbaycanda do\u011fu\u015f zaman\u0131 ana \u00f6l\u00fcb\n<\/p>\n<p>\n  B\u0259rd\u0259 rayonu, H\u0259s\u0259nqaya k\u0259nd sakini, 1986-c\u0131 il t\u0259v\u0259ll\u00fcdl\u00fc \u018fliyeva K\u00f6n\u00fcl Kamil q\u0131z\u0131 do\u011fu\u015f zaman\u0131 \u00f6l\u00fcb (19 dekabr 2017)\u201d.\n<\/p>\n<p>\n  \u201cAna v\u0259 k\u00f6rp\u0259 do\u011fu\u015f zaman\u0131 \u00f6ld\u00fc\n<\/p>\n<p>\n  A\u011fcab\u0259di rayon R\u0259ncb\u0259rl\u0259r k\u0259nd sakini, 1985-ci il t\u0259v\u0259ll\u00fcdl\u00fc Qara\u015fova T\u0259z\u0259g\u00fcl \u018fli\u015f q\u0131z\u0131 \u00f6t\u0259n gec\u0259 A\u011fcab\u0259di M\u0259rk\u0259zi Rayon X\u0259st\u0259xanas\u0131n\u0131n Do\u011fum Evin\u0259 daxil olub. Do\u011fu\u015f zaman\u0131 \u0259vv\u0259lc\u0259 ana, daha sonra d\u00fcnyaya g\u0259tirdiyi k\u00f6rp\u0259 h\u0259yat\u0131n\u0131 itirib (19 yanvar 2017)\u201d.\n<\/p>\n<p>\n  \u201cSumqay\u0131tda do\u011fu\u015f zaman\u0131 ana v\u0259 u\u015faq \u00f6ld\u00fc<br \/>\n  <br \/>\n  1979-cu il t\u0259v\u0259ll\u00fcdl\u00fc G\u00fclnar\u0259 T\u0259yyar q\u0131z\u0131 \u018fkb\u0259rova do\u011fum zaman\u0131 d\u00fcnyaya g\u0259tirdiyi k\u00f6rp\u0259 il\u0259 yana\u015f\u0131, \u00f6z\u00fc d\u0259 \u00f6l\u00fcb (9 may 2017)\u201d.\n<\/p>\n<p>\n  \u201cG\u0259nc\u0259d\u0259 ana do\u011fu\u015f zaman\u0131 \u00f6ld\u00fc\n<\/p>\n<p>\n  G\u0259nc\u0259 \u015f\u0259h\u0259r Abbas S\u0259hh\u0259t ad\u0131na 1 sayl\u0131 X\u0259st\u0259xanan\u0131n Do\u011fum \u015e\u00f6b\u0259sin\u0259 g\u0259tiril\u0259n G\u0259nc\u0259 \u015f\u0259h\u0259r sakini, 1994-c\u00fc il t\u0259v\u0259ll\u00fcdl\u00fc S\u0259bin\u0259 Allahverdiyeva do\u011fu\u015f zaman\u0131 \u00f6l\u00fcb (10 dekabr 2016)\u201d.\n<\/p>\n<p>\n  \u201cAna do\u011fu\u015f zaman\u0131 \u00f6ld\u00fc\n<\/p>\n<p>\n  Tovuzda 21 ya\u015fl\u0131 ana do\u011fu\u015f zaman\u0131 d\u00fcnyas\u0131n\u0131 d\u0259yi\u015fib. Lal\u0259 Abbasova bu do\u011fu\u015fa q\u0259d\u0259r 2 q\u0131z \u00f6vlad\u0131 d\u00fcnyaya g\u0259tirib (9 yanvar 2016)\u201d.\n<\/p>\n<p>\n  \u201cL\u0259nk\u0259randa ana do\u011fu\u015f zaman\u0131 \u00f6ld\u00fc\n<\/p>\n<p>\n  L\u0259nk\u0259ran M\u0259rk\u0259zi Rayon X\u0259st\u0259xanas\u0131ndan ANS PRESS-\u0259 veril\u0259n m\u0259lumata g\u00f6r\u0259, \u015ea\u011flas\u0259r k\u0259nd sakini,1998-ci il t\u0259v\u0259ll\u00fcdl\u00fc S\u0259nay\u0259 Nazim q\u0131z\u0131 A\u011fayeva u\u015faq d\u00fcnyaya g\u0259tirm\u0259k \u00fc\u00e7\u00fcn bu gec\u0259 M\u0259rk\u0259zi Rayon X\u0259st\u0259xanas\u0131na g\u0259tirilib. 17 ya\u015fl\u0131 qad\u0131n t\u0259bii yolla u\u015faq do\u011fub. Lakin do\u011fumdan bir d\u0259qiq\u0259 sonra anan\u0131n v\u0259ziyy\u0259ti a\u011f\u0131rla\u015f\u0131b. \u015e\u00f6b\u0259y\u0259 reanimotoloq g\u0259lib \u00e7atana q\u0259d\u0259r S\u0259nay\u0259 A\u011fayeva d\u00fcnyas\u0131n\u0131 d\u0259yi\u015fib (22 oktyabr 2015)\u201d.\n<\/p>\n<p>\n  \u201cL\u0259nk\u0259randa ana \u00f6ld\u00fc\n<\/p>\n<p>\n  C\u0259lilabad rayonu, Alar k\u0259nd sakini, 1986-c\u0131 il t\u0259v\u0259ll\u00fcdl\u00fc Nuriyeva R\u0259him\u0259 \u015eah\u0259li q\u0131z\u0131 \u00fcz\u0259rind\u0259 qeys\u0259riyy\u0259 \u0259m\u0259liyyat\u0131 apar\u0131l\u0131b. Lakin qad\u0131n \u0259m\u0259liyyatdan sa\u011f \u00e7\u0131xmay\u0131b. Bu, 29 ya\u015fl\u0131 qad\u0131n\u0131n 3-c\u00fc hamil\u0259liyi olub (4 fevral 2015)\u201d.\n<\/p>\n<p>\n  \u201cC\u0259lilabadda do\u011fu\u015f zaman\u0131 ana \u00f6ld\u00fc\n<\/p>\n<p>\n  C\u0259lilabad rayonunda ana do\u011fu\u015f zaman\u0131 d\u00fcnyas\u0131n\u0131 d\u0259yi\u015fib. Rayonun S\u0259tt\u0259rxan k\u00fc\u00e7\u0259sind\u0259 ya\u015fayan 33 ya\u015fl\u0131 Xan\u0131m Yusifova C\u0259lilabad Rayon M\u0259rk\u0259zi X\u0259st\u0259xanas\u0131nda qeys\u0259riyy\u0259 \u0259m\u0259liyyat\u0131 yolu il\u0259 o\u011flan u\u015fa\u011f\u0131 d\u00fcnyaya g\u0259tirib. Anan\u0131n s\u0259hh\u0259ti q\u0259fild\u0259n pisl\u0259\u015fib. X\u0259st\u0259nin v\u0259ziyy\u0259ti daha da a\u011f\u0131rla\u015fd\u0131\u011f\u0131ndan Respublika Kliniki X\u0259st\u0259xanas\u0131n\u0131n Reanimasiya \u015f\u00f6b\u0259sin\u0259 g\u00f6nd\u0259rilib. X.Yusifova orada d\u00fcnyas\u0131n\u0131 d\u0259yi\u015fib(2 dekabr 2015)\u201d.\n<\/p>\n<p>\n  \u201cAna do\u011fu\u015f zaman\u0131 \u00f6ld\u00fc &#8211; BAKIDA\n<\/p>\n<p>\n  Avqustun 7-d\u0259 Bak\u0131n\u0131n Qarada\u011f rayonundak\u0131 4 sayl\u0131 Do\u011fum Evind\u0259 do\u011fu\u015f zaman\u0131 ana \u00f6l\u00fcm\u00fc ba\u015f verib. Do\u011fum Evind\u0259n APA-ya veril\u0259n x\u0259b\u0259r\u0259 g\u00f6r\u0259, \u00f6l\u0259n qad\u0131n Qarada\u011f rayon sakini, 1993-c\u00fc il t\u0259v\u0259ll\u00fcdl\u00fc Al\u0131\u015fanova Mehriban \u0130lqar q\u0131z\u0131d\u0131r(7 avqust 2015)\u201d.\n<\/p>\n<p>\n  \u201cZaqatalada ana do\u011fu\u015f zaman\u0131 \u00f6ld\u00fc\n<\/p>\n<p>\n  Zaqatala Rayon M\u0259rk\u0259zi X\u0259st\u0259xanas\u0131n\u0131n Do\u011fum Evind\u0259 ba\u015f verib. Rayonun B\u0259hm\u0259dli k\u0259nd sakini Durmu\u015fova \u0130lah\u0259 N\u0259zir q\u0131z\u0131 qeys\u0259riyy\u0259 \u0259m\u0259liyyat\u0131 olunub, k\u00f6rp\u0259 g\u00f6t\u00fcr\u00fcl\u00fcb, ana is\u0259 narkozdan ay\u0131lmayaraq d\u00fcnyas\u0131n\u0131 d\u0259yi\u015fib(26 iyun 2014)\u201d.\n<\/p>\n<p>\n  \u201cDo\u011fu\u015f zaman\u0131 komaya d\u00fc\u015fm\u00fc\u015f ana \u00f6ld\u00fc\n<\/p>\n<p>\n  Ming\u0259\u00e7evir M\u0259rk\u0259zi X\u0259st\u0259xanas\u0131nda do\u011fu\u015f zaman\u0131 k\u00f6rp\u0259sini itir\u0259r\u0259k komaya d\u00fc\u015f\u0259n 1979-cu il t\u0259v\u0259ll\u00fcdl\u00fc Ocaqverdiyeva Esmira Yadulla q\u0131z\u0131 bu g\u00fcn v\u0259fat edib(9 yanvar 2014)\u201d.\n<\/p>\n<p>\n  \u201cQubada do\u011fu\u015f zaman\u0131 faci\u0259: Ana \u00f6ld\u00fc\n<\/p>\n<p>\n  Quba Regional Perinatal M\u0259rk\u0259zind\u0259 do\u011fu\u015f zaman\u0131 Qusar rayon sakini, 1978-ci il t\u0259v\u0259ll\u00fcdl\u00fc Aslanova Z\u0259rin\u015fah D\u0259mir q\u0131z\u0131 d\u00fcnyas\u0131n\u0131 d\u0259yi\u015fib(4 noyabr 2014)\u201d.\n<\/p>\n<p>\n  Son\n<\/p>\n<p>\n  Bu, ki\u00e7ik bir statistikad\u0131r, h\u0259r yay\u0131lan bel\u0259 x\u0259b\u0259rin do\u011fu\u015fa t\u0259siri qa\u00e7\u0131lmaz olmal\u0131d\u0131r. Bu x\u0259b\u0259rl\u0259r h\u0259m d\u0259 Az\u0259rbaycan s\u0259hiyy\u0259sinin bu g\u00fcn hans\u0131 durumda oldu\u011funu g\u00f6st\u0259rir. \u00dcst\u0259lik, tibbi s\u0131\u011fortan\u0131n olmamas\u0131, do\u011fum evl\u0259rin\u0259 g\u0259tiril\u0259n hamil\u0259 qad\u0131nlar\u0131n, onlar\u0131n ail\u0259l\u0259rinin so\u011fan kimi soyulmas\u0131 da do\u011fu\u015fu azaldan faktorlardand\u0131r. Hamil\u0259 qad\u0131nlar\u0131n he\u00e7 d\u0259 ham\u0131s\u0131 hamil\u0259lik boyu h\u0259kim n\u0259zar\u0259tind\u0259 olmur, yaxud h\u0259kim\u0259 getmir. Ail\u0259l\u0259rin \u00e7oxunun he\u00e7 olmasa ayda bir d\u0259f\u0259 analizl\u0259r verm\u0259k, yaxud hans\u0131sa aparatdan ke\u00e7m\u0259k imkan\u0131 yoxdur. Bu s\u0259b\u0259bd\u0259n q\u00fcsurlu, yaxud \u00f6l\u00fc do\u011fulan u\u015faqlar\u0131n da, ana \u00f6l\u00fcml\u0259rinin d\u0259 say\u0131 art\u0131r. Komit\u0259nin is\u0259 bu probleml\u0259rl\u0259 ba\u011fl\u0131 hans\u0131sa i\u015fi g\u00f6z\u0259 d\u0259ymir. Yuxar\u0131da sadalanan ana v\u0259 u\u015faq \u00f6l\u00fcml\u0259rinin m\u0259suliyy\u0259ti h\u0259m d\u0259 Komit\u0259nin boynundad\u0131r.\n<\/p>\n<p>\n  M\u0259s\u0259l\u0259n, 21 ya\u015f\u0131nda 3-c\u00fc d\u0259f\u0259 do\u011fan tovuzlu Lal\u0259 Abbasova \u00f6l\u0259nd\u0259 Komit\u0259 hans\u0131 add\u0131mlar\u0131 at\u0131b? Ax\u0131 sizin ist\u0259yiniz\u0259 uy\u011fun davran\u0131b, az ya\u015f\u0131nda 3 d\u0259f\u0259 ana olub; h\u0259yat\u0131 bahas\u0131na olsa bel\u0259&#8230;\n<\/p>\n<p>\n  Komit\u0259 \u0259m\u0259kda\u015flar\u0131, ola bilsin, i\u015f \u00e7oxlu\u011fundan siz izl\u0259mirsiniz, ancaq ba\u015fqalar\u0131 g\u00fcnd\u0259lik x\u0259b\u0259rl\u0259ri izl\u0259yir, o s\u0259b\u0259bd\u0259n qad\u0131nlar, karyerist olmayanlar bel\u0259, qabaqlar oldu\u011fu kimi, \u00e7ox yox, az do\u011fma\u011fa \u00fcst\u00fcnl\u00fck verir. \u00d6lk\u0259d\u0259 he\u00e7 d\u0259 ham\u0131n\u0131n xaricd\u0259 do\u011fmaq imkan\u0131 yoxdur. Bunu da bilirsiniz. Vaxt\u0131n\u0131z v\u0259 imkan\u0131n\u0131z olanda xaricd\u0259 do\u011fu\u015fla ba\u011fl\u0131 m\u00fchacir\u0259td\u0259ki yazar G\u00fcnel M\u00f6vludun \u201cNorve\u00e7d\u0259 ana olmaq\u201d yaz\u0131s\u0131n\u0131<br \/>\n  <a href=\"\/az\/article\/norvecde-ana-olmaq\/\" target=\"_blank\" rel=\"noopener\"><br \/>\n    oxuyun<br \/>\n  <\/a><br \/>\n  . Norve\u00e7 d\u0259 Az\u0259rbaycan kimi neft \u00f6lk\u0259sidir. O yaz\u0131n\u0131 oxusan\u0131z, iki neft \u00f6lk\u0259sind\u0259 insana, qad\u0131na, anaya m\u00fcnasib\u0259t bax\u0131m\u0131ndan m\u00fcqayis\u0259 apara bil\u0259rsiniz, vaxt\u0131n\u0131z v\u0259 h\u0259v\u0259siniz olsa.\n<\/p>\n<p>\n  Az\u0259rbaycanda do\u011fu\u015f qiym\u0259tl\u0259rini d\u0259 bilm\u0259mi\u015f olmazs\u0131n\u0131z. Klinikalar\u0131n qiym\u0259tl\u0259ri m\u00fcxt\u0259lifdir. \u018fm\u0259liyyats\u0131z do\u011fu\u015fa 500-1000 manat, \u0259m\u0259liyyatla is\u0259 1000-1500 manat g\u0259r\u0259kdir. X\u0259st\u0259 klinikada bir q\u0259d\u0259r \u00e7ox qalsa, x\u0259rcl\u0259r arta bil\u0259r. D\u00f6vl\u0259t x\u0259st\u0259xanalar\u0131ndasa x\u0259rcl\u0259r \u0259zabvericidir. H\u0259kiml\u0259r ayr\u0131, tibb bac\u0131lar\u0131 ayr\u0131, sanitarkalar ayr\u0131 pul al\u0131r; h\u0259m d\u0259 h\u0259r n\u00f6vb\u0259d\u0259 h\u0259r biri. \u00dcst\u0259lik, qap\u0131\u00e7\u0131-filan pulu da var.\n<\/p>\n<p>\n  Bel\u0259 bir ortamda siz do\u011fmaq ist\u0259y\u0259rdiniz?!<\/p>\n","protected":false},"excerpt":{"rendered":"<p>Dilin t\u0259hlili Komit\u0259 s\u0259drin\u0259 bunun s\u0259b\u0259bl\u0259rini tapmaqda k\u00f6m\u0259k ed\u0259c\u0259kmi?<\/p>\n","protected":false},"author":11,"featured_media":110990,"comment_status":"closed","ping_status":"open","sticky":false,"template":"","format":"standard","meta":{"_acf_changed":false,"_sitemap_exclude":false,"_sitemap_priority":"","_sitemap_frequency":"","footnotes":""},"categories":[51],"tags":[],"class_list":["post-192089","post","type-post","status-publish","format-standard","has-post-thumbnail","hentry","category-analitika","infinite-scroll-item","generate-columns","tablet-grid-50","mobile-grid-100","grid-parent","grid-33","no-featured-image-padding"],"acf":[],"yoast_head":"<!-- This site is optimized with the Yoast SEO plugin v27.4 - https:\/\/yoast.com\/product\/yoast-seo-wordpress\/ -->\n<title>Karyera qurmaq ist\u0259y\u0259n qad\u0131nlar niy\u0259 az do\u011fma\u011fa ba\u015flay\u0131b - MEYDAN.TV<\/title>\n<meta name=\"robots\" content=\"index, follow, max-snippet:-1, max-image-preview:large, max-video-preview:-1\" \/>\n<link rel=\"canonical\" href=\"https:\/\/www.meydan.tv\/az\/article\/karyera-qurmaq-isteyen-qadinlar-niye-az-dogmaga-baslayib\/\" \/>\n<meta property=\"og:locale\" content=\"az_AZ\" \/>\n<meta property=\"og:type\" content=\"article\" \/>\n<meta property=\"og:title\" content=\"Karyera qurmaq ist\u0259y\u0259n qad\u0131nlar niy\u0259 az do\u011fma\u011fa ba\u015flay\u0131b - MEYDAN.TV\" \/>\n<meta property=\"og:description\" content=\"Dilin t\u0259hlili Komit\u0259 s\u0259drin\u0259 bunun s\u0259b\u0259bl\u0259rini tapmaqda k\u00f6m\u0259k ed\u0259c\u0259kmi?\" \/>\n<meta property=\"og:url\" content=\"https:\/\/www.meydan.tv\/az\/article\/karyera-qurmaq-isteyen-qadinlar-niye-az-dogmaga-baslayib\/\" \/>\n<meta property=\"og:site_name\" content=\"MEYDAN.TV\" \/>\n<meta property=\"article:published_time\" content=\"2018-10-12T21:17:03+00:00\" \/>\n<meta property=\"og:image\" content=\"https:\/\/www.meydan.tv\/wp-content\/uploads\/44167.jpg\" \/>\n\t<meta property=\"og:image:width\" content=\"1200\" \/>\n\t<meta property=\"og:image:height\" content=\"800\" \/>\n\t<meta property=\"og:image:type\" content=\"image\/jpeg\" \/>\n<meta name=\"author\" content=\"user-manager\" \/>\n<meta name=\"twitter:card\" content=\"summary_large_image\" \/>\n<script type=\"application\/ld+json\" class=\"yoast-schema-graph\">{\"@context\":\"https:\\\/\\\/schema.org\",\"@graph\":[{\"@type\":\"Article\",\"@id\":\"https:\\\/\\\/www.meydan.tv\\\/az\\\/article\\\/karyera-qurmaq-isteyen-qadinlar-niye-az-dogmaga-baslayib\\\/#article\",\"isPartOf\":{\"@id\":\"https:\\\/\\\/www.meydan.tv\\\/az\\\/article\\\/karyera-qurmaq-isteyen-qadinlar-niye-az-dogmaga-baslayib\\\/\"},\"author\":{\"name\":\"user-manager\",\"@id\":\"https:\\\/\\\/www.meydan.tv\\\/az\\\/#\\\/schema\\\/person\\\/10d11eccf6da3662cf5fdab9806ea91a\"},\"headline\":\"Karyera qurmaq ist\u0259y\u0259n qad\u0131nlar niy\u0259 az do\u011fma\u011fa ba\u015flay\u0131b\",\"datePublished\":\"2018-10-12T21:17:03+00:00\",\"mainEntityOfPage\":{\"@id\":\"https:\\\/\\\/www.meydan.tv\\\/az\\\/article\\\/karyera-qurmaq-isteyen-qadinlar-niye-az-dogmaga-baslayib\\\/\"},\"wordCount\":2573,\"publisher\":{\"@id\":\"https:\\\/\\\/www.meydan.tv\\\/az\\\/#organization\"},\"image\":{\"@id\":\"https:\\\/\\\/www.meydan.tv\\\/az\\\/article\\\/karyera-qurmaq-isteyen-qadinlar-niye-az-dogmaga-baslayib\\\/#primaryimage\"},\"thumbnailUrl\":\"https:\\\/\\\/www.meydan.tv\\\/wp-content\\\/uploads\\\/44167.jpg\",\"articleSection\":[\"Analitika\"],\"inLanguage\":\"az\"},{\"@type\":\"WebPage\",\"@id\":\"https:\\\/\\\/www.meydan.tv\\\/az\\\/article\\\/karyera-qurmaq-isteyen-qadinlar-niye-az-dogmaga-baslayib\\\/\",\"url\":\"https:\\\/\\\/www.meydan.tv\\\/az\\\/article\\\/karyera-qurmaq-isteyen-qadinlar-niye-az-dogmaga-baslayib\\\/\",\"name\":\"Karyera qurmaq ist\u0259y\u0259n qad\u0131nlar niy\u0259 az do\u011fma\u011fa ba\u015flay\u0131b - MEYDAN.TV\",\"isPartOf\":{\"@id\":\"https:\\\/\\\/www.meydan.tv\\\/az\\\/#website\"},\"primaryImageOfPage\":{\"@id\":\"https:\\\/\\\/www.meydan.tv\\\/az\\\/article\\\/karyera-qurmaq-isteyen-qadinlar-niye-az-dogmaga-baslayib\\\/#primaryimage\"},\"image\":{\"@id\":\"https:\\\/\\\/www.meydan.tv\\\/az\\\/article\\\/karyera-qurmaq-isteyen-qadinlar-niye-az-dogmaga-baslayib\\\/#primaryimage\"},\"thumbnailUrl\":\"https:\\\/\\\/www.meydan.tv\\\/wp-content\\\/uploads\\\/44167.jpg\",\"datePublished\":\"2018-10-12T21:17:03+00:00\",\"breadcrumb\":{\"@id\":\"https:\\\/\\\/www.meydan.tv\\\/az\\\/article\\\/karyera-qurmaq-isteyen-qadinlar-niye-az-dogmaga-baslayib\\\/#breadcrumb\"},\"inLanguage\":\"az\",\"potentialAction\":[{\"@type\":\"ReadAction\",\"target\":[\"https:\\\/\\\/www.meydan.tv\\\/az\\\/article\\\/karyera-qurmaq-isteyen-qadinlar-niye-az-dogmaga-baslayib\\\/\"]}]},{\"@type\":\"ImageObject\",\"inLanguage\":\"az\",\"@id\":\"https:\\\/\\\/www.meydan.tv\\\/az\\\/article\\\/karyera-qurmaq-isteyen-qadinlar-niye-az-dogmaga-baslayib\\\/#primaryimage\",\"url\":\"https:\\\/\\\/www.meydan.tv\\\/wp-content\\\/uploads\\\/44167.jpg\",\"contentUrl\":\"https:\\\/\\\/www.meydan.tv\\\/wp-content\\\/uploads\\\/44167.jpg\",\"width\":1200,\"height\":800,\"caption\":\"Source:\"},{\"@type\":\"BreadcrumbList\",\"@id\":\"https:\\\/\\\/www.meydan.tv\\\/az\\\/article\\\/karyera-qurmaq-isteyen-qadinlar-niye-az-dogmaga-baslayib\\\/#breadcrumb\",\"itemListElement\":[{\"@type\":\"ListItem\",\"position\":1,\"name\":\"Ana s\u0259hif\u0259\",\"item\":\"https:\\\/\\\/www.meydan.tv\\\/az\\\/\"},{\"@type\":\"ListItem\",\"position\":2,\"name\":\"Analitika\",\"item\":\"https:\\\/\\\/www.meydan.tv\\\/az\\\/section\\\/analitika\\\/\"},{\"@type\":\"ListItem\",\"position\":3,\"name\":\"Karyera qurmaq ist\u0259y\u0259n qad\u0131nlar niy\u0259 az do\u011fma\u011fa ba\u015flay\u0131b\"}]},{\"@type\":\"WebSite\",\"@id\":\"https:\\\/\\\/www.meydan.tv\\\/az\\\/#website\",\"url\":\"https:\\\/\\\/www.meydan.tv\\\/az\\\/\",\"name\":\"MEYDAN.TV\",\"description\":\"Meydan TV Az\u0259rbaycan\u0131n media m\u0259kan\u0131ndak\u0131 alternativ s\u0259sidir\",\"publisher\":{\"@id\":\"https:\\\/\\\/www.meydan.tv\\\/az\\\/#organization\"},\"potentialAction\":[{\"@type\":\"SearchAction\",\"target\":{\"@type\":\"EntryPoint\",\"urlTemplate\":\"https:\\\/\\\/www.meydan.tv\\\/az\\\/?s={search_term_string}\"},\"query-input\":{\"@type\":\"PropertyValueSpecification\",\"valueRequired\":true,\"valueName\":\"search_term_string\"}}],\"inLanguage\":\"az\"},{\"@type\":\"Organization\",\"@id\":\"https:\\\/\\\/www.meydan.tv\\\/az\\\/#organization\",\"name\":\"Meydan TV\",\"url\":\"https:\\\/\\\/www.meydan.tv\\\/az\\\/\",\"logo\":{\"@type\":\"ImageObject\",\"inLanguage\":\"az\",\"@id\":\"https:\\\/\\\/www.meydan.tv\\\/az\\\/#\\\/schema\\\/logo\\\/image\\\/\",\"url\":\"https:\\\/\\\/www.meydan.tv\\\/wp-content\\\/uploads\\\/2021\\\/07\\\/meydan-logo.svg\",\"contentUrl\":\"https:\\\/\\\/www.meydan.tv\\\/wp-content\\\/uploads\\\/2021\\\/07\\\/meydan-logo.svg\",\"width\":195,\"height\":46,\"caption\":\"Meydan TV\"},\"image\":{\"@id\":\"https:\\\/\\\/www.meydan.tv\\\/az\\\/#\\\/schema\\\/logo\\\/image\\\/\"}},{\"@type\":\"Person\",\"@id\":\"https:\\\/\\\/www.meydan.tv\\\/az\\\/#\\\/schema\\\/person\\\/10d11eccf6da3662cf5fdab9806ea91a\",\"name\":\"user-manager\"}]}<\/script>\n<!-- \/ Yoast SEO plugin. -->","yoast_head_json":{"title":"Karyera qurmaq ist\u0259y\u0259n qad\u0131nlar niy\u0259 az do\u011fma\u011fa ba\u015flay\u0131b - MEYDAN.TV","robots":{"index":"index","follow":"follow","max-snippet":"max-snippet:-1","max-image-preview":"max-image-preview:large","max-video-preview":"max-video-preview:-1"},"canonical":"https:\/\/www.meydan.tv\/az\/article\/karyera-qurmaq-isteyen-qadinlar-niye-az-dogmaga-baslayib\/","og_locale":"az_AZ","og_type":"article","og_title":"Karyera qurmaq ist\u0259y\u0259n qad\u0131nlar niy\u0259 az do\u011fma\u011fa ba\u015flay\u0131b - MEYDAN.TV","og_description":"Dilin t\u0259hlili Komit\u0259 s\u0259drin\u0259 bunun s\u0259b\u0259bl\u0259rini tapmaqda k\u00f6m\u0259k ed\u0259c\u0259kmi?","og_url":"https:\/\/www.meydan.tv\/az\/article\/karyera-qurmaq-isteyen-qadinlar-niye-az-dogmaga-baslayib\/","og_site_name":"MEYDAN.TV","article_published_time":"2018-10-12T21:17:03+00:00","og_image":[{"width":1200,"height":800,"url":"https:\/\/www.meydan.tv\/wp-content\/uploads\/44167.jpg","type":"image\/jpeg"}],"author":"user-manager","twitter_card":"summary_large_image","schema":{"@context":"https:\/\/schema.org","@graph":[{"@type":"Article","@id":"https:\/\/www.meydan.tv\/az\/article\/karyera-qurmaq-isteyen-qadinlar-niye-az-dogmaga-baslayib\/#article","isPartOf":{"@id":"https:\/\/www.meydan.tv\/az\/article\/karyera-qurmaq-isteyen-qadinlar-niye-az-dogmaga-baslayib\/"},"author":{"name":"user-manager","@id":"https:\/\/www.meydan.tv\/az\/#\/schema\/person\/10d11eccf6da3662cf5fdab9806ea91a"},"headline":"Karyera qurmaq ist\u0259y\u0259n qad\u0131nlar niy\u0259 az do\u011fma\u011fa ba\u015flay\u0131b","datePublished":"2018-10-12T21:17:03+00:00","mainEntityOfPage":{"@id":"https:\/\/www.meydan.tv\/az\/article\/karyera-qurmaq-isteyen-qadinlar-niye-az-dogmaga-baslayib\/"},"wordCount":2573,"publisher":{"@id":"https:\/\/www.meydan.tv\/az\/#organization"},"image":{"@id":"https:\/\/www.meydan.tv\/az\/article\/karyera-qurmaq-isteyen-qadinlar-niye-az-dogmaga-baslayib\/#primaryimage"},"thumbnailUrl":"https:\/\/www.meydan.tv\/wp-content\/uploads\/44167.jpg","articleSection":["Analitika"],"inLanguage":"az"},{"@type":"WebPage","@id":"https:\/\/www.meydan.tv\/az\/article\/karyera-qurmaq-isteyen-qadinlar-niye-az-dogmaga-baslayib\/","url":"https:\/\/www.meydan.tv\/az\/article\/karyera-qurmaq-isteyen-qadinlar-niye-az-dogmaga-baslayib\/","name":"Karyera qurmaq ist\u0259y\u0259n qad\u0131nlar niy\u0259 az do\u011fma\u011fa ba\u015flay\u0131b - MEYDAN.TV","isPartOf":{"@id":"https:\/\/www.meydan.tv\/az\/#website"},"primaryImageOfPage":{"@id":"https:\/\/www.meydan.tv\/az\/article\/karyera-qurmaq-isteyen-qadinlar-niye-az-dogmaga-baslayib\/#primaryimage"},"image":{"@id":"https:\/\/www.meydan.tv\/az\/article\/karyera-qurmaq-isteyen-qadinlar-niye-az-dogmaga-baslayib\/#primaryimage"},"thumbnailUrl":"https:\/\/www.meydan.tv\/wp-content\/uploads\/44167.jpg","datePublished":"2018-10-12T21:17:03+00:00","breadcrumb":{"@id":"https:\/\/www.meydan.tv\/az\/article\/karyera-qurmaq-isteyen-qadinlar-niye-az-dogmaga-baslayib\/#breadcrumb"},"inLanguage":"az","potentialAction":[{"@type":"ReadAction","target":["https:\/\/www.meydan.tv\/az\/article\/karyera-qurmaq-isteyen-qadinlar-niye-az-dogmaga-baslayib\/"]}]},{"@type":"ImageObject","inLanguage":"az","@id":"https:\/\/www.meydan.tv\/az\/article\/karyera-qurmaq-isteyen-qadinlar-niye-az-dogmaga-baslayib\/#primaryimage","url":"https:\/\/www.meydan.tv\/wp-content\/uploads\/44167.jpg","contentUrl":"https:\/\/www.meydan.tv\/wp-content\/uploads\/44167.jpg","width":1200,"height":800,"caption":"Source:"},{"@type":"BreadcrumbList","@id":"https:\/\/www.meydan.tv\/az\/article\/karyera-qurmaq-isteyen-qadinlar-niye-az-dogmaga-baslayib\/#breadcrumb","itemListElement":[{"@type":"ListItem","position":1,"name":"Ana s\u0259hif\u0259","item":"https:\/\/www.meydan.tv\/az\/"},{"@type":"ListItem","position":2,"name":"Analitika","item":"https:\/\/www.meydan.tv\/az\/section\/analitika\/"},{"@type":"ListItem","position":3,"name":"Karyera qurmaq ist\u0259y\u0259n qad\u0131nlar niy\u0259 az do\u011fma\u011fa ba\u015flay\u0131b"}]},{"@type":"WebSite","@id":"https:\/\/www.meydan.tv\/az\/#website","url":"https:\/\/www.meydan.tv\/az\/","name":"MEYDAN.TV","description":"Meydan TV Az\u0259rbaycan\u0131n media m\u0259kan\u0131ndak\u0131 alternativ s\u0259sidir","publisher":{"@id":"https:\/\/www.meydan.tv\/az\/#organization"},"potentialAction":[{"@type":"SearchAction","target":{"@type":"EntryPoint","urlTemplate":"https:\/\/www.meydan.tv\/az\/?s={search_term_string}"},"query-input":{"@type":"PropertyValueSpecification","valueRequired":true,"valueName":"search_term_string"}}],"inLanguage":"az"},{"@type":"Organization","@id":"https:\/\/www.meydan.tv\/az\/#organization","name":"Meydan TV","url":"https:\/\/www.meydan.tv\/az\/","logo":{"@type":"ImageObject","inLanguage":"az","@id":"https:\/\/www.meydan.tv\/az\/#\/schema\/logo\/image\/","url":"https:\/\/www.meydan.tv\/wp-content\/uploads\/2021\/07\/meydan-logo.svg","contentUrl":"https:\/\/www.meydan.tv\/wp-content\/uploads\/2021\/07\/meydan-logo.svg","width":195,"height":46,"caption":"Meydan TV"},"image":{"@id":"https:\/\/www.meydan.tv\/az\/#\/schema\/logo\/image\/"}},{"@type":"Person","@id":"https:\/\/www.meydan.tv\/az\/#\/schema\/person\/10d11eccf6da3662cf5fdab9806ea91a","name":"user-manager"}]}},"_links":{"self":[{"href":"https:\/\/www.meydan.tv\/az\/wp-json\/wp\/v2\/posts\/192089","targetHints":{"allow":["GET"]}}],"collection":[{"href":"https:\/\/www.meydan.tv\/az\/wp-json\/wp\/v2\/posts"}],"about":[{"href":"https:\/\/www.meydan.tv\/az\/wp-json\/wp\/v2\/types\/post"}],"author":[{"embeddable":true,"href":"https:\/\/www.meydan.tv\/az\/wp-json\/wp\/v2\/users\/11"}],"replies":[{"embeddable":true,"href":"https:\/\/www.meydan.tv\/az\/wp-json\/wp\/v2\/comments?post=192089"}],"version-history":[{"count":0,"href":"https:\/\/www.meydan.tv\/az\/wp-json\/wp\/v2\/posts\/192089\/revisions"}],"wp:featuredmedia":[{"embeddable":true,"href":"https:\/\/www.meydan.tv\/az\/wp-json\/wp\/v2\/media\/110990"}],"wp:attachment":[{"href":"https:\/\/www.meydan.tv\/az\/wp-json\/wp\/v2\/media?parent=192089"}],"wp:term":[{"taxonomy":"category","embeddable":true,"href":"https:\/\/www.meydan.tv\/az\/wp-json\/wp\/v2\/categories?post=192089"},{"taxonomy":"post_tag","embeddable":true,"href":"https:\/\/www.meydan.tv\/az\/wp-json\/wp\/v2\/tags?post=192089"}],"curies":[{"name":"wp","href":"https:\/\/api.w.org\/{rel}","templated":true}]}}