{"id":192088,"date":"2018-10-12T21:09:14","date_gmt":"2018-10-12T21:09:14","guid":{"rendered":"https:\/\/www.meydan.tv\/article\/telesmeyen-yerimiz-yoxdur\/"},"modified":"2018-10-12T21:09:14","modified_gmt":"2018-10-12T21:09:14","slug":"telesmeyen-yerimiz-yoxdur","status":"publish","type":"post","link":"https:\/\/www.meydan.tv\/az\/article\/telesmeyen-yerimiz-yoxdur\/","title":{"rendered":"T\u0259l\u0259sm\u0259y\u0259n yerimiz yoxdur"},"content":{"rendered":"<figure class=\"wp-block-image size-large\">\n  <img decoding=\"async\" src=\"https:\/\/www.meydan.tv\/az\/zaur-qurbanli-ve-erkin-qedirli\/\" alt=\"Zaur Qurbanl\u0131 v\u0259 Erkin Q\u0259dirli\" class=\"wp-image-110993\"\/><figcaption>\n    Zaur Qurbanl\u0131 v\u0259 Erkin Q\u0259dirli<br \/>\n  <\/figcaption><\/figure>\n<p>\n  Erkin Q\u0259dirli fikirl\u0259\u015finc\u0259, d\u0259li vurub, \u00e7ay\u0131 ke\u00e7\u0259c\u0259k. D\u0259li kim olacaq &#8211; dindarlar, yoxsa Rusiyan\u0131n 5-ci kolonu (ya da 6-c\u0131, \u00e7\u00fcnki hakimiyy\u0259td\u0259 el\u0259 be\u015fincil\u0259rdir), yoxsa ba\u015fqa ziyanl\u0131 bir qrup, ya da sekulyar inqilab\u00e7\u0131lar? Bilinmir. Amma siyasi d\u0259yi\u015fiklikl\u0259r yaln\u0131z \u0130ngilt\u0259r\u0259d\u0259 t\u0259drici olur (orda da bir d\u0259f\u0259 inqilab olub), h\u0259r yerd\u0259 bu, q\u0259fil v\u0259 \u00e7evrili\u015fl\u0259rl\u0259 ba\u015f verir.\n<\/p>\n<p>\n  \u0130dar\u0259etm\u0259 bacar\u0131\u011f\u0131 v\u0259 vicdan\u0131 olan xeyli ukraynal\u0131 var, amma s\u0259sverm\u0259 demokratiyas\u0131 olan Ukrayna korrupsiyadan v\u0259 pis idar\u0259\u00e7ilikd\u0259n can qurtara bilmir. Misiri d\u0259 v\u0259ziyy\u0259td\u0259n \u00e7\u0131xara bil\u0259n misirlil\u0259r vard\u0131 y\u0259qin. Amma se\u00e7icil\u0259r s\u0259l\u0259fil\u0259ri, g\u00fccl\u00fcl\u0259r is\u0259 diktatoru se\u00e7dil\u0259r.\n<\/p>\n<p>\n  Sual o deyil ki, siz hakimiyy\u0259t\u0259 g\u0259ls\u0259niz, nec\u0259 idar\u0259 ed\u0259c\u0259ksiniz. Sual budur ki, d\u0259yi\u015fiklikd\u0259n sonra sizin indid\u0259n haz\u0131rla\u015fd\u0131\u011f\u0131n\u0131z hakimiyy\u0259ti siz\u0259 ver\u0259n olacaqm\u0131? T\u0259l\u0259s\u0259n yerimiz ona g\u00f6r\u0259 var ki, qapal\u0131 rejim h\u0259r \u015feyi qapay\u0131r v\u0259 biz g\u00f6rm\u00fcr\u00fck, radikal, ekstremist, ziyanl\u0131, satq\u0131n v\u0259 ya dig\u0259r epitetl\u0259r alt\u0131na layiqinc\u0259 gir\u0259 bil\u0259n qruplar, zehinl\u0259r indi n\u0259 i\u015fl\u0259 m\u0259\u015f\u011fuldurlar, q\u0259fil d\u0259yi\u015fiklik olanda n\u0259 i\u015fl\u0259 m\u0259\u015f\u011ful olacaqlar. Misirli t\u0259l\u0259b\u0259 yolda\u015f\u0131m dan\u0131\u015f\u0131rd\u0131 ki, \u201cMisird\u0259 s\u0259l\u0259fil\u0259rin se\u00e7ilm\u0259sin\u0259 he\u00e7 birimiz inanm\u0131rd\u0131q. \u00c7\u00fcnki Misirin 99%-i sufil\u0259rdir. Sufil\u0259r radikallara s\u0259s verm\u0259zl\u0259r dey\u0259 d\u00fc\u015f\u00fcn\u00fcrd\u00fck. Amma s\u0259l\u0259fi \u201cM\u00fcs\u0259lman Qarda\u015flar\u201d se\u00e7ildil\u0259r, h\u0259qiq\u0259t\u0259n se\u00e7ildil\u0259r. Biz anlamad\u0131q, niy\u0259 bel\u0259 oldu\u201d. Sonda \u0259lav\u0259 etdi: \u201cSizd\u0259 n\u0259 vaxtsa se\u00e7ki olanda n\u0259tic\u0259sind\u0259n \u015foka d\u00fc\u015f\u0259c\u0259ksiniz\u201d.\n<\/p>\n<p>\n  H\u0259r ke\u00e7\u0259n g\u00fcn bizi idar\u0259etm\u0259 qabiliyy\u0259timizd\u0259n bir az da uzaqla\u015fd\u0131r\u0131r. SSR\u0130 1950-d\u0259 da\u011f\u0131lsa idi, sa\u011f qalm\u0131\u015f c\u00fcmhuriyy\u0259t\u00e7il\u0259r El\u00e7ib\u0259y hakimiyy\u0259tind\u0259n qat-qat daha u\u011furlu sistem qurard\u0131lar. Amma 1992-d\u0259 onlar art\u0131q yox idil\u0259r v\u0259 biz idar\u0259etm\u0259 bacar\u0131qlar\u0131m\u0131z\u0131 itirmi\u015fdik. 1992-d\u0259 biz u\u011fursuz hakimiyy\u0259t qurduq, \u00e7\u00fcnki bacarm\u0131rd\u0131q. Uzun zaman ke\u00e7mi\u015fdi. \u0130ndi El\u00e7ib\u0259yin K\u0259l\u0259kiy\u0259 getm\u0259sini h\u0259r xat\u0131rlayanda ya \u015fok ke\u00e7iririk, ya da bizi \u201cbir gic g\u00fclm\u0259k tutur\u201d.\n<\/p>\n<p>\n  Niy\u0259 bel\u0259 oldu? El\u00e7ib\u0259y 70-ci ill\u0259rd\u0259 t\u0259bli\u011fat apar\u0131rd\u0131. B\u0259lk\u0259 o da onda fikirl\u0259\u015firdi ki, t\u0259l\u0259s\u0259n yerimiz yoxdur. Zaman g\u00f6st\u0259rdi ki, var imi\u015f. T\u0259l\u0259sm\u0259di v\u0259 Az\u0259rbaycan olan-qalan potensial\u0131n\u0131 da itirib, 1992-d\u0259 komsomoldan-mamsamoldan yeni demokratik h\u00f6kum\u0259t d\u00fcz\u0259ltdi (t\u0259l\u0259ss\u0259, n\u0259 olacaqd\u0131, bu, ba\u015fqa s\u00f6hb\u0259tin m\u00f6vzusudur, amma t\u0259l\u0259s\u0259n yerl\u0259ri var idi \u2013 buras\u0131 ayd\u0131nd\u0131r). Niy\u0259 Pa\u015finyan hakimiyy\u0259t\u0259 g\u0259l\u0259nd\u0259n yar\u0131m il sonra yeni parlament se\u00e7kisi t\u0259yin etdi, amma bizim milli demokratik h\u00f6kum\u0259timiz bunu 1 il \u0259rzind\u0259 etm\u0259di? \u00c7\u00fcnki biz art\u0131q t\u0259l\u0259sm\u0259y\u0259-t\u0259l\u0259sm\u0259y\u0259 idar\u0259etm\u0259 qabiliyy\u0259timizi itirmi\u015fdik, n\u0259sild\u0259n-n\u0259sl\u0259 ke\u00e7ir\u0259 bil\u0259c\u0259yimiz d\u00fcz-\u0259m\u0259lli qabiliyy\u0259t d\u0259 yox idi \u0259slind\u0259, amma olanlar da 70 il \u0259rzind\u0259 \u0259l\u0259y\u0259-\u0259l\u0259y\u0259 gedib, sonda n\u0259inki xalq\u0131n s\u0259sini ald\u0131\u011f\u0131 hakimiyy\u0259tini qoruma\u011f\u0131, he\u00e7 istefa verm\u0259yi d\u0259 bacarmayan bir iqtidar qurduq, bir az b\u0259rk\u0259 d\u00fc\u015f\u0259n kimi qa\u00e7d\u0131 k\u0259ndin\u0259. \u201cK\u0259l\u0259ki\u201d siyasi termin, fenomen olaraq, y\u0259qin ki, yaln\u0131z Az\u0259rbaycanda m\u00f6vcuddur. T\u0259l\u0259sm\u0259m\u0259yin ax\u0131r\u0131 budur.\n<\/p>\n<p>\n  Erkin m\u00fc\u0259llimin u\u011furlu t\u0259rc\u00fcm\u0259sind\u0259 e\u015fitdiyim m\u0259s\u0259ld\u0259 deyildiyi kimi, &#8220;Hakimiyy\u0259t korlay\u0131r, m\u00fctl\u0259q hakimiyy\u0259t m\u00fctl\u0259q korlay\u0131r&#8221;. 1993-d\u0259n b\u0259ri 25 il \u0259rzind\u0259 korlana-korlana getdik. \u00c7\u00fcnki son dekadam\u0131zda he\u00e7 imitasiya da olmad\u0131 ki, bundan istifad\u0259 edib, qabiliyy\u0259timizi art\u0131ra bil\u0259k. M\u0259s\u0259l\u0259n, m\u00fcst\u0259qil QHT-l\u0259rin Q\u0259rb\u0259 g\u00f6st\u0259rm\u0259k \u00fc\u00e7\u00fcn saxlan\u0131lmas\u0131, v\u0259t\u0259nda\u015f c\u0259miyy\u0259tinin tam bo\u011fulmamas\u0131 biz\u0259 hans\u0131sa qabiliyy\u0259tl\u0259ri saxlama\u011fa, yenil\u0259rini \u00f6yr\u0259nm\u0259y\u0259, \u00f6yr\u0259tm\u0259y\u0259 imkan verirdi (Erm\u0259nistanda bel\u0259 olub).\n<\/p>\n<p>\n  \u0130ndi d\u0259 \u00fcz\u00fca\u015fa\u011f\u0131 davam edirik. Dib\u0259 gedirik, amma kims\u0259 deyir ki, t\u0259l\u0259sm\u0259y\u0259k. Dibi vuranlar\u0131n ax\u0131r\u0131 n\u0259 olur, \u00f6yr\u0259nm\u0259k \u00fc\u00e7\u00fcn T\u00fcrkm\u0259nistana, \u00d6zb\u0259kistana baxmaq laz\u0131md\u0131r. B\u0259z\u0259n biz\u0259 el\u0259 g\u0259lir ki, hans\u0131sa bir qeyri-adi q\u00fcvv\u0259, xalq\u0131n \u0259srl\u0259r boyu \u00e7\u0259kmi\u015f oldu\u011fu \u0259zablar\u0131n qisas\u0131n\u0131n saxland\u0131\u011f\u0131 gizli, ilahi batareya var, n\u0259 vaxtsa bu enerji qeyr\u0259t\u0259 g\u0259lib, pis adamlar\u0131n hakimiyy\u0259tini devir\u0259c\u0259k, xalqa layiq oldu\u011funu ver\u0259c\u0259k. Bunlar u\u015faq inanclar\u0131d\u0131r, \u0259fsan\u0259l\u0259rdir, bel\u0259 \u015fey olmur. H\u0259r xalq xilas olmur. Venesuela, \u00d6zb\u0259kistan, T\u00fcrkm\u0259nistan, Myanma, Saxaraalt\u0131 Afrika kimi onlarla d\u00f6vl\u0259t, xalq m\u0259hv olur, y\u00fcz ill\u0259rdir, xilas ola bilmir, \u0259ziyy\u0259tl\u0259ri, z\u00fclml\u0259ri h\u0259d\u0259r olub-gedir. Bir d\u0259f\u0259 bizim siyasi liderl\u0259rd\u0259n biri demi\u015fdi ki, siyasi m\u0259hbuslar\u0131m\u0131z\u0131n say\u0131 bizi \u00d6zb\u0259kistan olma\u011fa qoymad\u0131. Qarda\u015f, bu s\u00f6z deyil\u0259nd\u0259 \u00d6zb\u0259kistanda 10000-40000 aras\u0131 siyasi m\u0259hbus var idi. Dibi vurmu\u015f \u00f6lk\u0259dir. \u00d6zb\u0259kistan\u0131n t\u0259l\u0259sm\u0259y\u0259n m\u00fcxalif\u0259t liderl\u0259ri 20 ild\u0259n \u00e7ox h\u0259bsd\u0259 qalandan sonra getdil\u0259r ya xaric\u0259, ya da \u00f6lm\u0259y\u0259. \u00d6lk\u0259 qald\u0131 \u0130slam K\u0259rimovun ba\u015fk\u0259s\u0259ninin \u0259lind\u0259. \u0130ndi onun el\u0259diyi yum\u015faql\u0131\u011fa islahat ad\u0131 qoyub, \u00fcmid edirl\u0259r.\n<\/p>\n<p>\n  T\u0259l\u0259sm\u0259yin, onsuz da t\u0259l\u0259sm\u0259yin m\u00fcmk\u00fcn olmamas\u0131na az qal\u0131b.\n<\/p>\n<p>\n  <i><br \/>\n    <b><br \/>\n      Yaz\u0131 m\u00fc\u0259llifin fikirl\u0259rini \u0259ks etdirir v\u0259 Meydan TV-nin m\u00f6vqeyi il\u0259 \u00fcst-\u00fcst\u0259 d\u00fc\u015fm\u0259y\u0259 bil\u0259r.<br \/>\n    <\/b><br \/>\n  <\/i>\n<\/p><\/p>\n","protected":false},"excerpt":{"rendered":"<p>Erkin Q\u0259dirli fikirl\u0259\u015finc\u0259, d\u0259li vurub, \u00e7ay\u0131 ke\u00e7\u0259c\u0259k<\/p>\n","protected":false},"author":11,"featured_media":110993,"comment_status":"closed","ping_status":"open","sticky":false,"template":"","format":"standard","meta":{"_acf_changed":false,"_sitemap_exclude":false,"_sitemap_priority":"","_sitemap_frequency":"","footnotes":""},"categories":[57],"tags":[],"class_list":["post-192088","post","type-post","status-publish","format-standard","has-post-thumbnail","hentry","category-menim-fikrimce","infinite-scroll-item","generate-columns","tablet-grid-50","mobile-grid-100","grid-parent","grid-33","no-featured-image-padding"],"acf":[],"yoast_head":"<!-- This site is optimized with the Yoast SEO plugin v27.4 - https:\/\/yoast.com\/product\/yoast-seo-wordpress\/ -->\n<title>T\u0259l\u0259sm\u0259y\u0259n yerimiz yoxdur - MEYDAN.TV<\/title>\n<meta name=\"robots\" content=\"index, follow, max-snippet:-1, max-image-preview:large, max-video-preview:-1\" \/>\n<link rel=\"canonical\" href=\"https:\/\/www.meydan.tv\/az\/article\/telesmeyen-yerimiz-yoxdur\/\" \/>\n<meta property=\"og:locale\" content=\"az_AZ\" \/>\n<meta property=\"og:type\" content=\"article\" \/>\n<meta property=\"og:title\" content=\"T\u0259l\u0259sm\u0259y\u0259n yerimiz yoxdur - MEYDAN.TV\" \/>\n<meta property=\"og:description\" content=\"Erkin Q\u0259dirli fikirl\u0259\u015finc\u0259, d\u0259li vurub, \u00e7ay\u0131 ke\u00e7\u0259c\u0259k\" \/>\n<meta property=\"og:url\" content=\"https:\/\/www.meydan.tv\/az\/article\/telesmeyen-yerimiz-yoxdur\/\" \/>\n<meta property=\"og:site_name\" content=\"MEYDAN.TV\" \/>\n<meta property=\"article:published_time\" content=\"2018-10-12T21:09:14+00:00\" \/>\n<meta property=\"og:image\" content=\"https:\/\/www.meydan.tv\/wp-content\/uploads\/44166.jpg\" \/>\n\t<meta property=\"og:image:width\" content=\"810\" \/>\n\t<meta property=\"og:image:height\" content=\"450\" \/>\n\t<meta property=\"og:image:type\" content=\"image\/jpeg\" \/>\n<meta name=\"author\" content=\"user-manager\" \/>\n<meta name=\"twitter:card\" content=\"summary_large_image\" \/>\n<script type=\"application\/ld+json\" class=\"yoast-schema-graph\">{\"@context\":\"https:\\\/\\\/schema.org\",\"@graph\":[{\"@type\":\"Article\",\"@id\":\"https:\\\/\\\/www.meydan.tv\\\/az\\\/article\\\/telesmeyen-yerimiz-yoxdur\\\/#article\",\"isPartOf\":{\"@id\":\"https:\\\/\\\/www.meydan.tv\\\/az\\\/article\\\/telesmeyen-yerimiz-yoxdur\\\/\"},\"author\":{\"name\":\"user-manager\",\"@id\":\"https:\\\/\\\/www.meydan.tv\\\/az\\\/#\\\/schema\\\/person\\\/10d11eccf6da3662cf5fdab9806ea91a\"},\"headline\":\"T\u0259l\u0259sm\u0259y\u0259n yerimiz yoxdur\",\"datePublished\":\"2018-10-12T21:09:14+00:00\",\"mainEntityOfPage\":{\"@id\":\"https:\\\/\\\/www.meydan.tv\\\/az\\\/article\\\/telesmeyen-yerimiz-yoxdur\\\/\"},\"wordCount\":1031,\"publisher\":{\"@id\":\"https:\\\/\\\/www.meydan.tv\\\/az\\\/#organization\"},\"image\":{\"@id\":\"https:\\\/\\\/www.meydan.tv\\\/az\\\/article\\\/telesmeyen-yerimiz-yoxdur\\\/#primaryimage\"},\"thumbnailUrl\":\"https:\\\/\\\/www.meydan.tv\\\/wp-content\\\/uploads\\\/44166.jpg\",\"articleSection\":[\"M\u0259nim Fikrimc\u0259\"],\"inLanguage\":\"az\"},{\"@type\":\"WebPage\",\"@id\":\"https:\\\/\\\/www.meydan.tv\\\/az\\\/article\\\/telesmeyen-yerimiz-yoxdur\\\/\",\"url\":\"https:\\\/\\\/www.meydan.tv\\\/az\\\/article\\\/telesmeyen-yerimiz-yoxdur\\\/\",\"name\":\"T\u0259l\u0259sm\u0259y\u0259n yerimiz yoxdur - MEYDAN.TV\",\"isPartOf\":{\"@id\":\"https:\\\/\\\/www.meydan.tv\\\/az\\\/#website\"},\"primaryImageOfPage\":{\"@id\":\"https:\\\/\\\/www.meydan.tv\\\/az\\\/article\\\/telesmeyen-yerimiz-yoxdur\\\/#primaryimage\"},\"image\":{\"@id\":\"https:\\\/\\\/www.meydan.tv\\\/az\\\/article\\\/telesmeyen-yerimiz-yoxdur\\\/#primaryimage\"},\"thumbnailUrl\":\"https:\\\/\\\/www.meydan.tv\\\/wp-content\\\/uploads\\\/44166.jpg\",\"datePublished\":\"2018-10-12T21:09:14+00:00\",\"breadcrumb\":{\"@id\":\"https:\\\/\\\/www.meydan.tv\\\/az\\\/article\\\/telesmeyen-yerimiz-yoxdur\\\/#breadcrumb\"},\"inLanguage\":\"az\",\"potentialAction\":[{\"@type\":\"ReadAction\",\"target\":[\"https:\\\/\\\/www.meydan.tv\\\/az\\\/article\\\/telesmeyen-yerimiz-yoxdur\\\/\"]}]},{\"@type\":\"ImageObject\",\"inLanguage\":\"az\",\"@id\":\"https:\\\/\\\/www.meydan.tv\\\/az\\\/article\\\/telesmeyen-yerimiz-yoxdur\\\/#primaryimage\",\"url\":\"https:\\\/\\\/www.meydan.tv\\\/wp-content\\\/uploads\\\/44166.jpg\",\"contentUrl\":\"https:\\\/\\\/www.meydan.tv\\\/wp-content\\\/uploads\\\/44166.jpg\",\"width\":810,\"height\":450,\"caption\":\"Source:\"},{\"@type\":\"BreadcrumbList\",\"@id\":\"https:\\\/\\\/www.meydan.tv\\\/az\\\/article\\\/telesmeyen-yerimiz-yoxdur\\\/#breadcrumb\",\"itemListElement\":[{\"@type\":\"ListItem\",\"position\":1,\"name\":\"Ana s\u0259hif\u0259\",\"item\":\"https:\\\/\\\/www.meydan.tv\\\/az\\\/\"},{\"@type\":\"ListItem\",\"position\":2,\"name\":\"M\u0259nim Fikrimc\u0259\",\"item\":\"https:\\\/\\\/www.meydan.tv\\\/az\\\/section\\\/menim-fikrimce\\\/\"},{\"@type\":\"ListItem\",\"position\":3,\"name\":\"T\u0259l\u0259sm\u0259y\u0259n yerimiz yoxdur\"}]},{\"@type\":\"WebSite\",\"@id\":\"https:\\\/\\\/www.meydan.tv\\\/az\\\/#website\",\"url\":\"https:\\\/\\\/www.meydan.tv\\\/az\\\/\",\"name\":\"MEYDAN.TV\",\"description\":\"Meydan TV Az\u0259rbaycan\u0131n media m\u0259kan\u0131ndak\u0131 alternativ s\u0259sidir\",\"publisher\":{\"@id\":\"https:\\\/\\\/www.meydan.tv\\\/az\\\/#organization\"},\"potentialAction\":[{\"@type\":\"SearchAction\",\"target\":{\"@type\":\"EntryPoint\",\"urlTemplate\":\"https:\\\/\\\/www.meydan.tv\\\/az\\\/?s={search_term_string}\"},\"query-input\":{\"@type\":\"PropertyValueSpecification\",\"valueRequired\":true,\"valueName\":\"search_term_string\"}}],\"inLanguage\":\"az\"},{\"@type\":\"Organization\",\"@id\":\"https:\\\/\\\/www.meydan.tv\\\/az\\\/#organization\",\"name\":\"Meydan TV\",\"url\":\"https:\\\/\\\/www.meydan.tv\\\/az\\\/\",\"logo\":{\"@type\":\"ImageObject\",\"inLanguage\":\"az\",\"@id\":\"https:\\\/\\\/www.meydan.tv\\\/az\\\/#\\\/schema\\\/logo\\\/image\\\/\",\"url\":\"https:\\\/\\\/www.meydan.tv\\\/wp-content\\\/uploads\\\/2021\\\/07\\\/meydan-logo.svg\",\"contentUrl\":\"https:\\\/\\\/www.meydan.tv\\\/wp-content\\\/uploads\\\/2021\\\/07\\\/meydan-logo.svg\",\"width\":195,\"height\":46,\"caption\":\"Meydan TV\"},\"image\":{\"@id\":\"https:\\\/\\\/www.meydan.tv\\\/az\\\/#\\\/schema\\\/logo\\\/image\\\/\"}},{\"@type\":\"Person\",\"@id\":\"https:\\\/\\\/www.meydan.tv\\\/az\\\/#\\\/schema\\\/person\\\/10d11eccf6da3662cf5fdab9806ea91a\",\"name\":\"user-manager\"}]}<\/script>\n<!-- \/ Yoast SEO plugin. -->","yoast_head_json":{"title":"T\u0259l\u0259sm\u0259y\u0259n yerimiz yoxdur - MEYDAN.TV","robots":{"index":"index","follow":"follow","max-snippet":"max-snippet:-1","max-image-preview":"max-image-preview:large","max-video-preview":"max-video-preview:-1"},"canonical":"https:\/\/www.meydan.tv\/az\/article\/telesmeyen-yerimiz-yoxdur\/","og_locale":"az_AZ","og_type":"article","og_title":"T\u0259l\u0259sm\u0259y\u0259n yerimiz yoxdur - MEYDAN.TV","og_description":"Erkin Q\u0259dirli fikirl\u0259\u015finc\u0259, d\u0259li vurub, \u00e7ay\u0131 ke\u00e7\u0259c\u0259k","og_url":"https:\/\/www.meydan.tv\/az\/article\/telesmeyen-yerimiz-yoxdur\/","og_site_name":"MEYDAN.TV","article_published_time":"2018-10-12T21:09:14+00:00","og_image":[{"width":810,"height":450,"url":"https:\/\/www.meydan.tv\/wp-content\/uploads\/44166.jpg","type":"image\/jpeg"}],"author":"user-manager","twitter_card":"summary_large_image","schema":{"@context":"https:\/\/schema.org","@graph":[{"@type":"Article","@id":"https:\/\/www.meydan.tv\/az\/article\/telesmeyen-yerimiz-yoxdur\/#article","isPartOf":{"@id":"https:\/\/www.meydan.tv\/az\/article\/telesmeyen-yerimiz-yoxdur\/"},"author":{"name":"user-manager","@id":"https:\/\/www.meydan.tv\/az\/#\/schema\/person\/10d11eccf6da3662cf5fdab9806ea91a"},"headline":"T\u0259l\u0259sm\u0259y\u0259n yerimiz yoxdur","datePublished":"2018-10-12T21:09:14+00:00","mainEntityOfPage":{"@id":"https:\/\/www.meydan.tv\/az\/article\/telesmeyen-yerimiz-yoxdur\/"},"wordCount":1031,"publisher":{"@id":"https:\/\/www.meydan.tv\/az\/#organization"},"image":{"@id":"https:\/\/www.meydan.tv\/az\/article\/telesmeyen-yerimiz-yoxdur\/#primaryimage"},"thumbnailUrl":"https:\/\/www.meydan.tv\/wp-content\/uploads\/44166.jpg","articleSection":["M\u0259nim Fikrimc\u0259"],"inLanguage":"az"},{"@type":"WebPage","@id":"https:\/\/www.meydan.tv\/az\/article\/telesmeyen-yerimiz-yoxdur\/","url":"https:\/\/www.meydan.tv\/az\/article\/telesmeyen-yerimiz-yoxdur\/","name":"T\u0259l\u0259sm\u0259y\u0259n yerimiz yoxdur - MEYDAN.TV","isPartOf":{"@id":"https:\/\/www.meydan.tv\/az\/#website"},"primaryImageOfPage":{"@id":"https:\/\/www.meydan.tv\/az\/article\/telesmeyen-yerimiz-yoxdur\/#primaryimage"},"image":{"@id":"https:\/\/www.meydan.tv\/az\/article\/telesmeyen-yerimiz-yoxdur\/#primaryimage"},"thumbnailUrl":"https:\/\/www.meydan.tv\/wp-content\/uploads\/44166.jpg","datePublished":"2018-10-12T21:09:14+00:00","breadcrumb":{"@id":"https:\/\/www.meydan.tv\/az\/article\/telesmeyen-yerimiz-yoxdur\/#breadcrumb"},"inLanguage":"az","potentialAction":[{"@type":"ReadAction","target":["https:\/\/www.meydan.tv\/az\/article\/telesmeyen-yerimiz-yoxdur\/"]}]},{"@type":"ImageObject","inLanguage":"az","@id":"https:\/\/www.meydan.tv\/az\/article\/telesmeyen-yerimiz-yoxdur\/#primaryimage","url":"https:\/\/www.meydan.tv\/wp-content\/uploads\/44166.jpg","contentUrl":"https:\/\/www.meydan.tv\/wp-content\/uploads\/44166.jpg","width":810,"height":450,"caption":"Source:"},{"@type":"BreadcrumbList","@id":"https:\/\/www.meydan.tv\/az\/article\/telesmeyen-yerimiz-yoxdur\/#breadcrumb","itemListElement":[{"@type":"ListItem","position":1,"name":"Ana s\u0259hif\u0259","item":"https:\/\/www.meydan.tv\/az\/"},{"@type":"ListItem","position":2,"name":"M\u0259nim Fikrimc\u0259","item":"https:\/\/www.meydan.tv\/az\/section\/menim-fikrimce\/"},{"@type":"ListItem","position":3,"name":"T\u0259l\u0259sm\u0259y\u0259n yerimiz yoxdur"}]},{"@type":"WebSite","@id":"https:\/\/www.meydan.tv\/az\/#website","url":"https:\/\/www.meydan.tv\/az\/","name":"MEYDAN.TV","description":"Meydan TV Az\u0259rbaycan\u0131n media m\u0259kan\u0131ndak\u0131 alternativ s\u0259sidir","publisher":{"@id":"https:\/\/www.meydan.tv\/az\/#organization"},"potentialAction":[{"@type":"SearchAction","target":{"@type":"EntryPoint","urlTemplate":"https:\/\/www.meydan.tv\/az\/?s={search_term_string}"},"query-input":{"@type":"PropertyValueSpecification","valueRequired":true,"valueName":"search_term_string"}}],"inLanguage":"az"},{"@type":"Organization","@id":"https:\/\/www.meydan.tv\/az\/#organization","name":"Meydan TV","url":"https:\/\/www.meydan.tv\/az\/","logo":{"@type":"ImageObject","inLanguage":"az","@id":"https:\/\/www.meydan.tv\/az\/#\/schema\/logo\/image\/","url":"https:\/\/www.meydan.tv\/wp-content\/uploads\/2021\/07\/meydan-logo.svg","contentUrl":"https:\/\/www.meydan.tv\/wp-content\/uploads\/2021\/07\/meydan-logo.svg","width":195,"height":46,"caption":"Meydan TV"},"image":{"@id":"https:\/\/www.meydan.tv\/az\/#\/schema\/logo\/image\/"}},{"@type":"Person","@id":"https:\/\/www.meydan.tv\/az\/#\/schema\/person\/10d11eccf6da3662cf5fdab9806ea91a","name":"user-manager"}]}},"_links":{"self":[{"href":"https:\/\/www.meydan.tv\/az\/wp-json\/wp\/v2\/posts\/192088","targetHints":{"allow":["GET"]}}],"collection":[{"href":"https:\/\/www.meydan.tv\/az\/wp-json\/wp\/v2\/posts"}],"about":[{"href":"https:\/\/www.meydan.tv\/az\/wp-json\/wp\/v2\/types\/post"}],"author":[{"embeddable":true,"href":"https:\/\/www.meydan.tv\/az\/wp-json\/wp\/v2\/users\/11"}],"replies":[{"embeddable":true,"href":"https:\/\/www.meydan.tv\/az\/wp-json\/wp\/v2\/comments?post=192088"}],"version-history":[{"count":0,"href":"https:\/\/www.meydan.tv\/az\/wp-json\/wp\/v2\/posts\/192088\/revisions"}],"wp:featuredmedia":[{"embeddable":true,"href":"https:\/\/www.meydan.tv\/az\/wp-json\/wp\/v2\/media\/110993"}],"wp:attachment":[{"href":"https:\/\/www.meydan.tv\/az\/wp-json\/wp\/v2\/media?parent=192088"}],"wp:term":[{"taxonomy":"category","embeddable":true,"href":"https:\/\/www.meydan.tv\/az\/wp-json\/wp\/v2\/categories?post=192088"},{"taxonomy":"post_tag","embeddable":true,"href":"https:\/\/www.meydan.tv\/az\/wp-json\/wp\/v2\/tags?post=192088"}],"curies":[{"name":"wp","href":"https:\/\/api.w.org\/{rel}","templated":true}]}}