{"id":192073,"date":"2018-10-12T17:05:33","date_gmt":"2018-10-12T17:05:33","guid":{"rendered":"https:\/\/www.meydan.tv\/article\/ilham-eliyevin-deyismeyen-ritorikasi\/"},"modified":"2018-10-12T17:05:33","modified_gmt":"2018-10-12T17:05:33","slug":"ilham-eliyevin-deyismeyen-ritorikasi","status":"publish","type":"post","link":"https:\/\/www.meydan.tv\/az\/article\/ilham-eliyevin-deyismeyen-ritorikasi\/","title":{"rendered":"\u0130lham \u018fliyevin d\u0259yi\u015fm\u0259y\u0259n ritorikas\u0131"},"content":{"rendered":"<figure class=\"wp-block-image size-large\">\n  <img decoding=\"async\" src=\"https:\/\/www.meydan.tv\/az\/ilham-eliyev-62\/\" alt=\"\u0130lham \u018fliyev\" class=\"wp-image-110849\"\/><figcaption>\n    \u0130lham \u018fliyev<br \/>\n  <\/figcaption><\/figure>\n<p>\n  D\u00f6vl\u0259t ba\u015f\u00e7\u0131s\u0131 iqtisadiyyatda ba\u015f ver\u0259n prosesl\u0259rd\u0259n dan\u0131\u015fark\u0259n \u0259vv\u0259llki ill\u0259rd\u0259 yol veril\u0259n ciddi x\u0259talar\u0131 etiraf etm\u0259yib\n<\/p>\n<p>\n  Oktyabr\u0131n 9-da prezident \u0130lham \u018fliyevin s\u0259drliyi il\u0259 Nazirl\u0259r Kabinetinin 2018-ci ilin doqquz ay\u0131n\u0131n sosial-iqtisadi inki\u015faf\u0131n\u0131n yekunlar\u0131na v\u0259 qar\u015f\u0131da duran v\u0259zif\u0259l\u0259r\u0259 h\u0259sr olunan iclas\u0131 ke\u00e7irilib.\n<\/p>\n<p>\n  Prezident iqtisadiyyatda ba\u015f ver\u0259n prosesl\u0259rd\u0259n, sahibkarl\u0131\u011fa d\u00f6vl\u0259t d\u0259st\u0259yind\u0259n, D\u00f6vl\u0259t \u0130nvestisiya Proqram\u0131n\u0131n icras\u0131ndan v\u0259 2019-cu ilin d\u00f6vl\u0259t b\u00fcdc\u0259sinin prioritetl\u0259rind\u0259n dan\u0131\u015f\u0131b. Makroiqtisadi g\u00f6st\u0259ricil\u0259rin yax\u015f\u0131la\u015fmas\u0131 faktlar\u0131na toxunark\u0259n o, bu i\u015fd\u0259 d\u00fcnya bazar\u0131nda neftin qiym\u0259tinin qalxmas\u0131n\u0131 deyil, &#8220;islahatlar\u0131n d\u0259rinl\u0259\u015fm\u0259sini&#8221; \u00f6n\u0259 s\u00fcr\u00fcb.\n<\/p>\n<p>\n  Valyuta ehtiyatlar\u0131n\u0131n ($45 mlrd.) 3 milyard dollar art\u0131m\u0131n\u0131, xarici ticar\u0259t d\u00f6vriyy\u0259sinin 37% y\u00fcks\u0259lm\u0259sini, 9 ayda 6,5 milyard dollar h\u0259cmind\u0259 m\u00fcsb\u0259t xarici ticar\u0259t saldonun yaranmas\u0131n\u0131 v\u0259 bu il d\u00f6vl\u0259t b\u00fcdc\u0259sinin x\u0259rcl\u0259rinin bir ne\u00e7\u0259 milyard manat art\u0131r\u0131lmas\u0131n\u0131 qeyd ed\u0259rk\u0259n d\u00f6vl\u0259t ba\u015f\u00e7\u0131s\u0131 bunun k\u00f6k\u00fcnd\u0259 neft g\u0259lirl\u0259rinin artmas\u0131 amilinin dayand\u0131\u011f\u0131n\u0131 s\u00f6yl\u0259m\u0259yib.\n<\/p>\n<p>\n  &#8220;Az\u0259rbaycanda \u00e7ox d\u00fc\u015f\u00fcn\u00fclm\u00fc\u015f iqtisadi siyas\u0259t apar\u0131l\u0131r. Az\u0259rbaycan iqtisadiyyat\u0131 qar\u015f\u0131s\u0131nda g\u0259l\u0259c\u0259kd\u0259 he\u00e7 bir ciddi problem yoxdur&#8221;, -h\u00f6kum\u0259tin iclas\u0131nda prezident \u0130lham \u018fliyev deyib.\n<\/p>\n<p>\n  Onun fikrinc\u0259, &#8220;ist\u0259nil\u0259n m\u00f6t\u0259b\u0259r beyn\u0259lxalq maliyy\u0259 qurumu bu n\u0259tic\u0259l\u0259ri g\u00f6r\u0259rk\u0259n bir q\u0259na\u0259t\u0259 g\u0259l\u0259 bil\u0259r ki, Az\u0259rbaycan iqtisadiyyat\u0131 u\u011furla inki\u015faf edir&#8221;. Lakin b\u00fct\u00fcn beyn\u0259lxalq maliyy\u0259 institutlar\u0131n\u0131n d\u0259rin t\u0259hlil\u0259 \u0259saslanan hesabatlar\u0131nda Az\u0259rbaycan iqtisadiyyat\u0131n\u0131n neftin qiym\u0259tind\u0259n as\u0131l\u0131 oldu\u011fu vur\u011fulan\u0131r.\n<\/p>\n<p>\n  Prezident yerli istehsal\u0131n art\u0131r\u0131lmas\u0131n\u0131n, yeni s\u0259naye m\u00fc\u0259ssis\u0259l\u0259rinin (polipropilen, y\u00fcks\u0259ks\u0131xl\u0131ql\u0131 polietilen, karbamid zavodu, &#8220;\u015eimal-2&#8221; elektrik stansiyas\u0131 v\u0259 s.) qurulmas\u0131n\u0131n v\u0259 investisiya qoyulu\u015flar\u0131na d\u00f6vl\u0259t d\u0259st\u0259yi mexanizml\u0259rinin i\u015f\u0259 sal\u0131nmas\u0131n\u0131n qeyri-neft sektorunun inki\u015faf\u0131na t\u0259kan ver\u0259c\u0259yini bildirib. O, h\u0259d\u0259fl\u0259r aras\u0131nda k\u00f6lg\u0259 iqtisadiyyat\u0131n\u0131n aradan qald\u0131r\u0131lmas\u0131n\u0131n oldu\u011funu da deyib.\n<\/p>\n<p>\n  \u0130qtisadi islahatlardan dan\u0131\u015fark\u0259n prezident \u0259sas\u0259n vergi v\u0259 g\u00f6mr\u00fck sah\u0259sind\u0259 apar\u0131lan i\u015fl\u0259r\u0259 toxunub, bunun &#8220;m\u00fcsb\u0259t\u0259 do\u011fru d\u0259yi\u015fiklikl\u0259r\u0259&#8221; s\u0259b\u0259b oldu\u011funu vur\u011fulay\u0131b, &#8220;sahibkarlar\u0131, ictimaiyy\u0259ti narahat ed\u0259n xo\u015fag\u0259lm\u0259z hallara&#8221; son qoyulmas\u0131n\u0131n vacib oldu\u011funu deyib. Eyni zamanda sahibkarlar\u0131 da vergid\u0259n yay\u0131nma\u011fa son qoyma\u011fa \u00e7a\u011f\u0131r\u0131b. Prezident g\u00f6mr\u00fck orqanlar\u0131n\u0131n xarici ticar\u0259t \u0259m\u0259liyyatlar\u0131 \u00fczr\u0259 800 milyon manatdan \u00e7ox \u0259lav\u0259 v\u0259saitin toplanmas\u0131n\u0131 &#8220;struktur islahatlar\u0131, \u015f\u0259ffafl\u0131q, korrupsiyaya, r\u00fc\u015fv\u0259txorlu\u011fa qar\u015f\u0131 ciddi m\u00fcbariz\u0259&#8221; apar\u0131lmas\u0131 il\u0259 \u0259laq\u0259l\u0259ndirib. Maraql\u0131d\u0131r ki, \u0259vv\u0259lki ill\u0259rd\u0259 \u0259n az\u0131 bu q\u0259d\u0259r \u00f6d\u0259ni\u015fl\u0259rin d\u00f6vl\u0259t b\u00fcdc\u0259sind\u0259n yay\u0131nd\u0131r\u0131lmas\u0131na s\u0259b\u0259b olan D\u00f6vl\u0259t G\u00f6mr\u00fck Komit\u0259sinin he\u00e7 bir y\u00fcks\u0259k v\u0259zif\u0259li \u0259m\u0259kda\u015f\u0131na qar\u015f\u0131 indiy\u0259d\u0259k cinay\u0259t i\u015fi qald\u0131r\u0131lmay\u0131b. Halbuki, yay\u0131nmalara s\u0259b\u0259b m\u00fcst\u0259qil ekspertl\u0259rin h\u0259r zaman vur\u011fulad\u0131qlar\u0131 kimi qurumdak\u0131 qeyri-\u015f\u0259ffafl\u0131q, inhisar\u00e7\u0131l\u0131\u011f\u0131n himay\u0259 olunmas\u0131 v\u0259 korrupsiyad\u0131r.\n<\/p>\n<p>\n  2019-c\u00fc ilin d\u00f6vl\u0259t b\u00fcdc\u0259si layih\u0259sin\u0259 toxunan \u0130lham \u018fliyev onun investisiya v\u0259 sosialy\u00f6n\u00fcml\u00fc olaca\u011f\u0131n\u0131 bildirib. Geni\u015f m\u0259ruz\u0259sind\u0259 o, 2015-2016-c\u0131 ill\u0259rd\u0259, b\u00f6y\u00fck neft pullar\u0131n\u0131n ax\u0131n\u0131n\u0131n dayand\u0131\u011f\u0131 zaman s\u0259sl\u0259ndirdiyi &#8220;biz nefti unutmal\u0131y\u0131q&#8221;, &#8220;q\u0259na\u0259tcil olmal\u0131y\u0131q&#8221; kimi fikirl\u0259r\u0259 yer verm\u0259yib. \u018fv\u0259zind\u0259 g\u0259l\u0259n ilin b\u00fcdc\u0259sind\u0259 d\u00f6vl\u0259t kapital qoyulu\u015fu \u00fc\u00e7\u00fcn &#8220;kifay\u0259t q\u0259d\u0259r v\u0259sait&#8221; n\u0259z\u0259rd\u0259 tutuldu\u011funu dey\u0259n d\u00f6vl\u0259t ba\u015f\u00e7\u0131s\u0131 bu v\u0259saitd\u0259n s\u0259m\u0259r\u0259li \u015f\u0259kild\u0259 istifad\u0259ni, \u00f6lk\u0259 qar\u015f\u0131s\u0131nda duran \u0259sas m\u0259s\u0259l\u0259l\u0259rin h\u0259llini t\u0259min etm\u0259yi, prioritetl\u0259ri d\u00fczg\u00fcn se\u00e7m\u0259yi \u00f6n\u0259 s\u00fcr\u00fcb. D\u00f6vl\u0259t investisiya proqram\u0131n\u0131n h\u0259d\u0259fl\u0259rinin iqtisadiyyat\u0131n real sektoru, indiy\u0259d\u0259k h\u0259llini tapmayan infrastruktur layih\u0259l\u0259ri oldu\u011funu deyib. Layih\u0259l\u0259r aras\u0131nda elektrik enerjisi istehsal\u0131, \u00f6t\u00fcr\u00fcc\u00fc x\u0259tl\u0259rin, yar\u0131mstansiyalar\u0131n yenid\u0259n qurulmas\u0131 i\u015fl\u0259ri d\u0259 var.\n<\/p>\n<p>\n  \u0130qtisadiyyatda ba\u015f ver\u0259n prosesl\u0259rd\u0259n dan\u0131\u015fark\u0259n d\u00f6vl\u0259t ba\u015f\u00e7\u0131s\u0131 \u0259vv\u0259llki ill\u0259rd\u0259 yol veril\u0259n ciddi x\u0259talar\u0131 n\u0259inki etiraf edib, \u0259ksin\u0259, k\u00f6hn\u0259 ritorikas\u0131n\u0131 d\u0259yi\u015fm\u0259yib. 2015-2017-ci ill\u0259rd\u0259 Az\u0259rbaycan iqtisadiyyat\u0131 \u0259vv\u0259lki d\u00f6vr\u0259 nisb\u0259t\u0259n az qala iki d\u0259f\u0259 geril\u0259s\u0259 d\u0259, \u0130lham \u018fliyev h\u0259min ill\u0259rd\u0259 d\u00fcnyan\u0131 maliyy\u0259-iqtisadi b\u00f6hran\u0131n\u0131n b\u00fcr\u00fcd\u00fcy\u00fcn\u00fc, Az\u0259rbaycan iqtisadiyyat\u0131n\u0131n is\u0259 &#8220;dayan\u0131ql\u0131l\u0131\u011f\u0131n\u0131 t\u0259min edildiyini&#8221; s\u00f6yl\u0259yib.\n<\/p>\n<p>\n  Neftin qiym\u0259tinin art\u0131m\u0131, qeyri-neft sektoruna 5,6 milyard dollar s\u0259rmay\u0259 qoyulu\u015fu fonunda bu ilin 9 ay\u0131nda \u00dcmumi Daxili m\u0259hsul 0,8% art\u0131b. R\u0259smi m\u0259lumatlara g\u00f6r\u0259, qeyri-neft sektorunda art\u0131m 1 faizdir. Bu d\u00f6vrd\u0259 istehlak qiym\u0259tl\u0259ri 2,6%, \u0259halinin g\u0259lirl\u0259ri is\u0259 9,5% art\u0131b.\n<\/p>\n<p>\n  &#8220;Bizim maliyy\u0259 v\u0259ziyy\u0259timiz \u00e7ox sabitdir v\u0259 makroiqtisadi v\u0259ziyy\u0259t m\u00f6hk\u0259mdir. Biz \u00f6z v\u0259saitimiz\u0259 b\u00f6y\u00fck q\u0259na\u0259tl\u0259 yana\u015f\u0131r\u0131q. H\u0259m \u00f6lk\u0259 qar\u015f\u0131s\u0131nda duran vacib m\u0259s\u0259l\u0259l\u0259ri h\u0259ll edirik, investisiya layih\u0259l\u0259rini, infrastruktur layih\u0259l\u0259rini icra edirik, sosial m\u0259s\u0259l\u0259l\u0259rin h\u0259llini t\u0259min edirik, eyni zamanda, ehtiyatlar\u0131m\u0131z\u0131 da art\u0131r\u0131r\u0131q v\u0259 \u0259min\u0259m ki, ilin sonuna q\u0259d\u0259r daha da artacaq&#8221;. Prezident \u018fliyev bel\u0259 deyib.\n<\/p>\n<p>\n  M\u00fcst\u0259qil iqtisad\u00e7\u0131lar neftin qiym\u0259tinin art\u0131m\u0131 say\u0259sind\u0259 Az\u0259rbaycan iqtisadiyyat\u0131nda m\u00fc\u015fahid\u0259 olunan pozitiv meyll\u0259ri birm\u0259nal\u0131 qiym\u0259tl\u0259ndirmirl\u0259r. Onlar\u0131n fikrinc\u0259, h\u00f6kum\u0259t bunu m\u00fcst\u0259qillik ill\u0259rind\u0259 \u00fc\u00e7\u00fcnc\u00fc, lakin sonuncu \u015fans kimi q\u0259bul etm\u0259li, islahatlar\u0131 d\u0259rinl\u0259\u015fdirm\u0259kl\u0259 k\u0259miyy\u0259t g\u00f6st\u0259ricil\u0259rinin keyfiyy\u0259t\u0259 d\u0259yi\u015fikliyin\u0259 \u00e7evrilm\u0259sin\u0259 nail olmal\u0131d\u0131r. \u018fks halda valyuta ehtiyatlar\u0131 art\u0131q ona k\u00f6m\u0259k etm\u0259y\u0259c\u0259k. H\u0259r halda 2015-ci ilin devalvasiya t\u0259cr\u00fcb\u0259si onun \u00fc\u00e7\u00fcn d\u0259rs olmal\u0131d\u0131r.<\/p>\n","protected":false},"excerpt":{"rendered":"<p>\u0130lham \u018fliyev D\u00f6vl\u0259t ba\u015f\u00e7\u0131s\u0131 iqtisadiyyatda ba\u015f ver\u0259n prosesl\u0259rd\u0259n dan\u0131\u015fark\u0259n \u0259vv\u0259llki &#8230; <\/p>\n<p class=\"read-more-container\"><a title=\"\u0130lham \u018fliyevin d\u0259yi\u015fm\u0259y\u0259n ritorikas\u0131\" class=\"read-more button\" href=\"https:\/\/www.meydan.tv\/az\/article\/ilham-eliyevin-deyismeyen-ritorikasi\/#more-192073\" aria-label=\"Read more about \u0130lham \u018fliyevin d\u0259yi\u015fm\u0259y\u0259n ritorikas\u0131\">Davam\u0131<\/a><\/p>\n","protected":false},"author":11,"featured_media":110849,"comment_status":"closed","ping_status":"open","sticky":false,"template":"","format":"standard","meta":{"_acf_changed":false,"_sitemap_exclude":false,"_sitemap_priority":"","_sitemap_frequency":"","footnotes":""},"categories":[51],"tags":[],"class_list":["post-192073","post","type-post","status-publish","format-standard","has-post-thumbnail","hentry","category-analitika","infinite-scroll-item","generate-columns","tablet-grid-50","mobile-grid-100","grid-parent","grid-33","no-featured-image-padding"],"acf":[],"yoast_head":"<!-- This site is optimized with the Yoast SEO plugin v27.4 - https:\/\/yoast.com\/product\/yoast-seo-wordpress\/ -->\n<title>\u0130lham \u018fliyevin d\u0259yi\u015fm\u0259y\u0259n ritorikas\u0131 - MEYDAN.TV<\/title>\n<meta name=\"robots\" content=\"index, follow, max-snippet:-1, max-image-preview:large, max-video-preview:-1\" \/>\n<link rel=\"canonical\" href=\"https:\/\/www.meydan.tv\/az\/article\/ilham-eliyevin-deyismeyen-ritorikasi\/\" \/>\n<meta property=\"og:locale\" content=\"az_AZ\" \/>\n<meta property=\"og:type\" content=\"article\" \/>\n<meta property=\"og:title\" content=\"\u0130lham \u018fliyevin d\u0259yi\u015fm\u0259y\u0259n ritorikas\u0131 - MEYDAN.TV\" \/>\n<meta property=\"og:description\" content=\"\u0130lham \u018fliyev D\u00f6vl\u0259t ba\u015f\u00e7\u0131s\u0131 iqtisadiyyatda ba\u015f ver\u0259n prosesl\u0259rd\u0259n dan\u0131\u015fark\u0259n \u0259vv\u0259llki ... Davam\u0131\" \/>\n<meta property=\"og:url\" content=\"https:\/\/www.meydan.tv\/az\/article\/ilham-eliyevin-deyismeyen-ritorikasi\/\" \/>\n<meta property=\"og:site_name\" content=\"MEYDAN.TV\" \/>\n<meta property=\"article:published_time\" content=\"2018-10-12T17:05:33+00:00\" \/>\n<meta property=\"og:image\" content=\"https:\/\/www.meydan.tv\/wp-content\/uploads\/44109.jpg\" \/>\n\t<meta property=\"og:image:width\" content=\"1899\" \/>\n\t<meta property=\"og:image:height\" content=\"1292\" \/>\n\t<meta property=\"og:image:type\" content=\"image\/jpeg\" \/>\n<meta name=\"author\" content=\"user-manager\" \/>\n<meta name=\"twitter:card\" content=\"summary_large_image\" \/>\n<script type=\"application\/ld+json\" class=\"yoast-schema-graph\">{\"@context\":\"https:\\\/\\\/schema.org\",\"@graph\":[{\"@type\":\"Article\",\"@id\":\"https:\\\/\\\/www.meydan.tv\\\/az\\\/article\\\/ilham-eliyevin-deyismeyen-ritorikasi\\\/#article\",\"isPartOf\":{\"@id\":\"https:\\\/\\\/www.meydan.tv\\\/az\\\/article\\\/ilham-eliyevin-deyismeyen-ritorikasi\\\/\"},\"author\":{\"name\":\"user-manager\",\"@id\":\"https:\\\/\\\/www.meydan.tv\\\/az\\\/#\\\/schema\\\/person\\\/10d11eccf6da3662cf5fdab9806ea91a\"},\"headline\":\"\u0130lham \u018fliyevin d\u0259yi\u015fm\u0259y\u0259n ritorikas\u0131\",\"datePublished\":\"2018-10-12T17:05:33+00:00\",\"mainEntityOfPage\":{\"@id\":\"https:\\\/\\\/www.meydan.tv\\\/az\\\/article\\\/ilham-eliyevin-deyismeyen-ritorikasi\\\/\"},\"wordCount\":1162,\"publisher\":{\"@id\":\"https:\\\/\\\/www.meydan.tv\\\/az\\\/#organization\"},\"image\":{\"@id\":\"https:\\\/\\\/www.meydan.tv\\\/az\\\/article\\\/ilham-eliyevin-deyismeyen-ritorikasi\\\/#primaryimage\"},\"thumbnailUrl\":\"https:\\\/\\\/www.meydan.tv\\\/wp-content\\\/uploads\\\/44109.jpg\",\"articleSection\":[\"Analitika\"],\"inLanguage\":\"az\"},{\"@type\":\"WebPage\",\"@id\":\"https:\\\/\\\/www.meydan.tv\\\/az\\\/article\\\/ilham-eliyevin-deyismeyen-ritorikasi\\\/\",\"url\":\"https:\\\/\\\/www.meydan.tv\\\/az\\\/article\\\/ilham-eliyevin-deyismeyen-ritorikasi\\\/\",\"name\":\"\u0130lham \u018fliyevin d\u0259yi\u015fm\u0259y\u0259n ritorikas\u0131 - MEYDAN.TV\",\"isPartOf\":{\"@id\":\"https:\\\/\\\/www.meydan.tv\\\/az\\\/#website\"},\"primaryImageOfPage\":{\"@id\":\"https:\\\/\\\/www.meydan.tv\\\/az\\\/article\\\/ilham-eliyevin-deyismeyen-ritorikasi\\\/#primaryimage\"},\"image\":{\"@id\":\"https:\\\/\\\/www.meydan.tv\\\/az\\\/article\\\/ilham-eliyevin-deyismeyen-ritorikasi\\\/#primaryimage\"},\"thumbnailUrl\":\"https:\\\/\\\/www.meydan.tv\\\/wp-content\\\/uploads\\\/44109.jpg\",\"datePublished\":\"2018-10-12T17:05:33+00:00\",\"breadcrumb\":{\"@id\":\"https:\\\/\\\/www.meydan.tv\\\/az\\\/article\\\/ilham-eliyevin-deyismeyen-ritorikasi\\\/#breadcrumb\"},\"inLanguage\":\"az\",\"potentialAction\":[{\"@type\":\"ReadAction\",\"target\":[\"https:\\\/\\\/www.meydan.tv\\\/az\\\/article\\\/ilham-eliyevin-deyismeyen-ritorikasi\\\/\"]}]},{\"@type\":\"ImageObject\",\"inLanguage\":\"az\",\"@id\":\"https:\\\/\\\/www.meydan.tv\\\/az\\\/article\\\/ilham-eliyevin-deyismeyen-ritorikasi\\\/#primaryimage\",\"url\":\"https:\\\/\\\/www.meydan.tv\\\/wp-content\\\/uploads\\\/44109.jpg\",\"contentUrl\":\"https:\\\/\\\/www.meydan.tv\\\/wp-content\\\/uploads\\\/44109.jpg\",\"width\":1899,\"height\":1292,\"caption\":\"Source:\"},{\"@type\":\"BreadcrumbList\",\"@id\":\"https:\\\/\\\/www.meydan.tv\\\/az\\\/article\\\/ilham-eliyevin-deyismeyen-ritorikasi\\\/#breadcrumb\",\"itemListElement\":[{\"@type\":\"ListItem\",\"position\":1,\"name\":\"Ana s\u0259hif\u0259\",\"item\":\"https:\\\/\\\/www.meydan.tv\\\/az\\\/\"},{\"@type\":\"ListItem\",\"position\":2,\"name\":\"Analitika\",\"item\":\"https:\\\/\\\/www.meydan.tv\\\/az\\\/section\\\/analitika\\\/\"},{\"@type\":\"ListItem\",\"position\":3,\"name\":\"\u0130lham \u018fliyevin d\u0259yi\u015fm\u0259y\u0259n ritorikas\u0131\"}]},{\"@type\":\"WebSite\",\"@id\":\"https:\\\/\\\/www.meydan.tv\\\/az\\\/#website\",\"url\":\"https:\\\/\\\/www.meydan.tv\\\/az\\\/\",\"name\":\"MEYDAN.TV\",\"description\":\"Meydan TV Az\u0259rbaycan\u0131n media m\u0259kan\u0131ndak\u0131 alternativ s\u0259sidir\",\"publisher\":{\"@id\":\"https:\\\/\\\/www.meydan.tv\\\/az\\\/#organization\"},\"potentialAction\":[{\"@type\":\"SearchAction\",\"target\":{\"@type\":\"EntryPoint\",\"urlTemplate\":\"https:\\\/\\\/www.meydan.tv\\\/az\\\/?s={search_term_string}\"},\"query-input\":{\"@type\":\"PropertyValueSpecification\",\"valueRequired\":true,\"valueName\":\"search_term_string\"}}],\"inLanguage\":\"az\"},{\"@type\":\"Organization\",\"@id\":\"https:\\\/\\\/www.meydan.tv\\\/az\\\/#organization\",\"name\":\"Meydan TV\",\"url\":\"https:\\\/\\\/www.meydan.tv\\\/az\\\/\",\"logo\":{\"@type\":\"ImageObject\",\"inLanguage\":\"az\",\"@id\":\"https:\\\/\\\/www.meydan.tv\\\/az\\\/#\\\/schema\\\/logo\\\/image\\\/\",\"url\":\"https:\\\/\\\/www.meydan.tv\\\/wp-content\\\/uploads\\\/2021\\\/07\\\/meydan-logo.svg\",\"contentUrl\":\"https:\\\/\\\/www.meydan.tv\\\/wp-content\\\/uploads\\\/2021\\\/07\\\/meydan-logo.svg\",\"width\":195,\"height\":46,\"caption\":\"Meydan TV\"},\"image\":{\"@id\":\"https:\\\/\\\/www.meydan.tv\\\/az\\\/#\\\/schema\\\/logo\\\/image\\\/\"}},{\"@type\":\"Person\",\"@id\":\"https:\\\/\\\/www.meydan.tv\\\/az\\\/#\\\/schema\\\/person\\\/10d11eccf6da3662cf5fdab9806ea91a\",\"name\":\"user-manager\"}]}<\/script>\n<!-- \/ Yoast SEO plugin. -->","yoast_head_json":{"title":"\u0130lham \u018fliyevin d\u0259yi\u015fm\u0259y\u0259n ritorikas\u0131 - MEYDAN.TV","robots":{"index":"index","follow":"follow","max-snippet":"max-snippet:-1","max-image-preview":"max-image-preview:large","max-video-preview":"max-video-preview:-1"},"canonical":"https:\/\/www.meydan.tv\/az\/article\/ilham-eliyevin-deyismeyen-ritorikasi\/","og_locale":"az_AZ","og_type":"article","og_title":"\u0130lham \u018fliyevin d\u0259yi\u015fm\u0259y\u0259n ritorikas\u0131 - MEYDAN.TV","og_description":"\u0130lham \u018fliyev D\u00f6vl\u0259t ba\u015f\u00e7\u0131s\u0131 iqtisadiyyatda ba\u015f ver\u0259n prosesl\u0259rd\u0259n dan\u0131\u015fark\u0259n \u0259vv\u0259llki ... Davam\u0131","og_url":"https:\/\/www.meydan.tv\/az\/article\/ilham-eliyevin-deyismeyen-ritorikasi\/","og_site_name":"MEYDAN.TV","article_published_time":"2018-10-12T17:05:33+00:00","og_image":[{"width":1899,"height":1292,"url":"https:\/\/www.meydan.tv\/wp-content\/uploads\/44109.jpg","type":"image\/jpeg"}],"author":"user-manager","twitter_card":"summary_large_image","schema":{"@context":"https:\/\/schema.org","@graph":[{"@type":"Article","@id":"https:\/\/www.meydan.tv\/az\/article\/ilham-eliyevin-deyismeyen-ritorikasi\/#article","isPartOf":{"@id":"https:\/\/www.meydan.tv\/az\/article\/ilham-eliyevin-deyismeyen-ritorikasi\/"},"author":{"name":"user-manager","@id":"https:\/\/www.meydan.tv\/az\/#\/schema\/person\/10d11eccf6da3662cf5fdab9806ea91a"},"headline":"\u0130lham \u018fliyevin d\u0259yi\u015fm\u0259y\u0259n ritorikas\u0131","datePublished":"2018-10-12T17:05:33+00:00","mainEntityOfPage":{"@id":"https:\/\/www.meydan.tv\/az\/article\/ilham-eliyevin-deyismeyen-ritorikasi\/"},"wordCount":1162,"publisher":{"@id":"https:\/\/www.meydan.tv\/az\/#organization"},"image":{"@id":"https:\/\/www.meydan.tv\/az\/article\/ilham-eliyevin-deyismeyen-ritorikasi\/#primaryimage"},"thumbnailUrl":"https:\/\/www.meydan.tv\/wp-content\/uploads\/44109.jpg","articleSection":["Analitika"],"inLanguage":"az"},{"@type":"WebPage","@id":"https:\/\/www.meydan.tv\/az\/article\/ilham-eliyevin-deyismeyen-ritorikasi\/","url":"https:\/\/www.meydan.tv\/az\/article\/ilham-eliyevin-deyismeyen-ritorikasi\/","name":"\u0130lham \u018fliyevin d\u0259yi\u015fm\u0259y\u0259n ritorikas\u0131 - MEYDAN.TV","isPartOf":{"@id":"https:\/\/www.meydan.tv\/az\/#website"},"primaryImageOfPage":{"@id":"https:\/\/www.meydan.tv\/az\/article\/ilham-eliyevin-deyismeyen-ritorikasi\/#primaryimage"},"image":{"@id":"https:\/\/www.meydan.tv\/az\/article\/ilham-eliyevin-deyismeyen-ritorikasi\/#primaryimage"},"thumbnailUrl":"https:\/\/www.meydan.tv\/wp-content\/uploads\/44109.jpg","datePublished":"2018-10-12T17:05:33+00:00","breadcrumb":{"@id":"https:\/\/www.meydan.tv\/az\/article\/ilham-eliyevin-deyismeyen-ritorikasi\/#breadcrumb"},"inLanguage":"az","potentialAction":[{"@type":"ReadAction","target":["https:\/\/www.meydan.tv\/az\/article\/ilham-eliyevin-deyismeyen-ritorikasi\/"]}]},{"@type":"ImageObject","inLanguage":"az","@id":"https:\/\/www.meydan.tv\/az\/article\/ilham-eliyevin-deyismeyen-ritorikasi\/#primaryimage","url":"https:\/\/www.meydan.tv\/wp-content\/uploads\/44109.jpg","contentUrl":"https:\/\/www.meydan.tv\/wp-content\/uploads\/44109.jpg","width":1899,"height":1292,"caption":"Source:"},{"@type":"BreadcrumbList","@id":"https:\/\/www.meydan.tv\/az\/article\/ilham-eliyevin-deyismeyen-ritorikasi\/#breadcrumb","itemListElement":[{"@type":"ListItem","position":1,"name":"Ana s\u0259hif\u0259","item":"https:\/\/www.meydan.tv\/az\/"},{"@type":"ListItem","position":2,"name":"Analitika","item":"https:\/\/www.meydan.tv\/az\/section\/analitika\/"},{"@type":"ListItem","position":3,"name":"\u0130lham \u018fliyevin d\u0259yi\u015fm\u0259y\u0259n ritorikas\u0131"}]},{"@type":"WebSite","@id":"https:\/\/www.meydan.tv\/az\/#website","url":"https:\/\/www.meydan.tv\/az\/","name":"MEYDAN.TV","description":"Meydan TV Az\u0259rbaycan\u0131n media m\u0259kan\u0131ndak\u0131 alternativ s\u0259sidir","publisher":{"@id":"https:\/\/www.meydan.tv\/az\/#organization"},"potentialAction":[{"@type":"SearchAction","target":{"@type":"EntryPoint","urlTemplate":"https:\/\/www.meydan.tv\/az\/?s={search_term_string}"},"query-input":{"@type":"PropertyValueSpecification","valueRequired":true,"valueName":"search_term_string"}}],"inLanguage":"az"},{"@type":"Organization","@id":"https:\/\/www.meydan.tv\/az\/#organization","name":"Meydan TV","url":"https:\/\/www.meydan.tv\/az\/","logo":{"@type":"ImageObject","inLanguage":"az","@id":"https:\/\/www.meydan.tv\/az\/#\/schema\/logo\/image\/","url":"https:\/\/www.meydan.tv\/wp-content\/uploads\/2021\/07\/meydan-logo.svg","contentUrl":"https:\/\/www.meydan.tv\/wp-content\/uploads\/2021\/07\/meydan-logo.svg","width":195,"height":46,"caption":"Meydan TV"},"image":{"@id":"https:\/\/www.meydan.tv\/az\/#\/schema\/logo\/image\/"}},{"@type":"Person","@id":"https:\/\/www.meydan.tv\/az\/#\/schema\/person\/10d11eccf6da3662cf5fdab9806ea91a","name":"user-manager"}]}},"_links":{"self":[{"href":"https:\/\/www.meydan.tv\/az\/wp-json\/wp\/v2\/posts\/192073","targetHints":{"allow":["GET"]}}],"collection":[{"href":"https:\/\/www.meydan.tv\/az\/wp-json\/wp\/v2\/posts"}],"about":[{"href":"https:\/\/www.meydan.tv\/az\/wp-json\/wp\/v2\/types\/post"}],"author":[{"embeddable":true,"href":"https:\/\/www.meydan.tv\/az\/wp-json\/wp\/v2\/users\/11"}],"replies":[{"embeddable":true,"href":"https:\/\/www.meydan.tv\/az\/wp-json\/wp\/v2\/comments?post=192073"}],"version-history":[{"count":0,"href":"https:\/\/www.meydan.tv\/az\/wp-json\/wp\/v2\/posts\/192073\/revisions"}],"wp:featuredmedia":[{"embeddable":true,"href":"https:\/\/www.meydan.tv\/az\/wp-json\/wp\/v2\/media\/110849"}],"wp:attachment":[{"href":"https:\/\/www.meydan.tv\/az\/wp-json\/wp\/v2\/media?parent=192073"}],"wp:term":[{"taxonomy":"category","embeddable":true,"href":"https:\/\/www.meydan.tv\/az\/wp-json\/wp\/v2\/categories?post=192073"},{"taxonomy":"post_tag","embeddable":true,"href":"https:\/\/www.meydan.tv\/az\/wp-json\/wp\/v2\/tags?post=192073"}],"curies":[{"name":"wp","href":"https:\/\/api.w.org\/{rel}","templated":true}]}}