{"id":192060,"date":"2018-10-11T18:39:54","date_gmt":"2018-10-11T18:39:54","guid":{"rendered":"https:\/\/www.meydan.tv\/article\/kurdebaz-sakinleri-ikinci-ildir-ki-usaqlarimiz-tehsilden-kenarda-qalib\/"},"modified":"2018-10-11T18:39:54","modified_gmt":"2018-10-11T18:39:54","slug":"kurdebaz-sakinleri-ikinci-ildir-ki-usaqlarimiz-tehsilden-kenarda-qalib","status":"publish","type":"post","link":"https:\/\/www.meydan.tv\/az\/article\/kurdebaz-sakinleri-ikinci-ildir-ki-usaqlarimiz-tehsilden-kenarda-qalib\/","title":{"rendered":"K\u00fcrd\u0259baz sakinl\u0259ri: \u0130kinci ildir ki, u\u015faqlar\u0131m\u0131z t\u0259hsild\u0259n k\u0259narda qal\u0131b"},"content":{"rendered":"<figure class=\"wp-block-image size-large\">\n  <img decoding=\"async\" src=\"https:\/\/www.meydan.tv\/az\/kurdebazlilar\/\" alt=\"K\u00fcrd\u0259bazl\u0131lar\" class=\"wp-image-110894\"\/><figcaption>\n    K\u00fcrd\u0259bazl\u0131lar<br \/>\n  <\/figcaption><\/figure>\n<p>\n  <i><br \/>\n    Sakinl\u0259r azya\u015fl\u0131 \u00f6vladlar\u0131n\u0131 qon\u015fu k\u0259ndd\u0259ki m\u0259kt\u0259b\u0259 buraxm\u0131r<br \/>\n  <\/i><\/p>\n<p>  \u201cAz qala h\u0259r g\u00fcn bir iyr\u0259nc hadis\u0259nin x\u0259b\u0259rini al\u0131r\u0131q. \u018fl boyda u\u015faqlar\u0131 t\u0259kba\u015f\u0131na qon\u015fu k\u0259nd\u0259 nec\u0259 yollayaq? Biz bunu 1 il \u0259vv\u0259l m\u0259kt\u0259bimiz l\u0259\u011fv olunanda etiraz aksiyalar\u0131m\u0131za g\u0259l\u0259n m\u0259murlara da demi\u015fik. 800-\u0259 yax\u0131n \u0259halisi olan k\u0259ndi nec\u0259 m\u0259kt\u0259bsiz qoymaq olar? O m\u0259kt\u0259bin 104 \u015fagirdi vard\u0131, indi onlardan yaln\u0131z 15-20-si qon\u015fu k\u0259ndd\u0259ki m\u0259kt\u0259b\u0259 gedir. Onlar da icra n\u00fcmay\u0259nd\u0259sinin, b\u0259l\u0259diyy\u0259 s\u0259drinin, m\u00fc\u0259lliml\u0259rin \u00f6z u\u015faqlar\u0131d\u0131r. Qalan 80-90 u\u015faqdan da yaln\u0131z o\u011flanlar\u0131n az qismi havalar m\u00fclayim olanda m\u0259kt\u0259b\u0259 gedir. Ya\u011f\u0131\u015f, \u015faxta, qar olanda yollar ke\u00e7ilm\u0259z olur, hava tez qaral\u0131r, \u0259trafda \u00e7aqqal-it ula\u015f\u0131r, u\u015faq o yolu gedib-g\u0259l\u0259 bilmir,\u201d- Masall\u0131n\u0131n K\u00fcrd\u0259baz k\u0259ndinin sakinl\u0259ri bel\u0259 deyir\n<\/p>\n<figure class=\"wp-block-embed is-type-video is-provider-youtube wp-block-embed-youtube wp-embed-aspect-16-9 wp-has-aspect-ratio\">\n<div class=\"wp-block-embed__wrapper\">\n    <iframe\ttitle=\"\" width=\"1200\" height=\"675\" data-src=\"https:\/\/www.youtube.com\/embed\/watch?v=Wnc95v7DnPU\"\tframeborder=\"0\"\tallow=\"accelerometer; autoplay; clipboard-write; encrypted-media; gyroscope; picture-in-picture\" allowfullscreen src=\"data:image\/svg+xml;base64,PHN2ZyB3aWR0aD0iMSIgaGVpZ2h0PSIxIiB4bWxucz0iaHR0cDovL3d3dy53My5vcmcvMjAwMC9zdmciPjwvc3ZnPg==\" class=\"lazyload\" data-load-mode=\"1\"><\/iframe>\n  <\/div><figcaption><\/figcaption><\/figure>\n<blockquote><p>\n  \u018fsas\u0259n d\u0259 q\u0131zlar\u0131 qon\u015fu k\u0259nd\u0259 buraxm\u0131r\u0131q\n<\/p><\/blockquote>\n<p>\n  K\u0259nd sakinl\u0259ri Meydan TV-y\u0259 dan\u0131\u015f\u0131rlar ki, 1 il \u0259vv\u0259l k\u0259ndd\u0259ki m\u0259kt\u0259bin ba\u011flanmas\u0131 s\u0259b\u0259bind\u0259n 100-d\u0259n \u00e7ox \u015fagird dem\u0259k olar ki, t\u0259hsilsiz qal\u0131b. T\u0259hsil Nazirliyi k\u0259nd m\u0259kt\u0259bi il\u0259 Qar\u011fal\u0131q k\u0259ndind\u0259ki m\u0259kt\u0259bi birl\u0259\u015fdir\u0259nd\u0259n, K\u00fcrd\u0259bazdak\u0131 \u015fagird-m\u00fc\u0259llim hey\u0259tini h\u0259min m\u0259kt\u0259b\u0259 k\u00f6\u00e7\u00fcr\u0259nd\u0259n m\u0259kt\u0259blil\u0259rin davamiyy\u0259ti pozulub. T\u0259hsil ilinin \u00e7ox hiss\u0259si q\u0131\u015f aylar\u0131na d\u00fc\u015fd\u00fcy\u00fcnd\u0259n, \u00f6t\u0259n il valideynl\u0259r \u00f6vladlar\u0131n\u0131 qon\u015fu k\u0259ndd\u0259ki m\u0259kt\u0259b\u0259 yollamay\u0131b. 1 aya yax\u0131nd\u0131r ki, yeni t\u0259hsil ili ba\u015flay\u0131b, ancaq v\u0259ziyy\u0259t d\u0259yi\u015fm\u0259yib. Sakinl\u0259rin dem\u0259sin\u0259 g\u00f6r\u0259, K\u00fcrd\u0259bazdan Qar\u011fal\u0131\u011fa d\u0259rs oxuma\u011fa ged\u0259n \u015fagirdl\u0259r yen\u0259 barmaqla say\u0131lacaq q\u0259d\u0259rdir. K\u0259nd sakini L\u0259tif\u0259 \u018fliyeva deyir, valideynl\u0259r \u0259sas\u0259n d\u0259 q\u0131z \u00f6vladlar\u0131n\u0131 m\u0259kt\u0259b\u0259 buraxm\u0131r:<\/p>\n<p>  \u201c\u00c7oxu q\u0131z \u00f6vladlar\u0131n\u0131n s\u0259n\u0259dini he\u00e7 qon\u015fu k\u0259ndd\u0259ki m\u0259kt\u0259b\u0259 verm\u0259di. \u00d6t\u0259n il\u0259d\u0259k m\u0259kt\u0259b\u0259 ged\u0259n q\u0131zlar\u0131n dem\u0259k olar ki, ham\u0131s\u0131 indi evd\u0259 oturub. Bu v\u0259ziyy\u0259ti h\u00f6kum\u0259t \u00f6z\u00fc yarad\u0131b. Ax\u0131 bu u\u015faqlar\u0131n yax\u015f\u0131-pis getdikl\u0259ri m\u0259kt\u0259bl\u0259ri vard\u0131, \u00f6z\u00fc d\u0259 o m\u0259kt\u0259bi 1989-cu ild\u0259 \u00f6z\u00fcm\u00fcz tikmi\u015fdik. H\u00f6kum\u0259t biz\u0259 m\u0259kt\u0259b tikm\u0259mi\u015fdi, ancaq \u0259limizd\u0259n ald\u0131. Xalq\u0131n t\u0259hsilini, m\u0259kt\u0259bini \u0259lind\u0259n al\u0131rlar. Bu k\u0259ndd\u0259 ad\u0131n\u0131 yaza bilm\u0259y\u0259n g\u0259l\u0259c\u0259k yeti\u015fir. Bunun da s\u0259b\u0259bkar\u0131 birba\u015fa h\u00f6kum\u0259tdir\u201d.\n<\/p>\n<blockquote><p>\n  N\u0259qliyyat ay\u0131rmay\u0131blar, piyada gedib-g\u0259lm\u0259k \u00e7\u0259tindir\n<\/p><\/blockquote>\n<p>\n  K\u0259nd sakini V\u0259li \u018fhm\u0259dov deyir, u\u015faqlar qon\u015fu k\u0259ndin m\u0259kt\u0259bin\u0259 k\u00f6\u00e7\u00fcr\u00fcls\u0259l\u0259r d\u0259, n\u0259qliyyat m\u0259s\u0259l\u0259si h\u0259ll olunmay\u0131b:<\/p>\n<p>  \u201cM\u0259kt\u0259bi ba\u011flad\u0131lar, m\u0259n d\u0259 oturtmu\u015fam u\u015fa\u011f\u0131 evd\u0259&#8230; \u00d6z\u00fcm orda-burda f\u0259hl\u0259lik edir\u0259m, h\u0259yat yolda\u015f\u0131m \u0259lildir. K\u00f6rp\u0259 u\u015faqlard\u0131, evin yax\u0131nl\u0131\u011f\u0131nda olanda \u00f6zl\u0259ri gedib-g\u0259lirdil\u0259r, indi Qar\u011fal\u0131\u011fa apar\u0131b-g\u0259tir\u0259n yoxdur. 100-d\u0259n \u00e7ox azya\u015fl\u0131n\u0131 qon\u015fu k\u0259nd\u0259 g\u00f6nd\u0259rir, bir mikroavtobus ay\u0131rm\u0131r ki, biz d\u0259 arxay\u0131n olaq, s\u0259h\u0259rl\u0259r u\u015faqlar\u0131 t\u0259hvil verib, g\u00fcnortalar t\u0259hvil alaq. 100-d\u0259n \u00e7ox u\u015fa\u011f\u0131n s\u0259h\u0259rd\u0259n ax\u015famad\u0259k qon\u015fu k\u0259nd\u0259 piyada gedib-g\u0259lm\u0259si \u00e7\u0259tindir. U\u015faqlar yollarda qala bilm\u0259zl\u0259r. Qar\u011fal\u0131qla aram\u0131z 3-4 kilometrdir. Bir azdan qar ya\u011fanda yollar da ba\u011flanacaq. Qar yollar\u0131 tutanda o k\u0259ndd\u0259n bu k\u0259nd\u0259 he\u00e7 \u00e7\u00f6r\u0259k ma\u015f\u0131n\u0131 g\u0259lib \u00e7\u0131xa bilmir, bunlar deyir, u\u015faq d\u0259rs\u0259 getm\u0259lidir\u201d.\n<\/p>\n<blockquote><p>\n  Kitabxana, klub yox idi, m\u0259kt\u0259bi d\u0259 ba\u011flad\u0131lar\n<\/p><\/blockquote>\n<p>\n  Valideyn deyir, k\u0259ndd\u0259 ba\u015fqa \u0259lveri\u015fli bina da yoxdur ki, u\u015faqlar orada yaz\u0131b-oxuma\u011f\u0131 \u00f6yr\u0259nsinl\u0259r:\n<\/p>\n<p>\n  \u201cBir kitabxana, bir m\u0259d\u0259niyy\u0259t klubu yoxdur ki, qon\u015fu k\u0259nd\u0259 ged\u0259 bilm\u0259y\u0259n u\u015faqlar he\u00e7 olmasa, d\u0259ft\u0259r-q\u0259l\u0259ml\u0259rini g\u00f6t\u00fcr\u00fcb, gedib h\u0259min m\u0259kanlarda yaz\u0131b-pozma\u011f\u0131 \u00f6yr\u0259nsinl\u0259r.<\/p>\n<p>  Valideynl\u0259r T\u0259hsil Nazirliyin\u0259, Masall\u0131n\u0131n icra hakimiyy\u0259tin\u0259, prezident\u0259, Birinci-vitse-prezident\u0259 m\u00fcraci\u0259t edibl\u0259r ki, say\u0131 800-d\u0259n \u00e7ox olan \u0259halisi, 100-d\u0259n \u00e7ox m\u0259kt\u0259blisi olan K\u00fcrd\u0259bazda m\u0259kt\u0259b b\u0259rpa olunsun. Ancaq 1 ild\u0259n \u00e7oxdur m\u00fcraci\u0259tl\u0259rin\u0259 cavab almay\u0131blar.<\/p>\n<p>  Masall\u0131 Rayon T\u0259hsil \u015e\u00f6b\u0259sind\u0259n bildirilib ki, K\u00fcrd\u0259bazdak\u0131 m\u0259kt\u0259b t\u0259hsil g\u00f6st\u0259ricil\u0259ri a\u015fa\u011f\u0131 oldu\u011funa g\u00f6r\u0259 l\u0259\u011fv edilib. T\u0259hsilin keyfiyy\u0259tinin art\u0131r\u0131lmas\u0131 m\u0259qs\u0259dil\u0259 h\u0259min m\u0259kt\u0259bin \u015fagird v\u0259 m\u00fc\u0259llim hey\u0259ti qon\u015fuluqdak\u0131 Qar\u011fal\u0131q k\u0259nd m\u0259kt\u0259bin\u0259 k\u00f6\u00e7\u00fcr\u00fcl\u00fcb. K\u00fcrd\u0259baz k\u0259ndi Qar\u011fal\u0131q k\u0259nd inzibati \u0259razi dair\u0259sin\u0259 daxil oldu\u011fundan v\u0259 k\u0259ndl\u0259r bir-birin\u0259 yax\u0131n oldu\u011fundan 1 il \u0259vv\u0259l bel\u0259 bir q\u0259rar verilib, icra olunub. Haz\u0131rda k\u00fcrd\u0259bazl\u0131 \u015fagirdl\u0259r Qar\u011fal\u0131qdak\u0131 620 yerlik m\u0259kt\u0259bd\u0259 t\u0259hsil al\u0131r: \u201cB\u00fct\u00fcn i\u015fl\u0259r \u201cT\u0259hsil haqq\u0131nda\u201d Qanuna uy\u011fun apar\u0131l\u0131r, m\u0259kt\u0259blil\u0259rin davamiyy\u0259ti d\u0259 normald\u0131r\u201d.<\/p>\n<p>  \u0130ki k\u0259nd aras\u0131ndak\u0131 m\u0259saf\u0259 4 kilometrdir. Yerli icra hakimiyy\u0259tind\u0259n bildirilib ki, bir m\u00fcdd\u0259t \u0259vv\u0259l yola asfalt d\u00f6\u015f\u0259nilib. Valideynl\u0259r m\u00fcraci\u0259t ed\u0259rl\u0259rs\u0259, qar\u015f\u0131dan g\u0259l\u0259n q\u0131\u015f aylar\u0131 m\u00fcdd\u0259tind\u0259 m\u0259kt\u0259blil\u0259rin da\u015f\u0131nmas\u0131 \u00fc\u00e7\u00fcn n\u0259qliyyat ayr\u0131lmas\u0131 m\u0259s\u0259l\u0259si h\u0259ll olunar. Ancaq r\u0259smi qurumlar k\u0259ndd\u0259 m\u0259kt\u0259bin f\u0259aliyy\u0259tinin b\u0259rpa olunaca\u011f\u0131 bar\u0259d\u0259 bir s\u00f6z demir.<\/p>\n","protected":false},"excerpt":{"rendered":"<p>Sakinl\u0259r azya\u015fl\u0131 \u00f6vladlar\u0131n\u0131 qon\u015fu k\u0259ndd\u0259ki m\u0259kt\u0259b\u0259 buraxm\u0131r<\/p>\n","protected":false},"author":11,"featured_media":110894,"comment_status":"closed","ping_status":"open","sticky":false,"template":"","format":"standard","meta":{"_acf_changed":false,"_sitemap_exclude":false,"_sitemap_priority":"","_sitemap_frequency":"","footnotes":""},"categories":[60],"tags":[],"class_list":["post-192060","post","type-post","status-publish","format-standard","has-post-thumbnail","hentry","category-bolge","infinite-scroll-item","generate-columns","tablet-grid-50","mobile-grid-100","grid-parent","grid-33","no-featured-image-padding"],"acf":[],"yoast_head":"<!-- This site is optimized with the Yoast SEO plugin v27.4 - https:\/\/yoast.com\/product\/yoast-seo-wordpress\/ -->\n<title>K\u00fcrd\u0259baz sakinl\u0259ri: \u0130kinci ildir ki, u\u015faqlar\u0131m\u0131z t\u0259hsild\u0259n k\u0259narda qal\u0131b - MEYDAN.TV<\/title>\n<meta name=\"robots\" content=\"index, follow, max-snippet:-1, max-image-preview:large, max-video-preview:-1\" \/>\n<link rel=\"canonical\" href=\"https:\/\/www.meydan.tv\/az\/article\/kurdebaz-sakinleri-ikinci-ildir-ki-usaqlarimiz-tehsilden-kenarda-qalib\/\" \/>\n<meta property=\"og:locale\" content=\"az_AZ\" \/>\n<meta property=\"og:type\" content=\"article\" \/>\n<meta property=\"og:title\" content=\"K\u00fcrd\u0259baz sakinl\u0259ri: \u0130kinci ildir ki, u\u015faqlar\u0131m\u0131z t\u0259hsild\u0259n k\u0259narda qal\u0131b - MEYDAN.TV\" \/>\n<meta property=\"og:description\" content=\"Sakinl\u0259r azya\u015fl\u0131 \u00f6vladlar\u0131n\u0131 qon\u015fu k\u0259ndd\u0259ki m\u0259kt\u0259b\u0259 buraxm\u0131r\" \/>\n<meta property=\"og:url\" content=\"https:\/\/www.meydan.tv\/az\/article\/kurdebaz-sakinleri-ikinci-ildir-ki-usaqlarimiz-tehsilden-kenarda-qalib\/\" \/>\n<meta property=\"og:site_name\" content=\"MEYDAN.TV\" \/>\n<meta property=\"article:published_time\" content=\"2018-10-11T18:39:54+00:00\" \/>\n<meta property=\"og:image\" content=\"https:\/\/www.meydan.tv\/wp-content\/uploads\/44123.png\" \/>\n\t<meta property=\"og:image:width\" content=\"1007\" \/>\n\t<meta property=\"og:image:height\" content=\"597\" \/>\n\t<meta property=\"og:image:type\" content=\"image\/png\" \/>\n<meta name=\"author\" content=\"user-manager\" \/>\n<meta name=\"twitter:card\" content=\"summary_large_image\" \/>\n<script type=\"application\/ld+json\" class=\"yoast-schema-graph\">{\"@context\":\"https:\\\/\\\/schema.org\",\"@graph\":[{\"@type\":\"Article\",\"@id\":\"https:\\\/\\\/www.meydan.tv\\\/az\\\/article\\\/kurdebaz-sakinleri-ikinci-ildir-ki-usaqlarimiz-tehsilden-kenarda-qalib\\\/#article\",\"isPartOf\":{\"@id\":\"https:\\\/\\\/www.meydan.tv\\\/az\\\/article\\\/kurdebaz-sakinleri-ikinci-ildir-ki-usaqlarimiz-tehsilden-kenarda-qalib\\\/\"},\"author\":{\"name\":\"user-manager\",\"@id\":\"https:\\\/\\\/www.meydan.tv\\\/az\\\/#\\\/schema\\\/person\\\/10d11eccf6da3662cf5fdab9806ea91a\"},\"headline\":\"K\u00fcrd\u0259baz sakinl\u0259ri: \u0130kinci ildir ki, u\u015faqlar\u0131m\u0131z t\u0259hsild\u0259n k\u0259narda qal\u0131b\",\"datePublished\":\"2018-10-11T18:39:54+00:00\",\"mainEntityOfPage\":{\"@id\":\"https:\\\/\\\/www.meydan.tv\\\/az\\\/article\\\/kurdebaz-sakinleri-ikinci-ildir-ki-usaqlarimiz-tehsilden-kenarda-qalib\\\/\"},\"wordCount\":1078,\"publisher\":{\"@id\":\"https:\\\/\\\/www.meydan.tv\\\/az\\\/#organization\"},\"image\":{\"@id\":\"https:\\\/\\\/www.meydan.tv\\\/az\\\/article\\\/kurdebaz-sakinleri-ikinci-ildir-ki-usaqlarimiz-tehsilden-kenarda-qalib\\\/#primaryimage\"},\"thumbnailUrl\":\"https:\\\/\\\/www.meydan.tv\\\/wp-content\\\/uploads\\\/44123.png\",\"articleSection\":[\"B\u00f6lg\u0259\"],\"inLanguage\":\"az\"},{\"@type\":\"WebPage\",\"@id\":\"https:\\\/\\\/www.meydan.tv\\\/az\\\/article\\\/kurdebaz-sakinleri-ikinci-ildir-ki-usaqlarimiz-tehsilden-kenarda-qalib\\\/\",\"url\":\"https:\\\/\\\/www.meydan.tv\\\/az\\\/article\\\/kurdebaz-sakinleri-ikinci-ildir-ki-usaqlarimiz-tehsilden-kenarda-qalib\\\/\",\"name\":\"K\u00fcrd\u0259baz sakinl\u0259ri: \u0130kinci ildir ki, u\u015faqlar\u0131m\u0131z t\u0259hsild\u0259n k\u0259narda qal\u0131b - MEYDAN.TV\",\"isPartOf\":{\"@id\":\"https:\\\/\\\/www.meydan.tv\\\/az\\\/#website\"},\"primaryImageOfPage\":{\"@id\":\"https:\\\/\\\/www.meydan.tv\\\/az\\\/article\\\/kurdebaz-sakinleri-ikinci-ildir-ki-usaqlarimiz-tehsilden-kenarda-qalib\\\/#primaryimage\"},\"image\":{\"@id\":\"https:\\\/\\\/www.meydan.tv\\\/az\\\/article\\\/kurdebaz-sakinleri-ikinci-ildir-ki-usaqlarimiz-tehsilden-kenarda-qalib\\\/#primaryimage\"},\"thumbnailUrl\":\"https:\\\/\\\/www.meydan.tv\\\/wp-content\\\/uploads\\\/44123.png\",\"datePublished\":\"2018-10-11T18:39:54+00:00\",\"breadcrumb\":{\"@id\":\"https:\\\/\\\/www.meydan.tv\\\/az\\\/article\\\/kurdebaz-sakinleri-ikinci-ildir-ki-usaqlarimiz-tehsilden-kenarda-qalib\\\/#breadcrumb\"},\"inLanguage\":\"az\",\"potentialAction\":[{\"@type\":\"ReadAction\",\"target\":[\"https:\\\/\\\/www.meydan.tv\\\/az\\\/article\\\/kurdebaz-sakinleri-ikinci-ildir-ki-usaqlarimiz-tehsilden-kenarda-qalib\\\/\"]}]},{\"@type\":\"ImageObject\",\"inLanguage\":\"az\",\"@id\":\"https:\\\/\\\/www.meydan.tv\\\/az\\\/article\\\/kurdebaz-sakinleri-ikinci-ildir-ki-usaqlarimiz-tehsilden-kenarda-qalib\\\/#primaryimage\",\"url\":\"https:\\\/\\\/www.meydan.tv\\\/wp-content\\\/uploads\\\/44123.png\",\"contentUrl\":\"https:\\\/\\\/www.meydan.tv\\\/wp-content\\\/uploads\\\/44123.png\",\"width\":1007,\"height\":597,\"caption\":\"Source:\"},{\"@type\":\"BreadcrumbList\",\"@id\":\"https:\\\/\\\/www.meydan.tv\\\/az\\\/article\\\/kurdebaz-sakinleri-ikinci-ildir-ki-usaqlarimiz-tehsilden-kenarda-qalib\\\/#breadcrumb\",\"itemListElement\":[{\"@type\":\"ListItem\",\"position\":1,\"name\":\"Ana s\u0259hif\u0259\",\"item\":\"https:\\\/\\\/www.meydan.tv\\\/az\\\/\"},{\"@type\":\"ListItem\",\"position\":2,\"name\":\"B\u00f6lg\u0259\",\"item\":\"https:\\\/\\\/www.meydan.tv\\\/az\\\/section\\\/bolge\\\/\"},{\"@type\":\"ListItem\",\"position\":3,\"name\":\"K\u00fcrd\u0259baz sakinl\u0259ri: \u0130kinci ildir ki, u\u015faqlar\u0131m\u0131z t\u0259hsild\u0259n k\u0259narda qal\u0131b\"}]},{\"@type\":\"WebSite\",\"@id\":\"https:\\\/\\\/www.meydan.tv\\\/az\\\/#website\",\"url\":\"https:\\\/\\\/www.meydan.tv\\\/az\\\/\",\"name\":\"MEYDAN.TV\",\"description\":\"Meydan TV Az\u0259rbaycan\u0131n media m\u0259kan\u0131ndak\u0131 alternativ s\u0259sidir\",\"publisher\":{\"@id\":\"https:\\\/\\\/www.meydan.tv\\\/az\\\/#organization\"},\"potentialAction\":[{\"@type\":\"SearchAction\",\"target\":{\"@type\":\"EntryPoint\",\"urlTemplate\":\"https:\\\/\\\/www.meydan.tv\\\/az\\\/?s={search_term_string}\"},\"query-input\":{\"@type\":\"PropertyValueSpecification\",\"valueRequired\":true,\"valueName\":\"search_term_string\"}}],\"inLanguage\":\"az\"},{\"@type\":\"Organization\",\"@id\":\"https:\\\/\\\/www.meydan.tv\\\/az\\\/#organization\",\"name\":\"Meydan TV\",\"url\":\"https:\\\/\\\/www.meydan.tv\\\/az\\\/\",\"logo\":{\"@type\":\"ImageObject\",\"inLanguage\":\"az\",\"@id\":\"https:\\\/\\\/www.meydan.tv\\\/az\\\/#\\\/schema\\\/logo\\\/image\\\/\",\"url\":\"https:\\\/\\\/www.meydan.tv\\\/wp-content\\\/uploads\\\/2021\\\/07\\\/meydan-logo.svg\",\"contentUrl\":\"https:\\\/\\\/www.meydan.tv\\\/wp-content\\\/uploads\\\/2021\\\/07\\\/meydan-logo.svg\",\"width\":195,\"height\":46,\"caption\":\"Meydan TV\"},\"image\":{\"@id\":\"https:\\\/\\\/www.meydan.tv\\\/az\\\/#\\\/schema\\\/logo\\\/image\\\/\"}},{\"@type\":\"Person\",\"@id\":\"https:\\\/\\\/www.meydan.tv\\\/az\\\/#\\\/schema\\\/person\\\/10d11eccf6da3662cf5fdab9806ea91a\",\"name\":\"user-manager\"}]}<\/script>\n<!-- \/ Yoast SEO plugin. -->","yoast_head_json":{"title":"K\u00fcrd\u0259baz sakinl\u0259ri: \u0130kinci ildir ki, u\u015faqlar\u0131m\u0131z t\u0259hsild\u0259n k\u0259narda qal\u0131b - MEYDAN.TV","robots":{"index":"index","follow":"follow","max-snippet":"max-snippet:-1","max-image-preview":"max-image-preview:large","max-video-preview":"max-video-preview:-1"},"canonical":"https:\/\/www.meydan.tv\/az\/article\/kurdebaz-sakinleri-ikinci-ildir-ki-usaqlarimiz-tehsilden-kenarda-qalib\/","og_locale":"az_AZ","og_type":"article","og_title":"K\u00fcrd\u0259baz sakinl\u0259ri: \u0130kinci ildir ki, u\u015faqlar\u0131m\u0131z t\u0259hsild\u0259n k\u0259narda qal\u0131b - MEYDAN.TV","og_description":"Sakinl\u0259r azya\u015fl\u0131 \u00f6vladlar\u0131n\u0131 qon\u015fu k\u0259ndd\u0259ki m\u0259kt\u0259b\u0259 buraxm\u0131r","og_url":"https:\/\/www.meydan.tv\/az\/article\/kurdebaz-sakinleri-ikinci-ildir-ki-usaqlarimiz-tehsilden-kenarda-qalib\/","og_site_name":"MEYDAN.TV","article_published_time":"2018-10-11T18:39:54+00:00","og_image":[{"width":1007,"height":597,"url":"https:\/\/www.meydan.tv\/wp-content\/uploads\/44123.png","type":"image\/png"}],"author":"user-manager","twitter_card":"summary_large_image","schema":{"@context":"https:\/\/schema.org","@graph":[{"@type":"Article","@id":"https:\/\/www.meydan.tv\/az\/article\/kurdebaz-sakinleri-ikinci-ildir-ki-usaqlarimiz-tehsilden-kenarda-qalib\/#article","isPartOf":{"@id":"https:\/\/www.meydan.tv\/az\/article\/kurdebaz-sakinleri-ikinci-ildir-ki-usaqlarimiz-tehsilden-kenarda-qalib\/"},"author":{"name":"user-manager","@id":"https:\/\/www.meydan.tv\/az\/#\/schema\/person\/10d11eccf6da3662cf5fdab9806ea91a"},"headline":"K\u00fcrd\u0259baz sakinl\u0259ri: \u0130kinci ildir ki, u\u015faqlar\u0131m\u0131z t\u0259hsild\u0259n k\u0259narda qal\u0131b","datePublished":"2018-10-11T18:39:54+00:00","mainEntityOfPage":{"@id":"https:\/\/www.meydan.tv\/az\/article\/kurdebaz-sakinleri-ikinci-ildir-ki-usaqlarimiz-tehsilden-kenarda-qalib\/"},"wordCount":1078,"publisher":{"@id":"https:\/\/www.meydan.tv\/az\/#organization"},"image":{"@id":"https:\/\/www.meydan.tv\/az\/article\/kurdebaz-sakinleri-ikinci-ildir-ki-usaqlarimiz-tehsilden-kenarda-qalib\/#primaryimage"},"thumbnailUrl":"https:\/\/www.meydan.tv\/wp-content\/uploads\/44123.png","articleSection":["B\u00f6lg\u0259"],"inLanguage":"az"},{"@type":"WebPage","@id":"https:\/\/www.meydan.tv\/az\/article\/kurdebaz-sakinleri-ikinci-ildir-ki-usaqlarimiz-tehsilden-kenarda-qalib\/","url":"https:\/\/www.meydan.tv\/az\/article\/kurdebaz-sakinleri-ikinci-ildir-ki-usaqlarimiz-tehsilden-kenarda-qalib\/","name":"K\u00fcrd\u0259baz sakinl\u0259ri: \u0130kinci ildir ki, u\u015faqlar\u0131m\u0131z t\u0259hsild\u0259n k\u0259narda qal\u0131b - MEYDAN.TV","isPartOf":{"@id":"https:\/\/www.meydan.tv\/az\/#website"},"primaryImageOfPage":{"@id":"https:\/\/www.meydan.tv\/az\/article\/kurdebaz-sakinleri-ikinci-ildir-ki-usaqlarimiz-tehsilden-kenarda-qalib\/#primaryimage"},"image":{"@id":"https:\/\/www.meydan.tv\/az\/article\/kurdebaz-sakinleri-ikinci-ildir-ki-usaqlarimiz-tehsilden-kenarda-qalib\/#primaryimage"},"thumbnailUrl":"https:\/\/www.meydan.tv\/wp-content\/uploads\/44123.png","datePublished":"2018-10-11T18:39:54+00:00","breadcrumb":{"@id":"https:\/\/www.meydan.tv\/az\/article\/kurdebaz-sakinleri-ikinci-ildir-ki-usaqlarimiz-tehsilden-kenarda-qalib\/#breadcrumb"},"inLanguage":"az","potentialAction":[{"@type":"ReadAction","target":["https:\/\/www.meydan.tv\/az\/article\/kurdebaz-sakinleri-ikinci-ildir-ki-usaqlarimiz-tehsilden-kenarda-qalib\/"]}]},{"@type":"ImageObject","inLanguage":"az","@id":"https:\/\/www.meydan.tv\/az\/article\/kurdebaz-sakinleri-ikinci-ildir-ki-usaqlarimiz-tehsilden-kenarda-qalib\/#primaryimage","url":"https:\/\/www.meydan.tv\/wp-content\/uploads\/44123.png","contentUrl":"https:\/\/www.meydan.tv\/wp-content\/uploads\/44123.png","width":1007,"height":597,"caption":"Source:"},{"@type":"BreadcrumbList","@id":"https:\/\/www.meydan.tv\/az\/article\/kurdebaz-sakinleri-ikinci-ildir-ki-usaqlarimiz-tehsilden-kenarda-qalib\/#breadcrumb","itemListElement":[{"@type":"ListItem","position":1,"name":"Ana s\u0259hif\u0259","item":"https:\/\/www.meydan.tv\/az\/"},{"@type":"ListItem","position":2,"name":"B\u00f6lg\u0259","item":"https:\/\/www.meydan.tv\/az\/section\/bolge\/"},{"@type":"ListItem","position":3,"name":"K\u00fcrd\u0259baz sakinl\u0259ri: \u0130kinci ildir ki, u\u015faqlar\u0131m\u0131z t\u0259hsild\u0259n k\u0259narda qal\u0131b"}]},{"@type":"WebSite","@id":"https:\/\/www.meydan.tv\/az\/#website","url":"https:\/\/www.meydan.tv\/az\/","name":"MEYDAN.TV","description":"Meydan TV Az\u0259rbaycan\u0131n media m\u0259kan\u0131ndak\u0131 alternativ s\u0259sidir","publisher":{"@id":"https:\/\/www.meydan.tv\/az\/#organization"},"potentialAction":[{"@type":"SearchAction","target":{"@type":"EntryPoint","urlTemplate":"https:\/\/www.meydan.tv\/az\/?s={search_term_string}"},"query-input":{"@type":"PropertyValueSpecification","valueRequired":true,"valueName":"search_term_string"}}],"inLanguage":"az"},{"@type":"Organization","@id":"https:\/\/www.meydan.tv\/az\/#organization","name":"Meydan TV","url":"https:\/\/www.meydan.tv\/az\/","logo":{"@type":"ImageObject","inLanguage":"az","@id":"https:\/\/www.meydan.tv\/az\/#\/schema\/logo\/image\/","url":"https:\/\/www.meydan.tv\/wp-content\/uploads\/2021\/07\/meydan-logo.svg","contentUrl":"https:\/\/www.meydan.tv\/wp-content\/uploads\/2021\/07\/meydan-logo.svg","width":195,"height":46,"caption":"Meydan TV"},"image":{"@id":"https:\/\/www.meydan.tv\/az\/#\/schema\/logo\/image\/"}},{"@type":"Person","@id":"https:\/\/www.meydan.tv\/az\/#\/schema\/person\/10d11eccf6da3662cf5fdab9806ea91a","name":"user-manager"}]}},"_links":{"self":[{"href":"https:\/\/www.meydan.tv\/az\/wp-json\/wp\/v2\/posts\/192060","targetHints":{"allow":["GET"]}}],"collection":[{"href":"https:\/\/www.meydan.tv\/az\/wp-json\/wp\/v2\/posts"}],"about":[{"href":"https:\/\/www.meydan.tv\/az\/wp-json\/wp\/v2\/types\/post"}],"author":[{"embeddable":true,"href":"https:\/\/www.meydan.tv\/az\/wp-json\/wp\/v2\/users\/11"}],"replies":[{"embeddable":true,"href":"https:\/\/www.meydan.tv\/az\/wp-json\/wp\/v2\/comments?post=192060"}],"version-history":[{"count":0,"href":"https:\/\/www.meydan.tv\/az\/wp-json\/wp\/v2\/posts\/192060\/revisions"}],"wp:featuredmedia":[{"embeddable":true,"href":"https:\/\/www.meydan.tv\/az\/wp-json\/wp\/v2\/media\/110894"}],"wp:attachment":[{"href":"https:\/\/www.meydan.tv\/az\/wp-json\/wp\/v2\/media?parent=192060"}],"wp:term":[{"taxonomy":"category","embeddable":true,"href":"https:\/\/www.meydan.tv\/az\/wp-json\/wp\/v2\/categories?post=192060"},{"taxonomy":"post_tag","embeddable":true,"href":"https:\/\/www.meydan.tv\/az\/wp-json\/wp\/v2\/tags?post=192060"}],"curies":[{"name":"wp","href":"https:\/\/api.w.org\/{rel}","templated":true}]}}