{"id":192055,"date":"2018-10-11T16:29:49","date_gmt":"2018-10-11T16:29:49","guid":{"rendered":"https:\/\/www.meydan.tv\/article\/usaqlari-qisda-otaqda-yayda-ayaqyolunda-cimizdirirem\/"},"modified":"2018-10-11T16:29:49","modified_gmt":"2018-10-11T16:29:49","slug":"usaqlari-qisda-otaqda-yayda-ayaqyolunda-cimizdirirem","status":"publish","type":"post","link":"https:\/\/www.meydan.tv\/az\/article\/usaqlari-qisda-otaqda-yayda-ayaqyolunda-cimizdirirem\/","title":{"rendered":"&#8221;U\u015faqlar\u0131 q\u0131\u015fda otaqda, yayda ayaqyolunda \u00e7imizdirir\u0259m&#8221;"},"content":{"rendered":"<figure class=\"wp-block-image size-large\">\n  <img decoding=\"async\" src=\"https:\/\/www.meydan.tv\/az\/110855\/\" alt=\"\" class=\"wp-image-110855\"\/><figcaption><\/figcaption><\/figure>\n<p>\n  <i><br \/>\n    \u201cU\u015faqlar\u0131 q\u0131\u015fda otaqda, yayda ayaqyolunda \u00e7imizdirir\u0259m\u201d<br \/>\n  <\/i>\n<\/p>\n<p>\n  \u0130mkans\u0131zl\u0131qdan \u0259ziyy\u0259t \u00e7\u0259k\u0259n \u0130smay\u0131ll\u0131 sakini h\u0259yat yolda\u015f\u0131n\u0131n h\u0259bsd\u0259n azad olunmas\u0131n\u0131 ist\u0259yir\n<\/p>\n<p>\n  &#8220;Ail\u0259 ba\u015f\u00e7\u0131s\u0131 h\u0259bsd\u0259dir. \u00d6z\u00fcm d\u0259 i\u015fl\u0259mir\u0259m, daha do\u011frusu, i\u015f tapa bilmir\u0259m. \u0130ki o\u011flum var, m\u0259kt\u0259blidirl\u0259r. U\u015faqlar\u0131n d\u0259ft\u0259ri-q\u0259l\u0259mi olmur, m\u00fc\u0259llimi k\u00f6m\u0259k edir, sa\u011f olsun. Geyiml\u0259rini d\u0259 qohum-\u0259qraban\u0131n k\u00f6m\u0259yi say\u0259sind\u0259 al\u0131r\u0131q. \u00c7ox z\u00fclm \u00e7\u0259kir\u0259m&#8221;.\n<\/p>\n<p>\n  Bunu \u0130smay\u0131ll\u0131 rayonu, Mican k\u0259nd sakini Q\u0259nir\u0259 Bayramova Meydan TV-y\u0259 deyir. S\u00f6yl\u0259yir ki, h\u0259yat yolda\u015f\u0131, 1974-c\u00fc il t\u0259v\u0259ll\u00fcdl\u00fc \u0130mran \u0130nqilab o\u011flu Bayramov narkotik madd\u0259l\u0259rin istifad\u0259sin\u0259 g\u00f6r\u0259 6 il m\u00fcdd\u0259tin\u0259 h\u0259bs edilib:\n<\/p>\n<p>\n  &#8220;C\u0259zas\u0131n\u0131 7 sayl\u0131 C\u0259za\u00e7\u0259km\u0259 M\u00fc\u0259ssis\u0259sind\u0259 \u00e7\u0259kir. Onunla ail\u0259 quranda, narkoman oldu\u011funu bilm\u0259mi\u015fdim. Art\u0131q \u00fc\u00e7\u00fcnc\u00fc d\u0259f\u0259dir ki, h\u0259bsd\u0259 yat\u0131r. Bu d\u0259f\u0259 onu aldatd\u0131lar. D\u0259mir\u00e7i yan\u0131nda k\u00f6m\u0259k\u00e7i i\u015fl\u0259yirdi. Usta da ona 3-5 manat verirdi. Bir o\u011flan g\u0259lib, apar\u0131b ki, ged\u0259k L\u0259nk\u0259rana. Orada narkotik al\u0131blar, h\u0259min vaxt ili\u015fdir\u0259r\u0259k, tutublar&#8221;.\n<\/p>\n<figure class=\"wp-block-image size-large\">\n  <img decoding=\"async\" src=\"https:\/\/www.meydan.tv\/az\/110861\/\" alt=\"\" class=\"wp-image-110861\"\/><figcaption><\/figcaption><\/figure>\n<blockquote><p>\n  Narkotik satan qal\u0131b q\u0131raqda\u2026\n<\/p><\/blockquote>\n<p>\n  Dolan\u0131\u015f\u0131\u011f\u0131n\u0131n \u00e7\u0259tinliyind\u0259n \u015fikay\u0259tl\u0259n\u0259n Q.Bayramovan\u0131n \u0259sas ist\u0259yi h\u0259yat yolda\u015f\u0131n\u0131n azadl\u0131\u011fa burax\u0131lmas\u0131d\u0131r:<br \/>\n  <br \/>\n  &#8220;Birinci vitse-prezident Mehriban \u018fliyevaya, \u00f6k\u0259 ba\u015f\u00e7\u0131s\u0131 \u0130lham \u018fliyev\u0259 m\u0259ktub yazmaq ist\u0259yir\u0259m. H\u0259yat yolda\u015f\u0131m\u0131n \u0259fv olunmas\u0131na k\u00f6m\u0259k etsinl\u0259r, m\u00fcalic\u0259sin\u0259 yard\u0131m\u00e7\u0131 olsunlar. Bel\u0259 olmaz ax\u0131, \u00fc\u00e7 ild\u0259n bir tutulur, yat\u0131r, \u00e7\u0131x\u0131r. U\u015faqlar\u0131 da ba\u015fs\u0131z qal\u0131b. Narkotik satan qal\u0131b bir k\u0259narda, tutulmur, amma as\u0131l\u0131 olan\u0131 tutublar. Bu z\u0259hrimar yolda\u015f\u0131m\u0131n qan\u0131na i\u015fl\u0259yib. M\u00fcalic\u0259 laz\u0131md\u0131r. \u00d6z\u00fc d\u0259 bezib, deyir ki, sa\u011falmaq ist\u0259yir. U\u015faqlar t\u0259k saxlaya bilmir\u0259m&#8221;.\n<\/p>\n<blockquote><p>\n  Sosial yard\u0131m ala bilmir\u0259m\n<\/p><\/blockquote>\n<p>\n  &#8220;Qay\u0131namam\u0131n pensiyas\u0131 il\u0259 dolan\u0131r\u0131q. K\u00f6m\u0259y\u0259 ehtiyac\u0131m\u0131z var. H\u0259mi\u015f\u0259 sosial yard\u0131m al\u0131rd\u0131m. Onu da iki il\u0259 yax\u0131nd\u0131r ki, k\u0259sibl\u0259r. 100 manatdan \u00e7ox pul idi. Elektron varianta ke\u00e7\u0259nd\u0259n sonra h\u0259r d\u0259f\u0259 m\u00fcraci\u0259t edir\u0259m, imtina g\u0259lir. Quruma getmi\u015f\u0259m (DSMF-nun \u0130smay\u0131ll\u0131 Rayon \u015e\u00f6b\u0259si-red), deyibl\u0259r ki, bizlik deyil, nazirlikd\u0259n bel\u0259dir. \u015e\u0259h\u0259r\u0259 ged\u0259, nazirlikl\u0259 \u0259laq\u0259 yarada bilmir\u0259m. Nazirliyin \u201cqaynar x\u0259tt\u201dind\u0259n bildiribl\u0259r ki, elektron sor\u011fuda n\u0259s\u0259 problem var. Yolda\u015f\u0131m h\u0259bsd\u0259dir, ham\u0131 da deyir ki, ona \u00fcnvanl\u0131 sosial yard\u0131m d\u00fc\u015fm\u0259lidir. D\u00fc\u015fm\u0259lidir, amma ala bilmir\u0259m&#8221;, &#8211; \u015fikay\u0259t\u00e7i deyir.\n<\/p>\n<blockquote><p>\n  T\u0259rbiy\u0259\u00e7iy\u0259m, i\u015f yoxdur\n<\/p><\/blockquote>\n<p>\n  Q.Bayramova i\u015f \u00fc\u00e7\u00fcn \u0130smay\u0131ll\u0131 rayon M\u0259\u015f\u011fulluq M\u0259rk\u0259zin\u0259 m\u00fcraci\u0259t edib:\n<\/p>\n<p>\n  &#8220;S\u00fcp\u00fcrg\u0259\u00e7ilik t\u0259klif olundu, buna da qay\u0131nanam raz\u0131la\u015fmad\u0131. Kurs bitirmi\u015f\u0259m, ba\u011f\u00e7ada t\u0259rbiy\u0259\u00e7i i\u015fl\u0259mi\u015f\u0259m. Yen\u0259 d\u0259 ba\u011f\u00e7ada i\u015fl\u0259m\u0259k ist\u0259yir\u0259m, orada da yer doludur. H\u0259y\u0259timin hasar\u0131 yoxdur, a\u00e7\u0131qd\u0131r. Qay\u0131nanam da \u00e7ox qocad\u0131r, 80 ya\u015f\u0131 var. Gec\u0259l\u0259r s\u0259ks\u0259k\u0259 i\u00e7ind\u0259 yat\u0131ram. Bu gedi\u015fl\u0259 n\u0259 ed\u0259c\u0259y\u0259m, bilmir\u0259m? 12 il \u00f6nc\u0259 bu ev\u0259 g\u0259lin k\u00f6\u00e7m\u00fc\u015f\u0259m. Ev s\u00f6k\u00fcl\u00fcb-da\u011f\u0131l\u0131r, hamam-tualeti yoxdur. Q\u0131\u015fda qay\u0131nanam\u0131 da, u\u015faqlar\u0131m\u0131 da otaqda vannada \u00e7imizdirir\u0259m. Yayda is\u0259 ayaqyolunda \u00e7imirik. T\u0259k ist\u0259yim h\u0259yat yolda\u015f\u0131m\u0131n azadl\u0131\u011fa burax\u0131lmas\u0131d\u0131r. \u00c7\u00fcnki ail\u0259 ba\u015f\u00e7\u0131s\u0131 olmadan ya\u015famaq \u00e7ox \u0259ziyy\u0259tlidir. H\u0259yat yolda\u015f\u0131m da fasil\u0259l\u0259rl\u0259 \u00fc\u00e7 d\u0259f\u0259 h\u0259bsd\u0259 olub. U\u015faqlar\u0131m atalar\u0131n\u0131n \u00fcz\u00fcn\u00fc \u0259m\u0259lli-ba\u015fl\u0131 g\u00f6rm\u0259yibl\u0259r&#8221;.\n<\/p>\n<figure class=\"wp-block-image size-large\">\n  <img decoding=\"async\" src=\"https:\/\/www.meydan.tv\/az\/110864\/\" alt=\"\" class=\"wp-image-110864\"\/><figcaption><\/figcaption><\/figure>\n<blockquote><p>\n  \u0130mtinalar \u0259sasland\u0131r\u0131l\u0131r\n<\/p><\/blockquote>\n<p>\n  \u018fm\u0259k v\u0259 \u018fhalinin Sosial M\u00fcdafi\u0259si Nazirliyinin m\u0259tbuat xidm\u0259tinin r\u0259hb\u0259ri Fazil Tal\u0131bl\u0131 Meydan TV-y\u0259 deyib ki, insanlar \u00fcnvanl\u0131 sosial yard\u0131m \u00fc\u00e7\u00fcn elektron m\u00fcraci\u0259ti d\u00fczg\u00fcn doldurmurlar:\n<\/p>\n<p>\n  &#8220;\u00dcnvanl\u0131 sosial yard\u0131mla ba\u011fl\u0131 m\u00fcraci\u0259t v\u0259 onun cavabland\u0131rlmas\u0131, t\u0259yinat\u0131, avtomatla\u015fd\u0131r\u0131lm\u0131\u015f sistem vasit\u0259sil\u0259 h\u0259yata ke\u00e7irilir. Elektron informasiya sisteml\u0259ri vasit\u0259sil\u0259 edil\u0259n m\u00fcraci\u0259t d\u0259qiql\u0259\u015fdirilir. M\u00fcraci\u0259td\u0259 g\u00f6st\u0259ril\u0259n m\u0259lumatlar d\u0259qiql\u0259\u015fdirilir, uzla\u015fd\u0131rl\u0131r. H\u0259r bir \u015fikay\u0259t\u00e7iy\u0259 elektron m\u00fcraci\u0259t vasit\u0259sil\u0259 imtina s\u0259b\u0259bl\u0259ri g\u00f6st\u0259rilir. \u0130mtina s\u0259b\u0259bl\u0259ri tutars\u0131z ola bilm\u0259z, h\u0259r biri \u0259sasland\u0131r\u0131lm\u0131\u015f olur. Ola bilsin ki, imtinaya s\u0259b\u0259b rabit\u0259 v\u0259 kommunal x\u0259rcl\u0259ri normadan art\u0131q s\u0259rf edilm\u0259si olur. Yaxud ola bil\u0259r, ail\u0259 t\u0259rkibi il\u0259 ba\u011fl\u0131 h\u0259r hans\u0131 bir yanl\u0131\u015f m\u0259lumat daxil edilib. Ya da ail\u0259 \u00fczv\u00fcn\u00fcn i\u015fl\u0259m\u0259si il\u0259 ba\u011fl\u0131 m\u0259lumatlar d\u00fczg\u00fcn deyil. H\u0259tta \u00fcnvanla ba\u011fl\u0131 yanl\u0131\u015fl\u0131qlar da ola bil\u0259r. Yaxud da m\u00fcraci\u0259t ed\u0259n adam\u0131n m\u00fclkiyy\u0259tind\u0259 torpa\u011f\u0131 var. Y\u0259ni h\u0259r bir \u015fey sistem vasit\u0259sil\u0259 t\u0259yin olunur. S\u0259n\u0259dl\u0259r qaydas\u0131nda olandan sonra m\u00fcraci\u0259t ed\u0259n \u015f\u0259xsl\u0259r sosial yard\u0131m\u0131 ala bilirl\u0259r&#8221;.\n<\/p>\n<p>\n  H\u00fcquq\u015f\u00fcnas \u018fsab\u0259li Mustafayev Meydan TV-y\u0259 bildirib ki, h\u0259bsd\u0259 olan \u0130mran Bayramovla ba\u011fl\u0131 yuxar\u0131 instansiyalara m\u00fcraci\u0259t etm\u0259k m\u00fcsb\u0259t n\u0259tic\u0259 verm\u0259y\u0259 bil\u0259r:\n<\/p>\n<p>\n  &#8220;\u00c7\u00fcnki \u0130mran Bayramov 6 illik azadl\u0131qdan m\u0259hrumetm\u0259 m\u00fcdd\u0259tinin yaln\u0131z 1 ilini h\u0259bsd\u0259 olub. Qanuna g\u00f6r\u0259, o, c\u0259zas\u0131n\u0131n yar\u0131s\u0131n\u0131 &#8211; 3 ilini \u00e7\u0259km\u0259lidir. Bundan sonra onun \u0259fv\u0259 d\u00fc\u015fm\u0259k imkan\u0131 yaran\u0131r. H\u0259bs m\u00fcdd\u0259tinin yar\u0131s\u0131n\u0131 yatd\u0131qdan sonra h\u0259min \u015f\u0259xs r\u0259smi m\u00fcraci\u0259t ed\u0259 bil\u0259r&#8221;.<\/p>\n","protected":false},"excerpt":{"rendered":"<p>\u201cU\u015faqlar\u0131 q\u0131\u015fda otaqda, yayda ayaqyolunda \u00e7imizdirir\u0259m\u201d<\/p>\n","protected":false},"author":11,"featured_media":110855,"comment_status":"closed","ping_status":"open","sticky":false,"template":"","format":"standard","meta":{"_acf_changed":false,"_sitemap_exclude":false,"_sitemap_priority":"","_sitemap_frequency":"","footnotes":""},"categories":[60],"tags":[],"class_list":["post-192055","post","type-post","status-publish","format-standard","has-post-thumbnail","hentry","category-bolge","infinite-scroll-item","generate-columns","tablet-grid-50","mobile-grid-100","grid-parent","grid-33","no-featured-image-padding"],"acf":[],"yoast_head":"<!-- This site is optimized with the Yoast SEO plugin v27.4 - https:\/\/yoast.com\/product\/yoast-seo-wordpress\/ -->\n<title>&#039;&#039;U\u015faqlar\u0131 q\u0131\u015fda otaqda, yayda ayaqyolunda \u00e7imizdirir\u0259m&#039;&#039; - MEYDAN.TV<\/title>\n<meta name=\"robots\" content=\"index, follow, max-snippet:-1, max-image-preview:large, max-video-preview:-1\" \/>\n<link rel=\"canonical\" href=\"https:\/\/www.meydan.tv\/az\/article\/usaqlari-qisda-otaqda-yayda-ayaqyolunda-cimizdirirem\/\" \/>\n<meta property=\"og:locale\" content=\"az_AZ\" \/>\n<meta property=\"og:type\" content=\"article\" \/>\n<meta property=\"og:title\" content=\"&#039;&#039;U\u015faqlar\u0131 q\u0131\u015fda otaqda, yayda ayaqyolunda \u00e7imizdirir\u0259m&#039;&#039; - MEYDAN.TV\" \/>\n<meta property=\"og:description\" content=\"\u201cU\u015faqlar\u0131 q\u0131\u015fda otaqda, yayda ayaqyolunda \u00e7imizdirir\u0259m\u201d\" \/>\n<meta property=\"og:url\" content=\"https:\/\/www.meydan.tv\/az\/article\/usaqlari-qisda-otaqda-yayda-ayaqyolunda-cimizdirirem\/\" \/>\n<meta property=\"og:site_name\" content=\"MEYDAN.TV\" \/>\n<meta property=\"article:published_time\" content=\"2018-10-11T16:29:49+00:00\" \/>\n<meta property=\"og:image\" content=\"https:\/\/www.meydan.tv\/wp-content\/uploads\/44112.jpg\" \/>\n\t<meta property=\"og:image:width\" content=\"960\" \/>\n\t<meta property=\"og:image:height\" content=\"720\" \/>\n\t<meta property=\"og:image:type\" content=\"image\/jpeg\" \/>\n<meta name=\"author\" content=\"user-manager\" \/>\n<meta name=\"twitter:card\" content=\"summary_large_image\" \/>\n<script type=\"application\/ld+json\" class=\"yoast-schema-graph\">{\"@context\":\"https:\\\/\\\/schema.org\",\"@graph\":[{\"@type\":\"Article\",\"@id\":\"https:\\\/\\\/www.meydan.tv\\\/az\\\/article\\\/usaqlari-qisda-otaqda-yayda-ayaqyolunda-cimizdirirem\\\/#article\",\"isPartOf\":{\"@id\":\"https:\\\/\\\/www.meydan.tv\\\/az\\\/article\\\/usaqlari-qisda-otaqda-yayda-ayaqyolunda-cimizdirirem\\\/\"},\"author\":{\"name\":\"user-manager\",\"@id\":\"https:\\\/\\\/www.meydan.tv\\\/az\\\/#\\\/schema\\\/person\\\/10d11eccf6da3662cf5fdab9806ea91a\"},\"headline\":\"&#8221;U\u015faqlar\u0131 q\u0131\u015fda otaqda, yayda ayaqyolunda \u00e7imizdirir\u0259m&#8221;\",\"datePublished\":\"2018-10-11T16:29:49+00:00\",\"mainEntityOfPage\":{\"@id\":\"https:\\\/\\\/www.meydan.tv\\\/az\\\/article\\\/usaqlari-qisda-otaqda-yayda-ayaqyolunda-cimizdirirem\\\/\"},\"wordCount\":1032,\"publisher\":{\"@id\":\"https:\\\/\\\/www.meydan.tv\\\/az\\\/#organization\"},\"image\":{\"@id\":\"https:\\\/\\\/www.meydan.tv\\\/az\\\/article\\\/usaqlari-qisda-otaqda-yayda-ayaqyolunda-cimizdirirem\\\/#primaryimage\"},\"thumbnailUrl\":\"https:\\\/\\\/www.meydan.tv\\\/wp-content\\\/uploads\\\/44112.jpg\",\"articleSection\":[\"B\u00f6lg\u0259\"],\"inLanguage\":\"az\"},{\"@type\":\"WebPage\",\"@id\":\"https:\\\/\\\/www.meydan.tv\\\/az\\\/article\\\/usaqlari-qisda-otaqda-yayda-ayaqyolunda-cimizdirirem\\\/\",\"url\":\"https:\\\/\\\/www.meydan.tv\\\/az\\\/article\\\/usaqlari-qisda-otaqda-yayda-ayaqyolunda-cimizdirirem\\\/\",\"name\":\"''U\u015faqlar\u0131 q\u0131\u015fda otaqda, yayda ayaqyolunda \u00e7imizdirir\u0259m'' - MEYDAN.TV\",\"isPartOf\":{\"@id\":\"https:\\\/\\\/www.meydan.tv\\\/az\\\/#website\"},\"primaryImageOfPage\":{\"@id\":\"https:\\\/\\\/www.meydan.tv\\\/az\\\/article\\\/usaqlari-qisda-otaqda-yayda-ayaqyolunda-cimizdirirem\\\/#primaryimage\"},\"image\":{\"@id\":\"https:\\\/\\\/www.meydan.tv\\\/az\\\/article\\\/usaqlari-qisda-otaqda-yayda-ayaqyolunda-cimizdirirem\\\/#primaryimage\"},\"thumbnailUrl\":\"https:\\\/\\\/www.meydan.tv\\\/wp-content\\\/uploads\\\/44112.jpg\",\"datePublished\":\"2018-10-11T16:29:49+00:00\",\"breadcrumb\":{\"@id\":\"https:\\\/\\\/www.meydan.tv\\\/az\\\/article\\\/usaqlari-qisda-otaqda-yayda-ayaqyolunda-cimizdirirem\\\/#breadcrumb\"},\"inLanguage\":\"az\",\"potentialAction\":[{\"@type\":\"ReadAction\",\"target\":[\"https:\\\/\\\/www.meydan.tv\\\/az\\\/article\\\/usaqlari-qisda-otaqda-yayda-ayaqyolunda-cimizdirirem\\\/\"]}]},{\"@type\":\"ImageObject\",\"inLanguage\":\"az\",\"@id\":\"https:\\\/\\\/www.meydan.tv\\\/az\\\/article\\\/usaqlari-qisda-otaqda-yayda-ayaqyolunda-cimizdirirem\\\/#primaryimage\",\"url\":\"https:\\\/\\\/www.meydan.tv\\\/wp-content\\\/uploads\\\/44112.jpg\",\"contentUrl\":\"https:\\\/\\\/www.meydan.tv\\\/wp-content\\\/uploads\\\/44112.jpg\",\"width\":960,\"height\":720,\"caption\":\"Source:\"},{\"@type\":\"BreadcrumbList\",\"@id\":\"https:\\\/\\\/www.meydan.tv\\\/az\\\/article\\\/usaqlari-qisda-otaqda-yayda-ayaqyolunda-cimizdirirem\\\/#breadcrumb\",\"itemListElement\":[{\"@type\":\"ListItem\",\"position\":1,\"name\":\"Ana s\u0259hif\u0259\",\"item\":\"https:\\\/\\\/www.meydan.tv\\\/az\\\/\"},{\"@type\":\"ListItem\",\"position\":2,\"name\":\"B\u00f6lg\u0259\",\"item\":\"https:\\\/\\\/www.meydan.tv\\\/az\\\/section\\\/bolge\\\/\"},{\"@type\":\"ListItem\",\"position\":3,\"name\":\"&#8221;U\u015faqlar\u0131 q\u0131\u015fda otaqda, yayda ayaqyolunda \u00e7imizdirir\u0259m&#8221;\"}]},{\"@type\":\"WebSite\",\"@id\":\"https:\\\/\\\/www.meydan.tv\\\/az\\\/#website\",\"url\":\"https:\\\/\\\/www.meydan.tv\\\/az\\\/\",\"name\":\"MEYDAN.TV\",\"description\":\"Meydan TV Az\u0259rbaycan\u0131n media m\u0259kan\u0131ndak\u0131 alternativ s\u0259sidir\",\"publisher\":{\"@id\":\"https:\\\/\\\/www.meydan.tv\\\/az\\\/#organization\"},\"potentialAction\":[{\"@type\":\"SearchAction\",\"target\":{\"@type\":\"EntryPoint\",\"urlTemplate\":\"https:\\\/\\\/www.meydan.tv\\\/az\\\/?s={search_term_string}\"},\"query-input\":{\"@type\":\"PropertyValueSpecification\",\"valueRequired\":true,\"valueName\":\"search_term_string\"}}],\"inLanguage\":\"az\"},{\"@type\":\"Organization\",\"@id\":\"https:\\\/\\\/www.meydan.tv\\\/az\\\/#organization\",\"name\":\"Meydan TV\",\"url\":\"https:\\\/\\\/www.meydan.tv\\\/az\\\/\",\"logo\":{\"@type\":\"ImageObject\",\"inLanguage\":\"az\",\"@id\":\"https:\\\/\\\/www.meydan.tv\\\/az\\\/#\\\/schema\\\/logo\\\/image\\\/\",\"url\":\"https:\\\/\\\/www.meydan.tv\\\/wp-content\\\/uploads\\\/2021\\\/07\\\/meydan-logo.svg\",\"contentUrl\":\"https:\\\/\\\/www.meydan.tv\\\/wp-content\\\/uploads\\\/2021\\\/07\\\/meydan-logo.svg\",\"width\":195,\"height\":46,\"caption\":\"Meydan TV\"},\"image\":{\"@id\":\"https:\\\/\\\/www.meydan.tv\\\/az\\\/#\\\/schema\\\/logo\\\/image\\\/\"}},{\"@type\":\"Person\",\"@id\":\"https:\\\/\\\/www.meydan.tv\\\/az\\\/#\\\/schema\\\/person\\\/10d11eccf6da3662cf5fdab9806ea91a\",\"name\":\"user-manager\"}]}<\/script>\n<!-- \/ Yoast SEO plugin. -->","yoast_head_json":{"title":"''U\u015faqlar\u0131 q\u0131\u015fda otaqda, yayda ayaqyolunda \u00e7imizdirir\u0259m'' - MEYDAN.TV","robots":{"index":"index","follow":"follow","max-snippet":"max-snippet:-1","max-image-preview":"max-image-preview:large","max-video-preview":"max-video-preview:-1"},"canonical":"https:\/\/www.meydan.tv\/az\/article\/usaqlari-qisda-otaqda-yayda-ayaqyolunda-cimizdirirem\/","og_locale":"az_AZ","og_type":"article","og_title":"''U\u015faqlar\u0131 q\u0131\u015fda otaqda, yayda ayaqyolunda \u00e7imizdirir\u0259m'' - MEYDAN.TV","og_description":"\u201cU\u015faqlar\u0131 q\u0131\u015fda otaqda, yayda ayaqyolunda \u00e7imizdirir\u0259m\u201d","og_url":"https:\/\/www.meydan.tv\/az\/article\/usaqlari-qisda-otaqda-yayda-ayaqyolunda-cimizdirirem\/","og_site_name":"MEYDAN.TV","article_published_time":"2018-10-11T16:29:49+00:00","og_image":[{"width":960,"height":720,"url":"https:\/\/www.meydan.tv\/wp-content\/uploads\/44112.jpg","type":"image\/jpeg"}],"author":"user-manager","twitter_card":"summary_large_image","schema":{"@context":"https:\/\/schema.org","@graph":[{"@type":"Article","@id":"https:\/\/www.meydan.tv\/az\/article\/usaqlari-qisda-otaqda-yayda-ayaqyolunda-cimizdirirem\/#article","isPartOf":{"@id":"https:\/\/www.meydan.tv\/az\/article\/usaqlari-qisda-otaqda-yayda-ayaqyolunda-cimizdirirem\/"},"author":{"name":"user-manager","@id":"https:\/\/www.meydan.tv\/az\/#\/schema\/person\/10d11eccf6da3662cf5fdab9806ea91a"},"headline":"&#8221;U\u015faqlar\u0131 q\u0131\u015fda otaqda, yayda ayaqyolunda \u00e7imizdirir\u0259m&#8221;","datePublished":"2018-10-11T16:29:49+00:00","mainEntityOfPage":{"@id":"https:\/\/www.meydan.tv\/az\/article\/usaqlari-qisda-otaqda-yayda-ayaqyolunda-cimizdirirem\/"},"wordCount":1032,"publisher":{"@id":"https:\/\/www.meydan.tv\/az\/#organization"},"image":{"@id":"https:\/\/www.meydan.tv\/az\/article\/usaqlari-qisda-otaqda-yayda-ayaqyolunda-cimizdirirem\/#primaryimage"},"thumbnailUrl":"https:\/\/www.meydan.tv\/wp-content\/uploads\/44112.jpg","articleSection":["B\u00f6lg\u0259"],"inLanguage":"az"},{"@type":"WebPage","@id":"https:\/\/www.meydan.tv\/az\/article\/usaqlari-qisda-otaqda-yayda-ayaqyolunda-cimizdirirem\/","url":"https:\/\/www.meydan.tv\/az\/article\/usaqlari-qisda-otaqda-yayda-ayaqyolunda-cimizdirirem\/","name":"''U\u015faqlar\u0131 q\u0131\u015fda otaqda, yayda ayaqyolunda \u00e7imizdirir\u0259m'' - MEYDAN.TV","isPartOf":{"@id":"https:\/\/www.meydan.tv\/az\/#website"},"primaryImageOfPage":{"@id":"https:\/\/www.meydan.tv\/az\/article\/usaqlari-qisda-otaqda-yayda-ayaqyolunda-cimizdirirem\/#primaryimage"},"image":{"@id":"https:\/\/www.meydan.tv\/az\/article\/usaqlari-qisda-otaqda-yayda-ayaqyolunda-cimizdirirem\/#primaryimage"},"thumbnailUrl":"https:\/\/www.meydan.tv\/wp-content\/uploads\/44112.jpg","datePublished":"2018-10-11T16:29:49+00:00","breadcrumb":{"@id":"https:\/\/www.meydan.tv\/az\/article\/usaqlari-qisda-otaqda-yayda-ayaqyolunda-cimizdirirem\/#breadcrumb"},"inLanguage":"az","potentialAction":[{"@type":"ReadAction","target":["https:\/\/www.meydan.tv\/az\/article\/usaqlari-qisda-otaqda-yayda-ayaqyolunda-cimizdirirem\/"]}]},{"@type":"ImageObject","inLanguage":"az","@id":"https:\/\/www.meydan.tv\/az\/article\/usaqlari-qisda-otaqda-yayda-ayaqyolunda-cimizdirirem\/#primaryimage","url":"https:\/\/www.meydan.tv\/wp-content\/uploads\/44112.jpg","contentUrl":"https:\/\/www.meydan.tv\/wp-content\/uploads\/44112.jpg","width":960,"height":720,"caption":"Source:"},{"@type":"BreadcrumbList","@id":"https:\/\/www.meydan.tv\/az\/article\/usaqlari-qisda-otaqda-yayda-ayaqyolunda-cimizdirirem\/#breadcrumb","itemListElement":[{"@type":"ListItem","position":1,"name":"Ana s\u0259hif\u0259","item":"https:\/\/www.meydan.tv\/az\/"},{"@type":"ListItem","position":2,"name":"B\u00f6lg\u0259","item":"https:\/\/www.meydan.tv\/az\/section\/bolge\/"},{"@type":"ListItem","position":3,"name":"&#8221;U\u015faqlar\u0131 q\u0131\u015fda otaqda, yayda ayaqyolunda \u00e7imizdirir\u0259m&#8221;"}]},{"@type":"WebSite","@id":"https:\/\/www.meydan.tv\/az\/#website","url":"https:\/\/www.meydan.tv\/az\/","name":"MEYDAN.TV","description":"Meydan TV Az\u0259rbaycan\u0131n media m\u0259kan\u0131ndak\u0131 alternativ s\u0259sidir","publisher":{"@id":"https:\/\/www.meydan.tv\/az\/#organization"},"potentialAction":[{"@type":"SearchAction","target":{"@type":"EntryPoint","urlTemplate":"https:\/\/www.meydan.tv\/az\/?s={search_term_string}"},"query-input":{"@type":"PropertyValueSpecification","valueRequired":true,"valueName":"search_term_string"}}],"inLanguage":"az"},{"@type":"Organization","@id":"https:\/\/www.meydan.tv\/az\/#organization","name":"Meydan TV","url":"https:\/\/www.meydan.tv\/az\/","logo":{"@type":"ImageObject","inLanguage":"az","@id":"https:\/\/www.meydan.tv\/az\/#\/schema\/logo\/image\/","url":"https:\/\/www.meydan.tv\/wp-content\/uploads\/2021\/07\/meydan-logo.svg","contentUrl":"https:\/\/www.meydan.tv\/wp-content\/uploads\/2021\/07\/meydan-logo.svg","width":195,"height":46,"caption":"Meydan TV"},"image":{"@id":"https:\/\/www.meydan.tv\/az\/#\/schema\/logo\/image\/"}},{"@type":"Person","@id":"https:\/\/www.meydan.tv\/az\/#\/schema\/person\/10d11eccf6da3662cf5fdab9806ea91a","name":"user-manager"}]}},"_links":{"self":[{"href":"https:\/\/www.meydan.tv\/az\/wp-json\/wp\/v2\/posts\/192055","targetHints":{"allow":["GET"]}}],"collection":[{"href":"https:\/\/www.meydan.tv\/az\/wp-json\/wp\/v2\/posts"}],"about":[{"href":"https:\/\/www.meydan.tv\/az\/wp-json\/wp\/v2\/types\/post"}],"author":[{"embeddable":true,"href":"https:\/\/www.meydan.tv\/az\/wp-json\/wp\/v2\/users\/11"}],"replies":[{"embeddable":true,"href":"https:\/\/www.meydan.tv\/az\/wp-json\/wp\/v2\/comments?post=192055"}],"version-history":[{"count":0,"href":"https:\/\/www.meydan.tv\/az\/wp-json\/wp\/v2\/posts\/192055\/revisions"}],"wp:featuredmedia":[{"embeddable":true,"href":"https:\/\/www.meydan.tv\/az\/wp-json\/wp\/v2\/media\/110855"}],"wp:attachment":[{"href":"https:\/\/www.meydan.tv\/az\/wp-json\/wp\/v2\/media?parent=192055"}],"wp:term":[{"taxonomy":"category","embeddable":true,"href":"https:\/\/www.meydan.tv\/az\/wp-json\/wp\/v2\/categories?post=192055"},{"taxonomy":"post_tag","embeddable":true,"href":"https:\/\/www.meydan.tv\/az\/wp-json\/wp\/v2\/tags?post=192055"}],"curies":[{"name":"wp","href":"https:\/\/api.w.org\/{rel}","templated":true}]}}