{"id":192029,"date":"2018-10-10T14:08:22","date_gmt":"2018-10-10T14:08:22","guid":{"rendered":"https:\/\/www.meydan.tv\/article\/unudulmus-peykimiz\/"},"modified":"2018-10-10T14:08:22","modified_gmt":"2018-10-10T14:08:22","slug":"unudulmus-peykimiz","status":"publish","type":"post","link":"https:\/\/www.meydan.tv\/az\/article\/unudulmus-peykimiz\/","title":{"rendered":"Unudulmu\u015f peykimiz"},"content":{"rendered":"<p>\n  Z\u0259man\u0259, h\u0259qiq\u0259t\u0259n, d\u0259yi\u015fib, qabaqk\u0131 deyil, adamlar el\u0259 bil h\u0259r \u015fey\u0259 bigan\u0259 olub. \u00d6lk\u0259nin s\u00fcr\u0259tli inki\u015faf\u0131, eyni cinsli saitl\u0259rin bir-birini izl\u0259m\u0259sind\u0259n yaranan ah\u0259ng qanunu kimi islahatlar\u0131n ard\u0131c\u0131ll\u0131\u011f\u0131 sanki kims\u0259nin vecin\u0259 deyil. He\u00e7 n\u0259y\u0259 ciddi reaksiya yoxdur. Apar\u0131lan u\u011furlu xarici v\u0259 daxili siyas\u0259t n\u0259tic\u0259sind\u0259 bu g\u00fcn i\u015f\u011fal alt\u0131ndak\u0131 torpaqlar\u0131m\u0131zda ba\u015f ver\u0259nl\u0259r d\u0259 kims\u0259ni narahat el\u0259mir.\n<\/p>\n<p>\n  Bu u\u011furlu siyas\u0259tin n\u0259tic\u0259si kimi Erm\u0259nistanda siyasi b\u00f6hran, Sarkisyan\u0131n uzaqla\u015fd\u0131r\u0131lmas\u0131, onun yerin\u0259 Pa\u015finyan\u0131n g\u0259tirilm\u0259si d\u0259 el\u0259 bil bizimkil\u0259ri maraqland\u0131rm\u0131r. Qabaqlar h\u0259r bel\u0259 hadis\u0259y\u0259 v\u0259t\u0259nda\u015flar\u0131m\u0131z uzaq, he\u00e7 internet olmayan k\u0259ndl\u0259rd\u0259n bel\u0259 prezidentin elektron po\u00e7tuna an\u0131ndaca m\u0259ktub yazmaqla reaksiya verir, apar\u0131lan siyas\u0259ti d\u0259st\u0259kl\u0259dikl\u0259rini bildirirdil\u0259r. Bu g\u00fcn \u00f6lk\u0259boyu geni\u015fzolaql\u0131 internet ola-ola h\u0259min reaksiya yoxdur. Hakimiyy\u0259ti \u00e7a\u011f\u0131nda Sarkisyan v\u0259 \u0259traf\u0131 tez-tez Qaraba\u011fa g\u0259lirdi, \u00fcst\u0259lik, bir d\u0259 g\u00f6r\u00fcrd\u00fcn, xarici qonaqlar\u0131 i\u015f\u011faldak\u0131 torpaqlar\u0131m\u0131za g\u0259tirir, m\u00fcxt\u0259lif t\u0259dbirl\u0259rd\u0259 birg\u0259 i\u015ftirak edirdil\u0259r. \u0130\u015f\u011faldak\u0131 torpaqlar\u0131m\u0131z\u0131n say\u0131q ke\u015fik\u00e7isi olan Xarici \u0130\u015fl\u0259r Nazirliyimiz, d\u00fczd\u00fcr, buna an\u0131ndaca reaksiya verir, h\u0259min xarici qona\u011f\u0131 \u201cpersona non grata\u201d elan edirdi; h\u0259m d\u0259, \u00fcr\u0259y\u0259 bax, kimliyind\u0259n \u2013 deputat, senator, m\u00fc\u011f\u0259nni, biznesmen, artist, sad\u0259 v\u0259t\u0259nda\u015f olmas\u0131ndan as\u0131l\u0131 olmayaraq.\n<\/p>\n<p>\n  Ancaq bu g\u00fcn Pa\u015finyan Qaraba\u011f\u0131 su yoluna d\u00f6nd\u0259rib, g\u00fcn\u00fc orda ke\u00e7ir, o\u011flunu \u0259sg\u0259rliy\u0259 Qaraba\u011fa sald\u0131r\u0131b, b\u00fct\u00fcn bunlar bir yana, a ki\u015fil\u0259r, indi adam\u0131n arvad\u0131 da g\u00fcnd\u0259 i\u015f\u011faldak\u0131 torpaqlar\u0131m\u0131za g\u0259lib-gedir. \u201cPersona non grata\u201d n\u0259dir, h\u0259l\u0259 \u0259m\u0259lli persona kimi onun \u0259riyl\u0259 bizim prezident g\u00f6r\u00fc\u015f\u00fcr, dan\u0131\u015f\u0131qlar apar\u0131r. Ancaq g\u0259r\u0259k haqq\u0131 nahaqqa verm\u0259y\u0259s\u0259n, d\u00fcz dan\u0131\u015fasan, h\u0259r \u015feyi qara g\u00f6rm\u0259y\u0259s\u0259n. H\u0259min g\u00f6r\u00fc\u015fd\u0259n sonra bizim at\u0259\u015f sayanlar\u0131m\u0131z\u0131n i\u015fi xeyli azal\u0131b, gec\u0259l\u0259r bir q\u0259d\u0259r rahat yat\u0131rlar. M\u0259s\u0259l\u0259n, sentyabr\u0131n 29-da 98 d\u0259f\u0259 pozulan at\u0259\u015fk\u0259s oktyabr\u0131n 1-d\u0259 83-\u0259 d\u00fc\u015f\u00fcb. Ondan sonrasa \u0259m\u0259llic\u0259 sakitlik olub da dem\u0259k m\u00fcmk\u00fcnd\u00fcr; oktyabr\u0131n 2-d\u0259 at\u0259\u015fk\u0259s rejimi 34, 3-d\u0259 30, 4-d\u0259 28, d\u00fcn\u0259ns\u0259 23 d\u0259f\u0259 pozulub. Ancaq siz prezidentin sayt\u0131nda siyas\u0259timizin bu u\u011furuyla ba\u011fl\u0131 birc\u0259 m\u0259ktuba da rast g\u0259lm\u0259zsiz&#8230;\n<\/p>\n<p>\n  \u018fv\u0259zind\u0259 Novruz\u0259li Aslanov adl\u0131 deputat\u0131n m\u0259ktubu var. \u0130smay\u0131ll\u0131 rayonu il\u0259 ba\u011fl\u0131 prezidentin h\u0259r s\u0259r\u0259ncam\u0131na bu adam m\u0259ktubla reaksiya verir: \u201c&#8230;b\u00fct\u00fcn bunlar m\u00fcasir Az\u0259rbaycan Respublikas\u0131n\u0131n banisi, ulu \u00f6nd\u0259r Heyd\u0259r \u018fliyevin uzaqg\u00f6r\u0259n siyas\u0259ti say\u0259sind\u0259 m\u00fcmk\u00fcn olmu\u015f v\u0259 Sizinl\u0259 \u00e7iyin-\u00e7iyin\u0259 \u00e7al\u0131\u015fan Birinci vitse-prezident xan\u0131m Mehriban \u018fliyevan\u0131n bu sah\u0259d\u0259 \u0259m\u0259li i\u015fi il\u0259 davaml\u0131l\u0131\u011f\u0131 tam t\u0259min etmi\u015fdir\u201d. Bu m\u0259ktub prezidentin \u201cBasqal\u201d D\u00f6vl\u0259t Tarix-M\u0259d\u0259niyy\u0259t Qoru\u011funun idar\u0259 edilm\u0259si, qorunmas\u0131 il\u0259 ba\u011fl\u0131 imzalad\u0131\u011f\u0131 S\u0259r\u0259ncamla ba\u011fl\u0131 yaz\u0131l\u0131b. Ancaq Novruz\u0259li m\u0259ktubun sonunda m\u00fcbahis\u0259li c\u00fcml\u0259 d\u0259 i\u015fl\u0259dib: \u201c&#8230;m\u0259n \u0130smay\u0131ll\u0131dan se\u00e7ilmi\u015f deputat olaraq h\u0259m \u00f6z ad\u0131mdan, h\u0259m d\u0259 sakinl\u0259r ad\u0131ndan rayonumuzun inki\u015faf\u0131 \u00fc\u00e7\u00fcn atd\u0131\u011f\u0131n\u0131z h\u0259r bir add\u0131ma g\u00f6r\u0259 Siz\u0259 sonsuz t\u0259\u015f\u0259kk\u00fcr\u00fcm\u00fc bildirir\u0259m. \u018fmin\u0259m ki, m\u00fcasir Az\u0259rbaycan Sizin r\u0259hb\u0259rliyinizl\u0259 davaml\u0131 olaraq inki\u015fafa do\u011fru iri add\u0131mlarla ir\u0259lil\u0259y\u0259c\u0259kdir\u201d.\n<\/p>\n<p>\n  \u00d6z i\u015fidir, sad\u0259c\u0259 bu adam prezidentin elektron po\u00e7tuna \u00f6lk\u0259mizin davaml\u0131, dinamik, analoqsuz inki\u015faf\u0131yla ba\u011fl\u0131 ard\u0131c\u0131l yazd\u0131\u011f\u0131 m\u0259ktublara g\u00f6r\u0259 h\u00f6rm\u0259t\u0259 v\u0259 diqq\u0259t\u0259 layiqdir.\n<\/p>\n<p>\n  Eyni diqq\u0259tis\u0259 ba\u015fqalar\u0131ndan g\u00f6rm\u00fcr\u00fck. Yad\u0131mdad\u0131r, bizim ilk peykimiz kosmosa burax\u0131landa q\u0259dirbil\u0259n xalq\u0131m\u0131z\u0131n n\u00fcmay\u0259nd\u0259l\u0259ri o peykin t\u00fcst\u00fcs\u00fc h\u0259l\u0259 \u00e7\u0259kilm\u0259mi\u015f prezidentin po\u00e7tuna m\u0259ktublar yaz\u0131rd\u0131lar. H\u0259m d\u0259 says\u0131z-hesabs\u0131z, \u00f6lk\u0259nin b\u00fct\u00fcn regionlar\u0131ndan, h\u0259tta Rusiyaya i\u015f dal\u0131nca ged\u0259nl\u0259rimiz bel\u0259, \u00e7\u0259tin \u015f\u0259raitd\u0259 olsalar da, burdak\u0131 yax\u0131nlar\u0131na pul yollaya bilm\u0259s\u0259l\u0259r d\u0259, t\u0259\u015f\u0259kk\u00fcr m\u0259ktublar\u0131 g\u00f6nd\u0259rirdil\u0259r. V\u0259t\u0259nimizin u\u011furuna nec\u0259 sevindikl\u0259rini indi xat\u0131rlayanda bel\u0259 k\u00f6vr\u0259lm\u0259m\u0259k olmur.\n<\/p>\n<p>\n  Bunlara n\u0259 oldu, qara yell\u0259r hardan \u0259sdi, bilmir\u0259m. Art\u0131q \u201cAz\u0259rspeys-2\u201d peykimiz (r\u0259smil\u0259r ona \u201cAz\u0259rspace\u201d deyir) orbitd\u0259dir. Sentyabr\u0131n 26-da bizd\u0259n ayr\u0131l\u0131b g\u00f6yl\u0259r\u0259 \u00e7\u0259kilib, h\u0259min g\u00fcn \u00f6lk\u0259 prezidenti d\u0259 xalq\u0131m\u0131z\u0131 bu \u0259lam\u0259tdar g\u00fcn m\u00fcnasib\u0259til\u0259 t\u0259brik edib. Bu peykin bizim \u00f6lk\u0259miz \u00fc\u00e7\u00fcn \u00e7ox m\u00fch\u00fcm olan yubiley ilin\u0259 h\u0259sr olundu\u011funu deyib: \u201c&#8230;Biz \u201cAzerspace 2\u201d peykimizin orbit\u0259 \u00e7\u0131xar\u0131lmas\u0131n\u0131 Az\u0259rbaycan Xalq C\u00fcmhuriyy\u0259tinin 100 illiyin\u0259, Az\u0259rbaycan\u0131n d\u00f6vl\u0259t m\u00fcst\u0259qilliyin\u0259 h\u0259sr edirik\u201d. Daha n\u0259 ist\u0259yirsiz? H\u0259l\u0259 d\u0259 \u015fokdayam, bu peyk u\u00e7urdulandan bir d\u0259n\u0259 d\u0259 t\u0259\u015f\u0259kk\u00fcr m\u0259ktubu qoyulmay\u0131b sayta. \u00c7\u00fcnki xalq o m\u0259ktublar\u0131 yazmay\u0131b, yollamay\u0131b. \u018fl\u0259t-Astara yolu q\u0259d\u0259r bu peykimizin h\u00f6rm\u0259ti olmad\u0131, ancaq verdiyi fayda bax\u0131m\u0131ndan bunlar\u0131 m\u00fcqayis\u0259 etm\u0259k bel\u0259 q\u00fcsurludur. H\u0259l\u0259 \u201cabadl\u0131q v\u0259 yenid\u0259nqurma i\u015fl\u0259rin\u0259 g\u00f6r\u0259\u201d G\u0259nc\u0259y\u0259 ayr\u0131lan 10 milyon, K\u00fcrd\u0259mir\u0259 ayr\u0131lan 10,7 milyon manata v\u0259 s. g\u00f6r\u0259 g\u0259l\u0259n t\u0259\u015f\u0259kk\u00fcr m\u0259ktublar\u0131n\u0131 demir\u0259m.\n<\/p>\n<p>\n  Hardan hara g\u0259ldik&#8230;\n<\/p>\n<p>\n  Ah, unudulmu\u015f V\u0259t\u0259n! Ah, yaz\u0131q V\u0259t\u0259n!..\n<\/p>\n<p>\n  <b><br \/>\n    <i><br \/>\n      Yaz\u0131 m\u00fc\u0259llifin fikirl\u0259rini \u0259ks etdirir v\u0259 Meydan TV-nin m\u00f6vqeyi il\u0259 \u00fcst-\u00fcst\u0259 d\u00fc\u015fm\u0259y\u0259 bil\u0259r.<br \/>\n    <\/i><br \/>\n  <\/b><\/p>\n","protected":false},"excerpt":{"rendered":"<p>Z\u0259man\u0259, h\u0259qiq\u0259t\u0259n, d\u0259yi\u015fib, qabaqk\u0131 deyil, adamlar el\u0259 bil h\u0259r \u015fey\u0259 bigan\u0259 olub<\/p>\n","protected":false},"author":11,"featured_media":110759,"comment_status":"closed","ping_status":"open","sticky":false,"template":"","format":"standard","meta":{"_acf_changed":false,"_sitemap_exclude":false,"_sitemap_priority":"","_sitemap_frequency":"","footnotes":""},"categories":[57],"tags":[],"class_list":["post-192029","post","type-post","status-publish","format-standard","has-post-thumbnail","hentry","category-menim-fikrimce","infinite-scroll-item","generate-columns","tablet-grid-50","mobile-grid-100","grid-parent","grid-33","no-featured-image-padding"],"acf":[],"yoast_head":"<!-- This site is optimized with the Yoast SEO plugin v27.4 - https:\/\/yoast.com\/product\/yoast-seo-wordpress\/ -->\n<title>Unudulmu\u015f peykimiz - MEYDAN.TV<\/title>\n<meta name=\"robots\" content=\"index, follow, max-snippet:-1, max-image-preview:large, max-video-preview:-1\" \/>\n<link rel=\"canonical\" href=\"https:\/\/www.meydan.tv\/az\/article\/unudulmus-peykimiz\/\" \/>\n<meta property=\"og:locale\" content=\"az_AZ\" \/>\n<meta property=\"og:type\" content=\"article\" \/>\n<meta property=\"og:title\" content=\"Unudulmu\u015f peykimiz - MEYDAN.TV\" \/>\n<meta property=\"og:description\" content=\"Z\u0259man\u0259, h\u0259qiq\u0259t\u0259n, d\u0259yi\u015fib, qabaqk\u0131 deyil, adamlar el\u0259 bil h\u0259r \u015fey\u0259 bigan\u0259 olub\" \/>\n<meta property=\"og:url\" content=\"https:\/\/www.meydan.tv\/az\/article\/unudulmus-peykimiz\/\" \/>\n<meta property=\"og:site_name\" content=\"MEYDAN.TV\" \/>\n<meta property=\"article:published_time\" content=\"2018-10-10T14:08:22+00:00\" \/>\n<meta property=\"og:image\" content=\"https:\/\/www.meydan.tv\/wp-content\/uploads\/44076.jpg\" \/>\n\t<meta property=\"og:image:width\" content=\"1800\" \/>\n\t<meta property=\"og:image:height\" content=\"1201\" \/>\n\t<meta property=\"og:image:type\" content=\"image\/jpeg\" \/>\n<meta name=\"author\" content=\"user-manager\" \/>\n<meta name=\"twitter:card\" content=\"summary_large_image\" \/>\n<script type=\"application\/ld+json\" class=\"yoast-schema-graph\">{\"@context\":\"https:\\\/\\\/schema.org\",\"@graph\":[{\"@type\":\"Article\",\"@id\":\"https:\\\/\\\/www.meydan.tv\\\/az\\\/article\\\/unudulmus-peykimiz\\\/#article\",\"isPartOf\":{\"@id\":\"https:\\\/\\\/www.meydan.tv\\\/az\\\/article\\\/unudulmus-peykimiz\\\/\"},\"author\":{\"name\":\"user-manager\",\"@id\":\"https:\\\/\\\/www.meydan.tv\\\/az\\\/#\\\/schema\\\/person\\\/10d11eccf6da3662cf5fdab9806ea91a\"},\"headline\":\"Unudulmu\u015f peykimiz\",\"datePublished\":\"2018-10-10T14:08:22+00:00\",\"mainEntityOfPage\":{\"@id\":\"https:\\\/\\\/www.meydan.tv\\\/az\\\/article\\\/unudulmus-peykimiz\\\/\"},\"wordCount\":1051,\"publisher\":{\"@id\":\"https:\\\/\\\/www.meydan.tv\\\/az\\\/#organization\"},\"image\":{\"@id\":\"https:\\\/\\\/www.meydan.tv\\\/az\\\/article\\\/unudulmus-peykimiz\\\/#primaryimage\"},\"thumbnailUrl\":\"https:\\\/\\\/www.meydan.tv\\\/wp-content\\\/uploads\\\/44076.jpg\",\"articleSection\":[\"M\u0259nim Fikrimc\u0259\"],\"inLanguage\":\"az\"},{\"@type\":\"WebPage\",\"@id\":\"https:\\\/\\\/www.meydan.tv\\\/az\\\/article\\\/unudulmus-peykimiz\\\/\",\"url\":\"https:\\\/\\\/www.meydan.tv\\\/az\\\/article\\\/unudulmus-peykimiz\\\/\",\"name\":\"Unudulmu\u015f peykimiz - MEYDAN.TV\",\"isPartOf\":{\"@id\":\"https:\\\/\\\/www.meydan.tv\\\/az\\\/#website\"},\"primaryImageOfPage\":{\"@id\":\"https:\\\/\\\/www.meydan.tv\\\/az\\\/article\\\/unudulmus-peykimiz\\\/#primaryimage\"},\"image\":{\"@id\":\"https:\\\/\\\/www.meydan.tv\\\/az\\\/article\\\/unudulmus-peykimiz\\\/#primaryimage\"},\"thumbnailUrl\":\"https:\\\/\\\/www.meydan.tv\\\/wp-content\\\/uploads\\\/44076.jpg\",\"datePublished\":\"2018-10-10T14:08:22+00:00\",\"breadcrumb\":{\"@id\":\"https:\\\/\\\/www.meydan.tv\\\/az\\\/article\\\/unudulmus-peykimiz\\\/#breadcrumb\"},\"inLanguage\":\"az\",\"potentialAction\":[{\"@type\":\"ReadAction\",\"target\":[\"https:\\\/\\\/www.meydan.tv\\\/az\\\/article\\\/unudulmus-peykimiz\\\/\"]}]},{\"@type\":\"ImageObject\",\"inLanguage\":\"az\",\"@id\":\"https:\\\/\\\/www.meydan.tv\\\/az\\\/article\\\/unudulmus-peykimiz\\\/#primaryimage\",\"url\":\"https:\\\/\\\/www.meydan.tv\\\/wp-content\\\/uploads\\\/44076.jpg\",\"contentUrl\":\"https:\\\/\\\/www.meydan.tv\\\/wp-content\\\/uploads\\\/44076.jpg\",\"width\":1800,\"height\":1201,\"caption\":\"Source:\"},{\"@type\":\"BreadcrumbList\",\"@id\":\"https:\\\/\\\/www.meydan.tv\\\/az\\\/article\\\/unudulmus-peykimiz\\\/#breadcrumb\",\"itemListElement\":[{\"@type\":\"ListItem\",\"position\":1,\"name\":\"Ana s\u0259hif\u0259\",\"item\":\"https:\\\/\\\/www.meydan.tv\\\/az\\\/\"},{\"@type\":\"ListItem\",\"position\":2,\"name\":\"M\u0259nim Fikrimc\u0259\",\"item\":\"https:\\\/\\\/www.meydan.tv\\\/az\\\/section\\\/menim-fikrimce\\\/\"},{\"@type\":\"ListItem\",\"position\":3,\"name\":\"Unudulmu\u015f peykimiz\"}]},{\"@type\":\"WebSite\",\"@id\":\"https:\\\/\\\/www.meydan.tv\\\/az\\\/#website\",\"url\":\"https:\\\/\\\/www.meydan.tv\\\/az\\\/\",\"name\":\"MEYDAN.TV\",\"description\":\"Meydan TV Az\u0259rbaycan\u0131n media m\u0259kan\u0131ndak\u0131 alternativ s\u0259sidir\",\"publisher\":{\"@id\":\"https:\\\/\\\/www.meydan.tv\\\/az\\\/#organization\"},\"potentialAction\":[{\"@type\":\"SearchAction\",\"target\":{\"@type\":\"EntryPoint\",\"urlTemplate\":\"https:\\\/\\\/www.meydan.tv\\\/az\\\/?s={search_term_string}\"},\"query-input\":{\"@type\":\"PropertyValueSpecification\",\"valueRequired\":true,\"valueName\":\"search_term_string\"}}],\"inLanguage\":\"az\"},{\"@type\":\"Organization\",\"@id\":\"https:\\\/\\\/www.meydan.tv\\\/az\\\/#organization\",\"name\":\"Meydan TV\",\"url\":\"https:\\\/\\\/www.meydan.tv\\\/az\\\/\",\"logo\":{\"@type\":\"ImageObject\",\"inLanguage\":\"az\",\"@id\":\"https:\\\/\\\/www.meydan.tv\\\/az\\\/#\\\/schema\\\/logo\\\/image\\\/\",\"url\":\"https:\\\/\\\/www.meydan.tv\\\/wp-content\\\/uploads\\\/2021\\\/07\\\/meydan-logo.svg\",\"contentUrl\":\"https:\\\/\\\/www.meydan.tv\\\/wp-content\\\/uploads\\\/2021\\\/07\\\/meydan-logo.svg\",\"width\":195,\"height\":46,\"caption\":\"Meydan TV\"},\"image\":{\"@id\":\"https:\\\/\\\/www.meydan.tv\\\/az\\\/#\\\/schema\\\/logo\\\/image\\\/\"}},{\"@type\":\"Person\",\"@id\":\"https:\\\/\\\/www.meydan.tv\\\/az\\\/#\\\/schema\\\/person\\\/10d11eccf6da3662cf5fdab9806ea91a\",\"name\":\"user-manager\"}]}<\/script>\n<!-- \/ Yoast SEO plugin. -->","yoast_head_json":{"title":"Unudulmu\u015f peykimiz - MEYDAN.TV","robots":{"index":"index","follow":"follow","max-snippet":"max-snippet:-1","max-image-preview":"max-image-preview:large","max-video-preview":"max-video-preview:-1"},"canonical":"https:\/\/www.meydan.tv\/az\/article\/unudulmus-peykimiz\/","og_locale":"az_AZ","og_type":"article","og_title":"Unudulmu\u015f peykimiz - MEYDAN.TV","og_description":"Z\u0259man\u0259, h\u0259qiq\u0259t\u0259n, d\u0259yi\u015fib, qabaqk\u0131 deyil, adamlar el\u0259 bil h\u0259r \u015fey\u0259 bigan\u0259 olub","og_url":"https:\/\/www.meydan.tv\/az\/article\/unudulmus-peykimiz\/","og_site_name":"MEYDAN.TV","article_published_time":"2018-10-10T14:08:22+00:00","og_image":[{"width":1800,"height":1201,"url":"https:\/\/www.meydan.tv\/wp-content\/uploads\/44076.jpg","type":"image\/jpeg"}],"author":"user-manager","twitter_card":"summary_large_image","schema":{"@context":"https:\/\/schema.org","@graph":[{"@type":"Article","@id":"https:\/\/www.meydan.tv\/az\/article\/unudulmus-peykimiz\/#article","isPartOf":{"@id":"https:\/\/www.meydan.tv\/az\/article\/unudulmus-peykimiz\/"},"author":{"name":"user-manager","@id":"https:\/\/www.meydan.tv\/az\/#\/schema\/person\/10d11eccf6da3662cf5fdab9806ea91a"},"headline":"Unudulmu\u015f peykimiz","datePublished":"2018-10-10T14:08:22+00:00","mainEntityOfPage":{"@id":"https:\/\/www.meydan.tv\/az\/article\/unudulmus-peykimiz\/"},"wordCount":1051,"publisher":{"@id":"https:\/\/www.meydan.tv\/az\/#organization"},"image":{"@id":"https:\/\/www.meydan.tv\/az\/article\/unudulmus-peykimiz\/#primaryimage"},"thumbnailUrl":"https:\/\/www.meydan.tv\/wp-content\/uploads\/44076.jpg","articleSection":["M\u0259nim Fikrimc\u0259"],"inLanguage":"az"},{"@type":"WebPage","@id":"https:\/\/www.meydan.tv\/az\/article\/unudulmus-peykimiz\/","url":"https:\/\/www.meydan.tv\/az\/article\/unudulmus-peykimiz\/","name":"Unudulmu\u015f peykimiz - MEYDAN.TV","isPartOf":{"@id":"https:\/\/www.meydan.tv\/az\/#website"},"primaryImageOfPage":{"@id":"https:\/\/www.meydan.tv\/az\/article\/unudulmus-peykimiz\/#primaryimage"},"image":{"@id":"https:\/\/www.meydan.tv\/az\/article\/unudulmus-peykimiz\/#primaryimage"},"thumbnailUrl":"https:\/\/www.meydan.tv\/wp-content\/uploads\/44076.jpg","datePublished":"2018-10-10T14:08:22+00:00","breadcrumb":{"@id":"https:\/\/www.meydan.tv\/az\/article\/unudulmus-peykimiz\/#breadcrumb"},"inLanguage":"az","potentialAction":[{"@type":"ReadAction","target":["https:\/\/www.meydan.tv\/az\/article\/unudulmus-peykimiz\/"]}]},{"@type":"ImageObject","inLanguage":"az","@id":"https:\/\/www.meydan.tv\/az\/article\/unudulmus-peykimiz\/#primaryimage","url":"https:\/\/www.meydan.tv\/wp-content\/uploads\/44076.jpg","contentUrl":"https:\/\/www.meydan.tv\/wp-content\/uploads\/44076.jpg","width":1800,"height":1201,"caption":"Source:"},{"@type":"BreadcrumbList","@id":"https:\/\/www.meydan.tv\/az\/article\/unudulmus-peykimiz\/#breadcrumb","itemListElement":[{"@type":"ListItem","position":1,"name":"Ana s\u0259hif\u0259","item":"https:\/\/www.meydan.tv\/az\/"},{"@type":"ListItem","position":2,"name":"M\u0259nim Fikrimc\u0259","item":"https:\/\/www.meydan.tv\/az\/section\/menim-fikrimce\/"},{"@type":"ListItem","position":3,"name":"Unudulmu\u015f peykimiz"}]},{"@type":"WebSite","@id":"https:\/\/www.meydan.tv\/az\/#website","url":"https:\/\/www.meydan.tv\/az\/","name":"MEYDAN.TV","description":"Meydan TV Az\u0259rbaycan\u0131n media m\u0259kan\u0131ndak\u0131 alternativ s\u0259sidir","publisher":{"@id":"https:\/\/www.meydan.tv\/az\/#organization"},"potentialAction":[{"@type":"SearchAction","target":{"@type":"EntryPoint","urlTemplate":"https:\/\/www.meydan.tv\/az\/?s={search_term_string}"},"query-input":{"@type":"PropertyValueSpecification","valueRequired":true,"valueName":"search_term_string"}}],"inLanguage":"az"},{"@type":"Organization","@id":"https:\/\/www.meydan.tv\/az\/#organization","name":"Meydan TV","url":"https:\/\/www.meydan.tv\/az\/","logo":{"@type":"ImageObject","inLanguage":"az","@id":"https:\/\/www.meydan.tv\/az\/#\/schema\/logo\/image\/","url":"https:\/\/www.meydan.tv\/wp-content\/uploads\/2021\/07\/meydan-logo.svg","contentUrl":"https:\/\/www.meydan.tv\/wp-content\/uploads\/2021\/07\/meydan-logo.svg","width":195,"height":46,"caption":"Meydan TV"},"image":{"@id":"https:\/\/www.meydan.tv\/az\/#\/schema\/logo\/image\/"}},{"@type":"Person","@id":"https:\/\/www.meydan.tv\/az\/#\/schema\/person\/10d11eccf6da3662cf5fdab9806ea91a","name":"user-manager"}]}},"_links":{"self":[{"href":"https:\/\/www.meydan.tv\/az\/wp-json\/wp\/v2\/posts\/192029","targetHints":{"allow":["GET"]}}],"collection":[{"href":"https:\/\/www.meydan.tv\/az\/wp-json\/wp\/v2\/posts"}],"about":[{"href":"https:\/\/www.meydan.tv\/az\/wp-json\/wp\/v2\/types\/post"}],"author":[{"embeddable":true,"href":"https:\/\/www.meydan.tv\/az\/wp-json\/wp\/v2\/users\/11"}],"replies":[{"embeddable":true,"href":"https:\/\/www.meydan.tv\/az\/wp-json\/wp\/v2\/comments?post=192029"}],"version-history":[{"count":0,"href":"https:\/\/www.meydan.tv\/az\/wp-json\/wp\/v2\/posts\/192029\/revisions"}],"wp:featuredmedia":[{"embeddable":true,"href":"https:\/\/www.meydan.tv\/az\/wp-json\/wp\/v2\/media\/110759"}],"wp:attachment":[{"href":"https:\/\/www.meydan.tv\/az\/wp-json\/wp\/v2\/media?parent=192029"}],"wp:term":[{"taxonomy":"category","embeddable":true,"href":"https:\/\/www.meydan.tv\/az\/wp-json\/wp\/v2\/categories?post=192029"},{"taxonomy":"post_tag","embeddable":true,"href":"https:\/\/www.meydan.tv\/az\/wp-json\/wp\/v2\/tags?post=192029"}],"curies":[{"name":"wp","href":"https:\/\/api.w.org\/{rel}","templated":true}]}}