{"id":192007,"date":"2018-10-08T16:46:26","date_gmt":"2018-10-08T16:46:26","guid":{"rendered":"https:\/\/www.meydan.tv\/article\/serqi-almaniyadan-qacislar\/"},"modified":"2018-10-08T16:46:26","modified_gmt":"2018-10-08T16:46:26","slug":"serqi-almaniyadan-qacislar","status":"publish","type":"post","link":"https:\/\/www.meydan.tv\/az\/article\/serqi-almaniyadan-qacislar\/","title":{"rendered":"\u015e\u0259rqi Almaniyadan qa\u00e7\u0131\u015flar"},"content":{"rendered":"<figure class=\"wp-block-image size-large\">\n  <img decoding=\"async\" src=\"https:\/\/www.meydan.tv\/az\/110672\/\" alt=\"\" class=\"wp-image-110672\"\/><figcaption><\/figcaption><\/figure>\n<p>\n  Avqust ay\u0131nda yazd\u0131\u011f\u0131m m\u0259qal\u0259d\u0259 Berlin divar\u0131n\u0131n in\u015fa edilm\u0259si s\u0259b\u0259bl\u0259rin\u0259 toxunmu\u015fdum. Q\u0131saca xat\u0131rlad\u0131m ki, \u0130kinci cahan sava\u015f\u0131ndan sonrak\u0131 d\u00f6vrd\u0259 h\u0259m Almaniya, h\u0259m d\u0259 Berlin 4 d\u00f6vl\u0259t (AB\u015e, B\u00f6y\u00fck Britaniya, Fransa v\u0259 SSR\u0130) aras\u0131nda i\u015f\u011fal zonalar\u0131na b\u00f6l\u00fcnd\u00fc.\n<\/p>\n<p>\n  1949-cu ild\u0259 bu b\u00f6lg\u00fc \u0259sas\u0131nda iki alman d\u00f6vl\u0259ti &#8211; SSR\u0130-nin i\u015f\u011fal zonas\u0131 \u0259sas\u0131nda sosialist Almaniya Demokratik Respublikas\u0131 (ADR) v\u0259 dig\u0259r \u00fc\u00e7 i\u015f\u011fal zonas\u0131ndan ibar\u0259t Almaniya Federativ Respublikas\u0131 (AFR) &#8211; yarad\u0131ld\u0131. Berlin \u015f\u0259h\u0259ri d\u0259 ox\u015far aqib\u0259ti ya\u015fad\u0131. Sovet n\u0259zar\u0259tind\u0259 olan hiss\u0259 ADR-\u0259 qat\u0131ld\u0131, dig\u0259r \u00fc\u00e7 hiss\u0259d\u0259n is\u0259 Q\u0259rbi Berlin adl\u0131 x\u00fcsusi siyasi vahid t\u0259\u015fkil edildi. H\u0259r t\u0259r\u0259fd\u0259n ADR \u0259razisi il\u0259 \u0259hat\u0259l\u0259n\u0259n bu \u015f\u0259h\u0259r-d\u00f6vl\u0259t m\u00fcst\u0259qil say\u0131lsa da, beyn\u0259lxalq al\u0259md\u0259 onu AFR t\u0259msil edirdi.\n<\/p>\n<p>\n  Daha azad v\u0259 firavan kapitalist sistemind\u0259 ya\u015famaq ist\u0259y\u0259n y\u00fczminl\u0259rl\u0259 alman ADR-d\u0259n AFR-\u0259 k\u00f6\u00e7 edirdi. Prosesin qar\u015f\u0131s\u0131n\u0131 almaq \u00fc\u00e7\u00fcn 1952-ci ild\u0259 ADR r\u0259hb\u0259rliyi iki \u00f6lk\u0259 aras\u0131nda s\u0259rh\u0259d istehkamlar\u0131 yaratd\u0131. Lakin Potsdam m\u00fcqavil\u0259sinin \u015f\u0259rtl\u0259rin\u0259 uy\u011fun olaraq Berlin daxilind\u0259 gedi\u015f-g\u0259li\u015f daha s\u0259rb\u0259st idi. Budan istifad\u0259 ed\u0259n xeyli ADR v\u0259t\u0259nda\u015f\u0131 Q\u0259rbi Berlin\u0259, oradan da AFR-\u0259 k\u00f6\u00e7\u00fcrd\u00fc.\n<\/p>\n<p>\n  \u0130ld\u0259n-ild\u0259 &#8220;f\u0259hl\u0259-k\u0259ndli h\u00f6kum\u0259ti&#8221;nd\u0259n qa\u00e7an f\u0259hl\u0259 v\u0259 k\u0259ndlil\u0259rin, el\u0259c\u0259 d\u0259 dig\u0259r t\u0259b\u0259q\u0259 n\u00fcmay\u0259nd\u0259l\u0259rinin say\u0131 art\u0131rd\u0131. 1949-1961-ci ill\u0259rd\u0259 3 milyondan art\u0131q insan\u0131n \u015e\u0259rqi Almaniyadan (ADR) qa\u00e7d\u0131\u011f\u0131 g\u00fcman edilir. 1961-ci ilin ilk 7 ay\u0131 \u0259rzind\u0259 207 min n\u0259f\u0259r, y\u0259ni h\u0259r g\u00fcn dem\u0259k olar ki, 1000 n\u0259f\u0259r \u00f6lk\u0259ni t\u0259rk etdi. Bel\u0259 olduqda avqustun 13-d\u0259 Q\u0259rbi Berlini \u015e\u0259rqi Berlind\u0259n v\u0259 ADR-in dig\u0259r \u0259razisind\u0259n t\u0259crid etm\u0259k \u00fc\u00e7\u00fcn &#8220;Berlin divar\u0131&#8221; ad\u0131n\u0131 alacaq s\u0259rh\u0259d x\u0259ttinin \u00e7\u0259kilm\u0259sin\u0259 ba\u015flan\u0131ld\u0131.\n<\/p>\n<p>\n  Berlin divar\u0131 \u015f\u0259rqd\u0259n q\u0259rb\u0259 k\u00f6\u00e7 ax\u0131n\u0131n\u0131 xeyli z\u0259ifl\u0259ts\u0259 d\u0259, tam durdurmad\u0131. Sosialist sisteminin \u00e7\u00f6k\u00fc\u015f\u00fcn\u0259 q\u0259d\u0259r insanlar m\u00fcxt\u0259lif yollarla q\u0259rb\u0259 qa\u00e7\u0131\u015fa c\u0259hd edirdil\u0259r. Bunlar\u0131n \u00e7oxu u\u011fursuz olurdu, bir hiss\u0259si is\u0259 u\u011furlu. B\u0259zi qa\u00e7\u0131\u015flar \u00e7ox a\u011f\u0131lla haz\u0131rlan\u0131rd\u0131, b\u0259zisi kobud tarana hesablan\u0131rd\u0131. B\u0259zil\u0259ri Q\u0259rbi Berlin\u0259 qa\u00e7\u0131rd\u0131, b\u0259zil\u0259ri birba\u015fa Q\u0259rbi Almaniyaya. Bu m\u0259qal\u0259d\u0259 h\u0259min qa\u00e7\u0131\u015flar\u0131n bir hiss\u0259si bar\u0259d\u0259 dan\u0131\u015faca\u011f\u0131q.\n<\/p>\n<p>\n  ***\n<\/p>\n<p>\n  Qa\u00e7\u0131\u015flar ad\u0259t\u0259n iqtisadi v\u0259 siyasi s\u0259b\u0259bl\u0259rd\u0259n ba\u015f verirdi. Almanlar &#8220;iqtisadi m\u00f6c\u00fcz\u0259&#8221; ya\u015fayan Q\u0259rbi Almaniyada (AFR) ya\u015famaq ist\u0259yirdil\u0259r. Bir k\u0259sim\u0259 d\u0259 kommunist qurulu\u015flar\u0131na xas total n\u0259zar\u0259t bo\u011fucu g\u0259lirdi, azad ya\u015famaq ist\u0259yirdi. B\u0259z\u0259n \u015f\u0259xsi motivl\u0259r olurdu, insanlar divar\u0131n o tay\u0131nda qalan ail\u0259sin\u0259, sevgilisin\u0259 qovu\u015fma\u011fa can at\u0131rd\u0131lar. Lakin bu \u015f\u0259xsi motivl\u0259r zaman\u0131 da bir qayda olaraq \u015f\u0259rqd\u0259n q\u0259rb\u0259 \u00fcz tutulurdu. \u018fks iqtiqam\u0259td\u0259 k\u00f6\u00e7 n\u0259z\u0259r\u0259 al\u0131nmayacaq q\u0259d\u0259r c\u00fczi idi.\n<\/p>\n<figure class=\"wp-block-image size-large\">\n  <img decoding=\"async\" src=\"https:\/\/www.meydan.tv\/az\/berlin-divari-qurbanlarinin-xatire-kompleksi\/\" alt=\"Berlin divar\u0131 qurbanlar\u0131n\u0131n xatir\u0259 kompleksi\" class=\"wp-image-110675\"\/><figcaption>\n    Berlin divar\u0131 qurbanlar\u0131n\u0131n xatir\u0259 kompleksi<br \/>\n  <\/figcaption><\/figure>\n<p>\n  \u018fn m\u0259\u015fhur qa\u00e7\u0131\u015flardan biri Berlin divar\u0131n\u0131n in\u015fas\u0131na ba\u015flanandan 2 g\u00fcn sonra ba\u015f verdi. Divar tikintisi h\u0259l\u0259 ba\u015flamam\u0131\u015fd\u0131, sad\u0259c\u0259 h\u00fcnd\u00fcrl\u00fcy\u00fc 1 metr\u0259 \u00e7atmayan tikanl\u0131 m\u0259ftil d\u00f6\u015f\u0259nmi\u015fdi. Yax\u0131nl\u0131qda ke\u015fik \u00e7\u0259k\u0259n s\u0259rh\u0259d\u00e7i Konrad \u015euman q\u0259fild\u0259n avtomat\u0131n\u0131 tullayaraq m\u0259ftilin \u00fcst\u00fcnd\u0259n atland\u0131 v\u0259 Q\u0259rbi Berlin\u0259 t\u0259r\u0259f qa\u00e7d\u0131. Bu sad\u0259 qa\u00e7\u0131\u015f ona g\u00f6r\u0259 m\u0259\u015fhurla\u015fd\u0131 ki, onun \u015f\u0259klini \u00e7\u0259km\u0259k oldu. Bu \u015f\u0259kil sonralar n\u0259inki Berlin qa\u00e7\u0131\u015flar\u0131n\u0131n, \u00fcmumiyy\u0259tl\u0259, soyuq m\u00fcharib\u0259nin simvollar\u0131ndan birin\u0259 \u00e7evrildi.\n<\/p>\n<p>\n  \u015e\u0259rqi Berlind\u0259n qurtulmaq ist\u0259y\u0259nl\u0259rin \u0259l atd\u0131qlar\u0131 ilk \u00fcsul d\u00fcz s\u0259rh\u0259d x\u0259ttinin \u00fcz\u0259rind\u0259 yerl\u0259\u015f\u0259n binalar vasit\u0259sil\u0259 qa\u00e7maq oldu. Bernauer\u015ftrasse k\u00fc\u00e7\u0259sind\u0259 yerl\u0259\u015f\u0259n b\u0259zi binalar\u0131n giri\u015fi \u015f\u0259rq sektorundan olsa da, p\u0259nc\u0259r\u0259l\u0259ri q\u0259rb sektoruna a\u00e7\u0131l\u0131rd\u0131. Bu yolla bir ne\u00e7\u0259 n\u0259f\u0259r aradan \u00e7\u0131xa bildi, lakin h\u00f6kum\u0259t orqanlar\u0131 tezlikl\u0259 \u0259ks-t\u0259dbir g\u00f6rd\u00fcl\u0259r. \u00d6nc\u0259 p\u0259nc\u0259r\u0259l\u0259r h\u00f6r\u00fcld\u00fc, daha sonra is\u0259 binalar, \u00fcmumiyy\u0259tl\u0259, s\u00f6k\u00fcld\u00fc v\u0259 yerl\u0259rind\u0259 Berlin divar\u0131n\u0131n davam\u0131 \u00e7\u0259kildi.\n<\/p>\n<p>\n  Ba\u015fqa bir ilkin \u00fcsul divar\u0131n alt\u0131ndan tunel qaz\u0131lmas\u0131 oldu. \u0130lk ill\u0259rd\u0259 bir ne\u00e7\u0259 bel\u0259 tunell\u0259r qaz\u0131ld\u0131. Sonralar tunell\u0259ri bir-birind\u0259n f\u0259rql\u0259ndirm\u0259k \u00fc\u00e7\u00fcn onlar vasit\u0259sil\u0259 qa\u00e7ma\u011fa m\u00fcy\u0259ss\u0259r olan insanlar\u0131n say\u0131 \u0259sas g\u00f6t\u00fcr\u00fcl\u00fcrd\u00fc. M\u0259s\u0259l\u0259n, 1962-ci ild\u0259 tunell\u0259rd\u0259n biri vasit\u0259sil\u0259 29 n\u0259f\u0259r qa\u00e7a bildi. Ona &#8220;tunel 29&#8221; ad\u0131 verildi v\u0259 2001-ci ild\u0259 bu hadis\u0259 haqq\u0131nda &#8220;Der Tunnel&#8221; adl\u0131 film \u00e7\u0259kildi.\n<\/p>\n<p>\n  \u018fn \u00e7ox insan\u0131n qa\u00e7a bildiyi tunel 1964-c\u00fc ild\u0259 qaz\u0131ld\u0131. Q\u0259rbi Berlind\u0259n ba\u015flayaraq 12 metr d\u0259rinlikd\u0259 v\u0259 140 metr uzunluqda olan tunel \u015e\u0259rqi Berlind\u0259 t\u0259rk edilmi\u015f h\u0259y\u0259tl\u0259rd\u0259n birin\u0259 \u00e7\u0131xd\u0131. ADR hakimiyy\u0259t orqanlar\u0131 x\u0259b\u0259r tutana q\u0259d\u0259r iki gec\u0259 \u0259rzind\u0259 bu tunel vasit\u0259sil\u0259 57 adam Q\u0259rb\u0259 qa\u00e7d\u0131. Qeyd ed\u0259k ki, tunelin qaz\u0131lmas\u0131nda sonralar AFR-in ilk astronaftlar\u0131ndan biri olacaq Reynhard Furrer d\u0259 i\u015ftirak edirdi.\n<\/p>\n<p>\n  El\u0259 insanlar var idi ki, bir ne\u00e7\u0259 tunelin qaz\u0131lmas\u0131nda i\u015ftirak etmi\u015fdi. SSR\u0130-d\u0259 bel\u0259sin\u0259 y\u0259qin ki, &#8220;\u0259m\u0259kdar tunel qazan&#8221; ad\u0131 veril\u0259rdi, \u0259g\u0259r g\u00f6rd\u00fcy\u00fc i\u015f qanunsuz olmasayd\u0131. Maraql\u0131d\u0131r ki, qaz\u0131nt\u0131larda b\u0259z\u0259n xarici \u00f6lk\u0259l\u0259rd\u0259n k\u00f6n\u00fcll\u00fc yard\u0131ma g\u0259l\u0259nl\u0259r d\u0259 i\u015ftirak edirdil\u0259r. Tezlikl\u0259 \u015e\u0259qri Almaniya h\u00f6kum\u0259ti Berlin divar\u0131n\u0131n perimetri boyunca \u00f6z\u00fc tunel qazd\u0131 v\u0259 bununla yerin alt\u0131n\u0131 n\u0259zar\u0259t\u0259 g\u00f6t\u00fcrd\u00fc. Bundan sonra tunel qaz\u0131nt\u0131s\u0131 dayand\u0131. \u00dcmumilikd\u0259 yeralt\u0131 yollarla 300 n\u0259f\u0259r\u0259 yax\u0131n insan\u0131n qa\u00e7mas\u0131 ehtimal olunur.\n<\/p>\n<p>\n  Berlin divar\u0131n\u0131n t\u0259kc\u0259 alt\u0131ndan deyil, \u00fcst\u00fcnd\u0259n d\u0259 qa\u00e7\u0131\u015f c\u0259hdl\u0259ri edilirdi. 1963-c\u00fc ilin fevral gec\u0259sind\u0259 Horst Klyayn adl\u0131 biris \u00f6z\u00fcn\u00fcn akrobat v\u0259rdi\u015fl\u0259rind\u0259n istifad\u0259 etm\u0259k q\u0259rar\u0131na g\u0259ldi. O divar\u0131n \u00fcz\u0259rind\u0259n uzanan, lakin art\u0131q i\u015fl\u0259k olmayan elektrik x\u0259ttind\u0259n tutaraq s\u0259rh\u0259d\u00e7il\u0259rin ba\u015f\u0131 \u00fcz\u0259rind\u0259n Q\u0259rb\u0259 ke\u00e7di.\n<\/p>\n<p>\n  1965-ci ilin yen\u0259 fevral\u0131nda Holzapfel ail\u0259sinin qa\u00e7\u0131\u015f\u0131 xeyli maraql\u0131 haz\u0131rlanm\u0131\u015fd\u0131. Ail\u0259nin ba\u015f\u00e7\u0131s\u0131 Haynz Holzapfel mini-funikulyor kimi bir qur\u011fu yaratm\u0131\u015fd\u0131. Qar\u015f\u0131 t\u0259r\u0259fd\u0259n d\u0259 edil\u0259n k\u00f6m\u0259k say\u0259sind\u0259 \u00e7\u0259kil\u0259n kanatla bu qur\u011fu vasit\u0259sil\u0259 Haynz\u0131n \u00f6nc\u0259 o\u011flu, sonra arvad\u0131, sonda da \u00f6z\u00fc Q\u0259rbi Berlin\u0259 ke\u00e7dil\u0259r. Maraql\u0131d\u0131r ki, Haynz Holzapfel jurnalistl\u0259r\u0259 verdiyi m\u00fcsahib\u0259sind\u0259 sosializm\u0259 r\u0259\u011fb\u0259tl\u0259 yana\u015fd\u0131\u011f\u0131n\u0131, lakin i\u015f yerind\u0259 \u00e7u\u011fullu\u011fa t\u0259hrik edildiyi \u00fc\u00e7\u00fcn qa\u00e7maq q\u0259rar\u0131na g\u0259ldiyini a\u00e7\u0131qlad\u0131.\n<\/p>\n<p>\n  1973-c\u00fc ild\u0259 \u015e\u0259rqi Almaniyan\u0131n planerizm \u00fczr\u0259 tan\u0131nm\u0131\u015f idman\u00e7\u0131s\u0131 Udo Elke el\u0259 yar\u0131\u015flar zaman\u0131 planeri il\u0259 Q\u0259rbi Almaniyaya u\u00e7du. 1983-c\u00fc ild\u0259 Maykl Bekker v\u0259 Holger Betkenin qa\u00e7\u0131\u015f\u0131nda Holzapfell\u0259rin qa\u00e7\u0131\u015f\u0131n\u0131n elementl\u0259ri vard\u0131. Onlar be\u015fm\u0259rt\u0259b\u0259li evin dam\u0131na \u00e7\u0131xaraq polad trosu ox il\u0259 qar\u015f\u0131 t\u0259r\u0259f\u0259 atd\u0131lar. Orada is\u0259 Holgerin daha \u00f6nc\u0259 Q\u0259rb\u0259 qa\u00e7an qarda\u015f\u0131 \u0130nqo trosu daha a\u015fa\u011f\u0131 h\u00fcnd\u00fcrl\u00fckd\u0259 bir yer\u0259 ba\u011flad\u0131. Bundan sonra Bekker v\u0259 Betke kanat t\u0259k\u0259rl\u0259rinin k\u00f6m\u0259yil\u0259 \u00fcz\u00fca\u015fa\u011f\u0131 s\u00fcr\u00fc\u015f\u0259r\u0259k &#8220;\u0259n humanist qurulu\u015f&#8221;u t\u0259rk etdil\u0259r.\n<\/p>\n<p>\n  Lakin Betke qarda\u015flar\u0131n\u0131n mac\u0259ras\u0131 bununla bitm\u0259di. Onlar ki\u00e7ik qarda\u015flar\u0131 Egberti d\u0259 qa\u00e7\u0131rmaq \u00fc\u00e7\u00fcn plan qurdular. Qarda\u015flar sahibi olduqlar\u0131 pab\u0131 satd\u0131lar, iki y\u00fcng\u00fcl t\u0259yyar\u0259 al\u0131b onlar\u0131 r\u0259ngl\u0259dil\u0259r, qanadlar\u0131na v\u0259 quyruqlar\u0131na be\u015fgu\u015f\u0259li ulduz \u00e7\u0259kdil\u0259r, \u00f6zl\u0259ri d\u0259 h\u0259rbi forma gey\u0259r\u0259k 1989-cu ilin may\u0131nda \u015e\u0259rqi Berlin\u0259 u\u00e7dular. Burada \u00fc\u00e7\u00fcnc\u00fc qarda\u015flar\u0131n\u0131 g\u00f6t\u00fcr\u0259r\u0259k geriy\u0259 d\u00f6nd\u00fcl\u0259r. Maraql\u0131d\u0131r ki, bu riskli t\u0259\u015f\u0259bb\u00fcs zaman\u0131 onlara \u0259ng\u0259l t\u00f6r\u0259d\u0259n omad\u0131. Lakin qarda\u015flar c\u0259mi 6 ay sonra gedi\u015f-g\u0259li\u015fin s\u0259rb\u0259st olaca\u011f\u0131n\u0131 bils\u0259ydil\u0259r, y\u0259qin ki, pab\u0131 satmaqdan imtina ed\u0259rdil\u0259r.\n<\/p>\n<p>\n  \u018fn heyr\u0259tamiz qa\u00e7\u0131\u015flardan biri Vetzel v\u0259 Strel\u00e7ek ail\u0259l\u0259rinin qa\u00e7\u0131\u015f\u0131 idi. Onlar &#8220;i\u015f\u0131ql\u0131 g\u0259l\u0259c\u0259yin qurulmas\u0131&#8221;n\u0131 g\u00f6zl\u0259m\u0259y\u0259r\u0259k, \u00f6zl\u0259ri ona t\u0259r\u0259f getm\u0259y\u0259 q\u0259rar verdil\u0259r. \u00d6z\u00fc d\u0259 bunun \u00fc\u00e7\u00fcn xeyli orijinal \u00fcsul fikirl\u0259\u015fmi\u015fdil\u0259r &#8211; hava \u015far\u0131. Bir ne\u00e7\u0259 il \u00e7\u0259k\u0259n haz\u0131rl\u0131qdan sonra 4 b\u00f6y\u00fck v\u0259 4 u\u015faqdan ibar\u0259t olan iki ail\u0259 \u00f6zl\u0259rinin d\u00fcz\u0259ltdikl\u0259ri hava \u015far\u0131 il\u0259 1979-cu ilin sentyabr\u0131nda qa\u00e7a bildil\u0259r.\n<\/p>\n<p>\n  Divar\u0131n alt\u0131ndan v\u0259 \u00fcst\u00fcnd\u0259n \u0259lav\u0259, \u00f6z\u00fcnd\u0259n ke\u00e7m\u0259k hallar\u0131 vard\u0131. T\u0259xmin\u0259n &#8220;Kabus&#8221; filmind\u0259 oldu\u011fu kimi. Sad\u0259c\u0259 qa\u00e7anlar b\u0259z\u0259n \u00f6zl\u0259rind\u0259n sonra da\u011f\u0131nt\u0131lar qoyurdular.<br \/>\n  <br \/>\n  &#8220;Berlin divar\u0131&#8221; adl\u0131 m\u0259qal\u0259d\u0259 yazm\u0131\u015fd\u0131m &#8211; divar \u00e7\u0259kil\u0259n\u0259 q\u0259d\u0259r t\u0259bii ki, vahid \u015f\u0259h\u0259r infrastrukturu, o c\u00fcml\u0259d\u0259n, \u015f\u0259h\u0259rdaxili elektrik qatar\u0131 vard\u0131. Divar \u00e7\u0259kil\u0259nd\u0259n etibar\u0259n q\u0259rb v\u0259 \u015f\u0259rq hiss\u0259l\u0259rini birl\u0259\u015fdir\u0259n hiss\u0259l\u0259r bir m\u00fcdd\u0259t istifad\u0259siz qald\u0131. Daha sonra onlar\u0131n s\u00f6k\u00fclm\u0259si v\u0259 \u015e\u0259rqi Berlin \u00fc\u00e7\u00fcn ayr\u0131ca sistemin qura\u015fd\u0131r\u0131lmas\u0131 n\u0259z\u0259rd\u0259 tutulurdu. Lakin bir n\u0259f\u0259r h\u0259l\u0259 s\u00f6k\u00fclm\u0259y\u0259n x\u0259tl\u0259rd\u0259n qa\u00e7\u0131\u015f \u00fc\u00e7\u00fcn istifad\u0259 etm\u0259k q\u0259rar\u0131na g\u0259ldi.\n<\/p>\n<p>\n  Ma\u015f\u0131inist Harri Deterling 1961-ci ilin dekabr\u0131nda 24 s\u0259rni\u015finin (onlar\u0131n t\u0259sad\u00fcfi s\u0259rni\u015fin idil\u0259r v\u0259 qa\u00e7\u0131\u015f plan\u0131ndan x\u0259b\u0259rl\u0259ri yox idi) oldu\u011fu, &#8220;azadl\u0131\u011fa ged\u0259n son qatar&#8221; adland\u0131rd\u0131\u011f\u0131 qatar\u0131 h\u0259min relsl\u0259rl\u0259 s\u00fcr\u0259r\u0259k divar\u0131 taran etdi, \u015fok ya\u015fayan s\u0259rh\u0259d\u00e7il\u0259r\u0259 &#8220;auf Wiedersehen&#8221; dey\u0259r\u0259k Q\u0259rb\u0259 yolland\u0131.\n<\/p>\n<p>\n  Qatar s\u0259rni\u015finl\u0259rin \u0259ks\u0259riyy\u0259ti geri qay\u0131td\u0131; lakin sosializm\u0259 sevgid\u0259n deyil, \u015e\u0259rqi Berlind\u0259 qalan ail\u0259l\u0259rin\u0259 g\u00f6r\u0259. Bir g\u0259nc q\u0131z is\u0259 Harri v\u0259 qatar\u0131n qazan\u00e7\u0131s\u0131 kimi Q\u0259rbd\u0259 qald\u0131. Dem\u0259k art\u0131qd\u0131r ki, qeyri-i\u015fl\u0259k relsl\u0259r bu hadis\u0259d\u0259n sonra d\u0259rhal y\u0131\u011f\u0131\u015fd\u0131r\u0131ld\u0131.\n<\/p>\n<p>\n  1962-ci ilin yaz\u0131nda bir ingilis \u015e\u0259rqi Berlind\u0259 ya\u015fayan sevgilisini v\u0259 onun anas\u0131n\u0131 qa\u00e7\u0131rmaq q\u0259rar\u0131na g\u0259ldi. Bu m\u0259qs\u0259dl\u0259, o, a\u015fa\u011f\u0131 oturu\u015flu Ostin Hili idman avtomobili ald\u0131. Sevgilisini arxa oturaca\u011fa, g\u0259l\u0259c\u0259k qaynanas\u0131n\u0131 da y\u00fck yerin\u0259 (se\u00e7im diqq\u0259t\u0259layiqdir) uzadan ingilis ke\u00e7id m\u0259nt\u0259q\u0259sin\u0259 yax\u0131nla\u015fark\u0259n s\u00fcr\u0259ti q\u0259fil art\u0131rd\u0131 v\u0259 \u015flaqbaumun alt\u0131ndan sivi\u015f\u0259r\u0259k uzaqla\u015fd\u0131. Y\u00fck yerind\u0259ki g\u0259l\u0259c\u0259k qaynanan\u0131 g\u00fcll\u0259l\u0259rd\u0259n m\u00fchafiz\u0259 etm\u0259k \u00fc\u00e7\u00fcn \u00f6n\u00fcn\u0259 k\u0259rpicl\u0259r d\u00fcz\u00fclm\u00fc\u015fd\u00fc. Lakin hadis\u0259 s\u0259rh\u0259d\u00e7il\u0259r \u00fc\u00e7\u00fcn o q\u0259d\u0259r g\u00f6zl\u0259nilm\u0259z oldu ki, at\u0259\u015f a\u00e7ma\u011fa macal tapmad\u0131lar.\n<\/p>\n<p>\n  X\u00fcsusi olaraq qa\u00e7\u0131\u015f \u00fc\u00e7\u00fcn qura\u015fd\u0131r\u0131lan \u0130setta markal\u0131 ki\u00e7ik h\u0259cmli bir avtomobilin k\u00f6m\u0259yi il\u0259 dalbadal 9 n\u0259f\u0259r Q\u0259rb\u0259 qa\u00e7m\u0131\u015fd\u0131. S\u0259rh\u0259d\u00e7il\u0259r ma\u015f\u0131n\u0131n salonunu v\u0259 y\u00fck yerini yoxlay\u0131rd\u0131lar, halbuki qa\u00e7aq motor yerind\u0259 gizl\u0259nirdi. Bunun \u00fc\u00e7\u00fcn \u0130settan\u0131n akkumlyatoru v\u0259 radiatoru \u00e7\u0131xar\u0131lm\u0131\u015fd\u0131.\n<\/p>\n<p>\n  1963-c\u00fc ilin aprelind\u0259 ADR ordusunun Volfqanq Engels adl\u0131 \u0259sg\u0259ri soyad\u0131na he\u00e7 c\u00fcr yara\u015fmayan fikr\u0259 d\u00fc\u015fd\u00fc &#8211; kommunizmd\u0259n \u00e7\u00fcr\u00fcm\u0259kd\u0259 olan kapitalizm\u0259 qa\u00e7maq. O, bunun \u00fc\u00e7\u00fcn zirehli avtomobill\u0259 divar\u0131 taran etm\u0259k q\u0259rar\u0131na g\u0259ldi. Lakin divar s\u00f6k\u00fcls\u0259 d\u0259, avtomobil \u015f\u0259rq t\u0259r\u0259fd\u0259 qald\u0131. Engels d\u00fc\u015f\u0259r\u0259k s\u00f6k\u00fcl\u0259n yerd\u0259n qa\u00e7maq ist\u0259rk\u0259n s\u0259rh\u0259d\u00e7il\u0259rin a\u00e7d\u0131\u011f\u0131 at\u0259\u015fl\u0259 belind\u0259n v\u0259 qolundan yaraland\u0131. Lakin qar\u015f\u0131 t\u0259r\u0259fd\u0259n g\u0259l\u0259n insanlar\u0131n k\u00f6m\u0259yi il\u0259 \u00f6z niyy\u0259tini yekunla\u015fd\u0131ra bildi.\n<\/p>\n<p>\n  S\u0259kkiz u\u015faq atas\u0131 olan Erik Ross refrijeratorla \u015e\u0259rqi Berlind\u0259n \u0259t da\u015f\u0131yan ma\u015f\u0131n\u0131n s\u00fcr\u00fcc\u00fcs\u00fc idi. O, \u00e7oxdan Q\u0259rbi Berlind\u0259 m\u0259skunla\u015fmaq ist\u0259s\u0259 d\u0259, ail\u0259sinin repressiyaya m\u0259ruz qalaca\u011f\u0131ndan qorxaraq geri qay\u0131d\u0131rd\u0131. Bir g\u00fcn is\u0259, o, b\u00fct\u00fcn ail\u0259sini soyuducudak\u0131 \u0259t c\u0259md\u0259kl\u0259rinin aras\u0131nda gizl\u0259d\u0259r\u0259k ke\u00e7id m\u0259nt\u0259q\u0259sin\u0259 yax\u0131nla\u015fd\u0131. Onun s\u0259f\u0259rl\u0259rin\u0259 al\u0131\u015fm\u0131\u015f s\u0259rh\u0259d\u00e7il\u0259r soyudunu he\u00e7 yoxlamad\u0131lar v\u0259 ail\u0259 asanl\u0131qla m\u00fchacir\u0259t etdi.\n<\/p>\n<p>\n  Qa\u00e7\u0131\u015f c\u0259hdl\u0259rinin bir hiss\u0259si d\u0259 su vasit\u0259sil\u0259 edilirdi. \u018fsas\u0259n Berlind\u0259 axan \u015epree, Havel \u00e7aylar\u0131ndan v\u0259 Teltov kanal\u0131ndan istifad\u0259 edilirdi. Lakin b\u0259z\u0259n Baltik d\u0259nizi vasit\u0259sil\u0259 d\u0259 qa\u00e7\u0131rd\u0131lar. 1986-c\u0131 ild\u0259 iki dost &#8211; Dirk Dekkert v\u0259 Karsten Klyuender vindserfinq (yelk\u0259nli serfinq) vasit\u0259sil\u0259 \u015e\u0259rqi Almaniyadan qa\u00e7d\u0131lar. Karsten Danimarkaya \u00f6z\u00fc yeti\u015fs\u0259 d\u0259, yelk\u0259ni z\u0259d\u0259l\u0259n\u0259n Dirki h\u0259min \u00f6lk\u0259nin bal\u0131q\u00e7\u0131lar\u0131 xilas etdi. Xeyli qorxmu\u015f Dekkert sonralar deyirdi: \u00fc\u00e7 ild\u0259n sonra divar\u0131n da\u011f\u0131laca\u011f\u0131n\u0131 bils\u0259ydim, evimd\u0259 oturard\u0131m.\n<\/p>\n<p>\n  Sosialist \u00f6lk\u0259l\u0259rind\u0259 &#8220;qay\u0131tmayanlar&#8221; deyil\u0259n insanlar vard\u0131. \u018fsas\u0259n pe\u015f\u0259 f\u0259aliyy\u0259tl\u0259ri il\u0259 \u0259laq\u0259dar xarici \u00f6lk\u0259y\u0259 s\u0259f\u0259r ed\u0259nl\u0259r v\u0259 geri qay\u0131tmayanlar. Onlar aras\u0131nda diplomatlar, elm, m\u0259d\u0259niyy\u0259t v\u0259 inc\u0259s\u0259n\u0259t xadiml\u0259ri, idman\u00e7\u0131lar, h\u0259tta k\u0259\u015ffiyyat\u00e7\u0131lar vard\u0131. &#8220;Qay\u0131tmayanlar&#8221; \u015e\u0259rqi Almaniyada da az deyildi. Onlar\u0131n qa\u00e7\u0131\u015flar\u0131 x\u00fcsusi \u00f6z\u0259llikl\u0259ri il\u0259 se\u00e7ilm\u0259dikl\u0259rind\u0259n bu m\u0259qal\u0259d\u0259 b\u0259hs etm\u0259k ist\u0259mir\u0259m. Lakin bir qay\u0131tmamaq hal\u0131 x\u00fcsusi maraq k\u0259sb edir. O da \u00f6z\u00fcn\u00fcn detallar\u0131 il\u0259 deyil, qay\u0131tmayan\u0131n \u015f\u0259xsi il\u0259 ba\u011fl\u0131d\u0131r.\n<\/p>\n<p>\n  1974-c\u00fc ild\u0259 futbol \u00fczr\u0259 d\u00fcnya \u00e7empionat\u0131 Q\u0259rbi Almaniyada ke\u00e7irilirdi. Yegan\u0259 \u00e7empionat idi ki, z\u0259if \u015e\u0259rqi Almaniya komandas\u0131 da i\u015ftirak h\u00fcququ qazanm\u0131\u015fd\u0131, \u00fcst\u0259lik, \u00f6z q\u0259rbli soyda\u015flar\u0131 il\u0259 eyni qrupa d\u00fc\u015fm\u00fc\u015fd\u00fc. Qrup m\u0259rh\u0259l\u0259sinin son, \u00fc\u00e7\u00fcnc\u00fc turunda iki alman komandas\u0131 \u00fcz-\u00fcz\u0259 g\u0259ldi.\n<\/p>\n<p>\n  Dem\u0259k olar ki, ham\u0131 daha adl\u0131-sanl\u0131, o zamana q\u0259d\u0259rki d\u00fcnya \u00e7empionatlar\u0131nda 1 q\u0131z\u0131l, 1 g\u00fcm\u00fc\u015f v\u0259 2 b\u00fcr\u00fcnc qazanan AFR komandas\u0131n\u0131n asan q\u0259l\u0259b\u0259 qazanaca\u011f\u0131n\u0131 g\u00f6zl\u0259yirdi. Lakin ADR g\u00f6zl\u0259nilm\u0259d\u0259n qalib g\u0259ldi. Mat\u00e7da yegan\u0259 topu 77-ci d\u0259qiq\u0259d\u0259 Yurgen \u015eparvasser vurdu. N\u0259tic\u0259d\u0259 h\u0259r iki alman komandas\u0131 n\u00f6vb\u0259ti m\u0259rh\u0259l\u0259y\u0259 \u00e7\u0131xd\u0131lar.\n<\/p>\n<p>\n  Onlar\u0131n sonrak\u0131 n\u0259tic\u0259l\u0259riis\u0259 f\u0259rqli oldu. \u015e\u0259rqi Almaniya 1\/4 final m\u0259rh\u0259l\u0259sind\u0259n sonra m\u00fcbariz\u0259ni dayand\u0131r\u0131b medals\u0131z qald\u0131. Q\u0259rbi Almaniya is\u0259 finalda Niderlanda qalib g\u0259l\u0259r\u0259k d\u00fcnya \u00e7empionu oldu. Buna baxmayaraq, \u015e\u0259rqi Almaniyada futbol\u00e7ular\u0131 x\u00fcsus\u0259n d\u0259 \u015eparvasseri q\u0259hr\u0259man kimi qar\u015f\u0131lad\u0131lar.\n<\/p>\n<p>\n  Onun vurdu\u011fu qolu uzun ill\u0259r telekanallarda t\u0259krar-t\u0259krar g\u00f6st\u0259r\u0259r\u0259k (insaf\u0259n, q\u0259\u015f\u0259ng qol idi) ideoloji m\u0259qs\u0259dl\u0259r \u00fc\u00e7\u00fcn istifad\u0259 edirdil\u0259r. \u018fyani qar\u015f\u0131la\u015fmadak\u0131 q\u0259l\u0259b\u0259 \u0259sas g\u00f6t\u00fcr\u00fcl\u0259r\u0259k \u015e\u0259rqi Almaniya futbolunun art\u0131q ikiqat d\u00fcnya \u00e7empionu olan Q\u0259rbi Almaniyadan \u00fcst\u00fcn oldu\u011fu iddia edilirdi.\n<\/p>\n<p>\n  Yurgen \u015eparvasseri xeyli m\u00fcdd\u0259t &#8220;milli q\u0259hr\u0259man&#8221; obraz\u0131ndan yararland\u0131, ona veril\u0259n imtiyazlar\u0131 q\u0259bul etdi. N\u0259hay\u0259t, 1988-ci ild\u0259 Q\u0259rbi Almaniyada ke\u00e7iril\u0259n veteranlar turnirind\u0259 i\u015ftirakdan sonra geri qay\u0131tmaqdan imtina etdi.\n<\/p>\n<p>\n  ***\n<\/p>\n<p>\n  T\u0259\u0259ss\u00fcf ki, qa\u00e7\u0131\u015f c\u0259hdl\u0259rinin ham\u0131s\u0131 u\u011furlu al\u0131nm\u0131rd\u0131. B\u0259z\u0259n h\u0259tta faci\u0259li sonluqla n\u0259tic\u0259l\u0259nirdi &#8211; kimisi suda bo\u011fulurdu, yaxud y\u00fcks\u0259klikd\u0259n y\u0131x\u0131l\u0131rd\u0131, kimisini d\u0259 s\u0259rh\u0259d\u00e7il\u0259r g\u00fcll\u0259l\u0259yirdil\u0259r. Bel\u0259l\u0259rinin say\u0131n\u0131n \u0259n az\u0131 125 n\u0259f\u0259r olmas\u0131 g\u00f6st\u0259rilir. B\u0259zi t\u0259dqiqat\u00e7\u0131lar is\u0259 ger\u00e7\u0259k r\u0259q\u0259min bir ne\u00e7\u0259 d\u0259f\u0259 \u00e7ox oldu\u011funu iddia edirl\u0259r. 3 mind\u0259n \u00e7ox insan is\u0259 qa\u00e7\u0131\u015f c\u0259hdin\u0259 g\u00f6r\u0259 h\u0259bs edildi. Bu \u0259m\u0259l\u0259 g\u00f6r\u0259 \u015e\u0259rqi Almaniyada 5 il\u0259 q\u0259d\u0259r, 1979-cu ild\u0259 edil\u0259n d\u0259yi\u015fiklikl\u0259rd\u0259n sonra is\u0259 8 il\u0259 q\u0259d\u0259r h\u0259bs c\u0259zas\u0131 n\u0259z\u0259rd\u0259 tutulurdu.\n<\/p>\n<p>\n  1980-ci ill\u0259rin sonlar\u0131nda ba\u015f ver\u0259n qlobal hadis\u0259l\u0259r Berlin divar\u0131n\u0131n da sonunu g\u0259tirdi. 1989-cu ilin noyabr\u0131nda gedi\u015f-g\u0259li\u015f s\u0259rb\u0259stl\u0259\u015fdi. Daha 11 ay sonra is\u0259 iki alman d\u00f6vl\u0259ti v\u0259 Q\u0259rbi Berlin vahid d\u00f6vl\u0259td\u0259 birl\u0259\u015fdil\u0259r.<\/p>\n","protected":false},"excerpt":{"rendered":"<p>Avqust ay\u0131nda yazd\u0131\u011f\u0131m m\u0259qal\u0259d\u0259 Berlin divar\u0131n\u0131n in\u015fa edilm\u0259si s\u0259b\u0259bl\u0259rin\u0259 toxunmu\u015fdum<\/p>\n","protected":false},"author":11,"featured_media":110672,"comment_status":"closed","ping_status":"open","sticky":false,"template":"","format":"standard","meta":{"_acf_changed":false,"_sitemap_exclude":false,"_sitemap_priority":"","_sitemap_frequency":"","footnotes":""},"categories":[51],"tags":[],"class_list":["post-192007","post","type-post","status-publish","format-standard","has-post-thumbnail","hentry","category-analitika","infinite-scroll-item","generate-columns","tablet-grid-50","mobile-grid-100","grid-parent","grid-33","no-featured-image-padding"],"acf":[],"yoast_head":"<!-- This site is optimized with the Yoast SEO plugin v27.4 - https:\/\/yoast.com\/product\/yoast-seo-wordpress\/ -->\n<title>\u015e\u0259rqi Almaniyadan qa\u00e7\u0131\u015flar - MEYDAN.TV<\/title>\n<meta name=\"robots\" content=\"index, follow, max-snippet:-1, max-image-preview:large, max-video-preview:-1\" \/>\n<link rel=\"canonical\" href=\"https:\/\/www.meydan.tv\/az\/article\/serqi-almaniyadan-qacislar\/\" \/>\n<meta property=\"og:locale\" content=\"az_AZ\" \/>\n<meta property=\"og:type\" content=\"article\" \/>\n<meta property=\"og:title\" content=\"\u015e\u0259rqi Almaniyadan qa\u00e7\u0131\u015flar - MEYDAN.TV\" \/>\n<meta property=\"og:description\" content=\"Avqust ay\u0131nda yazd\u0131\u011f\u0131m m\u0259qal\u0259d\u0259 Berlin divar\u0131n\u0131n in\u015fa edilm\u0259si s\u0259b\u0259bl\u0259rin\u0259 toxunmu\u015fdum\" \/>\n<meta property=\"og:url\" content=\"https:\/\/www.meydan.tv\/az\/article\/serqi-almaniyadan-qacislar\/\" \/>\n<meta property=\"og:site_name\" content=\"MEYDAN.TV\" \/>\n<meta property=\"article:published_time\" content=\"2018-10-08T16:46:26+00:00\" \/>\n<meta property=\"og:image\" content=\"https:\/\/www.meydan.tv\/wp-content\/uploads\/44041.jpg\" \/>\n\t<meta property=\"og:image:width\" content=\"1500\" \/>\n\t<meta property=\"og:image:height\" content=\"1000\" \/>\n\t<meta property=\"og:image:type\" content=\"image\/jpeg\" \/>\n<meta name=\"author\" content=\"user-manager\" \/>\n<meta name=\"twitter:card\" content=\"summary_large_image\" \/>\n<script type=\"application\/ld+json\" class=\"yoast-schema-graph\">{\"@context\":\"https:\\\/\\\/schema.org\",\"@graph\":[{\"@type\":\"Article\",\"@id\":\"https:\\\/\\\/www.meydan.tv\\\/az\\\/article\\\/serqi-almaniyadan-qacislar\\\/#article\",\"isPartOf\":{\"@id\":\"https:\\\/\\\/www.meydan.tv\\\/az\\\/article\\\/serqi-almaniyadan-qacislar\\\/\"},\"author\":{\"name\":\"user-manager\",\"@id\":\"https:\\\/\\\/www.meydan.tv\\\/az\\\/#\\\/schema\\\/person\\\/10d11eccf6da3662cf5fdab9806ea91a\"},\"headline\":\"\u015e\u0259rqi Almaniyadan qa\u00e7\u0131\u015flar\",\"datePublished\":\"2018-10-08T16:46:26+00:00\",\"mainEntityOfPage\":{\"@id\":\"https:\\\/\\\/www.meydan.tv\\\/az\\\/article\\\/serqi-almaniyadan-qacislar\\\/\"},\"wordCount\":2987,\"publisher\":{\"@id\":\"https:\\\/\\\/www.meydan.tv\\\/az\\\/#organization\"},\"image\":{\"@id\":\"https:\\\/\\\/www.meydan.tv\\\/az\\\/article\\\/serqi-almaniyadan-qacislar\\\/#primaryimage\"},\"thumbnailUrl\":\"https:\\\/\\\/www.meydan.tv\\\/wp-content\\\/uploads\\\/44041.jpg\",\"articleSection\":[\"Analitika\"],\"inLanguage\":\"az\"},{\"@type\":\"WebPage\",\"@id\":\"https:\\\/\\\/www.meydan.tv\\\/az\\\/article\\\/serqi-almaniyadan-qacislar\\\/\",\"url\":\"https:\\\/\\\/www.meydan.tv\\\/az\\\/article\\\/serqi-almaniyadan-qacislar\\\/\",\"name\":\"\u015e\u0259rqi Almaniyadan qa\u00e7\u0131\u015flar - MEYDAN.TV\",\"isPartOf\":{\"@id\":\"https:\\\/\\\/www.meydan.tv\\\/az\\\/#website\"},\"primaryImageOfPage\":{\"@id\":\"https:\\\/\\\/www.meydan.tv\\\/az\\\/article\\\/serqi-almaniyadan-qacislar\\\/#primaryimage\"},\"image\":{\"@id\":\"https:\\\/\\\/www.meydan.tv\\\/az\\\/article\\\/serqi-almaniyadan-qacislar\\\/#primaryimage\"},\"thumbnailUrl\":\"https:\\\/\\\/www.meydan.tv\\\/wp-content\\\/uploads\\\/44041.jpg\",\"datePublished\":\"2018-10-08T16:46:26+00:00\",\"breadcrumb\":{\"@id\":\"https:\\\/\\\/www.meydan.tv\\\/az\\\/article\\\/serqi-almaniyadan-qacislar\\\/#breadcrumb\"},\"inLanguage\":\"az\",\"potentialAction\":[{\"@type\":\"ReadAction\",\"target\":[\"https:\\\/\\\/www.meydan.tv\\\/az\\\/article\\\/serqi-almaniyadan-qacislar\\\/\"]}]},{\"@type\":\"ImageObject\",\"inLanguage\":\"az\",\"@id\":\"https:\\\/\\\/www.meydan.tv\\\/az\\\/article\\\/serqi-almaniyadan-qacislar\\\/#primaryimage\",\"url\":\"https:\\\/\\\/www.meydan.tv\\\/wp-content\\\/uploads\\\/44041.jpg\",\"contentUrl\":\"https:\\\/\\\/www.meydan.tv\\\/wp-content\\\/uploads\\\/44041.jpg\",\"width\":1500,\"height\":1000,\"caption\":\"Source:\"},{\"@type\":\"BreadcrumbList\",\"@id\":\"https:\\\/\\\/www.meydan.tv\\\/az\\\/article\\\/serqi-almaniyadan-qacislar\\\/#breadcrumb\",\"itemListElement\":[{\"@type\":\"ListItem\",\"position\":1,\"name\":\"Ana s\u0259hif\u0259\",\"item\":\"https:\\\/\\\/www.meydan.tv\\\/az\\\/\"},{\"@type\":\"ListItem\",\"position\":2,\"name\":\"Analitika\",\"item\":\"https:\\\/\\\/www.meydan.tv\\\/az\\\/section\\\/analitika\\\/\"},{\"@type\":\"ListItem\",\"position\":3,\"name\":\"\u015e\u0259rqi Almaniyadan qa\u00e7\u0131\u015flar\"}]},{\"@type\":\"WebSite\",\"@id\":\"https:\\\/\\\/www.meydan.tv\\\/az\\\/#website\",\"url\":\"https:\\\/\\\/www.meydan.tv\\\/az\\\/\",\"name\":\"MEYDAN.TV\",\"description\":\"Meydan TV Az\u0259rbaycan\u0131n media m\u0259kan\u0131ndak\u0131 alternativ s\u0259sidir\",\"publisher\":{\"@id\":\"https:\\\/\\\/www.meydan.tv\\\/az\\\/#organization\"},\"potentialAction\":[{\"@type\":\"SearchAction\",\"target\":{\"@type\":\"EntryPoint\",\"urlTemplate\":\"https:\\\/\\\/www.meydan.tv\\\/az\\\/?s={search_term_string}\"},\"query-input\":{\"@type\":\"PropertyValueSpecification\",\"valueRequired\":true,\"valueName\":\"search_term_string\"}}],\"inLanguage\":\"az\"},{\"@type\":\"Organization\",\"@id\":\"https:\\\/\\\/www.meydan.tv\\\/az\\\/#organization\",\"name\":\"Meydan TV\",\"url\":\"https:\\\/\\\/www.meydan.tv\\\/az\\\/\",\"logo\":{\"@type\":\"ImageObject\",\"inLanguage\":\"az\",\"@id\":\"https:\\\/\\\/www.meydan.tv\\\/az\\\/#\\\/schema\\\/logo\\\/image\\\/\",\"url\":\"https:\\\/\\\/www.meydan.tv\\\/wp-content\\\/uploads\\\/2021\\\/07\\\/meydan-logo.svg\",\"contentUrl\":\"https:\\\/\\\/www.meydan.tv\\\/wp-content\\\/uploads\\\/2021\\\/07\\\/meydan-logo.svg\",\"width\":195,\"height\":46,\"caption\":\"Meydan TV\"},\"image\":{\"@id\":\"https:\\\/\\\/www.meydan.tv\\\/az\\\/#\\\/schema\\\/logo\\\/image\\\/\"}},{\"@type\":\"Person\",\"@id\":\"https:\\\/\\\/www.meydan.tv\\\/az\\\/#\\\/schema\\\/person\\\/10d11eccf6da3662cf5fdab9806ea91a\",\"name\":\"user-manager\"}]}<\/script>\n<!-- \/ Yoast SEO plugin. -->","yoast_head_json":{"title":"\u015e\u0259rqi Almaniyadan qa\u00e7\u0131\u015flar - MEYDAN.TV","robots":{"index":"index","follow":"follow","max-snippet":"max-snippet:-1","max-image-preview":"max-image-preview:large","max-video-preview":"max-video-preview:-1"},"canonical":"https:\/\/www.meydan.tv\/az\/article\/serqi-almaniyadan-qacislar\/","og_locale":"az_AZ","og_type":"article","og_title":"\u015e\u0259rqi Almaniyadan qa\u00e7\u0131\u015flar - MEYDAN.TV","og_description":"Avqust ay\u0131nda yazd\u0131\u011f\u0131m m\u0259qal\u0259d\u0259 Berlin divar\u0131n\u0131n in\u015fa edilm\u0259si s\u0259b\u0259bl\u0259rin\u0259 toxunmu\u015fdum","og_url":"https:\/\/www.meydan.tv\/az\/article\/serqi-almaniyadan-qacislar\/","og_site_name":"MEYDAN.TV","article_published_time":"2018-10-08T16:46:26+00:00","og_image":[{"width":1500,"height":1000,"url":"https:\/\/www.meydan.tv\/wp-content\/uploads\/44041.jpg","type":"image\/jpeg"}],"author":"user-manager","twitter_card":"summary_large_image","schema":{"@context":"https:\/\/schema.org","@graph":[{"@type":"Article","@id":"https:\/\/www.meydan.tv\/az\/article\/serqi-almaniyadan-qacislar\/#article","isPartOf":{"@id":"https:\/\/www.meydan.tv\/az\/article\/serqi-almaniyadan-qacislar\/"},"author":{"name":"user-manager","@id":"https:\/\/www.meydan.tv\/az\/#\/schema\/person\/10d11eccf6da3662cf5fdab9806ea91a"},"headline":"\u015e\u0259rqi Almaniyadan qa\u00e7\u0131\u015flar","datePublished":"2018-10-08T16:46:26+00:00","mainEntityOfPage":{"@id":"https:\/\/www.meydan.tv\/az\/article\/serqi-almaniyadan-qacislar\/"},"wordCount":2987,"publisher":{"@id":"https:\/\/www.meydan.tv\/az\/#organization"},"image":{"@id":"https:\/\/www.meydan.tv\/az\/article\/serqi-almaniyadan-qacislar\/#primaryimage"},"thumbnailUrl":"https:\/\/www.meydan.tv\/wp-content\/uploads\/44041.jpg","articleSection":["Analitika"],"inLanguage":"az"},{"@type":"WebPage","@id":"https:\/\/www.meydan.tv\/az\/article\/serqi-almaniyadan-qacislar\/","url":"https:\/\/www.meydan.tv\/az\/article\/serqi-almaniyadan-qacislar\/","name":"\u015e\u0259rqi Almaniyadan qa\u00e7\u0131\u015flar - MEYDAN.TV","isPartOf":{"@id":"https:\/\/www.meydan.tv\/az\/#website"},"primaryImageOfPage":{"@id":"https:\/\/www.meydan.tv\/az\/article\/serqi-almaniyadan-qacislar\/#primaryimage"},"image":{"@id":"https:\/\/www.meydan.tv\/az\/article\/serqi-almaniyadan-qacislar\/#primaryimage"},"thumbnailUrl":"https:\/\/www.meydan.tv\/wp-content\/uploads\/44041.jpg","datePublished":"2018-10-08T16:46:26+00:00","breadcrumb":{"@id":"https:\/\/www.meydan.tv\/az\/article\/serqi-almaniyadan-qacislar\/#breadcrumb"},"inLanguage":"az","potentialAction":[{"@type":"ReadAction","target":["https:\/\/www.meydan.tv\/az\/article\/serqi-almaniyadan-qacislar\/"]}]},{"@type":"ImageObject","inLanguage":"az","@id":"https:\/\/www.meydan.tv\/az\/article\/serqi-almaniyadan-qacislar\/#primaryimage","url":"https:\/\/www.meydan.tv\/wp-content\/uploads\/44041.jpg","contentUrl":"https:\/\/www.meydan.tv\/wp-content\/uploads\/44041.jpg","width":1500,"height":1000,"caption":"Source:"},{"@type":"BreadcrumbList","@id":"https:\/\/www.meydan.tv\/az\/article\/serqi-almaniyadan-qacislar\/#breadcrumb","itemListElement":[{"@type":"ListItem","position":1,"name":"Ana s\u0259hif\u0259","item":"https:\/\/www.meydan.tv\/az\/"},{"@type":"ListItem","position":2,"name":"Analitika","item":"https:\/\/www.meydan.tv\/az\/section\/analitika\/"},{"@type":"ListItem","position":3,"name":"\u015e\u0259rqi Almaniyadan qa\u00e7\u0131\u015flar"}]},{"@type":"WebSite","@id":"https:\/\/www.meydan.tv\/az\/#website","url":"https:\/\/www.meydan.tv\/az\/","name":"MEYDAN.TV","description":"Meydan TV Az\u0259rbaycan\u0131n media m\u0259kan\u0131ndak\u0131 alternativ s\u0259sidir","publisher":{"@id":"https:\/\/www.meydan.tv\/az\/#organization"},"potentialAction":[{"@type":"SearchAction","target":{"@type":"EntryPoint","urlTemplate":"https:\/\/www.meydan.tv\/az\/?s={search_term_string}"},"query-input":{"@type":"PropertyValueSpecification","valueRequired":true,"valueName":"search_term_string"}}],"inLanguage":"az"},{"@type":"Organization","@id":"https:\/\/www.meydan.tv\/az\/#organization","name":"Meydan TV","url":"https:\/\/www.meydan.tv\/az\/","logo":{"@type":"ImageObject","inLanguage":"az","@id":"https:\/\/www.meydan.tv\/az\/#\/schema\/logo\/image\/","url":"https:\/\/www.meydan.tv\/wp-content\/uploads\/2021\/07\/meydan-logo.svg","contentUrl":"https:\/\/www.meydan.tv\/wp-content\/uploads\/2021\/07\/meydan-logo.svg","width":195,"height":46,"caption":"Meydan TV"},"image":{"@id":"https:\/\/www.meydan.tv\/az\/#\/schema\/logo\/image\/"}},{"@type":"Person","@id":"https:\/\/www.meydan.tv\/az\/#\/schema\/person\/10d11eccf6da3662cf5fdab9806ea91a","name":"user-manager"}]}},"_links":{"self":[{"href":"https:\/\/www.meydan.tv\/az\/wp-json\/wp\/v2\/posts\/192007","targetHints":{"allow":["GET"]}}],"collection":[{"href":"https:\/\/www.meydan.tv\/az\/wp-json\/wp\/v2\/posts"}],"about":[{"href":"https:\/\/www.meydan.tv\/az\/wp-json\/wp\/v2\/types\/post"}],"author":[{"embeddable":true,"href":"https:\/\/www.meydan.tv\/az\/wp-json\/wp\/v2\/users\/11"}],"replies":[{"embeddable":true,"href":"https:\/\/www.meydan.tv\/az\/wp-json\/wp\/v2\/comments?post=192007"}],"version-history":[{"count":0,"href":"https:\/\/www.meydan.tv\/az\/wp-json\/wp\/v2\/posts\/192007\/revisions"}],"wp:featuredmedia":[{"embeddable":true,"href":"https:\/\/www.meydan.tv\/az\/wp-json\/wp\/v2\/media\/110672"}],"wp:attachment":[{"href":"https:\/\/www.meydan.tv\/az\/wp-json\/wp\/v2\/media?parent=192007"}],"wp:term":[{"taxonomy":"category","embeddable":true,"href":"https:\/\/www.meydan.tv\/az\/wp-json\/wp\/v2\/categories?post=192007"},{"taxonomy":"post_tag","embeddable":true,"href":"https:\/\/www.meydan.tv\/az\/wp-json\/wp\/v2\/tags?post=192007"}],"curies":[{"name":"wp","href":"https:\/\/api.w.org\/{rel}","templated":true}]}}