{"id":192004,"date":"2018-10-08T16:14:32","date_gmt":"2018-10-08T16:14:32","guid":{"rendered":"https:\/\/www.meydan.tv\/article\/kurdemirde-yeddi-kendi-bir-isiq-xetti-birlesdirir\/"},"modified":"2018-10-08T16:14:32","modified_gmt":"2018-10-08T16:14:32","slug":"kurdemirde-yeddi-kendi-bir-isiq-xetti-birlesdirir","status":"publish","type":"post","link":"https:\/\/www.meydan.tv\/az\/article\/kurdemirde-yeddi-kendi-bir-isiq-xetti-birlesdirir\/","title":{"rendered":"K\u00fcrd\u0259mird\u0259: Yeddi k\u0259ndi bir i\u015f\u0131q x\u0259tti birl\u0259\u015fdirir"},"content":{"rendered":"<figure class=\"wp-block-image size-large\">\n  <img decoding=\"async\" src=\"https:\/\/www.meydan.tv\/az\/110738\/\" alt=\"\" class=\"wp-image-110738\"\/><figcaption><\/figcaption><\/figure>\n<p>\n  <i><br \/>\n    \u201cVaxtil\u0259 \u00f6z hesab\u0131m\u0131za ald\u0131\u011f\u0131m\u0131z ay\u0131r\u0131c\u0131lar\u0131 &#8220;Az\u0259ri\u015f\u0131q&#8221; t\u0259mir ad\u0131 il\u0259 y\u0131\u011f\u0131b apard\u0131, qaytarmad\u0131\u201d<br \/>\n  <\/i>\n<\/p>\n<p>\n  &#8220;K\u00fcrd\u0259mirin yeddi k\u0259ndini bir i\u015f\u0131q x\u0259tti birl\u0259\u015fdirir. K\u0259ndl\u0259rin i\u015f\u0131q x\u0259tl\u0259ri aras\u0131nda ay\u0131r\u0131c\u0131 yoxdur. Sovet d\u00f6vr\u00fcnd\u0259 bu k\u0259ndl\u0259ri 28 Aprel Kolxozu birl\u0259\u015fdirirdi. El\u0259 ondand\u0131r ki, x\u0259ttin ad\u0131 da 28-dir. Bu yeddi k\u0259ndin minl\u0259rl\u0259 evi var. H\u0259min evl\u0259rin birind\u0259 x\u0131rda elektrik problemi yaranan kimi yeddi k\u0259ndin ham\u0131s\u0131n\u0131n i\u015f\u0131\u011f\u0131 k\u0259silir. Saatlarla i\u015f\u0131qs\u0131z qal\u0131r\u0131q&#8221;, &#8211; K\u00fcrd\u0259mirin \u015e\u00fc\u015f\u00fcn k\u0259ndinin sakini Baha Mikay\u0131lov bel\u0259 deyir.\n<\/p>\n<figure class=\"wp-block-image size-large\">\n  <img decoding=\"async\" src=\"https:\/\/www.meydan.tv\/az\/baha-mikayilov\/\" alt=\"Baha Mikay\u0131lov\" class=\"wp-image-110666\"\/><figcaption>\n    Baha Mikay\u0131lov<br \/>\n  <\/figcaption><\/figure>\n<blockquote><p>\n  B\u0259z\u0259n olur ki, sutkada 5-6 saat i\u015f\u0131q yanm\u0131r\n<\/p><\/blockquote>\n<p>\n  Baha Mikay\u0131lov bildirir ki, pe\u015fmand\u0131 birinin &#8220;Az\u0259ri\u015f\u0131q&#8221;a borcu yarana. G\u0259lib i\u015f\u0131\u011f\u0131n\u0131 k\u0259sirl\u0259r. \u00d6d\u0259ni\u015f ed\u0259nd\u0259n sonra i\u015f\u0131\u011f\u0131 ba\u011flamaq laz\u0131m g\u0259l\u0259nd\u0259 is\u0259 yeddi k\u0259ndin ham\u0131s\u0131n\u0131n i\u015f\u0131\u011f\u0131 s\u00f6nd\u00fcr\u00fcl\u00fcr:\n<\/p>\n<p>\n  &#8220;K\u0259nd yeridir, insanlar\u0131n sosial durumu ham\u0131ya b\u0259llidir. \u0130ndi d\u00fc\u015f\u00fcn\u00fcn, g\u00f6r\u00fcn n\u0259 q\u0259d\u0259r adam\u0131n i\u015f\u0131\u011f\u0131 pul \u00f6d\u0259y\u0259 bilm\u0259diyin\u0259 g\u00f6r\u0259 k\u0259silir. Adamlar gedib, toyuq-c\u00fcc\u0259d\u0259n, meyv\u0259d\u0259n sat\u0131b borclar\u0131n\u0131 \u00f6d\u0259yirl\u0259r. N\u0259tic\u0259d\u0259, i\u015f\u0131q x\u0259tti birl\u0259\u015fdiril\u0259nd\u0259 biz qal\u0131r\u0131q z\u00fclm\u0259td\u0259. Bel\u0259 olmaz ax\u0131. D\u00fc\u015f\u00fcn\u00fcn, g\u00fcn \u0259rzind\u0259 n\u0259 q\u0259d\u0259r insan\u0131n i\u015f\u0131\u011f\u0131 k\u0259silir, n\u0259 q\u0259d\u0259r insan\u0131n i\u015f\u0131\u011f\u0131n\u0131 birl\u0259\u015fdirirl\u0259r. \u0130ndi 7 k\u0259ndin \u0259halisinin ham\u0131s\u0131 i\u015f\u0131qs\u0131z qalmal\u0131d\u0131r? Sovet d\u00f6vr\u00fcnd\u0259n qurulan sistemdir, m\u0259nc\u0259, buna art\u0131q bir \u0259ncam \u00e7\u0259kilm\u0259lidir. Az qala h\u0259r g\u00fcn 5-6 saat i\u015f\u0131qs\u0131z qal\u0131r\u0131q&#8221;.\n<\/p>\n<blockquote><p>\n  K\u0259ndil\u0259rin \u00f6z pullar\u0131na ald\u0131qlar\u0131 ay\u0131r\u0131c\u0131lar\u0131 apar\u0131blar\n<\/p><\/blockquote>\n<p>\n  Sakinl\u0259rd\u0259n Aqil M\u0259mm\u0259dov is\u0259 deyir ki, bu, h\u0259m d\u0259 sakinl\u0259rin cibin\u0259 ziyand\u0131r. \u0130\u015f\u0131q h\u0259r d\u0259qiq\u0259 s\u00f6n\u00fcb-yan\u0131r. N\u0259tic\u0259d\u0259, elektrik avadanl\u0131qlar\u0131 da s\u0131radan \u00e7\u0131x\u0131r:\n<\/p>\n<p>\n  &#8220;Kas\u0131b adam\u0131q, g\u00fccl\u0259, kreditl\u0259 televizor, soyuducu alm\u0131\u015f\u0131q. B\u00fct\u00fcn g\u00fcn\u00fc qalm\u0131\u015f\u0131q ustalarda. Biab\u0131r\u00e7\u0131l\u0131qd\u0131r, qar\u015f\u0131s\u0131n\u0131 da alm\u0131rlar. Vaxtil\u0259 v\u0259t\u0259nda\u015flar toplan\u0131b cibl\u0259rinin pulu il\u0259 ay\u0131r\u0131c\u0131lar alm\u0131\u015fd\u0131lar. &#8220;Az\u0259ri\u015f\u0131q&#8221; h\u0259min ay\u0131r\u0131c\u0131lar\u0131 t\u0259mir ad\u0131 il\u0259 g\u00f6t\u00fcr\u00fcb, qaytarmay\u0131b. H\u0259min ay\u0131r\u0131c\u0131lar k\u0259ndin giri\u015find\u0259ki transformatorda idi. H\u00f6kum\u0259t buna bir \u00e7ar\u0259 d\u00fc\u015f\u00fcnm\u0259lidir. He\u00e7 olmasa, h\u0259r k\u0259ndin ayr\u0131ca x\u0259tti olsa, o zaman hans\u0131 k\u0259ndd\u0259 problem varsa, h\u0259min k\u0259ndin i\u015f\u0131\u011f\u0131 k\u0259sil\u0259r. N\u0259tic\u0259d\u0259 yen\u0259 i\u015f\u0131q k\u0259sil\u0259c\u0259k, amma bu, g\u00fcnd\u0259 yox, he\u00e7 olmasa, h\u0259ft\u0259d\u0259 bir d\u0259f\u0259 olacaq. Biri var, yeddi, biri d\u0259 var bir k\u0259nd&#8221;.\n<\/p>\n<figure class=\"wp-block-image size-large\">\n  <img decoding=\"async\" src=\"https:\/\/www.meydan.tv\/az\/110723\/\" alt=\"\" class=\"wp-image-110723\"\/><figcaption><\/figcaption><\/figure>\n<blockquote><p>\n  Bilmirik, problemimizi kim\u0259 dey\u0259k, n\u0259 ed\u0259k\n<\/p><\/blockquote>\n<p>\n  Sakinl\u0259r bildirirl\u0259r ki, k\u0259ndl\u0259r\u0259 ged\u0259n mavi yanacaqla ba\u011fl\u0131 durum da ox\u015fard\u0131r. Bir x\u0259td\u0259n paylan\u0131r, n\u0259tic\u0259d\u0259, bir evd\u0259 olan problem\u0259 g\u00f6r\u0259 bir ne\u00e7\u0259 k\u0259ndin qaz\u0131 k\u0259silir:\n<\/p>\n<p>\n  &#8220;Yen\u0259 yayda yola verm\u0259k olur. Qar\u015f\u0131dan q\u0131\u015f g\u0259lir, biz n\u0259 ed\u0259c\u0259yik? H\u0259r x\u0131rda problem\u0259 g\u00f6r\u0259 bu q\u0259d\u0259r k\u0259ndin qaz\u0131, i\u015f\u0131\u011f\u0131 k\u0259silir. D\u0259f\u0259l\u0259rl\u0259 &#8220;Az\u0259ri\u015f\u0131q&#8221;a, &#8220;Az\u0259riqaz&#8221;a m\u00fcraci\u0259t etmi\u015fik. Deyirl\u0259r, yerli qurumlar\u0131n h\u0259min ay\u0131r\u0131c\u0131lar\u0131 alma\u011fa, ayr\u0131ca x\u0259tt \u00e7\u0259km\u0259y\u0259 imkan\u0131 yoxdur. Onlar\u0131n imkan\u0131 olmayan \u015feyi k\u0259nd camaat\u0131 y\u0131\u011f\u0131\u015f\u0131b ed\u0259 bilm\u0259z. Ham\u0131m\u0131z kas\u0131b adamlar\u0131q. Bilmirik, problemimizi kim\u0259 dey\u0259k, n\u0259 ed\u0259k&#8221;.\n<\/p>\n<blockquote><p>\n  7 k\u0259nd \u00fc\u00e7\u00fcn bir elektrik m\u00fch\u0259ndisi var\n<\/p><\/blockquote>\n<p>\n  Aqil M\u0259mm\u0259dov deyir ki, elektrik t\u0259chizat\u0131nda olan problem rayonun Sovla, K\u00f6h\u00fcnl\u00fc, \u015e\u00fc\u015f\u00fcn, Qaramahmudlu, \u018fr\u0259bxana, Mollak\u0259nd, C\u0259rtiy\u0259z k\u0259ndl\u0259rinin \u0259halisin\u0259 h\u0259r g\u00fcn \u0259ziyy\u0259t ya\u015fad\u0131r:\n<\/p>\n<p>\n  &#8220;H\u0259r k\u0259ndin i\u015f\u0131q x\u0259ttind\u0259 transformatorlarda ay\u0131r\u0131c\u0131 olmal\u0131d\u0131r ki, hadis\u0259 ba\u015f ver\u0259n vaxt i\u015f\u0131q verilm\u0259si dayand\u0131r\u0131ls\u0131n. K\u00fcrd\u0259mir rayonunun m\u0259rk\u0259zind\u0259 \u00c7\u0259rtiy\u0259z k\u0259ndin\u0259 35 minlik x\u0259tt paylan\u0131r. Bu x\u0259tl\u0259 \u0259traf rayonlar daxil olmaqla, 30 k\u0259nd\u0259 elektrik enerjisi verilir. H\u0259r k\u0259nd \u00fc\u00e7\u00fcn K\u00fcrd\u0259mir Elektrik \u015e\u0259b\u0259k\u0259si 3-4-5 (\u0259halinin say\u0131na g\u00f6r\u0259) transfarmator qura\u015fd\u0131r\u0131b. Lakin ay\u0131r\u0131c\u0131 olmad\u0131\u011f\u0131ndan q\u0259za ba\u015f ver\u0259n vaxt elektrik enerjisini m\u0259rk\u0259zd\u0259n bird\u0259f\u0259lik k\u0259sirl\u0259r. Bunun b\u0259rpa edilm\u0259si 4-5 saat \u00e7\u0259kir. Vaxtil\u0259 h\u0259r k\u0259ndd\u0259 ayr\u0131ca elektrik m\u00fch\u0259ndisi olurdu. \u0130ndi is\u0259 \u201cAz\u0259ri\u015f\u0131q\u201d 7 k\u0259ndd\u0259 c\u0259mi bir elektrik m\u00fch\u0259ndisi t\u0259yin edib. N\u0259tic\u0259d\u0259, v\u0259ziyy\u0259timiz lap da a\u011f\u0131rla\u015f\u0131b. O adam g\u0259lib \u00e7\u0131xanad\u0259k, i\u015f\u0131qs\u0131z qal\u0131r\u0131q&#8221;.\n<\/p>\n<p><img \/><\/p>\n<blockquote><p>\n  Enerji problemi t\u0259s\u0259rr\u00fcfata da t\u0259sir edir\n<\/p><\/blockquote>\n<p>\n  K\u0259ndlil\u0259r deyirl\u0259r ki, vaxtil\u0259 \u00f6z v\u0259saitl\u0259ri hesab\u0131na ald\u0131qlar\u0131 ay\u0131r\u0131c\u0131lar\u0131 is\u0259 &#8220;Az\u0259ri\u015f\u0131q&#8221; t\u0259mir ad\u0131 il\u0259 y\u0131\u011f\u0131b. \u0130ll\u0259rdir b\u0259rpa edib, yerin\u0259 qo\u015fmur:\n<\/p>\n<p>\n  &#8220;N\u0259tic\u0259d\u0259, K\u00fcrd\u0259mirin 7 K\u00fcrq\u0131ra\u011f\u0131 k\u0259ndi problem ya\u015fay\u0131r. T\u0259s\u0259rr\u00fcfat\u0131m\u0131zda da problem ya\u015fan\u0131r. Mal-qaraya, \u0259kin-bi\u00e7in\u0259 suyu K\u00fcrd\u0259n \u00e7\u0259kirik. \u00c7ay k\u0259ndl\u0259rd\u0259n \u00e7ox a\u015fa\u011f\u0131 ax\u0131r. K\u00fcr\u00fcn suyu is\u0259 \u0259haliy\u0259 elektrikl\u0259 paylan\u0131r. 7 k\u0259ndin b\u00fct\u00fcn \u0259halisi yaranm\u0131\u015f problemd\u0259n \u0259ziyy\u0259t \u00e7\u0259kir. D\u0259f\u0259l\u0259rl\u0259 aidiyyat\u0131 qurumlara m\u00fcraci\u0259t etmi\u015fik, problemi h\u0259ll etm\u0259k ist\u0259mirl\u0259r. H\u0259tta \u015fikay\u0259t ed\u0259nl\u0259r\u0259 h\u0259d\u0259-qorxu g\u0259lirl\u0259r&#8221;.\n<\/p>\n<blockquote><p>\n  Elektrik k\u0259sintisi sakinl\u0259rin dediyi kimi h\u0259r g\u00fcn ba\u015f vermir\n<\/p><\/blockquote>\n<p>\n  Meydan TV m\u0259s\u0259l\u0259y\u0259 m\u00fcnasib\u0259t \u00f6yr\u0259nm\u0259k \u00fc\u00e7\u00fcn &#8220;Az\u0259ri\u015f\u0131q&#8221; ASC-nin K\u00fcrd\u0259mir rayon Elektrik \u015e\u0259b\u0259k\u0259si il\u0259 \u0259laq\u0259 saxlay\u0131b. \u0130dar\u0259nin enerji sat\u0131\u015f\u0131 m\u00fch\u0259ndisi \u015e\u0259raf\u0259t \u0130smay\u0131lov sakinl\u0259rin s\u00f6zl\u0259rini t\u0259sdiql\u0259yib:\n<\/p>\n<p>\n  &#8220;B\u0259li, do\u011frudur. Bir yerd\u0259 problem olanda 10 kilovatl\u0131q x\u0259tl\u0259rin ham\u0131s\u0131 s\u00f6nd\u00fcr\u00fcl\u00fcr. Ancaq m\u0259n bu sah\u0259nin m\u00fct\u0259x\u0259ssisi deyil\u0259m, m\u0259nc\u0259, ba\u015f m\u00fch\u0259ndisl\u0259 \u0259laq\u0259 saxlay\u0131n&#8221;.\n<\/p>\n<p>\n  &#8220;Az\u0259ri\u015f\u0131q&#8221; ASC-nin K\u00fcrd\u0259mir rayon Elektrik \u015e\u0259b\u0259k\u0259sinin ba\u015f m\u00fch\u0259ndisi \u0130xtiyar \u0130manov is\u0259 Meydan TV-y\u0259 bildirib ki, sakinl\u0259rin dediyi kimi elektrik enerjisinin verilm\u0259si h\u0259r g\u00fcn dayand\u0131r\u0131lm\u0131r:\n<\/p>\n<p>\n  &#8220;D\u00fczd\u00fcr, q\u0259za olanda \u00fcmumi x\u0259tt s\u00f6nd\u00fcr\u00fcl\u00fcr. Ancaq bu, sakinl\u0259rin dediyi kimi h\u0259r g\u00fcn ba\u015f vermir. Ayda bir d\u0259f\u0259 ola, ya olmaya. Daha d\u0259qiq des\u0259k, bel\u0259 hal x\u0259tl\u0259rd\u0259 t\u0259mir zaman\u0131, ayda bir-iki d\u0259f\u0259 yaran\u0131r&#8221;.<\/p>\n","protected":false},"excerpt":{"rendered":"<p>\u201cVaxtil\u0259 \u00f6z hesab\u0131m\u0131za ald\u0131\u011f\u0131m\u0131z ay\u0131r\u0131c\u0131lar\u0131 &#8220;Az\u0259ri\u015f\u0131q&#8221; t\u0259mir ad\u0131 il\u0259 y\u0131\u011f\u0131b apard\u0131, qaytarmad\u0131\u201d<\/p>\n","protected":false},"author":11,"featured_media":110738,"comment_status":"closed","ping_status":"open","sticky":false,"template":"","format":"standard","meta":{"_acf_changed":false,"_sitemap_exclude":false,"_sitemap_priority":"","_sitemap_frequency":"","footnotes":""},"categories":[60],"tags":[],"class_list":["post-192004","post","type-post","status-publish","format-standard","has-post-thumbnail","hentry","category-bolge","infinite-scroll-item","generate-columns","tablet-grid-50","mobile-grid-100","grid-parent","grid-33","no-featured-image-padding"],"acf":[],"yoast_head":"<!-- This site is optimized with the Yoast SEO plugin v27.4 - https:\/\/yoast.com\/product\/yoast-seo-wordpress\/ -->\n<title>K\u00fcrd\u0259mird\u0259: Yeddi k\u0259ndi bir i\u015f\u0131q x\u0259tti birl\u0259\u015fdirir - MEYDAN.TV<\/title>\n<meta name=\"robots\" content=\"index, follow, max-snippet:-1, max-image-preview:large, max-video-preview:-1\" \/>\n<link rel=\"canonical\" href=\"https:\/\/www.meydan.tv\/az\/article\/kurdemirde-yeddi-kendi-bir-isiq-xetti-birlesdirir\/\" \/>\n<meta property=\"og:locale\" content=\"az_AZ\" \/>\n<meta property=\"og:type\" content=\"article\" \/>\n<meta property=\"og:title\" content=\"K\u00fcrd\u0259mird\u0259: Yeddi k\u0259ndi bir i\u015f\u0131q x\u0259tti birl\u0259\u015fdirir - MEYDAN.TV\" \/>\n<meta property=\"og:description\" content=\"\u201cVaxtil\u0259 \u00f6z hesab\u0131m\u0131za ald\u0131\u011f\u0131m\u0131z ay\u0131r\u0131c\u0131lar\u0131 &quot;Az\u0259ri\u015f\u0131q&quot; t\u0259mir ad\u0131 il\u0259 y\u0131\u011f\u0131b apard\u0131, qaytarmad\u0131\u201d\" \/>\n<meta property=\"og:url\" content=\"https:\/\/www.meydan.tv\/az\/article\/kurdemirde-yeddi-kendi-bir-isiq-xetti-birlesdirir\/\" \/>\n<meta property=\"og:site_name\" content=\"MEYDAN.TV\" \/>\n<meta property=\"article:published_time\" content=\"2018-10-08T16:14:32+00:00\" \/>\n<meta property=\"og:image\" content=\"https:\/\/www.meydan.tv\/wp-content\/uploads\/44033-1095x821.png\" \/>\n\t<meta property=\"og:image:width\" content=\"1095\" \/>\n\t<meta property=\"og:image:height\" content=\"821\" \/>\n\t<meta property=\"og:image:type\" content=\"image\/png\" \/>\n<meta name=\"author\" content=\"user-manager\" \/>\n<meta name=\"twitter:card\" content=\"summary_large_image\" \/>\n<script type=\"application\/ld+json\" class=\"yoast-schema-graph\">{\"@context\":\"https:\\\/\\\/schema.org\",\"@graph\":[{\"@type\":\"Article\",\"@id\":\"https:\\\/\\\/www.meydan.tv\\\/az\\\/article\\\/kurdemirde-yeddi-kendi-bir-isiq-xetti-birlesdirir\\\/#article\",\"isPartOf\":{\"@id\":\"https:\\\/\\\/www.meydan.tv\\\/az\\\/article\\\/kurdemirde-yeddi-kendi-bir-isiq-xetti-birlesdirir\\\/\"},\"author\":{\"name\":\"user-manager\",\"@id\":\"https:\\\/\\\/www.meydan.tv\\\/az\\\/#\\\/schema\\\/person\\\/10d11eccf6da3662cf5fdab9806ea91a\"},\"headline\":\"K\u00fcrd\u0259mird\u0259: Yeddi k\u0259ndi bir i\u015f\u0131q x\u0259tti birl\u0259\u015fdirir\",\"datePublished\":\"2018-10-08T16:14:32+00:00\",\"mainEntityOfPage\":{\"@id\":\"https:\\\/\\\/www.meydan.tv\\\/az\\\/article\\\/kurdemirde-yeddi-kendi-bir-isiq-xetti-birlesdirir\\\/\"},\"wordCount\":1233,\"publisher\":{\"@id\":\"https:\\\/\\\/www.meydan.tv\\\/az\\\/#organization\"},\"image\":{\"@id\":\"https:\\\/\\\/www.meydan.tv\\\/az\\\/article\\\/kurdemirde-yeddi-kendi-bir-isiq-xetti-birlesdirir\\\/#primaryimage\"},\"thumbnailUrl\":\"https:\\\/\\\/www.meydan.tv\\\/wp-content\\\/uploads\\\/44033.png\",\"articleSection\":[\"B\u00f6lg\u0259\"],\"inLanguage\":\"az\"},{\"@type\":\"WebPage\",\"@id\":\"https:\\\/\\\/www.meydan.tv\\\/az\\\/article\\\/kurdemirde-yeddi-kendi-bir-isiq-xetti-birlesdirir\\\/\",\"url\":\"https:\\\/\\\/www.meydan.tv\\\/az\\\/article\\\/kurdemirde-yeddi-kendi-bir-isiq-xetti-birlesdirir\\\/\",\"name\":\"K\u00fcrd\u0259mird\u0259: Yeddi k\u0259ndi bir i\u015f\u0131q x\u0259tti birl\u0259\u015fdirir - MEYDAN.TV\",\"isPartOf\":{\"@id\":\"https:\\\/\\\/www.meydan.tv\\\/az\\\/#website\"},\"primaryImageOfPage\":{\"@id\":\"https:\\\/\\\/www.meydan.tv\\\/az\\\/article\\\/kurdemirde-yeddi-kendi-bir-isiq-xetti-birlesdirir\\\/#primaryimage\"},\"image\":{\"@id\":\"https:\\\/\\\/www.meydan.tv\\\/az\\\/article\\\/kurdemirde-yeddi-kendi-bir-isiq-xetti-birlesdirir\\\/#primaryimage\"},\"thumbnailUrl\":\"https:\\\/\\\/www.meydan.tv\\\/wp-content\\\/uploads\\\/44033.png\",\"datePublished\":\"2018-10-08T16:14:32+00:00\",\"breadcrumb\":{\"@id\":\"https:\\\/\\\/www.meydan.tv\\\/az\\\/article\\\/kurdemirde-yeddi-kendi-bir-isiq-xetti-birlesdirir\\\/#breadcrumb\"},\"inLanguage\":\"az\",\"potentialAction\":[{\"@type\":\"ReadAction\",\"target\":[\"https:\\\/\\\/www.meydan.tv\\\/az\\\/article\\\/kurdemirde-yeddi-kendi-bir-isiq-xetti-birlesdirir\\\/\"]}]},{\"@type\":\"ImageObject\",\"inLanguage\":\"az\",\"@id\":\"https:\\\/\\\/www.meydan.tv\\\/az\\\/article\\\/kurdemirde-yeddi-kendi-bir-isiq-xetti-birlesdirir\\\/#primaryimage\",\"url\":\"https:\\\/\\\/www.meydan.tv\\\/wp-content\\\/uploads\\\/44033.png\",\"contentUrl\":\"https:\\\/\\\/www.meydan.tv\\\/wp-content\\\/uploads\\\/44033.png\",\"width\":2048,\"height\":1536,\"caption\":\"Source:\"},{\"@type\":\"BreadcrumbList\",\"@id\":\"https:\\\/\\\/www.meydan.tv\\\/az\\\/article\\\/kurdemirde-yeddi-kendi-bir-isiq-xetti-birlesdirir\\\/#breadcrumb\",\"itemListElement\":[{\"@type\":\"ListItem\",\"position\":1,\"name\":\"Ana s\u0259hif\u0259\",\"item\":\"https:\\\/\\\/www.meydan.tv\\\/az\\\/\"},{\"@type\":\"ListItem\",\"position\":2,\"name\":\"B\u00f6lg\u0259\",\"item\":\"https:\\\/\\\/www.meydan.tv\\\/az\\\/section\\\/bolge\\\/\"},{\"@type\":\"ListItem\",\"position\":3,\"name\":\"K\u00fcrd\u0259mird\u0259: Yeddi k\u0259ndi bir i\u015f\u0131q x\u0259tti birl\u0259\u015fdirir\"}]},{\"@type\":\"WebSite\",\"@id\":\"https:\\\/\\\/www.meydan.tv\\\/az\\\/#website\",\"url\":\"https:\\\/\\\/www.meydan.tv\\\/az\\\/\",\"name\":\"MEYDAN.TV\",\"description\":\"Meydan TV Az\u0259rbaycan\u0131n media m\u0259kan\u0131ndak\u0131 alternativ s\u0259sidir\",\"publisher\":{\"@id\":\"https:\\\/\\\/www.meydan.tv\\\/az\\\/#organization\"},\"potentialAction\":[{\"@type\":\"SearchAction\",\"target\":{\"@type\":\"EntryPoint\",\"urlTemplate\":\"https:\\\/\\\/www.meydan.tv\\\/az\\\/?s={search_term_string}\"},\"query-input\":{\"@type\":\"PropertyValueSpecification\",\"valueRequired\":true,\"valueName\":\"search_term_string\"}}],\"inLanguage\":\"az\"},{\"@type\":\"Organization\",\"@id\":\"https:\\\/\\\/www.meydan.tv\\\/az\\\/#organization\",\"name\":\"Meydan TV\",\"url\":\"https:\\\/\\\/www.meydan.tv\\\/az\\\/\",\"logo\":{\"@type\":\"ImageObject\",\"inLanguage\":\"az\",\"@id\":\"https:\\\/\\\/www.meydan.tv\\\/az\\\/#\\\/schema\\\/logo\\\/image\\\/\",\"url\":\"https:\\\/\\\/www.meydan.tv\\\/wp-content\\\/uploads\\\/2021\\\/07\\\/meydan-logo.svg\",\"contentUrl\":\"https:\\\/\\\/www.meydan.tv\\\/wp-content\\\/uploads\\\/2021\\\/07\\\/meydan-logo.svg\",\"width\":195,\"height\":46,\"caption\":\"Meydan TV\"},\"image\":{\"@id\":\"https:\\\/\\\/www.meydan.tv\\\/az\\\/#\\\/schema\\\/logo\\\/image\\\/\"}},{\"@type\":\"Person\",\"@id\":\"https:\\\/\\\/www.meydan.tv\\\/az\\\/#\\\/schema\\\/person\\\/10d11eccf6da3662cf5fdab9806ea91a\",\"name\":\"user-manager\"}]}<\/script>\n<!-- \/ Yoast SEO plugin. -->","yoast_head_json":{"title":"K\u00fcrd\u0259mird\u0259: Yeddi k\u0259ndi bir i\u015f\u0131q x\u0259tti birl\u0259\u015fdirir - MEYDAN.TV","robots":{"index":"index","follow":"follow","max-snippet":"max-snippet:-1","max-image-preview":"max-image-preview:large","max-video-preview":"max-video-preview:-1"},"canonical":"https:\/\/www.meydan.tv\/az\/article\/kurdemirde-yeddi-kendi-bir-isiq-xetti-birlesdirir\/","og_locale":"az_AZ","og_type":"article","og_title":"K\u00fcrd\u0259mird\u0259: Yeddi k\u0259ndi bir i\u015f\u0131q x\u0259tti birl\u0259\u015fdirir - MEYDAN.TV","og_description":"\u201cVaxtil\u0259 \u00f6z hesab\u0131m\u0131za ald\u0131\u011f\u0131m\u0131z ay\u0131r\u0131c\u0131lar\u0131 \"Az\u0259ri\u015f\u0131q\" t\u0259mir ad\u0131 il\u0259 y\u0131\u011f\u0131b apard\u0131, qaytarmad\u0131\u201d","og_url":"https:\/\/www.meydan.tv\/az\/article\/kurdemirde-yeddi-kendi-bir-isiq-xetti-birlesdirir\/","og_site_name":"MEYDAN.TV","article_published_time":"2018-10-08T16:14:32+00:00","og_image":[{"width":1095,"height":821,"url":"https:\/\/www.meydan.tv\/wp-content\/uploads\/44033-1095x821.png","type":"image\/png"}],"author":"user-manager","twitter_card":"summary_large_image","schema":{"@context":"https:\/\/schema.org","@graph":[{"@type":"Article","@id":"https:\/\/www.meydan.tv\/az\/article\/kurdemirde-yeddi-kendi-bir-isiq-xetti-birlesdirir\/#article","isPartOf":{"@id":"https:\/\/www.meydan.tv\/az\/article\/kurdemirde-yeddi-kendi-bir-isiq-xetti-birlesdirir\/"},"author":{"name":"user-manager","@id":"https:\/\/www.meydan.tv\/az\/#\/schema\/person\/10d11eccf6da3662cf5fdab9806ea91a"},"headline":"K\u00fcrd\u0259mird\u0259: Yeddi k\u0259ndi bir i\u015f\u0131q x\u0259tti birl\u0259\u015fdirir","datePublished":"2018-10-08T16:14:32+00:00","mainEntityOfPage":{"@id":"https:\/\/www.meydan.tv\/az\/article\/kurdemirde-yeddi-kendi-bir-isiq-xetti-birlesdirir\/"},"wordCount":1233,"publisher":{"@id":"https:\/\/www.meydan.tv\/az\/#organization"},"image":{"@id":"https:\/\/www.meydan.tv\/az\/article\/kurdemirde-yeddi-kendi-bir-isiq-xetti-birlesdirir\/#primaryimage"},"thumbnailUrl":"https:\/\/www.meydan.tv\/wp-content\/uploads\/44033.png","articleSection":["B\u00f6lg\u0259"],"inLanguage":"az"},{"@type":"WebPage","@id":"https:\/\/www.meydan.tv\/az\/article\/kurdemirde-yeddi-kendi-bir-isiq-xetti-birlesdirir\/","url":"https:\/\/www.meydan.tv\/az\/article\/kurdemirde-yeddi-kendi-bir-isiq-xetti-birlesdirir\/","name":"K\u00fcrd\u0259mird\u0259: Yeddi k\u0259ndi bir i\u015f\u0131q x\u0259tti birl\u0259\u015fdirir - MEYDAN.TV","isPartOf":{"@id":"https:\/\/www.meydan.tv\/az\/#website"},"primaryImageOfPage":{"@id":"https:\/\/www.meydan.tv\/az\/article\/kurdemirde-yeddi-kendi-bir-isiq-xetti-birlesdirir\/#primaryimage"},"image":{"@id":"https:\/\/www.meydan.tv\/az\/article\/kurdemirde-yeddi-kendi-bir-isiq-xetti-birlesdirir\/#primaryimage"},"thumbnailUrl":"https:\/\/www.meydan.tv\/wp-content\/uploads\/44033.png","datePublished":"2018-10-08T16:14:32+00:00","breadcrumb":{"@id":"https:\/\/www.meydan.tv\/az\/article\/kurdemirde-yeddi-kendi-bir-isiq-xetti-birlesdirir\/#breadcrumb"},"inLanguage":"az","potentialAction":[{"@type":"ReadAction","target":["https:\/\/www.meydan.tv\/az\/article\/kurdemirde-yeddi-kendi-bir-isiq-xetti-birlesdirir\/"]}]},{"@type":"ImageObject","inLanguage":"az","@id":"https:\/\/www.meydan.tv\/az\/article\/kurdemirde-yeddi-kendi-bir-isiq-xetti-birlesdirir\/#primaryimage","url":"https:\/\/www.meydan.tv\/wp-content\/uploads\/44033.png","contentUrl":"https:\/\/www.meydan.tv\/wp-content\/uploads\/44033.png","width":2048,"height":1536,"caption":"Source:"},{"@type":"BreadcrumbList","@id":"https:\/\/www.meydan.tv\/az\/article\/kurdemirde-yeddi-kendi-bir-isiq-xetti-birlesdirir\/#breadcrumb","itemListElement":[{"@type":"ListItem","position":1,"name":"Ana s\u0259hif\u0259","item":"https:\/\/www.meydan.tv\/az\/"},{"@type":"ListItem","position":2,"name":"B\u00f6lg\u0259","item":"https:\/\/www.meydan.tv\/az\/section\/bolge\/"},{"@type":"ListItem","position":3,"name":"K\u00fcrd\u0259mird\u0259: Yeddi k\u0259ndi bir i\u015f\u0131q x\u0259tti birl\u0259\u015fdirir"}]},{"@type":"WebSite","@id":"https:\/\/www.meydan.tv\/az\/#website","url":"https:\/\/www.meydan.tv\/az\/","name":"MEYDAN.TV","description":"Meydan TV Az\u0259rbaycan\u0131n media m\u0259kan\u0131ndak\u0131 alternativ s\u0259sidir","publisher":{"@id":"https:\/\/www.meydan.tv\/az\/#organization"},"potentialAction":[{"@type":"SearchAction","target":{"@type":"EntryPoint","urlTemplate":"https:\/\/www.meydan.tv\/az\/?s={search_term_string}"},"query-input":{"@type":"PropertyValueSpecification","valueRequired":true,"valueName":"search_term_string"}}],"inLanguage":"az"},{"@type":"Organization","@id":"https:\/\/www.meydan.tv\/az\/#organization","name":"Meydan TV","url":"https:\/\/www.meydan.tv\/az\/","logo":{"@type":"ImageObject","inLanguage":"az","@id":"https:\/\/www.meydan.tv\/az\/#\/schema\/logo\/image\/","url":"https:\/\/www.meydan.tv\/wp-content\/uploads\/2021\/07\/meydan-logo.svg","contentUrl":"https:\/\/www.meydan.tv\/wp-content\/uploads\/2021\/07\/meydan-logo.svg","width":195,"height":46,"caption":"Meydan TV"},"image":{"@id":"https:\/\/www.meydan.tv\/az\/#\/schema\/logo\/image\/"}},{"@type":"Person","@id":"https:\/\/www.meydan.tv\/az\/#\/schema\/person\/10d11eccf6da3662cf5fdab9806ea91a","name":"user-manager"}]}},"_links":{"self":[{"href":"https:\/\/www.meydan.tv\/az\/wp-json\/wp\/v2\/posts\/192004","targetHints":{"allow":["GET"]}}],"collection":[{"href":"https:\/\/www.meydan.tv\/az\/wp-json\/wp\/v2\/posts"}],"about":[{"href":"https:\/\/www.meydan.tv\/az\/wp-json\/wp\/v2\/types\/post"}],"author":[{"embeddable":true,"href":"https:\/\/www.meydan.tv\/az\/wp-json\/wp\/v2\/users\/11"}],"replies":[{"embeddable":true,"href":"https:\/\/www.meydan.tv\/az\/wp-json\/wp\/v2\/comments?post=192004"}],"version-history":[{"count":0,"href":"https:\/\/www.meydan.tv\/az\/wp-json\/wp\/v2\/posts\/192004\/revisions"}],"wp:featuredmedia":[{"embeddable":true,"href":"https:\/\/www.meydan.tv\/az\/wp-json\/wp\/v2\/media\/110738"}],"wp:attachment":[{"href":"https:\/\/www.meydan.tv\/az\/wp-json\/wp\/v2\/media?parent=192004"}],"wp:term":[{"taxonomy":"category","embeddable":true,"href":"https:\/\/www.meydan.tv\/az\/wp-json\/wp\/v2\/categories?post=192004"},{"taxonomy":"post_tag","embeddable":true,"href":"https:\/\/www.meydan.tv\/az\/wp-json\/wp\/v2\/tags?post=192004"}],"curies":[{"name":"wp","href":"https:\/\/api.w.org\/{rel}","templated":true}]}}