{"id":191963,"date":"2018-10-04T17:28:31","date_gmt":"2018-10-04T17:28:31","guid":{"rendered":"https:\/\/www.meydan.tv\/article\/ovladliq-olan-sexsler-valideynlerini-nece-tapa-biler\/"},"modified":"2018-10-04T17:28:31","modified_gmt":"2018-10-04T17:28:31","slug":"ovladliq-olan-sexsler-valideynlerini-nece-tapa-biler","status":"publish","type":"post","link":"https:\/\/www.meydan.tv\/az\/article\/ovladliq-olan-sexsler-valideynlerini-nece-tapa-biler\/","title":{"rendered":"\u00d6vladl\u0131q olan \u015f\u0259xsl\u0259r valideynl\u0259rini nec\u0259 tapa bil\u0259r?"},"content":{"rendered":"<figure class=\"wp-block-image size-large\">\n  <img decoding=\"async\" src=\"https:\/\/www.meydan.tv\/az\/taleh-veliyev\/\" alt=\"Taleh V\u0259liyev\" class=\"wp-image-110591\"\/><figcaption>\n    Taleh V\u0259liyev<br \/>\n  <\/figcaption><\/figure>\n<p>\n  <i><br \/>\n    Taleh V\u0259liyev: \u201cXo\u015fq\u0259d\u0259m Bax\u015f\u0259liyeva ax\u0131rda da m\u0259n\u0259 dedi ki, bu, m\u00fcmk\u00fcn olan i\u015f deyil, ba\u015f qo\u015fma\u201d<br \/>\n  <\/i>\n<\/p>\n<p>\n  &#8220;\u00d6vladl\u0131\u011fa g\u00f6t\u00fcr\u00fcld\u00fcy\u00fcm\u00fc \u00e7ox erk\u0259n ya\u015flar\u0131mda \u00f6yr\u0259ndim. T\u0259xmin\u0259n 13 ya\u015f\u0131m olard\u0131, m\u0259h\u0259ll\u0259d\u0259 h\u0259mya\u015f\u0131d\u0131mla oynayanda, s\u00f6z\u00fcm\u00fcz \u00e7\u0259pl\u0259\u015fdi, dala\u015fd\u0131q. M\u0259n\u0259 dedi ki, s\u0259nin atan-anan yoxdur, yetims\u0259n. Bir Allah bilir ki, h\u0259min vaxt n\u0259l\u0259r \u00e7\u0259kdim. B\u0259lk\u0259 d\u0259 m\u0259n evd\u0259 t\u0259k u\u015faq olmasayd\u0131m, d\u0259rdd\u0259n h\u0259bsxanalarda \u00e7\u00fcr\u00fcy\u0259rdim&#8221;.\n<\/p>\n<p>\n  Bunu Meydan TV-y\u0259 A\u011fdam rayonu, Quzanl\u0131 q\u0259s\u0259b\u0259 sakini Taleh V\u0259liyev deyir. Uzun ill\u0259rd\u0259n sonra o, bioloji valideynl\u0259rinin axtar\u0131\u015f\u0131na \u00e7\u0131x\u0131b:\n<\/p>\n<p>\n  &#8220;M\u0259n V\u0259liyev Taleh \u015eamil o\u011flu 1966-c\u0131 ild\u0259 do\u011fulmu\u015fam. 13 ya\u015f\u0131mda bilmi\u015f\u0259m ki, V\u0259liyev \u015eamil Astan o\u011flu il\u0259 V\u0259liyeva Mehpar\u0259 \u015e\u0259mil q\u0131z\u0131 m\u0259ni \u00f6vladl\u0131\u011fa g\u00f6t\u00fcr\u00fcbl\u0259r. Onu da deyim ki, m\u0259ni b\u00f6y\u00fcd\u00fcb, boya-ba\u015fa \u00e7atd\u0131ran valideynl\u0259rimd\u0259n \u00e7ox raz\u0131yam, sa\u011f olsunlar. Lakin son ill\u0259rd\u0259 daxilimd\u0259 \u0259sl valideynl\u0259rimin kim oldu\u011funu bilm\u0259k ist\u0259yi yaran\u0131b. M\u0259n onlardan n\u0259s\u0259 t\u0259l\u0259b etm\u0259k, ya da irad bildirm\u0259k ist\u0259mir\u0259m. Sad\u0259c\u0259, bioloji valideynl\u0259rimin kim oldu\u011funu, Az\u0259rbaycan\u0131n hans\u0131 b\u00f6lg\u0259sind\u0259 do\u011fuldu\u011fumu bilm\u0259k m\u0259n\u0259 kifay\u0259t ed\u0259r. B\u0259lk\u0259 m\u0259n erm\u0259niy\u0259m? D\u00fc\u015f\u00fcn\u00fcr\u0259m ki, kimliyimi, ail\u0259mi bilm\u0259k haqq\u0131md\u0131r&#8221;.\n<\/p>\n<p>\n  Taleh V\u0259liyevin s\u00f6zl\u0259rin\u0259 g\u00f6r\u0259, h\u0259l\u0259 40 g\u00fcnl\u00fck olark\u0259n Bak\u0131 \u015f\u0259h\u0259ri N\u0259simi rayonu 1 sayl\u0131 K\u00f6rp\u0259l\u0259r Evind\u0259n \u00f6vladl\u0131\u011fa verilib:\n<\/p>\n<p>\n  &#8220;M\u0259ni \u00f6vladl\u0131\u011fa g\u00f6t\u00fcr\u00fcb valideynl\u0259rim\u0259 ver\u0259n k\u0259nd\u00e7imiz Tofiq m\u00fc\u0259llimdir. O, bir d\u0259f\u0259 m\u0259n\u0259 dedi ki, s\u0259nin taleyini m\u0259nd\u0259n yax\u015f\u0131 he\u00e7 kim bil\u0259 bilm\u0259z. O da ya\u015fl\u0131 adamd\u0131r dey\u0259 zorla dan\u0131\u015fd\u0131rmaq ist\u0259mir\u0259m. Tofiq m\u00fc\u0259llim yaln\u0131z onu s\u00f6yl\u0259di ki, L\u0259nk\u0259ran b\u00f6lg\u0259sind\u0259n\u0259m. Ad\u0131m ya Nazimdir, ya da Nizami, soyad\u0131m is\u0259 Hac\u0131yev olub&#8221;.\n<\/p>\n<figure class=\"wp-block-image size-large\">\n  <img decoding=\"async\" src=\"https:\/\/www.meydan.tv\/az\/110594\/\" alt=\"\" class=\"wp-image-110594\"\/><figcaption><\/figcaption><\/figure>\n<p>\n  T.V\u0259liyev deyir ki, Xo\u015fq\u0259d\u0259m Bax\u015f\u0259liyevaya m\u00fcraci\u0259t edib, &#8220;S\u0259ni axtar\u0131ram&#8221; verili\u015fin\u0259 \u00e7\u0131x\u0131b:\n<\/p>\n<p>\n  &#8220;Xo\u015fq\u0259d\u0259m Bax\u015f\u0259liyevan\u0131n yan\u0131nda oldum. D\u00fcz ilyar\u0131m m\u0259ni s\u00fcr\u00fcnd\u00fcrd\u00fc. Bel\u0259 ki, prod\u00fcsseri z\u0259ng edib, m\u0259ni k\u0259ndd\u0259n Bak\u0131ya \u00e7a\u011f\u0131rd\u0131. Yan\u0131na sal\u0131b, Milli Arxiv \u0130dar\u0259sin\u0259 apard\u0131. 1966-c\u0131 il t\u0259v\u0259ll\u00fcdl\u00fc oldu\u011fum halda, durub 1969-cu il arxivin\u0259 baxd\u0131. M\u0259nim o arxivd\u0259 n\u0259 i\u015fim var? Xo\u015fq\u0259d\u0259m Bax\u015f\u0259liyeva ax\u0131rda da m\u0259n\u0259 dedi ki, bu, m\u00fcmk\u00fcn olan i\u015f deyil, ba\u015f qo\u015fma. T\u0259bii ki, anlay\u0131ram, bu, \u00e7\u0259tin i\u015fdir. Ot tayas\u0131n\u0131n i\u00e7ind\u0259 iyn\u0259 axtarma\u011fa b\u0259nz\u0259yir. Amma yen\u0259 d\u0259 t\u0259slim olmuram, valideynl\u0259rimi tapaca\u011f\u0131ma \u00fcmid edir\u0259m&#8221;.\n<\/p>\n<p>\n  &#8220;S\u0259ni axtar\u0131ram&#8221; verili\u015find\u0259n Meydan TV-y\u0259 bildirildi ki, Taleh V\u0259liyev adl\u0131 \u015f\u0259xs onlara m\u00fcraci\u0259t edib:\n<\/p>\n<p>\n  &#8220;Bu adam\u0131n arxiv materiallar\u0131n\u0131n k\u00f6t\u00fcy\u00fcn\u0259 q\u0259d\u0259r gedib, \u00e7\u0131xd\u0131q. Lakin m\u0259lum oldu ki, Taleh V\u0259liyev at\u0131lm\u0131\u015f u\u015faqd\u0131r. Bel\u0259 olan t\u0259qdird\u0259 onun bioloji valideynl\u0259rini tapmaq m\u00fcmk\u00fcn deyil&#8221;.<br \/>\n  <br \/>\n  Ail\u0259 h\u00fcququ \u00fczr\u0259 ekspert-h\u00fcquq\u015f\u00fcnas X\u0259tai Abbasov qanunvericiliyin bu sah\u0259d\u0259 t\u0259l\u0259bl\u0259rini Meydan TV-y\u0259 izah edir:\n<\/p>\n<p>\n  \u201cAil\u0259 M\u0259c\u0259ll\u0259sin\u0259 \u0259sas\u0259n, \u00f6vladl\u0131q m\u0259s\u0259l\u0259l\u0259ri m\u0259xfi saxlan\u0131l\u0131r. Valideyn himay\u0259sind\u0259n h\u0259r hans\u0131 formada m\u0259hrum olan u\u015faqlar\u0131n h\u00fcquq v\u0259 m\u0259nafel\u0259rinin m\u00fcdafi\u0259si, m\u00fcvafiq icra hakimiyy\u0259ti orqan\u0131 t\u0259r\u0259find\u0259n h\u0259yata ke\u00e7irilir. Valideyn himay\u0259sind\u0259n m\u0259hrum olan u\u015faqlar\u0131n onlar\u0131n saxland\u0131\u011f\u0131 m\u00fc\u0259ssis\u0259 t\u0259r\u0259find\u0259n \u00f6vladl\u0131\u011fa verilm\u0259si qaydas\u0131 qanunvericilikl\u0259 t\u0259nziml\u0259nir. Bu prosedur da olduqca m\u00fcr\u0259kk\u0259bdir v\u0259 bilavasit\u0259 d\u00f6vl\u0259t n\u0259zar\u0259ti il\u0259 h\u0259yata ke\u00e7irilir. \u0130lkin m\u0259rh\u0259l\u0259d\u0259 valideyn himay\u0259sind\u0259n m\u0259hrum olan u\u015faqlar yerli icra hakimiyy\u0259ti orqan\u0131n\u0131n yan\u0131nda f\u0259aliyy\u0259t g\u00f6st\u0259r\u0259n m\u00fcvafiq aidiyy\u0259ti Komissiya t\u0259r\u0259find\u0259n a\u015fkarlan\u0131r, bel\u0259 u\u015faqlar\u0131n qeydiyyat\u0131 (u\u00e7otu) apar\u0131l\u0131r. N\u00f6vb\u0259ti m\u0259rh\u0259l\u0259d\u0259 h\u0259min u\u015faqlar bar\u0259d\u0259 m\u0259lumatlar \u00fcmumi u\u00e7otun apar\u0131lmas\u0131 \u00fc\u00e7\u00fcn yuxar\u0131 icra orqan\u0131na \u2013 konkret olaraq T\u0259hsil Nazirliyin\u0259 g\u00f6nd\u0259rilir. Nazirlik t\u0259r\u0259find\u0259n h\u0259min u\u015faqlar\u0131n yerl\u0259\u015fdirilm\u0259 formalar\u0131 se\u00e7ilir. Nazirlik eyni zamanda, bel\u0259 u\u015faqlar\u0131n saxlanmas\u0131, t\u0259rbiy\u0259si v\u0259 t\u0259hsilin\u0259 n\u0259zar\u0259ti d\u0259 h\u0259yata ke\u00e7irir. Bu sah\u0259y\u0259 n\u0259zar\u0259t ed\u0259n qurumlardan biri d\u0259 Ail\u0259, Qad\u0131n v\u0259 U\u015faq Probleml\u0259ri \u00fczr\u0259 D\u00f6vl\u0259t Komit\u0259sidir.\n<\/p>\n<p>\n  O ki qald\u0131 bioloji valideynl\u0259rin kimliyini \u00f6yr\u0259nm\u0259y\u0259, bu, olduqca q\u0259liz m\u0259s\u0259l\u0259dir. K\u00f6rp\u0259 u\u015faq evin\u0259 veril\u0259rs\u0259, bu zaman valideynl\u0259rd\u0259n imtina ka\u011f\u0131z\u0131 al\u0131n\u0131r. H\u0259r hans\u0131 u\u015faq \u00f6vladl\u0131\u011fa veril\u0259nd\u0259, bu proses m\u0259hk\u0259m\u0259 q\u0259tnam\u0259sil\u0259 h\u0259yata ke\u00e7irilir, y\u0259ni ana-atan\u0131n raz\u0131l\u0131\u011f\u0131 il\u0259 h\u0259ll olunur. Bu yolla \u00f6vladl\u0131\u011fa veril\u0259n adam\u0131n bioloji valideynl\u0259rini tapmaq ehtimal\u0131 az da olsa, m\u00fcmk\u00fcnd\u00fcr. Y\u0259ni h\u0259min \u015f\u0259xs ad-soyad v\u0259 atas\u0131n\u0131n ad\u0131n\u0131, do\u011fuldu\u011fu yeri bilirs\u0259, g\u00f6t\u00fcr\u00fcld\u00fcy\u00fc k\u00f6rp\u0259l\u0259r evin\u0259 sor\u011fu il\u0259 m\u00fcraci\u0259t ed\u0259 bil\u0259r. Amma bir daha t\u0259krar edir\u0259m ki, bu kimi hallar qanunvericiliy\u0259 \u0259sas\u0259n, m\u0259xfi saxlan\u0131l\u0131r. Y\u0259ni bu i\u015fd\u0259 konkret prosedur yoxdur, n\u0259tic\u0259 d\u0259 m\u0259lum deyil. Valideynl\u0259r k\u00f6n\u00fcll\u00fc \u00f6vladlar\u0131n\u0131 u\u015faq evin\u0259 veribl\u0259rs\u0259, onlar\u0131n m\u0259xfiliyi qorunur. K\u00f6rp\u0259l\u0259r evinin bel\u0259 bir s\u0259lahiyy\u0259ti yoxdur ki, sabah hans\u0131sa u\u015faq bir ail\u0259y\u0259 \u00f6vladl\u0131\u011fa veril\u0259nd\u0259, onunla ba\u011fl\u0131 m\u0259lumat versin. At\u0131lm\u0131\u015f, daha sonra is\u0259 m\u00fcvafiq qaydada k\u00f6rp\u0259l\u0259r evin\u0259 yerl\u0259\u015fdiril\u0259n v\u0259 \u00f6vladl\u0131\u011fa g\u00f6t\u00fcr\u00fcl\u0259nl\u0259rin bioloji valideynl\u0259rinin tap\u0131lmas\u0131, \u00fcmumiyy\u0259tl\u0259, m\u00fcmk\u00fcn deyil&#8221;.\n<\/p><\/p>\n","protected":false},"excerpt":{"rendered":"<p>Taleh V\u0259liyev: \u201cXo\u015fq\u0259d\u0259m Bax\u015f\u0259liyeva ax\u0131rda da m\u0259n\u0259 dedi ki, bu, m\u00fcmk\u00fcn olan i\u015f deyil, ba\u015f qo\u015fma\u201d<\/p>\n","protected":false},"author":11,"featured_media":110591,"comment_status":"closed","ping_status":"open","sticky":false,"template":"","format":"standard","meta":{"_acf_changed":false,"_sitemap_exclude":false,"_sitemap_priority":"","_sitemap_frequency":"","footnotes":""},"categories":[60],"tags":[],"class_list":["post-191963","post","type-post","status-publish","format-standard","has-post-thumbnail","hentry","category-bolge","infinite-scroll-item","generate-columns","tablet-grid-50","mobile-grid-100","grid-parent","grid-33","no-featured-image-padding"],"acf":[],"yoast_head":"<!-- This site is optimized with the Yoast SEO plugin v27.4 - https:\/\/yoast.com\/product\/yoast-seo-wordpress\/ -->\n<title>\u00d6vladl\u0131q olan \u015f\u0259xsl\u0259r valideynl\u0259rini nec\u0259 tapa bil\u0259r? - MEYDAN.TV<\/title>\n<meta name=\"robots\" content=\"index, follow, max-snippet:-1, max-image-preview:large, max-video-preview:-1\" \/>\n<link rel=\"canonical\" href=\"https:\/\/www.meydan.tv\/az\/article\/ovladliq-olan-sexsler-valideynlerini-nece-tapa-biler\/\" \/>\n<meta property=\"og:locale\" content=\"az_AZ\" \/>\n<meta property=\"og:type\" content=\"article\" \/>\n<meta property=\"og:title\" content=\"\u00d6vladl\u0131q olan \u015f\u0259xsl\u0259r valideynl\u0259rini nec\u0259 tapa bil\u0259r? - MEYDAN.TV\" \/>\n<meta property=\"og:description\" content=\"Taleh V\u0259liyev: \u201cXo\u015fq\u0259d\u0259m Bax\u015f\u0259liyeva ax\u0131rda da m\u0259n\u0259 dedi ki, bu, m\u00fcmk\u00fcn olan i\u015f deyil, ba\u015f qo\u015fma\u201d\" \/>\n<meta property=\"og:url\" content=\"https:\/\/www.meydan.tv\/az\/article\/ovladliq-olan-sexsler-valideynlerini-nece-tapa-biler\/\" \/>\n<meta property=\"og:site_name\" content=\"MEYDAN.TV\" \/>\n<meta property=\"article:published_time\" content=\"2018-10-04T17:28:31+00:00\" \/>\n<meta property=\"og:image\" content=\"https:\/\/www.meydan.tv\/wp-content\/uploads\/44003.jpg\" \/>\n\t<meta property=\"og:image:width\" content=\"960\" \/>\n\t<meta property=\"og:image:height\" content=\"720\" \/>\n\t<meta property=\"og:image:type\" content=\"image\/jpeg\" \/>\n<meta name=\"author\" content=\"user-manager\" \/>\n<meta name=\"twitter:card\" content=\"summary_large_image\" \/>\n<script type=\"application\/ld+json\" class=\"yoast-schema-graph\">{\"@context\":\"https:\\\/\\\/schema.org\",\"@graph\":[{\"@type\":\"Article\",\"@id\":\"https:\\\/\\\/www.meydan.tv\\\/az\\\/article\\\/ovladliq-olan-sexsler-valideynlerini-nece-tapa-biler\\\/#article\",\"isPartOf\":{\"@id\":\"https:\\\/\\\/www.meydan.tv\\\/az\\\/article\\\/ovladliq-olan-sexsler-valideynlerini-nece-tapa-biler\\\/\"},\"author\":{\"name\":\"user-manager\",\"@id\":\"https:\\\/\\\/www.meydan.tv\\\/az\\\/#\\\/schema\\\/person\\\/10d11eccf6da3662cf5fdab9806ea91a\"},\"headline\":\"\u00d6vladl\u0131q olan \u015f\u0259xsl\u0259r valideynl\u0259rini nec\u0259 tapa bil\u0259r?\",\"datePublished\":\"2018-10-04T17:28:31+00:00\",\"mainEntityOfPage\":{\"@id\":\"https:\\\/\\\/www.meydan.tv\\\/az\\\/article\\\/ovladliq-olan-sexsler-valideynlerini-nece-tapa-biler\\\/\"},\"wordCount\":1130,\"publisher\":{\"@id\":\"https:\\\/\\\/www.meydan.tv\\\/az\\\/#organization\"},\"image\":{\"@id\":\"https:\\\/\\\/www.meydan.tv\\\/az\\\/article\\\/ovladliq-olan-sexsler-valideynlerini-nece-tapa-biler\\\/#primaryimage\"},\"thumbnailUrl\":\"https:\\\/\\\/www.meydan.tv\\\/wp-content\\\/uploads\\\/44003.jpg\",\"articleSection\":[\"B\u00f6lg\u0259\"],\"inLanguage\":\"az\"},{\"@type\":\"WebPage\",\"@id\":\"https:\\\/\\\/www.meydan.tv\\\/az\\\/article\\\/ovladliq-olan-sexsler-valideynlerini-nece-tapa-biler\\\/\",\"url\":\"https:\\\/\\\/www.meydan.tv\\\/az\\\/article\\\/ovladliq-olan-sexsler-valideynlerini-nece-tapa-biler\\\/\",\"name\":\"\u00d6vladl\u0131q olan \u015f\u0259xsl\u0259r valideynl\u0259rini nec\u0259 tapa bil\u0259r? - MEYDAN.TV\",\"isPartOf\":{\"@id\":\"https:\\\/\\\/www.meydan.tv\\\/az\\\/#website\"},\"primaryImageOfPage\":{\"@id\":\"https:\\\/\\\/www.meydan.tv\\\/az\\\/article\\\/ovladliq-olan-sexsler-valideynlerini-nece-tapa-biler\\\/#primaryimage\"},\"image\":{\"@id\":\"https:\\\/\\\/www.meydan.tv\\\/az\\\/article\\\/ovladliq-olan-sexsler-valideynlerini-nece-tapa-biler\\\/#primaryimage\"},\"thumbnailUrl\":\"https:\\\/\\\/www.meydan.tv\\\/wp-content\\\/uploads\\\/44003.jpg\",\"datePublished\":\"2018-10-04T17:28:31+00:00\",\"breadcrumb\":{\"@id\":\"https:\\\/\\\/www.meydan.tv\\\/az\\\/article\\\/ovladliq-olan-sexsler-valideynlerini-nece-tapa-biler\\\/#breadcrumb\"},\"inLanguage\":\"az\",\"potentialAction\":[{\"@type\":\"ReadAction\",\"target\":[\"https:\\\/\\\/www.meydan.tv\\\/az\\\/article\\\/ovladliq-olan-sexsler-valideynlerini-nece-tapa-biler\\\/\"]}]},{\"@type\":\"ImageObject\",\"inLanguage\":\"az\",\"@id\":\"https:\\\/\\\/www.meydan.tv\\\/az\\\/article\\\/ovladliq-olan-sexsler-valideynlerini-nece-tapa-biler\\\/#primaryimage\",\"url\":\"https:\\\/\\\/www.meydan.tv\\\/wp-content\\\/uploads\\\/44003.jpg\",\"contentUrl\":\"https:\\\/\\\/www.meydan.tv\\\/wp-content\\\/uploads\\\/44003.jpg\",\"width\":960,\"height\":720,\"caption\":\"Source:\"},{\"@type\":\"BreadcrumbList\",\"@id\":\"https:\\\/\\\/www.meydan.tv\\\/az\\\/article\\\/ovladliq-olan-sexsler-valideynlerini-nece-tapa-biler\\\/#breadcrumb\",\"itemListElement\":[{\"@type\":\"ListItem\",\"position\":1,\"name\":\"Ana s\u0259hif\u0259\",\"item\":\"https:\\\/\\\/www.meydan.tv\\\/az\\\/\"},{\"@type\":\"ListItem\",\"position\":2,\"name\":\"B\u00f6lg\u0259\",\"item\":\"https:\\\/\\\/www.meydan.tv\\\/az\\\/section\\\/bolge\\\/\"},{\"@type\":\"ListItem\",\"position\":3,\"name\":\"\u00d6vladl\u0131q olan \u015f\u0259xsl\u0259r valideynl\u0259rini nec\u0259 tapa bil\u0259r?\"}]},{\"@type\":\"WebSite\",\"@id\":\"https:\\\/\\\/www.meydan.tv\\\/az\\\/#website\",\"url\":\"https:\\\/\\\/www.meydan.tv\\\/az\\\/\",\"name\":\"MEYDAN.TV\",\"description\":\"Meydan TV Az\u0259rbaycan\u0131n media m\u0259kan\u0131ndak\u0131 alternativ s\u0259sidir\",\"publisher\":{\"@id\":\"https:\\\/\\\/www.meydan.tv\\\/az\\\/#organization\"},\"potentialAction\":[{\"@type\":\"SearchAction\",\"target\":{\"@type\":\"EntryPoint\",\"urlTemplate\":\"https:\\\/\\\/www.meydan.tv\\\/az\\\/?s={search_term_string}\"},\"query-input\":{\"@type\":\"PropertyValueSpecification\",\"valueRequired\":true,\"valueName\":\"search_term_string\"}}],\"inLanguage\":\"az\"},{\"@type\":\"Organization\",\"@id\":\"https:\\\/\\\/www.meydan.tv\\\/az\\\/#organization\",\"name\":\"Meydan TV\",\"url\":\"https:\\\/\\\/www.meydan.tv\\\/az\\\/\",\"logo\":{\"@type\":\"ImageObject\",\"inLanguage\":\"az\",\"@id\":\"https:\\\/\\\/www.meydan.tv\\\/az\\\/#\\\/schema\\\/logo\\\/image\\\/\",\"url\":\"https:\\\/\\\/www.meydan.tv\\\/wp-content\\\/uploads\\\/2021\\\/07\\\/meydan-logo.svg\",\"contentUrl\":\"https:\\\/\\\/www.meydan.tv\\\/wp-content\\\/uploads\\\/2021\\\/07\\\/meydan-logo.svg\",\"width\":195,\"height\":46,\"caption\":\"Meydan TV\"},\"image\":{\"@id\":\"https:\\\/\\\/www.meydan.tv\\\/az\\\/#\\\/schema\\\/logo\\\/image\\\/\"}},{\"@type\":\"Person\",\"@id\":\"https:\\\/\\\/www.meydan.tv\\\/az\\\/#\\\/schema\\\/person\\\/10d11eccf6da3662cf5fdab9806ea91a\",\"name\":\"user-manager\"}]}<\/script>\n<!-- \/ Yoast SEO plugin. -->","yoast_head_json":{"title":"\u00d6vladl\u0131q olan \u015f\u0259xsl\u0259r valideynl\u0259rini nec\u0259 tapa bil\u0259r? - MEYDAN.TV","robots":{"index":"index","follow":"follow","max-snippet":"max-snippet:-1","max-image-preview":"max-image-preview:large","max-video-preview":"max-video-preview:-1"},"canonical":"https:\/\/www.meydan.tv\/az\/article\/ovladliq-olan-sexsler-valideynlerini-nece-tapa-biler\/","og_locale":"az_AZ","og_type":"article","og_title":"\u00d6vladl\u0131q olan \u015f\u0259xsl\u0259r valideynl\u0259rini nec\u0259 tapa bil\u0259r? - MEYDAN.TV","og_description":"Taleh V\u0259liyev: \u201cXo\u015fq\u0259d\u0259m Bax\u015f\u0259liyeva ax\u0131rda da m\u0259n\u0259 dedi ki, bu, m\u00fcmk\u00fcn olan i\u015f deyil, ba\u015f qo\u015fma\u201d","og_url":"https:\/\/www.meydan.tv\/az\/article\/ovladliq-olan-sexsler-valideynlerini-nece-tapa-biler\/","og_site_name":"MEYDAN.TV","article_published_time":"2018-10-04T17:28:31+00:00","og_image":[{"width":960,"height":720,"url":"https:\/\/www.meydan.tv\/wp-content\/uploads\/44003.jpg","type":"image\/jpeg"}],"author":"user-manager","twitter_card":"summary_large_image","schema":{"@context":"https:\/\/schema.org","@graph":[{"@type":"Article","@id":"https:\/\/www.meydan.tv\/az\/article\/ovladliq-olan-sexsler-valideynlerini-nece-tapa-biler\/#article","isPartOf":{"@id":"https:\/\/www.meydan.tv\/az\/article\/ovladliq-olan-sexsler-valideynlerini-nece-tapa-biler\/"},"author":{"name":"user-manager","@id":"https:\/\/www.meydan.tv\/az\/#\/schema\/person\/10d11eccf6da3662cf5fdab9806ea91a"},"headline":"\u00d6vladl\u0131q olan \u015f\u0259xsl\u0259r valideynl\u0259rini nec\u0259 tapa bil\u0259r?","datePublished":"2018-10-04T17:28:31+00:00","mainEntityOfPage":{"@id":"https:\/\/www.meydan.tv\/az\/article\/ovladliq-olan-sexsler-valideynlerini-nece-tapa-biler\/"},"wordCount":1130,"publisher":{"@id":"https:\/\/www.meydan.tv\/az\/#organization"},"image":{"@id":"https:\/\/www.meydan.tv\/az\/article\/ovladliq-olan-sexsler-valideynlerini-nece-tapa-biler\/#primaryimage"},"thumbnailUrl":"https:\/\/www.meydan.tv\/wp-content\/uploads\/44003.jpg","articleSection":["B\u00f6lg\u0259"],"inLanguage":"az"},{"@type":"WebPage","@id":"https:\/\/www.meydan.tv\/az\/article\/ovladliq-olan-sexsler-valideynlerini-nece-tapa-biler\/","url":"https:\/\/www.meydan.tv\/az\/article\/ovladliq-olan-sexsler-valideynlerini-nece-tapa-biler\/","name":"\u00d6vladl\u0131q olan \u015f\u0259xsl\u0259r valideynl\u0259rini nec\u0259 tapa bil\u0259r? - MEYDAN.TV","isPartOf":{"@id":"https:\/\/www.meydan.tv\/az\/#website"},"primaryImageOfPage":{"@id":"https:\/\/www.meydan.tv\/az\/article\/ovladliq-olan-sexsler-valideynlerini-nece-tapa-biler\/#primaryimage"},"image":{"@id":"https:\/\/www.meydan.tv\/az\/article\/ovladliq-olan-sexsler-valideynlerini-nece-tapa-biler\/#primaryimage"},"thumbnailUrl":"https:\/\/www.meydan.tv\/wp-content\/uploads\/44003.jpg","datePublished":"2018-10-04T17:28:31+00:00","breadcrumb":{"@id":"https:\/\/www.meydan.tv\/az\/article\/ovladliq-olan-sexsler-valideynlerini-nece-tapa-biler\/#breadcrumb"},"inLanguage":"az","potentialAction":[{"@type":"ReadAction","target":["https:\/\/www.meydan.tv\/az\/article\/ovladliq-olan-sexsler-valideynlerini-nece-tapa-biler\/"]}]},{"@type":"ImageObject","inLanguage":"az","@id":"https:\/\/www.meydan.tv\/az\/article\/ovladliq-olan-sexsler-valideynlerini-nece-tapa-biler\/#primaryimage","url":"https:\/\/www.meydan.tv\/wp-content\/uploads\/44003.jpg","contentUrl":"https:\/\/www.meydan.tv\/wp-content\/uploads\/44003.jpg","width":960,"height":720,"caption":"Source:"},{"@type":"BreadcrumbList","@id":"https:\/\/www.meydan.tv\/az\/article\/ovladliq-olan-sexsler-valideynlerini-nece-tapa-biler\/#breadcrumb","itemListElement":[{"@type":"ListItem","position":1,"name":"Ana s\u0259hif\u0259","item":"https:\/\/www.meydan.tv\/az\/"},{"@type":"ListItem","position":2,"name":"B\u00f6lg\u0259","item":"https:\/\/www.meydan.tv\/az\/section\/bolge\/"},{"@type":"ListItem","position":3,"name":"\u00d6vladl\u0131q olan \u015f\u0259xsl\u0259r valideynl\u0259rini nec\u0259 tapa bil\u0259r?"}]},{"@type":"WebSite","@id":"https:\/\/www.meydan.tv\/az\/#website","url":"https:\/\/www.meydan.tv\/az\/","name":"MEYDAN.TV","description":"Meydan TV Az\u0259rbaycan\u0131n media m\u0259kan\u0131ndak\u0131 alternativ s\u0259sidir","publisher":{"@id":"https:\/\/www.meydan.tv\/az\/#organization"},"potentialAction":[{"@type":"SearchAction","target":{"@type":"EntryPoint","urlTemplate":"https:\/\/www.meydan.tv\/az\/?s={search_term_string}"},"query-input":{"@type":"PropertyValueSpecification","valueRequired":true,"valueName":"search_term_string"}}],"inLanguage":"az"},{"@type":"Organization","@id":"https:\/\/www.meydan.tv\/az\/#organization","name":"Meydan TV","url":"https:\/\/www.meydan.tv\/az\/","logo":{"@type":"ImageObject","inLanguage":"az","@id":"https:\/\/www.meydan.tv\/az\/#\/schema\/logo\/image\/","url":"https:\/\/www.meydan.tv\/wp-content\/uploads\/2021\/07\/meydan-logo.svg","contentUrl":"https:\/\/www.meydan.tv\/wp-content\/uploads\/2021\/07\/meydan-logo.svg","width":195,"height":46,"caption":"Meydan TV"},"image":{"@id":"https:\/\/www.meydan.tv\/az\/#\/schema\/logo\/image\/"}},{"@type":"Person","@id":"https:\/\/www.meydan.tv\/az\/#\/schema\/person\/10d11eccf6da3662cf5fdab9806ea91a","name":"user-manager"}]}},"_links":{"self":[{"href":"https:\/\/www.meydan.tv\/az\/wp-json\/wp\/v2\/posts\/191963","targetHints":{"allow":["GET"]}}],"collection":[{"href":"https:\/\/www.meydan.tv\/az\/wp-json\/wp\/v2\/posts"}],"about":[{"href":"https:\/\/www.meydan.tv\/az\/wp-json\/wp\/v2\/types\/post"}],"author":[{"embeddable":true,"href":"https:\/\/www.meydan.tv\/az\/wp-json\/wp\/v2\/users\/11"}],"replies":[{"embeddable":true,"href":"https:\/\/www.meydan.tv\/az\/wp-json\/wp\/v2\/comments?post=191963"}],"version-history":[{"count":0,"href":"https:\/\/www.meydan.tv\/az\/wp-json\/wp\/v2\/posts\/191963\/revisions"}],"wp:featuredmedia":[{"embeddable":true,"href":"https:\/\/www.meydan.tv\/az\/wp-json\/wp\/v2\/media\/110591"}],"wp:attachment":[{"href":"https:\/\/www.meydan.tv\/az\/wp-json\/wp\/v2\/media?parent=191963"}],"wp:term":[{"taxonomy":"category","embeddable":true,"href":"https:\/\/www.meydan.tv\/az\/wp-json\/wp\/v2\/categories?post=191963"},{"taxonomy":"post_tag","embeddable":true,"href":"https:\/\/www.meydan.tv\/az\/wp-json\/wp\/v2\/tags?post=191963"}],"curies":[{"name":"wp","href":"https:\/\/api.w.org\/{rel}","templated":true}]}}