{"id":191953,"date":"2018-10-03T19:19:27","date_gmt":"2018-10-03T19:19:27","guid":{"rendered":"https:\/\/www.meydan.tv\/article\/qarabag-qazisi-qamisdan-duzeldilmis-tovlede-yasayir\/"},"modified":"2018-10-03T19:19:27","modified_gmt":"2018-10-03T19:19:27","slug":"qarabag-qazisi-qamisdan-duzeldilmis-tovlede-yasayir","status":"publish","type":"post","link":"https:\/\/www.meydan.tv\/az\/article\/qarabag-qazisi-qamisdan-duzeldilmis-tovlede-yasayir\/","title":{"rendered":"Qaraba\u011f qazisi qam\u0131\u015fdan d\u00fcz\u0259ldilmi\u015f t\u00f6vl\u0259d\u0259 ya\u015fay\u0131r"},"content":{"rendered":"<figure class=\"wp-block-image size-large\">\n  <img decoding=\"async\" src=\"https:\/\/www.meydan.tv\/az\/110516\/\" alt=\"\" class=\"wp-image-110516\"\/><figcaption><\/figcaption><\/figure>\n<p>\n  <i><br \/>\n    \u201cYa\u011f\u0131\u015fda-qarda su bas\u0131r, yayda istid\u0259n n\u0259f\u0259s k\u0259sir\u201d<br \/>\n  <\/i><\/p>\n<p>  \u201c\u0130ki k\u00f6rp\u0259 il\u0259 t\u0259z\u0259kd\u0259n tikil\u0259n evd\u0259 ya\u015fay\u0131r\u0131q. K\u00fcl\u0259k evin i\u00e7in\u0259 \u0259sir, ya\u011f\u0131\u015f evin i\u00e7in\u0259 ya\u011f\u0131r. Q\u0131\u015f g\u0259lir dey\u0259, t\u0259qa\u00fcd\u00fcmd\u0259n ay\u0131r\u0131b sellofan ald\u0131m. \u00c7\u0259kdik evin \u00fcst\u00fcn\u0259. Sellofandan da dam olarm\u0131? Maksimum bir ay d\u00f6z\u0259r. Bunlar ham\u0131s\u0131 m\u00fcv\u0259qq\u0259ti \u015feyl\u0259rdir. M\u0259n\u0259, ail\u0259m\u0259 normal bir ev laz\u0131md\u0131r\u201d.\n<\/p>\n<blockquote><p>\n  9 ildir s\u0131ra m\u0259n\u0259 \u00e7atm\u0131r\n<\/p><\/blockquote>\n<p>\n  \u018fm\u0259k qabiliyy\u0259ti olmayan Ucar rayonunun Qaracall\u0131 k\u0259ndinin sakini, 2-ci qrup Qaraba\u011f m\u00fcharib\u0259si \u0259lili , 41 ya\u015fl\u0131 \u015e\u00f6hr\u0259t Qas\u0131mov bel\u0259 deyir. O, 2009-cu ild\u0259n bu yana ev n\u00f6vb\u0259sind\u0259 oldu\u011funu s\u00f6yl\u0259yir:\n<\/p>\n<p>\n  \u201cAz qala 10 il olur, ancaq evd\u0259n x\u0259b\u0259r yoxdur. 2009-cu ild\u0259 m\u00fcraci\u0259t etmi\u015fdim. 2011-ci ild\u0259 m\u0259lum oldu ki, s\u0259n\u0259dl\u0259rimi itiribl\u0259r. H\u0259min il yenid\u0259n n\u00f6vb\u0259y\u0259 yaz\u0131ld\u0131m. Dedil\u0259r, 2-ci adamsan. O g\u00fcn bu g\u00fcnd\u00fcr s\u0131ra m\u0259n\u0259 \u00e7atm\u0131r. Bir tan\u0131\u015fdan xahi\u015f etdik, maraqland\u0131. Ona is\u0259 dedil\u0259r ki, 2-ci deyil, 9-cu s\u0131radayam. 7 ildir 9-cuya \u00e7atmay\u0131b n\u00f6vb\u0259. Bilmirik, d\u0259rdimizi kim\u0259, hara dey\u0259k\u201d.\n<\/p>\n<figure class=\"wp-block-image size-large\">\n  <img decoding=\"async\" src=\"https:\/\/www.meydan.tv\/az\/110519\/\" alt=\"\" class=\"wp-image-110519\"\/><figcaption><\/figcaption><\/figure>\n<blockquote><p>\n  24 ildir bu g\u00fcn-sabah k\u00f6\u00e7\u0259c\u0259yik deyirik\n<\/p><\/blockquote>\n<p>\n  \u015e.Qas\u0131mov deyir ki, yar\u0131u\u00e7uq evind\u0259 2 u\u015fa\u011f\u0131 v\u0259 yolda\u015f\u0131 il\u0259 ya\u015fay\u0131r. Bel\u0259 v\u0259ziyy\u0259td\u0259 ya\u015famaq onun \u00fc\u00e7\u00fcn \u00e7\u0259tindir:\n<\/p>\n<p>\n  \u201cBir aya\u011f\u0131m yoxdur. \u0130ndi m\u0259n\u0259 normal \u015f\u0259rait, normal ev laz\u0131md\u0131r. Onu is\u0259 ver\u0259n yoxdur. M\u0259nd\u0259n \u00f6nc\u0259 n\u00f6vb\u0259d\u0259 duranlar\u0131n ham\u0131s\u0131 ev al\u0131b, birc\u0259 bizd\u0259n ba\u015fqa. 24 ildir burada ya\u015fay\u0131ram, bu g\u00fcn- sabah k\u00f6\u00e7\u0259c\u0259yik dey\u0259-dey\u0259 bir cavan\u0131n \u00f6mr\u00fc gedib\u201d.\n<\/p>\n<blockquote><p>\n  Hans\u0131 \u00f6lk\u0259nin m\u00fcharib\u0259 i\u015ftirak\u00e7\u0131s\u0131 bel\u0259 \u015f\u0259raitd\u0259 ya\u015fay\u0131r?\n<\/p><\/blockquote>\n<p>\n  Qaraba\u011f qazisi deyir ki, ill\u0259rdir aldad\u0131l\u0131r. O da ail\u0259sini bu g\u00fcn- sabah k\u00f6\u00e7\u0259c\u0259kl\u0259rin\u0259 \u00fcmidl\u0259ndirir:\n<\/p>\n<p>\n  \u201cBunun n\u0259 dem\u0259k oldu\u011funu anlay\u0131rs\u0131z? M\u0259n ail\u0259mi ill\u0259rdir \u00fcmidl\u0259 saxlay\u0131ram. N\u0259 vaxt g\u0259l\u0259c\u0259k o g\u00fcn? He\u00e7 kim bel\u0259 bir evd\u0259 ya\u015famaz. \u0130ti ba\u011flasan, durmaz. Amma m\u0259n ail\u0259ml\u0259 birg\u0259 ill\u0259rdir burada ya\u015fay\u0131ram. Hans\u0131 \u00f6lk\u0259nin m\u00fcharib\u0259 i\u015ftirak\u00e7\u0131s\u0131 bel\u0259 \u015f\u0259raitd\u0259 ya\u015fay\u0131r? B\u0259lk\u0259 d\u0259 m\u0259n\u0259 ev veril\u0259c\u0259k. Amma bir az tez etsinl\u0259r d\u0259, nolar. M\u0259nim \u00f6mr\u00fcm gedir ax\u0131\u201d.\n<\/p>\n<blockquote><p>\n  \u00d6lk\u0259d\u0259 ikinci bel\u0259 yaras\u0131z, \u015f\u0259raitsiz v\u0259 t\u0259kl\u00fck\u0259li ev yoxdur\n<\/p><\/blockquote>\n<p>\n  \u015e. Qas\u0131mov Qaraba\u011f d\u00f6y\u00fc\u015f\u00fcnd\u0259 a\u011f\u0131r yaralan\u0131b, sa\u011f aya\u011f\u0131n\u0131 itirib, 2-ci qrup \u0259lil olub. Deyir, Qaraba\u011f veteranlar\u0131n\u0131n v\u0259 \u015f\u0259hid ail\u0259l\u0259rinin sosial rifah\u0131n\u0131n yax\u015f\u0131la\u015fd\u0131r\u0131lmas\u0131 \u00fc\u00e7\u00fcn ill\u0259rdir d\u00f6vl\u0259t b\u00fcdc\u0259sind\u0259n v\u0259saitl\u0259r ayr\u0131l\u0131r, x\u0259rcl\u0259nir. H\u0259min ail\u0259l\u0259r m\u0259nzill\u0259rl\u0259, avtomobill\u0259, sosial m\u00fcavin\u0259tl\u0259 t\u0259min edilirl\u0259r:\n<\/p>\n<p>\n  \u201cB\u00fct\u00fcn bunlara baxmayaraq, bizim ail\u0259 ac\u0131nacaql\u0131 \u015f\u0259raitd\u0259 ya\u015fay\u0131r. Bu m\u0259nz\u0259r\u0259ni g\u00f6zl\u0259ri il\u0259 g\u00f6r\u0259n h\u0259r bir az\u0259rbaycanl\u0131 d\u0259h\u015f\u0259t\u0259 g\u0259l\u0259r. B\u0259lk\u0259 d\u0259 Az\u0259rbaycan Respublikas\u0131nda ikinci bel\u0259 yaras\u0131z, \u015f\u0259raitsiz v\u0259 t\u0259kl\u00fck\u0259li v\u0259ziyy\u0259td\u0259 olan ev yoxdur. Bizim ya\u015fad\u0131\u011f\u0131m\u0131z ev deyil, qam\u0131\u015fdan d\u00fcz\u0259ldilmi\u015f t\u00f6vl\u0259dir. Ya\u011f\u0131\u015fda-qarda su bas\u0131r, k\u00fcl\u0259kd\u0259 i\u015f\u0131\u011f\u0131m\u0131z k\u0259silir. Yayda is\u0259 istid\u0259n n\u0259f\u0259s k\u0259silir\u201d.\n<\/p>\n<figure class=\"wp-block-image size-large\">\n  <img decoding=\"async\" src=\"https:\/\/www.meydan.tv\/az\/110525\/\" alt=\"\" class=\"wp-image-110525\"\/><figcaption><\/figcaption><\/figure>\n<p>\n  <br \/>\n  \u201c\u0130st\u0259yir\u0259m u\u015faqlar\u0131m rahat ya\u015fas\u0131n\u201d<\/p>\n<p>  \u015e.Qas\u0131mov deyir ki, bu g\u00fcn i\u015fl\u0259yib ail\u0259sini doland\u0131ra bilmir. He\u00e7 olmasa evl\u0259ri olsa, onlar\u0131n qar\u015f\u0131s\u0131nda azca da olsa vicdan\u0131 rahatlayar:\n<\/p>\n<p>\n  \u201c\u0130st\u0259yir\u0259m u\u015faqlar\u0131m rahat ya\u015fas\u0131n. Rahat, \u015f\u0259raitli m\u0259nzild\u0259 d\u0259rsl\u0259rini oxuyub, c\u0259miyy\u0259timiz\u0259 layiqli v\u0259t\u0259nda\u015f kimi yeti\u015fsinl\u0259r. Yoxsa Qaraba\u011f m\u00fcharib\u0259si \u0259lilinin ya\u015fad\u0131\u011f\u0131 evi g\u0259lib g\u00f6zl\u0259ri il\u0259 g\u00f6r\u0259n olsa, d\u0259h\u015f\u0259t\u0259 g\u0259l\u0259c\u0259k. \u0130t z\u00fclm\u00fcnd\u0259 ya\u015fay\u0131r\u0131q\u201d.<\/p>\n<p>  D\u00f6vl\u0259t Sosial M\u00fcdafi\u0259 Fondunun Ucar Rayon \u015e\u00f6b\u0259sind\u0259n Meydan TV-y\u0259 \u015e\u00f6hr\u0259t Qas\u0131movun s\u0259n\u0259dl\u0259rinin haz\u0131rland\u0131\u011f\u0131n\u0131, yax\u0131n zamanda ona k\u0259ndd\u0259 torpaq sah\u0259si ayr\u0131l\u0131b, ev tikil\u0259c\u0259yini s\u00f6yl\u0259yibl\u0259r:\n<\/p>\n<p>\n  \u201cBu yax\u0131nlarda \u00f6z k\u0259ndind\u0259 ona torpaq sah\u0259si ayr\u0131lacaq v\u0259 ev tikil\u0259c\u0259k. Onu biz n\u00f6vb\u0259y\u0259 yazmam\u0131\u015f\u0131q. Biz sad\u0259c\u0259 icra\u00e7\u0131y\u0131q. T\u0259kc\u0259 onu dey\u0259 bil\u0259r\u0259m ki, tez bir zamanda evi haz\u0131r olacaq. Haz\u0131rda o i\u015fl\u0259 m\u0259\u015f\u011fuluq\u201d.\n<\/p>\n<figure class=\"wp-block-image size-large\">\n  <img decoding=\"async\" src=\"https:\/\/www.meydan.tv\/az\/110522\/\" alt=\"\" class=\"wp-image-110522\"\/><figcaption><\/figcaption><\/figure><\/p>\n","protected":false},"excerpt":{"rendered":"<p>\u201cYa\u011f\u0131\u015fda-qarda su bas\u0131r, yayda istid\u0259n n\u0259f\u0259s k\u0259sir\u201d<\/p>\n","protected":false},"author":11,"featured_media":110516,"comment_status":"closed","ping_status":"open","sticky":false,"template":"","format":"standard","meta":{"_acf_changed":false,"_sitemap_exclude":false,"_sitemap_priority":"","_sitemap_frequency":"","footnotes":""},"categories":[60],"tags":[],"class_list":["post-191953","post","type-post","status-publish","format-standard","has-post-thumbnail","hentry","category-bolge","infinite-scroll-item","generate-columns","tablet-grid-50","mobile-grid-100","grid-parent","grid-33","no-featured-image-padding"],"acf":[],"yoast_head":"<!-- This site is optimized with the Yoast SEO plugin v27.4 - https:\/\/yoast.com\/product\/yoast-seo-wordpress\/ -->\n<title>Qaraba\u011f qazisi qam\u0131\u015fdan d\u00fcz\u0259ldilmi\u015f t\u00f6vl\u0259d\u0259 ya\u015fay\u0131r - MEYDAN.TV<\/title>\n<meta name=\"robots\" content=\"index, follow, max-snippet:-1, max-image-preview:large, max-video-preview:-1\" \/>\n<link rel=\"canonical\" href=\"https:\/\/www.meydan.tv\/az\/article\/qarabag-qazisi-qamisdan-duzeldilmis-tovlede-yasayir\/\" \/>\n<meta property=\"og:locale\" content=\"az_AZ\" \/>\n<meta property=\"og:type\" content=\"article\" \/>\n<meta property=\"og:title\" content=\"Qaraba\u011f qazisi qam\u0131\u015fdan d\u00fcz\u0259ldilmi\u015f t\u00f6vl\u0259d\u0259 ya\u015fay\u0131r - MEYDAN.TV\" \/>\n<meta property=\"og:description\" content=\"\u201cYa\u011f\u0131\u015fda-qarda su bas\u0131r, yayda istid\u0259n n\u0259f\u0259s k\u0259sir\u201d\" \/>\n<meta property=\"og:url\" content=\"https:\/\/www.meydan.tv\/az\/article\/qarabag-qazisi-qamisdan-duzeldilmis-tovlede-yasayir\/\" \/>\n<meta property=\"og:site_name\" content=\"MEYDAN.TV\" \/>\n<meta property=\"article:published_time\" content=\"2018-10-03T19:19:27+00:00\" \/>\n<meta property=\"og:image\" content=\"https:\/\/www.meydan.tv\/wp-content\/uploads\/43973.jpg\" \/>\n\t<meta property=\"og:image:width\" content=\"810\" \/>\n\t<meta property=\"og:image:height\" content=\"450\" \/>\n\t<meta property=\"og:image:type\" content=\"image\/jpeg\" \/>\n<meta name=\"author\" content=\"user-manager\" \/>\n<meta name=\"twitter:card\" content=\"summary_large_image\" \/>\n<script type=\"application\/ld+json\" class=\"yoast-schema-graph\">{\"@context\":\"https:\\\/\\\/schema.org\",\"@graph\":[{\"@type\":\"Article\",\"@id\":\"https:\\\/\\\/www.meydan.tv\\\/az\\\/article\\\/qarabag-qazisi-qamisdan-duzeldilmis-tovlede-yasayir\\\/#article\",\"isPartOf\":{\"@id\":\"https:\\\/\\\/www.meydan.tv\\\/az\\\/article\\\/qarabag-qazisi-qamisdan-duzeldilmis-tovlede-yasayir\\\/\"},\"author\":{\"name\":\"user-manager\",\"@id\":\"https:\\\/\\\/www.meydan.tv\\\/az\\\/#\\\/schema\\\/person\\\/10d11eccf6da3662cf5fdab9806ea91a\"},\"headline\":\"Qaraba\u011f qazisi qam\u0131\u015fdan d\u00fcz\u0259ldilmi\u015f t\u00f6vl\u0259d\u0259 ya\u015fay\u0131r\",\"datePublished\":\"2018-10-03T19:19:27+00:00\",\"mainEntityOfPage\":{\"@id\":\"https:\\\/\\\/www.meydan.tv\\\/az\\\/article\\\/qarabag-qazisi-qamisdan-duzeldilmis-tovlede-yasayir\\\/\"},\"wordCount\":832,\"publisher\":{\"@id\":\"https:\\\/\\\/www.meydan.tv\\\/az\\\/#organization\"},\"image\":{\"@id\":\"https:\\\/\\\/www.meydan.tv\\\/az\\\/article\\\/qarabag-qazisi-qamisdan-duzeldilmis-tovlede-yasayir\\\/#primaryimage\"},\"thumbnailUrl\":\"https:\\\/\\\/www.meydan.tv\\\/wp-content\\\/uploads\\\/43973.jpg\",\"articleSection\":[\"B\u00f6lg\u0259\"],\"inLanguage\":\"az\"},{\"@type\":\"WebPage\",\"@id\":\"https:\\\/\\\/www.meydan.tv\\\/az\\\/article\\\/qarabag-qazisi-qamisdan-duzeldilmis-tovlede-yasayir\\\/\",\"url\":\"https:\\\/\\\/www.meydan.tv\\\/az\\\/article\\\/qarabag-qazisi-qamisdan-duzeldilmis-tovlede-yasayir\\\/\",\"name\":\"Qaraba\u011f qazisi qam\u0131\u015fdan d\u00fcz\u0259ldilmi\u015f t\u00f6vl\u0259d\u0259 ya\u015fay\u0131r - MEYDAN.TV\",\"isPartOf\":{\"@id\":\"https:\\\/\\\/www.meydan.tv\\\/az\\\/#website\"},\"primaryImageOfPage\":{\"@id\":\"https:\\\/\\\/www.meydan.tv\\\/az\\\/article\\\/qarabag-qazisi-qamisdan-duzeldilmis-tovlede-yasayir\\\/#primaryimage\"},\"image\":{\"@id\":\"https:\\\/\\\/www.meydan.tv\\\/az\\\/article\\\/qarabag-qazisi-qamisdan-duzeldilmis-tovlede-yasayir\\\/#primaryimage\"},\"thumbnailUrl\":\"https:\\\/\\\/www.meydan.tv\\\/wp-content\\\/uploads\\\/43973.jpg\",\"datePublished\":\"2018-10-03T19:19:27+00:00\",\"breadcrumb\":{\"@id\":\"https:\\\/\\\/www.meydan.tv\\\/az\\\/article\\\/qarabag-qazisi-qamisdan-duzeldilmis-tovlede-yasayir\\\/#breadcrumb\"},\"inLanguage\":\"az\",\"potentialAction\":[{\"@type\":\"ReadAction\",\"target\":[\"https:\\\/\\\/www.meydan.tv\\\/az\\\/article\\\/qarabag-qazisi-qamisdan-duzeldilmis-tovlede-yasayir\\\/\"]}]},{\"@type\":\"ImageObject\",\"inLanguage\":\"az\",\"@id\":\"https:\\\/\\\/www.meydan.tv\\\/az\\\/article\\\/qarabag-qazisi-qamisdan-duzeldilmis-tovlede-yasayir\\\/#primaryimage\",\"url\":\"https:\\\/\\\/www.meydan.tv\\\/wp-content\\\/uploads\\\/43973.jpg\",\"contentUrl\":\"https:\\\/\\\/www.meydan.tv\\\/wp-content\\\/uploads\\\/43973.jpg\",\"width\":810,\"height\":450,\"caption\":\"Source:\"},{\"@type\":\"BreadcrumbList\",\"@id\":\"https:\\\/\\\/www.meydan.tv\\\/az\\\/article\\\/qarabag-qazisi-qamisdan-duzeldilmis-tovlede-yasayir\\\/#breadcrumb\",\"itemListElement\":[{\"@type\":\"ListItem\",\"position\":1,\"name\":\"Ana s\u0259hif\u0259\",\"item\":\"https:\\\/\\\/www.meydan.tv\\\/az\\\/\"},{\"@type\":\"ListItem\",\"position\":2,\"name\":\"B\u00f6lg\u0259\",\"item\":\"https:\\\/\\\/www.meydan.tv\\\/az\\\/section\\\/bolge\\\/\"},{\"@type\":\"ListItem\",\"position\":3,\"name\":\"Qaraba\u011f qazisi qam\u0131\u015fdan d\u00fcz\u0259ldilmi\u015f t\u00f6vl\u0259d\u0259 ya\u015fay\u0131r\"}]},{\"@type\":\"WebSite\",\"@id\":\"https:\\\/\\\/www.meydan.tv\\\/az\\\/#website\",\"url\":\"https:\\\/\\\/www.meydan.tv\\\/az\\\/\",\"name\":\"MEYDAN.TV\",\"description\":\"Meydan TV Az\u0259rbaycan\u0131n media m\u0259kan\u0131ndak\u0131 alternativ s\u0259sidir\",\"publisher\":{\"@id\":\"https:\\\/\\\/www.meydan.tv\\\/az\\\/#organization\"},\"potentialAction\":[{\"@type\":\"SearchAction\",\"target\":{\"@type\":\"EntryPoint\",\"urlTemplate\":\"https:\\\/\\\/www.meydan.tv\\\/az\\\/?s={search_term_string}\"},\"query-input\":{\"@type\":\"PropertyValueSpecification\",\"valueRequired\":true,\"valueName\":\"search_term_string\"}}],\"inLanguage\":\"az\"},{\"@type\":\"Organization\",\"@id\":\"https:\\\/\\\/www.meydan.tv\\\/az\\\/#organization\",\"name\":\"Meydan TV\",\"url\":\"https:\\\/\\\/www.meydan.tv\\\/az\\\/\",\"logo\":{\"@type\":\"ImageObject\",\"inLanguage\":\"az\",\"@id\":\"https:\\\/\\\/www.meydan.tv\\\/az\\\/#\\\/schema\\\/logo\\\/image\\\/\",\"url\":\"https:\\\/\\\/www.meydan.tv\\\/wp-content\\\/uploads\\\/2021\\\/07\\\/meydan-logo.svg\",\"contentUrl\":\"https:\\\/\\\/www.meydan.tv\\\/wp-content\\\/uploads\\\/2021\\\/07\\\/meydan-logo.svg\",\"width\":195,\"height\":46,\"caption\":\"Meydan TV\"},\"image\":{\"@id\":\"https:\\\/\\\/www.meydan.tv\\\/az\\\/#\\\/schema\\\/logo\\\/image\\\/\"}},{\"@type\":\"Person\",\"@id\":\"https:\\\/\\\/www.meydan.tv\\\/az\\\/#\\\/schema\\\/person\\\/10d11eccf6da3662cf5fdab9806ea91a\",\"name\":\"user-manager\"}]}<\/script>\n<!-- \/ Yoast SEO plugin. -->","yoast_head_json":{"title":"Qaraba\u011f qazisi qam\u0131\u015fdan d\u00fcz\u0259ldilmi\u015f t\u00f6vl\u0259d\u0259 ya\u015fay\u0131r - MEYDAN.TV","robots":{"index":"index","follow":"follow","max-snippet":"max-snippet:-1","max-image-preview":"max-image-preview:large","max-video-preview":"max-video-preview:-1"},"canonical":"https:\/\/www.meydan.tv\/az\/article\/qarabag-qazisi-qamisdan-duzeldilmis-tovlede-yasayir\/","og_locale":"az_AZ","og_type":"article","og_title":"Qaraba\u011f qazisi qam\u0131\u015fdan d\u00fcz\u0259ldilmi\u015f t\u00f6vl\u0259d\u0259 ya\u015fay\u0131r - MEYDAN.TV","og_description":"\u201cYa\u011f\u0131\u015fda-qarda su bas\u0131r, yayda istid\u0259n n\u0259f\u0259s k\u0259sir\u201d","og_url":"https:\/\/www.meydan.tv\/az\/article\/qarabag-qazisi-qamisdan-duzeldilmis-tovlede-yasayir\/","og_site_name":"MEYDAN.TV","article_published_time":"2018-10-03T19:19:27+00:00","og_image":[{"width":810,"height":450,"url":"https:\/\/www.meydan.tv\/wp-content\/uploads\/43973.jpg","type":"image\/jpeg"}],"author":"user-manager","twitter_card":"summary_large_image","schema":{"@context":"https:\/\/schema.org","@graph":[{"@type":"Article","@id":"https:\/\/www.meydan.tv\/az\/article\/qarabag-qazisi-qamisdan-duzeldilmis-tovlede-yasayir\/#article","isPartOf":{"@id":"https:\/\/www.meydan.tv\/az\/article\/qarabag-qazisi-qamisdan-duzeldilmis-tovlede-yasayir\/"},"author":{"name":"user-manager","@id":"https:\/\/www.meydan.tv\/az\/#\/schema\/person\/10d11eccf6da3662cf5fdab9806ea91a"},"headline":"Qaraba\u011f qazisi qam\u0131\u015fdan d\u00fcz\u0259ldilmi\u015f t\u00f6vl\u0259d\u0259 ya\u015fay\u0131r","datePublished":"2018-10-03T19:19:27+00:00","mainEntityOfPage":{"@id":"https:\/\/www.meydan.tv\/az\/article\/qarabag-qazisi-qamisdan-duzeldilmis-tovlede-yasayir\/"},"wordCount":832,"publisher":{"@id":"https:\/\/www.meydan.tv\/az\/#organization"},"image":{"@id":"https:\/\/www.meydan.tv\/az\/article\/qarabag-qazisi-qamisdan-duzeldilmis-tovlede-yasayir\/#primaryimage"},"thumbnailUrl":"https:\/\/www.meydan.tv\/wp-content\/uploads\/43973.jpg","articleSection":["B\u00f6lg\u0259"],"inLanguage":"az"},{"@type":"WebPage","@id":"https:\/\/www.meydan.tv\/az\/article\/qarabag-qazisi-qamisdan-duzeldilmis-tovlede-yasayir\/","url":"https:\/\/www.meydan.tv\/az\/article\/qarabag-qazisi-qamisdan-duzeldilmis-tovlede-yasayir\/","name":"Qaraba\u011f qazisi qam\u0131\u015fdan d\u00fcz\u0259ldilmi\u015f t\u00f6vl\u0259d\u0259 ya\u015fay\u0131r - MEYDAN.TV","isPartOf":{"@id":"https:\/\/www.meydan.tv\/az\/#website"},"primaryImageOfPage":{"@id":"https:\/\/www.meydan.tv\/az\/article\/qarabag-qazisi-qamisdan-duzeldilmis-tovlede-yasayir\/#primaryimage"},"image":{"@id":"https:\/\/www.meydan.tv\/az\/article\/qarabag-qazisi-qamisdan-duzeldilmis-tovlede-yasayir\/#primaryimage"},"thumbnailUrl":"https:\/\/www.meydan.tv\/wp-content\/uploads\/43973.jpg","datePublished":"2018-10-03T19:19:27+00:00","breadcrumb":{"@id":"https:\/\/www.meydan.tv\/az\/article\/qarabag-qazisi-qamisdan-duzeldilmis-tovlede-yasayir\/#breadcrumb"},"inLanguage":"az","potentialAction":[{"@type":"ReadAction","target":["https:\/\/www.meydan.tv\/az\/article\/qarabag-qazisi-qamisdan-duzeldilmis-tovlede-yasayir\/"]}]},{"@type":"ImageObject","inLanguage":"az","@id":"https:\/\/www.meydan.tv\/az\/article\/qarabag-qazisi-qamisdan-duzeldilmis-tovlede-yasayir\/#primaryimage","url":"https:\/\/www.meydan.tv\/wp-content\/uploads\/43973.jpg","contentUrl":"https:\/\/www.meydan.tv\/wp-content\/uploads\/43973.jpg","width":810,"height":450,"caption":"Source:"},{"@type":"BreadcrumbList","@id":"https:\/\/www.meydan.tv\/az\/article\/qarabag-qazisi-qamisdan-duzeldilmis-tovlede-yasayir\/#breadcrumb","itemListElement":[{"@type":"ListItem","position":1,"name":"Ana s\u0259hif\u0259","item":"https:\/\/www.meydan.tv\/az\/"},{"@type":"ListItem","position":2,"name":"B\u00f6lg\u0259","item":"https:\/\/www.meydan.tv\/az\/section\/bolge\/"},{"@type":"ListItem","position":3,"name":"Qaraba\u011f qazisi qam\u0131\u015fdan d\u00fcz\u0259ldilmi\u015f t\u00f6vl\u0259d\u0259 ya\u015fay\u0131r"}]},{"@type":"WebSite","@id":"https:\/\/www.meydan.tv\/az\/#website","url":"https:\/\/www.meydan.tv\/az\/","name":"MEYDAN.TV","description":"Meydan TV Az\u0259rbaycan\u0131n media m\u0259kan\u0131ndak\u0131 alternativ s\u0259sidir","publisher":{"@id":"https:\/\/www.meydan.tv\/az\/#organization"},"potentialAction":[{"@type":"SearchAction","target":{"@type":"EntryPoint","urlTemplate":"https:\/\/www.meydan.tv\/az\/?s={search_term_string}"},"query-input":{"@type":"PropertyValueSpecification","valueRequired":true,"valueName":"search_term_string"}}],"inLanguage":"az"},{"@type":"Organization","@id":"https:\/\/www.meydan.tv\/az\/#organization","name":"Meydan TV","url":"https:\/\/www.meydan.tv\/az\/","logo":{"@type":"ImageObject","inLanguage":"az","@id":"https:\/\/www.meydan.tv\/az\/#\/schema\/logo\/image\/","url":"https:\/\/www.meydan.tv\/wp-content\/uploads\/2021\/07\/meydan-logo.svg","contentUrl":"https:\/\/www.meydan.tv\/wp-content\/uploads\/2021\/07\/meydan-logo.svg","width":195,"height":46,"caption":"Meydan TV"},"image":{"@id":"https:\/\/www.meydan.tv\/az\/#\/schema\/logo\/image\/"}},{"@type":"Person","@id":"https:\/\/www.meydan.tv\/az\/#\/schema\/person\/10d11eccf6da3662cf5fdab9806ea91a","name":"user-manager"}]}},"_links":{"self":[{"href":"https:\/\/www.meydan.tv\/az\/wp-json\/wp\/v2\/posts\/191953","targetHints":{"allow":["GET"]}}],"collection":[{"href":"https:\/\/www.meydan.tv\/az\/wp-json\/wp\/v2\/posts"}],"about":[{"href":"https:\/\/www.meydan.tv\/az\/wp-json\/wp\/v2\/types\/post"}],"author":[{"embeddable":true,"href":"https:\/\/www.meydan.tv\/az\/wp-json\/wp\/v2\/users\/11"}],"replies":[{"embeddable":true,"href":"https:\/\/www.meydan.tv\/az\/wp-json\/wp\/v2\/comments?post=191953"}],"version-history":[{"count":0,"href":"https:\/\/www.meydan.tv\/az\/wp-json\/wp\/v2\/posts\/191953\/revisions"}],"wp:featuredmedia":[{"embeddable":true,"href":"https:\/\/www.meydan.tv\/az\/wp-json\/wp\/v2\/media\/110516"}],"wp:attachment":[{"href":"https:\/\/www.meydan.tv\/az\/wp-json\/wp\/v2\/media?parent=191953"}],"wp:term":[{"taxonomy":"category","embeddable":true,"href":"https:\/\/www.meydan.tv\/az\/wp-json\/wp\/v2\/categories?post=191953"},{"taxonomy":"post_tag","embeddable":true,"href":"https:\/\/www.meydan.tv\/az\/wp-json\/wp\/v2\/tags?post=191953"}],"curies":[{"name":"wp","href":"https:\/\/api.w.org\/{rel}","templated":true}]}}