{"id":191952,"date":"2018-10-03T19:12:12","date_gmt":"2018-10-03T19:12:12","guid":{"rendered":"https:\/\/www.meydan.tv\/article\/ana-korpeye-pampers-almaga-pulum-yoxdur-balami-sellofana-bukurem\/"},"modified":"2018-10-03T19:12:12","modified_gmt":"2018-10-03T19:12:12","slug":"ana-korpeye-pampers-almaga-pulum-yoxdur-balami-sellofana-bukurem","status":"publish","type":"post","link":"https:\/\/www.meydan.tv\/az\/article\/ana-korpeye-pampers-almaga-pulum-yoxdur-balami-sellofana-bukurem\/","title":{"rendered":"Ana: K\u00f6rp\u0259y\u0259 &#8221;Pampers&#8221; alma\u011fa pulum yoxdur, balam\u0131 sellofana b\u00fck\u00fcr\u0259m"},"content":{"rendered":"<figure class=\"wp-block-image size-large\">\n  <img decoding=\"async\" src=\"https:\/\/www.meydan.tv\/az\/110504\/\" alt=\"\" class=\"wp-image-110504\"\/><figcaption><\/figcaption><\/figure>\n<p>\n  <i><br \/>\n    \u0130smay\u0131ll\u0131 sakini i\u015fsizlikd\u0259n, \u015f\u0259raitsizlikd\u0259n gileylidir<br \/>\n  <\/i>\n<\/p>\n<p>\n  &#8220;Evim\u0259 ay \u0259rzind\u0259 h\u0259tta 1 manat\u0131n bel\u0259 girm\u0259diyi vaxtlar olur. \u00dc\u00e7 \u00f6vlad\u0131mla balaca bir daxmada ya\u015fay\u0131ram. Onun da alt\u0131na su ax\u0131b, y\u0131\u011f\u0131l\u0131r, d\u00f6\u015f\u0259m\u0259 v\u0259 divarlar kif at\u0131r&#8221;.\n<\/p>\n<p>\n  \u0130smay\u0131ll\u0131 rayonu, Qaraba\u011f q\u0259s\u0259b\u0259sinin sakini, 1990-c\u0131 il t\u0259v\u0259ll\u00fcdl\u00fc G\u00fcnay M\u0259mm\u0259dova bel\u0259 deyir. O, 1986-ci il do\u011fumlu B\u0259hruz M\u0259mm\u0259dovla evlidir. 8 ildir ail\u0259 quran c\u00fctl\u00fck Yusif, Yaqub v\u0259 \u0130brahim adl\u0131 \u00fc\u00e7 azya\u015fl\u0131 \u00f6vlad\u0131 il\u0259 balaca bir evd\u0259 ya\u015fay\u0131r:\n<\/p>\n<p>\n  &#8220;H\u0259yat yolda\u015f\u0131mla ail\u0259 qurandan sonra m\u00fcv\u0259qq\u0259ti olaraq, balaca bir otaq tikdik. Otaq bir da\u015fla h\u00f6r\u00fcld\u00fcy\u00fc \u00fc\u00e7\u00fcn q\u0131\u015fda burada ya\u015famaq m\u00fcmk\u00fcn olmur. \u00d6z\u00fcn\u00fcz bax\u0131n, burada insan ya\u015fayar? N\u0259 normal i\u015f var, i\u015fl\u0259y\u0259k, n\u0259 d\u0259 ki, sosial yard\u0131m. H\u0259yat yolda\u015f\u0131m \u0130smay\u0131ll\u0131 k\u0259rpic zavodunda g\u00fcn\u0259muzd f\u0259hl\u0259 i\u015fl\u0259yir. Orada da h\u0259r g\u00fcn i\u015f olmur. \u00d6t\u0259n il k\u0259rpicd\u0259n ev tikdik, yar\u0131m\u00e7\u0131q qald\u0131. \u0130ndi evimizi d\u00fcz\u0259ltm\u0259y\u0259 imkan\u0131m\u0131z \u00e7atm\u0131r. Evin \u00fcz\u0259rin\u0259 dam \u00f6rt\u00fcy\u00fc vurulmasa, bu q\u0131\u015f da qalsa, ondan he\u00e7 n\u0259 olmayacaq. \u00c7\u00fcnki k\u0259rpicdir, s\u0131radan \u00e7\u0131xacaq, \u0259ziyy\u0259timiz yerd\u0259 qalacaq. D\u00f6vl\u0259t m\u0259n\u0259 pul versin, evimi tikim. Eybi yox, h\u0259r ay hiss\u0259-hiss\u0259 \u00f6d\u0259y\u0259r\u0259m. Amma faiz qoymas\u0131nlar&#8221;.\n<\/p>\n<figure class=\"wp-block-image size-large\">\n  <img decoding=\"async\" src=\"https:\/\/www.meydan.tv\/az\/110507\/\" alt=\"\" class=\"wp-image-110507\"\/><figcaption><\/figcaption><\/figure>\n<p>\n  \u015eikay\u0259t\u00e7i deyir ki, aidiyyat\u0131 qurumlara m\u00fcraci\u0259t edib, lakin m\u00fcsb\u0259t cavab ala bilm\u0259yib. Qar\u015f\u0131dan da q\u0131\u015f g\u0259lir, ail\u0259nin qay\u011f\u0131lar\u0131 bir\u0259 on art\u0131r:\n<\/p>\n<p>\n  &#8220;Nec\u0259 deyim, h\u0259r yola \u0259l atd\u0131m, amma m\u0259n\u0259 k\u00f6m\u0259k ed\u0259n olmad\u0131. Birinci vitse-prezident Mehriban \u018fliyevaya m\u0259ktub yazd\u0131m. \u015eikay\u0259tim \u0130smay\u0131ll\u0131 Rayon \u0130cra Hakimiyy\u0259tin\u0259 y\u00f6nl\u0259ndirildi. \u0130cra Hakimiyy\u0259tind\u0259n d\u0259 dedil\u0259r ki, evinizi tikm\u0259k bizim v\u0259sait daxilind\u0259 deyil. \u00dcnvanl\u0131 sosial yard\u0131m almaq \u00fc\u00e7\u00fcn d\u0259 m\u00fcraci\u0259t etdim. D\u00f6vl\u0259t Sosial M\u00fcdafi\u0259 Fondununun \u0130smay\u0131ll\u0131 Rayon \u015e\u00f6b\u0259sind\u0259 dedil\u0259r ki, siz\u0259 sosial yard\u0131m d\u00fc\u015fm\u00fcr. Yolda\u015f\u0131ma dedil\u0259r ki, s\u0259n muzdlu f\u0259hl\u0259 i\u015fl\u0259yirs\u0259n, sosial yard\u0131m almaq haqq\u0131n yoxdur. Bildirdil\u0259r ki, h\u0259bsxanada olan, ya da ki, ail\u0259 ba\u015f\u00e7\u0131s\u0131 olmayan adamlara sosial yard\u0131m verirl\u0259r. Yolda\u015f\u0131m da deyir ki, kimis\u0259 \u00f6ld\u00fcr\u00fcb, h\u0259bsxanaya d\u00fc\u015f\u00fcm? Yoxsa \u00f6z\u00fcm\u00fc \u00f6ld\u00fcr\u00fcm ki, balalar\u0131m sosial yard\u0131m ala bilsin? B\u0259s yax\u015f\u0131, biz neyl\u0259y\u0259k? Sosial yard\u0131m vermirl\u0259r, i\u015fl\u0259 t\u0259min etmirl\u0259r. D\u0259rdimizi kim\u0259 dey\u0259k? Yen\u0259 d\u0259 &#8220;s\u0259br&#8221; deyib, d\u00f6z\u00fcr\u00fck &#8220;.\n<\/p>\n<figure class=\"wp-block-image size-large\">\n  <img decoding=\"async\" src=\"https:\/\/www.meydan.tv\/az\/110513\/\" alt=\"\" class=\"wp-image-110513\"\/><figcaption><\/figcaption><\/figure>\n<p>\n  &#8220;Sabah m\u0259nim u\u015fa\u011f\u0131m v\u0259r\u0259m, yaxud s\u0259t\u0259lc\u0259m olanda, ciy\u0259rl\u0259ri s\u0131radan \u00e7\u0131xanda, he\u00e7 kim yax\u0131na durmayacaq. Bu yax\u0131nlarda ortanc\u0131l o\u011flumun v\u0259ziyy\u0259ti a\u011f\u0131rla\u015fd\u0131. Buradak\u0131 x\u0259st\u0259xanadan t\u0259cili olaraq Bak\u0131ya g\u00f6nd\u0259rdil\u0259r. H\u0259min vaxt g\u0259tirib stolumun \u00fcst\u00fcn\u0259 10 q\u0259pik qoyan olmad\u0131. Yolda\u015f\u0131m borca girdi. Fikird\u0259n d\u0259li olurdum ki, g\u00f6r\u0259s\u0259n n\u0259 oldu, u\u015fa\u011f\u0131m\u0131 Bak\u0131ya g\u00f6nd\u0259rirl\u0259r? \u015e\u0259h\u0259rd\u0259 h\u0259kiml\u0259r dedi ki, ciy\u0259rl\u0259ri n\u0259mi\u015flik yerd\u0259 yatmaqdan m\u00f6hk\u0259m soyuqlay\u0131b. U\u015faq yayda bu hala d\u00fc\u015f\u00fcb, t\u0259s\u0259vv\u00fcr edin, q\u0131\u015fda v\u0259ziyy\u0259t nec\u0259 olur. Q\u0131\u015fda sobaya n\u0259 q\u0259d\u0259r odun at\u0131rd\u0131q, otaq q\u0131zm\u0131rd\u0131. Yerd\u0259 yat\u0131rd\u0131q, donurduq. Ax\u0131rda \u00e7ar\u0259siz qal\u0131b qaynatamgil\u0259 getdik, biz\u0259 bir otaq verdil\u0259r&#8221;, &#8211; G\u00fcnay M\u0259mm\u0259dova s\u00f6yl\u0259yir.\n<\/p>\n<p>\n  Ail\u0259y\u0259 G\u00fcnay\u0131n xadim\u0259 i\u015fl\u0259y\u0259n anas\u0131 k\u00f6m\u0259klik g\u00f6st\u0259rir. Deyir ki, o, yem\u0259y\u0259 \u0259rzaq, ya da 5-3 manat pul g\u00f6nd\u0259rir:\n<\/p>\n<p>\n  &#8220;Yoxsa q\u0131r\u0131l\u0131b-batar\u0131q. Anam\u0131n say\u0259sind\u0259 birt\u0259h\u0259r dolan\u0131r\u0131q. U\u015faqlar\u0131n paltarlar\u0131n\u0131 bir-birin\u0259 geydindirib, b\u00f6y\u00fcd\u00fcr\u0259m. &#8220;Pampers&#8221; alma\u011fa pulum yoxdur, balam\u0131 sellofana b\u00fck\u00fcr\u0259m. Pulsuzluq bir yandan, dig\u0259r yandan da u\u015faqlar\u0131n s\u0259hh\u0259ti \u0259ld\u0259n gedir. Ki\u00e7ik o\u011flumun \u00fcr\u0259yind\u0259 anadang\u0259lm\u0259 d\u0259lik var. Haz\u0131rda m\u00fcalic\u0259 etdiririk. Sa\u011f olsunlar, \u0130smay\u0131ll\u0131 Rayon M\u0259rk\u0259zi X\u0259st\u0259xanas\u0131nda m\u00fcalic\u0259ni t\u0259m\u0259nnas\u0131z edirl\u0259r&#8221;.\n<\/p>\n<figure class=\"wp-block-image size-large\">\n  <img decoding=\"async\" src=\"https:\/\/www.meydan.tv\/az\/110510\/\" alt=\"\" class=\"wp-image-110510\"\/><figcaption><\/figcaption><\/figure>\n<p>\n  DSMF-nun \u0130smay\u0131ll\u0131 Rayon \u015e\u00f6b\u0259sind\u0259n Meydan TV-y\u0259 bildirilib ki, h\u0259r bir v\u0259t\u0259nda\u015f \u00fcnvanl\u0131 sosial yard\u0131m almaq \u00fc\u00e7\u00fcn elektron qaydada m\u00fcraci\u0259t edir. M\u00fcraci\u0259t avtomatla\u015fd\u0131rl\u0131m\u0131\u015f \u015f\u0259kild\u0259 h\u0259yata ke\u00e7irilir:\n<\/p>\n<p>\n  &#8220;V\u0259t\u0259nda\u015f\u0131n elektron informasiya sistemi vasit\u0259sil\u0259 etdiyi m\u00fcraci\u0259ti d\u0259qiql\u0259\u015fdirilir, sonra q\u0259rar verilir. Buna he\u00e7 kimin fiziki olaraq m\u00fcdaxil\u0259si m\u00fcmk\u00fcn deyil. H\u0259r bir \u015fikay\u0259t\u00e7iy\u0259 elektron m\u00fcraci\u0259t vasit\u0259sil\u0259 imtina s\u0259b\u0259bl\u0259ri g\u00f6st\u0259rilir. \u0130mtina s\u0259b\u0259bl\u0259ri tutars\u0131z olmas\u0131 m\u00fcmk\u00fcn deyil, h\u0259r biri \u0259sasland\u0131r\u0131lm\u0131\u015f olur&#8221;.\n<\/p>\n<p>\n  \u0130smay\u0131ll\u0131 Rayon \u0130H-nin s\u0259n\u0259dl\u0259rl\u0259 v\u0259 v\u0259t\u0259nda\u015flar\u0131n m\u00fcraci\u0259tl\u0259ri il\u0259 i\u015f \u015f\u00f6b\u0259sinin m\u00fcdiri Nazim S\u0259f\u0259rov Meydan TV \u0259m\u0259kda\u015f\u0131 il\u0259 s\u00f6hb\u0259tind\u0259 B\u0259hruz M\u0259mm\u0259dovu q\u0259bul edib, \u015fikay\u0259tin\u0259 bax\u0131laca\u011f\u0131n\u0131 bildirib:\n<\/p>\n<p>\n  &#8220;M\u0259mm\u0259dov B\u0259hruz \u00c7ingiz o\u011flunun \u0259riz\u0259si biz\u0259 yeni daxil olub. \u018friz\u0259y\u0259 bax\u0131l\u0131r, \u015fikay\u0259t\u00e7iy\u0259 qanuna uy\u011fun \u015f\u0259kild\u0259 cavab ver\u0259c\u0259yik. \u0130cra Hakimiyy\u0259ti n\u0259 ev tikir, n\u0259 d\u0259 \u00fcnvanl\u0131 sosial yard\u0131m verir. Lakin bununla bel\u0259, i\u015fl\u0259 t\u0259min olunmas\u0131 \u00fc\u00e7\u00fcn \u015fikay\u0259t\u00e7ini \u0130smay\u0131ll\u0131 rayon M\u0259\u015f\u011fulluq M\u0259rk\u0259zin\u0259 istiqam\u0259tl\u0259ndir\u0259c\u0259yik&#8221;.\n<\/p><\/p>\n","protected":false},"excerpt":{"rendered":"<p>\u0130smay\u0131ll\u0131 sakini i\u015fsizlikd\u0259n, \u015f\u0259raitsizlikd\u0259n gileylidir<\/p>\n","protected":false},"author":11,"featured_media":110504,"comment_status":"closed","ping_status":"open","sticky":false,"template":"","format":"standard","meta":{"_acf_changed":false,"_sitemap_exclude":false,"_sitemap_priority":"","_sitemap_frequency":"","footnotes":""},"categories":[60],"tags":[],"class_list":["post-191952","post","type-post","status-publish","format-standard","has-post-thumbnail","hentry","category-bolge","infinite-scroll-item","generate-columns","tablet-grid-50","mobile-grid-100","grid-parent","grid-33","no-featured-image-padding"],"acf":[],"yoast_head":"<!-- This site is optimized with the Yoast SEO plugin v27.4 - https:\/\/yoast.com\/product\/yoast-seo-wordpress\/ -->\n<title>Ana: K\u00f6rp\u0259y\u0259 &#039;&#039;Pampers&#039;&#039; alma\u011fa pulum yoxdur, balam\u0131 sellofana b\u00fck\u00fcr\u0259m - MEYDAN.TV<\/title>\n<meta name=\"robots\" content=\"index, follow, max-snippet:-1, max-image-preview:large, max-video-preview:-1\" \/>\n<link rel=\"canonical\" href=\"https:\/\/www.meydan.tv\/az\/article\/ana-korpeye-pampers-almaga-pulum-yoxdur-balami-sellofana-bukurem\/\" \/>\n<meta property=\"og:locale\" content=\"az_AZ\" \/>\n<meta property=\"og:type\" content=\"article\" \/>\n<meta property=\"og:title\" content=\"Ana: K\u00f6rp\u0259y\u0259 &#039;&#039;Pampers&#039;&#039; alma\u011fa pulum yoxdur, balam\u0131 sellofana b\u00fck\u00fcr\u0259m - MEYDAN.TV\" \/>\n<meta property=\"og:description\" content=\"\u0130smay\u0131ll\u0131 sakini i\u015fsizlikd\u0259n, \u015f\u0259raitsizlikd\u0259n gileylidir\" \/>\n<meta property=\"og:url\" content=\"https:\/\/www.meydan.tv\/az\/article\/ana-korpeye-pampers-almaga-pulum-yoxdur-balami-sellofana-bukurem\/\" \/>\n<meta property=\"og:site_name\" content=\"MEYDAN.TV\" \/>\n<meta property=\"article:published_time\" content=\"2018-10-03T19:12:12+00:00\" \/>\n<meta property=\"og:image\" content=\"https:\/\/www.meydan.tv\/wp-content\/uploads\/43969.jpg\" \/>\n\t<meta property=\"og:image:width\" content=\"960\" \/>\n\t<meta property=\"og:image:height\" content=\"720\" \/>\n\t<meta property=\"og:image:type\" content=\"image\/jpeg\" \/>\n<meta name=\"author\" content=\"user-manager\" \/>\n<meta name=\"twitter:card\" content=\"summary_large_image\" \/>\n<script type=\"application\/ld+json\" class=\"yoast-schema-graph\">{\"@context\":\"https:\\\/\\\/schema.org\",\"@graph\":[{\"@type\":\"Article\",\"@id\":\"https:\\\/\\\/www.meydan.tv\\\/az\\\/article\\\/ana-korpeye-pampers-almaga-pulum-yoxdur-balami-sellofana-bukurem\\\/#article\",\"isPartOf\":{\"@id\":\"https:\\\/\\\/www.meydan.tv\\\/az\\\/article\\\/ana-korpeye-pampers-almaga-pulum-yoxdur-balami-sellofana-bukurem\\\/\"},\"author\":{\"name\":\"user-manager\",\"@id\":\"https:\\\/\\\/www.meydan.tv\\\/az\\\/#\\\/schema\\\/person\\\/10d11eccf6da3662cf5fdab9806ea91a\"},\"headline\":\"Ana: K\u00f6rp\u0259y\u0259 &#8221;Pampers&#8221; alma\u011fa pulum yoxdur, balam\u0131 sellofana b\u00fck\u00fcr\u0259m\",\"datePublished\":\"2018-10-03T19:12:12+00:00\",\"mainEntityOfPage\":{\"@id\":\"https:\\\/\\\/www.meydan.tv\\\/az\\\/article\\\/ana-korpeye-pampers-almaga-pulum-yoxdur-balami-sellofana-bukurem\\\/\"},\"wordCount\":1009,\"publisher\":{\"@id\":\"https:\\\/\\\/www.meydan.tv\\\/az\\\/#organization\"},\"image\":{\"@id\":\"https:\\\/\\\/www.meydan.tv\\\/az\\\/article\\\/ana-korpeye-pampers-almaga-pulum-yoxdur-balami-sellofana-bukurem\\\/#primaryimage\"},\"thumbnailUrl\":\"https:\\\/\\\/www.meydan.tv\\\/wp-content\\\/uploads\\\/43969.jpg\",\"articleSection\":[\"B\u00f6lg\u0259\"],\"inLanguage\":\"az\"},{\"@type\":\"WebPage\",\"@id\":\"https:\\\/\\\/www.meydan.tv\\\/az\\\/article\\\/ana-korpeye-pampers-almaga-pulum-yoxdur-balami-sellofana-bukurem\\\/\",\"url\":\"https:\\\/\\\/www.meydan.tv\\\/az\\\/article\\\/ana-korpeye-pampers-almaga-pulum-yoxdur-balami-sellofana-bukurem\\\/\",\"name\":\"Ana: K\u00f6rp\u0259y\u0259 ''Pampers'' alma\u011fa pulum yoxdur, balam\u0131 sellofana b\u00fck\u00fcr\u0259m - MEYDAN.TV\",\"isPartOf\":{\"@id\":\"https:\\\/\\\/www.meydan.tv\\\/az\\\/#website\"},\"primaryImageOfPage\":{\"@id\":\"https:\\\/\\\/www.meydan.tv\\\/az\\\/article\\\/ana-korpeye-pampers-almaga-pulum-yoxdur-balami-sellofana-bukurem\\\/#primaryimage\"},\"image\":{\"@id\":\"https:\\\/\\\/www.meydan.tv\\\/az\\\/article\\\/ana-korpeye-pampers-almaga-pulum-yoxdur-balami-sellofana-bukurem\\\/#primaryimage\"},\"thumbnailUrl\":\"https:\\\/\\\/www.meydan.tv\\\/wp-content\\\/uploads\\\/43969.jpg\",\"datePublished\":\"2018-10-03T19:12:12+00:00\",\"breadcrumb\":{\"@id\":\"https:\\\/\\\/www.meydan.tv\\\/az\\\/article\\\/ana-korpeye-pampers-almaga-pulum-yoxdur-balami-sellofana-bukurem\\\/#breadcrumb\"},\"inLanguage\":\"az\",\"potentialAction\":[{\"@type\":\"ReadAction\",\"target\":[\"https:\\\/\\\/www.meydan.tv\\\/az\\\/article\\\/ana-korpeye-pampers-almaga-pulum-yoxdur-balami-sellofana-bukurem\\\/\"]}]},{\"@type\":\"ImageObject\",\"inLanguage\":\"az\",\"@id\":\"https:\\\/\\\/www.meydan.tv\\\/az\\\/article\\\/ana-korpeye-pampers-almaga-pulum-yoxdur-balami-sellofana-bukurem\\\/#primaryimage\",\"url\":\"https:\\\/\\\/www.meydan.tv\\\/wp-content\\\/uploads\\\/43969.jpg\",\"contentUrl\":\"https:\\\/\\\/www.meydan.tv\\\/wp-content\\\/uploads\\\/43969.jpg\",\"width\":960,\"height\":720,\"caption\":\"Source:\"},{\"@type\":\"BreadcrumbList\",\"@id\":\"https:\\\/\\\/www.meydan.tv\\\/az\\\/article\\\/ana-korpeye-pampers-almaga-pulum-yoxdur-balami-sellofana-bukurem\\\/#breadcrumb\",\"itemListElement\":[{\"@type\":\"ListItem\",\"position\":1,\"name\":\"Ana s\u0259hif\u0259\",\"item\":\"https:\\\/\\\/www.meydan.tv\\\/az\\\/\"},{\"@type\":\"ListItem\",\"position\":2,\"name\":\"B\u00f6lg\u0259\",\"item\":\"https:\\\/\\\/www.meydan.tv\\\/az\\\/section\\\/bolge\\\/\"},{\"@type\":\"ListItem\",\"position\":3,\"name\":\"Ana: K\u00f6rp\u0259y\u0259 &#8221;Pampers&#8221; alma\u011fa pulum yoxdur, balam\u0131 sellofana b\u00fck\u00fcr\u0259m\"}]},{\"@type\":\"WebSite\",\"@id\":\"https:\\\/\\\/www.meydan.tv\\\/az\\\/#website\",\"url\":\"https:\\\/\\\/www.meydan.tv\\\/az\\\/\",\"name\":\"MEYDAN.TV\",\"description\":\"Meydan TV Az\u0259rbaycan\u0131n media m\u0259kan\u0131ndak\u0131 alternativ s\u0259sidir\",\"publisher\":{\"@id\":\"https:\\\/\\\/www.meydan.tv\\\/az\\\/#organization\"},\"potentialAction\":[{\"@type\":\"SearchAction\",\"target\":{\"@type\":\"EntryPoint\",\"urlTemplate\":\"https:\\\/\\\/www.meydan.tv\\\/az\\\/?s={search_term_string}\"},\"query-input\":{\"@type\":\"PropertyValueSpecification\",\"valueRequired\":true,\"valueName\":\"search_term_string\"}}],\"inLanguage\":\"az\"},{\"@type\":\"Organization\",\"@id\":\"https:\\\/\\\/www.meydan.tv\\\/az\\\/#organization\",\"name\":\"Meydan TV\",\"url\":\"https:\\\/\\\/www.meydan.tv\\\/az\\\/\",\"logo\":{\"@type\":\"ImageObject\",\"inLanguage\":\"az\",\"@id\":\"https:\\\/\\\/www.meydan.tv\\\/az\\\/#\\\/schema\\\/logo\\\/image\\\/\",\"url\":\"https:\\\/\\\/www.meydan.tv\\\/wp-content\\\/uploads\\\/2021\\\/07\\\/meydan-logo.svg\",\"contentUrl\":\"https:\\\/\\\/www.meydan.tv\\\/wp-content\\\/uploads\\\/2021\\\/07\\\/meydan-logo.svg\",\"width\":195,\"height\":46,\"caption\":\"Meydan TV\"},\"image\":{\"@id\":\"https:\\\/\\\/www.meydan.tv\\\/az\\\/#\\\/schema\\\/logo\\\/image\\\/\"}},{\"@type\":\"Person\",\"@id\":\"https:\\\/\\\/www.meydan.tv\\\/az\\\/#\\\/schema\\\/person\\\/10d11eccf6da3662cf5fdab9806ea91a\",\"name\":\"user-manager\"}]}<\/script>\n<!-- \/ Yoast SEO plugin. -->","yoast_head_json":{"title":"Ana: K\u00f6rp\u0259y\u0259 ''Pampers'' alma\u011fa pulum yoxdur, balam\u0131 sellofana b\u00fck\u00fcr\u0259m - MEYDAN.TV","robots":{"index":"index","follow":"follow","max-snippet":"max-snippet:-1","max-image-preview":"max-image-preview:large","max-video-preview":"max-video-preview:-1"},"canonical":"https:\/\/www.meydan.tv\/az\/article\/ana-korpeye-pampers-almaga-pulum-yoxdur-balami-sellofana-bukurem\/","og_locale":"az_AZ","og_type":"article","og_title":"Ana: K\u00f6rp\u0259y\u0259 ''Pampers'' alma\u011fa pulum yoxdur, balam\u0131 sellofana b\u00fck\u00fcr\u0259m - MEYDAN.TV","og_description":"\u0130smay\u0131ll\u0131 sakini i\u015fsizlikd\u0259n, \u015f\u0259raitsizlikd\u0259n gileylidir","og_url":"https:\/\/www.meydan.tv\/az\/article\/ana-korpeye-pampers-almaga-pulum-yoxdur-balami-sellofana-bukurem\/","og_site_name":"MEYDAN.TV","article_published_time":"2018-10-03T19:12:12+00:00","og_image":[{"width":960,"height":720,"url":"https:\/\/www.meydan.tv\/wp-content\/uploads\/43969.jpg","type":"image\/jpeg"}],"author":"user-manager","twitter_card":"summary_large_image","schema":{"@context":"https:\/\/schema.org","@graph":[{"@type":"Article","@id":"https:\/\/www.meydan.tv\/az\/article\/ana-korpeye-pampers-almaga-pulum-yoxdur-balami-sellofana-bukurem\/#article","isPartOf":{"@id":"https:\/\/www.meydan.tv\/az\/article\/ana-korpeye-pampers-almaga-pulum-yoxdur-balami-sellofana-bukurem\/"},"author":{"name":"user-manager","@id":"https:\/\/www.meydan.tv\/az\/#\/schema\/person\/10d11eccf6da3662cf5fdab9806ea91a"},"headline":"Ana: K\u00f6rp\u0259y\u0259 &#8221;Pampers&#8221; alma\u011fa pulum yoxdur, balam\u0131 sellofana b\u00fck\u00fcr\u0259m","datePublished":"2018-10-03T19:12:12+00:00","mainEntityOfPage":{"@id":"https:\/\/www.meydan.tv\/az\/article\/ana-korpeye-pampers-almaga-pulum-yoxdur-balami-sellofana-bukurem\/"},"wordCount":1009,"publisher":{"@id":"https:\/\/www.meydan.tv\/az\/#organization"},"image":{"@id":"https:\/\/www.meydan.tv\/az\/article\/ana-korpeye-pampers-almaga-pulum-yoxdur-balami-sellofana-bukurem\/#primaryimage"},"thumbnailUrl":"https:\/\/www.meydan.tv\/wp-content\/uploads\/43969.jpg","articleSection":["B\u00f6lg\u0259"],"inLanguage":"az"},{"@type":"WebPage","@id":"https:\/\/www.meydan.tv\/az\/article\/ana-korpeye-pampers-almaga-pulum-yoxdur-balami-sellofana-bukurem\/","url":"https:\/\/www.meydan.tv\/az\/article\/ana-korpeye-pampers-almaga-pulum-yoxdur-balami-sellofana-bukurem\/","name":"Ana: K\u00f6rp\u0259y\u0259 ''Pampers'' alma\u011fa pulum yoxdur, balam\u0131 sellofana b\u00fck\u00fcr\u0259m - MEYDAN.TV","isPartOf":{"@id":"https:\/\/www.meydan.tv\/az\/#website"},"primaryImageOfPage":{"@id":"https:\/\/www.meydan.tv\/az\/article\/ana-korpeye-pampers-almaga-pulum-yoxdur-balami-sellofana-bukurem\/#primaryimage"},"image":{"@id":"https:\/\/www.meydan.tv\/az\/article\/ana-korpeye-pampers-almaga-pulum-yoxdur-balami-sellofana-bukurem\/#primaryimage"},"thumbnailUrl":"https:\/\/www.meydan.tv\/wp-content\/uploads\/43969.jpg","datePublished":"2018-10-03T19:12:12+00:00","breadcrumb":{"@id":"https:\/\/www.meydan.tv\/az\/article\/ana-korpeye-pampers-almaga-pulum-yoxdur-balami-sellofana-bukurem\/#breadcrumb"},"inLanguage":"az","potentialAction":[{"@type":"ReadAction","target":["https:\/\/www.meydan.tv\/az\/article\/ana-korpeye-pampers-almaga-pulum-yoxdur-balami-sellofana-bukurem\/"]}]},{"@type":"ImageObject","inLanguage":"az","@id":"https:\/\/www.meydan.tv\/az\/article\/ana-korpeye-pampers-almaga-pulum-yoxdur-balami-sellofana-bukurem\/#primaryimage","url":"https:\/\/www.meydan.tv\/wp-content\/uploads\/43969.jpg","contentUrl":"https:\/\/www.meydan.tv\/wp-content\/uploads\/43969.jpg","width":960,"height":720,"caption":"Source:"},{"@type":"BreadcrumbList","@id":"https:\/\/www.meydan.tv\/az\/article\/ana-korpeye-pampers-almaga-pulum-yoxdur-balami-sellofana-bukurem\/#breadcrumb","itemListElement":[{"@type":"ListItem","position":1,"name":"Ana s\u0259hif\u0259","item":"https:\/\/www.meydan.tv\/az\/"},{"@type":"ListItem","position":2,"name":"B\u00f6lg\u0259","item":"https:\/\/www.meydan.tv\/az\/section\/bolge\/"},{"@type":"ListItem","position":3,"name":"Ana: K\u00f6rp\u0259y\u0259 &#8221;Pampers&#8221; alma\u011fa pulum yoxdur, balam\u0131 sellofana b\u00fck\u00fcr\u0259m"}]},{"@type":"WebSite","@id":"https:\/\/www.meydan.tv\/az\/#website","url":"https:\/\/www.meydan.tv\/az\/","name":"MEYDAN.TV","description":"Meydan TV Az\u0259rbaycan\u0131n media m\u0259kan\u0131ndak\u0131 alternativ s\u0259sidir","publisher":{"@id":"https:\/\/www.meydan.tv\/az\/#organization"},"potentialAction":[{"@type":"SearchAction","target":{"@type":"EntryPoint","urlTemplate":"https:\/\/www.meydan.tv\/az\/?s={search_term_string}"},"query-input":{"@type":"PropertyValueSpecification","valueRequired":true,"valueName":"search_term_string"}}],"inLanguage":"az"},{"@type":"Organization","@id":"https:\/\/www.meydan.tv\/az\/#organization","name":"Meydan TV","url":"https:\/\/www.meydan.tv\/az\/","logo":{"@type":"ImageObject","inLanguage":"az","@id":"https:\/\/www.meydan.tv\/az\/#\/schema\/logo\/image\/","url":"https:\/\/www.meydan.tv\/wp-content\/uploads\/2021\/07\/meydan-logo.svg","contentUrl":"https:\/\/www.meydan.tv\/wp-content\/uploads\/2021\/07\/meydan-logo.svg","width":195,"height":46,"caption":"Meydan TV"},"image":{"@id":"https:\/\/www.meydan.tv\/az\/#\/schema\/logo\/image\/"}},{"@type":"Person","@id":"https:\/\/www.meydan.tv\/az\/#\/schema\/person\/10d11eccf6da3662cf5fdab9806ea91a","name":"user-manager"}]}},"_links":{"self":[{"href":"https:\/\/www.meydan.tv\/az\/wp-json\/wp\/v2\/posts\/191952","targetHints":{"allow":["GET"]}}],"collection":[{"href":"https:\/\/www.meydan.tv\/az\/wp-json\/wp\/v2\/posts"}],"about":[{"href":"https:\/\/www.meydan.tv\/az\/wp-json\/wp\/v2\/types\/post"}],"author":[{"embeddable":true,"href":"https:\/\/www.meydan.tv\/az\/wp-json\/wp\/v2\/users\/11"}],"replies":[{"embeddable":true,"href":"https:\/\/www.meydan.tv\/az\/wp-json\/wp\/v2\/comments?post=191952"}],"version-history":[{"count":0,"href":"https:\/\/www.meydan.tv\/az\/wp-json\/wp\/v2\/posts\/191952\/revisions"}],"wp:featuredmedia":[{"embeddable":true,"href":"https:\/\/www.meydan.tv\/az\/wp-json\/wp\/v2\/media\/110504"}],"wp:attachment":[{"href":"https:\/\/www.meydan.tv\/az\/wp-json\/wp\/v2\/media?parent=191952"}],"wp:term":[{"taxonomy":"category","embeddable":true,"href":"https:\/\/www.meydan.tv\/az\/wp-json\/wp\/v2\/categories?post=191952"},{"taxonomy":"post_tag","embeddable":true,"href":"https:\/\/www.meydan.tv\/az\/wp-json\/wp\/v2\/tags?post=191952"}],"curies":[{"name":"wp","href":"https:\/\/api.w.org\/{rel}","templated":true}]}}