{"id":191949,"date":"2018-10-03T18:05:24","date_gmt":"2018-10-03T18:05:24","guid":{"rendered":"https:\/\/www.meydan.tv\/article\/bu-xalq-duzelen-deyil-deyen-acizler\/"},"modified":"2018-10-03T18:05:24","modified_gmt":"2018-10-03T18:05:24","slug":"bu-xalq-duzelen-deyil-deyen-acizler","status":"publish","type":"post","link":"https:\/\/www.meydan.tv\/az\/article\/bu-xalq-duzelen-deyil-deyen-acizler\/","title":{"rendered":"&#8221;Bu xalq d\u00fcz\u0259l\u0259n deyil&#8221; dey\u0259n acizl\u0259r"},"content":{"rendered":"<figure class=\"wp-block-image size-large\">\n  <img decoding=\"async\" src=\"https:\/\/www.meydan.tv\/az\/orxan-adigozel-3\/\" alt=\"Orxan Ad\u0131g\u00f6z\u0259l\" class=\"wp-image-95247\"\/><figcaption>\n    Orxan Ad\u0131g\u00f6z\u0259l<br \/>\n  <\/figcaption><\/figure>\n<p>\n  \u201cYoutube\u201dd\u0259 d\u00fcr\u00fcstl\u00fckl\u0259 ba\u011fl\u0131 maraql\u0131 bir prank (gizli video\u00e7\u0259kili\u015f) var.\n<\/p>\n<p>\n  Dem\u0259li, Amerikan\u0131n \u201cprank \u00e7\u0259k\u0259n ustas\u0131\u201d kimi ad qazanm\u0131\u015f Adrian Gee sosial eksperiment aparmaq niyy\u0259ti il\u0259 \u00f6z\u00fcn\u00fc g\u00f6rm\u0259 m\u0259hdudiyy\u0259tli \u015f\u0259xs kimi t\u0259qdim ed\u0259r\u0259k, cibind\u0259n \u00e7\u0131xard\u0131\u011f\u0131 50 dollar\u0131 qar\u015f\u0131s\u0131na \u00e7\u0131xanlara uzad\u0131b, \u201c5 dollar\u0131m\u0131 x\u0131rdalay\u0131n\u201d dey\u0259 xahi\u015f edib.\n<\/p>\n<p>\n  Bu prank insanlar\u0131n d\u00fcr\u00fcstl\u00fcy\u00fcn\u00fc yoxlama\u011fa hesablan\u0131b. Adrian\u0131n qar\u015f\u0131s\u0131na \u00e7\u0131xan adamlar\u0131n \u0259ks\u0259riyy\u0259ti onu aldatma\u011fa \u00e7al\u0131\u015f\u0131blar. Bir \u00e7oxu h\u0259tta onun el\u0259 v\u0259ziyy\u0259tind\u0259n istifad\u0259 ed\u0259r\u0259k, pulu \u0259lind\u0259n alandan sonra qa\u00e7ma\u011fa c\u0259hd edib.\n<\/p>\n<p>\n  Dostumuz Qurban M\u0259mm\u0259dli eyni prank\u0131 Az\u0259rbaycanda da \u00e7\u0259kib, ictimail\u0259\u015fdirdi. O, bu eksperimenti \u015f\u0259h\u0259rin m\u0259rk\u0259zind\u0259n k\u0259narda, azt\u0259minatl\u0131 t\u0259b\u0259q\u0259nin yolunun \u00fcst\u00fc say\u0131lan \u0259razid\u0259 realla\u015fd\u0131rd\u0131.\n<\/p>\n<p>\n  Videonu izl\u0259y\u0259nd\u0259 \u00e7ox t\u0259sirl\u0259ndim. \u00c7\u0259kili\u015f\u0259 tu\u015f g\u0259l\u0259nl\u0259rd\u0259n he\u00e7 biri onu aldatma\u011fa c\u0259hd etm\u0259di. \u0130nsanlar\u0131m\u0131z\u0131n nec\u0259 m\u0259rh\u0259m\u0259tli oldu\u011funa bir daha \u0259min oldum.\n<\/p>\n<p>\n  B\u0259li, bizim insanlar\u0131m\u0131z m\u0259rh\u0259m\u0259tlidir! M\u0259rh\u0259m\u0259tli insan\u0131n \u0259sas \u00f6z\u0259llikl\u0259ri &#8211; \u0259z\u0259 bildiyi halda \u0259zmir, \u00f6ld\u00fcr\u0259 bildiyi halda \u00f6ld\u00fcrm\u00fcr, istismar ed\u0259 bildiyi halda istismar etmir. \u00d6z h\u0259yat\u0131n\u0131 rahat ya\u015famaq ist\u0259yir. Xo\u015fb\u0259xtliyini ba\u015fqalar\u0131n\u0131n b\u0259db\u0259xtliyi, iztirablar\u0131, g\u00f6z ya\u015flar\u0131 \u00fcz\u0259rind\u0259 qurmur.\n<\/p>\n<p>\n  S\u0259f\u0259r etdiyim dig\u0259r c\u0259miyy\u0259tl\u0259rd\u0259n he\u00e7 birind\u0259 az\u0259rbaycanl\u0131lar q\u0259d\u0259r m\u0259rh\u0259m\u0259tlil\u0259rin\u0259 rast g\u0259lm\u0259mi\u015f\u0259m. \u0130nan\u0131n, m\u00fcbali\u011f\u0259 etmir\u0259m. Rusiya, Ukrayna v\u0259 Avropan\u0131n b\u00f6y\u00fck \u015f\u0259h\u0259rl\u0259rind\u0259 insanlar\u0131n soyuq m\u00fcnasib\u0259tl\u0259rini g\u00f6r\u0259nd\u0259n sonra bu n\u0259tic\u0259y\u0259 g\u0259ldim.\n<\/p>\n<p>\n  Dey\u0259 bil\u0259rsiniz ki, b\u00f6y\u00fck \u015f\u0259h\u0259rl\u0259r\u0259 soyuq m\u00fcnasib\u0259tl\u0259r xasd\u0131r. Amma Qurban\u0131n \u00e7\u0259kili\u015f etdiyi Bak\u0131 da ki\u00e7ik \u015f\u0259h\u0259r deyil.\n<\/p>\n<p>\n  \u018flb\u0259tt\u0259, bir \u00e7\u0259kili\u015fl\u0259 m\u00fcqayis\u0259 apar\u0131b, kimin daha m\u0259rh\u0259m\u0259tli oldu\u011fu iddias\u0131na varmaq m\u0259ntiq\u0259 uy\u011fun say\u0131lmaz. M\u0259n bu n\u0259tic\u0259y\u0259 ill\u0259r boyu etdiyim m\u00fc\u015fahid\u0259l\u0259r v\u0259 d\u00fc\u015fd\u00fcy\u00fcm situasiyalara uy\u011fun t\u0259hlil apararaq g\u0259lmi\u015f\u0259m. H\u0259r \u015feyi subyektiv g\u00f6t\u00fcrm\u00fcr\u0259m v\u0259 bu, \u00fcmumil\u0259\u015fdirm\u0259 deyil. Bel\u0259 hallarla qar\u015f\u0131la\u015fan dost-tan\u0131\u015flar\u0131m\u0131n da r\u0259yi eynidir ki, bu da obyektiv yana\u015fma dem\u0259kdir.\n<\/p>\n<p>\n  Bir d\u0259f\u0259 Az\u0259rbaycana qonaq g\u0259l\u0259n bir \u015f\u0259xsl\u0259 s\u00f6hb\u0259t edirdim, onunla Bak\u0131 sakinl\u0259rinin xarici qonaqlara m\u00fcnasib\u0259tini d\u0259 m\u00fczakir\u0259 el\u0259dik. Qonaq \u015f\u0259h\u0259r sakinl\u0259rinin istiqanl\u0131 v\u0259 yard\u0131msev\u0259rliyini, bunun m\u0259n\u0259vi d\u0259y\u0259r oldu\u011funu dedi.\n<\/p>\n<p>\n  Ham\u0131dan \u015f\u0259xsi \u0259xlaq g\u00f6zl\u0259m\u0259k sad\u0259l\u00f6vhl\u00fckd\u00fcr. H\u0259r \u015fey sistemin dikt\u0259si il\u0259 olur.\n<\/p>\n<p>\n  S\u00f6hb\u0259t \u00fcmum\u0259n bizim sad\u0259 xalq\u0131n n\u00fcmay\u0259nd\u0259l\u0259rind\u0259n gedir.\n<\/p>\n<p>\n  R\u00fc\u015fv\u0259tl\u0259 v\u0259zif\u0259 ba\u015f\u0131na g\u0259lib, vicdans\u0131z h\u0259yat t\u0259rzini \u00f6z\u00fcn\u0259 r\u0259va bil\u0259nl\u0259ri bu s\u0131raya daxil etmir\u0259m. Onsuz da o s\u0131raya daxil olanlar \u00f6zl\u0259rini bu xalqdan saym\u0131rlar. Onlar, \u00fcmumiyy\u0259tl\u0259, ba\u015fqa planetd\u0259ndirl\u0259r. Planetl\u0259rinin ad\u0131 is\u0259 \u015e\u018fR planetidir.\n<\/p>\n<p>\n  T\u0259\u0259ss\u00fcf ki, h\u0259min planetin xalq\u0131m\u0131za t\u0259siri qa\u00e7\u0131lmazd\u0131r. M\u0259hz o planetin m\u0259xluqlar\u0131 xalq\u0131m\u0131za yalan\u00e7\u0131 yarl\u0131qlar yap\u0131\u015fd\u0131ranlard\u0131r, onlar \u201cbizim xalq m\u0259d\u0259niyy\u0259td\u0259n uzaqd\u0131r\u201d, \u201che\u00e7 n\u0259 d\u00fcz\u0259l\u0259n deyil\u201d kimi absurd v\u0259 a\u015fa\u011f\u0131lay\u0131c\u0131 s\u00f6hb\u0259tl\u0259ri c\u0259miyy\u0259t aras\u0131nda d\u00f6vriyy\u0259y\u0259 burax\u0131blar. H\u0259min b\u0259dbin v\u0259 idbar ifad\u0259l\u0259r\u0259 h\u0259r yerd\u0259 rast g\u0259lirik. Bu c\u00fcr ifad\u0259l\u0259r insanlar\u0131n ya\u015fam, m\u00fcbariz\u0259 e\u015fqini v\u0259 \u00fcmidini sars\u0131tma\u011fa hesablan\u0131b.\n<\/p>\n<p>\n  Bizd\u0259 sad\u0259c\u0259 a\u011f\u0131r iqtisadi-sosial durumun m\u0259nfi n\u0259tic\u0259l\u0259ri insanlar\u0131m\u0131z\u0131n qay\u011f\u0131lar\u0131n\u0131 \u00e7oxald\u0131b, ona g\u00f6r\u0259 d\u0259 son vaxtlar aqressivlik art\u0131b.\n<\/p>\n<p>\n  Xalq m\u00fcc\u0259rr\u0259d anlay\u0131\u015fd\u0131r. Xalq\u0131n m\u0259nfi v\u0259 ya m\u00fcsb\u0259t t\u0259r\u0259f\u0259 formala\u015fmas\u0131nda \u0259sas rol oynayan &#8211; idar\u0259\u00e7il\u0259rdir. C\u0259miyy\u0259td\u0259ki probleml\u0259r\u0259 \u0259sas cavabdehlik da\u015f\u0131yanlar idar\u0259\u00e7il\u0259rdir. Xalq\u0131 orkestr\u0259 b\u0259nz\u0259ts\u0259k, idar\u0259\u00e7il\u0259r dirijor kimidir, \u00e7ubuq onlar\u0131n \u0259lind\u0259dir.\n<\/p>\n<p>\n  Bir \u00e7ox sakin (onlara v\u0259t\u0259nda\u015f demir\u0259m, v\u0259t\u0259nda\u015f \u00f6z\u00fcn\u00fc \u00f6z \u00f6lk\u0259sind\u0259 kiray\u0259 qalan kimi aparmaz) m\u0259suliyy\u0259td\u0259n yaxa qurtarmaq \u00fc\u00e7\u00fcn h\u0259r \u015feyi xalq\u0131n \u00fcst\u00fcn\u0259 at\u0131r. \u018fn \u00e7ox i\u015fl\u0259tdikl\u0259ri c\u00fcml\u0259 d\u0259 \u201cbu xalq d\u00fcz\u0259l\u0259n deyil\u201d ifad\u0259sidir. Siyasi savad\u0131 a\u015fa\u011f\u0131 olan h\u0259min k\u0259sim t\u0259hlil ed\u0259 bilmir ki, idar\u0259\u00e7ilik nec\u0259 g\u00fccl\u00fc q\u00fcvv\u0259dir.\n<\/p>\n<p>\n  Azad d\u00fc\u015f\u00fcnc\u0259d\u0259n vampirl\u0259r g\u00fcn\u0259\u015f i\u015f\u0131\u011f\u0131ndan qorxan kimi qorxurlar. \u00dcmid dolu m\u00fcbariz\u0259 aparan birini g\u00f6rm\u0259k onlar\u0131 q\u0131c\u0131qland\u0131r\u0131r. \u015e\u00fcarlar\u0131 bel\u0259dir: \u201cHam\u0131 bizim kimi ita\u0259tkar olub, dur\u011funluq d\u0259nizind\u0259 \u00fczs\u00fcn!\u201d\n<\/p>\n<p>\n  H\u0259l\u0259 ortaya ba\u015fqa s\u00f6hb\u0259t d\u0259 at\u0131blar. Guya biz demokratiyaya haz\u0131r deyilik. El\u0259 bil 1918-ci ild\u0259 ilk d\u0259f\u0259 M\u00fcs\u0259lman \u015e\u0259rqind\u0259 demokratik respublika bu m\u0259ml\u0259k\u0259td\u0259 qurulmam\u0131\u015fd\u0131. El\u0259 bil ill\u0259rdir \u00f6lk\u0259nin demokratikl\u0259\u015fm\u0259si v\u0259 b\u0259rab\u0259r h\u00fcququn b\u0259rpas\u0131 u\u011frunda m\u00fccadil\u0259sin\u0259 g\u00f6r\u0259 siyasi motivl\u0259 h\u0259bs olunan v\u0259 ill\u0259rdir h\u0259bsd\u0259 qalan onlarla adam bizimkil\u0259r deyil.\n<\/p>\n<p>\n  \u018fg\u0259r \u00f6lk\u0259mizin m\u00fcst\u0259qilliyini b\u0259rq\u0259rar etdikd\u0259n ta bu g\u00fcn\u0259 kimi d\u00fczg\u00fcn, \u0259dal\u0259tli idar\u0259\u00e7ilik olsayd\u0131, indi b\u0259lk\u0259 d\u0259 \u00c7exiya kimi bir d\u00f6vl\u0259t\u0259 \u00e7evirilmi\u015fdik.\n<\/p>\n<p>\n  Xalq\u0131m\u0131z tez ip\u0259-sapa yatan xalqd\u0131r. \u0130dar\u0259\u00e7ilik d\u00fcz\u0259ls\u0259, t\u0259hsil\u0259 keyfiyy\u0259t g\u0259ls\u0259, xalq\u0131n m\u0259d\u0259ni s\u0259viyy\u0259si v\u0259 rifah\u0131 y\u00fcks\u0259l\u0259c\u0259k. Buna \u0259min olun.\n<\/p>\n<p>\n  X\u0259st\u0259l\u0259ri sa\u011faltmaq \u0259v\u0259zin\u0259, onlar\u0131 daha da x\u0259st\u0259l\u0259ndir\u0259n h\u0259kiml\u0259r, t\u0259hsil v\u0259 t\u0259dris verm\u0259k yerin\u0259 \u015fagirdl\u0259ri daha da bilgisiz ed\u0259n m\u00fc\u0259lliml\u0259r, h\u00fcquqlar\u0131m\u0131z\u0131 qorumaq \u0259v\u0259zin\u0259, onlar\u0131 tapdayan polisl\u0259r &#8211; b\u0259li, bunlar ham\u0131s\u0131 bizim i\u00e7imizd\u0259n \u00e7\u0131x\u0131b.\n<\/p>\n<p>\n  \u018fdal\u0259tli sistem milliy\u0259tind\u0259n v\u0259 m\u0259n\u015f\u0259yind\u0259n as\u0131l\u0131 olmayaraq, insanlar\u0131n i\u00e7ind\u0259ki m\u0259nfi ist\u0259kl\u0259ri m\u0259hdudla\u015fd\u0131r\u0131r. Bizd\u0259 is\u0259 t\u0259\u0259ss\u00fcf ki, \u0259dal\u0259tli sistem g\u00f6z\u0259 d\u0259ymir.\n<\/p>\n<p>\n  Ham\u0131dan \u015f\u0259xsi \u0259xlaq g\u00f6zl\u0259m\u0259k sad\u0259l\u00f6vhl\u00fckd\u00fcr. H\u0259r \u015fey sistemin dikt\u0259si il\u0259 olur. Frans\u0131z filosofu Mixel de Montanenin t\u0259birinc\u0259 des\u0259k, \u0259dal\u0259t olmayan yerd\u0259 \u0259xlaq da yoxdur.\n<\/p>\n<p>\n  Bu q\u0259d\u0259r z\u00fclm\u00fcn v\u0259 m\u0259hrumiyy\u0259tl\u0259rin qar\u015f\u0131s\u0131nda m\u0259tan\u0259tl\u0259 duru\u015f g\u0259tir\u0259n Az\u0259rbaycan xalq\u0131 m\u0259rh\u0259m\u0259t hissini v\u0259 m\u0259n\u0259vi d\u0259y\u0259rl\u0259rini itirm\u0259yibs\u0259, dem\u0259li, \u0259ll\u0259rind\u0259 dirijor \u00e7ubu\u011fu tutanlar ist\u0259kl\u0259rin\u0259 nail ola bilm\u0259yibl\u0259r.\n<\/p>\n<p>\n  D\u00fcnyada avtoritar rejiml\u0259rin dayaqlar\u0131 v\u0259 n\u00fcfuzu g\u00fcn\u00fc-g\u00fcnd\u0259n sars\u0131l\u0131r. \u018fmin olun ki, \u00f6lk\u0259miz\u0259 z\u0259li kimi yap\u0131\u015fm\u0131\u015f \u015e\u018fR planeti d\u0259 da\u011f\u0131lacaq.\n<\/p>\n<p>\n  <i><br \/>\n    <b><br \/>\n      Yaz\u0131 m\u00fc\u0259llifin fikirl\u0259rini \u0259ks etdirir v\u0259 Meydan TV-nin m\u00f6vqeyi il\u0259 \u00fcst-\u00fcst\u0259 d\u00fc\u015fm\u0259y\u0259 bil\u0259r.<br \/>\n    <\/b><br \/>\n  <\/i>\n<\/p><\/p>\n","protected":false},"excerpt":{"rendered":"<p>\u201cYoutube\u201dd\u0259 d\u00fcr\u00fcstl\u00fckl\u0259 ba\u011fl\u0131 maraql\u0131 bir prank (gizli video\u00e7\u0259kili\u015f) var.<\/p>\n","protected":false},"author":11,"featured_media":95247,"comment_status":"closed","ping_status":"open","sticky":false,"template":"","format":"standard","meta":{"_acf_changed":false,"_sitemap_exclude":false,"_sitemap_priority":"","_sitemap_frequency":"","footnotes":""},"categories":[57],"tags":[],"class_list":["post-191949","post","type-post","status-publish","format-standard","has-post-thumbnail","hentry","category-menim-fikrimce","infinite-scroll-item","generate-columns","tablet-grid-50","mobile-grid-100","grid-parent","grid-33","no-featured-image-padding"],"acf":[],"yoast_head":"<!-- This site is optimized with the Yoast SEO plugin v27.4 - https:\/\/yoast.com\/product\/yoast-seo-wordpress\/ -->\n<title>&#039;&#039;Bu xalq d\u00fcz\u0259l\u0259n deyil&#039;&#039; dey\u0259n acizl\u0259r - MEYDAN.TV<\/title>\n<meta name=\"robots\" content=\"index, follow, max-snippet:-1, max-image-preview:large, max-video-preview:-1\" \/>\n<link rel=\"canonical\" href=\"https:\/\/www.meydan.tv\/az\/article\/bu-xalq-duzelen-deyil-deyen-acizler\/\" \/>\n<meta property=\"og:locale\" content=\"az_AZ\" \/>\n<meta property=\"og:type\" content=\"article\" \/>\n<meta property=\"og:title\" content=\"&#039;&#039;Bu xalq d\u00fcz\u0259l\u0259n deyil&#039;&#039; dey\u0259n acizl\u0259r - MEYDAN.TV\" \/>\n<meta property=\"og:description\" content=\"\u201cYoutube\u201dd\u0259 d\u00fcr\u00fcstl\u00fckl\u0259 ba\u011fl\u0131 maraql\u0131 bir prank (gizli video\u00e7\u0259kili\u015f) var.\" \/>\n<meta property=\"og:url\" content=\"https:\/\/www.meydan.tv\/az\/article\/bu-xalq-duzelen-deyil-deyen-acizler\/\" \/>\n<meta property=\"og:site_name\" content=\"MEYDAN.TV\" \/>\n<meta property=\"article:published_time\" content=\"2018-10-03T18:05:24+00:00\" \/>\n<meta property=\"og:image\" content=\"https:\/\/www.meydan.tv\/wp-content\/uploads\/37636.jpg\" \/>\n\t<meta property=\"og:image:width\" content=\"2048\" \/>\n\t<meta property=\"og:image:height\" content=\"1365\" \/>\n\t<meta property=\"og:image:type\" content=\"image\/jpeg\" \/>\n<meta name=\"author\" content=\"user-manager\" \/>\n<meta name=\"twitter:card\" content=\"summary_large_image\" \/>\n<script type=\"application\/ld+json\" class=\"yoast-schema-graph\">{\"@context\":\"https:\\\/\\\/schema.org\",\"@graph\":[{\"@type\":\"Article\",\"@id\":\"https:\\\/\\\/www.meydan.tv\\\/az\\\/article\\\/bu-xalq-duzelen-deyil-deyen-acizler\\\/#article\",\"isPartOf\":{\"@id\":\"https:\\\/\\\/www.meydan.tv\\\/az\\\/article\\\/bu-xalq-duzelen-deyil-deyen-acizler\\\/\"},\"author\":{\"name\":\"user-manager\",\"@id\":\"https:\\\/\\\/www.meydan.tv\\\/az\\\/#\\\/schema\\\/person\\\/10d11eccf6da3662cf5fdab9806ea91a\"},\"headline\":\"&#8221;Bu xalq d\u00fcz\u0259l\u0259n deyil&#8221; dey\u0259n acizl\u0259r\",\"datePublished\":\"2018-10-03T18:05:24+00:00\",\"mainEntityOfPage\":{\"@id\":\"https:\\\/\\\/www.meydan.tv\\\/az\\\/article\\\/bu-xalq-duzelen-deyil-deyen-acizler\\\/\"},\"wordCount\":1317,\"publisher\":{\"@id\":\"https:\\\/\\\/www.meydan.tv\\\/az\\\/#organization\"},\"image\":{\"@id\":\"https:\\\/\\\/www.meydan.tv\\\/az\\\/article\\\/bu-xalq-duzelen-deyil-deyen-acizler\\\/#primaryimage\"},\"thumbnailUrl\":\"https:\\\/\\\/www.meydan.tv\\\/wp-content\\\/uploads\\\/37636.jpg\",\"articleSection\":[\"M\u0259nim Fikrimc\u0259\"],\"inLanguage\":\"az\"},{\"@type\":\"WebPage\",\"@id\":\"https:\\\/\\\/www.meydan.tv\\\/az\\\/article\\\/bu-xalq-duzelen-deyil-deyen-acizler\\\/\",\"url\":\"https:\\\/\\\/www.meydan.tv\\\/az\\\/article\\\/bu-xalq-duzelen-deyil-deyen-acizler\\\/\",\"name\":\"''Bu xalq d\u00fcz\u0259l\u0259n deyil'' dey\u0259n acizl\u0259r - MEYDAN.TV\",\"isPartOf\":{\"@id\":\"https:\\\/\\\/www.meydan.tv\\\/az\\\/#website\"},\"primaryImageOfPage\":{\"@id\":\"https:\\\/\\\/www.meydan.tv\\\/az\\\/article\\\/bu-xalq-duzelen-deyil-deyen-acizler\\\/#primaryimage\"},\"image\":{\"@id\":\"https:\\\/\\\/www.meydan.tv\\\/az\\\/article\\\/bu-xalq-duzelen-deyil-deyen-acizler\\\/#primaryimage\"},\"thumbnailUrl\":\"https:\\\/\\\/www.meydan.tv\\\/wp-content\\\/uploads\\\/37636.jpg\",\"datePublished\":\"2018-10-03T18:05:24+00:00\",\"breadcrumb\":{\"@id\":\"https:\\\/\\\/www.meydan.tv\\\/az\\\/article\\\/bu-xalq-duzelen-deyil-deyen-acizler\\\/#breadcrumb\"},\"inLanguage\":\"az\",\"potentialAction\":[{\"@type\":\"ReadAction\",\"target\":[\"https:\\\/\\\/www.meydan.tv\\\/az\\\/article\\\/bu-xalq-duzelen-deyil-deyen-acizler\\\/\"]}]},{\"@type\":\"ImageObject\",\"inLanguage\":\"az\",\"@id\":\"https:\\\/\\\/www.meydan.tv\\\/az\\\/article\\\/bu-xalq-duzelen-deyil-deyen-acizler\\\/#primaryimage\",\"url\":\"https:\\\/\\\/www.meydan.tv\\\/wp-content\\\/uploads\\\/37636.jpg\",\"contentUrl\":\"https:\\\/\\\/www.meydan.tv\\\/wp-content\\\/uploads\\\/37636.jpg\",\"width\":2048,\"height\":1365,\"caption\":\"Source:\"},{\"@type\":\"BreadcrumbList\",\"@id\":\"https:\\\/\\\/www.meydan.tv\\\/az\\\/article\\\/bu-xalq-duzelen-deyil-deyen-acizler\\\/#breadcrumb\",\"itemListElement\":[{\"@type\":\"ListItem\",\"position\":1,\"name\":\"Ana s\u0259hif\u0259\",\"item\":\"https:\\\/\\\/www.meydan.tv\\\/az\\\/\"},{\"@type\":\"ListItem\",\"position\":2,\"name\":\"M\u0259nim Fikrimc\u0259\",\"item\":\"https:\\\/\\\/www.meydan.tv\\\/az\\\/section\\\/menim-fikrimce\\\/\"},{\"@type\":\"ListItem\",\"position\":3,\"name\":\"&#8221;Bu xalq d\u00fcz\u0259l\u0259n deyil&#8221; dey\u0259n acizl\u0259r\"}]},{\"@type\":\"WebSite\",\"@id\":\"https:\\\/\\\/www.meydan.tv\\\/az\\\/#website\",\"url\":\"https:\\\/\\\/www.meydan.tv\\\/az\\\/\",\"name\":\"MEYDAN.TV\",\"description\":\"Meydan TV Az\u0259rbaycan\u0131n media m\u0259kan\u0131ndak\u0131 alternativ s\u0259sidir\",\"publisher\":{\"@id\":\"https:\\\/\\\/www.meydan.tv\\\/az\\\/#organization\"},\"potentialAction\":[{\"@type\":\"SearchAction\",\"target\":{\"@type\":\"EntryPoint\",\"urlTemplate\":\"https:\\\/\\\/www.meydan.tv\\\/az\\\/?s={search_term_string}\"},\"query-input\":{\"@type\":\"PropertyValueSpecification\",\"valueRequired\":true,\"valueName\":\"search_term_string\"}}],\"inLanguage\":\"az\"},{\"@type\":\"Organization\",\"@id\":\"https:\\\/\\\/www.meydan.tv\\\/az\\\/#organization\",\"name\":\"Meydan TV\",\"url\":\"https:\\\/\\\/www.meydan.tv\\\/az\\\/\",\"logo\":{\"@type\":\"ImageObject\",\"inLanguage\":\"az\",\"@id\":\"https:\\\/\\\/www.meydan.tv\\\/az\\\/#\\\/schema\\\/logo\\\/image\\\/\",\"url\":\"https:\\\/\\\/www.meydan.tv\\\/wp-content\\\/uploads\\\/2021\\\/07\\\/meydan-logo.svg\",\"contentUrl\":\"https:\\\/\\\/www.meydan.tv\\\/wp-content\\\/uploads\\\/2021\\\/07\\\/meydan-logo.svg\",\"width\":195,\"height\":46,\"caption\":\"Meydan TV\"},\"image\":{\"@id\":\"https:\\\/\\\/www.meydan.tv\\\/az\\\/#\\\/schema\\\/logo\\\/image\\\/\"}},{\"@type\":\"Person\",\"@id\":\"https:\\\/\\\/www.meydan.tv\\\/az\\\/#\\\/schema\\\/person\\\/10d11eccf6da3662cf5fdab9806ea91a\",\"name\":\"user-manager\"}]}<\/script>\n<!-- \/ Yoast SEO plugin. -->","yoast_head_json":{"title":"''Bu xalq d\u00fcz\u0259l\u0259n deyil'' dey\u0259n acizl\u0259r - MEYDAN.TV","robots":{"index":"index","follow":"follow","max-snippet":"max-snippet:-1","max-image-preview":"max-image-preview:large","max-video-preview":"max-video-preview:-1"},"canonical":"https:\/\/www.meydan.tv\/az\/article\/bu-xalq-duzelen-deyil-deyen-acizler\/","og_locale":"az_AZ","og_type":"article","og_title":"''Bu xalq d\u00fcz\u0259l\u0259n deyil'' dey\u0259n acizl\u0259r - MEYDAN.TV","og_description":"\u201cYoutube\u201dd\u0259 d\u00fcr\u00fcstl\u00fckl\u0259 ba\u011fl\u0131 maraql\u0131 bir prank (gizli video\u00e7\u0259kili\u015f) var.","og_url":"https:\/\/www.meydan.tv\/az\/article\/bu-xalq-duzelen-deyil-deyen-acizler\/","og_site_name":"MEYDAN.TV","article_published_time":"2018-10-03T18:05:24+00:00","og_image":[{"width":2048,"height":1365,"url":"https:\/\/www.meydan.tv\/wp-content\/uploads\/37636.jpg","type":"image\/jpeg"}],"author":"user-manager","twitter_card":"summary_large_image","schema":{"@context":"https:\/\/schema.org","@graph":[{"@type":"Article","@id":"https:\/\/www.meydan.tv\/az\/article\/bu-xalq-duzelen-deyil-deyen-acizler\/#article","isPartOf":{"@id":"https:\/\/www.meydan.tv\/az\/article\/bu-xalq-duzelen-deyil-deyen-acizler\/"},"author":{"name":"user-manager","@id":"https:\/\/www.meydan.tv\/az\/#\/schema\/person\/10d11eccf6da3662cf5fdab9806ea91a"},"headline":"&#8221;Bu xalq d\u00fcz\u0259l\u0259n deyil&#8221; dey\u0259n acizl\u0259r","datePublished":"2018-10-03T18:05:24+00:00","mainEntityOfPage":{"@id":"https:\/\/www.meydan.tv\/az\/article\/bu-xalq-duzelen-deyil-deyen-acizler\/"},"wordCount":1317,"publisher":{"@id":"https:\/\/www.meydan.tv\/az\/#organization"},"image":{"@id":"https:\/\/www.meydan.tv\/az\/article\/bu-xalq-duzelen-deyil-deyen-acizler\/#primaryimage"},"thumbnailUrl":"https:\/\/www.meydan.tv\/wp-content\/uploads\/37636.jpg","articleSection":["M\u0259nim Fikrimc\u0259"],"inLanguage":"az"},{"@type":"WebPage","@id":"https:\/\/www.meydan.tv\/az\/article\/bu-xalq-duzelen-deyil-deyen-acizler\/","url":"https:\/\/www.meydan.tv\/az\/article\/bu-xalq-duzelen-deyil-deyen-acizler\/","name":"''Bu xalq d\u00fcz\u0259l\u0259n deyil'' dey\u0259n acizl\u0259r - MEYDAN.TV","isPartOf":{"@id":"https:\/\/www.meydan.tv\/az\/#website"},"primaryImageOfPage":{"@id":"https:\/\/www.meydan.tv\/az\/article\/bu-xalq-duzelen-deyil-deyen-acizler\/#primaryimage"},"image":{"@id":"https:\/\/www.meydan.tv\/az\/article\/bu-xalq-duzelen-deyil-deyen-acizler\/#primaryimage"},"thumbnailUrl":"https:\/\/www.meydan.tv\/wp-content\/uploads\/37636.jpg","datePublished":"2018-10-03T18:05:24+00:00","breadcrumb":{"@id":"https:\/\/www.meydan.tv\/az\/article\/bu-xalq-duzelen-deyil-deyen-acizler\/#breadcrumb"},"inLanguage":"az","potentialAction":[{"@type":"ReadAction","target":["https:\/\/www.meydan.tv\/az\/article\/bu-xalq-duzelen-deyil-deyen-acizler\/"]}]},{"@type":"ImageObject","inLanguage":"az","@id":"https:\/\/www.meydan.tv\/az\/article\/bu-xalq-duzelen-deyil-deyen-acizler\/#primaryimage","url":"https:\/\/www.meydan.tv\/wp-content\/uploads\/37636.jpg","contentUrl":"https:\/\/www.meydan.tv\/wp-content\/uploads\/37636.jpg","width":2048,"height":1365,"caption":"Source:"},{"@type":"BreadcrumbList","@id":"https:\/\/www.meydan.tv\/az\/article\/bu-xalq-duzelen-deyil-deyen-acizler\/#breadcrumb","itemListElement":[{"@type":"ListItem","position":1,"name":"Ana s\u0259hif\u0259","item":"https:\/\/www.meydan.tv\/az\/"},{"@type":"ListItem","position":2,"name":"M\u0259nim Fikrimc\u0259","item":"https:\/\/www.meydan.tv\/az\/section\/menim-fikrimce\/"},{"@type":"ListItem","position":3,"name":"&#8221;Bu xalq d\u00fcz\u0259l\u0259n deyil&#8221; dey\u0259n acizl\u0259r"}]},{"@type":"WebSite","@id":"https:\/\/www.meydan.tv\/az\/#website","url":"https:\/\/www.meydan.tv\/az\/","name":"MEYDAN.TV","description":"Meydan TV Az\u0259rbaycan\u0131n media m\u0259kan\u0131ndak\u0131 alternativ s\u0259sidir","publisher":{"@id":"https:\/\/www.meydan.tv\/az\/#organization"},"potentialAction":[{"@type":"SearchAction","target":{"@type":"EntryPoint","urlTemplate":"https:\/\/www.meydan.tv\/az\/?s={search_term_string}"},"query-input":{"@type":"PropertyValueSpecification","valueRequired":true,"valueName":"search_term_string"}}],"inLanguage":"az"},{"@type":"Organization","@id":"https:\/\/www.meydan.tv\/az\/#organization","name":"Meydan TV","url":"https:\/\/www.meydan.tv\/az\/","logo":{"@type":"ImageObject","inLanguage":"az","@id":"https:\/\/www.meydan.tv\/az\/#\/schema\/logo\/image\/","url":"https:\/\/www.meydan.tv\/wp-content\/uploads\/2021\/07\/meydan-logo.svg","contentUrl":"https:\/\/www.meydan.tv\/wp-content\/uploads\/2021\/07\/meydan-logo.svg","width":195,"height":46,"caption":"Meydan TV"},"image":{"@id":"https:\/\/www.meydan.tv\/az\/#\/schema\/logo\/image\/"}},{"@type":"Person","@id":"https:\/\/www.meydan.tv\/az\/#\/schema\/person\/10d11eccf6da3662cf5fdab9806ea91a","name":"user-manager"}]}},"_links":{"self":[{"href":"https:\/\/www.meydan.tv\/az\/wp-json\/wp\/v2\/posts\/191949","targetHints":{"allow":["GET"]}}],"collection":[{"href":"https:\/\/www.meydan.tv\/az\/wp-json\/wp\/v2\/posts"}],"about":[{"href":"https:\/\/www.meydan.tv\/az\/wp-json\/wp\/v2\/types\/post"}],"author":[{"embeddable":true,"href":"https:\/\/www.meydan.tv\/az\/wp-json\/wp\/v2\/users\/11"}],"replies":[{"embeddable":true,"href":"https:\/\/www.meydan.tv\/az\/wp-json\/wp\/v2\/comments?post=191949"}],"version-history":[{"count":0,"href":"https:\/\/www.meydan.tv\/az\/wp-json\/wp\/v2\/posts\/191949\/revisions"}],"wp:featuredmedia":[{"embeddable":true,"href":"https:\/\/www.meydan.tv\/az\/wp-json\/wp\/v2\/media\/95247"}],"wp:attachment":[{"href":"https:\/\/www.meydan.tv\/az\/wp-json\/wp\/v2\/media?parent=191949"}],"wp:term":[{"taxonomy":"category","embeddable":true,"href":"https:\/\/www.meydan.tv\/az\/wp-json\/wp\/v2\/categories?post=191949"},{"taxonomy":"post_tag","embeddable":true,"href":"https:\/\/www.meydan.tv\/az\/wp-json\/wp\/v2\/tags?post=191949"}],"curies":[{"name":"wp","href":"https:\/\/api.w.org\/{rel}","templated":true}]}}