{"id":191937,"date":"2018-10-03T15:18:25","date_gmt":"2018-10-03T15:18:25","guid":{"rendered":"https:\/\/www.meydan.tv\/article\/hebsxanadan-cixan-azerbaycanin-muxalifet-lideri-siyasi-mubarize-ucun-qollarini-cirmalayir\/"},"modified":"2018-10-03T15:18:25","modified_gmt":"2018-10-03T15:18:25","slug":"hebsxanadan-cixan-azerbaycanin-muxalifet-lideri-siyasi-mubarize-ucun-qollarini-cirmalayir","status":"publish","type":"post","link":"https:\/\/www.meydan.tv\/az\/article\/hebsxanadan-cixan-azerbaycanin-muxalifet-lideri-siyasi-mubarize-ucun-qollarini-cirmalayir\/","title":{"rendered":"H\u0259bsxanadan \u00e7\u0131xan Az\u0259rbaycan\u0131n m\u00fcxalif\u0259t lideri siyasi m\u00fcbariz\u0259 \u00fc\u00e7\u00fcn qollar\u0131n\u0131 \u00e7\u0131rmalay\u0131r"},"content":{"rendered":"<figure class=\"wp-block-image size-large\">\n  <img decoding=\"async\" src=\"https:\/\/www.meydan.tv\/az\/ilqar-memmedov-9\/\" alt=\"\u0130lqar M\u0259mm\u0259dov\" class=\"wp-image-107826\"\/><figcaption>\n    \u0130lqar M\u0259mm\u0259dov<br \/>\n  <\/figcaption><\/figure>\n<p>\n  <b><br \/>\n    <i><br \/>\n      Meydan TV \u201cEurasianet\u201d-in \u0130lqar M\u0259mm\u0259dov haqq\u0131nda<br \/>\n      <a href=\"https:\/\/eurasianet.org\/released-from-prison-azerbaijani-opposition-leader-girds-for-political-fight\" target=\"_blank\" rel=\"noopener\"><br \/>\n        yazd\u0131\u011f\u0131<br \/>\n      <\/a><br \/>\n      m\u0259qal\u0259ni t\u0259rc\u00fcm\u0259 edib.<br \/>\n    <\/i><br \/>\n  <\/b>\n<\/p>\n<p>\n  M\u00fcxalif siyas\u0259t\u00e7inin Az\u0259rbaycanda h\u0259r hans\u0131 bir \u00fcmidi varm\u0131?\n<\/p>\n<p>\n  Sual \u00fczd\u0259n absurd g\u00f6r\u00fcn\u0259 bil\u0259r: Az\u0259rbaycan d\u00fcnyan\u0131n \u0259n avtoritar \u00f6lk\u0259l\u0259rind\u0259n biridir v\u0259 burada \u018fliyev ail\u0259si ill\u0259r boyu \u00f6z\u00fcn\u00fcn hakimiyy\u0259t monopoliyas\u0131n\u0131 daha da s\u0259rtl\u0259\u015fdirir. Parlamentd\u0259 he\u00e7 bir m\u00fcxalif\u0259t partiyas\u0131 t\u0259msil olunmur v\u0259 m\u00fcst\u0259qil siyas\u0259t\u00e7il\u0259r sistemli \u015f\u0259kild\u0259 \u00f6lk\u0259ni t\u0259rk etm\u0259y\u0259 m\u0259cbur edilirl\u0259r v\u0259 ya da h\u0259bs olunurlar.\n<\/p>\n<p>\n  Lakin \u0130lqar M\u0259mm\u0259dov inan\u0131r ki, Az\u0259rbaycanda h\u0259l\u0259 imkanlar\u0131n ham\u0131s\u0131 t\u00fck\u0259nm\u0259yib. \u00d6lk\u0259nin \u0259n m\u0259\u015fhur siyasi m\u0259hbusu M\u0259mm\u0259dov avqust ay\u0131nda azadl\u0131\u011fa \u00e7\u0131x\u0131b v\u0259 Respublika\u00e7\u0131 Alternativ Partiyas\u0131n\u0131n r\u0259hb\u0259ri kimi m\u00f6vqeyin\u0259 davam edir. \u0130ndi o deyir ki, REAL se\u00e7kil\u0259r\u0259 qat\u0131lma\u011f\u0131 planla\u015fd\u0131r\u0131r v\u0259 REAL-\u0131n m\u00fcbariz\u0259 \u015fans\u0131 oldu\u011funa inan\u0131r.\n<\/p>\n<p>\n  \u201cBiz prezident \u018fliyevin bird\u0259n-bir\u0259 azad v\u0259 \u0259dal\u0259tli se\u00e7kil\u0259r ke\u00e7ir\u0259c\u0259yini d\u00fc\u015f\u00fcn\u0259c\u0259k q\u0259d\u0259r sad\u0259l\u00f6vh deyilik. Bu, ba\u015f verm\u0259y\u0259c\u0259k&#8221;- o deyir.\n<\/p>\n<p>\n  Lakin M\u0259mm\u0259dovun fikrinc\u0259, m\u00fc\u0259yy\u0259n q\u0259d\u0259r siyasi t\u0259zyiql\u0259 hakimiyy\u0259ti qism\u0259n azad se\u00e7ki ke\u00e7irm\u0259y\u0259 vadar etm\u0259k olar. Bu da onun partiyas\u0131na parlamentd\u0259 m\u00fc\u0259yy\u0259n yer tutma\u011fa imkan ver\u0259c\u0259k:\n<\/p>\n<p>\n  \u201cKeyfiyy\u0259tli d\u0259yi\u015fikliyi \u0259ld\u0259 edil\u0259 bilin\u0259c\u0259k bir \u015feydir, \u015f\u00fcbh\u0259siz. Milli M\u0259clisd\u0259 yax\u015f\u0131 t\u0259msil\u00e7ilik qazansaq, se\u00e7kil\u0259r m\u00fck\u0259mm\u0259l olmasa bel\u0259, bu, yeni bir h\u0259r\u0259k\u0259tlilik yaradar &#8220;.\n<\/p>\n<p>\n  M\u0259mm\u0259dov i\u015far\u0259l\u0259diyi ssenari \u2013 m\u00fcxalif\u0259t partiyas\u0131 parlamentd\u0259ki bir ne\u00e7\u0259 yerini sonradan daha b\u00f6y\u00fck d\u0259yi\u015fikliy\u0259 \u00e7evir\u0259r\u0259k n\u0259tic\u0259d\u0259 \u018fliyevi hakimiyy\u0259td\u0259n uzaqla\u015fd\u0131r\u0131r \u2013 Erm\u0259nistanla m\u00fcqayis\u0259ni qa\u00e7\u0131lmaz edir. Orda, bu ilin \u0259vv\u0259lind\u0259 Nikol Pa\u015finyan \u00f6z\u00fcn\u00fcn parlamentd\u0259ki ki\u00e7ik d\u0259st\u0259sin\u0259 \u0259saslanaraq geni\u015f xalq h\u0259r\u0259kat\u0131na r\u0259hb\u0259rlik etdi. N\u0259tic\u0259d\u0259 uzun m\u00fcdd\u0259tdir hakimiyy\u0259td\u0259 olan r\u0259hb\u0259r Serj Sarkisyan istefaya getdi v\u0259 Pa\u015finyan ba\u015f nazir v\u0259zif\u0259sin\u0259 g\u0259tirildi.\n<\/p>\n<p>\n  M\u0259mm\u0259dov Pa\u015finyanla birba\u015fa m\u00fcqayis\u0259 apar\u0131lmas\u0131ndan \u00e7\u0259kinir. Lakin o qeyd edir ki, Erm\u0259nistandak\u0131 &#8220;m\u0259xm\u0259ri inqilab&#8221; az\u0259rbaycanl\u0131lar\u0131n siyasi d\u00fc\u015f\u00fcnc\u0259sin\u0259, x\u00fcsusil\u0259 d\u0259 REAL-\u0131n \u0259sas se\u00e7icisi hesab etdiyi oxumu\u015f orta sinifin fikir t\u0259rzin\u0259 t\u0259sir edib:\n<\/p>\n<p>\n  \u201cB\u00fct\u00fcn c\u0259miyy\u0259t Erm\u0259nistandak\u0131 hadis\u0259l\u0259ri \u00e7ox yax\u0131ndan izl\u0259yirdi. Az\u0259rbaycan\u0131n orta sinifi \u2013 t\u0259l\u0259b\u0259l\u0259r, d\u00f6vl\u0259t sektorunun a\u015fa\u011f\u0131 v\u0259 orta pill\u0259sind\u0259 i\u015fl\u0259y\u0259nl\u0259r, sahibkarlar v\u0259 dig\u0259rl\u0259ri \u2013 xaric\u0259 s\u0259f\u0259r ed\u0259rk\u0259n g\u00fcrc\u00fcl\u0259r v\u0259 erm\u0259nil\u0259rl\u0259 t\u0259masda olan bu sinif, \u00f6z\u00fcn\u00fc n\u0259d\u0259ns\u0259 m\u0259hrum olunmu\u015f hiss edir. Az\u0259rbaycan\u0131 G\u00fcrc\u00fcstan v\u0259 Erm\u0259nistanla m\u00fcqayis\u0259 ed\u0259nd\u0259 o iki xalq\u0131n demokratik yolu he\u00e7 olmasa s\u0131nama\u011f\u0131 bacard\u0131\u011f\u0131n\u0131, Az\u0259rbaycan\u0131n is\u0259 bu m\u0259nada u\u011fursuz oldu\u011funa t\u0259\u0259ss\u00fcfl\u0259 bax\u0131rlar. Onlar\u0131n bu hissl\u0259rinin siyasi \u0259h\u0259miyy\u0259ti vard\u0131r\u201d.\n<\/p>\n<p>\n  M\u0259mm\u0259dov \u201cEurasianet\u201d-\u0259 REAL-\u0131n Bak\u0131 \u015f\u0259h\u0259rinin m\u0259rk\u0259zind\u0259n bir q\u0259d\u0259r k\u0259narda yerl\u0259\u015f\u0259n ki\u00e7ik ofisind\u0259 m\u00fcsahib\u0259 verdi v\u0259 ged\u0259n t\u0259mir\u0259 g\u00f6r\u0259 yaranm\u0131\u015f toz v\u0259 narahatl\u0131\u011fa g\u00f6r\u0259 d\u0259f\u0259l\u0259rl\u0259 \u00fczr ist\u0259di. Ofis, bir \u0259sr bundan \u0259vv\u0259l demokratiyan\u0131 q\u0131sa m\u00fcdd\u0259tli s\u0131naqdan ke\u00e7irmi\u015f v\u0259 \u00f6lk\u0259 m\u00fcxalif\u0259ti \u00fc\u00e7\u00fcn bu g\u00fcn d\u0259 \u0259sas ilham qayna\u011f\u0131 olan Az\u0259rbaycan Xalq C\u00fcmhuriyy\u0259tinin plakatlar\u0131 il\u0259 b\u0259z\u0259dilib. Bir k\u00fcncd\u0259, Az\u0259rbaycan v\u0259 Avropa Birliyi bayraqlar\u0131 yan-yana yerl\u0259\u015fdirilib. \u0130ngilis dilind\u0259 s\u0259rb\u0259st dan\u0131\u015fan M\u0259mm\u0259dov t\u0259msil etm\u0259k ist\u0259diyi t\u0259\u015f\u0259bb\u00fcskar \u015f\u0259xsl\u0259r sinif\u0259 aid bir adam kimi geyinir \u2013 cins \u015falvar, t\u0259z\u0259 k\u00f6yn\u0259k, d\u0259bli eyn\u0259k.\n<\/p>\n<p>\n  Avqust ay\u0131nda azad edilm\u0259mi\u015fd\u0259n \u00f6nc\u0259 M\u0259mm\u0259dov k\u00fctl\u0259vi i\u011fti\u015fa\u015flar t\u0259\u015fkil etm\u0259kd\u0259 ittiham olunaraq 5 il h\u0259bs h\u0259yat\u0131 ya\u015fam\u0131\u015fd\u0131. Avropa \u0130nsan Haqlar\u0131 M\u0259hk\u0259m\u0259si ona qar\u015f\u0131 s\u00fcr\u00fcl\u0259n ittihamlar\u0131n siyasi motivli oldu\u011funu, onu susdurmaq v\u0259 h\u00f6kum\u0259ti t\u0259nqid etdiyi \u00fc\u00e7\u00fcn c\u0259zaland\u0131rmaq m\u0259qs\u0259di da\u015f\u0131d\u0131\u011f\u0131n\u0131 m\u00fc\u0259yy\u0259n ed\u0259r\u0259k M\u0259mm\u0259dovun azadl\u0131\u011fa burax\u0131lmas\u0131 \u00fc\u00e7\u00fcn \u00e7a\u011f\u0131r\u0131\u015f edib.\n<\/p>\n<p>\n  Az\u0259rbaycan bu q\u0259rar\u0131 h\u0259yata ke\u00e7irm\u0259kd\u0259n imtina etdikd\u0259 is\u0259 Avropa \u015euras\u0131 Az\u0259rbaycan\u0131 bu qurumdan \u00e7\u0131xar\u0131lma t\u0259hl\u00fck\u0259si il\u0259 \u00fcz-\u00fcz\u0259 qoyacaq prosedura ba\u015flad\u0131. M\u0259mm\u0259dov, n\u0259hay\u0259t, Almaniyan\u0131n kansleri Angela Merkelin Bak\u0131ya s\u0259f\u0259rind\u0259n bir h\u0259ft\u0259 \u00f6nc\u0259 azad edildi.\n<\/p>\n<p>\n  M\u0259mm\u0259dov yaln\u0131z \u015f\u0259rti azadl\u0131\u011fa burax\u0131l\u0131b v\u0259 h\u0259l\u0259 d\u0259 b\u0259ra\u0259t u\u011frunda \u00e7al\u0131\u015f\u0131r. Onun tam b\u0259ra\u0259t qazanmadan Az\u0259rbaycanda qanuni olaraq se\u00e7kiy\u0259 namiz\u0259d kimi qat\u0131l\u0131b-qat\u0131la bilm\u0259y\u0259c\u0259yi h\u0259l\u0259 m\u0259lum deyil. O qeyd edir ki, partiyan\u0131n h\u00fcquq\u015f\u00fcnaslar\u0131 haz\u0131rda bu m\u00f6vzunu ara\u015fd\u0131r\u0131r.\n<\/p>\n<p>\n  Bununla yana\u015f\u0131, M\u0259mm\u0259dov \u0259lav\u0259 etdi ki, onun se\u00e7kiy\u0259 qat\u0131lmas\u0131na hakimiyy\u0259tin mane ola bilm\u0259m\u0259si m\u0259qs\u0259dil\u0259 o, Az\u0259rbaycan daxilind\u0259 v\u0259 beyn\u0259lxalq s\u0259viyy\u0259d\u0259 d\u00f6vl\u0259t r\u0259hb\u0259rliyin\u0259 m\u00fcvafiq t\u0259zyiq g\u00f6strm\u0259k \u00fc\u00e7\u00fcn s\u0259f\u0259rb\u0259rlik t\u0259dbirl\u0259ri g\u00f6rm\u0259y\u0259 \u00e7al\u0131\u015facaq. N\u00f6vb\u0259ti parlament se\u00e7kil\u0259ri 2020-ci ilin sonunda n\u0259z\u0259rd\u0259 tutulub, ancaq REAL erk\u0259n se\u00e7kinin ke\u00e7irilm\u0259sin\u0259 \u00e7al\u0131\u015f\u0131r.\n<\/p>\n<p>\n  \u00d6z\u00fc t\u0259zyiql\u0259r alt\u0131nda f\u0259aliyy\u0259t g\u00f6st\u0259r\u0259n Az\u0259rbaycan m\u00fcxalif\u0259ti se\u00e7kil\u0259ri tez-tez boykot ets\u0259 d\u0259, M\u0259mm\u0259dov deyir ki, \u00f6lk\u0259d\u0259 \u0259dal\u0259tli se\u00e7ki \u00fc\u00e7\u00fcn he\u00e7 olmasa potensial\u0131n m\u00f6vcudlu\u011fu m\u00fcdd\u0259tic\u0259 boykot z\u0259if strategiyad\u0131r:\n<\/p>\n<p>\n  \u201cSe\u00e7ki qanunundak\u0131 b\u00fct\u00fcn n\u00f6qsanlara baxmayaraq, beyn\u0259lxalq se\u00e7ki m\u00fc\u015fahid\u0259 t\u0259\u015fkilat\u0131 olan Demokratik T\u0259sisatlar v\u0259 \u0130nsan H\u00fcquqlar\u0131 B\u00fcrosu azad v\u0259 \u0259dal\u0259tli se\u00e7kil\u0259rin ke\u00e7irilm\u0259sini m\u00fcmk\u00fcn hesab edir. \u018fks halda se\u00e7kil\u0259r\u0259 baxmaq \u00fc\u00e7\u00fcn 500 m\u00fc\u015fahid\u0259\u00e7i g\u00f6nd\u0259rib, milyonlarla dollar s\u0259rf etm\u0259zdi&#8221;.\n<\/p>\n<p>\n  Az\u0259rbaycan m\u00fcxalif\u0259ti daxili \u00e7\u0259ki\u015fm\u0259l\u0259ri il\u0259 m\u0259\u015fhurdur v\u0259 \u0130lqar M\u0259mm\u0259dov deyir ki, \u0259n az\u0131ndan REAL bu v\u0259ziyy\u0259ti d\u0259yi\u015fm\u0259k niyy\u0259tind\u0259dir. O deyir: \u201c\u00c7ox layiq oldu\u011fu yerd\u0259 \u0259ski m\u00fcxalif\u0259ti s\u0259rt q\u0131nad\u0131\u011f\u0131m vaxtlar vard\u0131. Amma indi onlarla sava\u015fmaq ya da onlara qar\u015f\u0131 kampanya aparmaq \u00fc\u00e7\u00fcn he\u00e7 bir ehtiyac g\u00f6rm\u00fcr\u0259m\u201d.\n<\/p>\n<p>\n  Bunun s\u0259b\u0259binin bir qismi siyasidir: REAL \u00f6z\u00fcn\u00fc dig\u0259r partiyalardan yet\u0259rinc\u0259 f\u0259rql\u0259ndirmi\u015fdir v\u0259 onlar\u0131 t\u0259nqid etm\u0259yin daha m\u0259nas\u0131 yoxdur.\n<\/p>\n<p>\n  \u0130kinci qism s\u0259b\u0259b is\u0259 t\u0259hl\u00fck\u0259sizlikl\u0259 ba\u011fl\u0131d\u0131r: \u0130lqar M\u0259mm\u0259dov deyir ki, \u201chakimiyy\u0259tin \u0259n yuxar\u0131s\u0131ndan\u201d h\u0259d\u0259l\u0259r alm\u0131\u015fd\u0131r v\u0259 bu bax\u0131mdan o, media haqlar\u0131 f\u0259al\u0131 Rasim \u018fliyevin i\u015fini xat\u0131rlatd\u0131. Rasim \u018fliyev, bir az\u0259rbaycanl\u0131 futbol\u00e7unu Facebook`da t\u0259nqid etdiyi \u00fc\u00e7\u00fcn d\u00f6y\u00fcl\u0259r\u0259k \u00f6ld\u00fcr\u00fclm\u00fc\u015fd\u00fc, amma \u00e7ox insan onun \u00f6l\u00fcm\u00fcn\u00fcn siyas\u0259tl\u0259 ba\u011fl\u0131 oldu\u011fundan \u015f\u00fcbh\u0259l\u0259nirl\u0259r.\n<\/p>\n<p>\n  \u0130lqar M\u0259mm\u0259dov deyir: \u201cOnlar, [hakimiyy\u0259t], \u00f6zl\u0259rin\u0259 aidiyyat\u0131 olmayan h\u0259r hans\u0131 bir qrupla ki\u00e7ik qov\u011fan\u0131 \u00f6z m\u0259qs\u0259dl\u0259ri \u00fc\u00e7\u00fcn istifad\u0259 edirl\u0259r \u2013 ist\u0259r m\u0259qs\u0259dl\u0259ri t\u0259qib olsun, ist\u0259rs\u0259 d\u0259 q\u0259tl. M\u00fcxalif\u0259td\u0259 olan kiminl\u0259s\u0259 m\u00fcbahis\u0259 ets\u0259m, m\u0259qam\u0131n birind\u0259 hakimiyy\u0259t m\u0259ni \u00f6ld\u00fcr\u00fcb d\u0259 atar onun \u00fcst\u00fcn\u0259 ki, \u201cah, bu sad\u0259c\u0259 m\u00fcxalif\u0259tdaxili \u00e7\u0259ki\u015fm\u0259dir\u201d. Bu, \u00e7ox ciddi bir t\u0259hl\u00fck\u0259sizlik m\u0259s\u0259l\u0259sidir.\n<\/p>\n<p>\n  Onun s\u00f6zl\u0259rinc\u0259, \u201cn\u0259tic\u0259 etibar\u0131 il\u0259, m\u0259n ham\u0131 il\u0259 s\u00fclh i\u00e7ind\u0259 ya\u015famal\u0131yam \u2013 d\u0259lisiyl\u0259, a\u011f\u0131ll\u0131s\u0131yla, velosipedsev\u0259ril\u0259, n\u0259 bilim kiml\u0259ri, kiml\u0259ril\u0259. Qar\u015f\u0131 \u00e7\u0131xmaqda davam ed\u0259c\u0259yim yegan\u0131 t\u0259r\u0259f hakimiyy\u0259tdir.&#8221;\n<\/p>\n<p>\n  H\u0259l\u0259lik hakimiyy\u0259t M\u0259mm\u0259dovun siyasi s\u0259yl\u0259rini \u0259sas\u0259n n\u0259z\u0259r\u0259 alm\u0131r. H\u00f6kum\u0259tin h\u00fccum\u00e7usu kimi tan\u0131nan bir \u015f\u0259rh\u00e7i istehzal\u0131 bir t\u0259rzd\u0259 uzun bir yaz\u0131s\u0131nda qeyd edib: \u201cAyd\u0131nd\u0131r ki, sizi h\u0259r\u0259k\u0259t\u0259 g\u0259tir\u0259n oldu\u011funuzdan daha b\u00f6y\u00fck, daha g\u00fccl\u00fc, daha a\u011f\u0131ll\u0131 v\u0259 s. kimi g\u00f6r\u00fcnm\u0259k arzusudur\u201d.\n<\/p>\n<p>\n  H\u0259tta M\u0259mm\u0259dova simpatiya duyanlar\u0131n bir \u00e7oxu onun siyasi \u015fans\u0131n\u0131n az oldu\u011funu d\u00fc\u015f\u00fcn\u00fcr. &#8220;Onlar bu v\u0259ziyy\u0259td\u0259 m\u00fcbariz\u0259y\u0259 haz\u0131r deyill\u0259r&#8221; &#8211; \u0259vv\u0259ll\u0259r partiyaya ba\u011fl\u0131 olan insan haqlar\u0131 m\u00fcdafi\u0259\u00e7isi S\u0259m\u0259d R\u0259himli qeyd etdi. \u201cT\u0259kc\u0259 REAL deyil, b\u00fct\u00fcn m\u00fcxalif\u0259t q\u00fcvv\u0259l\u0259ri yerl\u0259rd\u0259 i\u015ftirak\u00e7\u0131l\u0131qdan m\u0259hrumdur. Yerl\u0259rd\u0259 yet\u0259rinc\u0259 i\u015ftirak\u00e7\u0131l\u0131q olmadan haqlar\u0131n\u0131z\u0131 geri almaq \u00fc\u00e7\u00fcn k\u00fc\u00e7\u0259y\u0259 \u00e7\u0131x\u0131b m\u00fcbariz\u0259 apara bilm\u0259y\u0259c\u0259ksiniz\u201d.\n<\/p>\n<p>\n  M\u0259mm\u0259dov bildirir ki, partiyan\u0131n minl\u0259rl\u0259 \u00fczv\u00fc var v\u0259 Az\u0259rbaycan \u0259razisind\u0259 20 b\u00f6lm\u0259si m\u00f6vzcuddur.\n<\/p>\n<p>\n  Dig\u0259r m\u00fctt\u0259fiq, uzun m\u00fcdd\u0259tdir m\u00fcxalif siyas\u0259t\u00e7i olmu\u015f t\u0259hlil\u00e7i Z\u0259rd\u00fc\u015ft \u018flizad\u0259 daha uzun m\u00fcdd\u0259t\u0259 baxma\u011f\u0131n z\u0259ruri oldu\u011funu deyir. \u0130qtidar hakimiyy\u0259tin b\u00fct\u00fcn qollar\u0131na n\u0259zar\u0259t ets\u0259 d\u0259, M\u0259mm\u0259dov ictimaiyy\u0259ti maraqland\u0131ran v\u0259 iqtidar\u0131n h\u0259ll ed\u0259 bilm\u0259y\u0259c\u0259yi m\u0259s\u0259l\u0259l\u0259ri qald\u0131ra bil\u0259r: \u201cM\u0259mm\u0259dov v\u0259 onun dostlar\u0131 bu m\u0259s\u0259l\u0259l\u0259ri qald\u0131rmaq bacar\u0131\u011f\u0131ndad\u0131rlar. \u0130nsanlara g\u00f6st\u0259r\u0259 bilirl\u0259r ki, bu probleml\u0259ri nec\u0259 h\u0259ll ed\u0259c\u0259kl\u0259r. Bu m\u0259s\u0259l\u0259l\u0259ri g\u00fcnd\u0259m\u0259 g\u0259tirm\u0259yi bacar\u0131rlar. Bir g\u00fcn bu, onlar\u0131 \u00fcst\u00fcn m\u00f6vqey\u0259 qoyacaq \u201d.<\/p>\n","protected":false},"excerpt":{"rendered":"<p>M\u00fcxalif siyas\u0259t\u00e7inin Az\u0259rbaycanda h\u0259r hans\u0131 bir \u00fcmidi varm\u0131?<\/p>\n","protected":false},"author":11,"featured_media":107826,"comment_status":"closed","ping_status":"open","sticky":false,"template":"","format":"standard","meta":{"_acf_changed":false,"_sitemap_exclude":false,"_sitemap_priority":"","_sitemap_frequency":"","footnotes":""},"categories":[51],"tags":[],"class_list":["post-191937","post","type-post","status-publish","format-standard","has-post-thumbnail","hentry","category-analitika","infinite-scroll-item","generate-columns","tablet-grid-50","mobile-grid-100","grid-parent","grid-33","no-featured-image-padding"],"acf":[],"yoast_head":"<!-- This site is optimized with the Yoast SEO plugin v27.4 - https:\/\/yoast.com\/product\/yoast-seo-wordpress\/ -->\n<title>H\u0259bsxanadan \u00e7\u0131xan Az\u0259rbaycan\u0131n m\u00fcxalif\u0259t lideri siyasi m\u00fcbariz\u0259 \u00fc\u00e7\u00fcn qollar\u0131n\u0131 \u00e7\u0131rmalay\u0131r - MEYDAN.TV<\/title>\n<meta name=\"robots\" content=\"index, follow, max-snippet:-1, max-image-preview:large, max-video-preview:-1\" \/>\n<link rel=\"canonical\" href=\"https:\/\/www.meydan.tv\/az\/article\/hebsxanadan-cixan-azerbaycanin-muxalifet-lideri-siyasi-mubarize-ucun-qollarini-cirmalayir\/\" \/>\n<meta property=\"og:locale\" content=\"az_AZ\" \/>\n<meta property=\"og:type\" content=\"article\" \/>\n<meta property=\"og:title\" content=\"H\u0259bsxanadan \u00e7\u0131xan Az\u0259rbaycan\u0131n m\u00fcxalif\u0259t lideri siyasi m\u00fcbariz\u0259 \u00fc\u00e7\u00fcn qollar\u0131n\u0131 \u00e7\u0131rmalay\u0131r - MEYDAN.TV\" \/>\n<meta property=\"og:description\" content=\"M\u00fcxalif siyas\u0259t\u00e7inin Az\u0259rbaycanda h\u0259r hans\u0131 bir \u00fcmidi varm\u0131?\" \/>\n<meta property=\"og:url\" content=\"https:\/\/www.meydan.tv\/az\/article\/hebsxanadan-cixan-azerbaycanin-muxalifet-lideri-siyasi-mubarize-ucun-qollarini-cirmalayir\/\" \/>\n<meta property=\"og:site_name\" content=\"MEYDAN.TV\" \/>\n<meta property=\"article:published_time\" content=\"2018-10-03T15:18:25+00:00\" \/>\n<meta property=\"og:image\" content=\"https:\/\/www.meydan.tv\/wp-content\/uploads\/42839.jpg\" \/>\n\t<meta property=\"og:image:width\" content=\"1500\" \/>\n\t<meta property=\"og:image:height\" content=\"1000\" \/>\n\t<meta property=\"og:image:type\" content=\"image\/jpeg\" \/>\n<meta name=\"author\" content=\"user-manager\" \/>\n<meta name=\"twitter:card\" content=\"summary_large_image\" \/>\n<script type=\"application\/ld+json\" class=\"yoast-schema-graph\">{\"@context\":\"https:\\\/\\\/schema.org\",\"@graph\":[{\"@type\":\"Article\",\"@id\":\"https:\\\/\\\/www.meydan.tv\\\/az\\\/article\\\/hebsxanadan-cixan-azerbaycanin-muxalifet-lideri-siyasi-mubarize-ucun-qollarini-cirmalayir\\\/#article\",\"isPartOf\":{\"@id\":\"https:\\\/\\\/www.meydan.tv\\\/az\\\/article\\\/hebsxanadan-cixan-azerbaycanin-muxalifet-lideri-siyasi-mubarize-ucun-qollarini-cirmalayir\\\/\"},\"author\":{\"name\":\"user-manager\",\"@id\":\"https:\\\/\\\/www.meydan.tv\\\/az\\\/#\\\/schema\\\/person\\\/10d11eccf6da3662cf5fdab9806ea91a\"},\"headline\":\"H\u0259bsxanadan \u00e7\u0131xan Az\u0259rbaycan\u0131n m\u00fcxalif\u0259t lideri siyasi m\u00fcbariz\u0259 \u00fc\u00e7\u00fcn qollar\u0131n\u0131 \u00e7\u0131rmalay\u0131r\",\"datePublished\":\"2018-10-03T15:18:25+00:00\",\"mainEntityOfPage\":{\"@id\":\"https:\\\/\\\/www.meydan.tv\\\/az\\\/article\\\/hebsxanadan-cixan-azerbaycanin-muxalifet-lideri-siyasi-mubarize-ucun-qollarini-cirmalayir\\\/\"},\"wordCount\":1809,\"publisher\":{\"@id\":\"https:\\\/\\\/www.meydan.tv\\\/az\\\/#organization\"},\"image\":{\"@id\":\"https:\\\/\\\/www.meydan.tv\\\/az\\\/article\\\/hebsxanadan-cixan-azerbaycanin-muxalifet-lideri-siyasi-mubarize-ucun-qollarini-cirmalayir\\\/#primaryimage\"},\"thumbnailUrl\":\"https:\\\/\\\/www.meydan.tv\\\/wp-content\\\/uploads\\\/42839.jpg\",\"articleSection\":[\"Analitika\"],\"inLanguage\":\"az\"},{\"@type\":\"WebPage\",\"@id\":\"https:\\\/\\\/www.meydan.tv\\\/az\\\/article\\\/hebsxanadan-cixan-azerbaycanin-muxalifet-lideri-siyasi-mubarize-ucun-qollarini-cirmalayir\\\/\",\"url\":\"https:\\\/\\\/www.meydan.tv\\\/az\\\/article\\\/hebsxanadan-cixan-azerbaycanin-muxalifet-lideri-siyasi-mubarize-ucun-qollarini-cirmalayir\\\/\",\"name\":\"H\u0259bsxanadan \u00e7\u0131xan Az\u0259rbaycan\u0131n m\u00fcxalif\u0259t lideri siyasi m\u00fcbariz\u0259 \u00fc\u00e7\u00fcn qollar\u0131n\u0131 \u00e7\u0131rmalay\u0131r - MEYDAN.TV\",\"isPartOf\":{\"@id\":\"https:\\\/\\\/www.meydan.tv\\\/az\\\/#website\"},\"primaryImageOfPage\":{\"@id\":\"https:\\\/\\\/www.meydan.tv\\\/az\\\/article\\\/hebsxanadan-cixan-azerbaycanin-muxalifet-lideri-siyasi-mubarize-ucun-qollarini-cirmalayir\\\/#primaryimage\"},\"image\":{\"@id\":\"https:\\\/\\\/www.meydan.tv\\\/az\\\/article\\\/hebsxanadan-cixan-azerbaycanin-muxalifet-lideri-siyasi-mubarize-ucun-qollarini-cirmalayir\\\/#primaryimage\"},\"thumbnailUrl\":\"https:\\\/\\\/www.meydan.tv\\\/wp-content\\\/uploads\\\/42839.jpg\",\"datePublished\":\"2018-10-03T15:18:25+00:00\",\"breadcrumb\":{\"@id\":\"https:\\\/\\\/www.meydan.tv\\\/az\\\/article\\\/hebsxanadan-cixan-azerbaycanin-muxalifet-lideri-siyasi-mubarize-ucun-qollarini-cirmalayir\\\/#breadcrumb\"},\"inLanguage\":\"az\",\"potentialAction\":[{\"@type\":\"ReadAction\",\"target\":[\"https:\\\/\\\/www.meydan.tv\\\/az\\\/article\\\/hebsxanadan-cixan-azerbaycanin-muxalifet-lideri-siyasi-mubarize-ucun-qollarini-cirmalayir\\\/\"]}]},{\"@type\":\"ImageObject\",\"inLanguage\":\"az\",\"@id\":\"https:\\\/\\\/www.meydan.tv\\\/az\\\/article\\\/hebsxanadan-cixan-azerbaycanin-muxalifet-lideri-siyasi-mubarize-ucun-qollarini-cirmalayir\\\/#primaryimage\",\"url\":\"https:\\\/\\\/www.meydan.tv\\\/wp-content\\\/uploads\\\/42839.jpg\",\"contentUrl\":\"https:\\\/\\\/www.meydan.tv\\\/wp-content\\\/uploads\\\/42839.jpg\",\"width\":1500,\"height\":1000,\"caption\":\"Source:\"},{\"@type\":\"BreadcrumbList\",\"@id\":\"https:\\\/\\\/www.meydan.tv\\\/az\\\/article\\\/hebsxanadan-cixan-azerbaycanin-muxalifet-lideri-siyasi-mubarize-ucun-qollarini-cirmalayir\\\/#breadcrumb\",\"itemListElement\":[{\"@type\":\"ListItem\",\"position\":1,\"name\":\"Ana s\u0259hif\u0259\",\"item\":\"https:\\\/\\\/www.meydan.tv\\\/az\\\/\"},{\"@type\":\"ListItem\",\"position\":2,\"name\":\"Analitika\",\"item\":\"https:\\\/\\\/www.meydan.tv\\\/az\\\/section\\\/analitika\\\/\"},{\"@type\":\"ListItem\",\"position\":3,\"name\":\"H\u0259bsxanadan \u00e7\u0131xan Az\u0259rbaycan\u0131n m\u00fcxalif\u0259t lideri siyasi m\u00fcbariz\u0259 \u00fc\u00e7\u00fcn qollar\u0131n\u0131 \u00e7\u0131rmalay\u0131r\"}]},{\"@type\":\"WebSite\",\"@id\":\"https:\\\/\\\/www.meydan.tv\\\/az\\\/#website\",\"url\":\"https:\\\/\\\/www.meydan.tv\\\/az\\\/\",\"name\":\"MEYDAN.TV\",\"description\":\"Meydan TV Az\u0259rbaycan\u0131n media m\u0259kan\u0131ndak\u0131 alternativ s\u0259sidir\",\"publisher\":{\"@id\":\"https:\\\/\\\/www.meydan.tv\\\/az\\\/#organization\"},\"potentialAction\":[{\"@type\":\"SearchAction\",\"target\":{\"@type\":\"EntryPoint\",\"urlTemplate\":\"https:\\\/\\\/www.meydan.tv\\\/az\\\/?s={search_term_string}\"},\"query-input\":{\"@type\":\"PropertyValueSpecification\",\"valueRequired\":true,\"valueName\":\"search_term_string\"}}],\"inLanguage\":\"az\"},{\"@type\":\"Organization\",\"@id\":\"https:\\\/\\\/www.meydan.tv\\\/az\\\/#organization\",\"name\":\"Meydan TV\",\"url\":\"https:\\\/\\\/www.meydan.tv\\\/az\\\/\",\"logo\":{\"@type\":\"ImageObject\",\"inLanguage\":\"az\",\"@id\":\"https:\\\/\\\/www.meydan.tv\\\/az\\\/#\\\/schema\\\/logo\\\/image\\\/\",\"url\":\"https:\\\/\\\/www.meydan.tv\\\/wp-content\\\/uploads\\\/2021\\\/07\\\/meydan-logo.svg\",\"contentUrl\":\"https:\\\/\\\/www.meydan.tv\\\/wp-content\\\/uploads\\\/2021\\\/07\\\/meydan-logo.svg\",\"width\":195,\"height\":46,\"caption\":\"Meydan TV\"},\"image\":{\"@id\":\"https:\\\/\\\/www.meydan.tv\\\/az\\\/#\\\/schema\\\/logo\\\/image\\\/\"}},{\"@type\":\"Person\",\"@id\":\"https:\\\/\\\/www.meydan.tv\\\/az\\\/#\\\/schema\\\/person\\\/10d11eccf6da3662cf5fdab9806ea91a\",\"name\":\"user-manager\"}]}<\/script>\n<!-- \/ Yoast SEO plugin. -->","yoast_head_json":{"title":"H\u0259bsxanadan \u00e7\u0131xan Az\u0259rbaycan\u0131n m\u00fcxalif\u0259t lideri siyasi m\u00fcbariz\u0259 \u00fc\u00e7\u00fcn qollar\u0131n\u0131 \u00e7\u0131rmalay\u0131r - MEYDAN.TV","robots":{"index":"index","follow":"follow","max-snippet":"max-snippet:-1","max-image-preview":"max-image-preview:large","max-video-preview":"max-video-preview:-1"},"canonical":"https:\/\/www.meydan.tv\/az\/article\/hebsxanadan-cixan-azerbaycanin-muxalifet-lideri-siyasi-mubarize-ucun-qollarini-cirmalayir\/","og_locale":"az_AZ","og_type":"article","og_title":"H\u0259bsxanadan \u00e7\u0131xan Az\u0259rbaycan\u0131n m\u00fcxalif\u0259t lideri siyasi m\u00fcbariz\u0259 \u00fc\u00e7\u00fcn qollar\u0131n\u0131 \u00e7\u0131rmalay\u0131r - MEYDAN.TV","og_description":"M\u00fcxalif siyas\u0259t\u00e7inin Az\u0259rbaycanda h\u0259r hans\u0131 bir \u00fcmidi varm\u0131?","og_url":"https:\/\/www.meydan.tv\/az\/article\/hebsxanadan-cixan-azerbaycanin-muxalifet-lideri-siyasi-mubarize-ucun-qollarini-cirmalayir\/","og_site_name":"MEYDAN.TV","article_published_time":"2018-10-03T15:18:25+00:00","og_image":[{"width":1500,"height":1000,"url":"https:\/\/www.meydan.tv\/wp-content\/uploads\/42839.jpg","type":"image\/jpeg"}],"author":"user-manager","twitter_card":"summary_large_image","schema":{"@context":"https:\/\/schema.org","@graph":[{"@type":"Article","@id":"https:\/\/www.meydan.tv\/az\/article\/hebsxanadan-cixan-azerbaycanin-muxalifet-lideri-siyasi-mubarize-ucun-qollarini-cirmalayir\/#article","isPartOf":{"@id":"https:\/\/www.meydan.tv\/az\/article\/hebsxanadan-cixan-azerbaycanin-muxalifet-lideri-siyasi-mubarize-ucun-qollarini-cirmalayir\/"},"author":{"name":"user-manager","@id":"https:\/\/www.meydan.tv\/az\/#\/schema\/person\/10d11eccf6da3662cf5fdab9806ea91a"},"headline":"H\u0259bsxanadan \u00e7\u0131xan Az\u0259rbaycan\u0131n m\u00fcxalif\u0259t lideri siyasi m\u00fcbariz\u0259 \u00fc\u00e7\u00fcn qollar\u0131n\u0131 \u00e7\u0131rmalay\u0131r","datePublished":"2018-10-03T15:18:25+00:00","mainEntityOfPage":{"@id":"https:\/\/www.meydan.tv\/az\/article\/hebsxanadan-cixan-azerbaycanin-muxalifet-lideri-siyasi-mubarize-ucun-qollarini-cirmalayir\/"},"wordCount":1809,"publisher":{"@id":"https:\/\/www.meydan.tv\/az\/#organization"},"image":{"@id":"https:\/\/www.meydan.tv\/az\/article\/hebsxanadan-cixan-azerbaycanin-muxalifet-lideri-siyasi-mubarize-ucun-qollarini-cirmalayir\/#primaryimage"},"thumbnailUrl":"https:\/\/www.meydan.tv\/wp-content\/uploads\/42839.jpg","articleSection":["Analitika"],"inLanguage":"az"},{"@type":"WebPage","@id":"https:\/\/www.meydan.tv\/az\/article\/hebsxanadan-cixan-azerbaycanin-muxalifet-lideri-siyasi-mubarize-ucun-qollarini-cirmalayir\/","url":"https:\/\/www.meydan.tv\/az\/article\/hebsxanadan-cixan-azerbaycanin-muxalifet-lideri-siyasi-mubarize-ucun-qollarini-cirmalayir\/","name":"H\u0259bsxanadan \u00e7\u0131xan Az\u0259rbaycan\u0131n m\u00fcxalif\u0259t lideri siyasi m\u00fcbariz\u0259 \u00fc\u00e7\u00fcn qollar\u0131n\u0131 \u00e7\u0131rmalay\u0131r - MEYDAN.TV","isPartOf":{"@id":"https:\/\/www.meydan.tv\/az\/#website"},"primaryImageOfPage":{"@id":"https:\/\/www.meydan.tv\/az\/article\/hebsxanadan-cixan-azerbaycanin-muxalifet-lideri-siyasi-mubarize-ucun-qollarini-cirmalayir\/#primaryimage"},"image":{"@id":"https:\/\/www.meydan.tv\/az\/article\/hebsxanadan-cixan-azerbaycanin-muxalifet-lideri-siyasi-mubarize-ucun-qollarini-cirmalayir\/#primaryimage"},"thumbnailUrl":"https:\/\/www.meydan.tv\/wp-content\/uploads\/42839.jpg","datePublished":"2018-10-03T15:18:25+00:00","breadcrumb":{"@id":"https:\/\/www.meydan.tv\/az\/article\/hebsxanadan-cixan-azerbaycanin-muxalifet-lideri-siyasi-mubarize-ucun-qollarini-cirmalayir\/#breadcrumb"},"inLanguage":"az","potentialAction":[{"@type":"ReadAction","target":["https:\/\/www.meydan.tv\/az\/article\/hebsxanadan-cixan-azerbaycanin-muxalifet-lideri-siyasi-mubarize-ucun-qollarini-cirmalayir\/"]}]},{"@type":"ImageObject","inLanguage":"az","@id":"https:\/\/www.meydan.tv\/az\/article\/hebsxanadan-cixan-azerbaycanin-muxalifet-lideri-siyasi-mubarize-ucun-qollarini-cirmalayir\/#primaryimage","url":"https:\/\/www.meydan.tv\/wp-content\/uploads\/42839.jpg","contentUrl":"https:\/\/www.meydan.tv\/wp-content\/uploads\/42839.jpg","width":1500,"height":1000,"caption":"Source:"},{"@type":"BreadcrumbList","@id":"https:\/\/www.meydan.tv\/az\/article\/hebsxanadan-cixan-azerbaycanin-muxalifet-lideri-siyasi-mubarize-ucun-qollarini-cirmalayir\/#breadcrumb","itemListElement":[{"@type":"ListItem","position":1,"name":"Ana s\u0259hif\u0259","item":"https:\/\/www.meydan.tv\/az\/"},{"@type":"ListItem","position":2,"name":"Analitika","item":"https:\/\/www.meydan.tv\/az\/section\/analitika\/"},{"@type":"ListItem","position":3,"name":"H\u0259bsxanadan \u00e7\u0131xan Az\u0259rbaycan\u0131n m\u00fcxalif\u0259t lideri siyasi m\u00fcbariz\u0259 \u00fc\u00e7\u00fcn qollar\u0131n\u0131 \u00e7\u0131rmalay\u0131r"}]},{"@type":"WebSite","@id":"https:\/\/www.meydan.tv\/az\/#website","url":"https:\/\/www.meydan.tv\/az\/","name":"MEYDAN.TV","description":"Meydan TV Az\u0259rbaycan\u0131n media m\u0259kan\u0131ndak\u0131 alternativ s\u0259sidir","publisher":{"@id":"https:\/\/www.meydan.tv\/az\/#organization"},"potentialAction":[{"@type":"SearchAction","target":{"@type":"EntryPoint","urlTemplate":"https:\/\/www.meydan.tv\/az\/?s={search_term_string}"},"query-input":{"@type":"PropertyValueSpecification","valueRequired":true,"valueName":"search_term_string"}}],"inLanguage":"az"},{"@type":"Organization","@id":"https:\/\/www.meydan.tv\/az\/#organization","name":"Meydan TV","url":"https:\/\/www.meydan.tv\/az\/","logo":{"@type":"ImageObject","inLanguage":"az","@id":"https:\/\/www.meydan.tv\/az\/#\/schema\/logo\/image\/","url":"https:\/\/www.meydan.tv\/wp-content\/uploads\/2021\/07\/meydan-logo.svg","contentUrl":"https:\/\/www.meydan.tv\/wp-content\/uploads\/2021\/07\/meydan-logo.svg","width":195,"height":46,"caption":"Meydan TV"},"image":{"@id":"https:\/\/www.meydan.tv\/az\/#\/schema\/logo\/image\/"}},{"@type":"Person","@id":"https:\/\/www.meydan.tv\/az\/#\/schema\/person\/10d11eccf6da3662cf5fdab9806ea91a","name":"user-manager"}]}},"_links":{"self":[{"href":"https:\/\/www.meydan.tv\/az\/wp-json\/wp\/v2\/posts\/191937","targetHints":{"allow":["GET"]}}],"collection":[{"href":"https:\/\/www.meydan.tv\/az\/wp-json\/wp\/v2\/posts"}],"about":[{"href":"https:\/\/www.meydan.tv\/az\/wp-json\/wp\/v2\/types\/post"}],"author":[{"embeddable":true,"href":"https:\/\/www.meydan.tv\/az\/wp-json\/wp\/v2\/users\/11"}],"replies":[{"embeddable":true,"href":"https:\/\/www.meydan.tv\/az\/wp-json\/wp\/v2\/comments?post=191937"}],"version-history":[{"count":0,"href":"https:\/\/www.meydan.tv\/az\/wp-json\/wp\/v2\/posts\/191937\/revisions"}],"wp:featuredmedia":[{"embeddable":true,"href":"https:\/\/www.meydan.tv\/az\/wp-json\/wp\/v2\/media\/107826"}],"wp:attachment":[{"href":"https:\/\/www.meydan.tv\/az\/wp-json\/wp\/v2\/media?parent=191937"}],"wp:term":[{"taxonomy":"category","embeddable":true,"href":"https:\/\/www.meydan.tv\/az\/wp-json\/wp\/v2\/categories?post=191937"},{"taxonomy":"post_tag","embeddable":true,"href":"https:\/\/www.meydan.tv\/az\/wp-json\/wp\/v2\/tags?post=191937"}],"curies":[{"name":"wp","href":"https:\/\/api.w.org\/{rel}","templated":true}]}}