{"id":191923,"date":"2018-10-02T17:57:18","date_gmt":"2018-10-02T17:57:18","guid":{"rendered":"https:\/\/www.meydan.tv\/article\/yardim-ucun-hansisa-quruma-muraciet-edende-rusvet-isteyirler\/"},"modified":"2018-10-02T17:57:18","modified_gmt":"2018-10-02T17:57:18","slug":"yardim-ucun-hansisa-quruma-muraciet-edende-rusvet-isteyirler","status":"publish","type":"post","link":"https:\/\/www.meydan.tv\/az\/article\/yardim-ucun-hansisa-quruma-muraciet-edende-rusvet-isteyirler\/","title":{"rendered":"&#8221;Yard\u0131m \u00fc\u00e7\u00fcn hans\u0131sa quruma m\u00fcraci\u0259t ed\u0259nd\u0259, r\u00fc\u015fv\u0259t ist\u0259yirl\u0259r&#8221;"},"content":{"rendered":"<figure class=\"wp-block-image size-large\">\n  <img decoding=\"async\" src=\"https:\/\/www.meydan.tv\/az\/tunzale-isgenderli\/\" alt=\"T\u00fcnzal\u0259 \u0130sg\u0259nd\u0259rli\" class=\"wp-image-110423\"\/><figcaption>\n    T\u00fcnzal\u0259 \u0130sg\u0259nd\u0259rli<br \/>\n  <\/figcaption><\/figure>\n<p>\n  <i><br \/>\n    \u0130smay\u0131ll\u0131da \u00fcnvanl\u0131 sosial yard\u0131m ala bilm\u0259y\u0259nl\u0259r naraz\u0131l\u0131q edir<br \/>\n  <\/i>\n<\/p>\n<p>\n  &#8220;G\u00fcnd\u0259n-g\u00fcn\u0259 h\u0259r \u015fey bahala\u015f\u0131r, \u0259limizd\u0259 olan q\u0259pik-quru\u015fla dolanmaq \u00e7\u0259tindir. Bir qarn\u0131 ac, bir qarn\u0131 tox ya\u015famaqdan, art\u0131q cana doymu\u015fuq. \u0130\u015f yoxdur ki, i\u015fl\u0259yib, ail\u0259mizi doland\u0131raq. Bir t\u0259r\u0259fd\u0259n d\u0259 \u00fcnvanl\u0131 sosial yard\u0131m ala bilmirik&#8221;.\n<\/p>\n<p>\n  Bunu Meydan TV-y\u0259 bir qrup \u0130smay\u0131ll\u0131 sakini deyir. Onlar D\u00f6vl\u0259t Sosial M\u00fcdafi\u0259 Fondununun \u0130smay\u0131ll\u0131 Rayon \u015e\u00f6b\u0259sind\u0259n naraz\u0131d\u0131rlar.\n<\/p>\n<blockquote><p>\n  Ac\u0131ndan \u00f6l\u0259nl\u0259r k\u0259narda qal\u0131b\n<\/p><\/blockquote>\n<p>\n  &#8220;\u0130ki il \u0259vv\u0259l yard\u0131m\u0131 k\u0259sdil\u0259r. \u00c7ox adama da &#8220;Sizin ail\u0259y\u0259 \u00fcnvanl\u0131 sosial yard\u0131m d\u00fc\u015fm\u00fcr&#8221;- dedil\u0259r. N\u0259 oyundursa, imkan\u0131, evi, ma\u015f\u0131n\u0131, i\u015fi, ticar\u0259t obyekti olan adamlar qanunsuz \u015f\u0259kild\u0259 \u00fcnvanl\u0131 sosial yard\u0131m al\u0131r. Amma ac\u0131ndan \u00f6l\u0259nl\u0259r k\u0259narda qal\u0131b. Bir t\u0259r\u0259fd\u0259n i\u015fsizlik, dig\u0259r t\u0259r\u0259fd\u0259n yard\u0131m\u0131n k\u0259silm\u0259si bizi a\u011flar g\u00fcn\u0259 qoyub. He\u00e7 bilmirik nec\u0259 ed\u0259k, d\u0259rdimizi kim\u0259 dey\u0259k? S\u0259simizi e\u015fid\u0259n d\u0259 yoxdur&#8221;- \u0130smay\u0131ll\u0131 rayonu, Qaraba\u011f q\u0259s\u0259b\u0259 sakinl\u0259ri bel\u0259 s\u00f6yl\u0259yir.\n<\/p>\n<figure class=\"wp-block-image size-large\">\n  <img decoding=\"async\" src=\"https:\/\/www.meydan.tv\/az\/tehminaz-huseynova\/\" alt=\"T\u0259hminaz H\u00fcseynova\" class=\"wp-image-110426\"\/><figcaption>\n    T\u0259hminaz H\u00fcseynova<br \/>\n  <\/figcaption><\/figure>\n<p>\n  T\u0259hminaz H\u00fcseynova dolan\u0131\u015f\u0131\u011f\u0131n\u0131n \u00e7ox a\u011f\u0131r oldu\u011funu deyir. \u018flav\u0259 edir ki, s\u0259hh\u0259ti fiziki i\u015fl\u0259rd\u0259 \u00e7al\u0131\u015fma\u011fa imkan vermir:\n<\/p>\n<p>\n  &#8220;T\u0259nha qad\u0131nam, n\u0259 \u0259rim var, n\u0259 d\u0259 o\u011flum. Si\u00e7an yuvalar\u0131yla dolu idar\u0259l\u0259rd\u0259, u\u00e7uq daxmalarda ya\u015fam\u0131\u015fam. Haz\u0131rda alayar\u0131m\u00e7\u0131q tikilmi\u015f bir evd\u0259 d\u00f6z\u00fclm\u0259z \u015f\u0259raitd\u0259 qal\u0131ram. Ayaqlar\u0131m anadang\u0259lm\u0259 ombadan \u00e7\u0131x\u0131qd\u0131r. \u018flilliy\u0259 g\u00f6r\u0259 d\u00f6vl\u0259td\u0259n 50 manat yard\u0131m al\u0131ram. Bu pulla da bir ay dolanmaq olar? 3 ay yay\u0131 yem\u0259kxanada qutab bi\u015firmi\u015f\u0259m, qab yumu\u015fam. Bel\u0259 i\u015fl\u0259r d\u0259 ancaq yayda olur, m\u00fcv\u0259qq\u0259tidir. Art\u0131q ayaqlar\u0131m m\u0259ni saxlam\u0131r, \u00fcst\u00fcnd\u0259 dayana bilmir\u0259m. Bu gedi\u015fl\u0259 el\u0259 i\u015fl\u0259rd\u0259n d\u0259 m\u0259hrum olaca\u011fam. Evim\u0259 \u00e7ox yox, ay \u0259rzind\u0259 150 manat pul girs\u0259, b\u0259simdir. Yard\u0131m \u00fc\u00e7\u00fcn hans\u0131sa quruma m\u00fcraci\u0259t ed\u0259nd\u0259, r\u00fc\u015fv\u0259t ist\u0259yirl\u0259r. M\u0259nd\u0259 pul haradand\u0131r, ay ba\u015f\u0131na d\u00f6n\u00fcm?&#8221;\n<\/p>\n<figure class=\"wp-block-image size-large\">\n  <img decoding=\"async\" src=\"https:\/\/www.meydan.tv\/az\/qeribe-mitelova\/\" alt=\"Q\u0259rib\u0259 Mit\u0259lova\" class=\"wp-image-110429\"\/><figcaption>\n    Q\u0259rib\u0259 Mit\u0259lova<br \/>\n  <\/figcaption><\/figure>\n<blockquote><p>\n  Qaza g\u00f6r\u0259 \u00e7ox borcumuz vard\u0131\u2026\n<\/p><\/blockquote>\n<p>\n  Vaxtil\u0259 ayr\u0131ca k\u0259nd olan, sonra l\u0259\u011fv edil\u0259r\u0259k \u0130smay\u0131ll\u0131 \u015f\u0259h\u0259rin\u0259 qat\u0131lan Mican k\u0259ndinin sakini Q\u0259rib\u0259 Mit\u0259lova i\u015fsizdir, \u00fcst\u0259lik, s\u0259hh\u0259tind\u0259 ciddi probleml\u0259r oldu\u011funu deyir. O da, \u00fcnvanl\u0131 sosial yard\u0131m almaq ist\u0259yib:\n<\/p>\n<p>\n  &#8220;Lakin verm\u0259dil\u0259r, dedil\u0259r ki, s\u0259n\u0259 d\u00fc\u015fm\u00fcr. Yolda\u015f\u0131m ev ustas\u0131d\u0131r. Yard\u0131m almaq \u00fc\u00e7\u00fcn D\u00f6vl\u0259t Sosial M\u00fcdafi\u0259 Fondunun \u0130smay\u0131ll\u0131 Rayon \u015e\u00f6b\u0259sin\u0259 m\u00fcraci\u0259t etdim. Soru\u015fdular ki, yolda\u015f\u0131n n\u0259 i\u015fl\u0259yir? Dedim ki, f\u0259hl\u0259. Cavab\u0131nda s\u00f6yl\u0259dil\u0259r ki, g\u00fcn\u00fcn\u0259 15 manatdan vur, g\u00f6r n\u0259 q\u0259d\u0259r pul edir. Halbuki, yolda\u015f\u0131m b\u0259z\u0259n m\u0259cburiyy\u0259td\u0259n 2 manata suvaq i\u015fi g\u00f6r\u00fcr. Q\u0131\u015fda da i\u015f olmur. Olanda da 3-5 manat, art\u0131q yox. Orta t\u0259hsilliy\u0259m. Subay vaxtlar\u0131mda \u0130smay\u0131ll\u0131da yerl\u0259\u015f\u0259n poliklinikada sanitar i\u015fl\u0259mi\u015f\u0259m. Sonra \u00f6vladlar\u0131ma g\u00f6r\u0259 i\u015fd\u0259n \u00e7\u0131xd\u0131m. \u0130ki \u00f6vlad\u0131m var, o\u011flum 5, q\u0131z\u0131m 2-ci sinifd\u0259 oxuyur. \u0130ndi d\u0259 s\u0259hh\u0259timd\u0259 ciddi probleml\u0259r var. Toyuq-c\u00fcc\u0259, hindu\u015fka saxlay\u0131ram. Q\u0131\u015fda da sat\u0131b, birt\u0259h\u0259r dolan\u0131r\u0131q. Buna dolanmaq dem\u0259k olarsa&#8230; Qaza g\u00f6r\u0259 xeyli borcumuz var idi, q\u0131\u015fda pulunu \u00f6d\u0259y\u0259 bilm\u0259dik, k\u0259sdil\u0259r. M\u0259cburiyy\u0259td\u0259n, r\u0259hm\u0259tlik atam\u0131n b\u00f6y\u00fck z\u0259hm\u0259tl\u0259 \u0259kdiyi meyv\u0259 a\u011faclar\u0131n\u0131 k\u0259sib, yand\u0131rd\u0131q&#8221;.\n<\/p>\n<blockquote><p>\n  \u00c7ar\u0259sizlikd\u0259n zibily\u0131\u011fan i\u015fl\u0259yir\u0259m\n<\/p><\/blockquote>\n<p>\n  \u0130smay\u0131ll\u0131 rayonu, Qaraba\u011f q\u0259s\u0259b\u0259sinin sakini T\u00fcnzal\u0259 \u0130sg\u0259nd\u0259rli 2016-c\u0131 il\u0259 q\u0259d\u0259r \u00fcnvanl\u0131 sosial yard\u0131m al\u0131b:\n<\/p>\n<p>\n  &#8220;Amma sonra pulu k\u0259sdil\u0259r, verm\u0259dil\u0259r. S\u0259b\u0259bini soru\u015fanda da dedil\u0259r ki, \u00fcnvanl\u0131 sosial yard\u0131m ham\u0131ya d\u00fc\u015fm\u00fcr. Sonra \u00fcnvanl\u0131 sosial yard\u0131m t\u0259yinat\u0131 \u00fc\u00e7\u00fcn elektron qaydada m\u00fcraci\u0259t etdik, yen\u0259 d\u0259 bir n\u0259tic\u0259y\u0259 hasil ola bilm\u0259dik. Deyirl\u0259r ki, s\u0259nin dolan\u0131\u015f\u0131\u011f\u0131n yax\u015f\u0131d\u0131r. M\u0259nzil-kommunal T\u0259s\u0259rr\u00fcfat\u0131 \u0130dar\u0259sin\u0259 m\u00fcraci\u0259t etmi\u015fdim. M\u00fcqavil\u0259 \u0259sas\u0131nda i\u015fl\u0259 t\u0259min olundum. \u00c7ar\u0259sizlikd\u0259n zibily\u0131\u011fan i\u015fl\u0259yir\u0259m. 125 manat \u0259m\u0259khaqq\u0131 al\u0131ram. M\u00fcqavil\u0259m d\u0259 dekabrda bitir. O pulla dolanmaq olmur. A\u011f\u0131r i\u015fl\u0259r var, sah\u0259l\u0259rd\u0259 kartof-so\u011fan y\u0131\u011fmaq olar. S\u0259h\u0259r 8-d\u0259n ax\u015fam 8-d\u0259k sah\u0259d\u0259 dayanmadan nec\u0259 kartof y\u0131\u011fasan?&#8221;\n<\/p>\n<figure class=\"wp-block-image size-large\">\n  <img decoding=\"async\" src=\"https:\/\/www.meydan.tv\/az\/cabir-memmedov-ve-ailesi\/\" alt=\"Cabir M\u0259mm\u0259dov v\u0259 ail\u0259si\" class=\"wp-image-110432\"\/><figcaption>\n    Cabir M\u0259mm\u0259dov v\u0259 ail\u0259si<br \/>\n  <\/figcaption><\/figure>\n<p>\n  \u0130smay\u0131ll\u0131 rayon Lah\u0131c q\u0259s\u0259b\u0259 sakini Cabir M\u0259mm\u0259dov 2-ci qrup \u0259lildir. Ail\u0259lidir, 3 q\u0131z \u00f6vlad\u0131 var. Bir ay olar ki, Lah\u0131c\u0131n H\u0259ft\u0259sov (H\u0259ft\u0259siyab) k\u0259ndind\u0259n \u0130smay\u0131ll\u0131ya k\u00f6\u00e7\u00fcb:\n<\/p>\n<p>\n  &#8220;Haz\u0131rda Qaraba\u011f \u0259lili olan qarda\u015f\u0131m\u0131n Qaraba\u011f q\u0259s\u0259b\u0259sind\u0259ki evind\u0259 m\u0259skunla\u015fm\u0131\u015fam. Yolda\u015f\u0131m H\u0259ft\u0259siyabda yerl\u0259\u015f\u0259n m\u0259kt\u0259bd\u0259 xadim\u0259 i\u015fl\u0259yirdi, 80 manat maa\u015f al\u0131rd\u0131. Birt\u0259h\u0259r dolan\u0131rd\u0131q, lakin m\u0259kt\u0259b ba\u011fland\u0131. Ail\u0259m 5 n\u0259f\u0259rd\u0259n ibar\u0259tdir. \u00d6z\u00fcm fiziki olaraq yarars\u0131z adamam. \u0130kinci qrup \u0259lil\u0259m, 220 manat pul al\u0131ram. Amma bu m\u0259bl\u0259\u011fl\u0259 bir ail\u0259ni doland\u0131rmaq m\u00fcmk\u00fcn deyil. \u018fyin-ba\u015f ala bilmir\u0259m, q\u0131zlar\u0131m onun-bunun k\u00f6hn\u0259 paltarlar\u0131n\u0131 geyinir. M\u00fcraci\u0259t etdik, biz\u0259 sosial yard\u0131m verm\u0259dil\u0259r&#8221;.\n<\/p>\n<blockquote><p>\n  H\u0259r hans\u0131 qeyri-\u015f\u0259ffafl\u0131\u011fa yol veril\u0259 bilm\u0259z\n<\/p><\/blockquote>\n<p>\n  DSMF-nun \u0130smay\u0131ll\u0131 Rayon \u015e\u00f6b\u0259sinin m\u00fchasibat\u00e7\u0131s\u0131 Z\u00fcmr\u00fcd Yusifova Meydan TV-y\u0259 s\u00f6yl\u0259nil\u0259n iradlar\u0131n he\u00e7 bir \u0259sas\u0131 olmad\u0131\u011f\u0131n\u0131 deyir:\n<\/p>\n<p>\n  &#8220;Burada h\u0259r hans\u0131sa qeyri-\u015f\u0259ffafl\u0131\u011fa yol veril\u0259 bilm\u0259z. \u00c7\u00fcnki art\u0131q bir il\u0259 yax\u0131nd\u0131r ki, \u00fcnvanl\u0131 sosial yard\u0131m elektron qaydada h\u0259yata ke\u00e7irilir. Y\u0259ni v\u0259t\u0259nda\u015fla \u015f\u0259xs\u0259n elektron variantda \u0259laq\u0259 saxlan\u0131l\u0131r. Biz\u0259 m\u00fcraci\u0259t ed\u0259n adamlara deyirik ki, elektron variantla hans\u0131 s\u0259n\u0259dl\u0259r t\u0259l\u0259b olunursa verin, d\u00fc\u015f\u0259c\u0259ks\u0259, mobil telefonunuza avtomatik olaraq mesaj daxil olacaq. Bizim idar\u0259d\u0259 art\u0131q h\u0259min i\u015fl\u0259r\u0259 baxan \u015ftat l\u0259\u011fv olunub, i\u015f\u00e7il\u0259r d\u0259 i\u015fd\u0259n \u00e7\u0131xar\u0131l\u0131b. H\u0259r hans\u0131 qanunsuzlu\u011fa yol verilmir. T\u0259l\u0259bl\u0259r bel\u0259dir, y\u0259ni \u015f\u0259xs\u0259n v\u0259t\u0259nda\u015f\u0131n \u00f6z\u00fc il\u0259 \u0259laq\u0259 saxlan\u0131l\u0131r&#8221;.<br \/>\n  <br \/>\n  Prezident \u0130lham \u018fliyevin 23 fevral 2015-ci il tarixli F\u0259rman\u0131na \u0259sas\u0259n, \u018fm\u0259k v\u0259 \u018fhalinin Sosial M\u00fcdafi\u0259si Nazirliyinin m\u0259rk\u0259zl\u0259\u015fdirilmi\u015f informasiya sistemind\u0259 \u00fcnvanl\u0131 d\u00f6vl\u0259t sosial yard\u0131m\u0131 \u00fczr\u0259 Vahid Elektron M\u00fcraci\u0259t v\u0259 T\u0259yinat Alt Sistemi (VEMTAS) yarad\u0131l\u0131b.\n<\/p>\n<p>\n  &#8220;Elektron h\u00f6kum\u0259t&#8221; portal\u0131 \u00fcz\u0259rind\u0259n qurulan VEMTAS-\u0131n \u00fcnvanl\u0131 d\u00f6vl\u0259t sosial yard\u0131m\u0131n\u0131n al\u0131nmas\u0131 \u00fc\u00e7\u00fcn m\u00fcraci\u0259t ed\u0259n v\u0259t\u0259nda\u015f\u0131n m\u0259lumat\u0131na avtomatla\u015fd\u0131r\u0131lm\u0131\u015f \u015f\u0259kild\u0259 bax\u0131l\u0131r v\u0259 yard\u0131m t\u0259yin olunub-olunmamas\u0131 bar\u0259d\u0259 q\u0259rar q\u0259bul olunur.\n<\/p><\/p>\n","protected":false},"excerpt":{"rendered":"<p>\u0130smay\u0131ll\u0131da \u00fcnvanl\u0131 sosial yard\u0131m ala bilm\u0259y\u0259nl\u0259r naraz\u0131l\u0131q edir<\/p>\n","protected":false},"author":11,"featured_media":110423,"comment_status":"closed","ping_status":"open","sticky":false,"template":"","format":"standard","meta":{"_acf_changed":false,"_sitemap_exclude":false,"_sitemap_priority":"","_sitemap_frequency":"","footnotes":""},"categories":[60],"tags":[],"class_list":["post-191923","post","type-post","status-publish","format-standard","has-post-thumbnail","hentry","category-bolge","infinite-scroll-item","generate-columns","tablet-grid-50","mobile-grid-100","grid-parent","grid-33","no-featured-image-padding"],"acf":[],"yoast_head":"<!-- This site is optimized with the Yoast SEO plugin v27.4 - https:\/\/yoast.com\/product\/yoast-seo-wordpress\/ -->\n<title>&#039;&#039;Yard\u0131m \u00fc\u00e7\u00fcn hans\u0131sa quruma m\u00fcraci\u0259t ed\u0259nd\u0259, r\u00fc\u015fv\u0259t ist\u0259yirl\u0259r&#039;&#039; - MEYDAN.TV<\/title>\n<meta name=\"robots\" content=\"index, follow, max-snippet:-1, max-image-preview:large, max-video-preview:-1\" \/>\n<link rel=\"canonical\" href=\"https:\/\/www.meydan.tv\/az\/article\/yardim-ucun-hansisa-quruma-muraciet-edende-rusvet-isteyirler\/\" \/>\n<meta property=\"og:locale\" content=\"az_AZ\" \/>\n<meta property=\"og:type\" content=\"article\" \/>\n<meta property=\"og:title\" content=\"&#039;&#039;Yard\u0131m \u00fc\u00e7\u00fcn hans\u0131sa quruma m\u00fcraci\u0259t ed\u0259nd\u0259, r\u00fc\u015fv\u0259t ist\u0259yirl\u0259r&#039;&#039; - MEYDAN.TV\" \/>\n<meta property=\"og:description\" content=\"\u0130smay\u0131ll\u0131da \u00fcnvanl\u0131 sosial yard\u0131m ala bilm\u0259y\u0259nl\u0259r naraz\u0131l\u0131q edir\" \/>\n<meta property=\"og:url\" content=\"https:\/\/www.meydan.tv\/az\/article\/yardim-ucun-hansisa-quruma-muraciet-edende-rusvet-isteyirler\/\" \/>\n<meta property=\"og:site_name\" content=\"MEYDAN.TV\" \/>\n<meta property=\"article:published_time\" content=\"2018-10-02T17:57:18+00:00\" \/>\n<meta property=\"og:image\" content=\"https:\/\/www.meydan.tv\/wp-content\/uploads\/43933.jpg\" \/>\n\t<meta property=\"og:image:width\" content=\"960\" \/>\n\t<meta property=\"og:image:height\" content=\"720\" \/>\n\t<meta property=\"og:image:type\" content=\"image\/jpeg\" \/>\n<meta name=\"author\" content=\"user-manager\" \/>\n<meta name=\"twitter:card\" content=\"summary_large_image\" \/>\n<script type=\"application\/ld+json\" class=\"yoast-schema-graph\">{\"@context\":\"https:\\\/\\\/schema.org\",\"@graph\":[{\"@type\":\"Article\",\"@id\":\"https:\\\/\\\/www.meydan.tv\\\/az\\\/article\\\/yardim-ucun-hansisa-quruma-muraciet-edende-rusvet-isteyirler\\\/#article\",\"isPartOf\":{\"@id\":\"https:\\\/\\\/www.meydan.tv\\\/az\\\/article\\\/yardim-ucun-hansisa-quruma-muraciet-edende-rusvet-isteyirler\\\/\"},\"author\":{\"name\":\"user-manager\",\"@id\":\"https:\\\/\\\/www.meydan.tv\\\/az\\\/#\\\/schema\\\/person\\\/10d11eccf6da3662cf5fdab9806ea91a\"},\"headline\":\"&#8221;Yard\u0131m \u00fc\u00e7\u00fcn hans\u0131sa quruma m\u00fcraci\u0259t ed\u0259nd\u0259, r\u00fc\u015fv\u0259t ist\u0259yirl\u0259r&#8221;\",\"datePublished\":\"2018-10-02T17:57:18+00:00\",\"mainEntityOfPage\":{\"@id\":\"https:\\\/\\\/www.meydan.tv\\\/az\\\/article\\\/yardim-ucun-hansisa-quruma-muraciet-edende-rusvet-isteyirler\\\/\"},\"wordCount\":1293,\"publisher\":{\"@id\":\"https:\\\/\\\/www.meydan.tv\\\/az\\\/#organization\"},\"image\":{\"@id\":\"https:\\\/\\\/www.meydan.tv\\\/az\\\/article\\\/yardim-ucun-hansisa-quruma-muraciet-edende-rusvet-isteyirler\\\/#primaryimage\"},\"thumbnailUrl\":\"https:\\\/\\\/www.meydan.tv\\\/wp-content\\\/uploads\\\/43933.jpg\",\"articleSection\":[\"B\u00f6lg\u0259\"],\"inLanguage\":\"az\"},{\"@type\":\"WebPage\",\"@id\":\"https:\\\/\\\/www.meydan.tv\\\/az\\\/article\\\/yardim-ucun-hansisa-quruma-muraciet-edende-rusvet-isteyirler\\\/\",\"url\":\"https:\\\/\\\/www.meydan.tv\\\/az\\\/article\\\/yardim-ucun-hansisa-quruma-muraciet-edende-rusvet-isteyirler\\\/\",\"name\":\"''Yard\u0131m \u00fc\u00e7\u00fcn hans\u0131sa quruma m\u00fcraci\u0259t ed\u0259nd\u0259, r\u00fc\u015fv\u0259t ist\u0259yirl\u0259r'' - MEYDAN.TV\",\"isPartOf\":{\"@id\":\"https:\\\/\\\/www.meydan.tv\\\/az\\\/#website\"},\"primaryImageOfPage\":{\"@id\":\"https:\\\/\\\/www.meydan.tv\\\/az\\\/article\\\/yardim-ucun-hansisa-quruma-muraciet-edende-rusvet-isteyirler\\\/#primaryimage\"},\"image\":{\"@id\":\"https:\\\/\\\/www.meydan.tv\\\/az\\\/article\\\/yardim-ucun-hansisa-quruma-muraciet-edende-rusvet-isteyirler\\\/#primaryimage\"},\"thumbnailUrl\":\"https:\\\/\\\/www.meydan.tv\\\/wp-content\\\/uploads\\\/43933.jpg\",\"datePublished\":\"2018-10-02T17:57:18+00:00\",\"breadcrumb\":{\"@id\":\"https:\\\/\\\/www.meydan.tv\\\/az\\\/article\\\/yardim-ucun-hansisa-quruma-muraciet-edende-rusvet-isteyirler\\\/#breadcrumb\"},\"inLanguage\":\"az\",\"potentialAction\":[{\"@type\":\"ReadAction\",\"target\":[\"https:\\\/\\\/www.meydan.tv\\\/az\\\/article\\\/yardim-ucun-hansisa-quruma-muraciet-edende-rusvet-isteyirler\\\/\"]}]},{\"@type\":\"ImageObject\",\"inLanguage\":\"az\",\"@id\":\"https:\\\/\\\/www.meydan.tv\\\/az\\\/article\\\/yardim-ucun-hansisa-quruma-muraciet-edende-rusvet-isteyirler\\\/#primaryimage\",\"url\":\"https:\\\/\\\/www.meydan.tv\\\/wp-content\\\/uploads\\\/43933.jpg\",\"contentUrl\":\"https:\\\/\\\/www.meydan.tv\\\/wp-content\\\/uploads\\\/43933.jpg\",\"width\":960,\"height\":720,\"caption\":\"Source:\"},{\"@type\":\"BreadcrumbList\",\"@id\":\"https:\\\/\\\/www.meydan.tv\\\/az\\\/article\\\/yardim-ucun-hansisa-quruma-muraciet-edende-rusvet-isteyirler\\\/#breadcrumb\",\"itemListElement\":[{\"@type\":\"ListItem\",\"position\":1,\"name\":\"Ana s\u0259hif\u0259\",\"item\":\"https:\\\/\\\/www.meydan.tv\\\/az\\\/\"},{\"@type\":\"ListItem\",\"position\":2,\"name\":\"B\u00f6lg\u0259\",\"item\":\"https:\\\/\\\/www.meydan.tv\\\/az\\\/section\\\/bolge\\\/\"},{\"@type\":\"ListItem\",\"position\":3,\"name\":\"&#8221;Yard\u0131m \u00fc\u00e7\u00fcn hans\u0131sa quruma m\u00fcraci\u0259t ed\u0259nd\u0259, r\u00fc\u015fv\u0259t ist\u0259yirl\u0259r&#8221;\"}]},{\"@type\":\"WebSite\",\"@id\":\"https:\\\/\\\/www.meydan.tv\\\/az\\\/#website\",\"url\":\"https:\\\/\\\/www.meydan.tv\\\/az\\\/\",\"name\":\"MEYDAN.TV\",\"description\":\"Meydan TV Az\u0259rbaycan\u0131n media m\u0259kan\u0131ndak\u0131 alternativ s\u0259sidir\",\"publisher\":{\"@id\":\"https:\\\/\\\/www.meydan.tv\\\/az\\\/#organization\"},\"potentialAction\":[{\"@type\":\"SearchAction\",\"target\":{\"@type\":\"EntryPoint\",\"urlTemplate\":\"https:\\\/\\\/www.meydan.tv\\\/az\\\/?s={search_term_string}\"},\"query-input\":{\"@type\":\"PropertyValueSpecification\",\"valueRequired\":true,\"valueName\":\"search_term_string\"}}],\"inLanguage\":\"az\"},{\"@type\":\"Organization\",\"@id\":\"https:\\\/\\\/www.meydan.tv\\\/az\\\/#organization\",\"name\":\"Meydan TV\",\"url\":\"https:\\\/\\\/www.meydan.tv\\\/az\\\/\",\"logo\":{\"@type\":\"ImageObject\",\"inLanguage\":\"az\",\"@id\":\"https:\\\/\\\/www.meydan.tv\\\/az\\\/#\\\/schema\\\/logo\\\/image\\\/\",\"url\":\"https:\\\/\\\/www.meydan.tv\\\/wp-content\\\/uploads\\\/2021\\\/07\\\/meydan-logo.svg\",\"contentUrl\":\"https:\\\/\\\/www.meydan.tv\\\/wp-content\\\/uploads\\\/2021\\\/07\\\/meydan-logo.svg\",\"width\":195,\"height\":46,\"caption\":\"Meydan TV\"},\"image\":{\"@id\":\"https:\\\/\\\/www.meydan.tv\\\/az\\\/#\\\/schema\\\/logo\\\/image\\\/\"}},{\"@type\":\"Person\",\"@id\":\"https:\\\/\\\/www.meydan.tv\\\/az\\\/#\\\/schema\\\/person\\\/10d11eccf6da3662cf5fdab9806ea91a\",\"name\":\"user-manager\"}]}<\/script>\n<!-- \/ Yoast SEO plugin. -->","yoast_head_json":{"title":"''Yard\u0131m \u00fc\u00e7\u00fcn hans\u0131sa quruma m\u00fcraci\u0259t ed\u0259nd\u0259, r\u00fc\u015fv\u0259t ist\u0259yirl\u0259r'' - MEYDAN.TV","robots":{"index":"index","follow":"follow","max-snippet":"max-snippet:-1","max-image-preview":"max-image-preview:large","max-video-preview":"max-video-preview:-1"},"canonical":"https:\/\/www.meydan.tv\/az\/article\/yardim-ucun-hansisa-quruma-muraciet-edende-rusvet-isteyirler\/","og_locale":"az_AZ","og_type":"article","og_title":"''Yard\u0131m \u00fc\u00e7\u00fcn hans\u0131sa quruma m\u00fcraci\u0259t ed\u0259nd\u0259, r\u00fc\u015fv\u0259t ist\u0259yirl\u0259r'' - MEYDAN.TV","og_description":"\u0130smay\u0131ll\u0131da \u00fcnvanl\u0131 sosial yard\u0131m ala bilm\u0259y\u0259nl\u0259r naraz\u0131l\u0131q edir","og_url":"https:\/\/www.meydan.tv\/az\/article\/yardim-ucun-hansisa-quruma-muraciet-edende-rusvet-isteyirler\/","og_site_name":"MEYDAN.TV","article_published_time":"2018-10-02T17:57:18+00:00","og_image":[{"width":960,"height":720,"url":"https:\/\/www.meydan.tv\/wp-content\/uploads\/43933.jpg","type":"image\/jpeg"}],"author":"user-manager","twitter_card":"summary_large_image","schema":{"@context":"https:\/\/schema.org","@graph":[{"@type":"Article","@id":"https:\/\/www.meydan.tv\/az\/article\/yardim-ucun-hansisa-quruma-muraciet-edende-rusvet-isteyirler\/#article","isPartOf":{"@id":"https:\/\/www.meydan.tv\/az\/article\/yardim-ucun-hansisa-quruma-muraciet-edende-rusvet-isteyirler\/"},"author":{"name":"user-manager","@id":"https:\/\/www.meydan.tv\/az\/#\/schema\/person\/10d11eccf6da3662cf5fdab9806ea91a"},"headline":"&#8221;Yard\u0131m \u00fc\u00e7\u00fcn hans\u0131sa quruma m\u00fcraci\u0259t ed\u0259nd\u0259, r\u00fc\u015fv\u0259t ist\u0259yirl\u0259r&#8221;","datePublished":"2018-10-02T17:57:18+00:00","mainEntityOfPage":{"@id":"https:\/\/www.meydan.tv\/az\/article\/yardim-ucun-hansisa-quruma-muraciet-edende-rusvet-isteyirler\/"},"wordCount":1293,"publisher":{"@id":"https:\/\/www.meydan.tv\/az\/#organization"},"image":{"@id":"https:\/\/www.meydan.tv\/az\/article\/yardim-ucun-hansisa-quruma-muraciet-edende-rusvet-isteyirler\/#primaryimage"},"thumbnailUrl":"https:\/\/www.meydan.tv\/wp-content\/uploads\/43933.jpg","articleSection":["B\u00f6lg\u0259"],"inLanguage":"az"},{"@type":"WebPage","@id":"https:\/\/www.meydan.tv\/az\/article\/yardim-ucun-hansisa-quruma-muraciet-edende-rusvet-isteyirler\/","url":"https:\/\/www.meydan.tv\/az\/article\/yardim-ucun-hansisa-quruma-muraciet-edende-rusvet-isteyirler\/","name":"''Yard\u0131m \u00fc\u00e7\u00fcn hans\u0131sa quruma m\u00fcraci\u0259t ed\u0259nd\u0259, r\u00fc\u015fv\u0259t ist\u0259yirl\u0259r'' - MEYDAN.TV","isPartOf":{"@id":"https:\/\/www.meydan.tv\/az\/#website"},"primaryImageOfPage":{"@id":"https:\/\/www.meydan.tv\/az\/article\/yardim-ucun-hansisa-quruma-muraciet-edende-rusvet-isteyirler\/#primaryimage"},"image":{"@id":"https:\/\/www.meydan.tv\/az\/article\/yardim-ucun-hansisa-quruma-muraciet-edende-rusvet-isteyirler\/#primaryimage"},"thumbnailUrl":"https:\/\/www.meydan.tv\/wp-content\/uploads\/43933.jpg","datePublished":"2018-10-02T17:57:18+00:00","breadcrumb":{"@id":"https:\/\/www.meydan.tv\/az\/article\/yardim-ucun-hansisa-quruma-muraciet-edende-rusvet-isteyirler\/#breadcrumb"},"inLanguage":"az","potentialAction":[{"@type":"ReadAction","target":["https:\/\/www.meydan.tv\/az\/article\/yardim-ucun-hansisa-quruma-muraciet-edende-rusvet-isteyirler\/"]}]},{"@type":"ImageObject","inLanguage":"az","@id":"https:\/\/www.meydan.tv\/az\/article\/yardim-ucun-hansisa-quruma-muraciet-edende-rusvet-isteyirler\/#primaryimage","url":"https:\/\/www.meydan.tv\/wp-content\/uploads\/43933.jpg","contentUrl":"https:\/\/www.meydan.tv\/wp-content\/uploads\/43933.jpg","width":960,"height":720,"caption":"Source:"},{"@type":"BreadcrumbList","@id":"https:\/\/www.meydan.tv\/az\/article\/yardim-ucun-hansisa-quruma-muraciet-edende-rusvet-isteyirler\/#breadcrumb","itemListElement":[{"@type":"ListItem","position":1,"name":"Ana s\u0259hif\u0259","item":"https:\/\/www.meydan.tv\/az\/"},{"@type":"ListItem","position":2,"name":"B\u00f6lg\u0259","item":"https:\/\/www.meydan.tv\/az\/section\/bolge\/"},{"@type":"ListItem","position":3,"name":"&#8221;Yard\u0131m \u00fc\u00e7\u00fcn hans\u0131sa quruma m\u00fcraci\u0259t ed\u0259nd\u0259, r\u00fc\u015fv\u0259t ist\u0259yirl\u0259r&#8221;"}]},{"@type":"WebSite","@id":"https:\/\/www.meydan.tv\/az\/#website","url":"https:\/\/www.meydan.tv\/az\/","name":"MEYDAN.TV","description":"Meydan TV Az\u0259rbaycan\u0131n media m\u0259kan\u0131ndak\u0131 alternativ s\u0259sidir","publisher":{"@id":"https:\/\/www.meydan.tv\/az\/#organization"},"potentialAction":[{"@type":"SearchAction","target":{"@type":"EntryPoint","urlTemplate":"https:\/\/www.meydan.tv\/az\/?s={search_term_string}"},"query-input":{"@type":"PropertyValueSpecification","valueRequired":true,"valueName":"search_term_string"}}],"inLanguage":"az"},{"@type":"Organization","@id":"https:\/\/www.meydan.tv\/az\/#organization","name":"Meydan TV","url":"https:\/\/www.meydan.tv\/az\/","logo":{"@type":"ImageObject","inLanguage":"az","@id":"https:\/\/www.meydan.tv\/az\/#\/schema\/logo\/image\/","url":"https:\/\/www.meydan.tv\/wp-content\/uploads\/2021\/07\/meydan-logo.svg","contentUrl":"https:\/\/www.meydan.tv\/wp-content\/uploads\/2021\/07\/meydan-logo.svg","width":195,"height":46,"caption":"Meydan TV"},"image":{"@id":"https:\/\/www.meydan.tv\/az\/#\/schema\/logo\/image\/"}},{"@type":"Person","@id":"https:\/\/www.meydan.tv\/az\/#\/schema\/person\/10d11eccf6da3662cf5fdab9806ea91a","name":"user-manager"}]}},"_links":{"self":[{"href":"https:\/\/www.meydan.tv\/az\/wp-json\/wp\/v2\/posts\/191923","targetHints":{"allow":["GET"]}}],"collection":[{"href":"https:\/\/www.meydan.tv\/az\/wp-json\/wp\/v2\/posts"}],"about":[{"href":"https:\/\/www.meydan.tv\/az\/wp-json\/wp\/v2\/types\/post"}],"author":[{"embeddable":true,"href":"https:\/\/www.meydan.tv\/az\/wp-json\/wp\/v2\/users\/11"}],"replies":[{"embeddable":true,"href":"https:\/\/www.meydan.tv\/az\/wp-json\/wp\/v2\/comments?post=191923"}],"version-history":[{"count":0,"href":"https:\/\/www.meydan.tv\/az\/wp-json\/wp\/v2\/posts\/191923\/revisions"}],"wp:featuredmedia":[{"embeddable":true,"href":"https:\/\/www.meydan.tv\/az\/wp-json\/wp\/v2\/media\/110423"}],"wp:attachment":[{"href":"https:\/\/www.meydan.tv\/az\/wp-json\/wp\/v2\/media?parent=191923"}],"wp:term":[{"taxonomy":"category","embeddable":true,"href":"https:\/\/www.meydan.tv\/az\/wp-json\/wp\/v2\/categories?post=191923"},{"taxonomy":"post_tag","embeddable":true,"href":"https:\/\/www.meydan.tv\/az\/wp-json\/wp\/v2\/tags?post=191923"}],"curies":[{"name":"wp","href":"https:\/\/api.w.org\/{rel}","templated":true}]}}