{"id":191896,"date":"2018-10-01T16:52:41","date_gmt":"2018-10-01T16:52:41","guid":{"rendered":"https:\/\/www.meydan.tv\/article\/kendliler-silyani-niye-goren-yoxdur\/"},"modified":"2018-10-01T16:52:41","modified_gmt":"2018-10-01T16:52:41","slug":"kendliler-silyani-niye-goren-yoxdur","status":"publish","type":"post","link":"https:\/\/www.meydan.tv\/az\/article\/kendliler-silyani-niye-goren-yoxdur\/","title":{"rendered":"K\u0259ndlil\u0259r: \u015eilyan\u0131 niy\u0259 g\u00f6r\u0259n yoxdur?"},"content":{"rendered":"<figure class=\"wp-block-image size-large\">\n  <img decoding=\"async\" src=\"https:\/\/www.meydan.tv\/az\/110348\/\" alt=\"\" class=\"wp-image-110348\"\/><figcaption><\/figcaption><\/figure>\n<p>\n  <i><br \/>\n    \u201cU\u015fa\u011f\u0131n ayaqqab\u0131s\u0131ndan pal\u00e7\u0131q qa\u015f\u0131maqdan yorulmu\u015fuq\u201d<br \/>\n  <\/i>\n<\/p>\n<p>\n  K\u00fcrd\u0259mirin \u015eilyan k\u0259ndinin bir qrup sakini k\u0259ndaras\u0131 yollar\u0131n b\u0259rbad v\u0259ziyy\u0259td\u0259 olmas\u0131ndan \u015fikay\u0259t\u00e7idir.\n<\/p>\n<p>\n  \u201cK\u0259nd\u0259 ged\u0259n 12 kilometrlik yol b\u0259rbad durumdad\u0131r. Qar\u015f\u0131dan da q\u0131\u015f g\u0259lir. Yen\u0259 yayda toz-duman olurdu. \u0130ndi onu pal\u00e7\u0131q \u0259v\u0259zl\u0259y\u0259c\u0259k. V\u0259ziyy\u0259t daha da a\u011f\u0131rla\u015facaq. \u0130ll\u0259rdir k\u0259nd camaat\u0131 bu v\u0259ziyy\u0259t\u0259 d\u00f6z\u00fcr. Art\u0131q d\u00f6z\u00fclm\u0259z h\u0259dd\u0259 g\u0259lib \u00e7\u0131x\u0131blar. Televiziyalarda h\u0259r g\u00fcn k\u0259nd yollar\u0131n\u0131n b\u0259rpas\u0131ndan, t\u0259mirind\u0259n v\u0259 s. dan\u0131\u015f\u0131rlar. Han\u0131, \u015eilyan\u0131 niy\u0259 g\u00f6r\u0259n yoxdur?\u201d &#8211; K\u0259nd sakinl\u0259rind\u0259n Vilay\u0259t Ab\u0131\u015fov bel\u0259 deyir.\n<\/p>\n<blockquote><p>\n  U\u015faqlar m\u0259kt\u0259b\u0259 g\u00fcc-b\u0259la il\u0259 gedib-g\u0259lirl\u0259r\n<\/p><\/blockquote>\n<p>\n  V.Ab\u0131\u015fov bildirir ki, bu yollar\u0131n ham\u0131s\u0131 K\u00fcrd\u0259mir Rayon \u0130cra Hakimiyy\u0259tinin balans\u0131ndad\u0131r. Deyir, k\u0259nd camaat\u0131 probleml\u0259ri il\u0259 ba\u011fl\u0131 K\u00fcrd\u0259mir Rayon \u0130cra Hakimiyy\u0259tin\u0259 d\u0259f\u0259l\u0259rl\u0259 m\u00fcraci\u0259t edibl\u0259r, ancaq bir xeyri olmay\u0131b:\n<\/p>\n<p>\n  \u201cRayonun \u0259n b\u00f6y\u00fck k\u0259ndidir. Burada iki orta m\u0259kt\u0259b var. Onlardan biri natamam, dig\u0259ri tam orta t\u0259hsil verir. M\u0259kt\u0259bl\u0259rin y\u00fczl\u0259rl\u0259 \u015fagirdi var. Onlar q\u0131\u015fda m\u0259kt\u0259b\u0259 ged\u0259rk\u0259n \u00e7ox \u0259ziyy\u0259t \u00e7\u0259kirl\u0259r. K\u0259ndaras\u0131 yollar da b\u0259rbad v\u0259ziyy\u0259td\u0259dir. X\u00fcsus\u0259n d\u0259 q\u0131\u015f aylar\u0131nda insanlara \u00e7ox \u00e7\u0259tin olur. U\u015faqlar m\u0259kt\u0259b\u0259 g\u00fcc-b\u0259la il\u0259 gedib-g\u0259lirl\u0259r. Ham\u0131s\u0131 pal\u00e7\u0131\u011f\u0131n, tozun-torpa\u011f\u0131n i\u00e7ind\u0259dir. Halbuki, el\u0259 m\u0259kt\u0259b\u0259 ged\u0259n yollar asfaltlansa, bel\u0259 olmaz\u201d.\n<\/p>\n<figure class=\"wp-block-image size-large\">\n  <img decoding=\"async\" src=\"https:\/\/www.meydan.tv\/az\/110360\/\" alt=\"\" class=\"wp-image-110360\"\/><figcaption><\/figcaption><\/figure>\n<blockquote><p>\n  Ba\u015fdangetdi i\u015f g\u00f6r\u00fcr, canlar\u0131n\u0131 qurtar\u0131rlar\n<\/p><\/blockquote>\n<p>\n  Sakinl\u0259rd\u0259n G\u00fclay\u0259t M\u0259mm\u0259dova is\u0259 deyir ki, b\u0259lk\u0259 d\u0259 yollar\u0131n asfaltlanmas\u0131 \u00fc\u00e7\u00fcn d\u00f6vl\u0259t b\u00fcdc\u0259sind\u0259n v\u0259sait ayr\u0131l\u0131r. Ancaq k\u0259nddir dey\u0259 baxan yoxdur, ya da ba\u015fdangetdi i\u015f g\u00f6r\u00fcr, canlar\u0131n\u0131 qurtar\u0131rlar:<br \/>\n  <br \/>\n  \u201c\u00d6yr\u0259\u015fibl\u0259r ax\u0131, s\u0259simizi \u00e7\u0131xarm\u0131rd\u0131q he\u00e7 vaxt. Art\u0131q d\u00f6zm\u0259k m\u00fcmk\u00fcn deyil. U\u015fa\u011f\u0131n ayaqqab\u0131s\u0131ndan pal\u00e7\u0131q qa\u015f\u0131maqdan yorulmu\u015fuq. Bir ne\u00e7\u0259 d\u0259f\u0259 t\u0259mir edibl\u0259r, d\u00fczd\u00fcr. Ancaq nec\u0259 edibl\u0259rs\u0259, bir ne\u00e7\u0259 ay sonra yen\u0259 h\u0259m\u0259n-h\u0259m\u0259n olub. \u0130stifad\u0259y\u0259 yarars\u0131z v\u0259ziyy\u0259t\u0259 d\u00fc\u015f\u00fcb. \u0130nsanlar bundan \u00e7ox \u0259ziyy\u0259t \u00e7\u0259kirl\u0259r\u201d.\n<\/p>\n<blockquote><p>\n  Ayr\u0131lan pullar n\u0259m\u0259lum \u015f\u0259xsl\u0259rin cibin\u0259 ax\u0131r\n<\/p><\/blockquote>\n<p>\n  Vilay\u0259t Ab\u0131\u015fov deyir ki, Nazirl\u0259r Kabineti K\u00fcr\u0259mir Rayon \u0130cra Hakimiyy\u0259tin\u0259 \u015eilyan yolunun 12 kilometr t\u0259mirsiz hiss\u0259si \u00fc\u00e7\u00fcn v\u0259sait ay\u0131rsa da, pullar n\u0259m\u0259lum \u015f\u0259xsl\u0259rin cibin\u0259 ax\u0131r:<br \/>\n  <br \/>\n  \u201cPul ayr\u0131l\u0131r, yuxar\u0131dak\u0131lar d\u00fc\u015f\u00fcn\u00fcrl\u0259r ki, b\u0259li, ay\u0131rd\u0131q, problem h\u0259ll edil\u0259c\u0259k. Ancaq K\u00fcrd\u0259mir Rayon \u0130cra Hakimiyy\u0259ti ya yollar\u0131 t\u0259mir etmir, ya da ba\u015fdangetdi bir \u015fey edir. O da tez bir zamanda u\u00e7ub-t\u00f6k\u00fcl\u00fcr. Yen\u0259 k\u00f6hn\u0259 hamam, k\u00f6hn\u0259 tasa d\u00f6n\u00fcr\u201d.\n<\/p>\n<blockquote><p>\n  Q\u0131\u015fda pal\u00e7\u0131qdan, g\u00f6lm\u0259\u00e7\u0259d\u0259n ke\u00e7m\u0259k m\u00fcmk\u00fcn olmur\n<\/p><\/blockquote>\n<p>\n  K\u0259nd sakinl\u0259ri k\u0259nddaxili yollar\u0131n, x\u00fcsus\u0259n d\u0259 \u015eilyana ged\u0259n 12 kilometrlik yolun b\u0259rbad olmas\u0131n\u0131n onlar\u0131n g\u00fcnd\u0259lik ya\u015fant\u0131lar\u0131na m\u0259nfi t\u0259sir g\u00f6st\u0259rdiyini s\u00f6yl\u0259yirl\u0259r. U\u015faqlar\u0131n\u0131n m\u0259kt\u0259b\u0259 getm\u0259sinin, \u00f6zl\u0259rinin i\u015f\u0259, \u00e7\u00f6l\u0259-bay\u0131ra \u00e7\u0131xmalar\u0131n\u0131n problem oldu\u011funu deyirl\u0259r:\n<\/p>\n<p>\n  \u201cYayda toz-torpaqdan bezirik. Pe\u015fmand\u0131 bir ma\u015f\u0131n ke\u00e7\u0259. Evl\u0259rimizin i\u00e7i qalaq-qalaq toz olur. Silm\u0259kd\u0259n, t\u0259mizl\u0259m\u0259kd\u0259n d\u0259 bezmi\u015fik. U\u015faqlar\u0131m\u0131z m\u0259kt\u0259bd\u0259n sapsar\u0131 tozun i\u00e7ind\u0259 d\u00f6n\u00fcr. Q\u0131\u015fda da pal\u00e7\u0131qdan, g\u00f6lm\u0259\u00e7\u0259d\u0259n ke\u00e7m\u0259k m\u00fcmk\u00fcn olmur. Bu d\u0259f\u0259 d\u0259 u\u015faqlar ev\u0259 suyun, pal\u00e7\u0131\u011f\u0131n i\u00e7ind\u0259 g\u0259lirl\u0259r\u201d.\n<\/p>\n<figure class=\"wp-block-image size-large\">\n  <img decoding=\"async\" src=\"https:\/\/www.meydan.tv\/az\/110345\/\" alt=\"\" class=\"wp-image-110345\"\/><figcaption><\/figcaption><\/figure>\n<blockquote><p>\n  K\u0259ndaras\u0131 yollar\u0131 da ab\u0131ra sals\u0131nlar\n<\/p><\/blockquote>\n<p>\n  Sakinl\u0259r bel\u0259 ya\u015fama\u011f\u0131n \u00e7\u0259tinliyind\u0259n gileyl\u0259nirl\u0259r: \u201cBiz hans\u0131 d\u00f6vrd\u0259 ya\u015fay\u0131r\u0131q ki, q\u0131\u015fda aya\u011f\u0131m\u0131za sellofan ke\u00e7irib harasa ged\u0259k, yaxud rezin \u00e7\u0259km\u0259l\u0259rd\u0259 tapaq \u00e7ar\u0259ni. Olmur, bel\u0259 ya\u015famaq \u00e7\u0259tindir. K\u0259nd olanda, k\u0259nd\u00e7i olanda n\u0259 olar? G\u0259r\u0259k el\u0259 pal\u00e7\u0131\u011f\u0131n, tozun i\u00e7ind\u0259 ya\u015fayaq? Xahi\u015f edirik, bizim k\u0259nd\u0259 g\u0259l\u0259n 12 kilometrlik yolun normal, keyfiyy\u0259tli t\u0259mirini h\u0259yata ke\u00e7irsinl\u0259r. Bir d\u0259 m\u00fcmk\u00fcns\u0259, k\u0259ndaras\u0131 yollar\u0131 da ab\u0131ra sals\u0131nlar. \u018fg\u0259r maddi imkan\u0131m\u0131z \u0259l vers\u0259ydi, bunu \u00f6z\u00fcm\u00fcz d\u0259 ed\u0259rdik. T\u0259\u0259ss\u00fcf ki, t\u0259s\u0259rr\u00fcfatdan qazand\u0131\u011f\u0131m\u0131z 3-5 manat ail\u0259mizi doland\u0131rma\u011fa g\u00fccl\u0259 yetir. Yol t\u0259miri is\u0259 kifay\u0259t q\u0259d\u0259r v\u0259sait t\u0259l\u0259b ed\u0259n i\u015fdir\u201d.\n<\/p>\n<blockquote><p>\n  Prezident: B\u00fct\u00fcn magistral yollar\u0131m\u0131zda \u0259n m\u00fcasir s\u0259viyy\u0259 yarad\u0131l\u0131b\n<\/p><\/blockquote>\n<p>\n  Prezident \u0130lham \u018fliyev \u00e7\u0131x\u0131\u015flar\u0131n\u0131n birind\u0259 yol infrastrukturuna g\u00f6r\u0259 Az\u0259rbaycan\u0131n d\u00fcnya miqyas\u0131nda qabaqc\u0131l yerl\u0259rd\u0259 oldu\u011funu<br \/>\n  <a href=\"https:\/\/az.trend.az\/azerbaijan\/politics\/2788526.html\" target=\"_blank\" rel=\"noopener\"><br \/>\n    s\u00f6yl\u0259yib:<br \/>\n  <\/a>\n<\/p>\n<p>\n  \u201cYol olan yerd\u0259 inki\u015faf da olur. \u0130ndi h\u0259m s\u0259rmay\u0259 qoyulu\u015fu, h\u0259m k\u0259nd t\u0259s\u0259rr\u00fcfat\u0131n\u0131n inki\u015faf\u0131 yol infrastrukturuna ba\u011fl\u0131d\u0131r. \u00c7\u00fcnki yol h\u0259m insanlar \u00fc\u00e7\u00fcn xidm\u0259t edir, gedi\u015f-g\u0259li\u015f asanla\u015f\u0131r, eyni zamanda, sizin m\u0259hsulunuz da bazarlara tez bir zamanda \u00e7atd\u0131r\u0131l\u0131r, itki d\u0259 olmur. Yol k\u0259nd t\u0259s\u0259rr\u00fcfat\u0131 il\u0259 m\u0259\u015f\u011ful olmaq \u00fc\u00e7\u00fcn d\u0259 \u0259lav\u0259 imkanlar yarad\u0131r. Ona g\u00f6r\u0259, yol h\u0259m sosial, h\u0259m iqtisadi layih\u0259dir. \u00d6lk\u0259mizd\u0259 yol layih\u0259l\u0259rin\u0259 \u00e7ox b\u00f6y\u00fck diqq\u0259t verilir. Dem\u0259k olar ki, indi b\u00fct\u00fcn magistral yollar\u0131m\u0131zda \u0259n m\u00fcasir s\u0259viyy\u0259 yarad\u0131l\u0131b\u201d.\n<\/p>\n<blockquote><p>\n  Y\u00fczl\u0259rl\u0259 k\u0259nd\u0259 yol \u00e7\u0259kilib\n<\/p><\/blockquote>\n<p>\n  Prezident bu g\u00fcn y\u00fczl\u0259rl\u0259 k\u0259nd\u0259 yol \u00e7\u0259kildiyini d\u0259 s\u00f6yl\u0259yib:\n<\/p>\n<p>\n  \u201cBu \u00fcmumi layih\u0259nin \u015f\u0259rti ad\u0131 \u201cQ\u0131rx yol\u201d layih\u0259sidir. Bu, q\u0131rx layih\u0259d\u0259n ibar\u0259tdir, amma h\u0259r bir layih\u0259 bir ne\u00e7\u0259 k\u0259ndi \u0259hat\u0259 edir. Misal \u00fc\u00e7\u00fcn, bir layih\u0259 11 k\u0259ndi, dig\u0259r layih\u0259 is\u0259 be\u015f k\u0259ndi \u0259hat\u0259 edir. Y\u0259ni, \u201cQ\u0131rx yol\u201d layih\u0259si bir il \u0259rzind\u0259 y\u00fczl\u0259rl\u0259 k\u0259ndi \u0259hat\u0259 edir. G\u0259l\u0259n il biz daha da \u00e7ox k\u0259ndi \u0259hat\u0259 ed\u0259c\u0259yik. Bel\u0259likl\u0259, \u00f6lk\u0259mizd\u0259 bir d\u0259n\u0259 d\u0259 olsun t\u0259mirsiz k\u0259nd yolu qalmamal\u0131d\u0131r\u201d.\n<\/p>\n<figure class=\"wp-block-image size-large\">\n  <img decoding=\"async\" src=\"https:\/\/www.meydan.tv\/az\/110363\/\" alt=\"\" class=\"wp-image-110363\"\/><figcaption><\/figcaption><\/figure>\n<blockquote><p>\n  \u0130cra Hakimiyy\u0259ti: G\u0259l\u0259n il h\u0259min k\u0259ndin yolla ba\u011fl\u0131 problem qalmayacaq\n<\/p><\/blockquote>\n<p>\n  Meydan TV m\u0259s\u0259l\u0259y\u0259 m\u00fcnasib\u0259t \u00f6yr\u0259nm\u0259k \u00fc\u00e7\u00fcn K\u00fcrd\u0259mir Rayon \u0130cra Hakimiyy\u0259ti il\u0259 \u0259laq\u0259 saxlay\u0131b. \u0130cra Hakimiyy\u0259tinin ba\u015f memar\u0131 M\u0259h\u0259mm\u0259d Hiday\u0259tov bildirib ki, \u015eilyan k\u0259ndinin yol problemind\u0259n x\u0259b\u0259rdard\u0131rlar:\n<\/p>\n<p>\n  \u201cH\u0259min k\u0259ndin yol problem il\u0259 ba\u011fl\u0131 m\u00fcraci\u0259tl\u0259ri d\u0259y\u0259rl\u0259ndirmi\u015fik. H\u0259min k\u0259ndin problem 2019-cu ild\u0259 h\u0259ll edil\u0259c\u0259k. Bu k\u0259ndin yollar\u0131n\u0131n b\u0259rbad olmas\u0131n\u0131 2019-cu ilin plan\u0131na daxil etmi\u015fik. H\u0259min siyah\u0131 Nazirl\u0259r Kabinetin\u0259 v\u0259 \u0130qtisadiyyat Nazirliyin\u0259 t\u0259qdim edilib. G\u0259l\u0259n il h\u0259min k\u0259ndin yolla ba\u011fl\u0131 problemi qalmayacaq\u201d.<\/p>\n","protected":false},"excerpt":{"rendered":"<p>\u201cU\u015fa\u011f\u0131n ayaqqab\u0131s\u0131ndan pal\u00e7\u0131q qa\u015f\u0131maqdan yorulmu\u015fuq\u201d<\/p>\n","protected":false},"author":11,"featured_media":110348,"comment_status":"closed","ping_status":"open","sticky":false,"template":"","format":"standard","meta":{"_acf_changed":false,"_sitemap_exclude":false,"_sitemap_priority":"","_sitemap_frequency":"","footnotes":""},"categories":[60],"tags":[],"class_list":["post-191896","post","type-post","status-publish","format-standard","has-post-thumbnail","hentry","category-bolge","infinite-scroll-item","generate-columns","tablet-grid-50","mobile-grid-100","grid-parent","grid-33","no-featured-image-padding"],"acf":[],"yoast_head":"<!-- This site is optimized with the Yoast SEO plugin v27.4 - https:\/\/yoast.com\/product\/yoast-seo-wordpress\/ -->\n<title>K\u0259ndlil\u0259r: \u015eilyan\u0131 niy\u0259 g\u00f6r\u0259n yoxdur? - MEYDAN.TV<\/title>\n<meta name=\"robots\" content=\"index, follow, max-snippet:-1, max-image-preview:large, max-video-preview:-1\" \/>\n<link rel=\"canonical\" href=\"https:\/\/www.meydan.tv\/az\/article\/kendliler-silyani-niye-goren-yoxdur\/\" \/>\n<meta property=\"og:locale\" content=\"az_AZ\" \/>\n<meta property=\"og:type\" content=\"article\" \/>\n<meta property=\"og:title\" content=\"K\u0259ndlil\u0259r: \u015eilyan\u0131 niy\u0259 g\u00f6r\u0259n yoxdur? - MEYDAN.TV\" \/>\n<meta property=\"og:description\" content=\"\u201cU\u015fa\u011f\u0131n ayaqqab\u0131s\u0131ndan pal\u00e7\u0131q qa\u015f\u0131maqdan yorulmu\u015fuq\u201d\" \/>\n<meta property=\"og:url\" content=\"https:\/\/www.meydan.tv\/az\/article\/kendliler-silyani-niye-goren-yoxdur\/\" \/>\n<meta property=\"og:site_name\" content=\"MEYDAN.TV\" \/>\n<meta property=\"article:published_time\" content=\"2018-10-01T16:52:41+00:00\" \/>\n<meta property=\"og:image\" content=\"https:\/\/www.meydan.tv\/wp-content\/uploads\/43910-scaled.jpg\" \/>\n\t<meta property=\"og:image:width\" content=\"2560\" \/>\n\t<meta property=\"og:image:height\" content=\"1440\" \/>\n\t<meta property=\"og:image:type\" content=\"image\/jpeg\" \/>\n<meta name=\"author\" content=\"user-manager\" \/>\n<meta name=\"twitter:card\" content=\"summary_large_image\" \/>\n<script type=\"application\/ld+json\" class=\"yoast-schema-graph\">{\"@context\":\"https:\\\/\\\/schema.org\",\"@graph\":[{\"@type\":\"Article\",\"@id\":\"https:\\\/\\\/www.meydan.tv\\\/az\\\/article\\\/kendliler-silyani-niye-goren-yoxdur\\\/#article\",\"isPartOf\":{\"@id\":\"https:\\\/\\\/www.meydan.tv\\\/az\\\/article\\\/kendliler-silyani-niye-goren-yoxdur\\\/\"},\"author\":{\"name\":\"user-manager\",\"@id\":\"https:\\\/\\\/www.meydan.tv\\\/az\\\/#\\\/schema\\\/person\\\/10d11eccf6da3662cf5fdab9806ea91a\"},\"headline\":\"K\u0259ndlil\u0259r: \u015eilyan\u0131 niy\u0259 g\u00f6r\u0259n yoxdur?\",\"datePublished\":\"2018-10-01T16:52:41+00:00\",\"mainEntityOfPage\":{\"@id\":\"https:\\\/\\\/www.meydan.tv\\\/az\\\/article\\\/kendliler-silyani-niye-goren-yoxdur\\\/\"},\"wordCount\":1283,\"publisher\":{\"@id\":\"https:\\\/\\\/www.meydan.tv\\\/az\\\/#organization\"},\"image\":{\"@id\":\"https:\\\/\\\/www.meydan.tv\\\/az\\\/article\\\/kendliler-silyani-niye-goren-yoxdur\\\/#primaryimage\"},\"thumbnailUrl\":\"https:\\\/\\\/www.meydan.tv\\\/wp-content\\\/uploads\\\/43910-scaled.jpg\",\"articleSection\":[\"B\u00f6lg\u0259\"],\"inLanguage\":\"az\"},{\"@type\":\"WebPage\",\"@id\":\"https:\\\/\\\/www.meydan.tv\\\/az\\\/article\\\/kendliler-silyani-niye-goren-yoxdur\\\/\",\"url\":\"https:\\\/\\\/www.meydan.tv\\\/az\\\/article\\\/kendliler-silyani-niye-goren-yoxdur\\\/\",\"name\":\"K\u0259ndlil\u0259r: \u015eilyan\u0131 niy\u0259 g\u00f6r\u0259n yoxdur? - MEYDAN.TV\",\"isPartOf\":{\"@id\":\"https:\\\/\\\/www.meydan.tv\\\/az\\\/#website\"},\"primaryImageOfPage\":{\"@id\":\"https:\\\/\\\/www.meydan.tv\\\/az\\\/article\\\/kendliler-silyani-niye-goren-yoxdur\\\/#primaryimage\"},\"image\":{\"@id\":\"https:\\\/\\\/www.meydan.tv\\\/az\\\/article\\\/kendliler-silyani-niye-goren-yoxdur\\\/#primaryimage\"},\"thumbnailUrl\":\"https:\\\/\\\/www.meydan.tv\\\/wp-content\\\/uploads\\\/43910-scaled.jpg\",\"datePublished\":\"2018-10-01T16:52:41+00:00\",\"breadcrumb\":{\"@id\":\"https:\\\/\\\/www.meydan.tv\\\/az\\\/article\\\/kendliler-silyani-niye-goren-yoxdur\\\/#breadcrumb\"},\"inLanguage\":\"az\",\"potentialAction\":[{\"@type\":\"ReadAction\",\"target\":[\"https:\\\/\\\/www.meydan.tv\\\/az\\\/article\\\/kendliler-silyani-niye-goren-yoxdur\\\/\"]}]},{\"@type\":\"ImageObject\",\"inLanguage\":\"az\",\"@id\":\"https:\\\/\\\/www.meydan.tv\\\/az\\\/article\\\/kendliler-silyani-niye-goren-yoxdur\\\/#primaryimage\",\"url\":\"https:\\\/\\\/www.meydan.tv\\\/wp-content\\\/uploads\\\/43910-scaled.jpg\",\"contentUrl\":\"https:\\\/\\\/www.meydan.tv\\\/wp-content\\\/uploads\\\/43910-scaled.jpg\",\"width\":2560,\"height\":1440,\"caption\":\"Source:\"},{\"@type\":\"BreadcrumbList\",\"@id\":\"https:\\\/\\\/www.meydan.tv\\\/az\\\/article\\\/kendliler-silyani-niye-goren-yoxdur\\\/#breadcrumb\",\"itemListElement\":[{\"@type\":\"ListItem\",\"position\":1,\"name\":\"Ana s\u0259hif\u0259\",\"item\":\"https:\\\/\\\/www.meydan.tv\\\/az\\\/\"},{\"@type\":\"ListItem\",\"position\":2,\"name\":\"B\u00f6lg\u0259\",\"item\":\"https:\\\/\\\/www.meydan.tv\\\/az\\\/section\\\/bolge\\\/\"},{\"@type\":\"ListItem\",\"position\":3,\"name\":\"K\u0259ndlil\u0259r: \u015eilyan\u0131 niy\u0259 g\u00f6r\u0259n yoxdur?\"}]},{\"@type\":\"WebSite\",\"@id\":\"https:\\\/\\\/www.meydan.tv\\\/az\\\/#website\",\"url\":\"https:\\\/\\\/www.meydan.tv\\\/az\\\/\",\"name\":\"MEYDAN.TV\",\"description\":\"Meydan TV Az\u0259rbaycan\u0131n media m\u0259kan\u0131ndak\u0131 alternativ s\u0259sidir\",\"publisher\":{\"@id\":\"https:\\\/\\\/www.meydan.tv\\\/az\\\/#organization\"},\"potentialAction\":[{\"@type\":\"SearchAction\",\"target\":{\"@type\":\"EntryPoint\",\"urlTemplate\":\"https:\\\/\\\/www.meydan.tv\\\/az\\\/?s={search_term_string}\"},\"query-input\":{\"@type\":\"PropertyValueSpecification\",\"valueRequired\":true,\"valueName\":\"search_term_string\"}}],\"inLanguage\":\"az\"},{\"@type\":\"Organization\",\"@id\":\"https:\\\/\\\/www.meydan.tv\\\/az\\\/#organization\",\"name\":\"Meydan TV\",\"url\":\"https:\\\/\\\/www.meydan.tv\\\/az\\\/\",\"logo\":{\"@type\":\"ImageObject\",\"inLanguage\":\"az\",\"@id\":\"https:\\\/\\\/www.meydan.tv\\\/az\\\/#\\\/schema\\\/logo\\\/image\\\/\",\"url\":\"https:\\\/\\\/www.meydan.tv\\\/wp-content\\\/uploads\\\/2021\\\/07\\\/meydan-logo.svg\",\"contentUrl\":\"https:\\\/\\\/www.meydan.tv\\\/wp-content\\\/uploads\\\/2021\\\/07\\\/meydan-logo.svg\",\"width\":195,\"height\":46,\"caption\":\"Meydan TV\"},\"image\":{\"@id\":\"https:\\\/\\\/www.meydan.tv\\\/az\\\/#\\\/schema\\\/logo\\\/image\\\/\"}},{\"@type\":\"Person\",\"@id\":\"https:\\\/\\\/www.meydan.tv\\\/az\\\/#\\\/schema\\\/person\\\/10d11eccf6da3662cf5fdab9806ea91a\",\"name\":\"user-manager\"}]}<\/script>\n<!-- \/ Yoast SEO plugin. -->","yoast_head_json":{"title":"K\u0259ndlil\u0259r: \u015eilyan\u0131 niy\u0259 g\u00f6r\u0259n yoxdur? - MEYDAN.TV","robots":{"index":"index","follow":"follow","max-snippet":"max-snippet:-1","max-image-preview":"max-image-preview:large","max-video-preview":"max-video-preview:-1"},"canonical":"https:\/\/www.meydan.tv\/az\/article\/kendliler-silyani-niye-goren-yoxdur\/","og_locale":"az_AZ","og_type":"article","og_title":"K\u0259ndlil\u0259r: \u015eilyan\u0131 niy\u0259 g\u00f6r\u0259n yoxdur? - MEYDAN.TV","og_description":"\u201cU\u015fa\u011f\u0131n ayaqqab\u0131s\u0131ndan pal\u00e7\u0131q qa\u015f\u0131maqdan yorulmu\u015fuq\u201d","og_url":"https:\/\/www.meydan.tv\/az\/article\/kendliler-silyani-niye-goren-yoxdur\/","og_site_name":"MEYDAN.TV","article_published_time":"2018-10-01T16:52:41+00:00","og_image":[{"width":2560,"height":1440,"url":"https:\/\/www.meydan.tv\/wp-content\/uploads\/43910-scaled.jpg","type":"image\/jpeg"}],"author":"user-manager","twitter_card":"summary_large_image","schema":{"@context":"https:\/\/schema.org","@graph":[{"@type":"Article","@id":"https:\/\/www.meydan.tv\/az\/article\/kendliler-silyani-niye-goren-yoxdur\/#article","isPartOf":{"@id":"https:\/\/www.meydan.tv\/az\/article\/kendliler-silyani-niye-goren-yoxdur\/"},"author":{"name":"user-manager","@id":"https:\/\/www.meydan.tv\/az\/#\/schema\/person\/10d11eccf6da3662cf5fdab9806ea91a"},"headline":"K\u0259ndlil\u0259r: \u015eilyan\u0131 niy\u0259 g\u00f6r\u0259n yoxdur?","datePublished":"2018-10-01T16:52:41+00:00","mainEntityOfPage":{"@id":"https:\/\/www.meydan.tv\/az\/article\/kendliler-silyani-niye-goren-yoxdur\/"},"wordCount":1283,"publisher":{"@id":"https:\/\/www.meydan.tv\/az\/#organization"},"image":{"@id":"https:\/\/www.meydan.tv\/az\/article\/kendliler-silyani-niye-goren-yoxdur\/#primaryimage"},"thumbnailUrl":"https:\/\/www.meydan.tv\/wp-content\/uploads\/43910-scaled.jpg","articleSection":["B\u00f6lg\u0259"],"inLanguage":"az"},{"@type":"WebPage","@id":"https:\/\/www.meydan.tv\/az\/article\/kendliler-silyani-niye-goren-yoxdur\/","url":"https:\/\/www.meydan.tv\/az\/article\/kendliler-silyani-niye-goren-yoxdur\/","name":"K\u0259ndlil\u0259r: \u015eilyan\u0131 niy\u0259 g\u00f6r\u0259n yoxdur? - MEYDAN.TV","isPartOf":{"@id":"https:\/\/www.meydan.tv\/az\/#website"},"primaryImageOfPage":{"@id":"https:\/\/www.meydan.tv\/az\/article\/kendliler-silyani-niye-goren-yoxdur\/#primaryimage"},"image":{"@id":"https:\/\/www.meydan.tv\/az\/article\/kendliler-silyani-niye-goren-yoxdur\/#primaryimage"},"thumbnailUrl":"https:\/\/www.meydan.tv\/wp-content\/uploads\/43910-scaled.jpg","datePublished":"2018-10-01T16:52:41+00:00","breadcrumb":{"@id":"https:\/\/www.meydan.tv\/az\/article\/kendliler-silyani-niye-goren-yoxdur\/#breadcrumb"},"inLanguage":"az","potentialAction":[{"@type":"ReadAction","target":["https:\/\/www.meydan.tv\/az\/article\/kendliler-silyani-niye-goren-yoxdur\/"]}]},{"@type":"ImageObject","inLanguage":"az","@id":"https:\/\/www.meydan.tv\/az\/article\/kendliler-silyani-niye-goren-yoxdur\/#primaryimage","url":"https:\/\/www.meydan.tv\/wp-content\/uploads\/43910-scaled.jpg","contentUrl":"https:\/\/www.meydan.tv\/wp-content\/uploads\/43910-scaled.jpg","width":2560,"height":1440,"caption":"Source:"},{"@type":"BreadcrumbList","@id":"https:\/\/www.meydan.tv\/az\/article\/kendliler-silyani-niye-goren-yoxdur\/#breadcrumb","itemListElement":[{"@type":"ListItem","position":1,"name":"Ana s\u0259hif\u0259","item":"https:\/\/www.meydan.tv\/az\/"},{"@type":"ListItem","position":2,"name":"B\u00f6lg\u0259","item":"https:\/\/www.meydan.tv\/az\/section\/bolge\/"},{"@type":"ListItem","position":3,"name":"K\u0259ndlil\u0259r: \u015eilyan\u0131 niy\u0259 g\u00f6r\u0259n yoxdur?"}]},{"@type":"WebSite","@id":"https:\/\/www.meydan.tv\/az\/#website","url":"https:\/\/www.meydan.tv\/az\/","name":"MEYDAN.TV","description":"Meydan TV Az\u0259rbaycan\u0131n media m\u0259kan\u0131ndak\u0131 alternativ s\u0259sidir","publisher":{"@id":"https:\/\/www.meydan.tv\/az\/#organization"},"potentialAction":[{"@type":"SearchAction","target":{"@type":"EntryPoint","urlTemplate":"https:\/\/www.meydan.tv\/az\/?s={search_term_string}"},"query-input":{"@type":"PropertyValueSpecification","valueRequired":true,"valueName":"search_term_string"}}],"inLanguage":"az"},{"@type":"Organization","@id":"https:\/\/www.meydan.tv\/az\/#organization","name":"Meydan TV","url":"https:\/\/www.meydan.tv\/az\/","logo":{"@type":"ImageObject","inLanguage":"az","@id":"https:\/\/www.meydan.tv\/az\/#\/schema\/logo\/image\/","url":"https:\/\/www.meydan.tv\/wp-content\/uploads\/2021\/07\/meydan-logo.svg","contentUrl":"https:\/\/www.meydan.tv\/wp-content\/uploads\/2021\/07\/meydan-logo.svg","width":195,"height":46,"caption":"Meydan TV"},"image":{"@id":"https:\/\/www.meydan.tv\/az\/#\/schema\/logo\/image\/"}},{"@type":"Person","@id":"https:\/\/www.meydan.tv\/az\/#\/schema\/person\/10d11eccf6da3662cf5fdab9806ea91a","name":"user-manager"}]}},"_links":{"self":[{"href":"https:\/\/www.meydan.tv\/az\/wp-json\/wp\/v2\/posts\/191896","targetHints":{"allow":["GET"]}}],"collection":[{"href":"https:\/\/www.meydan.tv\/az\/wp-json\/wp\/v2\/posts"}],"about":[{"href":"https:\/\/www.meydan.tv\/az\/wp-json\/wp\/v2\/types\/post"}],"author":[{"embeddable":true,"href":"https:\/\/www.meydan.tv\/az\/wp-json\/wp\/v2\/users\/11"}],"replies":[{"embeddable":true,"href":"https:\/\/www.meydan.tv\/az\/wp-json\/wp\/v2\/comments?post=191896"}],"version-history":[{"count":0,"href":"https:\/\/www.meydan.tv\/az\/wp-json\/wp\/v2\/posts\/191896\/revisions"}],"wp:featuredmedia":[{"embeddable":true,"href":"https:\/\/www.meydan.tv\/az\/wp-json\/wp\/v2\/media\/110348"}],"wp:attachment":[{"href":"https:\/\/www.meydan.tv\/az\/wp-json\/wp\/v2\/media?parent=191896"}],"wp:term":[{"taxonomy":"category","embeddable":true,"href":"https:\/\/www.meydan.tv\/az\/wp-json\/wp\/v2\/categories?post=191896"},{"taxonomy":"post_tag","embeddable":true,"href":"https:\/\/www.meydan.tv\/az\/wp-json\/wp\/v2\/tags?post=191896"}],"curies":[{"name":"wp","href":"https:\/\/api.w.org\/{rel}","templated":true}]}}