{"id":191892,"date":"2018-09-30T20:59:25","date_gmt":"2018-09-30T20:59:25","guid":{"rendered":"https:\/\/www.meydan.tv\/article\/muradxanlida-mekteb-yoxsa-xarabaliq\/"},"modified":"2018-09-30T20:59:25","modified_gmt":"2018-09-30T20:59:25","slug":"muradxanlida-mekteb-yoxsa-xarabaliq","status":"publish","type":"post","link":"https:\/\/www.meydan.tv\/az\/article\/muradxanlida-mekteb-yoxsa-xarabaliq\/","title":{"rendered":"Muradxanl\u0131da m\u0259kt\u0259b, yoxsa xarabal\u0131q?"},"content":{"rendered":"<figure class=\"wp-block-image size-large\">\n  <img decoding=\"async\" src=\"https:\/\/www.meydan.tv\/az\/110327\/\" alt=\"\" class=\"wp-image-110327\"\/><figcaption><\/figcaption><\/figure>\n<figure class=\"wp-block-image size-large\">\n  <img decoding=\"async\" src=\"https:\/\/www.meydan.tv\/az\/110327\/\" alt=\"\" class=\"wp-image-110327\"\/><figcaption><\/figcaption><\/figure>\n<p>\n  <i><br \/>\n    K\u0259ndd\u0259ki 300-d\u0259n \u00e7ox m\u0259kt\u0259blinin t\u0259hsilsiz qald\u0131\u011f\u0131 deyilir<br \/>\n  <\/i>\n<\/p>\n<p>\n  \u201cK\u0259ndd\u0259 300-d\u0259n \u00e7ox m\u0259kt\u0259bli var, bunlar\u0131n 15-20-si o da\u011f\u0131lm\u0131\u015f binan\u0131n ke\u00e7mi\u015f k\u00f6m\u00fcrxanas\u0131nda d\u0259rs oxuyur, onlar da el\u0259 m\u0259kt\u0259bin m\u00fc\u0259lliml\u0259rinin \u00f6vladlar\u0131d\u0131r. Bir azca imkanl\u0131 ail\u0259l\u0259rd\u0259n olanlar k\u0259ndd\u0259ki m\u00fc\u0259lliml\u0259rin evin\u0259 gedir, pul verib t\u0259hsil al\u0131r, b\u00f6y\u00fck qismi is\u0259 evd\u0259 oturub, t\u0259hsild\u0259n yerli-dibli k\u0259narda qal\u0131b. Ancaq bu u\u015faqlar\u0131n ham\u0131s\u0131 m\u0259kt\u0259bli kimi o m\u0259kt\u0259bd\u0259 qeydiyyatad\u0131r\u201d.<\/p>\n<p>  \u0130mi\u015flinin Muradxanl\u0131 k\u0259nd sakinl\u0259ri Meydan TV-y\u0259 dan\u0131\u015f\u0131rlar ki, k\u0259ndd\u0259ki m\u0259kt\u0259bin binas\u0131 b\u0259rbad v\u0259ziyy\u0259td\u0259 oldu\u011fundan m\u0259kt\u0259blil\u0259r t\u0259hsild\u0259n k\u0259narda qal\u0131b.\n<\/p>\n<blockquote><p>\n  U\u015faqlara bit-bir\u0259 dar\u0131\u015f\u0131r, h\u0259\u015f\u0259ratlar toxunur\n<\/p><\/blockquote>\n<p>\n  T\u0259qrib\u0259n 3 min 500 n\u0259f\u0259r civar\u0131nda hey\u0259ti oldu\u011fu deyil\u0259n Muradxanl\u0131dak\u0131 birm\u0259rt\u0259b\u0259li m\u0259kt\u0259b binas\u0131 1961-62-ci ill\u0259rd\u0259 in\u015fa edilib. Bug\u00fcn\u0259d\u0259k birc\u0259 d\u0259f\u0259 d\u0259 \u0259sasl\u0131 t\u0259mir olunmay\u0131b. Bina istismar m\u00fcdd\u0259tini \u00e7oxdan ba\u015fa vursa da, yenisi tikilm\u0259yib. Zaman-zaman da\u015flar\u0131 qopub d\u00fc\u015f\u0259n, p\u0259nc\u0259r\u0259l\u0259ri, qap\u0131lar\u0131, tavan\u0131, d\u00f6\u015f\u0259m\u0259si \u00e7\u00fcr\u00fcy\u0259n, i\u00e7\u0259risi zibilliy\u0259 \u00e7evril\u0259n m\u0259kt\u0259b binas\u0131na daxil olmaq m\u00fcmk\u00fcn deyil. Sakinl\u0259r deyir, n\u0259mi\u015flik qoxuyan binada u\u015faqlara bit-bir\u0259 dar\u0131\u015f\u0131r, z\u0259h\u0259rli h\u0259\u015f\u0259ratlar toxunur.<br \/>\n  <br \/>\n  K\u0259nd sakini Bab\u0259k N\u0259c\u0259fovun s\u00f6zl\u0259rin\u0259 g\u00f6r\u0259, d\u00f6vl\u0259t qurumlar\u0131na uzun-uzad\u0131 m\u00fcraci\u0259tl\u0259rd\u0259n sonra bir ne\u00e7\u0259 g\u00fcnd\u00fcr ki, m\u0259kt\u0259bin dam \u00f6rt\u00fcy\u00fc t\u0259mir olunur. T\u0259mir i\u015fl\u0259rinin yaln\u0131z dam \u00f6rt\u00fcy\u00fc il\u0259 kifay\u0259tl\u0259n\u0259c\u0259yini bil\u0259n sakinl\u0259r raz\u0131la\u015fm\u0131rlar:<\/p>\n<p>  \u201cM\u0259kt\u0259bin \u00f6z\u00fcl\u00fc da\u011f\u0131l\u0131b, \u00f6z\u00fcl\u00fc olmayan m\u0259kt\u0259bin dam\u0131n\u0131 d\u00fcz\u0259ldirl\u0259r. T\u0259kc\u0259 dam \u00f6rt\u00fcy\u00fcyl\u0259 i\u015f bitmir ax\u0131. Ay h\u00f6kum\u0259t, \u0259vv\u0259l bunun \u00f6z\u00fcl\u00fcn\u00fc b\u0259rkit, sabah da\u011f\u0131lacaq, u\u015faqlar qalacaq da\u011f\u0131nt\u0131 alt\u0131nda&#8230; \u0130\u00e7\u0259risini abad el\u0259, qurd-qu\u015fdan t\u0259mizl\u0259. D\u00f6\u015f\u0259m\u0259sini, tavan\u0131n\u0131, qap\u0131s\u0131n\u0131, p\u0259nc\u0259r\u0259sini, istilik sistemini qur&#8230;\u201d\n<\/p>\n<figure class=\"wp-block-image size-large\">\n  <img decoding=\"async\" src=\"https:\/\/www.meydan.tv\/az\/110312\/\" alt=\"\" class=\"wp-image-110312\"\/><figcaption><\/figcaption><\/figure>\n<\/p>\n<blockquote><p>\n  50 min manat ayr\u0131l\u0131b, 10 minlik i\u015f g\u00f6r\u00fcl\u00fcr\n<\/p><\/blockquote>\n<p>\n  <br \/>\n  Sakinl\u0259r iddia edirl\u0259r ki, bu yax\u0131nlarda m\u0259kt\u0259bin t\u0259mir-b\u0259rpas\u0131 \u00fc\u00e7\u00fcn 50 min manat ayr\u0131l\u0131b, bu m\u0259bl\u0259\u011fin qar\u015f\u0131l\u0131\u011f\u0131nda t\u0259kc\u0259 dam \u00f6rt\u00fcy\u00fcn\u00fc t\u0259mir etm\u0259k yeyintid\u0259n x\u0259b\u0259r verir. Bab\u0259k N\u0259c\u0259fov s\u00f6z\u00fcn\u0259 davan edir:<\/p>\n<p>  \u201cDam \u00f6rt\u00fcy\u00fc tutsun 10 min manat. Keyfiyy\u0259tsiz, ucuz materiallarla ba\u015fa g\u0259l\u0259n \u00f6rt\u00fckd\u00fcr, f\u0259hl\u0259l\u0259rin z\u0259hm\u0259thaqq\u0131s\u0131 il\u0259 birlikd\u0259 m\u0259bl\u0259\u011f 10 min manat\u0131 a\u015fmaz. B\u0259s pulun qalan\u0131? \u00d6z\u00fc d\u0259 bu i\u015fi F\u00f6vq\u0259lad\u0259 Hallar Nazirliyi g\u00f6r\u00fcr. Niy\u0259? Bu nazirlik t\u0259bii f\u0259lak\u0259td\u0259n q\u0259zal\u0131 v\u0259ziyy\u0259t\u0259 d\u00fc\u015f\u0259n tikilil\u0259ri b\u0259rpa edir, da\u011f\u0131lan tikilil\u0259rin yerind\u0259 yenisini tikir. Bizim m\u0259kt\u0259b t\u0259bii f\u0259lak\u0259td\u0259n bu v\u0259ziyy\u0259t\u0259 d\u00fc\u015fm\u0259yib ax\u0131, onun istifad\u0259 m\u00fcdd\u0259ti \u00f6t\u00fcb, ona g\u00f6r\u0259 da\u011f\u0131l\u0131r. F\u00f6vq\u0259lad\u0259 Hallar Nazirliyinin bu i\u015f\u0259 n\u0259 aidiyy\u0259ti var? Bir saxta s\u0259n\u0259d d\u00fcz\u0259ldibl\u0259r ki, guya bina z\u0259lz\u0259l\u0259d\u0259n, k\u00fcl\u0259kd\u0259n, ya\u011f\u0131\u015fdan bu g\u00fcn\u0259 d\u00fc\u015f\u00fcb. Yaland\u0131r, binan\u0131n istismar m\u00fcdd\u0259ti bitib, da\u011f\u0131l\u0131r. T\u0259z\u0259sini tikm\u0259k laz\u0131md\u0131r. Kor-kor, g\u00f6r-g\u00f6r, ham\u0131s\u0131 pul silm\u0259k \u00fc\u00e7\u00fcn oyunlard\u0131r. Ortada u\u015faqlar\u0131m\u0131za yaz\u0131q olur\u201d.<\/p>\n<p>  \u00dcst\u0259lik, dam \u00f6rt\u00fcy\u00fcn\u00fcn t\u0259mirin\u0259 d\u0259 t\u0259til aylar\u0131nda yox, ilk bilik g\u00fcn\u00fc \u2013 sentyabr\u0131n 17-d\u0259 ba\u015flan\u0131l\u0131b. M\u0259kt\u0259b\u0259 g\u0259l\u0259n 15-20 \u015fagird d\u0259 geri qay\u0131tmal\u0131 olub.\n<\/p>\n<blockquote><p>\n  U\u015faqlar a\u011f\u0131zlar\u0131n\u0131 t\u0259nzifl\u0259 ba\u011flay\u0131r\n<\/p><\/blockquote>\n<p>\n  K\u0259nd sakini Vaqif N\u0259sirov:<\/p>\n<p>  \u201cOra m\u0259kt\u0259b deyil, xarabal\u0131qd\u0131r, zibilxanad\u0131r. U\u015faq gedib o m\u0259kt\u0259b binas\u0131ndan bit-bir\u0259, x\u0259st\u0259lik y\u0131\u011f\u0131b g\u0259tirir. Orda d\u0259rs ke\u00e7m\u0259y\u0259 \u015f\u0259rait yoxdur. 10-15 m\u0259kt\u0259bli gedir, onlar da ayaq \u00fcst\u0259 d\u0259rs ke\u00e7ib g\u0259lirl\u0259r. Oturma\u011fa normal yer d\u0259 yoxdur\u201d.<\/p>\n<p>  M\u0259kt\u0259b binas\u0131na daxil olanda u\u015faqlar a\u011f\u0131zlar\u0131n\u0131 t\u0259nzifl\u0259 ba\u011flay\u0131rlar ki, infeksiyaya yoluxmas\u0131nlar.<\/p>\n<p>  K\u0259nd sakini Heyd\u0259r A\u011fayev deyir, t\u0259qrib\u0259n ayyar\u0131m \u0259vv\u0259l k\u0259nd\u0259 deputat \u00c7ingiz Q\u0259niyev g\u0259lib. Onlar da m\u0259kt\u0259b problemini deputata bildiribl\u0259r v\u0259 m\u0259s\u0259l\u0259ni aidiyy\u0259ti qurumlar\u0131n qar\u015f\u0131s\u0131nda qald\u0131rmas\u0131 \u00fc\u00e7\u00fcn ona \u0259riz\u0259 veribl\u0259r:<\/p>\n<p>  \u201cDedi, \u00e7al\u0131\u015faram, ancaq s\u00f6z vermir\u0259m, m\u0259nim g\u00fcc\u00fcmd\u0259 olan bir i\u015f deyil, ancaq \u0259riz\u0259nizi aidiyy\u0259ti yerl\u0259r\u0259 \u00e7atd\u0131raram. \u00c7ard\u0131rd\u0131, \u00e7atd\u0131rmad\u0131, bilm\u0259dik\u201d.\n<\/p>\n<\/p>\n<blockquote><p>\n  R\u0259smi qurum: O k\u0259ndd\u0259 modul m\u0259kt\u0259b binas\u0131 qura\u015fd\u0131r\u0131lacaq\n<\/p><\/blockquote>\n<p>\n  \u018ftraf k\u0259ndl\u0259rd\u0259 yeni m\u0259kt\u0259bl\u0259rin tikilm\u0259si, ancaq Muradxanl\u0131n\u0131n h\u0259l\u0259 d\u0259 xarabazara \u00e7evril\u0259n tikilinin \u00fcmidin\u0259 qalmas\u0131 valideynl\u0259ri \u00fcmidsizl\u0259\u015fdirib. Onlar faktiki m\u0259kt\u0259bsiz qalan k\u0259ndd\u0259 g\u0259l\u0259c\u0259yi t\u0259hsilli, savadl\u0131, parlaq u\u015faq g\u00f6rm\u00fcrl\u0259r.<\/p>\n<p>  \u0130mi\u015fli Rayon \u0130cra Hakimiyy\u0259tind\u0259n Meydan TV-y\u0259 bildirilib ki, Muradxanl\u0131 k\u0259ndind\u0259 k\u00f6hn\u0259 m\u0259kt\u0259b \u0259sasl\u0131 t\u0259mir olunacaq, \u0259lav\u0259 yeni m\u0259kt\u0259b binas\u0131 tikil\u0259c\u0259k. Dam \u00f6rt\u00fcy\u00fc m\u00fcv\u0259qq\u0259ti d\u0259yi\u015fdirilir ki, ya\u011f\u0131\u015f m\u00f6vs\u00fcm\u00fc oldu\u011fu \u00fc\u00e7\u00fcn binan\u0131n i\u00e7\u0259risin\u0259 su d\u00fc\u015fm\u0259sin: \u201cYax\u0131n vaxtlarda 132 \u015fagird yerlik Aqranl\u0131 k\u0259nd 2 sayl\u0131 orta m\u0259kt\u0259b binas\u0131n\u0131n tikintisi, Muradxanl\u0131 k\u0259nd 56 \u015fagird yerlik modul tipli \u00fcmumi orta m\u0259kt\u0259b binas\u0131n\u0131n qura\u015fd\u0131r\u0131lmas\u0131 n\u0259z\u0259rd\u0259 tutulub. Son ill\u0259rd\u0259 rayonun k\u0259ndl\u0259rind\u0259 xeyli yeni tipli m\u0259kt\u0259b tikilib, k\u00f6hn\u0259 m\u0259kt\u0259b binalar\u0131 \u0259sasl\u0131 t\u0259mir olunub. El\u0259 Muradxanl\u0131n\u0131n \u0259traf\u0131ndak\u0131 \u018fliqulular, A\u011fam\u0259mm\u0259dli, Oruclu, C\u0259f\u0259rli, A\u011famal\u0131lar k\u0259ndl\u0259rind\u0259 m\u0259kt\u0259blil\u0259r yeni m\u0259kt\u0259b binas\u0131nda t\u0259hsil al\u0131rlar\u201d.\n<\/p><\/p>\n","protected":false},"excerpt":{"rendered":"<p>K\u0259ndd\u0259ki 300-d\u0259n \u00e7ox m\u0259kt\u0259blinin t\u0259hsilsiz qald\u0131\u011f\u0131 deyilir<\/p>\n","protected":false},"author":11,"featured_media":110327,"comment_status":"closed","ping_status":"open","sticky":false,"template":"","format":"standard","meta":{"_acf_changed":false,"_sitemap_exclude":false,"_sitemap_priority":"","_sitemap_frequency":"","footnotes":""},"categories":[60],"tags":[],"class_list":["post-191892","post","type-post","status-publish","format-standard","has-post-thumbnail","hentry","category-bolge","infinite-scroll-item","generate-columns","tablet-grid-50","mobile-grid-100","grid-parent","grid-33","no-featured-image-padding"],"acf":[],"yoast_head":"<!-- This site is optimized with the Yoast SEO plugin v27.4 - https:\/\/yoast.com\/product\/yoast-seo-wordpress\/ -->\n<title>Muradxanl\u0131da m\u0259kt\u0259b, yoxsa xarabal\u0131q? - MEYDAN.TV<\/title>\n<meta name=\"robots\" content=\"index, follow, max-snippet:-1, max-image-preview:large, max-video-preview:-1\" \/>\n<link rel=\"canonical\" href=\"https:\/\/www.meydan.tv\/az\/article\/muradxanlida-mekteb-yoxsa-xarabaliq\/\" \/>\n<meta property=\"og:locale\" content=\"az_AZ\" \/>\n<meta property=\"og:type\" content=\"article\" \/>\n<meta property=\"og:title\" content=\"Muradxanl\u0131da m\u0259kt\u0259b, yoxsa xarabal\u0131q? - MEYDAN.TV\" \/>\n<meta property=\"og:description\" content=\"K\u0259ndd\u0259ki 300-d\u0259n \u00e7ox m\u0259kt\u0259blinin t\u0259hsilsiz qald\u0131\u011f\u0131 deyilir\" \/>\n<meta property=\"og:url\" content=\"https:\/\/www.meydan.tv\/az\/article\/muradxanlida-mekteb-yoxsa-xarabaliq\/\" \/>\n<meta property=\"og:site_name\" content=\"MEYDAN.TV\" \/>\n<meta property=\"article:published_time\" content=\"2018-09-30T20:59:25+00:00\" \/>\n<meta property=\"og:image\" content=\"https:\/\/www.meydan.tv\/wp-content\/uploads\/43902.png\" \/>\n\t<meta property=\"og:image:width\" content=\"612\" \/>\n\t<meta property=\"og:image:height\" content=\"417\" \/>\n\t<meta property=\"og:image:type\" content=\"image\/png\" \/>\n<meta name=\"author\" content=\"user-manager\" \/>\n<meta name=\"twitter:card\" content=\"summary_large_image\" \/>\n<script type=\"application\/ld+json\" class=\"yoast-schema-graph\">{\"@context\":\"https:\\\/\\\/schema.org\",\"@graph\":[{\"@type\":\"Article\",\"@id\":\"https:\\\/\\\/www.meydan.tv\\\/az\\\/article\\\/muradxanlida-mekteb-yoxsa-xarabaliq\\\/#article\",\"isPartOf\":{\"@id\":\"https:\\\/\\\/www.meydan.tv\\\/az\\\/article\\\/muradxanlida-mekteb-yoxsa-xarabaliq\\\/\"},\"author\":{\"name\":\"user-manager\",\"@id\":\"https:\\\/\\\/www.meydan.tv\\\/az\\\/#\\\/schema\\\/person\\\/10d11eccf6da3662cf5fdab9806ea91a\"},\"headline\":\"Muradxanl\u0131da m\u0259kt\u0259b, yoxsa xarabal\u0131q?\",\"datePublished\":\"2018-09-30T20:59:25+00:00\",\"mainEntityOfPage\":{\"@id\":\"https:\\\/\\\/www.meydan.tv\\\/az\\\/article\\\/muradxanlida-mekteb-yoxsa-xarabaliq\\\/\"},\"wordCount\":1101,\"publisher\":{\"@id\":\"https:\\\/\\\/www.meydan.tv\\\/az\\\/#organization\"},\"image\":{\"@id\":\"https:\\\/\\\/www.meydan.tv\\\/az\\\/article\\\/muradxanlida-mekteb-yoxsa-xarabaliq\\\/#primaryimage\"},\"thumbnailUrl\":\"https:\\\/\\\/www.meydan.tv\\\/wp-content\\\/uploads\\\/43902.png\",\"articleSection\":[\"B\u00f6lg\u0259\"],\"inLanguage\":\"az\"},{\"@type\":\"WebPage\",\"@id\":\"https:\\\/\\\/www.meydan.tv\\\/az\\\/article\\\/muradxanlida-mekteb-yoxsa-xarabaliq\\\/\",\"url\":\"https:\\\/\\\/www.meydan.tv\\\/az\\\/article\\\/muradxanlida-mekteb-yoxsa-xarabaliq\\\/\",\"name\":\"Muradxanl\u0131da m\u0259kt\u0259b, yoxsa xarabal\u0131q? - MEYDAN.TV\",\"isPartOf\":{\"@id\":\"https:\\\/\\\/www.meydan.tv\\\/az\\\/#website\"},\"primaryImageOfPage\":{\"@id\":\"https:\\\/\\\/www.meydan.tv\\\/az\\\/article\\\/muradxanlida-mekteb-yoxsa-xarabaliq\\\/#primaryimage\"},\"image\":{\"@id\":\"https:\\\/\\\/www.meydan.tv\\\/az\\\/article\\\/muradxanlida-mekteb-yoxsa-xarabaliq\\\/#primaryimage\"},\"thumbnailUrl\":\"https:\\\/\\\/www.meydan.tv\\\/wp-content\\\/uploads\\\/43902.png\",\"datePublished\":\"2018-09-30T20:59:25+00:00\",\"breadcrumb\":{\"@id\":\"https:\\\/\\\/www.meydan.tv\\\/az\\\/article\\\/muradxanlida-mekteb-yoxsa-xarabaliq\\\/#breadcrumb\"},\"inLanguage\":\"az\",\"potentialAction\":[{\"@type\":\"ReadAction\",\"target\":[\"https:\\\/\\\/www.meydan.tv\\\/az\\\/article\\\/muradxanlida-mekteb-yoxsa-xarabaliq\\\/\"]}]},{\"@type\":\"ImageObject\",\"inLanguage\":\"az\",\"@id\":\"https:\\\/\\\/www.meydan.tv\\\/az\\\/article\\\/muradxanlida-mekteb-yoxsa-xarabaliq\\\/#primaryimage\",\"url\":\"https:\\\/\\\/www.meydan.tv\\\/wp-content\\\/uploads\\\/43902.png\",\"contentUrl\":\"https:\\\/\\\/www.meydan.tv\\\/wp-content\\\/uploads\\\/43902.png\",\"width\":612,\"height\":417,\"caption\":\"Source:\"},{\"@type\":\"BreadcrumbList\",\"@id\":\"https:\\\/\\\/www.meydan.tv\\\/az\\\/article\\\/muradxanlida-mekteb-yoxsa-xarabaliq\\\/#breadcrumb\",\"itemListElement\":[{\"@type\":\"ListItem\",\"position\":1,\"name\":\"Ana s\u0259hif\u0259\",\"item\":\"https:\\\/\\\/www.meydan.tv\\\/az\\\/\"},{\"@type\":\"ListItem\",\"position\":2,\"name\":\"B\u00f6lg\u0259\",\"item\":\"https:\\\/\\\/www.meydan.tv\\\/az\\\/section\\\/bolge\\\/\"},{\"@type\":\"ListItem\",\"position\":3,\"name\":\"Muradxanl\u0131da m\u0259kt\u0259b, yoxsa xarabal\u0131q?\"}]},{\"@type\":\"WebSite\",\"@id\":\"https:\\\/\\\/www.meydan.tv\\\/az\\\/#website\",\"url\":\"https:\\\/\\\/www.meydan.tv\\\/az\\\/\",\"name\":\"MEYDAN.TV\",\"description\":\"Meydan TV Az\u0259rbaycan\u0131n media m\u0259kan\u0131ndak\u0131 alternativ s\u0259sidir\",\"publisher\":{\"@id\":\"https:\\\/\\\/www.meydan.tv\\\/az\\\/#organization\"},\"potentialAction\":[{\"@type\":\"SearchAction\",\"target\":{\"@type\":\"EntryPoint\",\"urlTemplate\":\"https:\\\/\\\/www.meydan.tv\\\/az\\\/?s={search_term_string}\"},\"query-input\":{\"@type\":\"PropertyValueSpecification\",\"valueRequired\":true,\"valueName\":\"search_term_string\"}}],\"inLanguage\":\"az\"},{\"@type\":\"Organization\",\"@id\":\"https:\\\/\\\/www.meydan.tv\\\/az\\\/#organization\",\"name\":\"Meydan TV\",\"url\":\"https:\\\/\\\/www.meydan.tv\\\/az\\\/\",\"logo\":{\"@type\":\"ImageObject\",\"inLanguage\":\"az\",\"@id\":\"https:\\\/\\\/www.meydan.tv\\\/az\\\/#\\\/schema\\\/logo\\\/image\\\/\",\"url\":\"https:\\\/\\\/www.meydan.tv\\\/wp-content\\\/uploads\\\/2021\\\/07\\\/meydan-logo.svg\",\"contentUrl\":\"https:\\\/\\\/www.meydan.tv\\\/wp-content\\\/uploads\\\/2021\\\/07\\\/meydan-logo.svg\",\"width\":195,\"height\":46,\"caption\":\"Meydan TV\"},\"image\":{\"@id\":\"https:\\\/\\\/www.meydan.tv\\\/az\\\/#\\\/schema\\\/logo\\\/image\\\/\"}},{\"@type\":\"Person\",\"@id\":\"https:\\\/\\\/www.meydan.tv\\\/az\\\/#\\\/schema\\\/person\\\/10d11eccf6da3662cf5fdab9806ea91a\",\"name\":\"user-manager\"}]}<\/script>\n<!-- \/ Yoast SEO plugin. -->","yoast_head_json":{"title":"Muradxanl\u0131da m\u0259kt\u0259b, yoxsa xarabal\u0131q? - MEYDAN.TV","robots":{"index":"index","follow":"follow","max-snippet":"max-snippet:-1","max-image-preview":"max-image-preview:large","max-video-preview":"max-video-preview:-1"},"canonical":"https:\/\/www.meydan.tv\/az\/article\/muradxanlida-mekteb-yoxsa-xarabaliq\/","og_locale":"az_AZ","og_type":"article","og_title":"Muradxanl\u0131da m\u0259kt\u0259b, yoxsa xarabal\u0131q? - MEYDAN.TV","og_description":"K\u0259ndd\u0259ki 300-d\u0259n \u00e7ox m\u0259kt\u0259blinin t\u0259hsilsiz qald\u0131\u011f\u0131 deyilir","og_url":"https:\/\/www.meydan.tv\/az\/article\/muradxanlida-mekteb-yoxsa-xarabaliq\/","og_site_name":"MEYDAN.TV","article_published_time":"2018-09-30T20:59:25+00:00","og_image":[{"width":612,"height":417,"url":"https:\/\/www.meydan.tv\/wp-content\/uploads\/43902.png","type":"image\/png"}],"author":"user-manager","twitter_card":"summary_large_image","schema":{"@context":"https:\/\/schema.org","@graph":[{"@type":"Article","@id":"https:\/\/www.meydan.tv\/az\/article\/muradxanlida-mekteb-yoxsa-xarabaliq\/#article","isPartOf":{"@id":"https:\/\/www.meydan.tv\/az\/article\/muradxanlida-mekteb-yoxsa-xarabaliq\/"},"author":{"name":"user-manager","@id":"https:\/\/www.meydan.tv\/az\/#\/schema\/person\/10d11eccf6da3662cf5fdab9806ea91a"},"headline":"Muradxanl\u0131da m\u0259kt\u0259b, yoxsa xarabal\u0131q?","datePublished":"2018-09-30T20:59:25+00:00","mainEntityOfPage":{"@id":"https:\/\/www.meydan.tv\/az\/article\/muradxanlida-mekteb-yoxsa-xarabaliq\/"},"wordCount":1101,"publisher":{"@id":"https:\/\/www.meydan.tv\/az\/#organization"},"image":{"@id":"https:\/\/www.meydan.tv\/az\/article\/muradxanlida-mekteb-yoxsa-xarabaliq\/#primaryimage"},"thumbnailUrl":"https:\/\/www.meydan.tv\/wp-content\/uploads\/43902.png","articleSection":["B\u00f6lg\u0259"],"inLanguage":"az"},{"@type":"WebPage","@id":"https:\/\/www.meydan.tv\/az\/article\/muradxanlida-mekteb-yoxsa-xarabaliq\/","url":"https:\/\/www.meydan.tv\/az\/article\/muradxanlida-mekteb-yoxsa-xarabaliq\/","name":"Muradxanl\u0131da m\u0259kt\u0259b, yoxsa xarabal\u0131q? - MEYDAN.TV","isPartOf":{"@id":"https:\/\/www.meydan.tv\/az\/#website"},"primaryImageOfPage":{"@id":"https:\/\/www.meydan.tv\/az\/article\/muradxanlida-mekteb-yoxsa-xarabaliq\/#primaryimage"},"image":{"@id":"https:\/\/www.meydan.tv\/az\/article\/muradxanlida-mekteb-yoxsa-xarabaliq\/#primaryimage"},"thumbnailUrl":"https:\/\/www.meydan.tv\/wp-content\/uploads\/43902.png","datePublished":"2018-09-30T20:59:25+00:00","breadcrumb":{"@id":"https:\/\/www.meydan.tv\/az\/article\/muradxanlida-mekteb-yoxsa-xarabaliq\/#breadcrumb"},"inLanguage":"az","potentialAction":[{"@type":"ReadAction","target":["https:\/\/www.meydan.tv\/az\/article\/muradxanlida-mekteb-yoxsa-xarabaliq\/"]}]},{"@type":"ImageObject","inLanguage":"az","@id":"https:\/\/www.meydan.tv\/az\/article\/muradxanlida-mekteb-yoxsa-xarabaliq\/#primaryimage","url":"https:\/\/www.meydan.tv\/wp-content\/uploads\/43902.png","contentUrl":"https:\/\/www.meydan.tv\/wp-content\/uploads\/43902.png","width":612,"height":417,"caption":"Source:"},{"@type":"BreadcrumbList","@id":"https:\/\/www.meydan.tv\/az\/article\/muradxanlida-mekteb-yoxsa-xarabaliq\/#breadcrumb","itemListElement":[{"@type":"ListItem","position":1,"name":"Ana s\u0259hif\u0259","item":"https:\/\/www.meydan.tv\/az\/"},{"@type":"ListItem","position":2,"name":"B\u00f6lg\u0259","item":"https:\/\/www.meydan.tv\/az\/section\/bolge\/"},{"@type":"ListItem","position":3,"name":"Muradxanl\u0131da m\u0259kt\u0259b, yoxsa xarabal\u0131q?"}]},{"@type":"WebSite","@id":"https:\/\/www.meydan.tv\/az\/#website","url":"https:\/\/www.meydan.tv\/az\/","name":"MEYDAN.TV","description":"Meydan TV Az\u0259rbaycan\u0131n media m\u0259kan\u0131ndak\u0131 alternativ s\u0259sidir","publisher":{"@id":"https:\/\/www.meydan.tv\/az\/#organization"},"potentialAction":[{"@type":"SearchAction","target":{"@type":"EntryPoint","urlTemplate":"https:\/\/www.meydan.tv\/az\/?s={search_term_string}"},"query-input":{"@type":"PropertyValueSpecification","valueRequired":true,"valueName":"search_term_string"}}],"inLanguage":"az"},{"@type":"Organization","@id":"https:\/\/www.meydan.tv\/az\/#organization","name":"Meydan TV","url":"https:\/\/www.meydan.tv\/az\/","logo":{"@type":"ImageObject","inLanguage":"az","@id":"https:\/\/www.meydan.tv\/az\/#\/schema\/logo\/image\/","url":"https:\/\/www.meydan.tv\/wp-content\/uploads\/2021\/07\/meydan-logo.svg","contentUrl":"https:\/\/www.meydan.tv\/wp-content\/uploads\/2021\/07\/meydan-logo.svg","width":195,"height":46,"caption":"Meydan TV"},"image":{"@id":"https:\/\/www.meydan.tv\/az\/#\/schema\/logo\/image\/"}},{"@type":"Person","@id":"https:\/\/www.meydan.tv\/az\/#\/schema\/person\/10d11eccf6da3662cf5fdab9806ea91a","name":"user-manager"}]}},"_links":{"self":[{"href":"https:\/\/www.meydan.tv\/az\/wp-json\/wp\/v2\/posts\/191892","targetHints":{"allow":["GET"]}}],"collection":[{"href":"https:\/\/www.meydan.tv\/az\/wp-json\/wp\/v2\/posts"}],"about":[{"href":"https:\/\/www.meydan.tv\/az\/wp-json\/wp\/v2\/types\/post"}],"author":[{"embeddable":true,"href":"https:\/\/www.meydan.tv\/az\/wp-json\/wp\/v2\/users\/11"}],"replies":[{"embeddable":true,"href":"https:\/\/www.meydan.tv\/az\/wp-json\/wp\/v2\/comments?post=191892"}],"version-history":[{"count":0,"href":"https:\/\/www.meydan.tv\/az\/wp-json\/wp\/v2\/posts\/191892\/revisions"}],"wp:featuredmedia":[{"embeddable":true,"href":"https:\/\/www.meydan.tv\/az\/wp-json\/wp\/v2\/media\/110327"}],"wp:attachment":[{"href":"https:\/\/www.meydan.tv\/az\/wp-json\/wp\/v2\/media?parent=191892"}],"wp:term":[{"taxonomy":"category","embeddable":true,"href":"https:\/\/www.meydan.tv\/az\/wp-json\/wp\/v2\/categories?post=191892"},{"taxonomy":"post_tag","embeddable":true,"href":"https:\/\/www.meydan.tv\/az\/wp-json\/wp\/v2\/tags?post=191892"}],"curies":[{"name":"wp","href":"https:\/\/api.w.org\/{rel}","templated":true}]}}