{"id":191880,"date":"2018-09-28T21:53:27","date_gmt":"2018-09-28T21:53:27","guid":{"rendered":"https:\/\/www.meydan.tv\/article\/3-milyon-manatdan-bize-birce-darvaza-dusdu\/"},"modified":"2018-09-28T21:53:27","modified_gmt":"2018-09-28T21:53:27","slug":"3-milyon-manatdan-bize-birce-darvaza-dusdu","status":"publish","type":"post","link":"https:\/\/www.meydan.tv\/az\/article\/3-milyon-manatdan-bize-birce-darvaza-dusdu\/","title":{"rendered":"&#8221;3 milyon manatdan biz\u0259 birc\u0259 darvaza d\u00fc\u015fd\u00fc&#8221;"},"content":{"rendered":"<figure class=\"wp-block-image size-large\">\n  <img decoding=\"async\" src=\"https:\/\/www.meydan.tv\/az\/110294\/\" alt=\"\" class=\"wp-image-110294\"\/><figcaption><\/figcaption><\/figure>\n<p>\n  <i><br \/>\n    T\u0259rt\u0259rin Qapanl\u0131 k\u0259nd sakini deyir, h\u0259l\u0259 d\u0259 aprel d\u00f6y\u00fc\u015fl\u0259ri zaman\u0131 q\u0259zal\u0131 hala d\u00fc\u015f\u0259n evd\u0259 ya\u015fay\u0131r<br \/>\n  <\/i>\n<\/p>\n<p>\n  \u201cAprel d\u00f6y\u00fc\u015fl\u0259rind\u0259n sonra r\u0259smi m\u0259ktubla bildirdil\u0259r ki, ev\u0259 bax\u0131\u015f ke\u00e7irilib, s\u0259n\u0259dl\u0259r aidiyy\u0259ti qurumlara g\u00f6nd\u0259rilib. Ancaq g\u0259lib t\u0259kc\u0259 darvazan\u0131 d\u0259yi\u015fdil\u0259r. \u00dcst\u00fcnd\u0259n 2 il ke\u00e7\u0259nd\u0259n sonra da dedil\u0259r ki, \u00fcmumiyy\u0259tl\u0259, sizin evinizin q\u0259zal\u0131 v\u0259ziyy\u0259t\u0259 d\u00fc\u015fm\u0259sinin aprel d\u00f6y\u00fc\u015fl\u0259ri il\u0259 \u0259laq\u0259si yoxdur\u201d.\n<\/p>\n<p>\n  T\u0259rt\u0259rin Qapanl\u0131 k\u0259ndind\u0259 ya\u015fayan 75 ya\u015fl\u0131 Bax\u015f\u0259li Bayramov 1-ci qrup \u0259lildir. Meydan TV-y\u0259 dan\u0131\u015f\u0131r ki, 2 il yar\u0131m \u0259vv\u0259l \u2013 aprel d\u00f6y\u00fc\u015fl\u0259ri zaman\u0131 erm\u0259ni h\u0259rb\u00e7il\u0259rinin atd\u0131\u011f\u0131 m\u0259rmi x\u00fcsusi m\u00fclkiyy\u0259tind\u0259 olan d\u0259d\u0259-baba evini q\u0259zal\u0131 v\u0259ziyy\u0259t\u0259 sal\u0131b. O vaxtdan yerli icra hakimiyy\u0259tin\u0259 m\u00fcraci\u0259t ets\u0259 d\u0259, n\u0259tic\u0259si olmay\u0131b.\n<\/p>\n<blockquote><p>\n  \u018fvv\u0259l he\u00e7 olmasa, \u00fcmid verirdil\u0259r\n<\/p><\/blockquote>\n<p>\n  \u201cEvin b\u00fcn\u00f6vr\u0259si bir ne\u00e7\u0259 yerd\u0259n \u00e7atlay\u0131b, divarlar aralan\u0131b, Tavan adam\u0131n \u00fcst\u00fcn\u0259 g\u0259lir. Qoca adamam, bir g\u00fcn da\u011f\u0131lacaq, qalaca\u011fam alt\u0131nda&#8230; 2 il yar\u0131md\u0131r ki, icra hakimiyy\u0259ti m\u0259ni s\u00fcr\u00fcnd\u00fcr\u00fcr. \u018fvv\u0259ll\u0259r he\u00e7 olmasa adama \u00fcmid verirdil\u0259r, indi konkret deyirl\u0259r, evin t\u0259bii f\u0259lak\u0259td\u0259n, bir d\u0259 aprel d\u00f6y\u00fc\u015fl\u0259rind\u0259n \u0259vv\u0259lki at\u0131\u015fmalardan o v\u0259ziyy\u0259t\u0259 d\u00fc\u015f\u00fcb, ona g\u00f6r\u0259 d\u0259 bizlik deyil,\u201d- Bax\u015f\u0259li Bayramov deyir.\n<\/p>\n<blockquote><p>\n  Dedil\u0259r, prezident g\u0259l\u0259c\u0259k, h\u0259l\u0259lik darvazan\u0131 d\u0259yi\u015f\u0259k\n<\/p><\/blockquote>\n<p>\n  \u015eikay\u0259t\u00e7inin s\u00f6zl\u0259rin\u0259 g\u00f6r\u0259, h\u00f6kum\u0259t m\u0259rmid\u0259n q\u0259zal\u0131 hala d\u00fc\u015f\u0259n evin yaln\u0131z darvazas\u0131n\u0131 d\u0259yi\u015fib:\n<\/p>\n<p>\n  \u201cEl\u0259 aprel ay\u0131nda yerli icra hakimiyy\u0259tin\u0259 \u0259riz\u0259yl\u0259 m\u00fcraci\u0259t etmi\u015fdik. H\u0259min ay\u0131n 27-d\u0259 d\u0259 cavab m\u0259ktubu g\u0259ldi. Yazm\u0131\u015fd\u0131lar ki, 2-5 aprel 2016-c\u0131 il tarixl\u0259rd\u0259 d\u00f6y\u00fc\u015fl\u0259r zaman\u0131 bir \u00e7ox ev\u0259 ziyan d\u0259yib. Ziyan\u0131 m\u00fc\u0259yy\u0259n etm\u0259k \u00fc\u00e7\u00fcn rayon F\u00f6vq\u0259lad\u0259 Hallar Komissiyas\u0131 ba\u015fqa evl\u0259r kimi bizim ev\u0259 d\u0259 bax\u0131\u015f ke\u00e7irib, laz\u0131mi s\u0259n\u0259dl\u0259r haz\u0131rlan\u0131b, aidiyy\u0259ti yerl\u0259r\u0259 g\u00f6nd\u0259rilib. \u0130cra hakimiyy\u0259tinin bu m\u0259ktubundan 5 g\u00fcn sonra prezident T\u0259rt\u0259rd\u0259 z\u0259r\u0259r \u00e7\u0259kmi\u015f evl\u0259rin t\u0259mir-b\u0259rpas\u0131 v\u0259 ya yeni evl\u0259rin tikilm\u0259si \u00fc\u00e7\u00fcn 3 milyon manat ay\u0131rd\u0131. O puldan biz\u0259 birc\u0259 darvaza d\u00fc\u015fd\u00fc. Dedil\u0259r, prezident k\u0259nd\u0259 g\u0259l\u0259c\u0259k dey\u0259, h\u0259l\u0259lik darvazan\u0131 d\u0259yi\u015f\u0259k, sonra evi d\u0259 tik\u0259c\u0259yik\u201d.\n<\/p>\n<figure class=\"wp-block-image size-large\">\n  <img decoding=\"async\" src=\"https:\/\/www.meydan.tv\/az\/110291\/\" alt=\"\" class=\"wp-image-110291\"\/><figcaption><\/figcaption><\/figure>\n<p>\n  Prezident g\u0259lib-gedib, Bax\u015f\u0259li ki\u015fi d\u0259 darvazan\u0131n davam\u0131 olaraq evini d\u00fcz\u0259ld\u0259c\u0259k qurumlar\u0131n yolunu g\u00f6zl\u0259y\u0259-g\u00f6zl\u0259y\u0259 qal\u0131b. S\u0259s-s\u0259mir \u00e7\u0131xmayanda, \u00f6z\u00fc icra hakimiyy\u0259tin\u0259 gedib. Onu arxay\u0131n edibl\u0259r ki, yax\u0131n vaxtlarda tikil\u0259c\u0259k evl\u0259rd\u0259n birin\u0259 k\u00f6\u00e7\u00fcr\u00fcl\u0259c\u0259k.\n<\/p>\n<blockquote><p>\n  Ba\u015f\u00e7\u0131 \u0259s\u0259bil\u0259\u015fdi, g\u00f6st\u0259ri\u015f verdi, amma&#8230;\n<\/p><\/blockquote>\n<p>\n  \u201c\u0130ki il yar\u0131md\u0131r ki, gedib-g\u0259lir\u0259m. N\u0259hay\u0259t, sentyabr\u0131n \u0259vv\u0259li ba\u015f\u00e7\u0131n\u0131n q\u0259buluna d\u00fc\u015fd\u00fcm. Dedim, iki ildir m\u0259ni aldad\u0131rs\u0131z, g\u00fcn\u00fc g\u00fcn\u0259 sat\u0131rs\u0131z, b\u0259s m\u0259nim evimi n\u0259 vaxt tikib ver\u0259c\u0259ksiz? O da t\u0259\u0259c\u00fcbl\u0259ndi, dedi, nec\u0259 y\u0259ni, h\u0259l\u0259 s\u0259nin evin tikilm\u0259yib? Sonra da yan\u0131ndak\u0131lar\u0131 danlad\u0131 ki, \u0259lil, qoca adam\u0131 indiy\u0259 kimi yollarda qoymusuz, bu m\u0259s\u0259l\u0259ni tez bir zamanda h\u0259ll edin. Yenid\u0259n komissiya yarad\u0131ld\u0131, g\u0259ldil\u0259r, ev\u0259 bax\u0131\u015f ke\u00e7irdil\u0259r, yazd\u0131lar, getdil\u0259r. Sonra da bir m\u0259ktub g\u00f6nd\u0259rdil\u0259r ki, guya ev istismar m\u00fcdd\u0259tini ba\u015fa vurub, t\u0259bii f\u0259lak\u0259tl\u0259r v\u0259 m\u00fcharib\u0259 n\u0259tic\u0259sind\u0259 q\u0259zal\u0131 v\u0259ziyy\u0259t\u0259 d\u00fc\u015f\u00fcb. Y\u0259ni konkret, aprel d\u00f6y\u00fc\u015fl\u0259ri il\u0259 \u0259laq\u0259si yoxdur. Evin \u0259sasl\u0131 t\u0259mir olunaraq yararl\u0131 v\u0259ziyy\u0259t\u0259 g\u0259tirilm\u0259si m\u00fcmk\u00fcn deyil, b\u00fcn\u00f6vr\u0259d\u0259n s\u00f6k\u00fcl\u00fcb yenid\u0259n tikilm\u0259lidir. Bunun \u00fc\u00e7\u00fcns\u0259 pul v\u0259saiti yoxdur\u201d- \u015fikay\u0259t\u00e7i deyir.\n<\/p>\n<blockquote><p>\n  R\u0259smi qurum: Pul yoxdur\n<\/p><\/blockquote>\n<p>\n  T\u0259rt\u0259r Rayon \u0130cra Hakimiyy\u0259tind\u0259n bildirilib ki, Qapanl\u0131 k\u0259ndind\u0259 Bax\u015f\u0259li Bayramovun m\u00fclkiyy\u0259tind\u0259 olan ev\u0259 bax\u0131\u015f ke\u00e7iril\u0259rk\u0259n m\u00fc\u0259yy\u0259n edilib ki, ikiotaql\u0131, birm\u0259rt\u0259b\u0259li ev ke\u00e7\u0259n \u0259srin ortalar\u0131nda \u00e7iy k\u0259rpicd\u0259n tikilib. Vaxta\u015f\u0131r\u0131 ba\u015f ver\u0259n t\u0259bii f\u0259lak\u0259tl\u0259r v\u0259 m\u00fcharib\u0259 n\u0259tic\u0259sind\u0259 q\u0259zal\u0131 v\u0259ziyy\u0259t\u0259 d\u00fc\u015f\u00fcb. 2016-c\u0131 ilin may ay\u0131nda ayr\u0131lan pul v\u0259saiti is\u0259 konkret olaraq aprel d\u00f6y\u00fc\u015fl\u0259ri zaman\u0131 z\u0259r\u0259r\u00e7\u0259kmi\u015f evl\u0259rin b\u0259rpas\u0131 v\u0259 yenil\u0259rinin tikintisi \u00fc\u00e7\u00fcn n\u0259z\u0259rd\u0259 tutuldu\u011fundan h\u0259min m\u0259qs\u0259dl\u0259r\u0259 d\u0259 x\u0259rcl\u0259nib. Bax\u015f\u0259li Bayramovun evinin s\u00f6k\u00fcl\u00fcb yenid\u0259n tikilm\u0259si \u00fc\u00e7\u00fcn is\u0259 pul v\u0259saiti yoxdur. G\u0259l\u0259c\u0259kd\u0259 bu i\u015fl\u0259r\u0259 g\u00f6r\u0259 v\u0259sait ayr\u0131larsa, qurum Bax\u015f\u0259li Bayramovun da ist\u0259yini n\u0259z\u0259r\u0259 alacaq.\n<\/p>\n<p>\n  2016-c\u0131 il aprelin 1-d\u0259n 2-n\u0259 ke\u00e7\u0259n gec\u0259 Erm\u0259nistan Silahl\u0131 Q\u00fcvv\u0259l\u0259ri il\u0259 Az\u0259rbaycan Silahl\u0131 Q\u00fcvv\u0259l\u0259ri aras\u0131nda ba\u015flanan d\u00f6y\u00fc\u015fl\u0259r aprelin 5-d\u0259 h\u0259r iki t\u0259r\u0259fin raz\u0131la\u015fmas\u0131 \u0259sas\u0131nda dayand\u0131r\u0131l\u0131b. D\u00f6y\u00fc\u015fl\u0259r zaman\u0131 m\u00fclki v\u0259t\u0259nda\u015flar\u0131n \u0259mlaklar\u0131na d\u0259ymi\u015f z\u0259r\u0259rin aradan qald\u0131r\u0131lmas\u0131 \u00fc\u00e7\u00fcn 2 may 2016-c\u0131 il tarixd\u0259 prezident \u0130lham \u018fliyevin 2021 sayl\u0131 S\u0259r\u0259ncam\u0131 il\u0259 T\u0259rt\u0259r v\u0259 A\u011fdam rayonlar\u0131na h\u0259r birin\u0259 3 milyon manat olmaqla, \u00fcmumilikd\u0259 6 milyon manat ayr\u0131l\u0131b. H\u0259min pul v\u0259saiti il\u0259 da\u011f\u0131lm\u0131\u015f evl\u0259r b\u00fcn\u00f6vr\u0259d\u0259n s\u00f6k\u00fclm\u0259li, yerind\u0259 yenil\u0259ri tikilm\u0259li, qism\u0259n z\u0259d\u0259l\u0259nmi\u015f evl\u0259rd\u0259 t\u0259mir-b\u0259rpa i\u015fl\u0259ri apar\u0131lmal\u0131 idi. Lakin bu S\u0259r\u0259ncam\u0131n t\u0259siri alt\u0131na d\u00fc\u015f\u0259n ayr\u0131-ayr\u0131 k\u0259ndl\u0259rd\u0259n m\u00fcraci\u0259t ed\u0259n bir s\u0131ra sakinl\u0259rin dem\u0259l\u0259rind\u0259n ayd\u0131n olub ki, tap\u015f\u0131r\u0131qlar tam \u015f\u0259kild\u0259 yerin\u0259 yetirilm\u0259yib.\n<\/p>\n<p>\n  Aprel d\u00f6y\u00fc\u015fl\u0259ri Da\u011fl\u0131q Qaraba\u011fda 1994-c\u00fc ild\u0259 at\u0259\u015fk\u0259s haqq\u0131nda sazi\u015f imzaland\u0131qdan b\u0259ri \u0259n \u015fidd\u0259tli d\u00f6y\u00fc\u015fl\u0259r idi.\n<\/p>\n<figure class=\"wp-block-image size-large\">\n  <img decoding=\"async\" src=\"https:\/\/www.meydan.tv\/az\/110297\/\" alt=\"\" class=\"wp-image-110297\"\/><figcaption><\/figcaption><\/figure>\n","protected":false},"excerpt":{"rendered":"<p>T\u0259rt\u0259rin Qapanl\u0131 k\u0259nd sakini deyir, h\u0259l\u0259 d\u0259 aprel d\u00f6y\u00fc\u015fl\u0259ri zaman\u0131 q\u0259zal\u0131 hala d\u00fc\u015f\u0259n evd\u0259 ya\u015fay\u0131r<\/p>\n","protected":false},"author":11,"featured_media":110294,"comment_status":"closed","ping_status":"open","sticky":false,"template":"","format":"standard","meta":{"_acf_changed":false,"_sitemap_exclude":false,"_sitemap_priority":"","_sitemap_frequency":"","footnotes":""},"categories":[60],"tags":[],"class_list":["post-191880","post","type-post","status-publish","format-standard","has-post-thumbnail","hentry","category-bolge","infinite-scroll-item","generate-columns","tablet-grid-50","mobile-grid-100","grid-parent","grid-33","no-featured-image-padding"],"acf":[],"yoast_head":"<!-- This site is optimized with the Yoast SEO plugin v27.4 - https:\/\/yoast.com\/product\/yoast-seo-wordpress\/ -->\n<title>&#039;&#039;3 milyon manatdan biz\u0259 birc\u0259 darvaza d\u00fc\u015fd\u00fc&#039;&#039; - MEYDAN.TV<\/title>\n<meta name=\"robots\" content=\"index, follow, max-snippet:-1, max-image-preview:large, max-video-preview:-1\" \/>\n<link rel=\"canonical\" href=\"https:\/\/www.meydan.tv\/az\/article\/3-milyon-manatdan-bize-birce-darvaza-dusdu\/\" \/>\n<meta property=\"og:locale\" content=\"az_AZ\" \/>\n<meta property=\"og:type\" content=\"article\" \/>\n<meta property=\"og:title\" content=\"&#039;&#039;3 milyon manatdan biz\u0259 birc\u0259 darvaza d\u00fc\u015fd\u00fc&#039;&#039; - MEYDAN.TV\" \/>\n<meta property=\"og:description\" content=\"T\u0259rt\u0259rin Qapanl\u0131 k\u0259nd sakini deyir, h\u0259l\u0259 d\u0259 aprel d\u00f6y\u00fc\u015fl\u0259ri zaman\u0131 q\u0259zal\u0131 hala d\u00fc\u015f\u0259n evd\u0259 ya\u015fay\u0131r\" \/>\n<meta property=\"og:url\" content=\"https:\/\/www.meydan.tv\/az\/article\/3-milyon-manatdan-bize-birce-darvaza-dusdu\/\" \/>\n<meta property=\"og:site_name\" content=\"MEYDAN.TV\" \/>\n<meta property=\"article:published_time\" content=\"2018-09-28T21:53:27+00:00\" \/>\n<meta property=\"og:image\" content=\"https:\/\/www.meydan.tv\/wp-content\/uploads\/43887.jpg\" \/>\n\t<meta property=\"og:image:width\" content=\"1280\" \/>\n\t<meta property=\"og:image:height\" content=\"720\" \/>\n\t<meta property=\"og:image:type\" content=\"image\/jpeg\" \/>\n<meta name=\"author\" content=\"user-manager\" \/>\n<meta name=\"twitter:card\" content=\"summary_large_image\" \/>\n<script type=\"application\/ld+json\" class=\"yoast-schema-graph\">{\"@context\":\"https:\\\/\\\/schema.org\",\"@graph\":[{\"@type\":\"Article\",\"@id\":\"https:\\\/\\\/www.meydan.tv\\\/az\\\/article\\\/3-milyon-manatdan-bize-birce-darvaza-dusdu\\\/#article\",\"isPartOf\":{\"@id\":\"https:\\\/\\\/www.meydan.tv\\\/az\\\/article\\\/3-milyon-manatdan-bize-birce-darvaza-dusdu\\\/\"},\"author\":{\"name\":\"user-manager\",\"@id\":\"https:\\\/\\\/www.meydan.tv\\\/az\\\/#\\\/schema\\\/person\\\/10d11eccf6da3662cf5fdab9806ea91a\"},\"headline\":\"&#8221;3 milyon manatdan biz\u0259 birc\u0259 darvaza d\u00fc\u015fd\u00fc&#8221;\",\"datePublished\":\"2018-09-28T21:53:27+00:00\",\"mainEntityOfPage\":{\"@id\":\"https:\\\/\\\/www.meydan.tv\\\/az\\\/article\\\/3-milyon-manatdan-bize-birce-darvaza-dusdu\\\/\"},\"wordCount\":1126,\"publisher\":{\"@id\":\"https:\\\/\\\/www.meydan.tv\\\/az\\\/#organization\"},\"image\":{\"@id\":\"https:\\\/\\\/www.meydan.tv\\\/az\\\/article\\\/3-milyon-manatdan-bize-birce-darvaza-dusdu\\\/#primaryimage\"},\"thumbnailUrl\":\"https:\\\/\\\/www.meydan.tv\\\/wp-content\\\/uploads\\\/43887.jpg\",\"articleSection\":[\"B\u00f6lg\u0259\"],\"inLanguage\":\"az\"},{\"@type\":\"WebPage\",\"@id\":\"https:\\\/\\\/www.meydan.tv\\\/az\\\/article\\\/3-milyon-manatdan-bize-birce-darvaza-dusdu\\\/\",\"url\":\"https:\\\/\\\/www.meydan.tv\\\/az\\\/article\\\/3-milyon-manatdan-bize-birce-darvaza-dusdu\\\/\",\"name\":\"''3 milyon manatdan biz\u0259 birc\u0259 darvaza d\u00fc\u015fd\u00fc'' - MEYDAN.TV\",\"isPartOf\":{\"@id\":\"https:\\\/\\\/www.meydan.tv\\\/az\\\/#website\"},\"primaryImageOfPage\":{\"@id\":\"https:\\\/\\\/www.meydan.tv\\\/az\\\/article\\\/3-milyon-manatdan-bize-birce-darvaza-dusdu\\\/#primaryimage\"},\"image\":{\"@id\":\"https:\\\/\\\/www.meydan.tv\\\/az\\\/article\\\/3-milyon-manatdan-bize-birce-darvaza-dusdu\\\/#primaryimage\"},\"thumbnailUrl\":\"https:\\\/\\\/www.meydan.tv\\\/wp-content\\\/uploads\\\/43887.jpg\",\"datePublished\":\"2018-09-28T21:53:27+00:00\",\"breadcrumb\":{\"@id\":\"https:\\\/\\\/www.meydan.tv\\\/az\\\/article\\\/3-milyon-manatdan-bize-birce-darvaza-dusdu\\\/#breadcrumb\"},\"inLanguage\":\"az\",\"potentialAction\":[{\"@type\":\"ReadAction\",\"target\":[\"https:\\\/\\\/www.meydan.tv\\\/az\\\/article\\\/3-milyon-manatdan-bize-birce-darvaza-dusdu\\\/\"]}]},{\"@type\":\"ImageObject\",\"inLanguage\":\"az\",\"@id\":\"https:\\\/\\\/www.meydan.tv\\\/az\\\/article\\\/3-milyon-manatdan-bize-birce-darvaza-dusdu\\\/#primaryimage\",\"url\":\"https:\\\/\\\/www.meydan.tv\\\/wp-content\\\/uploads\\\/43887.jpg\",\"contentUrl\":\"https:\\\/\\\/www.meydan.tv\\\/wp-content\\\/uploads\\\/43887.jpg\",\"width\":1280,\"height\":720,\"caption\":\"Source:\"},{\"@type\":\"BreadcrumbList\",\"@id\":\"https:\\\/\\\/www.meydan.tv\\\/az\\\/article\\\/3-milyon-manatdan-bize-birce-darvaza-dusdu\\\/#breadcrumb\",\"itemListElement\":[{\"@type\":\"ListItem\",\"position\":1,\"name\":\"Ana s\u0259hif\u0259\",\"item\":\"https:\\\/\\\/www.meydan.tv\\\/az\\\/\"},{\"@type\":\"ListItem\",\"position\":2,\"name\":\"B\u00f6lg\u0259\",\"item\":\"https:\\\/\\\/www.meydan.tv\\\/az\\\/section\\\/bolge\\\/\"},{\"@type\":\"ListItem\",\"position\":3,\"name\":\"&#8221;3 milyon manatdan biz\u0259 birc\u0259 darvaza d\u00fc\u015fd\u00fc&#8221;\"}]},{\"@type\":\"WebSite\",\"@id\":\"https:\\\/\\\/www.meydan.tv\\\/az\\\/#website\",\"url\":\"https:\\\/\\\/www.meydan.tv\\\/az\\\/\",\"name\":\"MEYDAN.TV\",\"description\":\"Meydan TV Az\u0259rbaycan\u0131n media m\u0259kan\u0131ndak\u0131 alternativ s\u0259sidir\",\"publisher\":{\"@id\":\"https:\\\/\\\/www.meydan.tv\\\/az\\\/#organization\"},\"potentialAction\":[{\"@type\":\"SearchAction\",\"target\":{\"@type\":\"EntryPoint\",\"urlTemplate\":\"https:\\\/\\\/www.meydan.tv\\\/az\\\/?s={search_term_string}\"},\"query-input\":{\"@type\":\"PropertyValueSpecification\",\"valueRequired\":true,\"valueName\":\"search_term_string\"}}],\"inLanguage\":\"az\"},{\"@type\":\"Organization\",\"@id\":\"https:\\\/\\\/www.meydan.tv\\\/az\\\/#organization\",\"name\":\"Meydan TV\",\"url\":\"https:\\\/\\\/www.meydan.tv\\\/az\\\/\",\"logo\":{\"@type\":\"ImageObject\",\"inLanguage\":\"az\",\"@id\":\"https:\\\/\\\/www.meydan.tv\\\/az\\\/#\\\/schema\\\/logo\\\/image\\\/\",\"url\":\"https:\\\/\\\/www.meydan.tv\\\/wp-content\\\/uploads\\\/2021\\\/07\\\/meydan-logo.svg\",\"contentUrl\":\"https:\\\/\\\/www.meydan.tv\\\/wp-content\\\/uploads\\\/2021\\\/07\\\/meydan-logo.svg\",\"width\":195,\"height\":46,\"caption\":\"Meydan TV\"},\"image\":{\"@id\":\"https:\\\/\\\/www.meydan.tv\\\/az\\\/#\\\/schema\\\/logo\\\/image\\\/\"}},{\"@type\":\"Person\",\"@id\":\"https:\\\/\\\/www.meydan.tv\\\/az\\\/#\\\/schema\\\/person\\\/10d11eccf6da3662cf5fdab9806ea91a\",\"name\":\"user-manager\"}]}<\/script>\n<!-- \/ Yoast SEO plugin. -->","yoast_head_json":{"title":"''3 milyon manatdan biz\u0259 birc\u0259 darvaza d\u00fc\u015fd\u00fc'' - MEYDAN.TV","robots":{"index":"index","follow":"follow","max-snippet":"max-snippet:-1","max-image-preview":"max-image-preview:large","max-video-preview":"max-video-preview:-1"},"canonical":"https:\/\/www.meydan.tv\/az\/article\/3-milyon-manatdan-bize-birce-darvaza-dusdu\/","og_locale":"az_AZ","og_type":"article","og_title":"''3 milyon manatdan biz\u0259 birc\u0259 darvaza d\u00fc\u015fd\u00fc'' - MEYDAN.TV","og_description":"T\u0259rt\u0259rin Qapanl\u0131 k\u0259nd sakini deyir, h\u0259l\u0259 d\u0259 aprel d\u00f6y\u00fc\u015fl\u0259ri zaman\u0131 q\u0259zal\u0131 hala d\u00fc\u015f\u0259n evd\u0259 ya\u015fay\u0131r","og_url":"https:\/\/www.meydan.tv\/az\/article\/3-milyon-manatdan-bize-birce-darvaza-dusdu\/","og_site_name":"MEYDAN.TV","article_published_time":"2018-09-28T21:53:27+00:00","og_image":[{"width":1280,"height":720,"url":"https:\/\/www.meydan.tv\/wp-content\/uploads\/43887.jpg","type":"image\/jpeg"}],"author":"user-manager","twitter_card":"summary_large_image","schema":{"@context":"https:\/\/schema.org","@graph":[{"@type":"Article","@id":"https:\/\/www.meydan.tv\/az\/article\/3-milyon-manatdan-bize-birce-darvaza-dusdu\/#article","isPartOf":{"@id":"https:\/\/www.meydan.tv\/az\/article\/3-milyon-manatdan-bize-birce-darvaza-dusdu\/"},"author":{"name":"user-manager","@id":"https:\/\/www.meydan.tv\/az\/#\/schema\/person\/10d11eccf6da3662cf5fdab9806ea91a"},"headline":"&#8221;3 milyon manatdan biz\u0259 birc\u0259 darvaza d\u00fc\u015fd\u00fc&#8221;","datePublished":"2018-09-28T21:53:27+00:00","mainEntityOfPage":{"@id":"https:\/\/www.meydan.tv\/az\/article\/3-milyon-manatdan-bize-birce-darvaza-dusdu\/"},"wordCount":1126,"publisher":{"@id":"https:\/\/www.meydan.tv\/az\/#organization"},"image":{"@id":"https:\/\/www.meydan.tv\/az\/article\/3-milyon-manatdan-bize-birce-darvaza-dusdu\/#primaryimage"},"thumbnailUrl":"https:\/\/www.meydan.tv\/wp-content\/uploads\/43887.jpg","articleSection":["B\u00f6lg\u0259"],"inLanguage":"az"},{"@type":"WebPage","@id":"https:\/\/www.meydan.tv\/az\/article\/3-milyon-manatdan-bize-birce-darvaza-dusdu\/","url":"https:\/\/www.meydan.tv\/az\/article\/3-milyon-manatdan-bize-birce-darvaza-dusdu\/","name":"''3 milyon manatdan biz\u0259 birc\u0259 darvaza d\u00fc\u015fd\u00fc'' - MEYDAN.TV","isPartOf":{"@id":"https:\/\/www.meydan.tv\/az\/#website"},"primaryImageOfPage":{"@id":"https:\/\/www.meydan.tv\/az\/article\/3-milyon-manatdan-bize-birce-darvaza-dusdu\/#primaryimage"},"image":{"@id":"https:\/\/www.meydan.tv\/az\/article\/3-milyon-manatdan-bize-birce-darvaza-dusdu\/#primaryimage"},"thumbnailUrl":"https:\/\/www.meydan.tv\/wp-content\/uploads\/43887.jpg","datePublished":"2018-09-28T21:53:27+00:00","breadcrumb":{"@id":"https:\/\/www.meydan.tv\/az\/article\/3-milyon-manatdan-bize-birce-darvaza-dusdu\/#breadcrumb"},"inLanguage":"az","potentialAction":[{"@type":"ReadAction","target":["https:\/\/www.meydan.tv\/az\/article\/3-milyon-manatdan-bize-birce-darvaza-dusdu\/"]}]},{"@type":"ImageObject","inLanguage":"az","@id":"https:\/\/www.meydan.tv\/az\/article\/3-milyon-manatdan-bize-birce-darvaza-dusdu\/#primaryimage","url":"https:\/\/www.meydan.tv\/wp-content\/uploads\/43887.jpg","contentUrl":"https:\/\/www.meydan.tv\/wp-content\/uploads\/43887.jpg","width":1280,"height":720,"caption":"Source:"},{"@type":"BreadcrumbList","@id":"https:\/\/www.meydan.tv\/az\/article\/3-milyon-manatdan-bize-birce-darvaza-dusdu\/#breadcrumb","itemListElement":[{"@type":"ListItem","position":1,"name":"Ana s\u0259hif\u0259","item":"https:\/\/www.meydan.tv\/az\/"},{"@type":"ListItem","position":2,"name":"B\u00f6lg\u0259","item":"https:\/\/www.meydan.tv\/az\/section\/bolge\/"},{"@type":"ListItem","position":3,"name":"&#8221;3 milyon manatdan biz\u0259 birc\u0259 darvaza d\u00fc\u015fd\u00fc&#8221;"}]},{"@type":"WebSite","@id":"https:\/\/www.meydan.tv\/az\/#website","url":"https:\/\/www.meydan.tv\/az\/","name":"MEYDAN.TV","description":"Meydan TV Az\u0259rbaycan\u0131n media m\u0259kan\u0131ndak\u0131 alternativ s\u0259sidir","publisher":{"@id":"https:\/\/www.meydan.tv\/az\/#organization"},"potentialAction":[{"@type":"SearchAction","target":{"@type":"EntryPoint","urlTemplate":"https:\/\/www.meydan.tv\/az\/?s={search_term_string}"},"query-input":{"@type":"PropertyValueSpecification","valueRequired":true,"valueName":"search_term_string"}}],"inLanguage":"az"},{"@type":"Organization","@id":"https:\/\/www.meydan.tv\/az\/#organization","name":"Meydan TV","url":"https:\/\/www.meydan.tv\/az\/","logo":{"@type":"ImageObject","inLanguage":"az","@id":"https:\/\/www.meydan.tv\/az\/#\/schema\/logo\/image\/","url":"https:\/\/www.meydan.tv\/wp-content\/uploads\/2021\/07\/meydan-logo.svg","contentUrl":"https:\/\/www.meydan.tv\/wp-content\/uploads\/2021\/07\/meydan-logo.svg","width":195,"height":46,"caption":"Meydan TV"},"image":{"@id":"https:\/\/www.meydan.tv\/az\/#\/schema\/logo\/image\/"}},{"@type":"Person","@id":"https:\/\/www.meydan.tv\/az\/#\/schema\/person\/10d11eccf6da3662cf5fdab9806ea91a","name":"user-manager"}]}},"_links":{"self":[{"href":"https:\/\/www.meydan.tv\/az\/wp-json\/wp\/v2\/posts\/191880","targetHints":{"allow":["GET"]}}],"collection":[{"href":"https:\/\/www.meydan.tv\/az\/wp-json\/wp\/v2\/posts"}],"about":[{"href":"https:\/\/www.meydan.tv\/az\/wp-json\/wp\/v2\/types\/post"}],"author":[{"embeddable":true,"href":"https:\/\/www.meydan.tv\/az\/wp-json\/wp\/v2\/users\/11"}],"replies":[{"embeddable":true,"href":"https:\/\/www.meydan.tv\/az\/wp-json\/wp\/v2\/comments?post=191880"}],"version-history":[{"count":0,"href":"https:\/\/www.meydan.tv\/az\/wp-json\/wp\/v2\/posts\/191880\/revisions"}],"wp:featuredmedia":[{"embeddable":true,"href":"https:\/\/www.meydan.tv\/az\/wp-json\/wp\/v2\/media\/110294"}],"wp:attachment":[{"href":"https:\/\/www.meydan.tv\/az\/wp-json\/wp\/v2\/media?parent=191880"}],"wp:term":[{"taxonomy":"category","embeddable":true,"href":"https:\/\/www.meydan.tv\/az\/wp-json\/wp\/v2\/categories?post=191880"},{"taxonomy":"post_tag","embeddable":true,"href":"https:\/\/www.meydan.tv\/az\/wp-json\/wp\/v2\/tags?post=191880"}],"curies":[{"name":"wp","href":"https:\/\/api.w.org\/{rel}","templated":true}]}}