{"id":191874,"date":"2018-09-28T21:18:12","date_gmt":"2018-09-28T21:18:12","guid":{"rendered":"https:\/\/www.meydan.tv\/article\/xacmaz-sakini-guya-anam-ozunu-masindan-atib\/"},"modified":"2018-09-28T21:18:12","modified_gmt":"2018-09-28T21:18:12","slug":"xacmaz-sakini-guya-anam-ozunu-masindan-atib","status":"publish","type":"post","link":"https:\/\/www.meydan.tv\/az\/article\/xacmaz-sakini-guya-anam-ozunu-masindan-atib\/","title":{"rendered":"Xa\u00e7maz sakini: Guya anam \u00f6z\u00fcn\u00fc ma\u015f\u0131ndan at\u0131b"},"content":{"rendered":"<figure class=\"wp-block-image size-large\">\n  <img decoding=\"async\" src=\"https:\/\/www.meydan.tv\/az\/semale-osmanova-ve-aygun-osmanova\/\" alt=\"S\u0259mal\u0259 Osmanova  v\u0259 Ayg\u00fcn Osmanova\" class=\"wp-image-110273\"\/><figcaption>\n    S\u0259mal\u0259 Osmanova  v\u0259 Ayg\u00fcn Osmanova<br \/>\n  <\/figcaption><\/figure>\n<p>\n  <i><br \/>\n    Ayg\u00fcn Osmanova istintaq\u0131n gedi\u015find\u0259n naraz\u0131d\u0131r<br \/>\n  <\/i>\n<\/p>\n<p>\n  \u201cAnam m\u00fcnasib\u0259td\u0259 oldu\u011fu ki\u015fi t\u0259r\u0259find\u0259n \u00f6ld\u00fcr\u00fcl\u00fcb. Ancaq polis v\u0259 prokurorluq orqanlar\u0131 m\u0259nim kims\u0259siz oldu\u011fumu g\u00f6r\u00fcb cinay\u0259ti \u00f6rt-basd\u0131r edir\u201d.\n<\/p>\n<p>\n  Avqustun 15-d\u0259n 16-na ke\u00e7\u0259n gec\u0259 \u00fcnvan\u0131na \u00f6lm\u00fc\u015f v\u0259ziyy\u0259td\u0259 g\u0259tiril\u0259n S\u0259mal\u0259 Osmanovan\u0131n q\u0131z\u0131 bel\u0259 deyir.<\/p>\n<p>  Xa\u00e7maz sakini, 21 ya\u015fl\u0131 Ayg\u00fcn Osmanova Meydan TV-y\u0259 dan\u0131\u015f\u0131r ki, anas\u0131 S\u0259mal\u0259 Osmanova bu il avqustun 15-d\u0259 sevgilisi il\u0259 evd\u0259n \u00e7\u0131x\u0131b, bir ne\u00e7\u0259 saatdan sonra h\u0259min \u015f\u0259xs ev\u0259 anas\u0131n\u0131n n\u0259\u015fini qaytar\u0131b.\n<\/p>\n<blockquote><p>\n  Bax\u0131b dedil\u0259r, ke\u00e7inib\n<\/p><\/blockquote>\n<p>\n  Ayg\u00fcn Osmanova h\u0259min g\u00fcn\u00fc bel\u0259 xat\u0131rlay\u0131r:\n<\/p>\n<p>\n  \u201cAnamla evd\u0259n ax\u015fam t\u0259xmin\u0259n 8-in yar\u0131s\u0131 \u00e7\u0131xd\u0131lar. Gec\u0259 saat 2-y\u0259 i\u015fl\u0259mi\u015fdi, ma\u015f\u0131n qap\u0131da dayand\u0131, qap\u0131n\u0131 d\u00f6yd\u00fc, a\u00e7d\u0131m, dedi, anan ma\u015f\u0131ndad\u0131, \u0259zilib. Tez ma\u015f\u0131na t\u0259r\u0259f qa\u00e7d\u0131m, baxd\u0131m ki, anam h\u0259r\u0259k\u0259tsiz v\u0259ziyy\u0259td\u0259dir. Yalvard\u0131m ki, t\u0259cili x\u0259st\u0259xanaya g\u00f6t\u00fcr\u0259k. Dedi, aparaq, ancaq orda g\u0259lib soru\u015fan olsa, dey\u0259rs\u0259n ki, \u00fc\u00e7\u00fcm\u00fcz birlikd\u0259 olmu\u015fuq. Raz\u0131la\u015fd\u0131m, \u00e7\u00fcnki m\u0259n\u0259 anam sa\u011f laz\u0131m idi, onu t\u0259cili x\u0259st\u0259xanaya g\u00f6t\u00fcrm\u0259sini ist\u0259yirdim. G\u0259tirdik x\u0259st\u0259xanaya, bax\u0131b dedil\u0259r, ke\u00e7inib\u201d.<\/p>\n<p>  Ayg\u00fcn Osmanova deyir, anas\u0131n\u0131 x\u0259st\u0259xanan\u0131n \u201cmorq\u201duna qoyublar, h\u0259min \u015f\u0259xs x\u0259st\u0259xanan\u0131 t\u0259rk edib, \u00f6z\u00fc is\u0259 ac\u0131 x\u0259b\u0259ri qohumlar\u0131na \u00e7atd\u0131rma\u011fa gedib:<\/p>\n<p>  \u201cS\u0259h\u0259r g\u0259ldi, dedi, bird\u0259n el\u0259 bil\u0259rs\u0259n anan\u0131 m\u0259n \u00f6ld\u00fcrm\u00fc\u015f\u0259m, anan h\u0259r\u0259k\u0259td\u0259 olan ma\u015f\u0131ndan \u00f6z\u00fcn\u00fc atd\u0131, m\u0259nlik bir i\u015f yoxdur. O q\u0259d\u0259r rahat, sakit dan\u0131\u015f\u0131rd\u0131 ki&#8230; Gah deyir, Xudatda atd\u0131 \u00f6z\u00fcn\u00fc, gah da ba\u015fqa yerd\u0259&#8230; Gah deyir, \u00f6z\u00fcn\u00fc atandan sonra durub g\u0259zdi, gah deyir, y\u0131x\u0131lan kimi x\u0131r\u0131ldad\u0131, ke\u00e7indi&#8230; Adam y\u00fcz s\u00f6z deyir, he\u00e7 biri d\u0259 bir-birin\u0259 uy\u011fun g\u0259lmir\u201d.<br \/>\n  \n<\/p>\n<blockquote><p>\n  \u00d6l\u00fcmc\u00fcl x\u0259sar\u0259t k\u00fct al\u0259td\u0259n yaran\u0131b\n<\/p><\/blockquote>\n<p>\n  S\u0259mal\u0259 Osmanovan\u0131n \u00f6l\u00fcm fakt\u0131 il\u0259 \u0259laq\u0259dar Xa\u00e7maz Rayon Prokurorlu\u011funda Cinay\u0259t M\u0259c\u0259ll\u0259sinin 125-ci (\u00d6z\u00fcn\u00fc \u00f6ld\u00fcrm\u0259 h\u0259ddin\u0259 \u00e7atd\u0131rma) madd\u0259si il\u0259 cinay\u0259t i\u015fi ba\u015flan\u0131b. Q\u0131z\u0131 istintaq\u0131n gedi\u015fat\u0131ndan naraz\u0131d\u0131r:<\/p>\n<p>  \u201cEkspertiza r\u0259yin\u0259 g\u00f6r\u0259, anam\u0131n \u00fcz\u0259rind\u0259ki \u00f6l\u00fcmc\u00fcl x\u0259sar\u0259t y\u0131x\u0131lmaqdan yox, k\u00fct al\u0259t d\u0259ym\u0259kl\u0259 yaran\u0131b. Ancaq prokurorluq madd\u0259ni indiy\u0259 kimi d\u0259 d\u0259yi\u015fm\u0259yib, istintaq\u0131 el\u0259 125-ci madd\u0259 \u00fczr\u0259 davam etdirir. He\u00e7 kim cinay\u0259t m\u0259suliyy\u0259tin\u0259 c\u0259lb olunmay\u0131b. Anam\u0131 evd\u0259n diri apar\u0131b \u00f6l\u00fc qaytaran adam ortada g\u0259zir, h\u0259tta anam\u0131n m\u0259rasiminin 7-ci g\u00fcn\u00fc o\u011fluna toy el\u0259di, qurbanlar k\u0259sdi. M\u0259nims\u0259 onu m\u0259suliyy\u0259t\u0259 c\u0259lb etdirm\u0259k \u00fc\u00e7\u00fcn he\u00e7 bir k\u00f6m\u0259yim yoxdur&#8230; T\u0259s\u0259vv\u00fcr edin, hadis\u0259 yerin\u0259 bax\u0131\u015f hadis\u0259d\u0259n 16 g\u00fcn sonra ke\u00e7irilib. \u015eikay\u0259t \u0259riz\u0259mi m\u00fcst\u0259ntiq g\u00f6t\u00fcrm\u0259k ist\u0259mirdi. \u018friz\u0259mi ona zorla q\u0259bul etdirdim. Hadis\u0259 vaxt\u0131 anam\u0131n \u0259ynind\u0259 olmu\u015f paltarlar, guya \u00f6z\u00fcn\u00fc atd\u0131\u011f\u0131 ma\u015f\u0131n 42 g\u00fcnd\u0259n sonra ekspertizaya g\u00f6nd\u0259rilib. 42 g\u00fcn\u0259 izl\u0259ri t\u0259mizl\u0259m\u0259y\u0259 n\u0259 var ki&#8230; \u0130stintaq, h\u0259tta \u015f\u0259xs\u0259n prokuror \u00f6z\u00fc a\u00e7\u0131q-a\u015fkar o adam\u0131n t\u0259r\u0259fini tutur, deyirl\u0259r, \u0259lin hara \u00e7at\u0131r, get \u015fikay\u0259t el\u0259, anan \u00f6z\u00fcn\u00fc at\u0131b\u201d.<\/p>\n<p>  Ayg\u00fcn Osmanova deyir, anas\u0131n\u0131n intihar etm\u0259si \u00fc\u00e7\u00fcn s\u0259b\u0259bl\u0259ri olmay\u0131b:<\/p>\n<p>  \u201cDeyir, anan durdu\u011fu yerd\u0259 q\u0259fil \u00f6z\u00fcn\u00fc ma\u015f\u0131ndan atd\u0131&#8230; \u00dcmumiyy\u0259tl\u0259, anam\u0131n \u00e7ox \u00e7\u0259tin ke\u00e7mi\u015fi olub. Atam ona \u00e7ox i\u015fg\u0259nc\u0259 verib, b\u0131\u00e7aqla x\u0259sar\u0259t d\u0259 yetirib, evimizi d\u0259 yand\u0131r\u0131b, k\u00fc\u00e7\u0259l\u0259rd\u0259 d\u0259 qalm\u0131\u015f\u0131q&#8230; Bununla bel\u0259, m\u0259nim anam m\u00f6hk\u0259m qad\u0131n olub, he\u00e7 vaxt can\u0131na q\u0259sd etm\u0259k haqq\u0131nda d\u00fc\u015f\u00fcnm\u0259yib. Ayr\u0131l\u0131b, h\u0259y\u0259timizd\u0259 \u00f6z t\u0259s\u0259rr\u00fcfat\u0131n\u0131 d\u00fcz\u0259ldib, bizi doland\u0131r\u0131b, bizi b\u00f6y\u00fcd\u00fcb&#8230; H\u0259l\u0259 indi-indi g\u00fcn g\u00f6rm\u0259y\u0259 ba\u015flay\u0131rd\u0131, he\u00e7 bir problemi yox idi. Arzusu vard\u0131 ki, bizi evl\u0259ndirsin, n\u0259v\u0259 g\u00f6rs\u00fcn&#8230; Bu boyda arzular\u0131 olan insan q\u0259fil \u00f6z\u00fcn\u00fc \u00f6ld\u00fcrm\u0259k fikrin\u0259 niy\u0259 d\u00fc\u015fs\u00fcn ki?\u201d<br \/>\n  \n<\/p>\n<blockquote><p>\n  Prokurorluq: \u015e\u00fcbh\u0259l\u0259r ara\u015fd\u0131r\u0131l\u0131r\n<\/p><\/blockquote>\n<p>\n  Xa\u00e7maz Rayon Prokurorlu\u011fundan \u201cMeydan TV-y\u0259 bildirilib ki, S\u0259mal\u0259 Osmanovan\u0131n \u00f6l\u00fcm fakt\u0131na g\u00f6r\u0259 Cinay\u0259t M\u0259c\u0259ll\u0259sinin 125-ci madd\u0259si il\u0259 cinay\u0259t i\u015fi ba\u015flan\u0131b. Z\u0259r\u0259r\u00e7\u0259kmi\u015f Ayg\u00fcn Osmanovan\u0131n, o c\u00fcml\u0259d\u0259n, S\u0259mal\u0259 Osmanovan\u0131n qeyri-qanuni m\u00fcnasib\u0259td\u0259 olan \u015f\u0259xsin ifad\u0259si al\u0131n\u0131b. Ayg\u00fcn Osmanovan\u0131n \u015f\u00fcbh\u0259l\u0259ri ara\u015fd\u0131r\u0131l\u0131r. \u0130stintaq\u0131n davam\u0131 i\u015f \u00fczr\u0259 ekspertizalar tam ba\u015fa \u00e7atd\u0131qdan sonra m\u00fc\u0259yy\u0259n edil\u0259c\u0259k.<\/p>\n<p>  21 ya\u015fl\u0131 Ayg\u00fcn deyir, \u00e7ox \u00e7ar\u0259sizdir. H\u0259tta qohumlar da bu m\u0259s\u0259l\u0259d\u0259 yax\u0131n g\u0259lmir, d\u0259st\u0259k olmur:\n<\/p>\n<p>\n  \u201cH\u0259r g\u00fcn anam\u0131n q\u0259brinin \u00fcst\u00fcnd\u0259 a\u011flay\u0131b-a\u011flay\u0131b qay\u0131d\u0131ram ev\u0259, \u0259limd\u0259n he\u00e7 n\u0259 g\u0259lmir\u201d.<\/p>\n<p>  H\u00fcquq\u015f\u00fcnas Vaqif Al\u0131yev deyir, z\u0259r\u0259r\u00e7\u0259kmi\u015f istintaq\u0131n gedi\u015find\u0259n naraz\u0131d\u0131rsa, m\u00fcst\u0259ntiqin h\u0259r\u0259k\u0259tsizliyind\u0259n Ba\u015f Prokurora m\u00fcraci\u0259t ed\u0259 bil\u0259r: \u201cZ\u0259r\u0259r\u00e7\u0259kmi\u015f arqumentl\u0259rini \u0259sasland\u0131rmal\u0131, cinay\u0259t i\u015finin bu prokurorluqdan al\u0131naraq ba\u015fqa prokurorlu\u011fa verilm\u0259sini xahi\u015f etm\u0259lidir\u201d.<\/p>\n","protected":false},"excerpt":{"rendered":"<p>Ayg\u00fcn Osmanova istintaq\u0131n gedi\u015find\u0259n naraz\u0131d\u0131r<\/p>\n","protected":false},"author":11,"featured_media":110273,"comment_status":"closed","ping_status":"open","sticky":false,"template":"","format":"standard","meta":{"_acf_changed":false,"_sitemap_exclude":false,"_sitemap_priority":"","_sitemap_frequency":"","footnotes":""},"categories":[60],"tags":[],"class_list":["post-191874","post","type-post","status-publish","format-standard","has-post-thumbnail","hentry","category-bolge","infinite-scroll-item","generate-columns","tablet-grid-50","mobile-grid-100","grid-parent","grid-33","no-featured-image-padding"],"acf":[],"yoast_head":"<!-- This site is optimized with the Yoast SEO plugin v27.4 - https:\/\/yoast.com\/product\/yoast-seo-wordpress\/ -->\n<title>Xa\u00e7maz sakini: Guya anam \u00f6z\u00fcn\u00fc ma\u015f\u0131ndan at\u0131b - MEYDAN.TV<\/title>\n<meta name=\"robots\" content=\"index, follow, max-snippet:-1, max-image-preview:large, max-video-preview:-1\" \/>\n<link rel=\"canonical\" href=\"https:\/\/www.meydan.tv\/az\/article\/xacmaz-sakini-guya-anam-ozunu-masindan-atib\/\" \/>\n<meta property=\"og:locale\" content=\"az_AZ\" \/>\n<meta property=\"og:type\" content=\"article\" \/>\n<meta property=\"og:title\" content=\"Xa\u00e7maz sakini: Guya anam \u00f6z\u00fcn\u00fc ma\u015f\u0131ndan at\u0131b - MEYDAN.TV\" \/>\n<meta property=\"og:description\" content=\"Ayg\u00fcn Osmanova istintaq\u0131n gedi\u015find\u0259n naraz\u0131d\u0131r\" \/>\n<meta property=\"og:url\" content=\"https:\/\/www.meydan.tv\/az\/article\/xacmaz-sakini-guya-anam-ozunu-masindan-atib\/\" \/>\n<meta property=\"og:site_name\" content=\"MEYDAN.TV\" \/>\n<meta property=\"article:published_time\" content=\"2018-09-28T21:18:12+00:00\" \/>\n<meta property=\"og:image\" content=\"https:\/\/www.meydan.tv\/wp-content\/uploads\/43881.jpg\" \/>\n\t<meta property=\"og:image:width\" content=\"1200\" \/>\n\t<meta property=\"og:image:height\" content=\"558\" \/>\n\t<meta property=\"og:image:type\" content=\"image\/jpeg\" \/>\n<meta name=\"author\" content=\"user-manager\" \/>\n<meta name=\"twitter:card\" content=\"summary_large_image\" \/>\n<script type=\"application\/ld+json\" class=\"yoast-schema-graph\">{\"@context\":\"https:\\\/\\\/schema.org\",\"@graph\":[{\"@type\":\"Article\",\"@id\":\"https:\\\/\\\/www.meydan.tv\\\/az\\\/article\\\/xacmaz-sakini-guya-anam-ozunu-masindan-atib\\\/#article\",\"isPartOf\":{\"@id\":\"https:\\\/\\\/www.meydan.tv\\\/az\\\/article\\\/xacmaz-sakini-guya-anam-ozunu-masindan-atib\\\/\"},\"author\":{\"name\":\"user-manager\",\"@id\":\"https:\\\/\\\/www.meydan.tv\\\/az\\\/#\\\/schema\\\/person\\\/10d11eccf6da3662cf5fdab9806ea91a\"},\"headline\":\"Xa\u00e7maz sakini: Guya anam \u00f6z\u00fcn\u00fc ma\u015f\u0131ndan at\u0131b\",\"datePublished\":\"2018-09-28T21:18:12+00:00\",\"mainEntityOfPage\":{\"@id\":\"https:\\\/\\\/www.meydan.tv\\\/az\\\/article\\\/xacmaz-sakini-guya-anam-ozunu-masindan-atib\\\/\"},\"wordCount\":1029,\"publisher\":{\"@id\":\"https:\\\/\\\/www.meydan.tv\\\/az\\\/#organization\"},\"image\":{\"@id\":\"https:\\\/\\\/www.meydan.tv\\\/az\\\/article\\\/xacmaz-sakini-guya-anam-ozunu-masindan-atib\\\/#primaryimage\"},\"thumbnailUrl\":\"https:\\\/\\\/www.meydan.tv\\\/wp-content\\\/uploads\\\/43881.jpg\",\"articleSection\":[\"B\u00f6lg\u0259\"],\"inLanguage\":\"az\"},{\"@type\":\"WebPage\",\"@id\":\"https:\\\/\\\/www.meydan.tv\\\/az\\\/article\\\/xacmaz-sakini-guya-anam-ozunu-masindan-atib\\\/\",\"url\":\"https:\\\/\\\/www.meydan.tv\\\/az\\\/article\\\/xacmaz-sakini-guya-anam-ozunu-masindan-atib\\\/\",\"name\":\"Xa\u00e7maz sakini: Guya anam \u00f6z\u00fcn\u00fc ma\u015f\u0131ndan at\u0131b - MEYDAN.TV\",\"isPartOf\":{\"@id\":\"https:\\\/\\\/www.meydan.tv\\\/az\\\/#website\"},\"primaryImageOfPage\":{\"@id\":\"https:\\\/\\\/www.meydan.tv\\\/az\\\/article\\\/xacmaz-sakini-guya-anam-ozunu-masindan-atib\\\/#primaryimage\"},\"image\":{\"@id\":\"https:\\\/\\\/www.meydan.tv\\\/az\\\/article\\\/xacmaz-sakini-guya-anam-ozunu-masindan-atib\\\/#primaryimage\"},\"thumbnailUrl\":\"https:\\\/\\\/www.meydan.tv\\\/wp-content\\\/uploads\\\/43881.jpg\",\"datePublished\":\"2018-09-28T21:18:12+00:00\",\"breadcrumb\":{\"@id\":\"https:\\\/\\\/www.meydan.tv\\\/az\\\/article\\\/xacmaz-sakini-guya-anam-ozunu-masindan-atib\\\/#breadcrumb\"},\"inLanguage\":\"az\",\"potentialAction\":[{\"@type\":\"ReadAction\",\"target\":[\"https:\\\/\\\/www.meydan.tv\\\/az\\\/article\\\/xacmaz-sakini-guya-anam-ozunu-masindan-atib\\\/\"]}]},{\"@type\":\"ImageObject\",\"inLanguage\":\"az\",\"@id\":\"https:\\\/\\\/www.meydan.tv\\\/az\\\/article\\\/xacmaz-sakini-guya-anam-ozunu-masindan-atib\\\/#primaryimage\",\"url\":\"https:\\\/\\\/www.meydan.tv\\\/wp-content\\\/uploads\\\/43881.jpg\",\"contentUrl\":\"https:\\\/\\\/www.meydan.tv\\\/wp-content\\\/uploads\\\/43881.jpg\",\"width\":1200,\"height\":558,\"caption\":\"Source:\"},{\"@type\":\"BreadcrumbList\",\"@id\":\"https:\\\/\\\/www.meydan.tv\\\/az\\\/article\\\/xacmaz-sakini-guya-anam-ozunu-masindan-atib\\\/#breadcrumb\",\"itemListElement\":[{\"@type\":\"ListItem\",\"position\":1,\"name\":\"Ana s\u0259hif\u0259\",\"item\":\"https:\\\/\\\/www.meydan.tv\\\/az\\\/\"},{\"@type\":\"ListItem\",\"position\":2,\"name\":\"B\u00f6lg\u0259\",\"item\":\"https:\\\/\\\/www.meydan.tv\\\/az\\\/section\\\/bolge\\\/\"},{\"@type\":\"ListItem\",\"position\":3,\"name\":\"Xa\u00e7maz sakini: Guya anam \u00f6z\u00fcn\u00fc ma\u015f\u0131ndan at\u0131b\"}]},{\"@type\":\"WebSite\",\"@id\":\"https:\\\/\\\/www.meydan.tv\\\/az\\\/#website\",\"url\":\"https:\\\/\\\/www.meydan.tv\\\/az\\\/\",\"name\":\"MEYDAN.TV\",\"description\":\"Meydan TV Az\u0259rbaycan\u0131n media m\u0259kan\u0131ndak\u0131 alternativ s\u0259sidir\",\"publisher\":{\"@id\":\"https:\\\/\\\/www.meydan.tv\\\/az\\\/#organization\"},\"potentialAction\":[{\"@type\":\"SearchAction\",\"target\":{\"@type\":\"EntryPoint\",\"urlTemplate\":\"https:\\\/\\\/www.meydan.tv\\\/az\\\/?s={search_term_string}\"},\"query-input\":{\"@type\":\"PropertyValueSpecification\",\"valueRequired\":true,\"valueName\":\"search_term_string\"}}],\"inLanguage\":\"az\"},{\"@type\":\"Organization\",\"@id\":\"https:\\\/\\\/www.meydan.tv\\\/az\\\/#organization\",\"name\":\"Meydan TV\",\"url\":\"https:\\\/\\\/www.meydan.tv\\\/az\\\/\",\"logo\":{\"@type\":\"ImageObject\",\"inLanguage\":\"az\",\"@id\":\"https:\\\/\\\/www.meydan.tv\\\/az\\\/#\\\/schema\\\/logo\\\/image\\\/\",\"url\":\"https:\\\/\\\/www.meydan.tv\\\/wp-content\\\/uploads\\\/2021\\\/07\\\/meydan-logo.svg\",\"contentUrl\":\"https:\\\/\\\/www.meydan.tv\\\/wp-content\\\/uploads\\\/2021\\\/07\\\/meydan-logo.svg\",\"width\":195,\"height\":46,\"caption\":\"Meydan TV\"},\"image\":{\"@id\":\"https:\\\/\\\/www.meydan.tv\\\/az\\\/#\\\/schema\\\/logo\\\/image\\\/\"}},{\"@type\":\"Person\",\"@id\":\"https:\\\/\\\/www.meydan.tv\\\/az\\\/#\\\/schema\\\/person\\\/10d11eccf6da3662cf5fdab9806ea91a\",\"name\":\"user-manager\"}]}<\/script>\n<!-- \/ Yoast SEO plugin. -->","yoast_head_json":{"title":"Xa\u00e7maz sakini: Guya anam \u00f6z\u00fcn\u00fc ma\u015f\u0131ndan at\u0131b - MEYDAN.TV","robots":{"index":"index","follow":"follow","max-snippet":"max-snippet:-1","max-image-preview":"max-image-preview:large","max-video-preview":"max-video-preview:-1"},"canonical":"https:\/\/www.meydan.tv\/az\/article\/xacmaz-sakini-guya-anam-ozunu-masindan-atib\/","og_locale":"az_AZ","og_type":"article","og_title":"Xa\u00e7maz sakini: Guya anam \u00f6z\u00fcn\u00fc ma\u015f\u0131ndan at\u0131b - MEYDAN.TV","og_description":"Ayg\u00fcn Osmanova istintaq\u0131n gedi\u015find\u0259n naraz\u0131d\u0131r","og_url":"https:\/\/www.meydan.tv\/az\/article\/xacmaz-sakini-guya-anam-ozunu-masindan-atib\/","og_site_name":"MEYDAN.TV","article_published_time":"2018-09-28T21:18:12+00:00","og_image":[{"width":1200,"height":558,"url":"https:\/\/www.meydan.tv\/wp-content\/uploads\/43881.jpg","type":"image\/jpeg"}],"author":"user-manager","twitter_card":"summary_large_image","schema":{"@context":"https:\/\/schema.org","@graph":[{"@type":"Article","@id":"https:\/\/www.meydan.tv\/az\/article\/xacmaz-sakini-guya-anam-ozunu-masindan-atib\/#article","isPartOf":{"@id":"https:\/\/www.meydan.tv\/az\/article\/xacmaz-sakini-guya-anam-ozunu-masindan-atib\/"},"author":{"name":"user-manager","@id":"https:\/\/www.meydan.tv\/az\/#\/schema\/person\/10d11eccf6da3662cf5fdab9806ea91a"},"headline":"Xa\u00e7maz sakini: Guya anam \u00f6z\u00fcn\u00fc ma\u015f\u0131ndan at\u0131b","datePublished":"2018-09-28T21:18:12+00:00","mainEntityOfPage":{"@id":"https:\/\/www.meydan.tv\/az\/article\/xacmaz-sakini-guya-anam-ozunu-masindan-atib\/"},"wordCount":1029,"publisher":{"@id":"https:\/\/www.meydan.tv\/az\/#organization"},"image":{"@id":"https:\/\/www.meydan.tv\/az\/article\/xacmaz-sakini-guya-anam-ozunu-masindan-atib\/#primaryimage"},"thumbnailUrl":"https:\/\/www.meydan.tv\/wp-content\/uploads\/43881.jpg","articleSection":["B\u00f6lg\u0259"],"inLanguage":"az"},{"@type":"WebPage","@id":"https:\/\/www.meydan.tv\/az\/article\/xacmaz-sakini-guya-anam-ozunu-masindan-atib\/","url":"https:\/\/www.meydan.tv\/az\/article\/xacmaz-sakini-guya-anam-ozunu-masindan-atib\/","name":"Xa\u00e7maz sakini: Guya anam \u00f6z\u00fcn\u00fc ma\u015f\u0131ndan at\u0131b - MEYDAN.TV","isPartOf":{"@id":"https:\/\/www.meydan.tv\/az\/#website"},"primaryImageOfPage":{"@id":"https:\/\/www.meydan.tv\/az\/article\/xacmaz-sakini-guya-anam-ozunu-masindan-atib\/#primaryimage"},"image":{"@id":"https:\/\/www.meydan.tv\/az\/article\/xacmaz-sakini-guya-anam-ozunu-masindan-atib\/#primaryimage"},"thumbnailUrl":"https:\/\/www.meydan.tv\/wp-content\/uploads\/43881.jpg","datePublished":"2018-09-28T21:18:12+00:00","breadcrumb":{"@id":"https:\/\/www.meydan.tv\/az\/article\/xacmaz-sakini-guya-anam-ozunu-masindan-atib\/#breadcrumb"},"inLanguage":"az","potentialAction":[{"@type":"ReadAction","target":["https:\/\/www.meydan.tv\/az\/article\/xacmaz-sakini-guya-anam-ozunu-masindan-atib\/"]}]},{"@type":"ImageObject","inLanguage":"az","@id":"https:\/\/www.meydan.tv\/az\/article\/xacmaz-sakini-guya-anam-ozunu-masindan-atib\/#primaryimage","url":"https:\/\/www.meydan.tv\/wp-content\/uploads\/43881.jpg","contentUrl":"https:\/\/www.meydan.tv\/wp-content\/uploads\/43881.jpg","width":1200,"height":558,"caption":"Source:"},{"@type":"BreadcrumbList","@id":"https:\/\/www.meydan.tv\/az\/article\/xacmaz-sakini-guya-anam-ozunu-masindan-atib\/#breadcrumb","itemListElement":[{"@type":"ListItem","position":1,"name":"Ana s\u0259hif\u0259","item":"https:\/\/www.meydan.tv\/az\/"},{"@type":"ListItem","position":2,"name":"B\u00f6lg\u0259","item":"https:\/\/www.meydan.tv\/az\/section\/bolge\/"},{"@type":"ListItem","position":3,"name":"Xa\u00e7maz sakini: Guya anam \u00f6z\u00fcn\u00fc ma\u015f\u0131ndan at\u0131b"}]},{"@type":"WebSite","@id":"https:\/\/www.meydan.tv\/az\/#website","url":"https:\/\/www.meydan.tv\/az\/","name":"MEYDAN.TV","description":"Meydan TV Az\u0259rbaycan\u0131n media m\u0259kan\u0131ndak\u0131 alternativ s\u0259sidir","publisher":{"@id":"https:\/\/www.meydan.tv\/az\/#organization"},"potentialAction":[{"@type":"SearchAction","target":{"@type":"EntryPoint","urlTemplate":"https:\/\/www.meydan.tv\/az\/?s={search_term_string}"},"query-input":{"@type":"PropertyValueSpecification","valueRequired":true,"valueName":"search_term_string"}}],"inLanguage":"az"},{"@type":"Organization","@id":"https:\/\/www.meydan.tv\/az\/#organization","name":"Meydan TV","url":"https:\/\/www.meydan.tv\/az\/","logo":{"@type":"ImageObject","inLanguage":"az","@id":"https:\/\/www.meydan.tv\/az\/#\/schema\/logo\/image\/","url":"https:\/\/www.meydan.tv\/wp-content\/uploads\/2021\/07\/meydan-logo.svg","contentUrl":"https:\/\/www.meydan.tv\/wp-content\/uploads\/2021\/07\/meydan-logo.svg","width":195,"height":46,"caption":"Meydan TV"},"image":{"@id":"https:\/\/www.meydan.tv\/az\/#\/schema\/logo\/image\/"}},{"@type":"Person","@id":"https:\/\/www.meydan.tv\/az\/#\/schema\/person\/10d11eccf6da3662cf5fdab9806ea91a","name":"user-manager"}]}},"_links":{"self":[{"href":"https:\/\/www.meydan.tv\/az\/wp-json\/wp\/v2\/posts\/191874","targetHints":{"allow":["GET"]}}],"collection":[{"href":"https:\/\/www.meydan.tv\/az\/wp-json\/wp\/v2\/posts"}],"about":[{"href":"https:\/\/www.meydan.tv\/az\/wp-json\/wp\/v2\/types\/post"}],"author":[{"embeddable":true,"href":"https:\/\/www.meydan.tv\/az\/wp-json\/wp\/v2\/users\/11"}],"replies":[{"embeddable":true,"href":"https:\/\/www.meydan.tv\/az\/wp-json\/wp\/v2\/comments?post=191874"}],"version-history":[{"count":0,"href":"https:\/\/www.meydan.tv\/az\/wp-json\/wp\/v2\/posts\/191874\/revisions"}],"wp:featuredmedia":[{"embeddable":true,"href":"https:\/\/www.meydan.tv\/az\/wp-json\/wp\/v2\/media\/110273"}],"wp:attachment":[{"href":"https:\/\/www.meydan.tv\/az\/wp-json\/wp\/v2\/media?parent=191874"}],"wp:term":[{"taxonomy":"category","embeddable":true,"href":"https:\/\/www.meydan.tv\/az\/wp-json\/wp\/v2\/categories?post=191874"},{"taxonomy":"post_tag","embeddable":true,"href":"https:\/\/www.meydan.tv\/az\/wp-json\/wp\/v2\/tags?post=191874"}],"curies":[{"name":"wp","href":"https:\/\/api.w.org\/{rel}","templated":true}]}}