{"id":191820,"date":"2018-09-25T19:29:27","date_gmt":"2018-09-25T19:29:27","guid":{"rendered":"https:\/\/www.meydan.tv\/article\/iki-gundur-yagis-yasadigimiz-cadirin-icerisine-yagir\/"},"modified":"2018-09-25T19:29:27","modified_gmt":"2018-09-25T19:29:27","slug":"iki-gundur-yagis-yasadigimiz-cadirin-icerisine-yagir","status":"publish","type":"post","link":"https:\/\/www.meydan.tv\/az\/article\/iki-gundur-yagis-yasadigimiz-cadirin-icerisine-yagir\/","title":{"rendered":"&#8221;\u0130ki g\u00fcnd\u00fcr ya\u011f\u0131\u015f ya\u015fad\u0131\u011f\u0131m\u0131z \u00e7ad\u0131r\u0131n i\u00e7\u0259risin\u0259 ya\u011f\u0131r&#8221;"},"content":{"rendered":"<figure class=\"wp-block-image size-large\">\n  <img decoding=\"async\" src=\"https:\/\/www.meydan.tv\/az\/elnur-alpasayev-ve-usagi\/\" alt=\"Elnur Alpa\u015fayev v\u0259 u\u015fa\u011f\u0131\" class=\"wp-image-110078\"\/><figcaption>\n    Elnur Alpa\u015fayev v\u0259 u\u015fa\u011f\u0131<br \/>\n  <\/figcaption><\/figure>\n<p>\n  <i><br \/>\n    \u015eamax\u0131da 3 u\u015faql\u0131 ail\u0259 \u00e7ad\u0131rda ya\u015fay\u0131r<br \/>\n  <\/i>\n<\/p>\n<p>\n  \u201c\u0130ki g\u00fcnd\u00fcr leysand\u0131r. \u00c7ad\u0131r\u0131m\u0131z, yor\u011fan-d\u00f6\u015f\u0259yimiz suyun i\u00e7ind\u0259dir. Balalar\u0131m soyuqdan \u0259sir. Qorxuram ki, bu q\u0131\u015f\u0131 onlar a\u011f\u0131r x\u0259st\u0259lik taps\u0131n. \u00c7ox \u00e7ar\u0259sizik\u201d.<\/p>\n<p>  \u015eamax\u0131dak\u0131 A\u015f\u0131q M\u0259mm\u0259da\u011fa k\u00fc\u00e7\u0259sind\u0259n \u00f6t\u0259nl\u0259r burada qurulmu\u015f \u00e7ad\u0131r\u0131 g\u00f6rm\u0259mi\u015f olmaz. Bu \u00e7ad\u0131r evsiz-e\u015fiksiz Alpa\u015fayevl\u0259r ail\u0259si \u00fc\u00e7\u00fcn sentyabr\u0131n 5-d\u0259 qurulub. Ail\u0259nin ba\u015f\u00e7\u0131s\u0131 Elnur Alpa\u015fayev Meydan TV-y\u0259 dan\u0131\u015f\u0131r ki, \u0259ziyy\u0259tl\u0259 tikdiyi ev z\u0259lz\u0259l\u0259 v\u0259 torpaq s\u00fcr\u00fc\u015fm\u0259si n\u0259tic\u0259sind\u0259 1 il \u0259vv\u0259l da\u011f\u0131l\u0131b. 3 azya\u015fl\u0131 \u00f6vlad\u0131 v\u0259 h\u0259yat yolda\u015f\u0131 il\u0259 qohumlar\u0131n evin\u0259 s\u0131\u011f\u0131n\u0131b. Bu il sentyabr\u0131n 4-d\u0259 Elnur Alpa\u015fayev f\u00f6vq\u0259lad\u0259 hallar naziri K\u0259mal\u0259ddin Heyd\u0259rovun Q\u0259b\u0259l\u0259d\u0259 ke\u00e7irdiyi q\u0259bul-g\u00f6r\u00fc\u015f\u00fcnd\u0259 olub. Deyir, nazirin tap\u015f\u0131r\u0131\u011f\u0131ndan bir g\u00fcn sonra FHN i\u015f\u00e7il\u0259ri onlara \u00e7ad\u0131r\u0131 qurub.\n<\/p>\n<blockquote><p>\n  Ev ist\u0259di, \u00e7ad\u0131r qurdular&#8230;\n<\/p><\/blockquote>\n<p>\n  \u201cM\u0259n nazir\u0259 ail\u0259 durumumuzu \u00e7atd\u0131rd\u0131m. Bildirdim ki, k\u00f6rp\u0259 u\u015faqlarla art\u0131q qap\u0131larda da saxlam\u0131rlar bizi&#8230; Biz\u0259 bir s\u0131\u011f\u0131nacaq laz\u0131md\u0131r. O da yan\u0131ndak\u0131lara tap\u015f\u0131r\u0131q verdi ki, bizim \u00fc\u00e7\u00fcn \u00e7ad\u0131r m\u0259s\u0259l\u0259sini h\u0259ll el\u0259sinl\u0259r. M\u0259n\u0259 bildirdi ki, m\u00fcv\u0259qq\u0259ti \u00e7ad\u0131rda qal\u0131n, yax\u015f\u0131 olacaq,\u201d- Elnur Alpa\u015fayev deyir.\n<\/p>\n<figure class=\"wp-block-image size-large\">\n  <img decoding=\"async\" src=\"https:\/\/www.meydan.tv\/az\/110084\/\" alt=\"\" class=\"wp-image-110084\"\/><figcaption><\/figcaption><\/figure>\n<p>\n  <br \/>\n  Onun s\u00f6zl\u0259rin\u0259 g\u00f6r\u0259, h\u0259r \u015fey he\u00e7 d\u0259 nazirin dediyi kimi, yax\u015f\u0131 deyil. \u0130ki g\u00fcnd\u00fcr ba\u015flayan ya\u011f\u0131\u015f \u00e7ad\u0131r\u0131n i\u00e7in\u0259 dolur, k\u00f6rp\u0259 \u00f6vladlar\u0131 ya\u015f yor\u011fan-d\u00f6\u015f\u0259kd\u0259 yatmal\u0131 olur:<\/p>\n<p>  \u201cYa\u011f\u0131\u015f sular\u0131 \u00e7ad\u0131r\u0131n \u00fcst\u00fcn\u0259, ordan da s\u00fcz\u00fcl\u00fcb \u00e7ad\u0131r\u0131n i\u00e7in\u0259 ax\u0131r. U\u015faqlar soyuqdan \u0259sir. Evimiz da\u011f\u0131landa i\u00e7\u0259rid\u0259n \u00e7\u0131xara bildiyimiz \u0259\u015fyalar\u0131 da qohum evin\u0259 y\u0131\u011fm\u0131\u015fd\u0131q. \u00c7ad\u0131r\u0131 qurandan sonra \u00e7arpay\u0131, stol, bir az da yor\u011fan-d\u00f6\u015f\u0259yimiziu g\u0259tirib bura y\u0131\u011fd\u0131q. Onlar da suyun i\u00e7ind\u0259dir. U\u015faqlar soyuq, ya\u015f d\u00f6\u015f\u0259yin \u00fcst\u00fcnd\u0259 yat\u0131rlar. H\u0259l\u0259 pay\u0131z\u0131n ilk g\u00fcnl\u0259ridir. M\u0259\u015f\u0259qq\u0259timiz qar\u015f\u0131dad\u0131r\u201d.\n<\/p>\n<blockquote><p>\n  Soyuq \u00e7ad\u0131rdan t\u0259hsil ard\u0131nca&#8230;\n<\/p><\/blockquote>\n<p>\n  H\u0259r s\u0259h\u0259r 12 ya\u015fl\u0131 F\u0259qanla 7 ya\u015fl\u0131 El\u015fan\u0259 bu soyuq \u00e7ad\u0131rdan \u00e7\u0131x\u0131b m\u0259kt\u0259b\u0259 &#8211; t\u0259hsil ard\u0131nca gedir. Bir d\u0259 4 ya\u015fl\u0131 R\u0259van var. Ata \u00fc\u00e7 azya\u015fl\u0131n\u0131 q\u0131\u015fdan yaza nec\u0259 salamat \u00e7\u0131xaracaq, \u00f6z\u00fc d\u0259 bilmir:<\/p>\n<p>  \u201cH\u0259l\u0259 q\u0131\u015f g\u0259lm\u0259yib, gec\u0259l\u0259r \u00e7ad\u0131r\u0131n i\u00e7\u0259risi buz kimi olur, FHN i\u015f\u00e7il\u0259ri d\u00f6n\u0259-d\u00f6n\u0259 tap\u015f\u0131r\u0131blar ki, \u00e7ad\u0131rda soba yand\u0131rmayaq, qaz balonu istifad\u0259 etm\u0259y\u0259k, \u00e7ad\u0131r al\u0131\u015fa bil\u0259r. T\u0259hl\u00fck\u0259sizlik qaydalar\u0131na \u0259m\u0259l etm\u0259s\u0259k, \u00e7ad\u0131r\u0131 \u0259limizd\u0259n alacaqlar. B\u0259s biz n\u0259 ed\u0259k? Bu 3 tifilin can\u0131n\u0131 nec\u0259 isid\u0259k? D\u00fc\u015f\u00fcn\u0259nd\u0259 ki, qar\u015f\u0131dan \u015faxta, boran g\u0259lir, can\u0131ma v\u0259lv\u0259l\u0259 d\u00fc\u015f\u00fcr\u201d.<\/p>\n<p>  Elnur Alpa\u015fayevin yerli icra hakimiyy\u0259tin\u0259, F\u00f6vq\u0259lad\u0259 Hallar Nazirliyin\u0259, prezident\u0259 v\u0259 Birinci vitse-prezident\u0259 yazd\u0131\u011f\u0131 m\u0259ktublar da cavabs\u0131z qal\u0131b.\n<\/p>\n<figure class=\"wp-block-image size-large\">\n  <img decoding=\"async\" src=\"https:\/\/www.meydan.tv\/az\/elnur-alpasayev-ve-usagi-2\/\" alt=\"Elnur Alpa\u015fayev v\u0259 u\u015fa\u011f\u0131\" class=\"wp-image-110081\"\/><figcaption>\n    Elnur Alpa\u015fayev v\u0259 u\u015fa\u011f\u0131<br \/>\n  <\/figcaption><\/figure>\n<blockquote><p>\n  R\u0259smi qurum: \u201c\u00c7ad\u0131rda \u00e7ox qalmayacaq\u201d\n<\/p><\/blockquote>\n<p>\n  \u201c\u0130lham \u018fliyev\u0259 d\u0259, Mehriban \u018fliyevaya da yazm\u0131\u015fam ki, adamlar s\u0259h\u0259r-ax\u015fam evind\u0259n \u00e7\u0131x\u0131b \u00e7ad\u0131r\u0131m\u0131z\u0131n b\u00f6yr\u00fcnd\u0259n gedir, g\u0259lir. Biz d\u0259 onlar kimi bu \u00f6lk\u0259nin v\u0259t\u0259nda\u015flar\u0131y\u0131q. Bizim d\u0259 evd\u0259 ya\u015famaq haqq\u0131m\u0131z var. M\u0259n evimi satmam\u0131\u015fam, qazanc \u0259ld\u0259 el\u0259m\u0259mi\u015f\u0259m. Evim t\u0259bii f\u0259lak\u0259td\u0259n da\u011f\u0131l\u0131b. Nec\u0259 ki, ba\u015fqalar\u0131na ev tikibl\u0259r, biz\u0259 d\u0259 ev tikib versinl\u0259r. 2007-ci ild\u0259 min \u0259ziyy\u0259tl\u0259 ev tikdim, 4 ild\u0259n sonra &#8211; 2011-ci ild\u0259n gah z\u0259lz\u0259l\u0259, gah torpaq s\u00fcr\u00fc\u015fm\u0259si q\u0259zal\u0131 v\u0259ziyy\u0259t\u0259 sald\u0131. Sonuncu torpaq s\u00fcr\u00fc\u015fm\u0259sind\u0259 d\u0259 tamamil\u0259 da\u011f\u0131ld\u0131. Bu, m\u0259nim g\u00fcnah\u0131md\u0131r?\u201d\n<\/p>\n<p>\n  \u015eamax\u0131 Rayon \u0130cra Hakimiyy\u0259tind\u0259n bildirilib ki, A\u015f\u0131q M\u0259mm\u0259da\u011fa k\u00fc\u00e7\u0259sind\u0259 torpaq s\u00fcr\u00fc\u015fm\u0259sind\u0259n q\u0259zal\u0131 v\u0259ziyy\u0259t\u0259 d\u00fc\u015f\u0259n, yaxud tamamil\u0259 da\u011f\u0131lan bir ne\u00e7\u0259 ev var. H\u0259min evl\u0259rin sakinl\u0259rinin ba\u015fqa yer\u0259 k\u00f6\u00e7\u00fcr\u00fclm\u0259si, yaxud t\u0259mir-b\u0259rpa, yeni ev tikinti i\u015fl\u0259ri il\u0259 F\u00f6vq\u0259lad\u0259 Hallar Nazirliyi m\u0259\u015f\u011ful olur: \u201cRayonun F\u00f6vq\u0259lad\u0259 Hallar Komissiyas\u0131 h\u0259min evl\u0259r\u0259 bax\u0131\u015f ke\u00e7irib siyah\u0131ya al\u0131r, son q\u0259rar\u0131 nazirlik verir. \u0130cra hakimiyy\u0259tinin bu i\u015fl\u0259r\u0259 qar\u0131\u015fmaq s\u0259lahiyy\u0259ti yoxdur. V\u0259t\u0259nda\u015f m\u00fcraci\u0259t edib, ona m\u00fcv\u0259qq\u0259ti s\u0131\u011f\u0131nacaq kimi \u00e7ad\u0131r verilib, t\u0259bii ki, \u00e7ad\u0131rda \u00e7ox qalmayacaq, aidiyy\u0259ti qurum n\u00f6vb\u0259ti t\u0259dbirl\u0259rini g\u00f6r\u0259c\u0259k\u201d.\n<\/p><\/p>\n","protected":false},"excerpt":{"rendered":"<p>\u015eamax\u0131da 3 u\u015faql\u0131 ail\u0259 \u00e7ad\u0131rda ya\u015fay\u0131r<\/p>\n","protected":false},"author":11,"featured_media":110078,"comment_status":"closed","ping_status":"open","sticky":false,"template":"","format":"standard","meta":{"_acf_changed":false,"_sitemap_exclude":false,"_sitemap_priority":"","_sitemap_frequency":"","footnotes":""},"categories":[60],"tags":[],"class_list":["post-191820","post","type-post","status-publish","format-standard","has-post-thumbnail","hentry","category-bolge","infinite-scroll-item","generate-columns","tablet-grid-50","mobile-grid-100","grid-parent","grid-33","no-featured-image-padding"],"acf":[],"yoast_head":"<!-- This site is optimized with the Yoast SEO plugin v27.4 - https:\/\/yoast.com\/product\/yoast-seo-wordpress\/ -->\n<title>&#039;&#039;\u0130ki g\u00fcnd\u00fcr ya\u011f\u0131\u015f ya\u015fad\u0131\u011f\u0131m\u0131z \u00e7ad\u0131r\u0131n i\u00e7\u0259risin\u0259 ya\u011f\u0131r&#039;&#039; - MEYDAN.TV<\/title>\n<meta name=\"robots\" content=\"index, follow, max-snippet:-1, max-image-preview:large, max-video-preview:-1\" \/>\n<link rel=\"canonical\" href=\"https:\/\/www.meydan.tv\/az\/article\/iki-gundur-yagis-yasadigimiz-cadirin-icerisine-yagir\/\" \/>\n<meta property=\"og:locale\" content=\"az_AZ\" \/>\n<meta property=\"og:type\" content=\"article\" \/>\n<meta property=\"og:title\" content=\"&#039;&#039;\u0130ki g\u00fcnd\u00fcr ya\u011f\u0131\u015f ya\u015fad\u0131\u011f\u0131m\u0131z \u00e7ad\u0131r\u0131n i\u00e7\u0259risin\u0259 ya\u011f\u0131r&#039;&#039; - MEYDAN.TV\" \/>\n<meta property=\"og:description\" content=\"\u015eamax\u0131da 3 u\u015faql\u0131 ail\u0259 \u00e7ad\u0131rda ya\u015fay\u0131r\" \/>\n<meta property=\"og:url\" content=\"https:\/\/www.meydan.tv\/az\/article\/iki-gundur-yagis-yasadigimiz-cadirin-icerisine-yagir\/\" \/>\n<meta property=\"og:site_name\" content=\"MEYDAN.TV\" \/>\n<meta property=\"article:published_time\" content=\"2018-09-25T19:29:27+00:00\" \/>\n<meta property=\"og:image\" content=\"https:\/\/www.meydan.tv\/wp-content\/uploads\/43776.jpg\" \/>\n\t<meta property=\"og:image:width\" content=\"1032\" \/>\n\t<meta property=\"og:image:height\" content=\"774\" \/>\n\t<meta property=\"og:image:type\" content=\"image\/jpeg\" \/>\n<meta name=\"author\" content=\"user-manager\" \/>\n<meta name=\"twitter:card\" content=\"summary_large_image\" \/>\n<script type=\"application\/ld+json\" class=\"yoast-schema-graph\">{\"@context\":\"https:\\\/\\\/schema.org\",\"@graph\":[{\"@type\":\"Article\",\"@id\":\"https:\\\/\\\/www.meydan.tv\\\/az\\\/article\\\/iki-gundur-yagis-yasadigimiz-cadirin-icerisine-yagir\\\/#article\",\"isPartOf\":{\"@id\":\"https:\\\/\\\/www.meydan.tv\\\/az\\\/article\\\/iki-gundur-yagis-yasadigimiz-cadirin-icerisine-yagir\\\/\"},\"author\":{\"name\":\"user-manager\",\"@id\":\"https:\\\/\\\/www.meydan.tv\\\/az\\\/#\\\/schema\\\/person\\\/10d11eccf6da3662cf5fdab9806ea91a\"},\"headline\":\"&#8221;\u0130ki g\u00fcnd\u00fcr ya\u011f\u0131\u015f ya\u015fad\u0131\u011f\u0131m\u0131z \u00e7ad\u0131r\u0131n i\u00e7\u0259risin\u0259 ya\u011f\u0131r&#8221;\",\"datePublished\":\"2018-09-25T19:29:27+00:00\",\"mainEntityOfPage\":{\"@id\":\"https:\\\/\\\/www.meydan.tv\\\/az\\\/article\\\/iki-gundur-yagis-yasadigimiz-cadirin-icerisine-yagir\\\/\"},\"wordCount\":863,\"publisher\":{\"@id\":\"https:\\\/\\\/www.meydan.tv\\\/az\\\/#organization\"},\"image\":{\"@id\":\"https:\\\/\\\/www.meydan.tv\\\/az\\\/article\\\/iki-gundur-yagis-yasadigimiz-cadirin-icerisine-yagir\\\/#primaryimage\"},\"thumbnailUrl\":\"https:\\\/\\\/www.meydan.tv\\\/wp-content\\\/uploads\\\/43776.jpg\",\"articleSection\":[\"B\u00f6lg\u0259\"],\"inLanguage\":\"az\"},{\"@type\":\"WebPage\",\"@id\":\"https:\\\/\\\/www.meydan.tv\\\/az\\\/article\\\/iki-gundur-yagis-yasadigimiz-cadirin-icerisine-yagir\\\/\",\"url\":\"https:\\\/\\\/www.meydan.tv\\\/az\\\/article\\\/iki-gundur-yagis-yasadigimiz-cadirin-icerisine-yagir\\\/\",\"name\":\"''\u0130ki g\u00fcnd\u00fcr ya\u011f\u0131\u015f ya\u015fad\u0131\u011f\u0131m\u0131z \u00e7ad\u0131r\u0131n i\u00e7\u0259risin\u0259 ya\u011f\u0131r'' - MEYDAN.TV\",\"isPartOf\":{\"@id\":\"https:\\\/\\\/www.meydan.tv\\\/az\\\/#website\"},\"primaryImageOfPage\":{\"@id\":\"https:\\\/\\\/www.meydan.tv\\\/az\\\/article\\\/iki-gundur-yagis-yasadigimiz-cadirin-icerisine-yagir\\\/#primaryimage\"},\"image\":{\"@id\":\"https:\\\/\\\/www.meydan.tv\\\/az\\\/article\\\/iki-gundur-yagis-yasadigimiz-cadirin-icerisine-yagir\\\/#primaryimage\"},\"thumbnailUrl\":\"https:\\\/\\\/www.meydan.tv\\\/wp-content\\\/uploads\\\/43776.jpg\",\"datePublished\":\"2018-09-25T19:29:27+00:00\",\"breadcrumb\":{\"@id\":\"https:\\\/\\\/www.meydan.tv\\\/az\\\/article\\\/iki-gundur-yagis-yasadigimiz-cadirin-icerisine-yagir\\\/#breadcrumb\"},\"inLanguage\":\"az\",\"potentialAction\":[{\"@type\":\"ReadAction\",\"target\":[\"https:\\\/\\\/www.meydan.tv\\\/az\\\/article\\\/iki-gundur-yagis-yasadigimiz-cadirin-icerisine-yagir\\\/\"]}]},{\"@type\":\"ImageObject\",\"inLanguage\":\"az\",\"@id\":\"https:\\\/\\\/www.meydan.tv\\\/az\\\/article\\\/iki-gundur-yagis-yasadigimiz-cadirin-icerisine-yagir\\\/#primaryimage\",\"url\":\"https:\\\/\\\/www.meydan.tv\\\/wp-content\\\/uploads\\\/43776.jpg\",\"contentUrl\":\"https:\\\/\\\/www.meydan.tv\\\/wp-content\\\/uploads\\\/43776.jpg\",\"width\":1032,\"height\":774,\"caption\":\"Source:\"},{\"@type\":\"BreadcrumbList\",\"@id\":\"https:\\\/\\\/www.meydan.tv\\\/az\\\/article\\\/iki-gundur-yagis-yasadigimiz-cadirin-icerisine-yagir\\\/#breadcrumb\",\"itemListElement\":[{\"@type\":\"ListItem\",\"position\":1,\"name\":\"Ana s\u0259hif\u0259\",\"item\":\"https:\\\/\\\/www.meydan.tv\\\/az\\\/\"},{\"@type\":\"ListItem\",\"position\":2,\"name\":\"B\u00f6lg\u0259\",\"item\":\"https:\\\/\\\/www.meydan.tv\\\/az\\\/section\\\/bolge\\\/\"},{\"@type\":\"ListItem\",\"position\":3,\"name\":\"&#8221;\u0130ki g\u00fcnd\u00fcr ya\u011f\u0131\u015f ya\u015fad\u0131\u011f\u0131m\u0131z \u00e7ad\u0131r\u0131n i\u00e7\u0259risin\u0259 ya\u011f\u0131r&#8221;\"}]},{\"@type\":\"WebSite\",\"@id\":\"https:\\\/\\\/www.meydan.tv\\\/az\\\/#website\",\"url\":\"https:\\\/\\\/www.meydan.tv\\\/az\\\/\",\"name\":\"MEYDAN.TV\",\"description\":\"Meydan TV Az\u0259rbaycan\u0131n media m\u0259kan\u0131ndak\u0131 alternativ s\u0259sidir\",\"publisher\":{\"@id\":\"https:\\\/\\\/www.meydan.tv\\\/az\\\/#organization\"},\"potentialAction\":[{\"@type\":\"SearchAction\",\"target\":{\"@type\":\"EntryPoint\",\"urlTemplate\":\"https:\\\/\\\/www.meydan.tv\\\/az\\\/?s={search_term_string}\"},\"query-input\":{\"@type\":\"PropertyValueSpecification\",\"valueRequired\":true,\"valueName\":\"search_term_string\"}}],\"inLanguage\":\"az\"},{\"@type\":\"Organization\",\"@id\":\"https:\\\/\\\/www.meydan.tv\\\/az\\\/#organization\",\"name\":\"Meydan TV\",\"url\":\"https:\\\/\\\/www.meydan.tv\\\/az\\\/\",\"logo\":{\"@type\":\"ImageObject\",\"inLanguage\":\"az\",\"@id\":\"https:\\\/\\\/www.meydan.tv\\\/az\\\/#\\\/schema\\\/logo\\\/image\\\/\",\"url\":\"https:\\\/\\\/www.meydan.tv\\\/wp-content\\\/uploads\\\/2021\\\/07\\\/meydan-logo.svg\",\"contentUrl\":\"https:\\\/\\\/www.meydan.tv\\\/wp-content\\\/uploads\\\/2021\\\/07\\\/meydan-logo.svg\",\"width\":195,\"height\":46,\"caption\":\"Meydan TV\"},\"image\":{\"@id\":\"https:\\\/\\\/www.meydan.tv\\\/az\\\/#\\\/schema\\\/logo\\\/image\\\/\"}},{\"@type\":\"Person\",\"@id\":\"https:\\\/\\\/www.meydan.tv\\\/az\\\/#\\\/schema\\\/person\\\/10d11eccf6da3662cf5fdab9806ea91a\",\"name\":\"user-manager\"}]}<\/script>\n<!-- \/ Yoast SEO plugin. -->","yoast_head_json":{"title":"''\u0130ki g\u00fcnd\u00fcr ya\u011f\u0131\u015f ya\u015fad\u0131\u011f\u0131m\u0131z \u00e7ad\u0131r\u0131n i\u00e7\u0259risin\u0259 ya\u011f\u0131r'' - MEYDAN.TV","robots":{"index":"index","follow":"follow","max-snippet":"max-snippet:-1","max-image-preview":"max-image-preview:large","max-video-preview":"max-video-preview:-1"},"canonical":"https:\/\/www.meydan.tv\/az\/article\/iki-gundur-yagis-yasadigimiz-cadirin-icerisine-yagir\/","og_locale":"az_AZ","og_type":"article","og_title":"''\u0130ki g\u00fcnd\u00fcr ya\u011f\u0131\u015f ya\u015fad\u0131\u011f\u0131m\u0131z \u00e7ad\u0131r\u0131n i\u00e7\u0259risin\u0259 ya\u011f\u0131r'' - MEYDAN.TV","og_description":"\u015eamax\u0131da 3 u\u015faql\u0131 ail\u0259 \u00e7ad\u0131rda ya\u015fay\u0131r","og_url":"https:\/\/www.meydan.tv\/az\/article\/iki-gundur-yagis-yasadigimiz-cadirin-icerisine-yagir\/","og_site_name":"MEYDAN.TV","article_published_time":"2018-09-25T19:29:27+00:00","og_image":[{"width":1032,"height":774,"url":"https:\/\/www.meydan.tv\/wp-content\/uploads\/43776.jpg","type":"image\/jpeg"}],"author":"user-manager","twitter_card":"summary_large_image","schema":{"@context":"https:\/\/schema.org","@graph":[{"@type":"Article","@id":"https:\/\/www.meydan.tv\/az\/article\/iki-gundur-yagis-yasadigimiz-cadirin-icerisine-yagir\/#article","isPartOf":{"@id":"https:\/\/www.meydan.tv\/az\/article\/iki-gundur-yagis-yasadigimiz-cadirin-icerisine-yagir\/"},"author":{"name":"user-manager","@id":"https:\/\/www.meydan.tv\/az\/#\/schema\/person\/10d11eccf6da3662cf5fdab9806ea91a"},"headline":"&#8221;\u0130ki g\u00fcnd\u00fcr ya\u011f\u0131\u015f ya\u015fad\u0131\u011f\u0131m\u0131z \u00e7ad\u0131r\u0131n i\u00e7\u0259risin\u0259 ya\u011f\u0131r&#8221;","datePublished":"2018-09-25T19:29:27+00:00","mainEntityOfPage":{"@id":"https:\/\/www.meydan.tv\/az\/article\/iki-gundur-yagis-yasadigimiz-cadirin-icerisine-yagir\/"},"wordCount":863,"publisher":{"@id":"https:\/\/www.meydan.tv\/az\/#organization"},"image":{"@id":"https:\/\/www.meydan.tv\/az\/article\/iki-gundur-yagis-yasadigimiz-cadirin-icerisine-yagir\/#primaryimage"},"thumbnailUrl":"https:\/\/www.meydan.tv\/wp-content\/uploads\/43776.jpg","articleSection":["B\u00f6lg\u0259"],"inLanguage":"az"},{"@type":"WebPage","@id":"https:\/\/www.meydan.tv\/az\/article\/iki-gundur-yagis-yasadigimiz-cadirin-icerisine-yagir\/","url":"https:\/\/www.meydan.tv\/az\/article\/iki-gundur-yagis-yasadigimiz-cadirin-icerisine-yagir\/","name":"''\u0130ki g\u00fcnd\u00fcr ya\u011f\u0131\u015f ya\u015fad\u0131\u011f\u0131m\u0131z \u00e7ad\u0131r\u0131n i\u00e7\u0259risin\u0259 ya\u011f\u0131r'' - MEYDAN.TV","isPartOf":{"@id":"https:\/\/www.meydan.tv\/az\/#website"},"primaryImageOfPage":{"@id":"https:\/\/www.meydan.tv\/az\/article\/iki-gundur-yagis-yasadigimiz-cadirin-icerisine-yagir\/#primaryimage"},"image":{"@id":"https:\/\/www.meydan.tv\/az\/article\/iki-gundur-yagis-yasadigimiz-cadirin-icerisine-yagir\/#primaryimage"},"thumbnailUrl":"https:\/\/www.meydan.tv\/wp-content\/uploads\/43776.jpg","datePublished":"2018-09-25T19:29:27+00:00","breadcrumb":{"@id":"https:\/\/www.meydan.tv\/az\/article\/iki-gundur-yagis-yasadigimiz-cadirin-icerisine-yagir\/#breadcrumb"},"inLanguage":"az","potentialAction":[{"@type":"ReadAction","target":["https:\/\/www.meydan.tv\/az\/article\/iki-gundur-yagis-yasadigimiz-cadirin-icerisine-yagir\/"]}]},{"@type":"ImageObject","inLanguage":"az","@id":"https:\/\/www.meydan.tv\/az\/article\/iki-gundur-yagis-yasadigimiz-cadirin-icerisine-yagir\/#primaryimage","url":"https:\/\/www.meydan.tv\/wp-content\/uploads\/43776.jpg","contentUrl":"https:\/\/www.meydan.tv\/wp-content\/uploads\/43776.jpg","width":1032,"height":774,"caption":"Source:"},{"@type":"BreadcrumbList","@id":"https:\/\/www.meydan.tv\/az\/article\/iki-gundur-yagis-yasadigimiz-cadirin-icerisine-yagir\/#breadcrumb","itemListElement":[{"@type":"ListItem","position":1,"name":"Ana s\u0259hif\u0259","item":"https:\/\/www.meydan.tv\/az\/"},{"@type":"ListItem","position":2,"name":"B\u00f6lg\u0259","item":"https:\/\/www.meydan.tv\/az\/section\/bolge\/"},{"@type":"ListItem","position":3,"name":"&#8221;\u0130ki g\u00fcnd\u00fcr ya\u011f\u0131\u015f ya\u015fad\u0131\u011f\u0131m\u0131z \u00e7ad\u0131r\u0131n i\u00e7\u0259risin\u0259 ya\u011f\u0131r&#8221;"}]},{"@type":"WebSite","@id":"https:\/\/www.meydan.tv\/az\/#website","url":"https:\/\/www.meydan.tv\/az\/","name":"MEYDAN.TV","description":"Meydan TV Az\u0259rbaycan\u0131n media m\u0259kan\u0131ndak\u0131 alternativ s\u0259sidir","publisher":{"@id":"https:\/\/www.meydan.tv\/az\/#organization"},"potentialAction":[{"@type":"SearchAction","target":{"@type":"EntryPoint","urlTemplate":"https:\/\/www.meydan.tv\/az\/?s={search_term_string}"},"query-input":{"@type":"PropertyValueSpecification","valueRequired":true,"valueName":"search_term_string"}}],"inLanguage":"az"},{"@type":"Organization","@id":"https:\/\/www.meydan.tv\/az\/#organization","name":"Meydan TV","url":"https:\/\/www.meydan.tv\/az\/","logo":{"@type":"ImageObject","inLanguage":"az","@id":"https:\/\/www.meydan.tv\/az\/#\/schema\/logo\/image\/","url":"https:\/\/www.meydan.tv\/wp-content\/uploads\/2021\/07\/meydan-logo.svg","contentUrl":"https:\/\/www.meydan.tv\/wp-content\/uploads\/2021\/07\/meydan-logo.svg","width":195,"height":46,"caption":"Meydan TV"},"image":{"@id":"https:\/\/www.meydan.tv\/az\/#\/schema\/logo\/image\/"}},{"@type":"Person","@id":"https:\/\/www.meydan.tv\/az\/#\/schema\/person\/10d11eccf6da3662cf5fdab9806ea91a","name":"user-manager"}]}},"_links":{"self":[{"href":"https:\/\/www.meydan.tv\/az\/wp-json\/wp\/v2\/posts\/191820","targetHints":{"allow":["GET"]}}],"collection":[{"href":"https:\/\/www.meydan.tv\/az\/wp-json\/wp\/v2\/posts"}],"about":[{"href":"https:\/\/www.meydan.tv\/az\/wp-json\/wp\/v2\/types\/post"}],"author":[{"embeddable":true,"href":"https:\/\/www.meydan.tv\/az\/wp-json\/wp\/v2\/users\/11"}],"replies":[{"embeddable":true,"href":"https:\/\/www.meydan.tv\/az\/wp-json\/wp\/v2\/comments?post=191820"}],"version-history":[{"count":0,"href":"https:\/\/www.meydan.tv\/az\/wp-json\/wp\/v2\/posts\/191820\/revisions"}],"wp:featuredmedia":[{"embeddable":true,"href":"https:\/\/www.meydan.tv\/az\/wp-json\/wp\/v2\/media\/110078"}],"wp:attachment":[{"href":"https:\/\/www.meydan.tv\/az\/wp-json\/wp\/v2\/media?parent=191820"}],"wp:term":[{"taxonomy":"category","embeddable":true,"href":"https:\/\/www.meydan.tv\/az\/wp-json\/wp\/v2\/categories?post=191820"},{"taxonomy":"post_tag","embeddable":true,"href":"https:\/\/www.meydan.tv\/az\/wp-json\/wp\/v2\/tags?post=191820"}],"curies":[{"name":"wp","href":"https:\/\/api.w.org\/{rel}","templated":true}]}}