{"id":191818,"date":"2018-09-25T19:42:31","date_gmt":"2018-09-25T19:42:31","guid":{"rendered":"https:\/\/www.meydan.tv\/article\/soz-var-daga-qaldirar-soz-var-dagdan-salar\/"},"modified":"2018-09-25T19:42:31","modified_gmt":"2018-09-25T19:42:31","slug":"soz-var-daga-qaldirar-soz-var-dagdan-salar","status":"publish","type":"post","link":"https:\/\/www.meydan.tv\/az\/article\/soz-var-daga-qaldirar-soz-var-dagdan-salar\/","title":{"rendered":"S\u00f6z var da\u011fa qald\u0131rar, s\u00f6z var da\u011fdan salar"},"content":{"rendered":"<p>\n  S\u00f6z\u00fcn q\u00fcdr\u0259tind\u0259n b\u00fct\u00fcn m\u00fcq\u0259dd\u0259s kitablar yaz\u0131b. \u0130ndinin \u00f6z\u00fcnd\u0259 d\u0259 hakimiyy\u0259td\u0259 olan q\u00fcvv\u0259l\u0259r s\u00f6z\u00fc \u0259n k\u0259s\u0259rli v\u0259 qorxunc silah say\u0131rlar. \u0130nanm\u0131rs\u0131n\u0131z? Yad\u0131n\u0131za sal\u0131n, \u00f6lk\u0259mizd\u0259 \u00e7ap medias\u0131n\u0131n ne\u00e7\u0259, elektron medias\u0131n\u0131n ne\u00e7\u0259 faizi hakim q\u00fcvv\u0259 t\u0259r\u0259find\u0259n inhisara al\u0131n\u0131b. Bax\u0131n g\u00f6r\u00fcn, sad\u0259 insanlara l\u0259yaq\u0259tli h\u0259yat s\u0259viyy\u0259si t\u0259min etm\u0259kd\u0259 x\u0259sislik ed\u0259n hakimiyy\u0259t satq\u0131n yazarlar\u0131 nec\u0259 s\u0259xav\u0259tl\u0259 ya\u011f-bal i\u00e7ind\u0259 b\u0259sl\u0259yir!\n<\/p>\n<p>\n  B\u00fct\u00fcn m\u00fcasir siyasi \u00e7axna\u015fmalarda TV-nin, q\u0259zetl\u0259rin, saytlar\u0131n rolu h\u0259lledicidir.\n<\/p>\n<p>\n  Lenin jurnalistl\u0259ri v\u0259 yaz\u0131\u00e7\u0131lar\u0131 qanla v\u0259 zorak\u0131l\u0131qla ideal c\u0259miyy\u0259t quran partiyan\u0131n m\u00fcs\u0259ll\u0259h \u0259sg\u0259ri g\u00f6rm\u0259k ist\u0259yirdi. Hakim z\u00fcmr\u0259 az\u0259ri yazarlar\u0131n\u0131 t\u0259k \u0259sg\u0259r yox, h\u0259m d\u0259 ars\u0131z b\u00f6htan\u00e7\u0131, arzuedilm\u0259z v\u0259t\u0259nda\u015flar\u0131n siyasi qatili, m\u0259zlum k\u00fctl\u0259ni hakimiyy\u0259tin m\u00fcti quluna \u00e7evir\u0259n sehrli \u00e7ubuq g\u00f6rm\u0259k ist\u0259yir.\n<\/p>\n<p>\n  Hakim z\u00fcmr\u0259 median\u0131 h\u0259m d\u0259 onun Kreml qar\u015f\u0131s\u0131nda \u00f6hd\u0259lik g\u00f6t\u00fcrd\u00fcy\u00fc \u0259b\u0259di m\u00fcnaqi\u015f\u0259nin ke\u015fik\u00e7isi g\u00f6rm\u0259k ist\u0259yir. Milli jurnalistikam\u0131z, az\u0259ri yazarlar\u0131, nadir istisnalar\u0131 \u00e7\u0131xmaq \u015f\u0259rtil\u0259, hakimiyy\u0259tin bu arzusunu biab\u0131r\u00e7\u0131 bir tamahkarl\u0131q v\u0259 k\u00fctbeyinlikl\u0259 icra edir. \u00d6z\u00fc d\u0259 t\u0259k jurnalistl\u0259r deyil, h\u0259m d\u0259 b\u00fct\u00fcn ictimaiyy\u0259t, i\u00e7i siyasi partiyalar v\u0259 ictimai t\u0259\u015fkilatlar\u0131n \u0259ks\u0259riyy\u0259ti olmaqla, eyni d\u0259st\u0259 qulluq\u00e7usu m\u00f6vqeyind\u0259 durub k\u00fctl\u0259nin oynad\u0131lmas\u0131na, s\u00fcr\u00fc kimi idar\u0259 edilm\u0259sin\u0259 xidm\u0259t edir. Bel\u0259 olmasayd\u0131, ictimai \u015f\u00fcurumuza \u0259dav\u0259t v\u0259 bar\u0131\u015fmazl\u0131q deyil, d\u00fcnyada nadir d\u0259 olsa, rast g\u0259lin\u0259n bar\u0131\u015f n\u00fcmun\u0259l\u0259ri hakim k\u0259sil\u0259rdi.\n<\/p>\n<p>\n  Bu, t\u0259kc\u0259 biz\u0259 deyil, h\u0259m d\u0259, v\u0259 \u00f6z\u00fc d\u0259, ilk n\u00f6vb\u0259d\u0259, Erm\u0259nistana, erm\u0259ni medias\u0131na v\u0259 yazarlar\u0131na aid edil\u0259si diaqnozdur. Tarix n\u0259 vaxtsa m\u0259hk\u0259m\u0259 qursa, nadir erm\u0259ni mill\u0259t\u00e7i yazar\u0131 \u00f6z\u00fcn\u0259 b\u0259ra\u0259t ala bil\u0259c\u0259k. Ham\u0131s\u0131 v\u0259t\u0259n xaini, imperiya \u0259lalt\u0131s\u0131 kimi l\u0259n\u0259tl\u0259n\u0259c\u0259k.\n<\/p>\n<p>\n  \u00dczd\u0259 olan d\u00fcstur o q\u0259d\u0259r sad\u0259dir ki, onu d\u0259rk etm\u0259m\u0259k m\u00fcmk\u00fcn deyil. M\u00fcnaqi\u015f\u0259d\u0259n imperiya v\u0259 onun yerli n\u00f6k\u0259rl\u0259ri qazan\u0131r. \u0130tir\u0259n xalqlard\u0131r, sad\u0259 erm\u0259nil\u0259r v\u0259 az\u0259rbaycanl\u0131lard\u0131r. \u018fdav\u0259ti q\u0131z\u0131\u015fd\u0131ran h\u0259r k\u0259lm\u0259 m\u00fcnaqi\u015f\u0259nin qorunmas\u0131na, uzad\u0131lmas\u0131na, xalqa yad q\u00fcvv\u0259l\u0259r\u0259 xidm\u0259t edir.\n<\/p>\n<p>\n  Bundan hans\u0131 m\u0259ntiqi n\u0259tic\u0259 \u00e7\u0131x\u0131r? Xalq\u0131, V\u0259t\u0259ni sevirs\u0259ns\u0259, \u00f6z pe\u015f\u0259n\u0259 h\u00f6rm\u0259t edirs\u0259ns\u0259, g\u0259r\u0259k sava\u015fa deyil, bar\u0131\u015fa xidm\u0259t ed\u0259s\u0259n. \u018fg\u0259r he\u00e7 olmasa azca m\u0259ntiqi d\u00fc\u015f\u00fcnc\u0259 qabiliyy\u0259tin varsa, anlamal\u0131san ki, xalq\u0131n b\u00fct\u00fcn m\u00fcsib\u0259tl\u0259rinin, o c\u00fcml\u0259d\u0259n m\u00fcst\u0259bid hakim qurulu\u015fun k\u00f6k\u00fcnd\u0259 yad v\u0259 d\u00fc\u015fm\u0259n q\u00fcvv\u0259nin qafqazl\u0131lara s\u0131r\u0131d\u0131\u011f\u0131 m\u00fcnaqi\u015f\u0259 durur. \u00d6z\u00fc d\u0259 bu m\u00fcnaqi\u015f\u0259ni he\u00e7 bir saya al\u0131nas\u0131 imkan\u0131 olmayan erm\u0259ni xalq\u0131 deyil, \u201cay\u0131r-buyur\u201d siyas\u0259tinin ali ustas\u0131 Rusiya ba\u015flam\u0131\u015f, bu \u0259snada cahil qafqazl\u0131lar\u0131 bir-biril\u0259 s\u0131nanm\u0131\u015f \u00fcsullarla vuru\u015fdurmu\u015fdur.\n<\/p>\n<p>\n  Kifay\u0259tdir ki, C\u0259f\u0259r Cabbarl\u0131n\u0131n \u201catan kazaklard\u0131r\u201d c\u00fcml\u0259sini yada salaq.\n<\/p>\n<p>\n  \u018fg\u0259r \u00f6z\u00fcn\u00fc vicdanl\u0131 v\u0259 pe\u015f\u0259kar jurnalist say\u0131rsansa, g\u0259r\u0259k pe\u015f\u0259 qaydalar\u0131na riay\u0259t edib yaln\u0131z x\u0259b\u0259r \u00e7atd\u0131rasan, he\u00e7 kim \u00fc\u00e7\u00fcn maraql\u0131 olmayan \u015f\u0259xsi m\u00f6vqeyini v\u0259 ehtiraslar\u0131n\u0131 qabartmayasan.\n<\/p>\n<p>\n  Lakin bizd\u0259, s\u0259d heyf ki, bel\u0259 deyil. Orta m\u0259kt\u0259bd\u0259 yax\u015f\u0131 in\u015fa yazma\u011f\u0131 \u00f6yr\u0259nmi\u015f v\u0259 d\u00fcnyan\u0131n m\u00fcr\u0259kk\u0259b v\u0259 dola\u015f\u0131q i\u015fl\u0259rind\u0259n tam bix\u0259b\u0259r v\u00fccud m\u00fcasir Az\u0259rbaycan\u0131n m\u00fcasir jurnalistikaya d\u0259xli olmayan jurnalistika (v\u0259 ya dig\u0259r eyni m\u0259zmunlu) fak\u00fclt\u0259l\u0259rind\u0259 4 il vaxt s\u0259rf etdikd\u0259n sonra hesab edir ki, xalq\u0131n ehtiyac duydu\u011fu yegan\u0259 \u015fey &#8211; onun d\u00fcnya haqq\u0131nda r\u0259yidir.\n<\/p>\n<p>\n  V\u0259 ba\u015flay\u0131r d\u00f6\u015f\u0259m\u0259y\u0259! X\u0259b\u0259r qal\u0131r k\u00f6lg\u0259d\u0259, oxucuya v\u0259 dinl\u0259yiciy\u0259 bu k\u0259msavad v\u00fccudun b\u0259sit, \u00e7ox zaman hakimiyy\u0259tin xalq\u0131 ita\u0259td\u0259 saxlama\u011fa xidm\u0259t ed\u0259n x\u0259bis m\u00f6vqeyinin t\u0259krar\u0131 olan r\u0259yi \u00e7atd\u0131r\u0131l\u0131r.\n<\/p>\n<p>\n  V\u00fccud hesab edir ki, c\u0259miyy\u0259tin onun r\u0259yin\u0259 \u0259\u015f\u0259ddi-ehtiyac\u0131 var. Bu r\u0259y is\u0259 ibar\u0259tdir erm\u0259ni xalq\u0131n\u0131 v\u0259 b\u00fct\u00fcn erm\u0259nil\u0259ri a\u015fa\u011f\u0131lamaqdan, onlar\u0131n bar\u0259sind\u0259 b\u0259dii t\u0259hqirl\u0259rin i\u015fl\u0259dilm\u0259sind\u0259n. N\u0259 q\u0259d\u0259r g\u00fcl\u00fcnc olsa da, bu v\u00fccud anlam\u0131r ki, \u00f6z\u00fc d\u0259 bilm\u0259d\u0259n Erm\u0259nistandak\u0131 tay-t\u00fc\u015f\u00fcnu t\u0259qlid edir. Zira orada da eyni savad v\u0259 d\u0259rrak\u0259 sahibi \u201cm\u0259nfur turkes\u201di eyni t\u0259rzd\u0259 v\u0259 eyni ibar\u0259l\u0259rl\u0259 t\u0259hqir edir.\n<\/p>\n<p>\n  Etm\u0259yin t\u0259nb\u0259llik, a\u00e7\u0131n (\u0259lb\u0259tt\u0259, \u0259g\u0259r rus v\u0259 ya erm\u0259ni dilini bilirsinizs\u0259) erm\u0259ni saytlar\u0131n\u0131 v\u0259 oxuyun h\u0259m erm\u0259ni yazarlar\u0131n\u0131n az\u0259rbaycanl\u0131lar bar\u0259d\u0259 nifr\u0259t v\u0259 kinay\u0259 dolu yaz\u0131lar\u0131n\u0131, sonra is\u0259 bizim jurnalistl\u0259rin m\u00fcnaqi\u015f\u0259 v\u0259 erm\u0259nil\u0259r bar\u0259d\u0259 yaz\u0131lar\u0131n\u0131. Q\u0259rib\u0259 v\u0259 g\u00fclm\u0259li-a\u011flamal\u0131 ox\u015farl\u0131q, h\u0259tta eynilik g\u00f6r\u0259c\u0259ksiniz.\n<\/p>\n<p>\n  Bu eyniliyin m\u0259nb\u0259yi n\u0259dir? \u0130deoloji q\u0259libl\u0259rin eyniliyi, d\u00fc\u015f\u00fcnc\u0259 t\u0259rzl\u0259rinin ox\u015farl\u0131\u011f\u0131, sava\u015f m\u0259d\u0259niyy\u0259tinin yekn\u0259s\u0259qliyi&#8230; Orada korrupsiyaya u\u011fram\u0131\u015f \u201ckriminal diktatura rejimi\u201d m\u00fcnaqi\u015f\u0259d\u0259n b\u0259hr\u0259l\u0259n\u0259r\u0259k \u00f6z istibdad\u0131n\u0131 m\u00f6hk\u0259ml\u0259ndirir, bunun \u00fc\u00e7\u00fcn satq\u0131n v\u0259 ya cahil yazarlar\u0131n xidm\u0259tind\u0259n yararlan\u0131r, burada eyni t\u0259bi\u0259tli \u201ckriminal diktatura rejimi\u201d m\u00fcnaqi\u015f\u0259d\u0259n b\u0259hr\u0259l\u0259n\u0259r\u0259k xalq\u0131 xamlay\u0131r, diqq\u0259tini h\u0259yati m\u0259s\u0259l\u0259l\u0259rd\u0259n yay\u0131nd\u0131raraq \u201cerm\u0259ni d\u00fc\u015fm\u0259ni\u201dn\u0259 t\u0259r\u0259f y\u00f6n\u0259ldir v\u0259 bu m\u0259qs\u0259dl\u0259 satq\u0131n v\u0259 ya cahil az\u0259ri yazarlar\u0131n\u0131n \u0259dav\u0259t p\u00fcsk\u00fcr\u0259n yaz\u0131lar\u0131ndan istifad\u0259 edir.\n<\/p>\n<p>\n  Dey\u0259nd\u0259 ki, b\u0259li, m\u00fcnaqi\u015f\u0259d\u0259 h\u0259r iki t\u0259r\u0259f eyni cinay\u0259tl\u0259ri t\u00f6r\u0259dib, zira etnik-\u0259razi m\u00fcnaqi\u015f\u0259l\u0259rinin t\u0259bi\u0259ti bel\u0259dir, d\u00fcnyada bir bel\u0259 m\u00fcnaqi\u015f\u0259 yoxdur ki, hans\u0131sa t\u0259r\u0259f tam m\u0259sum qals\u0131n, v\u0259t\u0259n\u015fiv\u0259nl\u0259r \u015fax\u0259 qalx\u0131r: \u201cO t\u0259r\u0259f edib, biz is\u0259 etm\u0259mi\u015fik!\u201d\n<\/p>\n<p>\n  Bel\u0259 m\u00fcnaqi\u015f\u0259l\u0259rin mahiyy\u0259ti cinay\u0259t v\u0259 zorak\u0131l\u0131qdan, etnik t\u0259mizl\u0259m\u0259l\u0259rd\u0259n, zorak\u0131 deportasiyalardan ibar\u0259tdir, g\u00fcnaha batmadan qalmaq m\u00fcmk\u00fcn deyil. Etiraf ets\u0259n d\u0259, etm\u0259s\u0259n d\u0259, bu, dan\u0131lmaz h\u0259qiq\u0259tdir. Erm\u0259nistanda az\u0259rbaycanl\u0131lar\u0131 d\u00f6y\u00fcbl\u0259r, qovublar, \u00f6ld\u00fcr\u00fcbl\u0259r. Pa\u015finyan bunu bils\u0259 d\u0259, bilm\u0259s\u0259 d\u0259, bu, faktlarla s\u00fcbuta yetmi\u015f tarixi h\u0259qiq\u0259tdir. Y\u00fcz d\u0259f\u0259 de ki, q\u0259dim v\u0259 m\u0259d\u0259ni erm\u0259ni xalq\u0131 he\u00e7 vaxt v\u0259h\u015filik t\u00f6r\u0259tm\u0259z, budur, adlar, tarixl\u0259r, m\u0259kanlar, \u015fahidl\u0259r, m\u0259zarlar.\n<\/p>\n<p>\n  Az\u0259rbaycan\u0131 guya ki, sev\u0259r\u0259k \u201cbiz v\u0259h\u015filik t\u0259r\u0259tm\u0259mi\u015fik\u201d dey\u0259nl\u0259r\u0259 bir sad\u0259 m\u0259sl\u0259h\u0259tim var: d\u00fcnyan\u0131 \u00f6z\u00fcn\u00fcz\u0259 g\u00fcld\u00fcrm\u0259yin. Erm\u0259ni t\u0259r\u0259fi \u00f6z v\u0259h\u015filikl\u0259rini \u0259yal\u0259t \u015f\u0259h\u0259rcikl\u0259rind\u0259 v\u0259 k\u0259ndl\u0259rd\u0259, da\u011f ke\u00e7idl\u0259rind\u0259 t\u00f6r\u0259d\u0259nd\u0259 az\u0259rbaycanl\u0131 t\u0259r\u0259fi bu \u0259m\u0259ll\u0259ri iri \u015f\u0259h\u0259rl\u0259rd\u0259, d\u00fcnyan\u0131n g\u00f6z\u00fc \u00f6n\u00fcnd\u0259 etmi\u015fdir. G\u00f6r\u00fcn\u00fcr, hadis\u0259l\u0259rin rejissoru tama\u015fan\u0131 bel\u0259 g\u00f6r\u00fcrm\u00fc\u015f.\n<\/p>\n<p>\n  Bu utanc g\u0259tir\u0259n hadis\u0259l\u0259r dan\u0131lmazd\u0131r, onlar\u0131n g\u00fcnahs\u0131z qurbanlar\u0131 olmu\u015fdur v\u0259 hadis\u0259d\u0259n 30 il ke\u00e7m\u0259sin\u0259 baxmayaraq, d\u00f6vl\u0259t s\u0259viyy\u0259sind\u0259 qurbanlar bar\u0259sind\u0259 bir k\u0259lm\u0259 bel\u0259 r\u0259hm\u0259t, t\u0259\u0259ss\u00fcf v\u0259 pe\u015fiman\u00e7\u0131l\u0131q bildirilmir.\n<\/p>\n<p>\n  20 Yanvar qeyd edilir, 13 yanvar is\u0259 sanki olmay\u0131b. He\u00e7 k\u0259s etiraf etm\u0259k ist\u0259mir ki, 20 Yanvar 13 yanvar\u0131n m\u0259ntiqi davam\u0131 idi, h\u0259r iki hadis\u0259d\u0259 q\u0131r\u0131lanlar son n\u0259tic\u0259d\u0259 eyni c\u0259llad\u0131n eyni oyununun eyni m\u0259sum qurban\u0131 idi.\n<\/p>\n<p>\n  Dan\u0131lmaz h\u0259qiq\u0259tdir ki, bu v\u0259h\u015filikl\u0259ri imperiyan\u0131n x\u00fcsusi xidm\u0259t qurumlar\u0131 t\u0259\u015fkil etmi\u015fdi v\u0259 ifa\u00e7\u0131lar sad\u0259c\u0259 k\u00fct v\u0259 avam al\u0259t rolunda \u00e7\u0131x\u0131\u015f ed\u0259n qarag\u00fcruh olmu\u015fdu. K\u00fctl\u0259vi m\u0259suliyy\u0259t m\u0259fhumundan sui-istifad\u0259 ed\u0259r\u0259k b\u00fct\u00f6v xalq\u0131 bu cinay\u0259tl\u0259rd\u0259 ittiham etm\u0259k a\u011f\u0131ls\u0131zl\u0131q v\u0259 x\u0259bislikdir. Lakin bu sad\u0259 izah\u0131 q\u0259bul etm\u0259k \u00fc\u00e7\u00fcn v\u00fccudda he\u00e7 olmasa bir q\u0259d\u0259r a\u011f\u0131l v\u0259 m\u0259ntiq olmal\u0131d\u0131r. H\u0259l\u0259lik Erm\u0259nistan v\u0259 Az\u0259rbaycan medias\u0131nda at oynadan v\u00fccudlarda bu a\u011f\u0131l v\u0259 m\u0259ntiqin varl\u0131\u011f\u0131ndan x\u0259b\u0259r ver\u0259n he\u00e7 bir \u0259lam\u0259t m\u00fc\u015fahid\u0259 edilmir. M\u00fc\u015fahid\u0259 edilmir v\u0259 t\u0259r\u0259fl\u0259r bir-birini baya\u011f\u0131 ittiham v\u0259 t\u0259hqir at\u0259\u015fin\u0259 tutur. \u201cSiz bizi q\u0131rd\u0131n\u0131z, biz is\u0259 sizi q\u0131rmad\u0131q&#8230;\u201d\n<\/p>\n<p>\n  \u00c7\u00f6r\u0259yi hakimiyy\u0259t\u0259 n\u00f6k\u0259r\u00e7ilikd\u0259n \u00e7\u0131xan jurnalistl\u0259r\u0259 he\u00e7 bir s\u00f6z\u00fcm yoxdur. H\u0259r bir k\u0259s \u00e7\u00f6r\u0259yini vicdan\u0131 v\u0259 bacar\u0131\u011f\u0131 say\u0259sind\u0259 qazan\u0131r. Sizin vicdan\u0131n\u0131z v\u0259 bacar\u0131\u011f\u0131n\u0131z, g\u00f6r\u00fcn\u00fcr, bel\u0259dir v\u0259 \u00e7\u00f6r\u0259yinizi d\u0259 bel\u0259 \u00e7\u0131xar\u0131rs\u0131n\u0131z.\n<\/p>\n<p>\n  S\u00f6z\u00fcm d\u00fc\u015f\u00fcnm\u0259yi bacaran, \u00e7\u00f6r\u0259yini iyn\u0259 il\u0259 gor qazaraq qazanan azsayl\u0131 kas\u0131b yazarlarad\u0131r . K\u00fcy\u0259 uymay\u0131n, mill\u0259t\u00e7ilik q\u0131zd\u0131rmas\u0131na yoluxmay\u0131n. Unutmay\u0131n ki, mill\u0259timizin mitinql\u0259rd\u0259 \u201cbiz erm\u0259nil\u0259ri t\u00fcp\u00fcrc\u0259yimizl\u0259 qovaca\u011f\u0131q\u201d ba\u011f\u0131ran X\u0259lil Rza Ulut\u00fcrk adl\u0131 \u015fairi il\u0259 yana\u015f\u0131, n\u0259 yax\u015f\u0131 ki, Mirz\u0259 \u018fl\u0259kb\u0259r Sabiri, Mirz\u0259 C\u0259lil M\u0259mm\u0259dquluzad\u0259si, \u00dczeyir b\u0259y Hac\u0131b\u0259ylisi olmu\u015fdur. Onlar\u0131n he\u00e7 bir yaz\u0131s\u0131nda etnik \u0259dav\u0259t do\u011furan bir k\u0259lm\u0259y\u0259 v\u0259 h\u0259tta i\u015far\u0259y\u0259 rast g\u0259lm\u0259zsiniz.\n<\/p>\n<p>\n  Onlar\u0131n \u0259qid\u0259si buna yol verm\u0259zdi.\n<\/p>\n<p>\n  Kimi \u00f6z\u00fcn\u00fcz\u0259 \u00f6rn\u0259k se\u00e7\u0259c\u0259ksiniz? Se\u00e7im sizindir.\n<\/p>\n<p>\n  <b><br \/>\n    <i><br \/>\n      Yaz\u0131 m\u00fc\u0259llifin fikirl\u0259rini \u0259ks etdirir v\u0259 Meydan TV-nin m\u00f6vqeyi il\u0259 \u00fcst-\u00fcst\u0259 d\u00fc\u015fm\u0259y\u0259 bil\u0259r.<br \/>\n    <\/i><br \/>\n  <\/b>\n<\/p><\/p>\n","protected":false},"excerpt":{"rendered":"<p>S\u00f6z\u00fcn q\u00fcdr\u0259tind\u0259n b\u00fct\u00fcn m\u00fcq\u0259dd\u0259s kitablar yaz\u0131b<\/p>\n","protected":false},"author":11,"featured_media":81375,"comment_status":"closed","ping_status":"open","sticky":false,"template":"","format":"standard","meta":{"_acf_changed":false,"_sitemap_exclude":false,"_sitemap_priority":"","_sitemap_frequency":"","footnotes":""},"categories":[57],"tags":[],"class_list":["post-191818","post","type-post","status-publish","format-standard","has-post-thumbnail","hentry","category-menim-fikrimce","infinite-scroll-item","generate-columns","tablet-grid-50","mobile-grid-100","grid-parent","grid-33","no-featured-image-padding"],"acf":[],"yoast_head":"<!-- This site is optimized with the Yoast SEO plugin v27.4 - https:\/\/yoast.com\/product\/yoast-seo-wordpress\/ -->\n<title>S\u00f6z var da\u011fa qald\u0131rar, s\u00f6z var da\u011fdan salar - MEYDAN.TV<\/title>\n<meta name=\"robots\" content=\"index, follow, max-snippet:-1, max-image-preview:large, max-video-preview:-1\" \/>\n<link rel=\"canonical\" href=\"https:\/\/www.meydan.tv\/az\/article\/soz-var-daga-qaldirar-soz-var-dagdan-salar\/\" \/>\n<meta property=\"og:locale\" content=\"az_AZ\" \/>\n<meta property=\"og:type\" content=\"article\" \/>\n<meta property=\"og:title\" content=\"S\u00f6z var da\u011fa qald\u0131rar, s\u00f6z var da\u011fdan salar - MEYDAN.TV\" \/>\n<meta property=\"og:description\" content=\"S\u00f6z\u00fcn q\u00fcdr\u0259tind\u0259n b\u00fct\u00fcn m\u00fcq\u0259dd\u0259s kitablar yaz\u0131b\" \/>\n<meta property=\"og:url\" content=\"https:\/\/www.meydan.tv\/az\/article\/soz-var-daga-qaldirar-soz-var-dagdan-salar\/\" \/>\n<meta property=\"og:site_name\" content=\"MEYDAN.TV\" \/>\n<meta property=\"article:published_time\" content=\"2018-09-25T19:42:31+00:00\" \/>\n<meta property=\"og:image\" content=\"https:\/\/www.meydan.tv\/wp-content\/uploads\/31837-1095x821.png\" \/>\n\t<meta property=\"og:image:width\" content=\"1095\" \/>\n\t<meta property=\"og:image:height\" content=\"821\" \/>\n\t<meta property=\"og:image:type\" content=\"image\/png\" \/>\n<meta name=\"author\" content=\"user-manager\" \/>\n<meta name=\"twitter:card\" content=\"summary_large_image\" \/>\n<script type=\"application\/ld+json\" class=\"yoast-schema-graph\">{\"@context\":\"https:\\\/\\\/schema.org\",\"@graph\":[{\"@type\":\"Article\",\"@id\":\"https:\\\/\\\/www.meydan.tv\\\/az\\\/article\\\/soz-var-daga-qaldirar-soz-var-dagdan-salar\\\/#article\",\"isPartOf\":{\"@id\":\"https:\\\/\\\/www.meydan.tv\\\/az\\\/article\\\/soz-var-daga-qaldirar-soz-var-dagdan-salar\\\/\"},\"author\":{\"name\":\"user-manager\",\"@id\":\"https:\\\/\\\/www.meydan.tv\\\/az\\\/#\\\/schema\\\/person\\\/10d11eccf6da3662cf5fdab9806ea91a\"},\"headline\":\"S\u00f6z var da\u011fa qald\u0131rar, s\u00f6z var da\u011fdan salar\",\"datePublished\":\"2018-09-25T19:42:31+00:00\",\"mainEntityOfPage\":{\"@id\":\"https:\\\/\\\/www.meydan.tv\\\/az\\\/article\\\/soz-var-daga-qaldirar-soz-var-dagdan-salar\\\/\"},\"wordCount\":1870,\"publisher\":{\"@id\":\"https:\\\/\\\/www.meydan.tv\\\/az\\\/#organization\"},\"image\":{\"@id\":\"https:\\\/\\\/www.meydan.tv\\\/az\\\/article\\\/soz-var-daga-qaldirar-soz-var-dagdan-salar\\\/#primaryimage\"},\"thumbnailUrl\":\"https:\\\/\\\/www.meydan.tv\\\/wp-content\\\/uploads\\\/31837.png\",\"articleSection\":[\"M\u0259nim Fikrimc\u0259\"],\"inLanguage\":\"az\"},{\"@type\":\"WebPage\",\"@id\":\"https:\\\/\\\/www.meydan.tv\\\/az\\\/article\\\/soz-var-daga-qaldirar-soz-var-dagdan-salar\\\/\",\"url\":\"https:\\\/\\\/www.meydan.tv\\\/az\\\/article\\\/soz-var-daga-qaldirar-soz-var-dagdan-salar\\\/\",\"name\":\"S\u00f6z var da\u011fa qald\u0131rar, s\u00f6z var da\u011fdan salar - MEYDAN.TV\",\"isPartOf\":{\"@id\":\"https:\\\/\\\/www.meydan.tv\\\/az\\\/#website\"},\"primaryImageOfPage\":{\"@id\":\"https:\\\/\\\/www.meydan.tv\\\/az\\\/article\\\/soz-var-daga-qaldirar-soz-var-dagdan-salar\\\/#primaryimage\"},\"image\":{\"@id\":\"https:\\\/\\\/www.meydan.tv\\\/az\\\/article\\\/soz-var-daga-qaldirar-soz-var-dagdan-salar\\\/#primaryimage\"},\"thumbnailUrl\":\"https:\\\/\\\/www.meydan.tv\\\/wp-content\\\/uploads\\\/31837.png\",\"datePublished\":\"2018-09-25T19:42:31+00:00\",\"breadcrumb\":{\"@id\":\"https:\\\/\\\/www.meydan.tv\\\/az\\\/article\\\/soz-var-daga-qaldirar-soz-var-dagdan-salar\\\/#breadcrumb\"},\"inLanguage\":\"az\",\"potentialAction\":[{\"@type\":\"ReadAction\",\"target\":[\"https:\\\/\\\/www.meydan.tv\\\/az\\\/article\\\/soz-var-daga-qaldirar-soz-var-dagdan-salar\\\/\"]}]},{\"@type\":\"ImageObject\",\"inLanguage\":\"az\",\"@id\":\"https:\\\/\\\/www.meydan.tv\\\/az\\\/article\\\/soz-var-daga-qaldirar-soz-var-dagdan-salar\\\/#primaryimage\",\"url\":\"https:\\\/\\\/www.meydan.tv\\\/wp-content\\\/uploads\\\/31837.png\",\"contentUrl\":\"https:\\\/\\\/www.meydan.tv\\\/wp-content\\\/uploads\\\/31837.png\",\"width\":2732,\"height\":2048,\"caption\":\"Source:\"},{\"@type\":\"BreadcrumbList\",\"@id\":\"https:\\\/\\\/www.meydan.tv\\\/az\\\/article\\\/soz-var-daga-qaldirar-soz-var-dagdan-salar\\\/#breadcrumb\",\"itemListElement\":[{\"@type\":\"ListItem\",\"position\":1,\"name\":\"Ana s\u0259hif\u0259\",\"item\":\"https:\\\/\\\/www.meydan.tv\\\/az\\\/\"},{\"@type\":\"ListItem\",\"position\":2,\"name\":\"M\u0259nim Fikrimc\u0259\",\"item\":\"https:\\\/\\\/www.meydan.tv\\\/az\\\/section\\\/menim-fikrimce\\\/\"},{\"@type\":\"ListItem\",\"position\":3,\"name\":\"S\u00f6z var da\u011fa qald\u0131rar, s\u00f6z var da\u011fdan salar\"}]},{\"@type\":\"WebSite\",\"@id\":\"https:\\\/\\\/www.meydan.tv\\\/az\\\/#website\",\"url\":\"https:\\\/\\\/www.meydan.tv\\\/az\\\/\",\"name\":\"MEYDAN.TV\",\"description\":\"Meydan TV Az\u0259rbaycan\u0131n media m\u0259kan\u0131ndak\u0131 alternativ s\u0259sidir\",\"publisher\":{\"@id\":\"https:\\\/\\\/www.meydan.tv\\\/az\\\/#organization\"},\"potentialAction\":[{\"@type\":\"SearchAction\",\"target\":{\"@type\":\"EntryPoint\",\"urlTemplate\":\"https:\\\/\\\/www.meydan.tv\\\/az\\\/?s={search_term_string}\"},\"query-input\":{\"@type\":\"PropertyValueSpecification\",\"valueRequired\":true,\"valueName\":\"search_term_string\"}}],\"inLanguage\":\"az\"},{\"@type\":\"Organization\",\"@id\":\"https:\\\/\\\/www.meydan.tv\\\/az\\\/#organization\",\"name\":\"Meydan TV\",\"url\":\"https:\\\/\\\/www.meydan.tv\\\/az\\\/\",\"logo\":{\"@type\":\"ImageObject\",\"inLanguage\":\"az\",\"@id\":\"https:\\\/\\\/www.meydan.tv\\\/az\\\/#\\\/schema\\\/logo\\\/image\\\/\",\"url\":\"https:\\\/\\\/www.meydan.tv\\\/wp-content\\\/uploads\\\/2021\\\/07\\\/meydan-logo.svg\",\"contentUrl\":\"https:\\\/\\\/www.meydan.tv\\\/wp-content\\\/uploads\\\/2021\\\/07\\\/meydan-logo.svg\",\"width\":195,\"height\":46,\"caption\":\"Meydan TV\"},\"image\":{\"@id\":\"https:\\\/\\\/www.meydan.tv\\\/az\\\/#\\\/schema\\\/logo\\\/image\\\/\"}},{\"@type\":\"Person\",\"@id\":\"https:\\\/\\\/www.meydan.tv\\\/az\\\/#\\\/schema\\\/person\\\/10d11eccf6da3662cf5fdab9806ea91a\",\"name\":\"user-manager\"}]}<\/script>\n<!-- \/ Yoast SEO plugin. -->","yoast_head_json":{"title":"S\u00f6z var da\u011fa qald\u0131rar, s\u00f6z var da\u011fdan salar - MEYDAN.TV","robots":{"index":"index","follow":"follow","max-snippet":"max-snippet:-1","max-image-preview":"max-image-preview:large","max-video-preview":"max-video-preview:-1"},"canonical":"https:\/\/www.meydan.tv\/az\/article\/soz-var-daga-qaldirar-soz-var-dagdan-salar\/","og_locale":"az_AZ","og_type":"article","og_title":"S\u00f6z var da\u011fa qald\u0131rar, s\u00f6z var da\u011fdan salar - MEYDAN.TV","og_description":"S\u00f6z\u00fcn q\u00fcdr\u0259tind\u0259n b\u00fct\u00fcn m\u00fcq\u0259dd\u0259s kitablar yaz\u0131b","og_url":"https:\/\/www.meydan.tv\/az\/article\/soz-var-daga-qaldirar-soz-var-dagdan-salar\/","og_site_name":"MEYDAN.TV","article_published_time":"2018-09-25T19:42:31+00:00","og_image":[{"width":1095,"height":821,"url":"https:\/\/www.meydan.tv\/wp-content\/uploads\/31837-1095x821.png","type":"image\/png"}],"author":"user-manager","twitter_card":"summary_large_image","schema":{"@context":"https:\/\/schema.org","@graph":[{"@type":"Article","@id":"https:\/\/www.meydan.tv\/az\/article\/soz-var-daga-qaldirar-soz-var-dagdan-salar\/#article","isPartOf":{"@id":"https:\/\/www.meydan.tv\/az\/article\/soz-var-daga-qaldirar-soz-var-dagdan-salar\/"},"author":{"name":"user-manager","@id":"https:\/\/www.meydan.tv\/az\/#\/schema\/person\/10d11eccf6da3662cf5fdab9806ea91a"},"headline":"S\u00f6z var da\u011fa qald\u0131rar, s\u00f6z var da\u011fdan salar","datePublished":"2018-09-25T19:42:31+00:00","mainEntityOfPage":{"@id":"https:\/\/www.meydan.tv\/az\/article\/soz-var-daga-qaldirar-soz-var-dagdan-salar\/"},"wordCount":1870,"publisher":{"@id":"https:\/\/www.meydan.tv\/az\/#organization"},"image":{"@id":"https:\/\/www.meydan.tv\/az\/article\/soz-var-daga-qaldirar-soz-var-dagdan-salar\/#primaryimage"},"thumbnailUrl":"https:\/\/www.meydan.tv\/wp-content\/uploads\/31837.png","articleSection":["M\u0259nim Fikrimc\u0259"],"inLanguage":"az"},{"@type":"WebPage","@id":"https:\/\/www.meydan.tv\/az\/article\/soz-var-daga-qaldirar-soz-var-dagdan-salar\/","url":"https:\/\/www.meydan.tv\/az\/article\/soz-var-daga-qaldirar-soz-var-dagdan-salar\/","name":"S\u00f6z var da\u011fa qald\u0131rar, s\u00f6z var da\u011fdan salar - MEYDAN.TV","isPartOf":{"@id":"https:\/\/www.meydan.tv\/az\/#website"},"primaryImageOfPage":{"@id":"https:\/\/www.meydan.tv\/az\/article\/soz-var-daga-qaldirar-soz-var-dagdan-salar\/#primaryimage"},"image":{"@id":"https:\/\/www.meydan.tv\/az\/article\/soz-var-daga-qaldirar-soz-var-dagdan-salar\/#primaryimage"},"thumbnailUrl":"https:\/\/www.meydan.tv\/wp-content\/uploads\/31837.png","datePublished":"2018-09-25T19:42:31+00:00","breadcrumb":{"@id":"https:\/\/www.meydan.tv\/az\/article\/soz-var-daga-qaldirar-soz-var-dagdan-salar\/#breadcrumb"},"inLanguage":"az","potentialAction":[{"@type":"ReadAction","target":["https:\/\/www.meydan.tv\/az\/article\/soz-var-daga-qaldirar-soz-var-dagdan-salar\/"]}]},{"@type":"ImageObject","inLanguage":"az","@id":"https:\/\/www.meydan.tv\/az\/article\/soz-var-daga-qaldirar-soz-var-dagdan-salar\/#primaryimage","url":"https:\/\/www.meydan.tv\/wp-content\/uploads\/31837.png","contentUrl":"https:\/\/www.meydan.tv\/wp-content\/uploads\/31837.png","width":2732,"height":2048,"caption":"Source:"},{"@type":"BreadcrumbList","@id":"https:\/\/www.meydan.tv\/az\/article\/soz-var-daga-qaldirar-soz-var-dagdan-salar\/#breadcrumb","itemListElement":[{"@type":"ListItem","position":1,"name":"Ana s\u0259hif\u0259","item":"https:\/\/www.meydan.tv\/az\/"},{"@type":"ListItem","position":2,"name":"M\u0259nim Fikrimc\u0259","item":"https:\/\/www.meydan.tv\/az\/section\/menim-fikrimce\/"},{"@type":"ListItem","position":3,"name":"S\u00f6z var da\u011fa qald\u0131rar, s\u00f6z var da\u011fdan salar"}]},{"@type":"WebSite","@id":"https:\/\/www.meydan.tv\/az\/#website","url":"https:\/\/www.meydan.tv\/az\/","name":"MEYDAN.TV","description":"Meydan TV Az\u0259rbaycan\u0131n media m\u0259kan\u0131ndak\u0131 alternativ s\u0259sidir","publisher":{"@id":"https:\/\/www.meydan.tv\/az\/#organization"},"potentialAction":[{"@type":"SearchAction","target":{"@type":"EntryPoint","urlTemplate":"https:\/\/www.meydan.tv\/az\/?s={search_term_string}"},"query-input":{"@type":"PropertyValueSpecification","valueRequired":true,"valueName":"search_term_string"}}],"inLanguage":"az"},{"@type":"Organization","@id":"https:\/\/www.meydan.tv\/az\/#organization","name":"Meydan TV","url":"https:\/\/www.meydan.tv\/az\/","logo":{"@type":"ImageObject","inLanguage":"az","@id":"https:\/\/www.meydan.tv\/az\/#\/schema\/logo\/image\/","url":"https:\/\/www.meydan.tv\/wp-content\/uploads\/2021\/07\/meydan-logo.svg","contentUrl":"https:\/\/www.meydan.tv\/wp-content\/uploads\/2021\/07\/meydan-logo.svg","width":195,"height":46,"caption":"Meydan TV"},"image":{"@id":"https:\/\/www.meydan.tv\/az\/#\/schema\/logo\/image\/"}},{"@type":"Person","@id":"https:\/\/www.meydan.tv\/az\/#\/schema\/person\/10d11eccf6da3662cf5fdab9806ea91a","name":"user-manager"}]}},"_links":{"self":[{"href":"https:\/\/www.meydan.tv\/az\/wp-json\/wp\/v2\/posts\/191818","targetHints":{"allow":["GET"]}}],"collection":[{"href":"https:\/\/www.meydan.tv\/az\/wp-json\/wp\/v2\/posts"}],"about":[{"href":"https:\/\/www.meydan.tv\/az\/wp-json\/wp\/v2\/types\/post"}],"author":[{"embeddable":true,"href":"https:\/\/www.meydan.tv\/az\/wp-json\/wp\/v2\/users\/11"}],"replies":[{"embeddable":true,"href":"https:\/\/www.meydan.tv\/az\/wp-json\/wp\/v2\/comments?post=191818"}],"version-history":[{"count":0,"href":"https:\/\/www.meydan.tv\/az\/wp-json\/wp\/v2\/posts\/191818\/revisions"}],"wp:featuredmedia":[{"embeddable":true,"href":"https:\/\/www.meydan.tv\/az\/wp-json\/wp\/v2\/media\/81375"}],"wp:attachment":[{"href":"https:\/\/www.meydan.tv\/az\/wp-json\/wp\/v2\/media?parent=191818"}],"wp:term":[{"taxonomy":"category","embeddable":true,"href":"https:\/\/www.meydan.tv\/az\/wp-json\/wp\/v2\/categories?post=191818"},{"taxonomy":"post_tag","embeddable":true,"href":"https:\/\/www.meydan.tv\/az\/wp-json\/wp\/v2\/tags?post=191818"}],"curies":[{"name":"wp","href":"https:\/\/api.w.org\/{rel}","templated":true}]}}