{"id":191816,"date":"2018-09-25T19:15:30","date_gmt":"2018-09-25T19:15:30","guid":{"rendered":"https:\/\/www.meydan.tv\/article\/niye-russektorda-sagirdler-artir\/"},"modified":"2018-09-25T19:15:30","modified_gmt":"2018-09-25T19:15:30","slug":"niye-russektorda-sagirdler-artir","status":"publish","type":"post","link":"https:\/\/www.meydan.tv\/az\/article\/niye-russektorda-sagirdler-artir\/","title":{"rendered":"Niy\u0259 &#8221;russektor&#8221;da \u015fagirdl\u0259r art\u0131r?"},"content":{"rendered":"<figure class=\"wp-block-image size-large\">\n  <img decoding=\"async\" src=\"https:\/\/www.meydan.tv\/az\/rus-iqtisad-mektebi\/\" alt=\"Rus \u0130qtisad m\u0259kt\u0259bi\" class=\"wp-image-110054\"\/><figcaption>\n    Rus \u0130qtisad m\u0259kt\u0259bi<br \/>\n  <\/figcaption><\/figure>\n<p>\n  Bu il orta m\u0259kt\u0259bl\u0259rin rus dili b\u00f6lm\u0259sin\u0259 m\u00fcraci\u0259t ed\u0259nl\u0259rin say\u0131 o q\u0259d\u0259r \u00e7ox olub ki, m\u00fc\u0259llim, m\u0259kt\u0259bl\u0259rd\u0259 \u015fagird yeri \u00e7at\u0131\u015fmay\u0131b, inzibati m\u00fcdaxil\u0259l\u0259r olub. Rayonlarda h\u0259tta u\u015faqlar\u0131 m\u00fcdiriyy\u0259t \u00f6zba\u015f\u0131na o sinifd\u0259n bu sinif\u0259, rus dili b\u00f6lm\u0259sind\u0259n Az\u0259rbaycan dili b\u00f6lm\u0259sin\u0259 ke\u00e7irib.\n<\/p>\n<p>\n  B\u0259s s\u0259b\u0259b n\u0259dir bu basabasa? Niy\u0259 get-ged\u0259 daha \u00e7ox valideyn u\u015faqlar\u0131n\u0131n rusca t\u0259hsil almas\u0131n\u0131 ist\u0259yir? Bu, \u201ccool\u201d g\u00f6r\u00fcnm\u0259k ist\u0259yidir, yoxsa rus dilind\u0259 \u0259d\u0259biyyat\u0131n \u00e7oxlu\u011funa g\u00f6r\u0259, valideynl\u0259r u\u015faqlar\u0131n\u0131n daha \u00e7ox kitab oxumas\u0131n\u0131 ist\u0259yirl\u0259r?\n<\/p>\n<p>\n  T\u0259hsil eksperti Kamran \u018fs\u0259dov bildirib ki, 2010-11-ci t\u0259dris ilind\u0259 rus dili b\u00f6lm\u0259sind\u0259 t\u0259hsil alan \u015fagirdl\u0259rin say\u0131 90235 n\u0259f\u0259r idis\u0259, 2017-ci ild\u0259 bu \u0259d\u0259d 130 min\u0259 \u00e7atm\u0131\u015fd\u0131. \u018flb\u0259tt\u0259, \u0259halinin t\u0259bii art\u0131m\u0131 da var, amma rus dili b\u00f6lm\u0259sind\u0259 oxuyanlar\u0131n faiz nisb\u0259ti d\u0259 son ill\u0259r \u00fcz\u00fc artma\u011fa gedir.\n<\/p>\n<p>\n  Valideynl\u0259r u\u015faqlar\u0131n\u0131 rus dili b\u00f6lm\u0259sin\u0259 qoymalar\u0131n\u0131 bel\u0259 izah edirl\u0259r ki, bu b\u00f6lm\u0259d\u0259 Az\u0259rbaycan dili b\u00f6lm\u0259sin\u0259 nisb\u0259t\u0259n daha yax\u015f\u0131 d\u0259rs ke\u00e7ilir, u\u015faqlar daha \u00e7ox d\u00fcnyag\u00f6r\u00fc\u015f\u00fcn\u0259 yiy\u0259l\u0259nirl\u0259r, daha aktiv v\u0259 m\u00fcasir olurlar. B\u0259s bu b\u00f6lm\u0259l\u0259r aras\u0131nda bel\u0259 f\u0259rqin yaranmas\u0131n\u0131n s\u0259b\u0259bi n\u0259dir?\n<\/p>\n<p>\n  Deyil\u0259 bil\u0259r ki, SSR\u0130 d\u00f6vr\u00fcnd\u0259 q\u0259sd\u0259n bel\u0259 f\u0259rq yarad\u0131lm\u0131\u015fd\u0131. Amma rus dili b\u00f6lm\u0259sind\u0259 son art\u0131m SSR\u0130-nin da\u011f\u0131lmas\u0131ndan xeyli sonra ba\u015f verir. Hesab edir\u0259m ki, SSR\u0130 \u00e7oxdan da\u011f\u0131lsa da, k\u00f6hn\u0259 partnomenklatura, \u201c\u0259qid\u0259li korrupsioner kommunistl\u0259r\u201d h\u0259l\u0259 d\u0259 hakimiyy\u0259td\u0259dirl\u0259r. Ona g\u00f6r\u0259 d\u0259 n\u0259tic\u0259 bu \u015f\u0259kild\u0259dir.\n<\/p>\n<p>\n  M\u0259s\u0259l\u0259n, rus dili b\u00f6lm\u0259sind\u0259 u\u015faqlar orta m\u0259kt\u0259bd\u0259 Dostoyevski, Tolstoy kimi d\u00fcnya s\u0259viyy\u0259li yaz\u0131\u00e7\u0131lar\u0131 oxuyurlar. Az\u0259rbaycan dili b\u00f6lm\u0259sinin \u0259d\u0259biyyat d\u0259rsliyi is\u0259 get-ged\u0259 b\u0259rbad hala d\u00fc\u015f\u00fcr. \u00c7\u00fcnki Az\u0259rbaycan \u0259d\u0259biyyat\u0131n\u0131 vaxtil\u0259 \u00f6z \u00fczvl\u0259rini satm\u0131\u015f, g\u00fcll\u0259l\u0259tmi\u015f bir t\u0259\u015fkilat kolxoz kimi idar\u0259 edir. \u00d6z atalar\u0131n\u0131n, balalar\u0131n\u0131n \u0259s\u0259rl\u0259rini d\u0259rsliy\u0259 sal\u0131rlar, amma Dostoyevskinin ad\u0131 R\u0259sul yox, Fyodor oldu\u011funa g\u00f6r\u0259 qal\u0131r d\u0259rslikd\u0259n k\u0259narda.\n<\/p>\n<p>\n  \u018fd\u0259biyyat demi\u015fk\u0259n, bu d\u0259rslikd\u0259n son ill\u0259r R\u0259sulzad\u0259 \u00e7\u0131xar\u0131l\u0131b. Az\u0259rbaycan d\u00f6vl\u0259tinin yarad\u0131c\u0131s\u0131 \u00f6z n\u0259h\u0259ng \u0259d\u0259bi irsi il\u0259 b\u0259rab\u0259r d\u0259rslikl\u0259rimizd\u0259n \u201cqovulub\u201d. S\u0259b\u0259b? Bayaq dediyimdir. Bizi h\u0259l\u0259 d\u0259 R\u0259sulzad\u0259 d\u00fc\u015fm\u0259nl\u0259ri, m\u00fcsavat\u00e7\u0131lar\u0131 \u201cc\u0259lladlar\u201d adland\u0131ran insanlar idar\u0259 edir. R\u0259sulzad\u0259y\u0259 qar\u015f\u0131 \u0259d\u0259biyyat d\u0259rsliyind\u0259ki bu m\u00fcnasib\u0259t n\u0259h\u0259ng bir prosesin t\u0259rkib hiss\u0259sidir.\n<\/p>\n<p>\n  Bu proses milli \u00f6z\u00fcn\u00fcd\u0259rkin ba\u015f verm\u0259m\u0259si u\u011frunda h\u0259yata ke\u00e7iril\u0259n f\u0259aliyy\u0259tdir. Az\u0259rbaycan xalq\u0131 h\u0259r bir xalq \u00fc\u00e7\u00fcn z\u0259ruri olan milli \u00f6z\u00fcn\u00fcd\u0259rk prosesini ke\u00e7m\u0259yib, c\u0259hdl\u0259r olsa da, bunu tamamlama\u011fa imkan verm\u0259yibl\u0259r. 1918-20, 1988 noyabr-dekabr, 1990 yanvar, 1991-93 \u2013 b\u00fct\u00fcn bu c\u0259hdl\u0259r bol\u015fevikl\u0259r, sonra is\u0259 partnomenklatura t\u0259r\u0259find\u0259n bo\u011fulmu\u015fdur. Amma milli \u00f6z\u00fcn\u00fcd\u0259rk\u0259 az\u0131 4 d\u0259f\u0259 c\u0259hd etmi\u015f xalq\u0131 bo\u011fmaq da asan m\u0259s\u0259l\u0259 deyil.\n<\/p>\n<p>\n  Art\u0131q son 25 ild\u0259 fasil\u0259siz olaraq, bu proses gedir, b\u00f6y\u00fck v\u0259 da\u011f\u0131d\u0131c\u0131 n\u0259tic\u0259l\u0259ri var. N\u0259tic\u0259l\u0259ri h\u0259r sah\u0259d\u0259 hiss etm\u0259k olar. Son vaxtlar\u0131n trendi olan \u201c\u00f6lk\u0259d\u0259n getm\u0259k\u201d m\u0259s\u0259l\u0259sind\u0259 bu n\u0259tic\u0259ni izah edim. \u00d6lk\u0259d\u0259n ged\u0259nl\u0259rin \u00e7oxu \u201cbeyin ax\u0131n\u0131\u201d adland\u0131r\u0131lan ziyanl\u0131 prosesin t\u0259rkib hiss\u0259sidir. Amma onlar\u0131n x\u0131rda bir hiss\u0259si \u201cvicdan ax\u0131n\u0131\u201d adland\u0131ra bil\u0259c\u0259yimiz daha a\u011fr\u0131l\u0131 bir prosesin i\u00e7ind\u0259dirl\u0259r. \u0130xtisasl\u0131, ali t\u0259hsilli kadrlar\u0131 pulla tap\u0131b, g\u0259tirib, i\u015fl\u0259tm\u0259k olar.\n<\/p>\n<p>\n  Lap \u0259cn\u0259bi olsun. Amma Az\u0259rbaycan \u00fc\u00e7\u00fcn \u00fcr\u0259yi yanan, bu \u00f6lk\u0259ni sev\u0259n insanlar\u0131 tap\u0131b, g\u0259tirm\u0259k, onlar\u0131n incikliyini sa\u011faltmaq asan olmayacaq. Xaricd\u0259kil\u0259rin i\u00e7\u0259risind\u0259 bel\u0259 insanlar o q\u0259d\u0259r azd\u0131rlar ki, Q\u0259rbd\u0259 on minl\u0259rl\u0259 az\u0259rbaycanl\u0131 qa\u00e7q\u0131n, \u00fcmumiyy\u0259tl\u0259, milyonlarla az\u0259rbaycanl\u0131 olsa da, m\u00fchacir siyasi h\u0259r\u0259kat\u0131m\u0131z, m\u00fchacir \u0259d\u0259biyyat\u0131m\u0131z, m\u00fchacir inc\u0259s\u0259n\u0259timiz yoxdur. \u00d6lk\u0259 \u00fc\u00e7\u00fcn yanan \u00e7ox azd\u0131r. \u00c7\u00fcnki biz milli \u00f6z\u00fcn\u00fcd\u0259rki ba\u015fa \u00e7atd\u0131rmam\u0131\u015f, \u00f6z\u00fcm\u00fcz\u00fc mill\u0259t olaraq d\u0259rk etm\u0259y\u0259n, hekay\u0259miz olmayan toplumuq. Biz 1918-d\u0259 ad qoyulma\u011fa \u00e7al\u0131\u015f\u0131lan \u201cm\u00fcs\u0259lman\u201d k\u00fctl\u0259sind\u0259n o q\u0259d\u0259r d\u0259 f\u0259rql\u0259nm\u0259y\u0259n b\u00f6y\u00fck qrupuq.\n<\/p>\n<p>\n  \u00d6lk\u0259d\u0259 milli azl\u0131qlar\u0131n (m\u0259s\u0259l\u0259n, \u015fimalda) aras\u0131nda, az da olsa, qon\u015fu \u00f6lk\u0259l\u0259r\u0259, onlar\u0131n ideologiyalar\u0131na meyll\u0259nm\u0259 var. O adamlar\u0131 Az\u0259rbaycana dartmaq \u00fc\u00e7\u00fcn n\u0259 dey\u0259c\u0259yik? Az\u0259rbaycan\u0131 se\u00e7m\u0259yinin z\u0259ruriliyini n\u0259 il\u0259 \u0259sasland\u0131raca\u011f\u0131q? N\u0259 dan\u0131\u015faca\u011f\u0131q? Han\u0131 hekay\u0259? Han\u0131 o hekay\u0259nin xalq dilin\u0259, m\u00fcxt\u0259lif t\u0259b\u0259q\u0259l\u0259rin anlayaca\u011f\u0131 \u00f6z dill\u0259rin\u0259 t\u0259rc\u00fcm\u0259si? Han\u0131 bizim kitablar? Pardon, \u201cFacebook\u201d statuslar\u0131 var. Y\u0131\u011fsan, qalaq-qalaq kitab \u00e7\u0131xar \u2013 t\u0259krar-t\u0259krar \u015fikay\u0259tl\u0259r, d\u00fc\u015f\u00fck zarafatlar, s\u00f6z soxmalar, bir at\u0131ml\u0131q bar\u0131tlar. R\u0259sulzad\u0259d\u0259n ba\u015fqa bir ba\u015f\u0131papaql\u0131 \u00e7\u0131x\u0131b bu xalq\u0131n hekay\u0259sini yazmay\u0131b, t\u0259kmill\u0259\u015fdirm\u0259yib.\n<\/p>\n<p>\n  \u0130ndi rus dili b\u00f6lm\u0259sini se\u00e7\u0259n valideynl\u0259r\u0259 \u201c\u00f6z dilinizi ya\u015fad\u0131n\u201d dey\u0259nd\u0259 onlar\u0131n verdiyi \u201cniy\u0259?\u201d sual\u0131na n\u0259 cavab ver\u0259k? M\u0259n h\u0259r g\u00fcn daha \u00e7ox adam g\u00f6r\u00fcr\u0259m ki, \u00f6z u\u015fa\u011f\u0131 il\u0259 rusca dan\u0131\u015f\u0131r. U\u015faqlar rusca dil a\u00e7\u0131r. B\u0259s n\u0259 bilmi\u015fdiniz? 1992-93-\u00fcn, 1988-in bar\u0131t\u0131 bit\u0259c\u0259kdi d\u0259 bir g\u00fcn. Bax, bel\u0259 yaz\u0131r\u0131q h\u0259l\u0259. Bir azdan biz d\u0259 t\u00fck\u0259n\u0259c\u0259yik. Ba\u015fqalar\u0131 da.\n<\/p>\n<p>\n  Etirazlarsa yen\u0259 olacaq. Azadl\u0131q insan\u0131n xisl\u0259tidir. H\u0259mi\u015f\u0259 ona can at\u0131r. \u018fvv\u0259l-ax\u0131r demokratik h\u00f6kum\u0259t qurulacaq bu \u00f6lk\u0259d\u0259. Amma kiml\u0259r quracaq? Milli \u00f6z\u00fcn\u00fcd\u0259rki olmayan, milli hekay\u0259si olmayan, \u0130ran\u0131n \u015fi\u0259liyin\u0259, T\u00fcrkiy\u0259nin s\u00fcnniliyin\u0259, S\u0259udiyy\u0259nin s\u0259l\u0259filiyin\u0259, Rusiyan\u0131n bol\u015fevizmin\u0259 qonmu\u015f, \u00f6z\u00fcn\u00fc tan\u0131mayan, assimilyasiyan\u0131n bir add\u0131ml\u0131\u011f\u0131nda olan k\u00fctl\u0259. Onlar demokratiyan\u0131 yaln\u0131z \u00f6z \u00e7irkin m\u0259qs\u0259dl\u0259ri \u00fc\u00e7\u00fcn al\u0259t olaraq, g\u00f6r\u00fcrl\u0259r. N\u0259 q\u0259d\u0259r ki, gec deyil, bu xalq\u0131n milli hekay\u0259si yaz\u0131lmal\u0131d\u0131r. Yaz\u0131 \u0259n vacibidir. \u015eifahi nitq qalm\u0131r, t\u0259hrif olunur, sosial \u015f\u0259b\u0259k\u0259l\u0259r yaz\u0131l\u0131 v\u0259ziyy\u0259td\u0259 olan \u015fifahi nitq kimi bir \u015feydir, qalm\u0131r, itir, ciddi t\u0259sir g\u00fcc\u00fcn\u0259 malik deyil. Rusiya \u00f6z s\u0131n\u0131q-salxaq, qaba\u011f\u0131 qald\u0131r\u0131lm\u0131\u015f VAZ 2107-\u0259 ox\u015fayan m\u0259d\u0259ni t\u0259siri il\u0259 bizi yenid\u0259n i\u015f\u011fal edir. Nicat\u0131m\u0131z Q\u0259rbd\u0259dir, Q\u0259rbin institutlar\u0131ndad\u0131r, liberal-milli d\u00f6vl\u0259td\u0259dir.\n<\/p>\n<p>\n  <b><br \/>\n    <i><br \/>\n      Yaz\u0131 m\u00fc\u0259llifin fikirl\u0259rini \u0259ks etdirir v\u0259 Meydan TV-nin m\u00f6vqeyi il\u0259 \u00fcst-\u00fcst\u0259 d\u00fc\u015fm\u0259y\u0259 bil\u0259r.<br \/>\n    <\/i><br \/>\n  <\/b>\n<\/p><\/p>\n","protected":false},"excerpt":{"rendered":"<p>Niy\u0259 get-ged\u0259 daha \u00e7ox valideyn u\u015faqlar\u0131n\u0131n rusca t\u0259hsil almas\u0131n\u0131 ist\u0259yir?<\/p>\n","protected":false},"author":11,"featured_media":110054,"comment_status":"closed","ping_status":"open","sticky":false,"template":"","format":"standard","meta":{"_acf_changed":false,"_sitemap_exclude":false,"_sitemap_priority":"","_sitemap_frequency":"","footnotes":""},"categories":[57],"tags":[],"class_list":["post-191816","post","type-post","status-publish","format-standard","has-post-thumbnail","hentry","category-menim-fikrimce","infinite-scroll-item","generate-columns","tablet-grid-50","mobile-grid-100","grid-parent","grid-33","no-featured-image-padding"],"acf":[],"yoast_head":"<!-- This site is optimized with the Yoast SEO plugin v27.4 - https:\/\/yoast.com\/product\/yoast-seo-wordpress\/ -->\n<title>Niy\u0259 &#039;&#039;russektor&#039;&#039;da \u015fagirdl\u0259r art\u0131r? - MEYDAN.TV<\/title>\n<meta name=\"robots\" content=\"index, follow, max-snippet:-1, max-image-preview:large, max-video-preview:-1\" \/>\n<link rel=\"canonical\" href=\"https:\/\/www.meydan.tv\/az\/article\/niye-russektorda-sagirdler-artir\/\" \/>\n<meta property=\"og:locale\" content=\"az_AZ\" \/>\n<meta property=\"og:type\" content=\"article\" \/>\n<meta property=\"og:title\" content=\"Niy\u0259 &#039;&#039;russektor&#039;&#039;da \u015fagirdl\u0259r art\u0131r? - MEYDAN.TV\" \/>\n<meta property=\"og:description\" content=\"Niy\u0259 get-ged\u0259 daha \u00e7ox valideyn u\u015faqlar\u0131n\u0131n rusca t\u0259hsil almas\u0131n\u0131 ist\u0259yir?\" \/>\n<meta property=\"og:url\" content=\"https:\/\/www.meydan.tv\/az\/article\/niye-russektorda-sagirdler-artir\/\" \/>\n<meta property=\"og:site_name\" content=\"MEYDAN.TV\" \/>\n<meta property=\"article:published_time\" content=\"2018-09-25T19:15:30+00:00\" \/>\n<meta property=\"og:image\" content=\"https:\/\/www.meydan.tv\/wp-content\/uploads\/43773.jpg\" \/>\n\t<meta property=\"og:image:width\" content=\"800\" \/>\n\t<meta property=\"og:image:height\" content=\"534\" \/>\n\t<meta property=\"og:image:type\" content=\"image\/jpeg\" \/>\n<meta name=\"author\" content=\"user-manager\" \/>\n<meta name=\"twitter:card\" content=\"summary_large_image\" \/>\n<script type=\"application\/ld+json\" class=\"yoast-schema-graph\">{\"@context\":\"https:\\\/\\\/schema.org\",\"@graph\":[{\"@type\":\"Article\",\"@id\":\"https:\\\/\\\/www.meydan.tv\\\/az\\\/article\\\/niye-russektorda-sagirdler-artir\\\/#article\",\"isPartOf\":{\"@id\":\"https:\\\/\\\/www.meydan.tv\\\/az\\\/article\\\/niye-russektorda-sagirdler-artir\\\/\"},\"author\":{\"name\":\"user-manager\",\"@id\":\"https:\\\/\\\/www.meydan.tv\\\/az\\\/#\\\/schema\\\/person\\\/10d11eccf6da3662cf5fdab9806ea91a\"},\"headline\":\"Niy\u0259 &#8221;russektor&#8221;da \u015fagirdl\u0259r art\u0131r?\",\"datePublished\":\"2018-09-25T19:15:30+00:00\",\"mainEntityOfPage\":{\"@id\":\"https:\\\/\\\/www.meydan.tv\\\/az\\\/article\\\/niye-russektorda-sagirdler-artir\\\/\"},\"wordCount\":1312,\"publisher\":{\"@id\":\"https:\\\/\\\/www.meydan.tv\\\/az\\\/#organization\"},\"image\":{\"@id\":\"https:\\\/\\\/www.meydan.tv\\\/az\\\/article\\\/niye-russektorda-sagirdler-artir\\\/#primaryimage\"},\"thumbnailUrl\":\"https:\\\/\\\/www.meydan.tv\\\/wp-content\\\/uploads\\\/43773.jpg\",\"articleSection\":[\"M\u0259nim Fikrimc\u0259\"],\"inLanguage\":\"az\"},{\"@type\":\"WebPage\",\"@id\":\"https:\\\/\\\/www.meydan.tv\\\/az\\\/article\\\/niye-russektorda-sagirdler-artir\\\/\",\"url\":\"https:\\\/\\\/www.meydan.tv\\\/az\\\/article\\\/niye-russektorda-sagirdler-artir\\\/\",\"name\":\"Niy\u0259 ''russektor''da \u015fagirdl\u0259r art\u0131r? - MEYDAN.TV\",\"isPartOf\":{\"@id\":\"https:\\\/\\\/www.meydan.tv\\\/az\\\/#website\"},\"primaryImageOfPage\":{\"@id\":\"https:\\\/\\\/www.meydan.tv\\\/az\\\/article\\\/niye-russektorda-sagirdler-artir\\\/#primaryimage\"},\"image\":{\"@id\":\"https:\\\/\\\/www.meydan.tv\\\/az\\\/article\\\/niye-russektorda-sagirdler-artir\\\/#primaryimage\"},\"thumbnailUrl\":\"https:\\\/\\\/www.meydan.tv\\\/wp-content\\\/uploads\\\/43773.jpg\",\"datePublished\":\"2018-09-25T19:15:30+00:00\",\"breadcrumb\":{\"@id\":\"https:\\\/\\\/www.meydan.tv\\\/az\\\/article\\\/niye-russektorda-sagirdler-artir\\\/#breadcrumb\"},\"inLanguage\":\"az\",\"potentialAction\":[{\"@type\":\"ReadAction\",\"target\":[\"https:\\\/\\\/www.meydan.tv\\\/az\\\/article\\\/niye-russektorda-sagirdler-artir\\\/\"]}]},{\"@type\":\"ImageObject\",\"inLanguage\":\"az\",\"@id\":\"https:\\\/\\\/www.meydan.tv\\\/az\\\/article\\\/niye-russektorda-sagirdler-artir\\\/#primaryimage\",\"url\":\"https:\\\/\\\/www.meydan.tv\\\/wp-content\\\/uploads\\\/43773.jpg\",\"contentUrl\":\"https:\\\/\\\/www.meydan.tv\\\/wp-content\\\/uploads\\\/43773.jpg\",\"width\":800,\"height\":534,\"caption\":\"Source:\"},{\"@type\":\"BreadcrumbList\",\"@id\":\"https:\\\/\\\/www.meydan.tv\\\/az\\\/article\\\/niye-russektorda-sagirdler-artir\\\/#breadcrumb\",\"itemListElement\":[{\"@type\":\"ListItem\",\"position\":1,\"name\":\"Ana s\u0259hif\u0259\",\"item\":\"https:\\\/\\\/www.meydan.tv\\\/az\\\/\"},{\"@type\":\"ListItem\",\"position\":2,\"name\":\"M\u0259nim Fikrimc\u0259\",\"item\":\"https:\\\/\\\/www.meydan.tv\\\/az\\\/section\\\/menim-fikrimce\\\/\"},{\"@type\":\"ListItem\",\"position\":3,\"name\":\"Niy\u0259 &#8221;russektor&#8221;da \u015fagirdl\u0259r art\u0131r?\"}]},{\"@type\":\"WebSite\",\"@id\":\"https:\\\/\\\/www.meydan.tv\\\/az\\\/#website\",\"url\":\"https:\\\/\\\/www.meydan.tv\\\/az\\\/\",\"name\":\"MEYDAN.TV\",\"description\":\"Meydan TV Az\u0259rbaycan\u0131n media m\u0259kan\u0131ndak\u0131 alternativ s\u0259sidir\",\"publisher\":{\"@id\":\"https:\\\/\\\/www.meydan.tv\\\/az\\\/#organization\"},\"potentialAction\":[{\"@type\":\"SearchAction\",\"target\":{\"@type\":\"EntryPoint\",\"urlTemplate\":\"https:\\\/\\\/www.meydan.tv\\\/az\\\/?s={search_term_string}\"},\"query-input\":{\"@type\":\"PropertyValueSpecification\",\"valueRequired\":true,\"valueName\":\"search_term_string\"}}],\"inLanguage\":\"az\"},{\"@type\":\"Organization\",\"@id\":\"https:\\\/\\\/www.meydan.tv\\\/az\\\/#organization\",\"name\":\"Meydan TV\",\"url\":\"https:\\\/\\\/www.meydan.tv\\\/az\\\/\",\"logo\":{\"@type\":\"ImageObject\",\"inLanguage\":\"az\",\"@id\":\"https:\\\/\\\/www.meydan.tv\\\/az\\\/#\\\/schema\\\/logo\\\/image\\\/\",\"url\":\"https:\\\/\\\/www.meydan.tv\\\/wp-content\\\/uploads\\\/2021\\\/07\\\/meydan-logo.svg\",\"contentUrl\":\"https:\\\/\\\/www.meydan.tv\\\/wp-content\\\/uploads\\\/2021\\\/07\\\/meydan-logo.svg\",\"width\":195,\"height\":46,\"caption\":\"Meydan TV\"},\"image\":{\"@id\":\"https:\\\/\\\/www.meydan.tv\\\/az\\\/#\\\/schema\\\/logo\\\/image\\\/\"}},{\"@type\":\"Person\",\"@id\":\"https:\\\/\\\/www.meydan.tv\\\/az\\\/#\\\/schema\\\/person\\\/10d11eccf6da3662cf5fdab9806ea91a\",\"name\":\"user-manager\"}]}<\/script>\n<!-- \/ Yoast SEO plugin. -->","yoast_head_json":{"title":"Niy\u0259 ''russektor''da \u015fagirdl\u0259r art\u0131r? - MEYDAN.TV","robots":{"index":"index","follow":"follow","max-snippet":"max-snippet:-1","max-image-preview":"max-image-preview:large","max-video-preview":"max-video-preview:-1"},"canonical":"https:\/\/www.meydan.tv\/az\/article\/niye-russektorda-sagirdler-artir\/","og_locale":"az_AZ","og_type":"article","og_title":"Niy\u0259 ''russektor''da \u015fagirdl\u0259r art\u0131r? - MEYDAN.TV","og_description":"Niy\u0259 get-ged\u0259 daha \u00e7ox valideyn u\u015faqlar\u0131n\u0131n rusca t\u0259hsil almas\u0131n\u0131 ist\u0259yir?","og_url":"https:\/\/www.meydan.tv\/az\/article\/niye-russektorda-sagirdler-artir\/","og_site_name":"MEYDAN.TV","article_published_time":"2018-09-25T19:15:30+00:00","og_image":[{"width":800,"height":534,"url":"https:\/\/www.meydan.tv\/wp-content\/uploads\/43773.jpg","type":"image\/jpeg"}],"author":"user-manager","twitter_card":"summary_large_image","schema":{"@context":"https:\/\/schema.org","@graph":[{"@type":"Article","@id":"https:\/\/www.meydan.tv\/az\/article\/niye-russektorda-sagirdler-artir\/#article","isPartOf":{"@id":"https:\/\/www.meydan.tv\/az\/article\/niye-russektorda-sagirdler-artir\/"},"author":{"name":"user-manager","@id":"https:\/\/www.meydan.tv\/az\/#\/schema\/person\/10d11eccf6da3662cf5fdab9806ea91a"},"headline":"Niy\u0259 &#8221;russektor&#8221;da \u015fagirdl\u0259r art\u0131r?","datePublished":"2018-09-25T19:15:30+00:00","mainEntityOfPage":{"@id":"https:\/\/www.meydan.tv\/az\/article\/niye-russektorda-sagirdler-artir\/"},"wordCount":1312,"publisher":{"@id":"https:\/\/www.meydan.tv\/az\/#organization"},"image":{"@id":"https:\/\/www.meydan.tv\/az\/article\/niye-russektorda-sagirdler-artir\/#primaryimage"},"thumbnailUrl":"https:\/\/www.meydan.tv\/wp-content\/uploads\/43773.jpg","articleSection":["M\u0259nim Fikrimc\u0259"],"inLanguage":"az"},{"@type":"WebPage","@id":"https:\/\/www.meydan.tv\/az\/article\/niye-russektorda-sagirdler-artir\/","url":"https:\/\/www.meydan.tv\/az\/article\/niye-russektorda-sagirdler-artir\/","name":"Niy\u0259 ''russektor''da \u015fagirdl\u0259r art\u0131r? - MEYDAN.TV","isPartOf":{"@id":"https:\/\/www.meydan.tv\/az\/#website"},"primaryImageOfPage":{"@id":"https:\/\/www.meydan.tv\/az\/article\/niye-russektorda-sagirdler-artir\/#primaryimage"},"image":{"@id":"https:\/\/www.meydan.tv\/az\/article\/niye-russektorda-sagirdler-artir\/#primaryimage"},"thumbnailUrl":"https:\/\/www.meydan.tv\/wp-content\/uploads\/43773.jpg","datePublished":"2018-09-25T19:15:30+00:00","breadcrumb":{"@id":"https:\/\/www.meydan.tv\/az\/article\/niye-russektorda-sagirdler-artir\/#breadcrumb"},"inLanguage":"az","potentialAction":[{"@type":"ReadAction","target":["https:\/\/www.meydan.tv\/az\/article\/niye-russektorda-sagirdler-artir\/"]}]},{"@type":"ImageObject","inLanguage":"az","@id":"https:\/\/www.meydan.tv\/az\/article\/niye-russektorda-sagirdler-artir\/#primaryimage","url":"https:\/\/www.meydan.tv\/wp-content\/uploads\/43773.jpg","contentUrl":"https:\/\/www.meydan.tv\/wp-content\/uploads\/43773.jpg","width":800,"height":534,"caption":"Source:"},{"@type":"BreadcrumbList","@id":"https:\/\/www.meydan.tv\/az\/article\/niye-russektorda-sagirdler-artir\/#breadcrumb","itemListElement":[{"@type":"ListItem","position":1,"name":"Ana s\u0259hif\u0259","item":"https:\/\/www.meydan.tv\/az\/"},{"@type":"ListItem","position":2,"name":"M\u0259nim Fikrimc\u0259","item":"https:\/\/www.meydan.tv\/az\/section\/menim-fikrimce\/"},{"@type":"ListItem","position":3,"name":"Niy\u0259 &#8221;russektor&#8221;da \u015fagirdl\u0259r art\u0131r?"}]},{"@type":"WebSite","@id":"https:\/\/www.meydan.tv\/az\/#website","url":"https:\/\/www.meydan.tv\/az\/","name":"MEYDAN.TV","description":"Meydan TV Az\u0259rbaycan\u0131n media m\u0259kan\u0131ndak\u0131 alternativ s\u0259sidir","publisher":{"@id":"https:\/\/www.meydan.tv\/az\/#organization"},"potentialAction":[{"@type":"SearchAction","target":{"@type":"EntryPoint","urlTemplate":"https:\/\/www.meydan.tv\/az\/?s={search_term_string}"},"query-input":{"@type":"PropertyValueSpecification","valueRequired":true,"valueName":"search_term_string"}}],"inLanguage":"az"},{"@type":"Organization","@id":"https:\/\/www.meydan.tv\/az\/#organization","name":"Meydan TV","url":"https:\/\/www.meydan.tv\/az\/","logo":{"@type":"ImageObject","inLanguage":"az","@id":"https:\/\/www.meydan.tv\/az\/#\/schema\/logo\/image\/","url":"https:\/\/www.meydan.tv\/wp-content\/uploads\/2021\/07\/meydan-logo.svg","contentUrl":"https:\/\/www.meydan.tv\/wp-content\/uploads\/2021\/07\/meydan-logo.svg","width":195,"height":46,"caption":"Meydan TV"},"image":{"@id":"https:\/\/www.meydan.tv\/az\/#\/schema\/logo\/image\/"}},{"@type":"Person","@id":"https:\/\/www.meydan.tv\/az\/#\/schema\/person\/10d11eccf6da3662cf5fdab9806ea91a","name":"user-manager"}]}},"_links":{"self":[{"href":"https:\/\/www.meydan.tv\/az\/wp-json\/wp\/v2\/posts\/191816","targetHints":{"allow":["GET"]}}],"collection":[{"href":"https:\/\/www.meydan.tv\/az\/wp-json\/wp\/v2\/posts"}],"about":[{"href":"https:\/\/www.meydan.tv\/az\/wp-json\/wp\/v2\/types\/post"}],"author":[{"embeddable":true,"href":"https:\/\/www.meydan.tv\/az\/wp-json\/wp\/v2\/users\/11"}],"replies":[{"embeddable":true,"href":"https:\/\/www.meydan.tv\/az\/wp-json\/wp\/v2\/comments?post=191816"}],"version-history":[{"count":0,"href":"https:\/\/www.meydan.tv\/az\/wp-json\/wp\/v2\/posts\/191816\/revisions"}],"wp:featuredmedia":[{"embeddable":true,"href":"https:\/\/www.meydan.tv\/az\/wp-json\/wp\/v2\/media\/110054"}],"wp:attachment":[{"href":"https:\/\/www.meydan.tv\/az\/wp-json\/wp\/v2\/media?parent=191816"}],"wp:term":[{"taxonomy":"category","embeddable":true,"href":"https:\/\/www.meydan.tv\/az\/wp-json\/wp\/v2\/categories?post=191816"},{"taxonomy":"post_tag","embeddable":true,"href":"https:\/\/www.meydan.tv\/az\/wp-json\/wp\/v2\/tags?post=191816"}],"curies":[{"name":"wp","href":"https:\/\/api.w.org\/{rel}","templated":true}]}}