{"id":191815,"date":"2018-09-25T17:47:54","date_gmt":"2018-09-25T17:47:54","guid":{"rendered":"https:\/\/www.meydan.tv\/article\/5-neferlik-aile-zulmetde-yasayiriq\/"},"modified":"2018-09-25T17:47:54","modified_gmt":"2018-09-25T17:47:54","slug":"5-neferlik-aile-zulmetde-yasayiriq","status":"publish","type":"post","link":"https:\/\/www.meydan.tv\/az\/article\/5-neferlik-aile-zulmetde-yasayiriq\/","title":{"rendered":"&#8221;5 n\u0259f\u0259rlik ail\u0259 z\u00fclm\u0259td\u0259 ya\u015fay\u0131r\u0131q&#8221;"},"content":{"rendered":"<figure class=\"wp-block-image size-large\">\n  <img decoding=\"async\" src=\"https:\/\/www.meydan.tv\/az\/haciyevler-ailesi\/\" alt=\"Hac\u0131yevl\u0259r ail\u0259si\" class=\"wp-image-110063\"\/><figcaption>\n    Hac\u0131yevl\u0259r ail\u0259si<br \/>\n  <\/figcaption><\/figure>\n<p>\n  <i><br \/>\n    Ucar sakini evin\u0259 say\u011fac qura\u015fd\u0131r\u0131lmad\u0131\u011f\u0131n\u0131 deyir<br \/>\n  <\/i><\/p>\n<p>  \u201c\u0130\u015f\u0131q \u00e7\u0259kdir\u0259 bilm\u0259yimiz \u00fc\u00e7\u00fcn biz\u0259 say\u011fac verilmir. Baxmayaraq ki, \u0259halinin istifad\u0259si \u00fc\u00e7\u00fcn veril\u0259n say\u011faclar pulsuz olur. M\u0259n pulla alma\u011f\u0131 da t\u0259klif edir\u0259m, ancaq vermirl\u0259r ki, vermirl\u0259r. \u00dc\u00e7 \u00f6vlad\u0131m v\u0259 h\u0259yat yolda\u015f\u0131mla elektriksiz ya\u015fay\u0131r\u0131q\u201d.\n<\/p>\n<p>\n  Ucar rayonunun Qazqumlaq k\u0259ndinin sakini Ruslan Hac\u0131yev bel\u0259 deyir.\n<\/p>\n<blockquote><p>\n  Borcum yoxdur, bu, m\u0259nim ilk evimdir\n<\/p><\/blockquote>\n<p>\n  O, Meydan TV-y\u0259 bel\u0259 ya\u015fama\u011f\u0131n \u00e7\u0259tin oldu\u011funu s\u00f6yl\u0259yir. Deyir, \u00f6vladlar\u0131ndan ikisi m\u0259kt\u0259blidir, onlara bel\u0259 \u015f\u0259raitsizlikd\u0259 d\u0259rsl\u0259rin\u0259 haz\u0131rla\u015fmaq \u00e7\u0259tindir:\n<\/p>\n<p>\n  \u201cYen\u0259 yay\u0131 birt\u0259h\u0259r yola verm\u0259k olur. Qar\u015f\u0131dan q\u0131\u015f g\u0259lir. N\u0259 ed\u0259c\u0259yimi bilmir\u0259m. D\u0259f\u0259l\u0259rl\u0259 Ucar rayon Elektrik \u015e\u0259b\u0259k\u0259sin\u0259 m\u00fcraci\u0259t etmi\u015f\u0259m. Deyirl\u0259r, borcunuz var, say\u011fac qura\u015fd\u0131ra bilm\u0259rik. Halbuki borcum yoxdur, bu, m\u0259nim ilk evimdir. Daha \u00f6nc\u0259 onlar\u0131n abonenti olmam\u0131\u015fam, harada yarand\u0131 bu borc?\u201d\n<\/p>\n<blockquote><p>\n  M\u00fcasir d\u00f6vrd\u0259 i\u015f\u0131qs\u0131z ev, ya\u015fay\u0131\u015f olar?\n<\/p><\/blockquote>\n<p>\n  R. Hac\u0131yev deyir ki, himay\u0259sind\u0259 \u00fc\u00e7 \u00f6vlad\u0131 var. Onlardan ikisi m\u0259kt\u0259blidir. \u0130\u015f\u0131q yoxdur, d\u0259rs oxumaqlar\u0131 m\u00fcmk\u00fcn deyil. Dig\u0259r \u00f6vlad\u0131 is\u0259 ki\u00e7ikdir, 3 ya\u015f\u0131 var:\n<\/p>\n<p>\n  \u201cBunun \u00e7imm\u0259yi var, ya\u015fama\u011f\u0131 var, u\u015faqd\u0131, ba\u015f\u0131n\u0131 da qata bilmirik he\u00e7 c\u00fcr\u0259. M\u00fcasir d\u00f6vrd\u0259 i\u015f\u0131qs\u0131z ev, ya\u015fay\u0131\u015f olar? B\u0259li, m\u0259nim atam\u0131n say\u011fac\u0131nda xeyli borc y\u0131\u011f\u0131l\u0131b. Ancaq m\u0259n atam\u0131n himay\u0259sind\u0259 deyil\u0259m, atam m\u0259nim himay\u0259md\u0259 deyil. Biz ikimiz d\u0259 m\u00fcst\u0259qil insanlar\u0131q. Onun m\u0259n\u0259, m\u0259nim ona aidiyyat\u0131m yoxdur. Atam \u00f6z\u00fc bil\u0259r, m\u0259nim g\u00fcnah\u0131m n\u0259dir? Bu etdikl\u0259rinin qanunazidd oldu\u011funu deyir\u0259m. Elektrik \u015e\u0259b\u0259k\u0259sinin r\u0259isi \u015eahmar \u0130brahimov deyir ki, m\u0259n bel\u0259 \u00fcsuldan istifad\u0259 edir\u0259m, get, hara ist\u0259yirs\u0259n, \u015fikay\u0259t et. Bilmir\u0259m ba\u015f\u0131ma haran\u0131n da\u015f\u0131n\u0131 sal\u0131m\u201d.\n<\/p>\n<figure class=\"wp-block-image size-large\">\n  <img decoding=\"async\" src=\"https:\/\/www.meydan.tv\/az\/ruslan-haciyev\/\" alt=\"Ruslan Hac\u0131yev\" class=\"wp-image-110066\"\/><figcaption>\n    Ruslan Hac\u0131yev<br \/>\n  <\/figcaption><\/figure>\n<blockquote><p>\n  Asan Xidm\u0259t \u201c159 manat \u00f6d\u0259, say\u011fac al dedi\u201d\n<\/p><\/blockquote>\n<p>\n  Ruslan Hac\u0131yev evinin elektrik say\u011fac\u0131 il\u0259 t\u0259min edilm\u0259si \u00fc\u00e7\u00fcn Ming\u0259\u00e7evird\u0259ki Asan Xidm\u0259t\u0259 d\u0259 m\u00fcraci\u0259t edib:\n<\/p>\n<p>\n  \u201cDedim, v\u0259ziyy\u0259t budur. Atama g\u00f6r\u0259 m\u0259nim evim\u0259 say\u011fac qura\u015fd\u0131r\u0131lm\u0131r. Halnbuki atam M\u00fcrs\u0259l Hac\u0131yevin evi, t\u0259s\u0259rr\u00fcfat\u0131 ayr\u0131, m\u0259nim evim, t\u0259s\u0259rr\u00fcfat\u0131m tam ayr\u0131d\u0131r. \u018fg\u0259r atam M\u00fcrs\u0259l Hac\u0131yevin istifad\u0259 etdiyi elektirik enerjisin\u0259 g\u00f6r\u0259 borcu varsa, onun m\u0259nim evim\u0259, ail\u0259m\u0259 aidiyyat\u0131 olmamal\u0131d\u0131r. Onsuz da borca g\u00f6r\u0259 atam\u0131n evin\u0259 elektrik enerjisinin verilm\u0259si dayand\u0131r\u0131l\u0131b. Asan Xidm\u0259td\u0259 m\u0259n\u0259 bildirildi ki, Ucar Elektrik \u015e\u0259b\u0259k\u0259sin\u0259 m\u00fcraci\u0259t et. 159 manat \u00f6d\u0259dikd\u0259n sonra onlar qanuni qaydada sizin ev\u0259 elektrik say\u011fac\u0131n\u0131 t\u0259tbiq etm\u0259lidirl\u0259r. Ancaq Ucar Elektirik \u015e\u0259b\u0259k\u0259sinin m\u00fcdiri \u015eahmar \u0130brahimov atam\u0131n borcunu \u0259sas g\u0259tirib bizim ev\u0259 elektirik say\u011fac\u0131 verm\u0259k ist\u0259mir\u201d.\n<\/p>\n<blockquote><p>\n  \u0130btidai insanlar kimi ya\u015fama\u011fa m\u0259hkum olmu\u015fuq\n<\/p><\/blockquote>\n<p>\n  Haz\u0131rda qaranl\u0131qda ya\u015fad\u0131qlar\u0131n\u0131 s\u00f6yl\u0259y\u0259n R.Hac\u0131yev buna g\u00f6r\u0259 iki \u00f6vlad\u0131n\u0131n m\u0259kt\u0259bd\u0259 geri qald\u0131qlar\u0131n\u0131 deyir:\n<\/p>\n<p>\n  \u201c\u015eam i\u015f\u0131\u011f\u0131nda d\u0259rsl\u0259rini haz\u0131rlamaqda m\u0259kt\u0259bli \u00f6vladlar\u0131m \u0259ziyy\u0259t \u00e7\u0259kirl\u0259r. Buna g\u00f6r\u0259 onlar\u0131n g\u00f6zl\u0259ri kor ola bil\u0259r. Onlar qaranl\u0131qda nec\u0259 d\u0259rsl\u0259rini haz\u0131rlaya bil\u0259rl\u0259r? H\u0259l\u0259 m\u0259n elektirik enerjisi omadan ya\u015fama\u011f\u0131n \u00e7ox-\u00e7ox \u0259ziyy\u0259tli olmas\u0131n\u0131 demir\u0259m. \u0130btidai insanlar kimi ya\u015fama\u011fa m\u0259hkum olmu\u015fuq\u201d.\n<\/p>\n<blockquote><p>\n  Borcunu \u00f6d\u0259m\u0259s\u0259, say\u011fac qura\u015fd\u0131ra bilm\u0259rik\n<\/p><\/blockquote>\n<p>\n  Meydan TV m\u0259s\u0259l\u0259y\u0259 m\u00fcnasib\u0259t \u00f6yr\u0259nm\u0259k \u00fc\u00e7\u00fcn Ucar rayon Paylay\u0131c\u0131 Elektrik \u015e\u0259b\u0259k\u0259sinin r\u0259isi \u015eahmar \u0130brahimovla \u0259laq\u0259 saxlay\u0131b. O, Ruslan Hac\u0131yevin say\u011fac \u00fc\u00e7\u00fcn onlara m\u00fcraci\u0259t etdiyini t\u0259sdiql\u0259yib. Ancaq h\u0259min ail\u0259nin 1500 manata yax\u0131n elektrik enerjisi borcu oldu\u011fu \u00fc\u00e7\u00fcn evl\u0259rin\u0259 say\u011fac qura\u015fd\u0131r\u0131lmad\u0131\u011f\u0131n\u0131 s\u00f6yl\u0259yib:\n<\/p>\n<p>\n  \u201cB\u0259li, indi \u00f6z\u00fcn\u0259 ayr\u0131ca ev tikib. Ancaq d\u00fcn\u0259n\u0259 q\u0259d\u0259r atas\u0131 il\u0259 eyni say\u011fac\u0131 istifad\u0259 edirdi. Birg\u0259 istifad\u0259d\u0259n 1500 manata yax\u0131n borcu yaran\u0131b, \u00f6d\u0259mir. \u0130ndi d\u0259 yeni tikdiyi ev\u0259 ayr\u0131ca say\u011fac qura\u015fd\u0131r\u0131lmas\u0131n\u0131 ist\u0259yir. Biz d\u0259 borcunu \u00f6d\u0259m\u0259s\u0259, bunun m\u00fcmk\u00fcn olmad\u0131\u011f\u0131n\u0131 s\u00f6yl\u0259yirik. O da bizi dinl\u0259mir, ba\u015flay\u0131r d\u00f6vl\u0259t qurumlar\u0131na, jurnalistl\u0259r\u0259 m\u00fcraci\u0259t etm\u0259y\u0259. H\u0259tta Asan Xidm\u0259t\u0259 d\u0259 m\u00fcraci\u0259t etdi. Ordan da \u201cborcunu \u00f6d\u0259m\u0259s\u0259n, m\u00fcmk\u00fcn deyil\u201d, &#8211; cavab\u0131n\u0131 ald\u0131. Yen\u0259 \u0259l \u00e7\u0259kmir. \u018flin\u0259 ke\u00e7\u0259n yer\u0259 yaz\u0131r, pozur. Anlam\u0131r ki, yaz\u0131b, pozmaqla deyil, fakt borcu var, \u00f6d\u0259m\u0259s\u0259 olmaz\u201d.\n<\/p>\n<blockquote><p>\n  Fakt borcu var, \u00f6d\u0259m\u0259lidir\n<\/p><\/blockquote>\n<p>\n  \u015eahmar \u0130brahimov deyir ki, h\u0259min \u015f\u0259xs \u00f6z\u00fcn\u0259 yeni ev tikib dey\u0259, bu, onu borcdan azad etmir. Dig\u0259r say\u011faca borcu y\u0131\u011f\u0131b. \u0130ndi yenisini ist\u0259yir:\n<\/p>\n<p>\n  \u201cHardan b\u0259llidir, bu d\u0259f\u0259 vaxtl\u0131 vaxt\u0131nda \u00f6d\u0259ni\u015f ed\u0259c\u0259yi? Deyir, atam m\u0259nlik deyil, m\u0259nim evim yenidir. Ev yeni ola bil\u0259r, amma v\u0259t\u0259nda\u015f eynidir ax\u0131. Borcu varsa, say\u011fac qura\u015fd\u0131ra bilm\u0259rik. He\u00e7 olmasa, pulun bir qismini \u00f6d\u0259yib, raz\u0131la\u015fd\u0131rma protokolu imzalanmal\u0131d\u0131r. Bel\u0259 ets\u0259, biz qalan borcu aylara b\u00f6l\u0259rik, yava\u015f-yava\u015f \u00f6d\u0259y\u0259r. Ancaq bu adam he\u00e7 n\u0259 etm\u0259k ist\u0259mir. Borca g\u00f6r\u0259 qap\u0131s\u0131na ged\u0259ni d\u0259 yaba il\u0259 qat\u0131r qaba\u011f\u0131na ki, \u00f6ld\u00fcr\u0259c\u0259y\u0259m. Qanun qanundur, ham\u0131 \u00fc\u00e7\u00fcn birdir. Fakt borcu var, \u00f6d\u0259m\u0259lidir\u201d.\n<\/p><\/p>\n","protected":false},"excerpt":{"rendered":"<p>Ucar sakini evin\u0259 say\u011fac qura\u015fd\u0131r\u0131lmad\u0131\u011f\u0131n\u0131 deyir<\/p>\n","protected":false},"author":11,"featured_media":110063,"comment_status":"closed","ping_status":"open","sticky":false,"template":"","format":"standard","meta":{"_acf_changed":false,"_sitemap_exclude":false,"_sitemap_priority":"","_sitemap_frequency":"","footnotes":""},"categories":[60],"tags":[],"class_list":["post-191815","post","type-post","status-publish","format-standard","has-post-thumbnail","hentry","category-bolge","infinite-scroll-item","generate-columns","tablet-grid-50","mobile-grid-100","grid-parent","grid-33","no-featured-image-padding"],"acf":[],"yoast_head":"<!-- This site is optimized with the Yoast SEO plugin v27.4 - https:\/\/yoast.com\/product\/yoast-seo-wordpress\/ -->\n<title>&#039;&#039;5 n\u0259f\u0259rlik ail\u0259 z\u00fclm\u0259td\u0259 ya\u015fay\u0131r\u0131q&#039;&#039; - MEYDAN.TV<\/title>\n<meta name=\"robots\" content=\"index, follow, max-snippet:-1, max-image-preview:large, max-video-preview:-1\" \/>\n<link rel=\"canonical\" href=\"https:\/\/www.meydan.tv\/az\/article\/5-neferlik-aile-zulmetde-yasayiriq\/\" \/>\n<meta property=\"og:locale\" content=\"az_AZ\" \/>\n<meta property=\"og:type\" content=\"article\" \/>\n<meta property=\"og:title\" content=\"&#039;&#039;5 n\u0259f\u0259rlik ail\u0259 z\u00fclm\u0259td\u0259 ya\u015fay\u0131r\u0131q&#039;&#039; - MEYDAN.TV\" \/>\n<meta property=\"og:description\" content=\"Ucar sakini evin\u0259 say\u011fac qura\u015fd\u0131r\u0131lmad\u0131\u011f\u0131n\u0131 deyir\" \/>\n<meta property=\"og:url\" content=\"https:\/\/www.meydan.tv\/az\/article\/5-neferlik-aile-zulmetde-yasayiriq\/\" \/>\n<meta property=\"og:site_name\" content=\"MEYDAN.TV\" \/>\n<meta property=\"article:published_time\" content=\"2018-09-25T17:47:54+00:00\" \/>\n<meta property=\"og:image\" content=\"https:\/\/www.meydan.tv\/wp-content\/uploads\/43770.jpg\" \/>\n\t<meta property=\"og:image:width\" content=\"960\" \/>\n\t<meta property=\"og:image:height\" content=\"720\" \/>\n\t<meta property=\"og:image:type\" content=\"image\/jpeg\" \/>\n<meta name=\"author\" content=\"user-manager\" \/>\n<meta name=\"twitter:card\" content=\"summary_large_image\" \/>\n<script type=\"application\/ld+json\" class=\"yoast-schema-graph\">{\"@context\":\"https:\\\/\\\/schema.org\",\"@graph\":[{\"@type\":\"Article\",\"@id\":\"https:\\\/\\\/www.meydan.tv\\\/az\\\/article\\\/5-neferlik-aile-zulmetde-yasayiriq\\\/#article\",\"isPartOf\":{\"@id\":\"https:\\\/\\\/www.meydan.tv\\\/az\\\/article\\\/5-neferlik-aile-zulmetde-yasayiriq\\\/\"},\"author\":{\"name\":\"user-manager\",\"@id\":\"https:\\\/\\\/www.meydan.tv\\\/az\\\/#\\\/schema\\\/person\\\/10d11eccf6da3662cf5fdab9806ea91a\"},\"headline\":\"&#8221;5 n\u0259f\u0259rlik ail\u0259 z\u00fclm\u0259td\u0259 ya\u015fay\u0131r\u0131q&#8221;\",\"datePublished\":\"2018-09-25T17:47:54+00:00\",\"mainEntityOfPage\":{\"@id\":\"https:\\\/\\\/www.meydan.tv\\\/az\\\/article\\\/5-neferlik-aile-zulmetde-yasayiriq\\\/\"},\"wordCount\":1011,\"publisher\":{\"@id\":\"https:\\\/\\\/www.meydan.tv\\\/az\\\/#organization\"},\"image\":{\"@id\":\"https:\\\/\\\/www.meydan.tv\\\/az\\\/article\\\/5-neferlik-aile-zulmetde-yasayiriq\\\/#primaryimage\"},\"thumbnailUrl\":\"https:\\\/\\\/www.meydan.tv\\\/wp-content\\\/uploads\\\/43770.jpg\",\"articleSection\":[\"B\u00f6lg\u0259\"],\"inLanguage\":\"az\"},{\"@type\":\"WebPage\",\"@id\":\"https:\\\/\\\/www.meydan.tv\\\/az\\\/article\\\/5-neferlik-aile-zulmetde-yasayiriq\\\/\",\"url\":\"https:\\\/\\\/www.meydan.tv\\\/az\\\/article\\\/5-neferlik-aile-zulmetde-yasayiriq\\\/\",\"name\":\"''5 n\u0259f\u0259rlik ail\u0259 z\u00fclm\u0259td\u0259 ya\u015fay\u0131r\u0131q'' - MEYDAN.TV\",\"isPartOf\":{\"@id\":\"https:\\\/\\\/www.meydan.tv\\\/az\\\/#website\"},\"primaryImageOfPage\":{\"@id\":\"https:\\\/\\\/www.meydan.tv\\\/az\\\/article\\\/5-neferlik-aile-zulmetde-yasayiriq\\\/#primaryimage\"},\"image\":{\"@id\":\"https:\\\/\\\/www.meydan.tv\\\/az\\\/article\\\/5-neferlik-aile-zulmetde-yasayiriq\\\/#primaryimage\"},\"thumbnailUrl\":\"https:\\\/\\\/www.meydan.tv\\\/wp-content\\\/uploads\\\/43770.jpg\",\"datePublished\":\"2018-09-25T17:47:54+00:00\",\"breadcrumb\":{\"@id\":\"https:\\\/\\\/www.meydan.tv\\\/az\\\/article\\\/5-neferlik-aile-zulmetde-yasayiriq\\\/#breadcrumb\"},\"inLanguage\":\"az\",\"potentialAction\":[{\"@type\":\"ReadAction\",\"target\":[\"https:\\\/\\\/www.meydan.tv\\\/az\\\/article\\\/5-neferlik-aile-zulmetde-yasayiriq\\\/\"]}]},{\"@type\":\"ImageObject\",\"inLanguage\":\"az\",\"@id\":\"https:\\\/\\\/www.meydan.tv\\\/az\\\/article\\\/5-neferlik-aile-zulmetde-yasayiriq\\\/#primaryimage\",\"url\":\"https:\\\/\\\/www.meydan.tv\\\/wp-content\\\/uploads\\\/43770.jpg\",\"contentUrl\":\"https:\\\/\\\/www.meydan.tv\\\/wp-content\\\/uploads\\\/43770.jpg\",\"width\":960,\"height\":720,\"caption\":\"Source:\"},{\"@type\":\"BreadcrumbList\",\"@id\":\"https:\\\/\\\/www.meydan.tv\\\/az\\\/article\\\/5-neferlik-aile-zulmetde-yasayiriq\\\/#breadcrumb\",\"itemListElement\":[{\"@type\":\"ListItem\",\"position\":1,\"name\":\"Ana s\u0259hif\u0259\",\"item\":\"https:\\\/\\\/www.meydan.tv\\\/az\\\/\"},{\"@type\":\"ListItem\",\"position\":2,\"name\":\"B\u00f6lg\u0259\",\"item\":\"https:\\\/\\\/www.meydan.tv\\\/az\\\/section\\\/bolge\\\/\"},{\"@type\":\"ListItem\",\"position\":3,\"name\":\"&#8221;5 n\u0259f\u0259rlik ail\u0259 z\u00fclm\u0259td\u0259 ya\u015fay\u0131r\u0131q&#8221;\"}]},{\"@type\":\"WebSite\",\"@id\":\"https:\\\/\\\/www.meydan.tv\\\/az\\\/#website\",\"url\":\"https:\\\/\\\/www.meydan.tv\\\/az\\\/\",\"name\":\"MEYDAN.TV\",\"description\":\"Meydan TV Az\u0259rbaycan\u0131n media m\u0259kan\u0131ndak\u0131 alternativ s\u0259sidir\",\"publisher\":{\"@id\":\"https:\\\/\\\/www.meydan.tv\\\/az\\\/#organization\"},\"potentialAction\":[{\"@type\":\"SearchAction\",\"target\":{\"@type\":\"EntryPoint\",\"urlTemplate\":\"https:\\\/\\\/www.meydan.tv\\\/az\\\/?s={search_term_string}\"},\"query-input\":{\"@type\":\"PropertyValueSpecification\",\"valueRequired\":true,\"valueName\":\"search_term_string\"}}],\"inLanguage\":\"az\"},{\"@type\":\"Organization\",\"@id\":\"https:\\\/\\\/www.meydan.tv\\\/az\\\/#organization\",\"name\":\"Meydan TV\",\"url\":\"https:\\\/\\\/www.meydan.tv\\\/az\\\/\",\"logo\":{\"@type\":\"ImageObject\",\"inLanguage\":\"az\",\"@id\":\"https:\\\/\\\/www.meydan.tv\\\/az\\\/#\\\/schema\\\/logo\\\/image\\\/\",\"url\":\"https:\\\/\\\/www.meydan.tv\\\/wp-content\\\/uploads\\\/2021\\\/07\\\/meydan-logo.svg\",\"contentUrl\":\"https:\\\/\\\/www.meydan.tv\\\/wp-content\\\/uploads\\\/2021\\\/07\\\/meydan-logo.svg\",\"width\":195,\"height\":46,\"caption\":\"Meydan TV\"},\"image\":{\"@id\":\"https:\\\/\\\/www.meydan.tv\\\/az\\\/#\\\/schema\\\/logo\\\/image\\\/\"}},{\"@type\":\"Person\",\"@id\":\"https:\\\/\\\/www.meydan.tv\\\/az\\\/#\\\/schema\\\/person\\\/10d11eccf6da3662cf5fdab9806ea91a\",\"name\":\"user-manager\"}]}<\/script>\n<!-- \/ Yoast SEO plugin. -->","yoast_head_json":{"title":"''5 n\u0259f\u0259rlik ail\u0259 z\u00fclm\u0259td\u0259 ya\u015fay\u0131r\u0131q'' - MEYDAN.TV","robots":{"index":"index","follow":"follow","max-snippet":"max-snippet:-1","max-image-preview":"max-image-preview:large","max-video-preview":"max-video-preview:-1"},"canonical":"https:\/\/www.meydan.tv\/az\/article\/5-neferlik-aile-zulmetde-yasayiriq\/","og_locale":"az_AZ","og_type":"article","og_title":"''5 n\u0259f\u0259rlik ail\u0259 z\u00fclm\u0259td\u0259 ya\u015fay\u0131r\u0131q'' - MEYDAN.TV","og_description":"Ucar sakini evin\u0259 say\u011fac qura\u015fd\u0131r\u0131lmad\u0131\u011f\u0131n\u0131 deyir","og_url":"https:\/\/www.meydan.tv\/az\/article\/5-neferlik-aile-zulmetde-yasayiriq\/","og_site_name":"MEYDAN.TV","article_published_time":"2018-09-25T17:47:54+00:00","og_image":[{"width":960,"height":720,"url":"https:\/\/www.meydan.tv\/wp-content\/uploads\/43770.jpg","type":"image\/jpeg"}],"author":"user-manager","twitter_card":"summary_large_image","schema":{"@context":"https:\/\/schema.org","@graph":[{"@type":"Article","@id":"https:\/\/www.meydan.tv\/az\/article\/5-neferlik-aile-zulmetde-yasayiriq\/#article","isPartOf":{"@id":"https:\/\/www.meydan.tv\/az\/article\/5-neferlik-aile-zulmetde-yasayiriq\/"},"author":{"name":"user-manager","@id":"https:\/\/www.meydan.tv\/az\/#\/schema\/person\/10d11eccf6da3662cf5fdab9806ea91a"},"headline":"&#8221;5 n\u0259f\u0259rlik ail\u0259 z\u00fclm\u0259td\u0259 ya\u015fay\u0131r\u0131q&#8221;","datePublished":"2018-09-25T17:47:54+00:00","mainEntityOfPage":{"@id":"https:\/\/www.meydan.tv\/az\/article\/5-neferlik-aile-zulmetde-yasayiriq\/"},"wordCount":1011,"publisher":{"@id":"https:\/\/www.meydan.tv\/az\/#organization"},"image":{"@id":"https:\/\/www.meydan.tv\/az\/article\/5-neferlik-aile-zulmetde-yasayiriq\/#primaryimage"},"thumbnailUrl":"https:\/\/www.meydan.tv\/wp-content\/uploads\/43770.jpg","articleSection":["B\u00f6lg\u0259"],"inLanguage":"az"},{"@type":"WebPage","@id":"https:\/\/www.meydan.tv\/az\/article\/5-neferlik-aile-zulmetde-yasayiriq\/","url":"https:\/\/www.meydan.tv\/az\/article\/5-neferlik-aile-zulmetde-yasayiriq\/","name":"''5 n\u0259f\u0259rlik ail\u0259 z\u00fclm\u0259td\u0259 ya\u015fay\u0131r\u0131q'' - MEYDAN.TV","isPartOf":{"@id":"https:\/\/www.meydan.tv\/az\/#website"},"primaryImageOfPage":{"@id":"https:\/\/www.meydan.tv\/az\/article\/5-neferlik-aile-zulmetde-yasayiriq\/#primaryimage"},"image":{"@id":"https:\/\/www.meydan.tv\/az\/article\/5-neferlik-aile-zulmetde-yasayiriq\/#primaryimage"},"thumbnailUrl":"https:\/\/www.meydan.tv\/wp-content\/uploads\/43770.jpg","datePublished":"2018-09-25T17:47:54+00:00","breadcrumb":{"@id":"https:\/\/www.meydan.tv\/az\/article\/5-neferlik-aile-zulmetde-yasayiriq\/#breadcrumb"},"inLanguage":"az","potentialAction":[{"@type":"ReadAction","target":["https:\/\/www.meydan.tv\/az\/article\/5-neferlik-aile-zulmetde-yasayiriq\/"]}]},{"@type":"ImageObject","inLanguage":"az","@id":"https:\/\/www.meydan.tv\/az\/article\/5-neferlik-aile-zulmetde-yasayiriq\/#primaryimage","url":"https:\/\/www.meydan.tv\/wp-content\/uploads\/43770.jpg","contentUrl":"https:\/\/www.meydan.tv\/wp-content\/uploads\/43770.jpg","width":960,"height":720,"caption":"Source:"},{"@type":"BreadcrumbList","@id":"https:\/\/www.meydan.tv\/az\/article\/5-neferlik-aile-zulmetde-yasayiriq\/#breadcrumb","itemListElement":[{"@type":"ListItem","position":1,"name":"Ana s\u0259hif\u0259","item":"https:\/\/www.meydan.tv\/az\/"},{"@type":"ListItem","position":2,"name":"B\u00f6lg\u0259","item":"https:\/\/www.meydan.tv\/az\/section\/bolge\/"},{"@type":"ListItem","position":3,"name":"&#8221;5 n\u0259f\u0259rlik ail\u0259 z\u00fclm\u0259td\u0259 ya\u015fay\u0131r\u0131q&#8221;"}]},{"@type":"WebSite","@id":"https:\/\/www.meydan.tv\/az\/#website","url":"https:\/\/www.meydan.tv\/az\/","name":"MEYDAN.TV","description":"Meydan TV Az\u0259rbaycan\u0131n media m\u0259kan\u0131ndak\u0131 alternativ s\u0259sidir","publisher":{"@id":"https:\/\/www.meydan.tv\/az\/#organization"},"potentialAction":[{"@type":"SearchAction","target":{"@type":"EntryPoint","urlTemplate":"https:\/\/www.meydan.tv\/az\/?s={search_term_string}"},"query-input":{"@type":"PropertyValueSpecification","valueRequired":true,"valueName":"search_term_string"}}],"inLanguage":"az"},{"@type":"Organization","@id":"https:\/\/www.meydan.tv\/az\/#organization","name":"Meydan TV","url":"https:\/\/www.meydan.tv\/az\/","logo":{"@type":"ImageObject","inLanguage":"az","@id":"https:\/\/www.meydan.tv\/az\/#\/schema\/logo\/image\/","url":"https:\/\/www.meydan.tv\/wp-content\/uploads\/2021\/07\/meydan-logo.svg","contentUrl":"https:\/\/www.meydan.tv\/wp-content\/uploads\/2021\/07\/meydan-logo.svg","width":195,"height":46,"caption":"Meydan TV"},"image":{"@id":"https:\/\/www.meydan.tv\/az\/#\/schema\/logo\/image\/"}},{"@type":"Person","@id":"https:\/\/www.meydan.tv\/az\/#\/schema\/person\/10d11eccf6da3662cf5fdab9806ea91a","name":"user-manager"}]}},"_links":{"self":[{"href":"https:\/\/www.meydan.tv\/az\/wp-json\/wp\/v2\/posts\/191815","targetHints":{"allow":["GET"]}}],"collection":[{"href":"https:\/\/www.meydan.tv\/az\/wp-json\/wp\/v2\/posts"}],"about":[{"href":"https:\/\/www.meydan.tv\/az\/wp-json\/wp\/v2\/types\/post"}],"author":[{"embeddable":true,"href":"https:\/\/www.meydan.tv\/az\/wp-json\/wp\/v2\/users\/11"}],"replies":[{"embeddable":true,"href":"https:\/\/www.meydan.tv\/az\/wp-json\/wp\/v2\/comments?post=191815"}],"version-history":[{"count":0,"href":"https:\/\/www.meydan.tv\/az\/wp-json\/wp\/v2\/posts\/191815\/revisions"}],"wp:featuredmedia":[{"embeddable":true,"href":"https:\/\/www.meydan.tv\/az\/wp-json\/wp\/v2\/media\/110063"}],"wp:attachment":[{"href":"https:\/\/www.meydan.tv\/az\/wp-json\/wp\/v2\/media?parent=191815"}],"wp:term":[{"taxonomy":"category","embeddable":true,"href":"https:\/\/www.meydan.tv\/az\/wp-json\/wp\/v2\/categories?post=191815"},{"taxonomy":"post_tag","embeddable":true,"href":"https:\/\/www.meydan.tv\/az\/wp-json\/wp\/v2\/tags?post=191815"}],"curies":[{"name":"wp","href":"https:\/\/api.w.org\/{rel}","templated":true}]}}