{"id":191813,"date":"2018-09-25T17:39:47","date_gmt":"2018-09-25T17:39:47","guid":{"rendered":"https:\/\/www.meydan.tv\/article\/bir-aile-bascisi-is-tapa-bilmirse-hansi-inkisafdan-danisirlar\/"},"modified":"2018-09-25T17:39:47","modified_gmt":"2018-09-25T17:39:47","slug":"bir-aile-bascisi-is-tapa-bilmirse-hansi-inkisafdan-danisirlar","status":"publish","type":"post","link":"https:\/\/www.meydan.tv\/az\/article\/bir-aile-bascisi-is-tapa-bilmirse-hansi-inkisafdan-danisirlar\/","title":{"rendered":"&#8221;Bir ail\u0259 ba\u015f\u00e7\u0131s\u0131 i\u015f tapa bilmirs\u0259, hans\u0131 inki\u015fafdan dan\u0131\u015f\u0131rlar?&#8221;"},"content":{"rendered":"<figure class=\"wp-block-image size-large\">\n  <img decoding=\"async\" src=\"https:\/\/www.meydan.tv\/az\/sabir-memmedov\/\" alt=\"Sabir M\u0259mm\u0259dov\" class=\"wp-image-110060\"\/><figcaption>\n    Sabir M\u0259mm\u0259dov<br \/>\n  <\/figcaption><\/figure>\n<p>\n  <i><br \/>\n    A\u011fdam rayon sakini i\u015fsizlikd\u0259n gileyl\u0259nir<br \/>\n  <\/i>\n<\/p>\n<p>\n  &#8220;7 il A\u011fdam Rayon M\u0259rk\u0259zi X\u0259st\u0259xanas\u0131n\u0131n Ruhi \u018fs\u0259b Dispanserind\u0259 sanitar kimi i\u015fl\u0259mi\u015f\u0259m. 2016-c\u0131 ilin pay\u0131z\u0131nda x\u0259st\u0259xanada ixtisarla\u015fma getdi, m\u0259ni d\u0259 i\u015fimd\u0259n k\u0259narla\u015fd\u0131rd\u0131lar&#8221;.\n<\/p>\n<p>\n  Bunu A\u011fdam rayonu, Quzanl\u0131 q\u0259s\u0259b\u0259 sakini Sabir M\u0259mm\u0259dov deyir. S\u00f6yl\u0259yir ki, m\u0259s\u0259l\u0259 il\u0259 ba\u011fl\u0131 A\u011fdam rayonunun ke\u00e7mi\u015f icra ba\u015f\u00e7\u0131s\u0131 Raqub M\u0259mm\u0259dova m\u00fcraci\u0259t edib.\n<\/p>\n<p>\n  &#8220;Lakin o, &#8220;m\u0259nlik deyil, g\u00f6st\u0259ri\u015f m\u0259rk\u0259zd\u0259n g\u0259lib. Maliyy\u0259 s\u0131x\u0131nt\u0131s\u0131na g\u00f6r\u0259 yuxar\u0131dan ixtisarla\u015fma gedir,&#8221; &#8211; dedi. Bundan sonra m\u0259n Prezident Adminstrasiyas\u0131na, Ombudsmana, S\u0259hiyy\u0259 Nazirliyin\u0259, t\u0259krar A\u011fdam Rayon \u0130cra Hakimiyy\u0259tin\u0259, A\u011fdam Rayonu M\u0259rk\u0259zi X\u0259st\u0259xanas\u0131n\u0131n ba\u015f h\u0259kimin\u0259 m\u00fcraci\u0259t etdim, lakin b\u00fct\u00fcn s\u0259yl\u0259rim n\u0259tic\u0259siz qald\u0131&#8221;.\n<\/p>\n<p>\n  A\u011fdam 50 sayl\u0131 Texniki Pe\u015f\u0259 M\u0259kt\u0259bini h\u0259m d\u00fclg\u0259r, h\u0259m d\u0259 elektrik montyoru kimi bitir\u0259n \u015fikay\u0259t\u00e7i deyir ki, i\u015f axtarmaq m\u0259qs\u0259dil\u0259 A\u011fdam M\u0259d\u0259niyy\u0259t Evin\u0259, D\u00f6vl\u0259t Dram Teatr\u0131na, Subartezian \u0130dar\u0259sin\u0259 m\u00fcraci\u0259t ets\u0259 d\u0259, m\u00fcsb\u0259t cavab ala bilm\u0259yib:\n<\/p>\n<p>\n  &#8220;N\u0259 m\u0259s\u0259l\u0259dirs\u0259, bu boyda Quzanl\u0131da m\u0259n\u0259 i\u015f tap\u0131lm\u0131r. Hans\u0131 quruma gedir\u0259m, bir b\u0259han\u0259l\u0259ri var: diplomun yoxdur. Ax\u0131 m\u0259n onlardan texniki i\u015f ist\u0259yir\u0259m, bunun \u00fc\u00e7\u00fcn ali t\u0259hsil laz\u0131m deyil. Bir m\u00fcdd\u0259t \u00f6nc\u0259 m\u0259ni i\u015fl\u0259 \u0259laq\u0259dar M\u0259nzil Kommunal T\u0259s\u0259rr\u00fcfat Birliyin\u0259 \u00e7a\u011f\u0131rd\u0131lar. Orada da insanlar\u0131 \u018fm\u0259k M\u0259c\u0259ll\u0259sind\u0259 g\u00f6st\u0259rildiyind\u0259n d\u0259 \u00e7ox i\u015fl\u0259dirl\u0259r. G\u00fcnd\u0259lik normal i\u015f vaxt\u0131n\u0131n m\u00fcdd\u0259ti s\u0259kkiz saatdan art\u0131q ola bilm\u0259z. Fiziki a\u011f\u0131r i\u015f, \u00fcst\u0259lik d\u0259 normadan art\u0131q i\u015f saat\u0131 oldu\u011funa g\u00f6r\u0259 raz\u0131la\u015fmad\u0131m. Y\u0259ni s\u0259hh\u0259tim\u0259 g\u00f6r\u0259 m\u00fc\u0259yy\u0259n i\u015fl\u0259r var ki, ed\u0259 bilmir\u0259m. Revmatizm x\u0259st\u0259liyind\u0259n \u0259ziyy\u0259t \u00e7\u0259kir\u0259m. Bu x\u0259st\u0259lik d\u0259 adam\u0131n fiziki i\u015f qabiliyy\u0259tini, aktivliyini \u0259lind\u0259n al\u0131r. Havalar soyuyan kimi aya\u011f\u0131mda, oynaqlar\u0131mda k\u0259skin a\u011fr\u0131lar ba\u015f qald\u0131r\u0131r. B\u00f6yr\u0259kl\u0259rimd\u0259 d\u0259 problem var. S\u0259hh\u0259tim\u0259 g\u00f6r\u0259 tikinti sah\u0259sind\u0259 i\u015fl\u0259y\u0259 bilmir\u0259m&#8221;.\n<\/p>\n<p>\n  &#8220;Pulsuzluq bir yandan, x\u0259st\u0259likl\u0259r d\u0259 o biri yandan, adamda \u0259s\u0259bilik, g\u0259rginlik yarad\u0131r&#8221;, &#8211; \u015fikay\u0259t\u00e7i deyir:\n<\/p>\n<p>\n  &#8220;Ail\u0259liy\u0259m, azya\u015fl\u0131 bir o\u011flum var. \u00d6z\u00fcm\u00fcn \u015f\u0259xsi evim d\u0259 yoxdur. Qarda\u015f\u0131m\u0131n evind\u0259 ya\u015fay\u0131ram. Yolda\u015f\u0131m\u0131n t\u0259hsili olmad\u0131\u011f\u0131ndan i\u015fl\u0259mir. Sabah\u0131n \u0259sg\u0259ri b\u00f6y\u00fcy\u0259n bir ail\u0259d\u0259 bu g\u00fcn maddi c\u0259h\u0259td\u0259n s\u0131x\u0131nt\u0131 varsa, g\u0259lir daxil olmursa, adam kimi ya\u015faya bilmirs\u0259, hans\u0131 v\u0259t\u0259np\u0259rv\u0259rlikd\u0259n s\u00f6hb\u0259t ged\u0259 bil\u0259r? Deyirl\u0259r ki, Az\u0259rbaycan g\u00fcnd\u0259n-g\u00fcn\u0259 inki\u015faf edir. Amma bir ail\u0259 ba\u015f\u00e7\u0131s\u0131 i\u015f tapa bilmirs\u0259, hans\u0131 inki\u015fafdan dan\u0131\u015f\u0131rlar? Qiym\u0259tl\u0259r g\u00fcnd\u0259n-g\u00fcn\u0259 k\u0259ll\u0259-\u00e7arxa qalx\u0131r, dolan\u0131\u015f\u0131q \u00e7\u0259tinl\u0259\u015fir. \u0130st\u0259yim budur ki, A\u011fdamdak\u0131 idar\u0259 v\u0259 ya t\u0259\u015fkilatlar\u0131n birind\u0259 texniki i\u015fl\u0259 t\u0259min olunum. H\u0259r ay maa\u015f al\u0131m, ail\u0259mi doland\u0131ra bilim&#8221;.\n<\/p>\n<p>\n  A\u011fdam R\u0130H-d\u0259n Meydan TV-y\u0259 bildirilib ki, rayonda m\u00fct\u0259madi olaraq \u0259m\u0259k yarmarkalar\u0131 ke\u00e7irilir:\n<\/p>\n<p>\n  &#8220;Bug\u00fcnl\u0259rd\u0259 ke\u00e7iril\u0259n n\u00f6vb\u0259ti yarmarkada yeni icra ba\u015f\u00e7\u0131s\u0131 Vaqif H\u0259s\u0259nov \u015f\u0259xs\u0259n i\u015ftirak edib. \u0130dar\u0259 v\u0259 t\u0259\u015fkilatlara iradlar\u0131n\u0131, tap\u015f\u0131r\u0131qlar\u0131n\u0131 verib. A\u011fdam (B\u0259rd\u0259) Rayon M\u0259\u015f\u011fulluq M\u0259rk\u0259zin\u0259 qeydiyyatda olan h\u0259r bir k\u0259sin q\u0131sa zamanda i\u015fl\u0259 t\u0259min olunmas\u0131na g\u00f6st\u0259ri\u015f verib. Q\u0131sa zamanda i\u015fsizl\u0259r t\u0259yinat\u0131 \u00fczr\u0259 i\u015fl\u0259 t\u0259min olunacaq&#8221;.\n<\/p><\/p>\n","protected":false},"excerpt":{"rendered":"<p>A\u011fdam rayon sakini i\u015fsizlikd\u0259n gileyl\u0259nir<\/p>\n","protected":false},"author":11,"featured_media":110060,"comment_status":"closed","ping_status":"open","sticky":false,"template":"","format":"standard","meta":{"_acf_changed":false,"_sitemap_exclude":false,"_sitemap_priority":"","_sitemap_frequency":"","footnotes":""},"categories":[60],"tags":[],"class_list":["post-191813","post","type-post","status-publish","format-standard","has-post-thumbnail","hentry","category-bolge","infinite-scroll-item","generate-columns","tablet-grid-50","mobile-grid-100","grid-parent","grid-33","no-featured-image-padding"],"acf":[],"yoast_head":"<!-- This site is optimized with the Yoast SEO plugin v27.4 - https:\/\/yoast.com\/product\/yoast-seo-wordpress\/ -->\n<title>&#039;&#039;Bir ail\u0259 ba\u015f\u00e7\u0131s\u0131 i\u015f tapa bilmirs\u0259, hans\u0131 inki\u015fafdan dan\u0131\u015f\u0131rlar?&#039;&#039; - MEYDAN.TV<\/title>\n<meta name=\"robots\" content=\"index, follow, max-snippet:-1, max-image-preview:large, max-video-preview:-1\" \/>\n<link rel=\"canonical\" href=\"https:\/\/www.meydan.tv\/az\/article\/bir-aile-bascisi-is-tapa-bilmirse-hansi-inkisafdan-danisirlar\/\" \/>\n<meta property=\"og:locale\" content=\"az_AZ\" \/>\n<meta property=\"og:type\" content=\"article\" \/>\n<meta property=\"og:title\" content=\"&#039;&#039;Bir ail\u0259 ba\u015f\u00e7\u0131s\u0131 i\u015f tapa bilmirs\u0259, hans\u0131 inki\u015fafdan dan\u0131\u015f\u0131rlar?&#039;&#039; - MEYDAN.TV\" \/>\n<meta property=\"og:description\" content=\"A\u011fdam rayon sakini i\u015fsizlikd\u0259n gileyl\u0259nir\" \/>\n<meta property=\"og:url\" content=\"https:\/\/www.meydan.tv\/az\/article\/bir-aile-bascisi-is-tapa-bilmirse-hansi-inkisafdan-danisirlar\/\" \/>\n<meta property=\"og:site_name\" content=\"MEYDAN.TV\" \/>\n<meta property=\"article:published_time\" content=\"2018-09-25T17:39:47+00:00\" \/>\n<meta property=\"og:image\" content=\"https:\/\/www.meydan.tv\/wp-content\/uploads\/43769.jpg\" \/>\n\t<meta property=\"og:image:width\" content=\"960\" \/>\n\t<meta property=\"og:image:height\" content=\"720\" \/>\n\t<meta property=\"og:image:type\" content=\"image\/jpeg\" \/>\n<meta name=\"author\" content=\"user-manager\" \/>\n<meta name=\"twitter:card\" content=\"summary_large_image\" \/>\n<script type=\"application\/ld+json\" class=\"yoast-schema-graph\">{\"@context\":\"https:\\\/\\\/schema.org\",\"@graph\":[{\"@type\":\"Article\",\"@id\":\"https:\\\/\\\/www.meydan.tv\\\/az\\\/article\\\/bir-aile-bascisi-is-tapa-bilmirse-hansi-inkisafdan-danisirlar\\\/#article\",\"isPartOf\":{\"@id\":\"https:\\\/\\\/www.meydan.tv\\\/az\\\/article\\\/bir-aile-bascisi-is-tapa-bilmirse-hansi-inkisafdan-danisirlar\\\/\"},\"author\":{\"name\":\"user-manager\",\"@id\":\"https:\\\/\\\/www.meydan.tv\\\/az\\\/#\\\/schema\\\/person\\\/10d11eccf6da3662cf5fdab9806ea91a\"},\"headline\":\"&#8221;Bir ail\u0259 ba\u015f\u00e7\u0131s\u0131 i\u015f tapa bilmirs\u0259, hans\u0131 inki\u015fafdan dan\u0131\u015f\u0131rlar?&#8221;\",\"datePublished\":\"2018-09-25T17:39:47+00:00\",\"mainEntityOfPage\":{\"@id\":\"https:\\\/\\\/www.meydan.tv\\\/az\\\/article\\\/bir-aile-bascisi-is-tapa-bilmirse-hansi-inkisafdan-danisirlar\\\/\"},\"wordCount\":718,\"publisher\":{\"@id\":\"https:\\\/\\\/www.meydan.tv\\\/az\\\/#organization\"},\"image\":{\"@id\":\"https:\\\/\\\/www.meydan.tv\\\/az\\\/article\\\/bir-aile-bascisi-is-tapa-bilmirse-hansi-inkisafdan-danisirlar\\\/#primaryimage\"},\"thumbnailUrl\":\"https:\\\/\\\/www.meydan.tv\\\/wp-content\\\/uploads\\\/43769.jpg\",\"articleSection\":[\"B\u00f6lg\u0259\"],\"inLanguage\":\"az\"},{\"@type\":\"WebPage\",\"@id\":\"https:\\\/\\\/www.meydan.tv\\\/az\\\/article\\\/bir-aile-bascisi-is-tapa-bilmirse-hansi-inkisafdan-danisirlar\\\/\",\"url\":\"https:\\\/\\\/www.meydan.tv\\\/az\\\/article\\\/bir-aile-bascisi-is-tapa-bilmirse-hansi-inkisafdan-danisirlar\\\/\",\"name\":\"''Bir ail\u0259 ba\u015f\u00e7\u0131s\u0131 i\u015f tapa bilmirs\u0259, hans\u0131 inki\u015fafdan dan\u0131\u015f\u0131rlar?'' - MEYDAN.TV\",\"isPartOf\":{\"@id\":\"https:\\\/\\\/www.meydan.tv\\\/az\\\/#website\"},\"primaryImageOfPage\":{\"@id\":\"https:\\\/\\\/www.meydan.tv\\\/az\\\/article\\\/bir-aile-bascisi-is-tapa-bilmirse-hansi-inkisafdan-danisirlar\\\/#primaryimage\"},\"image\":{\"@id\":\"https:\\\/\\\/www.meydan.tv\\\/az\\\/article\\\/bir-aile-bascisi-is-tapa-bilmirse-hansi-inkisafdan-danisirlar\\\/#primaryimage\"},\"thumbnailUrl\":\"https:\\\/\\\/www.meydan.tv\\\/wp-content\\\/uploads\\\/43769.jpg\",\"datePublished\":\"2018-09-25T17:39:47+00:00\",\"breadcrumb\":{\"@id\":\"https:\\\/\\\/www.meydan.tv\\\/az\\\/article\\\/bir-aile-bascisi-is-tapa-bilmirse-hansi-inkisafdan-danisirlar\\\/#breadcrumb\"},\"inLanguage\":\"az\",\"potentialAction\":[{\"@type\":\"ReadAction\",\"target\":[\"https:\\\/\\\/www.meydan.tv\\\/az\\\/article\\\/bir-aile-bascisi-is-tapa-bilmirse-hansi-inkisafdan-danisirlar\\\/\"]}]},{\"@type\":\"ImageObject\",\"inLanguage\":\"az\",\"@id\":\"https:\\\/\\\/www.meydan.tv\\\/az\\\/article\\\/bir-aile-bascisi-is-tapa-bilmirse-hansi-inkisafdan-danisirlar\\\/#primaryimage\",\"url\":\"https:\\\/\\\/www.meydan.tv\\\/wp-content\\\/uploads\\\/43769.jpg\",\"contentUrl\":\"https:\\\/\\\/www.meydan.tv\\\/wp-content\\\/uploads\\\/43769.jpg\",\"width\":960,\"height\":720,\"caption\":\"Source:\"},{\"@type\":\"BreadcrumbList\",\"@id\":\"https:\\\/\\\/www.meydan.tv\\\/az\\\/article\\\/bir-aile-bascisi-is-tapa-bilmirse-hansi-inkisafdan-danisirlar\\\/#breadcrumb\",\"itemListElement\":[{\"@type\":\"ListItem\",\"position\":1,\"name\":\"Ana s\u0259hif\u0259\",\"item\":\"https:\\\/\\\/www.meydan.tv\\\/az\\\/\"},{\"@type\":\"ListItem\",\"position\":2,\"name\":\"B\u00f6lg\u0259\",\"item\":\"https:\\\/\\\/www.meydan.tv\\\/az\\\/section\\\/bolge\\\/\"},{\"@type\":\"ListItem\",\"position\":3,\"name\":\"&#8221;Bir ail\u0259 ba\u015f\u00e7\u0131s\u0131 i\u015f tapa bilmirs\u0259, hans\u0131 inki\u015fafdan dan\u0131\u015f\u0131rlar?&#8221;\"}]},{\"@type\":\"WebSite\",\"@id\":\"https:\\\/\\\/www.meydan.tv\\\/az\\\/#website\",\"url\":\"https:\\\/\\\/www.meydan.tv\\\/az\\\/\",\"name\":\"MEYDAN.TV\",\"description\":\"Meydan TV Az\u0259rbaycan\u0131n media m\u0259kan\u0131ndak\u0131 alternativ s\u0259sidir\",\"publisher\":{\"@id\":\"https:\\\/\\\/www.meydan.tv\\\/az\\\/#organization\"},\"potentialAction\":[{\"@type\":\"SearchAction\",\"target\":{\"@type\":\"EntryPoint\",\"urlTemplate\":\"https:\\\/\\\/www.meydan.tv\\\/az\\\/?s={search_term_string}\"},\"query-input\":{\"@type\":\"PropertyValueSpecification\",\"valueRequired\":true,\"valueName\":\"search_term_string\"}}],\"inLanguage\":\"az\"},{\"@type\":\"Organization\",\"@id\":\"https:\\\/\\\/www.meydan.tv\\\/az\\\/#organization\",\"name\":\"Meydan TV\",\"url\":\"https:\\\/\\\/www.meydan.tv\\\/az\\\/\",\"logo\":{\"@type\":\"ImageObject\",\"inLanguage\":\"az\",\"@id\":\"https:\\\/\\\/www.meydan.tv\\\/az\\\/#\\\/schema\\\/logo\\\/image\\\/\",\"url\":\"https:\\\/\\\/www.meydan.tv\\\/wp-content\\\/uploads\\\/2021\\\/07\\\/meydan-logo.svg\",\"contentUrl\":\"https:\\\/\\\/www.meydan.tv\\\/wp-content\\\/uploads\\\/2021\\\/07\\\/meydan-logo.svg\",\"width\":195,\"height\":46,\"caption\":\"Meydan TV\"},\"image\":{\"@id\":\"https:\\\/\\\/www.meydan.tv\\\/az\\\/#\\\/schema\\\/logo\\\/image\\\/\"}},{\"@type\":\"Person\",\"@id\":\"https:\\\/\\\/www.meydan.tv\\\/az\\\/#\\\/schema\\\/person\\\/10d11eccf6da3662cf5fdab9806ea91a\",\"name\":\"user-manager\"}]}<\/script>\n<!-- \/ Yoast SEO plugin. -->","yoast_head_json":{"title":"''Bir ail\u0259 ba\u015f\u00e7\u0131s\u0131 i\u015f tapa bilmirs\u0259, hans\u0131 inki\u015fafdan dan\u0131\u015f\u0131rlar?'' - MEYDAN.TV","robots":{"index":"index","follow":"follow","max-snippet":"max-snippet:-1","max-image-preview":"max-image-preview:large","max-video-preview":"max-video-preview:-1"},"canonical":"https:\/\/www.meydan.tv\/az\/article\/bir-aile-bascisi-is-tapa-bilmirse-hansi-inkisafdan-danisirlar\/","og_locale":"az_AZ","og_type":"article","og_title":"''Bir ail\u0259 ba\u015f\u00e7\u0131s\u0131 i\u015f tapa bilmirs\u0259, hans\u0131 inki\u015fafdan dan\u0131\u015f\u0131rlar?'' - MEYDAN.TV","og_description":"A\u011fdam rayon sakini i\u015fsizlikd\u0259n gileyl\u0259nir","og_url":"https:\/\/www.meydan.tv\/az\/article\/bir-aile-bascisi-is-tapa-bilmirse-hansi-inkisafdan-danisirlar\/","og_site_name":"MEYDAN.TV","article_published_time":"2018-09-25T17:39:47+00:00","og_image":[{"width":960,"height":720,"url":"https:\/\/www.meydan.tv\/wp-content\/uploads\/43769.jpg","type":"image\/jpeg"}],"author":"user-manager","twitter_card":"summary_large_image","schema":{"@context":"https:\/\/schema.org","@graph":[{"@type":"Article","@id":"https:\/\/www.meydan.tv\/az\/article\/bir-aile-bascisi-is-tapa-bilmirse-hansi-inkisafdan-danisirlar\/#article","isPartOf":{"@id":"https:\/\/www.meydan.tv\/az\/article\/bir-aile-bascisi-is-tapa-bilmirse-hansi-inkisafdan-danisirlar\/"},"author":{"name":"user-manager","@id":"https:\/\/www.meydan.tv\/az\/#\/schema\/person\/10d11eccf6da3662cf5fdab9806ea91a"},"headline":"&#8221;Bir ail\u0259 ba\u015f\u00e7\u0131s\u0131 i\u015f tapa bilmirs\u0259, hans\u0131 inki\u015fafdan dan\u0131\u015f\u0131rlar?&#8221;","datePublished":"2018-09-25T17:39:47+00:00","mainEntityOfPage":{"@id":"https:\/\/www.meydan.tv\/az\/article\/bir-aile-bascisi-is-tapa-bilmirse-hansi-inkisafdan-danisirlar\/"},"wordCount":718,"publisher":{"@id":"https:\/\/www.meydan.tv\/az\/#organization"},"image":{"@id":"https:\/\/www.meydan.tv\/az\/article\/bir-aile-bascisi-is-tapa-bilmirse-hansi-inkisafdan-danisirlar\/#primaryimage"},"thumbnailUrl":"https:\/\/www.meydan.tv\/wp-content\/uploads\/43769.jpg","articleSection":["B\u00f6lg\u0259"],"inLanguage":"az"},{"@type":"WebPage","@id":"https:\/\/www.meydan.tv\/az\/article\/bir-aile-bascisi-is-tapa-bilmirse-hansi-inkisafdan-danisirlar\/","url":"https:\/\/www.meydan.tv\/az\/article\/bir-aile-bascisi-is-tapa-bilmirse-hansi-inkisafdan-danisirlar\/","name":"''Bir ail\u0259 ba\u015f\u00e7\u0131s\u0131 i\u015f tapa bilmirs\u0259, hans\u0131 inki\u015fafdan dan\u0131\u015f\u0131rlar?'' - MEYDAN.TV","isPartOf":{"@id":"https:\/\/www.meydan.tv\/az\/#website"},"primaryImageOfPage":{"@id":"https:\/\/www.meydan.tv\/az\/article\/bir-aile-bascisi-is-tapa-bilmirse-hansi-inkisafdan-danisirlar\/#primaryimage"},"image":{"@id":"https:\/\/www.meydan.tv\/az\/article\/bir-aile-bascisi-is-tapa-bilmirse-hansi-inkisafdan-danisirlar\/#primaryimage"},"thumbnailUrl":"https:\/\/www.meydan.tv\/wp-content\/uploads\/43769.jpg","datePublished":"2018-09-25T17:39:47+00:00","breadcrumb":{"@id":"https:\/\/www.meydan.tv\/az\/article\/bir-aile-bascisi-is-tapa-bilmirse-hansi-inkisafdan-danisirlar\/#breadcrumb"},"inLanguage":"az","potentialAction":[{"@type":"ReadAction","target":["https:\/\/www.meydan.tv\/az\/article\/bir-aile-bascisi-is-tapa-bilmirse-hansi-inkisafdan-danisirlar\/"]}]},{"@type":"ImageObject","inLanguage":"az","@id":"https:\/\/www.meydan.tv\/az\/article\/bir-aile-bascisi-is-tapa-bilmirse-hansi-inkisafdan-danisirlar\/#primaryimage","url":"https:\/\/www.meydan.tv\/wp-content\/uploads\/43769.jpg","contentUrl":"https:\/\/www.meydan.tv\/wp-content\/uploads\/43769.jpg","width":960,"height":720,"caption":"Source:"},{"@type":"BreadcrumbList","@id":"https:\/\/www.meydan.tv\/az\/article\/bir-aile-bascisi-is-tapa-bilmirse-hansi-inkisafdan-danisirlar\/#breadcrumb","itemListElement":[{"@type":"ListItem","position":1,"name":"Ana s\u0259hif\u0259","item":"https:\/\/www.meydan.tv\/az\/"},{"@type":"ListItem","position":2,"name":"B\u00f6lg\u0259","item":"https:\/\/www.meydan.tv\/az\/section\/bolge\/"},{"@type":"ListItem","position":3,"name":"&#8221;Bir ail\u0259 ba\u015f\u00e7\u0131s\u0131 i\u015f tapa bilmirs\u0259, hans\u0131 inki\u015fafdan dan\u0131\u015f\u0131rlar?&#8221;"}]},{"@type":"WebSite","@id":"https:\/\/www.meydan.tv\/az\/#website","url":"https:\/\/www.meydan.tv\/az\/","name":"MEYDAN.TV","description":"Meydan TV Az\u0259rbaycan\u0131n media m\u0259kan\u0131ndak\u0131 alternativ s\u0259sidir","publisher":{"@id":"https:\/\/www.meydan.tv\/az\/#organization"},"potentialAction":[{"@type":"SearchAction","target":{"@type":"EntryPoint","urlTemplate":"https:\/\/www.meydan.tv\/az\/?s={search_term_string}"},"query-input":{"@type":"PropertyValueSpecification","valueRequired":true,"valueName":"search_term_string"}}],"inLanguage":"az"},{"@type":"Organization","@id":"https:\/\/www.meydan.tv\/az\/#organization","name":"Meydan TV","url":"https:\/\/www.meydan.tv\/az\/","logo":{"@type":"ImageObject","inLanguage":"az","@id":"https:\/\/www.meydan.tv\/az\/#\/schema\/logo\/image\/","url":"https:\/\/www.meydan.tv\/wp-content\/uploads\/2021\/07\/meydan-logo.svg","contentUrl":"https:\/\/www.meydan.tv\/wp-content\/uploads\/2021\/07\/meydan-logo.svg","width":195,"height":46,"caption":"Meydan TV"},"image":{"@id":"https:\/\/www.meydan.tv\/az\/#\/schema\/logo\/image\/"}},{"@type":"Person","@id":"https:\/\/www.meydan.tv\/az\/#\/schema\/person\/10d11eccf6da3662cf5fdab9806ea91a","name":"user-manager"}]}},"_links":{"self":[{"href":"https:\/\/www.meydan.tv\/az\/wp-json\/wp\/v2\/posts\/191813","targetHints":{"allow":["GET"]}}],"collection":[{"href":"https:\/\/www.meydan.tv\/az\/wp-json\/wp\/v2\/posts"}],"about":[{"href":"https:\/\/www.meydan.tv\/az\/wp-json\/wp\/v2\/types\/post"}],"author":[{"embeddable":true,"href":"https:\/\/www.meydan.tv\/az\/wp-json\/wp\/v2\/users\/11"}],"replies":[{"embeddable":true,"href":"https:\/\/www.meydan.tv\/az\/wp-json\/wp\/v2\/comments?post=191813"}],"version-history":[{"count":0,"href":"https:\/\/www.meydan.tv\/az\/wp-json\/wp\/v2\/posts\/191813\/revisions"}],"wp:featuredmedia":[{"embeddable":true,"href":"https:\/\/www.meydan.tv\/az\/wp-json\/wp\/v2\/media\/110060"}],"wp:attachment":[{"href":"https:\/\/www.meydan.tv\/az\/wp-json\/wp\/v2\/media?parent=191813"}],"wp:term":[{"taxonomy":"category","embeddable":true,"href":"https:\/\/www.meydan.tv\/az\/wp-json\/wp\/v2\/categories?post=191813"},{"taxonomy":"post_tag","embeddable":true,"href":"https:\/\/www.meydan.tv\/az\/wp-json\/wp\/v2\/tags?post=191813"}],"curies":[{"name":"wp","href":"https:\/\/api.w.org\/{rel}","templated":true}]}}