{"id":191811,"date":"2018-09-25T17:28:26","date_gmt":"2018-09-25T17:28:26","guid":{"rendered":"https:\/\/www.meydan.tv\/article\/ilham-eliyevin-qarabagla-bagli-addim-addim-siyaseti\/"},"modified":"2018-09-25T17:28:26","modified_gmt":"2018-09-25T17:28:26","slug":"ilham-eliyevin-qarabagla-bagli-addim-addim-siyaseti","status":"publish","type":"post","link":"https:\/\/www.meydan.tv\/az\/article\/ilham-eliyevin-qarabagla-bagli-addim-addim-siyaseti\/","title":{"rendered":"\u0130lham \u018fliyevin Qaraba\u011fla ba\u011fl\u0131 &#8221;add\u0131m-add\u0131m&#8221; siyas\u0259ti"},"content":{"rendered":"<figure class=\"wp-block-image size-large\">\n  <img decoding=\"async\" src=\"https:\/\/www.meydan.tv\/az\/zakir-hesenov-ve-ilham-eliyev\/\" alt=\"Zakir H\u0259s\u0259nov v\u0259 \u0130lham \u018fliyev\" class=\"wp-image-110045\"\/><figcaption>\n    Zakir H\u0259s\u0259nov v\u0259 \u0130lham \u018fliyev<br \/>\n  <\/figcaption><\/figure>\n<p>\n  <i><br \/>\n    Bu gedi\u015fl\u0259 torpaqlar\u0131m\u0131z\u0131n i\u015f\u011faldan azad edilm\u0259sin\u0259 ill\u0259r yox, \u0259srl\u0259r g\u0259r\u0259kdir<br \/>\n  <\/i>\n<\/p>\n<p>\n  \u201cBu g\u00fcn Az\u0259rbaycan Ordusu beyn\u0259lxalq reytinql\u0259r\u0259 g\u00f6r\u0259 d\u00fcnya miqyas\u0131nda 50 \u0259n g\u00fccl\u00fc ordu s\u0131ras\u0131ndad\u0131r\u201d. Bu s\u00f6zl\u0259ri prezident \u0130lham \u018fliyev Bak\u0131n\u0131n i\u015f\u011faldan azad edilm\u0259sinin 100 illiyi il\u0259 ba\u011fl\u0131 sentyabr\u0131n 15-d\u0259 paytaxtda ke\u00e7iril\u0259n bayram t\u0259dbirind\u0259 deyib. Beyn\u0259lxalq reytinq dedikd\u0259 n\u0259yin n\u0259z\u0259rd\u0259 tutuldu\u011funu, hans\u0131 g\u00f6st\u0259ricil\u0259rin \u0259sas, Az\u0259rbaycan ordusunun hans\u0131 g\u00fcc\u0259 sahib oldu\u011funu dem\u0259yib. Erm\u0259nistan\u0131n ad\u0131n\u0131n o reytinq c\u0259dv\u0259lind\u0259 olub-olmad\u0131\u011f\u0131n\u0131 da dem\u0259yib. G\u00f6r\u00fcn\u00fcr, torpaqlar\u0131m\u0131z\u0131 i\u015f\u011fal ed\u0259n d\u00f6vl\u0259tin ad\u0131 o siyah\u0131da he\u00e7 a\u015fa\u011f\u0131 yerl\u0259rd\u0259 d\u0259 olmay\u0131b, yoxsa dey\u0259r, h\u0259l\u0259 bir m\u00fcqayis\u0259 d\u0259 aparard\u0131lar. Uzun ill\u0259rdir apard\u0131qlar\u0131 \u201cordumuzun b\u00fcdc\u0259si Erm\u0259nistan\u0131n d\u00f6vl\u0259t b\u00fcdc\u0259sind\u0259n \u00e7oxdur\u201d tipli m\u00fcqayis\u0259l\u0259r kimi&#8230;\n<\/p>\n<p>\n  Ordu d\u00f6vl\u0259tin ba\u015fl\u0131ca dayaqlar\u0131ndand\u0131r, bunu ham\u0131, yax\u0131n-uzaq \u00f6lk\u0259l\u0259r d\u0259 bilir, h\u0259qiq\u0259t\u0259n g\u00fccl\u00fc ordusu olan d\u00f6vl\u0259tl\u0259 h\u0259r k\u0259s hesabla\u015f\u0131r. Ancaq Az\u0259rbaycan bu bax\u0131mdan he\u00e7 d\u0259 yax\u015f\u0131 durumda deyil. 25 ild\u0259n art\u0131qd\u0131r tarixi torpaqlar\u0131m\u0131z &#8211; Da\u011fl\u0131q Qaraba\u011f v\u0259 \u0259traf rayonlar\u0131m\u0131z i\u015f\u011fal alt\u0131ndad\u0131r. Ancaq biz Laz\u0131m adl\u0131 g\u00f6z\u0259g\u00f6r\u00fcnm\u0259zi g\u00f6zl\u0259yirik. Daha do\u011frusu, hakimiyy\u0259td\u0259 olanlar b\u00fct\u00fcn \u00fcmidl\u0259ri Laz\u0131ma ba\u011flay\u0131b. Ke\u00e7mi\u015f prezident Heyd\u0259r \u018fliyevin vaxt\u0131ndan xalq Laz\u0131m intizar\u0131ndad\u0131r. Baxmayaraq ki, d\u00fcnyada bel\u0259 m\u00fcnaqi\u015f\u0259li probleml\u0259ri h\u0259mi\u015f\u0259 ordu h\u0259ll edib. Ancaq, g\u00f6r\u00fcn\u00fcr, Laz\u0131ma g\u00fcv\u0259nm\u0259kl\u0259 yana\u015f\u0131 d\u00f6vl\u0259t ba\u015f\u00e7\u0131lar\u0131m\u0131z da bunun f\u0259rqind\u0259 olub.\n<\/p>\n<p>\n  &#8220;1993-c\u00fc ilin sonlar\u0131ndan ba\u015flayaraq h\u0259yata ke\u00e7irilmi\u015f x\u00fcsusi t\u0259dbirl\u0259r n\u0259tic\u0259sind\u0259 milli ordu quruculu\u011fu keyfiyy\u0259tc\u0259 yeni m\u0259rh\u0259l\u0259y\u0259 q\u0259d\u0259m qoydu, q\u0131sa m\u00fcdd\u0259td\u0259 vahid komandanl\u0131\u011fa tabe olan nizami ordu formala\u015fd\u0131r\u0131ld\u0131. Haz\u0131rda Az\u0259rbaycan\u0131n Silahl\u0131 Q\u00fcvv\u0259l\u0259ri m\u00fcasir h\u0259rbi texnika il\u0259 t\u0259chiz edilmi\u015f, m\u00f6hk\u0259m nizam-intizam, y\u00fcks\u0259k d\u00f6y\u00fc\u015f ruhu il\u0259 se\u00e7il\u0259n, d\u00fc\u015fm\u0259n\u0259 sars\u0131d\u0131c\u0131 z\u0259rb\u0259 vurma\u011fa qadir olan bir ordudur. Milli ordumuz m\u00fcst\u0259qil d\u00f6vl\u0259timizin \u0259n b\u00f6y\u00fck daya\u011f\u0131, xalq\u0131m\u0131z\u0131n t\u0259hl\u00fck\u0259sizliyinin v\u0259 \u00f6lk\u0259mizin \u0259razi b\u00fct\u00f6vl\u00fcy\u00fcn\u00fcn t\u0259minat\u00e7\u0131s\u0131d\u0131r&#8221;. Heyd\u0259r \u018fliyevin s\u00f6zl\u0259ridir, t\u0259xmin\u0259n 20 il qabaq deyib. Onun \u00f6l\u00fcm\u00fcnd\u0259n v\u0259 yerin\u0259 o\u011flu \u0130lham \u018fliyev ke\u00e7dikd\u0259n sonra eyni fikirl\u0259r, s\u00f6zb\u0259s\u00f6z olmasa da, ill\u0259rdir t\u0259krarlan\u0131r:\n<\/p>\n<p>\n  \u201cAz\u0259rbaycan Ordusu n\u0259inki b\u00f6lg\u0259d\u0259, h\u0259m h\u0259rbi potensial\u0131na, d\u00f6y\u00fc\u015f qabiliyy\u0259tin\u0259, t\u0259chizata g\u00f6r\u0259 d\u00fcnya miqyas\u0131nda g\u00fccl\u00fc ordular s\u0131ras\u0131ndad\u0131r. \u018fmin\u0259m ki, Az\u0259rbaycan g\u00fccl\u0259ndikc\u0259 ordumuz da g\u00fccl\u0259n\u0259c\u0259k v\u0259 ordumuz ist\u0259nil\u0259n v\u0259zif\u0259ni h\u0259ll etm\u0259y\u0259 haz\u0131rd\u0131r, buna qadirdir\u201d(26 iyun 2013).\n<\/p>\n<p>\n  \u0130st\u0259nil\u0259n v\u0259zif\u0259ni yerin\u0259 yetirm\u0259y\u0259 haz\u0131r v\u0259 buna qadir olan ordu n\u0259d\u0259ns\u0259 i\u015f\u011faldak\u0131 torpaqlar\u0131 azad etm\u0259k ist\u0259mir. N\u0259 Ali Ba\u015f Komandan \u0259mr verir, n\u0259 d\u0259 Laz\u0131m g\u0259lir&#8230;\n<\/p>\n<p>\n  \u201cOrdu quruculu\u011fu i\u015find\u0259 b\u00f6y\u00fck u\u011furlar\u0131m\u0131z vard\u0131r. Az\u0259rbaycan Ordusu bu g\u00fcn d\u00fcnyan\u0131n g\u00fccl\u00fc ordular\u0131 s\u0131ras\u0131ndad\u0131r\u201d( \u0130lham \u018fliyevin D\u00fcnya Az\u0259rbaycanl\u0131lar\u0131n\u0131n H\u0259mr\u0259ylik G\u00fcn\u00fc v\u0259 Yeni il m\u00fcnasib\u0259til\u0259 Az\u0259rbaycan xalq\u0131na t\u0259brikind\u0259n. 31.12.2013.).\n<\/p>\n<p>\n  2017-ci ild\u0259s\u0259 ordu g\u00fcn\u00fc il\u0259 ba\u011fl\u0131 a\u00e7\u0131qlamas\u0131nda \u0130lham \u018fliyev, \u0259slind\u0259, bu il dan\u0131\u015fd\u0131qlar\u0131n\u0131 demi\u015fdi:\n<\/p>\n<p>\n  \u201cApar\u0131c\u0131 reytinq agentlikl\u0259rin\u0259 g\u00f6r\u0259, Az\u0259rbaycan Ordusu 50 \u0259n g\u00fccl\u00fc ordu s\u0131ras\u0131ndad\u0131r. B\u00fcdc\u0259mizin \u0259n b\u00f6y\u00fck x\u0259rcl\u0259ri h\u0259rbi x\u0259rcl\u0259rdir. Bu da t\u0259biidir. \u00c7\u00fcnki biz m\u00fcharib\u0259 \u015f\u0259raitind\u0259 ya\u015fay\u0131r\u0131q. Son ill\u0259r \u0259rzind\u0259 ordumuzun maddi-texniki bazas\u0131n\u0131n m\u00f6hk\u0259ml\u0259ndirilm\u0259si istiqam\u0259tind\u0259 \u00e7ox b\u00f6y\u00fck i\u015fl\u0259r g\u00f6r\u00fclm\u00fc\u015fd\u00fcr. H\u0259m yerli istehsal, h\u0259m d\u0259 xaricd\u0259n g\u0259tiril\u0259n h\u0259rbi texnika hesab\u0131na biz bu g\u00fcn t\u0259minat bax\u0131m\u0131ndan \u0259n y\u00fcks\u0259k s\u0259viyy\u0259d\u0259yik\u201d(26.06.2017). Burda n\u0259s\u0259 uy\u011funsuzluq var. Ke\u00e7\u0259n bir ild\u0259 apar\u0131lan \u201cu\u011furlu daxili v\u0259 xarici siyas\u0259t\u201d n\u0259tic\u0259sind\u0259 ordumuz \u0259n az\u0131 25 \u0259n g\u00fccl\u00fc ordu s\u0131ras\u0131nda olmal\u0131yd\u0131. Yen\u0259 50-l\u0259r s\u0131ras\u0131nda qalmaq yerind\u0259 saymaq dem\u0259kdir&#8230;\n<\/p>\n<p>\n  \u201cAz\u0259rbaycan Ordusu bir-birinin ard\u0131nca el\u0259 q\u0259l\u0259b\u0259l\u0259r\u0259 imza at\u0131r ki, bu ciddi u\u011furlar problemin h\u0259llind\u0259 yeni m\u0259rh\u0259l\u0259 yaradacaq keyfiyy\u0259t d\u0259yi\u015fiklikl\u0259ri formala\u015fd\u0131r\u0131r. Bel\u0259 ki, Aprel d\u00f6y\u00fc\u015fl\u0259ri il\u0259 ba\u015flayan bu yeni m\u0259rh\u0259l\u0259 G\u00fcnn\u00fct k\u0259ndinin v\u0259 \u0259traf y\u00fcks\u0259klikl\u0259rin i\u015f\u011faldan azad edilm\u0259si il\u0259 davam edir. \u201cBiz add\u0131m-add\u0131m m\u0259qs\u0259dl\u0259rimiz\u0259 do\u011fru ir\u0259lil\u0259yirik\u201d (26.06.2018).\n<\/p>\n<p>\n  M\u0259qs\u0259d\u0259 do\u011fru add\u0131m-ad\u0131m ir\u0259lil\u0259y\u0259n ordumuz at\u0259\u015fk\u0259sd\u0259n ke\u00e7\u0259n 24 ild\u0259 c\u0259mi 2 k\u0259nd azad edib \u2013 Cocuq M\u0259rcanl\u0131 v\u0259 G\u00fcnn\u00fct. \u018fslind\u0259, bu k\u0259ndl\u0259rin he\u00e7 biri i\u015f\u011falda olmay\u0131b, sad\u0259c\u0259 h\u0259min \u0259razil\u0259rd\u0259 y\u00fcks\u0259klikl\u0259r\u0259 d\u00fc\u015fm\u0259n n\u0259zar\u0259t etdiyind\u0259n bu m\u0259nt\u0259q\u0259l\u0259r bo\u015f qal\u0131b. Lap i\u015f\u011faldan azad edilm\u0259k kimi q\u0259bul ets\u0259k, 24 il\u0259 2 k\u0259nd \u00e7ox z\u0259if g\u00f6st\u0259ricidir. Analoqu olmayan iqtisadi inki\u015faf\u0131m\u0131z\u0131 g\u00f6z\u00fc g\u00f6t\u00fcrm\u0259y\u0259nl\u0259rin \u201cb\u0259lk\u0259, bir az yava\u015flayas\u0131z\u201d irad\u0131n\u0131 q\u0259bul edib bunu ordunun yava\u015flamas\u0131na y\u00f6n\u0259ltm\u0259k he\u00e7 d\u0259 u\u011furlu gedi\u015f, a\u011f\u0131ll\u0131 siyas\u0259t deyil. Hakimiyy\u0259td\u0259kil\u0259r \u00f6zl\u0259ri bununla bar\u0131\u015fmamal\u0131d\u0131r. Bu gedi\u015fl\u0259 t\u0259kc\u0259 K\u0259lb\u0259c\u0259rin 161 ya\u015fay\u0131\u015f m\u0259nt\u0259q\u0259sinin i\u015f\u011faldan azad edilm\u0259si \u00fc\u00e7\u00fcn biz\u0259 bilirsinizmi ne\u00e7\u0259 il g\u0259r\u0259kdir? 100 il\u0259 he\u00e7 10 k\u0259nd d\u00fc\u015fm\u00fcr&#8230; \u0130\u015f\u011faldasa ya\u015fay\u0131\u015f m\u0259nt\u0259q\u0259l\u0259rimiz \u00e7oxdur. Lap \u00e7ox&#8230;\n<\/p>\n<p>\n  \u015eu\u015fa &#8211; \u015eu\u015fa rayonunun \u0259razisind\u0259 bir \u015f\u0259h\u0259r v\u0259 31 k\u0259nd var. 1992-ci il may\u0131n 8-d\u0259n rayon i\u015f\u011fal alt\u0131ndad\u0131r.\n<\/p>\n<p>\n  La\u00e7\u0131n &#8211; La\u00e7\u0131n rayonu 18 may 1992-ci ild\u0259 Erm\u0259nistan Respublikas\u0131 Silahl\u0131 Q\u00fcvv\u0259l\u0259ri i\u015f\u011fal edib. Rayonda bir \u015f\u0259h\u0259r, bir q\u0259s\u0259b\u0259 (Qay\u011f\u0131 q\u0259s\u0259b\u0259si), 125 k\u0259nd olub.\n<\/p>\n<p>\n  K\u0259lb\u0259c\u0259r &#8211; 1993-c\u00fc ild\u0259 Erm\u0259nistan Respublikas\u0131 Silahl\u0131 Q\u00fcvv\u0259l\u0259ri rayonu i\u015f\u011fal edib. Rayonda 161 ya\u015fay\u0131\u015f m\u0259nt\u0259q\u0259si var.\n<\/p>\n<p>\n  A\u011fdam &#8211; A\u011fdam\u0131n b\u00f6y\u00fck bir hiss\u0259si erm\u0259ni i\u015f\u011fal\u0131ndad\u0131r. Rayonun 132 k\u0259ndind\u0259n yaln\u0131z 10 k\u0259ndi Az\u0259rbaycan\u0131n n\u0259zar\u0259ti alt\u0131ndad\u0131r.\n<\/p>\n<p>\n  F\u00fczuli &#8211; Rayonda 1 \u015f\u0259h\u0259r, 1 \u015f\u0259h\u0259r tipli q\u0259s\u0259b\u0259, 75 k\u0259nd v\u0259 ba\u015fqa ya\u015fay\u0131\u015f m\u0259nt\u0259q\u0259l\u0259ri var. F\u00fczulinin i\u015f\u011faldan azad olunmu\u015f \u0259razisind\u0259 13 q\u0259s\u0259b\u0259 v\u0259 20 k\u0259nd var.\n<\/p>\n<p>\n  C\u0259bray\u0131l &#8211; 23 avqust 1993-c\u00fc il tarixind\u0259 rayonu Erm\u0259nistan ordusu i\u015f\u011fal edib. Rayon \u0259razisind\u0259 1 \u015f\u0259h\u0259r, 4 q\u0259s\u0259b\u0259 v\u0259 92 k\u0259nd olmaqla 97 ya\u015fay\u0131\u015f m\u0259nt\u0259q\u0259si yerl\u0259\u015fir.\n<\/p>\n<p>\n  Qubadl\u0131 &#8211; Rayonda 1 \u015f\u0259h\u0259r, 93 k\u0259nd, 31 inzibati-\u0259razi dair\u0259si olub. Rayonu 31 avqust 1993-c\u00fc ild\u0259 Erm\u0259nistan silahl\u0131 q\u00fcvv\u0259l\u0259ri i\u015f\u011fal edib.\n<\/p>\n<p>\n  Z\u0259ngilan &#8211; 29 oktyabr 1993-c\u00fc ild\u0259 erm\u0259ni sillahl\u0131 q\u00fcvv\u0259l\u0259ri Z\u0259ngilan\u0131 i\u015f\u011fal edib. Z\u0259ngilan rayonunda bir \u015f\u0259h\u0259r, 5 q\u0259s\u0259b\u0259 v\u0259 79 k\u0259nd olub.\n<\/p>\n<p>\n  Qazax &#8211; Erm\u0259nistan 1990-c\u0131 ild\u0259 mart\u0131n 23-d\u0259n 24-\u0259 ke\u00e7\u0259n gec\u0259 Ba\u011fan\u0131s Ayr\u0131m k\u0259ndini i\u015f\u011fal edib. 1992-ci ilin aprel ay\u0131nda is\u0259 erm\u0259nil\u0259r rayonun Barxudarl\u0131 v\u0259 Sofulu k\u0259ndl\u0259rini i\u015f\u011fal edib. Sonrak\u0131 ill\u0259rd\u0259 erm\u0259nil\u0259r Qazax\u0131n A\u015fa\u011f\u0131 \u018fskipara, Xeyrimli, Q\u0131z\u0131lhac\u0131l\u0131, Yuxar\u0131 \u018fskipara k\u0259ndl\u0259rini d\u0259 i\u015f\u011fal edib.\n<\/p>\n<p>\n  T\u0259rt\u0259r &#8211; Milli M\u0259clisinin 13 oktyabr 1992-ci il tarixli q\u0259rar\u0131 il\u0259 A\u011fd\u0259r\u0259 rayonu l\u0259\u011fv edil\u0259r\u0259k h\u0259min rayonun A\u011fd\u0259r\u0259 q\u0259s\u0259b\u0259si v\u0259 28 k\u0259ndi T\u0259rt\u0259r rayonunun inzibati t\u0259rkibin\u0259 verilib. A\u011fd\u0259r\u0259 rayonu \u0259razisind\u0259n veril\u0259n ya\u015fay\u0131\u015f m\u0259nt\u0259q\u0259l\u0259ri d\u0259 daxil olmaqla haz\u0131rda rayonda 2 \u015f\u0259h\u0259r, 1 q\u0259s\u0259b\u0259 v\u0259 74 k\u0259nd var. A\u011fd\u0259r\u0259 \u015f\u0259h\u0259ri v\u0259 k\u0259ndl\u0259rd\u0259n 13-\u00fc erm\u0259ni i\u015f\u011fal\u0131 alt\u0131ndad\u0131r.\n<\/p>\n<p>\n  B\u0259lk\u0259, i\u015f\u011fal siyah\u0131s\u0131na bir daha baxas\u0131z, c\u0259nab Ali Ba\u015f Komandan, \u0259n az\u0131 add\u0131mlar\u0131 s\u00fcr\u0259tl\u0259ndirm\u0259k \u00fc\u00e7\u00fcn&#8230;\n<\/p><\/p>\n","protected":false},"excerpt":{"rendered":"<p>Bu gedi\u015fl\u0259 torpaqlar\u0131m\u0131z\u0131n i\u015f\u011faldan azad edilm\u0259sin\u0259 ill\u0259r yox, \u0259srl\u0259r g\u0259r\u0259kdir<\/p>\n","protected":false},"author":11,"featured_media":110045,"comment_status":"closed","ping_status":"open","sticky":false,"template":"","format":"standard","meta":{"_acf_changed":false,"_sitemap_exclude":false,"_sitemap_priority":"","_sitemap_frequency":"","footnotes":""},"categories":[51],"tags":[],"class_list":["post-191811","post","type-post","status-publish","format-standard","has-post-thumbnail","hentry","category-analitika","infinite-scroll-item","generate-columns","tablet-grid-50","mobile-grid-100","grid-parent","grid-33","no-featured-image-padding"],"acf":[],"yoast_head":"<!-- This site is optimized with the Yoast SEO plugin v27.4 - https:\/\/yoast.com\/product\/yoast-seo-wordpress\/ -->\n<title>\u0130lham \u018fliyevin Qaraba\u011fla ba\u011fl\u0131 &#039;&#039;add\u0131m-add\u0131m&#039;&#039; siyas\u0259ti - MEYDAN.TV<\/title>\n<meta name=\"robots\" content=\"index, follow, max-snippet:-1, max-image-preview:large, max-video-preview:-1\" \/>\n<link rel=\"canonical\" href=\"https:\/\/www.meydan.tv\/az\/article\/ilham-eliyevin-qarabagla-bagli-addim-addim-siyaseti\/\" \/>\n<meta property=\"og:locale\" content=\"az_AZ\" \/>\n<meta property=\"og:type\" content=\"article\" \/>\n<meta property=\"og:title\" content=\"\u0130lham \u018fliyevin Qaraba\u011fla ba\u011fl\u0131 &#039;&#039;add\u0131m-add\u0131m&#039;&#039; siyas\u0259ti - MEYDAN.TV\" \/>\n<meta property=\"og:description\" content=\"Bu gedi\u015fl\u0259 torpaqlar\u0131m\u0131z\u0131n i\u015f\u011faldan azad edilm\u0259sin\u0259 ill\u0259r yox, \u0259srl\u0259r g\u0259r\u0259kdir\" \/>\n<meta property=\"og:url\" content=\"https:\/\/www.meydan.tv\/az\/article\/ilham-eliyevin-qarabagla-bagli-addim-addim-siyaseti\/\" \/>\n<meta property=\"og:site_name\" content=\"MEYDAN.TV\" \/>\n<meta property=\"article:published_time\" content=\"2018-09-25T17:28:26+00:00\" \/>\n<meta property=\"og:image\" content=\"https:\/\/www.meydan.tv\/wp-content\/uploads\/43767.jpg\" \/>\n\t<meta property=\"og:image:width\" content=\"1023\" \/>\n\t<meta property=\"og:image:height\" content=\"575\" \/>\n\t<meta property=\"og:image:type\" content=\"image\/jpeg\" \/>\n<meta name=\"author\" content=\"user-manager\" \/>\n<meta name=\"twitter:card\" content=\"summary_large_image\" \/>\n<script type=\"application\/ld+json\" class=\"yoast-schema-graph\">{\"@context\":\"https:\\\/\\\/schema.org\",\"@graph\":[{\"@type\":\"Article\",\"@id\":\"https:\\\/\\\/www.meydan.tv\\\/az\\\/article\\\/ilham-eliyevin-qarabagla-bagli-addim-addim-siyaseti\\\/#article\",\"isPartOf\":{\"@id\":\"https:\\\/\\\/www.meydan.tv\\\/az\\\/article\\\/ilham-eliyevin-qarabagla-bagli-addim-addim-siyaseti\\\/\"},\"author\":{\"name\":\"user-manager\",\"@id\":\"https:\\\/\\\/www.meydan.tv\\\/az\\\/#\\\/schema\\\/person\\\/10d11eccf6da3662cf5fdab9806ea91a\"},\"headline\":\"\u0130lham \u018fliyevin Qaraba\u011fla ba\u011fl\u0131 &#8221;add\u0131m-add\u0131m&#8221; siyas\u0259ti\",\"datePublished\":\"2018-09-25T17:28:26+00:00\",\"mainEntityOfPage\":{\"@id\":\"https:\\\/\\\/www.meydan.tv\\\/az\\\/article\\\/ilham-eliyevin-qarabagla-bagli-addim-addim-siyaseti\\\/\"},\"wordCount\":1584,\"publisher\":{\"@id\":\"https:\\\/\\\/www.meydan.tv\\\/az\\\/#organization\"},\"image\":{\"@id\":\"https:\\\/\\\/www.meydan.tv\\\/az\\\/article\\\/ilham-eliyevin-qarabagla-bagli-addim-addim-siyaseti\\\/#primaryimage\"},\"thumbnailUrl\":\"https:\\\/\\\/www.meydan.tv\\\/wp-content\\\/uploads\\\/43767.jpg\",\"articleSection\":[\"Analitika\"],\"inLanguage\":\"az\"},{\"@type\":\"WebPage\",\"@id\":\"https:\\\/\\\/www.meydan.tv\\\/az\\\/article\\\/ilham-eliyevin-qarabagla-bagli-addim-addim-siyaseti\\\/\",\"url\":\"https:\\\/\\\/www.meydan.tv\\\/az\\\/article\\\/ilham-eliyevin-qarabagla-bagli-addim-addim-siyaseti\\\/\",\"name\":\"\u0130lham \u018fliyevin Qaraba\u011fla ba\u011fl\u0131 ''add\u0131m-add\u0131m'' siyas\u0259ti - MEYDAN.TV\",\"isPartOf\":{\"@id\":\"https:\\\/\\\/www.meydan.tv\\\/az\\\/#website\"},\"primaryImageOfPage\":{\"@id\":\"https:\\\/\\\/www.meydan.tv\\\/az\\\/article\\\/ilham-eliyevin-qarabagla-bagli-addim-addim-siyaseti\\\/#primaryimage\"},\"image\":{\"@id\":\"https:\\\/\\\/www.meydan.tv\\\/az\\\/article\\\/ilham-eliyevin-qarabagla-bagli-addim-addim-siyaseti\\\/#primaryimage\"},\"thumbnailUrl\":\"https:\\\/\\\/www.meydan.tv\\\/wp-content\\\/uploads\\\/43767.jpg\",\"datePublished\":\"2018-09-25T17:28:26+00:00\",\"breadcrumb\":{\"@id\":\"https:\\\/\\\/www.meydan.tv\\\/az\\\/article\\\/ilham-eliyevin-qarabagla-bagli-addim-addim-siyaseti\\\/#breadcrumb\"},\"inLanguage\":\"az\",\"potentialAction\":[{\"@type\":\"ReadAction\",\"target\":[\"https:\\\/\\\/www.meydan.tv\\\/az\\\/article\\\/ilham-eliyevin-qarabagla-bagli-addim-addim-siyaseti\\\/\"]}]},{\"@type\":\"ImageObject\",\"inLanguage\":\"az\",\"@id\":\"https:\\\/\\\/www.meydan.tv\\\/az\\\/article\\\/ilham-eliyevin-qarabagla-bagli-addim-addim-siyaseti\\\/#primaryimage\",\"url\":\"https:\\\/\\\/www.meydan.tv\\\/wp-content\\\/uploads\\\/43767.jpg\",\"contentUrl\":\"https:\\\/\\\/www.meydan.tv\\\/wp-content\\\/uploads\\\/43767.jpg\",\"width\":1023,\"height\":575,\"caption\":\"Source:\"},{\"@type\":\"BreadcrumbList\",\"@id\":\"https:\\\/\\\/www.meydan.tv\\\/az\\\/article\\\/ilham-eliyevin-qarabagla-bagli-addim-addim-siyaseti\\\/#breadcrumb\",\"itemListElement\":[{\"@type\":\"ListItem\",\"position\":1,\"name\":\"Ana s\u0259hif\u0259\",\"item\":\"https:\\\/\\\/www.meydan.tv\\\/az\\\/\"},{\"@type\":\"ListItem\",\"position\":2,\"name\":\"Analitika\",\"item\":\"https:\\\/\\\/www.meydan.tv\\\/az\\\/section\\\/analitika\\\/\"},{\"@type\":\"ListItem\",\"position\":3,\"name\":\"\u0130lham \u018fliyevin Qaraba\u011fla ba\u011fl\u0131 &#8221;add\u0131m-add\u0131m&#8221; siyas\u0259ti\"}]},{\"@type\":\"WebSite\",\"@id\":\"https:\\\/\\\/www.meydan.tv\\\/az\\\/#website\",\"url\":\"https:\\\/\\\/www.meydan.tv\\\/az\\\/\",\"name\":\"MEYDAN.TV\",\"description\":\"Meydan TV Az\u0259rbaycan\u0131n media m\u0259kan\u0131ndak\u0131 alternativ s\u0259sidir\",\"publisher\":{\"@id\":\"https:\\\/\\\/www.meydan.tv\\\/az\\\/#organization\"},\"potentialAction\":[{\"@type\":\"SearchAction\",\"target\":{\"@type\":\"EntryPoint\",\"urlTemplate\":\"https:\\\/\\\/www.meydan.tv\\\/az\\\/?s={search_term_string}\"},\"query-input\":{\"@type\":\"PropertyValueSpecification\",\"valueRequired\":true,\"valueName\":\"search_term_string\"}}],\"inLanguage\":\"az\"},{\"@type\":\"Organization\",\"@id\":\"https:\\\/\\\/www.meydan.tv\\\/az\\\/#organization\",\"name\":\"Meydan TV\",\"url\":\"https:\\\/\\\/www.meydan.tv\\\/az\\\/\",\"logo\":{\"@type\":\"ImageObject\",\"inLanguage\":\"az\",\"@id\":\"https:\\\/\\\/www.meydan.tv\\\/az\\\/#\\\/schema\\\/logo\\\/image\\\/\",\"url\":\"https:\\\/\\\/www.meydan.tv\\\/wp-content\\\/uploads\\\/2021\\\/07\\\/meydan-logo.svg\",\"contentUrl\":\"https:\\\/\\\/www.meydan.tv\\\/wp-content\\\/uploads\\\/2021\\\/07\\\/meydan-logo.svg\",\"width\":195,\"height\":46,\"caption\":\"Meydan TV\"},\"image\":{\"@id\":\"https:\\\/\\\/www.meydan.tv\\\/az\\\/#\\\/schema\\\/logo\\\/image\\\/\"}},{\"@type\":\"Person\",\"@id\":\"https:\\\/\\\/www.meydan.tv\\\/az\\\/#\\\/schema\\\/person\\\/10d11eccf6da3662cf5fdab9806ea91a\",\"name\":\"user-manager\"}]}<\/script>\n<!-- \/ Yoast SEO plugin. -->","yoast_head_json":{"title":"\u0130lham \u018fliyevin Qaraba\u011fla ba\u011fl\u0131 ''add\u0131m-add\u0131m'' siyas\u0259ti - MEYDAN.TV","robots":{"index":"index","follow":"follow","max-snippet":"max-snippet:-1","max-image-preview":"max-image-preview:large","max-video-preview":"max-video-preview:-1"},"canonical":"https:\/\/www.meydan.tv\/az\/article\/ilham-eliyevin-qarabagla-bagli-addim-addim-siyaseti\/","og_locale":"az_AZ","og_type":"article","og_title":"\u0130lham \u018fliyevin Qaraba\u011fla ba\u011fl\u0131 ''add\u0131m-add\u0131m'' siyas\u0259ti - MEYDAN.TV","og_description":"Bu gedi\u015fl\u0259 torpaqlar\u0131m\u0131z\u0131n i\u015f\u011faldan azad edilm\u0259sin\u0259 ill\u0259r yox, \u0259srl\u0259r g\u0259r\u0259kdir","og_url":"https:\/\/www.meydan.tv\/az\/article\/ilham-eliyevin-qarabagla-bagli-addim-addim-siyaseti\/","og_site_name":"MEYDAN.TV","article_published_time":"2018-09-25T17:28:26+00:00","og_image":[{"width":1023,"height":575,"url":"https:\/\/www.meydan.tv\/wp-content\/uploads\/43767.jpg","type":"image\/jpeg"}],"author":"user-manager","twitter_card":"summary_large_image","schema":{"@context":"https:\/\/schema.org","@graph":[{"@type":"Article","@id":"https:\/\/www.meydan.tv\/az\/article\/ilham-eliyevin-qarabagla-bagli-addim-addim-siyaseti\/#article","isPartOf":{"@id":"https:\/\/www.meydan.tv\/az\/article\/ilham-eliyevin-qarabagla-bagli-addim-addim-siyaseti\/"},"author":{"name":"user-manager","@id":"https:\/\/www.meydan.tv\/az\/#\/schema\/person\/10d11eccf6da3662cf5fdab9806ea91a"},"headline":"\u0130lham \u018fliyevin Qaraba\u011fla ba\u011fl\u0131 &#8221;add\u0131m-add\u0131m&#8221; siyas\u0259ti","datePublished":"2018-09-25T17:28:26+00:00","mainEntityOfPage":{"@id":"https:\/\/www.meydan.tv\/az\/article\/ilham-eliyevin-qarabagla-bagli-addim-addim-siyaseti\/"},"wordCount":1584,"publisher":{"@id":"https:\/\/www.meydan.tv\/az\/#organization"},"image":{"@id":"https:\/\/www.meydan.tv\/az\/article\/ilham-eliyevin-qarabagla-bagli-addim-addim-siyaseti\/#primaryimage"},"thumbnailUrl":"https:\/\/www.meydan.tv\/wp-content\/uploads\/43767.jpg","articleSection":["Analitika"],"inLanguage":"az"},{"@type":"WebPage","@id":"https:\/\/www.meydan.tv\/az\/article\/ilham-eliyevin-qarabagla-bagli-addim-addim-siyaseti\/","url":"https:\/\/www.meydan.tv\/az\/article\/ilham-eliyevin-qarabagla-bagli-addim-addim-siyaseti\/","name":"\u0130lham \u018fliyevin Qaraba\u011fla ba\u011fl\u0131 ''add\u0131m-add\u0131m'' siyas\u0259ti - MEYDAN.TV","isPartOf":{"@id":"https:\/\/www.meydan.tv\/az\/#website"},"primaryImageOfPage":{"@id":"https:\/\/www.meydan.tv\/az\/article\/ilham-eliyevin-qarabagla-bagli-addim-addim-siyaseti\/#primaryimage"},"image":{"@id":"https:\/\/www.meydan.tv\/az\/article\/ilham-eliyevin-qarabagla-bagli-addim-addim-siyaseti\/#primaryimage"},"thumbnailUrl":"https:\/\/www.meydan.tv\/wp-content\/uploads\/43767.jpg","datePublished":"2018-09-25T17:28:26+00:00","breadcrumb":{"@id":"https:\/\/www.meydan.tv\/az\/article\/ilham-eliyevin-qarabagla-bagli-addim-addim-siyaseti\/#breadcrumb"},"inLanguage":"az","potentialAction":[{"@type":"ReadAction","target":["https:\/\/www.meydan.tv\/az\/article\/ilham-eliyevin-qarabagla-bagli-addim-addim-siyaseti\/"]}]},{"@type":"ImageObject","inLanguage":"az","@id":"https:\/\/www.meydan.tv\/az\/article\/ilham-eliyevin-qarabagla-bagli-addim-addim-siyaseti\/#primaryimage","url":"https:\/\/www.meydan.tv\/wp-content\/uploads\/43767.jpg","contentUrl":"https:\/\/www.meydan.tv\/wp-content\/uploads\/43767.jpg","width":1023,"height":575,"caption":"Source:"},{"@type":"BreadcrumbList","@id":"https:\/\/www.meydan.tv\/az\/article\/ilham-eliyevin-qarabagla-bagli-addim-addim-siyaseti\/#breadcrumb","itemListElement":[{"@type":"ListItem","position":1,"name":"Ana s\u0259hif\u0259","item":"https:\/\/www.meydan.tv\/az\/"},{"@type":"ListItem","position":2,"name":"Analitika","item":"https:\/\/www.meydan.tv\/az\/section\/analitika\/"},{"@type":"ListItem","position":3,"name":"\u0130lham \u018fliyevin Qaraba\u011fla ba\u011fl\u0131 &#8221;add\u0131m-add\u0131m&#8221; siyas\u0259ti"}]},{"@type":"WebSite","@id":"https:\/\/www.meydan.tv\/az\/#website","url":"https:\/\/www.meydan.tv\/az\/","name":"MEYDAN.TV","description":"Meydan TV Az\u0259rbaycan\u0131n media m\u0259kan\u0131ndak\u0131 alternativ s\u0259sidir","publisher":{"@id":"https:\/\/www.meydan.tv\/az\/#organization"},"potentialAction":[{"@type":"SearchAction","target":{"@type":"EntryPoint","urlTemplate":"https:\/\/www.meydan.tv\/az\/?s={search_term_string}"},"query-input":{"@type":"PropertyValueSpecification","valueRequired":true,"valueName":"search_term_string"}}],"inLanguage":"az"},{"@type":"Organization","@id":"https:\/\/www.meydan.tv\/az\/#organization","name":"Meydan TV","url":"https:\/\/www.meydan.tv\/az\/","logo":{"@type":"ImageObject","inLanguage":"az","@id":"https:\/\/www.meydan.tv\/az\/#\/schema\/logo\/image\/","url":"https:\/\/www.meydan.tv\/wp-content\/uploads\/2021\/07\/meydan-logo.svg","contentUrl":"https:\/\/www.meydan.tv\/wp-content\/uploads\/2021\/07\/meydan-logo.svg","width":195,"height":46,"caption":"Meydan TV"},"image":{"@id":"https:\/\/www.meydan.tv\/az\/#\/schema\/logo\/image\/"}},{"@type":"Person","@id":"https:\/\/www.meydan.tv\/az\/#\/schema\/person\/10d11eccf6da3662cf5fdab9806ea91a","name":"user-manager"}]}},"_links":{"self":[{"href":"https:\/\/www.meydan.tv\/az\/wp-json\/wp\/v2\/posts\/191811","targetHints":{"allow":["GET"]}}],"collection":[{"href":"https:\/\/www.meydan.tv\/az\/wp-json\/wp\/v2\/posts"}],"about":[{"href":"https:\/\/www.meydan.tv\/az\/wp-json\/wp\/v2\/types\/post"}],"author":[{"embeddable":true,"href":"https:\/\/www.meydan.tv\/az\/wp-json\/wp\/v2\/users\/11"}],"replies":[{"embeddable":true,"href":"https:\/\/www.meydan.tv\/az\/wp-json\/wp\/v2\/comments?post=191811"}],"version-history":[{"count":0,"href":"https:\/\/www.meydan.tv\/az\/wp-json\/wp\/v2\/posts\/191811\/revisions"}],"wp:featuredmedia":[{"embeddable":true,"href":"https:\/\/www.meydan.tv\/az\/wp-json\/wp\/v2\/media\/110045"}],"wp:attachment":[{"href":"https:\/\/www.meydan.tv\/az\/wp-json\/wp\/v2\/media?parent=191811"}],"wp:term":[{"taxonomy":"category","embeddable":true,"href":"https:\/\/www.meydan.tv\/az\/wp-json\/wp\/v2\/categories?post=191811"},{"taxonomy":"post_tag","embeddable":true,"href":"https:\/\/www.meydan.tv\/az\/wp-json\/wp\/v2\/tags?post=191811"}],"curies":[{"name":"wp","href":"https:\/\/api.w.org\/{rel}","templated":true}]}}