{"id":191784,"date":"2018-09-24T14:52:03","date_gmt":"2018-09-24T14:52:03","guid":{"rendered":"https:\/\/www.meydan.tv\/article\/oglumu-doyduler-serlediler-olumune-sebeb-oldular\/"},"modified":"2018-09-24T14:52:03","modified_gmt":"2018-09-24T14:52:03","slug":"oglumu-doyduler-serlediler-olumune-sebeb-oldular","status":"publish","type":"post","link":"https:\/\/www.meydan.tv\/az\/article\/oglumu-doyduler-serlediler-olumune-sebeb-oldular\/","title":{"rendered":"&#8221;O\u011flumu d\u00f6yd\u00fcl\u0259r, \u015f\u0259rl\u0259dil\u0259r, \u00f6l\u00fcm\u00fcn\u0259 s\u0259b\u0259b oldular&#8221;"},"content":{"rendered":"<figure class=\"wp-block-image size-large\">\n  <img decoding=\"async\" src=\"https:\/\/www.meydan.tv\/az\/anar-feteliyev\/\" alt=\"Anar F\u0259t\u0259liyev\" class=\"wp-image-109981\"\/><figcaption>\n    Anar F\u0259t\u0259liyev<br \/>\n  <\/figcaption><\/figure>\n<p>\n  <i><br \/>\n    Fir\u0259ngiz F\u0259t\u0259liyeva G\u00f6y\u00e7ay Rayon Prokurorlu\u011fundan \u015fikay\u0259t\u00e7idir<br \/>\n  <\/i>\n<\/p>\n<p>\n  \u201cO\u011flumu evinin, yata\u011f\u0131n\u0131n i\u00e7ind\u0259 d\u00f6y\u00fcb, \u00f6l\u00fcmc\u00fcl etdil\u0259r. \u015e\u0259rl\u0259dil\u0259r ki, guya g\u0259linl\u0259rin\u0259 sata\u015f\u0131b. X\u0259st\u0259xanaya apard\u0131q, baxan olmad\u0131. Sonra polis\u0259 apard\u0131lar. Puldan bas\u0131b polisl\u0259 h\u0259d\u0259l\u0259dil\u0259r. D\u00f6zm\u0259di, intihar etdi\u201d.\n<\/p>\n<p>\n  G\u00f6y\u00e7ay rayonunun Hac\u0131a\u011fab\u0259yli k\u0259ndinin sakini Fir\u0259ngiz F\u0259t\u0259liyeva bel\u0259 deyir. O, o\u011flunun intihara s\u00f6vq edildiyini, G\u00f6y\u00e7ay Rayon Prokurorlu\u011funun i\u015fi do\u011fru-d\u00fcr\u00fcst ara\u015fd\u0131rmad\u0131\u011f\u0131n\u0131 s\u00f6yl\u0259yir.\n<\/p>\n<p>\n  Hadis\u0259 iyunun 20-d\u0259 olub. F. F\u0259t\u0259liyeva deyir ki, o\u011flu evind\u0259 yat\u0131bm\u0131\u015f. Qon\u015fu ail\u0259 evl\u0259rin\u0259 gir\u0259r\u0259k onu yataqdaca d\u00f6y\u00fcb:\n<\/p>\n<p>\n  \u201cYaz\u0131qda salamat yer qoymam\u0131\u015fd\u0131lar. 7 n\u0259f\u0259r olublar. Onlara nec\u0259 m\u00fcqavim\u0259t g\u00f6st\u0259rm\u0259k olard\u0131? U\u015fa\u011f\u0131 st\u0259kanla, da\u015fla al qana boyay\u0131blar. Sonra da \u00e7\u0131x\u0131b gedibl\u0259r. S\u0259b\u0259b kimi d\u0259 deyibl\u0259r ki, guya m\u0259nim o\u011flum s\u0259h\u0259r tezd\u0259n gedib onlar\u0131n g\u0259linin\u0259 sata\u015f\u0131b. Halbuki, yaz\u0131q u\u015faq f\u0259hl\u0259likd\u0259n yor\u011fun d\u00fc\u015f\u00fcb yat\u0131bm\u0131\u015f. X\u0259st\u0259xanaya apard\u0131q, v\u0259ziyy\u0259ti pis idi. X\u0259st\u0259xanada da normal yiy\u0259 durmad\u0131lar. El\u0259 bir az \u00f6z\u00fcn\u0259 g\u0259lmi\u015fdi ki, polis g\u0259lib apard\u0131. Ax\u015fam he\u00e7 n\u0259 s\u00fcbut ed\u0259 bilm\u0259dikl\u0259rin\u0259 g\u00f6r\u0259 buraxd\u0131lar\u201d.\n<\/p>\n<p>\n  H\u0259min g\u00fcn\u00fcn s\u0259h\u0259risi Anar F\u0259t\u0259liyev intihar edib. Anas\u0131 d\u00fc\u015f\u00fcn\u00fcr ki, o\u011flu intihar h\u0259ddin\u0259 \u00e7atd\u0131r\u0131l\u0131b. Deyir, G\u00f6y\u00e7ay Rayon Prokurorlu\u011fu \u00f6z maddi maraqlar\u0131na g\u00f6r\u0259 o\u011flu Anar\u0131 \u00f6z\u00fcn\u00fc \u00f6ld\u00fcrm\u0259 h\u0259ddin\u0259 \u00e7atd\u0131rm\u0131\u015f bir qrup \u015f\u0259xsl\u0259ri cinay\u0259t m\u0259suliyy\u0259tind\u0259n k\u0259narda saxlay\u0131b. Ana prezident \u0130lham \u018fliyevd\u0259n, onun xan\u0131m\u0131 Birinci vitse-prezident Mehriban \u018fliyevadan v\u0259 Ba\u015f prokuror Zakir Qaralovdan rica edir ki, o\u011flu Anar F\u0259t\u0259liyevin \u00f6z\u00fcn\u00fc asaraq \u00f6ld\u00fcrm\u0259si il\u0259 ba\u011fl\u0131 a\u00e7\u0131lm\u0131\u015f cinay\u0259t i\u015finin \u0259dal\u0259tli ara\u015fd\u0131r\u0131lmas\u0131 il\u0259 ba\u011fl\u0131 g\u00f6st\u0259ri\u015f versinl\u0259r.\n<\/p>\n<p>\n  Az\u0259rbaycan Respublikas\u0131 Ba\u015f Prokurorlu\u011fundan m\u0259s\u0259l\u0259y\u0259 m\u00fcnasib\u0259t \u00f6yr\u0259nm\u0259k m\u00fcmk\u00fcn olmay\u0131b. G\u00f6y\u00e7ay Rayon Prokurorlu\u011fundan is\u0259 i\u015fin ara\u015fd\u0131rmas\u0131n\u0131n bitm\u0259diyini s\u00f6yl\u0259yibl\u0259r.<\/p>\n","protected":false},"excerpt":{"rendered":"<p>Fir\u0259ngiz F\u0259t\u0259liyeva G\u00f6y\u00e7ay Rayon Prokurorlu\u011fundan \u015fikay\u0259t\u00e7idir<\/p>\n","protected":false},"author":11,"featured_media":109981,"comment_status":"closed","ping_status":"open","sticky":false,"template":"","format":"standard","meta":{"_acf_changed":false,"_sitemap_exclude":false,"_sitemap_priority":"","_sitemap_frequency":"","footnotes":""},"categories":[60],"tags":[],"class_list":["post-191784","post","type-post","status-publish","format-standard","has-post-thumbnail","hentry","category-bolge","infinite-scroll-item","generate-columns","tablet-grid-50","mobile-grid-100","grid-parent","grid-33","no-featured-image-padding"],"acf":[],"yoast_head":"<!-- This site is optimized with the Yoast SEO plugin v27.4 - https:\/\/yoast.com\/product\/yoast-seo-wordpress\/ -->\n<title>&#039;&#039;O\u011flumu d\u00f6yd\u00fcl\u0259r, \u015f\u0259rl\u0259dil\u0259r, \u00f6l\u00fcm\u00fcn\u0259 s\u0259b\u0259b oldular&#039;&#039; - MEYDAN.TV<\/title>\n<meta name=\"robots\" content=\"index, follow, max-snippet:-1, max-image-preview:large, max-video-preview:-1\" \/>\n<link rel=\"canonical\" href=\"https:\/\/www.meydan.tv\/az\/article\/oglumu-doyduler-serlediler-olumune-sebeb-oldular\/\" \/>\n<meta property=\"og:locale\" content=\"az_AZ\" \/>\n<meta property=\"og:type\" content=\"article\" \/>\n<meta property=\"og:title\" content=\"&#039;&#039;O\u011flumu d\u00f6yd\u00fcl\u0259r, \u015f\u0259rl\u0259dil\u0259r, \u00f6l\u00fcm\u00fcn\u0259 s\u0259b\u0259b oldular&#039;&#039; - MEYDAN.TV\" \/>\n<meta property=\"og:description\" content=\"Fir\u0259ngiz F\u0259t\u0259liyeva G\u00f6y\u00e7ay Rayon Prokurorlu\u011fundan \u015fikay\u0259t\u00e7idir\" \/>\n<meta property=\"og:url\" content=\"https:\/\/www.meydan.tv\/az\/article\/oglumu-doyduler-serlediler-olumune-sebeb-oldular\/\" \/>\n<meta property=\"og:site_name\" content=\"MEYDAN.TV\" \/>\n<meta property=\"article:published_time\" content=\"2018-09-24T14:52:03+00:00\" \/>\n<meta property=\"og:image\" content=\"https:\/\/www.meydan.tv\/wp-content\/uploads\/43729.jpg\" \/>\n\t<meta property=\"og:image:width\" content=\"810\" \/>\n\t<meta property=\"og:image:height\" content=\"450\" \/>\n\t<meta property=\"og:image:type\" content=\"image\/jpeg\" \/>\n<meta name=\"author\" content=\"user-manager\" \/>\n<meta name=\"twitter:card\" content=\"summary_large_image\" \/>\n<script type=\"application\/ld+json\" class=\"yoast-schema-graph\">{\"@context\":\"https:\\\/\\\/schema.org\",\"@graph\":[{\"@type\":\"Article\",\"@id\":\"https:\\\/\\\/www.meydan.tv\\\/az\\\/article\\\/oglumu-doyduler-serlediler-olumune-sebeb-oldular\\\/#article\",\"isPartOf\":{\"@id\":\"https:\\\/\\\/www.meydan.tv\\\/az\\\/article\\\/oglumu-doyduler-serlediler-olumune-sebeb-oldular\\\/\"},\"author\":{\"name\":\"user-manager\",\"@id\":\"https:\\\/\\\/www.meydan.tv\\\/az\\\/#\\\/schema\\\/person\\\/10d11eccf6da3662cf5fdab9806ea91a\"},\"headline\":\"&#8221;O\u011flumu d\u00f6yd\u00fcl\u0259r, \u015f\u0259rl\u0259dil\u0259r, \u00f6l\u00fcm\u00fcn\u0259 s\u0259b\u0259b oldular&#8221;\",\"datePublished\":\"2018-09-24T14:52:03+00:00\",\"mainEntityOfPage\":{\"@id\":\"https:\\\/\\\/www.meydan.tv\\\/az\\\/article\\\/oglumu-doyduler-serlediler-olumune-sebeb-oldular\\\/\"},\"wordCount\":441,\"publisher\":{\"@id\":\"https:\\\/\\\/www.meydan.tv\\\/az\\\/#organization\"},\"image\":{\"@id\":\"https:\\\/\\\/www.meydan.tv\\\/az\\\/article\\\/oglumu-doyduler-serlediler-olumune-sebeb-oldular\\\/#primaryimage\"},\"thumbnailUrl\":\"https:\\\/\\\/www.meydan.tv\\\/wp-content\\\/uploads\\\/43729.jpg\",\"articleSection\":[\"B\u00f6lg\u0259\"],\"inLanguage\":\"az\"},{\"@type\":\"WebPage\",\"@id\":\"https:\\\/\\\/www.meydan.tv\\\/az\\\/article\\\/oglumu-doyduler-serlediler-olumune-sebeb-oldular\\\/\",\"url\":\"https:\\\/\\\/www.meydan.tv\\\/az\\\/article\\\/oglumu-doyduler-serlediler-olumune-sebeb-oldular\\\/\",\"name\":\"''O\u011flumu d\u00f6yd\u00fcl\u0259r, \u015f\u0259rl\u0259dil\u0259r, \u00f6l\u00fcm\u00fcn\u0259 s\u0259b\u0259b oldular'' - MEYDAN.TV\",\"isPartOf\":{\"@id\":\"https:\\\/\\\/www.meydan.tv\\\/az\\\/#website\"},\"primaryImageOfPage\":{\"@id\":\"https:\\\/\\\/www.meydan.tv\\\/az\\\/article\\\/oglumu-doyduler-serlediler-olumune-sebeb-oldular\\\/#primaryimage\"},\"image\":{\"@id\":\"https:\\\/\\\/www.meydan.tv\\\/az\\\/article\\\/oglumu-doyduler-serlediler-olumune-sebeb-oldular\\\/#primaryimage\"},\"thumbnailUrl\":\"https:\\\/\\\/www.meydan.tv\\\/wp-content\\\/uploads\\\/43729.jpg\",\"datePublished\":\"2018-09-24T14:52:03+00:00\",\"breadcrumb\":{\"@id\":\"https:\\\/\\\/www.meydan.tv\\\/az\\\/article\\\/oglumu-doyduler-serlediler-olumune-sebeb-oldular\\\/#breadcrumb\"},\"inLanguage\":\"az\",\"potentialAction\":[{\"@type\":\"ReadAction\",\"target\":[\"https:\\\/\\\/www.meydan.tv\\\/az\\\/article\\\/oglumu-doyduler-serlediler-olumune-sebeb-oldular\\\/\"]}]},{\"@type\":\"ImageObject\",\"inLanguage\":\"az\",\"@id\":\"https:\\\/\\\/www.meydan.tv\\\/az\\\/article\\\/oglumu-doyduler-serlediler-olumune-sebeb-oldular\\\/#primaryimage\",\"url\":\"https:\\\/\\\/www.meydan.tv\\\/wp-content\\\/uploads\\\/43729.jpg\",\"contentUrl\":\"https:\\\/\\\/www.meydan.tv\\\/wp-content\\\/uploads\\\/43729.jpg\",\"width\":810,\"height\":450,\"caption\":\"Source:\"},{\"@type\":\"BreadcrumbList\",\"@id\":\"https:\\\/\\\/www.meydan.tv\\\/az\\\/article\\\/oglumu-doyduler-serlediler-olumune-sebeb-oldular\\\/#breadcrumb\",\"itemListElement\":[{\"@type\":\"ListItem\",\"position\":1,\"name\":\"Ana s\u0259hif\u0259\",\"item\":\"https:\\\/\\\/www.meydan.tv\\\/az\\\/\"},{\"@type\":\"ListItem\",\"position\":2,\"name\":\"B\u00f6lg\u0259\",\"item\":\"https:\\\/\\\/www.meydan.tv\\\/az\\\/section\\\/bolge\\\/\"},{\"@type\":\"ListItem\",\"position\":3,\"name\":\"&#8221;O\u011flumu d\u00f6yd\u00fcl\u0259r, \u015f\u0259rl\u0259dil\u0259r, \u00f6l\u00fcm\u00fcn\u0259 s\u0259b\u0259b oldular&#8221;\"}]},{\"@type\":\"WebSite\",\"@id\":\"https:\\\/\\\/www.meydan.tv\\\/az\\\/#website\",\"url\":\"https:\\\/\\\/www.meydan.tv\\\/az\\\/\",\"name\":\"MEYDAN.TV\",\"description\":\"Meydan TV Az\u0259rbaycan\u0131n media m\u0259kan\u0131ndak\u0131 alternativ s\u0259sidir\",\"publisher\":{\"@id\":\"https:\\\/\\\/www.meydan.tv\\\/az\\\/#organization\"},\"potentialAction\":[{\"@type\":\"SearchAction\",\"target\":{\"@type\":\"EntryPoint\",\"urlTemplate\":\"https:\\\/\\\/www.meydan.tv\\\/az\\\/?s={search_term_string}\"},\"query-input\":{\"@type\":\"PropertyValueSpecification\",\"valueRequired\":true,\"valueName\":\"search_term_string\"}}],\"inLanguage\":\"az\"},{\"@type\":\"Organization\",\"@id\":\"https:\\\/\\\/www.meydan.tv\\\/az\\\/#organization\",\"name\":\"Meydan TV\",\"url\":\"https:\\\/\\\/www.meydan.tv\\\/az\\\/\",\"logo\":{\"@type\":\"ImageObject\",\"inLanguage\":\"az\",\"@id\":\"https:\\\/\\\/www.meydan.tv\\\/az\\\/#\\\/schema\\\/logo\\\/image\\\/\",\"url\":\"https:\\\/\\\/www.meydan.tv\\\/wp-content\\\/uploads\\\/2021\\\/07\\\/meydan-logo.svg\",\"contentUrl\":\"https:\\\/\\\/www.meydan.tv\\\/wp-content\\\/uploads\\\/2021\\\/07\\\/meydan-logo.svg\",\"width\":195,\"height\":46,\"caption\":\"Meydan TV\"},\"image\":{\"@id\":\"https:\\\/\\\/www.meydan.tv\\\/az\\\/#\\\/schema\\\/logo\\\/image\\\/\"}},{\"@type\":\"Person\",\"@id\":\"https:\\\/\\\/www.meydan.tv\\\/az\\\/#\\\/schema\\\/person\\\/10d11eccf6da3662cf5fdab9806ea91a\",\"name\":\"user-manager\"}]}<\/script>\n<!-- \/ Yoast SEO plugin. -->","yoast_head_json":{"title":"''O\u011flumu d\u00f6yd\u00fcl\u0259r, \u015f\u0259rl\u0259dil\u0259r, \u00f6l\u00fcm\u00fcn\u0259 s\u0259b\u0259b oldular'' - MEYDAN.TV","robots":{"index":"index","follow":"follow","max-snippet":"max-snippet:-1","max-image-preview":"max-image-preview:large","max-video-preview":"max-video-preview:-1"},"canonical":"https:\/\/www.meydan.tv\/az\/article\/oglumu-doyduler-serlediler-olumune-sebeb-oldular\/","og_locale":"az_AZ","og_type":"article","og_title":"''O\u011flumu d\u00f6yd\u00fcl\u0259r, \u015f\u0259rl\u0259dil\u0259r, \u00f6l\u00fcm\u00fcn\u0259 s\u0259b\u0259b oldular'' - MEYDAN.TV","og_description":"Fir\u0259ngiz F\u0259t\u0259liyeva G\u00f6y\u00e7ay Rayon Prokurorlu\u011fundan \u015fikay\u0259t\u00e7idir","og_url":"https:\/\/www.meydan.tv\/az\/article\/oglumu-doyduler-serlediler-olumune-sebeb-oldular\/","og_site_name":"MEYDAN.TV","article_published_time":"2018-09-24T14:52:03+00:00","og_image":[{"width":810,"height":450,"url":"https:\/\/www.meydan.tv\/wp-content\/uploads\/43729.jpg","type":"image\/jpeg"}],"author":"user-manager","twitter_card":"summary_large_image","schema":{"@context":"https:\/\/schema.org","@graph":[{"@type":"Article","@id":"https:\/\/www.meydan.tv\/az\/article\/oglumu-doyduler-serlediler-olumune-sebeb-oldular\/#article","isPartOf":{"@id":"https:\/\/www.meydan.tv\/az\/article\/oglumu-doyduler-serlediler-olumune-sebeb-oldular\/"},"author":{"name":"user-manager","@id":"https:\/\/www.meydan.tv\/az\/#\/schema\/person\/10d11eccf6da3662cf5fdab9806ea91a"},"headline":"&#8221;O\u011flumu d\u00f6yd\u00fcl\u0259r, \u015f\u0259rl\u0259dil\u0259r, \u00f6l\u00fcm\u00fcn\u0259 s\u0259b\u0259b oldular&#8221;","datePublished":"2018-09-24T14:52:03+00:00","mainEntityOfPage":{"@id":"https:\/\/www.meydan.tv\/az\/article\/oglumu-doyduler-serlediler-olumune-sebeb-oldular\/"},"wordCount":441,"publisher":{"@id":"https:\/\/www.meydan.tv\/az\/#organization"},"image":{"@id":"https:\/\/www.meydan.tv\/az\/article\/oglumu-doyduler-serlediler-olumune-sebeb-oldular\/#primaryimage"},"thumbnailUrl":"https:\/\/www.meydan.tv\/wp-content\/uploads\/43729.jpg","articleSection":["B\u00f6lg\u0259"],"inLanguage":"az"},{"@type":"WebPage","@id":"https:\/\/www.meydan.tv\/az\/article\/oglumu-doyduler-serlediler-olumune-sebeb-oldular\/","url":"https:\/\/www.meydan.tv\/az\/article\/oglumu-doyduler-serlediler-olumune-sebeb-oldular\/","name":"''O\u011flumu d\u00f6yd\u00fcl\u0259r, \u015f\u0259rl\u0259dil\u0259r, \u00f6l\u00fcm\u00fcn\u0259 s\u0259b\u0259b oldular'' - MEYDAN.TV","isPartOf":{"@id":"https:\/\/www.meydan.tv\/az\/#website"},"primaryImageOfPage":{"@id":"https:\/\/www.meydan.tv\/az\/article\/oglumu-doyduler-serlediler-olumune-sebeb-oldular\/#primaryimage"},"image":{"@id":"https:\/\/www.meydan.tv\/az\/article\/oglumu-doyduler-serlediler-olumune-sebeb-oldular\/#primaryimage"},"thumbnailUrl":"https:\/\/www.meydan.tv\/wp-content\/uploads\/43729.jpg","datePublished":"2018-09-24T14:52:03+00:00","breadcrumb":{"@id":"https:\/\/www.meydan.tv\/az\/article\/oglumu-doyduler-serlediler-olumune-sebeb-oldular\/#breadcrumb"},"inLanguage":"az","potentialAction":[{"@type":"ReadAction","target":["https:\/\/www.meydan.tv\/az\/article\/oglumu-doyduler-serlediler-olumune-sebeb-oldular\/"]}]},{"@type":"ImageObject","inLanguage":"az","@id":"https:\/\/www.meydan.tv\/az\/article\/oglumu-doyduler-serlediler-olumune-sebeb-oldular\/#primaryimage","url":"https:\/\/www.meydan.tv\/wp-content\/uploads\/43729.jpg","contentUrl":"https:\/\/www.meydan.tv\/wp-content\/uploads\/43729.jpg","width":810,"height":450,"caption":"Source:"},{"@type":"BreadcrumbList","@id":"https:\/\/www.meydan.tv\/az\/article\/oglumu-doyduler-serlediler-olumune-sebeb-oldular\/#breadcrumb","itemListElement":[{"@type":"ListItem","position":1,"name":"Ana s\u0259hif\u0259","item":"https:\/\/www.meydan.tv\/az\/"},{"@type":"ListItem","position":2,"name":"B\u00f6lg\u0259","item":"https:\/\/www.meydan.tv\/az\/section\/bolge\/"},{"@type":"ListItem","position":3,"name":"&#8221;O\u011flumu d\u00f6yd\u00fcl\u0259r, \u015f\u0259rl\u0259dil\u0259r, \u00f6l\u00fcm\u00fcn\u0259 s\u0259b\u0259b oldular&#8221;"}]},{"@type":"WebSite","@id":"https:\/\/www.meydan.tv\/az\/#website","url":"https:\/\/www.meydan.tv\/az\/","name":"MEYDAN.TV","description":"Meydan TV Az\u0259rbaycan\u0131n media m\u0259kan\u0131ndak\u0131 alternativ s\u0259sidir","publisher":{"@id":"https:\/\/www.meydan.tv\/az\/#organization"},"potentialAction":[{"@type":"SearchAction","target":{"@type":"EntryPoint","urlTemplate":"https:\/\/www.meydan.tv\/az\/?s={search_term_string}"},"query-input":{"@type":"PropertyValueSpecification","valueRequired":true,"valueName":"search_term_string"}}],"inLanguage":"az"},{"@type":"Organization","@id":"https:\/\/www.meydan.tv\/az\/#organization","name":"Meydan TV","url":"https:\/\/www.meydan.tv\/az\/","logo":{"@type":"ImageObject","inLanguage":"az","@id":"https:\/\/www.meydan.tv\/az\/#\/schema\/logo\/image\/","url":"https:\/\/www.meydan.tv\/wp-content\/uploads\/2021\/07\/meydan-logo.svg","contentUrl":"https:\/\/www.meydan.tv\/wp-content\/uploads\/2021\/07\/meydan-logo.svg","width":195,"height":46,"caption":"Meydan TV"},"image":{"@id":"https:\/\/www.meydan.tv\/az\/#\/schema\/logo\/image\/"}},{"@type":"Person","@id":"https:\/\/www.meydan.tv\/az\/#\/schema\/person\/10d11eccf6da3662cf5fdab9806ea91a","name":"user-manager"}]}},"_links":{"self":[{"href":"https:\/\/www.meydan.tv\/az\/wp-json\/wp\/v2\/posts\/191784","targetHints":{"allow":["GET"]}}],"collection":[{"href":"https:\/\/www.meydan.tv\/az\/wp-json\/wp\/v2\/posts"}],"about":[{"href":"https:\/\/www.meydan.tv\/az\/wp-json\/wp\/v2\/types\/post"}],"author":[{"embeddable":true,"href":"https:\/\/www.meydan.tv\/az\/wp-json\/wp\/v2\/users\/11"}],"replies":[{"embeddable":true,"href":"https:\/\/www.meydan.tv\/az\/wp-json\/wp\/v2\/comments?post=191784"}],"version-history":[{"count":0,"href":"https:\/\/www.meydan.tv\/az\/wp-json\/wp\/v2\/posts\/191784\/revisions"}],"wp:featuredmedia":[{"embeddable":true,"href":"https:\/\/www.meydan.tv\/az\/wp-json\/wp\/v2\/media\/109981"}],"wp:attachment":[{"href":"https:\/\/www.meydan.tv\/az\/wp-json\/wp\/v2\/media?parent=191784"}],"wp:term":[{"taxonomy":"category","embeddable":true,"href":"https:\/\/www.meydan.tv\/az\/wp-json\/wp\/v2\/categories?post=191784"},{"taxonomy":"post_tag","embeddable":true,"href":"https:\/\/www.meydan.tv\/az\/wp-json\/wp\/v2\/tags?post=191784"}],"curies":[{"name":"wp","href":"https:\/\/api.w.org\/{rel}","templated":true}]}}