{"id":191783,"date":"2018-09-24T14:47:59","date_gmt":"2018-09-24T14:47:59","guid":{"rendered":"https:\/\/www.meydan.tv\/article\/berde-sakini-mal-qarami-yandirib-heyetime-od-vurub-cezasiz-qalib\/"},"modified":"2018-09-24T14:47:59","modified_gmt":"2018-09-24T14:47:59","slug":"berde-sakini-mal-qarami-yandirib-heyetime-od-vurub-cezasiz-qalib","status":"publish","type":"post","link":"https:\/\/www.meydan.tv\/az\/article\/berde-sakini-mal-qarami-yandirib-heyetime-od-vurub-cezasiz-qalib\/","title":{"rendered":"B\u0259rd\u0259 sakini: Mal-qaram\u0131 yand\u0131r\u0131b, h\u0259y\u0259tim\u0259 od vurub, c\u0259zas\u0131z qal\u0131b"},"content":{"rendered":"<figure class=\"wp-block-image size-large\">\n  <img decoding=\"async\" src=\"https:\/\/www.meydan.tv\/az\/109975\/\" alt=\"\" class=\"wp-image-109975\"\/><figcaption><\/figcaption><\/figure>\n<p>\n  <i><br \/>\n    P\u0259nah D\u00fcnyamal\u0131yev B\u0259rd\u0259nin polis v\u0259 prokurorluq orqanlar\u0131ndan \u015fikay\u0259t\u00e7idir<br \/>\n  <\/i><\/p>\n<p>  \u201cYan\u011f\u0131na FHN-nin iki yan\u011f\u0131ns\u00f6nd\u00fcr\u0259n ma\u015f\u0131n\u0131 c\u0259lb edildi, yan\u011f\u0131n s\u00f6nd\u00fcr\u00fcld\u00fc. Rayon polisi g\u0259ldi, hadis\u0259 yeri \u00e7\u0259kildi, d\u0259y\u0259n z\u0259r\u0259rl\u0259r s\u0259n\u0259dl\u0259\u015fdirildi. \u00d6zl\u0259ri d\u0259 \u015fahidi oldular ki, in\u0259kl\u0259rim yan\u0131b, ot, saman tayalar\u0131mdan, ot \u00e7arda\u011f\u0131mdan, mal t\u00f6vl\u0259md\u0259n \u0259s\u0259r-\u0259lam\u0259t qalmay\u0131b. Yanan in\u0259kl\u0259rd\u0259n ikisi sonradan \u00f6ld\u00fc. O biri in\u0259kl\u0259ri h\u0259l\u0259 d\u0259 m\u00fcalic\u0259 edirik. Ancaq yen\u0259 d\u0259 hans\u0131sa maraq namin\u0259 qar\u015f\u0131 t\u0259r\u0259fi sudan quru \u00e7\u0131xarmaq \u00fc\u00e7\u00fcn h\u0259r oyuna \u0259l at\u0131r\u201d.<\/p>\n<p>  B\u0259rd\u0259nin Yeni Da\u015fk\u0259nd k\u0259nd sakini P\u0259nah D\u00fcnyamal\u0131yev Meydan TV-y\u0259 dan\u0131\u015f\u0131r ki, \u00f6t\u0259n il iyunun 17-d\u0259 qon\u015fusu v\u0259 yax\u0131n qohumu olan \u015e\u00fck\u00fcr D\u00fcnyamal\u0131yev t\u0259r\u0259find\u0259n h\u0259y\u0259tyan\u0131 sah\u0259sind\u0259ki xeyli ot tayas\u0131, ot tayas\u0131n\u0131n saxlanc yeri, in\u0259kl\u0259rl\u0259 qar\u0131\u015f\u0131q t\u00f6vl\u0259si yand\u0131r\u0131l\u0131b. Hadis\u0259 n\u0259tic\u0259sind\u0259 h\u0259yat yolda\u015f\u0131n\u0131n qolu da yan\u0131b. H\u0259min g\u00fcnd\u0259n rayonun h\u00fcquq-m\u00fchafiz\u0259 orqanlar\u0131 hadis\u0259ni \u00f6rt-basd\u0131r etm\u0259y\u0259 \u00e7al\u0131\u015f\u0131r. P\u0259nah D\u00fcnyamal\u0131yevins\u0259 hadis\u0259ni t\u00f6r\u0259d\u0259n t\u0259r\u0259fin c\u0259zaland\u0131r\u0131lmas\u0131 \u00fc\u00e7\u00fcn d\u00f6ym\u0259diyi qap\u0131, yazmad\u0131\u011f\u0131 qurum qalmay\u0131b: &#8220;\u00d6rt-basd\u0131r \u00fc\u00e7\u00fcn s\u00fcbutlar gizl\u0259dilir&#8221;.\n<\/p>\n<figure class=\"wp-block-image size-large\">\n  <img decoding=\"async\" src=\"https:\/\/www.meydan.tv\/az\/penah-dunyamaliyev\/\" alt=\"P\u0259nah D\u00fcnyamal\u0131yev\" class=\"wp-image-109978\"\/><figcaption>\n    P\u0259nah D\u00fcnyamal\u0131yev<br \/>\n  <\/figcaption><\/figure>\n<p>\n  \u201cHadis\u0259ni t\u00f6r\u0259d\u0259n qon\u015fumdur. D\u0259f\u0259l\u0259rl\u0259 m\u0259ni h\u0259d\u0259l\u0259mi\u015fdi ki, ot tayalar\u0131n\u0131 v\u0259 t\u00f6vl\u0259ni p\u0259nc\u0259r\u0259sinin qar\u015f\u0131s\u0131ndan y\u0131\u011f\u0131\u015fd\u0131rmasam, yand\u0131racaq, bu bar\u0259d\u0259 102-y\u0259 d\u0259 z\u0259ng vurub dedim, t\u0259dbir g\u00f6rm\u0259dil\u0259r, sonunda yand\u0131rd\u0131. Hadis\u0259nin \u00fcst\u00fcnd\u0259n 1 il, 3 ay \u00f6t\u00fcb. Bu g\u00fcn\u0259 q\u0259d\u0259r d\u0259 yan\u011f\u0131n\u0131n s\u00f6nd\u00fcr\u00fclm\u0259si, hadis\u0259 yerin\u0259 bax\u0131\u015f prosesinin video\u00e7\u0259kili\u015fl\u0259ri, yan\u011f\u0131ns\u00f6nd\u00fcr\u0259n idar\u0259nin r\u0259yi polis t\u0259r\u0259find\u0259n gizl\u0259dilir. D\u0259f\u0259l\u0259rl\u0259 rayon polisind\u0259 v\u0259 rayon prokurorlu\u011funda oldum, bel\u0259 q\u0259na\u0259t\u0259 g\u0259ldim ki, rayonun prokurorluqla polis qurumlar\u0131 \u0259lbir, dilbir i\u015fl\u0259yir. V\u0259t\u0259nda\u015f\u0131 insan yerin\u0259 qoyan yoxdur\u201d.<\/p>\n<p>  P\u0259nah D\u00fcnyamal\u0131yevin s\u00f6zl\u0259rin\u0259 g\u00f6r\u0259, hadis\u0259d\u0259n sonra rayon polisind\u0259 ona qar\u015f\u0131 t\u0259r\u0259fl\u0259 bar\u0131\u015f\u0131q etm\u0259si t\u0259klif olunub, ancaq raz\u0131la\u015fmay\u0131b. 3 aydan sonra d\u0259ymi\u015f z\u0259r\u0259rin 200 manat oldu\u011fu bildiril\u0259r\u0259k cinay\u0259t i\u015fin\u0259 xitam verilib. P\u0259nah D\u00fcnyamal\u0131yev is\u0259 bu q\u0259rardan bir ne\u00e7\u0259 ay sonra x\u0259b\u0259r tutub v\u0259 Bak\u0131ya g\u0259l\u0259r\u0259k v\u0259kill\u0259 m\u00fcqavil\u0259 ba\u011flay\u0131b. V\u0259kil q\u0259rardan prokurorlu\u011fa \u015fikay\u0259t edib, q\u0259rar l\u0259\u011fv olunub, i\u015f ibtidai istintaqa qaytar\u0131l\u0131b. Bu d\u0259f\u0259 B\u0259rd\u0259 rayon Polis \u015e\u00f6b\u0259sind\u0259 Cinay\u0259t M\u0259c\u0259ll\u0259sinin 186.2.2-ci (\u018fmlak\u0131 q\u0259sd\u0259n m\u0259hv etm\u0259) madd\u0259si il\u0259 cinay\u0259t i\u015fi ba\u015flan\u0131b. Ancaq bir m\u00fcdd\u0259td\u0259n sonra yen\u0259 eyni m\u0259zmunlu q\u0259rar \u00e7\u0131xar\u0131l\u0131b. Bu proses bir ne\u00e7\u0259 d\u0259f\u0259 t\u0259krarlan\u0131b.\n<\/p>\n<figure class=\"wp-block-image size-large\">\n  <img decoding=\"async\" src=\"https:\/\/www.meydan.tv\/az\/109984\/\" alt=\"\" class=\"wp-image-109984\"\/><figcaption><\/figcaption><\/figure>\n<blockquote><p>\n  Z\u0259r\u0259rin m\u0259bl\u0259\u011fi cinay\u0259t i\u015fi ba\u015flanmas\u0131 \u00fc\u00e7\u00fcn yet\u0259rli deyil\n<\/p><\/blockquote>\n<p>\n  B\u0259rd\u0259 rayon Polis \u015e\u00f6b\u0259sind\u0259n Meydan TV-y\u0259 bildirilib ki, P\u0259nah D\u00fcnyamal\u0131yevin \u015fikay\u0259ti \u0259sass\u0131zd\u0131r. O, bir ne\u00e7\u0259 d\u0259f\u0259 q\u0259rardan \u015fikay\u0259t vers\u0259 d\u0259, h\u0259r d\u0259f\u0259 i\u015f ibtidai istintaqa qaytar\u0131l\u0131b v\u0259 t\u0259krar ara\u015fd\u0131r\u0131l\u0131b. Yan\u011f\u0131n zaman\u0131 2300 manat m\u0259bl\u0259\u011find\u0259 ot presl\u0259rin\u0259, 1463 manat m\u0259bl\u0259\u011find\u0259 ot \u00e7arda\u011f\u0131na maddi z\u0259r\u0259r d\u0259yib. D\u00fcnyamal\u0131yev\u0259 d\u0259ymi\u015f z\u0259r\u0259r 5 min manatdan a\u015fa\u011f\u0131 t\u0259\u015fkil etdiyind\u0259n \u0259m\u0259ld\u0259 cinay\u0259t t\u0259rkibi yoxdur. Buna g\u00f6r\u0259 d\u0259 sonuncu d\u0259f\u0259 bu ilin avqustunda m\u00fcst\u0259ntiq Aqil \u018fliyev cinay\u0259t i\u015fin\u0259 xitam verib, q\u0259rar\u0131n sur\u0259tini t\u0259r\u0259fl\u0259r\u0259 v\u0259 B\u0259rd\u0259 rayon Prokurorlu\u011funa g\u00f6nd\u0259rib.<\/p>\n<p>  P\u0259nah D\u00fcnyamal\u0131yevs\u0259 iddia edir ki, ona d\u0259ymi\u015f z\u0259r\u0259rin miqdar\u0131 11 min manat civar\u0131ndad\u0131r. Deyir, iki cins in\u0259k t\u0259l\u0259f olub, bir ne\u00e7\u0259 in\u0259k h\u0259l\u0259 d\u0259 yan\u0131q x\u0259sar\u0259tind\u0259n m\u00fcalic\u0259 olunur. T\u00f6vl\u0259si, 4 min manata ba\u011flatd\u0131rd\u0131\u011f\u0131 ot \u00e7arda\u011f\u0131, 600 \u0259d\u0259d ot, 800 \u0259d\u0259d saman kipl\u0259ri tamamil\u0259 yan\u0131b.<\/p>\n<p>  P\u0259nah D\u00fcnyamal\u0131yevin s\u00f6zl\u0259rin\u0259 g\u00f6r\u0259, qar\u015f\u0131 t\u0259r\u0259f c\u0259zas\u0131zl\u0131qdan istifad\u0259 ed\u0259r\u0259k ona h\u0259d\u0259-qorxu g\u0259lir, \u015fikay\u0259tl\u0259rini dayand\u0131rmasa, bu d\u0259f\u0259 evini yand\u0131raca\u011f\u0131 il\u0259 h\u0259d\u0259l\u0259yir.\n<\/p>\n<blockquote><p>\n  M\u0259n yand\u0131rsayd\u0131m, \u00f6z evim d\u0259 yanard\u0131\n<\/p><\/blockquote>\n<p>  Qon\u015fusu \u015e\u00fck\u00fcr D\u00fcnyamal\u0131yevs\u0259 bildirib ki, h\u0259qiq\u0259t\u0259n d\u0259 P\u0259nah D\u00fcnyamal\u0131yevin onun evinin qar\u015f\u0131s\u0131nda 6 metr uzunlu\u011funda t\u00f6vl\u0259 tikm\u0259sin\u0259 v\u0259 ot kipl\u0259rinin oraya y\u0131\u011f\u0131lmas\u0131na etiraz edib. Ancaq he\u00e7 vaxt yan\u011f\u0131nla h\u0259d\u0259l\u0259m\u0259yib. Yan\u011f\u0131ndan da hadis\u0259 zaman\u0131 ba\u015f tutub:<\/p>\n<p>  \u201cOt tayalar\u0131n\u0131, t\u00f6vl\u0259ni nec\u0259 yand\u0131rmaq fikrin\u0259 d\u00fc\u015f\u0259 bil\u0259rdim ki, yan\u011f\u0131n zaman\u0131 \u00f6z evim d\u0259 al\u0131\u015fa bil\u0259rdi, \u00e7\u00fcnki evimin d\u00fcz qar\u015f\u0131s\u0131 idi. \u018fksin\u0259, \u00f6z a\u011faclar\u0131m da yan\u0131b. Bildiyim\u0259 g\u00f6r\u0259, yan\u011f\u0131n P\u0259nah\u0131n ail\u0259 \u00fczvl\u0259ri m\u00fcr\u0259bb\u0259 bi\u015fir\u0259rk\u0259n \u00f6z s\u0259hl\u0259nkarl\u0131\u011f\u0131 \u00fcz\u00fcnd\u0259n ba\u015f verib\u201d.<\/p>\n<p>  P\u0259nah D\u00fcnyamal\u0131yev \u00f6t\u0259n il B\u0259rd\u0259d\u0259 v\u0259t\u0259nda\u015flar\u0131 q\u0259bul ed\u0259n Ba\u015f prokuror Zakir Qaralovla g\u00f6r\u00fc\u015fm\u0259k ist\u0259s\u0259 d\u0259, dem\u0259sin\u0259 g\u00f6r\u0259, onu q\u0259bula buraxmay\u0131blar:<\/p>\n<p>  \u201cQap\u0131n\u0131n o tay\u0131nda Ba\u015f prokuror otura-otura bu tay\u0131nda v\u0259t\u0259nda\u015f\u0131 \u00e7\u0131xar\u0131b atd\u0131lar \u00e7\u00f6l\u0259&#8230; G\u00f6r\u00fcn \u00f6zba\u015f\u0131nal\u0131q hans\u0131 h\u0259dd\u0259 \u00e7at\u0131b&#8230; \u00c7\u00fcnki bilirdil\u0259r ki, Qaralova rayon prokurorunun v\u0259 rayom polisinin qanunsuz \u0259m\u0259ll\u0259rind\u0259n, cinay\u0259ti r\u00fc\u015fv\u0259tl\u0259 \u00f6rt-basd\u0131r etm\u0259l\u0259rind\u0259n \u015fikay\u0259tl\u0259n\u0259c\u0259m\u201d.\n<\/p><\/p>\n","protected":false},"excerpt":{"rendered":"<p>P\u0259nah D\u00fcnyamal\u0131yev B\u0259rd\u0259nin polis v\u0259 prokurorluq orqanlar\u0131ndan \u015fikay\u0259t\u00e7idir<\/p>\n","protected":false},"author":11,"featured_media":109975,"comment_status":"closed","ping_status":"open","sticky":false,"template":"","format":"standard","meta":{"_acf_changed":false,"_sitemap_exclude":false,"_sitemap_priority":"","_sitemap_frequency":"","footnotes":""},"categories":[60],"tags":[],"class_list":["post-191783","post","type-post","status-publish","format-standard","has-post-thumbnail","hentry","category-bolge","infinite-scroll-item","generate-columns","tablet-grid-50","mobile-grid-100","grid-parent","grid-33","no-featured-image-padding"],"acf":[],"yoast_head":"<!-- This site is optimized with the Yoast SEO plugin v27.4 - https:\/\/yoast.com\/product\/yoast-seo-wordpress\/ -->\n<title>B\u0259rd\u0259 sakini: Mal-qaram\u0131 yand\u0131r\u0131b, h\u0259y\u0259tim\u0259 od vurub, c\u0259zas\u0131z qal\u0131b - MEYDAN.TV<\/title>\n<meta name=\"robots\" content=\"index, follow, max-snippet:-1, max-image-preview:large, max-video-preview:-1\" \/>\n<link rel=\"canonical\" href=\"https:\/\/www.meydan.tv\/az\/article\/berde-sakini-mal-qarami-yandirib-heyetime-od-vurub-cezasiz-qalib\/\" \/>\n<meta property=\"og:locale\" content=\"az_AZ\" \/>\n<meta property=\"og:type\" content=\"article\" \/>\n<meta property=\"og:title\" content=\"B\u0259rd\u0259 sakini: Mal-qaram\u0131 yand\u0131r\u0131b, h\u0259y\u0259tim\u0259 od vurub, c\u0259zas\u0131z qal\u0131b - MEYDAN.TV\" \/>\n<meta property=\"og:description\" content=\"P\u0259nah D\u00fcnyamal\u0131yev B\u0259rd\u0259nin polis v\u0259 prokurorluq orqanlar\u0131ndan \u015fikay\u0259t\u00e7idir\" \/>\n<meta property=\"og:url\" content=\"https:\/\/www.meydan.tv\/az\/article\/berde-sakini-mal-qarami-yandirib-heyetime-od-vurub-cezasiz-qalib\/\" \/>\n<meta property=\"og:site_name\" content=\"MEYDAN.TV\" \/>\n<meta property=\"article:published_time\" content=\"2018-09-24T14:47:59+00:00\" \/>\n<meta property=\"og:image\" content=\"https:\/\/www.meydan.tv\/wp-content\/uploads\/43726.jpg\" \/>\n\t<meta property=\"og:image:width\" content=\"1280\" \/>\n\t<meta property=\"og:image:height\" content=\"960\" \/>\n\t<meta property=\"og:image:type\" content=\"image\/jpeg\" \/>\n<meta name=\"author\" content=\"user-manager\" \/>\n<meta name=\"twitter:card\" content=\"summary_large_image\" \/>\n<script type=\"application\/ld+json\" class=\"yoast-schema-graph\">{\"@context\":\"https:\\\/\\\/schema.org\",\"@graph\":[{\"@type\":\"Article\",\"@id\":\"https:\\\/\\\/www.meydan.tv\\\/az\\\/article\\\/berde-sakini-mal-qarami-yandirib-heyetime-od-vurub-cezasiz-qalib\\\/#article\",\"isPartOf\":{\"@id\":\"https:\\\/\\\/www.meydan.tv\\\/az\\\/article\\\/berde-sakini-mal-qarami-yandirib-heyetime-od-vurub-cezasiz-qalib\\\/\"},\"author\":{\"name\":\"user-manager\",\"@id\":\"https:\\\/\\\/www.meydan.tv\\\/az\\\/#\\\/schema\\\/person\\\/10d11eccf6da3662cf5fdab9806ea91a\"},\"headline\":\"B\u0259rd\u0259 sakini: Mal-qaram\u0131 yand\u0131r\u0131b, h\u0259y\u0259tim\u0259 od vurub, c\u0259zas\u0131z qal\u0131b\",\"datePublished\":\"2018-09-24T14:47:59+00:00\",\"mainEntityOfPage\":{\"@id\":\"https:\\\/\\\/www.meydan.tv\\\/az\\\/article\\\/berde-sakini-mal-qarami-yandirib-heyetime-od-vurub-cezasiz-qalib\\\/\"},\"wordCount\":1073,\"publisher\":{\"@id\":\"https:\\\/\\\/www.meydan.tv\\\/az\\\/#organization\"},\"image\":{\"@id\":\"https:\\\/\\\/www.meydan.tv\\\/az\\\/article\\\/berde-sakini-mal-qarami-yandirib-heyetime-od-vurub-cezasiz-qalib\\\/#primaryimage\"},\"thumbnailUrl\":\"https:\\\/\\\/www.meydan.tv\\\/wp-content\\\/uploads\\\/43726.jpg\",\"articleSection\":[\"B\u00f6lg\u0259\"],\"inLanguage\":\"az\"},{\"@type\":\"WebPage\",\"@id\":\"https:\\\/\\\/www.meydan.tv\\\/az\\\/article\\\/berde-sakini-mal-qarami-yandirib-heyetime-od-vurub-cezasiz-qalib\\\/\",\"url\":\"https:\\\/\\\/www.meydan.tv\\\/az\\\/article\\\/berde-sakini-mal-qarami-yandirib-heyetime-od-vurub-cezasiz-qalib\\\/\",\"name\":\"B\u0259rd\u0259 sakini: Mal-qaram\u0131 yand\u0131r\u0131b, h\u0259y\u0259tim\u0259 od vurub, c\u0259zas\u0131z qal\u0131b - MEYDAN.TV\",\"isPartOf\":{\"@id\":\"https:\\\/\\\/www.meydan.tv\\\/az\\\/#website\"},\"primaryImageOfPage\":{\"@id\":\"https:\\\/\\\/www.meydan.tv\\\/az\\\/article\\\/berde-sakini-mal-qarami-yandirib-heyetime-od-vurub-cezasiz-qalib\\\/#primaryimage\"},\"image\":{\"@id\":\"https:\\\/\\\/www.meydan.tv\\\/az\\\/article\\\/berde-sakini-mal-qarami-yandirib-heyetime-od-vurub-cezasiz-qalib\\\/#primaryimage\"},\"thumbnailUrl\":\"https:\\\/\\\/www.meydan.tv\\\/wp-content\\\/uploads\\\/43726.jpg\",\"datePublished\":\"2018-09-24T14:47:59+00:00\",\"breadcrumb\":{\"@id\":\"https:\\\/\\\/www.meydan.tv\\\/az\\\/article\\\/berde-sakini-mal-qarami-yandirib-heyetime-od-vurub-cezasiz-qalib\\\/#breadcrumb\"},\"inLanguage\":\"az\",\"potentialAction\":[{\"@type\":\"ReadAction\",\"target\":[\"https:\\\/\\\/www.meydan.tv\\\/az\\\/article\\\/berde-sakini-mal-qarami-yandirib-heyetime-od-vurub-cezasiz-qalib\\\/\"]}]},{\"@type\":\"ImageObject\",\"inLanguage\":\"az\",\"@id\":\"https:\\\/\\\/www.meydan.tv\\\/az\\\/article\\\/berde-sakini-mal-qarami-yandirib-heyetime-od-vurub-cezasiz-qalib\\\/#primaryimage\",\"url\":\"https:\\\/\\\/www.meydan.tv\\\/wp-content\\\/uploads\\\/43726.jpg\",\"contentUrl\":\"https:\\\/\\\/www.meydan.tv\\\/wp-content\\\/uploads\\\/43726.jpg\",\"width\":1280,\"height\":960,\"caption\":\"Source:\"},{\"@type\":\"BreadcrumbList\",\"@id\":\"https:\\\/\\\/www.meydan.tv\\\/az\\\/article\\\/berde-sakini-mal-qarami-yandirib-heyetime-od-vurub-cezasiz-qalib\\\/#breadcrumb\",\"itemListElement\":[{\"@type\":\"ListItem\",\"position\":1,\"name\":\"Ana s\u0259hif\u0259\",\"item\":\"https:\\\/\\\/www.meydan.tv\\\/az\\\/\"},{\"@type\":\"ListItem\",\"position\":2,\"name\":\"B\u00f6lg\u0259\",\"item\":\"https:\\\/\\\/www.meydan.tv\\\/az\\\/section\\\/bolge\\\/\"},{\"@type\":\"ListItem\",\"position\":3,\"name\":\"B\u0259rd\u0259 sakini: Mal-qaram\u0131 yand\u0131r\u0131b, h\u0259y\u0259tim\u0259 od vurub, c\u0259zas\u0131z qal\u0131b\"}]},{\"@type\":\"WebSite\",\"@id\":\"https:\\\/\\\/www.meydan.tv\\\/az\\\/#website\",\"url\":\"https:\\\/\\\/www.meydan.tv\\\/az\\\/\",\"name\":\"MEYDAN.TV\",\"description\":\"Meydan TV Az\u0259rbaycan\u0131n media m\u0259kan\u0131ndak\u0131 alternativ s\u0259sidir\",\"publisher\":{\"@id\":\"https:\\\/\\\/www.meydan.tv\\\/az\\\/#organization\"},\"potentialAction\":[{\"@type\":\"SearchAction\",\"target\":{\"@type\":\"EntryPoint\",\"urlTemplate\":\"https:\\\/\\\/www.meydan.tv\\\/az\\\/?s={search_term_string}\"},\"query-input\":{\"@type\":\"PropertyValueSpecification\",\"valueRequired\":true,\"valueName\":\"search_term_string\"}}],\"inLanguage\":\"az\"},{\"@type\":\"Organization\",\"@id\":\"https:\\\/\\\/www.meydan.tv\\\/az\\\/#organization\",\"name\":\"Meydan TV\",\"url\":\"https:\\\/\\\/www.meydan.tv\\\/az\\\/\",\"logo\":{\"@type\":\"ImageObject\",\"inLanguage\":\"az\",\"@id\":\"https:\\\/\\\/www.meydan.tv\\\/az\\\/#\\\/schema\\\/logo\\\/image\\\/\",\"url\":\"https:\\\/\\\/www.meydan.tv\\\/wp-content\\\/uploads\\\/2021\\\/07\\\/meydan-logo.svg\",\"contentUrl\":\"https:\\\/\\\/www.meydan.tv\\\/wp-content\\\/uploads\\\/2021\\\/07\\\/meydan-logo.svg\",\"width\":195,\"height\":46,\"caption\":\"Meydan TV\"},\"image\":{\"@id\":\"https:\\\/\\\/www.meydan.tv\\\/az\\\/#\\\/schema\\\/logo\\\/image\\\/\"}},{\"@type\":\"Person\",\"@id\":\"https:\\\/\\\/www.meydan.tv\\\/az\\\/#\\\/schema\\\/person\\\/10d11eccf6da3662cf5fdab9806ea91a\",\"name\":\"user-manager\"}]}<\/script>\n<!-- \/ Yoast SEO plugin. -->","yoast_head_json":{"title":"B\u0259rd\u0259 sakini: Mal-qaram\u0131 yand\u0131r\u0131b, h\u0259y\u0259tim\u0259 od vurub, c\u0259zas\u0131z qal\u0131b - MEYDAN.TV","robots":{"index":"index","follow":"follow","max-snippet":"max-snippet:-1","max-image-preview":"max-image-preview:large","max-video-preview":"max-video-preview:-1"},"canonical":"https:\/\/www.meydan.tv\/az\/article\/berde-sakini-mal-qarami-yandirib-heyetime-od-vurub-cezasiz-qalib\/","og_locale":"az_AZ","og_type":"article","og_title":"B\u0259rd\u0259 sakini: Mal-qaram\u0131 yand\u0131r\u0131b, h\u0259y\u0259tim\u0259 od vurub, c\u0259zas\u0131z qal\u0131b - MEYDAN.TV","og_description":"P\u0259nah D\u00fcnyamal\u0131yev B\u0259rd\u0259nin polis v\u0259 prokurorluq orqanlar\u0131ndan \u015fikay\u0259t\u00e7idir","og_url":"https:\/\/www.meydan.tv\/az\/article\/berde-sakini-mal-qarami-yandirib-heyetime-od-vurub-cezasiz-qalib\/","og_site_name":"MEYDAN.TV","article_published_time":"2018-09-24T14:47:59+00:00","og_image":[{"width":1280,"height":960,"url":"https:\/\/www.meydan.tv\/wp-content\/uploads\/43726.jpg","type":"image\/jpeg"}],"author":"user-manager","twitter_card":"summary_large_image","schema":{"@context":"https:\/\/schema.org","@graph":[{"@type":"Article","@id":"https:\/\/www.meydan.tv\/az\/article\/berde-sakini-mal-qarami-yandirib-heyetime-od-vurub-cezasiz-qalib\/#article","isPartOf":{"@id":"https:\/\/www.meydan.tv\/az\/article\/berde-sakini-mal-qarami-yandirib-heyetime-od-vurub-cezasiz-qalib\/"},"author":{"name":"user-manager","@id":"https:\/\/www.meydan.tv\/az\/#\/schema\/person\/10d11eccf6da3662cf5fdab9806ea91a"},"headline":"B\u0259rd\u0259 sakini: Mal-qaram\u0131 yand\u0131r\u0131b, h\u0259y\u0259tim\u0259 od vurub, c\u0259zas\u0131z qal\u0131b","datePublished":"2018-09-24T14:47:59+00:00","mainEntityOfPage":{"@id":"https:\/\/www.meydan.tv\/az\/article\/berde-sakini-mal-qarami-yandirib-heyetime-od-vurub-cezasiz-qalib\/"},"wordCount":1073,"publisher":{"@id":"https:\/\/www.meydan.tv\/az\/#organization"},"image":{"@id":"https:\/\/www.meydan.tv\/az\/article\/berde-sakini-mal-qarami-yandirib-heyetime-od-vurub-cezasiz-qalib\/#primaryimage"},"thumbnailUrl":"https:\/\/www.meydan.tv\/wp-content\/uploads\/43726.jpg","articleSection":["B\u00f6lg\u0259"],"inLanguage":"az"},{"@type":"WebPage","@id":"https:\/\/www.meydan.tv\/az\/article\/berde-sakini-mal-qarami-yandirib-heyetime-od-vurub-cezasiz-qalib\/","url":"https:\/\/www.meydan.tv\/az\/article\/berde-sakini-mal-qarami-yandirib-heyetime-od-vurub-cezasiz-qalib\/","name":"B\u0259rd\u0259 sakini: Mal-qaram\u0131 yand\u0131r\u0131b, h\u0259y\u0259tim\u0259 od vurub, c\u0259zas\u0131z qal\u0131b - MEYDAN.TV","isPartOf":{"@id":"https:\/\/www.meydan.tv\/az\/#website"},"primaryImageOfPage":{"@id":"https:\/\/www.meydan.tv\/az\/article\/berde-sakini-mal-qarami-yandirib-heyetime-od-vurub-cezasiz-qalib\/#primaryimage"},"image":{"@id":"https:\/\/www.meydan.tv\/az\/article\/berde-sakini-mal-qarami-yandirib-heyetime-od-vurub-cezasiz-qalib\/#primaryimage"},"thumbnailUrl":"https:\/\/www.meydan.tv\/wp-content\/uploads\/43726.jpg","datePublished":"2018-09-24T14:47:59+00:00","breadcrumb":{"@id":"https:\/\/www.meydan.tv\/az\/article\/berde-sakini-mal-qarami-yandirib-heyetime-od-vurub-cezasiz-qalib\/#breadcrumb"},"inLanguage":"az","potentialAction":[{"@type":"ReadAction","target":["https:\/\/www.meydan.tv\/az\/article\/berde-sakini-mal-qarami-yandirib-heyetime-od-vurub-cezasiz-qalib\/"]}]},{"@type":"ImageObject","inLanguage":"az","@id":"https:\/\/www.meydan.tv\/az\/article\/berde-sakini-mal-qarami-yandirib-heyetime-od-vurub-cezasiz-qalib\/#primaryimage","url":"https:\/\/www.meydan.tv\/wp-content\/uploads\/43726.jpg","contentUrl":"https:\/\/www.meydan.tv\/wp-content\/uploads\/43726.jpg","width":1280,"height":960,"caption":"Source:"},{"@type":"BreadcrumbList","@id":"https:\/\/www.meydan.tv\/az\/article\/berde-sakini-mal-qarami-yandirib-heyetime-od-vurub-cezasiz-qalib\/#breadcrumb","itemListElement":[{"@type":"ListItem","position":1,"name":"Ana s\u0259hif\u0259","item":"https:\/\/www.meydan.tv\/az\/"},{"@type":"ListItem","position":2,"name":"B\u00f6lg\u0259","item":"https:\/\/www.meydan.tv\/az\/section\/bolge\/"},{"@type":"ListItem","position":3,"name":"B\u0259rd\u0259 sakini: Mal-qaram\u0131 yand\u0131r\u0131b, h\u0259y\u0259tim\u0259 od vurub, c\u0259zas\u0131z qal\u0131b"}]},{"@type":"WebSite","@id":"https:\/\/www.meydan.tv\/az\/#website","url":"https:\/\/www.meydan.tv\/az\/","name":"MEYDAN.TV","description":"Meydan TV Az\u0259rbaycan\u0131n media m\u0259kan\u0131ndak\u0131 alternativ s\u0259sidir","publisher":{"@id":"https:\/\/www.meydan.tv\/az\/#organization"},"potentialAction":[{"@type":"SearchAction","target":{"@type":"EntryPoint","urlTemplate":"https:\/\/www.meydan.tv\/az\/?s={search_term_string}"},"query-input":{"@type":"PropertyValueSpecification","valueRequired":true,"valueName":"search_term_string"}}],"inLanguage":"az"},{"@type":"Organization","@id":"https:\/\/www.meydan.tv\/az\/#organization","name":"Meydan TV","url":"https:\/\/www.meydan.tv\/az\/","logo":{"@type":"ImageObject","inLanguage":"az","@id":"https:\/\/www.meydan.tv\/az\/#\/schema\/logo\/image\/","url":"https:\/\/www.meydan.tv\/wp-content\/uploads\/2021\/07\/meydan-logo.svg","contentUrl":"https:\/\/www.meydan.tv\/wp-content\/uploads\/2021\/07\/meydan-logo.svg","width":195,"height":46,"caption":"Meydan TV"},"image":{"@id":"https:\/\/www.meydan.tv\/az\/#\/schema\/logo\/image\/"}},{"@type":"Person","@id":"https:\/\/www.meydan.tv\/az\/#\/schema\/person\/10d11eccf6da3662cf5fdab9806ea91a","name":"user-manager"}]}},"_links":{"self":[{"href":"https:\/\/www.meydan.tv\/az\/wp-json\/wp\/v2\/posts\/191783","targetHints":{"allow":["GET"]}}],"collection":[{"href":"https:\/\/www.meydan.tv\/az\/wp-json\/wp\/v2\/posts"}],"about":[{"href":"https:\/\/www.meydan.tv\/az\/wp-json\/wp\/v2\/types\/post"}],"author":[{"embeddable":true,"href":"https:\/\/www.meydan.tv\/az\/wp-json\/wp\/v2\/users\/11"}],"replies":[{"embeddable":true,"href":"https:\/\/www.meydan.tv\/az\/wp-json\/wp\/v2\/comments?post=191783"}],"version-history":[{"count":0,"href":"https:\/\/www.meydan.tv\/az\/wp-json\/wp\/v2\/posts\/191783\/revisions"}],"wp:featuredmedia":[{"embeddable":true,"href":"https:\/\/www.meydan.tv\/az\/wp-json\/wp\/v2\/media\/109975"}],"wp:attachment":[{"href":"https:\/\/www.meydan.tv\/az\/wp-json\/wp\/v2\/media?parent=191783"}],"wp:term":[{"taxonomy":"category","embeddable":true,"href":"https:\/\/www.meydan.tv\/az\/wp-json\/wp\/v2\/categories?post=191783"},{"taxonomy":"post_tag","embeddable":true,"href":"https:\/\/www.meydan.tv\/az\/wp-json\/wp\/v2\/tags?post=191783"}],"curies":[{"name":"wp","href":"https:\/\/api.w.org\/{rel}","templated":true}]}}