{"id":191782,"date":"2018-09-23T21:46:41","date_gmt":"2018-09-23T21:46:41","guid":{"rendered":"https:\/\/www.meydan.tv\/article\/usaq-suallari\/"},"modified":"2018-09-23T21:46:41","modified_gmt":"2018-09-23T21:46:41","slug":"usaq-suallari","status":"publish","type":"post","link":"https:\/\/www.meydan.tv\/az\/article\/usaq-suallari\/","title":{"rendered":"U\u015faq suallar\u0131"},"content":{"rendered":"<figure class=\"wp-block-image size-large\">\n  <img decoding=\"async\" src=\"https:\/\/www.meydan.tv\/az\/serti-foto-8\/\" alt=\"\u015e\u0259rti foto\" class=\"wp-image-109972\"\/><figcaption>\n    \u015e\u0259rti foto<br \/>\n  <\/figcaption><\/figure>\n<p>\n  &#8211; D\u0259d\u0259, niy\u0259 bizd\u0259 rayon icra ba\u015f\u00e7\u0131lar\u0131 ba\u015fqa xarici \u00f6lk\u0259l\u0259rd\u0259ki kimi se\u00e7ilmir? Niy\u0259 Az\u0259rbaycanda icra ba\u015f\u00e7\u0131lar\u0131n\u0131 prezident t\u0259yin el\u0259yir?\n<\/p>\n<p>\n  &#8211; O\u011flum, bizim xalq demokratiyaya h\u0259l\u0259 haz\u0131r deyil. Savad\u0131 az, siyasi m\u0259d\u0259niyy\u0259ti a\u015fa\u011f\u0131d\u0131. \u00c7oxusu da lap avam. Xalq\u0131 \u00f6zba\u015f\u0131na qoysan gedib axmaq, savads\u0131z, f\u0131r\u0131ldaq, \u0259claf\u0131n birini se\u00e7\u0259c\u0259k. Ona g\u00f6r\u0259 d\u0259 t\u0259yin edilir. M\u00f6ht\u0259r\u0259m c\u0259nab prezident \u0130lham \u018fliyev bil\u0259n m\u0259sl\u0259h\u0259tdi. Yax\u015f\u0131s\u0131n\u0131 o bilir, t\u0259yin el\u0259yir.\n<\/p>\n<p>\n  &#8211; B\u0259 G\u0259nc\u0259nin icra ba\u015f\u00e7\u0131s\u0131 Elmar V\u0259liyevi prezident \u0130lham \u018fliyev t\u0259yin el\u0259m\u0259mi\u015fdi?\n<\/p>\n<p>\n  &#8211; &#8230; El\u0259mi\u015fdi, h\u0259. Amma o m\u00f6ht\u0259r\u0259m c\u0259nab prezidentin etimad\u0131n\u0131 do\u011frultmad\u0131. Ona g\u00f6r\u0259 d\u0259 i\u015fd\u0259n \u00e7\u0131xar\u0131ld\u0131.<br \/>\n  <br \/>\n  &#8211; Prezidentin etimad\u0131n\u0131 do\u011frultmamas\u0131 Elmar V\u0259liyev\u0259 g\u00fcll\u0259 d\u0259y\u0259nd\u0259n sonra bilindi ki?\n<\/p>\n<p>\n  &#8211; &#8230; Yeri get d\u0259rsini oxu, b\u00f6y\u00fckl\u0259rin i\u015fl\u0259rin\u0259 burnunu soxma!\n<\/p>\n<p>\n  &#8211; Gedir\u0259m, d\u0259d\u0259. Bir \u015fey d\u0259 soru\u015fum, gedim.\n<\/p>\n<p>\n  &#8211; Laz\u0131m deyil, get. Yen\u0259 gic-gic sual ver\u0259c\u0259s\u0259n.\n<\/p>\n<p>\n  &#8211; D\u0259d\u0259, birc\u0259ciyini d\u0259 soru\u015fum, gedir\u0259m. Son sual\u0131md\u0131.\n<\/p>\n<p>\n  &#8211; Di yax\u015f\u0131, soru\u015f, amma a\u011f\u0131ll\u0131 sual ver.\n<\/p>\n<p>\n  &#8211; Bizim xalq demokratiyaya haz\u0131r deyils\u0259, \u00f6z\u00fc d\u0259 savads\u0131z, avamd\u0131sa, onu niy\u0259 prezident se\u00e7kisin\u0259 burax\u0131llar? Xalq prezident se\u00e7kisind\u0259 \u0130lham \u018fliyevi se\u00e7m\u0259yib?\n<\/p>\n<p>\n  &#8211; Xalq m\u00f6ht\u0259r\u0259m c\u0259nab prezident \u0130lham \u018fliyevi se\u00e7ib, b\u0259li. Ona g\u00f6r\u0259 d\u0259 Az\u0259rbaycan bu g\u00fcn bel\u0259 inki\u015faf edir. Ona g\u00f6r\u0259 Qafqaz\u0131n lider d\u00f6vl\u0259tidi d\u0259.\n<\/p>\n<p>\n  &#8211; B\u0259 niy\u0259 prezident se\u00e7kisind\u0259 xalq avam oldu\u011funa baxmayaraq m\u00f6ht\u0259r\u0259m presidenti d\u00fcz se\u00e7\u0259 bilir, amma icra ba\u015f\u00e7\u0131s\u0131 se\u00e7kisind\u0259 gedir savads\u0131z, f\u0131r\u0131ldaq, \u0259claf\u0131n birini s\u0259s verir?\n<\/p>\n<p>\n  &#8211; O ba\u015fqa, bu ba\u015fqa. Bir var prezident se\u00e7kisi, bir d\u0259 var rayon icra ba\u015f\u00e7\u0131s\u0131 se\u00e7kisi.\n<\/p>\n<p>\n  &#8211; D\u0259d\u0259, ax\u0131 prezident se\u00e7kisi icra ba\u015f\u00e7\u0131s\u0131 se\u00e7kisind\u0259n \u00e7\u0259tin olsun g\u0259r\u0259k?\n<\/p>\n<p>\n  &#8211; Ba\u015f\u0131n xarab olub? B\u00f6y\u00fckl\u0259rin i\u015fin\u0259 burnunu soxma! Yeri get d\u0259rsini oxu, dedim! \u00c7oxdand\u0131 d\u00f6y\u00fclm\u0259mis\u0259n!\n<\/p>\n<p>\n  <i><br \/>\n    Yaz\u0131 m\u00fc\u0259llifin fikirl\u0259rini \u0259ks etdirir v\u0259 Meydan TV-nin m\u00f6vqeyi il\u0259 \u00fcst-\u00fcst\u0259 d\u00fc\u015fm\u0259y\u0259 bil\u0259r.<br \/>\n  <\/i><\/p>\n","protected":false},"excerpt":{"rendered":"<p>D\u0259d\u0259, niy\u0259 bizd\u0259 rayon icra ba\u015f\u00e7\u0131lar\u0131 ba\u015fqa xarici \u00f6lk\u0259l\u0259rd\u0259ki kimi se\u00e7ilmir?<\/p>\n","protected":false},"author":11,"featured_media":109972,"comment_status":"closed","ping_status":"open","sticky":false,"template":"","format":"standard","meta":{"_acf_changed":false,"_sitemap_exclude":false,"_sitemap_priority":"","_sitemap_frequency":"","footnotes":""},"categories":[57],"tags":[],"class_list":["post-191782","post","type-post","status-publish","format-standard","has-post-thumbnail","hentry","category-menim-fikrimce","infinite-scroll-item","generate-columns","tablet-grid-50","mobile-grid-100","grid-parent","grid-33","no-featured-image-padding"],"acf":[],"yoast_head":"<!-- This site is optimized with the Yoast SEO plugin v27.4 - https:\/\/yoast.com\/product\/yoast-seo-wordpress\/ -->\n<title>U\u015faq suallar\u0131 - MEYDAN.TV<\/title>\n<meta name=\"robots\" content=\"index, follow, max-snippet:-1, max-image-preview:large, max-video-preview:-1\" \/>\n<link rel=\"canonical\" href=\"https:\/\/www.meydan.tv\/az\/article\/usaq-suallari\/\" \/>\n<meta property=\"og:locale\" content=\"az_AZ\" \/>\n<meta property=\"og:type\" content=\"article\" \/>\n<meta property=\"og:title\" content=\"U\u015faq suallar\u0131 - MEYDAN.TV\" \/>\n<meta property=\"og:description\" content=\"D\u0259d\u0259, niy\u0259 bizd\u0259 rayon icra ba\u015f\u00e7\u0131lar\u0131 ba\u015fqa xarici \u00f6lk\u0259l\u0259rd\u0259ki kimi se\u00e7ilmir?\" \/>\n<meta property=\"og:url\" content=\"https:\/\/www.meydan.tv\/az\/article\/usaq-suallari\/\" \/>\n<meta property=\"og:site_name\" content=\"MEYDAN.TV\" \/>\n<meta property=\"article:published_time\" content=\"2018-09-23T21:46:41+00:00\" \/>\n<meta property=\"og:image\" content=\"https:\/\/www.meydan.tv\/wp-content\/uploads\/43725.jpg\" \/>\n\t<meta property=\"og:image:width\" content=\"728\" \/>\n\t<meta property=\"og:image:height\" content=\"546\" \/>\n\t<meta property=\"og:image:type\" content=\"image\/jpeg\" \/>\n<meta name=\"author\" content=\"user-manager\" \/>\n<meta name=\"twitter:card\" content=\"summary_large_image\" \/>\n<script type=\"application\/ld+json\" class=\"yoast-schema-graph\">{\"@context\":\"https:\\\/\\\/schema.org\",\"@graph\":[{\"@type\":\"Article\",\"@id\":\"https:\\\/\\\/www.meydan.tv\\\/az\\\/article\\\/usaq-suallari\\\/#article\",\"isPartOf\":{\"@id\":\"https:\\\/\\\/www.meydan.tv\\\/az\\\/article\\\/usaq-suallari\\\/\"},\"author\":{\"name\":\"user-manager\",\"@id\":\"https:\\\/\\\/www.meydan.tv\\\/az\\\/#\\\/schema\\\/person\\\/10d11eccf6da3662cf5fdab9806ea91a\"},\"headline\":\"U\u015faq suallar\u0131\",\"datePublished\":\"2018-09-23T21:46:41+00:00\",\"mainEntityOfPage\":{\"@id\":\"https:\\\/\\\/www.meydan.tv\\\/az\\\/article\\\/usaq-suallari\\\/\"},\"wordCount\":423,\"publisher\":{\"@id\":\"https:\\\/\\\/www.meydan.tv\\\/az\\\/#organization\"},\"image\":{\"@id\":\"https:\\\/\\\/www.meydan.tv\\\/az\\\/article\\\/usaq-suallari\\\/#primaryimage\"},\"thumbnailUrl\":\"https:\\\/\\\/www.meydan.tv\\\/wp-content\\\/uploads\\\/43725.jpg\",\"articleSection\":[\"M\u0259nim Fikrimc\u0259\"],\"inLanguage\":\"az\"},{\"@type\":\"WebPage\",\"@id\":\"https:\\\/\\\/www.meydan.tv\\\/az\\\/article\\\/usaq-suallari\\\/\",\"url\":\"https:\\\/\\\/www.meydan.tv\\\/az\\\/article\\\/usaq-suallari\\\/\",\"name\":\"U\u015faq suallar\u0131 - MEYDAN.TV\",\"isPartOf\":{\"@id\":\"https:\\\/\\\/www.meydan.tv\\\/az\\\/#website\"},\"primaryImageOfPage\":{\"@id\":\"https:\\\/\\\/www.meydan.tv\\\/az\\\/article\\\/usaq-suallari\\\/#primaryimage\"},\"image\":{\"@id\":\"https:\\\/\\\/www.meydan.tv\\\/az\\\/article\\\/usaq-suallari\\\/#primaryimage\"},\"thumbnailUrl\":\"https:\\\/\\\/www.meydan.tv\\\/wp-content\\\/uploads\\\/43725.jpg\",\"datePublished\":\"2018-09-23T21:46:41+00:00\",\"breadcrumb\":{\"@id\":\"https:\\\/\\\/www.meydan.tv\\\/az\\\/article\\\/usaq-suallari\\\/#breadcrumb\"},\"inLanguage\":\"az\",\"potentialAction\":[{\"@type\":\"ReadAction\",\"target\":[\"https:\\\/\\\/www.meydan.tv\\\/az\\\/article\\\/usaq-suallari\\\/\"]}]},{\"@type\":\"ImageObject\",\"inLanguage\":\"az\",\"@id\":\"https:\\\/\\\/www.meydan.tv\\\/az\\\/article\\\/usaq-suallari\\\/#primaryimage\",\"url\":\"https:\\\/\\\/www.meydan.tv\\\/wp-content\\\/uploads\\\/43725.jpg\",\"contentUrl\":\"https:\\\/\\\/www.meydan.tv\\\/wp-content\\\/uploads\\\/43725.jpg\",\"width\":728,\"height\":546,\"caption\":\"Source:\"},{\"@type\":\"BreadcrumbList\",\"@id\":\"https:\\\/\\\/www.meydan.tv\\\/az\\\/article\\\/usaq-suallari\\\/#breadcrumb\",\"itemListElement\":[{\"@type\":\"ListItem\",\"position\":1,\"name\":\"Ana s\u0259hif\u0259\",\"item\":\"https:\\\/\\\/www.meydan.tv\\\/az\\\/\"},{\"@type\":\"ListItem\",\"position\":2,\"name\":\"M\u0259nim Fikrimc\u0259\",\"item\":\"https:\\\/\\\/www.meydan.tv\\\/az\\\/section\\\/menim-fikrimce\\\/\"},{\"@type\":\"ListItem\",\"position\":3,\"name\":\"U\u015faq suallar\u0131\"}]},{\"@type\":\"WebSite\",\"@id\":\"https:\\\/\\\/www.meydan.tv\\\/az\\\/#website\",\"url\":\"https:\\\/\\\/www.meydan.tv\\\/az\\\/\",\"name\":\"MEYDAN.TV\",\"description\":\"Meydan TV Az\u0259rbaycan\u0131n media m\u0259kan\u0131ndak\u0131 alternativ s\u0259sidir\",\"publisher\":{\"@id\":\"https:\\\/\\\/www.meydan.tv\\\/az\\\/#organization\"},\"potentialAction\":[{\"@type\":\"SearchAction\",\"target\":{\"@type\":\"EntryPoint\",\"urlTemplate\":\"https:\\\/\\\/www.meydan.tv\\\/az\\\/?s={search_term_string}\"},\"query-input\":{\"@type\":\"PropertyValueSpecification\",\"valueRequired\":true,\"valueName\":\"search_term_string\"}}],\"inLanguage\":\"az\"},{\"@type\":\"Organization\",\"@id\":\"https:\\\/\\\/www.meydan.tv\\\/az\\\/#organization\",\"name\":\"Meydan TV\",\"url\":\"https:\\\/\\\/www.meydan.tv\\\/az\\\/\",\"logo\":{\"@type\":\"ImageObject\",\"inLanguage\":\"az\",\"@id\":\"https:\\\/\\\/www.meydan.tv\\\/az\\\/#\\\/schema\\\/logo\\\/image\\\/\",\"url\":\"https:\\\/\\\/www.meydan.tv\\\/wp-content\\\/uploads\\\/2021\\\/07\\\/meydan-logo.svg\",\"contentUrl\":\"https:\\\/\\\/www.meydan.tv\\\/wp-content\\\/uploads\\\/2021\\\/07\\\/meydan-logo.svg\",\"width\":195,\"height\":46,\"caption\":\"Meydan TV\"},\"image\":{\"@id\":\"https:\\\/\\\/www.meydan.tv\\\/az\\\/#\\\/schema\\\/logo\\\/image\\\/\"}},{\"@type\":\"Person\",\"@id\":\"https:\\\/\\\/www.meydan.tv\\\/az\\\/#\\\/schema\\\/person\\\/10d11eccf6da3662cf5fdab9806ea91a\",\"name\":\"user-manager\"}]}<\/script>\n<!-- \/ Yoast SEO plugin. -->","yoast_head_json":{"title":"U\u015faq suallar\u0131 - MEYDAN.TV","robots":{"index":"index","follow":"follow","max-snippet":"max-snippet:-1","max-image-preview":"max-image-preview:large","max-video-preview":"max-video-preview:-1"},"canonical":"https:\/\/www.meydan.tv\/az\/article\/usaq-suallari\/","og_locale":"az_AZ","og_type":"article","og_title":"U\u015faq suallar\u0131 - MEYDAN.TV","og_description":"D\u0259d\u0259, niy\u0259 bizd\u0259 rayon icra ba\u015f\u00e7\u0131lar\u0131 ba\u015fqa xarici \u00f6lk\u0259l\u0259rd\u0259ki kimi se\u00e7ilmir?","og_url":"https:\/\/www.meydan.tv\/az\/article\/usaq-suallari\/","og_site_name":"MEYDAN.TV","article_published_time":"2018-09-23T21:46:41+00:00","og_image":[{"width":728,"height":546,"url":"https:\/\/www.meydan.tv\/wp-content\/uploads\/43725.jpg","type":"image\/jpeg"}],"author":"user-manager","twitter_card":"summary_large_image","schema":{"@context":"https:\/\/schema.org","@graph":[{"@type":"Article","@id":"https:\/\/www.meydan.tv\/az\/article\/usaq-suallari\/#article","isPartOf":{"@id":"https:\/\/www.meydan.tv\/az\/article\/usaq-suallari\/"},"author":{"name":"user-manager","@id":"https:\/\/www.meydan.tv\/az\/#\/schema\/person\/10d11eccf6da3662cf5fdab9806ea91a"},"headline":"U\u015faq suallar\u0131","datePublished":"2018-09-23T21:46:41+00:00","mainEntityOfPage":{"@id":"https:\/\/www.meydan.tv\/az\/article\/usaq-suallari\/"},"wordCount":423,"publisher":{"@id":"https:\/\/www.meydan.tv\/az\/#organization"},"image":{"@id":"https:\/\/www.meydan.tv\/az\/article\/usaq-suallari\/#primaryimage"},"thumbnailUrl":"https:\/\/www.meydan.tv\/wp-content\/uploads\/43725.jpg","articleSection":["M\u0259nim Fikrimc\u0259"],"inLanguage":"az"},{"@type":"WebPage","@id":"https:\/\/www.meydan.tv\/az\/article\/usaq-suallari\/","url":"https:\/\/www.meydan.tv\/az\/article\/usaq-suallari\/","name":"U\u015faq suallar\u0131 - MEYDAN.TV","isPartOf":{"@id":"https:\/\/www.meydan.tv\/az\/#website"},"primaryImageOfPage":{"@id":"https:\/\/www.meydan.tv\/az\/article\/usaq-suallari\/#primaryimage"},"image":{"@id":"https:\/\/www.meydan.tv\/az\/article\/usaq-suallari\/#primaryimage"},"thumbnailUrl":"https:\/\/www.meydan.tv\/wp-content\/uploads\/43725.jpg","datePublished":"2018-09-23T21:46:41+00:00","breadcrumb":{"@id":"https:\/\/www.meydan.tv\/az\/article\/usaq-suallari\/#breadcrumb"},"inLanguage":"az","potentialAction":[{"@type":"ReadAction","target":["https:\/\/www.meydan.tv\/az\/article\/usaq-suallari\/"]}]},{"@type":"ImageObject","inLanguage":"az","@id":"https:\/\/www.meydan.tv\/az\/article\/usaq-suallari\/#primaryimage","url":"https:\/\/www.meydan.tv\/wp-content\/uploads\/43725.jpg","contentUrl":"https:\/\/www.meydan.tv\/wp-content\/uploads\/43725.jpg","width":728,"height":546,"caption":"Source:"},{"@type":"BreadcrumbList","@id":"https:\/\/www.meydan.tv\/az\/article\/usaq-suallari\/#breadcrumb","itemListElement":[{"@type":"ListItem","position":1,"name":"Ana s\u0259hif\u0259","item":"https:\/\/www.meydan.tv\/az\/"},{"@type":"ListItem","position":2,"name":"M\u0259nim Fikrimc\u0259","item":"https:\/\/www.meydan.tv\/az\/section\/menim-fikrimce\/"},{"@type":"ListItem","position":3,"name":"U\u015faq suallar\u0131"}]},{"@type":"WebSite","@id":"https:\/\/www.meydan.tv\/az\/#website","url":"https:\/\/www.meydan.tv\/az\/","name":"MEYDAN.TV","description":"Meydan TV Az\u0259rbaycan\u0131n media m\u0259kan\u0131ndak\u0131 alternativ s\u0259sidir","publisher":{"@id":"https:\/\/www.meydan.tv\/az\/#organization"},"potentialAction":[{"@type":"SearchAction","target":{"@type":"EntryPoint","urlTemplate":"https:\/\/www.meydan.tv\/az\/?s={search_term_string}"},"query-input":{"@type":"PropertyValueSpecification","valueRequired":true,"valueName":"search_term_string"}}],"inLanguage":"az"},{"@type":"Organization","@id":"https:\/\/www.meydan.tv\/az\/#organization","name":"Meydan TV","url":"https:\/\/www.meydan.tv\/az\/","logo":{"@type":"ImageObject","inLanguage":"az","@id":"https:\/\/www.meydan.tv\/az\/#\/schema\/logo\/image\/","url":"https:\/\/www.meydan.tv\/wp-content\/uploads\/2021\/07\/meydan-logo.svg","contentUrl":"https:\/\/www.meydan.tv\/wp-content\/uploads\/2021\/07\/meydan-logo.svg","width":195,"height":46,"caption":"Meydan TV"},"image":{"@id":"https:\/\/www.meydan.tv\/az\/#\/schema\/logo\/image\/"}},{"@type":"Person","@id":"https:\/\/www.meydan.tv\/az\/#\/schema\/person\/10d11eccf6da3662cf5fdab9806ea91a","name":"user-manager"}]}},"_links":{"self":[{"href":"https:\/\/www.meydan.tv\/az\/wp-json\/wp\/v2\/posts\/191782","targetHints":{"allow":["GET"]}}],"collection":[{"href":"https:\/\/www.meydan.tv\/az\/wp-json\/wp\/v2\/posts"}],"about":[{"href":"https:\/\/www.meydan.tv\/az\/wp-json\/wp\/v2\/types\/post"}],"author":[{"embeddable":true,"href":"https:\/\/www.meydan.tv\/az\/wp-json\/wp\/v2\/users\/11"}],"replies":[{"embeddable":true,"href":"https:\/\/www.meydan.tv\/az\/wp-json\/wp\/v2\/comments?post=191782"}],"version-history":[{"count":0,"href":"https:\/\/www.meydan.tv\/az\/wp-json\/wp\/v2\/posts\/191782\/revisions"}],"wp:featuredmedia":[{"embeddable":true,"href":"https:\/\/www.meydan.tv\/az\/wp-json\/wp\/v2\/media\/109972"}],"wp:attachment":[{"href":"https:\/\/www.meydan.tv\/az\/wp-json\/wp\/v2\/media?parent=191782"}],"wp:term":[{"taxonomy":"category","embeddable":true,"href":"https:\/\/www.meydan.tv\/az\/wp-json\/wp\/v2\/categories?post=191782"},{"taxonomy":"post_tag","embeddable":true,"href":"https:\/\/www.meydan.tv\/az\/wp-json\/wp\/v2\/tags?post=191782"}],"curies":[{"name":"wp","href":"https:\/\/api.w.org\/{rel}","templated":true}]}}