{"id":191778,"date":"2018-09-22T23:19:47","date_gmt":"2018-09-22T23:19:47","guid":{"rendered":"https:\/\/www.meydan.tv\/article\/bu-qeribe-ermeni\/"},"modified":"2018-09-22T23:19:47","modified_gmt":"2018-09-22T23:19:47","slug":"bu-qeribe-ermeni","status":"publish","type":"post","link":"https:\/\/www.meydan.tv\/az\/article\/bu-qeribe-ermeni\/","title":{"rendered":"Bu q\u0259rib\u0259 erm\u0259ni&#8230;"},"content":{"rendered":"<figure class=\"wp-block-image size-large\">\n  <img decoding=\"async\" src=\"https:\/\/www.meydan.tv\/az\/pasinyan-2\/\" alt=\"Pa\u015finyan\" class=\"wp-image-109969\"\/><figcaption>\n    Pa\u015finyan<br \/>\n  <\/figcaption><\/figure>\n<p>\n  Prezident \u0130lham \u018fliyev Erm\u0259nistan\u0131n Ba\u015f naziri Nikol Pa\u015finyana siyasi d\u0259st\u0259k verib. Xalq\u0131m\u0131za \u015fad x\u0259b\u0259r kimi deyib ki, \u201c\u0130yirmi il Erm\u0259nistana r\u0259hb\u0259rlik etmi\u015f kriminal diktatura rejimi \u00e7\u00f6k\u00fcb\u201d. Y\u0259ni Erm\u0259nistanda indi r\u0259hb\u0259rlikd\u0259 olan Nikol Pa\u015finyan rejimi kriminal diktatura deyil. Serjik-Robik kriminal diktatura rejimi idi, f\u0259q\u0259t \u00e7\u00f6kd\u00fc. Amin!\n<\/p>\n<p>\n  N\u0259 g\u00f6z\u0259l x\u0259b\u0259r! Erm\u0259ni xalq\u0131n\u0131n \u00f6z\u00fcn\u00fc Q\u0259rbp\u0259r\u0259st hesab ed\u0259n hiss\u0259si Nikol Pa\u015finyan\u0131n r\u0259hb\u0259rliyi alt\u0131nda Q\u0259rb\u0259 s\u00fcr\u0259tl\u0259 biti\u015f\u0259c\u0259yi bar\u0259d\u0259 \u00fcmidl\u0259r b\u0259sl\u0259yir. Bu yandan da \u0130lham \u018fliyev onlara da\u015fdan ke\u00e7\u0259n aray\u0131\u015f verib xat\u0131rc\u0259m edir ki, sevinin, Nikol Pa\u015finyan\u0131n h\u00f6kum\u0259ti kriminal diktatura rejimi deyil, y\u0259ni Avropa standartlar\u0131na bir k\u00f6yn\u0259k yax\u0131nd\u0131r.\n<\/p>\n<p>\n  \u0130nsaf\u0259n, Az\u0259rbaycan c\u0259miyy\u0259tind\u0259 d\u0259 \u00f6z\u00fcn\u00fc Q\u0259rbp\u0259r\u0259st hesab ed\u0259n hiss\u0259 var, o da Nikol Pa\u015finyan h\u00f6kum\u0259tini h\u0259l\u0259lik kriminal diktatura rejimi saym\u0131r. Dem\u0259k, he\u00e7 olmasa bir m\u0259s\u0259l\u0259d\u0259 \u0130lham \u018fliyevin fikri az\u0259ri demokratlar\u0131n\u0131n fikri il\u0259 \u00fcst-\u00fcst\u0259 d\u00fc\u015f\u00fcr.\n<\/p>\n<p>\n  Bel\u0259 erm\u0259ni-az\u0259ri fikir ortaql\u0131\u011f\u0131na s\u00fclh t\u0259r\u0259fdarlar\u0131 yaln\u0131z sevin\u0259 bil\u0259r.\n<\/p>\n<p>\n  Lakin bunun ard\u0131nca m\u00f6ht\u0259r\u0259m c\u0259nablar\u0131 \u0259rz edir ki, \u201cd\u00fc\u015fm\u0259n otursun yerind\u0259, yox\u015fa, ax\u0131r\u0131 pis olar\u201d.\n<\/p>\n<p>\n  Burada h\u0259m erm\u0259nil\u0259r, h\u0259m az\u0259ril\u0259r d\u0259rin fikr\u0259 dal\u0131b bu k\u0259lam\u0131 yozma\u011fa ba\u015flay\u0131rlar. Nec\u0259 y\u0259ni, \u201cd\u00fc\u015fm\u0259n otursun yerind\u0259\u201d? Bu d\u00fc\u015fm\u0259n onsuz da el\u0259 oturdu\u011fu yerd\u0259, y\u0259ni Az\u0259rbaycan\u0131n i\u015f\u011fal edilmi\u015f \u0259razisind\u0259 oturub d\u0259xi \u0259lav\u0259 \u0259razini tutmaqla m\u0259\u015f\u011ful deyil. \u0130smar\u0131c\u0131 bel\u0259 t\u0259rc\u00fcm\u0259 ets\u0259k ki, \u201cay\u0259, oturdu\u011funuz yerd\u0259 oturun, siz\u0259 d\u0259yib-dola\u015fan olmayacaq\u201d, yan\u0131lmar\u0131q ki? Y\u0259ni \u201cyerinizd\u0259 oturmay\u0131b \u0259lav\u0259 \u0259razini tutmaq ist\u0259s\u0259niz, ax\u0131r\u0131 pis olar\u201d? Yoxsa n\u0259?<br \/>\n  <br \/>\n  L\u0259n\u0259tu-l-lahi al\u0259-\u015f-\u015feytan! Yuxar\u0131 t\u00fcp\u00fcr\u00fcrs\u0259n b\u0131\u011f, a\u015fa\u011f\u0131 t\u00fcp\u00fcr\u00fcrs\u0259n saqqal&#8230; Prezident olmaq asan i\u015f deyil, adam\u0131n h\u0259r s\u00f6z\u00fcn\u00fc e\u015fib-e\u015fib qurdalay\u0131rlar, i\u00e7\u0259risind\u0259n q\u0259mb\u0259rqulu \u00e7\u0131x\u0131r.\n<\/p>\n<p>\n  Az\u0259rbaycan\u0131n m\u00f6ht\u0259r\u0259m prezidenti Erm\u0259nistan\u0131n yeni demokratik Ba\u015f nazirin\u0259 siyasi d\u0259st\u0259k verm\u0259kd\u0259 olsun, siz\u0259 kimd\u0259n deyim, h\u0259min bu demokratik Ba\u015f nazird\u0259n. A ki\u015fil\u0259r, bunun ba\u015f\u0131 lap xarab imi\u015f ki! Serjik\u0259 min \u015f\u00fck\u00fcr!\n<\/p>\n<p>\n  Nikol mitinqd\u0259 \u00e7\u0131x\u0131\u015f ed\u0259rk\u0259n ona b\u00f6yl\u0259 s\u0259xav\u0259tl\u0259 siyasi d\u0259st\u0259k vermi\u015f \u0130lham \u018fliyev c\u0259nablar\u0131n\u0131 t\u0259nqid at\u0259\u015fin\u0259 tutub. Ba\u011f\u0131r\u0131b ki, \u0130lham \u018fliyev Az\u0259rbaycan xalq\u0131ndan milyardlar \u00e7al\u0131b.\n<\/p>\n<p>\n  Dey\u0259nd\u0259 ki, erm\u0259ni xalq\u0131 q\u0259rib\u0259 xalqd\u0131r, inanm\u0131rd\u0131lar. Di bax\u0131n, g\u00f6r\u00fcn v\u0259 inan\u0131n!\n<\/p>\n<p>\n  A ki\u015fi, ay Nikol, s\u0259n\u0259 n\u0259? Erm\u0259ni xalq\u0131ndan \u00e7almay\u0131b ki, Az\u0259rbaycan xalq\u0131ndan \u00e7al\u0131b d\u0259.\n<\/p>\n<p>\n  Bu, \u00e7ox inc\u0259 m\u0259tl\u0259bdir, onun \u00e7\u00f6z\u00fcm\u00fcn\u00fc Az\u0259rbaycan xalq\u0131 bil\u0259r, bir d\u0259 \u0130lham \u018fliyev c\u0259nablar\u0131&#8230; D\u0259xi \u00fc\u00e7\u00fcnc\u00fc \u015f\u0259xsin bel\u0259 d\u0259rin v\u0259 inc\u0259 m\u0259tl\u0259bl\u0259r\u0259 qar\u0131\u015fmas\u0131 he\u00e7 d\u00fczg\u00fcn deyil.\n<\/p>\n<p>\n  Nikol, s\u0259n he\u015f d\u00fcz h\u0259r\u0259k\u0259t etmirs\u0259n! Nikol, s\u0259n utanmal\u0131san!\n<\/p>\n<p>\n  Ad\u0131n\u0131 v\u0259t\u0259np\u0259rv\u0259r qoymusan, sevinm\u0259k \u0259v\u0259zin\u0259 bo\u015f-bo\u015f ba\u011f\u0131r\u0131rsan. Nikol Pa\u015finyan, s\u0259n \u0259g\u0259r Artsax\u0131 Erm\u0259nistana birl\u0259\u015fdirm\u0259yi \u00f6z h\u00f6kum\u0259tinin siyasi m\u0259qs\u0259di elan edirs\u0259ns\u0259, onda g\u0259r\u0259k papa\u011f\u0131n\u0131 sevincd\u0259n g\u00f6y\u0259 tullayasan ki, \u0130lham \u018fliyev xalq\u0131n pullar\u0131n\u0131 Az\u0259rbaycan iqtisadiyyat\u0131n\u0131n inki\u015faf\u0131na, v\u0259t\u0259nda\u015flar\u0131n rifah\u0131n\u0131n yax\u015f\u0131la\u015fd\u0131r\u0131lmas\u0131na, \u00f6lk\u0259d\u0259 sa\u011flam m\u0259n\u0259vi m\u00fchitin yaranmas\u0131na deyil, \u00f6z cibin\u0259, yax\u0131n \u0259traf\u0131n\u0131n cibl\u0259rin\u0259, m\u0259nas\u0131z beyn\u0259lxalq t\u0259dbirl\u0259r\u0259 v\u0259 yar\u0131\u015flara x\u0259rcl\u0259yir. H\u0259r bir xalqdan \u00e7al\u0131nm\u0131\u015f milyard, h\u0259r bir ke\u00e7iril\u0259n beyn\u0259lxalq yar\u0131\u015f, h\u0259r bir Az\u0259rbaycan hakimiyy\u0259tinin v\u0259t\u0259nda\u015flara qar\u015f\u0131 qanunsuz h\u0259r\u0259k\u0259ti, h\u0259r bir etnik nifr\u0259t ifad\u0259si Qaraba\u011f\u0131 Az\u0259rbaycandan qopar\u0131b bir qar\u0131\u015f Erm\u0259nistana t\u0259r\u0259f it\u0259l\u0259yir.\n<\/p>\n<p>\n  Na\u015f\u00fck\u00fcr olma, sevin!\n<\/p>\n<p>\n  Amma xalq\u0131m\u0131z\u0131n b\u0259xti g\u0259tirib. Nikol o q\u0259d\u0259r d\u0259 d\u0259rin adam deyil. Sevdiyi m\u00f6vzudan he\u00e7 c\u00fcr ayr\u0131la bilmir. Sevdiyi m\u00f6vzu is\u0259 korrupsiyaya qar\u015f\u0131 m\u00fcbariz\u0259dir. Harada korrupsiya g\u00f6r\u00fcrs\u0259, \u00f6z\u00fcnd\u0259n \u00e7\u0131x\u0131b qeyzl\u0259 ba\u011f\u0131r\u0131r. Erm\u0259nistanda korrupsiyan\u0131 g\u00f6r\u00fcr, ba\u011f\u0131r\u0131r, Az\u0259rbaycanda g\u00f6r\u00fcr, ba\u011f\u0131r\u0131r.\n<\/p>\n<p>\n  Yax\u015f\u0131 ki, Rusiyada g\u00f6rm\u00fcr, g\u00f6rs\u0259ydi, m\u00fctl\u0259q ba\u011f\u0131rard\u0131. Ba\u011f\u0131rard\u0131 v\u0259 Putin onun d\u0259rsini d\u0259rhal ver\u0259rdi.<br \/>\n  <br \/>\n  A\u011f\u0131ll\u0131 erm\u0259ni siyas\u0259t\u00e7il\u0259ri g\u0259r\u0259k Az\u0259rbaycan\u0131n b\u0259lalar\u0131na sevinsinl\u0259r. Az\u0259rbaycan hakimiyy\u0259ti s\u0259hv siyas\u0259t yerid\u0259nd\u0259, s\u0259feh b\u0259yanatlar ver\u0259nd\u0259, g\u0259r\u0259k sevinsinl\u0259r.\n<\/p>\n<p>\n  M\u0259s\u0259l\u0259n, El\u00e7ib\u0259y d\u0259st\u0259si hakimiyy\u0259ti m\u0259ngirl\u0259y\u0259nd\u0259, Yerevanda toy-bayram idi. H\u0259tta, deyil\u0259n\u0259 g\u00f6r\u0259, t\u0259hl\u00fck\u0259sizlik naziri prezident Levon Ter-Petrosyana \u00f6z\u00fcn\u00fcn istefas\u0131 v\u0259 nazirliyin ba\u011flanmas\u0131 t\u0259klifini vermi\u015fdi. Bu q\u0259rib\u0259 t\u0259klifd\u0259n heyr\u0259t\u0259 g\u0259lmi\u015f prezident\u0259 bel\u0259 izah etmi\u015fdi ki, \u201cEl\u00e7ib\u0259y hakimiyy\u0259t\u0259 g\u0259libs\u0259, d\u0259xi biz\u0259 ehtiyac yoxdur. M\u00fcdafi\u0259 naziri v\u0259zif\u0259sind\u0259 h\u0259rbi i\u015fd\u0259 iki ula\u011f\u0131n arpas\u0131n\u0131 b\u00f6l\u0259 bilm\u0259y\u0259n adam\u0131 saxlay\u0131r. \u015eimalda Rusiya il\u0259, c\u0259nubda \u0130ranla d\u00fc\u015fm\u0259n\u00e7ilik edir. MDB-nin b\u00fct\u00fcn r\u0259hb\u0259rl\u0259ri sabiq partokratlard\u0131r, ham\u0131s\u0131na ya\u011f\u0131 k\u0259silib. H\u0259tta T\u00fcrkiy\u0259 il\u0259 d\u0259 burunla\u015fma\u011fa ba\u015flay\u0131b. Onun bu f\u00f6vq\u0259lad\u0259 pe\u015f\u0259kar da\u011f\u0131d\u0131c\u0131 f\u0259aliyy\u0259tinin m\u00fcqabilind\u0259 m\u0259nim v\u0259 nazirliyimizin i\u015fi s\u00f6n\u00fck v\u0259 bekara g\u00f6r\u00fcn\u00fcr. T\u0259klifimi q\u0259bul ets\u0259niz, d\u00f6vl\u0259t v\u0259saitin\u0259 q\u0259na\u0259t ed\u0259rik\u201d.\n<\/p>\n<p>\n  \u0130ndi d\u0259 Nikol Pa\u015finyan Az\u0259rbaycan hakimiyy\u0259tinin da\u011f\u0131d\u0131c\u0131 f\u0259aliyy\u0259tin\u0259 s\u0259ssizc\u0259 tama\u015fa edib sevinm\u0259k \u0259v\u0259zin\u0259, ba\u011f\u0131r\u0131r ki, \u201cay aman, qoymay\u0131n, Az\u0259rbaycan xalq\u0131n\u0131n milyardlar\u0131n\u0131 \u00e7al\u0131rlar\u201d.\n<\/p>\n<p>\n  \u00c7ox q\u0259rib\u0259 erm\u0259nidir. Sevinm\u0259k \u0259v\u0259zin\u0259, h\u0259y\u0259can z\u0259ngini \u00e7al\u0131r.\n<\/p>\n<p>\n  Nikol, Nikol-can, ara, t\u0259\u015fvi\u015f\u0259 d\u00fc\u015fm\u0259, \u00f6z\u00fcn\u0259 \u0259ziyy\u0259t verib haray salma.\n<\/p>\n<p>\n  El\u0259 bilirs\u0259n, Az\u0259rbaycan xalq\u0131 s\u0259nin ba\u011f\u0131r\u0131b meydandak\u0131 erm\u0259nil\u0259r\u0259 dediyin h\u0259qiq\u0259tl\u0259ri bilmir? Bilir, s\u0259n bil\u0259nd\u0259n qat-qat yax\u015f\u0131 bilir. Bilir, lakin susur. \u00c7\u00fcnki \u00f6yr\u0259nc\u0259likdir.\n<\/p>\n<p>\n  Bax Az\u0259rbaycan xalq\u0131na, g\u00f6r nec\u0259 sakit v\u0259 v\u00fcqarla dayan\u0131b tama\u015fa edir. Topa\u011f\u0131n\u0131 torba il\u0259 da\u015f\u0131d\u0131lar, q\u0131m\u0131ldanmad\u0131. S\u0259nayesini da\u011f\u0131td\u0131lar, dinm\u0259di. Elmini m\u0259hv etdil\u0259r, dill\u0259nm\u0259di. Var-yoxunu \u00f6z\u0259ll\u0259\u015fdirdil\u0259r, s\u0259si \u00e7\u0131xmad\u0131. Belin\u0259 xarici borc \u015f\u0259l\u0259l\u0259yirl\u0259r, vecin\u0259 alm\u0131r.\n<\/p>\n<p>\n  S\u0259n\u0259 n\u0259 g\u0259lib ki, haray-h\u0259\u015fir sal\u0131rsan? \u018f, kiri, sakitl\u0259\u015f, toxta.\n<\/p>\n<p>\n  \u201cH\u0259r \u015fey yax\u015f\u0131 olacaq\u201d.\n<\/p>\n<p>\n  <i><br \/>\n    Yaz\u0131 m\u00fc\u0259llifin fikirl\u0259rini \u0259ks etdirir v\u0259 Meydan TV-nin m\u00f6vqeyi il\u0259 \u00fcst-\u00fcst\u0259 d\u00fc\u015fm\u0259y\u0259 bil\u0259r.<br \/>\n  <\/i><\/p>\n","protected":false},"excerpt":{"rendered":"<p>Prezident \u0130lham \u018fliyev Erm\u0259nistan\u0131n Ba\u015f naziri Nikol Pa\u015finyana siyasi d\u0259st\u0259k verib<\/p>\n","protected":false},"author":11,"featured_media":109969,"comment_status":"closed","ping_status":"open","sticky":false,"template":"","format":"standard","meta":{"_acf_changed":false,"_sitemap_exclude":false,"_sitemap_priority":"","_sitemap_frequency":"","footnotes":""},"categories":[57],"tags":[],"class_list":["post-191778","post","type-post","status-publish","format-standard","has-post-thumbnail","hentry","category-menim-fikrimce","infinite-scroll-item","generate-columns","tablet-grid-50","mobile-grid-100","grid-parent","grid-33","no-featured-image-padding"],"acf":[],"yoast_head":"<!-- This site is optimized with the Yoast SEO plugin v27.4 - https:\/\/yoast.com\/product\/yoast-seo-wordpress\/ -->\n<title>Bu q\u0259rib\u0259 erm\u0259ni... - MEYDAN.TV<\/title>\n<meta name=\"robots\" content=\"index, follow, max-snippet:-1, max-image-preview:large, max-video-preview:-1\" \/>\n<link rel=\"canonical\" href=\"https:\/\/www.meydan.tv\/az\/article\/bu-qeribe-ermeni\/\" \/>\n<meta property=\"og:locale\" content=\"az_AZ\" \/>\n<meta property=\"og:type\" content=\"article\" \/>\n<meta property=\"og:title\" content=\"Bu q\u0259rib\u0259 erm\u0259ni... - MEYDAN.TV\" \/>\n<meta property=\"og:description\" content=\"Prezident \u0130lham \u018fliyev Erm\u0259nistan\u0131n Ba\u015f naziri Nikol Pa\u015finyana siyasi d\u0259st\u0259k verib\" \/>\n<meta property=\"og:url\" content=\"https:\/\/www.meydan.tv\/az\/article\/bu-qeribe-ermeni\/\" \/>\n<meta property=\"og:site_name\" content=\"MEYDAN.TV\" \/>\n<meta property=\"article:published_time\" content=\"2018-09-22T23:19:47+00:00\" \/>\n<meta property=\"og:image\" content=\"https:\/\/www.meydan.tv\/wp-content\/uploads\/43724.jpg\" \/>\n\t<meta property=\"og:image:width\" content=\"1484\" \/>\n\t<meta property=\"og:image:height\" content=\"1019\" \/>\n\t<meta property=\"og:image:type\" content=\"image\/jpeg\" \/>\n<meta name=\"author\" content=\"user-manager\" \/>\n<meta name=\"twitter:card\" content=\"summary_large_image\" \/>\n<script type=\"application\/ld+json\" class=\"yoast-schema-graph\">{\"@context\":\"https:\\\/\\\/schema.org\",\"@graph\":[{\"@type\":\"Article\",\"@id\":\"https:\\\/\\\/www.meydan.tv\\\/az\\\/article\\\/bu-qeribe-ermeni\\\/#article\",\"isPartOf\":{\"@id\":\"https:\\\/\\\/www.meydan.tv\\\/az\\\/article\\\/bu-qeribe-ermeni\\\/\"},\"author\":{\"name\":\"user-manager\",\"@id\":\"https:\\\/\\\/www.meydan.tv\\\/az\\\/#\\\/schema\\\/person\\\/10d11eccf6da3662cf5fdab9806ea91a\"},\"headline\":\"Bu q\u0259rib\u0259 erm\u0259ni&#8230;\",\"datePublished\":\"2018-09-22T23:19:47+00:00\",\"mainEntityOfPage\":{\"@id\":\"https:\\\/\\\/www.meydan.tv\\\/az\\\/article\\\/bu-qeribe-ermeni\\\/\"},\"wordCount\":1293,\"publisher\":{\"@id\":\"https:\\\/\\\/www.meydan.tv\\\/az\\\/#organization\"},\"image\":{\"@id\":\"https:\\\/\\\/www.meydan.tv\\\/az\\\/article\\\/bu-qeribe-ermeni\\\/#primaryimage\"},\"thumbnailUrl\":\"https:\\\/\\\/www.meydan.tv\\\/wp-content\\\/uploads\\\/43724.jpg\",\"articleSection\":[\"M\u0259nim Fikrimc\u0259\"],\"inLanguage\":\"az\"},{\"@type\":\"WebPage\",\"@id\":\"https:\\\/\\\/www.meydan.tv\\\/az\\\/article\\\/bu-qeribe-ermeni\\\/\",\"url\":\"https:\\\/\\\/www.meydan.tv\\\/az\\\/article\\\/bu-qeribe-ermeni\\\/\",\"name\":\"Bu q\u0259rib\u0259 erm\u0259ni... - MEYDAN.TV\",\"isPartOf\":{\"@id\":\"https:\\\/\\\/www.meydan.tv\\\/az\\\/#website\"},\"primaryImageOfPage\":{\"@id\":\"https:\\\/\\\/www.meydan.tv\\\/az\\\/article\\\/bu-qeribe-ermeni\\\/#primaryimage\"},\"image\":{\"@id\":\"https:\\\/\\\/www.meydan.tv\\\/az\\\/article\\\/bu-qeribe-ermeni\\\/#primaryimage\"},\"thumbnailUrl\":\"https:\\\/\\\/www.meydan.tv\\\/wp-content\\\/uploads\\\/43724.jpg\",\"datePublished\":\"2018-09-22T23:19:47+00:00\",\"breadcrumb\":{\"@id\":\"https:\\\/\\\/www.meydan.tv\\\/az\\\/article\\\/bu-qeribe-ermeni\\\/#breadcrumb\"},\"inLanguage\":\"az\",\"potentialAction\":[{\"@type\":\"ReadAction\",\"target\":[\"https:\\\/\\\/www.meydan.tv\\\/az\\\/article\\\/bu-qeribe-ermeni\\\/\"]}]},{\"@type\":\"ImageObject\",\"inLanguage\":\"az\",\"@id\":\"https:\\\/\\\/www.meydan.tv\\\/az\\\/article\\\/bu-qeribe-ermeni\\\/#primaryimage\",\"url\":\"https:\\\/\\\/www.meydan.tv\\\/wp-content\\\/uploads\\\/43724.jpg\",\"contentUrl\":\"https:\\\/\\\/www.meydan.tv\\\/wp-content\\\/uploads\\\/43724.jpg\",\"width\":1484,\"height\":1019,\"caption\":\"Source:\"},{\"@type\":\"BreadcrumbList\",\"@id\":\"https:\\\/\\\/www.meydan.tv\\\/az\\\/article\\\/bu-qeribe-ermeni\\\/#breadcrumb\",\"itemListElement\":[{\"@type\":\"ListItem\",\"position\":1,\"name\":\"Ana s\u0259hif\u0259\",\"item\":\"https:\\\/\\\/www.meydan.tv\\\/az\\\/\"},{\"@type\":\"ListItem\",\"position\":2,\"name\":\"M\u0259nim Fikrimc\u0259\",\"item\":\"https:\\\/\\\/www.meydan.tv\\\/az\\\/section\\\/menim-fikrimce\\\/\"},{\"@type\":\"ListItem\",\"position\":3,\"name\":\"Bu q\u0259rib\u0259 erm\u0259ni&#8230;\"}]},{\"@type\":\"WebSite\",\"@id\":\"https:\\\/\\\/www.meydan.tv\\\/az\\\/#website\",\"url\":\"https:\\\/\\\/www.meydan.tv\\\/az\\\/\",\"name\":\"MEYDAN.TV\",\"description\":\"Meydan TV Az\u0259rbaycan\u0131n media m\u0259kan\u0131ndak\u0131 alternativ s\u0259sidir\",\"publisher\":{\"@id\":\"https:\\\/\\\/www.meydan.tv\\\/az\\\/#organization\"},\"potentialAction\":[{\"@type\":\"SearchAction\",\"target\":{\"@type\":\"EntryPoint\",\"urlTemplate\":\"https:\\\/\\\/www.meydan.tv\\\/az\\\/?s={search_term_string}\"},\"query-input\":{\"@type\":\"PropertyValueSpecification\",\"valueRequired\":true,\"valueName\":\"search_term_string\"}}],\"inLanguage\":\"az\"},{\"@type\":\"Organization\",\"@id\":\"https:\\\/\\\/www.meydan.tv\\\/az\\\/#organization\",\"name\":\"Meydan TV\",\"url\":\"https:\\\/\\\/www.meydan.tv\\\/az\\\/\",\"logo\":{\"@type\":\"ImageObject\",\"inLanguage\":\"az\",\"@id\":\"https:\\\/\\\/www.meydan.tv\\\/az\\\/#\\\/schema\\\/logo\\\/image\\\/\",\"url\":\"https:\\\/\\\/www.meydan.tv\\\/wp-content\\\/uploads\\\/2021\\\/07\\\/meydan-logo.svg\",\"contentUrl\":\"https:\\\/\\\/www.meydan.tv\\\/wp-content\\\/uploads\\\/2021\\\/07\\\/meydan-logo.svg\",\"width\":195,\"height\":46,\"caption\":\"Meydan TV\"},\"image\":{\"@id\":\"https:\\\/\\\/www.meydan.tv\\\/az\\\/#\\\/schema\\\/logo\\\/image\\\/\"}},{\"@type\":\"Person\",\"@id\":\"https:\\\/\\\/www.meydan.tv\\\/az\\\/#\\\/schema\\\/person\\\/10d11eccf6da3662cf5fdab9806ea91a\",\"name\":\"user-manager\"}]}<\/script>\n<!-- \/ Yoast SEO plugin. -->","yoast_head_json":{"title":"Bu q\u0259rib\u0259 erm\u0259ni... - MEYDAN.TV","robots":{"index":"index","follow":"follow","max-snippet":"max-snippet:-1","max-image-preview":"max-image-preview:large","max-video-preview":"max-video-preview:-1"},"canonical":"https:\/\/www.meydan.tv\/az\/article\/bu-qeribe-ermeni\/","og_locale":"az_AZ","og_type":"article","og_title":"Bu q\u0259rib\u0259 erm\u0259ni... - MEYDAN.TV","og_description":"Prezident \u0130lham \u018fliyev Erm\u0259nistan\u0131n Ba\u015f naziri Nikol Pa\u015finyana siyasi d\u0259st\u0259k verib","og_url":"https:\/\/www.meydan.tv\/az\/article\/bu-qeribe-ermeni\/","og_site_name":"MEYDAN.TV","article_published_time":"2018-09-22T23:19:47+00:00","og_image":[{"width":1484,"height":1019,"url":"https:\/\/www.meydan.tv\/wp-content\/uploads\/43724.jpg","type":"image\/jpeg"}],"author":"user-manager","twitter_card":"summary_large_image","schema":{"@context":"https:\/\/schema.org","@graph":[{"@type":"Article","@id":"https:\/\/www.meydan.tv\/az\/article\/bu-qeribe-ermeni\/#article","isPartOf":{"@id":"https:\/\/www.meydan.tv\/az\/article\/bu-qeribe-ermeni\/"},"author":{"name":"user-manager","@id":"https:\/\/www.meydan.tv\/az\/#\/schema\/person\/10d11eccf6da3662cf5fdab9806ea91a"},"headline":"Bu q\u0259rib\u0259 erm\u0259ni&#8230;","datePublished":"2018-09-22T23:19:47+00:00","mainEntityOfPage":{"@id":"https:\/\/www.meydan.tv\/az\/article\/bu-qeribe-ermeni\/"},"wordCount":1293,"publisher":{"@id":"https:\/\/www.meydan.tv\/az\/#organization"},"image":{"@id":"https:\/\/www.meydan.tv\/az\/article\/bu-qeribe-ermeni\/#primaryimage"},"thumbnailUrl":"https:\/\/www.meydan.tv\/wp-content\/uploads\/43724.jpg","articleSection":["M\u0259nim Fikrimc\u0259"],"inLanguage":"az"},{"@type":"WebPage","@id":"https:\/\/www.meydan.tv\/az\/article\/bu-qeribe-ermeni\/","url":"https:\/\/www.meydan.tv\/az\/article\/bu-qeribe-ermeni\/","name":"Bu q\u0259rib\u0259 erm\u0259ni... - MEYDAN.TV","isPartOf":{"@id":"https:\/\/www.meydan.tv\/az\/#website"},"primaryImageOfPage":{"@id":"https:\/\/www.meydan.tv\/az\/article\/bu-qeribe-ermeni\/#primaryimage"},"image":{"@id":"https:\/\/www.meydan.tv\/az\/article\/bu-qeribe-ermeni\/#primaryimage"},"thumbnailUrl":"https:\/\/www.meydan.tv\/wp-content\/uploads\/43724.jpg","datePublished":"2018-09-22T23:19:47+00:00","breadcrumb":{"@id":"https:\/\/www.meydan.tv\/az\/article\/bu-qeribe-ermeni\/#breadcrumb"},"inLanguage":"az","potentialAction":[{"@type":"ReadAction","target":["https:\/\/www.meydan.tv\/az\/article\/bu-qeribe-ermeni\/"]}]},{"@type":"ImageObject","inLanguage":"az","@id":"https:\/\/www.meydan.tv\/az\/article\/bu-qeribe-ermeni\/#primaryimage","url":"https:\/\/www.meydan.tv\/wp-content\/uploads\/43724.jpg","contentUrl":"https:\/\/www.meydan.tv\/wp-content\/uploads\/43724.jpg","width":1484,"height":1019,"caption":"Source:"},{"@type":"BreadcrumbList","@id":"https:\/\/www.meydan.tv\/az\/article\/bu-qeribe-ermeni\/#breadcrumb","itemListElement":[{"@type":"ListItem","position":1,"name":"Ana s\u0259hif\u0259","item":"https:\/\/www.meydan.tv\/az\/"},{"@type":"ListItem","position":2,"name":"M\u0259nim Fikrimc\u0259","item":"https:\/\/www.meydan.tv\/az\/section\/menim-fikrimce\/"},{"@type":"ListItem","position":3,"name":"Bu q\u0259rib\u0259 erm\u0259ni&#8230;"}]},{"@type":"WebSite","@id":"https:\/\/www.meydan.tv\/az\/#website","url":"https:\/\/www.meydan.tv\/az\/","name":"MEYDAN.TV","description":"Meydan TV Az\u0259rbaycan\u0131n media m\u0259kan\u0131ndak\u0131 alternativ s\u0259sidir","publisher":{"@id":"https:\/\/www.meydan.tv\/az\/#organization"},"potentialAction":[{"@type":"SearchAction","target":{"@type":"EntryPoint","urlTemplate":"https:\/\/www.meydan.tv\/az\/?s={search_term_string}"},"query-input":{"@type":"PropertyValueSpecification","valueRequired":true,"valueName":"search_term_string"}}],"inLanguage":"az"},{"@type":"Organization","@id":"https:\/\/www.meydan.tv\/az\/#organization","name":"Meydan TV","url":"https:\/\/www.meydan.tv\/az\/","logo":{"@type":"ImageObject","inLanguage":"az","@id":"https:\/\/www.meydan.tv\/az\/#\/schema\/logo\/image\/","url":"https:\/\/www.meydan.tv\/wp-content\/uploads\/2021\/07\/meydan-logo.svg","contentUrl":"https:\/\/www.meydan.tv\/wp-content\/uploads\/2021\/07\/meydan-logo.svg","width":195,"height":46,"caption":"Meydan TV"},"image":{"@id":"https:\/\/www.meydan.tv\/az\/#\/schema\/logo\/image\/"}},{"@type":"Person","@id":"https:\/\/www.meydan.tv\/az\/#\/schema\/person\/10d11eccf6da3662cf5fdab9806ea91a","name":"user-manager"}]}},"_links":{"self":[{"href":"https:\/\/www.meydan.tv\/az\/wp-json\/wp\/v2\/posts\/191778","targetHints":{"allow":["GET"]}}],"collection":[{"href":"https:\/\/www.meydan.tv\/az\/wp-json\/wp\/v2\/posts"}],"about":[{"href":"https:\/\/www.meydan.tv\/az\/wp-json\/wp\/v2\/types\/post"}],"author":[{"embeddable":true,"href":"https:\/\/www.meydan.tv\/az\/wp-json\/wp\/v2\/users\/11"}],"replies":[{"embeddable":true,"href":"https:\/\/www.meydan.tv\/az\/wp-json\/wp\/v2\/comments?post=191778"}],"version-history":[{"count":0,"href":"https:\/\/www.meydan.tv\/az\/wp-json\/wp\/v2\/posts\/191778\/revisions"}],"wp:featuredmedia":[{"embeddable":true,"href":"https:\/\/www.meydan.tv\/az\/wp-json\/wp\/v2\/media\/109969"}],"wp:attachment":[{"href":"https:\/\/www.meydan.tv\/az\/wp-json\/wp\/v2\/media?parent=191778"}],"wp:term":[{"taxonomy":"category","embeddable":true,"href":"https:\/\/www.meydan.tv\/az\/wp-json\/wp\/v2\/categories?post=191778"},{"taxonomy":"post_tag","embeddable":true,"href":"https:\/\/www.meydan.tv\/az\/wp-json\/wp\/v2\/tags?post=191778"}],"curies":[{"name":"wp","href":"https:\/\/api.w.org\/{rel}","templated":true}]}}