{"id":191751,"date":"2018-09-20T21:07:33","date_gmt":"2018-09-20T21:07:33","guid":{"rendered":"https:\/\/www.meydan.tv\/article\/quzanlida-sakinler-issizlikden-susuzluqdan-gileylidir\/"},"modified":"2018-09-20T21:07:33","modified_gmt":"2018-09-20T21:07:33","slug":"quzanlida-sakinler-issizlikden-susuzluqdan-gileylidir","status":"publish","type":"post","link":"https:\/\/www.meydan.tv\/az\/article\/quzanlida-sakinler-issizlikden-susuzluqdan-gileylidir\/","title":{"rendered":"Quzanl\u0131da: Sakinl\u0259r i\u015fsizlikd\u0259n, susuzluqdan gileylidir"},"content":{"rendered":"<figure class=\"wp-block-image size-large\">\n  <img decoding=\"async\" src=\"https:\/\/www.meydan.tv\/az\/quzanli\/\" alt=\"Quzanl\u0131\" class=\"wp-image-109882\"\/><figcaption>\n    Quzanl\u0131<br \/>\n  <\/figcaption><\/figure>\n<p>\n  &#8221;<br \/>\n  <i><br \/>\n    Direktor bo\u015f yerl\u0259ri m\u00fcqavil\u0259 yolu il\u0259 hans\u0131sa m\u00fc\u0259llim\u0259 300-400 manata sat\u0131r\u201d<br \/>\n  <\/i><\/p>\n<p>  &#8220;\u0130nsanlar i\u015f tap\u0131b, i\u015fl\u0259y\u0259 bilmir ki, ail\u0259sini doland\u0131rs\u0131n&#8221;.\n<\/p>\n<p>\n  A\u011fdam rayonunun Quzanl\u0131 k\u0259ndinin sakinl\u0259ri bel\u0259 deyir. Onlar\u0131n \u0259sas qay\u011f\u0131s\u0131, \u015fikay\u0259ti el\u0259 i\u015fsizlikdir.<br \/>\n  <br \/>\n  A\u011fdam rayonu 1993-c\u00fc ild\u0259 i\u015f\u011fal olunduqdan sonra rayonun \u0259sas strukturlar\u0131 Quzanl\u0131 q\u0259s\u0259b\u0259sind\u0259 yerl\u0259\u015fdirildi. Bir s\u00f6zl\u0259, bir zamanlar A\u011fdam \u015f\u0259h\u0259rinin m\u0259rk\u0259zind\u0259n xeyli aral\u0131da yerl\u0259\u015f\u0259n Quzanl\u0131 k\u0259ndi indi \u0259sas m\u0259rk\u0259z\u0259 \u00e7evrilib.\n<\/p>\n<blockquote><p>\n  Susuzluq m\u0259hsula ziyan vurur\n<\/p><\/blockquote>\n<p>\n  \u0130\u015fsizlik ucbat\u0131ndan \u0259kin-bi\u00e7in\u0259 g\u00fcc ver\u0259n \u0259hali burada da texniki su problemi il\u0259 \u00fcz-\u00fcz\u0259dir. Onlar\u0131n dediyin\u0259 g\u00f6r\u0259, \u0259kin \u00fc\u00e7\u00fcn n\u0259z\u0259rd\u0259 tutulan texniki sular suvarmaya b\u0259s etmir. \u0130nsanlar \u0259kin sah\u0259l\u0259rini suvar\u0131b, yax\u015f\u0131 m\u0259hsul g\u00f6t\u00fcr\u0259 bilmir.\n<\/p>\n<p>\n  Rayon sakini Elman V\u0259liyev deyir ki, bu, azm\u0131\u015f kimi, i\u00e7m\u0259li su da tap\u0131lm\u0131r:\n<\/p>\n<p>\n  &#8220;\u0130\u00e7m\u0259li su m\u0259s\u0259l\u0259si d\u0259 ciddi problemdir. \u018fks\u0259r bulaqlar v\u0259 su m\u0259nb\u0259l\u0259ri dem\u0259k olar ki, quruyub. Onlardan elektrik su motorlar\u0131 say\u0259sind\u0259 su \u0259ld\u0259 olunur. Quyu artezianlardan \u00e7\u0131xan cod su is\u0259 i\u00e7m\u0259y\u0259 yararl\u0131 deyil&#8221;.\n<\/p>\n<p>\n  Yerli camaat bununla ba\u011fl\u0131 A\u011fdam Rayon \u0130cra Hakimiyy\u0259tin\u0259 m\u00fcraci\u0259t edib:\n<\/p>\n<p>\n  &#8220;Biz\u0259 deyirl\u0259r ki, guya quyu vurmaq \u00fc\u00e7\u00fcn qur\u011fular yoxdur v\u0259 texniki v\u0259sait \u00e7ox baha ba\u015fa g\u0259lir. \u0130kinci bir b\u0259han\u0259 is\u0259 odur ki, bu \u0259razid\u0259 guya su qurtar\u0131b. Quzanl\u0131n\u0131n \u0259razisind\u0259n ke\u00e7\u0259n Xa\u00e7\u0131n\u00e7ay erm\u0259nil\u0259rin \u0259lind\u0259 oldu\u011funa g\u00f6r\u0259 yeralt\u0131 sular qidalana bilmir. Buna g\u00f6r\u0259 d\u0259 h\u0259tta artezian vurulsa da, su \u00e7\u0131xmayacaq. Y\u0259ni d\u0259rdimiz\u0259 \u00e7ar\u0259 tapmaq ist\u0259mirl\u0259r&#8221;, &#8211; Hikm\u0259t Mirz\u0259yev gileyl\u0259nir.\n<\/p>\n<figure class=\"wp-block-image size-large\">\n  <img decoding=\"async\" src=\"https:\/\/www.meydan.tv\/az\/109888\/\" alt=\"\" class=\"wp-image-109888\"\/><figcaption><\/figcaption><\/figure>\n<blockquote><p>\n  Direktorlar bo\u015f yerl\u0259ri gizl\u0259dir\n<\/p><\/blockquote>\n<p>\n  \u201cGuya i\u015fl\u0259y\u0259nl\u0259r n\u0259 q\u0259d\u0259r qazan\u0131r ki? M\u00fc\u0259lliml\u0259rin d\u0259 v\u0259ziyy\u0259ti o q\u0259d\u0259r yax\u015f\u0131 deyil. Sad\u0259c\u0259 i\u015fsizliyin ucbat\u0131ndan ke\u00e7 kim \u00f6z problemini a\u00e7\u0131b-a\u011farda bilmir\u201d \u2013 ad\u0131n\u0131n a\u00e7\u0131qlanmas\u0131n\u0131 ist\u0259m\u0259y\u0259n m\u00fc\u0259llim\u0259 deyir. O da \u0259lav\u0259 qazanc \u00fc\u00e7\u00fcn \u0259kin-bi\u00e7in\u0259 maraq g\u00f6st\u0259rir.\n<\/p>\n<p>\n  M\u00fc\u0259llim\u0259 rayonda t\u0259hsilin v\u0259ziyy\u0259tind\u0259n d\u0259 naraz\u0131d\u0131r:\n<\/p>\n<p>\n  &#8220;Bu g\u00fcn m\u00fc\u0259lliml\u0259rin i\u015f\u0259 q\u0259bulu m\u0259rk\u0259zl\u0259\u015fdirilmi\u015f qaydada apar\u0131l\u0131r. D\u00f6vl\u0259t \u0130mtahan M\u0259rk\u0259zi (D\u0130M), yaxud T\u0259hsil Nazirliyi bunlar\u0131 yenid\u0259n imtahan ed\u0259r\u0259k, i\u015f\u0259 g\u00f6t\u00fcr\u00fcr. M\u00fc\u0259lliml\u0259r\u0259 60 sual t\u0259qdim edilir. B\u00f6lg\u0259l\u0259r \u00fc\u00e7\u00fcn ke\u00e7id 48 bald\u0131r. Diaqnostik imtahandan az bal toplayan m\u00fc\u0259lliml\u0259r pedaqoji f\u0259aliyy\u0259tini davam etdirir. Y\u00fcks\u0259k bal toplayanlar is\u0259 k\u0259narda qal\u0131r. \u00c7\u00fcnki direktorlar\u0131n \u00e7oxu bo\u015f yerl\u0259ri gizl\u0259dir. Ona g\u00f6r\u0259 d\u0259 48 baldan art\u0131\u011f\u0131n\u0131 toplayan adam bel\u0259 i\u015fl\u0259 t\u0259min olunmay\u0131b, k\u0259narda qal\u0131r. Y\u0259ni bunun oxudu\u011fu 4-5 illik \u0259ziyy\u0259ti havay\u0131 gedir. Direktor bo\u015f yerl\u0259ri m\u00fcqavil\u0259 yolu il\u0259 hans\u0131sa m\u00fc\u0259llim\u0259 300-400 manata sat\u0131r&#8221;.\n<\/p>\n<p>\n  M\u00fc\u0259llim\u0259 deyir ki, \u0259g\u0259r T\u0259hsil Nazirliyi dedikl\u0259rinin h\u0259qiq\u0259t oldu\u011funa \u0259min olmaq ist\u0259yirs\u0259, A\u011fdama komissiya g\u00f6nd\u0259rsin. Rayon T\u0259hsil \u015e\u00f6b\u0259sind\u0259n is\u0259 anonim ittihamlar\u0131 cavabland\u0131rmaq ist\u0259m\u0259yibl\u0259r.\n<\/p>\n<blockquote><p>\n  X\u0259st\u0259xanada v\u0259ziyy\u0259t\n<\/p><\/blockquote>\n<p>\n  &#8220;A\u011fdam Rayon M\u0259rk\u0259zi X\u0259st\u0259xanas\u0131nda travmatoloq yoxdur. Kimins\u0259 qolu, ya aya\u011f\u0131 s\u0131nanda, ba\u015fqa rayona, B\u0259rd\u0259y\u0259, yaxud da Bak\u0131ya apar\u0131l\u0131r&#8221; -Taleh V\u0259liyev bel\u0259 deyir:\n<\/p>\n<p>\n  &#8220;Rayon oldu\u011funa g\u00f6r\u0259 yax\u015f\u0131 h\u0259kiml\u0259r buradan qa\u00e7\u0131r. B\u0259zi h\u0259kiml\u0259r Rayon \u0130cra Hakimyy\u0259ti t\u0259r\u0259find\u0259n d\u0259 m\u00fc\u0259yy\u0259n t\u0259zyiql\u0259rl\u0259 \u00fczl\u0259\u015firl\u0259r. Xidm\u0259tin keyfiyy\u0259ti \u00e7ox a\u015fa\u011f\u0131d\u0131r. B\u0259z\u0259n olur ki, x\u0259st\u0259xanada adi, sar\u011f\u0131 v\u0259 ya pamb\u0131q bel\u0259 tap\u0131lm\u0131r. Sanitariya-gigiyena da yax\u015f\u0131 durumda deyil. Heyd\u0259r \u018fliyev prospektind\u0259 yerl\u0259\u015f\u0259n x\u0259st\u0259xanan\u0131n yax\u0131nl\u0131\u011f\u0131nda kanalizasiya x\u0259tti a\u011fz\u0131 a\u00e7\u0131q v\u0259ziyy\u0259td\u0259dir. Heyvan k\u0259sil\u0259n zaman b\u00fct\u00fcn \u00e7\u00f6k\u00fcnt\u00fc, h\u0259m\u00e7inin \u0259traf ma\u011fazalar\u0131n zir-zibili ora ax\u0131r&#8221;.\n<\/p>\n<figure class=\"wp-block-image size-large\">\n  <img decoding=\"async\" src=\"https:\/\/www.meydan.tv\/az\/109891\/\" alt=\"\" class=\"wp-image-109891\"\/><figcaption><\/figcaption><\/figure>\n<p>\n  Yerli camaat\u0131n dig\u0259r naraz\u0131l\u0131\u011f\u0131 da b\u0259zi yollar\u0131n h\u0259l\u0259 d\u0259 b\u0259rbad v\u0259ziyy\u0259td\u0259 olmas\u0131 il\u0259 ba\u011fl\u0131d\u0131r. Magistral yol asfaltlanm\u0131\u015f olsa da, dig\u0259r yollar ac\u0131nacaql\u0131 durumdad\u0131r. X\u00fcsus\u0259n d\u0259 q\u0131\u015f aylar\u0131nda bu yollardan istifad\u0259 xeyli \u00e7\u0259tinl\u0259\u015fir.\n<\/p>\n<p>\n  A\u011fdam R\u0130H ba\u015f\u00e7\u0131s\u0131n\u0131n m\u00fcavini A\u011fa Zeynalov Meydan TV-y\u0259 a\u00e7\u0131qlamas\u0131nda &#8220;Rayona yeni ba\u015f\u00e7\u0131 t\u0259yin olunub.\n<\/p>\n<p>\n  Q\u0259s\u0259b\u0259nin b\u00fct\u00fcn probleml\u0259ri \u00f6yr\u0259nilib v\u0259 aidiyyat\u0131 \u00fczr\u0259 r\u0259smi m\u00fcraci\u0259t edilib. Yax\u0131n zamanlarda \u0259hali h\u0259r bir \u015feyl\u0259 t\u0259min olunacaq, narahatl\u0131\u011fa \u0259sas yoxdur,&#8221; &#8211; deyib.\n<\/p>\n<p>\n  2018-cil il avqustun 28-d\u0259 prezident \u0130lham \u018fliyevin s\u0259r\u0259ncam\u0131 il\u0259 Vaqif H\u0259s\u0259nov A\u011fdam Rayon \u0130cra Hakimiyy\u0259tinin ba\u015f\u00e7\u0131s\u0131 t\u0259yin edilib.\n<\/p>\n<p>\n  Bundan \u00f6nc\u0259 A\u011fdam\u0131n icra ba\u015f\u00e7\u0131s\u0131 Raqub M\u0259mm\u0259dov olub.<\/p>\n","protected":false},"excerpt":{"rendered":"<p>&#8220;Direktor bo\u015f yerl\u0259ri m\u00fcqavil\u0259 yolu il\u0259 hans\u0131sa m\u00fc\u0259llim\u0259 300-400 manata sat\u0131r\u201d<\/p>\n","protected":false},"author":11,"featured_media":109882,"comment_status":"closed","ping_status":"open","sticky":false,"template":"","format":"standard","meta":{"_acf_changed":false,"_sitemap_exclude":false,"_sitemap_priority":"","_sitemap_frequency":"","footnotes":""},"categories":[60],"tags":[],"class_list":["post-191751","post","type-post","status-publish","format-standard","has-post-thumbnail","hentry","category-bolge","infinite-scroll-item","generate-columns","tablet-grid-50","mobile-grid-100","grid-parent","grid-33","no-featured-image-padding"],"acf":[],"yoast_head":"<!-- This site is optimized with the Yoast SEO plugin v27.4 - https:\/\/yoast.com\/product\/yoast-seo-wordpress\/ -->\n<title>Quzanl\u0131da: Sakinl\u0259r i\u015fsizlikd\u0259n, susuzluqdan gileylidir - MEYDAN.TV<\/title>\n<meta name=\"robots\" content=\"index, follow, max-snippet:-1, max-image-preview:large, max-video-preview:-1\" \/>\n<link rel=\"canonical\" href=\"https:\/\/www.meydan.tv\/az\/article\/quzanlida-sakinler-issizlikden-susuzluqdan-gileylidir\/\" \/>\n<meta property=\"og:locale\" content=\"az_AZ\" \/>\n<meta property=\"og:type\" content=\"article\" \/>\n<meta property=\"og:title\" content=\"Quzanl\u0131da: Sakinl\u0259r i\u015fsizlikd\u0259n, susuzluqdan gileylidir - MEYDAN.TV\" \/>\n<meta property=\"og:description\" content=\"&quot;Direktor bo\u015f yerl\u0259ri m\u00fcqavil\u0259 yolu il\u0259 hans\u0131sa m\u00fc\u0259llim\u0259 300-400 manata sat\u0131r\u201d\" \/>\n<meta property=\"og:url\" content=\"https:\/\/www.meydan.tv\/az\/article\/quzanlida-sakinler-issizlikden-susuzluqdan-gileylidir\/\" \/>\n<meta property=\"og:site_name\" content=\"MEYDAN.TV\" \/>\n<meta property=\"article:published_time\" content=\"2018-09-20T21:07:33+00:00\" \/>\n<meta property=\"og:image\" content=\"https:\/\/www.meydan.tv\/wp-content\/uploads\/43692.jpg\" \/>\n\t<meta property=\"og:image:width\" content=\"960\" \/>\n\t<meta property=\"og:image:height\" content=\"540\" \/>\n\t<meta property=\"og:image:type\" content=\"image\/jpeg\" \/>\n<meta name=\"author\" content=\"user-manager\" \/>\n<meta name=\"twitter:card\" content=\"summary_large_image\" \/>\n<script type=\"application\/ld+json\" class=\"yoast-schema-graph\">{\"@context\":\"https:\\\/\\\/schema.org\",\"@graph\":[{\"@type\":\"Article\",\"@id\":\"https:\\\/\\\/www.meydan.tv\\\/az\\\/article\\\/quzanlida-sakinler-issizlikden-susuzluqdan-gileylidir\\\/#article\",\"isPartOf\":{\"@id\":\"https:\\\/\\\/www.meydan.tv\\\/az\\\/article\\\/quzanlida-sakinler-issizlikden-susuzluqdan-gileylidir\\\/\"},\"author\":{\"name\":\"user-manager\",\"@id\":\"https:\\\/\\\/www.meydan.tv\\\/az\\\/#\\\/schema\\\/person\\\/10d11eccf6da3662cf5fdab9806ea91a\"},\"headline\":\"Quzanl\u0131da: Sakinl\u0259r i\u015fsizlikd\u0259n, susuzluqdan gileylidir\",\"datePublished\":\"2018-09-20T21:07:33+00:00\",\"mainEntityOfPage\":{\"@id\":\"https:\\\/\\\/www.meydan.tv\\\/az\\\/article\\\/quzanlida-sakinler-issizlikden-susuzluqdan-gileylidir\\\/\"},\"wordCount\":888,\"publisher\":{\"@id\":\"https:\\\/\\\/www.meydan.tv\\\/az\\\/#organization\"},\"image\":{\"@id\":\"https:\\\/\\\/www.meydan.tv\\\/az\\\/article\\\/quzanlida-sakinler-issizlikden-susuzluqdan-gileylidir\\\/#primaryimage\"},\"thumbnailUrl\":\"https:\\\/\\\/www.meydan.tv\\\/wp-content\\\/uploads\\\/43692.jpg\",\"articleSection\":[\"B\u00f6lg\u0259\"],\"inLanguage\":\"az\"},{\"@type\":\"WebPage\",\"@id\":\"https:\\\/\\\/www.meydan.tv\\\/az\\\/article\\\/quzanlida-sakinler-issizlikden-susuzluqdan-gileylidir\\\/\",\"url\":\"https:\\\/\\\/www.meydan.tv\\\/az\\\/article\\\/quzanlida-sakinler-issizlikden-susuzluqdan-gileylidir\\\/\",\"name\":\"Quzanl\u0131da: Sakinl\u0259r i\u015fsizlikd\u0259n, susuzluqdan gileylidir - MEYDAN.TV\",\"isPartOf\":{\"@id\":\"https:\\\/\\\/www.meydan.tv\\\/az\\\/#website\"},\"primaryImageOfPage\":{\"@id\":\"https:\\\/\\\/www.meydan.tv\\\/az\\\/article\\\/quzanlida-sakinler-issizlikden-susuzluqdan-gileylidir\\\/#primaryimage\"},\"image\":{\"@id\":\"https:\\\/\\\/www.meydan.tv\\\/az\\\/article\\\/quzanlida-sakinler-issizlikden-susuzluqdan-gileylidir\\\/#primaryimage\"},\"thumbnailUrl\":\"https:\\\/\\\/www.meydan.tv\\\/wp-content\\\/uploads\\\/43692.jpg\",\"datePublished\":\"2018-09-20T21:07:33+00:00\",\"breadcrumb\":{\"@id\":\"https:\\\/\\\/www.meydan.tv\\\/az\\\/article\\\/quzanlida-sakinler-issizlikden-susuzluqdan-gileylidir\\\/#breadcrumb\"},\"inLanguage\":\"az\",\"potentialAction\":[{\"@type\":\"ReadAction\",\"target\":[\"https:\\\/\\\/www.meydan.tv\\\/az\\\/article\\\/quzanlida-sakinler-issizlikden-susuzluqdan-gileylidir\\\/\"]}]},{\"@type\":\"ImageObject\",\"inLanguage\":\"az\",\"@id\":\"https:\\\/\\\/www.meydan.tv\\\/az\\\/article\\\/quzanlida-sakinler-issizlikden-susuzluqdan-gileylidir\\\/#primaryimage\",\"url\":\"https:\\\/\\\/www.meydan.tv\\\/wp-content\\\/uploads\\\/43692.jpg\",\"contentUrl\":\"https:\\\/\\\/www.meydan.tv\\\/wp-content\\\/uploads\\\/43692.jpg\",\"width\":960,\"height\":540,\"caption\":\"Source:\"},{\"@type\":\"BreadcrumbList\",\"@id\":\"https:\\\/\\\/www.meydan.tv\\\/az\\\/article\\\/quzanlida-sakinler-issizlikden-susuzluqdan-gileylidir\\\/#breadcrumb\",\"itemListElement\":[{\"@type\":\"ListItem\",\"position\":1,\"name\":\"Ana s\u0259hif\u0259\",\"item\":\"https:\\\/\\\/www.meydan.tv\\\/az\\\/\"},{\"@type\":\"ListItem\",\"position\":2,\"name\":\"B\u00f6lg\u0259\",\"item\":\"https:\\\/\\\/www.meydan.tv\\\/az\\\/section\\\/bolge\\\/\"},{\"@type\":\"ListItem\",\"position\":3,\"name\":\"Quzanl\u0131da: Sakinl\u0259r i\u015fsizlikd\u0259n, susuzluqdan gileylidir\"}]},{\"@type\":\"WebSite\",\"@id\":\"https:\\\/\\\/www.meydan.tv\\\/az\\\/#website\",\"url\":\"https:\\\/\\\/www.meydan.tv\\\/az\\\/\",\"name\":\"MEYDAN.TV\",\"description\":\"Meydan TV Az\u0259rbaycan\u0131n media m\u0259kan\u0131ndak\u0131 alternativ s\u0259sidir\",\"publisher\":{\"@id\":\"https:\\\/\\\/www.meydan.tv\\\/az\\\/#organization\"},\"potentialAction\":[{\"@type\":\"SearchAction\",\"target\":{\"@type\":\"EntryPoint\",\"urlTemplate\":\"https:\\\/\\\/www.meydan.tv\\\/az\\\/?s={search_term_string}\"},\"query-input\":{\"@type\":\"PropertyValueSpecification\",\"valueRequired\":true,\"valueName\":\"search_term_string\"}}],\"inLanguage\":\"az\"},{\"@type\":\"Organization\",\"@id\":\"https:\\\/\\\/www.meydan.tv\\\/az\\\/#organization\",\"name\":\"Meydan TV\",\"url\":\"https:\\\/\\\/www.meydan.tv\\\/az\\\/\",\"logo\":{\"@type\":\"ImageObject\",\"inLanguage\":\"az\",\"@id\":\"https:\\\/\\\/www.meydan.tv\\\/az\\\/#\\\/schema\\\/logo\\\/image\\\/\",\"url\":\"https:\\\/\\\/www.meydan.tv\\\/wp-content\\\/uploads\\\/2021\\\/07\\\/meydan-logo.svg\",\"contentUrl\":\"https:\\\/\\\/www.meydan.tv\\\/wp-content\\\/uploads\\\/2021\\\/07\\\/meydan-logo.svg\",\"width\":195,\"height\":46,\"caption\":\"Meydan TV\"},\"image\":{\"@id\":\"https:\\\/\\\/www.meydan.tv\\\/az\\\/#\\\/schema\\\/logo\\\/image\\\/\"}},{\"@type\":\"Person\",\"@id\":\"https:\\\/\\\/www.meydan.tv\\\/az\\\/#\\\/schema\\\/person\\\/10d11eccf6da3662cf5fdab9806ea91a\",\"name\":\"user-manager\"}]}<\/script>\n<!-- \/ Yoast SEO plugin. -->","yoast_head_json":{"title":"Quzanl\u0131da: Sakinl\u0259r i\u015fsizlikd\u0259n, susuzluqdan gileylidir - MEYDAN.TV","robots":{"index":"index","follow":"follow","max-snippet":"max-snippet:-1","max-image-preview":"max-image-preview:large","max-video-preview":"max-video-preview:-1"},"canonical":"https:\/\/www.meydan.tv\/az\/article\/quzanlida-sakinler-issizlikden-susuzluqdan-gileylidir\/","og_locale":"az_AZ","og_type":"article","og_title":"Quzanl\u0131da: Sakinl\u0259r i\u015fsizlikd\u0259n, susuzluqdan gileylidir - MEYDAN.TV","og_description":"\"Direktor bo\u015f yerl\u0259ri m\u00fcqavil\u0259 yolu il\u0259 hans\u0131sa m\u00fc\u0259llim\u0259 300-400 manata sat\u0131r\u201d","og_url":"https:\/\/www.meydan.tv\/az\/article\/quzanlida-sakinler-issizlikden-susuzluqdan-gileylidir\/","og_site_name":"MEYDAN.TV","article_published_time":"2018-09-20T21:07:33+00:00","og_image":[{"width":960,"height":540,"url":"https:\/\/www.meydan.tv\/wp-content\/uploads\/43692.jpg","type":"image\/jpeg"}],"author":"user-manager","twitter_card":"summary_large_image","schema":{"@context":"https:\/\/schema.org","@graph":[{"@type":"Article","@id":"https:\/\/www.meydan.tv\/az\/article\/quzanlida-sakinler-issizlikden-susuzluqdan-gileylidir\/#article","isPartOf":{"@id":"https:\/\/www.meydan.tv\/az\/article\/quzanlida-sakinler-issizlikden-susuzluqdan-gileylidir\/"},"author":{"name":"user-manager","@id":"https:\/\/www.meydan.tv\/az\/#\/schema\/person\/10d11eccf6da3662cf5fdab9806ea91a"},"headline":"Quzanl\u0131da: Sakinl\u0259r i\u015fsizlikd\u0259n, susuzluqdan gileylidir","datePublished":"2018-09-20T21:07:33+00:00","mainEntityOfPage":{"@id":"https:\/\/www.meydan.tv\/az\/article\/quzanlida-sakinler-issizlikden-susuzluqdan-gileylidir\/"},"wordCount":888,"publisher":{"@id":"https:\/\/www.meydan.tv\/az\/#organization"},"image":{"@id":"https:\/\/www.meydan.tv\/az\/article\/quzanlida-sakinler-issizlikden-susuzluqdan-gileylidir\/#primaryimage"},"thumbnailUrl":"https:\/\/www.meydan.tv\/wp-content\/uploads\/43692.jpg","articleSection":["B\u00f6lg\u0259"],"inLanguage":"az"},{"@type":"WebPage","@id":"https:\/\/www.meydan.tv\/az\/article\/quzanlida-sakinler-issizlikden-susuzluqdan-gileylidir\/","url":"https:\/\/www.meydan.tv\/az\/article\/quzanlida-sakinler-issizlikden-susuzluqdan-gileylidir\/","name":"Quzanl\u0131da: Sakinl\u0259r i\u015fsizlikd\u0259n, susuzluqdan gileylidir - MEYDAN.TV","isPartOf":{"@id":"https:\/\/www.meydan.tv\/az\/#website"},"primaryImageOfPage":{"@id":"https:\/\/www.meydan.tv\/az\/article\/quzanlida-sakinler-issizlikden-susuzluqdan-gileylidir\/#primaryimage"},"image":{"@id":"https:\/\/www.meydan.tv\/az\/article\/quzanlida-sakinler-issizlikden-susuzluqdan-gileylidir\/#primaryimage"},"thumbnailUrl":"https:\/\/www.meydan.tv\/wp-content\/uploads\/43692.jpg","datePublished":"2018-09-20T21:07:33+00:00","breadcrumb":{"@id":"https:\/\/www.meydan.tv\/az\/article\/quzanlida-sakinler-issizlikden-susuzluqdan-gileylidir\/#breadcrumb"},"inLanguage":"az","potentialAction":[{"@type":"ReadAction","target":["https:\/\/www.meydan.tv\/az\/article\/quzanlida-sakinler-issizlikden-susuzluqdan-gileylidir\/"]}]},{"@type":"ImageObject","inLanguage":"az","@id":"https:\/\/www.meydan.tv\/az\/article\/quzanlida-sakinler-issizlikden-susuzluqdan-gileylidir\/#primaryimage","url":"https:\/\/www.meydan.tv\/wp-content\/uploads\/43692.jpg","contentUrl":"https:\/\/www.meydan.tv\/wp-content\/uploads\/43692.jpg","width":960,"height":540,"caption":"Source:"},{"@type":"BreadcrumbList","@id":"https:\/\/www.meydan.tv\/az\/article\/quzanlida-sakinler-issizlikden-susuzluqdan-gileylidir\/#breadcrumb","itemListElement":[{"@type":"ListItem","position":1,"name":"Ana s\u0259hif\u0259","item":"https:\/\/www.meydan.tv\/az\/"},{"@type":"ListItem","position":2,"name":"B\u00f6lg\u0259","item":"https:\/\/www.meydan.tv\/az\/section\/bolge\/"},{"@type":"ListItem","position":3,"name":"Quzanl\u0131da: Sakinl\u0259r i\u015fsizlikd\u0259n, susuzluqdan gileylidir"}]},{"@type":"WebSite","@id":"https:\/\/www.meydan.tv\/az\/#website","url":"https:\/\/www.meydan.tv\/az\/","name":"MEYDAN.TV","description":"Meydan TV Az\u0259rbaycan\u0131n media m\u0259kan\u0131ndak\u0131 alternativ s\u0259sidir","publisher":{"@id":"https:\/\/www.meydan.tv\/az\/#organization"},"potentialAction":[{"@type":"SearchAction","target":{"@type":"EntryPoint","urlTemplate":"https:\/\/www.meydan.tv\/az\/?s={search_term_string}"},"query-input":{"@type":"PropertyValueSpecification","valueRequired":true,"valueName":"search_term_string"}}],"inLanguage":"az"},{"@type":"Organization","@id":"https:\/\/www.meydan.tv\/az\/#organization","name":"Meydan TV","url":"https:\/\/www.meydan.tv\/az\/","logo":{"@type":"ImageObject","inLanguage":"az","@id":"https:\/\/www.meydan.tv\/az\/#\/schema\/logo\/image\/","url":"https:\/\/www.meydan.tv\/wp-content\/uploads\/2021\/07\/meydan-logo.svg","contentUrl":"https:\/\/www.meydan.tv\/wp-content\/uploads\/2021\/07\/meydan-logo.svg","width":195,"height":46,"caption":"Meydan TV"},"image":{"@id":"https:\/\/www.meydan.tv\/az\/#\/schema\/logo\/image\/"}},{"@type":"Person","@id":"https:\/\/www.meydan.tv\/az\/#\/schema\/person\/10d11eccf6da3662cf5fdab9806ea91a","name":"user-manager"}]}},"_links":{"self":[{"href":"https:\/\/www.meydan.tv\/az\/wp-json\/wp\/v2\/posts\/191751","targetHints":{"allow":["GET"]}}],"collection":[{"href":"https:\/\/www.meydan.tv\/az\/wp-json\/wp\/v2\/posts"}],"about":[{"href":"https:\/\/www.meydan.tv\/az\/wp-json\/wp\/v2\/types\/post"}],"author":[{"embeddable":true,"href":"https:\/\/www.meydan.tv\/az\/wp-json\/wp\/v2\/users\/11"}],"replies":[{"embeddable":true,"href":"https:\/\/www.meydan.tv\/az\/wp-json\/wp\/v2\/comments?post=191751"}],"version-history":[{"count":0,"href":"https:\/\/www.meydan.tv\/az\/wp-json\/wp\/v2\/posts\/191751\/revisions"}],"wp:featuredmedia":[{"embeddable":true,"href":"https:\/\/www.meydan.tv\/az\/wp-json\/wp\/v2\/media\/109882"}],"wp:attachment":[{"href":"https:\/\/www.meydan.tv\/az\/wp-json\/wp\/v2\/media?parent=191751"}],"wp:term":[{"taxonomy":"category","embeddable":true,"href":"https:\/\/www.meydan.tv\/az\/wp-json\/wp\/v2\/categories?post=191751"},{"taxonomy":"post_tag","embeddable":true,"href":"https:\/\/www.meydan.tv\/az\/wp-json\/wp\/v2\/tags?post=191751"}],"curies":[{"name":"wp","href":"https:\/\/api.w.org\/{rel}","templated":true}]}}