{"id":191723,"date":"2018-09-19T16:38:59","date_gmt":"2018-09-19T16:38:59","guid":{"rendered":"https:\/\/www.meydan.tv\/article\/prezident-gelenden-gelene-temir-olunan-yol\/"},"modified":"2018-09-19T16:38:59","modified_gmt":"2018-09-19T16:38:59","slug":"prezident-gelenden-gelene-temir-olunan-yol","status":"publish","type":"post","link":"https:\/\/www.meydan.tv\/az\/article\/prezident-gelenden-gelene-temir-olunan-yol\/","title":{"rendered":"Prezident g\u0259l\u0259nd\u0259n-g\u0259l\u0259n\u0259 t\u0259mir olunan yol&#8230;"},"content":{"rendered":"<figure class=\"wp-block-image size-large\">\n  <img decoding=\"async\" src=\"https:\/\/www.meydan.tv\/az\/lerikde-yol\/\" alt=\"Lerikd\u0259 yol\" class=\"wp-image-109714\"\/><figcaption>\n    Lerikd\u0259 yol<br \/>\n  <\/figcaption><\/figure>\n<p>\n  <i><br \/>\n    Sakinl\u0259r iddia edirl\u0259r ki, prezident bu b\u00f6lg\u0259y\u0259 s\u0259f\u0259r ed\u0259c\u0259k dey\u0259 yollar t\u0259l\u0259sik v\u0259 keyfiyy\u0259tsiz t\u0259mir olunur<br \/>\n  <\/i><\/p>\n<p>  \u201cPrezident g\u0259l\u0259c\u0259k dey\u0259 \u0259l-aya\u011fa d\u00fc\u015f\u00fcbl\u0259r. Yolu nec\u0259 g\u0259ldi t\u0259mir edirl\u0259r, asfaltla yamaqlay\u0131rlar. Bu t\u0259r\u0259fd\u0259n d\u00fcz\u0259ldirl\u0259r, o t\u0259r\u0259fd\u0259n s\u0131radan \u00e7\u0131x\u0131r\u201d.<\/p>\n<p>  Lerik sakinl\u0259ri Meydan TV-y\u0259 dan\u0131\u015f\u0131rlar ki, sentyabr\u0131n 2-d\u0259n ba\u015flayaraq Lerik-L\u0259nk\u0259ran yolunun 20 kilometrlik hiss\u0259sind\u0259 t\u0259mir i\u015fl\u0259ri apar\u0131l\u0131r. Ancaq bu i\u015fl\u0259r t\u0259l\u0259sik v\u0259 keyfiyy\u0259tsiz g\u00f6r\u00fcld\u00fcy\u00fcnd\u0259n, yollar bir ne\u00e7\u0259 g\u00fcn \u0259rzind\u0259 yen\u0259 \u0259vv\u0259lki v\u0259ziyy\u0259tin\u0259 qay\u0131d\u0131r.<\/p>\n<p>  Bu ilin avqustunda prezident \u0130lham \u018fliyev L\u0259nk\u0259ran\u2013Lerik avtomobil yolunun yenid\u0259n qurulmas\u0131 il\u0259 ba\u011fl\u0131 S\u0259r\u0259ncam imzalay\u0131b. S\u0259r\u0259ncama \u0259sas\u0259n, yolun yenid\u0259n qurulmas\u0131 \u00fc\u00e7\u00fcn 2018-ci il d\u00f6vl\u0259t b\u00fcdc\u0259sind\u0259 n\u0259z\u0259rd\u0259 tutulmu\u015f Az\u0259rbaycan Prezidentinin ehtiyat fondundan Az\u0259rbaycan Avtomobil Yollar\u0131 D\u00f6vl\u0259t Agentliyin\u0259 ilkin olaraq 5 milyon manat ayr\u0131l\u0131b. Lerik sakini \u015eamil Quliyev deyir, yolun eyni hiss\u0259si d\u00fcz 10 il \u0259vv\u0259l \u2013 prezident b\u00f6lg\u0259y\u0259 s\u0259f\u0259r ed\u0259nd\u0259 t\u0259mir olunubmu\u015f:\n<\/p>\n<blockquote><p>\n  T\u0259mird\u0259n 15 g\u00fcn sonra&#8230;\n<\/p><\/blockquote>\n<p>\n  \u201cYol \u00f6lk\u0259 ba\u015f\u00e7\u0131s\u0131 bu t\u0259r\u0259fl\u0259r\u0259 s\u0259f\u0259r ed\u0259nd\u0259n-ed\u0259n\u0259 \u201ca\u011f g\u00fcn\u0259 \u00e7\u0131x\u0131r\u201d. Yolboyu ill\u0259rl\u0259 y\u0131\u011f\u0131l\u0131b qalan zibill\u0259ri, plastik qablar\u0131, yollar\u0131 daraldan \u00e7oxillik tikan kollar\u0131n\u0131 t\u0259mizl\u0259m\u0259y\u0259 ba\u015flad\u0131lar. Sonra da asfalt d\u00f6\u015f\u0259dil\u0259r. \u0130ll\u0259rdir ki, \u0259ziyy\u0259t \u00e7\u0259kirik. Ancaq n\u0259d\u0259ns\u0259, bu i\u015fl\u0259r yaln\u0131z prezidentin g\u0259li\u015fi \u0259r\u0259f\u0259sind\u0259 g\u00f6r\u00fcl\u00fcr. Halbuki, \u00f6t\u0259n ill\u0259rd\u0259 h\u0259min yolun t\u0259miri \u00fc\u00e7\u00fcn d\u0259f\u0259l\u0259rl\u0259 aidiyy\u0259ti qurumlara m\u00fcraci\u0259t olunub, n\u0259tic\u0259siz qal\u0131b\u201d.<\/p>\n<p>  Sakinl\u0259r deyir, i\u015f oras\u0131ndad\u0131r ki, vur-tut 15 g\u00fcnd\u00fcr t\u0259mir olunan yol h\u0259l\u0259 prezident buraya s\u0259f\u0259r etm\u0259mi\u015f s\u0131radan \u00e7\u0131x\u0131b.\n<\/p>\n<figure class=\"wp-block-image size-large\">\n  <img decoding=\"async\" src=\"https:\/\/www.meydan.tv\/az\/lerikde-yol-2\/\" alt=\"Lerikd\u0259 yol\" class=\"wp-image-109717\"\/><figcaption>\n    Lerikd\u0259 yol<br \/>\n  <\/figcaption><\/figure>\n<p>  Sakin \u018fdal\u0259t Mirz\u0259yev:\n<\/p>\n<p>\n  \u201cT\u0259mir etdikl\u0259ri yola g\u00fcna\u015f\u0131r\u0131 t\u0259krar-t\u0259krar \u00e7\u0259ki-d\u00fcz\u0259n verirl\u0259r, \u0259l g\u0259zdirirl\u0259r, yen\u0259 xeyri yoxdur. \u00c7\u00fcnki bu t\u0259mir bir ne\u00e7\u0259 saatl\u0131\u011fa hesablan\u0131b, y\u0259ni birc\u0259 prezident g\u0259lib ke\u00e7sin, sonras\u0131 maraql\u0131 deyil\u201d.\n<\/p>\n<blockquote><p>\n  S\u00fcr\u0259t ni\u015fanlar\u0131 yox, n\u0259zar\u0259t yox&#8230;\n<\/p><\/blockquote>\n<p>\n  Sakinl\u0259rin s\u00f6zl\u0259rin\u0259 g\u00f6r\u0259, x\u00fcsusil\u0259 son be\u015f ild\u0259 \u00e7aylar\u0131n dibind\u0259n \u00e7\u0131xar\u0131lan \u00e7\u0131nq\u0131l\u0131 paytaxta da\u015f\u0131yan iritonnajl\u0131 avtomobill\u0259r onsuz da keyfiyy\u0259tsiz t\u0259mir olunan yollar\u0131 daha da pis v\u0259ziyy\u0259t\u0259 sal\u0131bm\u0131\u015f:<\/p>\n<p>  \u201c5 ildir ki, \u00e7aylar\u0131n dibini qazan deputatlar\u0131n \u00e7\u0131nq\u0131lla dolu a\u011f\u0131r tonnajl\u0131 avtomobill\u0259ri yollar\u0131 b\u0259rbad v\u0259ziyy\u0259t\u0259 sal\u0131b. Yollarda s\u00fcr\u0259t i\u015far\u0259l\u0259ri qura\u015fd\u0131rm\u0131rlar, n\u0259zar\u0259t yoxdur, n\u0259tic\u0259d\u0259 bu y\u00fck ma\u015f\u0131nlar\u0131 y\u00fcks\u0259k s\u00fcr\u0259tl\u0259 \u015f\u00fct\u00fcy\u00fcr. H\u0259m asfalt\u0131 da\u011f\u0131d\u0131r, h\u0259m d\u0259 minik avtomobill\u0259rin\u0259, piyadalara z\u0259r\u0259r yetirir. Yollar\u0131n k\u0259nar\u0131nda ma\u011fazalar, ia\u015f\u0259 obyektl\u0259ri var, bel\u0259 olan halda piyadalar\u0131n t\u0259hl\u00fck\u0259ssizliyi \u00fc\u00e7\u00fcn t\u0259dbir g\u00f6r\u00fclm\u0259lidir. Ancaq yol k\u0259nar\u0131nda birc\u0259 yol h\u0259r\u0259k\u0259ti ni\u015fan\u0131na, s\u00fcr\u0259t ni\u015fan\u0131na rast g\u0259l\u0259 bilm\u0259zsiz. N\u0259tic\u0259d\u0259 vaxta\u015f\u0131r\u0131 a\u011f\u0131r q\u0259zalar ba\u015f verir. Ke\u00e7id olmad\u0131\u011f\u0131ndan ma\u011fazadan \u00e7\u0131x\u0131b yolu ke\u00e7m\u0259k ist\u0259y\u0259n piyadalar\u0131n h\u0259yat\u0131 t\u0259hl\u00fck\u0259yl\u0259 \u00fcz-\u00fcz\u0259 qal\u0131r. Burada d\u0259f\u0259l\u0259rl\u0259 ma\u015f\u0131n a\u015f\u0131b, insan t\u0259l\u0259f olub\u201d.\n<\/p>\n<blockquote><p>\n  R\u0259smi qurum: \u201cT\u0259mir i\u015fl\u0259ri keyfiyy\u0259tli g\u00f6r\u00fcl\u00fcr\u201d\n<\/p><\/blockquote>\n<p>\n  Lerik Rayon \u0130cra Hakimiyy\u0259tind\u0259n bildirilib ki, 10 il \u0259vv\u0259l \u0259slind\u0259 yollar keyfiyy\u0259tli t\u0259mir olunub. Ancaq b\u00f6lg\u0259d\u0259ki abadl\u0131q-quruculuq i\u015fl\u0259ri il\u0259 \u0259laq\u0259dar h\u0259min yollarda iritonnajl\u0131 avtomobill\u0259rin h\u0259r\u0259k\u0259t etm\u0259si n\u0259tic\u0259sind\u0259 torpaq s\u00fcr\u00fc\u015fm\u0259l\u0259ri, \u00e7\u00f6km\u0259l\u0259r ba\u015f verib, asfalt \u00f6rt\u00fckl\u0259ri da\u011f\u0131l\u0131b v\u0259 haz\u0131rda yollar y\u00fcks\u0259k keyfiyy\u0259tl\u0259 t\u0259mir olunur.<\/p>\n<p>  Bu ilin yay\u0131nda Lerik v\u0259 L\u0259nk\u0259randak\u0131 turizm obyektl\u0259rinin i\u015f\u00e7il\u0259ri yollar\u0131n b\u0259rbad olmas\u0131 \u00fcz\u00fcnd\u0259n turist ax\u0131n\u0131n\u0131n z\u0259ifl\u0259m\u0259sind\u0259n gileyl\u0259nirdil\u0259r.\n<\/p>\n<p>\n  16.6 milyon manata ba\u015fa g\u0259l\u0259n v\u0259 a\u00e7\u0131l\u0131\u015f\u0131 olmadan da\u011f\u0131ld\u0131\u011f\u0131 iddia olunan Noda-\u015eing\u0259dulan-Xanagah yolu is\u0259 r\u0259smi a\u00e7\u0131l\u0131\u015f siyah\u0131s\u0131ndan<br \/>\n  <a href=\"\/az\/article\/lerik-sakinleri-prezidentin-acilisina-gedeceyi-yol-siyahidan-cixarilib\/\" target=\"_blank\" rel=\"noopener\"><br \/>\n    \u00e7\u0131xar\u0131l\u0131b<br \/>\n  <\/a><br \/>\n  .<\/p>\n","protected":false},"excerpt":{"rendered":"<p>Sakinl\u0259r iddia edirl\u0259r ki, prezident bu b\u00f6lg\u0259y\u0259 s\u0259f\u0259r ed\u0259c\u0259k dey\u0259 yollar t\u0259l\u0259sik v\u0259 keyfiyy\u0259tsiz t\u0259mir olunur<\/p>\n","protected":false},"author":11,"featured_media":109714,"comment_status":"closed","ping_status":"open","sticky":false,"template":"","format":"standard","meta":{"_acf_changed":false,"_sitemap_exclude":false,"_sitemap_priority":"","_sitemap_frequency":"","footnotes":""},"categories":[60],"tags":[],"class_list":["post-191723","post","type-post","status-publish","format-standard","has-post-thumbnail","hentry","category-bolge","infinite-scroll-item","generate-columns","tablet-grid-50","mobile-grid-100","grid-parent","grid-33","no-featured-image-padding"],"acf":[],"yoast_head":"<!-- This site is optimized with the Yoast SEO plugin v27.4 - https:\/\/yoast.com\/product\/yoast-seo-wordpress\/ -->\n<title>Prezident g\u0259l\u0259nd\u0259n-g\u0259l\u0259n\u0259 t\u0259mir olunan yol... - MEYDAN.TV<\/title>\n<meta name=\"robots\" content=\"index, follow, max-snippet:-1, max-image-preview:large, max-video-preview:-1\" \/>\n<link rel=\"canonical\" href=\"https:\/\/www.meydan.tv\/az\/article\/prezident-gelenden-gelene-temir-olunan-yol\/\" \/>\n<meta property=\"og:locale\" content=\"az_AZ\" \/>\n<meta property=\"og:type\" content=\"article\" \/>\n<meta property=\"og:title\" content=\"Prezident g\u0259l\u0259nd\u0259n-g\u0259l\u0259n\u0259 t\u0259mir olunan yol... - MEYDAN.TV\" \/>\n<meta property=\"og:description\" content=\"Sakinl\u0259r iddia edirl\u0259r ki, prezident bu b\u00f6lg\u0259y\u0259 s\u0259f\u0259r ed\u0259c\u0259k dey\u0259 yollar t\u0259l\u0259sik v\u0259 keyfiyy\u0259tsiz t\u0259mir olunur\" \/>\n<meta property=\"og:url\" content=\"https:\/\/www.meydan.tv\/az\/article\/prezident-gelenden-gelene-temir-olunan-yol\/\" \/>\n<meta property=\"og:site_name\" content=\"MEYDAN.TV\" \/>\n<meta property=\"article:published_time\" content=\"2018-09-19T16:38:59+00:00\" \/>\n<meta property=\"og:image\" content=\"https:\/\/www.meydan.tv\/wp-content\/uploads\/43630.jpg\" \/>\n\t<meta property=\"og:image:width\" content=\"1280\" \/>\n\t<meta property=\"og:image:height\" content=\"960\" \/>\n\t<meta property=\"og:image:type\" content=\"image\/jpeg\" \/>\n<meta name=\"author\" content=\"user-manager\" \/>\n<meta name=\"twitter:card\" content=\"summary_large_image\" \/>\n<script type=\"application\/ld+json\" class=\"yoast-schema-graph\">{\"@context\":\"https:\\\/\\\/schema.org\",\"@graph\":[{\"@type\":\"Article\",\"@id\":\"https:\\\/\\\/www.meydan.tv\\\/az\\\/article\\\/prezident-gelenden-gelene-temir-olunan-yol\\\/#article\",\"isPartOf\":{\"@id\":\"https:\\\/\\\/www.meydan.tv\\\/az\\\/article\\\/prezident-gelenden-gelene-temir-olunan-yol\\\/\"},\"author\":{\"name\":\"user-manager\",\"@id\":\"https:\\\/\\\/www.meydan.tv\\\/az\\\/#\\\/schema\\\/person\\\/10d11eccf6da3662cf5fdab9806ea91a\"},\"headline\":\"Prezident g\u0259l\u0259nd\u0259n-g\u0259l\u0259n\u0259 t\u0259mir olunan yol&#8230;\",\"datePublished\":\"2018-09-19T16:38:59+00:00\",\"mainEntityOfPage\":{\"@id\":\"https:\\\/\\\/www.meydan.tv\\\/az\\\/article\\\/prezident-gelenden-gelene-temir-olunan-yol\\\/\"},\"wordCount\":810,\"publisher\":{\"@id\":\"https:\\\/\\\/www.meydan.tv\\\/az\\\/#organization\"},\"image\":{\"@id\":\"https:\\\/\\\/www.meydan.tv\\\/az\\\/article\\\/prezident-gelenden-gelene-temir-olunan-yol\\\/#primaryimage\"},\"thumbnailUrl\":\"https:\\\/\\\/www.meydan.tv\\\/wp-content\\\/uploads\\\/43630.jpg\",\"articleSection\":[\"B\u00f6lg\u0259\"],\"inLanguage\":\"az\"},{\"@type\":\"WebPage\",\"@id\":\"https:\\\/\\\/www.meydan.tv\\\/az\\\/article\\\/prezident-gelenden-gelene-temir-olunan-yol\\\/\",\"url\":\"https:\\\/\\\/www.meydan.tv\\\/az\\\/article\\\/prezident-gelenden-gelene-temir-olunan-yol\\\/\",\"name\":\"Prezident g\u0259l\u0259nd\u0259n-g\u0259l\u0259n\u0259 t\u0259mir olunan yol... - MEYDAN.TV\",\"isPartOf\":{\"@id\":\"https:\\\/\\\/www.meydan.tv\\\/az\\\/#website\"},\"primaryImageOfPage\":{\"@id\":\"https:\\\/\\\/www.meydan.tv\\\/az\\\/article\\\/prezident-gelenden-gelene-temir-olunan-yol\\\/#primaryimage\"},\"image\":{\"@id\":\"https:\\\/\\\/www.meydan.tv\\\/az\\\/article\\\/prezident-gelenden-gelene-temir-olunan-yol\\\/#primaryimage\"},\"thumbnailUrl\":\"https:\\\/\\\/www.meydan.tv\\\/wp-content\\\/uploads\\\/43630.jpg\",\"datePublished\":\"2018-09-19T16:38:59+00:00\",\"breadcrumb\":{\"@id\":\"https:\\\/\\\/www.meydan.tv\\\/az\\\/article\\\/prezident-gelenden-gelene-temir-olunan-yol\\\/#breadcrumb\"},\"inLanguage\":\"az\",\"potentialAction\":[{\"@type\":\"ReadAction\",\"target\":[\"https:\\\/\\\/www.meydan.tv\\\/az\\\/article\\\/prezident-gelenden-gelene-temir-olunan-yol\\\/\"]}]},{\"@type\":\"ImageObject\",\"inLanguage\":\"az\",\"@id\":\"https:\\\/\\\/www.meydan.tv\\\/az\\\/article\\\/prezident-gelenden-gelene-temir-olunan-yol\\\/#primaryimage\",\"url\":\"https:\\\/\\\/www.meydan.tv\\\/wp-content\\\/uploads\\\/43630.jpg\",\"contentUrl\":\"https:\\\/\\\/www.meydan.tv\\\/wp-content\\\/uploads\\\/43630.jpg\",\"width\":1280,\"height\":960,\"caption\":\"Source:\"},{\"@type\":\"BreadcrumbList\",\"@id\":\"https:\\\/\\\/www.meydan.tv\\\/az\\\/article\\\/prezident-gelenden-gelene-temir-olunan-yol\\\/#breadcrumb\",\"itemListElement\":[{\"@type\":\"ListItem\",\"position\":1,\"name\":\"Ana s\u0259hif\u0259\",\"item\":\"https:\\\/\\\/www.meydan.tv\\\/az\\\/\"},{\"@type\":\"ListItem\",\"position\":2,\"name\":\"B\u00f6lg\u0259\",\"item\":\"https:\\\/\\\/www.meydan.tv\\\/az\\\/section\\\/bolge\\\/\"},{\"@type\":\"ListItem\",\"position\":3,\"name\":\"Prezident g\u0259l\u0259nd\u0259n-g\u0259l\u0259n\u0259 t\u0259mir olunan yol&#8230;\"}]},{\"@type\":\"WebSite\",\"@id\":\"https:\\\/\\\/www.meydan.tv\\\/az\\\/#website\",\"url\":\"https:\\\/\\\/www.meydan.tv\\\/az\\\/\",\"name\":\"MEYDAN.TV\",\"description\":\"Meydan TV Az\u0259rbaycan\u0131n media m\u0259kan\u0131ndak\u0131 alternativ s\u0259sidir\",\"publisher\":{\"@id\":\"https:\\\/\\\/www.meydan.tv\\\/az\\\/#organization\"},\"potentialAction\":[{\"@type\":\"SearchAction\",\"target\":{\"@type\":\"EntryPoint\",\"urlTemplate\":\"https:\\\/\\\/www.meydan.tv\\\/az\\\/?s={search_term_string}\"},\"query-input\":{\"@type\":\"PropertyValueSpecification\",\"valueRequired\":true,\"valueName\":\"search_term_string\"}}],\"inLanguage\":\"az\"},{\"@type\":\"Organization\",\"@id\":\"https:\\\/\\\/www.meydan.tv\\\/az\\\/#organization\",\"name\":\"Meydan TV\",\"url\":\"https:\\\/\\\/www.meydan.tv\\\/az\\\/\",\"logo\":{\"@type\":\"ImageObject\",\"inLanguage\":\"az\",\"@id\":\"https:\\\/\\\/www.meydan.tv\\\/az\\\/#\\\/schema\\\/logo\\\/image\\\/\",\"url\":\"https:\\\/\\\/www.meydan.tv\\\/wp-content\\\/uploads\\\/2021\\\/07\\\/meydan-logo.svg\",\"contentUrl\":\"https:\\\/\\\/www.meydan.tv\\\/wp-content\\\/uploads\\\/2021\\\/07\\\/meydan-logo.svg\",\"width\":195,\"height\":46,\"caption\":\"Meydan TV\"},\"image\":{\"@id\":\"https:\\\/\\\/www.meydan.tv\\\/az\\\/#\\\/schema\\\/logo\\\/image\\\/\"}},{\"@type\":\"Person\",\"@id\":\"https:\\\/\\\/www.meydan.tv\\\/az\\\/#\\\/schema\\\/person\\\/10d11eccf6da3662cf5fdab9806ea91a\",\"name\":\"user-manager\"}]}<\/script>\n<!-- \/ Yoast SEO plugin. -->","yoast_head_json":{"title":"Prezident g\u0259l\u0259nd\u0259n-g\u0259l\u0259n\u0259 t\u0259mir olunan yol... - MEYDAN.TV","robots":{"index":"index","follow":"follow","max-snippet":"max-snippet:-1","max-image-preview":"max-image-preview:large","max-video-preview":"max-video-preview:-1"},"canonical":"https:\/\/www.meydan.tv\/az\/article\/prezident-gelenden-gelene-temir-olunan-yol\/","og_locale":"az_AZ","og_type":"article","og_title":"Prezident g\u0259l\u0259nd\u0259n-g\u0259l\u0259n\u0259 t\u0259mir olunan yol... - MEYDAN.TV","og_description":"Sakinl\u0259r iddia edirl\u0259r ki, prezident bu b\u00f6lg\u0259y\u0259 s\u0259f\u0259r ed\u0259c\u0259k dey\u0259 yollar t\u0259l\u0259sik v\u0259 keyfiyy\u0259tsiz t\u0259mir olunur","og_url":"https:\/\/www.meydan.tv\/az\/article\/prezident-gelenden-gelene-temir-olunan-yol\/","og_site_name":"MEYDAN.TV","article_published_time":"2018-09-19T16:38:59+00:00","og_image":[{"width":1280,"height":960,"url":"https:\/\/www.meydan.tv\/wp-content\/uploads\/43630.jpg","type":"image\/jpeg"}],"author":"user-manager","twitter_card":"summary_large_image","schema":{"@context":"https:\/\/schema.org","@graph":[{"@type":"Article","@id":"https:\/\/www.meydan.tv\/az\/article\/prezident-gelenden-gelene-temir-olunan-yol\/#article","isPartOf":{"@id":"https:\/\/www.meydan.tv\/az\/article\/prezident-gelenden-gelene-temir-olunan-yol\/"},"author":{"name":"user-manager","@id":"https:\/\/www.meydan.tv\/az\/#\/schema\/person\/10d11eccf6da3662cf5fdab9806ea91a"},"headline":"Prezident g\u0259l\u0259nd\u0259n-g\u0259l\u0259n\u0259 t\u0259mir olunan yol&#8230;","datePublished":"2018-09-19T16:38:59+00:00","mainEntityOfPage":{"@id":"https:\/\/www.meydan.tv\/az\/article\/prezident-gelenden-gelene-temir-olunan-yol\/"},"wordCount":810,"publisher":{"@id":"https:\/\/www.meydan.tv\/az\/#organization"},"image":{"@id":"https:\/\/www.meydan.tv\/az\/article\/prezident-gelenden-gelene-temir-olunan-yol\/#primaryimage"},"thumbnailUrl":"https:\/\/www.meydan.tv\/wp-content\/uploads\/43630.jpg","articleSection":["B\u00f6lg\u0259"],"inLanguage":"az"},{"@type":"WebPage","@id":"https:\/\/www.meydan.tv\/az\/article\/prezident-gelenden-gelene-temir-olunan-yol\/","url":"https:\/\/www.meydan.tv\/az\/article\/prezident-gelenden-gelene-temir-olunan-yol\/","name":"Prezident g\u0259l\u0259nd\u0259n-g\u0259l\u0259n\u0259 t\u0259mir olunan yol... - MEYDAN.TV","isPartOf":{"@id":"https:\/\/www.meydan.tv\/az\/#website"},"primaryImageOfPage":{"@id":"https:\/\/www.meydan.tv\/az\/article\/prezident-gelenden-gelene-temir-olunan-yol\/#primaryimage"},"image":{"@id":"https:\/\/www.meydan.tv\/az\/article\/prezident-gelenden-gelene-temir-olunan-yol\/#primaryimage"},"thumbnailUrl":"https:\/\/www.meydan.tv\/wp-content\/uploads\/43630.jpg","datePublished":"2018-09-19T16:38:59+00:00","breadcrumb":{"@id":"https:\/\/www.meydan.tv\/az\/article\/prezident-gelenden-gelene-temir-olunan-yol\/#breadcrumb"},"inLanguage":"az","potentialAction":[{"@type":"ReadAction","target":["https:\/\/www.meydan.tv\/az\/article\/prezident-gelenden-gelene-temir-olunan-yol\/"]}]},{"@type":"ImageObject","inLanguage":"az","@id":"https:\/\/www.meydan.tv\/az\/article\/prezident-gelenden-gelene-temir-olunan-yol\/#primaryimage","url":"https:\/\/www.meydan.tv\/wp-content\/uploads\/43630.jpg","contentUrl":"https:\/\/www.meydan.tv\/wp-content\/uploads\/43630.jpg","width":1280,"height":960,"caption":"Source:"},{"@type":"BreadcrumbList","@id":"https:\/\/www.meydan.tv\/az\/article\/prezident-gelenden-gelene-temir-olunan-yol\/#breadcrumb","itemListElement":[{"@type":"ListItem","position":1,"name":"Ana s\u0259hif\u0259","item":"https:\/\/www.meydan.tv\/az\/"},{"@type":"ListItem","position":2,"name":"B\u00f6lg\u0259","item":"https:\/\/www.meydan.tv\/az\/section\/bolge\/"},{"@type":"ListItem","position":3,"name":"Prezident g\u0259l\u0259nd\u0259n-g\u0259l\u0259n\u0259 t\u0259mir olunan yol&#8230;"}]},{"@type":"WebSite","@id":"https:\/\/www.meydan.tv\/az\/#website","url":"https:\/\/www.meydan.tv\/az\/","name":"MEYDAN.TV","description":"Meydan TV Az\u0259rbaycan\u0131n media m\u0259kan\u0131ndak\u0131 alternativ s\u0259sidir","publisher":{"@id":"https:\/\/www.meydan.tv\/az\/#organization"},"potentialAction":[{"@type":"SearchAction","target":{"@type":"EntryPoint","urlTemplate":"https:\/\/www.meydan.tv\/az\/?s={search_term_string}"},"query-input":{"@type":"PropertyValueSpecification","valueRequired":true,"valueName":"search_term_string"}}],"inLanguage":"az"},{"@type":"Organization","@id":"https:\/\/www.meydan.tv\/az\/#organization","name":"Meydan TV","url":"https:\/\/www.meydan.tv\/az\/","logo":{"@type":"ImageObject","inLanguage":"az","@id":"https:\/\/www.meydan.tv\/az\/#\/schema\/logo\/image\/","url":"https:\/\/www.meydan.tv\/wp-content\/uploads\/2021\/07\/meydan-logo.svg","contentUrl":"https:\/\/www.meydan.tv\/wp-content\/uploads\/2021\/07\/meydan-logo.svg","width":195,"height":46,"caption":"Meydan TV"},"image":{"@id":"https:\/\/www.meydan.tv\/az\/#\/schema\/logo\/image\/"}},{"@type":"Person","@id":"https:\/\/www.meydan.tv\/az\/#\/schema\/person\/10d11eccf6da3662cf5fdab9806ea91a","name":"user-manager"}]}},"_links":{"self":[{"href":"https:\/\/www.meydan.tv\/az\/wp-json\/wp\/v2\/posts\/191723","targetHints":{"allow":["GET"]}}],"collection":[{"href":"https:\/\/www.meydan.tv\/az\/wp-json\/wp\/v2\/posts"}],"about":[{"href":"https:\/\/www.meydan.tv\/az\/wp-json\/wp\/v2\/types\/post"}],"author":[{"embeddable":true,"href":"https:\/\/www.meydan.tv\/az\/wp-json\/wp\/v2\/users\/11"}],"replies":[{"embeddable":true,"href":"https:\/\/www.meydan.tv\/az\/wp-json\/wp\/v2\/comments?post=191723"}],"version-history":[{"count":0,"href":"https:\/\/www.meydan.tv\/az\/wp-json\/wp\/v2\/posts\/191723\/revisions"}],"wp:featuredmedia":[{"embeddable":true,"href":"https:\/\/www.meydan.tv\/az\/wp-json\/wp\/v2\/media\/109714"}],"wp:attachment":[{"href":"https:\/\/www.meydan.tv\/az\/wp-json\/wp\/v2\/media?parent=191723"}],"wp:term":[{"taxonomy":"category","embeddable":true,"href":"https:\/\/www.meydan.tv\/az\/wp-json\/wp\/v2\/categories?post=191723"},{"taxonomy":"post_tag","embeddable":true,"href":"https:\/\/www.meydan.tv\/az\/wp-json\/wp\/v2\/tags?post=191723"}],"curies":[{"name":"wp","href":"https:\/\/api.w.org\/{rel}","templated":true}]}}