{"id":191722,"date":"2018-09-19T16:31:00","date_gmt":"2018-09-19T16:31:00","guid":{"rendered":"https:\/\/www.meydan.tv\/article\/muveqqeti-omrun-ebedi-problemi\/"},"modified":"2018-09-19T16:31:00","modified_gmt":"2018-09-19T16:31:00","slug":"muveqqeti-omrun-ebedi-problemi","status":"publish","type":"post","link":"https:\/\/www.meydan.tv\/az\/article\/muveqqeti-omrun-ebedi-problemi\/","title":{"rendered":"M\u00fcv\u0259qq\u0259ti \u00f6mr\u00fcn \u0259b\u0259di problemi"},"content":{"rendered":"<figure class=\"wp-block-image size-large\">\n  <img decoding=\"async\" src=\"https:\/\/www.meydan.tv\/az\/edam-cezasina-hazirliq\/\" alt=\"Edam c\u0259zas\u0131na haz\u0131rl\u0131q\" class=\"wp-image-109720\"\/><figcaption>\n    Edam c\u0259zas\u0131na haz\u0131rl\u0131q<br \/>\n  <\/figcaption><\/figure>\n<p>\n  Professor \u0130lham R\u0259himovun ictimaiyy\u0259t\u0259 t\u0259qdim etdiyi \u201c\u00d6lm\u0259z \u00f6l\u00fcm c\u0259zas\u0131\u201d monoqrafiyas\u0131 h\u00fcquq elmini, xususil\u0259 kriminologiya elmini z\u0259nginl\u0259\u015fdir\u0259n, b\u00f6y\u00fck n\u0259z\u0259ri v\u0259 praktiki \u0259h\u0259miyy\u0259t\u0259 malik olan \u0259s\u0259rdir.<\/p>\n<p>  H\u00f6rm\u0259tli alimimizin yeni monoqrafiyas\u0131 cinay\u0259t h\u00fcququnun v\u0259 kriminologiyan\u0131n bu istiqam\u0259td\u0259ki yarad\u0131c\u0131l\u0131\u011f\u0131n\u0131n davam\u0131d\u0131r. Bel\u0259 ki, alim \u0130.R\u0259himov son ill\u0259rd\u0259 \u201cCinay\u0259tkarl\u0131q v\u0259 c\u0259za\u201d (2012-ci il) \u201cCinay\u0259t v\u0259 c\u0259zan\u0131n f\u0259ls\u0259f\u0259si\u201d (2013-c\u00fc il), \u201cC\u0259zan\u0131n \u0259xlaqiliyi haqq\u0131nda\u201d (2016-ci il) adl\u0131 monoqrafiyalar\u0131 elmi ictimaiyy\u0259t\u0259 t\u0259qdim edib. H\u0259min \u0259s\u0259rl\u0259rd\u0259 cinay\u0259t v\u0259 c\u0259zan\u0131n h\u00fcquqi, f\u0259ls\u0259fi, pisxoloji, sosioloji aspekl\u0259ri t\u0259dqiq edilib.<\/p>\n<p>  \u201c\u00d6lm\u0259z \u00f6l\u00fcm c\u0259zas\u0131\u201d monoqrafiyas\u0131nda alim yarad\u0131c\u0131l\u0131q \u0259n\u0259n\u0259l\u0259rini davam etdir\u0259r\u0259k ard\u0131c\u0131ll\u0131qla \u00f6l\u00fcm c\u0259zas\u0131n\u0131n tarixini, f\u0259ls\u0259f\u0259sini, sosiologiyas\u0131n\u0131, pisxologiyas\u0131n\u0131 t\u0259hlil edib. Monoqrafiyan\u0131n maraql\u0131 c\u0259h\u0259tl\u0259rind\u0259n biri ondan ibar\u0259tdir ki, alim \u00f6l\u00fcm c\u0259zas\u0131n\u0131n g\u0259l\u0259c\u0259yi adl\u0131 yekun f\u0259sild\u0259 bu problem\u0259 d\u00fcnyada, ayr\u0131-ayr\u0131 \u00f6lk\u0259l\u0259rd\u0259 kriminogen durumun tendensiyalar\u0131ndan as\u0131l\u0131 olaraq konkret yana\u015fma t\u0259l\u0259b etdiyini \u0259sasland\u0131r\u0131r.<\/p>\n<p>  \u00d6l\u00fcm c\u0259zas\u0131n\u0131n t\u0259tbiqi m\u0259s\u0259l\u0259si \u00e7ox m\u00fcbahis\u0259li m\u00f6vzu olaraq qal\u0131r. \u00d6l\u00fcm c\u0259zas\u0131n\u0131n t\u0259tbiqinin \u0259dal\u0259tliliyi, \u0259xlaqiliyi, faydal\u0131l\u0131\u011f\u0131 v\u0259 s. bar\u0259d\u0259 onun t\u0259r\u0259fdarlar\u0131 v\u0259 \u0259leyhdarlar\u0131n\u0131n \u00f6z arqumentl\u0259ri vard\u0131r. V\u0259 maraql\u0131d\u0131r ki, h\u0259min arqumentl\u0259r d\u0259 \u00f6zl\u00fcy\u00fcnd\u0259 ciddi suallar do\u011furur. Buna bir maraql\u0131 tarixi hadis\u0259ni misal g\u00f6st\u0259rm\u0259k olar. Tarix\u00e7il\u0259r yaz\u0131rlar ki, 1718-ci ild\u0259 Rusiya \u00e7ar\u0131 I Piyotrun o\u011flu Aleksey atas\u0131na qar\u015f\u0131 qiyam sui-q\u0259sdi il\u0259 ittiham olunur. Bu zaman I Piyotr c\u0259za m\u0259s\u0259l\u0259sind\u0259 t\u0259r\u0259dd\u00fcd edir v\u0259 ona g\u00f6r\u0259 d\u0259 ali ruhanil\u0259r\u0259 c\u0259za m\u0259s\u0259l\u0259sind\u0259 r\u0259y bildirm\u0259yi tap\u015f\u0131r\u0131r. Ruhanil\u0259r uzun zaman m\u0259s\u0259l\u0259ni m\u00fczakir\u0259 edirl\u0259r v\u0259 m\u00fcq\u0259dd\u0259s kitablar \u0259sas\u0131nda bir- birin\u0259 zidd r\u0259yl\u0259r verirl\u0259r. \u00c7ara m\u0259sl\u0259h\u0259t g\u00f6r\u00fcrl\u0259r ki, \u0259g\u0259r \u201c\u018fhdi-\u0259tiq\u201d \u0259sas\u0131nda h\u0259r\u0259k\u0259t etm\u0259li olsa, o\u011flu ona x\u0259yan\u0259t etdiyin\u0259 g\u00f6r\u0259 \u00f6l\u00fcm c\u0259zas\u0131na m\u0259hkum olunmal\u0131d\u0131r. \u201c\u018fhdi-C\u0259did\u201d\u0259 istinad olunsa is\u0259 o\u011flunu ba\u011f\u0131\u015flamal\u0131d\u0131r. Bir-birin\u0259 zidd r\u0259yl\u0259r I Piyotru dilemma qar\u015f\u0131s\u0131nda qoyur v\u0259 o, uzun v\u0259 \u0259zabl\u0131 d\u00fc\u015f\u00fcnc\u0259l\u0259rd\u0259n sonra, n\u0259hay\u0259t, o\u011fluna \u00f6l\u00fcm c\u0259zas\u0131 verir.<\/p>\n<p>  \u00d6l\u00fcm c\u0259zas\u0131n\u0131n t\u0259tbiq ed\u0259n \u00f6lk\u0259l\u0259rin areal\u0131 azal\u0131r. Lakin onun t\u0259biqi bar\u0259d\u0259 m\u00fcbahis\u0259l\u0259r is\u0259 davam etm\u0259kd\u0259dir v\u0259 g\u00f6r\u00fcn\u00fcr ki, bunun \u00fc\u00e7\u00fcn h\u0259l\u0259 \u0259saslar m\u00f6vcuddur.<\/p>\n<p>  Haz\u0131rki d\u00f6vrd\u0259 95 \u00f6lk\u0259 \u00f6l\u00fcm c\u0259zas\u0131n\u0131n b\u00fct\u00fcn n\u00f6v cinay\u0259tl\u0259r \u00fczr\u0259, 9 \u00f6lk\u0259 s\u00fclh vaxt\u0131nda t\u00f6r\u0259dil\u0259n cinay\u0259tl\u0259r\u0259 g\u00f6r\u0259 l\u0259\u011fv edib, 35 \u00f6lk\u0259 is\u0259 onu, \u00fcmumiyy\u0259tl\u0259, t\u0259tbiq etmir. G\u00f6r\u00fcnd\u00fcy\u00fc kimi, \u00f6l\u00fcm c\u0259zas\u0131n\u0131n praktikas\u0131 azal\u0131r. Tarixilik bax\u0131m\u0131ndan bu apar\u0131c\u0131 tendensiyaya \u00e7evrilib. Misal \u00fc\u00e7\u00fcn, \u0130ngilt\u0259r\u0259d\u0259 19 \u0259srin \u0259vv\u0259ll\u0259rind\u0259 200 cinay\u0259t n\u00f6v\u00fcn\u0259 g\u00f6r\u0259 \u00f6l\u00fcm c\u0259zas\u0131 t\u0259tbiq olunurdu. H\u0259tta b\u0259zi x\u0131rda o\u011furlu\u011fa g\u00f6r\u0259 bel\u0259 \u00f6l\u00fcm c\u0259zas\u0131 t\u0259tbiq edilirdi.<\/p>\n<p>  \u00d6l\u00fcm c\u0259zas\u0131n\u0131n t\u0259tbiqi prosesi c\u0259miyy\u0259tin v\u0259 insanlar\u0131n inki\u015faf s\u0259viyy\u0259sind\u0259n asl\u0131d\u0131r. H\u0259min c\u0259zan\u0131n t\u0259tbiqin\u0259 s\u0259b\u0259b olan cinay\u0259t \u0259m\u0259ll\u0259ri aradan qalxmal\u0131d\u0131r. H\u0259min s\u0259b\u0259bl\u0259r y\u0259ni, insan v\u0259 insanl\u0131q \u0259leyhin\u0259 n\u0259 q\u0259d\u0259r ki, amans\u0131z cinay\u0259tl\u0259r m\u00f6vcuddur, bu c\u0259zan\u0131n t\u0259tbiqind\u0259n geri \u00e7\u0259kilm\u0259k m\u0259qs\u0259d\u0259 uy\u011fun deyildir.<\/p>\n<p>  \u00c7\u00fcnki \u0259dal\u0259tlilik bax\u0131m\u0131ndan g\u00fcnahs\u0131z insan\u0131 amans\u0131zl\u0131qla h\u0259yatdan m\u0259hrum ed\u0259n \u015f\u0259xs h\u0259min andan da \u00f6z\u00fcn\u00fcn ya\u015famaq h\u00fcququnu itirir v\u0259 kriminal, qeyri-insan\u0131 \u0259m\u0259ll\u0259r\u0259 yol verdiyind\u0259n c\u0259miyy\u0259td\u0259 anti-\u0259xlaqi n\u00fcmun\u0259 yarad\u0131r.<\/p>\n<p>  \u00d6l\u00fcm c\u0259zas\u0131n\u0131n t\u0259tbiqini qeyri-m\u0259qs\u0259d\u0259 uy\u011funlu\u011funun bir arqumenti var v\u0259 bu arqumentl\u0259 raz\u0131la\u015fmaq olar. Bu, m\u0259hk\u0259m\u0259 s\u0259hvl\u0259ridir. M\u0259s\u0259l\u0259n, t\u0259dqiqat\u00e7\u0131lar\u0131n bildirdiyin\u0259 g\u00f6r\u0259 demokratik sistem\u0259 v\u0259 m\u00fcst\u0259qil m\u0259hk\u0259m\u0259 hakimiyy\u0259tin\u0259 malik olan AB\u015e kimi d\u00f6vl\u0259td\u0259 s\u0259hv\u0259n 349 \u00f6l\u00fcm h\u00f6km\u00fc \u00e7\u0131xar\u0131l\u0131b, onlardan 23 \u00f6l\u00fcm h\u00f6km\u00fc icra olunub. Bu fakt, y\u0259ni m\u0259hk\u0259m\u0259 s\u0259hvl\u0259ri \u00f6l\u00fcm c\u0259zas\u0131n\u0131n t\u0259tbiqin\u0259 qar\u015f\u0131 \u0259n \u0259sasl\u0131, n\u0259z\u0259r\u0259 al\u0131nmal\u0131 arqumentdir.<\/p>\n<p>  Bu bax\u0131mdan monoqrafiyan\u0131n n\u0259tic\u0259 hiss\u0259sind\u0259 m\u00fcasir d\u00f6vrd\u0259 \u00f6l\u00fcm c\u0259zas\u0131n\u0131n t\u0259tbiqin\u0259 kriminogen durumun tendensiyas\u0131na uy\u011fun olaraq konkret yana\u015fma \u00fcmumill\u0259\u015fdirm\u0259si maraql\u0131d\u0131r.<\/p>\n<p>  \u201cD\u00fc\u015f\u00fcn\u00fcr\u00fck ki, haz\u0131rk\u0131 d\u00f6vrd\u0259 \u00f6l\u00fcm c\u0259zas\u0131n\u0131n t\u0259kc\u0259 \u0259xlaqi c\u0259h\u0259td\u0259n deyil, h\u0259m\u00e7inin sa\u011flam d\u00fc\u015f\u00fcnc\u0259 v\u0259 \u00f6lk\u0259d\u0259 kriminogen v\u0259ziyy\u0259tin qiym\u0259tl\u0259ndirm\u0259si bax\u0131m\u0131ndan faydal\u0131l\u0131\u011f\u0131n\u0131n daha d\u0259rind\u0259n t\u0259tqiq etm\u0259y\u0259 ehtiyac vard\u0131r. Bizim fikrimizc\u0259, \u00f6l\u00fcm c\u0259zas\u0131 yaln\u0131z z\u0259ruri v\u0259 faydal\u0131 olduqda t\u0259tbiq edilm\u0259lidir. Bu m\u00f6vqe h\u0259min c\u0259za t\u0259tbiqin\u0259 m\u00fcnasib\u0259td\u0259 \u0259xlaqiliyin yegan\u0259 dominant \u0259sas\u0131 olmad\u0131\u011f\u0131n\u0131, ondan ba\u015fqa \u201ch\u0259r k\u0259s\u0259 laz\u0131m\u0131 \u0259v\u0259zin verilm\u0259sini\u201d t\u0259l\u0259b ed\u0259n \u0259dal\u0259t prinsipinin laz\u0131m oldu\u011funu ifad\u0259 edir\u201d.<\/p>\n<p>  \u201cH\u0259m \u0259dal\u0259tlilik hissi, h\u0259m d\u0259 sa\u011flam d\u00fc\u015f\u00fcnc\u0259 bax\u0131m\u0131ndan iki n\u0259f\u0259rd\u0259n \u00e7ox \u015f\u0259xsin \u00f6l\u00fcm\u00fc il\u0259 n\u0259tic\u0259l\u0259nmi\u015f a\u011f\u0131rla\u015fd\u0131r\u0131c\u0131 hallarda t\u00f6r\u0259dil\u0259n q\u0259sd\u0259n adam \u00f6ld\u00fcrm\u0259 cinay\u0259tl\u0259rin\u0259 g\u00f6r\u0259, t\u0259bii ki, \u0259m\u0259lin subyektiv c\u0259h\u0259tini n\u0259z\u0259r\u0259 almaq \u015f\u0259rtil\u0259, \u0259n y\u00fcks\u0259k c\u0259za t\u0259dbiri kimi \u00f6l\u00fcm c\u0259zas\u0131n\u0131n t\u0259tbiq edilm\u0259sini d\u00fczg\u00fcn hesab edirik. Dig\u0259r q\u0259sd\u0259n adam \u00f6ld\u00fcrm\u0259 cinay\u0259tl\u0259rini t\u00f6r\u0259tmi\u015f \u015f\u0259xsl\u0259r \u00fc\u00e7\u00fcn is\u0259 \u00f6l\u00fcm c\u0259zas\u0131 il\u0259 yana\u015f\u0131, \u00f6mrl\u00fck azadl\u0131qdan m\u0259hrumetm\u0259 c\u0259zas\u0131n\u0131n da n\u0259z\u0259rd\u0259 tutulmas\u0131n\u0131 m\u0259qs\u0259d\u0259uy\u011fun hesab edirik\u201d.<\/p>\n<p>  Cinay\u0259t v\u0259 c\u0259za h\u00fcquq elminin \u0259b\u0259di problemidir. H\u0259min problem\u0259 h\u0259r d\u00f6vr\u00fcn tarixi yana\u015fmas\u0131 olmu\u015fdur. Professor \u0130.R\u0259himovun monoqrafiyas\u0131nda problem m\u00fcasirlik bax\u0131m\u0131ndan m\u00fcxt\u0259lif aspektl\u0259rd\u0259n \u0259traf\u0131 ara\u015fd\u0131r\u0131l\u0131b. Ona g\u00f6r\u0259 d\u0259 monoqrafiya h\u00fcquq\u015funaslar, filosoflar, sosioloqlar \u00fc\u00e7\u00fcn qiym\u0259tli m\u0259nb\u0259dir.\n<\/p>\n<p>\n  <i><br \/>\n    Yaz\u0131 m\u00fc\u0259llifin fikirl\u0259rini \u0259ks etdirir v\u0259 Meydan TV-nin m\u00f6vqeyi il\u0259 \u00fcst-\u00fcst\u0259 d\u00fc\u015fm\u0259y\u0259 bil\u0259r.<br \/>\n  <\/i><\/p>\n","protected":false},"excerpt":{"rendered":"<p>\u00d6l\u00fcm c\u0259zas\u0131n\u0131n t\u0259tbiqi m\u0259s\u0259l\u0259si \u00e7ox m\u00fcbahis\u0259li m\u00f6vzu olaraq qal\u0131r<\/p>\n","protected":false},"author":11,"featured_media":109720,"comment_status":"closed","ping_status":"open","sticky":false,"template":"","format":"standard","meta":{"_acf_changed":false,"_sitemap_exclude":false,"_sitemap_priority":"","_sitemap_frequency":"","footnotes":""},"categories":[57],"tags":[],"class_list":["post-191722","post","type-post","status-publish","format-standard","has-post-thumbnail","hentry","category-menim-fikrimce","infinite-scroll-item","generate-columns","tablet-grid-50","mobile-grid-100","grid-parent","grid-33","no-featured-image-padding"],"acf":[],"yoast_head":"<!-- This site is optimized with the Yoast SEO plugin v27.4 - https:\/\/yoast.com\/product\/yoast-seo-wordpress\/ -->\n<title>M\u00fcv\u0259qq\u0259ti \u00f6mr\u00fcn \u0259b\u0259di problemi - MEYDAN.TV<\/title>\n<meta name=\"robots\" content=\"index, follow, max-snippet:-1, max-image-preview:large, max-video-preview:-1\" \/>\n<link rel=\"canonical\" href=\"https:\/\/www.meydan.tv\/az\/article\/muveqqeti-omrun-ebedi-problemi\/\" \/>\n<meta property=\"og:locale\" content=\"az_AZ\" \/>\n<meta property=\"og:type\" content=\"article\" \/>\n<meta property=\"og:title\" content=\"M\u00fcv\u0259qq\u0259ti \u00f6mr\u00fcn \u0259b\u0259di problemi - MEYDAN.TV\" \/>\n<meta property=\"og:description\" content=\"\u00d6l\u00fcm c\u0259zas\u0131n\u0131n t\u0259tbiqi m\u0259s\u0259l\u0259si \u00e7ox m\u00fcbahis\u0259li m\u00f6vzu olaraq qal\u0131r\" \/>\n<meta property=\"og:url\" content=\"https:\/\/www.meydan.tv\/az\/article\/muveqqeti-omrun-ebedi-problemi\/\" \/>\n<meta property=\"og:site_name\" content=\"MEYDAN.TV\" \/>\n<meta property=\"article:published_time\" content=\"2018-09-19T16:31:00+00:00\" \/>\n<meta property=\"og:image\" content=\"https:\/\/www.meydan.tv\/wp-content\/uploads\/43629.jpg\" \/>\n\t<meta property=\"og:image:width\" content=\"2496\" \/>\n\t<meta property=\"og:image:height\" content=\"1744\" \/>\n\t<meta property=\"og:image:type\" content=\"image\/jpeg\" \/>\n<meta name=\"author\" content=\"user-manager\" \/>\n<meta name=\"twitter:card\" content=\"summary_large_image\" \/>\n<script type=\"application\/ld+json\" class=\"yoast-schema-graph\">{\"@context\":\"https:\\\/\\\/schema.org\",\"@graph\":[{\"@type\":\"Article\",\"@id\":\"https:\\\/\\\/www.meydan.tv\\\/az\\\/article\\\/muveqqeti-omrun-ebedi-problemi\\\/#article\",\"isPartOf\":{\"@id\":\"https:\\\/\\\/www.meydan.tv\\\/az\\\/article\\\/muveqqeti-omrun-ebedi-problemi\\\/\"},\"author\":{\"name\":\"user-manager\",\"@id\":\"https:\\\/\\\/www.meydan.tv\\\/az\\\/#\\\/schema\\\/person\\\/10d11eccf6da3662cf5fdab9806ea91a\"},\"headline\":\"M\u00fcv\u0259qq\u0259ti \u00f6mr\u00fcn \u0259b\u0259di problemi\",\"datePublished\":\"2018-09-19T16:31:00+00:00\",\"mainEntityOfPage\":{\"@id\":\"https:\\\/\\\/www.meydan.tv\\\/az\\\/article\\\/muveqqeti-omrun-ebedi-problemi\\\/\"},\"wordCount\":1269,\"publisher\":{\"@id\":\"https:\\\/\\\/www.meydan.tv\\\/az\\\/#organization\"},\"image\":{\"@id\":\"https:\\\/\\\/www.meydan.tv\\\/az\\\/article\\\/muveqqeti-omrun-ebedi-problemi\\\/#primaryimage\"},\"thumbnailUrl\":\"https:\\\/\\\/www.meydan.tv\\\/wp-content\\\/uploads\\\/43629.jpg\",\"articleSection\":[\"M\u0259nim Fikrimc\u0259\"],\"inLanguage\":\"az\"},{\"@type\":\"WebPage\",\"@id\":\"https:\\\/\\\/www.meydan.tv\\\/az\\\/article\\\/muveqqeti-omrun-ebedi-problemi\\\/\",\"url\":\"https:\\\/\\\/www.meydan.tv\\\/az\\\/article\\\/muveqqeti-omrun-ebedi-problemi\\\/\",\"name\":\"M\u00fcv\u0259qq\u0259ti \u00f6mr\u00fcn \u0259b\u0259di problemi - MEYDAN.TV\",\"isPartOf\":{\"@id\":\"https:\\\/\\\/www.meydan.tv\\\/az\\\/#website\"},\"primaryImageOfPage\":{\"@id\":\"https:\\\/\\\/www.meydan.tv\\\/az\\\/article\\\/muveqqeti-omrun-ebedi-problemi\\\/#primaryimage\"},\"image\":{\"@id\":\"https:\\\/\\\/www.meydan.tv\\\/az\\\/article\\\/muveqqeti-omrun-ebedi-problemi\\\/#primaryimage\"},\"thumbnailUrl\":\"https:\\\/\\\/www.meydan.tv\\\/wp-content\\\/uploads\\\/43629.jpg\",\"datePublished\":\"2018-09-19T16:31:00+00:00\",\"breadcrumb\":{\"@id\":\"https:\\\/\\\/www.meydan.tv\\\/az\\\/article\\\/muveqqeti-omrun-ebedi-problemi\\\/#breadcrumb\"},\"inLanguage\":\"az\",\"potentialAction\":[{\"@type\":\"ReadAction\",\"target\":[\"https:\\\/\\\/www.meydan.tv\\\/az\\\/article\\\/muveqqeti-omrun-ebedi-problemi\\\/\"]}]},{\"@type\":\"ImageObject\",\"inLanguage\":\"az\",\"@id\":\"https:\\\/\\\/www.meydan.tv\\\/az\\\/article\\\/muveqqeti-omrun-ebedi-problemi\\\/#primaryimage\",\"url\":\"https:\\\/\\\/www.meydan.tv\\\/wp-content\\\/uploads\\\/43629.jpg\",\"contentUrl\":\"https:\\\/\\\/www.meydan.tv\\\/wp-content\\\/uploads\\\/43629.jpg\",\"width\":2496,\"height\":1744,\"caption\":\"Source:\"},{\"@type\":\"BreadcrumbList\",\"@id\":\"https:\\\/\\\/www.meydan.tv\\\/az\\\/article\\\/muveqqeti-omrun-ebedi-problemi\\\/#breadcrumb\",\"itemListElement\":[{\"@type\":\"ListItem\",\"position\":1,\"name\":\"Ana s\u0259hif\u0259\",\"item\":\"https:\\\/\\\/www.meydan.tv\\\/az\\\/\"},{\"@type\":\"ListItem\",\"position\":2,\"name\":\"M\u0259nim Fikrimc\u0259\",\"item\":\"https:\\\/\\\/www.meydan.tv\\\/az\\\/section\\\/menim-fikrimce\\\/\"},{\"@type\":\"ListItem\",\"position\":3,\"name\":\"M\u00fcv\u0259qq\u0259ti \u00f6mr\u00fcn \u0259b\u0259di problemi\"}]},{\"@type\":\"WebSite\",\"@id\":\"https:\\\/\\\/www.meydan.tv\\\/az\\\/#website\",\"url\":\"https:\\\/\\\/www.meydan.tv\\\/az\\\/\",\"name\":\"MEYDAN.TV\",\"description\":\"Meydan TV Az\u0259rbaycan\u0131n media m\u0259kan\u0131ndak\u0131 alternativ s\u0259sidir\",\"publisher\":{\"@id\":\"https:\\\/\\\/www.meydan.tv\\\/az\\\/#organization\"},\"potentialAction\":[{\"@type\":\"SearchAction\",\"target\":{\"@type\":\"EntryPoint\",\"urlTemplate\":\"https:\\\/\\\/www.meydan.tv\\\/az\\\/?s={search_term_string}\"},\"query-input\":{\"@type\":\"PropertyValueSpecification\",\"valueRequired\":true,\"valueName\":\"search_term_string\"}}],\"inLanguage\":\"az\"},{\"@type\":\"Organization\",\"@id\":\"https:\\\/\\\/www.meydan.tv\\\/az\\\/#organization\",\"name\":\"Meydan TV\",\"url\":\"https:\\\/\\\/www.meydan.tv\\\/az\\\/\",\"logo\":{\"@type\":\"ImageObject\",\"inLanguage\":\"az\",\"@id\":\"https:\\\/\\\/www.meydan.tv\\\/az\\\/#\\\/schema\\\/logo\\\/image\\\/\",\"url\":\"https:\\\/\\\/www.meydan.tv\\\/wp-content\\\/uploads\\\/2021\\\/07\\\/meydan-logo.svg\",\"contentUrl\":\"https:\\\/\\\/www.meydan.tv\\\/wp-content\\\/uploads\\\/2021\\\/07\\\/meydan-logo.svg\",\"width\":195,\"height\":46,\"caption\":\"Meydan TV\"},\"image\":{\"@id\":\"https:\\\/\\\/www.meydan.tv\\\/az\\\/#\\\/schema\\\/logo\\\/image\\\/\"}},{\"@type\":\"Person\",\"@id\":\"https:\\\/\\\/www.meydan.tv\\\/az\\\/#\\\/schema\\\/person\\\/10d11eccf6da3662cf5fdab9806ea91a\",\"name\":\"user-manager\"}]}<\/script>\n<!-- \/ Yoast SEO plugin. -->","yoast_head_json":{"title":"M\u00fcv\u0259qq\u0259ti \u00f6mr\u00fcn \u0259b\u0259di problemi - MEYDAN.TV","robots":{"index":"index","follow":"follow","max-snippet":"max-snippet:-1","max-image-preview":"max-image-preview:large","max-video-preview":"max-video-preview:-1"},"canonical":"https:\/\/www.meydan.tv\/az\/article\/muveqqeti-omrun-ebedi-problemi\/","og_locale":"az_AZ","og_type":"article","og_title":"M\u00fcv\u0259qq\u0259ti \u00f6mr\u00fcn \u0259b\u0259di problemi - MEYDAN.TV","og_description":"\u00d6l\u00fcm c\u0259zas\u0131n\u0131n t\u0259tbiqi m\u0259s\u0259l\u0259si \u00e7ox m\u00fcbahis\u0259li m\u00f6vzu olaraq qal\u0131r","og_url":"https:\/\/www.meydan.tv\/az\/article\/muveqqeti-omrun-ebedi-problemi\/","og_site_name":"MEYDAN.TV","article_published_time":"2018-09-19T16:31:00+00:00","og_image":[{"width":2496,"height":1744,"url":"https:\/\/www.meydan.tv\/wp-content\/uploads\/43629.jpg","type":"image\/jpeg"}],"author":"user-manager","twitter_card":"summary_large_image","schema":{"@context":"https:\/\/schema.org","@graph":[{"@type":"Article","@id":"https:\/\/www.meydan.tv\/az\/article\/muveqqeti-omrun-ebedi-problemi\/#article","isPartOf":{"@id":"https:\/\/www.meydan.tv\/az\/article\/muveqqeti-omrun-ebedi-problemi\/"},"author":{"name":"user-manager","@id":"https:\/\/www.meydan.tv\/az\/#\/schema\/person\/10d11eccf6da3662cf5fdab9806ea91a"},"headline":"M\u00fcv\u0259qq\u0259ti \u00f6mr\u00fcn \u0259b\u0259di problemi","datePublished":"2018-09-19T16:31:00+00:00","mainEntityOfPage":{"@id":"https:\/\/www.meydan.tv\/az\/article\/muveqqeti-omrun-ebedi-problemi\/"},"wordCount":1269,"publisher":{"@id":"https:\/\/www.meydan.tv\/az\/#organization"},"image":{"@id":"https:\/\/www.meydan.tv\/az\/article\/muveqqeti-omrun-ebedi-problemi\/#primaryimage"},"thumbnailUrl":"https:\/\/www.meydan.tv\/wp-content\/uploads\/43629.jpg","articleSection":["M\u0259nim Fikrimc\u0259"],"inLanguage":"az"},{"@type":"WebPage","@id":"https:\/\/www.meydan.tv\/az\/article\/muveqqeti-omrun-ebedi-problemi\/","url":"https:\/\/www.meydan.tv\/az\/article\/muveqqeti-omrun-ebedi-problemi\/","name":"M\u00fcv\u0259qq\u0259ti \u00f6mr\u00fcn \u0259b\u0259di problemi - MEYDAN.TV","isPartOf":{"@id":"https:\/\/www.meydan.tv\/az\/#website"},"primaryImageOfPage":{"@id":"https:\/\/www.meydan.tv\/az\/article\/muveqqeti-omrun-ebedi-problemi\/#primaryimage"},"image":{"@id":"https:\/\/www.meydan.tv\/az\/article\/muveqqeti-omrun-ebedi-problemi\/#primaryimage"},"thumbnailUrl":"https:\/\/www.meydan.tv\/wp-content\/uploads\/43629.jpg","datePublished":"2018-09-19T16:31:00+00:00","breadcrumb":{"@id":"https:\/\/www.meydan.tv\/az\/article\/muveqqeti-omrun-ebedi-problemi\/#breadcrumb"},"inLanguage":"az","potentialAction":[{"@type":"ReadAction","target":["https:\/\/www.meydan.tv\/az\/article\/muveqqeti-omrun-ebedi-problemi\/"]}]},{"@type":"ImageObject","inLanguage":"az","@id":"https:\/\/www.meydan.tv\/az\/article\/muveqqeti-omrun-ebedi-problemi\/#primaryimage","url":"https:\/\/www.meydan.tv\/wp-content\/uploads\/43629.jpg","contentUrl":"https:\/\/www.meydan.tv\/wp-content\/uploads\/43629.jpg","width":2496,"height":1744,"caption":"Source:"},{"@type":"BreadcrumbList","@id":"https:\/\/www.meydan.tv\/az\/article\/muveqqeti-omrun-ebedi-problemi\/#breadcrumb","itemListElement":[{"@type":"ListItem","position":1,"name":"Ana s\u0259hif\u0259","item":"https:\/\/www.meydan.tv\/az\/"},{"@type":"ListItem","position":2,"name":"M\u0259nim Fikrimc\u0259","item":"https:\/\/www.meydan.tv\/az\/section\/menim-fikrimce\/"},{"@type":"ListItem","position":3,"name":"M\u00fcv\u0259qq\u0259ti \u00f6mr\u00fcn \u0259b\u0259di problemi"}]},{"@type":"WebSite","@id":"https:\/\/www.meydan.tv\/az\/#website","url":"https:\/\/www.meydan.tv\/az\/","name":"MEYDAN.TV","description":"Meydan TV Az\u0259rbaycan\u0131n media m\u0259kan\u0131ndak\u0131 alternativ s\u0259sidir","publisher":{"@id":"https:\/\/www.meydan.tv\/az\/#organization"},"potentialAction":[{"@type":"SearchAction","target":{"@type":"EntryPoint","urlTemplate":"https:\/\/www.meydan.tv\/az\/?s={search_term_string}"},"query-input":{"@type":"PropertyValueSpecification","valueRequired":true,"valueName":"search_term_string"}}],"inLanguage":"az"},{"@type":"Organization","@id":"https:\/\/www.meydan.tv\/az\/#organization","name":"Meydan TV","url":"https:\/\/www.meydan.tv\/az\/","logo":{"@type":"ImageObject","inLanguage":"az","@id":"https:\/\/www.meydan.tv\/az\/#\/schema\/logo\/image\/","url":"https:\/\/www.meydan.tv\/wp-content\/uploads\/2021\/07\/meydan-logo.svg","contentUrl":"https:\/\/www.meydan.tv\/wp-content\/uploads\/2021\/07\/meydan-logo.svg","width":195,"height":46,"caption":"Meydan TV"},"image":{"@id":"https:\/\/www.meydan.tv\/az\/#\/schema\/logo\/image\/"}},{"@type":"Person","@id":"https:\/\/www.meydan.tv\/az\/#\/schema\/person\/10d11eccf6da3662cf5fdab9806ea91a","name":"user-manager"}]}},"_links":{"self":[{"href":"https:\/\/www.meydan.tv\/az\/wp-json\/wp\/v2\/posts\/191722","targetHints":{"allow":["GET"]}}],"collection":[{"href":"https:\/\/www.meydan.tv\/az\/wp-json\/wp\/v2\/posts"}],"about":[{"href":"https:\/\/www.meydan.tv\/az\/wp-json\/wp\/v2\/types\/post"}],"author":[{"embeddable":true,"href":"https:\/\/www.meydan.tv\/az\/wp-json\/wp\/v2\/users\/11"}],"replies":[{"embeddable":true,"href":"https:\/\/www.meydan.tv\/az\/wp-json\/wp\/v2\/comments?post=191722"}],"version-history":[{"count":0,"href":"https:\/\/www.meydan.tv\/az\/wp-json\/wp\/v2\/posts\/191722\/revisions"}],"wp:featuredmedia":[{"embeddable":true,"href":"https:\/\/www.meydan.tv\/az\/wp-json\/wp\/v2\/media\/109720"}],"wp:attachment":[{"href":"https:\/\/www.meydan.tv\/az\/wp-json\/wp\/v2\/media?parent=191722"}],"wp:term":[{"taxonomy":"category","embeddable":true,"href":"https:\/\/www.meydan.tv\/az\/wp-json\/wp\/v2\/categories?post=191722"},{"taxonomy":"post_tag","embeddable":true,"href":"https:\/\/www.meydan.tv\/az\/wp-json\/wp\/v2\/tags?post=191722"}],"curies":[{"name":"wp","href":"https:\/\/api.w.org\/{rel}","templated":true}]}}