{"id":191690,"date":"2018-09-17T18:50:19","date_gmt":"2018-09-17T18:50:19","guid":{"rendered":"https:\/\/www.meydan.tv\/article\/3-aydir-vefat-edib-hele-de-supulu-odeyir\/"},"modified":"2018-09-17T18:50:19","modified_gmt":"2018-09-17T18:50:19","slug":"3-aydir-vefat-edib-hele-de-supulu-odeyir","status":"publish","type":"post","link":"https:\/\/www.meydan.tv\/az\/article\/3-aydir-vefat-edib-hele-de-supulu-odeyir\/","title":{"rendered":"3 ayd\u0131r v\u0259fat edib, h\u0259l\u0259 d\u0259 supulu &#8221;\u00f6d\u0259yir&#8221;"},"content":{"rendered":"<figure class=\"wp-block-image size-large\">\n  <img decoding=\"async\" src=\"https:\/\/www.meydan.tv\/az\/sarvan-qemberov\/\" alt=\"Sarvan Q\u0259mb\u0259rov\" class=\"wp-image-109645\"\/><figcaption>\n    Sarvan Q\u0259mb\u0259rov<br \/>\n  <\/figcaption><\/figure>\n<p>\n  <i><br \/>\n    A\u011fdam sakini: \u201cM\u0259rhum atamdan h\u0259r ay 1 manat 50 q\u0259pik supulu t\u0259l\u0259b olunur\u201d<br \/>\n  <\/i><\/p>\n<p>  \u201c\u00dc\u00e7 ayd\u0131r ki, atam v\u0259fat edib, ancaq h\u0259r d\u0259f\u0259 adamba\u015f\u0131na supulu \u00f6d\u0259ni\u015fi haqq\u0131nda bildiri\u015f g\u0259l\u0259nd\u0259, diksinir\u0259m, su idar\u0259si m\u0259rhum atamdan h\u0259l\u0259 d\u0259 ayl\u0131q 1 manat 50 q\u0259pik supulu \u201ct\u0259l\u0259b edir\u201d.<\/p>\n<p>  Bunu Meydan TV-y\u0259 A\u011fdam rayon sakini Sarvan Q\u0259mb\u0259rov deyir. Sarvan Q\u0259mb\u0259rov anas\u0131 il\u0259 birlikd\u0259 D\u00f6dryol 1 q\u0259s\u0259b\u0259si, ev 681 \u00fcnvan\u0131nda ya\u015fay\u0131r. Onun \u015fikay\u0259ti rayon Sukanal \u0130dar\u0259sind\u0259ndir. Deyir, atas\u0131 Arif Q\u0259mb\u0259rov 3 aya yax\u0131nd\u0131r ki, v\u0259fat edib, ancaq h\u0259l\u0259 d\u0259 yerli sukanal idar\u0259si ya\u015fad\u0131\u011f\u0131 \u00fcnvana su s\u0259rfiyyat\u0131na g\u00f6r\u0259 bildiri\u015f-x\u0259b\u0259rdarl\u0131q q\u0259bzi g\u00f6nd\u0259r\u0259nd\u0259, m\u0259lum olur ki, idar\u0259 ondan m\u0259rhum atas\u0131na g\u00f6r\u0259 d\u0259 supulu t\u0259l\u0259b edir:\n<\/p>\n<blockquote><p>\n  Q\u0259s\u0259b\u0259d\u0259 supulu \u201c\u00f6d\u0259y\u0259n\u201d \u00e7ox m\u0259rhumlar var\n<\/p><\/blockquote>\n<p>\n  \u201cAtam\u0131n \u00f6l\u00fcm haqq\u0131nda \u015f\u0259had\u0259tnam\u0259sini d\u0259, aray\u0131\u015f\u0131 da idar\u0259y\u0259 t\u0259qdim etmi\u015fik. Ondan sonra abonent kimi anam tan\u0131n\u0131b v\u0259 q\u0259bzl\u0259r onun ad\u0131na g\u0259lir. \u018fvv\u0259ll\u0259r ail\u0259d\u0259 \u00fc\u00e7 n\u0259f\u0259r idik, atam\u0131n v\u0259fat\u0131ndan sonra anamla m\u0259n qald\u0131q. Lakin \u00f6t\u0259n ay da, bu ay da bildiri\u015fl\u0259rd\u0259 yen\u0259 \u00fc\u00e7 n\u0259f\u0259r g\u00f6st\u0259rilib. Adamba\u015f\u0131na 1 manat 50 q\u0259pikd\u0259n hesablan\u0131r, biziml\u0259 b\u0259rab\u0259r 1 manat 50 q\u0259pik d\u0259 atam\u0131n ad\u0131na hesablan\u0131r. Bildiri\u015fl\u0259rd\u0259 h\u0259l\u0259 d\u0259 \u00fc\u00e7 n\u0259f\u0259r g\u00f6st\u0259rilir\u201d.\n<\/p>\n<figure class=\"wp-block-image size-large\">\n  <img decoding=\"async\" src=\"https:\/\/www.meydan.tv\/az\/mebleg\/\" alt=\"M\u0259bl\u0259\u011f\" class=\"wp-image-109639\"\/><figcaption>\n    M\u0259bl\u0259\u011f<br \/>\n  <\/figcaption><\/figure>\n<p>  Sarvan Q\u0259mb\u0259rov deyir, Sukanal \u0130dar\u0259sin\u0259 etdiyi m\u00fcraci\u0259tl\u0259r d\u0259 n\u0259tic\u0259siz qal\u0131b:<\/p>\n<p>  \u201cO g\u00fcn yen\u0259 bildiri\u015f g\u0259ldi, bax\u0131r\u0131q ki, yen\u0259 3 n\u0259f\u0259r\u0259 g\u00f6r\u0259 borc yaz\u0131l\u0131b. H\u0259m d\u0259 Sukanal \u0130dar\u0259si bunu t\u0259k biz\u0259 qar\u015f\u0131 etmir, ya\u015fad\u0131\u011f\u0131m\u0131z q\u0259s\u0259b\u0259d\u0259 o q\u0259d\u0259r v\u0259fat etmi\u015f adamlar\u0131n ad\u0131na borc yaz\u0131l\u0131r ki&#8230; Dey\u0259 bil\u0259rsiz ki, s\u00f6hb\u0259t 1 manat 50 q\u0259piyin s\u00f6hb\u0259tini edirs\u0259n, i\u015f oras\u0131ndad\u0131r ki, s\u00f6hb\u0259t o q\u0259pik-quru\u015fdan getmir, s\u00f6hb\u0259t ondan gedir ki, q\u0259s\u0259b\u0259d\u0259 10 min adam ya\u015fay\u0131r, bunun da h\u0259r g\u00fcn v\u0259fat ed\u0259ni var v\u0259 onlar\u0131n aras\u0131nda h\u0259l\u0259 d\u0259 supulu \u201c\u00f6d\u0259y\u0259nl\u0259r\u201d var. Sukanal \u0130dar\u0259si \u00f6z yeyintil\u0259rini \u00f6l\u00fcl\u0259rd\u0259n \u201cpul y\u0131\u011fmaqla\u201d \u00f6rt-basd\u0131r etm\u0259k ist\u0259yir\u201d.\n<\/p>\n<blockquote><p>\n  Texniki x\u0259tad\u0131r\n<\/p><\/blockquote>\n<p>\n  A\u011fdam Sukanal \u0130dar\u0259sind\u0259n bildirilib ki, D\u00f6rdyol 1 q\u0259s\u0259b\u0259si, ev 681 \u00fcnvan\u0131na \u2013 Mahir\u0259 Q\u0259mb\u0259rovan\u0131n ad\u0131na g\u00f6nd\u0259ril\u0259n bildiri\u015f-x\u0259b\u0259rdarl\u0131q q\u0259bzl\u0259rind\u0259 borclu kimi \u00fc\u00e7 n\u0259f\u0259rin qeyd olunmas\u0131 texniki x\u0259tad\u0131r: \u201cAyd\u0131nla\u015fd\u0131r\u0131lacaq, aradan qald\u0131r\u0131lacaq v\u0259 \u0259g\u0259r m\u0259rhumun ad\u0131na t\u0259l\u0259b olunan \u00f6d\u0259ni\u015f varsa, abonent\u0259 qaytar\u0131lacaq\u201d.<\/p>\n<p>  \u0130dar\u0259d\u0259n Sarvan Q\u0259mb\u0259rovun q\u0259s\u0259b\u0259d\u0259 ba\u015fqa m\u0259rhumlar\u0131n da ad\u0131na su s\u0259rfiyyat\u0131na g\u00f6r\u0259 borcla ba\u011fl\u0131 bildiri\u015f g\u0259lm\u0259si il\u0259 ba\u011fl\u0131 dedikl\u0259ri t\u0259kzib olunub.<\/p>\n","protected":false},"excerpt":{"rendered":"<p>A\u011fdam sakini: \u201cM\u0259rhum atamdan h\u0259r ay 1 manat 50 q\u0259pik supulu t\u0259l\u0259b olunur\u201d<\/p>\n","protected":false},"author":11,"featured_media":109645,"comment_status":"closed","ping_status":"open","sticky":false,"template":"","format":"standard","meta":{"_acf_changed":false,"_sitemap_exclude":false,"_sitemap_priority":"","_sitemap_frequency":"","footnotes":""},"categories":[60],"tags":[],"class_list":["post-191690","post","type-post","status-publish","format-standard","has-post-thumbnail","hentry","category-bolge","infinite-scroll-item","generate-columns","tablet-grid-50","mobile-grid-100","grid-parent","grid-33","no-featured-image-padding"],"acf":[],"yoast_head":"<!-- This site is optimized with the Yoast SEO plugin v27.4 - https:\/\/yoast.com\/product\/yoast-seo-wordpress\/ -->\n<title>3 ayd\u0131r v\u0259fat edib, h\u0259l\u0259 d\u0259 supulu &#039;&#039;\u00f6d\u0259yir&#039;&#039; - MEYDAN.TV<\/title>\n<meta name=\"robots\" content=\"index, follow, max-snippet:-1, max-image-preview:large, max-video-preview:-1\" \/>\n<link rel=\"canonical\" href=\"https:\/\/www.meydan.tv\/az\/article\/3-aydir-vefat-edib-hele-de-supulu-odeyir\/\" \/>\n<meta property=\"og:locale\" content=\"az_AZ\" \/>\n<meta property=\"og:type\" content=\"article\" \/>\n<meta property=\"og:title\" content=\"3 ayd\u0131r v\u0259fat edib, h\u0259l\u0259 d\u0259 supulu &#039;&#039;\u00f6d\u0259yir&#039;&#039; - MEYDAN.TV\" \/>\n<meta property=\"og:description\" content=\"A\u011fdam sakini: \u201cM\u0259rhum atamdan h\u0259r ay 1 manat 50 q\u0259pik supulu t\u0259l\u0259b olunur\u201d\" \/>\n<meta property=\"og:url\" content=\"https:\/\/www.meydan.tv\/az\/article\/3-aydir-vefat-edib-hele-de-supulu-odeyir\/\" \/>\n<meta property=\"og:site_name\" content=\"MEYDAN.TV\" \/>\n<meta property=\"article:published_time\" content=\"2018-09-17T18:50:19+00:00\" \/>\n<meta property=\"og:image\" content=\"https:\/\/www.meydan.tv\/wp-content\/uploads\/43600.png\" \/>\n\t<meta property=\"og:image:width\" content=\"1024\" \/>\n\t<meta property=\"og:image:height\" content=\"512\" \/>\n\t<meta property=\"og:image:type\" content=\"image\/png\" \/>\n<meta name=\"author\" content=\"user-manager\" \/>\n<meta name=\"twitter:card\" content=\"summary_large_image\" \/>\n<script type=\"application\/ld+json\" class=\"yoast-schema-graph\">{\"@context\":\"https:\\\/\\\/schema.org\",\"@graph\":[{\"@type\":\"Article\",\"@id\":\"https:\\\/\\\/www.meydan.tv\\\/az\\\/article\\\/3-aydir-vefat-edib-hele-de-supulu-odeyir\\\/#article\",\"isPartOf\":{\"@id\":\"https:\\\/\\\/www.meydan.tv\\\/az\\\/article\\\/3-aydir-vefat-edib-hele-de-supulu-odeyir\\\/\"},\"author\":{\"name\":\"user-manager\",\"@id\":\"https:\\\/\\\/www.meydan.tv\\\/az\\\/#\\\/schema\\\/person\\\/10d11eccf6da3662cf5fdab9806ea91a\"},\"headline\":\"3 ayd\u0131r v\u0259fat edib, h\u0259l\u0259 d\u0259 supulu &#8221;\u00f6d\u0259yir&#8221;\",\"datePublished\":\"2018-09-17T18:50:19+00:00\",\"mainEntityOfPage\":{\"@id\":\"https:\\\/\\\/www.meydan.tv\\\/az\\\/article\\\/3-aydir-vefat-edib-hele-de-supulu-odeyir\\\/\"},\"wordCount\":577,\"publisher\":{\"@id\":\"https:\\\/\\\/www.meydan.tv\\\/az\\\/#organization\"},\"image\":{\"@id\":\"https:\\\/\\\/www.meydan.tv\\\/az\\\/article\\\/3-aydir-vefat-edib-hele-de-supulu-odeyir\\\/#primaryimage\"},\"thumbnailUrl\":\"https:\\\/\\\/www.meydan.tv\\\/wp-content\\\/uploads\\\/43600.png\",\"articleSection\":[\"B\u00f6lg\u0259\"],\"inLanguage\":\"az\"},{\"@type\":\"WebPage\",\"@id\":\"https:\\\/\\\/www.meydan.tv\\\/az\\\/article\\\/3-aydir-vefat-edib-hele-de-supulu-odeyir\\\/\",\"url\":\"https:\\\/\\\/www.meydan.tv\\\/az\\\/article\\\/3-aydir-vefat-edib-hele-de-supulu-odeyir\\\/\",\"name\":\"3 ayd\u0131r v\u0259fat edib, h\u0259l\u0259 d\u0259 supulu ''\u00f6d\u0259yir'' - MEYDAN.TV\",\"isPartOf\":{\"@id\":\"https:\\\/\\\/www.meydan.tv\\\/az\\\/#website\"},\"primaryImageOfPage\":{\"@id\":\"https:\\\/\\\/www.meydan.tv\\\/az\\\/article\\\/3-aydir-vefat-edib-hele-de-supulu-odeyir\\\/#primaryimage\"},\"image\":{\"@id\":\"https:\\\/\\\/www.meydan.tv\\\/az\\\/article\\\/3-aydir-vefat-edib-hele-de-supulu-odeyir\\\/#primaryimage\"},\"thumbnailUrl\":\"https:\\\/\\\/www.meydan.tv\\\/wp-content\\\/uploads\\\/43600.png\",\"datePublished\":\"2018-09-17T18:50:19+00:00\",\"breadcrumb\":{\"@id\":\"https:\\\/\\\/www.meydan.tv\\\/az\\\/article\\\/3-aydir-vefat-edib-hele-de-supulu-odeyir\\\/#breadcrumb\"},\"inLanguage\":\"az\",\"potentialAction\":[{\"@type\":\"ReadAction\",\"target\":[\"https:\\\/\\\/www.meydan.tv\\\/az\\\/article\\\/3-aydir-vefat-edib-hele-de-supulu-odeyir\\\/\"]}]},{\"@type\":\"ImageObject\",\"inLanguage\":\"az\",\"@id\":\"https:\\\/\\\/www.meydan.tv\\\/az\\\/article\\\/3-aydir-vefat-edib-hele-de-supulu-odeyir\\\/#primaryimage\",\"url\":\"https:\\\/\\\/www.meydan.tv\\\/wp-content\\\/uploads\\\/43600.png\",\"contentUrl\":\"https:\\\/\\\/www.meydan.tv\\\/wp-content\\\/uploads\\\/43600.png\",\"width\":1024,\"height\":512,\"caption\":\"Source:\"},{\"@type\":\"BreadcrumbList\",\"@id\":\"https:\\\/\\\/www.meydan.tv\\\/az\\\/article\\\/3-aydir-vefat-edib-hele-de-supulu-odeyir\\\/#breadcrumb\",\"itemListElement\":[{\"@type\":\"ListItem\",\"position\":1,\"name\":\"Ana s\u0259hif\u0259\",\"item\":\"https:\\\/\\\/www.meydan.tv\\\/az\\\/\"},{\"@type\":\"ListItem\",\"position\":2,\"name\":\"B\u00f6lg\u0259\",\"item\":\"https:\\\/\\\/www.meydan.tv\\\/az\\\/section\\\/bolge\\\/\"},{\"@type\":\"ListItem\",\"position\":3,\"name\":\"3 ayd\u0131r v\u0259fat edib, h\u0259l\u0259 d\u0259 supulu &#8221;\u00f6d\u0259yir&#8221;\"}]},{\"@type\":\"WebSite\",\"@id\":\"https:\\\/\\\/www.meydan.tv\\\/az\\\/#website\",\"url\":\"https:\\\/\\\/www.meydan.tv\\\/az\\\/\",\"name\":\"MEYDAN.TV\",\"description\":\"Meydan TV Az\u0259rbaycan\u0131n media m\u0259kan\u0131ndak\u0131 alternativ s\u0259sidir\",\"publisher\":{\"@id\":\"https:\\\/\\\/www.meydan.tv\\\/az\\\/#organization\"},\"potentialAction\":[{\"@type\":\"SearchAction\",\"target\":{\"@type\":\"EntryPoint\",\"urlTemplate\":\"https:\\\/\\\/www.meydan.tv\\\/az\\\/?s={search_term_string}\"},\"query-input\":{\"@type\":\"PropertyValueSpecification\",\"valueRequired\":true,\"valueName\":\"search_term_string\"}}],\"inLanguage\":\"az\"},{\"@type\":\"Organization\",\"@id\":\"https:\\\/\\\/www.meydan.tv\\\/az\\\/#organization\",\"name\":\"Meydan TV\",\"url\":\"https:\\\/\\\/www.meydan.tv\\\/az\\\/\",\"logo\":{\"@type\":\"ImageObject\",\"inLanguage\":\"az\",\"@id\":\"https:\\\/\\\/www.meydan.tv\\\/az\\\/#\\\/schema\\\/logo\\\/image\\\/\",\"url\":\"https:\\\/\\\/www.meydan.tv\\\/wp-content\\\/uploads\\\/2021\\\/07\\\/meydan-logo.svg\",\"contentUrl\":\"https:\\\/\\\/www.meydan.tv\\\/wp-content\\\/uploads\\\/2021\\\/07\\\/meydan-logo.svg\",\"width\":195,\"height\":46,\"caption\":\"Meydan TV\"},\"image\":{\"@id\":\"https:\\\/\\\/www.meydan.tv\\\/az\\\/#\\\/schema\\\/logo\\\/image\\\/\"}},{\"@type\":\"Person\",\"@id\":\"https:\\\/\\\/www.meydan.tv\\\/az\\\/#\\\/schema\\\/person\\\/10d11eccf6da3662cf5fdab9806ea91a\",\"name\":\"user-manager\"}]}<\/script>\n<!-- \/ Yoast SEO plugin. -->","yoast_head_json":{"title":"3 ayd\u0131r v\u0259fat edib, h\u0259l\u0259 d\u0259 supulu ''\u00f6d\u0259yir'' - MEYDAN.TV","robots":{"index":"index","follow":"follow","max-snippet":"max-snippet:-1","max-image-preview":"max-image-preview:large","max-video-preview":"max-video-preview:-1"},"canonical":"https:\/\/www.meydan.tv\/az\/article\/3-aydir-vefat-edib-hele-de-supulu-odeyir\/","og_locale":"az_AZ","og_type":"article","og_title":"3 ayd\u0131r v\u0259fat edib, h\u0259l\u0259 d\u0259 supulu ''\u00f6d\u0259yir'' - MEYDAN.TV","og_description":"A\u011fdam sakini: \u201cM\u0259rhum atamdan h\u0259r ay 1 manat 50 q\u0259pik supulu t\u0259l\u0259b olunur\u201d","og_url":"https:\/\/www.meydan.tv\/az\/article\/3-aydir-vefat-edib-hele-de-supulu-odeyir\/","og_site_name":"MEYDAN.TV","article_published_time":"2018-09-17T18:50:19+00:00","og_image":[{"width":1024,"height":512,"url":"https:\/\/www.meydan.tv\/wp-content\/uploads\/43600.png","type":"image\/png"}],"author":"user-manager","twitter_card":"summary_large_image","schema":{"@context":"https:\/\/schema.org","@graph":[{"@type":"Article","@id":"https:\/\/www.meydan.tv\/az\/article\/3-aydir-vefat-edib-hele-de-supulu-odeyir\/#article","isPartOf":{"@id":"https:\/\/www.meydan.tv\/az\/article\/3-aydir-vefat-edib-hele-de-supulu-odeyir\/"},"author":{"name":"user-manager","@id":"https:\/\/www.meydan.tv\/az\/#\/schema\/person\/10d11eccf6da3662cf5fdab9806ea91a"},"headline":"3 ayd\u0131r v\u0259fat edib, h\u0259l\u0259 d\u0259 supulu &#8221;\u00f6d\u0259yir&#8221;","datePublished":"2018-09-17T18:50:19+00:00","mainEntityOfPage":{"@id":"https:\/\/www.meydan.tv\/az\/article\/3-aydir-vefat-edib-hele-de-supulu-odeyir\/"},"wordCount":577,"publisher":{"@id":"https:\/\/www.meydan.tv\/az\/#organization"},"image":{"@id":"https:\/\/www.meydan.tv\/az\/article\/3-aydir-vefat-edib-hele-de-supulu-odeyir\/#primaryimage"},"thumbnailUrl":"https:\/\/www.meydan.tv\/wp-content\/uploads\/43600.png","articleSection":["B\u00f6lg\u0259"],"inLanguage":"az"},{"@type":"WebPage","@id":"https:\/\/www.meydan.tv\/az\/article\/3-aydir-vefat-edib-hele-de-supulu-odeyir\/","url":"https:\/\/www.meydan.tv\/az\/article\/3-aydir-vefat-edib-hele-de-supulu-odeyir\/","name":"3 ayd\u0131r v\u0259fat edib, h\u0259l\u0259 d\u0259 supulu ''\u00f6d\u0259yir'' - MEYDAN.TV","isPartOf":{"@id":"https:\/\/www.meydan.tv\/az\/#website"},"primaryImageOfPage":{"@id":"https:\/\/www.meydan.tv\/az\/article\/3-aydir-vefat-edib-hele-de-supulu-odeyir\/#primaryimage"},"image":{"@id":"https:\/\/www.meydan.tv\/az\/article\/3-aydir-vefat-edib-hele-de-supulu-odeyir\/#primaryimage"},"thumbnailUrl":"https:\/\/www.meydan.tv\/wp-content\/uploads\/43600.png","datePublished":"2018-09-17T18:50:19+00:00","breadcrumb":{"@id":"https:\/\/www.meydan.tv\/az\/article\/3-aydir-vefat-edib-hele-de-supulu-odeyir\/#breadcrumb"},"inLanguage":"az","potentialAction":[{"@type":"ReadAction","target":["https:\/\/www.meydan.tv\/az\/article\/3-aydir-vefat-edib-hele-de-supulu-odeyir\/"]}]},{"@type":"ImageObject","inLanguage":"az","@id":"https:\/\/www.meydan.tv\/az\/article\/3-aydir-vefat-edib-hele-de-supulu-odeyir\/#primaryimage","url":"https:\/\/www.meydan.tv\/wp-content\/uploads\/43600.png","contentUrl":"https:\/\/www.meydan.tv\/wp-content\/uploads\/43600.png","width":1024,"height":512,"caption":"Source:"},{"@type":"BreadcrumbList","@id":"https:\/\/www.meydan.tv\/az\/article\/3-aydir-vefat-edib-hele-de-supulu-odeyir\/#breadcrumb","itemListElement":[{"@type":"ListItem","position":1,"name":"Ana s\u0259hif\u0259","item":"https:\/\/www.meydan.tv\/az\/"},{"@type":"ListItem","position":2,"name":"B\u00f6lg\u0259","item":"https:\/\/www.meydan.tv\/az\/section\/bolge\/"},{"@type":"ListItem","position":3,"name":"3 ayd\u0131r v\u0259fat edib, h\u0259l\u0259 d\u0259 supulu &#8221;\u00f6d\u0259yir&#8221;"}]},{"@type":"WebSite","@id":"https:\/\/www.meydan.tv\/az\/#website","url":"https:\/\/www.meydan.tv\/az\/","name":"MEYDAN.TV","description":"Meydan TV Az\u0259rbaycan\u0131n media m\u0259kan\u0131ndak\u0131 alternativ s\u0259sidir","publisher":{"@id":"https:\/\/www.meydan.tv\/az\/#organization"},"potentialAction":[{"@type":"SearchAction","target":{"@type":"EntryPoint","urlTemplate":"https:\/\/www.meydan.tv\/az\/?s={search_term_string}"},"query-input":{"@type":"PropertyValueSpecification","valueRequired":true,"valueName":"search_term_string"}}],"inLanguage":"az"},{"@type":"Organization","@id":"https:\/\/www.meydan.tv\/az\/#organization","name":"Meydan TV","url":"https:\/\/www.meydan.tv\/az\/","logo":{"@type":"ImageObject","inLanguage":"az","@id":"https:\/\/www.meydan.tv\/az\/#\/schema\/logo\/image\/","url":"https:\/\/www.meydan.tv\/wp-content\/uploads\/2021\/07\/meydan-logo.svg","contentUrl":"https:\/\/www.meydan.tv\/wp-content\/uploads\/2021\/07\/meydan-logo.svg","width":195,"height":46,"caption":"Meydan TV"},"image":{"@id":"https:\/\/www.meydan.tv\/az\/#\/schema\/logo\/image\/"}},{"@type":"Person","@id":"https:\/\/www.meydan.tv\/az\/#\/schema\/person\/10d11eccf6da3662cf5fdab9806ea91a","name":"user-manager"}]}},"_links":{"self":[{"href":"https:\/\/www.meydan.tv\/az\/wp-json\/wp\/v2\/posts\/191690","targetHints":{"allow":["GET"]}}],"collection":[{"href":"https:\/\/www.meydan.tv\/az\/wp-json\/wp\/v2\/posts"}],"about":[{"href":"https:\/\/www.meydan.tv\/az\/wp-json\/wp\/v2\/types\/post"}],"author":[{"embeddable":true,"href":"https:\/\/www.meydan.tv\/az\/wp-json\/wp\/v2\/users\/11"}],"replies":[{"embeddable":true,"href":"https:\/\/www.meydan.tv\/az\/wp-json\/wp\/v2\/comments?post=191690"}],"version-history":[{"count":0,"href":"https:\/\/www.meydan.tv\/az\/wp-json\/wp\/v2\/posts\/191690\/revisions"}],"wp:featuredmedia":[{"embeddable":true,"href":"https:\/\/www.meydan.tv\/az\/wp-json\/wp\/v2\/media\/109645"}],"wp:attachment":[{"href":"https:\/\/www.meydan.tv\/az\/wp-json\/wp\/v2\/media?parent=191690"}],"wp:term":[{"taxonomy":"category","embeddable":true,"href":"https:\/\/www.meydan.tv\/az\/wp-json\/wp\/v2\/categories?post=191690"},{"taxonomy":"post_tag","embeddable":true,"href":"https:\/\/www.meydan.tv\/az\/wp-json\/wp\/v2\/tags?post=191690"}],"curies":[{"name":"wp","href":"https:\/\/api.w.org\/{rel}","templated":true}]}}