{"id":191679,"date":"2018-09-15T20:54:34","date_gmt":"2018-09-15T20:54:34","guid":{"rendered":"https:\/\/www.meydan.tv\/article\/fehle-emek-muqavilesi-teleb-etdik-isden-qovdular\/"},"modified":"2018-09-15T20:54:34","modified_gmt":"2018-09-15T20:54:34","slug":"fehle-emek-muqavilesi-teleb-etdik-isden-qovdular","status":"publish","type":"post","link":"https:\/\/www.meydan.tv\/az\/article\/fehle-emek-muqavilesi-teleb-etdik-isden-qovdular\/","title":{"rendered":"F\u0259hl\u0259: &#8221;\u018fm\u0259k m\u00fcqavil\u0259si t\u0259l\u0259b etdik, i\u015fd\u0259n qovdular&#8221;"},"content":{"rendered":"<figure class=\"wp-block-image size-large\">\n  <img decoding=\"async\" src=\"https:\/\/www.meydan.tv\/az\/raqib-agayev\/\" alt=\"Raqib A\u011fayev\" class=\"wp-image-109606\"\/><figcaption>\n    Raqib A\u011fayev<br \/>\n  <\/figcaption><\/figure>\n<p>\n  <i><br \/>\n    Raqib A\u011fayev deyir, da\u015f hasarlara \u00fczl\u00fck vurub, \u0259m\u0259k h\u00fcquqlar\u0131n\u0131 t\u0259l\u0259b ed\u0259nd\u0259 i\u015fsiz qal\u0131b<br \/>\n  <\/i><\/p>\n<p>  \u201cDedi, narahat olmay\u0131n, siz i\u015f\u0259 ba\u015flay\u0131n, \u0259m\u0259k m\u00fcqavil\u0259si d\u0259 olacaq. Ba\u015flad\u0131q hasarlara mozaika \u00fczl\u00fck vurma\u011fa. Bir ne\u00e7\u0259 g\u00fcn i\u015fl\u0259dik, g\u00f6rd\u00fck ki, \u0259m\u0259k m\u00fcqavil\u0259sind\u0259n s\u0259s-soraq yoxdur, yen\u0259 h\u0259min \u015f\u0259xs\u0259 m\u00fcraci\u0259t etdik. Bu d\u0259f\u0259 biziml\u0259 kobud dan\u0131\u015fd\u0131, dedi, m\u00fcqavil\u0259-filan yoxdur, xo\u015funuz g\u0259lmir, \u00e7\u0131x\u0131b ged\u0259 bil\u0259rsiz\u201d.<\/p>\n<p>  \u015eamax\u0131 sakini Raqib A\u011fayev Meydan TV-y\u0259 dan\u0131\u015f\u0131r ki, uzun m\u00fcdd\u0259t i\u015fsiz qald\u0131qdan sonra \u015eamax\u0131n\u0131n m\u0259rk\u0259zind\u0259 yerli icra hakimiyy\u0259tinin sifari\u015fi il\u0259 da\u015f hasarlara \u00fczl\u00fck vuran \u201cTikinti T\u0259minat LTD\u201d podrat\u00e7\u0131 \u015firk\u0259tin n\u00fcmay\u0259nd\u0259sin\u0259 m\u00fcraci\u0259t edib. N\u00fcmay\u0259nd\u0259 ona v\u0259 i\u015fsiz yolda\u015f\u0131na hasarlara mozaika \u00fczl\u00fck vurmaq \u00fc\u00e7\u00fcn f\u0259hl\u0259l\u0259r\u0259 ehtiyac oldu\u011funu deyib. Bel\u0259c\u0259, Raqib A\u011fayev v\u0259 i\u015fsiz yolda\u015f\u0131 Dada\u015f Dada\u015fovla iyulun 17-d\u0259n i\u015f\u0259 ba\u015flay\u0131b. \u015eikay\u0259t\u00e7inin dem\u0259sin\u0259 g\u00f6r\u0259, i\u015f icra\u00e7\u0131s\u0131ndan \u0259m\u0259k m\u00fcqavil\u0259sini soru\u015fduqda, qar\u015f\u0131 t\u0259r\u0259f bir ne\u00e7\u0259 g\u00fcn\u0259 m\u00fcqavil\u0259nin imzalanaca\u011f\u0131n\u0131 v\u0259d edib.\n<\/p>\n<blockquote><p>\n  \u0130\u015f icra\u00e7\u0131s\u0131 ad-soyad\u0131n\u0131 gizl\u0259dirdi\n<\/p><\/blockquote>\n<p>\n  \u201cBiz d\u0259 12 g\u00fcn i\u015fl\u0259dik, 120 kvadratmetrlik \u00fczl\u00fck i\u015fi g\u00f6rd\u00fck. H\u0259min m\u00fcdd\u0259t \u0259rzind\u0259 ad-soyad\u0131n\u0131 biz\u0259 Sahib H\u0259s\u0259nov kimi t\u0259qdim ed\u0259n i\u015f icra\u00e7\u0131s\u0131n\u0131n yad\u0131na d\u0259f\u0259l\u0259rl\u0259 m\u00fcqavil\u0259ni salanda, h\u0259r d\u0259f\u0259 arxay\u0131n edirdi ki, \u201csiz i\u015finizi g\u00f6r\u00fcn, m\u00fcqavil\u0259 d\u0259 olacaq\u201d. 12 g\u00fcnd\u0259n sonra \u2013 iyulun 29-da n\u00f6vb\u0259ti d\u0259f\u0259 m\u00fcqavil\u0259 t\u0259l\u0259b ed\u0259nd\u0259 bildirdi ki, siz i\u015finizi bitirdiz. Yolda\u015f\u0131ma g\u00f6r\u00fcl\u0259n i\u015fin h\u0259r kvadratmetri \u00fc\u00e7\u00fcn 3 manatdan hesablay\u0131b ver\u0259nd\u0259 etiraz etdik, bildirdik ki, bu i\u015fin qiym\u0259ti bu q\u0259d\u0259r deyil. Mozaika da\u015flar\u0131 il\u0259 \u00fczl\u0259nm\u0259 i\u015fl\u0259ri 25-35 manat aras\u0131 qiym\u0259tl\u0259ndirilir. O is\u0259 \u201cya g\u00f6t\u00fcr\u00fcn, ya da he\u00e7 bunu da vermir\u0259m, \u00e7\u0131x\u0131n gedin\u201d,- deyib bizi qovdu. \u015eirk\u0259tin harda yerl\u0259\u015fdiyi bilinmir, he\u00e7 k\u0259s\u0259 d\u0259 demirl\u0259r. Bir n\u00f6mr\u0259 d\u0259 yoxdur ki, adam z\u0259ng vurub \u00fcr\u0259yini \u015firk\u0259t r\u0259hb\u0259rliyin\u0259 bo\u015falts\u0131n\u201d, &#8211; Raqib A\u011fayev deyir.<\/p>\n<p>  <b><br \/>\n    <i><br \/>\n      \u015eikay\u0259ti ara\u015fd\u0131r\u0131lmay\u0131b<br \/>\n    <\/i><br \/>\n  <\/b><\/p>\n<p>  Raqib A\u011fayev \u018fm\u0259k v\u0259 \u018fhalinin Sosial M\u00fcdafi\u0259si Nazirliyi yan\u0131nda D\u00f6vl\u0259t \u018fm\u0259k M\u00fcf\u0259tti\u015fliyin\u0259 v\u0259 Vergil\u0259r Nazirliyin\u0259 \u015fikay\u0259t edib. Onun \u015fikay\u0259ti ara\u015fd\u0131r\u0131lmas\u0131 4 sayl\u0131 region \u00fczr\u0259 D\u00f6vl\u0259t \u018fm\u0259k M\u00fcf\u0259tti\u015fliyin\u0259 g\u00f6nd\u0259rilib. Ancaq h\u0259min idar\u0259 v\u0259t\u0259nda\u015f\u0131n \u015fikay\u0259tini ara\u015fd\u0131rmay\u0131b:<\/p>\n<figure class=\"wp-block-image size-large\">\n  <img decoding=\"async\" src=\"https:\/\/www.meydan.tv\/az\/109609\/\" alt=\"\" class=\"wp-image-109609\"\/><figcaption><\/figcaption><\/figure>\n<p>\n  \u201c4 sayl\u0131 Regional \u0130dar\u0259d\u0259n m\u0259n\u0259 z\u0259ng g\u0259ldi. Z\u0259ng vuran \u015f\u0259xs bildirdi ki, yax\u015f\u0131s\u0131 budur \u015fikay\u0259tini geri g\u00f6t\u00fcr, yoxsa ba\u015f\u0131n a\u011fr\u0131yar. M\u0259n d\u0259 dedim, m\u0259nim vergim hesab\u0131na maa\u015f al\u0131rsan, ancaq x\u0259zin\u0259d\u0259n o\u011furluq ed\u0259ni m\u00fcdafi\u0259 edirs\u0259n\u201d. M\u0259cbur olub \u018fm\u0259k v\u0259 \u018fhalinin Sosial M\u00fcdafi\u0259si Nazirliyinin yan\u0131nda D\u00f6vl\u0259t \u018fm\u0259k M\u00fcf\u0259tti\u015fliyin\u0259 t\u0259krar \u015fikay\u0259t etdim. Bu d\u0259f\u0259 \u015fikay\u0259timi 13 sayl\u0131 Regional \u0130dar\u0259y\u0259 g\u00f6nd\u0259rdil\u0259r. H\u0259min idar\u0259 ismay\u0131ll\u0131da yerl\u0259\u015fir, m\u0259ni idar\u0259y\u0259 d\u0259v\u0259t edib izahat\u0131m\u0131 ald\u0131lar. H\u0259min i\u015f icra\u00e7\u0131s\u0131n\u0131 da \u00e7a\u011f\u0131rd\u0131lar. Orada m\u0259lum oldu ki, adam biz\u0259 ad\u0131n\u0131, soyad\u0131n\u0131 da d\u00fcz dem\u0259yibmi\u015f. Sahib H\u0259s\u0259nov yox, \u0259slind\u0259 Zaur K\u0259rimov imi\u015f. G\u0259lib izahat yazd\u0131 ki, h\u0259min \u015firk\u0259td\u0259 i\u015fl\u0259mir, he\u00e7 n\u0259d\u0259n x\u0259b\u0259ri yoxdur v\u0259 bizi tan\u0131m\u0131r. M\u0259lum oldu ki, s\u0259n dem\u0259, bu adam \u00f6z\u00fc d\u0259 h\u0259min \u015firk\u0259td\u0259 m\u00fcqavil\u0259siz i\u015fl\u0259yirmi\u015f\u201d.<\/p>\n<p>  <b><br \/>\n    <i><br \/>\n      Nazirin q\u0259bulunda olub<br \/>\n    <\/i><br \/>\n  <\/b><\/p>\n<p>  Sentyabr\u0131n 10-da Raqif A\u011fayev \u0259m\u0259k v\u0259 \u0259halinin sosial m\u00fcdafi\u0259si naziri Sahil Babayevin q\u0259bulunda olub:<\/p>\n<p>  \u201cNazir\u0259 bildirdim ki, orada i\u015fl\u0259y\u0259nl\u0259rin he\u00e7 biri il\u0259 m\u00fcqavil\u0259 ba\u011flanmam\u0131\u015fd\u0131. \u0130nsanlar\u0131n \u0259m\u0259yi istismar olunurdu, g\u00f6rd\u00fckl\u0259ri i\u015f qat-qat a\u015fa\u011f\u0131 m\u0131\u0259bl\u0259\u011fl\u0259rl\u0259 \u00f6d\u0259nilirdi. Bizi d\u0259 ona g\u00f6r\u0259 ordan qovdular ki, ba\u015fqalar\u0131na g\u00f6rk olsun, he\u00e7 k\u0259s \u0259m\u0259k h\u00fcququnu t\u0259l\u0259b etm\u0259sin. Nazir yan\u0131ndak\u0131 \u0259m\u0259kda\u015flara m\u0259s\u0259l\u0259ni ara\u015fd\u0131rma\u011f\u0131 tap\u015f\u0131rd\u0131, m\u0259n\u0259 is\u0259 bildirdi ki, \u0259vv\u0259lc\u0259 g\u0259r\u0259k orada i\u015fl\u0259diyini s\u00fcbut ed\u0259s\u0259n. D\u00fcz\u00fc, nazird\u0259n bu m\u00fcnasib\u0259ti g\u00f6zl\u0259mirdim. Ona bildirdim ki, he\u00e7 bir d\u0259li dem\u0259z ki, bu binan\u0131 m\u0259n tikmi\u015f\u0259m. M\u0259nim g\u00fcnl\u0259rl\u0259 orda divara mozaik da\u015flar d\u00fczm\u0259yimi h\u0259min \u0259razid\u0259 ya\u015fayanlar da g\u00f6r\u00fcrd\u00fc. \u015e\u0259xs\u0259n \u00f6z\u00fc gedib onlardan maraqlana bil\u0259r\u201d.<\/p>\n<p>  <b><br \/>\n    <i><br \/>\n      \u015eirk\u0259t Barat H\u0259s\u0259novundur?<br \/>\n    <\/i><br \/>\n  <\/b><\/p>\n<p>  \u201cTikinti T\u0259minat LTD\u201d MMC il\u0259 ba\u011fl\u0131 internet \u00fcz\u0259rind\u0259n apar\u0131lan axtar\u0131\u015flar n\u0259tic\u0259 verm\u0259yib. \u015eirk\u0259tin f\u0259aliyy\u0259ti, h\u00fcquqi \u00fcnvan\u0131 v\u0259 \u0259laq\u0259 saxlamaq \u00fc\u00e7\u00fcn h\u0259r hans\u0131 vasit\u0259 (telefon n\u00f6mr\u0259si) yoxdur.<\/p>\n<p>  \u015eamax\u0131 Rayon \u0130cra Hakimiyy\u0259tind\u0259n bildirilib ki, m\u0259s\u0259l\u0259ni ara\u015fd\u0131r\u0131b m\u0259lumat ver\u0259c\u0259kl\u0259r. \u201cTikinti T\u0259minat LTD\u201d MMC il\u0259 ba\u011fl\u0131 sual is\u0259 cavabs\u0131z qal\u0131b. Qurum i\u015f\u00e7isi Meydan TV-y\u0259 bildirib ki, icra ba\u015f\u00e7\u0131s\u0131 i\u015fd\u0259 deyil, rayon \u0259razisind\u0259 tikinti i\u015fl\u0259rinin hans\u0131 \u015firk\u0259t t\u0259r\u0259find\u0259n apar\u0131ld\u0131\u011f\u0131n\u0131 is\u0259 icra hakimiyy\u0259tind\u0259 bil\u0259n yoxdur.<\/p>\n<p>  \u0130ki il \u0259vv\u0259l<br \/>\n  <a href=\"\/admin\/articles\/%20https:\/azertag.az\/xeber\/Kulli_miqdarda_gomruk_odenislerinden_yayinan_Tikinti_Teminat_sirketi_istintaqa_celb_olunub-924039\"><br \/>\n    D\u00f6vl\u0259t G\u00f6mr\u00fck Komit\u0259si<br \/>\n  <\/a><br \/>\n  \u201cTikinti T\u0259minat LTD\u201d MMC-nin g\u00f6mr\u00fck \u00f6d\u0259ni\u015fl\u0259rind\u0259n yay\u0131nmas\u0131 bar\u0259d\u0259 m\u0259lumat yaym\u0131\u015fd\u0131.\n<\/p>\n<p>\n  \u00d6t\u0259n il is\u0259 bu \u015firk\u0259t<br \/>\n  <a href=\"http:\/\/www.metro.gov.az\/career\/article\/71\"><br \/>\n    \u201cBak\u0131 Metropoliteni\u201d<br \/>\n  <\/a><br \/>\n  stansiyalar\u0131nda havaland\u0131rma sisteminin yenid\u0259n qurulmas\u0131 i\u015fl\u0259ri \u00fczr\u0259 elan olunmu\u015f tenderin qalibi elan edilib.\n<\/p>\n<p>\n  \u015eamax\u0131da abadl\u0131q v\u0259 yenid\u0259nqurma i\u015fl\u0259ri ad\u0131 alt\u0131nda ke\u00e7iril\u0259n tikintil\u0259r d\u0259 bu \u015firk\u0259t\u0259 tap\u015f\u0131r\u0131l\u0131b. \u015eirk\u0259tin \u0259sl\u0259n \u015famax\u0131l\u0131 olan v\u0259 D\u00f6vl\u0259t Neft \u015eirk\u0259tinin t\u0259mir-tikinti idar\u0259sind\u0259 i\u015fl\u0259y\u0259n Barat H\u0259s\u0259nova m\u0259xsus oldu\u011fu bildirilir. Bir m\u00fcdd\u0259t \u0259vv\u0259l<br \/>\n  <a href=\"http:\/\/qafqazinfo.az\/news\/detail\/icra-hakimiyyetinde-vezife-qalmaqali-72622\"><br \/>\n    \u015eamax\u0131<br \/>\n  <\/a><br \/>\n  sakinl\u0259ri onunla ba\u011fl\u0131 m\u0259tbuata \u015fikay\u0259tl\u0259r etmi\u015fdil\u0259r. Bildirmi\u015fdil\u0259r ki, Barat H\u0259s\u0259nov \u015eamax\u0131n\u0131n \u0130cra Hakimiyy\u0259tinin ba\u015f\u00e7\u0131s\u0131 Asif A\u011fayev\u0259 yax\u0131n adamd\u0131r v\u0259 rayonu ba\u015f\u00e7\u0131 il\u0259 birlikd\u0259 idar\u0259 edir. Qarda\u015f\u0131 Ta\u011f\u0131 H\u0259s\u0259novsa \u015eamax\u0131 rayon Po\u00e7t \u0130dar\u0259sinin m\u00fcdiridir.\n<\/p>\n<p>\n  Meydan TV Barat H\u0259s\u0259novla \u0259laq\u0259 saxlaya bilm\u0259yib. \u018fm\u0259k M\u00fcf\u0259tti\u015fliyinin 13 sayl\u0131 Regional \u0130dar\u0259sind\u0259n bildirilib ki, haz\u0131rda \u015fikay\u0259tl\u0259 ba\u011fl\u0131 ara\u015fd\u0131rma apar\u0131l\u0131r. Buna g\u00f6r\u0259 d\u0259 m\u00fcnasib\u0259t bildir\u0259 bilm\u0259zl\u0259r.\n<\/p><\/p>\n","protected":false},"excerpt":{"rendered":"<p>Raqib A\u011fayev deyir, da\u015f hasarlara \u00fczl\u00fck vurub, \u0259m\u0259k h\u00fcquqlar\u0131n\u0131 t\u0259l\u0259b ed\u0259nd\u0259 i\u015fsiz qal\u0131b<\/p>\n","protected":false},"author":11,"featured_media":109606,"comment_status":"closed","ping_status":"open","sticky":false,"template":"","format":"standard","meta":{"_acf_changed":false,"_sitemap_exclude":false,"_sitemap_priority":"","_sitemap_frequency":"","footnotes":""},"categories":[60],"tags":[],"class_list":["post-191679","post","type-post","status-publish","format-standard","has-post-thumbnail","hentry","category-bolge","infinite-scroll-item","generate-columns","tablet-grid-50","mobile-grid-100","grid-parent","grid-33","no-featured-image-padding"],"acf":[],"yoast_head":"<!-- This site is optimized with the Yoast SEO plugin v27.4 - https:\/\/yoast.com\/product\/yoast-seo-wordpress\/ -->\n<title>F\u0259hl\u0259: &#039;&#039;\u018fm\u0259k m\u00fcqavil\u0259si t\u0259l\u0259b etdik, i\u015fd\u0259n qovdular&#039;&#039; - MEYDAN.TV<\/title>\n<meta name=\"robots\" content=\"index, follow, max-snippet:-1, max-image-preview:large, max-video-preview:-1\" \/>\n<link rel=\"canonical\" href=\"https:\/\/www.meydan.tv\/az\/article\/fehle-emek-muqavilesi-teleb-etdik-isden-qovdular\/\" \/>\n<meta property=\"og:locale\" content=\"az_AZ\" \/>\n<meta property=\"og:type\" content=\"article\" \/>\n<meta property=\"og:title\" content=\"F\u0259hl\u0259: &#039;&#039;\u018fm\u0259k m\u00fcqavil\u0259si t\u0259l\u0259b etdik, i\u015fd\u0259n qovdular&#039;&#039; - MEYDAN.TV\" \/>\n<meta property=\"og:description\" content=\"Raqib A\u011fayev deyir, da\u015f hasarlara \u00fczl\u00fck vurub, \u0259m\u0259k h\u00fcquqlar\u0131n\u0131 t\u0259l\u0259b ed\u0259nd\u0259 i\u015fsiz qal\u0131b\" \/>\n<meta property=\"og:url\" content=\"https:\/\/www.meydan.tv\/az\/article\/fehle-emek-muqavilesi-teleb-etdik-isden-qovdular\/\" \/>\n<meta property=\"og:site_name\" content=\"MEYDAN.TV\" \/>\n<meta property=\"article:published_time\" content=\"2018-09-15T20:54:34+00:00\" \/>\n<meta property=\"og:image\" content=\"https:\/\/www.meydan.tv\/wp-content\/uploads\/43585.jpg\" \/>\n\t<meta property=\"og:image:width\" content=\"972\" \/>\n\t<meta property=\"og:image:height\" content=\"1296\" \/>\n\t<meta property=\"og:image:type\" content=\"image\/jpeg\" \/>\n<meta name=\"author\" content=\"user-manager\" \/>\n<meta name=\"twitter:card\" content=\"summary_large_image\" \/>\n<script type=\"application\/ld+json\" class=\"yoast-schema-graph\">{\"@context\":\"https:\\\/\\\/schema.org\",\"@graph\":[{\"@type\":\"Article\",\"@id\":\"https:\\\/\\\/www.meydan.tv\\\/az\\\/article\\\/fehle-emek-muqavilesi-teleb-etdik-isden-qovdular\\\/#article\",\"isPartOf\":{\"@id\":\"https:\\\/\\\/www.meydan.tv\\\/az\\\/article\\\/fehle-emek-muqavilesi-teleb-etdik-isden-qovdular\\\/\"},\"author\":{\"name\":\"user-manager\",\"@id\":\"https:\\\/\\\/www.meydan.tv\\\/az\\\/#\\\/schema\\\/person\\\/10d11eccf6da3662cf5fdab9806ea91a\"},\"headline\":\"F\u0259hl\u0259: &#8221;\u018fm\u0259k m\u00fcqavil\u0259si t\u0259l\u0259b etdik, i\u015fd\u0259n qovdular&#8221;\",\"datePublished\":\"2018-09-15T20:54:34+00:00\",\"mainEntityOfPage\":{\"@id\":\"https:\\\/\\\/www.meydan.tv\\\/az\\\/article\\\/fehle-emek-muqavilesi-teleb-etdik-isden-qovdular\\\/\"},\"wordCount\":1239,\"publisher\":{\"@id\":\"https:\\\/\\\/www.meydan.tv\\\/az\\\/#organization\"},\"image\":{\"@id\":\"https:\\\/\\\/www.meydan.tv\\\/az\\\/article\\\/fehle-emek-muqavilesi-teleb-etdik-isden-qovdular\\\/#primaryimage\"},\"thumbnailUrl\":\"https:\\\/\\\/www.meydan.tv\\\/wp-content\\\/uploads\\\/43585.jpg\",\"articleSection\":[\"B\u00f6lg\u0259\"],\"inLanguage\":\"az\"},{\"@type\":\"WebPage\",\"@id\":\"https:\\\/\\\/www.meydan.tv\\\/az\\\/article\\\/fehle-emek-muqavilesi-teleb-etdik-isden-qovdular\\\/\",\"url\":\"https:\\\/\\\/www.meydan.tv\\\/az\\\/article\\\/fehle-emek-muqavilesi-teleb-etdik-isden-qovdular\\\/\",\"name\":\"F\u0259hl\u0259: ''\u018fm\u0259k m\u00fcqavil\u0259si t\u0259l\u0259b etdik, i\u015fd\u0259n qovdular'' - MEYDAN.TV\",\"isPartOf\":{\"@id\":\"https:\\\/\\\/www.meydan.tv\\\/az\\\/#website\"},\"primaryImageOfPage\":{\"@id\":\"https:\\\/\\\/www.meydan.tv\\\/az\\\/article\\\/fehle-emek-muqavilesi-teleb-etdik-isden-qovdular\\\/#primaryimage\"},\"image\":{\"@id\":\"https:\\\/\\\/www.meydan.tv\\\/az\\\/article\\\/fehle-emek-muqavilesi-teleb-etdik-isden-qovdular\\\/#primaryimage\"},\"thumbnailUrl\":\"https:\\\/\\\/www.meydan.tv\\\/wp-content\\\/uploads\\\/43585.jpg\",\"datePublished\":\"2018-09-15T20:54:34+00:00\",\"breadcrumb\":{\"@id\":\"https:\\\/\\\/www.meydan.tv\\\/az\\\/article\\\/fehle-emek-muqavilesi-teleb-etdik-isden-qovdular\\\/#breadcrumb\"},\"inLanguage\":\"az\",\"potentialAction\":[{\"@type\":\"ReadAction\",\"target\":[\"https:\\\/\\\/www.meydan.tv\\\/az\\\/article\\\/fehle-emek-muqavilesi-teleb-etdik-isden-qovdular\\\/\"]}]},{\"@type\":\"ImageObject\",\"inLanguage\":\"az\",\"@id\":\"https:\\\/\\\/www.meydan.tv\\\/az\\\/article\\\/fehle-emek-muqavilesi-teleb-etdik-isden-qovdular\\\/#primaryimage\",\"url\":\"https:\\\/\\\/www.meydan.tv\\\/wp-content\\\/uploads\\\/43585.jpg\",\"contentUrl\":\"https:\\\/\\\/www.meydan.tv\\\/wp-content\\\/uploads\\\/43585.jpg\",\"width\":972,\"height\":1296,\"caption\":\"Source:\"},{\"@type\":\"BreadcrumbList\",\"@id\":\"https:\\\/\\\/www.meydan.tv\\\/az\\\/article\\\/fehle-emek-muqavilesi-teleb-etdik-isden-qovdular\\\/#breadcrumb\",\"itemListElement\":[{\"@type\":\"ListItem\",\"position\":1,\"name\":\"Ana s\u0259hif\u0259\",\"item\":\"https:\\\/\\\/www.meydan.tv\\\/az\\\/\"},{\"@type\":\"ListItem\",\"position\":2,\"name\":\"B\u00f6lg\u0259\",\"item\":\"https:\\\/\\\/www.meydan.tv\\\/az\\\/section\\\/bolge\\\/\"},{\"@type\":\"ListItem\",\"position\":3,\"name\":\"F\u0259hl\u0259: &#8221;\u018fm\u0259k m\u00fcqavil\u0259si t\u0259l\u0259b etdik, i\u015fd\u0259n qovdular&#8221;\"}]},{\"@type\":\"WebSite\",\"@id\":\"https:\\\/\\\/www.meydan.tv\\\/az\\\/#website\",\"url\":\"https:\\\/\\\/www.meydan.tv\\\/az\\\/\",\"name\":\"MEYDAN.TV\",\"description\":\"Meydan TV Az\u0259rbaycan\u0131n media m\u0259kan\u0131ndak\u0131 alternativ s\u0259sidir\",\"publisher\":{\"@id\":\"https:\\\/\\\/www.meydan.tv\\\/az\\\/#organization\"},\"potentialAction\":[{\"@type\":\"SearchAction\",\"target\":{\"@type\":\"EntryPoint\",\"urlTemplate\":\"https:\\\/\\\/www.meydan.tv\\\/az\\\/?s={search_term_string}\"},\"query-input\":{\"@type\":\"PropertyValueSpecification\",\"valueRequired\":true,\"valueName\":\"search_term_string\"}}],\"inLanguage\":\"az\"},{\"@type\":\"Organization\",\"@id\":\"https:\\\/\\\/www.meydan.tv\\\/az\\\/#organization\",\"name\":\"Meydan TV\",\"url\":\"https:\\\/\\\/www.meydan.tv\\\/az\\\/\",\"logo\":{\"@type\":\"ImageObject\",\"inLanguage\":\"az\",\"@id\":\"https:\\\/\\\/www.meydan.tv\\\/az\\\/#\\\/schema\\\/logo\\\/image\\\/\",\"url\":\"https:\\\/\\\/www.meydan.tv\\\/wp-content\\\/uploads\\\/2021\\\/07\\\/meydan-logo.svg\",\"contentUrl\":\"https:\\\/\\\/www.meydan.tv\\\/wp-content\\\/uploads\\\/2021\\\/07\\\/meydan-logo.svg\",\"width\":195,\"height\":46,\"caption\":\"Meydan TV\"},\"image\":{\"@id\":\"https:\\\/\\\/www.meydan.tv\\\/az\\\/#\\\/schema\\\/logo\\\/image\\\/\"}},{\"@type\":\"Person\",\"@id\":\"https:\\\/\\\/www.meydan.tv\\\/az\\\/#\\\/schema\\\/person\\\/10d11eccf6da3662cf5fdab9806ea91a\",\"name\":\"user-manager\"}]}<\/script>\n<!-- \/ Yoast SEO plugin. -->","yoast_head_json":{"title":"F\u0259hl\u0259: ''\u018fm\u0259k m\u00fcqavil\u0259si t\u0259l\u0259b etdik, i\u015fd\u0259n qovdular'' - MEYDAN.TV","robots":{"index":"index","follow":"follow","max-snippet":"max-snippet:-1","max-image-preview":"max-image-preview:large","max-video-preview":"max-video-preview:-1"},"canonical":"https:\/\/www.meydan.tv\/az\/article\/fehle-emek-muqavilesi-teleb-etdik-isden-qovdular\/","og_locale":"az_AZ","og_type":"article","og_title":"F\u0259hl\u0259: ''\u018fm\u0259k m\u00fcqavil\u0259si t\u0259l\u0259b etdik, i\u015fd\u0259n qovdular'' - MEYDAN.TV","og_description":"Raqib A\u011fayev deyir, da\u015f hasarlara \u00fczl\u00fck vurub, \u0259m\u0259k h\u00fcquqlar\u0131n\u0131 t\u0259l\u0259b ed\u0259nd\u0259 i\u015fsiz qal\u0131b","og_url":"https:\/\/www.meydan.tv\/az\/article\/fehle-emek-muqavilesi-teleb-etdik-isden-qovdular\/","og_site_name":"MEYDAN.TV","article_published_time":"2018-09-15T20:54:34+00:00","og_image":[{"width":972,"height":1296,"url":"https:\/\/www.meydan.tv\/wp-content\/uploads\/43585.jpg","type":"image\/jpeg"}],"author":"user-manager","twitter_card":"summary_large_image","schema":{"@context":"https:\/\/schema.org","@graph":[{"@type":"Article","@id":"https:\/\/www.meydan.tv\/az\/article\/fehle-emek-muqavilesi-teleb-etdik-isden-qovdular\/#article","isPartOf":{"@id":"https:\/\/www.meydan.tv\/az\/article\/fehle-emek-muqavilesi-teleb-etdik-isden-qovdular\/"},"author":{"name":"user-manager","@id":"https:\/\/www.meydan.tv\/az\/#\/schema\/person\/10d11eccf6da3662cf5fdab9806ea91a"},"headline":"F\u0259hl\u0259: &#8221;\u018fm\u0259k m\u00fcqavil\u0259si t\u0259l\u0259b etdik, i\u015fd\u0259n qovdular&#8221;","datePublished":"2018-09-15T20:54:34+00:00","mainEntityOfPage":{"@id":"https:\/\/www.meydan.tv\/az\/article\/fehle-emek-muqavilesi-teleb-etdik-isden-qovdular\/"},"wordCount":1239,"publisher":{"@id":"https:\/\/www.meydan.tv\/az\/#organization"},"image":{"@id":"https:\/\/www.meydan.tv\/az\/article\/fehle-emek-muqavilesi-teleb-etdik-isden-qovdular\/#primaryimage"},"thumbnailUrl":"https:\/\/www.meydan.tv\/wp-content\/uploads\/43585.jpg","articleSection":["B\u00f6lg\u0259"],"inLanguage":"az"},{"@type":"WebPage","@id":"https:\/\/www.meydan.tv\/az\/article\/fehle-emek-muqavilesi-teleb-etdik-isden-qovdular\/","url":"https:\/\/www.meydan.tv\/az\/article\/fehle-emek-muqavilesi-teleb-etdik-isden-qovdular\/","name":"F\u0259hl\u0259: ''\u018fm\u0259k m\u00fcqavil\u0259si t\u0259l\u0259b etdik, i\u015fd\u0259n qovdular'' - MEYDAN.TV","isPartOf":{"@id":"https:\/\/www.meydan.tv\/az\/#website"},"primaryImageOfPage":{"@id":"https:\/\/www.meydan.tv\/az\/article\/fehle-emek-muqavilesi-teleb-etdik-isden-qovdular\/#primaryimage"},"image":{"@id":"https:\/\/www.meydan.tv\/az\/article\/fehle-emek-muqavilesi-teleb-etdik-isden-qovdular\/#primaryimage"},"thumbnailUrl":"https:\/\/www.meydan.tv\/wp-content\/uploads\/43585.jpg","datePublished":"2018-09-15T20:54:34+00:00","breadcrumb":{"@id":"https:\/\/www.meydan.tv\/az\/article\/fehle-emek-muqavilesi-teleb-etdik-isden-qovdular\/#breadcrumb"},"inLanguage":"az","potentialAction":[{"@type":"ReadAction","target":["https:\/\/www.meydan.tv\/az\/article\/fehle-emek-muqavilesi-teleb-etdik-isden-qovdular\/"]}]},{"@type":"ImageObject","inLanguage":"az","@id":"https:\/\/www.meydan.tv\/az\/article\/fehle-emek-muqavilesi-teleb-etdik-isden-qovdular\/#primaryimage","url":"https:\/\/www.meydan.tv\/wp-content\/uploads\/43585.jpg","contentUrl":"https:\/\/www.meydan.tv\/wp-content\/uploads\/43585.jpg","width":972,"height":1296,"caption":"Source:"},{"@type":"BreadcrumbList","@id":"https:\/\/www.meydan.tv\/az\/article\/fehle-emek-muqavilesi-teleb-etdik-isden-qovdular\/#breadcrumb","itemListElement":[{"@type":"ListItem","position":1,"name":"Ana s\u0259hif\u0259","item":"https:\/\/www.meydan.tv\/az\/"},{"@type":"ListItem","position":2,"name":"B\u00f6lg\u0259","item":"https:\/\/www.meydan.tv\/az\/section\/bolge\/"},{"@type":"ListItem","position":3,"name":"F\u0259hl\u0259: &#8221;\u018fm\u0259k m\u00fcqavil\u0259si t\u0259l\u0259b etdik, i\u015fd\u0259n qovdular&#8221;"}]},{"@type":"WebSite","@id":"https:\/\/www.meydan.tv\/az\/#website","url":"https:\/\/www.meydan.tv\/az\/","name":"MEYDAN.TV","description":"Meydan TV Az\u0259rbaycan\u0131n media m\u0259kan\u0131ndak\u0131 alternativ s\u0259sidir","publisher":{"@id":"https:\/\/www.meydan.tv\/az\/#organization"},"potentialAction":[{"@type":"SearchAction","target":{"@type":"EntryPoint","urlTemplate":"https:\/\/www.meydan.tv\/az\/?s={search_term_string}"},"query-input":{"@type":"PropertyValueSpecification","valueRequired":true,"valueName":"search_term_string"}}],"inLanguage":"az"},{"@type":"Organization","@id":"https:\/\/www.meydan.tv\/az\/#organization","name":"Meydan TV","url":"https:\/\/www.meydan.tv\/az\/","logo":{"@type":"ImageObject","inLanguage":"az","@id":"https:\/\/www.meydan.tv\/az\/#\/schema\/logo\/image\/","url":"https:\/\/www.meydan.tv\/wp-content\/uploads\/2021\/07\/meydan-logo.svg","contentUrl":"https:\/\/www.meydan.tv\/wp-content\/uploads\/2021\/07\/meydan-logo.svg","width":195,"height":46,"caption":"Meydan TV"},"image":{"@id":"https:\/\/www.meydan.tv\/az\/#\/schema\/logo\/image\/"}},{"@type":"Person","@id":"https:\/\/www.meydan.tv\/az\/#\/schema\/person\/10d11eccf6da3662cf5fdab9806ea91a","name":"user-manager"}]}},"_links":{"self":[{"href":"https:\/\/www.meydan.tv\/az\/wp-json\/wp\/v2\/posts\/191679","targetHints":{"allow":["GET"]}}],"collection":[{"href":"https:\/\/www.meydan.tv\/az\/wp-json\/wp\/v2\/posts"}],"about":[{"href":"https:\/\/www.meydan.tv\/az\/wp-json\/wp\/v2\/types\/post"}],"author":[{"embeddable":true,"href":"https:\/\/www.meydan.tv\/az\/wp-json\/wp\/v2\/users\/11"}],"replies":[{"embeddable":true,"href":"https:\/\/www.meydan.tv\/az\/wp-json\/wp\/v2\/comments?post=191679"}],"version-history":[{"count":0,"href":"https:\/\/www.meydan.tv\/az\/wp-json\/wp\/v2\/posts\/191679\/revisions"}],"wp:featuredmedia":[{"embeddable":true,"href":"https:\/\/www.meydan.tv\/az\/wp-json\/wp\/v2\/media\/109606"}],"wp:attachment":[{"href":"https:\/\/www.meydan.tv\/az\/wp-json\/wp\/v2\/media?parent=191679"}],"wp:term":[{"taxonomy":"category","embeddable":true,"href":"https:\/\/www.meydan.tv\/az\/wp-json\/wp\/v2\/categories?post=191679"},{"taxonomy":"post_tag","embeddable":true,"href":"https:\/\/www.meydan.tv\/az\/wp-json\/wp\/v2\/tags?post=191679"}],"curies":[{"name":"wp","href":"https:\/\/api.w.org\/{rel}","templated":true}]}}