{"id":191678,"date":"2018-09-15T20:37:46","date_gmt":"2018-09-15T20:37:46","guid":{"rendered":"https:\/\/www.meydan.tv\/article\/lerik-sakinleri-prezidentin-acilisina-gedeceyi-yol-siyahidan-cixarilib\/"},"modified":"2018-09-15T20:37:46","modified_gmt":"2018-09-15T20:37:46","slug":"lerik-sakinleri-prezidentin-acilisina-gedeceyi-yol-siyahidan-cixarilib","status":"publish","type":"post","link":"https:\/\/www.meydan.tv\/az\/article\/lerik-sakinleri-prezidentin-acilisina-gedeceyi-yol-siyahidan-cixarilib\/","title":{"rendered":"Lerik sakinl\u0259ri: \u201cPrezidentin a\u00e7\u0131l\u0131\u015f\u0131na ged\u0259c\u0259yi yol siyah\u0131dan \u00e7\u0131xar\u0131l\u0131b"},"content":{"rendered":"<figure class=\"wp-block-image size-large\">\n  <img decoding=\"async\" src=\"https:\/\/www.meydan.tv\/az\/109579\/\" alt=\"\" class=\"wp-image-109579\"\/><figcaption><\/figcaption><\/figure>\n<p>\n  <i><br \/>\n    Yolun \u00e7\u0259kili\u015fin\u0259 indiy\u0259d\u0259k 16,6 milyon v\u0259sait ayr\u0131l\u0131b<br \/>\n  <\/i>\n<\/p>\n<p>\n  Sentyabrda \u00f6lk\u0259 ba\u015f\u00e7\u0131s\u0131 \u0130lham \u018fliyevin Lerik rayonuna s\u0259f\u0259ri g\u00f6zl\u0259nilir. S\u0259f\u0259r zaman\u0131 \u00f6lk\u0259 ba\u015f\u00e7\u0131s\u0131n\u0131n bir s\u0131ra obyektl\u0259rin a\u00e7\u0131l\u0131\u015f\u0131nda i\u015ftirak\u0131 n\u0259z\u0259rd\u0259 tutulub. Amma 16.6 milyon manata ba\u015fa g\u0259l\u0259n v\u0259 a\u00e7\u0131l\u0131\u015f\u0131 olmadan da\u011f\u0131ld\u0131\u011f\u0131 iddia olunan Noda-\u015eing\u0259dulan-Xanagah yolu r\u0259smi a\u00e7\u0131l\u0131\u015f siyah\u0131s\u0131ndan \u00e7\u0131xar\u0131l\u0131b.\n<\/p>\n<p>\n  Bunu Lerik rayon sakinl\u0259ri Meydan TV-y\u0259 deyibl\u0259r.\n<\/p>\n<p>\n  Onlar\u0131n s\u00f6zl\u0259rin\u0259 g\u00f6r\u0259, art\u0131q prezidentin sentyabr ay\u0131nda g\u00f6zl\u0259nil\u0259n s\u0259f\u0259ri il\u0259 ba\u011fl\u0131 haz\u0131rl\u0131q i\u015fl\u0259ri g\u00f6r\u00fcl\u00fcr.\n<\/p>\n<p>\n  \u0130lham \u018fliyevin s\u0259f\u0259rind\u0259n \u00f6nc\u0259 Prezident Adminstrasiyas\u0131ndan g\u0259l\u0259n komissiya r\u0259smi a\u00e7\u0131l\u0131\u015fa sal\u0131nan obyektl\u0259r\u0259 d\u0259 ba\u015f \u00e7\u0259kib v\u0259 da\u011f\u0131lm\u0131\u015f<br \/>\n  <a href=\"http:\/\/toplum.tv\/az\/prezidentin-hele-acilisini-etmediyi-yol-daildi-fotolar\/#.W5y2D84zbIU\"><br \/>\n    Noda-\u015eing\u0259dulan-Xanagah<br \/>\n  <\/a><br \/>\n  yolu r\u0259smi a\u00e7\u0131l\u0131\u015f siyah\u0131s\u0131ndan \u00e7\u0131xar\u0131l\u0131b, \u00e7\u00fcnki yol tamam s\u0131radan \u00e7\u0131x\u0131b, b\u0259rpa i\u015fl\u0259ri d\u0259 n\u0259tic\u0259 verm\u0259yib.\n<\/p>\n<p>\n  Bu yolun \u0259v\u0259zin\u0259 is\u0259 2018-ci ild\u0259 yenid\u0259n qurulmas\u0131 \u00fc\u00e7\u00fcn v\u0259sait ayr\u0131lan Piran\u2013Hamarat\u2013Vjaker avtomobil yolunun bir hiss\u0259si r\u0259smi a\u00e7\u0131l\u0131\u015f protokoluna sal\u0131n\u0131b.\n<\/p>\n<figure class=\"wp-block-image size-large\">\n  <img decoding=\"async\" src=\"https:\/\/www.meydan.tv\/az\/109576\/\" alt=\"\" class=\"wp-image-109576\"\/><figcaption><\/figcaption><\/figure>\n<p>\n  \u201cYol yoxdur. Bak\u0131dan g\u0259l\u0259n n\u00fcmay\u0259nd\u0259l\u0259r deyibl\u0259r ki, prezident\u0259 buran\u0131 g\u00f6st\u0259rm\u0259k olmaz. Burada yol yoxdur. 16 milyon manat hara x\u0259rcl\u0259nib? Bu yolu b\u0259rpa etm\u0259k \u00fc\u00e7\u00fcn yenid\u0259n 10 milyon manat v\u0259sait laz\u0131md\u0131r\u201d, &#8211; ad\u0131n\u0131n a\u00e7\u0131qlanmas\u0131ndan \u00e7\u0259kin\u0259n sakinl\u0259r deyir.\n<\/p>\n<p>\n  30 min n\u0259f\u0259r \u0259halinin ya\u015fad\u0131\u011f\u0131 v\u0259 50 ya\u015fay\u0131\u015f m\u0259nt\u0259q\u0259sini birl\u0259\u015fdir\u0259n 36 km-lik Noda-\u015eing\u0259dulan-Xanagah avtomobil yolunun tikintisin\u0259 \u00fc\u00e7 d\u0259f\u0259 v\u0259sait ayr\u0131l\u0131b.\n<\/p>\n<p>\n  Bel\u0259 ki, ilk d\u0259f\u0259 prezident \u0130lham \u018fliyevin 14 sentyabr 2013-c\u00fc il tarixli<br \/>\n  <a href=\"https:\/\/president.az\/articles\/9323\"><br \/>\n    S\u0259r\u0259ncam<br \/>\n  <\/a><br \/>\n  \u0131 il\u0259 2 milyon manat, 19 avqust 2014-c\u00fc il tarixli<br \/>\n  <a href=\"https:\/\/president.az\/articles\/12654\"><br \/>\n    S\u0259r\u0259ncam<br \/>\n  <\/a><br \/>\n  \u0131 il\u0259 is\u0259 yolun tikintisin\u0259 \u0259lav\u0259 olaraq, 7 milyon manat v\u0259sait Lerik Rayon \u0130cra Hakimiyy\u0259tin\u0259 ayr\u0131l\u0131b.\n<\/p>\n<figure class=\"wp-block-image size-large\">\n  <img decoding=\"async\" src=\"https:\/\/www.meydan.tv\/az\/109582\/\" alt=\"\" class=\"wp-image-109582\"\/><figcaption><\/figcaption><\/figure>\n<p>\n  Amma bu d\u0259f\u0259 d\u0259 yolun tikintisi ba\u015fa \u00e7atmay\u0131b. Yol Noda k\u0259ndind\u0259n A\u011f\u00e7ay k\u0259ndin\u0259 q\u0259d\u0259r \u00e7\u0259kilib v\u0259 dayand\u0131r\u0131l\u0131b.\n<\/p>\n<p>\n  1 noyabr 2016-c\u0131 il tarixd\u0259 \u00fc\u00e7\u00fcnc\u00fc d\u0259f\u0259 Prezidentin n\u00f6vb\u0259ti s\u0259r\u0259ncam\u0131 il\u0259 Noda-\u015eing\u0259dulan-Xan\u0259gah avtomobil yolunun tikintisinin ba\u015fa \u00e7atd\u0131r\u0131lmas\u0131 m\u0259qs\u0259di il\u0259 Az\u0259rbaycan Respublikas\u0131n\u0131n 2016-c\u0131 il d\u00f6vl\u0259t<br \/>\n  <a href=\"https:\/\/president.az\/articles\/21575\"><br \/>\n    b\u00fcdc\u0259si<br \/>\n  <\/a><br \/>\n  nd\u0259 \u201cAvtomobil Yollar\u0131\u201d M\u0259qs\u0259dli B\u00fcdc\u0259 Fondunda n\u0259z\u0259rd\u0259 tutulmu\u015f v\u0259saitd\u0259n 6,6 milyon manat ayr\u0131l\u0131b.\n<\/p>\n<p>\n  \u00dcmumilikd\u0259 is\u0259 yolun tikintisin\u0259 16.6 milyon manat v\u0259sait ayr\u0131l\u0131b. Layih\u0259y\u0259 \u0259sas\u0259n 2013-c\u00fc ild\u0259n tikintisin\u0259 ba\u015flan\u0131lm\u0131\u015f yol torpaq yata\u011f\u0131 10 metr, eni 6 metr ikizolaql\u0131 asfalt \u2013 beton qar\u0131\u015f\u0131\u011f\u0131ndan tikilm\u0259li, 2017-ci ild\u0259 is\u0259 t\u0259hvil verilm\u0259li idi.\n<\/p>\n<figure class=\"wp-block-image size-large\">\n  <img decoding=\"async\" src=\"https:\/\/www.meydan.tv\/az\/109585\/\" alt=\"\" class=\"wp-image-109585\"\/><figcaption><\/figcaption><\/figure>\n<p>\n  Yolun tikintisini is\u0259 indiy\u0259 q\u0259d\u0259r \u0130cra Hakimiyy\u0259tinin sifari\u015fi il\u0259 Almaniyan\u0131n \u201cVertgen\u201d \u015firk\u0259tinin Az\u0259rbaycan \u00fczr\u0259 t\u0259msil\u00e7isi kimi t\u0259qdim edil\u0259n \u201cYoltikintin\u0259qliyyatservis\u201d MMC h\u0259yata ke\u00e7irib.\n<\/p>\n<p>\n  \u201cYoltikintin\u0259qliyyatservis\u201d MMC 2007-ci ild\u0259 Vergil\u0259r Nazirliyind\u0259 qeydiyyatdan ke\u00e7ib. MMC-in t\u0259sis\u00e7isi Fuad \u0130brahim o\u011flu Muxtarzad\u0259dir.\n<\/p>\n<p>\n  \u015eirk\u0259t c\u0259nub b\u00f6lg\u0259sind\u0259 yol \u00e7\u0259kili\u015find\u0259 aktiv i\u015ftirak edir, bir ne\u00e7\u0259 d\u0259f\u0259 tenderi udub.\n<\/p>\n<p>\n  \u0130cra ba\u015f\u00e7\u0131s\u0131n\u0131n m\u00fcavini Habil M\u0259likov Meydan TV-y\u0259 yolun r\u0259smi a\u00e7\u0131l\u0131\u015f\u0131n\u0131n olmayaca\u011f\u0131n\u0131 t\u0259sdiql\u0259yib.\n<\/p>\n<p>\n  \u201cYolun in\u015faat\u0131 tam yekunla\u015fmay\u0131b. M\u00fc\u0259yy\u0259n probleml\u0259r var. Bizd\u0259 bir ne\u00e7\u0259 yol var: k\u0259nd ara yollar\u0131, 36 kilometrlik Noda-\u015eing\u0259dulan-Xanagah v\u0259 Piran\u2013Hamarat\u2013Vjaker avtomobil yolu. \u0130ki yol a\u00e7\u0131l\u0131\u015fa haz\u0131rd\u0131r, amma Noda-\u015eing\u0259dulan-Xanagah yolu h\u0259l\u0259 haz\u0131r deyil. Ona g\u00f6r\u0259 d\u0259 prezidentin s\u0259f\u0259ri zaman\u0131 bu yolun a\u00e7\u0131l\u0131\u015f\u0131 olmayacaq. T\u0259bii f\u0259lak\u0259tl\u0259r zaman\u0131 o yolda probleml\u0259r yaran\u0131b, haz\u0131rda i\u015f gedir\u201d, &#8211; M\u0259likov bildirib.\n<\/p><\/p>\n","protected":false},"excerpt":{"rendered":"<p>Yolun \u00e7\u0259kili\u015fin\u0259 indiy\u0259d\u0259k 16,6 milyon v\u0259sait ayr\u0131l\u0131b<\/p>\n","protected":false},"author":11,"featured_media":109579,"comment_status":"closed","ping_status":"open","sticky":false,"template":"","format":"standard","meta":{"_acf_changed":false,"_sitemap_exclude":false,"_sitemap_priority":"","_sitemap_frequency":"","footnotes":""},"categories":[60],"tags":[],"class_list":["post-191678","post","type-post","status-publish","format-standard","has-post-thumbnail","hentry","category-bolge","infinite-scroll-item","generate-columns","tablet-grid-50","mobile-grid-100","grid-parent","grid-33","no-featured-image-padding"],"acf":[],"yoast_head":"<!-- This site is optimized with the Yoast SEO plugin v27.4 - https:\/\/yoast.com\/product\/yoast-seo-wordpress\/ -->\n<title>Lerik sakinl\u0259ri: \u201cPrezidentin a\u00e7\u0131l\u0131\u015f\u0131na ged\u0259c\u0259yi yol siyah\u0131dan \u00e7\u0131xar\u0131l\u0131b - MEYDAN.TV<\/title>\n<meta name=\"robots\" content=\"index, follow, max-snippet:-1, max-image-preview:large, max-video-preview:-1\" \/>\n<link rel=\"canonical\" href=\"https:\/\/www.meydan.tv\/az\/article\/lerik-sakinleri-prezidentin-acilisina-gedeceyi-yol-siyahidan-cixarilib\/\" \/>\n<meta property=\"og:locale\" content=\"az_AZ\" \/>\n<meta property=\"og:type\" content=\"article\" \/>\n<meta property=\"og:title\" content=\"Lerik sakinl\u0259ri: \u201cPrezidentin a\u00e7\u0131l\u0131\u015f\u0131na ged\u0259c\u0259yi yol siyah\u0131dan \u00e7\u0131xar\u0131l\u0131b - MEYDAN.TV\" \/>\n<meta property=\"og:description\" content=\"Yolun \u00e7\u0259kili\u015fin\u0259 indiy\u0259d\u0259k 16,6 milyon v\u0259sait ayr\u0131l\u0131b\" \/>\n<meta property=\"og:url\" content=\"https:\/\/www.meydan.tv\/az\/article\/lerik-sakinleri-prezidentin-acilisina-gedeceyi-yol-siyahidan-cixarilib\/\" \/>\n<meta property=\"og:site_name\" content=\"MEYDAN.TV\" \/>\n<meta property=\"article:published_time\" content=\"2018-09-15T20:37:46+00:00\" \/>\n<meta property=\"og:image\" content=\"https:\/\/www.meydan.tv\/wp-content\/uploads\/43580.jpg\" \/>\n\t<meta property=\"og:image:width\" content=\"720\" \/>\n\t<meta property=\"og:image:height\" content=\"470\" \/>\n\t<meta property=\"og:image:type\" content=\"image\/jpeg\" \/>\n<meta name=\"author\" content=\"user-manager\" \/>\n<meta name=\"twitter:card\" content=\"summary_large_image\" \/>\n<script type=\"application\/ld+json\" class=\"yoast-schema-graph\">{\"@context\":\"https:\\\/\\\/schema.org\",\"@graph\":[{\"@type\":\"Article\",\"@id\":\"https:\\\/\\\/www.meydan.tv\\\/az\\\/article\\\/lerik-sakinleri-prezidentin-acilisina-gedeceyi-yol-siyahidan-cixarilib\\\/#article\",\"isPartOf\":{\"@id\":\"https:\\\/\\\/www.meydan.tv\\\/az\\\/article\\\/lerik-sakinleri-prezidentin-acilisina-gedeceyi-yol-siyahidan-cixarilib\\\/\"},\"author\":{\"name\":\"user-manager\",\"@id\":\"https:\\\/\\\/www.meydan.tv\\\/az\\\/#\\\/schema\\\/person\\\/10d11eccf6da3662cf5fdab9806ea91a\"},\"headline\":\"Lerik sakinl\u0259ri: \u201cPrezidentin a\u00e7\u0131l\u0131\u015f\u0131na ged\u0259c\u0259yi yol siyah\u0131dan \u00e7\u0131xar\u0131l\u0131b\",\"datePublished\":\"2018-09-15T20:37:46+00:00\",\"mainEntityOfPage\":{\"@id\":\"https:\\\/\\\/www.meydan.tv\\\/az\\\/article\\\/lerik-sakinleri-prezidentin-acilisina-gedeceyi-yol-siyahidan-cixarilib\\\/\"},\"wordCount\":684,\"publisher\":{\"@id\":\"https:\\\/\\\/www.meydan.tv\\\/az\\\/#organization\"},\"image\":{\"@id\":\"https:\\\/\\\/www.meydan.tv\\\/az\\\/article\\\/lerik-sakinleri-prezidentin-acilisina-gedeceyi-yol-siyahidan-cixarilib\\\/#primaryimage\"},\"thumbnailUrl\":\"https:\\\/\\\/www.meydan.tv\\\/wp-content\\\/uploads\\\/43580.jpg\",\"articleSection\":[\"B\u00f6lg\u0259\"],\"inLanguage\":\"az\"},{\"@type\":\"WebPage\",\"@id\":\"https:\\\/\\\/www.meydan.tv\\\/az\\\/article\\\/lerik-sakinleri-prezidentin-acilisina-gedeceyi-yol-siyahidan-cixarilib\\\/\",\"url\":\"https:\\\/\\\/www.meydan.tv\\\/az\\\/article\\\/lerik-sakinleri-prezidentin-acilisina-gedeceyi-yol-siyahidan-cixarilib\\\/\",\"name\":\"Lerik sakinl\u0259ri: \u201cPrezidentin a\u00e7\u0131l\u0131\u015f\u0131na ged\u0259c\u0259yi yol siyah\u0131dan \u00e7\u0131xar\u0131l\u0131b - MEYDAN.TV\",\"isPartOf\":{\"@id\":\"https:\\\/\\\/www.meydan.tv\\\/az\\\/#website\"},\"primaryImageOfPage\":{\"@id\":\"https:\\\/\\\/www.meydan.tv\\\/az\\\/article\\\/lerik-sakinleri-prezidentin-acilisina-gedeceyi-yol-siyahidan-cixarilib\\\/#primaryimage\"},\"image\":{\"@id\":\"https:\\\/\\\/www.meydan.tv\\\/az\\\/article\\\/lerik-sakinleri-prezidentin-acilisina-gedeceyi-yol-siyahidan-cixarilib\\\/#primaryimage\"},\"thumbnailUrl\":\"https:\\\/\\\/www.meydan.tv\\\/wp-content\\\/uploads\\\/43580.jpg\",\"datePublished\":\"2018-09-15T20:37:46+00:00\",\"breadcrumb\":{\"@id\":\"https:\\\/\\\/www.meydan.tv\\\/az\\\/article\\\/lerik-sakinleri-prezidentin-acilisina-gedeceyi-yol-siyahidan-cixarilib\\\/#breadcrumb\"},\"inLanguage\":\"az\",\"potentialAction\":[{\"@type\":\"ReadAction\",\"target\":[\"https:\\\/\\\/www.meydan.tv\\\/az\\\/article\\\/lerik-sakinleri-prezidentin-acilisina-gedeceyi-yol-siyahidan-cixarilib\\\/\"]}]},{\"@type\":\"ImageObject\",\"inLanguage\":\"az\",\"@id\":\"https:\\\/\\\/www.meydan.tv\\\/az\\\/article\\\/lerik-sakinleri-prezidentin-acilisina-gedeceyi-yol-siyahidan-cixarilib\\\/#primaryimage\",\"url\":\"https:\\\/\\\/www.meydan.tv\\\/wp-content\\\/uploads\\\/43580.jpg\",\"contentUrl\":\"https:\\\/\\\/www.meydan.tv\\\/wp-content\\\/uploads\\\/43580.jpg\",\"width\":720,\"height\":470,\"caption\":\"Source:\"},{\"@type\":\"BreadcrumbList\",\"@id\":\"https:\\\/\\\/www.meydan.tv\\\/az\\\/article\\\/lerik-sakinleri-prezidentin-acilisina-gedeceyi-yol-siyahidan-cixarilib\\\/#breadcrumb\",\"itemListElement\":[{\"@type\":\"ListItem\",\"position\":1,\"name\":\"Ana s\u0259hif\u0259\",\"item\":\"https:\\\/\\\/www.meydan.tv\\\/az\\\/\"},{\"@type\":\"ListItem\",\"position\":2,\"name\":\"B\u00f6lg\u0259\",\"item\":\"https:\\\/\\\/www.meydan.tv\\\/az\\\/section\\\/bolge\\\/\"},{\"@type\":\"ListItem\",\"position\":3,\"name\":\"Lerik sakinl\u0259ri: \u201cPrezidentin a\u00e7\u0131l\u0131\u015f\u0131na ged\u0259c\u0259yi yol siyah\u0131dan \u00e7\u0131xar\u0131l\u0131b\"}]},{\"@type\":\"WebSite\",\"@id\":\"https:\\\/\\\/www.meydan.tv\\\/az\\\/#website\",\"url\":\"https:\\\/\\\/www.meydan.tv\\\/az\\\/\",\"name\":\"MEYDAN.TV\",\"description\":\"Meydan TV Az\u0259rbaycan\u0131n media m\u0259kan\u0131ndak\u0131 alternativ s\u0259sidir\",\"publisher\":{\"@id\":\"https:\\\/\\\/www.meydan.tv\\\/az\\\/#organization\"},\"potentialAction\":[{\"@type\":\"SearchAction\",\"target\":{\"@type\":\"EntryPoint\",\"urlTemplate\":\"https:\\\/\\\/www.meydan.tv\\\/az\\\/?s={search_term_string}\"},\"query-input\":{\"@type\":\"PropertyValueSpecification\",\"valueRequired\":true,\"valueName\":\"search_term_string\"}}],\"inLanguage\":\"az\"},{\"@type\":\"Organization\",\"@id\":\"https:\\\/\\\/www.meydan.tv\\\/az\\\/#organization\",\"name\":\"Meydan TV\",\"url\":\"https:\\\/\\\/www.meydan.tv\\\/az\\\/\",\"logo\":{\"@type\":\"ImageObject\",\"inLanguage\":\"az\",\"@id\":\"https:\\\/\\\/www.meydan.tv\\\/az\\\/#\\\/schema\\\/logo\\\/image\\\/\",\"url\":\"https:\\\/\\\/www.meydan.tv\\\/wp-content\\\/uploads\\\/2021\\\/07\\\/meydan-logo.svg\",\"contentUrl\":\"https:\\\/\\\/www.meydan.tv\\\/wp-content\\\/uploads\\\/2021\\\/07\\\/meydan-logo.svg\",\"width\":195,\"height\":46,\"caption\":\"Meydan TV\"},\"image\":{\"@id\":\"https:\\\/\\\/www.meydan.tv\\\/az\\\/#\\\/schema\\\/logo\\\/image\\\/\"}},{\"@type\":\"Person\",\"@id\":\"https:\\\/\\\/www.meydan.tv\\\/az\\\/#\\\/schema\\\/person\\\/10d11eccf6da3662cf5fdab9806ea91a\",\"name\":\"user-manager\"}]}<\/script>\n<!-- \/ Yoast SEO plugin. -->","yoast_head_json":{"title":"Lerik sakinl\u0259ri: \u201cPrezidentin a\u00e7\u0131l\u0131\u015f\u0131na ged\u0259c\u0259yi yol siyah\u0131dan \u00e7\u0131xar\u0131l\u0131b - MEYDAN.TV","robots":{"index":"index","follow":"follow","max-snippet":"max-snippet:-1","max-image-preview":"max-image-preview:large","max-video-preview":"max-video-preview:-1"},"canonical":"https:\/\/www.meydan.tv\/az\/article\/lerik-sakinleri-prezidentin-acilisina-gedeceyi-yol-siyahidan-cixarilib\/","og_locale":"az_AZ","og_type":"article","og_title":"Lerik sakinl\u0259ri: \u201cPrezidentin a\u00e7\u0131l\u0131\u015f\u0131na ged\u0259c\u0259yi yol siyah\u0131dan \u00e7\u0131xar\u0131l\u0131b - MEYDAN.TV","og_description":"Yolun \u00e7\u0259kili\u015fin\u0259 indiy\u0259d\u0259k 16,6 milyon v\u0259sait ayr\u0131l\u0131b","og_url":"https:\/\/www.meydan.tv\/az\/article\/lerik-sakinleri-prezidentin-acilisina-gedeceyi-yol-siyahidan-cixarilib\/","og_site_name":"MEYDAN.TV","article_published_time":"2018-09-15T20:37:46+00:00","og_image":[{"width":720,"height":470,"url":"https:\/\/www.meydan.tv\/wp-content\/uploads\/43580.jpg","type":"image\/jpeg"}],"author":"user-manager","twitter_card":"summary_large_image","schema":{"@context":"https:\/\/schema.org","@graph":[{"@type":"Article","@id":"https:\/\/www.meydan.tv\/az\/article\/lerik-sakinleri-prezidentin-acilisina-gedeceyi-yol-siyahidan-cixarilib\/#article","isPartOf":{"@id":"https:\/\/www.meydan.tv\/az\/article\/lerik-sakinleri-prezidentin-acilisina-gedeceyi-yol-siyahidan-cixarilib\/"},"author":{"name":"user-manager","@id":"https:\/\/www.meydan.tv\/az\/#\/schema\/person\/10d11eccf6da3662cf5fdab9806ea91a"},"headline":"Lerik sakinl\u0259ri: \u201cPrezidentin a\u00e7\u0131l\u0131\u015f\u0131na ged\u0259c\u0259yi yol siyah\u0131dan \u00e7\u0131xar\u0131l\u0131b","datePublished":"2018-09-15T20:37:46+00:00","mainEntityOfPage":{"@id":"https:\/\/www.meydan.tv\/az\/article\/lerik-sakinleri-prezidentin-acilisina-gedeceyi-yol-siyahidan-cixarilib\/"},"wordCount":684,"publisher":{"@id":"https:\/\/www.meydan.tv\/az\/#organization"},"image":{"@id":"https:\/\/www.meydan.tv\/az\/article\/lerik-sakinleri-prezidentin-acilisina-gedeceyi-yol-siyahidan-cixarilib\/#primaryimage"},"thumbnailUrl":"https:\/\/www.meydan.tv\/wp-content\/uploads\/43580.jpg","articleSection":["B\u00f6lg\u0259"],"inLanguage":"az"},{"@type":"WebPage","@id":"https:\/\/www.meydan.tv\/az\/article\/lerik-sakinleri-prezidentin-acilisina-gedeceyi-yol-siyahidan-cixarilib\/","url":"https:\/\/www.meydan.tv\/az\/article\/lerik-sakinleri-prezidentin-acilisina-gedeceyi-yol-siyahidan-cixarilib\/","name":"Lerik sakinl\u0259ri: \u201cPrezidentin a\u00e7\u0131l\u0131\u015f\u0131na ged\u0259c\u0259yi yol siyah\u0131dan \u00e7\u0131xar\u0131l\u0131b - MEYDAN.TV","isPartOf":{"@id":"https:\/\/www.meydan.tv\/az\/#website"},"primaryImageOfPage":{"@id":"https:\/\/www.meydan.tv\/az\/article\/lerik-sakinleri-prezidentin-acilisina-gedeceyi-yol-siyahidan-cixarilib\/#primaryimage"},"image":{"@id":"https:\/\/www.meydan.tv\/az\/article\/lerik-sakinleri-prezidentin-acilisina-gedeceyi-yol-siyahidan-cixarilib\/#primaryimage"},"thumbnailUrl":"https:\/\/www.meydan.tv\/wp-content\/uploads\/43580.jpg","datePublished":"2018-09-15T20:37:46+00:00","breadcrumb":{"@id":"https:\/\/www.meydan.tv\/az\/article\/lerik-sakinleri-prezidentin-acilisina-gedeceyi-yol-siyahidan-cixarilib\/#breadcrumb"},"inLanguage":"az","potentialAction":[{"@type":"ReadAction","target":["https:\/\/www.meydan.tv\/az\/article\/lerik-sakinleri-prezidentin-acilisina-gedeceyi-yol-siyahidan-cixarilib\/"]}]},{"@type":"ImageObject","inLanguage":"az","@id":"https:\/\/www.meydan.tv\/az\/article\/lerik-sakinleri-prezidentin-acilisina-gedeceyi-yol-siyahidan-cixarilib\/#primaryimage","url":"https:\/\/www.meydan.tv\/wp-content\/uploads\/43580.jpg","contentUrl":"https:\/\/www.meydan.tv\/wp-content\/uploads\/43580.jpg","width":720,"height":470,"caption":"Source:"},{"@type":"BreadcrumbList","@id":"https:\/\/www.meydan.tv\/az\/article\/lerik-sakinleri-prezidentin-acilisina-gedeceyi-yol-siyahidan-cixarilib\/#breadcrumb","itemListElement":[{"@type":"ListItem","position":1,"name":"Ana s\u0259hif\u0259","item":"https:\/\/www.meydan.tv\/az\/"},{"@type":"ListItem","position":2,"name":"B\u00f6lg\u0259","item":"https:\/\/www.meydan.tv\/az\/section\/bolge\/"},{"@type":"ListItem","position":3,"name":"Lerik sakinl\u0259ri: \u201cPrezidentin a\u00e7\u0131l\u0131\u015f\u0131na ged\u0259c\u0259yi yol siyah\u0131dan \u00e7\u0131xar\u0131l\u0131b"}]},{"@type":"WebSite","@id":"https:\/\/www.meydan.tv\/az\/#website","url":"https:\/\/www.meydan.tv\/az\/","name":"MEYDAN.TV","description":"Meydan TV Az\u0259rbaycan\u0131n media m\u0259kan\u0131ndak\u0131 alternativ s\u0259sidir","publisher":{"@id":"https:\/\/www.meydan.tv\/az\/#organization"},"potentialAction":[{"@type":"SearchAction","target":{"@type":"EntryPoint","urlTemplate":"https:\/\/www.meydan.tv\/az\/?s={search_term_string}"},"query-input":{"@type":"PropertyValueSpecification","valueRequired":true,"valueName":"search_term_string"}}],"inLanguage":"az"},{"@type":"Organization","@id":"https:\/\/www.meydan.tv\/az\/#organization","name":"Meydan TV","url":"https:\/\/www.meydan.tv\/az\/","logo":{"@type":"ImageObject","inLanguage":"az","@id":"https:\/\/www.meydan.tv\/az\/#\/schema\/logo\/image\/","url":"https:\/\/www.meydan.tv\/wp-content\/uploads\/2021\/07\/meydan-logo.svg","contentUrl":"https:\/\/www.meydan.tv\/wp-content\/uploads\/2021\/07\/meydan-logo.svg","width":195,"height":46,"caption":"Meydan TV"},"image":{"@id":"https:\/\/www.meydan.tv\/az\/#\/schema\/logo\/image\/"}},{"@type":"Person","@id":"https:\/\/www.meydan.tv\/az\/#\/schema\/person\/10d11eccf6da3662cf5fdab9806ea91a","name":"user-manager"}]}},"_links":{"self":[{"href":"https:\/\/www.meydan.tv\/az\/wp-json\/wp\/v2\/posts\/191678","targetHints":{"allow":["GET"]}}],"collection":[{"href":"https:\/\/www.meydan.tv\/az\/wp-json\/wp\/v2\/posts"}],"about":[{"href":"https:\/\/www.meydan.tv\/az\/wp-json\/wp\/v2\/types\/post"}],"author":[{"embeddable":true,"href":"https:\/\/www.meydan.tv\/az\/wp-json\/wp\/v2\/users\/11"}],"replies":[{"embeddable":true,"href":"https:\/\/www.meydan.tv\/az\/wp-json\/wp\/v2\/comments?post=191678"}],"version-history":[{"count":0,"href":"https:\/\/www.meydan.tv\/az\/wp-json\/wp\/v2\/posts\/191678\/revisions"}],"wp:featuredmedia":[{"embeddable":true,"href":"https:\/\/www.meydan.tv\/az\/wp-json\/wp\/v2\/media\/109579"}],"wp:attachment":[{"href":"https:\/\/www.meydan.tv\/az\/wp-json\/wp\/v2\/media?parent=191678"}],"wp:term":[{"taxonomy":"category","embeddable":true,"href":"https:\/\/www.meydan.tv\/az\/wp-json\/wp\/v2\/categories?post=191678"},{"taxonomy":"post_tag","embeddable":true,"href":"https:\/\/www.meydan.tv\/az\/wp-json\/wp\/v2\/tags?post=191678"}],"curies":[{"name":"wp","href":"https:\/\/api.w.org\/{rel}","templated":true}]}}