{"id":191676,"date":"2018-09-14T23:48:02","date_gmt":"2018-09-14T23:48:02","guid":{"rendered":"https:\/\/www.meydan.tv\/article\/nevem-atasini-bir-qadin-kimi-qebul-etdi\/"},"modified":"2018-09-14T23:48:02","modified_gmt":"2018-09-14T23:48:02","slug":"nevem-atasini-bir-qadin-kimi-qebul-etdi","status":"publish","type":"post","link":"https:\/\/www.meydan.tv\/az\/article\/nevem-atasini-bir-qadin-kimi-qebul-etdi\/","title":{"rendered":"\u201cN\u0259v\u0259m atas\u0131n\u0131 bir qad\u0131n kimi q\u0259bul etdi\u201d"},"content":{"rendered":"<figure class=\"wp-block-image size-large\">\n  <img decoding=\"async\" src=\"https:\/\/www.meydan.tv\/az\/109561\/\" alt=\"\" class=\"wp-image-109561\"\/><figcaption><\/figcaption><\/figure>\n<p>\n  G\u00fcl\u0259r o\u011flunun homoseksual oldu\u011fundan \u015f\u00fcbh\u0259l\u0259nirmi\u015f.\n<\/p>\n<p>\n  \u201cArt\u0131q \u00fc\u00e7 g\u00fcnd\u00fcr eyni yuxunu g\u00f6r\u00fcr\u0259m. O, bir tualetd\u0259 qapal\u0131 qal\u0131b. Biz onu \u00e7\u0131xara bilmirik v\u0259 o qap\u0131n\u0131 a\u00e7a bilmir&#8221; &#8211; G\u00fcl\u0259r xat\u0131rlay\u0131r.\n<\/p>\n<p>\n  N\u00f6vb\u0259ti g\u00fcn, o, o\u011flunu ziyar\u0259t\u0259 gedib v\u0259 o\u011flu ona \u00f6z cinsi orientasiyas\u0131n\u0131 a\u00e7\u0131qlay\u0131b.\n<\/p>\n<p>\n  Az\u0259rbaycanda valideynl\u0259rin u\u015faqlar\u0131n\u0131n homoseksual oldu\u011funu \u00f6yr\u0259nm\u0259si zorak\u0131l\u0131q, h\u0259tta cinay\u0259tl\u0259 n\u0259tic\u0259l\u0259n\u0259 bil\u0259r. Homoseksuall\u0131q qanuni olmas\u0131na baxmayaraq, \u00e7ox ail\u0259 \u00fc\u00e7\u00fcn bu m\u00f6vzu tabu olaraq qal\u0131r. Sosial c\u0259h\u0259td\u0259n m\u00fchafiz\u0259kar \u00f6lk\u0259d\u0259 m\u0259nfi m\u00fcnasib\u0259tl\u0259r olmas\u0131na baxmayaraq, h\u00f6kum\u0259tin g\u00f6st\u0259rdiyi t\u0259zyiql\u0259rin birinci ild\u00f6n\u00fcm\u00fcnd\u0259 b\u0259zi valideynl\u0259r bu tendensiyaya qar\u015f\u0131 \u00e7\u0131x\u0131r v\u0259 LGBT \u00fczv\u00fc olan u\u015faqlar\u0131n\u0131 m\u00fcdafi\u0259 edirl\u0259r.\n<\/p>\n<p>\n  G\u00fcl\u0259r (ad\u0131 ail\u0259sini qorumaq m\u0259qs\u0259dil\u0259 d\u0259yi\u015fdirilib) o\u011fluna nec\u0259 cavab ver\u0259c\u0259yind\u0259n \u0259min deyilmi\u015f. \u018fri onu sakitl\u0259\u015fdirib: &#8220;O, m\u0259n\u0259 dedi ki, aqressiv olma. O, bizim o\u011flumuzdur. O\u011flumuza l\u0259n\u0259t etm\u0259yimiz Allah qar\u015f\u0131s\u0131nda g\u00fcnah olar. Ed\u0259 bil\u0259c\u0259yimiz he\u00e7 bir \u015fey yoxdur, bu qism\u0259tdir\u201d \u2013 G\u00fcl\u0259r deyib.\n<\/p>\n<p>\n  Vaxt ke\u00e7dikc\u0259 G\u00fcl\u0259r o\u011flunu do\u011fuldu\u011fu kimi q\u0259bul edib: &#8220;Yava\u015f-yava\u015f, h\u0259r \u015feyi sindirdim. K\u0259ndimizd\u0259 q\u0259bul edilm\u0259z olmas\u0131na baxmayaraq, \u00f6z\u00fcm\u0259 s\u00f6z verdim ki, h\u0259r k\u0259s m\u0259nd\u0259n \u00fcz d\u00f6nd\u0259rs\u0259 bel\u0259, u\u015fa\u011f\u0131m\u0131n arxas\u0131nda duracam\u201d.\n<\/p>\n<p>\n  2017-ci ilin sentyabr ay\u0131n\u0131n ortalar\u0131nda Bak\u0131da hakimiyy\u0259t orqanlar\u0131 \u015f\u0259h\u0259rin LGBT icmas\u0131na t\u0259zyiq g\u00f6st\u0259rm\u0259y\u0259 ba\u015flad\u0131. 10 g\u00fcn \u0259rzind\u0259 \u0259n az\u0131 83 gay v\u0259 transseksual saxta ittihamlarla saxlan\u0131ld\u0131 v\u0259 h\u0259bs olundu. B\u0259zil\u0259ri d\u00f6y\u00fcld\u00fc. Dig\u0259rl\u0259ri dostlar\u0131 haqq\u0131nda m\u0259lumat verm\u0259y\u0259 m\u0259cbur edildil\u0259r, sonra da h\u0259bs edildil\u0259r.\n<\/p>\n<p>\n  R\u0259smil\u0259r fahi\u015f\u0259liy\u0259 qar\u015f\u0131 m\u00fcbariz\u0259 apard\u0131qlar\u0131n\u0131, cinsi yolla ke\u00e7\u0259n x\u0259st\u0259likl\u0259ri yoxlad\u0131qlar\u0131n\u0131 v\u0259 sakinl\u0259rin \u00e7a\u011f\u0131r\u0131\u015flar\u0131na \u0259sas\u0259n h\u0259r\u0259k\u0259t etdikl\u0259rini iddia ed\u0259r\u0259k \u0259sasland\u0131r\u0131lm\u0131\u015f s\u0259b\u0259bl\u0259r g\u00f6st\u0259rdi.\n<\/p>\n<p>\n  Daxili \u0130\u015fl\u0259r Nazirliyinin m\u0259tbuat xidm\u0259tinin r\u0259hb\u0259ri El\u015f\u0259n Zahidov is\u0259 \u00f6t\u0259n il ba\u015f ver\u0259n t\u0259zyiql\u0259r zaman\u0131 &#8220;Bunlar mill\u0259timiz\u0259, d\u00f6vl\u0259timiz\u0259, mentalitetimiz\u0259 uy\u011fun olmayan insanlard\u0131r&#8221;,- dedi.\n<\/p>\n<p>\n  <b><br \/>\n    \u201cBizim taleyimiz\u201d<br \/>\n  <\/b>\n<\/p>\n<p>\n  \u0130nsan h\u00fcquqlar\u0131 qrupu \u201cG\u00f6yqur\u015fa\u011f\u0131 Avropa\u201d (Rainbow Europe) Az\u0259rbaycan\u0131 Avropada homoseksuallar\u0131n \u0259n pis ya\u015fad\u0131\u011f\u0131 \u00f6lk\u0259 say\u0131r.\n<\/p>\n<p>\n  32 ya\u015fl\u0131 Leyla qiym\u0259tl\u0259ndirm\u0259nin d\u00fczg\u00fcn oldu\u011funu deyir.\n<\/p>\n<p>\n  &#8220;Bu n\u00f6v reydl\u0259r Bak\u0131da tez-tez ke\u00e7irilir. Polisin q\u0259ddarl\u0131\u011f\u0131 il\u0259 \u00fczl\u0259\u015fm\u0259k bizim taleyimizdir&#8221;,- dey\u0259 d\u00f6rd il \u0259vv\u0259l narkotik madd\u0259 istifad\u0259 etm\u0259k ittiham\u0131 il\u0259 h\u0259bs edilmi\u015f transgender qad\u0131n Leyla \u201cEurasinaet\u201d-\u0259 bildirir.\n<\/p>\n<p>\n  Azad edildikd\u0259n sonra Leyla (soyad\u0131n\u0131n qeyd olunmamas\u0131n\u0131 ist\u0259di) Hollandiyada v\u0259 Almaniyada s\u0131\u011f\u0131naca\u011fa m\u00fcraci\u0259t edib, lakin imtina al\u0131b. N\u0259hay\u0259t, anas\u0131n\u0131n d\u0259st\u0259yi il\u0259 \u0130stanbula k\u00f6\u00e7\u00fcb.\n<\/p>\n<p>\n  &#8220;M\u0259nim u\u015fa\u011f\u0131m saxta ittihamlarla birillik h\u0259bs edilmi\u015fdi&#8221; &#8211; Leylan\u0131n anas\u0131 Dilb\u0259r deyir:\n<\/p>\n<p>\n  \u201cH\u0259bs olunduqdan sonra biz h\u0259tta onun harada oldu\u011funu bilmirdik. B\u00fct\u00fcn gec\u0259ni polis m\u0259nt\u0259q\u0259l\u0259rind\u0259 u\u015fa\u011f\u0131m\u0131 axtar\u0131rd\u0131m. U\u015fa\u011f\u0131m\u0131n b\u00fct\u00fcn dostlar\u0131 onu axtarma\u011fa getdiyim \u00fc\u00e7\u00fcn \u00e7ox sevindil\u0259r&#8221;.\n<\/p>\n<p>\n  Dilb\u0259r (\u0259sl ad\u0131 deyil) tez-tez \u0130stanbulda q\u0131z\u0131n\u0131 ziyar\u0259t edir v\u0259 h\u0259mi\u015f\u0259 Az\u0259rbaycan m\u0259mulatlar\u0131 g\u0259tirir. &#8220;Anam bura h\u0259r g\u0259l\u0259nd\u0259 bayram olur. \u0130stanbulda ya\u015fayan b\u00fct\u00fcn az\u0259rbaycanl\u0131 transseksual dostlar\u0131m bir yer\u0259 y\u0131\u011f\u0131l\u0131r v\u0259 anam bizim \u00fc\u00e7\u00fcn yem\u0259k haz\u0131rlay\u0131r&#8221;,- Leyla onu d\u0259st\u0259kl\u0259y\u0259n anas\u0131n\u0131 t\u0259rifl\u0259y\u0259r\u0259k deyib.\n<\/p>\n<p>\n  55 ya\u015fl\u0131 Dilb\u0259r Bak\u0131 \u0259traf\u0131nda ya\u015fayan evdar qad\u0131nd\u0131r. Onun \u0259ri tipik az\u0259rbaycanl\u0131 ki\u015fisidir, u\u015faqlar\u0131n\u0131 q\u0259bul etm\u0259k ist\u0259mir. O, o\u011flunun transseksual oldu\u011funu \u00f6yr\u0259n\u0259nd\u0259 onu \u00f6ld\u00fcrm\u0259kl\u0259 t\u0259hdid edib v\u0259 ilk \u00f6nc\u0259 Dilb\u0259ri ana kimi u\u011fursuz olmaqda g\u00fcnahland\u0131r\u0131b.\n<\/p>\n<p>\n  \u201cM\u0259n bu s\u0259hn\u0259ni he\u00e7 vaxt unutmuram. Bu, uzun ill\u0259r s\u00f6hb\u0259timizin \u0259sas m\u00f6vzusu olub. Ancaq o, 20 il sonra bunu q\u0259bul etdi. 20 il sonra! M\u0259nim h\u0259yat yolda\u015f\u0131m \u0259slind\u0259 onu m\u0259n\u0259 g\u00f6r\u0259 q\u0259bul etdi. Son ill\u0259rd\u0259 m\u0259nim a\u011flad\u0131\u011f\u0131m\u0131 g\u00f6r\u0259nd\u0259 g\u0259lib \u0259ll\u0259rini \u00e7iynim\u0259 qoyur v\u0259 &#8221; H\u0259r \u015fey yax\u015f\u0131d\u0131r. M\u0259n u\u015fa\u011f\u0131m\u0131 ilk g\u00fcnd\u0259n d\u0259st\u0259kl\u0259yirdim v\u0259 h\u0259yat\u0131m\u0131n sonuna kimi d\u0259st\u0259kl\u0259y\u0259c\u0259m deyirdi\u201d &#8211; Dilb\u0259r g\u00f6zya\u015flar\u0131n\u0131 sil\u0259r\u0259k dedi.\n<\/p>\n<p>\n  Dilbar Leylan\u0131 n\u0259 &#8220;q\u0131z\u0131m&#8221;, n\u0259 d\u0259 &#8220;o\u011flum&#8221; dey\u0259 yox, &#8220;\u00f6vlad\u0131m&#8221; dey\u0259 s\u0259sl\u0259yir.\n<\/p>\n<p>\n  &#8220;Onu ilk d\u0259f\u0259 qad\u0131n paltar\u0131nda g\u00f6r\u0259nd\u0259 b\u0259d\u0259nimd\u0259n n\u0259 is\u0259 isti bir \u015fey ke\u00e7di. \u00c7\u0259tindir, ancaq \u0259n \u00f6n\u0259mlisi u\u015fa\u011f\u0131m\u0131n xo\u015fb\u0259xtliyidir. K\u00f6rp\u0259m xo\u015fb\u0259xt olanda m\u0259n d\u0259 xo\u015fb\u0259xt oluram&#8221;.\n<\/p>\n<p>\n  Dilb\u0259rin 15 ya\u015f\u0131nda daha bir q\u0131z\u0131 var. O, Leylan\u0131 h\u0259r zaman bir qad\u0131n kimi tan\u0131y\u0131b. &#8220;Q\u0131z\u0131m u\u015fa\u011f\u0131m\u0131 \u201ccaniko\u201d, \u201cm\u0259nim h\u0259yat\u0131m\u201d dey\u0259 s\u0259sl\u0259yir&#8221;.\n<\/p>\n<p>\n  <b><br \/>\n    D\u0259st\u0259k \u015f\u0259b\u0259k\u0259l\u0259ri<br \/>\n  <\/b>\n<\/p>\n<p>\n  \u00a0Az\u0259rbaycanda d\u00f6vl\u0259t v\u0259 ictimaiyy\u0259t t\u0259r\u0259find\u0259n t\u0259zyiql\u0259rin olmas\u0131 LGBT f\u0259rdl\u0259rinin analar\u0131ndan t\u0259\u015fkil olunmu\u015f qrup da daxil olmaqla, qeyri-r\u0259smi d\u0259st\u0259k \u015f\u0259b\u0259k\u0259l\u0259rini aya\u011fa qald\u0131rd\u0131. Onlar polis \u015f\u00f6b\u0259l\u0259rind\u0259 v\u0259 \u0259dliyy\u0259 binalar\u0131n\u0131n qar\u015f\u0131s\u0131nda g\u00f6zl\u0259dikl\u0259ri zaman tan\u0131\u015f olublar.\n<\/p>\n<p>\n  &#8220;U\u015fa\u011f\u0131m\u0131n transseksual dostunun anas\u0131 il\u0259 ilk d\u0259f\u0259 g\u00f6r\u00fc\u015fm\u0259yim m\u0259n\u0259 sakitl\u0259\u015fm\u0259y\u0259 \u00e7ox k\u00f6m\u0259k etdi. Biz bu m\u0259s\u0259l\u0259l\u0259ri m\u00fczakir\u0259 etdik v\u0259 m\u0259n t\u0259k olmad\u0131\u011f\u0131m\u0131 anlad\u0131m. D\u0259st\u0259k g\u00f6st\u0259r\u0259n \u00e7ox ana var&#8221;, \u2013 Dilb\u0259r deyir.\n<\/p>\n<p>\n  2017-ci ilin \u0259vv\u0259lind\u0259 \u0130stanbulda bir az\u0259rbaycanl\u0131 transgender qad\u0131n \u00f6ld\u00fcr\u00fcld\u00fc. Onun 60 ya\u015fl\u0131 anas\u0131 Nail\u0259 c\u0259s\u0259di Bak\u0131ya aparmaq \u00fc\u00e7\u00fcn g\u0259ldi.\n<\/p>\n<p>\n  Nail\u0259 o\u011flu 15 v\u0259 ya 16 ya\u015f\u0131nda olanda onun qad\u0131n paltarlar\u0131 geydiyini g\u00f6r\u00fcb. &#8220;\u018frim onu \u00f6ld\u00fcrm\u0259k ist\u0259yirdi. M\u0259n ona dedim ki, u\u015fa\u011f\u0131m\u0131 t\u0259rk etm\u0259r\u0259m, \u0259rimi t\u0259rk ed\u0259r\u0259m. \u018frim onu d\u00f6yd\u00fc. Sonra o\u011flumu it kimi z\u0259ncirl\u0259di. Onu tualet\u0259 z\u0259ncirl\u0259 apar\u0131rd\u0131&#8221;, &#8211; dey\u0259 Nail\u0259 (\u0259sl ad\u0131 deyil) xat\u0131rlay\u0131r.\n<\/p>\n<p>\n  Ata o\u011flunu 19 ya\u015f\u0131ndak\u0131 bir qad\u0131nla evl\u0259nm\u0259y\u0259 m\u0259cbur ed\u0259r\u0259k, bu t\u0259cr\u00fcb\u0259nin onu d\u00fcz\u0259ld\u0259c\u0259yini g\u00f6zl\u0259yirdi. C\u00fctl\u00fcy\u00fcn haz\u0131rda 15 ya\u015fl\u0131 q\u0131z\u0131n\u0131n olmas\u0131na baxmayaraq, Nail\u0259 xan\u0131m \u201cevlilik anlams\u0131z oldu. M\u0259nim u\u015fa\u011f\u0131m h\u0259yat\u0131na ist\u0259diyi kimi davam etdi&#8221;,- deyir.\n<\/p>\n<p>\n  2018-ci ild\u0259 Nail\u0259nin o\u011flu \u0130stanbula qa\u00e7\u0131b, daha sonra \u00f6ld\u00fcr\u00fcl\u00fcb:\n<\/p>\n<p>\n  &#8220;N\u0259v\u0259m atas\u0131n\u0131 bir qad\u0131n kimi q\u0259bul etdi. Onlar h\u0259r g\u00fcn \u201cSkype\u201d il\u0259 dan\u0131\u015f\u0131rd\u0131\u201d.\n<\/p>\n<p>\n  Nail\u0259nin u\u015fa\u011f\u0131 \u00fc\u00e7\u00fcn m\u00fcbariz\u0259si Az\u0259rbaycan\u0131n LGBT icmas\u0131na yax\u015f\u0131 m\u0259lumdur v\u0259 bu g\u00fcn, o, t\u0259qib\u0259 m\u0259ruz qalan bir \u00e7ox dig\u0259r LGBT f\u0259rdinin anas\u0131 kimi g\u00f6r\u00fcl\u00fcr. O, ail\u0259l\u0259ri t\u0259r\u0259find\u0259n at\u0131lanlara evini a\u00e7\u0131b.\n<\/p>\n<p>\n  &#8220;Biz valideynl\u0259r daha \u00e7ox \u015fey ed\u0259 bil\u0259rik. Biz birl\u0259\u015fs\u0259k v\u0259 birlikd\u0259 m\u00fcbariz\u0259 aparsaq, u\u015faqlar\u0131m\u0131z\u0131n h\u0259yat\u0131n\u0131 xilas ed\u0259 bil\u0259rik &#8221; \u2013 o deyib.\n<\/p>\n<p>\n  <b><br \/>\n    M\u0259qal\u0259 &#8220;Eurasianet&#8221; sayt\u0131ndan, Durna S\u0259f\u0259rovan\u0131n m\u0259qal\u0259sind\u0259n t\u0259rc\u00fcm\u0259<br \/>\n    <a href=\"https:\/\/www.eurasianet.org\/azerbaijan-parents-recount-struggles-to-gain-acceptance-for-lgbt-children\" target=\"_blank\" rel=\"noopener\"><br \/>\n      edilib.<br \/>\n    <\/a><br \/>\n    <i><br \/>\n      Yaz\u0131 m\u00fc\u0259llifin fikirl\u0259rini \u0259ks etdirir v\u0259 Meydan TV-nin m\u00f6vqeyi il\u0259 \u00fcst-\u00fcst\u0259 d\u00fc\u015fm\u0259y\u0259 bil\u0259r.<br \/>\n    <\/i><br \/>\n  <\/b><\/p>\n","protected":false},"excerpt":{"rendered":"<p>Az\u0259rbaycanda valideynl\u0259r LGBT \u00fczv\u00fc u\u015faqlar\u0131n\u0131 q\u0259bul etdirm\u0259k \u00fc\u00e7\u00fcn m\u00fcbariz\u0259 apar\u0131r<\/p>\n","protected":false},"author":11,"featured_media":109561,"comment_status":"closed","ping_status":"open","sticky":false,"template":"","format":"standard","meta":{"_acf_changed":false,"_sitemap_exclude":false,"_sitemap_priority":"","_sitemap_frequency":"","footnotes":""},"categories":[51],"tags":[],"class_list":["post-191676","post","type-post","status-publish","format-standard","has-post-thumbnail","hentry","category-analitika","infinite-scroll-item","generate-columns","tablet-grid-50","mobile-grid-100","grid-parent","grid-33","no-featured-image-padding"],"acf":[],"yoast_head":"<!-- This site is optimized with the Yoast SEO plugin v27.4 - https:\/\/yoast.com\/product\/yoast-seo-wordpress\/ -->\n<title>\u201cN\u0259v\u0259m atas\u0131n\u0131 bir qad\u0131n kimi q\u0259bul etdi\u201d - MEYDAN.TV<\/title>\n<meta name=\"robots\" content=\"index, follow, max-snippet:-1, max-image-preview:large, max-video-preview:-1\" \/>\n<link rel=\"canonical\" href=\"https:\/\/www.meydan.tv\/az\/article\/nevem-atasini-bir-qadin-kimi-qebul-etdi\/\" \/>\n<meta property=\"og:locale\" content=\"az_AZ\" \/>\n<meta property=\"og:type\" content=\"article\" \/>\n<meta property=\"og:title\" content=\"\u201cN\u0259v\u0259m atas\u0131n\u0131 bir qad\u0131n kimi q\u0259bul etdi\u201d - MEYDAN.TV\" \/>\n<meta property=\"og:description\" content=\"Az\u0259rbaycanda valideynl\u0259r LGBT \u00fczv\u00fc u\u015faqlar\u0131n\u0131 q\u0259bul etdirm\u0259k \u00fc\u00e7\u00fcn m\u00fcbariz\u0259 apar\u0131r\" \/>\n<meta property=\"og:url\" content=\"https:\/\/www.meydan.tv\/az\/article\/nevem-atasini-bir-qadin-kimi-qebul-etdi\/\" \/>\n<meta property=\"og:site_name\" content=\"MEYDAN.TV\" \/>\n<meta property=\"article:published_time\" content=\"2018-09-14T23:48:02+00:00\" \/>\n<meta property=\"og:image\" content=\"https:\/\/www.meydan.tv\/wp-content\/uploads\/43576.jpg\" \/>\n\t<meta property=\"og:image:width\" content=\"900\" \/>\n\t<meta property=\"og:image:height\" content=\"600\" \/>\n\t<meta property=\"og:image:type\" content=\"image\/jpeg\" \/>\n<meta name=\"author\" content=\"user-manager\" \/>\n<meta name=\"twitter:card\" content=\"summary_large_image\" \/>\n<script type=\"application\/ld+json\" class=\"yoast-schema-graph\">{\"@context\":\"https:\\\/\\\/schema.org\",\"@graph\":[{\"@type\":\"Article\",\"@id\":\"https:\\\/\\\/www.meydan.tv\\\/az\\\/article\\\/nevem-atasini-bir-qadin-kimi-qebul-etdi\\\/#article\",\"isPartOf\":{\"@id\":\"https:\\\/\\\/www.meydan.tv\\\/az\\\/article\\\/nevem-atasini-bir-qadin-kimi-qebul-etdi\\\/\"},\"author\":{\"name\":\"user-manager\",\"@id\":\"https:\\\/\\\/www.meydan.tv\\\/az\\\/#\\\/schema\\\/person\\\/10d11eccf6da3662cf5fdab9806ea91a\"},\"headline\":\"\u201cN\u0259v\u0259m atas\u0131n\u0131 bir qad\u0131n kimi q\u0259bul etdi\u201d\",\"datePublished\":\"2018-09-14T23:48:02+00:00\",\"mainEntityOfPage\":{\"@id\":\"https:\\\/\\\/www.meydan.tv\\\/az\\\/article\\\/nevem-atasini-bir-qadin-kimi-qebul-etdi\\\/\"},\"wordCount\":1430,\"publisher\":{\"@id\":\"https:\\\/\\\/www.meydan.tv\\\/az\\\/#organization\"},\"image\":{\"@id\":\"https:\\\/\\\/www.meydan.tv\\\/az\\\/article\\\/nevem-atasini-bir-qadin-kimi-qebul-etdi\\\/#primaryimage\"},\"thumbnailUrl\":\"https:\\\/\\\/www.meydan.tv\\\/wp-content\\\/uploads\\\/43576.jpg\",\"articleSection\":[\"Analitika\"],\"inLanguage\":\"az\"},{\"@type\":\"WebPage\",\"@id\":\"https:\\\/\\\/www.meydan.tv\\\/az\\\/article\\\/nevem-atasini-bir-qadin-kimi-qebul-etdi\\\/\",\"url\":\"https:\\\/\\\/www.meydan.tv\\\/az\\\/article\\\/nevem-atasini-bir-qadin-kimi-qebul-etdi\\\/\",\"name\":\"\u201cN\u0259v\u0259m atas\u0131n\u0131 bir qad\u0131n kimi q\u0259bul etdi\u201d - MEYDAN.TV\",\"isPartOf\":{\"@id\":\"https:\\\/\\\/www.meydan.tv\\\/az\\\/#website\"},\"primaryImageOfPage\":{\"@id\":\"https:\\\/\\\/www.meydan.tv\\\/az\\\/article\\\/nevem-atasini-bir-qadin-kimi-qebul-etdi\\\/#primaryimage\"},\"image\":{\"@id\":\"https:\\\/\\\/www.meydan.tv\\\/az\\\/article\\\/nevem-atasini-bir-qadin-kimi-qebul-etdi\\\/#primaryimage\"},\"thumbnailUrl\":\"https:\\\/\\\/www.meydan.tv\\\/wp-content\\\/uploads\\\/43576.jpg\",\"datePublished\":\"2018-09-14T23:48:02+00:00\",\"breadcrumb\":{\"@id\":\"https:\\\/\\\/www.meydan.tv\\\/az\\\/article\\\/nevem-atasini-bir-qadin-kimi-qebul-etdi\\\/#breadcrumb\"},\"inLanguage\":\"az\",\"potentialAction\":[{\"@type\":\"ReadAction\",\"target\":[\"https:\\\/\\\/www.meydan.tv\\\/az\\\/article\\\/nevem-atasini-bir-qadin-kimi-qebul-etdi\\\/\"]}]},{\"@type\":\"ImageObject\",\"inLanguage\":\"az\",\"@id\":\"https:\\\/\\\/www.meydan.tv\\\/az\\\/article\\\/nevem-atasini-bir-qadin-kimi-qebul-etdi\\\/#primaryimage\",\"url\":\"https:\\\/\\\/www.meydan.tv\\\/wp-content\\\/uploads\\\/43576.jpg\",\"contentUrl\":\"https:\\\/\\\/www.meydan.tv\\\/wp-content\\\/uploads\\\/43576.jpg\",\"width\":900,\"height\":600,\"caption\":\"Source:\"},{\"@type\":\"BreadcrumbList\",\"@id\":\"https:\\\/\\\/www.meydan.tv\\\/az\\\/article\\\/nevem-atasini-bir-qadin-kimi-qebul-etdi\\\/#breadcrumb\",\"itemListElement\":[{\"@type\":\"ListItem\",\"position\":1,\"name\":\"Ana s\u0259hif\u0259\",\"item\":\"https:\\\/\\\/www.meydan.tv\\\/az\\\/\"},{\"@type\":\"ListItem\",\"position\":2,\"name\":\"Analitika\",\"item\":\"https:\\\/\\\/www.meydan.tv\\\/az\\\/section\\\/analitika\\\/\"},{\"@type\":\"ListItem\",\"position\":3,\"name\":\"\u201cN\u0259v\u0259m atas\u0131n\u0131 bir qad\u0131n kimi q\u0259bul etdi\u201d\"}]},{\"@type\":\"WebSite\",\"@id\":\"https:\\\/\\\/www.meydan.tv\\\/az\\\/#website\",\"url\":\"https:\\\/\\\/www.meydan.tv\\\/az\\\/\",\"name\":\"MEYDAN.TV\",\"description\":\"Meydan TV Az\u0259rbaycan\u0131n media m\u0259kan\u0131ndak\u0131 alternativ s\u0259sidir\",\"publisher\":{\"@id\":\"https:\\\/\\\/www.meydan.tv\\\/az\\\/#organization\"},\"potentialAction\":[{\"@type\":\"SearchAction\",\"target\":{\"@type\":\"EntryPoint\",\"urlTemplate\":\"https:\\\/\\\/www.meydan.tv\\\/az\\\/?s={search_term_string}\"},\"query-input\":{\"@type\":\"PropertyValueSpecification\",\"valueRequired\":true,\"valueName\":\"search_term_string\"}}],\"inLanguage\":\"az\"},{\"@type\":\"Organization\",\"@id\":\"https:\\\/\\\/www.meydan.tv\\\/az\\\/#organization\",\"name\":\"Meydan TV\",\"url\":\"https:\\\/\\\/www.meydan.tv\\\/az\\\/\",\"logo\":{\"@type\":\"ImageObject\",\"inLanguage\":\"az\",\"@id\":\"https:\\\/\\\/www.meydan.tv\\\/az\\\/#\\\/schema\\\/logo\\\/image\\\/\",\"url\":\"https:\\\/\\\/www.meydan.tv\\\/wp-content\\\/uploads\\\/2021\\\/07\\\/meydan-logo.svg\",\"contentUrl\":\"https:\\\/\\\/www.meydan.tv\\\/wp-content\\\/uploads\\\/2021\\\/07\\\/meydan-logo.svg\",\"width\":195,\"height\":46,\"caption\":\"Meydan TV\"},\"image\":{\"@id\":\"https:\\\/\\\/www.meydan.tv\\\/az\\\/#\\\/schema\\\/logo\\\/image\\\/\"}},{\"@type\":\"Person\",\"@id\":\"https:\\\/\\\/www.meydan.tv\\\/az\\\/#\\\/schema\\\/person\\\/10d11eccf6da3662cf5fdab9806ea91a\",\"name\":\"user-manager\"}]}<\/script>\n<!-- \/ Yoast SEO plugin. -->","yoast_head_json":{"title":"\u201cN\u0259v\u0259m atas\u0131n\u0131 bir qad\u0131n kimi q\u0259bul etdi\u201d - MEYDAN.TV","robots":{"index":"index","follow":"follow","max-snippet":"max-snippet:-1","max-image-preview":"max-image-preview:large","max-video-preview":"max-video-preview:-1"},"canonical":"https:\/\/www.meydan.tv\/az\/article\/nevem-atasini-bir-qadin-kimi-qebul-etdi\/","og_locale":"az_AZ","og_type":"article","og_title":"\u201cN\u0259v\u0259m atas\u0131n\u0131 bir qad\u0131n kimi q\u0259bul etdi\u201d - MEYDAN.TV","og_description":"Az\u0259rbaycanda valideynl\u0259r LGBT \u00fczv\u00fc u\u015faqlar\u0131n\u0131 q\u0259bul etdirm\u0259k \u00fc\u00e7\u00fcn m\u00fcbariz\u0259 apar\u0131r","og_url":"https:\/\/www.meydan.tv\/az\/article\/nevem-atasini-bir-qadin-kimi-qebul-etdi\/","og_site_name":"MEYDAN.TV","article_published_time":"2018-09-14T23:48:02+00:00","og_image":[{"width":900,"height":600,"url":"https:\/\/www.meydan.tv\/wp-content\/uploads\/43576.jpg","type":"image\/jpeg"}],"author":"user-manager","twitter_card":"summary_large_image","schema":{"@context":"https:\/\/schema.org","@graph":[{"@type":"Article","@id":"https:\/\/www.meydan.tv\/az\/article\/nevem-atasini-bir-qadin-kimi-qebul-etdi\/#article","isPartOf":{"@id":"https:\/\/www.meydan.tv\/az\/article\/nevem-atasini-bir-qadin-kimi-qebul-etdi\/"},"author":{"name":"user-manager","@id":"https:\/\/www.meydan.tv\/az\/#\/schema\/person\/10d11eccf6da3662cf5fdab9806ea91a"},"headline":"\u201cN\u0259v\u0259m atas\u0131n\u0131 bir qad\u0131n kimi q\u0259bul etdi\u201d","datePublished":"2018-09-14T23:48:02+00:00","mainEntityOfPage":{"@id":"https:\/\/www.meydan.tv\/az\/article\/nevem-atasini-bir-qadin-kimi-qebul-etdi\/"},"wordCount":1430,"publisher":{"@id":"https:\/\/www.meydan.tv\/az\/#organization"},"image":{"@id":"https:\/\/www.meydan.tv\/az\/article\/nevem-atasini-bir-qadin-kimi-qebul-etdi\/#primaryimage"},"thumbnailUrl":"https:\/\/www.meydan.tv\/wp-content\/uploads\/43576.jpg","articleSection":["Analitika"],"inLanguage":"az"},{"@type":"WebPage","@id":"https:\/\/www.meydan.tv\/az\/article\/nevem-atasini-bir-qadin-kimi-qebul-etdi\/","url":"https:\/\/www.meydan.tv\/az\/article\/nevem-atasini-bir-qadin-kimi-qebul-etdi\/","name":"\u201cN\u0259v\u0259m atas\u0131n\u0131 bir qad\u0131n kimi q\u0259bul etdi\u201d - MEYDAN.TV","isPartOf":{"@id":"https:\/\/www.meydan.tv\/az\/#website"},"primaryImageOfPage":{"@id":"https:\/\/www.meydan.tv\/az\/article\/nevem-atasini-bir-qadin-kimi-qebul-etdi\/#primaryimage"},"image":{"@id":"https:\/\/www.meydan.tv\/az\/article\/nevem-atasini-bir-qadin-kimi-qebul-etdi\/#primaryimage"},"thumbnailUrl":"https:\/\/www.meydan.tv\/wp-content\/uploads\/43576.jpg","datePublished":"2018-09-14T23:48:02+00:00","breadcrumb":{"@id":"https:\/\/www.meydan.tv\/az\/article\/nevem-atasini-bir-qadin-kimi-qebul-etdi\/#breadcrumb"},"inLanguage":"az","potentialAction":[{"@type":"ReadAction","target":["https:\/\/www.meydan.tv\/az\/article\/nevem-atasini-bir-qadin-kimi-qebul-etdi\/"]}]},{"@type":"ImageObject","inLanguage":"az","@id":"https:\/\/www.meydan.tv\/az\/article\/nevem-atasini-bir-qadin-kimi-qebul-etdi\/#primaryimage","url":"https:\/\/www.meydan.tv\/wp-content\/uploads\/43576.jpg","contentUrl":"https:\/\/www.meydan.tv\/wp-content\/uploads\/43576.jpg","width":900,"height":600,"caption":"Source:"},{"@type":"BreadcrumbList","@id":"https:\/\/www.meydan.tv\/az\/article\/nevem-atasini-bir-qadin-kimi-qebul-etdi\/#breadcrumb","itemListElement":[{"@type":"ListItem","position":1,"name":"Ana s\u0259hif\u0259","item":"https:\/\/www.meydan.tv\/az\/"},{"@type":"ListItem","position":2,"name":"Analitika","item":"https:\/\/www.meydan.tv\/az\/section\/analitika\/"},{"@type":"ListItem","position":3,"name":"\u201cN\u0259v\u0259m atas\u0131n\u0131 bir qad\u0131n kimi q\u0259bul etdi\u201d"}]},{"@type":"WebSite","@id":"https:\/\/www.meydan.tv\/az\/#website","url":"https:\/\/www.meydan.tv\/az\/","name":"MEYDAN.TV","description":"Meydan TV Az\u0259rbaycan\u0131n media m\u0259kan\u0131ndak\u0131 alternativ s\u0259sidir","publisher":{"@id":"https:\/\/www.meydan.tv\/az\/#organization"},"potentialAction":[{"@type":"SearchAction","target":{"@type":"EntryPoint","urlTemplate":"https:\/\/www.meydan.tv\/az\/?s={search_term_string}"},"query-input":{"@type":"PropertyValueSpecification","valueRequired":true,"valueName":"search_term_string"}}],"inLanguage":"az"},{"@type":"Organization","@id":"https:\/\/www.meydan.tv\/az\/#organization","name":"Meydan TV","url":"https:\/\/www.meydan.tv\/az\/","logo":{"@type":"ImageObject","inLanguage":"az","@id":"https:\/\/www.meydan.tv\/az\/#\/schema\/logo\/image\/","url":"https:\/\/www.meydan.tv\/wp-content\/uploads\/2021\/07\/meydan-logo.svg","contentUrl":"https:\/\/www.meydan.tv\/wp-content\/uploads\/2021\/07\/meydan-logo.svg","width":195,"height":46,"caption":"Meydan TV"},"image":{"@id":"https:\/\/www.meydan.tv\/az\/#\/schema\/logo\/image\/"}},{"@type":"Person","@id":"https:\/\/www.meydan.tv\/az\/#\/schema\/person\/10d11eccf6da3662cf5fdab9806ea91a","name":"user-manager"}]}},"_links":{"self":[{"href":"https:\/\/www.meydan.tv\/az\/wp-json\/wp\/v2\/posts\/191676","targetHints":{"allow":["GET"]}}],"collection":[{"href":"https:\/\/www.meydan.tv\/az\/wp-json\/wp\/v2\/posts"}],"about":[{"href":"https:\/\/www.meydan.tv\/az\/wp-json\/wp\/v2\/types\/post"}],"author":[{"embeddable":true,"href":"https:\/\/www.meydan.tv\/az\/wp-json\/wp\/v2\/users\/11"}],"replies":[{"embeddable":true,"href":"https:\/\/www.meydan.tv\/az\/wp-json\/wp\/v2\/comments?post=191676"}],"version-history":[{"count":0,"href":"https:\/\/www.meydan.tv\/az\/wp-json\/wp\/v2\/posts\/191676\/revisions"}],"wp:featuredmedia":[{"embeddable":true,"href":"https:\/\/www.meydan.tv\/az\/wp-json\/wp\/v2\/media\/109561"}],"wp:attachment":[{"href":"https:\/\/www.meydan.tv\/az\/wp-json\/wp\/v2\/media?parent=191676"}],"wp:term":[{"taxonomy":"category","embeddable":true,"href":"https:\/\/www.meydan.tv\/az\/wp-json\/wp\/v2\/categories?post=191676"},{"taxonomy":"post_tag","embeddable":true,"href":"https:\/\/www.meydan.tv\/az\/wp-json\/wp\/v2\/tags?post=191676"}],"curies":[{"name":"wp","href":"https:\/\/api.w.org\/{rel}","templated":true}]}}