{"id":191665,"date":"2018-09-14T17:02:49","date_gmt":"2018-09-14T17:02:49","guid":{"rendered":"https:\/\/www.meydan.tv\/article\/belediyye-sedri-icra-numayendesi-350-hektar-torpaq-sahesinden-qanunsuz-istifade-edir\/"},"modified":"2018-09-14T17:02:49","modified_gmt":"2018-09-14T17:02:49","slug":"belediyye-sedri-icra-numayendesi-350-hektar-torpaq-sahesinden-qanunsuz-istifade-edir","status":"publish","type":"post","link":"https:\/\/www.meydan.tv\/az\/article\/belediyye-sedri-icra-numayendesi-350-hektar-torpaq-sahesinden-qanunsuz-istifade-edir\/","title":{"rendered":"B\u0259l\u0259diyy\u0259 s\u0259dri: &#8221;\u0130cra n\u00fcmay\u0259nd\u0259si 350 hektar torpaq sah\u0259sind\u0259n qanunsuz istifad\u0259 edir\u201d&#8217;"},"content":{"rendered":"<figure class=\"wp-block-image size-large\">\n  <img decoding=\"async\" src=\"https:\/\/www.meydan.tv\/az\/ezizbaba-fetullayev\/\" alt=\"\u018fzizbaba F\u0259tullayev\" class=\"wp-image-109549\"\/><figcaption>\n    \u018fzizbaba F\u0259tullayev<br \/>\n  <\/figcaption><\/figure>\n<figure class=\"wp-block-image size-large\">\n  <img decoding=\"async\" src=\"https:\/\/www.meydan.tv\/az\/ezizbaba-fetullayev\/\" alt=\"\u018fzizbaba F\u0259tullayev\" class=\"wp-image-109549\"\/><figcaption>\n    \u018fzizbaba F\u0259tullayev<br \/>\n  <\/figcaption><\/figure>\n<p>\n  <i><br \/>\n    \u018fzizbaba F\u0259tullayev: &#8221;C\u0259zas\u0131zl\u0131q ona g\u0259tirib \u00e7\u0131xartd\u0131 ki, icra n\u00fcmay\u0259nd\u0259si vaxtil\u0259 z\u0259bt etdiyi 150 hektarl\u0131q \u0259razi il\u0259 kifay\u0259tl\u0259nm\u0259di, \u0259trafdak\u0131 sah\u0259l\u0259ri d\u0259 z\u0259bt etdi&#8221;<br \/>\n  <\/i>\n<\/p>\n<p>\n  \u201cTorpaqlardan qanunsuz istifad\u0259 edir, adama \u201cg\u00f6z\u00fcn \u00fcst\u0259 qa\u015f\u0131n var\u201d ,- dey\u0259n yoxdur. Hara m\u00fcraci\u0259t ediriks\u0259, qap\u0131lar\u0131 \u00fcz\u00fcm\u00fcz\u0259 ba\u011flay\u0131rlar, onu m\u00fcdafi\u0259 edirl\u0259r\u201d.\n<\/p>\n<p>\n  Bunu Meydan TV-y\u0259 \u015eamax\u0131 rayonu, Birinci \u00c7ayl\u0131 k\u0259nd b\u0259l\u0259diyy\u0259sinin s\u0259dri \u018fzizbaba F\u0259tullayev deyir. Onun iddias\u0131na g\u00f6r\u0259, k\u0259nd icra n\u00fcmay\u0259nd\u0259si Fazil G\u00fcliyev k\u0259ndd\u0259ki sah\u0259l\u0259rd\u0259n qanunsuz olaraq \u00f6z \u00f6r\u00fc\u015f sah\u0259l\u0259ri kimi istifad\u0259 edir. Deyir, bununla ba\u011fl\u0131 yerli icra hakimiyy\u0259tin\u0259 v\u0259 h\u00fcquq-m\u00fchafiz\u0259 orqanlar\u0131na da m\u0259lumat verilib, h\u0259tta rayon prokurorlu\u011fu bir m\u00fcdd\u0259t \u0259vv\u0259l icra n\u00fcmay\u0259nd\u0259si il\u0259 ba\u011fl\u0131 cinay\u0259t i\u015fi d\u0259 ba\u015flay\u0131b, b\u0259l\u0259diyy\u0259 icra n\u00fcmay\u0259nd\u0259sini m\u0259hk\u0259m\u0259y\u0259 d\u0259 verib, ancaq b\u00fct\u00fcn bunlar v\u0259ziyy\u0259ti d\u0259yi\u015fm\u0259yib.\n<\/p>\n<blockquote><p>\n  \u0130mza, m\u00f6h\u00fcr saxta \u00e7\u0131xd\u0131\n<\/p><\/blockquote>\n<p>\n  \u018fzizbaba F\u0259tullayev dan\u0131\u015f\u0131r:\n<\/p>\n<p>\n  \u201c\u0130cra n\u00fcmay\u0259nd\u0259si heyvandarl\u0131q \u00fc\u00e7\u00fcn z\u0259bt etdiyi 350 hektarl\u0131q \u0259razinin 150 hektar\u0131ndan saxta s\u0259n\u0259dl\u0259 istifad\u0259 edir, qalan hiss\u0259sind\u0259n el\u0259-bel\u0259&#8230; Onun qanunsuz h\u0259r\u0259k\u0259tl\u0259rind\u0259n \u015eamax\u0131 Rayon \u0130cra Hakimiyy\u0259tin\u0259 \u015fikay\u0259t etmi\u015fik. Quruma bildirmi\u015fik ki, icra n\u00fcmay\u0259nd\u0259si uzun ill\u0259rdir k\u0259ndd\u0259 torpaq sah\u0259l\u0259rind\u0259n qanunsuz istifad\u0259 edir. Qurumdan r\u0259smi cavab m\u0259ktubu g\u0259lib ki, 150 hektar torpaq sah\u0259sin\u0259 g\u00f6r\u0259 icra n\u00fcmay\u0259nd\u0259sinin o\u011flunun icar\u0259 m\u00fcqavil\u0259si var. Guya ki, 2004-c\u00fc ild\u0259 k\u0259nd b\u0259l\u0259diyy\u0259sinin ke\u00e7mi\u015f s\u0259dri il\u0259 icra n\u00fcmay\u0259nd\u0259si Fazil G\u00fcliyevin o\u011flu V\u00fcsal G\u00fcliyev aras\u0131nda 30 illik icar\u0259 m\u00fcqavil\u0259si ba\u011flan\u0131b. Halbuki, h\u0259min vaxt V\u00fcsal G\u00fcliyevin 15 ya\u015f\u0131 olub v\u0259 azya\u015fl\u0131 il\u0259 m\u00fcqavil\u0259 ba\u011flanmas\u0131 m\u00fcmk\u00fcn olan i\u015f deyil. \u00dcst\u0259lik, m\u0259n b\u0259l\u0259diyy\u0259nin b\u00fct\u00fcn arxivini ara\u015fd\u0131rm\u0131\u015fam, orada bel\u0259 bir m\u00fcqavil\u0259, m\u0259lumat yoxdur. Ancaq sonradan icra n\u00fcmay\u0259nd\u0259si ortaya bir s\u0259n\u0259d \u00e7\u0131xard\u0131, o\u011flu il\u0259 ke\u00e7mi\u015f b\u0259l\u0259diyy\u0259 s\u0259dri (v\u0259fat edib) aras\u0131nda ba\u011flanm\u0131\u015f icar\u0259 m\u00fcqavil\u0259si, o da saxta idi, \u00e7\u00fcnki prokurorluq h\u0259min s\u0259n\u0259di Bak\u0131ya &#8211; ekspertizaya g\u00f6nd\u0259rdi, m\u0259rhum b\u0259l\u0259diyy\u0259 s\u0259drinin imzas\u0131, m\u00f6h\u00fcr \u2013 ham\u0131s\u0131 saxta \u00e7\u0131xd\u0131. \u00dcst\u0259lik d\u0259, o\u011flunun ad\u0131na icar\u0259 m\u00fcqavil\u0259si ba\u011flanark\u0259n 15 ya\u015f\u0131 olub. Bununla bel\u0259, m\u0259hk\u0259m\u0259l\u0259r icra hakimiyy\u0259tinin t\u0259siri alt\u0131nda \u0259dal\u0259tsiz q\u0259rarlar \u00e7\u0131xard\u0131\u201d.\n<\/p>\n<p>\n  <b><br \/>\n    <i><br \/>\n      Prokurorluqda cinay\u0259t i\u015fi ba\u015flan\u0131b<br \/>\n    <\/i><br \/>\n  <\/b>\n<\/p>\n<p>\n  B\u0259l\u0259diyy\u0259 s\u0259drinin \u00f6t\u0259nilki \u015fikay\u0259tl\u0259rind\u0259n sonra \u015eamax\u0131 rayon prokurorlu\u011fu m\u0259s\u0259l\u0259ni ara\u015fd\u0131rma\u011fa ba\u015flay\u0131b. H\u0259tta icra n\u00fcmay\u0259nd\u0259si bar\u0259d\u0259 cinay\u0259t i\u015fi d\u0259 ba\u015flan\u0131b. Ancaq t\u0259qrib\u0259n 1 aydan sonra cinay\u0259t i\u015fin\u0259 xitam verilib. M\u00fcst\u0259ntiq q\u0259rar\u0131n\u0131 cinay\u0259t i\u015fi ba\u015flanmas\u0131 m\u00fcdd\u0259tinin \u00f6tm\u0259si il\u0259 \u0259sasland\u0131r\u0131b. \u018fzizbaba F\u0259tullayev s\u00f6z\u00fcn\u0259 davam edir:\n<\/p>\n<p>\n  \u201c2004-c\u00fc ild\u0259 o\u011flu V\u00fcsal G\u00fcliyev azya\u015fl\u0131 oldu\u011fu, m\u00fcqavil\u0259d\u0259ki m\u00f6h\u00fcr\u00fcn 2012-ci il\u0259 aid oldu\u011fu, m\u0259rhum b\u0259l\u0259diyy\u0259 s\u0259drinin imzas\u0131n\u0131n saxta oldu\u011fu \u2013 bir s\u00f6zl\u0259, xeyli saxtakarl\u0131qlar ekspertizalarla s\u00fcbuta yetirildi. Ancaq ona v\u0259zif\u0259 saxtakarl\u0131\u011f\u0131 madd\u0259si il\u0259 cinay\u0259t i\u015fi ba\u015fland\u0131. Halbuki, m\u00fcst\u0259ntiq \u00f6z\u00fc d\u0259 etiraf edirdi ki, onun \u0259m\u0259ll\u0259ri Cinay\u0259t M\u0259c\u0259ll\u0259sinin 320-ci (r\u0259smi s\u0259n\u0259dl\u0259ri, d\u00f6vl\u0259t t\u0259ltifl\u0259rini, m\u00f6h\u00fcrl\u0259ri, \u015ftamplar\u0131, blanklar\u0131 saxtala\u015fd\u0131rma, qanunsuz haz\u0131rlama, satma v\u0259 ya saxta s\u0259n\u0259dl\u0259rd\u0259n istifad\u0259 etm\u0259) madd\u0259sinin t\u0259siri alt\u0131na d\u00fc\u015f\u00fcr. Sonra da guya cinay\u0259t i\u015fi ba\u015flanmas\u0131 \u00fc\u00e7\u00fcn m\u00fcdd\u0259tin \u00f6td\u00fcy\u00fcn\u00fc b\u0259han\u0259 g\u0259tirib cinay\u0259t i\u015fin\u0259 xitam verdil\u0259r. T\u0259bii ki, b\u00fct\u00fcn bunlar icra hakimiyy\u0259tinin t\u0259zyiqi, t\u0259siri alt\u0131nda ba\u015f verirdi\u201d.\n<\/p>\n<p>\n  <b><br \/>\n    <i><br \/>\n      \u0130cra hakimiyy\u0259tin\u0259 t\u0259qdimat g\u00f6nd\u0259rilib<br \/>\n    <\/i><br \/>\n  <\/b>\n<\/p>\n<p>\n  M\u00fcst\u0259ntiqin cinay\u0259t i\u015fin\u0259 xitam verilm\u0259si il\u0259 ba\u011fl\u0131 q\u0259rar\u0131nda qeyd olunur ki, Birinci \u00c7ayl\u0131 k\u0259nd icra n\u00fcmay\u0259nd\u0259si Fazil G\u00fcliyev o\u011flu 2004-c\u00fc ild\u0259 15 ya\u015f\u0131nda olan o\u011flu V\u00fcsal G\u00fcliyevin ad\u0131na k\u0259nd b\u0259l\u0259diyy\u0259si t\u0259r\u0259find\u0259n 30 il m\u00fcdd\u0259tin\u0259 150 hektar torpaq sah\u0259sinin k\u0259nd t\u0259s\u0259rr\u00fcfat\u0131 (heyvandarl\u0131q) m\u0259qs\u0259dil\u0259 icar\u0259y\u0259 verilm\u0259sinin qanunla m\u00fcmk\u00fcns\u00fcz oldu\u011funu bil\u0259-bil\u0259 h\u0259min icar\u0259 m\u00fcqavil\u0259sind\u0259n istifad\u0259 edib, torpaq sah\u0259sini k\u0259nd b\u0259l\u0259diyy\u0259sin\u0259 geri qaytarmay\u0131b.\n<\/p>\n<p>\n  Q\u0259rarda daha sonra yaz\u0131l\u0131b ki, qeyd olunan qanun pozuntular\u0131n\u0131n g\u0259l\u0259c\u0259kd\u0259 t\u0259krar olunmamas\u0131 \u00fc\u00e7\u00fcn icra n\u00fcmay\u0259nd\u0259si bar\u0259sind\u0259 \u015eamax\u0131 Rayon \u0130cra Hakimiyy\u0259tin\u0259 t\u0259qdimat g\u00f6nd\u0259rilm\u0259lidir. \u015eamax\u0131 Prokurorlu\u011fu bu t\u0259qdimat\u0131 rayon icra hakimiyy\u0259tin\u0259 g\u00f6nd\u0259rib.\n<\/p>\n<blockquote><p>\n  Ekspertiza r\u0259yl\u0259ri yoxa \u00e7\u0131xar\u0131l\u0131b\n<\/p><\/blockquote>\n<p>\n  Birinci \u00c7ayl\u0131 B\u0259l\u0259diyy\u0259si \u015eamax\u0131 Rayon M\u0259hk\u0259m\u0259sin\u0259 m\u00fclki qaydada m\u00fcraci\u0259t d\u0259 edib. \u018fzizbaba F\u0259tullayev deyir, m\u0259hk\u0259m\u0259 d\u0259 cavabdeh t\u0259r\u0259fin maraqlar\u0131na uy\u011fun Q\u0259tnam\u0259 \u00e7\u0131xar\u0131b:\n<\/p>\n<p>\n  \u201c\u0130cra n\u00fcmay\u0259nd\u0259sinin saxtakarl\u0131\u011f\u0131n\u0131 s\u00fcbut ed\u0259n ekspertiza r\u0259yl\u0259rini yoxa \u00e7\u0131xartd\u0131lar. Saxtakarl\u0131\u011f\u0131n ad\u0131n\u0131 da \u00e7\u0259km\u0259dil\u0259r. \u0130\u015f\u0259 torpaqlar\u0131n bo\u015fald\u0131l\u0131b b\u0259l\u0259diyy\u0259y\u0259 qaytar\u0131lmas\u0131 iddias\u0131 kimi baxd\u0131lar. \u0130cra n\u00fcmay\u0259nd\u0259si d\u0259 m\u0259lum saxta s\u0259n\u0259dl\u0259ri m\u0259hk\u0259m\u0259y\u0259 t\u0259qdim etdi. Biz h\u0259min s\u0259n\u0259dl\u0259rin saxta oldu\u011funu, bu saxtakarl\u0131\u011fa g\u00f6r\u0259 prokurorlu\u011fun icra n\u00fcmay\u0259nd\u0259si il\u0259 ba\u011fl\u0131 icra hakimiyy\u0259tin\u0259 t\u0259qdimat g\u00f6nd\u0259rdiyini dedik. Hakim bizi dinl\u0259m\u0259k ist\u0259m\u0259di v\u0259 bizim iddiam\u0131z\u0131 t\u0259min etm\u0259di\u201d.\n<\/p>\n<p>\n  \u018fzizbaba F\u0259tullayev \u015eamax\u0131 m\u0259hk\u0259m\u0259sinin \u00e7\u0131xard\u0131\u011f\u0131 Q\u0259tnam\u0259d\u0259n apelyasiya \u015fikay\u0259ti verib, o da t\u0259min olunmay\u0131b.\n<\/p>\n<p>\n  <b><br \/>\n    <i><br \/>\n      \u00d6r\u00fc\u015f sah\u0259sind\u0259 h\u0259r g\u00fcn qalmaqald\u0131r<br \/>\n    <\/i><br \/>\n  <\/b>\n<\/p>\n<p>\n  \u018fzizbaba F\u0259tullayev deyir, haz\u0131rda k\u0259nd sakinl\u0259ri heyvan otarma\u011fa yer tapmad\u0131qlar\u0131 halda Fazil G\u00fcliyev 350 hektarl\u0131q sah\u0259d\u0259 \u00f6z mal-qaras\u0131n\u0131, qoyun-quzusunu otar\u0131r, he\u00e7 k\u0259si d\u0259 sah\u0259y\u0259 yax\u0131n buraxm\u0131r:\n<\/p>\n<p>\n  \u201cSentyabr\u0131n 12-d\u0259 h\u0259min sah\u0259d\u0259 heyvan otarmaq ist\u0259y\u0259n bir k\u0259nd sakinin\u0259 x\u0259sar\u0259t yetirdiyi \u00fc\u00e7\u00fcn h\u0259min sakin icra n\u00fcmay\u0259nd\u0259sind\u0259n polis\u0259 \u015fikay\u0259t edib\u201d.\n<\/p>\n<p>\n  \u015eamax\u0131 Rayon \u0130cra Hakimiyy\u0259tind\u0259n bildirilib ki, m\u0259s\u0259l\u0259 m\u0259hk\u0259m\u0259 bax\u0131\u015f\u0131nda olub v\u0259 m\u0259s\u0259l\u0259y\u0259 h\u00fcquqi qiym\u0259t verilib. Sumqay\u0131t Apelyasiya M\u0259hk\u0259m\u0259si d\u0259 birinci m\u0259hk\u0259m\u0259nin q\u0259tnam\u0259sini q\u00fcvv\u0259sind\u0259 saxlay\u0131b. \u018fzizbaba F\u0259tullayev indi d\u0259 Sumqay\u0131t \u0130nzibati-\u0130qtisad M\u0259hk\u0259m\u0259sin\u0259 m\u00fcraci\u0259t edib v\u0259 sentyabr\u0131n 25-d\u0259 m\u0259hk\u0259m\u0259 prosesi olacaq. Son s\u00f6z\u00fc yen\u0259 m\u0259hk\u0259m\u0259 dey\u0259c\u0259k.\n<\/p>\n<p>\n  Meydan TV m\u00fcxbiri \u015eamax\u0131 rayon \u0130cra Hakimiyy\u0259ti ba\u015f\u00e7\u0131s\u0131n\u0131n Birinci \u00c7ayl\u0131 k\u0259nd \u0259razi dair\u0259si \u00fczr\u0259 n\u00fcmay\u0259nd\u0259si Fazil G\u00fcliyevl\u0259 \u0259laq\u0259 yarada bilm\u0259s\u0259 d\u0259, m\u0259hk\u0259m\u0259d\u0259ki izahat\u0131n\u0131 t\u0259qdim edir. O, izahat\u0131nda iddian\u0131 q\u0259bul etm\u0259yib v\u0259 bildirib ki, 1997-ci ild\u0259 ona torpaq sah\u0259si verilib. H\u0259min torpaq sah\u0259sin\u0259 dair \u0259mlak pay\u0131 v\u0259 icar\u0259haqq\u0131n\u0131n \u00f6d\u0259nilm\u0259si bar\u0259d\u0259 q\u0259bz var. M\u00fcqavil\u0259nin bitm\u0259sin\u0259 baxmayaraq torpaq vergisini \u00f6d\u0259yir. B\u0259l\u0259diyy\u0259d\u0259n xahi\u015f edib ki, m\u00fcqavil\u0259nin m\u00fcdd\u0259ti uzad\u0131ls\u0131n. Ancaq s\u00fcr\u00fcnd\u00fcrm\u0259\u00e7ilik edilir v\u0259 m\u00fcqavil\u0259nin m\u00fcdd\u0259ti uzad\u0131lm\u0131r. B\u0259l\u0259diyy\u0259 qanunsuz iclas ke\u00e7irib v\u0259 torpaqlar\u0131n sat\u0131lmas\u0131n\u0131 q\u0259rarla\u015fd\u0131r\u0131b. D\u00f6vl\u0259t qullu\u011funa ke\u00e7m\u0259si il\u0259 \u0259laq\u0259dar torpaq sah\u0259si b\u0259l\u0259diyy\u0259nin q\u0259rar\u0131 il\u0259 o\u011flu V\u00fcsal\u0131n ad\u0131na r\u0259smil\u0259\u015fdirilib. T\u0259s\u0259rr\u00fcfat i\u015fl\u0259rind\u0259 s\u0259ri\u015ft\u0259si oldu\u011fu \u00fc\u00e7\u00fcn o\u011flunun tap\u015f\u0131rd\u0131\u011f\u0131 i\u015fl\u0259ri icra edir.<\/p>\n","protected":false},"excerpt":{"rendered":"<p>\u018fzizbaba F\u0259tullayev: &#8221;C\u0259zas\u0131zl\u0131q ona g\u0259tirib \u00e7\u0131xartd\u0131 ki, icra n\u00fcmay\u0259nd\u0259si vaxtil\u0259 z\u0259bt etdiyi 150 hektarl\u0131q \u0259razi il\u0259 kifay\u0259tl\u0259nm\u0259di, \u0259trafdak\u0131 sah\u0259l\u0259ri d\u0259 z\u0259bt etdi&#8221;<\/p>\n","protected":false},"author":11,"featured_media":109549,"comment_status":"closed","ping_status":"open","sticky":false,"template":"","format":"standard","meta":{"_acf_changed":false,"_sitemap_exclude":false,"_sitemap_priority":"","_sitemap_frequency":"","footnotes":""},"categories":[60],"tags":[],"class_list":["post-191665","post","type-post","status-publish","format-standard","has-post-thumbnail","hentry","category-bolge","infinite-scroll-item","generate-columns","tablet-grid-50","mobile-grid-100","grid-parent","grid-33","no-featured-image-padding"],"acf":[],"yoast_head":"<!-- This site is optimized with the Yoast SEO plugin v27.4 - https:\/\/yoast.com\/product\/yoast-seo-wordpress\/ -->\n<title>B\u0259l\u0259diyy\u0259 s\u0259dri: &#039;&#039;\u0130cra n\u00fcmay\u0259nd\u0259si 350 hektar torpaq sah\u0259sind\u0259n qanunsuz istifad\u0259 edir\u201d&#039; - MEYDAN.TV<\/title>\n<meta name=\"robots\" content=\"index, follow, max-snippet:-1, max-image-preview:large, max-video-preview:-1\" \/>\n<link rel=\"canonical\" href=\"https:\/\/www.meydan.tv\/az\/article\/belediyye-sedri-icra-numayendesi-350-hektar-torpaq-sahesinden-qanunsuz-istifade-edir\/\" \/>\n<meta property=\"og:locale\" content=\"az_AZ\" \/>\n<meta property=\"og:type\" content=\"article\" \/>\n<meta property=\"og:title\" content=\"B\u0259l\u0259diyy\u0259 s\u0259dri: &#039;&#039;\u0130cra n\u00fcmay\u0259nd\u0259si 350 hektar torpaq sah\u0259sind\u0259n qanunsuz istifad\u0259 edir\u201d&#039; - MEYDAN.TV\" \/>\n<meta property=\"og:description\" content=\"\u018fzizbaba F\u0259tullayev: &#039;&#039;C\u0259zas\u0131zl\u0131q ona g\u0259tirib \u00e7\u0131xartd\u0131 ki, icra n\u00fcmay\u0259nd\u0259si vaxtil\u0259 z\u0259bt etdiyi 150 hektarl\u0131q \u0259razi il\u0259 kifay\u0259tl\u0259nm\u0259di, \u0259trafdak\u0131 sah\u0259l\u0259ri d\u0259 z\u0259bt etdi&#039;&#039;\" \/>\n<meta property=\"og:url\" content=\"https:\/\/www.meydan.tv\/az\/article\/belediyye-sedri-icra-numayendesi-350-hektar-torpaq-sahesinden-qanunsuz-istifade-edir\/\" \/>\n<meta property=\"og:site_name\" content=\"MEYDAN.TV\" \/>\n<meta property=\"article:published_time\" content=\"2018-09-14T17:02:49+00:00\" \/>\n<meta property=\"og:image\" content=\"https:\/\/www.meydan.tv\/wp-content\/uploads\/43558.jpg\" \/>\n\t<meta property=\"og:image:width\" content=\"645\" \/>\n\t<meta property=\"og:image:height\" content=\"960\" \/>\n\t<meta property=\"og:image:type\" content=\"image\/jpeg\" \/>\n<meta name=\"author\" content=\"user-manager\" \/>\n<meta name=\"twitter:card\" content=\"summary_large_image\" \/>\n<script type=\"application\/ld+json\" class=\"yoast-schema-graph\">{\"@context\":\"https:\\\/\\\/schema.org\",\"@graph\":[{\"@type\":\"Article\",\"@id\":\"https:\\\/\\\/www.meydan.tv\\\/az\\\/article\\\/belediyye-sedri-icra-numayendesi-350-hektar-torpaq-sahesinden-qanunsuz-istifade-edir\\\/#article\",\"isPartOf\":{\"@id\":\"https:\\\/\\\/www.meydan.tv\\\/az\\\/article\\\/belediyye-sedri-icra-numayendesi-350-hektar-torpaq-sahesinden-qanunsuz-istifade-edir\\\/\"},\"author\":{\"name\":\"user-manager\",\"@id\":\"https:\\\/\\\/www.meydan.tv\\\/az\\\/#\\\/schema\\\/person\\\/10d11eccf6da3662cf5fdab9806ea91a\"},\"headline\":\"B\u0259l\u0259diyy\u0259 s\u0259dri: &#8221;\u0130cra n\u00fcmay\u0259nd\u0259si 350 hektar torpaq sah\u0259sind\u0259n qanunsuz istifad\u0259 edir\u201d&#8217;\",\"datePublished\":\"2018-09-14T17:02:49+00:00\",\"mainEntityOfPage\":{\"@id\":\"https:\\\/\\\/www.meydan.tv\\\/az\\\/article\\\/belediyye-sedri-icra-numayendesi-350-hektar-torpaq-sahesinden-qanunsuz-istifade-edir\\\/\"},\"wordCount\":1492,\"publisher\":{\"@id\":\"https:\\\/\\\/www.meydan.tv\\\/az\\\/#organization\"},\"image\":{\"@id\":\"https:\\\/\\\/www.meydan.tv\\\/az\\\/article\\\/belediyye-sedri-icra-numayendesi-350-hektar-torpaq-sahesinden-qanunsuz-istifade-edir\\\/#primaryimage\"},\"thumbnailUrl\":\"https:\\\/\\\/www.meydan.tv\\\/wp-content\\\/uploads\\\/43558.jpg\",\"articleSection\":[\"B\u00f6lg\u0259\"],\"inLanguage\":\"az\"},{\"@type\":\"WebPage\",\"@id\":\"https:\\\/\\\/www.meydan.tv\\\/az\\\/article\\\/belediyye-sedri-icra-numayendesi-350-hektar-torpaq-sahesinden-qanunsuz-istifade-edir\\\/\",\"url\":\"https:\\\/\\\/www.meydan.tv\\\/az\\\/article\\\/belediyye-sedri-icra-numayendesi-350-hektar-torpaq-sahesinden-qanunsuz-istifade-edir\\\/\",\"name\":\"B\u0259l\u0259diyy\u0259 s\u0259dri: ''\u0130cra n\u00fcmay\u0259nd\u0259si 350 hektar torpaq sah\u0259sind\u0259n qanunsuz istifad\u0259 edir\u201d' - MEYDAN.TV\",\"isPartOf\":{\"@id\":\"https:\\\/\\\/www.meydan.tv\\\/az\\\/#website\"},\"primaryImageOfPage\":{\"@id\":\"https:\\\/\\\/www.meydan.tv\\\/az\\\/article\\\/belediyye-sedri-icra-numayendesi-350-hektar-torpaq-sahesinden-qanunsuz-istifade-edir\\\/#primaryimage\"},\"image\":{\"@id\":\"https:\\\/\\\/www.meydan.tv\\\/az\\\/article\\\/belediyye-sedri-icra-numayendesi-350-hektar-torpaq-sahesinden-qanunsuz-istifade-edir\\\/#primaryimage\"},\"thumbnailUrl\":\"https:\\\/\\\/www.meydan.tv\\\/wp-content\\\/uploads\\\/43558.jpg\",\"datePublished\":\"2018-09-14T17:02:49+00:00\",\"breadcrumb\":{\"@id\":\"https:\\\/\\\/www.meydan.tv\\\/az\\\/article\\\/belediyye-sedri-icra-numayendesi-350-hektar-torpaq-sahesinden-qanunsuz-istifade-edir\\\/#breadcrumb\"},\"inLanguage\":\"az\",\"potentialAction\":[{\"@type\":\"ReadAction\",\"target\":[\"https:\\\/\\\/www.meydan.tv\\\/az\\\/article\\\/belediyye-sedri-icra-numayendesi-350-hektar-torpaq-sahesinden-qanunsuz-istifade-edir\\\/\"]}]},{\"@type\":\"ImageObject\",\"inLanguage\":\"az\",\"@id\":\"https:\\\/\\\/www.meydan.tv\\\/az\\\/article\\\/belediyye-sedri-icra-numayendesi-350-hektar-torpaq-sahesinden-qanunsuz-istifade-edir\\\/#primaryimage\",\"url\":\"https:\\\/\\\/www.meydan.tv\\\/wp-content\\\/uploads\\\/43558.jpg\",\"contentUrl\":\"https:\\\/\\\/www.meydan.tv\\\/wp-content\\\/uploads\\\/43558.jpg\",\"width\":645,\"height\":960,\"caption\":\"Source:\"},{\"@type\":\"BreadcrumbList\",\"@id\":\"https:\\\/\\\/www.meydan.tv\\\/az\\\/article\\\/belediyye-sedri-icra-numayendesi-350-hektar-torpaq-sahesinden-qanunsuz-istifade-edir\\\/#breadcrumb\",\"itemListElement\":[{\"@type\":\"ListItem\",\"position\":1,\"name\":\"Ana s\u0259hif\u0259\",\"item\":\"https:\\\/\\\/www.meydan.tv\\\/az\\\/\"},{\"@type\":\"ListItem\",\"position\":2,\"name\":\"B\u00f6lg\u0259\",\"item\":\"https:\\\/\\\/www.meydan.tv\\\/az\\\/section\\\/bolge\\\/\"},{\"@type\":\"ListItem\",\"position\":3,\"name\":\"B\u0259l\u0259diyy\u0259 s\u0259dri: &#8221;\u0130cra n\u00fcmay\u0259nd\u0259si 350 hektar torpaq sah\u0259sind\u0259n qanunsuz istifad\u0259 edir\u201d&#8217;\"}]},{\"@type\":\"WebSite\",\"@id\":\"https:\\\/\\\/www.meydan.tv\\\/az\\\/#website\",\"url\":\"https:\\\/\\\/www.meydan.tv\\\/az\\\/\",\"name\":\"MEYDAN.TV\",\"description\":\"Meydan TV Az\u0259rbaycan\u0131n media m\u0259kan\u0131ndak\u0131 alternativ s\u0259sidir\",\"publisher\":{\"@id\":\"https:\\\/\\\/www.meydan.tv\\\/az\\\/#organization\"},\"potentialAction\":[{\"@type\":\"SearchAction\",\"target\":{\"@type\":\"EntryPoint\",\"urlTemplate\":\"https:\\\/\\\/www.meydan.tv\\\/az\\\/?s={search_term_string}\"},\"query-input\":{\"@type\":\"PropertyValueSpecification\",\"valueRequired\":true,\"valueName\":\"search_term_string\"}}],\"inLanguage\":\"az\"},{\"@type\":\"Organization\",\"@id\":\"https:\\\/\\\/www.meydan.tv\\\/az\\\/#organization\",\"name\":\"Meydan TV\",\"url\":\"https:\\\/\\\/www.meydan.tv\\\/az\\\/\",\"logo\":{\"@type\":\"ImageObject\",\"inLanguage\":\"az\",\"@id\":\"https:\\\/\\\/www.meydan.tv\\\/az\\\/#\\\/schema\\\/logo\\\/image\\\/\",\"url\":\"https:\\\/\\\/www.meydan.tv\\\/wp-content\\\/uploads\\\/2021\\\/07\\\/meydan-logo.svg\",\"contentUrl\":\"https:\\\/\\\/www.meydan.tv\\\/wp-content\\\/uploads\\\/2021\\\/07\\\/meydan-logo.svg\",\"width\":195,\"height\":46,\"caption\":\"Meydan TV\"},\"image\":{\"@id\":\"https:\\\/\\\/www.meydan.tv\\\/az\\\/#\\\/schema\\\/logo\\\/image\\\/\"}},{\"@type\":\"Person\",\"@id\":\"https:\\\/\\\/www.meydan.tv\\\/az\\\/#\\\/schema\\\/person\\\/10d11eccf6da3662cf5fdab9806ea91a\",\"name\":\"user-manager\"}]}<\/script>\n<!-- \/ Yoast SEO plugin. -->","yoast_head_json":{"title":"B\u0259l\u0259diyy\u0259 s\u0259dri: ''\u0130cra n\u00fcmay\u0259nd\u0259si 350 hektar torpaq sah\u0259sind\u0259n qanunsuz istifad\u0259 edir\u201d' - MEYDAN.TV","robots":{"index":"index","follow":"follow","max-snippet":"max-snippet:-1","max-image-preview":"max-image-preview:large","max-video-preview":"max-video-preview:-1"},"canonical":"https:\/\/www.meydan.tv\/az\/article\/belediyye-sedri-icra-numayendesi-350-hektar-torpaq-sahesinden-qanunsuz-istifade-edir\/","og_locale":"az_AZ","og_type":"article","og_title":"B\u0259l\u0259diyy\u0259 s\u0259dri: ''\u0130cra n\u00fcmay\u0259nd\u0259si 350 hektar torpaq sah\u0259sind\u0259n qanunsuz istifad\u0259 edir\u201d' - MEYDAN.TV","og_description":"\u018fzizbaba F\u0259tullayev: ''C\u0259zas\u0131zl\u0131q ona g\u0259tirib \u00e7\u0131xartd\u0131 ki, icra n\u00fcmay\u0259nd\u0259si vaxtil\u0259 z\u0259bt etdiyi 150 hektarl\u0131q \u0259razi il\u0259 kifay\u0259tl\u0259nm\u0259di, \u0259trafdak\u0131 sah\u0259l\u0259ri d\u0259 z\u0259bt etdi''","og_url":"https:\/\/www.meydan.tv\/az\/article\/belediyye-sedri-icra-numayendesi-350-hektar-torpaq-sahesinden-qanunsuz-istifade-edir\/","og_site_name":"MEYDAN.TV","article_published_time":"2018-09-14T17:02:49+00:00","og_image":[{"width":645,"height":960,"url":"https:\/\/www.meydan.tv\/wp-content\/uploads\/43558.jpg","type":"image\/jpeg"}],"author":"user-manager","twitter_card":"summary_large_image","schema":{"@context":"https:\/\/schema.org","@graph":[{"@type":"Article","@id":"https:\/\/www.meydan.tv\/az\/article\/belediyye-sedri-icra-numayendesi-350-hektar-torpaq-sahesinden-qanunsuz-istifade-edir\/#article","isPartOf":{"@id":"https:\/\/www.meydan.tv\/az\/article\/belediyye-sedri-icra-numayendesi-350-hektar-torpaq-sahesinden-qanunsuz-istifade-edir\/"},"author":{"name":"user-manager","@id":"https:\/\/www.meydan.tv\/az\/#\/schema\/person\/10d11eccf6da3662cf5fdab9806ea91a"},"headline":"B\u0259l\u0259diyy\u0259 s\u0259dri: &#8221;\u0130cra n\u00fcmay\u0259nd\u0259si 350 hektar torpaq sah\u0259sind\u0259n qanunsuz istifad\u0259 edir\u201d&#8217;","datePublished":"2018-09-14T17:02:49+00:00","mainEntityOfPage":{"@id":"https:\/\/www.meydan.tv\/az\/article\/belediyye-sedri-icra-numayendesi-350-hektar-torpaq-sahesinden-qanunsuz-istifade-edir\/"},"wordCount":1492,"publisher":{"@id":"https:\/\/www.meydan.tv\/az\/#organization"},"image":{"@id":"https:\/\/www.meydan.tv\/az\/article\/belediyye-sedri-icra-numayendesi-350-hektar-torpaq-sahesinden-qanunsuz-istifade-edir\/#primaryimage"},"thumbnailUrl":"https:\/\/www.meydan.tv\/wp-content\/uploads\/43558.jpg","articleSection":["B\u00f6lg\u0259"],"inLanguage":"az"},{"@type":"WebPage","@id":"https:\/\/www.meydan.tv\/az\/article\/belediyye-sedri-icra-numayendesi-350-hektar-torpaq-sahesinden-qanunsuz-istifade-edir\/","url":"https:\/\/www.meydan.tv\/az\/article\/belediyye-sedri-icra-numayendesi-350-hektar-torpaq-sahesinden-qanunsuz-istifade-edir\/","name":"B\u0259l\u0259diyy\u0259 s\u0259dri: ''\u0130cra n\u00fcmay\u0259nd\u0259si 350 hektar torpaq sah\u0259sind\u0259n qanunsuz istifad\u0259 edir\u201d' - MEYDAN.TV","isPartOf":{"@id":"https:\/\/www.meydan.tv\/az\/#website"},"primaryImageOfPage":{"@id":"https:\/\/www.meydan.tv\/az\/article\/belediyye-sedri-icra-numayendesi-350-hektar-torpaq-sahesinden-qanunsuz-istifade-edir\/#primaryimage"},"image":{"@id":"https:\/\/www.meydan.tv\/az\/article\/belediyye-sedri-icra-numayendesi-350-hektar-torpaq-sahesinden-qanunsuz-istifade-edir\/#primaryimage"},"thumbnailUrl":"https:\/\/www.meydan.tv\/wp-content\/uploads\/43558.jpg","datePublished":"2018-09-14T17:02:49+00:00","breadcrumb":{"@id":"https:\/\/www.meydan.tv\/az\/article\/belediyye-sedri-icra-numayendesi-350-hektar-torpaq-sahesinden-qanunsuz-istifade-edir\/#breadcrumb"},"inLanguage":"az","potentialAction":[{"@type":"ReadAction","target":["https:\/\/www.meydan.tv\/az\/article\/belediyye-sedri-icra-numayendesi-350-hektar-torpaq-sahesinden-qanunsuz-istifade-edir\/"]}]},{"@type":"ImageObject","inLanguage":"az","@id":"https:\/\/www.meydan.tv\/az\/article\/belediyye-sedri-icra-numayendesi-350-hektar-torpaq-sahesinden-qanunsuz-istifade-edir\/#primaryimage","url":"https:\/\/www.meydan.tv\/wp-content\/uploads\/43558.jpg","contentUrl":"https:\/\/www.meydan.tv\/wp-content\/uploads\/43558.jpg","width":645,"height":960,"caption":"Source:"},{"@type":"BreadcrumbList","@id":"https:\/\/www.meydan.tv\/az\/article\/belediyye-sedri-icra-numayendesi-350-hektar-torpaq-sahesinden-qanunsuz-istifade-edir\/#breadcrumb","itemListElement":[{"@type":"ListItem","position":1,"name":"Ana s\u0259hif\u0259","item":"https:\/\/www.meydan.tv\/az\/"},{"@type":"ListItem","position":2,"name":"B\u00f6lg\u0259","item":"https:\/\/www.meydan.tv\/az\/section\/bolge\/"},{"@type":"ListItem","position":3,"name":"B\u0259l\u0259diyy\u0259 s\u0259dri: &#8221;\u0130cra n\u00fcmay\u0259nd\u0259si 350 hektar torpaq sah\u0259sind\u0259n qanunsuz istifad\u0259 edir\u201d&#8217;"}]},{"@type":"WebSite","@id":"https:\/\/www.meydan.tv\/az\/#website","url":"https:\/\/www.meydan.tv\/az\/","name":"MEYDAN.TV","description":"Meydan TV Az\u0259rbaycan\u0131n media m\u0259kan\u0131ndak\u0131 alternativ s\u0259sidir","publisher":{"@id":"https:\/\/www.meydan.tv\/az\/#organization"},"potentialAction":[{"@type":"SearchAction","target":{"@type":"EntryPoint","urlTemplate":"https:\/\/www.meydan.tv\/az\/?s={search_term_string}"},"query-input":{"@type":"PropertyValueSpecification","valueRequired":true,"valueName":"search_term_string"}}],"inLanguage":"az"},{"@type":"Organization","@id":"https:\/\/www.meydan.tv\/az\/#organization","name":"Meydan TV","url":"https:\/\/www.meydan.tv\/az\/","logo":{"@type":"ImageObject","inLanguage":"az","@id":"https:\/\/www.meydan.tv\/az\/#\/schema\/logo\/image\/","url":"https:\/\/www.meydan.tv\/wp-content\/uploads\/2021\/07\/meydan-logo.svg","contentUrl":"https:\/\/www.meydan.tv\/wp-content\/uploads\/2021\/07\/meydan-logo.svg","width":195,"height":46,"caption":"Meydan TV"},"image":{"@id":"https:\/\/www.meydan.tv\/az\/#\/schema\/logo\/image\/"}},{"@type":"Person","@id":"https:\/\/www.meydan.tv\/az\/#\/schema\/person\/10d11eccf6da3662cf5fdab9806ea91a","name":"user-manager"}]}},"_links":{"self":[{"href":"https:\/\/www.meydan.tv\/az\/wp-json\/wp\/v2\/posts\/191665","targetHints":{"allow":["GET"]}}],"collection":[{"href":"https:\/\/www.meydan.tv\/az\/wp-json\/wp\/v2\/posts"}],"about":[{"href":"https:\/\/www.meydan.tv\/az\/wp-json\/wp\/v2\/types\/post"}],"author":[{"embeddable":true,"href":"https:\/\/www.meydan.tv\/az\/wp-json\/wp\/v2\/users\/11"}],"replies":[{"embeddable":true,"href":"https:\/\/www.meydan.tv\/az\/wp-json\/wp\/v2\/comments?post=191665"}],"version-history":[{"count":0,"href":"https:\/\/www.meydan.tv\/az\/wp-json\/wp\/v2\/posts\/191665\/revisions"}],"wp:featuredmedia":[{"embeddable":true,"href":"https:\/\/www.meydan.tv\/az\/wp-json\/wp\/v2\/media\/109549"}],"wp:attachment":[{"href":"https:\/\/www.meydan.tv\/az\/wp-json\/wp\/v2\/media?parent=191665"}],"wp:term":[{"taxonomy":"category","embeddable":true,"href":"https:\/\/www.meydan.tv\/az\/wp-json\/wp\/v2\/categories?post=191665"},{"taxonomy":"post_tag","embeddable":true,"href":"https:\/\/www.meydan.tv\/az\/wp-json\/wp\/v2\/tags?post=191665"}],"curies":[{"name":"wp","href":"https:\/\/api.w.org\/{rel}","templated":true}]}}