{"id":191663,"date":"2018-09-14T15:43:34","date_gmt":"2018-09-14T15:43:34","guid":{"rendered":"https:\/\/www.meydan.tv\/article\/libermanin-seferi-tel-evivin-desteyine-arxalanan-azerbaycan-ucun-ehemiyyet-dasiyir\/"},"modified":"2018-09-14T15:43:34","modified_gmt":"2018-09-14T15:43:34","slug":"libermanin-seferi-tel-evivin-desteyine-arxalanan-azerbaycan-ucun-ehemiyyet-dasiyir","status":"publish","type":"post","link":"https:\/\/www.meydan.tv\/az\/article\/libermanin-seferi-tel-evivin-desteyine-arxalanan-azerbaycan-ucun-ehemiyyet-dasiyir\/","title":{"rendered":"&#8221;Liberman\u0131n s\u0259f\u0259ri Tel-\u018fvivin d\u0259st\u0259yin\u0259 arxalanan Az\u0259rbaycan \u00fc\u00e7\u00fcn \u0259h\u0259miyy\u0259t da\u015f\u0131y\u0131r&#8221;"},"content":{"rendered":"<figure class=\"wp-block-image size-large\">\n  <img decoding=\"async\" src=\"https:\/\/www.meydan.tv\/az\/foto-azertac-32\/\" alt=\"foto Az\u0259rtac\" class=\"wp-image-109543\"\/><figcaption>\n    foto Az\u0259rtac<br \/>\n  <\/figcaption><\/figure>\n<p>\n  <i><br \/>\n    &#8221;S\u0259f\u0259r \u0130srailin xarici t\u0259hl\u00fck\u0259sizliyinin prioritetini g\u00f6st\u0259rir&#8221;<br \/>\n  <\/i>\n<\/p>\n<p>\n  \u0130srailin m\u00fcdafi\u0259 naziri Aviqdor Liberman sentyabr\u0131n 12-13-d\u0259 iki C\u0259nubi Qafqaz \u00f6lk\u0259sin\u0259 &#8211; G\u00fcrc\u00fcstan v\u0259 Az\u0259rbaycana s\u0259f\u0259r edib.\n<\/p>\n<p>\n  \u201cTuran\u201d informasiya agentliyinin layih\u0259si olan \u201cASTNA.biz\u201d sayt\u0131nda s\u0259f\u0259r\u0259 dair analitik material d\u0259rc edilib.\n<\/p>\n<p>\n  Yaz\u0131da bildirilir ki, bu, \u0130srailin m\u00fcdafi\u0259 nazirinin C\u0259nubi Qafqaza ilk s\u0259f\u0259ridir, amma 2012-ci ilin aprelind\u0259 X\u0130N ba\u015f\u00e7\u0131s\u0131 v\u0259zif\u0259sind\u0259 regiona g\u0259lmi\u015f Liberman\u0131n ilk s\u0259f\u0259ri deyil.\n<\/p>\n<p>\n  \u201cX\u00fcsus\u0259n, Liberman 2015-ci ilin may\u0131nda X\u0130N ba\u015f\u00e7\u0131s\u0131 qismind\u0259 Az\u0259rbaycana g\u0259lib. Do\u011frudur, m\u00fcdafi\u0259 naziri olduqdan sonra o, 2017-ci ilin fevral\u0131nda M\u00fcnhen T\u0259hl\u00fck\u0259sizlik Konfrans\u0131nda prezident \u0130lham \u018fliyevl\u0259 g\u00f6r\u00fc\u015f d\u0259 ke\u00e7irib.\n<\/p>\n<p>\n  Y\u0259hudi d\u00f6vl\u0259tinin m\u00fcdafi\u0259 nazirinin ilk d\u0259f\u0259 iki \u00f6lk\u0259y\u0259 s\u0259f\u0259r etm\u0259si fakt\u0131 \u00f6z\u00fc bu s\u0259f\u0259rin \u0130srail \u00fc\u00e7\u00fcn v\u0259 bir o q\u0259d\u0259r d\u0259 G\u00fcrc\u00fcstan v\u0259 Az\u0259rbaycan \u00fc\u00e7\u00fcn t\u0259hl\u00fck\u0259sizlik n\u00f6qteyi-n\u0259z\u0259rd\u0259n \u0259h\u0259miyy\u0259tini g\u00f6st\u0259rir. \u0130srailin \u015fimal\u0131nda v\u0259 Qafqaz\u0131n c\u0259nubunda v\u0259ziyy\u0259t g\u00fcnd\u0259n-g\u00fcn\u0259 g\u0259rginl\u0259\u015fir. \u0130ran\u0131n \u0259l-qolunu Amerikan\u0131n sanksiyalar\u0131 ba\u011flay\u0131r, Suriya is\u0259 \u0130\u015e\u0130D-in v\u0259 onun m\u00fctt\u0259fiql\u0259rinin \u0130dlibd\u0259 m\u00fchasir\u0259y\u0259 al\u0131nm\u0131\u015f son istinadgah\u0131n\u0131 darmada\u011f\u0131n etm\u0259k \u0259r\u0259f\u0259sind\u0259dir\u201d.\n<\/p>\n<p>\n  Yaz\u0131 m\u00fc\u0259llifl\u0259ri qeyd edirl\u0259r ki, G\u00fcrc\u00fcstan\u0131n v\u0259 Az\u0259rbaycan\u0131n r\u0259smi m\u0259nb\u0259l\u0259ri Liberman\u0131n missiyas\u0131 haqq\u0131nda \u00e7ox az dan\u0131\u015f\u0131r.\n<\/p>\n<p>\n  Materialda bildirilir ki, \u0130srail naziri prezident \u018fliyevl\u0259 g\u00f6r\u00fc\u015fd\u0259 iqtisadi, h\u0259rbi, m\u0259d\u0259ni sah\u0259l\u0259rd\u0259 v\u0259 turizm sah\u0259sind\u0259 m\u00fcsb\u0259t dinamikan\u0131 qeyd edib. Az\u0259rbaycan\u0131n M\u00fcdafi\u0259 Nazirliyinin m\u0259lumat\u0131 daha konkret idi:\n<\/p>\n<p>\n  \u201c\u0130ki \u00f6lk\u0259 aras\u0131nda t\u0259r\u0259fda\u015fl\u0131\u011f\u0131n y\u00fcks\u0259k s\u0259viyy\u0259d\u0259 oldu\u011funu dey\u0259n m\u00fcdafi\u0259 naziri Zakir H\u0259s\u0259nov bu t\u0259r\u0259fda\u015fl\u0131\u011f\u0131n t\u0259kc\u0259 d\u00f6vl\u0259tl\u0259rimizin inki\u015faf\u0131nda deyil, h\u0259m d\u0259 b\u00fct\u00fcn regionda t\u0259hl\u00fck\u0259sizliyin t\u0259min edilm\u0259sind\u0259 b\u00f6y\u00fck rolunu qeyd edib&#8230; G\u00f6r\u00fc\u015fd\u0259 h\u0259m\u00e7inin regional t\u0259hl\u00fck\u0259sizlik aspektl\u0259ri, iki d\u00f6vl\u0259t aras\u0131nda h\u0259rbi, h\u0259rbi-texniki sah\u0259l\u0259rd\u0259 \u0259m\u0259kda\u015fl\u0131\u011f\u0131n inki\u015faf perspektivl\u0259ri, ekspertl\u0259r s\u0259viyy\u0259sind\u0259 i\u015fg\u00fczar g\u00f6r\u00fc\u015fl\u0259rin t\u0259\u015fkili v\u0259 qar\u015f\u0131l\u0131ql\u0131 maraq do\u011furan dig\u0259r m\u0259s\u0259l\u0259l\u0259r m\u00fczakir\u0259 olunub\u201d.\n<\/p>\n<p>\n  M\u0259qal\u0259d\u0259 vur\u011fulan\u0131b ki, G\u00fcrc\u00fcstan\u0131n \u015f\u0259rhind\u0259 Tbilisi s\u0259f\u0259ri a\u015fa\u011f\u0131dak\u0131 konturlara malik olub:<br \/>\n  <br \/>\n  \u201cLiberman g\u00fcrc\u00fc h\u0259mkar\u0131 Levan \u0130zoriya il\u0259 kibert\u0259hl\u00fck\u0259sizlik v\u0259 terrora qar\u015f\u0131 m\u00fcbariz\u0259 sah\u0259l\u0259rind\u0259 \u0259m\u0259kda\u015fl\u0131q haqq\u0131nda m\u00fcqavil\u0259 imzalay\u0131b. H\u0259m\u00e7inin, o, t\u0259hl\u00fck\u0259sizlik sah\u0259sind\u0259 \u0259m\u0259kda\u015fl\u0131\u011f\u0131n d\u00f6rd istiqam\u0259tini m\u00fc\u0259yy\u0259n edib, onlara ehtiyatda olan h\u0259rbi\u00e7il\u0259r \u00fc\u00e7\u00fcn xidm\u0259t yarad\u0131lmas\u0131n\u0131, kibert\u0259hl\u00fck\u0259sizliyi, d\u00f6vl\u0259tin m\u00fcdafi\u0259sini v\u0259 terrorizm\u0259 qar\u015f\u0131 m\u00fcbariz\u0259ni aid edib\u201d.<br \/>\n  <br \/>\n  Materialda bildirilir ki, klerikal \u0130ranla h\u0259ms\u0259rh\u0259d olan z\u0259if m\u00fcs\u0259lman Az\u0259rbaycan\u0131n x\u00fcsusi v\u0259ziyy\u0259tini, habel\u0259 Suriya m\u00fcnaqi\u015f\u0259si il\u0259 bir ne\u00e7\u0259 parametr \u00fczr\u0259 \u0259laq\u0259ni, o c\u00fcml\u0259d\u0259n Az\u0259rbaycanl\u0131 radikallar\u0131n Suriyada terror\u00e7u qrupla\u015fmalar\u0131n c\u0259rg\u0259l\u0259rind\u0259 qanunsuz i\u015ftirak\u0131n\u0131 n\u0259z\u0259r\u0259 alaraq, ehtimal etm\u0259k olar ki, Liberman\u0131n s\u0259f\u0259rinin Bak\u0131 hiss\u0259si strateji idi.\n<\/p>\n<p>\n  \u201cC\u0259nubi Qafqaz turnesind\u0259n t\u0259xmin\u0259n bir h\u0259ft\u0259 \u0259vv\u0259l Liberman \u0130srailin \u201cKalkalist\u201d n\u0259\u015frinin m\u00fcxbiri Tsaxa Zarxiya il\u0259 m\u00fcsahib\u0259d\u0259 bel\u0259 deyib: \u201cAmma indi, d\u00fc\u015fm\u0259nl\u0259rimizin b\u00f6y\u00fck m\u0259saf\u0259li d\u0259qiq raketl\u0259ri oldu\u011fu halda v\u0259ziyy\u0259t k\u0259skin, dramatik \u015f\u0259kild\u0259 d\u0259yi\u015fir. Biz sad\u0259c\u0259 olaraq bu yeni t\u0259hdidl\u0259r fonunda m\u00fcvafiq add\u0131mlar atmal\u0131y\u0131q. Bundan ba\u015fqa, bizim bird\u0259n-bir\u0259 \u0259vv\u0259ll\u0259r g\u00f6r\u00fclm\u0259mi\u015f qon\u015fular\u0131m\u0131z ortaya \u00e7\u0131x\u0131b, Rusiya da bizim g\u00f6z\u00fcm\u00fcz\u00fcn qaba\u011f\u0131ndad\u0131r, \u0130\u015e\u0130D var\u201d.\n<\/p>\n<p>\n  Azadl\u0131q Radiosunun \u0130ran xidm\u0259tin\u0259 m\u00fcsahib\u0259sind\u0259 Liberman deyib: \u201c\u0130ran\u0131n Suriya \u0259razisind\u0259 h\u0259rbi baza tikm\u0259sin\u0259 v\u0259 ya oraya ba\u015fqa \u015fi\u0259 \u00f6lk\u0259l\u0259rd\u0259n \u0130sraili t\u0259hdid ed\u0259c\u0259k milisl\u0259r g\u00f6nd\u0259rm\u0259sin\u0259 imkan verm\u0259m\u0259k \u00fc\u00e7\u00fcn \u0259limizd\u0259n g\u0259l\u0259ni ed\u0259c\u0259yik.\n<\/p>\n<p>\n  \u0130ran suveren d\u00f6vl\u0259tdir v\u0259 Suriya il\u0259 diplomatik v\u0259 iqtisadi \u0259laq\u0259l\u0259r\u0259 malik olmaq h\u00fcququna malikdir. Amma biz he\u00e7 vaxt \u0130ran\u0131n Suriyada h\u0259rbi i\u015ftirak\u0131 il\u0259 raz\u0131la\u015fmayaca\u011f\u0131q v\u0259 \u0130ran\u0131n \u0130srail\u0259 ziyan vurmas\u0131na v\u0259 Yax\u0131n \u015e\u0259rqd\u0259 sabitliyi pozmas\u0131na imkan verm\u0259y\u0259c\u0259yik.\n<\/p>\n<p>\n  \u0130srailin m\u00fcdafi\u0259 idar\u0259sinin r\u0259hb\u0259ri bu m\u00fcsahib\u0259d\u0259 onu da qeyd edib ki, \u0130ran \u00f6z v\u0259t\u0259nda\u015flar\u0131n\u0131n qay\u011f\u0131s\u0131na qalmaq \u0259v\u0259zin\u0259 terror f\u0259aliyy\u0259tin\u0259 b\u00f6y\u00fck v\u0259sait qoyur: \u0130qtisadiyyat\u0131 v\u0259 elmi inki\u015faf etdirm\u0259k yerin\u0259, \u0130ran rejimi m\u00fcst\u0259sna olaraq h\u0259rbi manevrl\u0259r\u0259 v\u0259 terror f\u0259aliyy\u0259tin\u0259 pul yat\u0131r\u0131r. Bu, bu g\u00fcn\u0259 q\u0259d\u0259r t\u0259kc\u0259 Suriyada 13 milyard dollardan \u00e7ox v\u0259sait x\u0259rcl\u0259y\u0259n v\u0259 h\u0259r il b\u00fct\u00fcn Yax\u0131n \u015e\u0259rqd\u0259 terrorun maliyy\u0259l\u0259\u015fdirilm\u0259sin\u0259 2 milyard dollardan \u00e7ox v\u0259sait yat\u0131ran fanatik rejimdir. Bu, \u0130ran xalq\u0131n\u0131n maraqlar\u0131na tamamil\u0259 ziddir\u201d.\n<\/p>\n<p>\n  Yaz\u0131 m\u00fc\u0259llifl\u0259ri hesab edirl\u0259r ki, Liberman\u0131n bu xarici siyasi b\u0259yanatlar\u0131 son zamanlar s\u0259sl\u0259ndirdiyi \u0259sas b\u0259yanat olub v\u0259 \u0130srailin xarici t\u0259hl\u00fck\u0259sizliyinin prioritetini g\u00f6st\u0259rir, bu da onun C\u0259nubi Qafqaza s\u0259f\u0259rinin s\u0259b\u0259bi ola bil\u0259rdi.\n<\/p>\n<p>\n  \u201cOnun C\u0259nubi Qafqaz s\u0259f\u0259ri x\u0259rit\u0259sind\u0259 Erm\u0259nistan\u0131n olmamas\u0131 da buna d\u0259lal\u0259t edir. Buna iki s\u0259b\u0259b var &#8211; bu \u00f6lk\u0259d\u0259 rus qo\u015funlar\u0131n\u0131n v\u0259 s\u0259rh\u0259d\u00e7il\u0259rinin m\u00f6vcudlu\u011fu v\u0259 m\u00fcnasib\u0259tl\u0259rin h\u0259l\u0259lik \u0130srail X\u0130N-in departament r\u0259hb\u0259ri s\u0259viyy\u0259si il\u0259 m\u0259hdudla\u015fan a\u015fa\u011f\u0131 s\u0259viyy\u0259si. Do\u011frudur, son vaxtlar Erm\u0259nistan \u0259laq\u0259l\u0259rin geni\u015fl\u0259ndirilm\u0259sin\u0259 maraq g\u00f6st\u0259rm\u0259y\u0259 ba\u015flay\u0131b, amma bu, h\u0259l\u0259lik Moskvadan ehtiyatlanaraq, d\u00f6y\u00fc\u015f k\u0259\u015ffiyyat\u0131ndan ba\u015fqa bir \u015fey deyil\u201d.\n<\/p>\n<p>\n  M\u00fc\u0259llif bildirir ki, Liberman\u0131n s\u0259f\u0259ri daxili v\u0259 xarici t\u0259hl\u00fck\u0259sizlik m\u0259s\u0259l\u0259l\u0259rind\u0259 Tel-\u018fvivin d\u0259st\u0259yin\u0259 d\u0259 arxalanan Az\u0259rbaycan \u00fc\u00e7\u00fcn \u0259h\u0259miyy\u0259t da\u015f\u0131y\u0131r.\n<\/p>\n<p>\n  \u201c2016-c\u0131 ilin aprelind\u0259 Az\u0259rbaycan v\u0259 Erm\u0259nistan aras\u0131nda \u00fc\u00e7 g\u00fcnl\u00fck m\u00fcharib\u0259d\u0259 q\u0259l\u0259b\u0259ni \u0259vv\u0259lc\u0259d\u0259n m\u00fc\u0259yy\u0259n ed\u0259n \u0130srail silah\u0131n\u0131n rolu buna n\u00fcmun\u0259 ola bil\u0259r. Az\u0259rbaycan \u0130sraild\u0259n 4 milyardl\u0131q \u0259n yeni silahlar al\u0131b v\u0259 iki \u00f6lk\u0259 \u00fc\u00e7\u00fcn d\u0259 \u00e7ox z\u0259ruri olan t\u0259hl\u00fck\u0259sizlik sah\u0259sind\u0259 qar\u015f\u0131l\u0131ql\u0131 m\u0259lumat m\u00fcbadil\u0259sini h\u0259yata ke\u00e7irir.<br \/>\n  <br \/>\n  Liberman\u0131n s\u0259f\u0259rinin n\u0259tic\u0259l\u0259rini \u00e7ox g\u00f6zl\u0259m\u0259k laz\u0131m g\u0259lm\u0259di, bel\u0259 ki, \u0130rana qar\u015f\u0131 sanksiyalar v\u0259 \u0130dlib \u0259m\u0259liyyat\u0131 f\u0259al inki\u015faf fazas\u0131ndad\u0131r v\u0259 hadis\u0259l\u0259ri s\u00fcr\u0259tl\u0259ndirir. Bu v\u0259ziyy\u0259td\u0259 iki qaynar n\u00f6qt\u0259 il\u0259 h\u0259ms\u0259rh\u0259d \u00f6lk\u0259l\u0259rin t\u0259hl\u00fck\u0259sizliyi m\u00f6hk\u0259mlik s\u0131na\u011f\u0131ndan ke\u00e7m\u0259li olacaq\u201d.<\/p>\n","protected":false},"excerpt":{"rendered":"<p>&#8221;S\u0259f\u0259r \u0130srailin xarici t\u0259hl\u00fck\u0259sizliyinin prioritetini g\u00f6st\u0259rir&#8221;<\/p>\n","protected":false},"author":11,"featured_media":109543,"comment_status":"closed","ping_status":"open","sticky":false,"template":"","format":"standard","meta":{"_acf_changed":false,"_sitemap_exclude":false,"_sitemap_priority":"","_sitemap_frequency":"","footnotes":""},"categories":[51],"tags":[],"class_list":["post-191663","post","type-post","status-publish","format-standard","has-post-thumbnail","hentry","category-analitika","infinite-scroll-item","generate-columns","tablet-grid-50","mobile-grid-100","grid-parent","grid-33","no-featured-image-padding"],"acf":[],"yoast_head":"<!-- This site is optimized with the Yoast SEO plugin v27.4 - https:\/\/yoast.com\/product\/yoast-seo-wordpress\/ -->\n<title>&#039;&#039;Liberman\u0131n s\u0259f\u0259ri Tel-\u018fvivin d\u0259st\u0259yin\u0259 arxalanan Az\u0259rbaycan \u00fc\u00e7\u00fcn \u0259h\u0259miyy\u0259t da\u015f\u0131y\u0131r&#039;&#039; - MEYDAN.TV<\/title>\n<meta name=\"robots\" content=\"index, follow, max-snippet:-1, max-image-preview:large, max-video-preview:-1\" \/>\n<link rel=\"canonical\" href=\"https:\/\/www.meydan.tv\/az\/article\/libermanin-seferi-tel-evivin-desteyine-arxalanan-azerbaycan-ucun-ehemiyyet-dasiyir\/\" \/>\n<meta property=\"og:locale\" content=\"az_AZ\" \/>\n<meta property=\"og:type\" content=\"article\" \/>\n<meta property=\"og:title\" content=\"&#039;&#039;Liberman\u0131n s\u0259f\u0259ri Tel-\u018fvivin d\u0259st\u0259yin\u0259 arxalanan Az\u0259rbaycan \u00fc\u00e7\u00fcn \u0259h\u0259miyy\u0259t da\u015f\u0131y\u0131r&#039;&#039; - MEYDAN.TV\" \/>\n<meta property=\"og:description\" content=\"&#039;&#039;S\u0259f\u0259r \u0130srailin xarici t\u0259hl\u00fck\u0259sizliyinin prioritetini g\u00f6st\u0259rir&#039;&#039;\" \/>\n<meta property=\"og:url\" content=\"https:\/\/www.meydan.tv\/az\/article\/libermanin-seferi-tel-evivin-desteyine-arxalanan-azerbaycan-ucun-ehemiyyet-dasiyir\/\" \/>\n<meta property=\"og:site_name\" content=\"MEYDAN.TV\" \/>\n<meta property=\"article:published_time\" content=\"2018-09-14T15:43:34+00:00\" \/>\n<meta property=\"og:image\" content=\"https:\/\/www.meydan.tv\/wp-content\/uploads\/43548.jpg\" \/>\n\t<meta property=\"og:image:width\" content=\"963\" \/>\n\t<meta property=\"og:image:height\" content=\"669\" \/>\n\t<meta property=\"og:image:type\" content=\"image\/jpeg\" \/>\n<meta name=\"author\" content=\"user-manager\" \/>\n<meta name=\"twitter:card\" content=\"summary_large_image\" \/>\n<script type=\"application\/ld+json\" class=\"yoast-schema-graph\">{\"@context\":\"https:\\\/\\\/schema.org\",\"@graph\":[{\"@type\":\"Article\",\"@id\":\"https:\\\/\\\/www.meydan.tv\\\/az\\\/article\\\/libermanin-seferi-tel-evivin-desteyine-arxalanan-azerbaycan-ucun-ehemiyyet-dasiyir\\\/#article\",\"isPartOf\":{\"@id\":\"https:\\\/\\\/www.meydan.tv\\\/az\\\/article\\\/libermanin-seferi-tel-evivin-desteyine-arxalanan-azerbaycan-ucun-ehemiyyet-dasiyir\\\/\"},\"author\":{\"name\":\"user-manager\",\"@id\":\"https:\\\/\\\/www.meydan.tv\\\/az\\\/#\\\/schema\\\/person\\\/10d11eccf6da3662cf5fdab9806ea91a\"},\"headline\":\"&#8221;Liberman\u0131n s\u0259f\u0259ri Tel-\u018fvivin d\u0259st\u0259yin\u0259 arxalanan Az\u0259rbaycan \u00fc\u00e7\u00fcn \u0259h\u0259miyy\u0259t da\u015f\u0131y\u0131r&#8221;\",\"datePublished\":\"2018-09-14T15:43:34+00:00\",\"mainEntityOfPage\":{\"@id\":\"https:\\\/\\\/www.meydan.tv\\\/az\\\/article\\\/libermanin-seferi-tel-evivin-desteyine-arxalanan-azerbaycan-ucun-ehemiyyet-dasiyir\\\/\"},\"wordCount\":1337,\"publisher\":{\"@id\":\"https:\\\/\\\/www.meydan.tv\\\/az\\\/#organization\"},\"image\":{\"@id\":\"https:\\\/\\\/www.meydan.tv\\\/az\\\/article\\\/libermanin-seferi-tel-evivin-desteyine-arxalanan-azerbaycan-ucun-ehemiyyet-dasiyir\\\/#primaryimage\"},\"thumbnailUrl\":\"https:\\\/\\\/www.meydan.tv\\\/wp-content\\\/uploads\\\/43548.jpg\",\"articleSection\":[\"Analitika\"],\"inLanguage\":\"az\"},{\"@type\":\"WebPage\",\"@id\":\"https:\\\/\\\/www.meydan.tv\\\/az\\\/article\\\/libermanin-seferi-tel-evivin-desteyine-arxalanan-azerbaycan-ucun-ehemiyyet-dasiyir\\\/\",\"url\":\"https:\\\/\\\/www.meydan.tv\\\/az\\\/article\\\/libermanin-seferi-tel-evivin-desteyine-arxalanan-azerbaycan-ucun-ehemiyyet-dasiyir\\\/\",\"name\":\"''Liberman\u0131n s\u0259f\u0259ri Tel-\u018fvivin d\u0259st\u0259yin\u0259 arxalanan Az\u0259rbaycan \u00fc\u00e7\u00fcn \u0259h\u0259miyy\u0259t da\u015f\u0131y\u0131r'' - MEYDAN.TV\",\"isPartOf\":{\"@id\":\"https:\\\/\\\/www.meydan.tv\\\/az\\\/#website\"},\"primaryImageOfPage\":{\"@id\":\"https:\\\/\\\/www.meydan.tv\\\/az\\\/article\\\/libermanin-seferi-tel-evivin-desteyine-arxalanan-azerbaycan-ucun-ehemiyyet-dasiyir\\\/#primaryimage\"},\"image\":{\"@id\":\"https:\\\/\\\/www.meydan.tv\\\/az\\\/article\\\/libermanin-seferi-tel-evivin-desteyine-arxalanan-azerbaycan-ucun-ehemiyyet-dasiyir\\\/#primaryimage\"},\"thumbnailUrl\":\"https:\\\/\\\/www.meydan.tv\\\/wp-content\\\/uploads\\\/43548.jpg\",\"datePublished\":\"2018-09-14T15:43:34+00:00\",\"breadcrumb\":{\"@id\":\"https:\\\/\\\/www.meydan.tv\\\/az\\\/article\\\/libermanin-seferi-tel-evivin-desteyine-arxalanan-azerbaycan-ucun-ehemiyyet-dasiyir\\\/#breadcrumb\"},\"inLanguage\":\"az\",\"potentialAction\":[{\"@type\":\"ReadAction\",\"target\":[\"https:\\\/\\\/www.meydan.tv\\\/az\\\/article\\\/libermanin-seferi-tel-evivin-desteyine-arxalanan-azerbaycan-ucun-ehemiyyet-dasiyir\\\/\"]}]},{\"@type\":\"ImageObject\",\"inLanguage\":\"az\",\"@id\":\"https:\\\/\\\/www.meydan.tv\\\/az\\\/article\\\/libermanin-seferi-tel-evivin-desteyine-arxalanan-azerbaycan-ucun-ehemiyyet-dasiyir\\\/#primaryimage\",\"url\":\"https:\\\/\\\/www.meydan.tv\\\/wp-content\\\/uploads\\\/43548.jpg\",\"contentUrl\":\"https:\\\/\\\/www.meydan.tv\\\/wp-content\\\/uploads\\\/43548.jpg\",\"width\":963,\"height\":669,\"caption\":\"Source:\"},{\"@type\":\"BreadcrumbList\",\"@id\":\"https:\\\/\\\/www.meydan.tv\\\/az\\\/article\\\/libermanin-seferi-tel-evivin-desteyine-arxalanan-azerbaycan-ucun-ehemiyyet-dasiyir\\\/#breadcrumb\",\"itemListElement\":[{\"@type\":\"ListItem\",\"position\":1,\"name\":\"Ana s\u0259hif\u0259\",\"item\":\"https:\\\/\\\/www.meydan.tv\\\/az\\\/\"},{\"@type\":\"ListItem\",\"position\":2,\"name\":\"Analitika\",\"item\":\"https:\\\/\\\/www.meydan.tv\\\/az\\\/section\\\/analitika\\\/\"},{\"@type\":\"ListItem\",\"position\":3,\"name\":\"&#8221;Liberman\u0131n s\u0259f\u0259ri Tel-\u018fvivin d\u0259st\u0259yin\u0259 arxalanan Az\u0259rbaycan \u00fc\u00e7\u00fcn \u0259h\u0259miyy\u0259t da\u015f\u0131y\u0131r&#8221;\"}]},{\"@type\":\"WebSite\",\"@id\":\"https:\\\/\\\/www.meydan.tv\\\/az\\\/#website\",\"url\":\"https:\\\/\\\/www.meydan.tv\\\/az\\\/\",\"name\":\"MEYDAN.TV\",\"description\":\"Meydan TV Az\u0259rbaycan\u0131n media m\u0259kan\u0131ndak\u0131 alternativ s\u0259sidir\",\"publisher\":{\"@id\":\"https:\\\/\\\/www.meydan.tv\\\/az\\\/#organization\"},\"potentialAction\":[{\"@type\":\"SearchAction\",\"target\":{\"@type\":\"EntryPoint\",\"urlTemplate\":\"https:\\\/\\\/www.meydan.tv\\\/az\\\/?s={search_term_string}\"},\"query-input\":{\"@type\":\"PropertyValueSpecification\",\"valueRequired\":true,\"valueName\":\"search_term_string\"}}],\"inLanguage\":\"az\"},{\"@type\":\"Organization\",\"@id\":\"https:\\\/\\\/www.meydan.tv\\\/az\\\/#organization\",\"name\":\"Meydan TV\",\"url\":\"https:\\\/\\\/www.meydan.tv\\\/az\\\/\",\"logo\":{\"@type\":\"ImageObject\",\"inLanguage\":\"az\",\"@id\":\"https:\\\/\\\/www.meydan.tv\\\/az\\\/#\\\/schema\\\/logo\\\/image\\\/\",\"url\":\"https:\\\/\\\/www.meydan.tv\\\/wp-content\\\/uploads\\\/2021\\\/07\\\/meydan-logo.svg\",\"contentUrl\":\"https:\\\/\\\/www.meydan.tv\\\/wp-content\\\/uploads\\\/2021\\\/07\\\/meydan-logo.svg\",\"width\":195,\"height\":46,\"caption\":\"Meydan TV\"},\"image\":{\"@id\":\"https:\\\/\\\/www.meydan.tv\\\/az\\\/#\\\/schema\\\/logo\\\/image\\\/\"}},{\"@type\":\"Person\",\"@id\":\"https:\\\/\\\/www.meydan.tv\\\/az\\\/#\\\/schema\\\/person\\\/10d11eccf6da3662cf5fdab9806ea91a\",\"name\":\"user-manager\"}]}<\/script>\n<!-- \/ Yoast SEO plugin. -->","yoast_head_json":{"title":"''Liberman\u0131n s\u0259f\u0259ri Tel-\u018fvivin d\u0259st\u0259yin\u0259 arxalanan Az\u0259rbaycan \u00fc\u00e7\u00fcn \u0259h\u0259miyy\u0259t da\u015f\u0131y\u0131r'' - MEYDAN.TV","robots":{"index":"index","follow":"follow","max-snippet":"max-snippet:-1","max-image-preview":"max-image-preview:large","max-video-preview":"max-video-preview:-1"},"canonical":"https:\/\/www.meydan.tv\/az\/article\/libermanin-seferi-tel-evivin-desteyine-arxalanan-azerbaycan-ucun-ehemiyyet-dasiyir\/","og_locale":"az_AZ","og_type":"article","og_title":"''Liberman\u0131n s\u0259f\u0259ri Tel-\u018fvivin d\u0259st\u0259yin\u0259 arxalanan Az\u0259rbaycan \u00fc\u00e7\u00fcn \u0259h\u0259miyy\u0259t da\u015f\u0131y\u0131r'' - MEYDAN.TV","og_description":"''S\u0259f\u0259r \u0130srailin xarici t\u0259hl\u00fck\u0259sizliyinin prioritetini g\u00f6st\u0259rir''","og_url":"https:\/\/www.meydan.tv\/az\/article\/libermanin-seferi-tel-evivin-desteyine-arxalanan-azerbaycan-ucun-ehemiyyet-dasiyir\/","og_site_name":"MEYDAN.TV","article_published_time":"2018-09-14T15:43:34+00:00","og_image":[{"width":963,"height":669,"url":"https:\/\/www.meydan.tv\/wp-content\/uploads\/43548.jpg","type":"image\/jpeg"}],"author":"user-manager","twitter_card":"summary_large_image","schema":{"@context":"https:\/\/schema.org","@graph":[{"@type":"Article","@id":"https:\/\/www.meydan.tv\/az\/article\/libermanin-seferi-tel-evivin-desteyine-arxalanan-azerbaycan-ucun-ehemiyyet-dasiyir\/#article","isPartOf":{"@id":"https:\/\/www.meydan.tv\/az\/article\/libermanin-seferi-tel-evivin-desteyine-arxalanan-azerbaycan-ucun-ehemiyyet-dasiyir\/"},"author":{"name":"user-manager","@id":"https:\/\/www.meydan.tv\/az\/#\/schema\/person\/10d11eccf6da3662cf5fdab9806ea91a"},"headline":"&#8221;Liberman\u0131n s\u0259f\u0259ri Tel-\u018fvivin d\u0259st\u0259yin\u0259 arxalanan Az\u0259rbaycan \u00fc\u00e7\u00fcn \u0259h\u0259miyy\u0259t da\u015f\u0131y\u0131r&#8221;","datePublished":"2018-09-14T15:43:34+00:00","mainEntityOfPage":{"@id":"https:\/\/www.meydan.tv\/az\/article\/libermanin-seferi-tel-evivin-desteyine-arxalanan-azerbaycan-ucun-ehemiyyet-dasiyir\/"},"wordCount":1337,"publisher":{"@id":"https:\/\/www.meydan.tv\/az\/#organization"},"image":{"@id":"https:\/\/www.meydan.tv\/az\/article\/libermanin-seferi-tel-evivin-desteyine-arxalanan-azerbaycan-ucun-ehemiyyet-dasiyir\/#primaryimage"},"thumbnailUrl":"https:\/\/www.meydan.tv\/wp-content\/uploads\/43548.jpg","articleSection":["Analitika"],"inLanguage":"az"},{"@type":"WebPage","@id":"https:\/\/www.meydan.tv\/az\/article\/libermanin-seferi-tel-evivin-desteyine-arxalanan-azerbaycan-ucun-ehemiyyet-dasiyir\/","url":"https:\/\/www.meydan.tv\/az\/article\/libermanin-seferi-tel-evivin-desteyine-arxalanan-azerbaycan-ucun-ehemiyyet-dasiyir\/","name":"''Liberman\u0131n s\u0259f\u0259ri Tel-\u018fvivin d\u0259st\u0259yin\u0259 arxalanan Az\u0259rbaycan \u00fc\u00e7\u00fcn \u0259h\u0259miyy\u0259t da\u015f\u0131y\u0131r'' - MEYDAN.TV","isPartOf":{"@id":"https:\/\/www.meydan.tv\/az\/#website"},"primaryImageOfPage":{"@id":"https:\/\/www.meydan.tv\/az\/article\/libermanin-seferi-tel-evivin-desteyine-arxalanan-azerbaycan-ucun-ehemiyyet-dasiyir\/#primaryimage"},"image":{"@id":"https:\/\/www.meydan.tv\/az\/article\/libermanin-seferi-tel-evivin-desteyine-arxalanan-azerbaycan-ucun-ehemiyyet-dasiyir\/#primaryimage"},"thumbnailUrl":"https:\/\/www.meydan.tv\/wp-content\/uploads\/43548.jpg","datePublished":"2018-09-14T15:43:34+00:00","breadcrumb":{"@id":"https:\/\/www.meydan.tv\/az\/article\/libermanin-seferi-tel-evivin-desteyine-arxalanan-azerbaycan-ucun-ehemiyyet-dasiyir\/#breadcrumb"},"inLanguage":"az","potentialAction":[{"@type":"ReadAction","target":["https:\/\/www.meydan.tv\/az\/article\/libermanin-seferi-tel-evivin-desteyine-arxalanan-azerbaycan-ucun-ehemiyyet-dasiyir\/"]}]},{"@type":"ImageObject","inLanguage":"az","@id":"https:\/\/www.meydan.tv\/az\/article\/libermanin-seferi-tel-evivin-desteyine-arxalanan-azerbaycan-ucun-ehemiyyet-dasiyir\/#primaryimage","url":"https:\/\/www.meydan.tv\/wp-content\/uploads\/43548.jpg","contentUrl":"https:\/\/www.meydan.tv\/wp-content\/uploads\/43548.jpg","width":963,"height":669,"caption":"Source:"},{"@type":"BreadcrumbList","@id":"https:\/\/www.meydan.tv\/az\/article\/libermanin-seferi-tel-evivin-desteyine-arxalanan-azerbaycan-ucun-ehemiyyet-dasiyir\/#breadcrumb","itemListElement":[{"@type":"ListItem","position":1,"name":"Ana s\u0259hif\u0259","item":"https:\/\/www.meydan.tv\/az\/"},{"@type":"ListItem","position":2,"name":"Analitika","item":"https:\/\/www.meydan.tv\/az\/section\/analitika\/"},{"@type":"ListItem","position":3,"name":"&#8221;Liberman\u0131n s\u0259f\u0259ri Tel-\u018fvivin d\u0259st\u0259yin\u0259 arxalanan Az\u0259rbaycan \u00fc\u00e7\u00fcn \u0259h\u0259miyy\u0259t da\u015f\u0131y\u0131r&#8221;"}]},{"@type":"WebSite","@id":"https:\/\/www.meydan.tv\/az\/#website","url":"https:\/\/www.meydan.tv\/az\/","name":"MEYDAN.TV","description":"Meydan TV Az\u0259rbaycan\u0131n media m\u0259kan\u0131ndak\u0131 alternativ s\u0259sidir","publisher":{"@id":"https:\/\/www.meydan.tv\/az\/#organization"},"potentialAction":[{"@type":"SearchAction","target":{"@type":"EntryPoint","urlTemplate":"https:\/\/www.meydan.tv\/az\/?s={search_term_string}"},"query-input":{"@type":"PropertyValueSpecification","valueRequired":true,"valueName":"search_term_string"}}],"inLanguage":"az"},{"@type":"Organization","@id":"https:\/\/www.meydan.tv\/az\/#organization","name":"Meydan TV","url":"https:\/\/www.meydan.tv\/az\/","logo":{"@type":"ImageObject","inLanguage":"az","@id":"https:\/\/www.meydan.tv\/az\/#\/schema\/logo\/image\/","url":"https:\/\/www.meydan.tv\/wp-content\/uploads\/2021\/07\/meydan-logo.svg","contentUrl":"https:\/\/www.meydan.tv\/wp-content\/uploads\/2021\/07\/meydan-logo.svg","width":195,"height":46,"caption":"Meydan TV"},"image":{"@id":"https:\/\/www.meydan.tv\/az\/#\/schema\/logo\/image\/"}},{"@type":"Person","@id":"https:\/\/www.meydan.tv\/az\/#\/schema\/person\/10d11eccf6da3662cf5fdab9806ea91a","name":"user-manager"}]}},"_links":{"self":[{"href":"https:\/\/www.meydan.tv\/az\/wp-json\/wp\/v2\/posts\/191663","targetHints":{"allow":["GET"]}}],"collection":[{"href":"https:\/\/www.meydan.tv\/az\/wp-json\/wp\/v2\/posts"}],"about":[{"href":"https:\/\/www.meydan.tv\/az\/wp-json\/wp\/v2\/types\/post"}],"author":[{"embeddable":true,"href":"https:\/\/www.meydan.tv\/az\/wp-json\/wp\/v2\/users\/11"}],"replies":[{"embeddable":true,"href":"https:\/\/www.meydan.tv\/az\/wp-json\/wp\/v2\/comments?post=191663"}],"version-history":[{"count":0,"href":"https:\/\/www.meydan.tv\/az\/wp-json\/wp\/v2\/posts\/191663\/revisions"}],"wp:featuredmedia":[{"embeddable":true,"href":"https:\/\/www.meydan.tv\/az\/wp-json\/wp\/v2\/media\/109543"}],"wp:attachment":[{"href":"https:\/\/www.meydan.tv\/az\/wp-json\/wp\/v2\/media?parent=191663"}],"wp:term":[{"taxonomy":"category","embeddable":true,"href":"https:\/\/www.meydan.tv\/az\/wp-json\/wp\/v2\/categories?post=191663"},{"taxonomy":"post_tag","embeddable":true,"href":"https:\/\/www.meydan.tv\/az\/wp-json\/wp\/v2\/tags?post=191663"}],"curies":[{"name":"wp","href":"https:\/\/api.w.org\/{rel}","templated":true}]}}