{"id":191654,"date":"2018-09-13T19:52:30","date_gmt":"2018-09-13T19:52:30","guid":{"rendered":"https:\/\/www.meydan.tv\/article\/coreye-cixanlar-olkesinin-maksim-qartali\/"},"modified":"2018-09-13T19:52:30","modified_gmt":"2018-09-13T19:52:30","slug":"coreye-cixanlar-olkesinin-maksim-qartali","status":"publish","type":"post","link":"https:\/\/www.meydan.tv\/az\/article\/coreye-cixanlar-olkesinin-maksim-qartali\/","title":{"rendered":"\u00c7\u00f6r\u0259y\u0259 \u00e7\u0131xanlar \u00f6lk\u0259sinin Maksim Qartal\u0131"},"content":{"rendered":"<p>\n  Q\u0259b\u0259l\u0259 Qutqa\u015f\u0131n olan vaxtdan son ill\u0259r\u0259 q\u0259d\u0259r h\u0259r k\u0259sin \u201cQartal\u201d v\u0259 yaxud \u201cMaksim\u201d kimi tan\u0131d\u0131\u011f\u0131 \u015f\u0259xs rayonun simvollar\u0131ndan birin\u0259 \u00e7evrilmi\u015fdi. Z\u0259if v\u00fccudlu adam o vaxt \u201craykom\u201d, indi \u201cicra hakimiyy\u0259ti\u201d adlanan binan\u0131n qar\u015f\u0131s\u0131nda dayan\u0131b i\u00e7\u0259rid\u0259kil\u0259r\u0259 xitab\u0259n xalqa q\u0259nim k\u0259sil\u0259n m\u0259mur sinfin\u0259 aid \u201cmonoloqlar\u201d s\u00f6yl\u0259y\u0259rdi. Psixoloji probleml\u0259ri oldu\u011funu deyirdil\u0259r, amma o binadan savay\u0131 he\u00e7 yerd\u0259 s\u0259sini qald\u0131rd\u0131\u011f\u0131n\u0131 e\u015fid\u0259n olmam\u0131\u015fd\u0131. H\u0259y\u0259candan avaz\u0131m\u0131\u015f \u00fcz\u00fcn\u00fcn ifad\u0259li cizgil\u0259ri onu klassik \u0259d\u0259biyyat\u0131n faci\u0259 q\u0259hr\u0259manlar\u0131na b\u0259nz\u0259dirdi. H\u00f6kum\u0259tin p\u0259nc\u0259r\u0259l\u0259rin\u0259 \u00e7\u0131rp\u0131lan ac\u0131 h\u0259qiqq\u0259tl\u0259ri qulaqard\u0131na ver\u0259nl\u0259rd\u0259n f\u0259rqli olaraq bizim romantik n\u0259slin g\u00fcnl\u0259ri Qartal\u0131n z\u00fclm\u0259 tu\u015flanan barma\u011f\u0131 il\u0259 a\u00e7\u0131l\u0131rd\u0131.\n<\/p>\n<p>\n  \u0130ndiy\u0259d\u0259k buralar\u0131n \u0259n yum\u015faq tikan\u0131 say\u0131lan sabiq ba\u015f\u00e7\u0131 \u018flibala M\u0259mm\u0259dov g\u00fcn\u00fcn birind\u0259 hakim z\u00fcmr\u0259y\u0259 topdan l\u0259n\u0259t ya\u011fd\u0131ran adam\u0131 yan\u0131na g\u0259tizdirir. \u00d6lk\u0259nin \u00e7\u0259tin durumundan, \u00fcmumi dolan\u0131\u015f\u0131qdan s\u00f6z sal\u0131b onun z\u0259if damar\u0131n\u0131 tutma\u011fa \u00e7al\u0131\u015f\u0131r. Tap\u015f\u0131r\u0131r ki, o saatdan ba\u015flayaraq idar\u0259nin bufetind\u0259n \u00f6z\u00fcn\u0259 ayr\u0131lan \u00e7\u00f6r\u0259kl\u0259rin yar\u0131s\u0131n\u0131 h\u0259r g\u00fcn Qartala versinl\u0259r. O da \u00e7\u00f6r\u0259yini al\u0131b dinm\u0259zc\u0259 evin\u0259 getsin. Qartal x\u00fcsusi olaraq m\u0259mur z\u00fcmr\u0259 \u00fc\u00e7\u00fcn bi\u015firilmi\u015f t\u0259z\u0259 \u00e7\u00f6r\u0259kl\u0259r\u0259 bax\u0131b \u201cb\u0259s xalq?\u201d dey\u0259r\u0259k kabinetd\u0259n \u00e7\u0131x\u0131r. Ert\u0259si g\u00fcn \u00f6z ampulas\u0131nda n\u00f6vb\u0259ti \u201cmitinqin\u0259\u201d davam edir.\n<\/p>\n<p>\n  ***\n<\/p>\n<p>\n  Bir d\u0259f\u0259 yolumuz icra hakimiyy\u0259ti t\u0259r\u0259fd\u0259n d\u00fc\u015f\u0259nd\u0259 anam binan\u0131n qar\u015f\u0131s\u0131nda \u201c\u00e7\u0131x\u0131\u015f ed\u0259n\u201d Qartal\u0131 g\u00f6r\u00fcb heyr\u0259tl\u0259 \u00fcz\u00fcm\u0259 baxd\u0131. Ev\u0259 \u00e7atan kimi bildikl\u0259rimi ona dan\u0131\u015fd\u0131m, \u00e7\u00f6r\u0259k m\u0259s\u0259l\u0259sin\u0259 \u00e7atanda ala g\u00f6zl\u0259ri doldu. \u00dcst\u00fcnd\u0259n bir g\u00fcn ke\u00e7mi\u015f \u0259lind\u0259ki i\u015fi k\u0259nara qoyub b\u0259rkd\u0259n m\u0259n\u0259 s\u0259sl\u0259ndi:\n<\/p>\n<p>\n  \u2013 Allah o Qorkiy\u0259 k\u00f6m\u0259k olsun! Lap \u0259c\u0259b el\u0259yib pay\u0131n\u0131 verir qans\u0131zlar\u0131n.\n<\/p>\n<p>\n  Qorki hardan \u00e7\u0131xd\u0131? Aram\u0131zdan bu k\u0259lm\u0259 ke\u00e7m\u0259mi\u015fdi. M\u0259nim ip\u0259k anam niy\u0259 bel\u0259 \u0259s\u0259bil\u0259\u015fib? H\u0259mi\u015f\u0259ki kimi q\u0131l\u0131\u011f\u0131na girib dilind\u0259n \u201cs\u00f6z alma\u011fa\u201d ba\u015flad\u0131m. Alag\u00f6z bac\u0131 d\u00fcn\u0259nd\u0259n gizlin-gizlin Maksimin xiff\u0259tini \u00e7\u0259kirmi\u015f. G\u00f6r\u00fcn\u00fcr, Maksim yadda\u015f\u0131nda Qorki kimi qal\u0131b. \u00c7\u00fcnki sovet vaxt\u0131 yaln\u0131z iki-\u00fc\u00e7 ayl\u0131q \u201csavad kursu\u201d ke\u00e7\u0259n anam \u00e7\u0259tinlikl\u0259 d\u0259 olsa kitab oxuma\u011f\u0131 \u00e7ox sev\u0259rdi. G\u00fcnl\u0259rl\u0259, aylarla oxuduqlar\u0131n\u0131n t\u0259sirind\u0259n \u00e7\u0131xa bilm\u0259zdi. O da ola, bir \u015f\u0259h\u0259rd\u0259 ya\u015fad\u0131\u011f\u0131m\u0131z canl\u0131 obraz\u2026 Ab-havan\u0131 y\u00fcng\u00fcll\u0259\u015fdirm\u0259k \u00fc\u00e7\u00fcn ona \u015fit\u0259ndim:\n<\/p>\n<p>\n  \u2013 Alag\u00f6z bac\u0131, g\u00f6r\u00fcr\u0259m \u201cQorki\u201d yad\u0131ndan \u00e7\u0131xm\u0131r, m\u0259n d\u0259 gedim durummu o biri p\u0259nc\u0259r\u0259nin qaba\u011f\u0131nda?\n<\/p>\n<p>\n  Anam\u0131n s\u0259si el\u0259 bil \u00e7ox-\u00e7ox uzaqlardan g\u0259ldi:\n<\/p>\n<p>\n  \u2013 S\u0259n el\u0259 h\u0259mi\u015f\u0259 ordasan da, a bala\u2026\n<\/p>\n<p>\n  O uzaqlar\u0131 tan\u0131y\u0131rd\u0131m dey\u0259 kirimi\u015fc\u0259 \u00f6z gu\u015f\u0259m\u0259 \u00e7\u0259kildim.\n<\/p>\n<p>\n  \u00d6lk\u0259d\u0259 v\u0259ziyy\u0259t d\u0259yi\u015fdikc\u0259 fiziki g\u00fcc\u00fc azald\u0131m\u0131, yoxsa \u015f\u0259raitin s\u0259rtl\u0259\u015fdiyini duydumu, art\u0131q bizim Qartal h\u00f6kum\u0259t evinin qar\u015f\u0131s\u0131nda g\u00f6r\u00fcnm\u0259di. Amma ikic\u0259 k\u0259lm\u0259lik \u201cb\u0259s xalq?\u201d aforizmi h\u0259tta onu tan\u0131mayanlar\u0131n \u0259zb\u0259rin\u0259 \u00e7evrilmi\u015fdi. \u018fsli q\u0259b\u0259l\u0259lil\u0259r yax\u0131n d\u00f6vrin Qartal\u0131n\u0131-Maksimini sevirdil\u0259r.\n<\/p>\n<p>\n  Xeyli ill\u0259r ke\u00e7di. Bir g\u00fcn \u00e7ayxanadan t\u0259l\u0259sik x\u0259b\u0259r verdil\u0259r ki, F\u0259ttah Heyd\u0259rovun vergi idar\u0259sind\u0259ki se\u00e7ki \u015f\u0259kill\u0259rini c\u0131rd\u0131\u011f\u0131na g\u00f6r\u0259 Qartal\u0131 \u00fcz\u00fc-g\u00f6z\u00fc qanl\u0131 polis\u0259 apar\u0131blar. Q\u0259b\u0259l\u0259nin o zamank\u0131 polis r\u0259isi nehr\u0259mli M\u0259h\u0259rr\u0259m \u018fliyevl\u0259 m\u00fcnasib\u0259timiz normal idi. Amma m\u00f6vzu Qartal olduqda kims\u0259nin qar\u015f\u0131s\u0131nda n\u0259zak\u0259t borcum qalm\u0131rd\u0131. Rayondak\u0131 \u201cnax\u00e7\u0131van klan\u0131\u201d bar\u0259d\u0259 birn\u0259f\u0259s\u0259 \u201c\u00fcr\u0259k s\u00f6zl\u0259rimi\u201d \u00e7atd\u0131ranacan g\u00f6zl\u0259y\u0259n r\u0259is n\u0259hay\u0259t dey\u0259 bildi ki, Qartal\u0131 nehr\u0259mli polisl\u0259r deyil, \u0259razi vergi idar\u0259sinin yerli r\u0259isi vurub. P\u0259rt olsam da, n\u00f6vb\u0259ti arqument\u0259 ke\u00e7dim:\n<\/p>\n<p>\n  \u2013 Siz d\u0259 vuran\u0131 deyil, vurulan\u0131 i\u00e7\u0259ri atm\u0131s\u0131z.\n<\/p>\n<p>\n  R\u0259is x\u0259ttin o ba\u015f\u0131ndan q\u0259hq\u0259h\u0259 \u00e7\u0259kdi:\n<\/p>\n<p>\n  \u2013 Yen\u0259 yanl\u0131\u015f informasiya\u2026 Polis olsaq da, Qartal\u0131 q\u0259f\u0259s\u0259 salmaq q\u0259d\u0259r abr\u0131m\u0131z\u0131 itirm\u0259mi\u015fik. \u00dcz\u00fcn\u00fcn-g\u00f6z\u00fcn\u00fcn qan\u0131n\u0131 t\u0259mizl\u0259yib arxa qap\u0131dan \u201cu\u00e7urtduq\u201d sizin Qartal\u0131. \u00c7atd\u0131r\u0131n, bir-iki g\u00fcn yola-iriz\u0259 \u00e7\u0131xmas\u0131n.\n<\/p>\n<p>\n  Vergi r\u0259isi k\u00f6n\u00fcll\u00fc qo\u00e7ulu\u011fundan \u0259lav\u0259 Qartal\u0131n se\u00e7ki t\u0259bli\u011fat\u0131n\u0131 t\u0259hqir etdiyin\u0259 dair r\u0259smi m\u0259lumat veribmi\u015f. Nazir-deputat heyd\u0259rovlardan xal qazanma\u011fa hesablanm\u0131\u015f add\u0131m pulu x\u0259z\u0259l kimi y\u0131\u011fan adama o yolda daha b\u00f6y\u00fck \u015fanslar qazand\u0131racaqd\u0131. Ba\u015fqa he\u00e7 n\u0259! Bu yax\u0131nlarda bir \u00e7ay s\u00fcfr\u0259sind\u0259 q\u0259fil, vaxts\u0131z \u00f6l\u00fcm x\u0259b\u0259rini el\u0259 q\u0259fil ald\u0131\u011f\u0131m t\u0259zadlarla dolu M\u0259h\u0259rr\u0259m \u018fliyev is\u0259 \u00fcr\u0259kd\u0259n gedibmi\u015f. Allah r\u0259hm\u0259t el\u0259sin. Biz d\u0259 xatir\u0259l\u0259rimizin Qartal\u0131na, Maksimin\u0259 qay\u0131daq\u2026\n<\/p>\n<p>\n  ***\n<\/p>\n<p>\n  Ehtiyac i\u00e7ind\u0259 ya\u015fayan Qartal irad\u0259sini \u00e7\u00f6r\u0259kl\u0259 s\u0131na\u011fa \u00e7\u0259k\u0259n \u015feytana uysa s\u00f6z haqq\u0131n\u0131 itir\u0259c\u0259kdi. O is\u0259 yaln\u0131z \u00f6z\u00fcn\u00fcn deyil, h\u0259r k\u0259sin haqq\u0131n\u0131 t\u0259l\u0259b edirdi. Bu da var ki, Qartal\u0131n o boyda h\u00f6kum\u0259t\u0259 qar\u015f\u0131 t\u0259k \u00e7\u0131xmas\u0131 anormal g\u00f6r\u00fcn\u0259 bil\u0259rdi. H\u0259tta adam\u0131n tibbi c\u0259h\u0259td\u0259n az-\u00e7ox ruhi x\u0259st\u0259liyi il\u0259 d\u0259 raz\u0131la\u015fmaq olar. Amma \u0259g\u0259r ruhi x\u0259st\u0259 \u201cb\u0259s xalq?\u201d dey\u0259 \u00f6z\u00fcn\u00fcn, ail\u0259sinin bo\u011faz\u0131ndan ke\u00e7\u0259si loxmadan imtina edirs\u0259, onda ruhi sa\u011flamlar kiml\u0259rdir? \u00d6lk\u0259ni m\u0259hl\u0259-m\u0259hl\u0259, rayon-rayon, \u015f\u0259h\u0259r-\u015f\u0259h\u0259r talay\u0131b doydum dem\u0259y\u0259n t\u0259p\u0259g\u00f6z, har\u0131n toplummu? \u00d6z\u00fcnd\u0259n yar\u0131m pill\u0259 yuxar\u0131n\u0131n qaba\u011f\u0131nda vicdan\u0131 susub n\u0259fsi dan\u0131\u015fan, haqq\u0131 tapday\u0131b nahaqqa s\u0259cd\u0259 ed\u0259n yaltaq, satq\u0131n, \u0259zik d\u0259st\u0259mi? Dem\u0259li, n\u0259tic\u0259 olaraq varl\u0131 da, kas\u0131b da, i\u015f\u00e7i d\u0259, i\u015fsiz d\u0259, d\u00fczg\u00fcn d\u0259, poz\u011fun da g\u00fcnd\u0259lik \u00e7\u00f6r\u0259y\u0259 \u00e7\u0131x\u0131r. Bu siyah\u0131dan ne\u00e7\u0259 n\u0259f\u0259r \u201cb\u0259s xalq?\u201d dey\u0259n tap\u0131lacaq? V\u0259 \u201cb\u0259s xalq?\u201d dey\u0259n m\u00fctl\u0259q \u201cruhi x\u0259st\u0259\u201d olmal\u0131d\u0131rm\u0131?\n<\/p>\n<p>\n  Qartal\u0131 anlamaq \u00fc\u00e7\u00fcn koramal olmamaq kifay\u0259tdi\u2026\n<\/p>\n<p>\n  <b><br \/>\n    <i><br \/>\n      Yaz\u0131 m\u00fc\u0259llifin fikirl\u0259rini \u0259ks etdirir v\u0259 Meydan TV-nin m\u00f6vqeyi il\u0259 \u00fcst-\u00fcst\u0259 d\u00fc\u015fm\u0259y\u0259 bil\u0259r.<br \/>\n    <\/i><br \/>\n  <\/b><\/p>\n","protected":false},"excerpt":{"rendered":"<p>Q\u0259b\u0259l\u0259 Qutqa\u015f\u0131n olan vaxtdan son ill\u0259r\u0259 q\u0259d\u0259r h\u0259r k\u0259sin \u201cQartal\u201d v\u0259 yaxud \u201cMaksim\u201d kimi tan\u0131d\u0131\u011f\u0131 \u015f\u0259xs rayonun simvollar\u0131ndan birin\u0259 \u00e7evrilmi\u015fdi<\/p>\n","protected":false},"author":11,"featured_media":80491,"comment_status":"closed","ping_status":"open","sticky":false,"template":"","format":"standard","meta":{"_acf_changed":false,"_sitemap_exclude":false,"_sitemap_priority":"","_sitemap_frequency":"","footnotes":""},"categories":[57],"tags":[],"class_list":["post-191654","post","type-post","status-publish","format-standard","has-post-thumbnail","hentry","category-menim-fikrimce","infinite-scroll-item","generate-columns","tablet-grid-50","mobile-grid-100","grid-parent","grid-33","no-featured-image-padding"],"acf":[],"yoast_head":"<!-- This site is optimized with the Yoast SEO plugin v27.4 - https:\/\/yoast.com\/product\/yoast-seo-wordpress\/ -->\n<title>\u00c7\u00f6r\u0259y\u0259 \u00e7\u0131xanlar \u00f6lk\u0259sinin Maksim Qartal\u0131 - MEYDAN.TV<\/title>\n<meta name=\"robots\" content=\"index, follow, max-snippet:-1, max-image-preview:large, max-video-preview:-1\" \/>\n<link rel=\"canonical\" href=\"https:\/\/www.meydan.tv\/az\/article\/coreye-cixanlar-olkesinin-maksim-qartali\/\" \/>\n<meta property=\"og:locale\" content=\"az_AZ\" \/>\n<meta property=\"og:type\" content=\"article\" \/>\n<meta property=\"og:title\" content=\"\u00c7\u00f6r\u0259y\u0259 \u00e7\u0131xanlar \u00f6lk\u0259sinin Maksim Qartal\u0131 - MEYDAN.TV\" \/>\n<meta property=\"og:description\" content=\"Q\u0259b\u0259l\u0259 Qutqa\u015f\u0131n olan vaxtdan son ill\u0259r\u0259 q\u0259d\u0259r h\u0259r k\u0259sin \u201cQartal\u201d v\u0259 yaxud \u201cMaksim\u201d kimi tan\u0131d\u0131\u011f\u0131 \u015f\u0259xs rayonun simvollar\u0131ndan birin\u0259 \u00e7evrilmi\u015fdi\" \/>\n<meta property=\"og:url\" content=\"https:\/\/www.meydan.tv\/az\/article\/coreye-cixanlar-olkesinin-maksim-qartali\/\" \/>\n<meta property=\"og:site_name\" content=\"MEYDAN.TV\" \/>\n<meta property=\"article:published_time\" content=\"2018-09-13T19:52:30+00:00\" \/>\n<meta property=\"og:image\" content=\"https:\/\/www.meydan.tv\/wp-content\/uploads\/31405.jpg\" \/>\n\t<meta property=\"og:image:width\" content=\"1334\" \/>\n\t<meta property=\"og:image:height\" content=\"998\" \/>\n\t<meta property=\"og:image:type\" content=\"image\/jpeg\" \/>\n<meta name=\"author\" content=\"user-manager\" \/>\n<meta name=\"twitter:card\" content=\"summary_large_image\" \/>\n<script type=\"application\/ld+json\" class=\"yoast-schema-graph\">{\"@context\":\"https:\\\/\\\/schema.org\",\"@graph\":[{\"@type\":\"Article\",\"@id\":\"https:\\\/\\\/www.meydan.tv\\\/az\\\/article\\\/coreye-cixanlar-olkesinin-maksim-qartali\\\/#article\",\"isPartOf\":{\"@id\":\"https:\\\/\\\/www.meydan.tv\\\/az\\\/article\\\/coreye-cixanlar-olkesinin-maksim-qartali\\\/\"},\"author\":{\"name\":\"user-manager\",\"@id\":\"https:\\\/\\\/www.meydan.tv\\\/az\\\/#\\\/schema\\\/person\\\/10d11eccf6da3662cf5fdab9806ea91a\"},\"headline\":\"\u00c7\u00f6r\u0259y\u0259 \u00e7\u0131xanlar \u00f6lk\u0259sinin Maksim Qartal\u0131\",\"datePublished\":\"2018-09-13T19:52:30+00:00\",\"mainEntityOfPage\":{\"@id\":\"https:\\\/\\\/www.meydan.tv\\\/az\\\/article\\\/coreye-cixanlar-olkesinin-maksim-qartali\\\/\"},\"wordCount\":1206,\"publisher\":{\"@id\":\"https:\\\/\\\/www.meydan.tv\\\/az\\\/#organization\"},\"image\":{\"@id\":\"https:\\\/\\\/www.meydan.tv\\\/az\\\/article\\\/coreye-cixanlar-olkesinin-maksim-qartali\\\/#primaryimage\"},\"thumbnailUrl\":\"https:\\\/\\\/www.meydan.tv\\\/wp-content\\\/uploads\\\/31405.jpg\",\"articleSection\":[\"M\u0259nim Fikrimc\u0259\"],\"inLanguage\":\"az\"},{\"@type\":\"WebPage\",\"@id\":\"https:\\\/\\\/www.meydan.tv\\\/az\\\/article\\\/coreye-cixanlar-olkesinin-maksim-qartali\\\/\",\"url\":\"https:\\\/\\\/www.meydan.tv\\\/az\\\/article\\\/coreye-cixanlar-olkesinin-maksim-qartali\\\/\",\"name\":\"\u00c7\u00f6r\u0259y\u0259 \u00e7\u0131xanlar \u00f6lk\u0259sinin Maksim Qartal\u0131 - MEYDAN.TV\",\"isPartOf\":{\"@id\":\"https:\\\/\\\/www.meydan.tv\\\/az\\\/#website\"},\"primaryImageOfPage\":{\"@id\":\"https:\\\/\\\/www.meydan.tv\\\/az\\\/article\\\/coreye-cixanlar-olkesinin-maksim-qartali\\\/#primaryimage\"},\"image\":{\"@id\":\"https:\\\/\\\/www.meydan.tv\\\/az\\\/article\\\/coreye-cixanlar-olkesinin-maksim-qartali\\\/#primaryimage\"},\"thumbnailUrl\":\"https:\\\/\\\/www.meydan.tv\\\/wp-content\\\/uploads\\\/31405.jpg\",\"datePublished\":\"2018-09-13T19:52:30+00:00\",\"breadcrumb\":{\"@id\":\"https:\\\/\\\/www.meydan.tv\\\/az\\\/article\\\/coreye-cixanlar-olkesinin-maksim-qartali\\\/#breadcrumb\"},\"inLanguage\":\"az\",\"potentialAction\":[{\"@type\":\"ReadAction\",\"target\":[\"https:\\\/\\\/www.meydan.tv\\\/az\\\/article\\\/coreye-cixanlar-olkesinin-maksim-qartali\\\/\"]}]},{\"@type\":\"ImageObject\",\"inLanguage\":\"az\",\"@id\":\"https:\\\/\\\/www.meydan.tv\\\/az\\\/article\\\/coreye-cixanlar-olkesinin-maksim-qartali\\\/#primaryimage\",\"url\":\"https:\\\/\\\/www.meydan.tv\\\/wp-content\\\/uploads\\\/31405.jpg\",\"contentUrl\":\"https:\\\/\\\/www.meydan.tv\\\/wp-content\\\/uploads\\\/31405.jpg\",\"width\":1334,\"height\":998,\"caption\":\"Source:\"},{\"@type\":\"BreadcrumbList\",\"@id\":\"https:\\\/\\\/www.meydan.tv\\\/az\\\/article\\\/coreye-cixanlar-olkesinin-maksim-qartali\\\/#breadcrumb\",\"itemListElement\":[{\"@type\":\"ListItem\",\"position\":1,\"name\":\"Ana s\u0259hif\u0259\",\"item\":\"https:\\\/\\\/www.meydan.tv\\\/az\\\/\"},{\"@type\":\"ListItem\",\"position\":2,\"name\":\"M\u0259nim Fikrimc\u0259\",\"item\":\"https:\\\/\\\/www.meydan.tv\\\/az\\\/section\\\/menim-fikrimce\\\/\"},{\"@type\":\"ListItem\",\"position\":3,\"name\":\"\u00c7\u00f6r\u0259y\u0259 \u00e7\u0131xanlar \u00f6lk\u0259sinin Maksim Qartal\u0131\"}]},{\"@type\":\"WebSite\",\"@id\":\"https:\\\/\\\/www.meydan.tv\\\/az\\\/#website\",\"url\":\"https:\\\/\\\/www.meydan.tv\\\/az\\\/\",\"name\":\"MEYDAN.TV\",\"description\":\"Meydan TV Az\u0259rbaycan\u0131n media m\u0259kan\u0131ndak\u0131 alternativ s\u0259sidir\",\"publisher\":{\"@id\":\"https:\\\/\\\/www.meydan.tv\\\/az\\\/#organization\"},\"potentialAction\":[{\"@type\":\"SearchAction\",\"target\":{\"@type\":\"EntryPoint\",\"urlTemplate\":\"https:\\\/\\\/www.meydan.tv\\\/az\\\/?s={search_term_string}\"},\"query-input\":{\"@type\":\"PropertyValueSpecification\",\"valueRequired\":true,\"valueName\":\"search_term_string\"}}],\"inLanguage\":\"az\"},{\"@type\":\"Organization\",\"@id\":\"https:\\\/\\\/www.meydan.tv\\\/az\\\/#organization\",\"name\":\"Meydan TV\",\"url\":\"https:\\\/\\\/www.meydan.tv\\\/az\\\/\",\"logo\":{\"@type\":\"ImageObject\",\"inLanguage\":\"az\",\"@id\":\"https:\\\/\\\/www.meydan.tv\\\/az\\\/#\\\/schema\\\/logo\\\/image\\\/\",\"url\":\"https:\\\/\\\/www.meydan.tv\\\/wp-content\\\/uploads\\\/2021\\\/07\\\/meydan-logo.svg\",\"contentUrl\":\"https:\\\/\\\/www.meydan.tv\\\/wp-content\\\/uploads\\\/2021\\\/07\\\/meydan-logo.svg\",\"width\":195,\"height\":46,\"caption\":\"Meydan TV\"},\"image\":{\"@id\":\"https:\\\/\\\/www.meydan.tv\\\/az\\\/#\\\/schema\\\/logo\\\/image\\\/\"}},{\"@type\":\"Person\",\"@id\":\"https:\\\/\\\/www.meydan.tv\\\/az\\\/#\\\/schema\\\/person\\\/10d11eccf6da3662cf5fdab9806ea91a\",\"name\":\"user-manager\"}]}<\/script>\n<!-- \/ Yoast SEO plugin. -->","yoast_head_json":{"title":"\u00c7\u00f6r\u0259y\u0259 \u00e7\u0131xanlar \u00f6lk\u0259sinin Maksim Qartal\u0131 - MEYDAN.TV","robots":{"index":"index","follow":"follow","max-snippet":"max-snippet:-1","max-image-preview":"max-image-preview:large","max-video-preview":"max-video-preview:-1"},"canonical":"https:\/\/www.meydan.tv\/az\/article\/coreye-cixanlar-olkesinin-maksim-qartali\/","og_locale":"az_AZ","og_type":"article","og_title":"\u00c7\u00f6r\u0259y\u0259 \u00e7\u0131xanlar \u00f6lk\u0259sinin Maksim Qartal\u0131 - MEYDAN.TV","og_description":"Q\u0259b\u0259l\u0259 Qutqa\u015f\u0131n olan vaxtdan son ill\u0259r\u0259 q\u0259d\u0259r h\u0259r k\u0259sin \u201cQartal\u201d v\u0259 yaxud \u201cMaksim\u201d kimi tan\u0131d\u0131\u011f\u0131 \u015f\u0259xs rayonun simvollar\u0131ndan birin\u0259 \u00e7evrilmi\u015fdi","og_url":"https:\/\/www.meydan.tv\/az\/article\/coreye-cixanlar-olkesinin-maksim-qartali\/","og_site_name":"MEYDAN.TV","article_published_time":"2018-09-13T19:52:30+00:00","og_image":[{"width":1334,"height":998,"url":"https:\/\/www.meydan.tv\/wp-content\/uploads\/31405.jpg","type":"image\/jpeg"}],"author":"user-manager","twitter_card":"summary_large_image","schema":{"@context":"https:\/\/schema.org","@graph":[{"@type":"Article","@id":"https:\/\/www.meydan.tv\/az\/article\/coreye-cixanlar-olkesinin-maksim-qartali\/#article","isPartOf":{"@id":"https:\/\/www.meydan.tv\/az\/article\/coreye-cixanlar-olkesinin-maksim-qartali\/"},"author":{"name":"user-manager","@id":"https:\/\/www.meydan.tv\/az\/#\/schema\/person\/10d11eccf6da3662cf5fdab9806ea91a"},"headline":"\u00c7\u00f6r\u0259y\u0259 \u00e7\u0131xanlar \u00f6lk\u0259sinin Maksim Qartal\u0131","datePublished":"2018-09-13T19:52:30+00:00","mainEntityOfPage":{"@id":"https:\/\/www.meydan.tv\/az\/article\/coreye-cixanlar-olkesinin-maksim-qartali\/"},"wordCount":1206,"publisher":{"@id":"https:\/\/www.meydan.tv\/az\/#organization"},"image":{"@id":"https:\/\/www.meydan.tv\/az\/article\/coreye-cixanlar-olkesinin-maksim-qartali\/#primaryimage"},"thumbnailUrl":"https:\/\/www.meydan.tv\/wp-content\/uploads\/31405.jpg","articleSection":["M\u0259nim Fikrimc\u0259"],"inLanguage":"az"},{"@type":"WebPage","@id":"https:\/\/www.meydan.tv\/az\/article\/coreye-cixanlar-olkesinin-maksim-qartali\/","url":"https:\/\/www.meydan.tv\/az\/article\/coreye-cixanlar-olkesinin-maksim-qartali\/","name":"\u00c7\u00f6r\u0259y\u0259 \u00e7\u0131xanlar \u00f6lk\u0259sinin Maksim Qartal\u0131 - MEYDAN.TV","isPartOf":{"@id":"https:\/\/www.meydan.tv\/az\/#website"},"primaryImageOfPage":{"@id":"https:\/\/www.meydan.tv\/az\/article\/coreye-cixanlar-olkesinin-maksim-qartali\/#primaryimage"},"image":{"@id":"https:\/\/www.meydan.tv\/az\/article\/coreye-cixanlar-olkesinin-maksim-qartali\/#primaryimage"},"thumbnailUrl":"https:\/\/www.meydan.tv\/wp-content\/uploads\/31405.jpg","datePublished":"2018-09-13T19:52:30+00:00","breadcrumb":{"@id":"https:\/\/www.meydan.tv\/az\/article\/coreye-cixanlar-olkesinin-maksim-qartali\/#breadcrumb"},"inLanguage":"az","potentialAction":[{"@type":"ReadAction","target":["https:\/\/www.meydan.tv\/az\/article\/coreye-cixanlar-olkesinin-maksim-qartali\/"]}]},{"@type":"ImageObject","inLanguage":"az","@id":"https:\/\/www.meydan.tv\/az\/article\/coreye-cixanlar-olkesinin-maksim-qartali\/#primaryimage","url":"https:\/\/www.meydan.tv\/wp-content\/uploads\/31405.jpg","contentUrl":"https:\/\/www.meydan.tv\/wp-content\/uploads\/31405.jpg","width":1334,"height":998,"caption":"Source:"},{"@type":"BreadcrumbList","@id":"https:\/\/www.meydan.tv\/az\/article\/coreye-cixanlar-olkesinin-maksim-qartali\/#breadcrumb","itemListElement":[{"@type":"ListItem","position":1,"name":"Ana s\u0259hif\u0259","item":"https:\/\/www.meydan.tv\/az\/"},{"@type":"ListItem","position":2,"name":"M\u0259nim Fikrimc\u0259","item":"https:\/\/www.meydan.tv\/az\/section\/menim-fikrimce\/"},{"@type":"ListItem","position":3,"name":"\u00c7\u00f6r\u0259y\u0259 \u00e7\u0131xanlar \u00f6lk\u0259sinin Maksim Qartal\u0131"}]},{"@type":"WebSite","@id":"https:\/\/www.meydan.tv\/az\/#website","url":"https:\/\/www.meydan.tv\/az\/","name":"MEYDAN.TV","description":"Meydan TV Az\u0259rbaycan\u0131n media m\u0259kan\u0131ndak\u0131 alternativ s\u0259sidir","publisher":{"@id":"https:\/\/www.meydan.tv\/az\/#organization"},"potentialAction":[{"@type":"SearchAction","target":{"@type":"EntryPoint","urlTemplate":"https:\/\/www.meydan.tv\/az\/?s={search_term_string}"},"query-input":{"@type":"PropertyValueSpecification","valueRequired":true,"valueName":"search_term_string"}}],"inLanguage":"az"},{"@type":"Organization","@id":"https:\/\/www.meydan.tv\/az\/#organization","name":"Meydan TV","url":"https:\/\/www.meydan.tv\/az\/","logo":{"@type":"ImageObject","inLanguage":"az","@id":"https:\/\/www.meydan.tv\/az\/#\/schema\/logo\/image\/","url":"https:\/\/www.meydan.tv\/wp-content\/uploads\/2021\/07\/meydan-logo.svg","contentUrl":"https:\/\/www.meydan.tv\/wp-content\/uploads\/2021\/07\/meydan-logo.svg","width":195,"height":46,"caption":"Meydan TV"},"image":{"@id":"https:\/\/www.meydan.tv\/az\/#\/schema\/logo\/image\/"}},{"@type":"Person","@id":"https:\/\/www.meydan.tv\/az\/#\/schema\/person\/10d11eccf6da3662cf5fdab9806ea91a","name":"user-manager"}]}},"_links":{"self":[{"href":"https:\/\/www.meydan.tv\/az\/wp-json\/wp\/v2\/posts\/191654","targetHints":{"allow":["GET"]}}],"collection":[{"href":"https:\/\/www.meydan.tv\/az\/wp-json\/wp\/v2\/posts"}],"about":[{"href":"https:\/\/www.meydan.tv\/az\/wp-json\/wp\/v2\/types\/post"}],"author":[{"embeddable":true,"href":"https:\/\/www.meydan.tv\/az\/wp-json\/wp\/v2\/users\/11"}],"replies":[{"embeddable":true,"href":"https:\/\/www.meydan.tv\/az\/wp-json\/wp\/v2\/comments?post=191654"}],"version-history":[{"count":0,"href":"https:\/\/www.meydan.tv\/az\/wp-json\/wp\/v2\/posts\/191654\/revisions"}],"wp:featuredmedia":[{"embeddable":true,"href":"https:\/\/www.meydan.tv\/az\/wp-json\/wp\/v2\/media\/80491"}],"wp:attachment":[{"href":"https:\/\/www.meydan.tv\/az\/wp-json\/wp\/v2\/media?parent=191654"}],"wp:term":[{"taxonomy":"category","embeddable":true,"href":"https:\/\/www.meydan.tv\/az\/wp-json\/wp\/v2\/categories?post=191654"},{"taxonomy":"post_tag","embeddable":true,"href":"https:\/\/www.meydan.tv\/az\/wp-json\/wp\/v2\/tags?post=191654"}],"curies":[{"name":"wp","href":"https:\/\/api.w.org\/{rel}","templated":true}]}}