{"id":191639,"date":"2018-09-12T20:14:20","date_gmt":"2018-09-12T20:14:20","guid":{"rendered":"https:\/\/www.meydan.tv\/article\/akp-hokumetinin-gulenci-ovunun-cografiyasi-genislenir\/"},"modified":"2018-09-12T20:14:20","modified_gmt":"2018-09-12T20:14:20","slug":"akp-hokumetinin-gulenci-ovunun-cografiyasi-genislenir","status":"publish","type":"post","link":"https:\/\/www.meydan.tv\/az\/article\/akp-hokumetinin-gulenci-ovunun-cografiyasi-genislenir\/","title":{"rendered":"AKP h\u00f6k\u00fcm\u0259tinin &#8220;G\u00fcl\u0259n\u00e7i&#8221; ovunun co\u011frafiyas\u0131 geni\u015fl\u0259nir"},"content":{"rendered":"<figure class=\"wp-block-image size-large\">\n  <img decoding=\"async\" src=\"https:\/\/www.meydan.tv\/az\/policzejskij-konvoj-soprovozhdaet-podozrevaemyh-v-popytke-perevorota-voennyh-k-zdaniyu-suda-v-kurortnom-gorode-marmaris-turcziya-17-iyulya-2016-foto-reuters-kenan-gurbuz\/\" alt=\"\u041f\u043e\u043b\u0438\u0446\u0435\u0439\u0441\u043a\u0438\u0439 \u043a\u043e\u043d\u0432\u043e\u0439 \u0441\u043e\u043f\u0440\u043e\u0432\u043e\u0436\u0434\u0430\u0435\u0442 \u043f\u043e\u0434\u043e\u0437\u0440\u0435\u0432\u0430\u0435\u043c\u044b\u0445 \u0432 \u043f\u043e\u043f\u044b\u0442\u043a\u0435 \u043f\u0435\u0440\u0435\u0432\u043e\u0440\u043e\u0442\u0430 \u0432\u043e\u0435\u043d\u043d\u044b\u0445 \u043a \u0437\u0434\u0430\u043d\u0438\u044e \u0441\u0443\u0434\u0430 \u0432 \u043a\u0443\u0440\u043e\u0440\u0442\u043d\u043e\u043c \u0433\u043e\u0440\u043e\u0434\u0435 \u041c\u0430\u0440\u043c\u0430\u0440\u0438\u0441, \u0422\u0443\u0440\u0446\u0438\u044f, 17 \u0438\u044e\u043b\u044f 2016 \u0424\u043e\u0442\u043e: REUTERS\/\u041a\u0435\u043d\u0430\u043d \u0413\u0443\u0440\u0431\u0443\u0437\" class=\"wp-image-109453\"\/><figcaption>\n    \u041f\u043e\u043b\u0438\u0446\u0435\u0439\u0441\u043a\u0438\u0439 \u043a\u043e\u043d\u0432\u043e\u0439 \u0441\u043e\u043f\u0440\u043e\u0432\u043e\u0436\u0434\u0430\u0435\u0442 \u043f\u043e\u0434\u043e\u0437\u0440\u0435\u0432\u0430\u0435\u043c\u044b\u0445 \u0432 \u043f\u043e\u043f\u044b\u0442\u043a\u0435 \u043f\u0435\u0440\u0435\u0432\u043e\u0440\u043e\u0442\u0430 \u0432\u043e\u0435\u043d\u043d\u044b\u0445 \u043a \u0437\u0434\u0430\u043d\u0438\u044e \u0441\u0443\u0434\u0430 \u0432 \u043a\u0443\u0440\u043e\u0440\u0442\u043d\u043e\u043c \u0433\u043e\u0440\u043e\u0434\u0435 \u041c\u0430\u0440\u043c\u0430\u0440\u0438\u0441, \u0422\u0443\u0440\u0446\u0438\u044f, 17 \u0438\u044e\u043b\u044f 2016 \u0424\u043e\u0442\u043e: REUTERS\/\u041a\u0435\u043d\u0430\u043d \u0413\u0443\u0440\u0431\u0443\u0437<br \/>\n  <\/figcaption><\/figure>\n<p>\n  <i><br \/>\n    T\u00fcrkiy\u0259 hakimiyy\u0259ti din xadimi F\u0259tullah G\u00fcl\u0259n v\u0259 onun davam\u00e7\u0131lar\u0131na qar\u015f\u0131 ba\u015flad\u0131\u011f\u0131 t\u0259qibl\u0259ri ba\u015fqa \u00f6lk\u0259l\u0259rd\u0259 d\u0259 davam etdirm\u0259kd\u0259dir. Bu d\u0259f\u0259 Moldovada \u00e7al\u0131\u015fan yeddi t\u00fcrk v\u0259t\u0259nda\u015f\u0131 \u00f6lk\u0259d\u0259n \u00e7\u0131xar\u0131laraq T\u00fcrkiy\u0259y\u0259 g\u00f6nd\u0259rilib.<br \/>\n  <\/i>\n<\/p>\n<p>\n  F\u0259tullah G\u00fcl\u0259nin lideri oldu\u011fu FET\u00d6 \u015f\u0259b\u0259k\u0259si 2016-ci ilin yay\u0131nda T\u00fcrkiy\u0259d\u0259 ba\u015f ver\u0259n \u00e7evrili\u015f\u0259 c\u0259hdd\u0259 t\u0259qsirli bilindiyind\u0259n, bu qurumla h\u0259r hans\u0131sa \u0259laq\u0259si oldu\u011fu hesab edil\u0259n \u015f\u0259xsl\u0259r t\u0259qib olunur. Yerli v\u0259 beyn\u0259lxalq insan haqlar\u0131 t\u0259\u015fkilatlar\u0131n\u0131n hesabatlar\u0131na \u0259sas\u0259n, son \u00fc\u00e7 ild\u0259 120 min\u0259 yax\u0131n insan s\u00f6z\u00fcged\u0259n t\u0259\u015fkilatla \u0259laq\u0259d\u0259 ittiham edil\u0259r\u0259k saxlan\u0131l\u0131b v\u0259 haz\u0131rda c\u0259za evl\u0259rind\u0259 70 min\u0259 yax\u0131n insan var. Xarici \u00f6lk\u0259l\u0259rd\u0259 d\u0259 g\u00fcl\u0259n\u00e7i ovuna \u00e7\u0131xan T\u00fcrkiy\u0259 h\u00f6kum\u0259ti, t\u0259xmin\u0259n 200-\u0259 yax\u0131n \u015f\u0259xsin \u00f6lk\u0259y\u0259 g\u0259tirilm\u0259sin\u0259 m\u00fcv\u0259ff\u0259q olub. Bir \u00e7ox halda bu \u015f\u0259xsl\u0259rin ekstradisiyas\u0131 qanuni t\u0259l\u0259bl\u0259r g\u00f6zl\u0259nilm\u0259d\u0259n h\u0259yata ke\u00e7irilib.\n<\/p>\n<p>\n  Sentyabr\u0131n 6-da is\u0259 Moldovoda \u00abHorizont\u00bb liseyinin m\u00fc\u0259lliml\u0259ri olan yeddi t\u00fcrk v\u0259t\u0259nda\u015f\u0131 saxlan\u0131laraq T\u00fcrkiy\u0259y\u0259 g\u00f6nd\u0259rilib. Moldovan\u0131n \u0130nformasiya v\u0259 T\u0259hl\u00fck\u0259sizlik Xidm\u0259tinin yayd\u0131\u011f\u0131 m\u0259lumata g\u00f6r\u0259, \u00abbir ne\u00e7\u0259 \u00f6lk\u0259d\u0259 qanunsuz f\u0259aliyy\u0259t h\u0259yata ke\u00e7irdiyi g\u00fcman edil\u0259n, islam qrupla\u015fmas\u0131 il\u0259 \u0259laq\u0259d\u0259 \u015f\u00fcbh\u0259li bilin\u0259n yeddi \u0259cn\u0259bi v\u0259t\u0259nda\u015f arzuolunmaz elan edil\u0259r\u0259k Moldova Respublikas\u0131n\u0131n \u0259razisind\u0259n \u00e7\u0131xar\u0131l\u0131b\u00bb. \u201cZdg\u201d q\u0259zetinin verdiyi m\u0259lumata g\u00f6r\u0259, v\u0259kil Natalia Quma Moldovadan \u00e7\u0131xar\u0131lan m\u00fc\u0259lliml\u0259rin haz\u0131rda T\u00fcrkiy\u0259d\u0259 oldu\u011funu bildirib. O, h\u0259m\u00e7inin m\u00fc\u0259lliml\u0259rin dig\u0259r s\u0259n\u0259dl\u0259rl\u0259 \u00f6lk\u0259d\u0259n \u00e7\u0131xar\u0131ld\u0131\u011f\u0131n\u0131 iddia edir.\n<\/p>\n<figure class=\"wp-block-image size-large\">\n  <img decoding=\"async\" src=\"https:\/\/www.meydan.tv\/az\/zaderzhanie-v-moldove-tureczkih-grazhdan-sotrudnikov-liczeya-gorizont\/\" alt=\"\u0417\u0430\u0434\u0435\u0440\u0436\u0430\u043d\u0438\u0435 \u0432 \u041c\u043e\u043b\u0434\u043e\u0432\u0435 \u0442\u0443\u0440\u0435\u0446\u043a\u0438\u0445 \u0433\u0440\u0430\u0436\u0434\u0430\u043d &#8211; \u0441\u043e\u0442\u0440\u0443\u0434\u043d\u0438\u043a\u043e\u0432 \u043b\u0438\u0446\u0435\u044f \u0413\u043e\u0440\u0438\u0437\u043e\u043d\u0442\" class=\"wp-image-109456\"\/><figcaption>\n    \u0417\u0430\u0434\u0435\u0440\u0436\u0430\u043d\u0438\u0435 \u0442\u0443\u0440\u0435\u0446\u043a\u0438\u0445 \u0433\u0440\u0430\u0436\u0434\u0430\u043d \u0441\u043e\u0442\u0440\u0443\u0434\u043d\u0438\u043a\u043e\u0432 \u043b\u0438\u0446\u0435\u044f &#8221;\u0413\u043e\u0440\u0438\u0437\u043e\u043d\u0442&#8221;<br \/>\n  <\/figcaption><\/figure>\n<p>\n  \u00abBizim h\u0259mkarlar\u0131n T\u00fcrkiy\u0259d\u0259ki v\u0259kili liseyin r\u0259hb\u0259rliyi il\u0259 \u0259laq\u0259 saxlayaraq m\u00fc\u0259lliml\u0259rin ham\u0131s\u0131n\u0131n \u0130stanbul yax\u0131nl\u0131\u011f\u0131nda bir h\u0259bsxanadan saxland\u0131\u011f\u0131n\u0131 bildirib. Onlar\u0131n h\u0259yat yolda\u015flar\u0131 m\u0259n\u0259 onlarda qalan s\u0259n\u0259dl\u0259rin orijinallar\u0131n\u0131 g\u00f6st\u0259ribl\u0259r: pasport, ya\u015fama icaz\u0259si, kiminin s\u0131\u011f\u0131nacaq \u00fc\u00e7\u00fcn t\u0259qdim etdiyi \u0259riz\u0259, h\u0259tta s\u0131\u011f\u0131nacaq ist\u0259y\u0259n \u015f\u0259xsin kimliyini t\u0259sdiq ed\u0259n m\u00fcv\u0259qq\u0259ti s\u0259n\u0259d. Bu \u015f\u0259xsl\u0259r \u00f6lk\u0259d\u0259n ba\u015fqa s\u0259n\u0259dl\u0259rl\u0259 \u00e7\u0131xar\u0131l\u0131blar\u00bb, &#8211; v\u0259kil Natalia Quma sosial \u015f\u0259b\u0259k\u0259d\u0259 yaz\u0131r.\n<\/p>\n<p>\n  \u00abZiarul Na\u0163ional\u00bb yaz\u0131r ki, T\u00fcrkiy\u0259 h\u00f6kum\u0259ti \u00abHorizont\u00bb liseyinin ba\u011flanmas\u0131n\u0131 2017-ci ild\u0259 Moldovadan a\u00e7\u0131q \u015f\u0259kild\u0259 xahi\u015f edib. Bu, h\u0259min il 5-6 may tarixl\u0259rind\u0259 T\u00fcrkiy\u0259nin Ba\u015f naziri Bin\u0259li Y\u0131ld\u0131r\u0131m\u0131n Moldovaya r\u0259smi s\u0259f\u0259ri zaman ba\u015f verib. Ba\u015f nazir bunu liseyin F\u0259tullah G\u00fcl\u0259nin ba\u015f\u00e7\u0131l\u0131q etdiyi terror \u015f\u0259b\u0259k\u0259sinin bir hiss\u0259si olmas\u0131 il\u0259 \u0259sasland\u0131r\u0131b.\n<\/p>\n<p>\n  Az\u0259rbaycanda \u00e7al\u0131\u015fan be\u015f t\u00fcrkiy\u0259li m\u00fc\u0259llim d\u0259 h\u0259bs edil\u0259r\u0259k T\u00fcrkiy\u0259y\u0259 g\u00f6nd\u0259ril\u0259nl\u0259r s\u0131ras\u0131ndad\u0131r. Onlardan biri, Ayxan S\u0259f\u0259ro\u011flu bu ilin fevral\u0131nda Az\u0259rbaycan polisi t\u0259r\u0259find\u0259n saxlan\u0131l\u0131b v\u0259 m\u0259hk\u0259m\u0259 t\u0259r\u0259find\u0259n s\u0259rb\u0259st burax\u0131lsa da, polisin m\u00fc\u015fay\u0259ti il\u0259 zaldan \u00e7\u0131xar\u0131laraq Miqrasiya Xidm\u0259tinin avtomobili il\u0259 hava liman\u0131na, ordan da T\u00fcrkiy\u0259y\u0259 g\u00f6t\u00fcr\u00fcl\u00fcb. Onun v\u0259kili, Ankara B\u00fcrosunun \u00fczv\u00fc Ay\u015f\u0259 S\u00fceda \u00dcnal Az\u0259rbaycandan S\u0259f\u0259ro\u011flu il\u0259 birg\u0259 onun dig\u0259r h\u0259mkar\u0131 \u018frdo\u011fan Taylan\u0131n da g\u0259tirildiyini deyir. V\u0259kilin s\u00f6zl\u0259rin\u0259 g\u00f6r\u0259, onlara qar\u015f\u0131 he\u00e7 bir ittiham t\u0259sdiqini tapmad\u0131\u011f\u0131, h\u0259bsd\u0259 saxlanmalar\u0131n\u0131 z\u0259ruri ed\u0259c\u0259k hans\u0131sa d\u0259lil olmad\u0131\u011f\u0131 halda 8 ayd\u0131r ki, Ankarada h\u0259bsxanada saxlan\u0131l\u0131rlar. \u00dcnal h\u0259r iki m\u00fc\u0259llim\u0259 v\u0259 \u00fcmumilikd\u0259 FET\u00d6 \u015f\u0259b\u0259k\u0259si il\u0259 \u0259laq\u0259y\u0259 g\u00f6r\u0259 h\u0259bs\u0259 at\u0131lan minl\u0259rl\u0259 \u015f\u0259xs\u0259 qar\u015f\u0131 ir\u0259li s\u00fcr\u00fcl\u0259n ittihamlar\u0131 h\u00fcquqdan k\u0259nar, siyasi basq\u0131n\u0131n g\u0259tirdiyi m\u00fchakim\u0259l\u0259r adland\u0131r\u0131r:\n<\/p>\n<p>\n  \u201cBu ittihamlar\u0131n he\u00e7 bir h\u00fcquqi t\u0259m\u0259li yoxdur v\u0259 i\u015fl\u0259rd\u0259 d\u0259 hans\u0131sa d\u0259lil t\u0259qdim edilmir. D\u00f6vl\u0259tin vaxt\u0131il\u0259 f\u0259aliyy\u0259tin\u0259 izin verdiyi hans\u0131sa bankda hesablar\u0131n\u0131n olmas\u0131 v\u0259 ya daha \u00f6nc\u0259 G\u00fcl\u0259n h\u0259r\u0259kat\u0131na m\u0259nsub evl\u0259rd\u0259 v\u0259 yurdlarda qalmalar\u0131, yaxud bu h\u0259r\u0259kata aid m\u0259kt\u0259bl\u0259rd\u0259 \u00e7al\u0131\u015fmalar\u0131, u\u015faqlar\u0131n\u0131 bu m\u0259kt\u0259bl\u0259rd\u0259 oxutmalar\u0131 su\u00e7 d\u0259lili say\u0131l\u0131r. Halbuki, burada hans\u0131sa qanunsuzluq yoxdur. Bu g\u00fcn\u0259 q\u0259d\u0259r n\u0259 \u00e7evrili\u015fin h\u0259yata ke\u00e7irilm\u0259sin\u0259 y\u00f6n\u0259lik, n\u0259 d\u0259 silahl\u0131 terror t\u0259\u015fkilat\u0131na dair bir d\u0259lil ortaya qoya bilibl\u0259r\u201d.\n<\/p>\n<p>\n  T\u00fcrkiy\u0259li m\u00fc\u0259lliml\u0259rin h\u0259bs edil\u0259r\u0259k ekstradisiya olundu\u011fu \u00f6lk\u0259l\u0259rin co\u011frafiyas\u0131 kifay\u0259t q\u0259d\u0259r geni\u015fdir, Pakistandan tutmu\u015f Kosovaya q\u0259d\u0259r. Bu ilin 12 iyul tarixind\u0259 is\u0259 T\u00fcrkiy\u0259 v\u0259t\u0259nda\u015f\u0131 olan jurnalist Yusif \u0130nan Ukraynan\u0131n T\u0259hl\u00fck\u0259sizlik Xidm\u0259ti t\u0259r\u0259find\u0259n saxlan\u0131laraq T\u00fcrkiy\u0259y\u0259 ekstradisiya edilib. \u201cHromadske\u201d sayt\u0131n\u0131n \u0259m\u0259kda\u015flar\u0131 Ukraynan\u0131n bir ne\u00e7\u0259 d\u00f6vl\u0259t qurumu il\u0259 \u0259laq\u0259 yaratsa da, n\u0259 Ba\u015f Prokurorluq, n\u0259 T\u0259hl\u00fck\u0259sizlik Xidm\u0259ti, n\u0259 d\u0259 \u018fdliyy\u0259 Nayirliyi Yusif \u0130nan\u0131n h\u0259bsi v\u0259 ekstradisiyas\u0131 haqda sor\u011funun oldu\u011funu t\u0259sdiql\u0259yib. Eyni \u0259r\u0259f\u0259d\u0259 Ukraynadan daha bir t\u00fcrk v\u0259t\u0259nda\u015f\u0131, i\u015f adam\u0131 Sahil Z\u0259ki \u0130git d\u0259 Odessada saxlan\u0131laraq T\u00fcrkiy\u0259y\u0259 g\u00f6nd\u0259rilib.\n<\/p>\n<figure class=\"wp-block-image size-large\">\n  <img decoding=\"async\" src=\"https:\/\/www.meydan.tv\/az\/yusif-inan-foto-agentstvo-anadolu\/\" alt=\"\u042e\u0441\u0438\u0444 \u0418\u043d\u0430\u043d \u0424\u043e\u0442\u043e: \u0410\u0433\u0435\u043d\u0442\u0441\u0442\u0432\u043e \u0410\u043d\u0430\u0434\u043e\u043b\u0443\" class=\"wp-image-109459\"\/><figcaption>\n    \u042e\u0441\u0438\u0444 \u0418\u043d\u0430\u043d \u0424\u043e\u0442\u043e: \u0410\u0433\u0435\u043d\u0442\u0441\u0442\u0432\u043e \u0410\u043d\u0430\u0434\u043e\u043b\u0443<br \/>\n  <\/figcaption><\/figure>\n<p>\n  G\u00fcrc\u00fcstanda is\u0259 T\u00fcrkiy\u0259 h\u00f6kum\u0259tinin g\u00fcl\u0259n\u00e7i ovu bir q\u0259d\u0259r u\u011fursuz olub. Bu \u00f6lk\u0259d\u0259 F\u0259tulla G\u00fcl\u0259nl\u0259 \u0259laq\u0259l\u0259ndiril\u0259n bir universitet v\u0259 s\u0259kkiz m\u0259kt\u0259b var idi. Tbilisi v\u0259 Batumid\u0259 qapad\u0131lan bu m\u0259kt\u0259bl\u0259rd\u0259n birinin direktoru olmu\u015f Mustafa \u018fmr\u0259 \u00c7abuk da 2017-ci ilin may\u0131nda terrorizm\u0259 yard\u0131mda ittiham edil\u0259r\u0259k saxlan\u0131lsa da, T\u00fcrkiy\u0259 h\u00f6kum\u0259ti onun ekstradisiyas\u0131na h\u0259l\u0259 d\u0259 nail ola bilm\u0259yib. G\u00fcrc\u00fcstan ictimaiyy\u0259tinin t\u0259zyiql\u0259ri n\u0259tic\u0259sind\u0259 t\u00fcrkiy\u0259li m\u00fc\u0259llimi zamin\u0259 buraxmaq v\u0259 d\u00f6vl\u0259t m\u00fcdafi\u0259sini n\u0259z\u0259rd\u0259 tutan x\u00fcsusi proqrama daxil etm\u0259k m\u00fcmk\u00fcn olub. Bu proqram \u00c7abukun ail\u0259sinin ya\u015fad\u0131\u011f\u0131 \u00fcnvan\u0131 gizli saxlama\u011fa imkan verir. G\u00fcrc\u00fcstan\u0131n h\u00fcquq-m\u00fcdafi\u0259 t\u0259\u015fkilatlar\u0131 is\u0259 Mustafa \u018fmr\u0259 \u00c7abukun T\u00fcrkiy\u0259y\u0259 ekstradisiya v\u0259 orada i\u015fg\u0259nc\u0259l\u0259rl\u0259 qar\u015f\u0131la\u015fa bilm\u0259 riskini n\u0259z\u0259r\u0259 alaraq, ona siyasi s\u0131\u011f\u0131nacaq verilm\u0259si \u00fc\u00e7\u00fcn h\u00f6kum\u0259t\u0259 m\u00fcraci\u0259t \u00fcnvanlay\u0131b.\n<\/p>\n<p>\n  V\u0259kil Ay\u015f\u0259 S\u00fceda \u00dcnal bug\u00fcn\u0259d\u0259k T\u00fcrkiy\u0259d\u0259 s\u00f6z\u00fcged\u0259n olaylarla ba\u011fl\u0131 saxlan\u0131lan 120 min\u0259 yax\u0131n \u015f\u0259xsin t\u0259xmin\u0259n 50 faizinin i\u015fg\u0259nc\u0259l\u0259r\u0259 m\u0259ruz qald\u0131\u011f\u0131n\u0131 bildirir:\n<\/p>\n<p>\n  \u201cBu ittihamlar ba\u015flad\u0131\u011f\u0131nda x\u00fcsusi il\u0259 \u0259sg\u0259rl\u0259r\u0259, polisl\u0259r\u0259, hakim v\u0259 prokurorlara qar\u015f\u0131 \u00e7ox ciddi i\u015fg\u0259nc\u0259l\u0259r verildi. Xeyli insan i\u015fg\u0259nc\u0259d\u0259n \u00f6ld\u00fc v\u0259 iki il ke\u00e7m\u0259sin\u0259 r\u0259\u011fm\u0259n h\u0259l\u0259 d\u0259 yaralar\u0131 sa\u011falmayan, \u015fik\u0259st qalan, s\u0259hh\u0259tl\u0259rind\u0259 probleml\u0259ri olanlar var. H\u0259tta b\u0259zi \u015f\u0259xsl\u0259rin ail\u0259 \u00fczvl\u0259ri d\u0259 saxlan\u0131ld\u0131, ig\u0259nc\u0259l\u0259r verildi, cinsi t\u0259cav\u00fcz hallar\u0131 oldu. V\u0259kill\u0259r i\u015fg\u0259nc\u0259l\u0259r haqda bilgil\u0259r vers\u0259 d\u0259, bunu diqq\u0259t\u0259 alm\u0131rlar. Saxlananlar aras\u0131nda xeyli qad\u0131n v\u0259 u\u015faq var. Haz\u0131rda mind\u0259n \u00e7ox u\u015faq analar\u0131 il\u0259 birg\u0259 c\u0259za evind\u0259dir\u201d.\n<\/p>\n<p>\n  V\u0259kilin s\u00f6zl\u0259rin\u0259 g\u00f6r\u0259, h\u0259bsxanalarda saxlanma \u015f\u0259raiti d\u0259 \u00e7ox a\u00e7\u0131nacaql\u0131d\u0131r; 10 n\u0259f\u0259rlik otaqlarda 30-40 n\u0259f\u0259r saxlan\u0131l\u0131r, m\u0259i\u015f\u0259t \u015f\u0259rait v\u0259 qidalanma \u00e7ox z\u0259ifdir, m\u0259hbuslar m\u00fcalic\u0259 oluna bilmir v\u0259 onlara yax\u0131nlar\u0131 il\u0259 n\u0259inki g\u00f6r\u00fc\u015f\u0259 v\u0259 telefon \u0259laq\u0259sin\u0259 bel\u0259 icaz\u0259 verilmir. V\u0259kill\u0259r\u0259 qar\u015f\u0131 da t\u0259zyiql\u0259rin oldu\u011funu vur\u011fulayan \u00dcnal h\u0259m\u00e7inin bildirir ki, s\u00f6z\u00fcged\u0259n basq\u0131lar n\u0259tic\u0259sind\u0259 T\u00fcrkiy\u0259 c\u0259miyy\u0259tin\u0259 ciddi qorxu hissi hakim k\u0259silib v\u0259 h\u0259tta \u00f6lk\u0259 xaricind\u0259 ya\u015fayanlar da ekstradisiya qorxusu il\u0259 susma\u011fa m\u0259cburdur.\n<\/p>\n<p>\n  \u018frdo\u011fan h\u00f6kum\u0259tinin son iki ild\u0259 \u00f6z siyasi oponentl\u0259rin\u0259 qar\u015f\u0131 apard\u0131\u011f\u0131 repressiyalar\u0131n n\u0259tic\u0259si olaraq \u00f6lk\u0259d\u0259 45 q\u0259zet, 16 televiziya, 15 jurnal, 23 radiostansiya, 29 n\u0259\u015friyyat \u015firk\u0259ti v\u0259 3 x\u0259b\u0259r agentliyi qapad\u0131l\u0131b. \u201cHuman Rights Watch\u201d bildirir ki, h\u0259m\u00e7inin 1035 \u00f6z\u0259l m\u0259kt\u0259b v\u0259 t\u0259l\u0259b\u0259 yataqxanas\u0131, 35 tibb m\u00fc\u0259ssis\u0259si, 1229 fond v\u0259 assosiasiya, 15 \u00f6z\u0259l universitet, 15 birlik ba\u011flan\u0131b. \u201cFreedom House\u201d t\u0259\u015fkilat\u0131n\u0131n son hesabat\u0131nda is\u0259 T\u00fcrkiy\u0259 hakimiyy\u0259tinin f\u00f6vq\u0259lad\u0259 s\u0259lahiyy\u0259tl\u0259rin\u0259 v\u0259 terrorizm haqda qanuna s\u00f6yk\u0259n\u0259r\u0259k h\u00f6kum\u0259t v\u0259 ictimai qurumlarda \u00e7al\u0131\u015fan 110 mind\u0259n \u00e7ox insan\u0131 i\u015fd\u0259n \u00e7\u0131xar\u0131ld\u0131\u011f\u0131 v\u0259 60 mind\u0259n \u00e7ox insan\u0131n h\u0259bs olundu\u011funu qeyd edilir. \u201cFreedom House\u201d t\u0259\u015fkilat\u0131n\u0131n x\u00fcsusi ara\u015fd\u0131rmalar \u00fczr\u0259 direktoru Nate Schenkkan Kosova v\u0259 Moldovadan t\u00fcrk v\u0259t\u0259nda\u015flar\u0131n\u0131n ekstradisiya edilm\u0259si il\u0259 ba\u011fl\u0131 Avropa siyasil\u0259rind\u0259n g\u00fccl\u00fc reaksiyalar g\u0259ls\u0259 d\u0259, Ukrayna v\u0259 Az\u0259rbaycanla ba\u011fl\u0131 olaylarda etirazlar\u0131n az oldu\u011funu qeyd edir:\n<\/p>\n<p>\n  \u201cKosova il\u0259 ba\u011fl\u0131 AB\u015e h\u00f6kum\u0259ti d\u0259 m\u00fcnasib\u0259t bildirdi. Amma \u00fcmumilikd\u0259 Q\u0259rb d\u00f6vl\u0259tl\u0259ri T\u00fcrkiy\u0259nin \u00f6z v\u0259t\u0259nda\u015flar\u0131n\u0131n xarici \u00f6lk\u0259l\u0259rd\u0259 \u0259l\u0259 ke\u00e7irilm\u0259si m\u0259qs\u0259di il\u0259 apard\u0131\u011f\u0131 xarici siyas\u0259t\u0259 t\u0259sir etm\u0259k \u00fc\u00e7\u00fcn g\u00fccl\u00fc v\u0259 proaktiv t\u0259dbirl\u0259r g\u00f6rm\u0259yibl\u0259r. Haz\u0131rda AB\u015e \u00f6z v\u0259t\u0259nda\u015f\u0131 Andrew\u00a0Brunson T\u00fcrkiy\u0259d\u0259 saxlanmas\u0131 il\u0259 ba\u011fl\u0131 b\u0259zi sanksiyalar t\u0259tbiq edib. Lakin m\u0259n hesab edir\u0259m ki, sanksiyalara fokuslanmaq \u0259v\u0259zin\u0259 T\u00fcrkiy\u0259 h\u00f6kum\u0259tinin insanlar\u0131 t\u0259qib etm\u0259sinin qar\u015f\u0131s\u0131n\u0131 almaq \u00fc\u00e7\u00fcn informasiya t\u0259bli\u011fat\u0131, t\u0259hl\u00fck\u0259sizlik v\u0259 \u0259ks-k\u0259\u015ffiyyat kimi proaktiv t\u0259dbirl\u0259r\u0259 diqq\u0259t yetirm\u0259k daha do\u011fru olard\u0131\u201d.\n<\/p>\n<p>\n  Nate Schenkkan h\u0259m\u00e7inin vur\u011fulay\u0131r ki, t\u0259qibl\u0259rd\u0259n qa\u00e7maq \u00fc\u00e7\u00fcn s\u0131\u011f\u0131nacaq ist\u0259y\u0259n h\u0259r hans\u0131 bir \u015f\u0259xs he\u00e7 bir m\u0259hk\u0259m\u0259 ara\u015fd\u0131rmas\u0131 olmadan i\u015fg\u0259nc\u0259y\u0259 m\u0259ruz qala bil\u0259c\u0259yi \u00f6lk\u0259y\u0259 g\u00f6nd\u0259rilm\u0259m\u0259lidir.\n<\/p>\n<p>\n  Siyasi analitik Az\u0259r Qas\u0131ml\u0131n\u0131n s\u00f6zl\u0259rin\u0259 g\u00f6r\u0259, T\u00fcrkiy\u0259 h\u00f6kum\u0259ti \u00f6z v\u0259t\u0259nda\u015flar\u0131na qar\u015f\u0131 xaricd\u0259 d\u0259 apard\u0131\u011f\u0131 t\u0259qib siyas\u0259tini Az\u0259rbaycan kimi demokratiyan\u0131n tam m\u00f6hk\u0259ml\u0259nm\u0259diyi v\u0259 ya demokratiyan\u0131n olmad\u0131\u011f\u0131 \u00f6lk\u0259l\u0259rd\u0259 daha u\u011furlu h\u0259yata ke\u00e7ir\u0259 bilir:\n<\/p>\n<p>\n  \u201cAz\u0259rbaycan iqtidar\u0131 il\u0259 \u018frdo\u011fan\u0131n x\u00fcsusi m\u00fcnasib\u0259ti var. Bu m\u00fcnasib\u0259t bir t\u0259r\u0259fd\u0259n h\u0259m etnik bax\u0131mdan yax\u0131nl\u0131\u011f\u0131m\u0131zdan, dig\u0259r t\u0259r\u0259fd\u0259n d\u0259 h\u0259r iki iqtidar\u0131n avtokratik meyill\u0259rind\u0259n ir\u0259li g\u0259lir. H\u0259r iki iqtidar bir-birinin maraqlar\u0131n\u0131 t\u0259min etm\u0259y\u0259 \u00e7al\u0131\u015f\u0131r. Bu i\u015fd\u0259 d\u0259 h\u0259r ikisi \u00fc\u00e7\u00fcn insan haqlar\u0131 kimi q\u0131rm\u0131z\u0131 x\u0259tti yoxdur. Ukrayna, G\u00fcrctan v\u0259 Maldova kimi \u00f6lk\u0259l\u0259rd\u0259 d\u0259 v\u0259ziyy\u0259t eynidir. H\u0259r \u00fc\u00e7 \u00f6lk\u0259d\u0259 demokratik sistem h\u0259l\u0259 tam oturu\u015fmay\u0131b\u201d.\n<\/p>\n<p>\n  Az\u0259rbaycan h\u00f6kum\u0259ti g\u00fcl\u0259n\u00e7il\u0259r ad\u0131 il\u0259 yerli siyas\u0259t\u00e7il\u0259r\u0259 v\u0259 i\u00e7timai f\u0259allara qar\u015f\u0131 da t\u0259qibl\u0259r\u0259 ba\u015flam\u0131\u015fd\u0131. T\u00fcrkiy\u0259d\u0259ki \u00e7evrili\u015f c\u0259hdind\u0259n az sonra, Az\u0259rbaycanda da b\u0259zi \u015f\u0259xsl\u0259r i\u015fd\u0259n uzaqla\u015fd\u0131r\u0131ld\u0131. 2016-c\u0131 ilin avqustunda is\u0259 AXCP s\u0259drinin m\u00fcavini, m\u00fcxalify\u00f6nl\u00fc \u201cAzadl\u0131q\u201dq\u0259zetinin maliyy\u0259 m\u00fcdiri Faiq \u018fmirli v\u0259 partiyan\u0131n G\u0259ncl\u0259r Komit\u0259sinin s\u0259dr m\u00fcavini Fuad \u018fhm\u0259dli G\u00fcl\u0259n h\u0259r\u0259kat\u0131 il\u0259 \u0259laq\u0259d\u0259 ittiham edil\u0259r\u0259k h\u0259bs olundu. Sonuncu h\u0259l\u0259 d\u0259 h\u0259bsd\u0259dir.<\/p>\n","protected":false},"excerpt":{"rendered":"<p>T\u00fcrkiy\u0259 hakimiyy\u0259ti din xadimi F\u0259tullah G\u00fcl\u0259n v\u0259 onun davam\u00e7\u0131lar\u0131na qar\u015f\u0131 ba\u015flad\u0131\u011f\u0131 t\u0259qibl\u0259ri ba\u015fqa \u00f6lk\u0259l\u0259rd\u0259 d\u0259 davam etdirm\u0259kd\u0259dir.<\/p>\n","protected":false},"author":11,"featured_media":109453,"comment_status":"closed","ping_status":"open","sticky":false,"template":"","format":"standard","meta":{"_acf_changed":false,"_sitemap_exclude":false,"_sitemap_priority":"","_sitemap_frequency":"","footnotes":""},"categories":[51],"tags":[],"class_list":["post-191639","post","type-post","status-publish","format-standard","has-post-thumbnail","hentry","category-analitika","infinite-scroll-item","generate-columns","tablet-grid-50","mobile-grid-100","grid-parent","grid-33","no-featured-image-padding"],"acf":[],"yoast_head":"<!-- This site is optimized with the Yoast SEO plugin v27.4 - https:\/\/yoast.com\/product\/yoast-seo-wordpress\/ -->\n<title>AKP h\u00f6k\u00fcm\u0259tinin &quot;G\u00fcl\u0259n\u00e7i&quot; ovunun co\u011frafiyas\u0131 geni\u015fl\u0259nir - MEYDAN.TV<\/title>\n<meta name=\"robots\" content=\"index, follow, max-snippet:-1, max-image-preview:large, max-video-preview:-1\" \/>\n<link rel=\"canonical\" href=\"https:\/\/www.meydan.tv\/az\/article\/akp-hokumetinin-gulenci-ovunun-cografiyasi-genislenir\/\" \/>\n<meta property=\"og:locale\" content=\"az_AZ\" \/>\n<meta property=\"og:type\" content=\"article\" \/>\n<meta property=\"og:title\" content=\"AKP h\u00f6k\u00fcm\u0259tinin &quot;G\u00fcl\u0259n\u00e7i&quot; ovunun co\u011frafiyas\u0131 geni\u015fl\u0259nir - MEYDAN.TV\" \/>\n<meta property=\"og:description\" content=\"T\u00fcrkiy\u0259 hakimiyy\u0259ti din xadimi F\u0259tullah G\u00fcl\u0259n v\u0259 onun davam\u00e7\u0131lar\u0131na qar\u015f\u0131 ba\u015flad\u0131\u011f\u0131 t\u0259qibl\u0259ri ba\u015fqa \u00f6lk\u0259l\u0259rd\u0259 d\u0259 davam etdirm\u0259kd\u0259dir.\" \/>\n<meta property=\"og:url\" content=\"https:\/\/www.meydan.tv\/az\/article\/akp-hokumetinin-gulenci-ovunun-cografiyasi-genislenir\/\" \/>\n<meta property=\"og:site_name\" content=\"MEYDAN.TV\" \/>\n<meta property=\"article:published_time\" content=\"2018-09-12T20:14:20+00:00\" \/>\n<meta property=\"og:image\" content=\"https:\/\/www.meydan.tv\/wp-content\/uploads\/43518.jpg\" \/>\n\t<meta property=\"og:image:width\" content=\"1024\" \/>\n\t<meta property=\"og:image:height\" content=\"694\" \/>\n\t<meta property=\"og:image:type\" content=\"image\/jpeg\" \/>\n<meta name=\"author\" content=\"user-manager\" \/>\n<meta name=\"twitter:card\" content=\"summary_large_image\" \/>\n<script type=\"application\/ld+json\" class=\"yoast-schema-graph\">{\"@context\":\"https:\\\/\\\/schema.org\",\"@graph\":[{\"@type\":\"Article\",\"@id\":\"https:\\\/\\\/www.meydan.tv\\\/az\\\/article\\\/akp-hokumetinin-gulenci-ovunun-cografiyasi-genislenir\\\/#article\",\"isPartOf\":{\"@id\":\"https:\\\/\\\/www.meydan.tv\\\/az\\\/article\\\/akp-hokumetinin-gulenci-ovunun-cografiyasi-genislenir\\\/\"},\"author\":{\"name\":\"user-manager\",\"@id\":\"https:\\\/\\\/www.meydan.tv\\\/az\\\/#\\\/schema\\\/person\\\/10d11eccf6da3662cf5fdab9806ea91a\"},\"headline\":\"AKP h\u00f6k\u00fcm\u0259tinin &#8220;G\u00fcl\u0259n\u00e7i&#8221; ovunun co\u011frafiyas\u0131 geni\u015fl\u0259nir\",\"datePublished\":\"2018-09-12T20:14:20+00:00\",\"mainEntityOfPage\":{\"@id\":\"https:\\\/\\\/www.meydan.tv\\\/az\\\/article\\\/akp-hokumetinin-gulenci-ovunun-cografiyasi-genislenir\\\/\"},\"wordCount\":2581,\"publisher\":{\"@id\":\"https:\\\/\\\/www.meydan.tv\\\/az\\\/#organization\"},\"image\":{\"@id\":\"https:\\\/\\\/www.meydan.tv\\\/az\\\/article\\\/akp-hokumetinin-gulenci-ovunun-cografiyasi-genislenir\\\/#primaryimage\"},\"thumbnailUrl\":\"https:\\\/\\\/www.meydan.tv\\\/wp-content\\\/uploads\\\/43518.jpg\",\"articleSection\":[\"Analitika\"],\"inLanguage\":\"az\"},{\"@type\":\"WebPage\",\"@id\":\"https:\\\/\\\/www.meydan.tv\\\/az\\\/article\\\/akp-hokumetinin-gulenci-ovunun-cografiyasi-genislenir\\\/\",\"url\":\"https:\\\/\\\/www.meydan.tv\\\/az\\\/article\\\/akp-hokumetinin-gulenci-ovunun-cografiyasi-genislenir\\\/\",\"name\":\"AKP h\u00f6k\u00fcm\u0259tinin \\\"G\u00fcl\u0259n\u00e7i\\\" ovunun co\u011frafiyas\u0131 geni\u015fl\u0259nir - MEYDAN.TV\",\"isPartOf\":{\"@id\":\"https:\\\/\\\/www.meydan.tv\\\/az\\\/#website\"},\"primaryImageOfPage\":{\"@id\":\"https:\\\/\\\/www.meydan.tv\\\/az\\\/article\\\/akp-hokumetinin-gulenci-ovunun-cografiyasi-genislenir\\\/#primaryimage\"},\"image\":{\"@id\":\"https:\\\/\\\/www.meydan.tv\\\/az\\\/article\\\/akp-hokumetinin-gulenci-ovunun-cografiyasi-genislenir\\\/#primaryimage\"},\"thumbnailUrl\":\"https:\\\/\\\/www.meydan.tv\\\/wp-content\\\/uploads\\\/43518.jpg\",\"datePublished\":\"2018-09-12T20:14:20+00:00\",\"breadcrumb\":{\"@id\":\"https:\\\/\\\/www.meydan.tv\\\/az\\\/article\\\/akp-hokumetinin-gulenci-ovunun-cografiyasi-genislenir\\\/#breadcrumb\"},\"inLanguage\":\"az\",\"potentialAction\":[{\"@type\":\"ReadAction\",\"target\":[\"https:\\\/\\\/www.meydan.tv\\\/az\\\/article\\\/akp-hokumetinin-gulenci-ovunun-cografiyasi-genislenir\\\/\"]}]},{\"@type\":\"ImageObject\",\"inLanguage\":\"az\",\"@id\":\"https:\\\/\\\/www.meydan.tv\\\/az\\\/article\\\/akp-hokumetinin-gulenci-ovunun-cografiyasi-genislenir\\\/#primaryimage\",\"url\":\"https:\\\/\\\/www.meydan.tv\\\/wp-content\\\/uploads\\\/43518.jpg\",\"contentUrl\":\"https:\\\/\\\/www.meydan.tv\\\/wp-content\\\/uploads\\\/43518.jpg\",\"width\":1024,\"height\":694,\"caption\":\"Source:\"},{\"@type\":\"BreadcrumbList\",\"@id\":\"https:\\\/\\\/www.meydan.tv\\\/az\\\/article\\\/akp-hokumetinin-gulenci-ovunun-cografiyasi-genislenir\\\/#breadcrumb\",\"itemListElement\":[{\"@type\":\"ListItem\",\"position\":1,\"name\":\"Ana s\u0259hif\u0259\",\"item\":\"https:\\\/\\\/www.meydan.tv\\\/az\\\/\"},{\"@type\":\"ListItem\",\"position\":2,\"name\":\"Analitika\",\"item\":\"https:\\\/\\\/www.meydan.tv\\\/az\\\/section\\\/analitika\\\/\"},{\"@type\":\"ListItem\",\"position\":3,\"name\":\"AKP h\u00f6k\u00fcm\u0259tinin &#8220;G\u00fcl\u0259n\u00e7i&#8221; ovunun co\u011frafiyas\u0131 geni\u015fl\u0259nir\"}]},{\"@type\":\"WebSite\",\"@id\":\"https:\\\/\\\/www.meydan.tv\\\/az\\\/#website\",\"url\":\"https:\\\/\\\/www.meydan.tv\\\/az\\\/\",\"name\":\"MEYDAN.TV\",\"description\":\"Meydan TV Az\u0259rbaycan\u0131n media m\u0259kan\u0131ndak\u0131 alternativ s\u0259sidir\",\"publisher\":{\"@id\":\"https:\\\/\\\/www.meydan.tv\\\/az\\\/#organization\"},\"potentialAction\":[{\"@type\":\"SearchAction\",\"target\":{\"@type\":\"EntryPoint\",\"urlTemplate\":\"https:\\\/\\\/www.meydan.tv\\\/az\\\/?s={search_term_string}\"},\"query-input\":{\"@type\":\"PropertyValueSpecification\",\"valueRequired\":true,\"valueName\":\"search_term_string\"}}],\"inLanguage\":\"az\"},{\"@type\":\"Organization\",\"@id\":\"https:\\\/\\\/www.meydan.tv\\\/az\\\/#organization\",\"name\":\"Meydan TV\",\"url\":\"https:\\\/\\\/www.meydan.tv\\\/az\\\/\",\"logo\":{\"@type\":\"ImageObject\",\"inLanguage\":\"az\",\"@id\":\"https:\\\/\\\/www.meydan.tv\\\/az\\\/#\\\/schema\\\/logo\\\/image\\\/\",\"url\":\"https:\\\/\\\/www.meydan.tv\\\/wp-content\\\/uploads\\\/2021\\\/07\\\/meydan-logo.svg\",\"contentUrl\":\"https:\\\/\\\/www.meydan.tv\\\/wp-content\\\/uploads\\\/2021\\\/07\\\/meydan-logo.svg\",\"width\":195,\"height\":46,\"caption\":\"Meydan TV\"},\"image\":{\"@id\":\"https:\\\/\\\/www.meydan.tv\\\/az\\\/#\\\/schema\\\/logo\\\/image\\\/\"}},{\"@type\":\"Person\",\"@id\":\"https:\\\/\\\/www.meydan.tv\\\/az\\\/#\\\/schema\\\/person\\\/10d11eccf6da3662cf5fdab9806ea91a\",\"name\":\"user-manager\"}]}<\/script>\n<!-- \/ Yoast SEO plugin. -->","yoast_head_json":{"title":"AKP h\u00f6k\u00fcm\u0259tinin \"G\u00fcl\u0259n\u00e7i\" ovunun co\u011frafiyas\u0131 geni\u015fl\u0259nir - MEYDAN.TV","robots":{"index":"index","follow":"follow","max-snippet":"max-snippet:-1","max-image-preview":"max-image-preview:large","max-video-preview":"max-video-preview:-1"},"canonical":"https:\/\/www.meydan.tv\/az\/article\/akp-hokumetinin-gulenci-ovunun-cografiyasi-genislenir\/","og_locale":"az_AZ","og_type":"article","og_title":"AKP h\u00f6k\u00fcm\u0259tinin \"G\u00fcl\u0259n\u00e7i\" ovunun co\u011frafiyas\u0131 geni\u015fl\u0259nir - MEYDAN.TV","og_description":"T\u00fcrkiy\u0259 hakimiyy\u0259ti din xadimi F\u0259tullah G\u00fcl\u0259n v\u0259 onun davam\u00e7\u0131lar\u0131na qar\u015f\u0131 ba\u015flad\u0131\u011f\u0131 t\u0259qibl\u0259ri ba\u015fqa \u00f6lk\u0259l\u0259rd\u0259 d\u0259 davam etdirm\u0259kd\u0259dir.","og_url":"https:\/\/www.meydan.tv\/az\/article\/akp-hokumetinin-gulenci-ovunun-cografiyasi-genislenir\/","og_site_name":"MEYDAN.TV","article_published_time":"2018-09-12T20:14:20+00:00","og_image":[{"width":1024,"height":694,"url":"https:\/\/www.meydan.tv\/wp-content\/uploads\/43518.jpg","type":"image\/jpeg"}],"author":"user-manager","twitter_card":"summary_large_image","schema":{"@context":"https:\/\/schema.org","@graph":[{"@type":"Article","@id":"https:\/\/www.meydan.tv\/az\/article\/akp-hokumetinin-gulenci-ovunun-cografiyasi-genislenir\/#article","isPartOf":{"@id":"https:\/\/www.meydan.tv\/az\/article\/akp-hokumetinin-gulenci-ovunun-cografiyasi-genislenir\/"},"author":{"name":"user-manager","@id":"https:\/\/www.meydan.tv\/az\/#\/schema\/person\/10d11eccf6da3662cf5fdab9806ea91a"},"headline":"AKP h\u00f6k\u00fcm\u0259tinin &#8220;G\u00fcl\u0259n\u00e7i&#8221; ovunun co\u011frafiyas\u0131 geni\u015fl\u0259nir","datePublished":"2018-09-12T20:14:20+00:00","mainEntityOfPage":{"@id":"https:\/\/www.meydan.tv\/az\/article\/akp-hokumetinin-gulenci-ovunun-cografiyasi-genislenir\/"},"wordCount":2581,"publisher":{"@id":"https:\/\/www.meydan.tv\/az\/#organization"},"image":{"@id":"https:\/\/www.meydan.tv\/az\/article\/akp-hokumetinin-gulenci-ovunun-cografiyasi-genislenir\/#primaryimage"},"thumbnailUrl":"https:\/\/www.meydan.tv\/wp-content\/uploads\/43518.jpg","articleSection":["Analitika"],"inLanguage":"az"},{"@type":"WebPage","@id":"https:\/\/www.meydan.tv\/az\/article\/akp-hokumetinin-gulenci-ovunun-cografiyasi-genislenir\/","url":"https:\/\/www.meydan.tv\/az\/article\/akp-hokumetinin-gulenci-ovunun-cografiyasi-genislenir\/","name":"AKP h\u00f6k\u00fcm\u0259tinin \"G\u00fcl\u0259n\u00e7i\" ovunun co\u011frafiyas\u0131 geni\u015fl\u0259nir - MEYDAN.TV","isPartOf":{"@id":"https:\/\/www.meydan.tv\/az\/#website"},"primaryImageOfPage":{"@id":"https:\/\/www.meydan.tv\/az\/article\/akp-hokumetinin-gulenci-ovunun-cografiyasi-genislenir\/#primaryimage"},"image":{"@id":"https:\/\/www.meydan.tv\/az\/article\/akp-hokumetinin-gulenci-ovunun-cografiyasi-genislenir\/#primaryimage"},"thumbnailUrl":"https:\/\/www.meydan.tv\/wp-content\/uploads\/43518.jpg","datePublished":"2018-09-12T20:14:20+00:00","breadcrumb":{"@id":"https:\/\/www.meydan.tv\/az\/article\/akp-hokumetinin-gulenci-ovunun-cografiyasi-genislenir\/#breadcrumb"},"inLanguage":"az","potentialAction":[{"@type":"ReadAction","target":["https:\/\/www.meydan.tv\/az\/article\/akp-hokumetinin-gulenci-ovunun-cografiyasi-genislenir\/"]}]},{"@type":"ImageObject","inLanguage":"az","@id":"https:\/\/www.meydan.tv\/az\/article\/akp-hokumetinin-gulenci-ovunun-cografiyasi-genislenir\/#primaryimage","url":"https:\/\/www.meydan.tv\/wp-content\/uploads\/43518.jpg","contentUrl":"https:\/\/www.meydan.tv\/wp-content\/uploads\/43518.jpg","width":1024,"height":694,"caption":"Source:"},{"@type":"BreadcrumbList","@id":"https:\/\/www.meydan.tv\/az\/article\/akp-hokumetinin-gulenci-ovunun-cografiyasi-genislenir\/#breadcrumb","itemListElement":[{"@type":"ListItem","position":1,"name":"Ana s\u0259hif\u0259","item":"https:\/\/www.meydan.tv\/az\/"},{"@type":"ListItem","position":2,"name":"Analitika","item":"https:\/\/www.meydan.tv\/az\/section\/analitika\/"},{"@type":"ListItem","position":3,"name":"AKP h\u00f6k\u00fcm\u0259tinin &#8220;G\u00fcl\u0259n\u00e7i&#8221; ovunun co\u011frafiyas\u0131 geni\u015fl\u0259nir"}]},{"@type":"WebSite","@id":"https:\/\/www.meydan.tv\/az\/#website","url":"https:\/\/www.meydan.tv\/az\/","name":"MEYDAN.TV","description":"Meydan TV Az\u0259rbaycan\u0131n media m\u0259kan\u0131ndak\u0131 alternativ s\u0259sidir","publisher":{"@id":"https:\/\/www.meydan.tv\/az\/#organization"},"potentialAction":[{"@type":"SearchAction","target":{"@type":"EntryPoint","urlTemplate":"https:\/\/www.meydan.tv\/az\/?s={search_term_string}"},"query-input":{"@type":"PropertyValueSpecification","valueRequired":true,"valueName":"search_term_string"}}],"inLanguage":"az"},{"@type":"Organization","@id":"https:\/\/www.meydan.tv\/az\/#organization","name":"Meydan TV","url":"https:\/\/www.meydan.tv\/az\/","logo":{"@type":"ImageObject","inLanguage":"az","@id":"https:\/\/www.meydan.tv\/az\/#\/schema\/logo\/image\/","url":"https:\/\/www.meydan.tv\/wp-content\/uploads\/2021\/07\/meydan-logo.svg","contentUrl":"https:\/\/www.meydan.tv\/wp-content\/uploads\/2021\/07\/meydan-logo.svg","width":195,"height":46,"caption":"Meydan TV"},"image":{"@id":"https:\/\/www.meydan.tv\/az\/#\/schema\/logo\/image\/"}},{"@type":"Person","@id":"https:\/\/www.meydan.tv\/az\/#\/schema\/person\/10d11eccf6da3662cf5fdab9806ea91a","name":"user-manager"}]}},"_links":{"self":[{"href":"https:\/\/www.meydan.tv\/az\/wp-json\/wp\/v2\/posts\/191639","targetHints":{"allow":["GET"]}}],"collection":[{"href":"https:\/\/www.meydan.tv\/az\/wp-json\/wp\/v2\/posts"}],"about":[{"href":"https:\/\/www.meydan.tv\/az\/wp-json\/wp\/v2\/types\/post"}],"author":[{"embeddable":true,"href":"https:\/\/www.meydan.tv\/az\/wp-json\/wp\/v2\/users\/11"}],"replies":[{"embeddable":true,"href":"https:\/\/www.meydan.tv\/az\/wp-json\/wp\/v2\/comments?post=191639"}],"version-history":[{"count":0,"href":"https:\/\/www.meydan.tv\/az\/wp-json\/wp\/v2\/posts\/191639\/revisions"}],"wp:featuredmedia":[{"embeddable":true,"href":"https:\/\/www.meydan.tv\/az\/wp-json\/wp\/v2\/media\/109453"}],"wp:attachment":[{"href":"https:\/\/www.meydan.tv\/az\/wp-json\/wp\/v2\/media?parent=191639"}],"wp:term":[{"taxonomy":"category","embeddable":true,"href":"https:\/\/www.meydan.tv\/az\/wp-json\/wp\/v2\/categories?post=191639"},{"taxonomy":"post_tag","embeddable":true,"href":"https:\/\/www.meydan.tv\/az\/wp-json\/wp\/v2\/tags?post=191639"}],"curies":[{"name":"wp","href":"https:\/\/api.w.org\/{rel}","templated":true}]}}