{"id":191632,"date":"2018-09-12T17:11:38","date_gmt":"2018-09-12T17:11:38","guid":{"rendered":"https:\/\/www.meydan.tv\/article\/tutuncu-icra-bascisi-mene-engeller-yaradir\/"},"modified":"2018-09-12T17:11:38","modified_gmt":"2018-09-12T17:11:38","slug":"tutuncu-icra-bascisi-mene-engeller-yaradir","status":"publish","type":"post","link":"https:\/\/www.meydan.tv\/az\/article\/tutuncu-icra-bascisi-mene-engeller-yaradir\/","title":{"rendered":"T\u00fct\u00fcn\u00e7\u00fc: \u0130cra ba\u015f\u00e7\u0131s\u0131 m\u0259n\u0259 \u0259ng\u0259ll\u0259r yarad\u0131r"},"content":{"rendered":"<figure class=\"wp-block-image size-large\">\n  <img decoding=\"async\" src=\"https:\/\/www.meydan.tv\/az\/ehmed-bodulov\/\" alt=\"\u018fhm\u0259d Bodulov\" class=\"wp-image-109450\"\/><figcaption>\n    \u018fhm\u0259d Bodulov<br \/>\n  <\/figcaption><\/figure>\n<p>\n  <i><br \/>\n    Balak\u0259n sakini deyir, t\u00fct\u00fcn\u00e7\u00fcl\u00fckl\u0259 m\u0259\u015f\u011ful olma\u011fa ba\u015flad\u0131\u011f\u0131 g\u00fcnd\u0259n ba\u015f\u0131 qalmaqaldad\u0131r<br \/>\n  <\/i><\/p>\n<p>  \u201c2016-c\u0131 ild\u0259 2 hektar sah\u0259mi t\u00fct\u00fcnqar\u0131\u015f\u0131q \u015fumlay\u0131b yerind\u0259 bugda, arpa \u0259kdil\u0259r. Dedil\u0259r, ba\u015f\u00e7\u0131n\u0131n g\u00f6st\u0259ri\u015fidir. Bu boyda \u0259ng\u0259ll\u0259rin qar\u015f\u0131s\u0131nda \u00f6t\u0259n il ba\u015fqa yerd\u0259n sah\u0259 g\u00f6t\u00fcr\u00fcb t\u00fct\u00fcn \u0259kdim, 14 ton 965 kq quru t\u00fct\u00fcn t\u0259hvul verdim. T\u00fct\u00fcn\u00e7\u00fcl\u00fcy\u0259 g\u00f6r\u0259 banklardan g\u00f6t\u00fcrd\u00fcy\u00fcm kreditl\u0259rimi d\u0259 q\u0259piyin\u0259c\u0259n \u00f6d\u0259dim. Ancaq m\u0259n bu i\u015f\u0259 qol qoyan g\u00fcnd\u0259n yerli icra hakimiyy\u0259tinin ba\u015f\u00e7\u0131s\u0131 m\u0259ni bezdirm\u0259k \u00fc\u00e7\u00fcn h\u0259r c\u00fcr \u0259ng\u0259l yarad\u0131r\u201d.<\/p>\n<p>  Balak\u0259n rayon sakini \u018fhm\u0259d Bodulov birinci qrup g\u00f6zd\u0259n \u0259lildir. T\u0259s\u0259rr\u00fcfat\u00e7\u0131d\u0131r. 2 ildir ki, t\u00fct\u00fcn\u00e7\u00fcl\u00fckl\u0259 m\u0259\u015f\u011ful olur. Dediyin\u0259 g\u00f6r\u0259, arada barama\u00e7\u0131l\u0131\u011fa da \u0259l at\u0131b, ancaq s\u00fcni \u0259ng\u0259ll\u0259r \u00fcz\u00fcnd\u0259n o i\u015fin ba\u015f\u0131n\u0131 buraxmal\u0131 olub. Deyir, yerli icra orqanlar\u0131 onun f\u0259aliyy\u0259tini \u0259ng\u0259ll\u0259yir, t\u0259s\u0259rr\u00fcfat\u0131n\u0131 inki\u015faf etdirm\u0259y\u0259 imkan vermir.<\/p>\n<p>  <b><br \/>\n    <i><br \/>\n      2 il \u0259vv\u0259l bir \u00e7a\u011f\u0131r\u0131\u015fdan h\u0259v\u0259sl\u0259nib&#8230;<br \/>\n    <\/i><br \/>\n  <\/b><\/p>\n<p>  \u018fhm\u0259d Bodulov dan\u0131\u015f\u0131r ki, \u00f6z\u00fcn\u00fcn t\u00fct\u00fcn\u00e7\u00fcl\u00fck t\u0259s\u0259rr\u00fcfat\u0131n\u0131 2 il \u0259vv\u0259l prezident \u0130lham \u018fliyevin bu sah\u0259ni inki\u015faf etdirm\u0259kl\u0259 ba\u011fl\u0131 \u00e7a\u011f\u0131r\u0131\u015f\u0131ndan sonra yarad\u0131b. \u0130ddias\u0131na g\u00f6r\u0259, rayonda t\u00fct\u00fcn\u00e7\u00fcl\u00fcy\u00fc inki\u015faf etdir\u0259n iki t\u0259s\u0259rr\u00fcfat\u00e7\u0131dan biri kimi tan\u0131n\u0131r. Ancaq art\u0131q t\u0259s\u0259rr\u00fcfat\u0131 qoruyub saxlama\u011fa g\u00fcc\u00fc yetmir:<\/p>\n<p>  \u201c\u018fng\u0259ll\u0259r\u0259 baxmayaraq, 2016-c\u0131 ild\u0259 96 ton g\u00f6y t\u00fct\u00fcn, \u00f6t\u0259n il 14 ton 965 kiloqram quru t\u00fct\u00fcn t\u0259hvil verdim. Ke\u00e7mi\u015f k\u0259nd t\u0259s\u0259rr\u00fcfat\u0131 naziri m\u0259nim t\u00fct\u00fcn\u00e7\u00fcl\u00fck sah\u0259m\u0259 m\u00fckafat da k\u0259smi\u015fdi. Ancaq bu m\u00fckafat\u0131 ba\u015fqas\u0131n\u0131n ad\u0131na r\u0259smil\u0259\u015fdirdil\u0259r, m\u0259n k\u0259narda qald\u0131m. Deyirl\u0259r, s\u0259n kims\u0259n ki, t\u00fct\u00fcn \u0259kirs\u0259n, bu i\u015fl\u0259 yaln\u0131z biz m\u0259\u015f\u011ful ola bil\u0259rik. M\u0259n\u0259 \u0259ng\u0259ll\u0259r yaradan \u015f\u0259xs\u0259n icra ba\u015f\u00e7\u0131s\u0131n\u0131n \u00f6z\u00fcd\u00fcr. Adamlar\u0131n\u0131 \u00fcst\u00fcm\u0259 g\u00f6nd\u0259rir, t\u0259zyiql\u0259r g\u00f6st\u0259rir ki, bu i\u015fd\u0259n \u0259l \u00e7\u0259kim. El\u0259 \u00f6t\u0259n il G\u0259r\u0259kli k\u0259ndind\u0259ki 2 hektar sah\u0259m\u0259 traktor yeridib t\u00fct\u00fcnqar\u0131\u015f\u0131q m\u0259hv el\u0259dil\u0259r, yerind\u0259 arpa, bu\u011fda \u0259kdil\u0259r\u201d.<\/p>\n<p>  <b><br \/>\n    <i><br \/>\n      M\u0259hsul g\u00f6t\u00fcr\u0259 bilmir&#8230;<br \/>\n    <\/i><br \/>\n  <\/b><\/p>\n<p>  T\u0259s\u0259rr\u00fcfat\u00e7\u0131 deyir, buna baxmayaraq, o, t\u00fct\u00fcn\u00e7\u00fcl\u00fckd\u0259n \u0259l \u00e7\u0259km\u0259yib. Bak\u0131ya \u015fikay\u0259tl\u0259rind\u0259n sonra \u00f6t\u0259n il ona rayonun Qullar k\u0259ndind\u0259 8 hektar sah\u0259 verilib. O da h\u0259min sah\u0259d\u0259 t\u00fct\u00fcn istehsal\u0131na ba\u015flay\u0131b. Ancaq bu d\u0259f\u0259 m\u0259hsul g\u00f6t\u00fcr\u0259 bilmir:<\/p>\n<p>  \u201c\u0130ndiy\u0259 kimi az\u0131 50 ton t\u00fct\u00fcn t\u0259hvil verm\u0259liydim. Ancaq vur-tut 5-6 ton ya\u015f, 1 tondan bir az \u00e7ox quru t\u00fct\u00fcn vermi\u015f\u0259m. Halbuki, bu, \u0259n a\u015fa\u011f\u0131 g\u00f6st\u0259ricid\u0259n d\u0259 a\u015fa\u011f\u0131d\u0131r. S\u0259b\u0259b odur ki, m\u0259n\u0259 suvarmas\u0131 \u00e7\u0259tin olan torpaq sah\u0259si verilib. \u00dcst\u0259lik d\u0259 h\u0259min sah\u0259y\u0259 q\u0259sd\u0259n mal-heyvan burax\u0131l\u0131r. Sah\u0259y\u0259 i\u015fl\u0259m\u0259y\u0259 g\u0259l\u0259n f\u0259hl\u0259l\u0259r\u0259 1-2 g\u00fcn i\u015fl\u0259y\u0259nd\u0259n sonra t\u0259zyiql\u0259r edilir, i\u015fl\u0259rini yar\u0131m\u00e7\u0131q at\u0131b gedirl\u0259r. Bir d\u0259 g\u00f6r\u00fcrs\u0259n m\u0259ni d\u0259 sah\u0259y\u0259 yax\u0131n buraxm\u0131rlar, \u00f6z t\u00fct\u00fcn\u00fcm\u0259 yax\u0131n ged\u0259 bilmir\u0259m. T\u00fct\u00fcn\u00e7\u00fcl\u00fck i\u015fl\u0259rim yar\u0131m\u00e7\u0131q qal\u0131b. A\u00e7\u0131q \u015f\u0259kild\u0259 deyirl\u0259r ki, s\u0259n bu i\u015fl\u0259 m\u0259\u015f\u011ful olma\u201d.<\/p>\n<p>  <b><br \/>\n    <i><br \/>\n      Barama qurdlar\u0131 o\u011furlan\u0131b<br \/>\n    <\/i><br \/>\n  <\/b><\/p>\n<p>  \u018fhm\u0259d Bodulov barama\u00e7\u0131l\u0131qla da m\u0259\u015f\u011ful olmaq ist\u0259yib. Ancaq bu sah\u0259d\u0259 d\u0259 \u0259ng\u0259ll\u0259r oldu\u011funu deyir:\n<\/p>\n<p>\n  \u201cAx\u0131r\u0131nc\u0131 d\u0259f\u0259 160 qram barama qurdu g\u00f6t\u00fcrd\u00fcm. 60 qrama 160 kiloqram, 100 qrama 120 kiloqram barama yeti\u015fdirib t\u0259hvil verdim. Bir g\u00fcn x\u0259b\u0259r tutdum ki, qurdlar\u0131m\u0131 da saxlad\u0131\u011f\u0131m yerd\u0259n o\u011furlay\u0131blar. Saxta akt yazd\u0131lar, guya qurdlar x\u0259st\u0259likd\u0259n t\u0259l\u0259f olub. X\u0259st\u0259 qurd barama sar\u0131m\u0131r, ancaq o qurdlar ham\u0131s\u0131 barama sar\u0131m\u0131\u015fd\u0131. O\u011furlanan 160 qram qurddan m\u0259n minimum 400-420 kiloqram barama verm\u0259liydim. Bir s\u00f6zl\u0259, s\u00f6zl\u0259ri odur ki, bu rayonda \u00f6z \u00e7evr\u0259l\u0259rind\u0259n ba\u015fqa he\u00e7 k\u0259s t\u00fct\u00fcn\u00e7\u00fcl\u00fckl\u0259, barama\u00e7\u0131l\u0131qla m\u0259\u015f\u011ful ola bilm\u0259z\u201d.<\/p>\n<p>  \u018fhm\u0259d Bodulov sonuncu d\u0259f\u0259 t\u00fct\u00fcn toxumu s\u0259pimi zaman\u0131 bankdan 15 min manat m\u0259bl\u0259\u011find\u0259 krediti g\u00f6t\u00fcr\u00fcb. Ancaq krediti nec\u0259 qaytaraca\u011f\u0131n\u0131, bilmir. Deyir, bunun \u00fc\u00e7\u00fcn zavoda \u0259n az\u0131 100-110 ton t\u00fct\u00fcn t\u0259hvil verm\u0259lidir.<\/p>\n<p>  <b><br \/>\n    <i><br \/>\n      R\u0259smi qurum: \u201cT\u00fct\u00fcn\u00e7\u00fcl\u00fcy\u0259 x\u00fcsusi diqq\u0259t var\u201d<br \/>\n    <\/i><br \/>\n  <\/b><\/p>\n<p>  Balak\u0259n Rayon \u0130cra Hakimiyy\u0259tind\u0259n Meydan TV-y\u0259 bildirilib ki, \u00f6t\u0259n il prezident \u0130lham \u018fliyevin tap\u015f\u0131r\u0131q v\u0259 s\u0259r\u0259ncamlar\u0131na uy\u011fun olaraq rayonda t\u00fct\u00fcn\u00e7\u00fcl\u00fck, barama\u00e7\u0131l\u0131q v\u0259 f\u0131nd\u0131q\u00e7\u0131l\u0131q t\u0259s\u0259rr\u00fcfatlar\u0131 yarad\u0131l\u0131b. T\u0259s\u0259rr\u00fcfat\u00e7\u0131lara bu sah\u0259ni geni\u015fl\u0259ndirm\u0259k \u00fc\u00e7\u00fcn h\u0259m icra hakimiyy\u0259ti, h\u0259m Suvarma \u0130dar\u0259si, h\u0259m d\u0259 K\u0259nd T\u0259s\u0259rr\u00fcfat\u0131 Nazirliyi t\u0259r\u0259find\u0259n h\u0259r c\u00fcr k\u00f6m\u0259klik g\u00f6st\u0259rilir. \u018fhm\u0259d Bodulova da rayonun Qullar k\u0259ndind\u0259 t\u00fct\u00fcn\u00e7\u00fcl\u00fck t\u0259s\u0259rr\u00fcfat\u0131n\u0131 saxlamaq v\u0259 inki\u015faf etdirm\u0259k \u00fc\u00e7\u00fcn h\u0259r c\u00fcr k\u00f6m\u0259klik g\u00f6st\u0259rilir. Qeyd olunub ki, qurumun r\u0259hb\u0259rliyi onu d\u0259f\u0259l\u0259rl\u0259 q\u0259bul edib, dinl\u0259yib v\u0259 f\u0259aliyy\u0259tin\u0259 d\u0259st\u0259k \u00fc\u00e7\u00fcn m\u00fcvafiq add\u0131mlar at\u0131b.<\/p>\n<p>  \u00d6t\u0259n ilin avqustunda prezident \u0130lham \u018fliyev \u201cAz\u0259rbaycan Respublikas\u0131nda t\u00fct\u00fcn\u00e7\u00fcl\u00fcy\u00fcn inki\u015faf\u0131na dair 2017\u20132021-ci ill\u0259r \u00fc\u00e7\u00fcn D\u00f6vl\u0259t Proqram\u0131\u201dn\u0131n t\u0259sdiq edilm\u0259si haqq\u0131nda s\u0259r\u0259ncam imzalay\u0131b. Bundan sonra \u00f6lk\u0259nin bir ne\u00e7\u0259 b\u00f6lg\u0259sind\u0259 geni\u015fmiqyasl\u0131 t\u00fct\u00fcn \u0259kini i\u015fl\u0259ri h\u0259yata ke\u00e7irilib. Prezindetin s\u0259r\u0259ncam\u0131nda qeyd olunur ki, t\u00fct\u00fcn istehsal\u00e7\u0131lar\u0131na g\u00fcz\u0259\u015ftli kreditl\u0259r verilm\u0259li, h\u0259r rayonda t\u00fct\u00fcn q\u0259bulu m\u0259nt\u0259q\u0259l\u0259ri v\u0259 qurutma kameralar\u0131 yarad\u0131lmal\u0131, t\u00fct\u00fcn\u00fcn ixrac\u0131 il\u0259 ba\u011fl\u0131 bazarlar m\u00fc\u0259yy\u0259n olunmal\u0131, \u00f6lk\u0259d\u0259 m\u00fcasir siqaret istehsal ed\u0259n fabrikl\u0259r f\u0259aliyy\u0259t\u0259 ba\u015flamal\u0131, 2021-ci il\u0259 q\u0259d\u0259r t\u00fct\u00fcn \u0259kini geni\u015fl\u0259ndirilm\u0259lidir. Lakin bu s\u0259r\u0259ncamdan h\u0259v\u0259sl\u0259n\u0259r\u0259k t\u00fct\u00fcn\u00e7\u00fcl\u00fckl\u0259 m\u0259\u015f\u011ful olma\u011fa ba\u015flayan t\u0259s\u0259rr\u00fcfat\u00e7\u0131lar sonradan probleml\u0259rl\u0259 qar\u015f\u0131la\u015f\u0131blar. B\u0259zi t\u00fct\u00fcn istehsal\u00e7\u0131lar\u0131 iddia edir ki, b\u00f6lg\u0259l\u0259rd\u0259 bu sah\u0259l\u0259r d\u0259 inhisara al\u0131n\u0131b v\u0259 nec\u0259 dey\u0259rl\u0259r, h\u0259r \u201cyoldan ke\u00e7\u0259n\u201d bu i\u015fl\u0259 m\u0259\u015f\u011ful ola bilm\u0259z.<\/p>\n","protected":false},"excerpt":{"rendered":"<p>Balak\u0259n sakini deyir, t\u00fct\u00fcn\u00e7\u00fcl\u00fckl\u0259 m\u0259\u015f\u011ful olma\u011fa ba\u015flad\u0131\u011f\u0131 g\u00fcnd\u0259n ba\u015f\u0131 qalmaqaldad\u0131r<\/p>\n","protected":false},"author":11,"featured_media":109450,"comment_status":"closed","ping_status":"open","sticky":false,"template":"","format":"standard","meta":{"_acf_changed":false,"_sitemap_exclude":false,"_sitemap_priority":"","_sitemap_frequency":"","footnotes":""},"categories":[60],"tags":[],"class_list":["post-191632","post","type-post","status-publish","format-standard","has-post-thumbnail","hentry","category-bolge","infinite-scroll-item","generate-columns","tablet-grid-50","mobile-grid-100","grid-parent","grid-33","no-featured-image-padding"],"acf":[],"yoast_head":"<!-- This site is optimized with the Yoast SEO plugin v27.4 - https:\/\/yoast.com\/product\/yoast-seo-wordpress\/ -->\n<title>T\u00fct\u00fcn\u00e7\u00fc: \u0130cra ba\u015f\u00e7\u0131s\u0131 m\u0259n\u0259 \u0259ng\u0259ll\u0259r yarad\u0131r - MEYDAN.TV<\/title>\n<meta name=\"robots\" content=\"index, follow, max-snippet:-1, max-image-preview:large, max-video-preview:-1\" \/>\n<link rel=\"canonical\" href=\"https:\/\/www.meydan.tv\/az\/article\/tutuncu-icra-bascisi-mene-engeller-yaradir\/\" \/>\n<meta property=\"og:locale\" content=\"az_AZ\" \/>\n<meta property=\"og:type\" content=\"article\" \/>\n<meta property=\"og:title\" content=\"T\u00fct\u00fcn\u00e7\u00fc: \u0130cra ba\u015f\u00e7\u0131s\u0131 m\u0259n\u0259 \u0259ng\u0259ll\u0259r yarad\u0131r - MEYDAN.TV\" \/>\n<meta property=\"og:description\" content=\"Balak\u0259n sakini deyir, t\u00fct\u00fcn\u00e7\u00fcl\u00fckl\u0259 m\u0259\u015f\u011ful olma\u011fa ba\u015flad\u0131\u011f\u0131 g\u00fcnd\u0259n ba\u015f\u0131 qalmaqaldad\u0131r\" \/>\n<meta property=\"og:url\" content=\"https:\/\/www.meydan.tv\/az\/article\/tutuncu-icra-bascisi-mene-engeller-yaradir\/\" \/>\n<meta property=\"og:site_name\" content=\"MEYDAN.TV\" \/>\n<meta property=\"article:published_time\" content=\"2018-09-12T17:11:38+00:00\" \/>\n<meta property=\"og:image\" content=\"https:\/\/www.meydan.tv\/wp-content\/uploads\/43507.jpg\" \/>\n\t<meta property=\"og:image:width\" content=\"1280\" \/>\n\t<meta property=\"og:image:height\" content=\"720\" \/>\n\t<meta property=\"og:image:type\" content=\"image\/jpeg\" \/>\n<meta name=\"author\" content=\"user-manager\" \/>\n<meta name=\"twitter:card\" content=\"summary_large_image\" \/>\n<script type=\"application\/ld+json\" class=\"yoast-schema-graph\">{\"@context\":\"https:\\\/\\\/schema.org\",\"@graph\":[{\"@type\":\"Article\",\"@id\":\"https:\\\/\\\/www.meydan.tv\\\/az\\\/article\\\/tutuncu-icra-bascisi-mene-engeller-yaradir\\\/#article\",\"isPartOf\":{\"@id\":\"https:\\\/\\\/www.meydan.tv\\\/az\\\/article\\\/tutuncu-icra-bascisi-mene-engeller-yaradir\\\/\"},\"author\":{\"name\":\"user-manager\",\"@id\":\"https:\\\/\\\/www.meydan.tv\\\/az\\\/#\\\/schema\\\/person\\\/10d11eccf6da3662cf5fdab9806ea91a\"},\"headline\":\"T\u00fct\u00fcn\u00e7\u00fc: \u0130cra ba\u015f\u00e7\u0131s\u0131 m\u0259n\u0259 \u0259ng\u0259ll\u0259r yarad\u0131r\",\"datePublished\":\"2018-09-12T17:11:38+00:00\",\"mainEntityOfPage\":{\"@id\":\"https:\\\/\\\/www.meydan.tv\\\/az\\\/article\\\/tutuncu-icra-bascisi-mene-engeller-yaradir\\\/\"},\"wordCount\":1273,\"publisher\":{\"@id\":\"https:\\\/\\\/www.meydan.tv\\\/az\\\/#organization\"},\"image\":{\"@id\":\"https:\\\/\\\/www.meydan.tv\\\/az\\\/article\\\/tutuncu-icra-bascisi-mene-engeller-yaradir\\\/#primaryimage\"},\"thumbnailUrl\":\"https:\\\/\\\/www.meydan.tv\\\/wp-content\\\/uploads\\\/43507.jpg\",\"articleSection\":[\"B\u00f6lg\u0259\"],\"inLanguage\":\"az\"},{\"@type\":\"WebPage\",\"@id\":\"https:\\\/\\\/www.meydan.tv\\\/az\\\/article\\\/tutuncu-icra-bascisi-mene-engeller-yaradir\\\/\",\"url\":\"https:\\\/\\\/www.meydan.tv\\\/az\\\/article\\\/tutuncu-icra-bascisi-mene-engeller-yaradir\\\/\",\"name\":\"T\u00fct\u00fcn\u00e7\u00fc: \u0130cra ba\u015f\u00e7\u0131s\u0131 m\u0259n\u0259 \u0259ng\u0259ll\u0259r yarad\u0131r - MEYDAN.TV\",\"isPartOf\":{\"@id\":\"https:\\\/\\\/www.meydan.tv\\\/az\\\/#website\"},\"primaryImageOfPage\":{\"@id\":\"https:\\\/\\\/www.meydan.tv\\\/az\\\/article\\\/tutuncu-icra-bascisi-mene-engeller-yaradir\\\/#primaryimage\"},\"image\":{\"@id\":\"https:\\\/\\\/www.meydan.tv\\\/az\\\/article\\\/tutuncu-icra-bascisi-mene-engeller-yaradir\\\/#primaryimage\"},\"thumbnailUrl\":\"https:\\\/\\\/www.meydan.tv\\\/wp-content\\\/uploads\\\/43507.jpg\",\"datePublished\":\"2018-09-12T17:11:38+00:00\",\"breadcrumb\":{\"@id\":\"https:\\\/\\\/www.meydan.tv\\\/az\\\/article\\\/tutuncu-icra-bascisi-mene-engeller-yaradir\\\/#breadcrumb\"},\"inLanguage\":\"az\",\"potentialAction\":[{\"@type\":\"ReadAction\",\"target\":[\"https:\\\/\\\/www.meydan.tv\\\/az\\\/article\\\/tutuncu-icra-bascisi-mene-engeller-yaradir\\\/\"]}]},{\"@type\":\"ImageObject\",\"inLanguage\":\"az\",\"@id\":\"https:\\\/\\\/www.meydan.tv\\\/az\\\/article\\\/tutuncu-icra-bascisi-mene-engeller-yaradir\\\/#primaryimage\",\"url\":\"https:\\\/\\\/www.meydan.tv\\\/wp-content\\\/uploads\\\/43507.jpg\",\"contentUrl\":\"https:\\\/\\\/www.meydan.tv\\\/wp-content\\\/uploads\\\/43507.jpg\",\"width\":1280,\"height\":720,\"caption\":\"Source:\"},{\"@type\":\"BreadcrumbList\",\"@id\":\"https:\\\/\\\/www.meydan.tv\\\/az\\\/article\\\/tutuncu-icra-bascisi-mene-engeller-yaradir\\\/#breadcrumb\",\"itemListElement\":[{\"@type\":\"ListItem\",\"position\":1,\"name\":\"Ana s\u0259hif\u0259\",\"item\":\"https:\\\/\\\/www.meydan.tv\\\/az\\\/\"},{\"@type\":\"ListItem\",\"position\":2,\"name\":\"B\u00f6lg\u0259\",\"item\":\"https:\\\/\\\/www.meydan.tv\\\/az\\\/section\\\/bolge\\\/\"},{\"@type\":\"ListItem\",\"position\":3,\"name\":\"T\u00fct\u00fcn\u00e7\u00fc: \u0130cra ba\u015f\u00e7\u0131s\u0131 m\u0259n\u0259 \u0259ng\u0259ll\u0259r yarad\u0131r\"}]},{\"@type\":\"WebSite\",\"@id\":\"https:\\\/\\\/www.meydan.tv\\\/az\\\/#website\",\"url\":\"https:\\\/\\\/www.meydan.tv\\\/az\\\/\",\"name\":\"MEYDAN.TV\",\"description\":\"Meydan TV Az\u0259rbaycan\u0131n media m\u0259kan\u0131ndak\u0131 alternativ s\u0259sidir\",\"publisher\":{\"@id\":\"https:\\\/\\\/www.meydan.tv\\\/az\\\/#organization\"},\"potentialAction\":[{\"@type\":\"SearchAction\",\"target\":{\"@type\":\"EntryPoint\",\"urlTemplate\":\"https:\\\/\\\/www.meydan.tv\\\/az\\\/?s={search_term_string}\"},\"query-input\":{\"@type\":\"PropertyValueSpecification\",\"valueRequired\":true,\"valueName\":\"search_term_string\"}}],\"inLanguage\":\"az\"},{\"@type\":\"Organization\",\"@id\":\"https:\\\/\\\/www.meydan.tv\\\/az\\\/#organization\",\"name\":\"Meydan TV\",\"url\":\"https:\\\/\\\/www.meydan.tv\\\/az\\\/\",\"logo\":{\"@type\":\"ImageObject\",\"inLanguage\":\"az\",\"@id\":\"https:\\\/\\\/www.meydan.tv\\\/az\\\/#\\\/schema\\\/logo\\\/image\\\/\",\"url\":\"https:\\\/\\\/www.meydan.tv\\\/wp-content\\\/uploads\\\/2021\\\/07\\\/meydan-logo.svg\",\"contentUrl\":\"https:\\\/\\\/www.meydan.tv\\\/wp-content\\\/uploads\\\/2021\\\/07\\\/meydan-logo.svg\",\"width\":195,\"height\":46,\"caption\":\"Meydan TV\"},\"image\":{\"@id\":\"https:\\\/\\\/www.meydan.tv\\\/az\\\/#\\\/schema\\\/logo\\\/image\\\/\"}},{\"@type\":\"Person\",\"@id\":\"https:\\\/\\\/www.meydan.tv\\\/az\\\/#\\\/schema\\\/person\\\/10d11eccf6da3662cf5fdab9806ea91a\",\"name\":\"user-manager\"}]}<\/script>\n<!-- \/ Yoast SEO plugin. -->","yoast_head_json":{"title":"T\u00fct\u00fcn\u00e7\u00fc: \u0130cra ba\u015f\u00e7\u0131s\u0131 m\u0259n\u0259 \u0259ng\u0259ll\u0259r yarad\u0131r - MEYDAN.TV","robots":{"index":"index","follow":"follow","max-snippet":"max-snippet:-1","max-image-preview":"max-image-preview:large","max-video-preview":"max-video-preview:-1"},"canonical":"https:\/\/www.meydan.tv\/az\/article\/tutuncu-icra-bascisi-mene-engeller-yaradir\/","og_locale":"az_AZ","og_type":"article","og_title":"T\u00fct\u00fcn\u00e7\u00fc: \u0130cra ba\u015f\u00e7\u0131s\u0131 m\u0259n\u0259 \u0259ng\u0259ll\u0259r yarad\u0131r - MEYDAN.TV","og_description":"Balak\u0259n sakini deyir, t\u00fct\u00fcn\u00e7\u00fcl\u00fckl\u0259 m\u0259\u015f\u011ful olma\u011fa ba\u015flad\u0131\u011f\u0131 g\u00fcnd\u0259n ba\u015f\u0131 qalmaqaldad\u0131r","og_url":"https:\/\/www.meydan.tv\/az\/article\/tutuncu-icra-bascisi-mene-engeller-yaradir\/","og_site_name":"MEYDAN.TV","article_published_time":"2018-09-12T17:11:38+00:00","og_image":[{"width":1280,"height":720,"url":"https:\/\/www.meydan.tv\/wp-content\/uploads\/43507.jpg","type":"image\/jpeg"}],"author":"user-manager","twitter_card":"summary_large_image","schema":{"@context":"https:\/\/schema.org","@graph":[{"@type":"Article","@id":"https:\/\/www.meydan.tv\/az\/article\/tutuncu-icra-bascisi-mene-engeller-yaradir\/#article","isPartOf":{"@id":"https:\/\/www.meydan.tv\/az\/article\/tutuncu-icra-bascisi-mene-engeller-yaradir\/"},"author":{"name":"user-manager","@id":"https:\/\/www.meydan.tv\/az\/#\/schema\/person\/10d11eccf6da3662cf5fdab9806ea91a"},"headline":"T\u00fct\u00fcn\u00e7\u00fc: \u0130cra ba\u015f\u00e7\u0131s\u0131 m\u0259n\u0259 \u0259ng\u0259ll\u0259r yarad\u0131r","datePublished":"2018-09-12T17:11:38+00:00","mainEntityOfPage":{"@id":"https:\/\/www.meydan.tv\/az\/article\/tutuncu-icra-bascisi-mene-engeller-yaradir\/"},"wordCount":1273,"publisher":{"@id":"https:\/\/www.meydan.tv\/az\/#organization"},"image":{"@id":"https:\/\/www.meydan.tv\/az\/article\/tutuncu-icra-bascisi-mene-engeller-yaradir\/#primaryimage"},"thumbnailUrl":"https:\/\/www.meydan.tv\/wp-content\/uploads\/43507.jpg","articleSection":["B\u00f6lg\u0259"],"inLanguage":"az"},{"@type":"WebPage","@id":"https:\/\/www.meydan.tv\/az\/article\/tutuncu-icra-bascisi-mene-engeller-yaradir\/","url":"https:\/\/www.meydan.tv\/az\/article\/tutuncu-icra-bascisi-mene-engeller-yaradir\/","name":"T\u00fct\u00fcn\u00e7\u00fc: \u0130cra ba\u015f\u00e7\u0131s\u0131 m\u0259n\u0259 \u0259ng\u0259ll\u0259r yarad\u0131r - MEYDAN.TV","isPartOf":{"@id":"https:\/\/www.meydan.tv\/az\/#website"},"primaryImageOfPage":{"@id":"https:\/\/www.meydan.tv\/az\/article\/tutuncu-icra-bascisi-mene-engeller-yaradir\/#primaryimage"},"image":{"@id":"https:\/\/www.meydan.tv\/az\/article\/tutuncu-icra-bascisi-mene-engeller-yaradir\/#primaryimage"},"thumbnailUrl":"https:\/\/www.meydan.tv\/wp-content\/uploads\/43507.jpg","datePublished":"2018-09-12T17:11:38+00:00","breadcrumb":{"@id":"https:\/\/www.meydan.tv\/az\/article\/tutuncu-icra-bascisi-mene-engeller-yaradir\/#breadcrumb"},"inLanguage":"az","potentialAction":[{"@type":"ReadAction","target":["https:\/\/www.meydan.tv\/az\/article\/tutuncu-icra-bascisi-mene-engeller-yaradir\/"]}]},{"@type":"ImageObject","inLanguage":"az","@id":"https:\/\/www.meydan.tv\/az\/article\/tutuncu-icra-bascisi-mene-engeller-yaradir\/#primaryimage","url":"https:\/\/www.meydan.tv\/wp-content\/uploads\/43507.jpg","contentUrl":"https:\/\/www.meydan.tv\/wp-content\/uploads\/43507.jpg","width":1280,"height":720,"caption":"Source:"},{"@type":"BreadcrumbList","@id":"https:\/\/www.meydan.tv\/az\/article\/tutuncu-icra-bascisi-mene-engeller-yaradir\/#breadcrumb","itemListElement":[{"@type":"ListItem","position":1,"name":"Ana s\u0259hif\u0259","item":"https:\/\/www.meydan.tv\/az\/"},{"@type":"ListItem","position":2,"name":"B\u00f6lg\u0259","item":"https:\/\/www.meydan.tv\/az\/section\/bolge\/"},{"@type":"ListItem","position":3,"name":"T\u00fct\u00fcn\u00e7\u00fc: \u0130cra ba\u015f\u00e7\u0131s\u0131 m\u0259n\u0259 \u0259ng\u0259ll\u0259r yarad\u0131r"}]},{"@type":"WebSite","@id":"https:\/\/www.meydan.tv\/az\/#website","url":"https:\/\/www.meydan.tv\/az\/","name":"MEYDAN.TV","description":"Meydan TV Az\u0259rbaycan\u0131n media m\u0259kan\u0131ndak\u0131 alternativ s\u0259sidir","publisher":{"@id":"https:\/\/www.meydan.tv\/az\/#organization"},"potentialAction":[{"@type":"SearchAction","target":{"@type":"EntryPoint","urlTemplate":"https:\/\/www.meydan.tv\/az\/?s={search_term_string}"},"query-input":{"@type":"PropertyValueSpecification","valueRequired":true,"valueName":"search_term_string"}}],"inLanguage":"az"},{"@type":"Organization","@id":"https:\/\/www.meydan.tv\/az\/#organization","name":"Meydan TV","url":"https:\/\/www.meydan.tv\/az\/","logo":{"@type":"ImageObject","inLanguage":"az","@id":"https:\/\/www.meydan.tv\/az\/#\/schema\/logo\/image\/","url":"https:\/\/www.meydan.tv\/wp-content\/uploads\/2021\/07\/meydan-logo.svg","contentUrl":"https:\/\/www.meydan.tv\/wp-content\/uploads\/2021\/07\/meydan-logo.svg","width":195,"height":46,"caption":"Meydan TV"},"image":{"@id":"https:\/\/www.meydan.tv\/az\/#\/schema\/logo\/image\/"}},{"@type":"Person","@id":"https:\/\/www.meydan.tv\/az\/#\/schema\/person\/10d11eccf6da3662cf5fdab9806ea91a","name":"user-manager"}]}},"_links":{"self":[{"href":"https:\/\/www.meydan.tv\/az\/wp-json\/wp\/v2\/posts\/191632","targetHints":{"allow":["GET"]}}],"collection":[{"href":"https:\/\/www.meydan.tv\/az\/wp-json\/wp\/v2\/posts"}],"about":[{"href":"https:\/\/www.meydan.tv\/az\/wp-json\/wp\/v2\/types\/post"}],"author":[{"embeddable":true,"href":"https:\/\/www.meydan.tv\/az\/wp-json\/wp\/v2\/users\/11"}],"replies":[{"embeddable":true,"href":"https:\/\/www.meydan.tv\/az\/wp-json\/wp\/v2\/comments?post=191632"}],"version-history":[{"count":0,"href":"https:\/\/www.meydan.tv\/az\/wp-json\/wp\/v2\/posts\/191632\/revisions"}],"wp:featuredmedia":[{"embeddable":true,"href":"https:\/\/www.meydan.tv\/az\/wp-json\/wp\/v2\/media\/109450"}],"wp:attachment":[{"href":"https:\/\/www.meydan.tv\/az\/wp-json\/wp\/v2\/media?parent=191632"}],"wp:term":[{"taxonomy":"category","embeddable":true,"href":"https:\/\/www.meydan.tv\/az\/wp-json\/wp\/v2\/categories?post=191632"},{"taxonomy":"post_tag","embeddable":true,"href":"https:\/\/www.meydan.tv\/az\/wp-json\/wp\/v2\/tags?post=191632"}],"curies":[{"name":"wp","href":"https:\/\/api.w.org\/{rel}","templated":true}]}}