{"id":191620,"date":"2018-09-11T18:49:29","date_gmt":"2018-09-11T18:49:29","guid":{"rendered":"https:\/\/www.meydan.tv\/article\/yolcekenler-evimi-qezali-veziyyete-saldilar\/"},"modified":"2018-09-11T18:49:29","modified_gmt":"2018-09-11T18:49:29","slug":"yolcekenler-evimi-qezali-veziyyete-saldilar","status":"publish","type":"post","link":"https:\/\/www.meydan.tv\/az\/article\/yolcekenler-evimi-qezali-veziyyete-saldilar\/","title":{"rendered":"&#8221;Yol\u00e7\u0259k\u0259nl\u0259r evimi q\u0259zal\u0131 v\u0259ziyy\u0259t\u0259 sald\u0131lar&#8221;"},"content":{"rendered":"<figure class=\"wp-block-image size-large\">\n  <img decoding=\"async\" src=\"https:\/\/www.meydan.tv\/az\/109384\/\" alt=\"\" class=\"wp-image-109384\"\/><figcaption><\/figcaption><\/figure>\n<p>\n  <i><br \/>\n    Ucar sakini evinin \u00e7at verdiyini deyir<br \/>\n  <\/i>\n<\/p>\n<p>\n  &#8220;Evimizin yax\u0131nl\u0131\u011f\u0131ndan k\u0259nddaxili yol \u00e7\u0259kilir. \u0130\u015f zaman\u0131 a\u011f\u0131r texnikadan d\u00fczg\u00fcn istifad\u0259 edilm\u0259m\u0259sin\u0259 g\u00f6r\u0259 yola 30 metr uzaql\u0131qda olan evimiz q\u0259zal\u0131 v\u0259ziyy\u0259t\u0259 d\u00fc\u015f\u00fcb&#8221;.\n<\/p>\n<p>\n  Ucar rayonunun Qazyan k\u0259ndinin sakini Mirk\u0259rim C\u0259f\u0259rov bel\u0259 deyir. O, Meydan TV-y\u0259 bildirib ki, yol \u00e7\u0259kili\u015find\u0259 a\u011f\u0131r tonnajl\u0131 texnikadan istifad\u0259 edilib. Evl\u0259rinin q\u0259zal\u0131 v\u0259ziyy\u0259t\u0259 d\u00fc\u015fm\u0259sinin s\u0259b\u0259bi h\u0259min texnikadan d\u00fczg\u00fcn istifad\u0259 edilm\u0259m\u0259sidir:\n<\/p>\n<p>\n  &#8220;D\u00fczd\u00fcr, \u00e7iy k\u0259rpicd\u0259n tikilmi\u015f k\u0259nd evidir. Guya k\u0259ndd\u0259 kim evini betonla tikdirir ki? K\u0259nd evl\u0259rinin 95 faizi \u00e7iy k\u0259rpicd\u0259n tikilir. Bunu n\u0259z\u0259r\u0259 almal\u0131 idil\u0259r. H\u0259r x\u0131rdal\u0131q d\u00fc\u015f\u00fcn\u00fclm\u0259lidir. O yolu \u00e7\u0259k\u0259nl\u0259r Fransadan g\u0259lm\u0259yibl\u0259r ki, bu \u00f6lk\u0259nin v\u0259t\u0259nda\u015flar\u0131d\u0131r d\u0259. Onlar bilmirl\u0259r k\u0259nd yerl\u0259rind\u0259 camaat nec\u0259 ya\u015fay\u0131r, evl\u0259rini n\u0259d\u0259n tikir? Texnikadan d\u00fczg\u00fcn istifad\u0259 etm\u0259m\u0259l\u0259ri n\u0259tic\u0259sind\u0259 evimi q\u0259zal\u0131 v\u0259ziyy\u0259t\u0259 sal\u0131blar. Nec\u0259 edibl\u0259r, z\u0259hm\u0259t \u00e7\u0259kib el\u0259 d\u0259 d\u00fcz\u0259ltsinl\u0259r&#8221;.\n<\/p>\n<p>\n  M.C\u0259f\u0259rov deyir ki, problemi il\u0259 ba\u011fl\u0131 F\u00f6vq\u0259lad\u0259 Hallar Nazirliyin\u0259 (FHN), Prezident Administrasiyas\u0131na, Birinci vitse-prezident Mehriban \u018fliyevaya v\u0259 yerli icra hakimiyy\u0259tin\u0259 m\u00fcraci\u0259t edib:\n<\/p>\n<p>\n  &#8220;\u015eikay\u0259tim\u0259 baxan yoxdur. Daha do\u011frusu, bax\u0131b, \u00f6z xeyirl\u0259rin\u0259 q\u0259rar \u00e7\u0131xar\u0131blar. Deyirl\u0259r ki, guya bizim evimiz z\u0259lz\u0259l\u0259 zaman\u0131 da\u011f\u0131l\u0131b. Ucarda sonuncu d\u0259f\u0259 8-10 il \u0259vv\u0259l olub z\u0259lz\u0259l\u0259. Onun bura n\u0259 d\u0259xli? A\u00e7\u0131q-ayd\u0131n g\u00f6r\u00fcn\u00fcr ki, \u00e7atlar ham\u0131s\u0131 yenidir. \u00d6z\u00fc d\u0259 bizim ev k\u00f6hn\u0259 deyil ax\u0131. Son 10 ild\u0259 tikilib. 40 santimetr bar\u0131s\u0131 var. Yol \u00e7\u0259kili\u015fl\u0259ri bizim evin h\u0259nd\u0259v\u0259rin\u0259 \u00e7atanad\u0259k salamat idi. He\u00e7 bir \u00e7at\u0131 yox idi. \u0130yulun 11-d\u0259 ba\u015flad\u0131lar yol \u00e7\u0259kili\u015fl\u0259rin\u0259. Ondan sonra yarand\u0131 \u00e7atlar. H\u0259l\u0259 bir utanmadan da z\u0259lz\u0259l\u0259nin boynuna at\u0131rlar. Lap z\u0259lz\u0259l\u0259dir, t\u0259bii f\u0259lak\u0259tdir, onda da bir \u0259ncam \u00e7\u0259km\u0259lidirl\u0259r ax\u0131&#8221;.\n<\/p>\n<figure class=\"wp-block-image size-large\">\n  <img decoding=\"async\" src=\"https:\/\/www.meydan.tv\/az\/109393\/\" alt=\"\" class=\"wp-image-109393\"\/><figcaption><\/figcaption><\/figure>\n<p>\n  \u015eikay\u0259t\u00e7i \u0259mindir ki, yol \u00e7\u0259kili\u015fini h\u0259yata ke\u00e7ir\u0259n insanlar a\u011f\u0131r texnikadan d\u00fczg\u00fcn istifad\u0259 etm\u0259yibl\u0259r:\n<\/p>\n<p>\n  &#8220;Azdan-\u00e7oxdan ba\u015f\u0131m\u0131z \u00e7\u0131x\u0131r, bilirik. Texnikan\u0131n hiss\u0259l\u0259ri d\u0259 s\u0131radan \u00e7\u0131xm\u0131\u015fd\u0131. D\u00fczg\u00fcn istifad\u0259 edilm\u0259y\u0259n a\u011f\u0131r texnika torpaqda z\u0259lz\u0259l\u0259 effekti yarad\u0131b v\u0259 n\u0259tic\u0259d\u0259 m\u0259nim evim z\u0259r\u0259r g\u00f6r\u00fcb. \u0130ndi burada m\u0259nim n\u0259 g\u00fcnah\u0131m var? M\u0259n dem\u0259yim, siz deyin. Yol \u00e7\u0259kili\u015fin\u0259d\u0259k bizim evimizd\u0259 \u0259n x\u0131rda bir \u00e7at da yox idi. \u0130ndi is\u0259 h\u0259m \u00e7\u00f6ld\u0259, h\u0259m i\u00e7\u0259rid\u0259 \u00e7at \u0259m\u0259l\u0259 g\u0259lib&#8221;.\n<\/p>\n<p>\n  Yol Ucar\u0131n Qazyan k\u0259ndinin bir hiss\u0259sind\u0259n dig\u0259r hiss\u0259sin\u0259 \u00e7\u0259kilir. K\u0259nd b\u00f6y\u00fckd\u00fcr, \u0259razisi d\u0259 geni\u015fdir.\n<\/p>\n<figure class=\"wp-block-image size-large\">\n  <img decoding=\"async\" src=\"https:\/\/www.meydan.tv\/az\/109363\/\" alt=\"\" class=\"wp-image-109363\"\/><figcaption><\/figcaption><\/figure>\n<p>\n  K\u0259ndin sakinl\u0259ri daha \u00f6nc\u0259 Meydan TV-y\u0259 yollar\u0131n\u0131n b\u0259rbad oldu\u011fundan \u015fikay\u0259tl\u0259nmi\u015fdil\u0259r. Yollar\u0131n asfalt yox, torpaqdan oldu\u011funu, yayda toz, q\u0131\u015fda pal\u00e7\u0131q \u0259lind\u0259n t\u0259rp\u0259n\u0259 bilm\u0259dikl\u0259rini s\u00f6yl\u0259mi\u015fdil\u0259r:\n<\/p>\n<p>\n  &#8220;D\u00fcn\u0259n\u0259 q\u0259d\u0259r yollar b\u0259rbad g\u00fcnd\u0259 idi, \u0259ziyy\u0259t \u00e7\u0259kirdik. \u0130ndi bir problemi d\u00fcz\u0259ld\u0259k deyib, ba\u015fqa problem\u0259 yol a\u00e7\u0131rlar. \u015eikay\u0259timi d\u0259 kim\u0259 edir\u0259m, deyirl\u0259r, bizlik deyil. \u00dcmumiyy\u0259tl\u0259, onlar\u0131n evl\u0259rin yax\u0131nl\u0131\u011f\u0131nda o c\u00fcr texnikadan istifad\u0259 etm\u0259l\u0259ri d\u0259 do\u011fru deyil. K\u0259nd evl\u0259ridir d\u0259 ham\u0131s\u0131. Titr\u0259m\u0259d\u0259n v\u0259 sars\u0131lmadan \u00e7atlar yarana bil\u0259r&#8221;.\n<\/p>\n<p>\n  Ucar Rayon \u0130cra Hakimiyy\u0259tind\u0259n Meydan TV-y\u0259 bildirilib ki, \u0259g\u0259r v\u0259t\u0259nda\u015f onlara m\u00fcraci\u0259t \u00fcnvanlay\u0131bsa, buna m\u00fctl\u0259q bax\u0131lacaq:\n<\/p>\n<p>\n  &#8220;Sad\u0259c\u0259 ola bil\u0259r ki, h\u0259min g\u00fcn bax\u0131lmay\u0131b. N\u00f6vb\u0259ti h\u0259ft\u0259l\u0259r \u0259rzind\u0259 m\u00fctl\u0259q cavab veril\u0259r. M\u00fcraci\u0259tl\u0259r ad\u0259t\u0259n \u00e7ox olur. Biz onlar\u0131 aidiyyat\u0131 qurumlara y\u00f6nl\u0259ndiririk. H\u0259min v\u0259t\u0259nda\u015f\u0131n \u015fikay\u0259ti evinin q\u0259zal\u0131 v\u0259ziyy\u0259t\u0259 d\u00fc\u015fm\u0259si il\u0259 ba\u011fl\u0131d\u0131rsa, o zaman icra hakimiyy\u0259tinin t\u0259rkibind\u0259ki F\u00f6vq\u0259lad\u0259 Hallar Komissiyas\u0131na y\u00f6nl\u0259ndiril\u0259c\u0259k. Onlar da nazirliy\u0259 m\u0259lumat ver\u0259c\u0259k. Bel\u0259c\u0259 \u0259g\u0259r ev h\u0259qiq\u0259t\u0259n d\u0259 q\u0259zal\u0131 v\u0259ziyy\u0259td\u0259dirs\u0259, h\u0259min \u015f\u0259xs\u0259 k\u00f6m\u0259k edil\u0259c\u0259k&#8221;.<\/p>\n","protected":false},"excerpt":{"rendered":"<p>Ucar sakini evinin \u00e7at verdiyini deyir<\/p>\n","protected":false},"author":11,"featured_media":109384,"comment_status":"closed","ping_status":"open","sticky":false,"template":"","format":"standard","meta":{"_acf_changed":false,"_sitemap_exclude":false,"_sitemap_priority":"","_sitemap_frequency":"","footnotes":""},"categories":[60],"tags":[],"class_list":["post-191620","post","type-post","status-publish","format-standard","has-post-thumbnail","hentry","category-bolge","infinite-scroll-item","generate-columns","tablet-grid-50","mobile-grid-100","grid-parent","grid-33","no-featured-image-padding"],"acf":[],"yoast_head":"<!-- This site is optimized with the Yoast SEO plugin v27.4 - https:\/\/yoast.com\/product\/yoast-seo-wordpress\/ -->\n<title>&#039;&#039;Yol\u00e7\u0259k\u0259nl\u0259r evimi q\u0259zal\u0131 v\u0259ziyy\u0259t\u0259 sald\u0131lar&#039;&#039; - MEYDAN.TV<\/title>\n<meta name=\"robots\" content=\"index, follow, max-snippet:-1, max-image-preview:large, max-video-preview:-1\" \/>\n<link rel=\"canonical\" href=\"https:\/\/www.meydan.tv\/az\/article\/yolcekenler-evimi-qezali-veziyyete-saldilar\/\" \/>\n<meta property=\"og:locale\" content=\"az_AZ\" \/>\n<meta property=\"og:type\" content=\"article\" \/>\n<meta property=\"og:title\" content=\"&#039;&#039;Yol\u00e7\u0259k\u0259nl\u0259r evimi q\u0259zal\u0131 v\u0259ziyy\u0259t\u0259 sald\u0131lar&#039;&#039; - MEYDAN.TV\" \/>\n<meta property=\"og:description\" content=\"Ucar sakini evinin \u00e7at verdiyini deyir\" \/>\n<meta property=\"og:url\" content=\"https:\/\/www.meydan.tv\/az\/article\/yolcekenler-evimi-qezali-veziyyete-saldilar\/\" \/>\n<meta property=\"og:site_name\" content=\"MEYDAN.TV\" \/>\n<meta property=\"article:published_time\" content=\"2018-09-11T18:49:29+00:00\" \/>\n<meta property=\"og:image\" content=\"https:\/\/www.meydan.tv\/wp-content\/uploads\/43479-scaled.jpg\" \/>\n\t<meta property=\"og:image:width\" content=\"2560\" \/>\n\t<meta property=\"og:image:height\" content=\"1920\" \/>\n\t<meta property=\"og:image:type\" content=\"image\/jpeg\" \/>\n<meta name=\"author\" content=\"user-manager\" \/>\n<meta name=\"twitter:card\" content=\"summary_large_image\" \/>\n<script type=\"application\/ld+json\" class=\"yoast-schema-graph\">{\"@context\":\"https:\\\/\\\/schema.org\",\"@graph\":[{\"@type\":\"Article\",\"@id\":\"https:\\\/\\\/www.meydan.tv\\\/az\\\/article\\\/yolcekenler-evimi-qezali-veziyyete-saldilar\\\/#article\",\"isPartOf\":{\"@id\":\"https:\\\/\\\/www.meydan.tv\\\/az\\\/article\\\/yolcekenler-evimi-qezali-veziyyete-saldilar\\\/\"},\"author\":{\"name\":\"user-manager\",\"@id\":\"https:\\\/\\\/www.meydan.tv\\\/az\\\/#\\\/schema\\\/person\\\/10d11eccf6da3662cf5fdab9806ea91a\"},\"headline\":\"&#8221;Yol\u00e7\u0259k\u0259nl\u0259r evimi q\u0259zal\u0131 v\u0259ziyy\u0259t\u0259 sald\u0131lar&#8221;\",\"datePublished\":\"2018-09-11T18:49:29+00:00\",\"mainEntityOfPage\":{\"@id\":\"https:\\\/\\\/www.meydan.tv\\\/az\\\/article\\\/yolcekenler-evimi-qezali-veziyyete-saldilar\\\/\"},\"wordCount\":795,\"publisher\":{\"@id\":\"https:\\\/\\\/www.meydan.tv\\\/az\\\/#organization\"},\"image\":{\"@id\":\"https:\\\/\\\/www.meydan.tv\\\/az\\\/article\\\/yolcekenler-evimi-qezali-veziyyete-saldilar\\\/#primaryimage\"},\"thumbnailUrl\":\"https:\\\/\\\/www.meydan.tv\\\/wp-content\\\/uploads\\\/43479-scaled.jpg\",\"articleSection\":[\"B\u00f6lg\u0259\"],\"inLanguage\":\"az\"},{\"@type\":\"WebPage\",\"@id\":\"https:\\\/\\\/www.meydan.tv\\\/az\\\/article\\\/yolcekenler-evimi-qezali-veziyyete-saldilar\\\/\",\"url\":\"https:\\\/\\\/www.meydan.tv\\\/az\\\/article\\\/yolcekenler-evimi-qezali-veziyyete-saldilar\\\/\",\"name\":\"''Yol\u00e7\u0259k\u0259nl\u0259r evimi q\u0259zal\u0131 v\u0259ziyy\u0259t\u0259 sald\u0131lar'' - MEYDAN.TV\",\"isPartOf\":{\"@id\":\"https:\\\/\\\/www.meydan.tv\\\/az\\\/#website\"},\"primaryImageOfPage\":{\"@id\":\"https:\\\/\\\/www.meydan.tv\\\/az\\\/article\\\/yolcekenler-evimi-qezali-veziyyete-saldilar\\\/#primaryimage\"},\"image\":{\"@id\":\"https:\\\/\\\/www.meydan.tv\\\/az\\\/article\\\/yolcekenler-evimi-qezali-veziyyete-saldilar\\\/#primaryimage\"},\"thumbnailUrl\":\"https:\\\/\\\/www.meydan.tv\\\/wp-content\\\/uploads\\\/43479-scaled.jpg\",\"datePublished\":\"2018-09-11T18:49:29+00:00\",\"breadcrumb\":{\"@id\":\"https:\\\/\\\/www.meydan.tv\\\/az\\\/article\\\/yolcekenler-evimi-qezali-veziyyete-saldilar\\\/#breadcrumb\"},\"inLanguage\":\"az\",\"potentialAction\":[{\"@type\":\"ReadAction\",\"target\":[\"https:\\\/\\\/www.meydan.tv\\\/az\\\/article\\\/yolcekenler-evimi-qezali-veziyyete-saldilar\\\/\"]}]},{\"@type\":\"ImageObject\",\"inLanguage\":\"az\",\"@id\":\"https:\\\/\\\/www.meydan.tv\\\/az\\\/article\\\/yolcekenler-evimi-qezali-veziyyete-saldilar\\\/#primaryimage\",\"url\":\"https:\\\/\\\/www.meydan.tv\\\/wp-content\\\/uploads\\\/43479-scaled.jpg\",\"contentUrl\":\"https:\\\/\\\/www.meydan.tv\\\/wp-content\\\/uploads\\\/43479-scaled.jpg\",\"width\":2560,\"height\":1920,\"caption\":\"Source:\"},{\"@type\":\"BreadcrumbList\",\"@id\":\"https:\\\/\\\/www.meydan.tv\\\/az\\\/article\\\/yolcekenler-evimi-qezali-veziyyete-saldilar\\\/#breadcrumb\",\"itemListElement\":[{\"@type\":\"ListItem\",\"position\":1,\"name\":\"Ana s\u0259hif\u0259\",\"item\":\"https:\\\/\\\/www.meydan.tv\\\/az\\\/\"},{\"@type\":\"ListItem\",\"position\":2,\"name\":\"B\u00f6lg\u0259\",\"item\":\"https:\\\/\\\/www.meydan.tv\\\/az\\\/section\\\/bolge\\\/\"},{\"@type\":\"ListItem\",\"position\":3,\"name\":\"&#8221;Yol\u00e7\u0259k\u0259nl\u0259r evimi q\u0259zal\u0131 v\u0259ziyy\u0259t\u0259 sald\u0131lar&#8221;\"}]},{\"@type\":\"WebSite\",\"@id\":\"https:\\\/\\\/www.meydan.tv\\\/az\\\/#website\",\"url\":\"https:\\\/\\\/www.meydan.tv\\\/az\\\/\",\"name\":\"MEYDAN.TV\",\"description\":\"Meydan TV Az\u0259rbaycan\u0131n media m\u0259kan\u0131ndak\u0131 alternativ s\u0259sidir\",\"publisher\":{\"@id\":\"https:\\\/\\\/www.meydan.tv\\\/az\\\/#organization\"},\"potentialAction\":[{\"@type\":\"SearchAction\",\"target\":{\"@type\":\"EntryPoint\",\"urlTemplate\":\"https:\\\/\\\/www.meydan.tv\\\/az\\\/?s={search_term_string}\"},\"query-input\":{\"@type\":\"PropertyValueSpecification\",\"valueRequired\":true,\"valueName\":\"search_term_string\"}}],\"inLanguage\":\"az\"},{\"@type\":\"Organization\",\"@id\":\"https:\\\/\\\/www.meydan.tv\\\/az\\\/#organization\",\"name\":\"Meydan TV\",\"url\":\"https:\\\/\\\/www.meydan.tv\\\/az\\\/\",\"logo\":{\"@type\":\"ImageObject\",\"inLanguage\":\"az\",\"@id\":\"https:\\\/\\\/www.meydan.tv\\\/az\\\/#\\\/schema\\\/logo\\\/image\\\/\",\"url\":\"https:\\\/\\\/www.meydan.tv\\\/wp-content\\\/uploads\\\/2021\\\/07\\\/meydan-logo.svg\",\"contentUrl\":\"https:\\\/\\\/www.meydan.tv\\\/wp-content\\\/uploads\\\/2021\\\/07\\\/meydan-logo.svg\",\"width\":195,\"height\":46,\"caption\":\"Meydan TV\"},\"image\":{\"@id\":\"https:\\\/\\\/www.meydan.tv\\\/az\\\/#\\\/schema\\\/logo\\\/image\\\/\"}},{\"@type\":\"Person\",\"@id\":\"https:\\\/\\\/www.meydan.tv\\\/az\\\/#\\\/schema\\\/person\\\/10d11eccf6da3662cf5fdab9806ea91a\",\"name\":\"user-manager\"}]}<\/script>\n<!-- \/ Yoast SEO plugin. -->","yoast_head_json":{"title":"''Yol\u00e7\u0259k\u0259nl\u0259r evimi q\u0259zal\u0131 v\u0259ziyy\u0259t\u0259 sald\u0131lar'' - MEYDAN.TV","robots":{"index":"index","follow":"follow","max-snippet":"max-snippet:-1","max-image-preview":"max-image-preview:large","max-video-preview":"max-video-preview:-1"},"canonical":"https:\/\/www.meydan.tv\/az\/article\/yolcekenler-evimi-qezali-veziyyete-saldilar\/","og_locale":"az_AZ","og_type":"article","og_title":"''Yol\u00e7\u0259k\u0259nl\u0259r evimi q\u0259zal\u0131 v\u0259ziyy\u0259t\u0259 sald\u0131lar'' - MEYDAN.TV","og_description":"Ucar sakini evinin \u00e7at verdiyini deyir","og_url":"https:\/\/www.meydan.tv\/az\/article\/yolcekenler-evimi-qezali-veziyyete-saldilar\/","og_site_name":"MEYDAN.TV","article_published_time":"2018-09-11T18:49:29+00:00","og_image":[{"width":2560,"height":1920,"url":"https:\/\/www.meydan.tv\/wp-content\/uploads\/43479-scaled.jpg","type":"image\/jpeg"}],"author":"user-manager","twitter_card":"summary_large_image","schema":{"@context":"https:\/\/schema.org","@graph":[{"@type":"Article","@id":"https:\/\/www.meydan.tv\/az\/article\/yolcekenler-evimi-qezali-veziyyete-saldilar\/#article","isPartOf":{"@id":"https:\/\/www.meydan.tv\/az\/article\/yolcekenler-evimi-qezali-veziyyete-saldilar\/"},"author":{"name":"user-manager","@id":"https:\/\/www.meydan.tv\/az\/#\/schema\/person\/10d11eccf6da3662cf5fdab9806ea91a"},"headline":"&#8221;Yol\u00e7\u0259k\u0259nl\u0259r evimi q\u0259zal\u0131 v\u0259ziyy\u0259t\u0259 sald\u0131lar&#8221;","datePublished":"2018-09-11T18:49:29+00:00","mainEntityOfPage":{"@id":"https:\/\/www.meydan.tv\/az\/article\/yolcekenler-evimi-qezali-veziyyete-saldilar\/"},"wordCount":795,"publisher":{"@id":"https:\/\/www.meydan.tv\/az\/#organization"},"image":{"@id":"https:\/\/www.meydan.tv\/az\/article\/yolcekenler-evimi-qezali-veziyyete-saldilar\/#primaryimage"},"thumbnailUrl":"https:\/\/www.meydan.tv\/wp-content\/uploads\/43479-scaled.jpg","articleSection":["B\u00f6lg\u0259"],"inLanguage":"az"},{"@type":"WebPage","@id":"https:\/\/www.meydan.tv\/az\/article\/yolcekenler-evimi-qezali-veziyyete-saldilar\/","url":"https:\/\/www.meydan.tv\/az\/article\/yolcekenler-evimi-qezali-veziyyete-saldilar\/","name":"''Yol\u00e7\u0259k\u0259nl\u0259r evimi q\u0259zal\u0131 v\u0259ziyy\u0259t\u0259 sald\u0131lar'' - MEYDAN.TV","isPartOf":{"@id":"https:\/\/www.meydan.tv\/az\/#website"},"primaryImageOfPage":{"@id":"https:\/\/www.meydan.tv\/az\/article\/yolcekenler-evimi-qezali-veziyyete-saldilar\/#primaryimage"},"image":{"@id":"https:\/\/www.meydan.tv\/az\/article\/yolcekenler-evimi-qezali-veziyyete-saldilar\/#primaryimage"},"thumbnailUrl":"https:\/\/www.meydan.tv\/wp-content\/uploads\/43479-scaled.jpg","datePublished":"2018-09-11T18:49:29+00:00","breadcrumb":{"@id":"https:\/\/www.meydan.tv\/az\/article\/yolcekenler-evimi-qezali-veziyyete-saldilar\/#breadcrumb"},"inLanguage":"az","potentialAction":[{"@type":"ReadAction","target":["https:\/\/www.meydan.tv\/az\/article\/yolcekenler-evimi-qezali-veziyyete-saldilar\/"]}]},{"@type":"ImageObject","inLanguage":"az","@id":"https:\/\/www.meydan.tv\/az\/article\/yolcekenler-evimi-qezali-veziyyete-saldilar\/#primaryimage","url":"https:\/\/www.meydan.tv\/wp-content\/uploads\/43479-scaled.jpg","contentUrl":"https:\/\/www.meydan.tv\/wp-content\/uploads\/43479-scaled.jpg","width":2560,"height":1920,"caption":"Source:"},{"@type":"BreadcrumbList","@id":"https:\/\/www.meydan.tv\/az\/article\/yolcekenler-evimi-qezali-veziyyete-saldilar\/#breadcrumb","itemListElement":[{"@type":"ListItem","position":1,"name":"Ana s\u0259hif\u0259","item":"https:\/\/www.meydan.tv\/az\/"},{"@type":"ListItem","position":2,"name":"B\u00f6lg\u0259","item":"https:\/\/www.meydan.tv\/az\/section\/bolge\/"},{"@type":"ListItem","position":3,"name":"&#8221;Yol\u00e7\u0259k\u0259nl\u0259r evimi q\u0259zal\u0131 v\u0259ziyy\u0259t\u0259 sald\u0131lar&#8221;"}]},{"@type":"WebSite","@id":"https:\/\/www.meydan.tv\/az\/#website","url":"https:\/\/www.meydan.tv\/az\/","name":"MEYDAN.TV","description":"Meydan TV Az\u0259rbaycan\u0131n media m\u0259kan\u0131ndak\u0131 alternativ s\u0259sidir","publisher":{"@id":"https:\/\/www.meydan.tv\/az\/#organization"},"potentialAction":[{"@type":"SearchAction","target":{"@type":"EntryPoint","urlTemplate":"https:\/\/www.meydan.tv\/az\/?s={search_term_string}"},"query-input":{"@type":"PropertyValueSpecification","valueRequired":true,"valueName":"search_term_string"}}],"inLanguage":"az"},{"@type":"Organization","@id":"https:\/\/www.meydan.tv\/az\/#organization","name":"Meydan TV","url":"https:\/\/www.meydan.tv\/az\/","logo":{"@type":"ImageObject","inLanguage":"az","@id":"https:\/\/www.meydan.tv\/az\/#\/schema\/logo\/image\/","url":"https:\/\/www.meydan.tv\/wp-content\/uploads\/2021\/07\/meydan-logo.svg","contentUrl":"https:\/\/www.meydan.tv\/wp-content\/uploads\/2021\/07\/meydan-logo.svg","width":195,"height":46,"caption":"Meydan TV"},"image":{"@id":"https:\/\/www.meydan.tv\/az\/#\/schema\/logo\/image\/"}},{"@type":"Person","@id":"https:\/\/www.meydan.tv\/az\/#\/schema\/person\/10d11eccf6da3662cf5fdab9806ea91a","name":"user-manager"}]}},"_links":{"self":[{"href":"https:\/\/www.meydan.tv\/az\/wp-json\/wp\/v2\/posts\/191620","targetHints":{"allow":["GET"]}}],"collection":[{"href":"https:\/\/www.meydan.tv\/az\/wp-json\/wp\/v2\/posts"}],"about":[{"href":"https:\/\/www.meydan.tv\/az\/wp-json\/wp\/v2\/types\/post"}],"author":[{"embeddable":true,"href":"https:\/\/www.meydan.tv\/az\/wp-json\/wp\/v2\/users\/11"}],"replies":[{"embeddable":true,"href":"https:\/\/www.meydan.tv\/az\/wp-json\/wp\/v2\/comments?post=191620"}],"version-history":[{"count":0,"href":"https:\/\/www.meydan.tv\/az\/wp-json\/wp\/v2\/posts\/191620\/revisions"}],"wp:featuredmedia":[{"embeddable":true,"href":"https:\/\/www.meydan.tv\/az\/wp-json\/wp\/v2\/media\/109384"}],"wp:attachment":[{"href":"https:\/\/www.meydan.tv\/az\/wp-json\/wp\/v2\/media?parent=191620"}],"wp:term":[{"taxonomy":"category","embeddable":true,"href":"https:\/\/www.meydan.tv\/az\/wp-json\/wp\/v2\/categories?post=191620"},{"taxonomy":"post_tag","embeddable":true,"href":"https:\/\/www.meydan.tv\/az\/wp-json\/wp\/v2\/tags?post=191620"}],"curies":[{"name":"wp","href":"https:\/\/api.w.org\/{rel}","templated":true}]}}