{"id":191608,"date":"2018-09-11T14:38:29","date_gmt":"2018-09-11T14:38:29","guid":{"rendered":"https:\/\/www.meydan.tv\/article\/cenab-huseynlinin-ktmt-ni-teriflemesi-azerbaycan-ucun-faydali-oldu-yoxsa\/"},"modified":"2018-09-11T14:38:29","modified_gmt":"2018-09-11T14:38:29","slug":"cenab-huseynlinin-ktmt-ni-teriflemesi-azerbaycan-ucun-faydali-oldu-yoxsa","status":"publish","type":"post","link":"https:\/\/www.meydan.tv\/az\/article\/cenab-huseynlinin-ktmt-ni-teriflemesi-azerbaycan-ucun-faydali-oldu-yoxsa\/","title":{"rendered":"&#8221;C\u0259nab H\u00fcseynlinin KTMT-ni t\u0259rifl\u0259m\u0259si Az\u0259rbaycan \u00fc\u00e7\u00fcn faydal\u0131 oldu yoxsa&#8230;.?&#8221;"},"content":{"rendered":"<figure class=\"wp-block-image size-large\">\n  <img decoding=\"async\" src=\"https:\/\/www.meydan.tv\/az\/foto-turan-ia-18\/\" alt=\"foto Turan IA\" class=\"wp-image-109321\"\/><figcaption>\n    foto Turan IA<br \/>\n  <\/figcaption><\/figure>\n<p>\n  <i><br \/>\n    &#8221;KTMT-n\u0131 a\u011fl\u0131ndan ke\u00e7ir\u0259n Bak\u0131n\u0131n qar\u015f\u0131s\u0131na &#8221;Da\u011fl\u0131q Qaraba\u011f\u0131n&#8221; m\u00fcst\u0259qilliyinin tan\u0131nmas\u0131 fakturas\u0131 qoyula bil\u0259rmi?&#8221;<br \/>\n  <\/i>\n<\/p>\n<p>\n  Az\u0259rbaycanda son zamanlar Rusiyan\u0131n layih\u0259si say\u0131lan v\u0259 ke\u00e7mi\u015f SSR\u0130-nin bir s\u0131ra respublikalar\u0131n\u0131n, o c\u00fcml\u0259d\u0259n Erm\u0259nistan\u0131n daxil oldu\u011fu h\u0259rbi blok say\u0131lan Kollektiv T\u0259hl\u00fck\u0259sizlik M\u00fcqavil\u0259 T\u0259\u015fkilat\u0131na \u00f6lk\u0259mizin d\u0259 daxil olmas\u0131 m\u00fcmk\u00fcnl\u00fcy\u00fc bar\u0259d\u0259 m\u00fczakir\u0259l\u0259r gedir.\n<\/p>\n<p>\n  Turan informasiya agentliyi bununla ba\u011fl\u0131 t\u0259hlill\u0259 \u00e7\u0131x\u0131\u015f edib.<br \/>\n  <br \/>\n  Yaz\u0131da qeyd edilir ki, avqustun ortalar\u0131nda Az\u0259rbaycan Milli M\u0259clisinin H\u00fcquq siyas\u0259ti v\u0259 d\u00f6vl\u0259t quruculu\u011fu komit\u0259sinin s\u0259dri \u018fli H\u00fcseynli MDB-nin Kollektiv T\u0259hl\u00fck\u0259sizlik M\u00fcqavil\u0259 T\u0259\u015fkilat\u0131n\u0131n faydalar\u0131ndan b\u0259hs etmi\u015fdi.\n<\/p>\n<p>\n  \u201c\u0130ctimaiyy\u0259t c\u0259nab H\u00fcseynlinin fikirl\u0259rini \u201cAz\u0259rbaycan\u0131n KTMT-y\u0259 \u00fczv olma niyy\u0259tinin ilk add\u0131m\u0131\u201d kimi qiym\u0259tl\u0259ndirdi. \u0130ctimai r\u0259y H\u00fcseynlinin s\u00f6zl\u0259rin\u0259 b\u00f6y\u00fck \u00f6l\u00e7\u00fcd\u0259 m\u0259nfi reaksiya g\u00f6st\u0259rs\u0259 d\u0259 t\u0259klif beyinl\u0259rd\u0259 sual i\u015far\u0259si buraxma\u011fa kifay\u0259t etdi. \u00c7\u00fcnki KTMT-nin 6 \u00fczv\u00fcnd\u0259n biri olan Erm\u0259nistan uzun ill\u0259rd\u0259n b\u0259ri Az\u0259rbaycan torpaqlar\u0131n\u0131n 20%-ni i\u015f\u011fal alt\u0131nda saxlay\u0131r. Dig\u0259r t\u0259r\u0259fd\u0259n, \u00f6z t\u0259hl\u00fck\u0259sizliyi \u00fc\u00e7\u00fcn Erm\u0259nistan\u0131n \u0259n \u00e7ox arxaland\u0131\u011f\u0131 t\u0259\u015fkilat KTMT v\u0259 onun lokomotivi olan Rusiyad\u0131r\u201d.\n<\/p>\n<p>\n  T\u0259hlild\u0259 vur\u011fulan\u0131r ki, KTMT-nin faydalar\u0131ndan dan\u0131\u015fan c\u0259nab H\u00fcseynlinin oradak\u0131 \u201cErm\u0259nistan faktoru\u201dnu hesaba qat\u0131b-qatmad\u0131\u011f\u0131 bilinmir (Az\u0259rbaycan c\u0259miyy\u0259tinin ona g\u00f6st\u0259rdiyi reaksiya da \u0259sas\u0259n bu faktordan ir\u0259li g\u0259lmi\u015fdi).\n<\/p>\n<p>\n  \u201cAncaq Az\u0259rbaycan parlamentinin \u00fczv\u00fcn\u00fcn \u00f6z fikirl\u0259rini ifad\u0259 ed\u0259rk\u0259n g\u00fcnd\u0259m\u0259 g\u0259tirm\u0259diyi bu faktoru Erm\u0259nistan xat\u0131rlatmal\u0131 olub. Mayda hakimiyy\u0259ti \u0259l\u0259 ke\u00e7ir\u0259nd\u0259n b\u0259ri 3-c\u00fc d\u0259f\u0259 Rusiyaya s\u0259f\u0259r\u0259 ged\u0259n ba\u015f nazir Nikol Pa\u015finyan \u201cKommersant\u201d q\u0259zetin\u0259 verdiyi m\u00fcsahib\u0259d\u0259 (10 may) KTMT m\u0259s\u0259l\u0259sin\u0259 \u00f6lk\u0259sinin bax\u0131m\u0131ndan q\u0259ti \u015f\u0259kild\u0259 a\u00e7\u0131ql\u0131q g\u0259tirib\u201d.\n<\/p>\n<p>\n  Q\u0259zetin m\u00fcxbiri Vladimir Solovyovun \u201cKTMT-da \u201cm\u00fc\u015fahid\u0259\u00e7i \u00f6lk\u0259\u201d v\u0259 \u201c\u0259m\u0259kda\u015f \u00f6lk\u0259\u201d statuslar\u0131n\u0131n g\u0259tiril\u0259c\u0259yi dan\u0131\u015f\u0131l\u0131r. Az\u0259rbaycan bu statuslar \u00fc\u00e7\u00fcn iddia ets\u0259, Erm\u0259nistan\u0131n m\u00f6vqeyi nec\u0259 olacaq?&#8221;- sual\u0131na ba\u015f nazir Pa\u015finyan bu s\u00f6zl\u0259rl\u0259 cavab verib: \u201cY\u0259qin ham\u0131ya m\u0259lumdur ki, Erm\u0259nistan\u0131n raz\u0131l\u0131\u011f\u0131 olmadan bu c\u00fcr q\u0259rarlar q\u0259bul edil\u0259 bilm\u0259z. \u0130ndi Erm\u0259nistanla Az\u0259rbaycan\u0131n aras\u0131nda olan m\u00fcnasib\u0259ti ham\u0131n\u0131z bilirsiniz. Biz h\u0259r g\u00fcn Erm\u0259nistan\u0131n \u00fcnvan\u0131na Az\u0259rbaycan t\u0259r\u0259find\u0259n t\u0259hdidl\u0259r e\u015fidirik. M\u0259nc\u0259, Erm\u0259nistan\u0131n bu m\u0259s\u0259l\u0259d\u0259ki a\u00e7\u0131q m\u00f6vqeyi bundan ir\u0259li g\u0259lir\u201d.\n<\/p>\n<p>\n  Agentlik yaz\u0131r ki, Ba\u015f nazir, KTMT-y\u0259 \u00fczvl\u00fck m\u0259s\u0259l\u0259sin\u0259 nail olmaq \u00fc\u00e7\u00fcn Az\u0259rbaycan\u0131n, \u201ch\u0259r \u015feyd\u0259n \u0259vv\u0259l, Erm\u0259nistanla m\u00fcnasib\u0259tl\u0259rini sahmana salmas\u0131 \u00fcz\u0259rind\u0259 \u00e7al\u0131\u015fmas\u0131n\u0131n l\u00fczumunu\u201d vur\u011fulay\u0131b.\n<\/p>\n<p>\n  \u201cNikol Pa\u015finyana g\u00f6r\u0259, Erm\u0259nistan\u0131n Rusiya il\u0259 m\u00fcnasib\u0259tl\u0259rinin pisl\u0259\u015fm\u0259sini g\u00f6zl\u0259y\u0259n Az\u0259rbaycan bundan istifad\u0259 ed\u0259r\u0259k \u201ct\u0259xribat\u00e7\u0131 h\u0259r\u0259k\u0259tl\u0259r\u0259\u201d ba\u015flama\u011fa \u00fcmid edirmi\u015f.O,Az\u0259rbaycan\u0131n bu siyas\u0259tinin n\u0259tic\u0259 verm\u0259diyin\u0259 inand\u0131\u011f\u0131n\u0131 bildirib. Erm\u0259nistan ba\u015f nazirinin m\u00fcsahib\u0259sind\u0259 Az\u0259rbaycan \u00fc\u00e7\u00fcn KTMT \u00fczvl\u00fcy\u00fcnd\u0259n \u00e7ox, Nikol Pa\u015finyan\u0131n Da\u011fl\u0131q Qaraba\u011f\u0131 ayr\u0131 bir d\u00f6vl\u0259t kimi t\u0259qdim etm\u0259 c\u0259hdi narahatl\u0131q do\u011fura bil\u0259r.\n<\/p>\n<p>\n  \u201cOnlar\u0131n \u00f6z hakimiyy\u0259ti, \u00f6z h\u00f6kum\u0259ti, \u00f6z prezidenti var\u201d- dey\u0259 Da\u011fl\u0131q Qaraba\u011f\u0131 m\u00fcst\u0259qil subyekt kimi m\u00fczakir\u0259l\u0259rin m\u0259rk\u0259zin\u0259 yerl\u0259\u015fdirm\u0259y\u0259 \u00e7al\u0131\u015fan Nikol Pa\u015finyan\u0131n bu s\u00f6zl\u0259ri KTMT-n\u0131 t\u0259rifl\u0259y\u0259n Az\u0259rbaycan mill\u0259t v\u0259kilin\u0259 cavab xarakteri da\u015f\u0131ya bil\u0259rmi?\u201d\n<\/p>\n<p>\n  Yaz\u0131 m\u00fc\u0259llifl\u0259ri bildirirl\u0259r ki, ba\u015fqa s\u00f6zl\u0259, KTMT-n\u0131 a\u011fl\u0131ndan ke\u00e7ir\u0259n Bak\u0131n\u0131n qar\u015f\u0131s\u0131na \u201cDa\u011fl\u0131q Qaraba\u011f\u0131n m\u00fcst\u0259qil subyekt kimi q\u0259bul edilm\u0259si\u201d fakturas\u0131 qoyula bil\u0259rmi? \u00dcst\u0259lik Nikol Pa\u015finyan bu fikrini AT\u018fT Minsk qrupunun h\u0259ms\u0259drl\u0259ri olan \u00f6lk\u0259l\u0259rin birg\u0259 b\u0259yanat\u0131na s\u00f6yk\u0259yir.Onlar da deyibmi\u015fl\u0259r ki, Da\u011fl\u0131q Qaraba\u011f\u0131n son statusu \u201cDa\u011fl\u0131q Qaraba\u011f \u0259halisinin \u00f6z irad\u0259siyl\u0259 h\u0259ll edilm\u0259li imi\u015f\u201d.\n<\/p>\n<p>\n  \u201cKTMT m\u0259s\u0259l\u0259si 2 h\u0259ft\u0259d\u0259n b\u0259ri g\u00fcnd\u0259md\u0259 yox ik\u0259n Nikol Pa\u015finyan\u0131n \u201cKommersant\u201da m\u00fcsahib\u0259si bu sual\u0131 yenid\u0259n aktualla\u015fd\u0131ra bil\u0259r: c\u0259nab H\u00fcseynlinin KTMT-ni t\u0259rifl\u0259m\u0259si Az\u0259rbaycan \u00fc\u00e7\u00fcn faydal\u0131 oldu yoxsa&#8230;.?<\/p>\n","protected":false},"excerpt":{"rendered":"<p>&#8221;KTMT-n\u0131 a\u011fl\u0131ndan ke\u00e7ir\u0259n Bak\u0131n\u0131n qar\u015f\u0131s\u0131na &#8221;Da\u011fl\u0131q Qaraba\u011f\u0131n&#8221; m\u00fcst\u0259qilliyinin tan\u0131nmas\u0131 fakturas\u0131 qoyula bil\u0259rmi?&#8221;<\/p>\n","protected":false},"author":11,"featured_media":109321,"comment_status":"closed","ping_status":"open","sticky":false,"template":"","format":"standard","meta":{"_acf_changed":false,"_sitemap_exclude":false,"_sitemap_priority":"","_sitemap_frequency":"","footnotes":""},"categories":[51],"tags":[],"class_list":["post-191608","post","type-post","status-publish","format-standard","has-post-thumbnail","hentry","category-analitika","infinite-scroll-item","generate-columns","tablet-grid-50","mobile-grid-100","grid-parent","grid-33","no-featured-image-padding"],"acf":[],"yoast_head":"<!-- This site is optimized with the Yoast SEO plugin v27.4 - https:\/\/yoast.com\/product\/yoast-seo-wordpress\/ -->\n<title>&#039;&#039;C\u0259nab H\u00fcseynlinin KTMT-ni t\u0259rifl\u0259m\u0259si Az\u0259rbaycan \u00fc\u00e7\u00fcn faydal\u0131 oldu yoxsa....?&#039;&#039; - MEYDAN.TV<\/title>\n<meta name=\"robots\" content=\"index, follow, max-snippet:-1, max-image-preview:large, max-video-preview:-1\" \/>\n<link rel=\"canonical\" href=\"https:\/\/www.meydan.tv\/az\/article\/cenab-huseynlinin-ktmt-ni-teriflemesi-azerbaycan-ucun-faydali-oldu-yoxsa\/\" \/>\n<meta property=\"og:locale\" content=\"az_AZ\" \/>\n<meta property=\"og:type\" content=\"article\" \/>\n<meta property=\"og:title\" content=\"&#039;&#039;C\u0259nab H\u00fcseynlinin KTMT-ni t\u0259rifl\u0259m\u0259si Az\u0259rbaycan \u00fc\u00e7\u00fcn faydal\u0131 oldu yoxsa....?&#039;&#039; - MEYDAN.TV\" \/>\n<meta property=\"og:description\" content=\"&#039;&#039;KTMT-n\u0131 a\u011fl\u0131ndan ke\u00e7ir\u0259n Bak\u0131n\u0131n qar\u015f\u0131s\u0131na &#039;&#039;Da\u011fl\u0131q Qaraba\u011f\u0131n&#039;&#039; m\u00fcst\u0259qilliyinin tan\u0131nmas\u0131 fakturas\u0131 qoyula bil\u0259rmi?&#039;&#039;\" \/>\n<meta property=\"og:url\" content=\"https:\/\/www.meydan.tv\/az\/article\/cenab-huseynlinin-ktmt-ni-teriflemesi-azerbaycan-ucun-faydali-oldu-yoxsa\/\" \/>\n<meta property=\"og:site_name\" content=\"MEYDAN.TV\" \/>\n<meta property=\"article:published_time\" content=\"2018-09-11T14:38:29+00:00\" \/>\n<meta property=\"og:image\" content=\"https:\/\/www.meydan.tv\/wp-content\/uploads\/43469.jpg\" \/>\n\t<meta property=\"og:image:width\" content=\"800\" \/>\n\t<meta property=\"og:image:height\" content=\"433\" \/>\n\t<meta property=\"og:image:type\" content=\"image\/jpeg\" \/>\n<meta name=\"author\" content=\"user-manager\" \/>\n<meta name=\"twitter:card\" content=\"summary_large_image\" \/>\n<script type=\"application\/ld+json\" class=\"yoast-schema-graph\">{\"@context\":\"https:\\\/\\\/schema.org\",\"@graph\":[{\"@type\":\"Article\",\"@id\":\"https:\\\/\\\/www.meydan.tv\\\/az\\\/article\\\/cenab-huseynlinin-ktmt-ni-teriflemesi-azerbaycan-ucun-faydali-oldu-yoxsa\\\/#article\",\"isPartOf\":{\"@id\":\"https:\\\/\\\/www.meydan.tv\\\/az\\\/article\\\/cenab-huseynlinin-ktmt-ni-teriflemesi-azerbaycan-ucun-faydali-oldu-yoxsa\\\/\"},\"author\":{\"name\":\"user-manager\",\"@id\":\"https:\\\/\\\/www.meydan.tv\\\/az\\\/#\\\/schema\\\/person\\\/10d11eccf6da3662cf5fdab9806ea91a\"},\"headline\":\"&#8221;C\u0259nab H\u00fcseynlinin KTMT-ni t\u0259rifl\u0259m\u0259si Az\u0259rbaycan \u00fc\u00e7\u00fcn faydal\u0131 oldu yoxsa&#8230;.?&#8221;\",\"datePublished\":\"2018-09-11T14:38:29+00:00\",\"mainEntityOfPage\":{\"@id\":\"https:\\\/\\\/www.meydan.tv\\\/az\\\/article\\\/cenab-huseynlinin-ktmt-ni-teriflemesi-azerbaycan-ucun-faydali-oldu-yoxsa\\\/\"},\"wordCount\":872,\"publisher\":{\"@id\":\"https:\\\/\\\/www.meydan.tv\\\/az\\\/#organization\"},\"image\":{\"@id\":\"https:\\\/\\\/www.meydan.tv\\\/az\\\/article\\\/cenab-huseynlinin-ktmt-ni-teriflemesi-azerbaycan-ucun-faydali-oldu-yoxsa\\\/#primaryimage\"},\"thumbnailUrl\":\"https:\\\/\\\/www.meydan.tv\\\/wp-content\\\/uploads\\\/43469.jpg\",\"articleSection\":[\"Analitika\"],\"inLanguage\":\"az\"},{\"@type\":\"WebPage\",\"@id\":\"https:\\\/\\\/www.meydan.tv\\\/az\\\/article\\\/cenab-huseynlinin-ktmt-ni-teriflemesi-azerbaycan-ucun-faydali-oldu-yoxsa\\\/\",\"url\":\"https:\\\/\\\/www.meydan.tv\\\/az\\\/article\\\/cenab-huseynlinin-ktmt-ni-teriflemesi-azerbaycan-ucun-faydali-oldu-yoxsa\\\/\",\"name\":\"''C\u0259nab H\u00fcseynlinin KTMT-ni t\u0259rifl\u0259m\u0259si Az\u0259rbaycan \u00fc\u00e7\u00fcn faydal\u0131 oldu yoxsa....?'' - MEYDAN.TV\",\"isPartOf\":{\"@id\":\"https:\\\/\\\/www.meydan.tv\\\/az\\\/#website\"},\"primaryImageOfPage\":{\"@id\":\"https:\\\/\\\/www.meydan.tv\\\/az\\\/article\\\/cenab-huseynlinin-ktmt-ni-teriflemesi-azerbaycan-ucun-faydali-oldu-yoxsa\\\/#primaryimage\"},\"image\":{\"@id\":\"https:\\\/\\\/www.meydan.tv\\\/az\\\/article\\\/cenab-huseynlinin-ktmt-ni-teriflemesi-azerbaycan-ucun-faydali-oldu-yoxsa\\\/#primaryimage\"},\"thumbnailUrl\":\"https:\\\/\\\/www.meydan.tv\\\/wp-content\\\/uploads\\\/43469.jpg\",\"datePublished\":\"2018-09-11T14:38:29+00:00\",\"breadcrumb\":{\"@id\":\"https:\\\/\\\/www.meydan.tv\\\/az\\\/article\\\/cenab-huseynlinin-ktmt-ni-teriflemesi-azerbaycan-ucun-faydali-oldu-yoxsa\\\/#breadcrumb\"},\"inLanguage\":\"az\",\"potentialAction\":[{\"@type\":\"ReadAction\",\"target\":[\"https:\\\/\\\/www.meydan.tv\\\/az\\\/article\\\/cenab-huseynlinin-ktmt-ni-teriflemesi-azerbaycan-ucun-faydali-oldu-yoxsa\\\/\"]}]},{\"@type\":\"ImageObject\",\"inLanguage\":\"az\",\"@id\":\"https:\\\/\\\/www.meydan.tv\\\/az\\\/article\\\/cenab-huseynlinin-ktmt-ni-teriflemesi-azerbaycan-ucun-faydali-oldu-yoxsa\\\/#primaryimage\",\"url\":\"https:\\\/\\\/www.meydan.tv\\\/wp-content\\\/uploads\\\/43469.jpg\",\"contentUrl\":\"https:\\\/\\\/www.meydan.tv\\\/wp-content\\\/uploads\\\/43469.jpg\",\"width\":800,\"height\":433,\"caption\":\"Source:\"},{\"@type\":\"BreadcrumbList\",\"@id\":\"https:\\\/\\\/www.meydan.tv\\\/az\\\/article\\\/cenab-huseynlinin-ktmt-ni-teriflemesi-azerbaycan-ucun-faydali-oldu-yoxsa\\\/#breadcrumb\",\"itemListElement\":[{\"@type\":\"ListItem\",\"position\":1,\"name\":\"Ana s\u0259hif\u0259\",\"item\":\"https:\\\/\\\/www.meydan.tv\\\/az\\\/\"},{\"@type\":\"ListItem\",\"position\":2,\"name\":\"Analitika\",\"item\":\"https:\\\/\\\/www.meydan.tv\\\/az\\\/section\\\/analitika\\\/\"},{\"@type\":\"ListItem\",\"position\":3,\"name\":\"&#8221;C\u0259nab H\u00fcseynlinin KTMT-ni t\u0259rifl\u0259m\u0259si Az\u0259rbaycan \u00fc\u00e7\u00fcn faydal\u0131 oldu yoxsa&#8230;.?&#8221;\"}]},{\"@type\":\"WebSite\",\"@id\":\"https:\\\/\\\/www.meydan.tv\\\/az\\\/#website\",\"url\":\"https:\\\/\\\/www.meydan.tv\\\/az\\\/\",\"name\":\"MEYDAN.TV\",\"description\":\"Meydan TV Az\u0259rbaycan\u0131n media m\u0259kan\u0131ndak\u0131 alternativ s\u0259sidir\",\"publisher\":{\"@id\":\"https:\\\/\\\/www.meydan.tv\\\/az\\\/#organization\"},\"potentialAction\":[{\"@type\":\"SearchAction\",\"target\":{\"@type\":\"EntryPoint\",\"urlTemplate\":\"https:\\\/\\\/www.meydan.tv\\\/az\\\/?s={search_term_string}\"},\"query-input\":{\"@type\":\"PropertyValueSpecification\",\"valueRequired\":true,\"valueName\":\"search_term_string\"}}],\"inLanguage\":\"az\"},{\"@type\":\"Organization\",\"@id\":\"https:\\\/\\\/www.meydan.tv\\\/az\\\/#organization\",\"name\":\"Meydan TV\",\"url\":\"https:\\\/\\\/www.meydan.tv\\\/az\\\/\",\"logo\":{\"@type\":\"ImageObject\",\"inLanguage\":\"az\",\"@id\":\"https:\\\/\\\/www.meydan.tv\\\/az\\\/#\\\/schema\\\/logo\\\/image\\\/\",\"url\":\"https:\\\/\\\/www.meydan.tv\\\/wp-content\\\/uploads\\\/2021\\\/07\\\/meydan-logo.svg\",\"contentUrl\":\"https:\\\/\\\/www.meydan.tv\\\/wp-content\\\/uploads\\\/2021\\\/07\\\/meydan-logo.svg\",\"width\":195,\"height\":46,\"caption\":\"Meydan TV\"},\"image\":{\"@id\":\"https:\\\/\\\/www.meydan.tv\\\/az\\\/#\\\/schema\\\/logo\\\/image\\\/\"}},{\"@type\":\"Person\",\"@id\":\"https:\\\/\\\/www.meydan.tv\\\/az\\\/#\\\/schema\\\/person\\\/10d11eccf6da3662cf5fdab9806ea91a\",\"name\":\"user-manager\"}]}<\/script>\n<!-- \/ Yoast SEO plugin. -->","yoast_head_json":{"title":"''C\u0259nab H\u00fcseynlinin KTMT-ni t\u0259rifl\u0259m\u0259si Az\u0259rbaycan \u00fc\u00e7\u00fcn faydal\u0131 oldu yoxsa....?'' - MEYDAN.TV","robots":{"index":"index","follow":"follow","max-snippet":"max-snippet:-1","max-image-preview":"max-image-preview:large","max-video-preview":"max-video-preview:-1"},"canonical":"https:\/\/www.meydan.tv\/az\/article\/cenab-huseynlinin-ktmt-ni-teriflemesi-azerbaycan-ucun-faydali-oldu-yoxsa\/","og_locale":"az_AZ","og_type":"article","og_title":"''C\u0259nab H\u00fcseynlinin KTMT-ni t\u0259rifl\u0259m\u0259si Az\u0259rbaycan \u00fc\u00e7\u00fcn faydal\u0131 oldu yoxsa....?'' - MEYDAN.TV","og_description":"''KTMT-n\u0131 a\u011fl\u0131ndan ke\u00e7ir\u0259n Bak\u0131n\u0131n qar\u015f\u0131s\u0131na ''Da\u011fl\u0131q Qaraba\u011f\u0131n'' m\u00fcst\u0259qilliyinin tan\u0131nmas\u0131 fakturas\u0131 qoyula bil\u0259rmi?''","og_url":"https:\/\/www.meydan.tv\/az\/article\/cenab-huseynlinin-ktmt-ni-teriflemesi-azerbaycan-ucun-faydali-oldu-yoxsa\/","og_site_name":"MEYDAN.TV","article_published_time":"2018-09-11T14:38:29+00:00","og_image":[{"width":800,"height":433,"url":"https:\/\/www.meydan.tv\/wp-content\/uploads\/43469.jpg","type":"image\/jpeg"}],"author":"user-manager","twitter_card":"summary_large_image","schema":{"@context":"https:\/\/schema.org","@graph":[{"@type":"Article","@id":"https:\/\/www.meydan.tv\/az\/article\/cenab-huseynlinin-ktmt-ni-teriflemesi-azerbaycan-ucun-faydali-oldu-yoxsa\/#article","isPartOf":{"@id":"https:\/\/www.meydan.tv\/az\/article\/cenab-huseynlinin-ktmt-ni-teriflemesi-azerbaycan-ucun-faydali-oldu-yoxsa\/"},"author":{"name":"user-manager","@id":"https:\/\/www.meydan.tv\/az\/#\/schema\/person\/10d11eccf6da3662cf5fdab9806ea91a"},"headline":"&#8221;C\u0259nab H\u00fcseynlinin KTMT-ni t\u0259rifl\u0259m\u0259si Az\u0259rbaycan \u00fc\u00e7\u00fcn faydal\u0131 oldu yoxsa&#8230;.?&#8221;","datePublished":"2018-09-11T14:38:29+00:00","mainEntityOfPage":{"@id":"https:\/\/www.meydan.tv\/az\/article\/cenab-huseynlinin-ktmt-ni-teriflemesi-azerbaycan-ucun-faydali-oldu-yoxsa\/"},"wordCount":872,"publisher":{"@id":"https:\/\/www.meydan.tv\/az\/#organization"},"image":{"@id":"https:\/\/www.meydan.tv\/az\/article\/cenab-huseynlinin-ktmt-ni-teriflemesi-azerbaycan-ucun-faydali-oldu-yoxsa\/#primaryimage"},"thumbnailUrl":"https:\/\/www.meydan.tv\/wp-content\/uploads\/43469.jpg","articleSection":["Analitika"],"inLanguage":"az"},{"@type":"WebPage","@id":"https:\/\/www.meydan.tv\/az\/article\/cenab-huseynlinin-ktmt-ni-teriflemesi-azerbaycan-ucun-faydali-oldu-yoxsa\/","url":"https:\/\/www.meydan.tv\/az\/article\/cenab-huseynlinin-ktmt-ni-teriflemesi-azerbaycan-ucun-faydali-oldu-yoxsa\/","name":"''C\u0259nab H\u00fcseynlinin KTMT-ni t\u0259rifl\u0259m\u0259si Az\u0259rbaycan \u00fc\u00e7\u00fcn faydal\u0131 oldu yoxsa....?'' - MEYDAN.TV","isPartOf":{"@id":"https:\/\/www.meydan.tv\/az\/#website"},"primaryImageOfPage":{"@id":"https:\/\/www.meydan.tv\/az\/article\/cenab-huseynlinin-ktmt-ni-teriflemesi-azerbaycan-ucun-faydali-oldu-yoxsa\/#primaryimage"},"image":{"@id":"https:\/\/www.meydan.tv\/az\/article\/cenab-huseynlinin-ktmt-ni-teriflemesi-azerbaycan-ucun-faydali-oldu-yoxsa\/#primaryimage"},"thumbnailUrl":"https:\/\/www.meydan.tv\/wp-content\/uploads\/43469.jpg","datePublished":"2018-09-11T14:38:29+00:00","breadcrumb":{"@id":"https:\/\/www.meydan.tv\/az\/article\/cenab-huseynlinin-ktmt-ni-teriflemesi-azerbaycan-ucun-faydali-oldu-yoxsa\/#breadcrumb"},"inLanguage":"az","potentialAction":[{"@type":"ReadAction","target":["https:\/\/www.meydan.tv\/az\/article\/cenab-huseynlinin-ktmt-ni-teriflemesi-azerbaycan-ucun-faydali-oldu-yoxsa\/"]}]},{"@type":"ImageObject","inLanguage":"az","@id":"https:\/\/www.meydan.tv\/az\/article\/cenab-huseynlinin-ktmt-ni-teriflemesi-azerbaycan-ucun-faydali-oldu-yoxsa\/#primaryimage","url":"https:\/\/www.meydan.tv\/wp-content\/uploads\/43469.jpg","contentUrl":"https:\/\/www.meydan.tv\/wp-content\/uploads\/43469.jpg","width":800,"height":433,"caption":"Source:"},{"@type":"BreadcrumbList","@id":"https:\/\/www.meydan.tv\/az\/article\/cenab-huseynlinin-ktmt-ni-teriflemesi-azerbaycan-ucun-faydali-oldu-yoxsa\/#breadcrumb","itemListElement":[{"@type":"ListItem","position":1,"name":"Ana s\u0259hif\u0259","item":"https:\/\/www.meydan.tv\/az\/"},{"@type":"ListItem","position":2,"name":"Analitika","item":"https:\/\/www.meydan.tv\/az\/section\/analitika\/"},{"@type":"ListItem","position":3,"name":"&#8221;C\u0259nab H\u00fcseynlinin KTMT-ni t\u0259rifl\u0259m\u0259si Az\u0259rbaycan \u00fc\u00e7\u00fcn faydal\u0131 oldu yoxsa&#8230;.?&#8221;"}]},{"@type":"WebSite","@id":"https:\/\/www.meydan.tv\/az\/#website","url":"https:\/\/www.meydan.tv\/az\/","name":"MEYDAN.TV","description":"Meydan TV Az\u0259rbaycan\u0131n media m\u0259kan\u0131ndak\u0131 alternativ s\u0259sidir","publisher":{"@id":"https:\/\/www.meydan.tv\/az\/#organization"},"potentialAction":[{"@type":"SearchAction","target":{"@type":"EntryPoint","urlTemplate":"https:\/\/www.meydan.tv\/az\/?s={search_term_string}"},"query-input":{"@type":"PropertyValueSpecification","valueRequired":true,"valueName":"search_term_string"}}],"inLanguage":"az"},{"@type":"Organization","@id":"https:\/\/www.meydan.tv\/az\/#organization","name":"Meydan TV","url":"https:\/\/www.meydan.tv\/az\/","logo":{"@type":"ImageObject","inLanguage":"az","@id":"https:\/\/www.meydan.tv\/az\/#\/schema\/logo\/image\/","url":"https:\/\/www.meydan.tv\/wp-content\/uploads\/2021\/07\/meydan-logo.svg","contentUrl":"https:\/\/www.meydan.tv\/wp-content\/uploads\/2021\/07\/meydan-logo.svg","width":195,"height":46,"caption":"Meydan TV"},"image":{"@id":"https:\/\/www.meydan.tv\/az\/#\/schema\/logo\/image\/"}},{"@type":"Person","@id":"https:\/\/www.meydan.tv\/az\/#\/schema\/person\/10d11eccf6da3662cf5fdab9806ea91a","name":"user-manager"}]}},"_links":{"self":[{"href":"https:\/\/www.meydan.tv\/az\/wp-json\/wp\/v2\/posts\/191608","targetHints":{"allow":["GET"]}}],"collection":[{"href":"https:\/\/www.meydan.tv\/az\/wp-json\/wp\/v2\/posts"}],"about":[{"href":"https:\/\/www.meydan.tv\/az\/wp-json\/wp\/v2\/types\/post"}],"author":[{"embeddable":true,"href":"https:\/\/www.meydan.tv\/az\/wp-json\/wp\/v2\/users\/11"}],"replies":[{"embeddable":true,"href":"https:\/\/www.meydan.tv\/az\/wp-json\/wp\/v2\/comments?post=191608"}],"version-history":[{"count":0,"href":"https:\/\/www.meydan.tv\/az\/wp-json\/wp\/v2\/posts\/191608\/revisions"}],"wp:featuredmedia":[{"embeddable":true,"href":"https:\/\/www.meydan.tv\/az\/wp-json\/wp\/v2\/media\/109321"}],"wp:attachment":[{"href":"https:\/\/www.meydan.tv\/az\/wp-json\/wp\/v2\/media?parent=191608"}],"wp:term":[{"taxonomy":"category","embeddable":true,"href":"https:\/\/www.meydan.tv\/az\/wp-json\/wp\/v2\/categories?post=191608"},{"taxonomy":"post_tag","embeddable":true,"href":"https:\/\/www.meydan.tv\/az\/wp-json\/wp\/v2\/tags?post=191608"}],"curies":[{"name":"wp","href":"https:\/\/api.w.org\/{rel}","templated":true}]}}