{"id":191605,"date":"2018-09-10T21:56:30","date_gmt":"2018-09-10T21:56:30","guid":{"rendered":"https:\/\/www.meydan.tv\/article\/rufetin-apologiyasi\/"},"modified":"2018-09-10T21:56:30","modified_gmt":"2018-09-10T21:56:30","slug":"rufetin-apologiyasi","status":"publish","type":"post","link":"https:\/\/www.meydan.tv\/az\/article\/rufetin-apologiyasi\/","title":{"rendered":"R\u00fcf\u0259tin apologiyas\u0131"},"content":{"rendered":"<figure class=\"wp-block-image size-large\">\n  <img decoding=\"async\" src=\"https:\/\/www.meydan.tv\/az\/rufet-seferov-5\/\" alt=\"R\u00fcf\u0259t S\u0259f\u0259rov\" class=\"wp-image-100979\"\/><figcaption>\n    R\u00fcf\u0259t S\u0259f\u0259rov<br \/>\n  <\/figcaption><\/figure>\n<p>\n  R\u00fcf\u0259t S\u0259f\u0259rovun h\u0259bsind\u0259n 2 il ke\u00e7di. Bu \u201c\u0259lam\u0259tdar g\u00fcn\u201d onun bir az da geni\u015f tan\u0131d\u0131lmas\u0131 \u00fc\u00e7\u00fcn f\u00fcrs\u0259t olmal\u0131d\u0131r, m\u0259nc\u0259. M\u0259n d\u0259 o fikird\u0259y\u0259m ki, R\u00fcf\u0259t, onun f\u0259rdi, amma b\u00f6y\u00fck qiyam\u0131 yerli v\u0259 beyn\u0259lxalq c\u0259miyy\u0259tin, b\u00fct\u00f6vl\u00fckd\u0259s\u0259 geni\u015f k\u00fctl\u0259l\u0259rin diqq\u0259tini layiq v\u0259 laz\u0131m oldu\u011fu q\u0259d\u0259r \u00e7\u0259km\u0259yib.\n<\/p>\n<p>\n  Onun h\u0259bsinin \u0259sl s\u0259b\u0259bi t\u0259bii ki, \u00fc\u00e7 il \u0259vv\u0259l, 2015-ci ilin dekabr ay\u0131n\u0131n sonlar\u0131na yax\u0131n verdiyi s\u0259s-k\u00fcyl\u00fc istefa b\u0259yanat\u0131d\u0131r. H\u0259min b\u0259yanatda R\u00fcf\u0259t Z\u0259rdab Rayon Prokurorlu\u011funun m\u00fcst\u0259ntiqi v\u0259zif\u0259sind\u0259n istefa verdiyini b\u0259yan el\u0259di, hakimiyy\u0259ti s\u0259rt ifad\u0259l\u0259rl\u0259 t\u0259nqid etdi, he\u00e7 bir g\u00fcnah\u0131 olmayan insanlar\u0131n h\u0259bs\u0259 at\u0131ld\u0131\u011f\u0131n\u0131, \u00f6lk\u0259d\u0259 qanunsuzluqlar\u0131n, r\u00fc\u015fv\u0259txorlu\u011fun v\u0259 korrupsiyan\u0131n geni\u015f yay\u0131ld\u0131\u011f\u0131n\u0131 bildirdi. Zakir Qaralovun t\u0259s\u0259rr\u00fcfat\u0131ndan birba\u015fa xalq\u0131n s\u0259fin\u0259. A\u011flag\u0259lm\u0259z v\u0259 m\u00fctl\u0259q c\u0259zaland\u0131r\u0131lacaq bir add\u0131m\u0131yd\u0131.\n<\/p>\n<p>\n  B\u0259yanatdan c\u0259mi bir g\u00fcn sonra, 21 dekabrda Ba\u015f Prokurorluq \u0259ks b\u0259yanat yay\u0131b, R\u00fcf\u0259ti prokurorluq s\u0131ralar\u0131ndan xaric etdi. \u0130\u015fd\u0259n \u00e7\u0131xarman\u0131n motivi bel\u0259ydi: \u201cprokuror v\u0259 ya m\u00fcst\u0259ntiq v\u0259zif\u0259si il\u0259 bir araya s\u0131\u011fmayan h\u0259r\u0259k\u0259tl\u0259r\u0259 yol verdiyin\u0259 g\u00f6r\u0259&#8230;\u201d. Ard\u0131nca, \u00e7ox az sonra, 2016-c\u0131 il yanvar\u0131n \u0259vv\u0259lind\u0259 cinay\u0259t i\u015fi a\u00e7\u0131ld\u0131. Be\u015f epizodlu bu cinay\u0259t i\u015finin c\u0259mi yekununa g\u00f6r\u0259, R\u00fcf\u0259t m\u00fcst\u0259ntiq i\u015fl\u0259diyi d\u00f6vrd\u0259 guya m\u00fcxt\u0259lif \u015f\u0259xsl\u0259rd\u0259n c\u0259mi 6.000 manat r\u00fc\u015fv\u0259t alm\u0131\u015fd\u0131. \u0130stefa b\u0259yanat\u0131ndan bir-iki h\u0259ft\u0259 sonral\u0131q pauza da yaln\u0131z bu saxta cinay\u0259t i\u015finin d\u00fcz\u00fcl\u00fcb-qo\u015fulmas\u0131na s\u0259rf edilmi\u015fdi.\n<\/p>\n<p>\n  Bu cinay\u0259t i\u015finin primitiv ssenarisi v\u0259 h\u00fcquqi zayl\u0131\u011f\u0131n\u0131 s\u00fcbut etm\u0259k \u00fc\u00e7\u00fcn o q\u0259d\u0259r d\u0259 ba\u015f s\u0131nd\u0131rma\u011fa ehtiyac yoxdu, bir iki m\u00fcdafi\u0259 d\u0259lilin\u0259 n\u0259z\u0259r yetirm\u0259k kifay\u0259tdir.\n<\/p>\n<p>\n  R\u00fcf\u0259td\u0259n b\u00fct\u00fcn \u015fikay\u0259tl\u0259r, y\u0259ni ona m\u00fcst\u0259ntiq i\u015fl\u0259diyi d\u00f6vrd\u0259 r\u00fc\u015fv\u0259t verdiyini iddia ed\u0259nl\u0259rin ham\u0131s\u0131 v\u0259zif\u0259li \u015f\u0259xsl\u0259r idi. Z\u0259rdab rayon Baytarl\u0131q \u0130dar\u0259sinin r\u0259isi, Z\u0259rdab rayon M\u0259d\u0259niyy\u0259t v\u0259 Turizm \u015e\u00f6b\u0259sinin m\u00fcdiri, Z\u0259rdab rayon icra hakimiyy\u0259ti ba\u015f\u00e7\u0131s\u0131n\u0131n M\u0259likli k\u0259nd inzibati \u0259razi dair\u0259sinin n\u00fcmay\u0259nd\u0259si, Z\u0259rdan rayonu \u018flib\u0259yli B\u0259l\u0259diyy\u0259sinin s\u0259dri v\u0259 Z\u0259rdab rayon Elektrik \u015e\u0259b\u0259k\u0259sinin Sat\u0131\u015f \u015e\u00f6b\u0259sinin r\u0259isi. Bir s\u00f6zl\u0259, h\u0259r \u015fey\u0259 haz\u0131r rayon m\u0259murlar\u0131n\u0131n miskin konqlemerat\u0131.\n<\/p>\n<p>\n  Bu v\u0259zif\u0259li \u015f\u0259xsl\u0259rin ham\u0131s\u0131 R\u00fcf\u0259t haqq\u0131nda \u015fikay\u0259ti onun istefa b\u0259yanat\u0131ndan sonra vermi\u015fdil\u0259r. Y\u0259ni, 20 dekabr 2015-ci ild\u0259n sonrak\u0131 g\u00fcnl\u0259rd\u0259. Ayd\u0131nd\u0131r ki, \u015fikay\u0259t\u00e7il\u0259rin R\u00fcf\u0259t m\u00fcst\u0259ntiq i\u015fl\u0259diyi d\u00f6vrd\u0259 ondan \u015fikay\u0259t etm\u0259m\u0259l\u0259rinin s\u0259b\u0259bi bar\u0259d\u0259 he\u00e7 bir cavablar\u0131 yoxuydu v\u0259 onlar\u0131n ham\u0131s\u0131n\u0131n eyni vaxtda \u015fikay\u0259t verm\u0259l\u0259ri v\u0259 sinxron h\u0259r\u0259k\u0259tl\u0259ri vahid t\u0259limatla idar\u0259 edildikl\u0259rin\u0259 d\u0259lal\u0259t edirdi.\n<\/p>\n<p>\n  Bu v\u0259zif\u0259li \u015f\u0259xsl\u0259rin ham\u0131s\u0131 R\u00fcf\u0259t\u0259 r\u00fc\u015fv\u0259t ver\u0259rk\u0259n yanlar\u0131nda ba\u015fqa he\u00e7 kimin olmad\u0131\u011fn\u0131 bildirirdil\u0259r. Y\u0259ni, \u015fikay\u0259t\u00e7il\u0259rin r\u00fc\u015fv\u0259t verm\u0259si v\u0259 h\u0259min r\u00fc\u015fv\u0259tin R\u00fcf\u0259t t\u0259r\u0259find\u0259n guya al\u0131nmas\u0131 \u015fikay\u0259t\u00e7il\u0259rin ifad\u0259sind\u0259n ba\u015fqa, dig\u0259r h\u0259r hans\u0131 ba\u015fqa s\u00fcbut n\u00f6v\u00fc il\u0259 t\u0259sdiq olunmurdu.\n<\/p>\n<p>\n  T\u0259rs kimi ortal\u0131qda cinay\u0259tin predmeti olan maddi s\u00fcbut \u2013 r\u00fc\u015fv\u0259t kimi al\u0131nd\u0131\u011f\u0131 iddia edil\u0259n pullar da yoxuydu.\n<\/p>\n<p>\n  Dig\u0259r d\u0259lill\u0259r d\u0259 var, amma bu sadalananlar kifay\u0259t deyilmi?!\n<\/p>\n<p>\n  R\u00fcf\u0259tin m\u00fcdafi\u0259sin\u0259 t\u0259\u0259ss\u00fcf ki \u00e7ox gec, Ali M\u0259hk\u0259m\u0259d\u0259, kassasiya \u015fikay\u0259ti m\u0259rh\u0259l\u0259sind\u0259 qo\u015fuldum. Xatirimd\u0259dir, onunla saxland\u0131\u011f\u0131 9 sayl\u0131 c\u0259za\u00e7\u0259km\u0259 m\u00fc\u0259ssis\u0259sind\u0259 g\u00f6r\u00fc\u015f\u00fcb, ittiham\u0131 m\u00fczakir\u0259 ed\u0259nd\u0259, m\u00fct\u0259vazi t\u0259b\u0259ss\u00fcml\u0259, \u0259ll\u0259rini yana a\u00e7\u0131b, \u201cilk \u0259vv\u0259l fikirl\u0259\u015firdim ki, istefa b\u0259yanat\u0131n\u0131 2016-c\u0131 ilin yanvar\u0131nda verim, h\u0259min vaxt m\u0259zuniyy\u0259t\u0259 \u00e7\u0131xmal\u0131yd\u0131m, t\u0259xmin\u0259n 7.000 manata yax\u0131n m\u0259zuniyy\u0259t pulu almal\u0131yd\u0131m. Sonra fikirl\u0259\u015fdim v\u0259 \u00f6z-\u00f6z\u00fcm\u0259 dedim ki, ay R\u00fcf\u0259t, ba\u015fqa vaxt deyirs\u0259n, ba\u011f bel\u0259, bostan bel\u0259, indi o m\u0259zuniyy\u0259t pulunu alma\u011f\u0131m\u0131 g\u00f6zl\u0259y\u0259c\u0259sks\u0259n?!\u201d &#8211; dedi.\n<\/p>\n<p>\n  Yeddi min manata yax\u0131n halal haqq\u0131n\u0131 alma\u011f\u0131 g\u00f6zl\u0259m\u0259y\u0259n adama alt\u0131 min manatl\u0131q r\u00fc\u015fv\u0259t almaq ittiham\u0131! G\u00fcl\u00fcnc, axmaq bir \u015fey y\u0259ni. Min manatl\u0131q k\u0259m-k\u0259sirli absurd!\n<\/p>\n<p>\n  R\u00fcf\u0259t \u00e7ox h\u0259ssas, \u00fcr\u0259yiyuxa, \u00f6z\u00fcnd\u0259n ba\u015fqa ham\u0131n\u0131 d\u00fc\u015f\u00fcn\u0259n, d\u00fcyan\u0131n m\u0259n\u0259vi irsiyl\u0259 tan\u0131\u015f, inadkar v\u0259 getdiyi yola s\u0259daq\u0259tli, h\u0259dd\u0259n art\u0131q istiqanl\u0131d\u0131. Onun xarakterini a\u00e7maq \u00fc\u00e7\u00fcn bir-iki detal yet\u0259rlidi, d\u00fc\u015f\u00fcn\u00fcr\u0259m.\n<\/p>\n<p>\n  2016-c\u0131 ilin 8 sentyabr\u0131nda L\u0259nk\u0259ran A\u011f\u0131r Cinay\u0259tl\u0259r M\u0259hk\u0259m\u0259sind\u0259 h\u00f6km oxunur. R\u00fcf\u0259tin fikris\u0259 ba\u015fqa yerd\u0259di. Yan\u0131nda duran v\u0259kilin\u0259 p\u0131\u00e7\u0131lday\u0131r, Bak\u0131dan, uzaq yoldan m\u0259hk\u0259m\u0259y\u0259 g\u0259lmi\u015f imkans\u0131z qohumunun geri nec\u0259 qay\u0131daca\u011f\u0131n\u0131, yol pulunun olub-olmamas\u0131n\u0131 soru\u015fur v\u0259 imkan olsa h\u00f6kmd\u0259n sonra onunla sa\u011folla\u015fmas\u0131na \u015f\u0259rait yaratmas\u0131n\u0131 xahi\u015f el\u0259yir. V\u0259 h\u0259min qohumuyla g\u00f6r\u00fc\u015f\u00fcb ayr\u0131landa \u0259linin i\u00e7ind\u0259 s\u0131xd\u0131\u011f\u0131 pulu onun ovcuna qoyur&#8230;\n<\/p>\n<p>\n  Yaxud, m\u0259hk\u0259m\u0259si getdiyi d\u00f6vrd\u0259, h\u00f6km \u0259r\u0259f\u0259sind\u0259, \u00fcst\u0259lik, ev dustaql\u0131\u011f\u0131nda ola-ola, Milli \u015euran\u0131n 11 sentyabr 2016-c\u0131 il tarixli mitiniqin\u0259 d\u0259st\u0259k verir, ham\u0131n\u0131 h\u0259min aksiyada i\u015fitiraka \u00e7a\u011f\u0131r\u0131r, sabiq s\u0259hiyy\u0259 naziri \u018fli \u0130nsanov haqda ba\u015flanm\u0131\u015f yeni cinay\u0259t i\u015finin qondarma oldu\u011funu, onun g\u00fcnahs\u0131zl\u0131\u011f\u0131n\u0131 v\u0259 bu cinay\u0259t i\u015finin onu h\u0259bsd\u0259 saxlamaq m\u0259ram\u0131na xidm\u0259t etdiyini y\u00fcks\u0259k s\u0259sl\u0259 bildirir. 9 illik ittiham h\u00f6km\u00fcyl\u0259 \u00e7ilik-a\u011fac y\u0259ni.\n<\/p>\n<p>\n  R\u00fcf\u0259t S\u0259f\u0259rovun \u00e7oxunun x\u0259yal etdiyi bir v\u0259zif\u0259d\u0259n istefa verib, h\u0259qiq\u0259tin t\u0259r\u0259fin\u0259 ke\u00e7m\u0259si Az\u0259rbaycan h\u00fcquq-m\u00fchafiz\u0259 orqanlar\u0131n\u0131n tarixind\u0259 bir ilkdir. H\u0259r halda m\u0259n bel\u0259 bilir\u0259m, ba\u015fqa n\u00fcmun\u0259 varsa, bil\u0259nl\u0259r desin.\n<\/p>\n<p>\n  Bu b\u00f6y\u00fck qiyam, yaxud R\u00fcf\u0259t S\u0259f\u0259rov n\u00fcmun\u0259si Az\u0259rbaycan c\u0259miyy\u0259tinin b\u00fct\u00fcn olub-ke\u00e7\u0259nl\u0259r\u0259, son onill\u0259r birg\u0259 ya\u015fad\u0131qlar\u0131m\u0131z d\u0259h\u015f\u0259tl\u0259r\u0259 cavab\u0131, m\u0259n\u0259vi b\u0259ra\u0259ti, apologiyas\u0131d\u0131r.\n<\/p>\n<p>\n  Bu, h\u0259m d\u0259 R\u00fcf\u0259tin \u00f6z\u00fcn\u00fcn apologiyas\u0131d\u0131r. Bundan sonra R\u00fcf\u0259t \u00f6mr\u00fcboyu \u0259lini a\u011fdan qaraya vurmasa da, onun 20 dekabr 2015-ci il tarixd\u0259ki davran\u0131\u015f\u0131 b\u00fct\u00fcn h\u0259yat\u0131n\u0131 m\u0259naland\u0131rma\u011fa yet\u0259r.\n<\/p>\n<p>\n  D\u0259rin tayfala\u015fma v\u0259 \u00fcfun\u0259tli eqoistl\u0259\u015fm\u0259 d\u00f6vr\u00fcn\u00fcn q\u0131z\u0131l \u00e7a\u011flar\u0131n\u0131 ya\u015fayan \u00f6lk\u0259mizd\u0259 bel\u0259 n\u00fcmun\u0259l\u0259rin g\u00f6zd\u0259n-k\u00f6n\u00fcld\u0259n iraq qalmas\u0131, autsayderliyi bir az da t\u0259bii g\u00f6r\u00fcn\u00fcr.\n<\/p>\n<p>\n  Amma \u015f\u0259xs\u0259n m\u0259nd\u0259n olsayd\u0131 v\u0259 g\u00fcc\u00fcm yets\u0259ydi, el\u0259 bu yay\u0131n sonundan etibar\u0259n h\u0259r s\u0259h\u0259r q\u0259hv\u0259alt\u0131s\u0131ndan d\u0259rhal sonra bu n\u00fcmun\u0259ni h\u0259l\u0259 bax\u015f\u0131lar\u0131n\u0131n \u015fax\u0131 s\u0131nmam\u0131\u015f az\u0259rbaycanl\u0131 yeniyetm\u0259l\u0259r\u0259 desert kimi \u201cq\u0259bul edilm\u0259sini\u201d g\u00f6st\u0259ri\u015f ver\u0259rdim&#8230;\n<\/p>\n<p>\n  <b><br \/>\n    <i><br \/>\n      \u00a0Yaz\u0131 m\u00fc\u0259llifin fikirl\u0259rini \u0259ks etdirir v\u0259 Meydan TV-nin m\u00f6vqeyi il\u0259 \u00fcst-\u00fcst\u0259 d\u00fc\u015fm\u0259y\u0259 bil\u0259r.<br \/>\n    <\/i><br \/>\n  <\/b><\/p>\n","protected":false},"excerpt":{"rendered":"<p>R\u00fcf\u0259t S\u0259f\u0259rovun h\u0259bsind\u0259n 2 il ke\u00e7di. Bu \u201c\u0259lam\u0259tdar g\u00fcn\u201d onun bir az da geni\u015f tan\u0131d\u0131lmas\u0131 \u00fc\u00e7\u00fcn f\u00fcrs\u0259t olmal\u0131d\u0131r, m\u0259nc\u0259<\/p>\n","protected":false},"author":11,"featured_media":100979,"comment_status":"closed","ping_status":"open","sticky":false,"template":"","format":"standard","meta":{"_acf_changed":false,"_sitemap_exclude":false,"_sitemap_priority":"","_sitemap_frequency":"","footnotes":""},"categories":[57],"tags":[],"class_list":["post-191605","post","type-post","status-publish","format-standard","has-post-thumbnail","hentry","category-menim-fikrimce","infinite-scroll-item","generate-columns","tablet-grid-50","mobile-grid-100","grid-parent","grid-33","no-featured-image-padding"],"acf":[],"yoast_head":"<!-- This site is optimized with the Yoast SEO plugin v27.4 - https:\/\/yoast.com\/product\/yoast-seo-wordpress\/ -->\n<title>R\u00fcf\u0259tin apologiyas\u0131 - MEYDAN.TV<\/title>\n<meta name=\"robots\" content=\"index, follow, max-snippet:-1, max-image-preview:large, max-video-preview:-1\" \/>\n<link rel=\"canonical\" href=\"https:\/\/www.meydan.tv\/az\/article\/rufetin-apologiyasi\/\" \/>\n<meta property=\"og:locale\" content=\"az_AZ\" \/>\n<meta property=\"og:type\" content=\"article\" \/>\n<meta property=\"og:title\" content=\"R\u00fcf\u0259tin apologiyas\u0131 - MEYDAN.TV\" \/>\n<meta property=\"og:description\" content=\"R\u00fcf\u0259t S\u0259f\u0259rovun h\u0259bsind\u0259n 2 il ke\u00e7di. Bu \u201c\u0259lam\u0259tdar g\u00fcn\u201d onun bir az da geni\u015f tan\u0131d\u0131lmas\u0131 \u00fc\u00e7\u00fcn f\u00fcrs\u0259t olmal\u0131d\u0131r, m\u0259nc\u0259\" \/>\n<meta property=\"og:url\" content=\"https:\/\/www.meydan.tv\/az\/article\/rufetin-apologiyasi\/\" \/>\n<meta property=\"og:site_name\" content=\"MEYDAN.TV\" \/>\n<meta property=\"article:published_time\" content=\"2018-09-10T21:56:30+00:00\" \/>\n<meta property=\"og:image\" content=\"https:\/\/www.meydan.tv\/wp-content\/uploads\/39948.jpg\" \/>\n\t<meta property=\"og:image:width\" content=\"647\" \/>\n\t<meta property=\"og:image:height\" content=\"370\" \/>\n\t<meta property=\"og:image:type\" content=\"image\/jpeg\" \/>\n<meta name=\"author\" content=\"user-manager\" \/>\n<meta name=\"twitter:card\" content=\"summary_large_image\" \/>\n<script type=\"application\/ld+json\" class=\"yoast-schema-graph\">{\"@context\":\"https:\\\/\\\/schema.org\",\"@graph\":[{\"@type\":\"Article\",\"@id\":\"https:\\\/\\\/www.meydan.tv\\\/az\\\/article\\\/rufetin-apologiyasi\\\/#article\",\"isPartOf\":{\"@id\":\"https:\\\/\\\/www.meydan.tv\\\/az\\\/article\\\/rufetin-apologiyasi\\\/\"},\"author\":{\"name\":\"user-manager\",\"@id\":\"https:\\\/\\\/www.meydan.tv\\\/az\\\/#\\\/schema\\\/person\\\/10d11eccf6da3662cf5fdab9806ea91a\"},\"headline\":\"R\u00fcf\u0259tin apologiyas\u0131\",\"datePublished\":\"2018-09-10T21:56:30+00:00\",\"mainEntityOfPage\":{\"@id\":\"https:\\\/\\\/www.meydan.tv\\\/az\\\/article\\\/rufetin-apologiyasi\\\/\"},\"wordCount\":1422,\"publisher\":{\"@id\":\"https:\\\/\\\/www.meydan.tv\\\/az\\\/#organization\"},\"image\":{\"@id\":\"https:\\\/\\\/www.meydan.tv\\\/az\\\/article\\\/rufetin-apologiyasi\\\/#primaryimage\"},\"thumbnailUrl\":\"https:\\\/\\\/www.meydan.tv\\\/wp-content\\\/uploads\\\/39948-e1733300425547.jpg\",\"articleSection\":[\"M\u0259nim Fikrimc\u0259\"],\"inLanguage\":\"az\"},{\"@type\":\"WebPage\",\"@id\":\"https:\\\/\\\/www.meydan.tv\\\/az\\\/article\\\/rufetin-apologiyasi\\\/\",\"url\":\"https:\\\/\\\/www.meydan.tv\\\/az\\\/article\\\/rufetin-apologiyasi\\\/\",\"name\":\"R\u00fcf\u0259tin apologiyas\u0131 - MEYDAN.TV\",\"isPartOf\":{\"@id\":\"https:\\\/\\\/www.meydan.tv\\\/az\\\/#website\"},\"primaryImageOfPage\":{\"@id\":\"https:\\\/\\\/www.meydan.tv\\\/az\\\/article\\\/rufetin-apologiyasi\\\/#primaryimage\"},\"image\":{\"@id\":\"https:\\\/\\\/www.meydan.tv\\\/az\\\/article\\\/rufetin-apologiyasi\\\/#primaryimage\"},\"thumbnailUrl\":\"https:\\\/\\\/www.meydan.tv\\\/wp-content\\\/uploads\\\/39948-e1733300425547.jpg\",\"datePublished\":\"2018-09-10T21:56:30+00:00\",\"breadcrumb\":{\"@id\":\"https:\\\/\\\/www.meydan.tv\\\/az\\\/article\\\/rufetin-apologiyasi\\\/#breadcrumb\"},\"inLanguage\":\"az\",\"potentialAction\":[{\"@type\":\"ReadAction\",\"target\":[\"https:\\\/\\\/www.meydan.tv\\\/az\\\/article\\\/rufetin-apologiyasi\\\/\"]}]},{\"@type\":\"ImageObject\",\"inLanguage\":\"az\",\"@id\":\"https:\\\/\\\/www.meydan.tv\\\/az\\\/article\\\/rufetin-apologiyasi\\\/#primaryimage\",\"url\":\"https:\\\/\\\/www.meydan.tv\\\/wp-content\\\/uploads\\\/39948-e1733300425547.jpg\",\"contentUrl\":\"https:\\\/\\\/www.meydan.tv\\\/wp-content\\\/uploads\\\/39948-e1733300425547.jpg\",\"width\":647,\"height\":276,\"caption\":\"Source:\"},{\"@type\":\"BreadcrumbList\",\"@id\":\"https:\\\/\\\/www.meydan.tv\\\/az\\\/article\\\/rufetin-apologiyasi\\\/#breadcrumb\",\"itemListElement\":[{\"@type\":\"ListItem\",\"position\":1,\"name\":\"Ana s\u0259hif\u0259\",\"item\":\"https:\\\/\\\/www.meydan.tv\\\/az\\\/\"},{\"@type\":\"ListItem\",\"position\":2,\"name\":\"M\u0259nim Fikrimc\u0259\",\"item\":\"https:\\\/\\\/www.meydan.tv\\\/az\\\/section\\\/menim-fikrimce\\\/\"},{\"@type\":\"ListItem\",\"position\":3,\"name\":\"R\u00fcf\u0259tin apologiyas\u0131\"}]},{\"@type\":\"WebSite\",\"@id\":\"https:\\\/\\\/www.meydan.tv\\\/az\\\/#website\",\"url\":\"https:\\\/\\\/www.meydan.tv\\\/az\\\/\",\"name\":\"MEYDAN.TV\",\"description\":\"Meydan TV Az\u0259rbaycan\u0131n media m\u0259kan\u0131ndak\u0131 alternativ s\u0259sidir\",\"publisher\":{\"@id\":\"https:\\\/\\\/www.meydan.tv\\\/az\\\/#organization\"},\"potentialAction\":[{\"@type\":\"SearchAction\",\"target\":{\"@type\":\"EntryPoint\",\"urlTemplate\":\"https:\\\/\\\/www.meydan.tv\\\/az\\\/?s={search_term_string}\"},\"query-input\":{\"@type\":\"PropertyValueSpecification\",\"valueRequired\":true,\"valueName\":\"search_term_string\"}}],\"inLanguage\":\"az\"},{\"@type\":\"Organization\",\"@id\":\"https:\\\/\\\/www.meydan.tv\\\/az\\\/#organization\",\"name\":\"Meydan TV\",\"url\":\"https:\\\/\\\/www.meydan.tv\\\/az\\\/\",\"logo\":{\"@type\":\"ImageObject\",\"inLanguage\":\"az\",\"@id\":\"https:\\\/\\\/www.meydan.tv\\\/az\\\/#\\\/schema\\\/logo\\\/image\\\/\",\"url\":\"https:\\\/\\\/www.meydan.tv\\\/wp-content\\\/uploads\\\/2021\\\/07\\\/meydan-logo.svg\",\"contentUrl\":\"https:\\\/\\\/www.meydan.tv\\\/wp-content\\\/uploads\\\/2021\\\/07\\\/meydan-logo.svg\",\"width\":195,\"height\":46,\"caption\":\"Meydan TV\"},\"image\":{\"@id\":\"https:\\\/\\\/www.meydan.tv\\\/az\\\/#\\\/schema\\\/logo\\\/image\\\/\"}},{\"@type\":\"Person\",\"@id\":\"https:\\\/\\\/www.meydan.tv\\\/az\\\/#\\\/schema\\\/person\\\/10d11eccf6da3662cf5fdab9806ea91a\",\"name\":\"user-manager\"}]}<\/script>\n<!-- \/ Yoast SEO plugin. -->","yoast_head_json":{"title":"R\u00fcf\u0259tin apologiyas\u0131 - MEYDAN.TV","robots":{"index":"index","follow":"follow","max-snippet":"max-snippet:-1","max-image-preview":"max-image-preview:large","max-video-preview":"max-video-preview:-1"},"canonical":"https:\/\/www.meydan.tv\/az\/article\/rufetin-apologiyasi\/","og_locale":"az_AZ","og_type":"article","og_title":"R\u00fcf\u0259tin apologiyas\u0131 - MEYDAN.TV","og_description":"R\u00fcf\u0259t S\u0259f\u0259rovun h\u0259bsind\u0259n 2 il ke\u00e7di. Bu \u201c\u0259lam\u0259tdar g\u00fcn\u201d onun bir az da geni\u015f tan\u0131d\u0131lmas\u0131 \u00fc\u00e7\u00fcn f\u00fcrs\u0259t olmal\u0131d\u0131r, m\u0259nc\u0259","og_url":"https:\/\/www.meydan.tv\/az\/article\/rufetin-apologiyasi\/","og_site_name":"MEYDAN.TV","article_published_time":"2018-09-10T21:56:30+00:00","og_image":[{"width":647,"height":370,"url":"https:\/\/www.meydan.tv\/wp-content\/uploads\/39948.jpg","type":"image\/jpeg"}],"author":"user-manager","twitter_card":"summary_large_image","schema":{"@context":"https:\/\/schema.org","@graph":[{"@type":"Article","@id":"https:\/\/www.meydan.tv\/az\/article\/rufetin-apologiyasi\/#article","isPartOf":{"@id":"https:\/\/www.meydan.tv\/az\/article\/rufetin-apologiyasi\/"},"author":{"name":"user-manager","@id":"https:\/\/www.meydan.tv\/az\/#\/schema\/person\/10d11eccf6da3662cf5fdab9806ea91a"},"headline":"R\u00fcf\u0259tin apologiyas\u0131","datePublished":"2018-09-10T21:56:30+00:00","mainEntityOfPage":{"@id":"https:\/\/www.meydan.tv\/az\/article\/rufetin-apologiyasi\/"},"wordCount":1422,"publisher":{"@id":"https:\/\/www.meydan.tv\/az\/#organization"},"image":{"@id":"https:\/\/www.meydan.tv\/az\/article\/rufetin-apologiyasi\/#primaryimage"},"thumbnailUrl":"https:\/\/www.meydan.tv\/wp-content\/uploads\/39948-e1733300425547.jpg","articleSection":["M\u0259nim Fikrimc\u0259"],"inLanguage":"az"},{"@type":"WebPage","@id":"https:\/\/www.meydan.tv\/az\/article\/rufetin-apologiyasi\/","url":"https:\/\/www.meydan.tv\/az\/article\/rufetin-apologiyasi\/","name":"R\u00fcf\u0259tin apologiyas\u0131 - MEYDAN.TV","isPartOf":{"@id":"https:\/\/www.meydan.tv\/az\/#website"},"primaryImageOfPage":{"@id":"https:\/\/www.meydan.tv\/az\/article\/rufetin-apologiyasi\/#primaryimage"},"image":{"@id":"https:\/\/www.meydan.tv\/az\/article\/rufetin-apologiyasi\/#primaryimage"},"thumbnailUrl":"https:\/\/www.meydan.tv\/wp-content\/uploads\/39948-e1733300425547.jpg","datePublished":"2018-09-10T21:56:30+00:00","breadcrumb":{"@id":"https:\/\/www.meydan.tv\/az\/article\/rufetin-apologiyasi\/#breadcrumb"},"inLanguage":"az","potentialAction":[{"@type":"ReadAction","target":["https:\/\/www.meydan.tv\/az\/article\/rufetin-apologiyasi\/"]}]},{"@type":"ImageObject","inLanguage":"az","@id":"https:\/\/www.meydan.tv\/az\/article\/rufetin-apologiyasi\/#primaryimage","url":"https:\/\/www.meydan.tv\/wp-content\/uploads\/39948-e1733300425547.jpg","contentUrl":"https:\/\/www.meydan.tv\/wp-content\/uploads\/39948-e1733300425547.jpg","width":647,"height":276,"caption":"Source:"},{"@type":"BreadcrumbList","@id":"https:\/\/www.meydan.tv\/az\/article\/rufetin-apologiyasi\/#breadcrumb","itemListElement":[{"@type":"ListItem","position":1,"name":"Ana s\u0259hif\u0259","item":"https:\/\/www.meydan.tv\/az\/"},{"@type":"ListItem","position":2,"name":"M\u0259nim Fikrimc\u0259","item":"https:\/\/www.meydan.tv\/az\/section\/menim-fikrimce\/"},{"@type":"ListItem","position":3,"name":"R\u00fcf\u0259tin apologiyas\u0131"}]},{"@type":"WebSite","@id":"https:\/\/www.meydan.tv\/az\/#website","url":"https:\/\/www.meydan.tv\/az\/","name":"MEYDAN.TV","description":"Meydan TV Az\u0259rbaycan\u0131n media m\u0259kan\u0131ndak\u0131 alternativ s\u0259sidir","publisher":{"@id":"https:\/\/www.meydan.tv\/az\/#organization"},"potentialAction":[{"@type":"SearchAction","target":{"@type":"EntryPoint","urlTemplate":"https:\/\/www.meydan.tv\/az\/?s={search_term_string}"},"query-input":{"@type":"PropertyValueSpecification","valueRequired":true,"valueName":"search_term_string"}}],"inLanguage":"az"},{"@type":"Organization","@id":"https:\/\/www.meydan.tv\/az\/#organization","name":"Meydan TV","url":"https:\/\/www.meydan.tv\/az\/","logo":{"@type":"ImageObject","inLanguage":"az","@id":"https:\/\/www.meydan.tv\/az\/#\/schema\/logo\/image\/","url":"https:\/\/www.meydan.tv\/wp-content\/uploads\/2021\/07\/meydan-logo.svg","contentUrl":"https:\/\/www.meydan.tv\/wp-content\/uploads\/2021\/07\/meydan-logo.svg","width":195,"height":46,"caption":"Meydan TV"},"image":{"@id":"https:\/\/www.meydan.tv\/az\/#\/schema\/logo\/image\/"}},{"@type":"Person","@id":"https:\/\/www.meydan.tv\/az\/#\/schema\/person\/10d11eccf6da3662cf5fdab9806ea91a","name":"user-manager"}]}},"_links":{"self":[{"href":"https:\/\/www.meydan.tv\/az\/wp-json\/wp\/v2\/posts\/191605","targetHints":{"allow":["GET"]}}],"collection":[{"href":"https:\/\/www.meydan.tv\/az\/wp-json\/wp\/v2\/posts"}],"about":[{"href":"https:\/\/www.meydan.tv\/az\/wp-json\/wp\/v2\/types\/post"}],"author":[{"embeddable":true,"href":"https:\/\/www.meydan.tv\/az\/wp-json\/wp\/v2\/users\/11"}],"replies":[{"embeddable":true,"href":"https:\/\/www.meydan.tv\/az\/wp-json\/wp\/v2\/comments?post=191605"}],"version-history":[{"count":0,"href":"https:\/\/www.meydan.tv\/az\/wp-json\/wp\/v2\/posts\/191605\/revisions"}],"wp:featuredmedia":[{"embeddable":true,"href":"https:\/\/www.meydan.tv\/az\/wp-json\/wp\/v2\/media\/100979"}],"wp:attachment":[{"href":"https:\/\/www.meydan.tv\/az\/wp-json\/wp\/v2\/media?parent=191605"}],"wp:term":[{"taxonomy":"category","embeddable":true,"href":"https:\/\/www.meydan.tv\/az\/wp-json\/wp\/v2\/categories?post=191605"},{"taxonomy":"post_tag","embeddable":true,"href":"https:\/\/www.meydan.tv\/az\/wp-json\/wp\/v2\/tags?post=191605"}],"curies":[{"name":"wp","href":"https:\/\/api.w.org\/{rel}","templated":true}]}}