{"id":191604,"date":"2018-09-10T21:51:53","date_gmt":"2018-09-10T21:51:53","guid":{"rendered":"https:\/\/www.meydan.tv\/article\/statistikanin-faciesi\/"},"modified":"2018-09-10T21:51:53","modified_gmt":"2018-09-10T21:51:53","slug":"statistikanin-faciesi","status":"publish","type":"post","link":"https:\/\/www.meydan.tv\/az\/article\/statistikanin-faciesi\/","title":{"rendered":"Statistikan\u0131n faci\u0259si"},"content":{"rendered":"<figure class=\"wp-block-image size-large\">\n  <img decoding=\"async\" src=\"https:\/\/www.meydan.tv\/az\/mehkeme-serti\/\" alt=\"M\u0259hk\u0259m\u0259 (\u015f\u0259rti)\" class=\"wp-image-109315\"\/><figcaption>\n    M\u0259hk\u0259m\u0259 (\u015f\u0259rti)<br \/>\n  <\/figcaption><\/figure>\n<p>\n  H\u0259r g\u00fcn po\u00e7t b\u00f6lm\u0259l\u0259rind\u0259n v\u0259t\u0259nda\u015flardan yuxar\u0131 instansiyalara \u00e7oxsayl\u0131 \u015fikay\u0259t m\u0259ktublar\u0131, teleqramalar yola sal\u0131n\u0131r. Yuxar\u0131 instansiyalara g\u00f6nd\u0259ril\u0259n m\u0259ktublarsa yuxar\u0131dan a\u015fa\u011f\u0131ya \u00fcnvanlan\u0131r. Bu m\u0259nada po\u00e7t \u015f\u00f6b\u0259l\u0259ri ictimai naraz\u0131l\u0131qlar\u0131n konkret \u00fcnvanlar\u0131n\u0131 g\u00f6st\u0259r\u0259n m\u0259kand\u0131r. Nec\u0259 ki, bazarlar t\u0259klif v\u0259 t\u0259l\u0259bin barometridir, po\u00e7t b\u00f6lm\u0259l\u0259rind\u0259n g\u00f6nd\u0259ril\u0259n v\u0259t\u0259nda\u015flar\u0131n \u015fikay\u0259t m\u0259ktublar\u0131 da v\u0259t\u0259nda\u015f v\u0259 m\u0259mur m\u00fcnasib\u0259tl\u0259rinin g\u00fczg\u00fcs\u00fcd\u00fcr.\n<\/p>\n<p>\n  \u015eikay\u0259t m\u0259ktublar\u0131n\u0131n statistikas\u0131 v\u0259 \u00fcmumil\u0259\u015fdirilm\u0259si apar\u0131lsayd\u0131, bu, b\u00f6y\u00fck informasiya kapital\u0131 olard\u0131 .\n<\/p>\n<p>\n  \u015eikay\u0259t incidilmi\u015f insanlar\u0131n silah\u0131d\u0131r. Ona g\u00f6r\u0259 d\u0259 \u015fikay\u0259t m\u0259ktublar\u0131 yuxar\u0131lardan m\u0259s\u0259l\u0259nin \u0259dal\u0259tli h\u0259llin\u0259 k\u00f6m\u0259k g\u00f6st\u0259rilm\u0259sin\u0259 xahi\u015f s\u00f6zl\u0259ri il\u0259 tamamlan\u0131r. Q\u0259rib\u0259likl\u0259rd\u0259n biri d\u0259 ondan ibar\u0259tdir ki, \u0259dal\u0259t axtar\u0131\u015flar\u0131 m\u0259ktublar\u0131n\u0131n b\u00f6y\u00fck hiss\u0259si v\u0259zif\u0259si \u0259dal\u0259ti t\u0259min etm\u0259li olan \u0259dal\u0259t m\u0259hk\u0259m\u0259l\u0259rin\u0259 aid olur.\n<\/p>\n<p>\n  X\u00fcsusi il\u0259 cinay\u0259t i\u015fl\u0259rind\u0259 \u0259dal\u0259tli c\u0259zan\u0131n t\u0259yin edilm\u0259si \u0259dal\u0259t m\u0259hk\u0259m\u0259sinin \u0259s\u0259ridir.\n<\/p>\n<p>\n  Kriminaloji effekt deyil\u0259n bir anlay\u0131\u015f var, c\u0259zan\u0131n y\u00fcng\u00fcll\u00fcy\u00fc z\u0259r\u0259r\u00e7\u0259kmi\u015f\u0259 m\u00fcnasib\u0259td\u0259 \u0259dal\u0259tsizdir, eyni zamanda, cinay\u0259ti t\u00f6r\u0259tmi\u015f \u015f\u0259xsd\u0259 g\u0259l\u0259c\u0259kd\u0259 t\u0259krar cinay\u0259t etm\u0259yin potensiall\u0131\u011f\u0131n\u0131 y\u00fcks\u0259ldir. C\u0259zan\u0131n a\u011f\u0131rl\u0131\u011f\u0131 is\u0259 m\u0259hkumu aqressivl\u0259\u015fdirir v\u0259 ya depressiyaya sal\u0131r, onun sosial \u0259laq\u0259l\u0259rini q\u0131r\u0131r, m\u0259hkum c\u0259za \u00e7\u0259kdikd\u0259n sonra is\u0259 onun c\u0259miyy\u0259t\u0259 adaptasiyas\u0131n\u0131 \u00e7\u0259tinl\u0259\u015fdirir v\u0259 b\u0259z\u0259n m\u00fcmk\u00fcns\u00fcz edir, residivistliyi art\u0131r\u0131r.\n<\/p>\n<p>\n  Raznobarskiy Yan Tairovi\u00e7 bar\u0259sind\u0259ki m\u0259hk\u0259m\u0259 h\u00f6km\u00fc d\u0259 bunun tipik n\u00fcmun\u0259sidir. Onun ail\u0259 \u00fczvl\u0259ri yuxar\u0131 instansiyalara yazd\u0131qlar\u0131 \u00e7oxsayl\u0131 m\u0259ktublarda \u0259dal\u0259tli m\u0259hk\u0259m\u0259 q\u0259rar\u0131 xahi\u015f edirl\u0259r. M\u0259s\u0259l\u0259nin q\u0131sa mahiyy\u0259ti ondan ibar\u0259tdir ki, Bak\u0131 A\u011f\u0131r Cinay\u0259tl\u0259r M\u0259hk\u0259m\u0259sinin 2 dekabr 2016-c\u0131 il tarixli h\u00f6km\u00fc il\u0259 Raznobarskiy Az\u0259rbaycan Respublikas\u0131 Cinay\u0259t M\u0259c\u0259ll\u0259sinin 29.120.2.5 v\u0259 228.1-ci madd\u0259l\u0259rind\u0259 n\u0259z\u0259rd\u0259 tutulmu\u015f cinay\u0259t \u0259m\u0259lini t\u00f6r\u0259tm\u0259kd\u0259 t\u0259qsirli bilin\u0259r\u0259k, Cinay\u0259t M\u0259c\u0259ll\u0259sinin 228.1-ci madd\u0259si il\u0259 1 il 6 ay m\u00fcdd\u0259tin\u0259, Cinay\u0259t M\u0259c\u0259ll\u0259sinin 29.120.2.5-ci madd\u0259si il\u0259 15 il m\u00fcdd\u0259t\u0259 azadl\u0131qdan m\u0259hrumetm\u0259 c\u0259zas\u0131na m\u0259hkum olunub, h\u0259min M\u0259c\u0259ll\u0259nin 66.3-c\u00fc madd\u0259sin\u0259 \u0259sas\u0259n t\u0259yin olunan c\u0259zalar qism\u0259n toplanmaqla Raznobarskiy Yan Tairovi\u00e7\u0259 q\u0259ti olaraq 15 il 6 ay m\u00fcdd\u0259tin\u0259 azadl\u0131qdan m\u0259hrumetm\u0259 c\u0259zas\u0131 t\u0259yin edilib. Raznobarskiy v\u0259 onun m\u00fcdafi\u0259\u00e7isi t\u00f6vsifi s\u0259hv, h\u00f6km\u00fc \u0259dal\u0259tsiz hesab etdiyind\u0259n apelyasiya \u015fikay\u0259ti veribl\u0259r. Bak\u0131 Apelyasiya M\u0259hk\u0259m\u0259si apelyasiya \u015fikay\u0259tini t\u0259min etm\u0259yib, h\u00f6km\u00fc q\u00fcvv\u0259d\u0259 saxlay\u0131b.\n<\/p>\n<p>\n  N\u0259z\u0259r\u0259 alsaq ki, m\u0259hk\u0259m\u0259nin h\u00f6km\u00fcnd\u0259 qeyd edildiyi kimi, Raznobarskiy ya\u015fay\u0131\u015f yeri \u00fczr\u0259 m\u00fcsb\u0259t xarakteriz\u0259 olunur, ail\u0259lidir, m\u0259hkumlu\u011fu yoxdur, cinay\u0259t hadis\u0259si m\u00fclki h\u00fcquq m\u00fcnasib\u0259tl\u0259ri z\u0259minind\u0259 yaranm\u0131\u015f m\u00fcbahis\u0259d\u0259n do\u011fub, z\u0259r\u0259r\u00e7\u0259kmi\u015f \u015f\u0259xs\u0259 yetiril\u0259n x\u0259sar\u0259t az a\u011f\u0131r z\u0259r\u0259r vurmaya aiddir v\u0259 \u0259m\u0259l cinay\u0259t etm\u0259y\u0259 c\u0259hdl\u0259 t\u00f6vsif edilib, Raznobarskiy v\u0259 onun m\u00fcdafi\u0259\u00e7isinin cinay\u0259tin t\u00f6vsifi v\u0259 c\u0259zan\u0131n a\u011f\u0131rl\u0131\u011f\u0131n\u0131n \u0259dal\u0259t meyarlar\u0131na uy\u011fun g\u0259lm\u0259diyini bildir\u0259n m\u00f6vqel\u0259ri \u0259sasl\u0131d\u0131r.\n<\/p>\n<p>\n  \u018fdal\u0259tli c\u0259za t\u0259yin edilm\u0259si, hadis\u0259nin s\u0259b\u0259b v\u0259 n\u0259tic\u0259 \u0259laq\u0259l\u0259rin\u0259 h\u00fcquqi-m\u0259ntiqi, etik yana\u015fmadan ke\u00e7ir. N\u0259 q\u0259d\u0259r ki, bu yoxdur, m\u0259hk\u0259m\u0259l\u0259r h\u00f6kml\u0259rind\u0259 y\u00fcng\u00fcll\u0259\u015fdirici hallar\u0131 formal sadalay\u0131r v\u0259 bununa i\u015fini bitmi\u015f hesab el\u0259yir, c\u0259za \u00f6z a\u011f\u0131rl\u0131\u011f\u0131nda qalacaq. N\u0259tic\u0259d\u0259 c\u0259za t\u00f6r\u0259dilmi\u015f hadis\u0259y\u0259 uy\u011fun olmayaraq ya y\u00fcng\u00fcl, yaxud da \u0259ks\u0259r m\u0259hk\u0259m\u0259 praktikas\u0131nda oldu\u011fu kimi ittihamy\u00f6n\u00fcml\u00fc olur. Bu da insan faci\u0259l\u0259rin\u0259, \u0259dal\u0259tsiz h\u00f6kml\u0259r\u0259 g\u0259tirib \u00e7\u0131xar\u0131r. Nec\u0259 ki, Raznobarskinin ittiham olundu\u011fu madd\u0259nin sanksiyas\u0131nda ba\u015fa \u00e7atm\u0131\u015f cinay\u0259t\u0259 g\u00f6r\u0259 20 il azadl\u0131qdan m\u0259hrum edilm\u0259 n\u0259z\u0259rd\u0259 tutulsa da, ba\u015fa \u00e7atmam\u0131\u015f cinay\u0259t\u0259, y\u0259ni c\u0259hd\u0259 g\u00f6r\u0259 ona 15 ild\u0259n \u00e7ox azadl\u0131qdan m\u0259hrumetm\u0259 c\u0259zas\u0131 t\u0259yin edilib.\n<\/p>\n<p>\n  Bu, y\u0259ni \u0259dal\u0259tsiz h\u00f6kml\u0259r is\u0259 insan taleyinin v\u0259 faci\u0259sinin qap\u0131s\u0131d\u0131r. Nec\u0259 ki, Raznobarskinin faci\u0259si kimi.<\/p>\n<p>  D\u00f6vl\u0259t Statistika Komit\u0259si b\u0259ra\u0259t h\u00f6kml\u0259rinin statistikas\u0131n\u0131 apar\u0131r. Ancaq ald\u0131\u011f\u0131 c\u0259za t\u00f6r\u0259tdiyi \u0259m\u0259l\u0259 uy\u011fun olmayan h\u00f6kml\u0259rin statistikas\u0131 he\u00e7 yerd\u0259 apar\u0131lm\u0131r. H\u0259rgah bel\u0259 bir \u00fcmumil\u0259\u015fdirm\u0259 apar\u0131lsayd\u0131, n\u0259 q\u0259d\u0259r insan\u0131n m\u0259hz \u0259dal\u0259t m\u00fchakim\u0259sini h\u0259yata ke\u00e7irm\u0259li olan m\u0259hk\u0259m\u0259l\u0259rin c\u0259zan\u0131n m\u00fcmk\u00fcn q\u0259d\u0259r a\u011f\u0131rla\u015fd\u0131r\u0131lmas\u0131 siyas\u0259tinin qurban\u0131na \u00e7evrildiyinin \u015fahidi ola bil\u0259rdik.\n<\/p>\n<p>\n  \u018fdal\u0259tli m\u0259hk\u0259m\u0259 q\u0259rar\u0131 m\u00fcc\u0259rr\u0259d anlay\u0131\u015f deyil, \u00f6z\u00fcnd\u0259 obyektivliyi v\u0259 subyektivliyi ehtiva edir. Obyektivlik onun i\u015fin h\u0259qiqi hallar\u0131na uy\u011fun olmas\u0131d\u0131r. Subyektivlik is\u0259 \u015f\u0259xsin daxil\u0259n m\u0259hk\u0259m\u0259nin q\u0259rar\u0131n\u0131 \u0259dal\u0259tli hesab etm\u0259sidir. N\u0259 q\u0259d\u0259r ki, \u0259dal\u0259tin obyektiv v\u0259 subyektiv meyarlar\u0131 t\u0259min olunmur, po\u00e7t b\u00f6lm\u0259l\u0259rind\u0259n yuxar\u0131 instansiyalara \u015fikay\u0259t m\u0259ktublar\u0131 v\u0259 teleqramalar ax\u0131n\u0131 davam ed\u0259c\u0259k. Yuxar\u0131ya \u00fcnvanlanan \u015fikay\u0259t m\u0259ktublar\u0131n\u0131n say\u0131 statistikaya \u00e7evril\u0259c\u0259k, k\u0259d\u0259rli statistikaya &#8230;\n<\/p>\n<p>\n  <i><br \/>\n    <b><br \/>\n      \u00a0Yaz\u0131 m\u00fc\u0259llifin fikirl\u0259rini \u0259ks etdirir v\u0259 Meydan TV-nin m\u00f6vqeyi il\u0259 \u00fcst-\u00fcst\u0259 d\u00fc\u015fm\u0259y\u0259 bil\u0259r.<br \/>\n    <\/b><br \/>\n  <\/i><\/p>\n","protected":false},"excerpt":{"rendered":"<p>H\u0259r g\u00fcn po\u00e7t b\u00f6lm\u0259l\u0259rind\u0259n v\u0259t\u0259nda\u015flardan yuxar\u0131 instansiyalara \u00e7oxsayl\u0131 \u015fikay\u0259t m\u0259ktublar\u0131, teleqramalar yola sal\u0131n\u0131r<\/p>\n","protected":false},"author":11,"featured_media":109315,"comment_status":"closed","ping_status":"open","sticky":false,"template":"","format":"standard","meta":{"_acf_changed":false,"_sitemap_exclude":false,"_sitemap_priority":"","_sitemap_frequency":"","footnotes":""},"categories":[57],"tags":[],"class_list":["post-191604","post","type-post","status-publish","format-standard","has-post-thumbnail","hentry","category-menim-fikrimce","infinite-scroll-item","generate-columns","tablet-grid-50","mobile-grid-100","grid-parent","grid-33","no-featured-image-padding"],"acf":[],"yoast_head":"<!-- This site is optimized with the Yoast SEO plugin v27.4 - https:\/\/yoast.com\/product\/yoast-seo-wordpress\/ -->\n<title>Statistikan\u0131n faci\u0259si - MEYDAN.TV<\/title>\n<meta name=\"robots\" content=\"index, follow, max-snippet:-1, max-image-preview:large, max-video-preview:-1\" \/>\n<link rel=\"canonical\" href=\"https:\/\/www.meydan.tv\/az\/article\/statistikanin-faciesi\/\" \/>\n<meta property=\"og:locale\" content=\"az_AZ\" \/>\n<meta property=\"og:type\" content=\"article\" \/>\n<meta property=\"og:title\" content=\"Statistikan\u0131n faci\u0259si - MEYDAN.TV\" \/>\n<meta property=\"og:description\" content=\"H\u0259r g\u00fcn po\u00e7t b\u00f6lm\u0259l\u0259rind\u0259n v\u0259t\u0259nda\u015flardan yuxar\u0131 instansiyalara \u00e7oxsayl\u0131 \u015fikay\u0259t m\u0259ktublar\u0131, teleqramalar yola sal\u0131n\u0131r\" \/>\n<meta property=\"og:url\" content=\"https:\/\/www.meydan.tv\/az\/article\/statistikanin-faciesi\/\" \/>\n<meta property=\"og:site_name\" content=\"MEYDAN.TV\" \/>\n<meta property=\"article:published_time\" content=\"2018-09-10T21:51:53+00:00\" \/>\n<meta property=\"og:image\" content=\"https:\/\/www.meydan.tv\/wp-content\/uploads\/43467.jpg\" \/>\n\t<meta property=\"og:image:width\" content=\"968\" \/>\n\t<meta property=\"og:image:height\" content=\"544\" \/>\n\t<meta property=\"og:image:type\" content=\"image\/jpeg\" \/>\n<meta name=\"author\" content=\"user-manager\" \/>\n<meta name=\"twitter:card\" content=\"summary_large_image\" \/>\n<script type=\"application\/ld+json\" class=\"yoast-schema-graph\">{\"@context\":\"https:\\\/\\\/schema.org\",\"@graph\":[{\"@type\":\"Article\",\"@id\":\"https:\\\/\\\/www.meydan.tv\\\/az\\\/article\\\/statistikanin-faciesi\\\/#article\",\"isPartOf\":{\"@id\":\"https:\\\/\\\/www.meydan.tv\\\/az\\\/article\\\/statistikanin-faciesi\\\/\"},\"author\":{\"name\":\"user-manager\",\"@id\":\"https:\\\/\\\/www.meydan.tv\\\/az\\\/#\\\/schema\\\/person\\\/10d11eccf6da3662cf5fdab9806ea91a\"},\"headline\":\"Statistikan\u0131n faci\u0259si\",\"datePublished\":\"2018-09-10T21:51:53+00:00\",\"mainEntityOfPage\":{\"@id\":\"https:\\\/\\\/www.meydan.tv\\\/az\\\/article\\\/statistikanin-faciesi\\\/\"},\"wordCount\":1085,\"publisher\":{\"@id\":\"https:\\\/\\\/www.meydan.tv\\\/az\\\/#organization\"},\"image\":{\"@id\":\"https:\\\/\\\/www.meydan.tv\\\/az\\\/article\\\/statistikanin-faciesi\\\/#primaryimage\"},\"thumbnailUrl\":\"https:\\\/\\\/www.meydan.tv\\\/wp-content\\\/uploads\\\/43467.jpg\",\"articleSection\":[\"M\u0259nim Fikrimc\u0259\"],\"inLanguage\":\"az\"},{\"@type\":\"WebPage\",\"@id\":\"https:\\\/\\\/www.meydan.tv\\\/az\\\/article\\\/statistikanin-faciesi\\\/\",\"url\":\"https:\\\/\\\/www.meydan.tv\\\/az\\\/article\\\/statistikanin-faciesi\\\/\",\"name\":\"Statistikan\u0131n faci\u0259si - MEYDAN.TV\",\"isPartOf\":{\"@id\":\"https:\\\/\\\/www.meydan.tv\\\/az\\\/#website\"},\"primaryImageOfPage\":{\"@id\":\"https:\\\/\\\/www.meydan.tv\\\/az\\\/article\\\/statistikanin-faciesi\\\/#primaryimage\"},\"image\":{\"@id\":\"https:\\\/\\\/www.meydan.tv\\\/az\\\/article\\\/statistikanin-faciesi\\\/#primaryimage\"},\"thumbnailUrl\":\"https:\\\/\\\/www.meydan.tv\\\/wp-content\\\/uploads\\\/43467.jpg\",\"datePublished\":\"2018-09-10T21:51:53+00:00\",\"breadcrumb\":{\"@id\":\"https:\\\/\\\/www.meydan.tv\\\/az\\\/article\\\/statistikanin-faciesi\\\/#breadcrumb\"},\"inLanguage\":\"az\",\"potentialAction\":[{\"@type\":\"ReadAction\",\"target\":[\"https:\\\/\\\/www.meydan.tv\\\/az\\\/article\\\/statistikanin-faciesi\\\/\"]}]},{\"@type\":\"ImageObject\",\"inLanguage\":\"az\",\"@id\":\"https:\\\/\\\/www.meydan.tv\\\/az\\\/article\\\/statistikanin-faciesi\\\/#primaryimage\",\"url\":\"https:\\\/\\\/www.meydan.tv\\\/wp-content\\\/uploads\\\/43467.jpg\",\"contentUrl\":\"https:\\\/\\\/www.meydan.tv\\\/wp-content\\\/uploads\\\/43467.jpg\",\"width\":968,\"height\":544,\"caption\":\"Source:\"},{\"@type\":\"BreadcrumbList\",\"@id\":\"https:\\\/\\\/www.meydan.tv\\\/az\\\/article\\\/statistikanin-faciesi\\\/#breadcrumb\",\"itemListElement\":[{\"@type\":\"ListItem\",\"position\":1,\"name\":\"Ana s\u0259hif\u0259\",\"item\":\"https:\\\/\\\/www.meydan.tv\\\/az\\\/\"},{\"@type\":\"ListItem\",\"position\":2,\"name\":\"M\u0259nim Fikrimc\u0259\",\"item\":\"https:\\\/\\\/www.meydan.tv\\\/az\\\/section\\\/menim-fikrimce\\\/\"},{\"@type\":\"ListItem\",\"position\":3,\"name\":\"Statistikan\u0131n faci\u0259si\"}]},{\"@type\":\"WebSite\",\"@id\":\"https:\\\/\\\/www.meydan.tv\\\/az\\\/#website\",\"url\":\"https:\\\/\\\/www.meydan.tv\\\/az\\\/\",\"name\":\"MEYDAN.TV\",\"description\":\"Meydan TV Az\u0259rbaycan\u0131n media m\u0259kan\u0131ndak\u0131 alternativ s\u0259sidir\",\"publisher\":{\"@id\":\"https:\\\/\\\/www.meydan.tv\\\/az\\\/#organization\"},\"potentialAction\":[{\"@type\":\"SearchAction\",\"target\":{\"@type\":\"EntryPoint\",\"urlTemplate\":\"https:\\\/\\\/www.meydan.tv\\\/az\\\/?s={search_term_string}\"},\"query-input\":{\"@type\":\"PropertyValueSpecification\",\"valueRequired\":true,\"valueName\":\"search_term_string\"}}],\"inLanguage\":\"az\"},{\"@type\":\"Organization\",\"@id\":\"https:\\\/\\\/www.meydan.tv\\\/az\\\/#organization\",\"name\":\"Meydan TV\",\"url\":\"https:\\\/\\\/www.meydan.tv\\\/az\\\/\",\"logo\":{\"@type\":\"ImageObject\",\"inLanguage\":\"az\",\"@id\":\"https:\\\/\\\/www.meydan.tv\\\/az\\\/#\\\/schema\\\/logo\\\/image\\\/\",\"url\":\"https:\\\/\\\/www.meydan.tv\\\/wp-content\\\/uploads\\\/2021\\\/07\\\/meydan-logo.svg\",\"contentUrl\":\"https:\\\/\\\/www.meydan.tv\\\/wp-content\\\/uploads\\\/2021\\\/07\\\/meydan-logo.svg\",\"width\":195,\"height\":46,\"caption\":\"Meydan TV\"},\"image\":{\"@id\":\"https:\\\/\\\/www.meydan.tv\\\/az\\\/#\\\/schema\\\/logo\\\/image\\\/\"}},{\"@type\":\"Person\",\"@id\":\"https:\\\/\\\/www.meydan.tv\\\/az\\\/#\\\/schema\\\/person\\\/10d11eccf6da3662cf5fdab9806ea91a\",\"name\":\"user-manager\"}]}<\/script>\n<!-- \/ Yoast SEO plugin. -->","yoast_head_json":{"title":"Statistikan\u0131n faci\u0259si - MEYDAN.TV","robots":{"index":"index","follow":"follow","max-snippet":"max-snippet:-1","max-image-preview":"max-image-preview:large","max-video-preview":"max-video-preview:-1"},"canonical":"https:\/\/www.meydan.tv\/az\/article\/statistikanin-faciesi\/","og_locale":"az_AZ","og_type":"article","og_title":"Statistikan\u0131n faci\u0259si - MEYDAN.TV","og_description":"H\u0259r g\u00fcn po\u00e7t b\u00f6lm\u0259l\u0259rind\u0259n v\u0259t\u0259nda\u015flardan yuxar\u0131 instansiyalara \u00e7oxsayl\u0131 \u015fikay\u0259t m\u0259ktublar\u0131, teleqramalar yola sal\u0131n\u0131r","og_url":"https:\/\/www.meydan.tv\/az\/article\/statistikanin-faciesi\/","og_site_name":"MEYDAN.TV","article_published_time":"2018-09-10T21:51:53+00:00","og_image":[{"width":968,"height":544,"url":"https:\/\/www.meydan.tv\/wp-content\/uploads\/43467.jpg","type":"image\/jpeg"}],"author":"user-manager","twitter_card":"summary_large_image","schema":{"@context":"https:\/\/schema.org","@graph":[{"@type":"Article","@id":"https:\/\/www.meydan.tv\/az\/article\/statistikanin-faciesi\/#article","isPartOf":{"@id":"https:\/\/www.meydan.tv\/az\/article\/statistikanin-faciesi\/"},"author":{"name":"user-manager","@id":"https:\/\/www.meydan.tv\/az\/#\/schema\/person\/10d11eccf6da3662cf5fdab9806ea91a"},"headline":"Statistikan\u0131n faci\u0259si","datePublished":"2018-09-10T21:51:53+00:00","mainEntityOfPage":{"@id":"https:\/\/www.meydan.tv\/az\/article\/statistikanin-faciesi\/"},"wordCount":1085,"publisher":{"@id":"https:\/\/www.meydan.tv\/az\/#organization"},"image":{"@id":"https:\/\/www.meydan.tv\/az\/article\/statistikanin-faciesi\/#primaryimage"},"thumbnailUrl":"https:\/\/www.meydan.tv\/wp-content\/uploads\/43467.jpg","articleSection":["M\u0259nim Fikrimc\u0259"],"inLanguage":"az"},{"@type":"WebPage","@id":"https:\/\/www.meydan.tv\/az\/article\/statistikanin-faciesi\/","url":"https:\/\/www.meydan.tv\/az\/article\/statistikanin-faciesi\/","name":"Statistikan\u0131n faci\u0259si - MEYDAN.TV","isPartOf":{"@id":"https:\/\/www.meydan.tv\/az\/#website"},"primaryImageOfPage":{"@id":"https:\/\/www.meydan.tv\/az\/article\/statistikanin-faciesi\/#primaryimage"},"image":{"@id":"https:\/\/www.meydan.tv\/az\/article\/statistikanin-faciesi\/#primaryimage"},"thumbnailUrl":"https:\/\/www.meydan.tv\/wp-content\/uploads\/43467.jpg","datePublished":"2018-09-10T21:51:53+00:00","breadcrumb":{"@id":"https:\/\/www.meydan.tv\/az\/article\/statistikanin-faciesi\/#breadcrumb"},"inLanguage":"az","potentialAction":[{"@type":"ReadAction","target":["https:\/\/www.meydan.tv\/az\/article\/statistikanin-faciesi\/"]}]},{"@type":"ImageObject","inLanguage":"az","@id":"https:\/\/www.meydan.tv\/az\/article\/statistikanin-faciesi\/#primaryimage","url":"https:\/\/www.meydan.tv\/wp-content\/uploads\/43467.jpg","contentUrl":"https:\/\/www.meydan.tv\/wp-content\/uploads\/43467.jpg","width":968,"height":544,"caption":"Source:"},{"@type":"BreadcrumbList","@id":"https:\/\/www.meydan.tv\/az\/article\/statistikanin-faciesi\/#breadcrumb","itemListElement":[{"@type":"ListItem","position":1,"name":"Ana s\u0259hif\u0259","item":"https:\/\/www.meydan.tv\/az\/"},{"@type":"ListItem","position":2,"name":"M\u0259nim Fikrimc\u0259","item":"https:\/\/www.meydan.tv\/az\/section\/menim-fikrimce\/"},{"@type":"ListItem","position":3,"name":"Statistikan\u0131n faci\u0259si"}]},{"@type":"WebSite","@id":"https:\/\/www.meydan.tv\/az\/#website","url":"https:\/\/www.meydan.tv\/az\/","name":"MEYDAN.TV","description":"Meydan TV Az\u0259rbaycan\u0131n media m\u0259kan\u0131ndak\u0131 alternativ s\u0259sidir","publisher":{"@id":"https:\/\/www.meydan.tv\/az\/#organization"},"potentialAction":[{"@type":"SearchAction","target":{"@type":"EntryPoint","urlTemplate":"https:\/\/www.meydan.tv\/az\/?s={search_term_string}"},"query-input":{"@type":"PropertyValueSpecification","valueRequired":true,"valueName":"search_term_string"}}],"inLanguage":"az"},{"@type":"Organization","@id":"https:\/\/www.meydan.tv\/az\/#organization","name":"Meydan TV","url":"https:\/\/www.meydan.tv\/az\/","logo":{"@type":"ImageObject","inLanguage":"az","@id":"https:\/\/www.meydan.tv\/az\/#\/schema\/logo\/image\/","url":"https:\/\/www.meydan.tv\/wp-content\/uploads\/2021\/07\/meydan-logo.svg","contentUrl":"https:\/\/www.meydan.tv\/wp-content\/uploads\/2021\/07\/meydan-logo.svg","width":195,"height":46,"caption":"Meydan TV"},"image":{"@id":"https:\/\/www.meydan.tv\/az\/#\/schema\/logo\/image\/"}},{"@type":"Person","@id":"https:\/\/www.meydan.tv\/az\/#\/schema\/person\/10d11eccf6da3662cf5fdab9806ea91a","name":"user-manager"}]}},"_links":{"self":[{"href":"https:\/\/www.meydan.tv\/az\/wp-json\/wp\/v2\/posts\/191604","targetHints":{"allow":["GET"]}}],"collection":[{"href":"https:\/\/www.meydan.tv\/az\/wp-json\/wp\/v2\/posts"}],"about":[{"href":"https:\/\/www.meydan.tv\/az\/wp-json\/wp\/v2\/types\/post"}],"author":[{"embeddable":true,"href":"https:\/\/www.meydan.tv\/az\/wp-json\/wp\/v2\/users\/11"}],"replies":[{"embeddable":true,"href":"https:\/\/www.meydan.tv\/az\/wp-json\/wp\/v2\/comments?post=191604"}],"version-history":[{"count":0,"href":"https:\/\/www.meydan.tv\/az\/wp-json\/wp\/v2\/posts\/191604\/revisions"}],"wp:featuredmedia":[{"embeddable":true,"href":"https:\/\/www.meydan.tv\/az\/wp-json\/wp\/v2\/media\/109315"}],"wp:attachment":[{"href":"https:\/\/www.meydan.tv\/az\/wp-json\/wp\/v2\/media?parent=191604"}],"wp:term":[{"taxonomy":"category","embeddable":true,"href":"https:\/\/www.meydan.tv\/az\/wp-json\/wp\/v2\/categories?post=191604"},{"taxonomy":"post_tag","embeddable":true,"href":"https:\/\/www.meydan.tv\/az\/wp-json\/wp\/v2\/tags?post=191604"}],"curies":[{"name":"wp","href":"https:\/\/api.w.org\/{rel}","templated":true}]}}