{"id":191602,"date":"2018-09-10T19:08:30","date_gmt":"2018-09-10T19:08:30","guid":{"rendered":"https:\/\/www.meydan.tv\/article\/soci-gorusu-ve-rusiya-azerbaycan-munasibetlerinin-geleceyi\/"},"modified":"2018-09-10T19:08:30","modified_gmt":"2018-09-10T19:08:30","slug":"soci-gorusu-ve-rusiya-azerbaycan-munasibetlerinin-geleceyi","status":"publish","type":"post","link":"https:\/\/www.meydan.tv\/az\/article\/soci-gorusu-ve-rusiya-azerbaycan-munasibetlerinin-geleceyi\/","title":{"rendered":"So\u00e7i g\u00f6r\u00fc\u015f\u00fc v\u0259 Rusiya-Az\u0259rbaycan m\u00fcnasib\u0259tl\u0259rinin g\u0259l\u0259c\u0259yi"},"content":{"rendered":"<figure class=\"wp-block-image size-large\">\n  <img decoding=\"async\" src=\"https:\/\/www.meydan.tv\/az\/109333\/\" alt=\"\" class=\"wp-image-109333\"\/><figcaption><\/figcaption><\/figure>\n<p>\n  <i><br \/>\n    Az\u0259rbaycan siyasi dair\u0259l\u0259rind\u0259 bu g\u00f6r\u00fc\u015fd\u0259 Az\u0259rbaycan\u0131n Avrasiya \u0130qtisadi Birliyin\u0259 v\u0259 h\u0259tta KTMT-y\u0259 (Kollektiv T\u0259hl\u00fck\u0259sizlik M\u00fcqavil\u0259si T\u0259\u015fkilat\u0131) qo\u015fulmas\u0131 perspektivl\u0259rinin d\u0259 m\u00fczakir\u0259 olundu\u011funu d\u00fc\u015f\u00fcn\u00fcrl\u0259r<br \/>\n  <\/i>\n<\/p>\n<p>\n  X\u0259z\u0259r d\u0259nizinin h\u00fcquqi statusu haqda Konvensiyan\u0131n q\u0259bul olunmas\u0131yla ba\u015fa \u00e7atan Aktau be\u015finci X\u0259z\u0259r sammiti v\u0259 Almaniya kansleri Angela Merkelin Bak\u0131 da daxil olmaqla Qafqaz s\u0259f\u0259ri m\u00f6vzular\u0131 g\u00fcnd\u0259md\u0259n d\u00fc\u015fm\u0259mi\u015f Az\u0259rbaycan v\u0259 Rusiya prezidentl\u0259rinin 1 sentyabr So\u00e7i g\u00f6r\u00fc\u015f\u00fc diqq\u0259t m\u0259rk\u0259zin\u0259 g\u0259ldi. G\u00f6r\u00fc\u015fd\u0259 Vladimir Putin iki \u00f6lk\u0259 aras\u0131ndak\u0131 m\u00fcnasib\u0259tl\u0259rin strateji xarakterini vur\u011fulad\u0131 v\u0259 s\u0259f\u0259r \u00fc\u00e7\u00fcn \u018fliyev\u0259 t\u0259\u015f\u0259kk\u00fcr etdi. \u00d6z n\u00f6vb\u0259sind\u0259, \u0130lham \u018fliyev Vladimir Putini onun \u00fc\u00e7\u00fcn \u0259lveri\u015fli vaxtda Az\u0259rbaycana d\u0259v\u0259t etdi v\u0259 Rusiya telekanallar\u0131nda prezidentl\u0259rin g\u00f6r\u00fc\u015f\u00fcn\u0259 dair isti s\u00fcjetl\u0259r yay\u0131mland\u0131, n\u0259tic\u0259d\u0259 d\u00f6vl\u0259t ba\u015f\u00e7\u0131lar\u0131n\u0131n g\u00f6r\u00fc\u015f\u00fcn n\u0259tic\u0259l\u0259rind\u0259n raz\u0131 qald\u0131qlar\u0131 q\u0259na\u0259tin\u0259 g\u0259lm\u0259k olar.\n<\/p>\n<p>\n  Rusiya il\u0259 Az\u0259rbaycan aras\u0131nda ticar\u0259t v\u0259 investisiya art\u0131m\u0131n\u0131, n\u0259qliyyat infrastrukturunun inki\u015faf\u0131n\u0131, humanitar sah\u0259d\u0259 \u0259m\u0259kda\u015fl\u0131\u011f\u0131, m\u0259d\u0259niyy\u0259t v\u0259 turizm sah\u0259sind\u0259 \u0259laq\u0259l\u0259rin inki\u015faf\u0131n\u0131 n\u0259z\u0259rd\u0259 tutan \u201c\u0130qtisadi \u0259m\u0259kda\u015fl\u0131\u011f\u0131n prioritet istiqam\u0259tl\u0259ri\u201d \u00fczr\u0259 birg\u0259 b\u0259yanat imzaland\u0131. H\u0259m\u00e7inin m\u00fcxt\u0259lif sah\u0259l\u0259rd\u0259 \u0259m\u0259kda\u015fl\u0131\u011f\u0131 geni\u015fl\u0259ndirm\u0259k \u00fc\u00e7\u00fcn ondan art\u0131q m\u00fcqavil\u0259 imzalan\u0131b. X\u00fcsusil\u0259, \u201cRosneft\u201d v\u0259 Az\u0259rbaycan D\u00f6vl\u0259t Neft \u015eirk\u0259ti X\u0259z\u0259r d\u0259nizinin Az\u0259rbaycan hiss\u0259sind\u0259, Ab\u015feron yar\u0131madas\u0131n\u0131n \u015fimal\u0131nda yerl\u0259\u015f\u0259n dayaz sularda \u201cQo\u015fada\u015f\u201d neft v\u0259 qaz yata\u011f\u0131n\u0131n birg\u0259 \u00f6yr\u0259nilm\u0259si, \u201cGAZ Group\u201d v\u0259 \u201cAzerma\u015f\u201d \u015firk\u0259ti Az\u0259rbaycanda &#8220;GAZ&#8221; avtomobill\u0259rinin y\u0131\u011f\u0131lmas\u0131 istehsalat\u0131n\u0131n yarad\u0131lmas\u0131 bar\u0259d\u0259\u00a0 raz\u0131l\u0131\u011fa g\u0259libl\u0259r. Bundan \u0259lav\u0259, \u201cQazprombank\u201d Sumqay\u0131t Kimya S\u0259naye Park\u0131n\u0131n inki\u015faf\u0131na t\u0259xmin\u0259n 750 milyon dollar s\u0259rmay\u0259 qoyma\u011f\u0131 planla\u015fd\u0131r\u0131r. \u018fn perspektivli layih\u0259l\u0259rind\u0259n biri, Baltik \u00f6lk\u0259l\u0259ri il\u0259 Hindistan aras\u0131nda \u0130ran vasit\u0259sil\u0259 n\u0259qliyyat \u0259laq\u0259l\u0259rini t\u0259min ed\u0259c\u0259k \u015eimal-C\u0259nub n\u0259qliyyat d\u0259hlizi d\u0259 diqq\u0259t m\u0259rk\u0259zind\u0259 oldu.\n<\/p>\n<p>\n  Bununla yana\u015f\u0131, ekspertl\u0259r hesab edirl\u0259r ki, m\u00fc\u015fahid\u0259\u00e7il\u0259rin \u201cq\u0259fil\u201d adland\u0131rd\u0131\u011f\u0131, \u0259vv\u0259lc\u0259d\u0259n elan edilm\u0259y\u0259n v\u0259 ba\u015flamazdan ancaq s\u0259kkiz saat \u0259vv\u0259l x\u0259b\u0259r tutulan bu g\u00f6r\u00fc\u015fd\u0259 bir \u00e7ox sual k\u00f6lg\u0259d\u0259 qald\u0131. Az\u0259rbaycan siyasi dair\u0259l\u0259rind\u0259 bu g\u00f6r\u00fc\u015fd\u0259 Az\u0259rbaycan\u0131n Avrasiya \u0130qtisadi Birliyin\u0259 v\u0259 h\u0259tta KTMT-y\u0259 (Kollektiv T\u0259hl\u00fck\u0259sizlik M\u00fcqavil\u0259si T\u0259\u015fkilat\u0131) qo\u015fulmas\u0131 perspektivl\u0259rinin d\u0259 m\u00fczakir\u0259 olundu\u011funu d\u00fc\u015f\u00fcn\u00fcrl\u0259r. H\u0259r bir halda, g\u00f6r\u00fc\u015f \u0259r\u0259f\u0259sind\u0259 bu m\u0259s\u0259l\u0259l\u0259r Az\u0259rbaycan m\u0259tbuat\u0131nda geni\u015f m\u00fczakir\u0259 olundu. Bu, bir s\u0131ra amill\u0259r v\u0259 ilk n\u00f6vb\u0259d\u0259 \u00fcmumi regional t\u0259hl\u00fck\u0259sizlik m\u0259s\u0259l\u0259l\u0259ri kimi, \u0259lb\u0259tt\u0259 ki, h\u0259m d\u0259 m\u00fczakir\u0259 olunan Qaraba\u011f m\u00fcnaqi\u015f\u0259si bax\u0131m\u0131ndan da m\u00fcmk\u00fcn g\u00f6r\u00fcnm\u00fcr. G\u00f6r\u00fc\u015fd\u0259 bu m\u00f6vzular\u0131n m\u00fczakir\u0259 olunub-olunmad\u0131\u011f\u0131 haqda d\u0259qiq m\u0259lumat yoxdur. \u00c7ox g\u00fcman ki, olunmay\u0131b.\n<\/p>\n<p>\n  T\u0259\u0259cc\u00fcbl\u00fc deyil ki, az\u0259rbaycanl\u0131 ekspertl\u0259rin, siyas\u0259t\u00e7il\u0259rin v\u0259 jurnalistl\u0259rin \u0259ks\u0259riyy\u0259ti Bak\u0131n\u0131n KTMT-y\u0259 qo\u015fulmas\u0131na qar\u015f\u0131 \u00e7\u0131x\u0131blar. Az\u0259rbaycanla ill\u0259rdir m\u00fcnaqi\u015f\u0259 i\u00e7\u0259risind\u0259 olan Erm\u0259nistan\u0131n bu t\u0259\u015fkilat\u0131n \u00fczv\u00fc oldu\u011funu n\u0259z\u0259r\u0259 ald\u0131qda, bu nec\u0259 m\u00fcmk\u00fcn ola bil\u0259r? Ekspertl\u0259rin \u0259ks\u0259riyy\u0259ti raz\u0131la\u015f\u0131r ki, KTMT haqq\u0131nda s\u00f6hb\u0259tl\u0259r, \u0259n az\u0131ndan indiki m\u0259rh\u0259l\u0259d\u0259, Yerevana t\u0259zyiq vasit\u0259l\u0259rind\u0259n biridir. X\u00fcsusil\u0259 d\u0259 Erm\u0259nistan\u0131n yeni r\u0259hb\u0259rliyind\u0259 KTMT olmadan da ya\u015faya bil\u0259c\u0259kl\u0259rini dey\u0259n s\u0259sl\u0259r ucald\u0131\u011f\u0131 bir vaxtda. Qeyd etm\u0259k laz\u0131md\u0131r ki, Rusiya h\u0259mi\u015f\u0259 Az\u0259rbaycanla ikit\u0259r\u0259fli m\u00fcnasib\u0259tl\u0259ri Da\u011fl\u0131q Qaraba\u011f m\u00fcnaqi\u015f\u0259sinin h\u0259lli m\u0259s\u0259l\u0259sind\u0259n uzaq tutma\u011fa \u00e7al\u0131\u015f\u0131b. Bak\u0131 is\u0259 tam t\u0259rsin\u0259, dig\u0259r \u00f6lk\u0259l\u0259rl\u0259 m\u00fcnasib\u0259tini g\u00f6zd\u0259n ke\u00e7ir\u0259rk\u0259n xarici siyas\u0259tini m\u00fcnaqi\u015f\u0259 prizmas\u0131ndan qurur. Ehtimal etm\u0259k olar ki, Bak\u0131da naraz\u0131l\u0131qla qar\u015f\u0131lanan \u201c\u00dcmumrusiya az\u0259rbaycanl\u0131lar\u0131 konqresi\u201dnin Rusiyada ba\u011flanmas\u0131 m\u0259s\u0259l\u0259si g\u00f6r\u00fc\u015fd\u0259 diqq\u0259td\u0259n k\u0259nar qalmay\u0131b.\n<\/p>\n<p>\n  Ayd\u0131nd\u0131r ki, Moskva C\u0259nubi Qafqazda v\u0259ziyy\u0259tin pis\u0259 do\u011fru d\u0259yi\u015f\u0259c\u0259yini hesab edir. V\u0259 yaln\u0131z Qaraba\u011f m\u00fcnaqi\u015f\u0259sin\u0259 g\u00f6r\u0259 d\u0259 yox. G\u00f6r\u00fcn\u0259n odur ki, Erm\u0259nistan\u0131n yeni h\u00f6kum\u0259ti xarici siyas\u0259t prinsipl\u0259ri il\u0259 ba\u011fl\u0131 tam q\u0259rar verm\u0259yib. Bu, Moskvan\u0131n b\u0259y\u0259ndiyi bir \u015fey deyil. Burada, Yerevana i\u015far\u0259 olaraq Kremlin b\u00f6lg\u0259d\u0259 sabitliyin v\u0259 m\u00f6vcud silah balans\u0131n\u0131n d\u0259st\u0259kl\u0259nm\u0259si \u00fc\u00e7\u00fcn yeni yollar axtarma\u011fa ba\u015flaya bil\u0259c\u0259yini dey\u0259n s\u0259sl\u0259r e\u015fidilir. \u0130nsan dilin\u0259 t\u0259rc\u00fcm\u0259 etdikd\u0259, Rusiya m\u0259tbuat\u0131n\u0131n yazd\u0131\u011f\u0131 kimi, \u0259g\u0259r Kreml hesab ets\u0259 ki, \u201cAmerikan\u0131n qulaqlar\u0131 g\u00f6rs\u0259n\u0259n erm\u0259ni maydan\u0131\u201d Rusiya maraqlar\u0131na ziddir, bu, Rusiya-Az\u0259rbaycan m\u00fcnasib\u0259tl\u0259rind\u0259 yeni bir strategiya yaranmas\u0131n\u0131n m\u00fcmk\u00fcn olmas\u0131 m\u0259nas\u0131na g\u0259lir. Jurnalistl\u0259rl\u0259 g\u00f6r\u00fc\u015fd\u0259 Rusiya il\u0259 5 milyard dollarl\u0131q ikit\u0259r\u0259fli h\u0259rbi-texniki sazi\u015f bo\u015f yer\u0259 qeyd olunmad\u0131. Bundan \u0259lav\u0259, So\u00e7id\u0259n iki g\u00fcn sonra Q\u0131r\u011f\u0131z\u0131stan\u0131n \u00c7olpon-Ata \u015f\u0259h\u0259rind\u0259 T\u00fcrkdilli d\u00f6vl\u0259tl\u0259rin \u018fm\u0259kda\u015fl\u0131q \u015euras\u0131n\u0131n g\u00f6r\u00fc\u015f\u00fcnd\u0259 \u0130lham \u018fliyev Qaraba\u011f m\u0259s\u0259l\u0259sind\u0259 t\u00fcrkdilli \u00f6lk\u0259l\u0259rin d\u0259st\u0259yin\u0259 \u00fcmid etdiyini bildirib. Do\u011frudur, t\u00fcrkdilli d\u00f6vl\u0259tl\u0259rin ba\u015f\u00e7\u0131lar\u0131n\u0131n zirv\u0259si h\u0259r hans\u0131 m\u00fcqavil\u0259l\u0259rin ba\u011fland\u0131\u011f\u0131, b\u00f6y\u00fck layih\u0259l\u0259rin planla\u015fd\u0131r\u0131ld\u0131\u011f\u0131 v\u0259 ya \u00fc\u00e7\u00fcnc\u00fc \u00f6lk\u0259l\u0259r\u0259 qar\u015f\u0131 h\u0259rbi bloklar\u0131n yarad\u0131ld\u0131\u011f\u0131 g\u00f6r\u00fc\u015f deyil. \u00dcst\u0259lik, sammit i\u015ftirak\u00e7\u0131lar\u0131ndan T\u00fcrkiy\u0259 &#8211; NATO, Qazax\u0131stan v\u0259 Q\u0131r\u011f\u0131z\u0131stan &#8211; KTMT-y\u0259 daxildir.<br \/>\n  <b><\/b><br \/>\n  Ancaq \u015f\u00fcbh\u0259 yoxdur ki, Yerevan bu x\u0259b\u0259rl\u0259ri diqq\u0259td\u0259n k\u0259narda qoymayacaq, x\u00fcsusil\u0259 d\u0259 sammit ke\u00e7iril\u0259n g\u00fcn Konya \u015f\u0259h\u0259rind\u0259ki hava liman\u0131nda \u201cTurAz \u015eahini &#8211; 2018\u201d birg\u0259 h\u0259rbi t\u0259liml\u0259rini d\u0259 n\u0259z\u0259r\u0259 ald\u0131qda. Yeri g\u0259lmi\u015fk\u0259n, T\u00fcrkdilli d\u00f6vl\u0259tl\u0259rin \u018fm\u0259kda\u015fl\u0131q \u015euras\u0131n\u0131n n\u00f6vb\u0259ti zirv\u0259 g\u00f6r\u00fc\u015f\u00fc 2019-cu ild\u0259 Bak\u0131da ke\u00e7iril\u0259c\u0259k.\n<\/p>\n<p>\n  D\u0259qiq m\u0259lumat yoxdur, amma \u00e7ox g\u00fcman ki, toplant\u0131da Az\u0259rbaycan\u0131n \u0259n yax\u0131n m\u00fctt\u0259fiqi &#8211; d\u00f6vl\u0259tl\u0259raras\u0131 ticar\u0259td\u0259 \u201cqeyri-dollar \u0259m\u0259liyyatlar\u0131\u201dndan istifad\u0259 etm\u0259yi t\u0259klif ed\u0259n &#8211; T\u00fcrkiy\u0259nin t\u0259\u015f\u0259bb\u00fcs\u00fc d\u0259 m\u00fczakir\u0259 olunub. Ankara bu ilin \u0259vv\u0259lind\u0259n etibar\u0259n d\u0259y\u0259rinin 40% -d\u0259n \u00e7oxunu itir\u0259n milli valyuta m\u0259z\u0259nn\u0259sinin azalmas\u0131n\u0131 AB\u015e-\u0131n T\u00fcrkiy\u0259d\u0259n polad idxal\u0131 vergil\u0259rini 25%-d\u0259n 50%-\u0259, al\u00fcminiuma olan vergil\u0259ri is\u0259 10%-d\u0259n 20%-\u0259 q\u0259d\u0259r art\u0131rmas\u0131yla \u0259laq\u0259l\u0259ndirir. T\u00fcrkiy\u0259 prezidenti R\u0259c\u0259p Tayyip \u018frdo\u011fan daha \u0259vv\u0259l bildirib ki, T\u00fcrkiy\u0259 il\u0259 Rusiya aras\u0131nda qar\u015f\u0131l\u0131ql\u0131 ticari \u0259laq\u0259l\u0259r \u00fc\u00e7\u00fcn milli valyutalar\u0131 istifad\u0259 etm\u0259k bar\u0259d\u0259 dan\u0131\u015f\u0131qlar apar\u0131l\u0131r v\u0259 bununla o, ticar\u0259td\u0259 dollar\u0131n monopoliyas\u0131na son qoymaq niyy\u0259tind\u0259dir.\n<\/p>\n<p>\n  Rusiya v\u0259 Az\u0259rbaycan r\u0259hb\u0259rl\u0259rinin n\u00f6vb\u0259d\u0259nk\u0259nar g\u00f6r\u00fc\u015f\u00fcn\u00fc t\u0259hlil etdikd\u0259 bu n\u0259tic\u0259y\u0259 g\u0259lm\u0259k olar ki, Moskva Qafqazda t\u0259hl\u00fck\u0259sizlik v\u0259 sabitlik probleml\u0259rin\u0259 daha \u00e7ox diqq\u0259t g\u00f6st\u0259rm\u0259y\u0259 ba\u015flay\u0131b v\u0259 yax\u0131n vaxtlarda onun s\u0259yl\u0259ri Yax\u0131n \u015e\u0259rq m\u00fcnaqi\u015f\u0259l\u0259rinin C\u0259nubi Qafqaza yay\u0131lmas\u0131n\u0131n qar\u015f\u0131s\u0131n\u0131n al\u0131nmas\u0131na y\u00f6n\u0259ldil\u0259c\u0259k. Bunun \u00fc\u00e7\u00fcn d\u0259, ayd\u0131n m\u0259s\u0259l\u0259dir ki, k\u0259skin siyas\u0259tin h\u0259yata ke\u00e7irilm\u0259si planla\u015fd\u0131r\u0131l\u0131r.<br \/>\n  <b><\/b><br \/>\n  \u00a0Bu bax\u0131mdan, Moskvan\u0131n m\u00fcxt\u0259lif sah\u0259l\u0259rd\u0259 Bak\u0131 il\u0259 m\u00fcnasib\u0259tl\u0259ri m\u00f6hk\u0259ml\u0259ndirm\u0259k v\u0259 siyasi \u0259laq\u0259l\u0259ri f\u0259alla\u015fd\u0131rmaq ist\u0259yi m\u0259ntiqli g\u00f6r\u00fcn\u00fcr. X\u00fcsusil\u0259 d\u0259 n\u0259z\u0259r\u0259 alsaq ki, Yax\u0131n \u015e\u0259rqd\u0259 f\u0259aliyy\u0259t g\u00f6st\u0259r\u0259n \u0130\u015e\u0130D, b\u00fct\u00f6vl\u00fckd\u0259 olmasa da, \u0259n az\u0131ndan qism\u0259n Suriyadan C\u0259nubi Qafqaza v\u0259 m\u00fcs\u0259lman Az\u0259rbaycana \u201cax\u0131n\u201d ed\u0259 bil\u0259r. Bu, Rusiyan\u0131n milli t\u0259hl\u00fck\u0259sizliyin\u0259 t\u0259hl\u00fck\u0259 t\u00f6r\u0259d\u0259c\u0259k, \u201c\u015eimal-C\u0259nub\u201d n\u0259qliyyat d\u0259hlizi v\u0259 X\u0259z\u0259r karbohidrogenl\u0259rinin inki\u015faf\u0131 v\u0259 n\u0259qli kimi layih\u0259l\u0259rin h\u0259yata ke\u00e7irilm\u0259sini sual alt\u0131nda qoyacaq. \u018flb\u0259tt\u0259 ki, x\u0259rit\u0259d\u0259 sonsuz sayda boru x\u0259tti mar\u015frutlar\u0131n\u0131 d\u00fc\u015f\u00fcnm\u0259k v\u0259 \u00e7\u0259km\u0259k m\u00fcmk\u00fcnd\u00fcr, amma d\u0259mir qayda l\u0259\u011fv edilm\u0259y\u0259c\u0259k &#8211; he\u00e7 kim silahl\u0131 m\u00fcnaqi\u015f\u0259nin c\u00fcc\u0259rdiyi v\u0259 ya art\u0131q oldu\u011fu regiona s\u0259rmay\u0259 qoymayacaq.\n<\/p>\n<p>\n  Ba\u015fl\u0131ca problem Kremlin \u0259sas strateji m\u00fctt\u0259fiqi olan Erm\u0259nistan v\u0259 Az\u0259rbaycan aras\u0131ndak\u0131 m\u00fcnasib\u0259tl\u0259rin nec\u0259 h\u0259ll olunmas\u0131d\u0131r, \u00e7\u00fcnki birincinin t\u0259hl\u00fck\u0259sizliyi daha \u00e7ox Rusiyadan as\u0131l\u0131d\u0131r. Az\u0259rbaycanla m\u00fcnaqi\u015f\u0259 il\u0259 yana\u015f\u0131, Erm\u0259nistan\u0131n Q\u0259rb \u00f6lk\u0259l\u0259ri il\u0259 m\u00fcnasib\u0259tl\u0259rind\u0259 probleml\u0259ri olan v\u0259 Rusiyayla \u0259m\u0259kda\u015fl\u0131q etm\u0259y\u0259 \u00e7al\u0131\u015fan qon\u015fu T\u00fcrkiy\u0259 il\u0259 d\u0259 konflikt i\u00e7\u0259risind\u0259dir. B\u0259lk\u0259 d\u0259 vaxt\u0131ndan \u0259vv\u0259l b\u0259zi ekspertl\u0259r bu m\u0259s\u0259l\u0259l\u0259rin Az\u0259rbaycan\u0131 Qafqazda Rusiyan\u0131n \u0259sas t\u0259r\u0259fda\u015f\u0131 m\u00f6vqeyin\u0259 sala bil\u0259c\u0259yin\u0259 inan\u0131rlar. Ancaq Rusiya diplomatiyas\u0131 b\u00fct\u00fcn b\u00f6lg\u0259nin geosiyasi m\u0259nz\u0259r\u0259sini d\u0259yi\u015fdirm\u0259y\u0259 nail ola bil\u0259c\u0259kmi &#8211; bu sual cavabs\u0131z qal\u0131r. H\u0259r halda bu istiqam\u0259td\u0259 c\u0259hdl\u0259rin olaca\u011f\u0131n\u0131 g\u00f6zl\u0259m\u0259y\u0259 d\u0259y\u0259r. \u0130lham \u018fliyevin d\u0259v\u0259ti il\u0259 Rusiya prezidentinin sentyabr\u0131n ax\u0131rlar\u0131nda Az\u0259rbaycana planla\u015fd\u0131r\u0131lan s\u0259f\u0259ri d\u0259 bundan x\u0259b\u0259r verir. Bundan ba\u015fqa, 27\u201328 sentyabr tarixl\u0259rind\u0259 Vladimir Putin MDB \u00f6lk\u0259l\u0259ri liderl\u0259rinin g\u00f6r\u00fc\u015f\u00fcnd\u0259 i\u015ftirak etm\u0259k \u00fc\u00e7\u00fcn D\u00fc\u015f\u0259nb\u0259y\u0259 s\u0259f\u0259r ed\u0259c\u0259k. Oktyabr ay\u0131nda is\u0259 \u00d6zb\u0259kistana s\u0259f\u0259r planla\u015fd\u0131r\u0131l\u0131b. G\u00f6r\u00fcn\u0259n budur ki, b\u00fct\u00fcn bu s\u0259f\u0259rl\u0259r ancaq C\u0259nub qonaqp\u0259rv\u0259rliyind\u0259n h\u0259zz almaq \u00fc\u00e7\u00fcn planla\u015fd\u0131r\u0131lm\u0131r.<\/p>\n","protected":false},"excerpt":{"rendered":"<p>Az\u0259rbaycan siyasi dair\u0259l\u0259rind\u0259 bu g\u00f6r\u00fc\u015fd\u0259 Az\u0259rbaycan\u0131n Avrasiya \u0130qtisadi Birliyin\u0259 v\u0259 h\u0259tta KTMT-y\u0259 qo\u015fulmas\u0131 perspektivl\u0259rinin d\u0259 m\u00fczakir\u0259 olundu\u011funu d\u00fc\u015f\u00fcn\u00fcrl\u0259r<\/p>\n","protected":false},"author":11,"featured_media":109333,"comment_status":"closed","ping_status":"open","sticky":false,"template":"","format":"standard","meta":{"_acf_changed":false,"_sitemap_exclude":false,"_sitemap_priority":"","_sitemap_frequency":"","footnotes":""},"categories":[57],"tags":[],"class_list":["post-191602","post","type-post","status-publish","format-standard","has-post-thumbnail","hentry","category-menim-fikrimce","infinite-scroll-item","generate-columns","tablet-grid-50","mobile-grid-100","grid-parent","grid-33","no-featured-image-padding"],"acf":[],"yoast_head":"<!-- This site is optimized with the Yoast SEO plugin v27.4 - https:\/\/yoast.com\/product\/yoast-seo-wordpress\/ -->\n<title>So\u00e7i g\u00f6r\u00fc\u015f\u00fc v\u0259 Rusiya-Az\u0259rbaycan m\u00fcnasib\u0259tl\u0259rinin g\u0259l\u0259c\u0259yi - MEYDAN.TV<\/title>\n<meta name=\"robots\" content=\"index, follow, max-snippet:-1, max-image-preview:large, max-video-preview:-1\" \/>\n<link rel=\"canonical\" href=\"https:\/\/www.meydan.tv\/az\/article\/soci-gorusu-ve-rusiya-azerbaycan-munasibetlerinin-geleceyi\/\" \/>\n<meta property=\"og:locale\" content=\"az_AZ\" \/>\n<meta property=\"og:type\" content=\"article\" \/>\n<meta property=\"og:title\" content=\"So\u00e7i g\u00f6r\u00fc\u015f\u00fc v\u0259 Rusiya-Az\u0259rbaycan m\u00fcnasib\u0259tl\u0259rinin g\u0259l\u0259c\u0259yi - MEYDAN.TV\" \/>\n<meta property=\"og:description\" content=\"Az\u0259rbaycan siyasi dair\u0259l\u0259rind\u0259 bu g\u00f6r\u00fc\u015fd\u0259 Az\u0259rbaycan\u0131n Avrasiya \u0130qtisadi Birliyin\u0259 v\u0259 h\u0259tta KTMT-y\u0259 qo\u015fulmas\u0131 perspektivl\u0259rinin d\u0259 m\u00fczakir\u0259 olundu\u011funu d\u00fc\u015f\u00fcn\u00fcrl\u0259r\" \/>\n<meta property=\"og:url\" content=\"https:\/\/www.meydan.tv\/az\/article\/soci-gorusu-ve-rusiya-azerbaycan-munasibetlerinin-geleceyi\/\" \/>\n<meta property=\"og:site_name\" content=\"MEYDAN.TV\" \/>\n<meta property=\"article:published_time\" content=\"2018-09-10T19:08:30+00:00\" \/>\n<meta property=\"og:image\" content=\"https:\/\/www.meydan.tv\/wp-content\/uploads\/43465-1124x821.png\" \/>\n\t<meta property=\"og:image:width\" content=\"1124\" \/>\n\t<meta property=\"og:image:height\" content=\"821\" \/>\n\t<meta property=\"og:image:type\" content=\"image\/png\" \/>\n<meta name=\"author\" content=\"user-manager\" \/>\n<meta name=\"twitter:card\" content=\"summary_large_image\" \/>\n<script type=\"application\/ld+json\" class=\"yoast-schema-graph\">{\"@context\":\"https:\\\/\\\/schema.org\",\"@graph\":[{\"@type\":\"Article\",\"@id\":\"https:\\\/\\\/www.meydan.tv\\\/az\\\/article\\\/soci-gorusu-ve-rusiya-azerbaycan-munasibetlerinin-geleceyi\\\/#article\",\"isPartOf\":{\"@id\":\"https:\\\/\\\/www.meydan.tv\\\/az\\\/article\\\/soci-gorusu-ve-rusiya-azerbaycan-munasibetlerinin-geleceyi\\\/\"},\"author\":{\"name\":\"user-manager\",\"@id\":\"https:\\\/\\\/www.meydan.tv\\\/az\\\/#\\\/schema\\\/person\\\/10d11eccf6da3662cf5fdab9806ea91a\"},\"headline\":\"So\u00e7i g\u00f6r\u00fc\u015f\u00fc v\u0259 Rusiya-Az\u0259rbaycan m\u00fcnasib\u0259tl\u0259rinin g\u0259l\u0259c\u0259yi\",\"datePublished\":\"2018-09-10T19:08:30+00:00\",\"mainEntityOfPage\":{\"@id\":\"https:\\\/\\\/www.meydan.tv\\\/az\\\/article\\\/soci-gorusu-ve-rusiya-azerbaycan-munasibetlerinin-geleceyi\\\/\"},\"wordCount\":1936,\"publisher\":{\"@id\":\"https:\\\/\\\/www.meydan.tv\\\/az\\\/#organization\"},\"image\":{\"@id\":\"https:\\\/\\\/www.meydan.tv\\\/az\\\/article\\\/soci-gorusu-ve-rusiya-azerbaycan-munasibetlerinin-geleceyi\\\/#primaryimage\"},\"thumbnailUrl\":\"https:\\\/\\\/www.meydan.tv\\\/wp-content\\\/uploads\\\/43465.png\",\"articleSection\":[\"M\u0259nim Fikrimc\u0259\"],\"inLanguage\":\"az\"},{\"@type\":\"WebPage\",\"@id\":\"https:\\\/\\\/www.meydan.tv\\\/az\\\/article\\\/soci-gorusu-ve-rusiya-azerbaycan-munasibetlerinin-geleceyi\\\/\",\"url\":\"https:\\\/\\\/www.meydan.tv\\\/az\\\/article\\\/soci-gorusu-ve-rusiya-azerbaycan-munasibetlerinin-geleceyi\\\/\",\"name\":\"So\u00e7i g\u00f6r\u00fc\u015f\u00fc v\u0259 Rusiya-Az\u0259rbaycan m\u00fcnasib\u0259tl\u0259rinin g\u0259l\u0259c\u0259yi - MEYDAN.TV\",\"isPartOf\":{\"@id\":\"https:\\\/\\\/www.meydan.tv\\\/az\\\/#website\"},\"primaryImageOfPage\":{\"@id\":\"https:\\\/\\\/www.meydan.tv\\\/az\\\/article\\\/soci-gorusu-ve-rusiya-azerbaycan-munasibetlerinin-geleceyi\\\/#primaryimage\"},\"image\":{\"@id\":\"https:\\\/\\\/www.meydan.tv\\\/az\\\/article\\\/soci-gorusu-ve-rusiya-azerbaycan-munasibetlerinin-geleceyi\\\/#primaryimage\"},\"thumbnailUrl\":\"https:\\\/\\\/www.meydan.tv\\\/wp-content\\\/uploads\\\/43465.png\",\"datePublished\":\"2018-09-10T19:08:30+00:00\",\"breadcrumb\":{\"@id\":\"https:\\\/\\\/www.meydan.tv\\\/az\\\/article\\\/soci-gorusu-ve-rusiya-azerbaycan-munasibetlerinin-geleceyi\\\/#breadcrumb\"},\"inLanguage\":\"az\",\"potentialAction\":[{\"@type\":\"ReadAction\",\"target\":[\"https:\\\/\\\/www.meydan.tv\\\/az\\\/article\\\/soci-gorusu-ve-rusiya-azerbaycan-munasibetlerinin-geleceyi\\\/\"]}]},{\"@type\":\"ImageObject\",\"inLanguage\":\"az\",\"@id\":\"https:\\\/\\\/www.meydan.tv\\\/az\\\/article\\\/soci-gorusu-ve-rusiya-azerbaycan-munasibetlerinin-geleceyi\\\/#primaryimage\",\"url\":\"https:\\\/\\\/www.meydan.tv\\\/wp-content\\\/uploads\\\/43465.png\",\"contentUrl\":\"https:\\\/\\\/www.meydan.tv\\\/wp-content\\\/uploads\\\/43465.png\",\"width\":1366,\"height\":998,\"caption\":\"Source:\"},{\"@type\":\"BreadcrumbList\",\"@id\":\"https:\\\/\\\/www.meydan.tv\\\/az\\\/article\\\/soci-gorusu-ve-rusiya-azerbaycan-munasibetlerinin-geleceyi\\\/#breadcrumb\",\"itemListElement\":[{\"@type\":\"ListItem\",\"position\":1,\"name\":\"Ana s\u0259hif\u0259\",\"item\":\"https:\\\/\\\/www.meydan.tv\\\/az\\\/\"},{\"@type\":\"ListItem\",\"position\":2,\"name\":\"M\u0259nim Fikrimc\u0259\",\"item\":\"https:\\\/\\\/www.meydan.tv\\\/az\\\/section\\\/menim-fikrimce\\\/\"},{\"@type\":\"ListItem\",\"position\":3,\"name\":\"So\u00e7i g\u00f6r\u00fc\u015f\u00fc v\u0259 Rusiya-Az\u0259rbaycan m\u00fcnasib\u0259tl\u0259rinin g\u0259l\u0259c\u0259yi\"}]},{\"@type\":\"WebSite\",\"@id\":\"https:\\\/\\\/www.meydan.tv\\\/az\\\/#website\",\"url\":\"https:\\\/\\\/www.meydan.tv\\\/az\\\/\",\"name\":\"MEYDAN.TV\",\"description\":\"Meydan TV Az\u0259rbaycan\u0131n media m\u0259kan\u0131ndak\u0131 alternativ s\u0259sidir\",\"publisher\":{\"@id\":\"https:\\\/\\\/www.meydan.tv\\\/az\\\/#organization\"},\"potentialAction\":[{\"@type\":\"SearchAction\",\"target\":{\"@type\":\"EntryPoint\",\"urlTemplate\":\"https:\\\/\\\/www.meydan.tv\\\/az\\\/?s={search_term_string}\"},\"query-input\":{\"@type\":\"PropertyValueSpecification\",\"valueRequired\":true,\"valueName\":\"search_term_string\"}}],\"inLanguage\":\"az\"},{\"@type\":\"Organization\",\"@id\":\"https:\\\/\\\/www.meydan.tv\\\/az\\\/#organization\",\"name\":\"Meydan TV\",\"url\":\"https:\\\/\\\/www.meydan.tv\\\/az\\\/\",\"logo\":{\"@type\":\"ImageObject\",\"inLanguage\":\"az\",\"@id\":\"https:\\\/\\\/www.meydan.tv\\\/az\\\/#\\\/schema\\\/logo\\\/image\\\/\",\"url\":\"https:\\\/\\\/www.meydan.tv\\\/wp-content\\\/uploads\\\/2021\\\/07\\\/meydan-logo.svg\",\"contentUrl\":\"https:\\\/\\\/www.meydan.tv\\\/wp-content\\\/uploads\\\/2021\\\/07\\\/meydan-logo.svg\",\"width\":195,\"height\":46,\"caption\":\"Meydan TV\"},\"image\":{\"@id\":\"https:\\\/\\\/www.meydan.tv\\\/az\\\/#\\\/schema\\\/logo\\\/image\\\/\"}},{\"@type\":\"Person\",\"@id\":\"https:\\\/\\\/www.meydan.tv\\\/az\\\/#\\\/schema\\\/person\\\/10d11eccf6da3662cf5fdab9806ea91a\",\"name\":\"user-manager\"}]}<\/script>\n<!-- \/ Yoast SEO plugin. -->","yoast_head_json":{"title":"So\u00e7i g\u00f6r\u00fc\u015f\u00fc v\u0259 Rusiya-Az\u0259rbaycan m\u00fcnasib\u0259tl\u0259rinin g\u0259l\u0259c\u0259yi - MEYDAN.TV","robots":{"index":"index","follow":"follow","max-snippet":"max-snippet:-1","max-image-preview":"max-image-preview:large","max-video-preview":"max-video-preview:-1"},"canonical":"https:\/\/www.meydan.tv\/az\/article\/soci-gorusu-ve-rusiya-azerbaycan-munasibetlerinin-geleceyi\/","og_locale":"az_AZ","og_type":"article","og_title":"So\u00e7i g\u00f6r\u00fc\u015f\u00fc v\u0259 Rusiya-Az\u0259rbaycan m\u00fcnasib\u0259tl\u0259rinin g\u0259l\u0259c\u0259yi - MEYDAN.TV","og_description":"Az\u0259rbaycan siyasi dair\u0259l\u0259rind\u0259 bu g\u00f6r\u00fc\u015fd\u0259 Az\u0259rbaycan\u0131n Avrasiya \u0130qtisadi Birliyin\u0259 v\u0259 h\u0259tta KTMT-y\u0259 qo\u015fulmas\u0131 perspektivl\u0259rinin d\u0259 m\u00fczakir\u0259 olundu\u011funu d\u00fc\u015f\u00fcn\u00fcrl\u0259r","og_url":"https:\/\/www.meydan.tv\/az\/article\/soci-gorusu-ve-rusiya-azerbaycan-munasibetlerinin-geleceyi\/","og_site_name":"MEYDAN.TV","article_published_time":"2018-09-10T19:08:30+00:00","og_image":[{"width":1124,"height":821,"url":"https:\/\/www.meydan.tv\/wp-content\/uploads\/43465-1124x821.png","type":"image\/png"}],"author":"user-manager","twitter_card":"summary_large_image","schema":{"@context":"https:\/\/schema.org","@graph":[{"@type":"Article","@id":"https:\/\/www.meydan.tv\/az\/article\/soci-gorusu-ve-rusiya-azerbaycan-munasibetlerinin-geleceyi\/#article","isPartOf":{"@id":"https:\/\/www.meydan.tv\/az\/article\/soci-gorusu-ve-rusiya-azerbaycan-munasibetlerinin-geleceyi\/"},"author":{"name":"user-manager","@id":"https:\/\/www.meydan.tv\/az\/#\/schema\/person\/10d11eccf6da3662cf5fdab9806ea91a"},"headline":"So\u00e7i g\u00f6r\u00fc\u015f\u00fc v\u0259 Rusiya-Az\u0259rbaycan m\u00fcnasib\u0259tl\u0259rinin g\u0259l\u0259c\u0259yi","datePublished":"2018-09-10T19:08:30+00:00","mainEntityOfPage":{"@id":"https:\/\/www.meydan.tv\/az\/article\/soci-gorusu-ve-rusiya-azerbaycan-munasibetlerinin-geleceyi\/"},"wordCount":1936,"publisher":{"@id":"https:\/\/www.meydan.tv\/az\/#organization"},"image":{"@id":"https:\/\/www.meydan.tv\/az\/article\/soci-gorusu-ve-rusiya-azerbaycan-munasibetlerinin-geleceyi\/#primaryimage"},"thumbnailUrl":"https:\/\/www.meydan.tv\/wp-content\/uploads\/43465.png","articleSection":["M\u0259nim Fikrimc\u0259"],"inLanguage":"az"},{"@type":"WebPage","@id":"https:\/\/www.meydan.tv\/az\/article\/soci-gorusu-ve-rusiya-azerbaycan-munasibetlerinin-geleceyi\/","url":"https:\/\/www.meydan.tv\/az\/article\/soci-gorusu-ve-rusiya-azerbaycan-munasibetlerinin-geleceyi\/","name":"So\u00e7i g\u00f6r\u00fc\u015f\u00fc v\u0259 Rusiya-Az\u0259rbaycan m\u00fcnasib\u0259tl\u0259rinin g\u0259l\u0259c\u0259yi - MEYDAN.TV","isPartOf":{"@id":"https:\/\/www.meydan.tv\/az\/#website"},"primaryImageOfPage":{"@id":"https:\/\/www.meydan.tv\/az\/article\/soci-gorusu-ve-rusiya-azerbaycan-munasibetlerinin-geleceyi\/#primaryimage"},"image":{"@id":"https:\/\/www.meydan.tv\/az\/article\/soci-gorusu-ve-rusiya-azerbaycan-munasibetlerinin-geleceyi\/#primaryimage"},"thumbnailUrl":"https:\/\/www.meydan.tv\/wp-content\/uploads\/43465.png","datePublished":"2018-09-10T19:08:30+00:00","breadcrumb":{"@id":"https:\/\/www.meydan.tv\/az\/article\/soci-gorusu-ve-rusiya-azerbaycan-munasibetlerinin-geleceyi\/#breadcrumb"},"inLanguage":"az","potentialAction":[{"@type":"ReadAction","target":["https:\/\/www.meydan.tv\/az\/article\/soci-gorusu-ve-rusiya-azerbaycan-munasibetlerinin-geleceyi\/"]}]},{"@type":"ImageObject","inLanguage":"az","@id":"https:\/\/www.meydan.tv\/az\/article\/soci-gorusu-ve-rusiya-azerbaycan-munasibetlerinin-geleceyi\/#primaryimage","url":"https:\/\/www.meydan.tv\/wp-content\/uploads\/43465.png","contentUrl":"https:\/\/www.meydan.tv\/wp-content\/uploads\/43465.png","width":1366,"height":998,"caption":"Source:"},{"@type":"BreadcrumbList","@id":"https:\/\/www.meydan.tv\/az\/article\/soci-gorusu-ve-rusiya-azerbaycan-munasibetlerinin-geleceyi\/#breadcrumb","itemListElement":[{"@type":"ListItem","position":1,"name":"Ana s\u0259hif\u0259","item":"https:\/\/www.meydan.tv\/az\/"},{"@type":"ListItem","position":2,"name":"M\u0259nim Fikrimc\u0259","item":"https:\/\/www.meydan.tv\/az\/section\/menim-fikrimce\/"},{"@type":"ListItem","position":3,"name":"So\u00e7i g\u00f6r\u00fc\u015f\u00fc v\u0259 Rusiya-Az\u0259rbaycan m\u00fcnasib\u0259tl\u0259rinin g\u0259l\u0259c\u0259yi"}]},{"@type":"WebSite","@id":"https:\/\/www.meydan.tv\/az\/#website","url":"https:\/\/www.meydan.tv\/az\/","name":"MEYDAN.TV","description":"Meydan TV Az\u0259rbaycan\u0131n media m\u0259kan\u0131ndak\u0131 alternativ s\u0259sidir","publisher":{"@id":"https:\/\/www.meydan.tv\/az\/#organization"},"potentialAction":[{"@type":"SearchAction","target":{"@type":"EntryPoint","urlTemplate":"https:\/\/www.meydan.tv\/az\/?s={search_term_string}"},"query-input":{"@type":"PropertyValueSpecification","valueRequired":true,"valueName":"search_term_string"}}],"inLanguage":"az"},{"@type":"Organization","@id":"https:\/\/www.meydan.tv\/az\/#organization","name":"Meydan TV","url":"https:\/\/www.meydan.tv\/az\/","logo":{"@type":"ImageObject","inLanguage":"az","@id":"https:\/\/www.meydan.tv\/az\/#\/schema\/logo\/image\/","url":"https:\/\/www.meydan.tv\/wp-content\/uploads\/2021\/07\/meydan-logo.svg","contentUrl":"https:\/\/www.meydan.tv\/wp-content\/uploads\/2021\/07\/meydan-logo.svg","width":195,"height":46,"caption":"Meydan TV"},"image":{"@id":"https:\/\/www.meydan.tv\/az\/#\/schema\/logo\/image\/"}},{"@type":"Person","@id":"https:\/\/www.meydan.tv\/az\/#\/schema\/person\/10d11eccf6da3662cf5fdab9806ea91a","name":"user-manager"}]}},"_links":{"self":[{"href":"https:\/\/www.meydan.tv\/az\/wp-json\/wp\/v2\/posts\/191602","targetHints":{"allow":["GET"]}}],"collection":[{"href":"https:\/\/www.meydan.tv\/az\/wp-json\/wp\/v2\/posts"}],"about":[{"href":"https:\/\/www.meydan.tv\/az\/wp-json\/wp\/v2\/types\/post"}],"author":[{"embeddable":true,"href":"https:\/\/www.meydan.tv\/az\/wp-json\/wp\/v2\/users\/11"}],"replies":[{"embeddable":true,"href":"https:\/\/www.meydan.tv\/az\/wp-json\/wp\/v2\/comments?post=191602"}],"version-history":[{"count":0,"href":"https:\/\/www.meydan.tv\/az\/wp-json\/wp\/v2\/posts\/191602\/revisions"}],"wp:featuredmedia":[{"embeddable":true,"href":"https:\/\/www.meydan.tv\/az\/wp-json\/wp\/v2\/media\/109333"}],"wp:attachment":[{"href":"https:\/\/www.meydan.tv\/az\/wp-json\/wp\/v2\/media?parent=191602"}],"wp:term":[{"taxonomy":"category","embeddable":true,"href":"https:\/\/www.meydan.tv\/az\/wp-json\/wp\/v2\/categories?post=191602"},{"taxonomy":"post_tag","embeddable":true,"href":"https:\/\/www.meydan.tv\/az\/wp-json\/wp\/v2\/tags?post=191602"}],"curies":[{"name":"wp","href":"https:\/\/api.w.org\/{rel}","templated":true}]}}