{"id":191592,"date":"2018-09-09T17:06:22","date_gmt":"2018-09-09T17:06:22","guid":{"rendered":"https:\/\/www.meydan.tv\/article\/bern-mocuzesi\/"},"modified":"2018-09-09T17:06:22","modified_gmt":"2018-09-09T17:06:22","slug":"bern-mocuzesi","status":"publish","type":"post","link":"https:\/\/www.meydan.tv\/az\/article\/bern-mocuzesi\/","title":{"rendered":"Bern m\u00f6c\u00fcz\u0259si"},"content":{"rendered":"<figure class=\"wp-block-image size-large\">\n  <img decoding=\"async\" src=\"https:\/\/www.meydan.tv\/az\/109288\/\" alt=\"\" class=\"wp-image-109288\"\/><figcaption><\/figcaption><\/figure>\n<p>\n  1954-c\u00fc il. \u0130kinci cahan sava\u015f\u0131nda Almaniyan\u0131n d\u0259h\u015f\u0259tli m\u0259\u011flubiyy\u0259tind\u0259n c\u0259mi 9 il \u00f6t\u00fcb. \u00d6lk\u0259 d\u00f6rd qalib d\u00f6vl\u0259t t\u0259r\u0259find\u0259n i\u015f\u011fal zonalar\u0131na b\u00f6l\u00fcn\u00fcb. 1949-cu ild\u0259 Almaniya r\u0259sm\u0259n iki d\u00f6vl\u0259t\u0259 &#8211; \u00fc\u00e7 Q\u0259rb d\u00f6vl\u0259tinin i\u015f\u011fal zonalar\u0131ndan ibar\u0259t Almaniya Federativ Respublikas\u0131na (Q\u0259rbi Almaniya) v\u0259 sovet i\u015f\u011fal zonas\u0131ndan ibar\u0259t Almaniya Demokratik Respublikas\u0131na b\u00f6l\u00fcn\u00fcr.\n<\/p>\n<p>\n  \u00d6lk\u0259nin \u0259razic\u0259 ki\u00e7ik, lakin da\u015f k\u00f6m\u00fcr ehtiyat\u0131na g\u00f6r\u0259 iqtisadi \u0259h\u0259miyy\u0259ti b\u00f6y\u00fck olan Saar vilay\u0259ti h\u0259l\u0259 Fransan\u0131n protektorat\u0131 alt\u0131ndad\u0131r v\u0259 g\u0259l\u0259c\u0259yi qeyri-m\u00fc\u0259yy\u0259ndir. \u015e\u0259h\u0259rl\u0259r v\u0259 k\u0259ndl\u0259r xarabal\u0131qlardan ibar\u0259tdir; b\u0259zi proqnozlara g\u00f6r\u0259 t\u0259kc\u0259 da\u011f\u0131nt\u0131lar\u0131n t\u0259mizl\u0259nm\u0259sin\u0259 30 il vaxt laz\u0131md\u0131r.\n<\/p>\n<p>\n  Bir xalq\u0131n v\u0259 d\u00f6vl\u0259tin m\u0259ruz qala bil\u0259c\u0259yi \u0259n a\u011f\u0131r m\u0259\u011flubiyy\u0259ti ya\u015fayan almanlarda natamaml\u0131q v\u0259 u\u011fursuzluq kompleksi yaran\u0131b. Onlar\u0131n bu v\u0259ziyy\u0259td\u0259n nec\u0259 v\u0259 n\u0259 vaxt \u00e7\u0131xa bil\u0259c\u0259kl\u0259ri, \u00fcmumiyy\u0259tl\u0259, \u00e7\u0131xa bil\u0259c\u0259kl\u0259ri sual alt\u0131ndad\u0131r. Lakin bu zaman tamamil\u0259 g\u00f6zl\u0259nilm\u0259z sah\u0259d\u0259 el\u0259 bir inan\u0131lmaz hadis\u0259 ba\u015f verir ki, almanlar\u0131 bir mill\u0259t olaraq yenid\u0259n aya\u011fa qald\u0131r\u0131r: Almaniya Federativ Respublikas\u0131n\u0131n futbol \u00fczr\u0259 milli komandas\u0131 d\u00fcnya \u00e7empionu ad\u0131n\u0131 qazan\u0131r.\n<\/p>\n<p>\n  ***\n<\/p>\n<p>\n  \u0130sve\u00e7r\u0259d\u0259 ke\u00e7iril\u0259n sayca be\u015finci d\u00fcnya \u00e7empionat\u0131n\u0131n \u0259sas favoriti Macar\u0131stan millisi say\u0131l\u0131rd\u0131. 1949-cu ild\u0259n komandaya r\u0259hb\u0259rlik ed\u0259n Qustav \u015eebe\u015fin yetirm\u0259l\u0259ri 1950-ci ild\u0259n etibar\u0259n he\u00e7 bir oyunda m\u0259\u011flub olmurdular. \u0130lk n\u00f6vb\u0259d\u0259 komanda oyunu il\u0259 se\u00e7il\u0259n Macar\u0131stan millisinin b\u00fct\u00fcn x\u0259tl\u0259rind\u0259 ulduz futbol\u00e7ular \u00e7\u0131x\u0131\u015f edirdi. Bununla bel\u0259, Pu\u015fka\u015f, Ko\u00e7i\u015f, \u00c7ibor, Hideqkuti kimi futbol\u00e7ular\u0131n oynad\u0131\u011f\u0131 h\u00fccum x\u0259tti x\u00fcsusil\u0259 g\u00fccl\u00fc idi. El\u0259 t\u0259\u0259ss\u00fcrat yaran\u0131rd\u0131 ki, macarlar ist\u0259nil\u0259n komandaya ist\u0259dikl\u0259ri q\u0259d\u0259r qol vura bil\u0259rl\u0259r.\n<\/p>\n<p>\n  1952-ci ild\u0259 Helsinkid\u0259 ke\u00e7iril\u0259n yay olimpiya oyunlar\u0131n\u0131n futbol turnirind\u0259 macarlar qas\u0131r\u011fa kimi \u0259s\u0259r\u0259k, qar\u015f\u0131lar\u0131na ke\u00e7\u0259n h\u0259r k\u0259si m\u0259hv etdil\u0259r. Onlar Hindistan\u0131 10:1, \u0130taliyan\u0131 3:0, T\u00fcrkiy\u0259ni 7:1 udaraq yar\u0131mfinala \u00e7\u0131xd\u0131lar. Ba\u015fqa s\u00f6zl\u0259, \u00fc\u00e7 oyun n\u0259ic\u0259sind\u0259 vurulan v\u0259 burax\u0131lan qollar\u0131n f\u0259rqi a\u011flas\u0131\u011fmaz idi, 20-2.\n<\/p>\n<p>\n  Yar\u0131mfinalda macarlar olimpiya \u00e7empionu titulunun sahibi \u0130sve\u00e7 millisi il\u0259 qar\u015f\u0131la\u015fd\u0131lar. He\u00e7 olmasa bu oyunda onlar\u0131n ciddi m\u00fcqavim\u0259tl\u0259 \u00fczl\u0259\u015f\u0259c\u0259kl\u0259rini g\u00f6zl\u0259m\u0259k olard\u0131. Lakin \u015eebe\u015fin yetirm\u0259l\u0259ri h\u0259r hiss\u0259d\u0259 3 qol vuraraq yen\u0259 r\u0259qibl\u0259rini darmada\u011f\u0131n etdil\u0259r 6:0.\n<\/p>\n<p>\n  T\u0259kc\u0259 final oyununda Yuqoslaviya millisi qon\u015fular\u0131na az-\u00e7ox m\u00fcqavim\u0259t g\u00f6st\u0259r\u0259 bildi. Lakin bu da yaln\u0131z 70-ci d\u0259qiq\u0259y\u0259 q\u0259d\u0259r davam etdi. \u018fvv\u0259lc\u0259 Pu\u015fka\u015f, 88-ci d\u0259qiq\u0259d\u0259 is\u0259 \u00c7ibor vurduqlar\u0131 qollarla Macar\u0131stan millisin\u0259 Olimpiadan\u0131n q\u0131z\u0131l medallar\u0131n\u0131 qazand\u0131rd\u0131lar. \u018fminlikl\u0259 s\u00f6yl\u0259m\u0259k olar ki, futbol tarixi n\u0259 \u0259vv\u0259l, n\u0259 d\u0259 sonra, ist\u0259r d\u00fcnya v\u0259 Avropa \u00e7empionatlar\u0131nda, ist\u0259rs\u0259 d\u0259 olimpiya turnirind\u0259 bel\u0259 parlaq, \u0259zici q\u0259l\u0259b\u0259y\u0259 \u015fahid olmay\u0131b.\n<\/p>\n<p>\n  1953-c\u00fc ild\u0259 macarlar daha bir u\u011fura imza atd\u0131lar v\u0259 M\u0259rk\u0259zi Avropa kuboku adlanan turnirin qalibi oldular. Komanda qeyri-r\u0259smi mat\u00e7larda da inaml\u0131 t\u0259sir ba\u011f\u0131\u015flay\u0131rd\u0131. Bu s\u0131rada \u0130ngilt\u0259r\u0259y\u0259 qar\u015f\u0131 ke\u00e7iril\u0259n iki oyun x\u00fcsus\u0259n yaddaqalan oldu.\n<\/p>\n<p>\n  1953-c\u00fc ilin noyabr\u0131nda ingilisl\u0259rin Londonun Uembli stadionunda macarlar\u0131n z\u0259f\u0259r seriyas\u0131n\u0131 k\u0259sm\u0259k arzusu fiaskoya u\u011frad\u0131 3:6. Alt\u0131 ay sonra Budape\u015ftd\u0259 ke\u00e7iril\u0259n revan\u015f mat\u00e7\u0131 is\u0259 daha biab\u0131r\u00e7\u0131 n\u0259tic\u0259 il\u0259 yekunla\u015fd\u0131 &#8211; 1:7. Futbol banil\u0259rini kims\u0259 bel\u0259 al\u00e7ald\u0131c\u0131 m\u0259\u011flubiyy\u0259tl\u0259r\u0259 h\u0259l\u0259 u\u011fratmam\u0131\u015fd\u0131.\n<\/p>\n<p>\n  \u00dcmumiyy\u0259tl\u0259, 1950-ci ilin iyunundan 1954-c\u00fc ilin d\u00fcnya \u00e7empionat\u0131 ba\u015flayana q\u0259d\u0259r macarlar 28 m\u0259\u011flubiyy\u0259tsiz oyun ke\u00e7irdil\u0259r v\u0259 bunlar\u0131n 25-d\u0259 q\u0259l\u0259b\u0259 qazand\u0131lar. Vurulan v\u0259 burax\u0131lan qollar\u0131n f\u0259rqi d\u0259 fantastik idi, 118 &#8211; 25. Macarlar bu seriya \u0259rzind\u0259 h\u0259r oyunda orta hesabla 4,2-d\u0259n art\u0131q qol vurub, 3,3-d\u0259n art\u0131q top f\u0259rqi il\u0259 qalib g\u0259lmi\u015fdil\u0259r. Bel\u0259 t\u0259krarolunmaz n\u0259tic\u0259l\u0259rin\u0259 g\u00f6r\u0259 &#8220;Q\u0131z\u0131l komanda&#8221; ad\u0131n\u0131 alan Macar\u0131stan millisinin d\u00fcnya \u00e7empionat\u0131n\u0131n favoriti olmas\u0131 t\u0259\u0259cc\u00fcbl\u00fc deyildi.\n<\/p>\n<p>\n  Almaniya millisi is\u0259 o zaman x\u00fcsusi u\u011furlar\u0131 il\u0259 \u00f6y\u00fcn\u0259 bilm\u0259zdi. Komandan\u0131n yaln\u0131z 1934-c\u00fc il d\u00fcnya \u00e7empionat\u0131ndak\u0131 b\u00fcr\u00fcnc medal\u0131n\u0131 v\u0259 1952-ci il Olimpiadas\u0131nda tutdu\u011fu d\u00f6rd\u00fcnc\u00fc yeri q\u0259na\u0259tb\u0259x\u015f n\u0259tic\u0259 saymaq olard\u0131.\n<\/p>\n<figure class=\"wp-block-image size-large\">\n  <img decoding=\"async\" src=\"https:\/\/www.meydan.tv\/az\/109291\/\" alt=\"\" class=\"wp-image-109291\"\/><figcaption><\/figcaption><\/figure>\n<p>\n  ***\n<\/p>\n<p>\n  Be\u015finci d\u00fcnya \u00e7empionat\u0131n\u0131n qrup m\u0259rh\u0259l\u0259si o vaxta q\u0259d\u0259r t\u0259tbiq edilm\u0259y\u0259n, ondan sonra da l\u0259\u011fv edil\u0259n qaydalar \u0259sas\u0131nda ke\u00e7irilirdi. H\u0259r qrupdak\u0131 4 komandan\u0131n ikisi &#8220;\u0259l\u0259n\u0259n&#8221;, ikisi is\u0259 &#8220;\u0259l\u0259nm\u0259y\u0259n&#8221; komandalardan ibar\u0259t idi. H\u0259r komanda iki oyun ke\u00e7ir\u0259c\u0259kdi &#8211; \u0259l\u0259n\u0259nl\u0259r yaln\u0131z \u0259l\u0259nm\u0259y\u0259nl\u0259rl\u0259 qar\u015f\u0131 oynayacaqd\u0131lar. \u0130lk iki yeri tutan komandalar 1\/4 finala y\u00fcks\u0259l\u0259c\u0259kdil\u0259r. 2 v\u0259 3-c\u00fc yeri tutan komandalar\u0131n xallar\u0131 b\u0259rab\u0259r olard\u0131sa, onlar aras\u0131nda \u0259lav\u0259 oyun ke\u00e7iril\u0259c\u0259kdi.\n<\/p>\n<p>\n  Almaniyan\u0131n d\u00fc\u015fd\u00fcy\u00fc qrupda \u0259l\u0259nm\u0259y\u0259n komandalar \u00f6z\u00fc v\u0259 C\u0259nubi Koreya idi, \u0259l\u0259n\u0259nl\u0259r is\u0259 Macar\u0131stan v\u0259 T\u00fcrkiy\u0259. Dem\u0259li, almanlar yaln\u0131z son iki komanda il\u0259 oynayacaqd\u0131lar. \u0130lk oyunda almanlar t\u00fcrkl\u0259r\u0259 4:1 hesab\u0131 il\u0259 qalib g\u0259ldil\u0259r, macarlar is\u0259 d\u00fcnya \u00e7empionatlar\u0131nda o vaxta q\u0259d\u0259r g\u00f6r\u00fcnm\u0259y\u0259n f\u0259rql\u0259 koreyal\u0131lar\u0131 darmada\u011f\u0131n etdil\u0259r, 9:0.\n<\/p>\n<p>\n  \u0130kinci turda t\u00fcrkl\u0259r koreyal\u0131larla, almanlar is\u0259 macarlarla qar\u015f\u0131la\u015fd\u0131lar. T\u00fcrkl\u0259r o zaman \u015eimala qar\u015f\u0131 m\u00fcharib\u0259d\u0259 h\u0259rbi yard\u0131m g\u00f6st\u0259rdikl\u0259ri C\u0259nubi Koreya komandas\u0131 il\u0259 he\u00e7 d\u0259 m\u00fctt\u0259fiq kimi davranmad\u0131lar &#8211; 7:0. Almanlar is\u0259 macarlar t\u0259r\u0259find\u0259n darmada\u011f\u0131n edildil\u0259r &#8211; 3:8.\n<\/p>\n<p>\n  Lakin qeyd etm\u0259k laz\u0131md\u0131r ki, Almaniya millisinin m\u0259\u015fq\u00e7isi Zepp Herberger bu oyunda k\u0259l\u0259y\u0259 \u0259l ataraq \u0259sas oyun\u00e7ular\u0131n\u0131n \u0259ks\u0259riyy\u0259tini ehtiyatda saxlam\u0131\u015fd\u0131. T\u00fcrkiy\u0259 il\u0259 ilk oyundak\u0131 hey\u0259td\u0259n yaln\u0131z 4 futbol\u00e7u macarlara qar\u015f\u0131 oynay\u0131rd\u0131. Bu hiyl\u0259d\u0259 \u0259sas m\u0259qs\u0259d almanlar\u0131n h\u0259qiq\u0259td\u0259 olduqlar\u0131ndan daha z\u0259if g\u00f6r\u00fcnt\u00fcs\u00fcn\u00fc yaratmaq idi.\n<\/p>\n<p>\n  Qrup turnirinin yekun n\u0259tic\u0259sin\u0259 g\u00f6r\u0259 Macar\u0131stan komandas\u0131 ilk yeri tutdu. Onlar iki oyunda vurulan v\u0259 burax\u0131lan toplar\u0131n 17-3 kimi saldosuna malik idil\u0259r. \u015eandor Ko\u00e7i\u015f koreyal\u0131lara 3, almanlara is\u0259 4 qol vurmu\u015fdu. H\u0259r\u0259y\u0259 bir q\u0259l\u0259b\u0259si olan t\u00fcrkl\u0259r v\u0259 almanlar is\u0259 \u00f6z aralar\u0131nda S\u00fcrixd\u0259 t\u0259krar oyun ke\u00e7irdil\u0259r. Almaniya g\u00f6zl\u0259nildiyind\u0259n daha asan q\u0259l\u0259b\u0259 (7:2) qazand\u0131 v\u0259 pley-off m\u0259rh\u0259l\u0259sin\u0259 ikinci v\u0259siq\u0259ni t\u0259min etdi.\n<\/p>\n<p>\n  1\/4 finalda Macar\u0131stan\u0131n r\u0259qibi Braziliya millisi idi. Onlar d\u00f6rd il \u00f6nc\u0259 v\u0259t\u0259nl\u0259rind\u0259 ke\u00e7iril\u0259n \u00e7empionatda q\u0131z\u0131l medallar\u0131 son anda \u0259ll\u0259rind\u0259n buraxm\u0131\u015f v\u0259 b\u00fct\u00fcn \u00f6lk\u0259ni mat\u0259m\u0259 q\u0259rq etmi\u015fdil\u0259r. Buna g\u00f6r\u0259 d\u0259 bu d\u0259f\u0259 m\u00fctl\u0259q \u00e7empion olmaq ehtiras\u0131 il\u0259 al\u0131\u015f\u0131b yan\u0131rd\u0131lar. Lakin r\u0259qibin daha y\u00fcks\u0259k ustal\u0131\u011f\u0131 il\u0259 qar\u015f\u0131la\u015fan braziliyal\u0131lar buna yaln\u0131z kobudluqla cavab ver\u0259 bildil\u0259r.\n<\/p>\n<p>\n  D\u00fcnya \u00e7empionatlar\u0131 tarixind\u0259 \u0259n kobud oyun say\u0131lan bu qar\u015f\u0131la\u015fma tarix\u0259 &#8220;Bern d\u00f6y\u00fc\u015f\u00fc&#8221; ad\u0131 il\u0259 d\u00fc\u015fd\u00fc. Braziliyal\u0131lar 65-ci d\u0259qiq\u0259d\u0259 f\u0259rqi minimuma (2:3) endirdikd\u0259n sonra g\u0259rginlik lap artd\u0131. Tezlikl\u0259 oyun\u00e7ular aras\u0131nda k\u00fctl\u0259vi dava d\u00fc\u015fd\u00fc, h\u0259tta meydana polis daxil oldu. Hakim iki braziliyal\u0131n\u0131 v\u0259 bir macar\u0131 meydandan qovdu.\n<\/p>\n<p>\n  4:2 hesab\u0131 il\u0259 bit\u0259n oyundan sonra dava-dala\u015f yenid\u0259n ba\u015flad\u0131 v\u0259 soyunub-geyinm\u0259 otaqlar\u0131na ged\u0259n d\u0259hlizd\u0259 bel\u0259 davam etdi. Art\u0131q texniki hey\u0259t d\u0259 davada i\u015ftirak edirdi. Macarlar\u0131n m\u0259\u015fq\u00e7isi Qustav \u015eebe\u015f ald\u0131\u011f\u0131 sifon z\u0259rb\u0259si n\u0259tic\u0259sind\u0259 sonradan ba\u015f\u0131na 4 tiki\u015f qoyuldu. \u018flind\u0259ki butsa il\u0259 kimis\u0259 vurma\u011fa haz\u0131rla\u015fan braziliyal\u0131 m\u0259\u015fq\u00e7i Zeze Moreyran\u0131n \u015f\u0259kli b\u00fct\u00fcn d\u00fcnyan\u0131n q\u0259zetl\u0259rini b\u0259z\u0259di.\n<\/p>\n<p>\n  Almaniyan\u0131n da r\u0259qibi z\u0259if deyildi. Yuqoslaviya millisi son iki olimpiya oyunlar\u0131n\u0131n g\u00fcm\u00fc\u015f m\u00fckafat\u00e7\u0131s\u0131 idi. \u00d6z\u00fc d\u0259 Helsinki Olimpiadas\u0131n\u0131n yar\u0131mfinal\u0131nda m\u0259hz almanlara qalib g\u0259ldil\u0259r (oxuculara maraql\u0131 ola bil\u0259r, dey\u0259 qeyd edim ki, yuqoslavlar 1956-c\u0131 il Olimpiadas\u0131nda yen\u0259 finalda, bu d\u0259f\u0259 SSR\u0130-y\u0259 uduzdular 0:1; yaln\u0131z 1960-c\u0131 ild\u0259, dalbadal d\u00f6rd\u00fcnc\u00fc olimpiya final\u0131nda Danimarkaya 3:1 hesab\u0131 il\u0259 qalib g\u0259l\u0259r\u0259k \u00e7empionluq murad\u0131na yeti\u015fdil\u0259r).\n<\/p>\n<p>\n  Almaniya-Yuqoslaviya oyunu ikincil\u0259rin \u00fcst\u00fcnl\u00fcy\u00fc il\u0259 ba\u015flad\u0131. Lakin almanlar el\u0259 ilk h\u00fccumlar\u0131nda hesab\u0131 a\u00e7d\u0131lar: yuqoslavlar\u0131n m\u00fcdafi\u0259\u00e7isi topu \u00f6z qap\u0131lar\u0131ndan ke\u00e7irdi. Bundan sonra Balkan futbol\u00e7ular\u0131 says\u0131z-hesabs\u0131z qol v\u0259ziyy\u0259tl\u0259ri yaratd\u0131lar. Almaniya millisinin kapitan\u0131 Frits Valter sonralar bunu &#8220;qap\u0131m\u0131z\u0131n a\u011fz\u0131nda c\u0259h\u0259nn\u0259m&#8221; adland\u0131racaq.\n<\/p>\n<p>\n  Statistikaya g\u00f6r\u0259, alman qap\u0131\u00e7\u0131 Toni Turek 17 d\u0259f\u0259 qap\u0131ya ged\u0259n topun qar\u015f\u0131s\u0131n\u0131 k\u0259sdi. Bir ne\u00e7\u0259 d\u0259f\u0259 is\u0259 bu i\u015fd\u0259 ona m\u00fcdafi\u0259\u00e7il\u0259r k\u00f6m\u0259k oldu. Yuqoslaviya b\u00fct\u00fcn \u00fcst\u00fcnl\u00fcy\u00fcn\u0259 baxmayaraq hesab\u0131 b\u0259rab\u0259rl\u0259\u015fdir\u0259 bilm\u0259di. \u018fv\u0259zind\u0259 Helmut Ran 85-ci d\u0259qiq\u0259d\u0259 almanlar\u0131n ikinci qolunu vuraraq son n\u00f6qt\u0259ni qoydu.\n<\/p>\n<p>\n  Yar\u0131mfinalda macarlar\u0131n r\u0259qibi d\u00fcnya \u00e7empionu titulunu sahibi Uruqvay komandas\u0131 oldu. Almaniya is\u0259 ev sahibi \u0130sve\u00e7r\u0259ni 7:5 hesab\u0131 il\u0259 m\u0259\u011flub ed\u0259r\u0259k yar\u0131mfinala y\u00fcks\u0259l\u0259n Avstriya il\u0259 g\u00f6r\u00fc\u015f\u0259c\u0259kdi. Yeri g\u0259lmi\u015fk\u0259n, be\u015finci d\u00fcnya \u00e7empionat\u0131nda bir s\u0131ra indiy\u0259 q\u0259d\u0259r t\u0259z\u0259l\u0259nm\u0259y\u0259n rekordlar m\u00fc\u0259yy\u0259n edilib. Onlardan biri d\u0259 12 qol vurulan \u0130sve\u00e7r\u0259-Avstriya mat\u00e7\u0131d\u0131r.\n<\/p>\n<p>\n  Uruqvayla oyunda macarlar h\u0259r hiss\u0259nin \u0259vv\u0259lind\u0259 bir qol vuraraq 2:0 hesab\u0131 il\u0259 \u00f6n\u0259 \u00e7\u0131xd\u0131lar. Onlar\u0131n q\u0259l\u0259b\u0259si art\u0131q \u015f\u00fcbh\u0259 do\u011furmurdu. Lakin Uruqvay d\u00fcnya \u00e7empionu ad\u0131n\u0131 nahaq da\u015f\u0131mad\u0131\u011f\u0131n\u0131 s\u00fcbut etdi. Juan Hohberq arxay\u0131nla\u015fan macarlar\u0131n qap\u0131s\u0131na 75 v\u0259 86-c\u0131 d\u0259qiq\u0259l\u0259rd\u0259 iki qol vuraraq hesab\u0131 b\u0259rab\u0259rl\u0259\u015fdirdi. \u0130kinci qoldan sonra komanda yolda\u015flar\u0131 Hohberqin \u00fcz\u0259rin\u0259 el\u0259 at\u0131ld\u0131lar ki, o, hu\u015funu itirdi v\u0259 bir ne\u00e7\u0259 d\u0259qiq\u0259 meydan k\u0259nar\u0131nda tibbi yard\u0131m ald\u0131.\n<\/p>\n<p>\n  Oyunun gedi\u015finin bel\u0259 k\u0259skin d\u0259yi\u015fm\u0259si macarlar\u0131 \u00e7a\u015f-ba\u015f sald\u0131. \u018flav\u0259 vaxtda uruqvayl\u0131lar bir ne\u00e7\u0259 d\u0259f\u0259 f\u0259rql\u0259nm\u0259k imkan\u0131 qazand\u0131lar, Lakin ya qap\u0131\u00e7\u0131, ya \u00f6z qeyri-d\u0259qiqlikl\u0259ri, bir d\u0259f\u0259 is\u0259 qap\u0131 dir\u0259yi mane oldu. Macarlar\u0131 bu d\u0259f\u0259 d\u0259 \u015eandor Ko\u00e7i\u015f xilas etdi. &#8220;Hava kral\u0131&#8221; 111 v\u0259 116-c\u0131 d\u0259qiq\u0259l\u0259rd\u0259 ba\u015f z\u0259rb\u0259l\u0259ri il\u0259 dubl ed\u0259r\u0259k son n\u0259tic\u0259ni m\u00fc\u0259yy\u0259nl\u0259\u015fdirdi &#8211; 4:2.\n<\/p>\n<p>\n  Dig\u0259r yar\u0131mfinalda ilk hiss\u0259 avstriyal\u0131lar\u0131n n\u0259z\u0259r\u0259\u00e7arpacaq \u00fcst\u00fcnl\u00fcy\u00fc il\u0259 ke\u00e7s\u0259 d\u0259 almanlar\u0131n xeyrin\u0259 ba\u015fa \u00e7atd\u0131 1:0. Avstriyal\u0131lar ikinci hiss\u0259d\u0259 d\u00f6n\u00fc\u015f yaratmaq \u0259zmind\u0259 idil\u0259r. Lakin ikinci hiss\u0259 ba\u015flayan kimi (47-ci d\u0259qiq\u0259d\u0259) buraxd\u0131qlar\u0131 daha bir qol onlar\u0131 \u00e7\u00f6kd\u00fcrd\u00fc. Qalan vaxt \u0259rzind\u0259 ciddi m\u00fcqavim\u0259tl\u0259 \u00fczl\u0259\u015fm\u0259y\u0259n almanlar 6:1 hesab\u0131 il\u0259 inaml\u0131 q\u0259l\u0259b\u0259 qazand\u0131lar.\n<\/p>\n<p>\n  Bel\u0259likl\u0259, finalda Macar\u0131stan v\u0259 Almaniya komandalar\u0131 yenid\u0259n qar\u015f\u0131la\u015fd\u0131lar. He\u00e7 kim macarlar\u0131n q\u0259l\u0259b\u0259sin\u0259 \u015f\u00fcbh\u0259 etmirdi. Son d\u00fcnya \u00e7empionat\u0131n\u0131n q\u0131z\u0131l v\u0259 g\u00fcm\u00fc\u015f m\u00fckafat\u00e7\u0131lar\u0131n\u0131 (Uruqvay v\u0259 Braziliya) m\u0259\u011flub ed\u0259n macarlar\u0131n qrupda 5 top f\u0259rqi il\u0259 darmada\u011f\u0131n etdikl\u0259ri almanlara uduza bilm\u0259zdil\u0259r.\n<\/p>\n<p>\n  \u00dcst\u0259lik, son iki q\u0259l\u0259b\u0259 komandan\u0131n kapitan\u0131 Pu\u015fka\u015f olmadan qazan\u0131lm\u0131\u015fd\u0131 (o almanlarla qrup oyununda z\u0259d\u0259l\u0259nmi\u015fdi). Final oyununda is\u0259 Pu\u015fka\u015f oyanayacaqd\u0131. Art\u0131q ham\u0131 macarlar\u0131 \u00e7empion hesab edirdi, \u0259n pisi is\u0259 o idi ki, onlar \u00f6zl\u0259ri d\u0259 buna \u0259min idil\u0259r. Macar\u0131stan h\u00f6kum\u0259ti q\u0259l\u0259b\u0259nin \u015f\u0259r\u0259fin\u0259 po\u00e7t markas\u0131 bel\u0259 \u00e7ap etmi\u015fdi.\n<\/p>\n<figure class=\"wp-block-image size-large\">\n  <img decoding=\"async\" src=\"https:\/\/www.meydan.tv\/az\/109294\/\" alt=\"\" class=\"wp-image-109294\"\/><figcaption><\/figcaption><\/figure>\n<p>\n  ***\n<\/p>\n<p>\n  Final oyununun \u0259vv\u0259li b\u00fct\u00fcn d\u00fcnyan\u0131n \u0259minliyini daha da m\u00f6hk\u0259ml\u0259tdi. Pu\u015fka\u015f 6-c\u0131 d\u0259qiq\u0259d\u0259 hesab\u0131 a\u00e7d\u0131, \u00c7ibor is\u0259 8-ci d\u0259qiq\u0259d\u0259 f\u0259rqi iki topa \u00e7atd\u0131rd\u0131. Bundan sonra ba\u015f ver\u0259nl\u0259r is\u0259 Hollivud d\u00f6y\u00fc\u015f filml\u0259rind\u0259ki ssenarini xat\u0131rlad\u0131rd\u0131 &#8211; m\u00fcsb\u0259t q\u0259hr\u0259man d\u00f6y\u00fc\u015f\u00fcn \u0259vv\u0259lini uduzur, he\u00e7 n\u0259 al\u0131nm\u0131r, lakin yava\u015f-yava\u015f \u00f6z\u00fcn\u0259 g\u0259lir, m\u00fcqavim\u0259ti daha k\u0259s\u0259rli olur, n\u0259hay\u0259t, sonda qalib g\u0259lir.\n<\/p>\n<p>\n  Almaniya millisinin h\u00fccum\u00e7usu Morlok 10-cu d\u0259qiq\u0259d\u0259 hesab aras\u0131ndak\u0131 f\u0259rqi azaltd\u0131 &#8211; 1:2. Lakin \u00e7\u0259tin ki, almanlardan savay\u0131 kims\u0259 bu qolu ciddiy\u0259 ald\u0131. Qrup m\u0259rh\u0259l\u0259sind\u0259ki oyunda almanlar bel\u0259 qoldan \u00fc\u00e7\u00fcn\u00fc vurmu\u015fdular, lakin macarlar\u0131n da\u011f\u0131d\u0131c\u0131 h\u00fccumlar\u0131n\u0131n qar\u015f\u0131s\u0131n\u0131 ala bilm\u0259y\u0259r\u0259k 8 qol buraxm\u0131\u015fd\u0131lar. H\u0259tta Helmut Ran 18-ci d\u0259qiq\u0259d\u0259 hesab\u0131 b\u0259rab\u0259rl\u0259\u015fdir\u0259nd\u0259 d\u0259 bunu m\u00fcv\u0259qq\u0259ti anla\u015f\u0131lmazl\u0131q kimi qiym\u0259tl\u0259ndirdil\u0259r.\n<\/p>\n<p>\n  Macarlar bu g\u00f6zl\u0259ntil\u0259ri do\u011fruldurmu\u015flar kimi almanlar\u0131n qap\u0131s\u0131 a\u011fz\u0131nda dalbadal qol v\u0259ziyy\u0259tl\u0259ri yaratd\u0131lar. F\u0259rql\u0259nm\u0259y\u0259 \u0259n yax\u0131n is\u0259 Hideqkuti oldu. Lakin onun 24-c\u00fc d\u0259qiq\u0259d\u0259 yax\u0131n m\u0259saf\u0259d\u0259n z\u0259rb\u0259sini qap\u0131\u00e7\u0131 Turek inan\u0131lmaz \u015f\u0259kild\u0259 d\u0259f etdi. Bir ne\u00e7\u0259 d\u0259qiq\u0259 sonra 15 metrd\u0259n vurdu\u011fu z\u0259rb\u0259 is\u0259 qap\u0131 dir\u0259yin\u0259 d\u0259ydi. Yaln\u0131z birinci hiss\u0259 he\u00e7-he\u00e7\u0259 ba\u015fa \u00e7atanda tama\u015fa\u00e7\u0131lar\u0131n ki\u00e7ik bir hiss\u0259si macarlar\u0131n da h\u0259r \u015fey\u0259 qadir olmad\u0131qlar\u0131n\u0131 d\u00fc\u015f\u00fcn\u0259 bil\u0259rdil\u0259r.\n<\/p>\n<p>\n  \u0130kinci hiss\u0259 ba\u015flayan kimi macarlar yen\u0259 ir\u0259li at\u0131ld\u0131lar. Pu\u015fka\u015f\u0131n \u0259lveri\u015fli v\u0259ziyy\u0259td\u0259n z\u0259rb\u0259si d\u00fcz qap\u0131\u00e7\u0131n\u0131n \u00fcst\u00fcn\u0259 g\u0259ldi. Mixay Totun qap\u0131\u00e7\u0131n\u0131 da aldadaraq vurdu\u011fu topu bo\u015f qap\u0131dan Verner Kolmayer \u00e7xard\u0131. Macarlar\u0131n a\u011flag\u0259lm\u0259z h\u00fccum ustal\u0131\u011f\u0131 alman qap\u0131\u00e7\u0131 Turekin v\u0259 \u00fcmumilikd\u0259 arxa x\u0259ttin daha a\u011flag\u0259lm\u0259z f\u0259dakarl\u0131\u011f\u0131na dal\u011fa kimi \u00e7\u0131rp\u0131laraq geri qay\u0131d\u0131rd\u0131.\n<\/p>\n<p>\n  \u018fvv\u0259lki d\u00f6rd oyunda 11 qol vuran Ko\u00e7i\u015f 57-ci d\u0259qiq\u0259d\u0259 yen\u0259 d\u0259 ba\u015fla f\u0259rql\u0259nm\u0259k imkan\u0131 qazand\u0131. Lakin &#8220;Avropada \u00c7\u00f6r\u00e7illd\u0259n sonra \u0259n yax\u015f\u0131 ba\u015f\u0131n sahibi&#8221;nin z\u0259rb\u0259sind\u0259n sonra top tir\u0259 tu\u015f g\u0259ldi. Almaniya ikinci hiss\u0259d\u0259 c\u0259mi bir diqq\u0259t\u0259layiq h\u00fccum t\u0259\u015fkil ed\u0259 bildi, o da qolla n\u0259tic\u0259l\u0259ndi. 84-c\u00fc d\u0259qiq\u0259d\u0259 hava \u00f6t\u00fcrm\u0259sind\u0259n sonra macar m\u00fcdafi\u0259\u00e7il\u0259rinin qaytard\u0131\u011f\u0131 topu \u0259l\u0259 ke\u00e7ir\u0259n Ran a\u015fa\u011f\u0131 k\u00fcnc\u0259 qar\u015f\u0131s\u0131al\u0131nmaz z\u0259rb\u0259 endirdi.\n<\/p>\n<p>\n  Macar\u0131stan futbol\u00e7ular\u0131 yen\u0259 ir\u0259li at\u0131ld\u0131lar. Pu\u015fka\u015f\u0131n vurdu\u011fu qol offsayd s\u0259b\u0259bind\u0259n hesaba al\u0131nmad\u0131. \u00c7iborun son d\u0259qiq\u0259l\u0259rd\u0259 yax\u0131n k\u00fcnc\u0259 vurdu\u011fu topu is\u0259 yen\u0259 d\u0259 Turek heyr\u0259tamiz reaksiya il\u0259 qaytard\u0131. Final fiti c\u0259mi iki saat \u00f6nc\u0259 kims\u0259nin inanmayaca\u011f\u0131 fakt\u0131 r\u0259smil\u0259\u015fdirdi &#8211; Almaniya 3:2 hesab\u0131 il\u0259 qalib g\u0259l\u0259r\u0259k ilk d\u0259f\u0259 d\u00fcnya \u00e7empionu titulunu qazand\u0131.\n<\/p>\n<p>\n  ***\n<\/p>\n<p>\n  Vankdorf stadionundak\u0131 90 d\u0259qiq\u0259 Almaniyan\u0131 v\u0259 almanlar\u0131 d\u0259yi\u015fdi. Nasist hakimiyy\u0259tinin t\u00f6r\u0259tdiyi cinay\u0259tl\u0259rinin g\u00fcnahlar\u0131n\u0131 \u00f6z \u00fcz\u0259rind\u0259 hiss ed\u0259n, getdikc\u0259 ki\u00e7il\u0259n, \u00f6z\u00fcn\u00fc qam\u00e7\u0131layan bir toplum bu q\u0259l\u0259b\u0259 il\u0259 q\u0259fl\u0259t\u0259n dir\u00e7\u0259ldi. Bern m\u00f6c\u00fcz\u0259sinin almanlar\u0131n sonrak\u0131 tarixin\u0259 t\u0259siri bar\u0259d\u0259 Almaniyada minl\u0259rl\u0259 m\u0259qal\u0259l\u0259r yaz\u0131l\u0131b.\n<\/p>\n<p>\n  Bern final\u0131nda alman komandas\u0131n\u0131n t\u0259rkibind\u0259 \u0259n g\u0259nc oyun\u00e7u, haz\u0131rda o hey\u0259tin yegan\u0259 sa\u011f qalan \u00fczv\u00fc Horst Ekkel yaz\u0131r: &#8220;Biz h\u0259qiq\u0259t\u0259n d\u0259 n\u0259 t\u00f6r\u0259tdiyimizi, bunun mill\u0259t \u00fc\u00e7\u00fcn n\u0259 q\u0259d\u0259r vacib oldu\u011funu v\u0259 Almaniyaya qay\u0131dark\u0259n bizi n\u0259 g\u00f6zl\u0259diyini bilmirdik. Biz bunu yaln\u0131z s\u0259rh\u0259di ke\u00e7\u0259n kimi anlad\u0131q&#8221;.\n<\/p>\n<p>\n  Almaniya komandas\u0131n\u0131 aparan qatar \u00f6lk\u0259 \u0259razisin\u0259 girdikd\u0259n sonra h\u0259r ki\u00e7ikli-b\u00f6y\u00fckl\u00fc ya\u015fay\u0131\u015f m\u0259nt\u0259q\u0259sind\u0259 insanlar t\u0259r\u0259find\u0259n saxlan\u0131l\u0131rd\u0131. Almanlar futbol\u00e7ulara t\u0259\u015f\u0259kk\u00fcrl\u0259rini bildirm\u0259k \u00fc\u00e7\u00fcn yolu k\u0259sirdil\u0259r. Qatar \u0259slind\u0259 s\u00fcr\u00fcn\u00fcrd\u00fc. N\u0259hay\u0259t, M\u00fcnhend\u0259 futbol\u00e7ular\u0131 y\u00fczminl\u0259rd\u0259n ibar\u0259t insan seli qar\u015f\u0131lad\u0131.\n<\/p>\n<p>\n  20 il sonra Almaniya komandas\u0131n\u0131 kapitan kimi ikinci z\u0259f\u0259r\u0259 da\u015f\u0131yan Frants Bekkenbauer bu q\u0259l\u0259b\u0259 haqq\u0131nda yaz\u0131rd\u0131: &#8220;M\u00fcharib\u0259d\u0259n sonrak\u0131 s\u0259fal\u0259t i\u00e7ind\u0259 b\u00f6y\u00fcy\u0259n h\u0259r k\u0259s \u00fc\u00e7\u00fcn Bern inan\u0131lmaz ilham m\u0259nb\u0259yi oldu. B\u00fct\u00fcn \u00f6lk\u0259 anid\u0259n \u00f6z\u00fcn\u0259 inam\u0131 geri qaytard\u0131&#8221;. AFR 1949-cu ild\u0259 yaranm\u0131\u015fd\u0131. Lakin tarix\u00e7i \u0130oahim Fest hesab edirdi ki, Bern final\u0131 g\u00fcn\u00fc &#8220;\u00f6lk\u0259nin h\u0259qiqi yaran\u0131\u015f g\u00fcn\u00fc&#8221; idi. Politoloq Artur Haynrix d\u0259 eyni fikri s\u00f6yl\u0259yirdi. Bern m\u00f6c\u00fcz\u0259si almanlar\u0131n sonrak\u0131 m\u00f6c\u00fcz\u0259l\u0259rinin ba\u015flan\u011f\u0131c\u0131 oldu.\n<\/p>\n<p>\n  ***\n<\/p>\n<p>\n  Macar\u0131stan is\u0259 n\u00f6vb\u0259ti d\u00fcnya \u00e7empionat\u0131nda revan\u015f \u00fcmidil\u0259 ya\u015fay\u0131rd\u0131. Onlar yenid\u0259n q\u0259l\u0259b\u0259l\u0259ri s\u0131ralayaraq 18 m\u0259\u011flubiyy\u0259tsiz oyun ke\u00e7irdil\u0259r. Lakin 1956-c\u0131 ild\u0259 ba\u015f ver\u0259n antikommunist \u00fcsyan\u0131n sovet ordusu t\u0259r\u0259find\u0259n yat\u0131r\u0131lmas\u0131ndan sonra \u0130spaniyada s\u0259f\u0259rd\u0259 olan komandan\u0131n b\u0259zi \u00f6n\u0259mli oyun\u00e7ular\u0131 &#8211; Pu\u015fka\u015f, \u00c7ibor, Ko\u00e7i\u015f v\u0259t\u0259n\u0259 qay\u0131tmaqdan imtina etdi. Q\u0131z\u0131l komanda da\u011f\u0131ld\u0131 v\u0259 1958-ci il \u00e7empionat\u0131nda qrup m\u0259rh\u0259l\u0259sini bel\u0259 adlamad\u0131. Bundan sonra macar futbolu bir d\u0259 he\u00e7 vaxt \u0259vv\u0259lki q\u00fcdr\u0259tini b\u0259rpa ed\u0259 bilm\u0259di.<\/p>\n","protected":false},"excerpt":{"rendered":"<p>Qad\u0131nlar\u0131n minillik m\u00fcbariz\u0259si v\u0259 onun parlaq n\u0259tic\u0259l\u0259ri insanl\u0131\u011f\u0131n t\u0259nt\u0259n\u0259sidir.<\/p>\n","protected":false},"author":11,"featured_media":109288,"comment_status":"closed","ping_status":"open","sticky":false,"template":"","format":"standard","meta":{"_acf_changed":false,"_sitemap_exclude":false,"_sitemap_priority":"","_sitemap_frequency":"","footnotes":""},"categories":[57],"tags":[],"class_list":["post-191592","post","type-post","status-publish","format-standard","has-post-thumbnail","hentry","category-menim-fikrimce","infinite-scroll-item","generate-columns","tablet-grid-50","mobile-grid-100","grid-parent","grid-33","no-featured-image-padding"],"acf":[],"yoast_head":"<!-- This site is optimized with the Yoast SEO plugin v27.4 - https:\/\/yoast.com\/product\/yoast-seo-wordpress\/ -->\n<title>Bern m\u00f6c\u00fcz\u0259si - MEYDAN.TV<\/title>\n<meta name=\"robots\" content=\"index, follow, max-snippet:-1, max-image-preview:large, max-video-preview:-1\" \/>\n<link rel=\"canonical\" href=\"https:\/\/www.meydan.tv\/az\/article\/bern-mocuzesi\/\" \/>\n<meta property=\"og:locale\" content=\"az_AZ\" \/>\n<meta property=\"og:type\" content=\"article\" \/>\n<meta property=\"og:title\" content=\"Bern m\u00f6c\u00fcz\u0259si - MEYDAN.TV\" \/>\n<meta property=\"og:description\" content=\"Qad\u0131nlar\u0131n minillik m\u00fcbariz\u0259si v\u0259 onun parlaq n\u0259tic\u0259l\u0259ri insanl\u0131\u011f\u0131n t\u0259nt\u0259n\u0259sidir.\" \/>\n<meta property=\"og:url\" content=\"https:\/\/www.meydan.tv\/az\/article\/bern-mocuzesi\/\" \/>\n<meta property=\"og:site_name\" content=\"MEYDAN.TV\" \/>\n<meta property=\"article:published_time\" content=\"2018-09-09T17:06:22+00:00\" \/>\n<meta property=\"og:image\" content=\"https:\/\/www.meydan.tv\/wp-content\/uploads\/43453.jpg\" \/>\n\t<meta property=\"og:image:width\" content=\"1024\" \/>\n\t<meta property=\"og:image:height\" content=\"806\" \/>\n\t<meta property=\"og:image:type\" content=\"image\/jpeg\" \/>\n<meta name=\"author\" content=\"user-manager\" \/>\n<meta name=\"twitter:card\" content=\"summary_large_image\" \/>\n<script type=\"application\/ld+json\" class=\"yoast-schema-graph\">{\"@context\":\"https:\\\/\\\/schema.org\",\"@graph\":[{\"@type\":\"Article\",\"@id\":\"https:\\\/\\\/www.meydan.tv\\\/az\\\/article\\\/bern-mocuzesi\\\/#article\",\"isPartOf\":{\"@id\":\"https:\\\/\\\/www.meydan.tv\\\/az\\\/article\\\/bern-mocuzesi\\\/\"},\"author\":{\"name\":\"user-manager\",\"@id\":\"https:\\\/\\\/www.meydan.tv\\\/az\\\/#\\\/schema\\\/person\\\/10d11eccf6da3662cf5fdab9806ea91a\"},\"headline\":\"Bern m\u00f6c\u00fcz\u0259si\",\"datePublished\":\"2018-09-09T17:06:22+00:00\",\"mainEntityOfPage\":{\"@id\":\"https:\\\/\\\/www.meydan.tv\\\/az\\\/article\\\/bern-mocuzesi\\\/\"},\"wordCount\":3169,\"publisher\":{\"@id\":\"https:\\\/\\\/www.meydan.tv\\\/az\\\/#organization\"},\"image\":{\"@id\":\"https:\\\/\\\/www.meydan.tv\\\/az\\\/article\\\/bern-mocuzesi\\\/#primaryimage\"},\"thumbnailUrl\":\"https:\\\/\\\/www.meydan.tv\\\/wp-content\\\/uploads\\\/43453.jpg\",\"articleSection\":[\"M\u0259nim Fikrimc\u0259\"],\"inLanguage\":\"az\"},{\"@type\":\"WebPage\",\"@id\":\"https:\\\/\\\/www.meydan.tv\\\/az\\\/article\\\/bern-mocuzesi\\\/\",\"url\":\"https:\\\/\\\/www.meydan.tv\\\/az\\\/article\\\/bern-mocuzesi\\\/\",\"name\":\"Bern m\u00f6c\u00fcz\u0259si - MEYDAN.TV\",\"isPartOf\":{\"@id\":\"https:\\\/\\\/www.meydan.tv\\\/az\\\/#website\"},\"primaryImageOfPage\":{\"@id\":\"https:\\\/\\\/www.meydan.tv\\\/az\\\/article\\\/bern-mocuzesi\\\/#primaryimage\"},\"image\":{\"@id\":\"https:\\\/\\\/www.meydan.tv\\\/az\\\/article\\\/bern-mocuzesi\\\/#primaryimage\"},\"thumbnailUrl\":\"https:\\\/\\\/www.meydan.tv\\\/wp-content\\\/uploads\\\/43453.jpg\",\"datePublished\":\"2018-09-09T17:06:22+00:00\",\"breadcrumb\":{\"@id\":\"https:\\\/\\\/www.meydan.tv\\\/az\\\/article\\\/bern-mocuzesi\\\/#breadcrumb\"},\"inLanguage\":\"az\",\"potentialAction\":[{\"@type\":\"ReadAction\",\"target\":[\"https:\\\/\\\/www.meydan.tv\\\/az\\\/article\\\/bern-mocuzesi\\\/\"]}]},{\"@type\":\"ImageObject\",\"inLanguage\":\"az\",\"@id\":\"https:\\\/\\\/www.meydan.tv\\\/az\\\/article\\\/bern-mocuzesi\\\/#primaryimage\",\"url\":\"https:\\\/\\\/www.meydan.tv\\\/wp-content\\\/uploads\\\/43453.jpg\",\"contentUrl\":\"https:\\\/\\\/www.meydan.tv\\\/wp-content\\\/uploads\\\/43453.jpg\",\"width\":1024,\"height\":806,\"caption\":\"Source:\"},{\"@type\":\"BreadcrumbList\",\"@id\":\"https:\\\/\\\/www.meydan.tv\\\/az\\\/article\\\/bern-mocuzesi\\\/#breadcrumb\",\"itemListElement\":[{\"@type\":\"ListItem\",\"position\":1,\"name\":\"Ana s\u0259hif\u0259\",\"item\":\"https:\\\/\\\/www.meydan.tv\\\/az\\\/\"},{\"@type\":\"ListItem\",\"position\":2,\"name\":\"M\u0259nim Fikrimc\u0259\",\"item\":\"https:\\\/\\\/www.meydan.tv\\\/az\\\/section\\\/menim-fikrimce\\\/\"},{\"@type\":\"ListItem\",\"position\":3,\"name\":\"Bern m\u00f6c\u00fcz\u0259si\"}]},{\"@type\":\"WebSite\",\"@id\":\"https:\\\/\\\/www.meydan.tv\\\/az\\\/#website\",\"url\":\"https:\\\/\\\/www.meydan.tv\\\/az\\\/\",\"name\":\"MEYDAN.TV\",\"description\":\"Meydan TV Az\u0259rbaycan\u0131n media m\u0259kan\u0131ndak\u0131 alternativ s\u0259sidir\",\"publisher\":{\"@id\":\"https:\\\/\\\/www.meydan.tv\\\/az\\\/#organization\"},\"potentialAction\":[{\"@type\":\"SearchAction\",\"target\":{\"@type\":\"EntryPoint\",\"urlTemplate\":\"https:\\\/\\\/www.meydan.tv\\\/az\\\/?s={search_term_string}\"},\"query-input\":{\"@type\":\"PropertyValueSpecification\",\"valueRequired\":true,\"valueName\":\"search_term_string\"}}],\"inLanguage\":\"az\"},{\"@type\":\"Organization\",\"@id\":\"https:\\\/\\\/www.meydan.tv\\\/az\\\/#organization\",\"name\":\"Meydan TV\",\"url\":\"https:\\\/\\\/www.meydan.tv\\\/az\\\/\",\"logo\":{\"@type\":\"ImageObject\",\"inLanguage\":\"az\",\"@id\":\"https:\\\/\\\/www.meydan.tv\\\/az\\\/#\\\/schema\\\/logo\\\/image\\\/\",\"url\":\"https:\\\/\\\/www.meydan.tv\\\/wp-content\\\/uploads\\\/2021\\\/07\\\/meydan-logo.svg\",\"contentUrl\":\"https:\\\/\\\/www.meydan.tv\\\/wp-content\\\/uploads\\\/2021\\\/07\\\/meydan-logo.svg\",\"width\":195,\"height\":46,\"caption\":\"Meydan TV\"},\"image\":{\"@id\":\"https:\\\/\\\/www.meydan.tv\\\/az\\\/#\\\/schema\\\/logo\\\/image\\\/\"}},{\"@type\":\"Person\",\"@id\":\"https:\\\/\\\/www.meydan.tv\\\/az\\\/#\\\/schema\\\/person\\\/10d11eccf6da3662cf5fdab9806ea91a\",\"name\":\"user-manager\"}]}<\/script>\n<!-- \/ Yoast SEO plugin. -->","yoast_head_json":{"title":"Bern m\u00f6c\u00fcz\u0259si - MEYDAN.TV","robots":{"index":"index","follow":"follow","max-snippet":"max-snippet:-1","max-image-preview":"max-image-preview:large","max-video-preview":"max-video-preview:-1"},"canonical":"https:\/\/www.meydan.tv\/az\/article\/bern-mocuzesi\/","og_locale":"az_AZ","og_type":"article","og_title":"Bern m\u00f6c\u00fcz\u0259si - MEYDAN.TV","og_description":"Qad\u0131nlar\u0131n minillik m\u00fcbariz\u0259si v\u0259 onun parlaq n\u0259tic\u0259l\u0259ri insanl\u0131\u011f\u0131n t\u0259nt\u0259n\u0259sidir.","og_url":"https:\/\/www.meydan.tv\/az\/article\/bern-mocuzesi\/","og_site_name":"MEYDAN.TV","article_published_time":"2018-09-09T17:06:22+00:00","og_image":[{"width":1024,"height":806,"url":"https:\/\/www.meydan.tv\/wp-content\/uploads\/43453.jpg","type":"image\/jpeg"}],"author":"user-manager","twitter_card":"summary_large_image","schema":{"@context":"https:\/\/schema.org","@graph":[{"@type":"Article","@id":"https:\/\/www.meydan.tv\/az\/article\/bern-mocuzesi\/#article","isPartOf":{"@id":"https:\/\/www.meydan.tv\/az\/article\/bern-mocuzesi\/"},"author":{"name":"user-manager","@id":"https:\/\/www.meydan.tv\/az\/#\/schema\/person\/10d11eccf6da3662cf5fdab9806ea91a"},"headline":"Bern m\u00f6c\u00fcz\u0259si","datePublished":"2018-09-09T17:06:22+00:00","mainEntityOfPage":{"@id":"https:\/\/www.meydan.tv\/az\/article\/bern-mocuzesi\/"},"wordCount":3169,"publisher":{"@id":"https:\/\/www.meydan.tv\/az\/#organization"},"image":{"@id":"https:\/\/www.meydan.tv\/az\/article\/bern-mocuzesi\/#primaryimage"},"thumbnailUrl":"https:\/\/www.meydan.tv\/wp-content\/uploads\/43453.jpg","articleSection":["M\u0259nim Fikrimc\u0259"],"inLanguage":"az"},{"@type":"WebPage","@id":"https:\/\/www.meydan.tv\/az\/article\/bern-mocuzesi\/","url":"https:\/\/www.meydan.tv\/az\/article\/bern-mocuzesi\/","name":"Bern m\u00f6c\u00fcz\u0259si - MEYDAN.TV","isPartOf":{"@id":"https:\/\/www.meydan.tv\/az\/#website"},"primaryImageOfPage":{"@id":"https:\/\/www.meydan.tv\/az\/article\/bern-mocuzesi\/#primaryimage"},"image":{"@id":"https:\/\/www.meydan.tv\/az\/article\/bern-mocuzesi\/#primaryimage"},"thumbnailUrl":"https:\/\/www.meydan.tv\/wp-content\/uploads\/43453.jpg","datePublished":"2018-09-09T17:06:22+00:00","breadcrumb":{"@id":"https:\/\/www.meydan.tv\/az\/article\/bern-mocuzesi\/#breadcrumb"},"inLanguage":"az","potentialAction":[{"@type":"ReadAction","target":["https:\/\/www.meydan.tv\/az\/article\/bern-mocuzesi\/"]}]},{"@type":"ImageObject","inLanguage":"az","@id":"https:\/\/www.meydan.tv\/az\/article\/bern-mocuzesi\/#primaryimage","url":"https:\/\/www.meydan.tv\/wp-content\/uploads\/43453.jpg","contentUrl":"https:\/\/www.meydan.tv\/wp-content\/uploads\/43453.jpg","width":1024,"height":806,"caption":"Source:"},{"@type":"BreadcrumbList","@id":"https:\/\/www.meydan.tv\/az\/article\/bern-mocuzesi\/#breadcrumb","itemListElement":[{"@type":"ListItem","position":1,"name":"Ana s\u0259hif\u0259","item":"https:\/\/www.meydan.tv\/az\/"},{"@type":"ListItem","position":2,"name":"M\u0259nim Fikrimc\u0259","item":"https:\/\/www.meydan.tv\/az\/section\/menim-fikrimce\/"},{"@type":"ListItem","position":3,"name":"Bern m\u00f6c\u00fcz\u0259si"}]},{"@type":"WebSite","@id":"https:\/\/www.meydan.tv\/az\/#website","url":"https:\/\/www.meydan.tv\/az\/","name":"MEYDAN.TV","description":"Meydan TV Az\u0259rbaycan\u0131n media m\u0259kan\u0131ndak\u0131 alternativ s\u0259sidir","publisher":{"@id":"https:\/\/www.meydan.tv\/az\/#organization"},"potentialAction":[{"@type":"SearchAction","target":{"@type":"EntryPoint","urlTemplate":"https:\/\/www.meydan.tv\/az\/?s={search_term_string}"},"query-input":{"@type":"PropertyValueSpecification","valueRequired":true,"valueName":"search_term_string"}}],"inLanguage":"az"},{"@type":"Organization","@id":"https:\/\/www.meydan.tv\/az\/#organization","name":"Meydan TV","url":"https:\/\/www.meydan.tv\/az\/","logo":{"@type":"ImageObject","inLanguage":"az","@id":"https:\/\/www.meydan.tv\/az\/#\/schema\/logo\/image\/","url":"https:\/\/www.meydan.tv\/wp-content\/uploads\/2021\/07\/meydan-logo.svg","contentUrl":"https:\/\/www.meydan.tv\/wp-content\/uploads\/2021\/07\/meydan-logo.svg","width":195,"height":46,"caption":"Meydan TV"},"image":{"@id":"https:\/\/www.meydan.tv\/az\/#\/schema\/logo\/image\/"}},{"@type":"Person","@id":"https:\/\/www.meydan.tv\/az\/#\/schema\/person\/10d11eccf6da3662cf5fdab9806ea91a","name":"user-manager"}]}},"_links":{"self":[{"href":"https:\/\/www.meydan.tv\/az\/wp-json\/wp\/v2\/posts\/191592","targetHints":{"allow":["GET"]}}],"collection":[{"href":"https:\/\/www.meydan.tv\/az\/wp-json\/wp\/v2\/posts"}],"about":[{"href":"https:\/\/www.meydan.tv\/az\/wp-json\/wp\/v2\/types\/post"}],"author":[{"embeddable":true,"href":"https:\/\/www.meydan.tv\/az\/wp-json\/wp\/v2\/users\/11"}],"replies":[{"embeddable":true,"href":"https:\/\/www.meydan.tv\/az\/wp-json\/wp\/v2\/comments?post=191592"}],"version-history":[{"count":0,"href":"https:\/\/www.meydan.tv\/az\/wp-json\/wp\/v2\/posts\/191592\/revisions"}],"wp:featuredmedia":[{"embeddable":true,"href":"https:\/\/www.meydan.tv\/az\/wp-json\/wp\/v2\/media\/109288"}],"wp:attachment":[{"href":"https:\/\/www.meydan.tv\/az\/wp-json\/wp\/v2\/media?parent=191592"}],"wp:term":[{"taxonomy":"category","embeddable":true,"href":"https:\/\/www.meydan.tv\/az\/wp-json\/wp\/v2\/categories?post=191592"},{"taxonomy":"post_tag","embeddable":true,"href":"https:\/\/www.meydan.tv\/az\/wp-json\/wp\/v2\/tags?post=191592"}],"curies":[{"name":"wp","href":"https:\/\/api.w.org\/{rel}","templated":true}]}}