{"id":191584,"date":"2018-09-08T13:30:51","date_gmt":"2018-09-08T13:30:51","guid":{"rendered":"https:\/\/www.meydan.tv\/article\/basa-dusen-anlayis-daslari\/"},"modified":"2018-09-08T13:30:51","modified_gmt":"2018-09-08T13:30:51","slug":"basa-dusen-anlayis-daslari","status":"publish","type":"post","link":"https:\/\/www.meydan.tv\/az\/article\/basa-dusen-anlayis-daslari\/","title":{"rendered":"Ba\u015fa d\u00fc\u015f\u0259n \u201canlay\u0131\u015f\u201d da\u015flar\u0131"},"content":{"rendered":"<figure class=\"wp-block-image size-large\">\n  <img decoding=\"async\" src=\"https:\/\/www.meydan.tv\/az\/109198\/\" alt=\"\" class=\"wp-image-109198\"\/><figcaption><\/figcaption><\/figure>\n<p>\n  B\u0259z\u0259n n\u0259 q\u0259d\u0259r dil t\u00f6ks\u0259k d\u0259, yax\u015f\u0131 nitq s\u0259rgil\u0259s\u0259k d\u0259, h\u0259r c\u00fcr s\u00fcbutu g\u00f6z \u00f6n\u00fcn\u0259 g\u0259tirs\u0259k d\u0259, adamlar dedikl\u0259rimizi n\u0259 anlamaq ist\u0259yir, n\u0259 d\u0259 s\u00fcbutlar\u0131 g\u00f6rm\u0259zd\u0259n g\u0259lirl\u0259r. Ox\u015far v\u0259ziyy\u0259tl\u0259rd\u0259 biz \u00f6z\u00fcm\u00fczd\u0259n \u00e7\u0131x\u0131r, \u0259s\u0259bil\u0259\u015firik.\n<\/p>\n<p>\n  \u018fslind\u0259 h\u0259r \u015fey \u00e7ox b\u0259sitdir &#8211; onlar sad\u0259c\u0259 bizi anlamaq ist\u0259mirl\u0259r. Ax\u0131 anlama\u011fa ba\u015flasalar, h\u0259ll yolunu tapmal\u0131 olacaq v\u0259 d\u0259yi\u015f\u0259c\u0259kl\u0259r. Bu da onlar\u0131n h\u0259min m\u00f6vzu il\u0259 ba\u011fl\u0131 \u00f6z\u00fcn\u00fc pis hiss etm\u0259sin\u0259 g\u0259tirib \u00e7\u0131xaracaq. Bel\u0259 anlay\u0131\u015f onlar\u0131n m\u00fcnasib\u0259td\u0259 g\u00f6st\u0259rdiyi m\u00f6vqe d\u0259yi\u015fikliyi v\u0259 h\u0259mi\u015f\u0259 qoruma\u011fa \u00e7al\u0131\u015fd\u0131qlar\u0131 d\u00fc\u015f\u00fcnc\u0259nin \u00f6zl\u0259ri t\u0259r\u0259find\u0259n t\u0259hrifi il\u0259 n\u0259tic\u0259l\u0259n\u0259c\u0259k. Bu \u015feyl\u0259r anlay\u0131\u015f g\u00f6st\u0259rm\u0259y\u0259n adamlar\u0131n proqnozlar\u0131 v\u0259 arqumentl\u0259ridir.\n<\/p>\n<p>\n  D\u00fczd\u00fcr, anlay\u0131\u015f \u00f6z\u00fcnd\u0259 m\u00fc\u0259yy\u0259n \u00e7\u0259tinlikl\u0259ri ehtiva edir. Uzun m\u00fcdd\u0259td\u0259n sonra anlad\u0131\u011f\u0131n\u0131 g\u00f6st\u0259r\u0259n \u015f\u0259xs palaz\u0131n alt\u0131na y\u0131\u011f\u0131lm\u0131\u015f probleml\u0259rl\u0259 qar\u015f\u0131la\u015fmal\u0131 olur. Bu faktd\u0131r ki, anlay\u0131\u015f g\u00f6st\u0259r\u0259rk\u0259n biz bir \u00e7ox \u00e7\u0259tinlikl\u0259 \u00fczl\u0259\u015firik. T\u0259bii ki, ham\u0131 da bu c\u00fcr hallarla qar\u015f\u0131la\u015fma g\u00fcc\u00fcnd\u0259 deyil. \u00c7ox adam da bel\u0259 v\u0259ziyy\u0259t\u0259 haz\u0131r olmad\u0131\u011f\u0131 v\u0259 h\u0259min \u00fczl\u0259\u015fm\u0259ni m\u0259ntiqli hesab etm\u0259diyi \u00fc\u00e7\u00fcn ba\u015fa d\u00fc\u015fm\u0259k, anlamaq ist\u0259mir.\n<\/p>\n<p>\n  Bir xo\u015fag\u0259lm\u0259z m\u0259qam da var ki, h\u0259min q\u0259bild\u0259n olan adamlar \u0259ks\u0259r \u015feyl\u0259ri s\u0259hv anlama\u011fa \u00e7ox meyillidil\u0259r. El\u0259l\u0259ri sanki qaraq\u0259lblilikd\u0259 v\u0259 pis niyy\u0259tli olmaqda bir-biri il\u0259 yar\u0131\u015fa girirl\u0259r. Onlar\u0131n d\u00fczg\u00fcn, obyektiv anlay\u0131\u015fla ba\u011fl\u0131 mexanizmi s\u0131n\u0131q-salxa\u011f v\u0259ziyy\u0259td\u0259dir. T\u0259mir\u0259 d\u0259 he\u00e7 ehtiyac duymurlar. Bu hal onlara s\u0259rf edir.\n<\/p>\n<p>\n  El\u0259 olur ki, kiminl\u0259s\u0259 dan\u0131\u015f\u0131q vaxt\u0131 onun fikiri il\u0259 raz\u0131la\u015fmad\u0131\u011f\u0131m\u0131 qeyd edir\u0259m. H\u0259min adam da qay\u0131d\u0131b deyir ki, \u201cdey\u0259s\u0259n fikirimi ba\u015fa sala bilmir\u0259m?!\u201d\n<\/p>\n<p>\n  M\u0259n d\u0259 onun s\u00f6zl\u0259rini yenid\u0259n t\u0259krar\u0259n dan\u0131\u015f\u0131b, \u201cbunu dem\u0259k ist\u0259mi\u015fdin, h\u0259?\u201d &#8211; dey\u0259 soru\u015furam. O da t\u0259sdiql\u0259yir ki, \u201ch\u0259\u201d!\u00a0 H\u0259min \u015f\u0259xs\u0259 sonda bunu deyir\u0259m: \u201cS\u0259ni anlay\u0131ram, ancaq o fikirini haql\u0131 saym\u0131ram!\u201d\n<\/p>\n<p>\n  \u00dcmumiyy\u0259tl\u0259, anlay\u0131\u015f qavram\u0131, kimis\u0259 anlamaq z\u0259hm\u0259t t\u0259l\u0259b ed\u0259n n\u0259sn\u0259dir. \u00c7\u00fcnki g\u0259r\u0259k s\u0259mimi olasan, qar\u015f\u0131ndak\u0131n\u0131 diqq\u0259tl\u0259 dinl\u0259y\u0259s\u0259n, enerji verib, \u0259m\u0259k s\u0259rf ed\u0259s\u0259n. Burada inc\u0259 m\u0259qam var. Bir \u00e7oxu d\u00fc\u015f\u00fcn\u00fcr ki, \u0259g\u0259r qar\u015f\u0131mdak\u0131n\u0131 anlama\u011fa \u00e7al\u0131\u015fsam, onun d\u00fc\u015f\u00fcnc\u0259l\u0259rinin d\u0259 do\u011fru oldu\u011funu t\u0259sdiql\u0259m\u0259li olaca\u011fam. Halbuki, bu bel\u0259 deyil. Anlamaq ayr\u0131 \u015feydir, onlar\u0131 t\u0259sdiql\u0259m\u0259k ayr\u0131. M\u0259hz bu yanl\u0131\u015f qavray\u0131\u015fa g\u00f6r\u0259 d\u0259 adamlar bil\u0259r\u0259kd\u0259n anlay\u0131\u015fs\u0131z olma\u011f\u0131 se\u00e7irl\u0259r.\n<\/p>\n<p>\n  Anlama\u011f\u0131n, kimis\u0259 ba\u015fa d\u00fc\u015fm\u0259yin yolu dinl\u0259m\u0259kd\u0259n ke\u00e7ir. Bu, el\u0259-bel\u0259 yalandan ba\u015f\u0131n\u0131 yuxar\u0131-a\u015fa\u011f\u0131 yell\u0259y\u0259r\u0259k qulaq as\u0131rm\u0131\u015f kimi passiv dinl\u0259m\u0259k t\u0259rzi deyil, yox. G\u0259r\u0259k fikirini qar\u015f\u0131ndak\u0131n\u0131n \u00e7atd\u0131rmaq ist\u0259diyi fikir\u0259 c\u0259ml\u0259y\u0259s\u0259n. Ancaq bel\u0259 olan halda onun verm\u0259k ist\u0259diyi mesaj\u0131 anlamaq m\u00fcmk\u00fcnd\u00fcr.\n<\/p>\n<p>\n  \u018fks\u0259r adamlar anlama\u011fa deyil, h\u0259ms\u00f6hb\u0259tinin dan\u0131\u015fd\u0131qlar\u0131n\u0131n i\u00e7ind\u0259 \u00f6z\u00fcn\u00fc haql\u0131, qar\u015f\u0131s\u0131ndak\u0131n\u0131n is\u0259 istifad\u0259 etdiyi c\u00fcml\u0259l\u0259rd\u0259 onu haqs\u0131z \u00e7\u0131xaracaq s\u00fcbutlara fokuslanma\u011fa \u00e7al\u0131\u015f\u0131r. Buna \u0259n \u00e7ox m\u00fcnasib\u0259td\u0259 olan c\u00fctl\u00fckl\u0259rin &#8221;haql\u0131 olmaq&#8221; \u00e7\u0259ki\u015fm\u0259l\u0259rind\u0259 daha \u00e7ox rast g\u0259linir.\n<\/p>\n<p>\n  Bu hallar\u0131n aradan qalxmas\u0131 \u00fc\u00e7\u00fcn \u0259vv\u0259lc\u0259 g\u0259r\u0259k s\u0259brli olasan. \u00c7\u00fcnki \u00fcst\u00fcn\u0259 getdikc\u0259 v\u0259ziyy\u0259t daha da \u00e7\u0259tinl\u0259\u015f\u0259 bil\u0259r. H\u0259min yax\u0131n\u0131m\u0131z\u0131n bizi anlamas\u0131n\u0131n ona n\u0259 \u00fc\u00e7\u00fcn \u00e7\u0259tin oldu\u011funu tapma\u011fa \u00e7al\u0131\u015fmaq m\u0259qs\u0259d\u0259uy\u011fundur. \u018fg\u0259r s\u0259mimi s\u00f6hb\u0259t al\u0131nacaqsa, ona a\u00e7\u0131q suallar verm\u0259k olar: &#8220;M\u0259ni anlamaq \u00f6z\u00fcn\u00fc \u0259skik, d\u0259y\u0259rsiz, yoxsa m\u0259suliyy\u0259tli olma\u011f\u0131na g\u0259tirib \u00e7\u0131xaracaq?&#8221;\n<\/p>\n<p>\n  Bel\u0259c\u0259 onun bizi nec\u0259 anlad\u0131\u011f\u0131n\u0131 ba\u015fa d\u00fc\u015f\u0259 bil\u0259rik.\n<\/p>\n<p>\n  Anton \u00c7exov deyirdi ki, t\u0259rbiy\u0259li adamlar he\u00e7 vaxt &#8220;m\u0259ni ba\u015fa d\u00fc\u015fm\u00fcrl\u0259r&#8221; k\u0259lm\u0259sini i\u015fl\u0259tmirl\u0259r. \u00c7exov bu c\u00fcml\u0259ni \u00e7ox haql\u0131 \u015f\u0259kild\u0259 i\u015fl\u0259dib. \u00d6zl\u0259rini anlamayan adamlar, ba\u015fqalar\u0131n\u0131n onlar\u0131 anlamas\u0131n\u0131 ist\u0259yirl\u0259r. Bu c\u00fcr s\u00f6zl\u0259ri is\u0259 \u0259n \u00e7ox da el\u0259 aciz adamlar i\u015fl\u0259dir.\n<\/p>\n<p>\n  B\u00fct\u00fcn hallarda is\u0259 anla\u015f\u0131lmaq \u00e7ox g\u00f6z\u0259l hissdir. Bu hal insanlar\u0131 bir-birin\u0259 yax\u0131nla\u015fd\u0131r\u0131r.\u00a0 Adamlar onlar\u0131 ba\u015fa d\u00fc\u015f\u0259nl\u0259ri daha \u00e7ox axtar\u0131r v\u0259 el\u0259l\u0259rini daha c\u0259lbedici say\u0131rlar. Bir s\u00f6zl\u0259, xo\u015f \u0259laq\u0259l\u0259r v\u0259 u\u011furlu m\u00fcnasib\u0259tl\u0259r \u00fc\u00e7\u00fcn anlay\u0131\u015fl\u0131 olmaq \u0259sas v\u0259zif\u0259l\u0259rd\u0259n biridir.<\/p>\n","protected":false},"excerpt":{"rendered":"<p>Qad\u0131nlar\u0131n minillik m\u00fcbariz\u0259si v\u0259 onun parlaq n\u0259tic\u0259l\u0259ri insanl\u0131\u011f\u0131n t\u0259nt\u0259n\u0259sidir.<\/p>\n","protected":false},"author":11,"featured_media":109198,"comment_status":"closed","ping_status":"open","sticky":false,"template":"","format":"standard","meta":{"_acf_changed":false,"_sitemap_exclude":false,"_sitemap_priority":"","_sitemap_frequency":"","footnotes":""},"categories":[57],"tags":[],"class_list":["post-191584","post","type-post","status-publish","format-standard","has-post-thumbnail","hentry","category-menim-fikrimce","infinite-scroll-item","generate-columns","tablet-grid-50","mobile-grid-100","grid-parent","grid-33","no-featured-image-padding"],"acf":[],"yoast_head":"<!-- This site is optimized with the Yoast SEO plugin v27.4 - https:\/\/yoast.com\/product\/yoast-seo-wordpress\/ -->\n<title>Ba\u015fa d\u00fc\u015f\u0259n \u201canlay\u0131\u015f\u201d da\u015flar\u0131 - MEYDAN.TV<\/title>\n<meta name=\"robots\" content=\"index, follow, max-snippet:-1, max-image-preview:large, max-video-preview:-1\" \/>\n<link rel=\"canonical\" href=\"https:\/\/www.meydan.tv\/az\/article\/basa-dusen-anlayis-daslari\/\" \/>\n<meta property=\"og:locale\" content=\"az_AZ\" \/>\n<meta property=\"og:type\" content=\"article\" \/>\n<meta property=\"og:title\" content=\"Ba\u015fa d\u00fc\u015f\u0259n \u201canlay\u0131\u015f\u201d da\u015flar\u0131 - MEYDAN.TV\" \/>\n<meta property=\"og:description\" content=\"Qad\u0131nlar\u0131n minillik m\u00fcbariz\u0259si v\u0259 onun parlaq n\u0259tic\u0259l\u0259ri insanl\u0131\u011f\u0131n t\u0259nt\u0259n\u0259sidir.\" \/>\n<meta property=\"og:url\" content=\"https:\/\/www.meydan.tv\/az\/article\/basa-dusen-anlayis-daslari\/\" \/>\n<meta property=\"og:site_name\" content=\"MEYDAN.TV\" \/>\n<meta property=\"article:published_time\" content=\"2018-09-08T13:30:51+00:00\" \/>\n<meta property=\"og:image\" content=\"https:\/\/www.meydan.tv\/wp-content\/uploads\/43448.png\" \/>\n\t<meta property=\"og:image:width\" content=\"1200\" \/>\n\t<meta property=\"og:image:height\" content=\"627\" \/>\n\t<meta property=\"og:image:type\" content=\"image\/png\" \/>\n<meta name=\"author\" content=\"user-manager\" \/>\n<meta name=\"twitter:card\" content=\"summary_large_image\" \/>\n<script type=\"application\/ld+json\" class=\"yoast-schema-graph\">{\"@context\":\"https:\\\/\\\/schema.org\",\"@graph\":[{\"@type\":\"Article\",\"@id\":\"https:\\\/\\\/www.meydan.tv\\\/az\\\/article\\\/basa-dusen-anlayis-daslari\\\/#article\",\"isPartOf\":{\"@id\":\"https:\\\/\\\/www.meydan.tv\\\/az\\\/article\\\/basa-dusen-anlayis-daslari\\\/\"},\"author\":{\"name\":\"user-manager\",\"@id\":\"https:\\\/\\\/www.meydan.tv\\\/az\\\/#\\\/schema\\\/person\\\/10d11eccf6da3662cf5fdab9806ea91a\"},\"headline\":\"Ba\u015fa d\u00fc\u015f\u0259n \u201canlay\u0131\u015f\u201d da\u015flar\u0131\",\"datePublished\":\"2018-09-08T13:30:51+00:00\",\"mainEntityOfPage\":{\"@id\":\"https:\\\/\\\/www.meydan.tv\\\/az\\\/article\\\/basa-dusen-anlayis-daslari\\\/\"},\"wordCount\":921,\"publisher\":{\"@id\":\"https:\\\/\\\/www.meydan.tv\\\/az\\\/#organization\"},\"image\":{\"@id\":\"https:\\\/\\\/www.meydan.tv\\\/az\\\/article\\\/basa-dusen-anlayis-daslari\\\/#primaryimage\"},\"thumbnailUrl\":\"https:\\\/\\\/www.meydan.tv\\\/wp-content\\\/uploads\\\/43448.png\",\"articleSection\":[\"M\u0259nim Fikrimc\u0259\"],\"inLanguage\":\"az\"},{\"@type\":\"WebPage\",\"@id\":\"https:\\\/\\\/www.meydan.tv\\\/az\\\/article\\\/basa-dusen-anlayis-daslari\\\/\",\"url\":\"https:\\\/\\\/www.meydan.tv\\\/az\\\/article\\\/basa-dusen-anlayis-daslari\\\/\",\"name\":\"Ba\u015fa d\u00fc\u015f\u0259n \u201canlay\u0131\u015f\u201d da\u015flar\u0131 - MEYDAN.TV\",\"isPartOf\":{\"@id\":\"https:\\\/\\\/www.meydan.tv\\\/az\\\/#website\"},\"primaryImageOfPage\":{\"@id\":\"https:\\\/\\\/www.meydan.tv\\\/az\\\/article\\\/basa-dusen-anlayis-daslari\\\/#primaryimage\"},\"image\":{\"@id\":\"https:\\\/\\\/www.meydan.tv\\\/az\\\/article\\\/basa-dusen-anlayis-daslari\\\/#primaryimage\"},\"thumbnailUrl\":\"https:\\\/\\\/www.meydan.tv\\\/wp-content\\\/uploads\\\/43448.png\",\"datePublished\":\"2018-09-08T13:30:51+00:00\",\"breadcrumb\":{\"@id\":\"https:\\\/\\\/www.meydan.tv\\\/az\\\/article\\\/basa-dusen-anlayis-daslari\\\/#breadcrumb\"},\"inLanguage\":\"az\",\"potentialAction\":[{\"@type\":\"ReadAction\",\"target\":[\"https:\\\/\\\/www.meydan.tv\\\/az\\\/article\\\/basa-dusen-anlayis-daslari\\\/\"]}]},{\"@type\":\"ImageObject\",\"inLanguage\":\"az\",\"@id\":\"https:\\\/\\\/www.meydan.tv\\\/az\\\/article\\\/basa-dusen-anlayis-daslari\\\/#primaryimage\",\"url\":\"https:\\\/\\\/www.meydan.tv\\\/wp-content\\\/uploads\\\/43448.png\",\"contentUrl\":\"https:\\\/\\\/www.meydan.tv\\\/wp-content\\\/uploads\\\/43448.png\",\"width\":1200,\"height\":627,\"caption\":\"Source:\"},{\"@type\":\"BreadcrumbList\",\"@id\":\"https:\\\/\\\/www.meydan.tv\\\/az\\\/article\\\/basa-dusen-anlayis-daslari\\\/#breadcrumb\",\"itemListElement\":[{\"@type\":\"ListItem\",\"position\":1,\"name\":\"Ana s\u0259hif\u0259\",\"item\":\"https:\\\/\\\/www.meydan.tv\\\/az\\\/\"},{\"@type\":\"ListItem\",\"position\":2,\"name\":\"M\u0259nim Fikrimc\u0259\",\"item\":\"https:\\\/\\\/www.meydan.tv\\\/az\\\/section\\\/menim-fikrimce\\\/\"},{\"@type\":\"ListItem\",\"position\":3,\"name\":\"Ba\u015fa d\u00fc\u015f\u0259n \u201canlay\u0131\u015f\u201d da\u015flar\u0131\"}]},{\"@type\":\"WebSite\",\"@id\":\"https:\\\/\\\/www.meydan.tv\\\/az\\\/#website\",\"url\":\"https:\\\/\\\/www.meydan.tv\\\/az\\\/\",\"name\":\"MEYDAN.TV\",\"description\":\"Meydan TV Az\u0259rbaycan\u0131n media m\u0259kan\u0131ndak\u0131 alternativ s\u0259sidir\",\"publisher\":{\"@id\":\"https:\\\/\\\/www.meydan.tv\\\/az\\\/#organization\"},\"potentialAction\":[{\"@type\":\"SearchAction\",\"target\":{\"@type\":\"EntryPoint\",\"urlTemplate\":\"https:\\\/\\\/www.meydan.tv\\\/az\\\/?s={search_term_string}\"},\"query-input\":{\"@type\":\"PropertyValueSpecification\",\"valueRequired\":true,\"valueName\":\"search_term_string\"}}],\"inLanguage\":\"az\"},{\"@type\":\"Organization\",\"@id\":\"https:\\\/\\\/www.meydan.tv\\\/az\\\/#organization\",\"name\":\"Meydan TV\",\"url\":\"https:\\\/\\\/www.meydan.tv\\\/az\\\/\",\"logo\":{\"@type\":\"ImageObject\",\"inLanguage\":\"az\",\"@id\":\"https:\\\/\\\/www.meydan.tv\\\/az\\\/#\\\/schema\\\/logo\\\/image\\\/\",\"url\":\"https:\\\/\\\/www.meydan.tv\\\/wp-content\\\/uploads\\\/2021\\\/07\\\/meydan-logo.svg\",\"contentUrl\":\"https:\\\/\\\/www.meydan.tv\\\/wp-content\\\/uploads\\\/2021\\\/07\\\/meydan-logo.svg\",\"width\":195,\"height\":46,\"caption\":\"Meydan TV\"},\"image\":{\"@id\":\"https:\\\/\\\/www.meydan.tv\\\/az\\\/#\\\/schema\\\/logo\\\/image\\\/\"}},{\"@type\":\"Person\",\"@id\":\"https:\\\/\\\/www.meydan.tv\\\/az\\\/#\\\/schema\\\/person\\\/10d11eccf6da3662cf5fdab9806ea91a\",\"name\":\"user-manager\"}]}<\/script>\n<!-- \/ Yoast SEO plugin. -->","yoast_head_json":{"title":"Ba\u015fa d\u00fc\u015f\u0259n \u201canlay\u0131\u015f\u201d da\u015flar\u0131 - MEYDAN.TV","robots":{"index":"index","follow":"follow","max-snippet":"max-snippet:-1","max-image-preview":"max-image-preview:large","max-video-preview":"max-video-preview:-1"},"canonical":"https:\/\/www.meydan.tv\/az\/article\/basa-dusen-anlayis-daslari\/","og_locale":"az_AZ","og_type":"article","og_title":"Ba\u015fa d\u00fc\u015f\u0259n \u201canlay\u0131\u015f\u201d da\u015flar\u0131 - MEYDAN.TV","og_description":"Qad\u0131nlar\u0131n minillik m\u00fcbariz\u0259si v\u0259 onun parlaq n\u0259tic\u0259l\u0259ri insanl\u0131\u011f\u0131n t\u0259nt\u0259n\u0259sidir.","og_url":"https:\/\/www.meydan.tv\/az\/article\/basa-dusen-anlayis-daslari\/","og_site_name":"MEYDAN.TV","article_published_time":"2018-09-08T13:30:51+00:00","og_image":[{"width":1200,"height":627,"url":"https:\/\/www.meydan.tv\/wp-content\/uploads\/43448.png","type":"image\/png"}],"author":"user-manager","twitter_card":"summary_large_image","schema":{"@context":"https:\/\/schema.org","@graph":[{"@type":"Article","@id":"https:\/\/www.meydan.tv\/az\/article\/basa-dusen-anlayis-daslari\/#article","isPartOf":{"@id":"https:\/\/www.meydan.tv\/az\/article\/basa-dusen-anlayis-daslari\/"},"author":{"name":"user-manager","@id":"https:\/\/www.meydan.tv\/az\/#\/schema\/person\/10d11eccf6da3662cf5fdab9806ea91a"},"headline":"Ba\u015fa d\u00fc\u015f\u0259n \u201canlay\u0131\u015f\u201d da\u015flar\u0131","datePublished":"2018-09-08T13:30:51+00:00","mainEntityOfPage":{"@id":"https:\/\/www.meydan.tv\/az\/article\/basa-dusen-anlayis-daslari\/"},"wordCount":921,"publisher":{"@id":"https:\/\/www.meydan.tv\/az\/#organization"},"image":{"@id":"https:\/\/www.meydan.tv\/az\/article\/basa-dusen-anlayis-daslari\/#primaryimage"},"thumbnailUrl":"https:\/\/www.meydan.tv\/wp-content\/uploads\/43448.png","articleSection":["M\u0259nim Fikrimc\u0259"],"inLanguage":"az"},{"@type":"WebPage","@id":"https:\/\/www.meydan.tv\/az\/article\/basa-dusen-anlayis-daslari\/","url":"https:\/\/www.meydan.tv\/az\/article\/basa-dusen-anlayis-daslari\/","name":"Ba\u015fa d\u00fc\u015f\u0259n \u201canlay\u0131\u015f\u201d da\u015flar\u0131 - MEYDAN.TV","isPartOf":{"@id":"https:\/\/www.meydan.tv\/az\/#website"},"primaryImageOfPage":{"@id":"https:\/\/www.meydan.tv\/az\/article\/basa-dusen-anlayis-daslari\/#primaryimage"},"image":{"@id":"https:\/\/www.meydan.tv\/az\/article\/basa-dusen-anlayis-daslari\/#primaryimage"},"thumbnailUrl":"https:\/\/www.meydan.tv\/wp-content\/uploads\/43448.png","datePublished":"2018-09-08T13:30:51+00:00","breadcrumb":{"@id":"https:\/\/www.meydan.tv\/az\/article\/basa-dusen-anlayis-daslari\/#breadcrumb"},"inLanguage":"az","potentialAction":[{"@type":"ReadAction","target":["https:\/\/www.meydan.tv\/az\/article\/basa-dusen-anlayis-daslari\/"]}]},{"@type":"ImageObject","inLanguage":"az","@id":"https:\/\/www.meydan.tv\/az\/article\/basa-dusen-anlayis-daslari\/#primaryimage","url":"https:\/\/www.meydan.tv\/wp-content\/uploads\/43448.png","contentUrl":"https:\/\/www.meydan.tv\/wp-content\/uploads\/43448.png","width":1200,"height":627,"caption":"Source:"},{"@type":"BreadcrumbList","@id":"https:\/\/www.meydan.tv\/az\/article\/basa-dusen-anlayis-daslari\/#breadcrumb","itemListElement":[{"@type":"ListItem","position":1,"name":"Ana s\u0259hif\u0259","item":"https:\/\/www.meydan.tv\/az\/"},{"@type":"ListItem","position":2,"name":"M\u0259nim Fikrimc\u0259","item":"https:\/\/www.meydan.tv\/az\/section\/menim-fikrimce\/"},{"@type":"ListItem","position":3,"name":"Ba\u015fa d\u00fc\u015f\u0259n \u201canlay\u0131\u015f\u201d da\u015flar\u0131"}]},{"@type":"WebSite","@id":"https:\/\/www.meydan.tv\/az\/#website","url":"https:\/\/www.meydan.tv\/az\/","name":"MEYDAN.TV","description":"Meydan TV Az\u0259rbaycan\u0131n media m\u0259kan\u0131ndak\u0131 alternativ s\u0259sidir","publisher":{"@id":"https:\/\/www.meydan.tv\/az\/#organization"},"potentialAction":[{"@type":"SearchAction","target":{"@type":"EntryPoint","urlTemplate":"https:\/\/www.meydan.tv\/az\/?s={search_term_string}"},"query-input":{"@type":"PropertyValueSpecification","valueRequired":true,"valueName":"search_term_string"}}],"inLanguage":"az"},{"@type":"Organization","@id":"https:\/\/www.meydan.tv\/az\/#organization","name":"Meydan TV","url":"https:\/\/www.meydan.tv\/az\/","logo":{"@type":"ImageObject","inLanguage":"az","@id":"https:\/\/www.meydan.tv\/az\/#\/schema\/logo\/image\/","url":"https:\/\/www.meydan.tv\/wp-content\/uploads\/2021\/07\/meydan-logo.svg","contentUrl":"https:\/\/www.meydan.tv\/wp-content\/uploads\/2021\/07\/meydan-logo.svg","width":195,"height":46,"caption":"Meydan TV"},"image":{"@id":"https:\/\/www.meydan.tv\/az\/#\/schema\/logo\/image\/"}},{"@type":"Person","@id":"https:\/\/www.meydan.tv\/az\/#\/schema\/person\/10d11eccf6da3662cf5fdab9806ea91a","name":"user-manager"}]}},"_links":{"self":[{"href":"https:\/\/www.meydan.tv\/az\/wp-json\/wp\/v2\/posts\/191584","targetHints":{"allow":["GET"]}}],"collection":[{"href":"https:\/\/www.meydan.tv\/az\/wp-json\/wp\/v2\/posts"}],"about":[{"href":"https:\/\/www.meydan.tv\/az\/wp-json\/wp\/v2\/types\/post"}],"author":[{"embeddable":true,"href":"https:\/\/www.meydan.tv\/az\/wp-json\/wp\/v2\/users\/11"}],"replies":[{"embeddable":true,"href":"https:\/\/www.meydan.tv\/az\/wp-json\/wp\/v2\/comments?post=191584"}],"version-history":[{"count":0,"href":"https:\/\/www.meydan.tv\/az\/wp-json\/wp\/v2\/posts\/191584\/revisions"}],"wp:featuredmedia":[{"embeddable":true,"href":"https:\/\/www.meydan.tv\/az\/wp-json\/wp\/v2\/media\/109198"}],"wp:attachment":[{"href":"https:\/\/www.meydan.tv\/az\/wp-json\/wp\/v2\/media?parent=191584"}],"wp:term":[{"taxonomy":"category","embeddable":true,"href":"https:\/\/www.meydan.tv\/az\/wp-json\/wp\/v2\/categories?post=191584"},{"taxonomy":"post_tag","embeddable":true,"href":"https:\/\/www.meydan.tv\/az\/wp-json\/wp\/v2\/tags?post=191584"}],"curies":[{"name":"wp","href":"https:\/\/api.w.org\/{rel}","templated":true}]}}