{"id":191552,"date":"2018-09-06T16:44:42","date_gmt":"2018-09-06T16:44:42","guid":{"rendered":"https:\/\/www.meydan.tv\/article\/minillik-zulm-4-gunde\/"},"modified":"2018-09-06T16:44:42","modified_gmt":"2018-09-06T16:44:42","slug":"minillik-zulm-4-gunde","status":"publish","type":"post","link":"https:\/\/www.meydan.tv\/az\/article\/minillik-zulm-4-gunde\/","title":{"rendered":"Minillik z\u00fclm 4 g\u00fcnd\u0259"},"content":{"rendered":"<figure class=\"wp-block-image size-large\">\n  <img decoding=\"async\" src=\"https:\/\/www.meydan.tv\/az\/109150\/\" alt=\"\" class=\"wp-image-109150\"\/><figcaption><\/figcaption><\/figure>\n<p>\n  D\u00f6rdc\u0259 g\u00fcn i\u015f vaxt\u0131 Atilla (14 ayl\u0131q o\u011flum) m\u0259nim ixtiyar\u0131mda oldu. Yolda\u015f\u0131m i\u015fl\u0259yir. Qohum, day\u0259 v\u0259 s. variantlar bu h\u0259ft\u0259 al\u0131nmad\u0131. \u00d6z\u00fcm baxas\u0131 oldum. Sakit d\u0259 u\u015faqd\u0131r. Multfilmin\u0259 bax\u0131r, yeyir, \u00f6z\u00fc \u00fc\u00e7\u00fcn oynay\u0131r, bu m\u00fcdd\u0259t \u0259rzind\u0259 2 d\u0259f\u0259 yat\u0131r, s\u00f6z deyirs\u0259n, ba\u015fa d\u00fc\u015f\u00fcr, n\u0259 is\u0259 ist\u0259y\u0259nd\u0259 ad\u0259t\u0259n \u0259vv\u0259lc\u0259 sakitc\u0259 ist\u0259yir, paltar as\u0131b el\u0259y\u0259nd\u0259 k\u00f6m\u0259k el\u0259yir v\u0259 s. Y\u0259ni bel\u0259 \u0259ziyy\u0259tli u\u015faq deyil.\n<\/p>\n<p>\n  Amma bu 4 g\u00fcnd\u0259 ciddi bir i\u015fl\u0259 m\u0259\u015f\u011ful ola bilm\u0259dim. H\u0259r an n\u0259zar\u0259t el\u0259m\u0259liy\u0259m dey\u0259, hans\u0131sa i\u015f\u0259 giri\u015f\u0259 bilmirdim. Tez-tez fikrim yay\u0131nmal\u0131 olurdu, \u00fcmumiyy\u0259tl\u0259, fikri toplamaq da olmur. Dinc\u0259lm\u0259k \u00fc\u00e7\u00fcn u\u015faq yatanda ya yatmal\u0131 olurdum, ya da x\u0131rda-para ev i\u015fl\u0259rind\u0259n g\u00f6rm\u0259li olurdum ki, u\u015faq duranda yen\u0259 m\u0259\u015f\u011ful ed\u0259c\u0259k m\u0259ni.\n<\/p>\n<p>\n  H\u0259ft\u0259nin tez bitm\u0259yini arzu ed\u0259-ed\u0259 ke\u00e7irdim bu 4 g\u00fcn\u00fc. Arzu ed\u0259rk\u0259n, fikirl\u0259\u015fdim ki, qad\u0131nlar \u0259srl\u0259r, yox e, min ill\u0259rdir bu i\u015fi g\u00f6r\u00fcrl\u0259r. Ki\u015fi gedir, i\u015fl\u0259yir, qad\u0131n evd\u0259 u\u015fa\u011fa bax\u0131r. Ciddi, a\u011f\u0131l, diqq\u0259t t\u0259l\u0259b ed\u0259n i\u015fl\u0259 m\u0259\u015f\u011ful ola bilmir. G\u00fcn\u00fc m\u0259i\u015f\u0259t qay\u011f\u0131lar\u0131 il\u0259 ba\u015flay\u0131b, el\u0259c\u0259 d\u0259 ba\u015fa \u00e7at\u0131r (H\u0259l\u0259 bunu el\u0259y\u0259-el\u0259y\u0259 i\u015fl\u0259y\u0259n qad\u0131nlar da var, o da bir ba\u015fqa z\u00fclmd\u00fcr).\n<\/p>\n<p>\n  C\u0259miyy\u0259t olaraq, s\u0259n qad\u0131na d\u00fc\u015f\u00fcnm\u0259y\u0259, ciddi i\u015f g\u00f6rm\u0259y\u0259, elml\u0259, m\u00fctali\u0259 il\u0259 m\u0259\u015f\u011ful olma\u011fa imkan verm\u0259, onu u\u015faq, ev &#8211; m\u0259i\u015f\u0259t qay\u011f\u0131lar\u0131 il\u0259 y\u00fckl\u0259, sonra da de ki, niy\u0259 qad\u0131n siyas\u0259t\u00e7i azd\u0131r, niy\u0259 qad\u0131n iqtisad\u00e7\u0131 azd\u0131r, niy\u0259 qad\u0131n milyon\u00e7u azd\u0131r, niy\u0259 qad\u0131n \u00e7ox dan\u0131\u015f\u0131r, niy\u0259 qad\u0131n q\u0131\u015fq\u0131r\u0131r, niy\u0259 qad\u0131n&#8230; niy\u0259 qad\u0131n&#8230; v\u0259 niy\u0259 qad\u0131n \u00e7\u0131x\u0131b gedir. M\u0259n 4 g\u00fcn zorla d\u00f6zd\u00fcm. Bir \u00f6m\u00fcr boyu buna d\u00f6zm\u0259k insan i\u015fi deyil. Bunu \u015f\u00fcursuz, yaln\u0131z instinktl\u0259 idar\u0259 olunan canl\u0131lar ed\u0259 bil\u0259r.\n<\/p>\n<p>\n  H\u0259m d\u0259 bu, t\u0259k bizim \u00f6lk\u0259nin problemi deyil. B\u00fct\u00fcn d\u00fcnya bu g\u00fcnd\u0259dir. Ona g\u00f6r\u0259 d\u0259 qad\u0131nlar\u0131n ictimai, siyasi, sosial h\u0259yatda i\u015ftirak\u0131 h\u0259tta gender b\u0259rab\u0259rliyi h\u00fcquqi c\u0259h\u0259td\u0259n t\u0259min olunmu\u015f \u00f6lk\u0259l\u0259rd\u0259 d\u0259 ki\u015fil\u0259rin i\u015ftirak\u0131ndan geri qal\u0131r. \u00c7\u00fcnki bu h\u0259yat t\u0259rzi min ill\u0259rdir, davam edir. \u00d6mr\u00fc boyu inki\u015faf ed\u0259 bilm\u0259y\u0259n, u\u015fa\u011f\u0131na, ail\u0259sin\u0259, evin\u0259 baxan qad\u0131n q\u0131zlar\u0131n\u0131 bel\u0259 \u00f6yr\u0259dir. O q\u0131zlar da bel\u0259 edirl\u0259r, onlar\u0131n da q\u0131zlar\u0131, onlar\u0131n da q\u0131zlar\u0131&#8230; V\u0259 bu, matriarxat da\u011f\u0131landan indiy\u0259 kimi bel\u0259 g\u0259lib, bel\u0259 gedir.\n<\/p>\n<p>\n  Bu minillik n\u0259h\u0259ng t\u0259zyiqin alt\u0131nda ir\u0259li ged\u0259n, inki\u015faf ed\u0259 bil\u0259n, elmd\u0259, siyas\u0259td\u0259 v\u0259 s. sah\u0259l\u0259rd\u0259 s\u00f6z\u00fcn\u00fc demi\u015f qad\u0131nlar olub, var. N\u0259 b\u00f6y\u00fck irad\u0259, n\u0259 b\u00f6y\u00fck u\u011fur&#8230; M\u0259n 4 g\u00fcn\u0259 1 s\u0259tir oxuya bilm\u0259dim. Adamlar \u00f6m\u00fcr boyu bu 4 g\u00fcnd\u0259n daha a\u011f\u0131r\u0131n\u0131 (\u00e7\u00fcnki qad\u0131nlar u\u015fa\u011fa ad\u0259t\u0259n 24 saat bax\u0131r, m\u0259nim kimi 8-9 saat yox) t\u0259krar-t\u0259krar ya\u015fayaraq, kitablar yaz\u0131blar, t\u0259\u015fkilatlar qurublar, atomu par\u00e7alay\u0131blar&#8230;\n<\/p>\n<p>\n  Bu, insan\u0131n mahiyy\u0259tidir &#8211; azadl\u0131\u011fa, inki\u015fafa can atmaq. Qad\u0131nlar\u0131n minillik m\u00fcbariz\u0259si v\u0259 onun parlaq n\u0259tic\u0259l\u0259ri insanl\u0131\u011f\u0131n t\u0259nt\u0259n\u0259sidir. \u0130nki\u015faf, \u0259dal\u0259t ist\u0259yiriks\u0259, m\u0259i\u015f\u0259t i\u015fl\u0259ri b\u00f6l\u00fcnm\u0259lidir, y\u00fck olmamal\u0131d\u0131r. Harari insan\u0131n sosialla\u015faraq, heyvanlar al\u0259mind\u0259n uzaqla\u015fmas\u0131n\u0131n \u0259sas s\u0259b\u0259bi kimi m\u0259hz u\u015faqlara qay\u011f\u0131n\u0131n s\u00fcr\u00fc t\u0259r\u0259find\u0259n g\u00f6r\u00fcl\u0259n ictimai i\u015f\u0259 \u00e7evrilm\u0259sini g\u00f6st\u0259rir. Bel\u0259 ki, ilk homolar ba\u015fqa heyvanlara nisb\u0259t\u0259n fiziki c\u0259h\u0259td\u0259n z\u0259if olduqlar\u0131na g\u00f6r\u0259, ba\u015f beyin inki\u015faf edib. N\u0259tic\u0259d\u0259 ba\u015f b\u00f6y\u00fcy\u00fcb. B\u00f6y\u00fck ba\u015fl\u0131 u\u015faqlar\u0131 do\u011fmaq \u00e7\u0259tinl\u0259\u015fib. Ona g\u00f6r\u0259 d\u0259 evrim (Yeri g\u0259lmi\u015fk\u0259n, t\u0259kam\u00fcl u\u011fursuz t\u0259rc\u00fcm\u0259dir. Evrim h\u0259mi\u015f\u0259 t\u0259kmill\u0259\u015fm\u0259y\u0259, m\u00fck\u0259mm\u0259lliy\u0259 aparm\u0131r) avtomatik \u00f6z i\u015fini g\u00f6r\u00fcb, erk\u0259n do\u011fumlar ba\u015f verib. \u0130nsan 9 ay yox, daha \u00e7ox hamil\u0259 qalmal\u0131 idi, amma bu zaman ba\u015f o q\u0259d\u0259r b\u00f6y\u00fck olurdu ki, do\u011fu\u015flar faci\u0259l\u0259r\u0259 \u00e7evrilirdi. N\u0259tic\u0259d\u0259 evrimin g\u00f6r\u00fcnm\u0259z \u0259li bu prosesi 9 ayda sabitl\u0259\u015fdirdi.\n<\/p>\n<p>\n  Amma 9 ayda do\u011fulan u\u015faq yar\u0131m\u00e7\u0131qd\u0131r ax\u0131. Ona baxmaq, qay\u011f\u0131 g\u00f6st\u0259rm\u0259k laz\u0131md\u0131r. Dig\u0259r heyvanlarda do\u011fum normal vaxt\u0131nda olur dey\u0259, 1 di\u015fi v\u0259 ya 1 ail\u0259, ya da x\u00fcsusi sosialla\u015fma olmadan bir koloniya, s\u00fcr\u00fc u\u015faqlara qay\u011f\u0131 g\u00f6st\u0259r\u0259 bilirl\u0259r v\u0259 onlar tezlikl\u0259 yetkin h\u0259yata at\u0131l\u0131rlar. \u0130nsan \u00f6vlad\u0131 is\u0259 bel\u0259 deyil. Ona n\u0259h\u0259ng qay\u011f\u0131, h\u0259m d\u0259 uzun ill\u0259r laz\u0131md\u0131r. N\u0259tic\u0259d\u0259 insan \u00f6vlad\u0131na insan s\u00fcr\u00fcs\u00fc b\u00fct\u00f6vl\u00fckd\u0259 baxma\u011fa ba\u015flay\u0131b. H\u0259r u\u015faqla b\u00fct\u00fcn s\u00fcr\u00fc m\u0259\u015f\u011ful olurdu. N\u0259tic\u0259d\u0259 bir-birinin u\u015faqlar\u0131n\u0131 v\u0259 onlara g\u00f6st\u0259ril\u0259n xidm\u0259ti q\u0131sqanan adamlar aras\u0131nda qeyb\u0259t yarand\u0131. Qeyb\u0259t art\u0131q heyvanlar al\u0259mind\u0259 yenilik idi. \u00c7\u00fcnki ilk d\u0259f\u0259 idi bir heyvan &#8211; homo g\u00f6rm\u0259diyi \u015fey haqq\u0131nda dan\u0131\u015f\u0131rd\u0131. Y\u0259ni oturub ba\u015f vermi\u015f v\u0259 ya ver\u0259c\u0259k hadis\u0259 haqq\u0131nda s\u00f6hb\u0259t edirdi. Bunu bizd\u0259n ba\u015fqa he\u00e7 bir heyvan ed\u0259 bilmir. Bu, sosialla\u015fma, institutla\u015fman\u0131n r\u00fc\u015feyml\u0259ri idi.\n<\/p>\n<p>\n  Y\u0259ni u\u015fa\u011fa baxmaq t\u0259k adam\u0131n i\u015fi deyil, o q\u0259d\u0259r \u00fcmumi i\u015fdir ki, bu \u00fcmumiliyin say\u0259sind\u0259 m\u00fcasir insan yaran\u0131b, heyvanlar al\u0259mind\u0259n uzaqla\u015f\u0131b. \u0130ndi bunu yaln\u0131z qad\u0131na y\u00fckl\u0259m\u0259k h\u0259m o qad\u0131n\u0131n h\u00fcququnu pozur, h\u0259m u\u015fa\u011f\u0131n inki\u015faf\u0131na ziyan vurur, h\u0259m d\u0259 n\u00f6v\u00fcm\u00fcz\u00fcn t\u0259bii inki\u015faf\u0131na t\u0259pik at\u0131r. Art\u0131q m\u00fcasir d\u00fcnyad\u0131r, a\u015fkar g\u00f6rm\u0259k olur ki, &#8220;qad\u0131n i\u015fi&#8221; dey\u0259 bir sah\u0259 yoxdur. Ki\u015fi i\u015fi ola bil\u0259r: \u0259lav\u0259 fiziki g\u00f6st\u0259rici t\u0259l\u0259b etdiyin\u0259 g\u00f6r\u0259, m\u00fcv\u0259qq\u0259ti olaraq, hans\u0131sa i\u015fi ki\u015fil\u0259r g\u00f6r\u0259 bil\u0259r (a\u011f\u0131r \u0259\u015fya qald\u0131rmaq kimi). Amma yaln\u0131z qad\u0131n\u0131n g\u00f6r\u0259c\u0259yi i\u015f yoxdur. U\u015fa\u011fa baxma\u011f\u0131n m\u00fc\u015f\u0259t\u0259r\u0259k olmas\u0131 is\u0259 z\u0259ruridir.<\/p>\n","protected":false},"excerpt":{"rendered":"<p>Qad\u0131nlar\u0131n minillik m\u00fcbariz\u0259si v\u0259 onun parlaq n\u0259tic\u0259l\u0259ri insanl\u0131\u011f\u0131n t\u0259nt\u0259n\u0259sidir.<\/p>\n","protected":false},"author":11,"featured_media":109150,"comment_status":"closed","ping_status":"open","sticky":false,"template":"","format":"standard","meta":{"_acf_changed":false,"_sitemap_exclude":false,"_sitemap_priority":"","_sitemap_frequency":"","footnotes":""},"categories":[57],"tags":[],"class_list":["post-191552","post","type-post","status-publish","format-standard","has-post-thumbnail","hentry","category-menim-fikrimce","infinite-scroll-item","generate-columns","tablet-grid-50","mobile-grid-100","grid-parent","grid-33","no-featured-image-padding"],"acf":[],"yoast_head":"<!-- This site is optimized with the Yoast SEO plugin v27.4 - https:\/\/yoast.com\/product\/yoast-seo-wordpress\/ -->\n<title>Minillik z\u00fclm 4 g\u00fcnd\u0259 - MEYDAN.TV<\/title>\n<meta name=\"robots\" content=\"index, follow, max-snippet:-1, max-image-preview:large, max-video-preview:-1\" \/>\n<link rel=\"canonical\" href=\"https:\/\/www.meydan.tv\/az\/article\/minillik-zulm-4-gunde\/\" \/>\n<meta property=\"og:locale\" content=\"az_AZ\" \/>\n<meta property=\"og:type\" content=\"article\" \/>\n<meta property=\"og:title\" content=\"Minillik z\u00fclm 4 g\u00fcnd\u0259 - MEYDAN.TV\" \/>\n<meta property=\"og:description\" content=\"Qad\u0131nlar\u0131n minillik m\u00fcbariz\u0259si v\u0259 onun parlaq n\u0259tic\u0259l\u0259ri insanl\u0131\u011f\u0131n t\u0259nt\u0259n\u0259sidir.\" \/>\n<meta property=\"og:url\" content=\"https:\/\/www.meydan.tv\/az\/article\/minillik-zulm-4-gunde\/\" \/>\n<meta property=\"og:site_name\" content=\"MEYDAN.TV\" \/>\n<meta property=\"article:published_time\" content=\"2018-09-06T16:44:42+00:00\" \/>\n<meta property=\"og:image\" content=\"https:\/\/www.meydan.tv\/wp-content\/uploads\/43412.jpg\" \/>\n\t<meta property=\"og:image:width\" content=\"1000\" \/>\n\t<meta property=\"og:image:height\" content=\"563\" \/>\n\t<meta property=\"og:image:type\" content=\"image\/jpeg\" \/>\n<meta name=\"author\" content=\"user-manager\" \/>\n<meta name=\"twitter:card\" content=\"summary_large_image\" \/>\n<script type=\"application\/ld+json\" class=\"yoast-schema-graph\">{\"@context\":\"https:\\\/\\\/schema.org\",\"@graph\":[{\"@type\":\"Article\",\"@id\":\"https:\\\/\\\/www.meydan.tv\\\/az\\\/article\\\/minillik-zulm-4-gunde\\\/#article\",\"isPartOf\":{\"@id\":\"https:\\\/\\\/www.meydan.tv\\\/az\\\/article\\\/minillik-zulm-4-gunde\\\/\"},\"author\":{\"name\":\"user-manager\",\"@id\":\"https:\\\/\\\/www.meydan.tv\\\/az\\\/#\\\/schema\\\/person\\\/10d11eccf6da3662cf5fdab9806ea91a\"},\"headline\":\"Minillik z\u00fclm 4 g\u00fcnd\u0259\",\"datePublished\":\"2018-09-06T16:44:42+00:00\",\"mainEntityOfPage\":{\"@id\":\"https:\\\/\\\/www.meydan.tv\\\/az\\\/article\\\/minillik-zulm-4-gunde\\\/\"},\"wordCount\":1229,\"publisher\":{\"@id\":\"https:\\\/\\\/www.meydan.tv\\\/az\\\/#organization\"},\"image\":{\"@id\":\"https:\\\/\\\/www.meydan.tv\\\/az\\\/article\\\/minillik-zulm-4-gunde\\\/#primaryimage\"},\"thumbnailUrl\":\"https:\\\/\\\/www.meydan.tv\\\/wp-content\\\/uploads\\\/43412.jpg\",\"articleSection\":[\"M\u0259nim Fikrimc\u0259\"],\"inLanguage\":\"az\"},{\"@type\":\"WebPage\",\"@id\":\"https:\\\/\\\/www.meydan.tv\\\/az\\\/article\\\/minillik-zulm-4-gunde\\\/\",\"url\":\"https:\\\/\\\/www.meydan.tv\\\/az\\\/article\\\/minillik-zulm-4-gunde\\\/\",\"name\":\"Minillik z\u00fclm 4 g\u00fcnd\u0259 - MEYDAN.TV\",\"isPartOf\":{\"@id\":\"https:\\\/\\\/www.meydan.tv\\\/az\\\/#website\"},\"primaryImageOfPage\":{\"@id\":\"https:\\\/\\\/www.meydan.tv\\\/az\\\/article\\\/minillik-zulm-4-gunde\\\/#primaryimage\"},\"image\":{\"@id\":\"https:\\\/\\\/www.meydan.tv\\\/az\\\/article\\\/minillik-zulm-4-gunde\\\/#primaryimage\"},\"thumbnailUrl\":\"https:\\\/\\\/www.meydan.tv\\\/wp-content\\\/uploads\\\/43412.jpg\",\"datePublished\":\"2018-09-06T16:44:42+00:00\",\"breadcrumb\":{\"@id\":\"https:\\\/\\\/www.meydan.tv\\\/az\\\/article\\\/minillik-zulm-4-gunde\\\/#breadcrumb\"},\"inLanguage\":\"az\",\"potentialAction\":[{\"@type\":\"ReadAction\",\"target\":[\"https:\\\/\\\/www.meydan.tv\\\/az\\\/article\\\/minillik-zulm-4-gunde\\\/\"]}]},{\"@type\":\"ImageObject\",\"inLanguage\":\"az\",\"@id\":\"https:\\\/\\\/www.meydan.tv\\\/az\\\/article\\\/minillik-zulm-4-gunde\\\/#primaryimage\",\"url\":\"https:\\\/\\\/www.meydan.tv\\\/wp-content\\\/uploads\\\/43412.jpg\",\"contentUrl\":\"https:\\\/\\\/www.meydan.tv\\\/wp-content\\\/uploads\\\/43412.jpg\",\"width\":1000,\"height\":563,\"caption\":\"Source:\"},{\"@type\":\"BreadcrumbList\",\"@id\":\"https:\\\/\\\/www.meydan.tv\\\/az\\\/article\\\/minillik-zulm-4-gunde\\\/#breadcrumb\",\"itemListElement\":[{\"@type\":\"ListItem\",\"position\":1,\"name\":\"Ana s\u0259hif\u0259\",\"item\":\"https:\\\/\\\/www.meydan.tv\\\/az\\\/\"},{\"@type\":\"ListItem\",\"position\":2,\"name\":\"M\u0259nim Fikrimc\u0259\",\"item\":\"https:\\\/\\\/www.meydan.tv\\\/az\\\/section\\\/menim-fikrimce\\\/\"},{\"@type\":\"ListItem\",\"position\":3,\"name\":\"Minillik z\u00fclm 4 g\u00fcnd\u0259\"}]},{\"@type\":\"WebSite\",\"@id\":\"https:\\\/\\\/www.meydan.tv\\\/az\\\/#website\",\"url\":\"https:\\\/\\\/www.meydan.tv\\\/az\\\/\",\"name\":\"MEYDAN.TV\",\"description\":\"Meydan TV Az\u0259rbaycan\u0131n media m\u0259kan\u0131ndak\u0131 alternativ s\u0259sidir\",\"publisher\":{\"@id\":\"https:\\\/\\\/www.meydan.tv\\\/az\\\/#organization\"},\"potentialAction\":[{\"@type\":\"SearchAction\",\"target\":{\"@type\":\"EntryPoint\",\"urlTemplate\":\"https:\\\/\\\/www.meydan.tv\\\/az\\\/?s={search_term_string}\"},\"query-input\":{\"@type\":\"PropertyValueSpecification\",\"valueRequired\":true,\"valueName\":\"search_term_string\"}}],\"inLanguage\":\"az\"},{\"@type\":\"Organization\",\"@id\":\"https:\\\/\\\/www.meydan.tv\\\/az\\\/#organization\",\"name\":\"Meydan TV\",\"url\":\"https:\\\/\\\/www.meydan.tv\\\/az\\\/\",\"logo\":{\"@type\":\"ImageObject\",\"inLanguage\":\"az\",\"@id\":\"https:\\\/\\\/www.meydan.tv\\\/az\\\/#\\\/schema\\\/logo\\\/image\\\/\",\"url\":\"https:\\\/\\\/www.meydan.tv\\\/wp-content\\\/uploads\\\/2021\\\/07\\\/meydan-logo.svg\",\"contentUrl\":\"https:\\\/\\\/www.meydan.tv\\\/wp-content\\\/uploads\\\/2021\\\/07\\\/meydan-logo.svg\",\"width\":195,\"height\":46,\"caption\":\"Meydan TV\"},\"image\":{\"@id\":\"https:\\\/\\\/www.meydan.tv\\\/az\\\/#\\\/schema\\\/logo\\\/image\\\/\"}},{\"@type\":\"Person\",\"@id\":\"https:\\\/\\\/www.meydan.tv\\\/az\\\/#\\\/schema\\\/person\\\/10d11eccf6da3662cf5fdab9806ea91a\",\"name\":\"user-manager\"}]}<\/script>\n<!-- \/ Yoast SEO plugin. -->","yoast_head_json":{"title":"Minillik z\u00fclm 4 g\u00fcnd\u0259 - MEYDAN.TV","robots":{"index":"index","follow":"follow","max-snippet":"max-snippet:-1","max-image-preview":"max-image-preview:large","max-video-preview":"max-video-preview:-1"},"canonical":"https:\/\/www.meydan.tv\/az\/article\/minillik-zulm-4-gunde\/","og_locale":"az_AZ","og_type":"article","og_title":"Minillik z\u00fclm 4 g\u00fcnd\u0259 - MEYDAN.TV","og_description":"Qad\u0131nlar\u0131n minillik m\u00fcbariz\u0259si v\u0259 onun parlaq n\u0259tic\u0259l\u0259ri insanl\u0131\u011f\u0131n t\u0259nt\u0259n\u0259sidir.","og_url":"https:\/\/www.meydan.tv\/az\/article\/minillik-zulm-4-gunde\/","og_site_name":"MEYDAN.TV","article_published_time":"2018-09-06T16:44:42+00:00","og_image":[{"width":1000,"height":563,"url":"https:\/\/www.meydan.tv\/wp-content\/uploads\/43412.jpg","type":"image\/jpeg"}],"author":"user-manager","twitter_card":"summary_large_image","schema":{"@context":"https:\/\/schema.org","@graph":[{"@type":"Article","@id":"https:\/\/www.meydan.tv\/az\/article\/minillik-zulm-4-gunde\/#article","isPartOf":{"@id":"https:\/\/www.meydan.tv\/az\/article\/minillik-zulm-4-gunde\/"},"author":{"name":"user-manager","@id":"https:\/\/www.meydan.tv\/az\/#\/schema\/person\/10d11eccf6da3662cf5fdab9806ea91a"},"headline":"Minillik z\u00fclm 4 g\u00fcnd\u0259","datePublished":"2018-09-06T16:44:42+00:00","mainEntityOfPage":{"@id":"https:\/\/www.meydan.tv\/az\/article\/minillik-zulm-4-gunde\/"},"wordCount":1229,"publisher":{"@id":"https:\/\/www.meydan.tv\/az\/#organization"},"image":{"@id":"https:\/\/www.meydan.tv\/az\/article\/minillik-zulm-4-gunde\/#primaryimage"},"thumbnailUrl":"https:\/\/www.meydan.tv\/wp-content\/uploads\/43412.jpg","articleSection":["M\u0259nim Fikrimc\u0259"],"inLanguage":"az"},{"@type":"WebPage","@id":"https:\/\/www.meydan.tv\/az\/article\/minillik-zulm-4-gunde\/","url":"https:\/\/www.meydan.tv\/az\/article\/minillik-zulm-4-gunde\/","name":"Minillik z\u00fclm 4 g\u00fcnd\u0259 - MEYDAN.TV","isPartOf":{"@id":"https:\/\/www.meydan.tv\/az\/#website"},"primaryImageOfPage":{"@id":"https:\/\/www.meydan.tv\/az\/article\/minillik-zulm-4-gunde\/#primaryimage"},"image":{"@id":"https:\/\/www.meydan.tv\/az\/article\/minillik-zulm-4-gunde\/#primaryimage"},"thumbnailUrl":"https:\/\/www.meydan.tv\/wp-content\/uploads\/43412.jpg","datePublished":"2018-09-06T16:44:42+00:00","breadcrumb":{"@id":"https:\/\/www.meydan.tv\/az\/article\/minillik-zulm-4-gunde\/#breadcrumb"},"inLanguage":"az","potentialAction":[{"@type":"ReadAction","target":["https:\/\/www.meydan.tv\/az\/article\/minillik-zulm-4-gunde\/"]}]},{"@type":"ImageObject","inLanguage":"az","@id":"https:\/\/www.meydan.tv\/az\/article\/minillik-zulm-4-gunde\/#primaryimage","url":"https:\/\/www.meydan.tv\/wp-content\/uploads\/43412.jpg","contentUrl":"https:\/\/www.meydan.tv\/wp-content\/uploads\/43412.jpg","width":1000,"height":563,"caption":"Source:"},{"@type":"BreadcrumbList","@id":"https:\/\/www.meydan.tv\/az\/article\/minillik-zulm-4-gunde\/#breadcrumb","itemListElement":[{"@type":"ListItem","position":1,"name":"Ana s\u0259hif\u0259","item":"https:\/\/www.meydan.tv\/az\/"},{"@type":"ListItem","position":2,"name":"M\u0259nim Fikrimc\u0259","item":"https:\/\/www.meydan.tv\/az\/section\/menim-fikrimce\/"},{"@type":"ListItem","position":3,"name":"Minillik z\u00fclm 4 g\u00fcnd\u0259"}]},{"@type":"WebSite","@id":"https:\/\/www.meydan.tv\/az\/#website","url":"https:\/\/www.meydan.tv\/az\/","name":"MEYDAN.TV","description":"Meydan TV Az\u0259rbaycan\u0131n media m\u0259kan\u0131ndak\u0131 alternativ s\u0259sidir","publisher":{"@id":"https:\/\/www.meydan.tv\/az\/#organization"},"potentialAction":[{"@type":"SearchAction","target":{"@type":"EntryPoint","urlTemplate":"https:\/\/www.meydan.tv\/az\/?s={search_term_string}"},"query-input":{"@type":"PropertyValueSpecification","valueRequired":true,"valueName":"search_term_string"}}],"inLanguage":"az"},{"@type":"Organization","@id":"https:\/\/www.meydan.tv\/az\/#organization","name":"Meydan TV","url":"https:\/\/www.meydan.tv\/az\/","logo":{"@type":"ImageObject","inLanguage":"az","@id":"https:\/\/www.meydan.tv\/az\/#\/schema\/logo\/image\/","url":"https:\/\/www.meydan.tv\/wp-content\/uploads\/2021\/07\/meydan-logo.svg","contentUrl":"https:\/\/www.meydan.tv\/wp-content\/uploads\/2021\/07\/meydan-logo.svg","width":195,"height":46,"caption":"Meydan TV"},"image":{"@id":"https:\/\/www.meydan.tv\/az\/#\/schema\/logo\/image\/"}},{"@type":"Person","@id":"https:\/\/www.meydan.tv\/az\/#\/schema\/person\/10d11eccf6da3662cf5fdab9806ea91a","name":"user-manager"}]}},"_links":{"self":[{"href":"https:\/\/www.meydan.tv\/az\/wp-json\/wp\/v2\/posts\/191552","targetHints":{"allow":["GET"]}}],"collection":[{"href":"https:\/\/www.meydan.tv\/az\/wp-json\/wp\/v2\/posts"}],"about":[{"href":"https:\/\/www.meydan.tv\/az\/wp-json\/wp\/v2\/types\/post"}],"author":[{"embeddable":true,"href":"https:\/\/www.meydan.tv\/az\/wp-json\/wp\/v2\/users\/11"}],"replies":[{"embeddable":true,"href":"https:\/\/www.meydan.tv\/az\/wp-json\/wp\/v2\/comments?post=191552"}],"version-history":[{"count":0,"href":"https:\/\/www.meydan.tv\/az\/wp-json\/wp\/v2\/posts\/191552\/revisions"}],"wp:featuredmedia":[{"embeddable":true,"href":"https:\/\/www.meydan.tv\/az\/wp-json\/wp\/v2\/media\/109150"}],"wp:attachment":[{"href":"https:\/\/www.meydan.tv\/az\/wp-json\/wp\/v2\/media?parent=191552"}],"wp:term":[{"taxonomy":"category","embeddable":true,"href":"https:\/\/www.meydan.tv\/az\/wp-json\/wp\/v2\/categories?post=191552"},{"taxonomy":"post_tag","embeddable":true,"href":"https:\/\/www.meydan.tv\/az\/wp-json\/wp\/v2\/tags?post=191552"}],"curies":[{"name":"wp","href":"https:\/\/api.w.org\/{rel}","templated":true}]}}